{"id":485728,"date":"2024-05-15T16:48:51","date_gmt":"2024-05-15T14:48:51","guid":{"rendered":"https:\/\/dicodusport.fr\/blog\/?p=485728&#038;preview=true&#038;preview_id=485728"},"modified":"2024-05-15T17:45:48","modified_gmt":"2024-05-15T15:45:48","slug":"tour-ditalie-2024-jonathan-milan-simpose-sur-la-11eme-etape","status":"publish","type":"post","link":"https:\/\/dicodusport.fr\/blog\/tour-ditalie-2024-jonathan-milan-simpose-sur-la-11eme-etape\/","title":{"rendered":"Tour d&rsquo;Italie 2024 : Jonathan Milan s&rsquo;impose sur la 11\u00e8me \u00e9tape"},"content":{"rendered":"<p style=\"text-align: justify;\"><strong><em>TOUR D&rsquo;ITALIE 2024 &#8211; Jonathan Milan (Lidl-Trek) a remport\u00e9 au sprint \u00e0 <span class=\"red\">Francavilla al Mare <\/span>la onzi\u00e8me \u00e9tape du Giro, mercredi<span class=\"arrivo-value\">. C&rsquo;est la deuxi\u00e8me victoire d&rsquo;\u00e9tape du sprinteur italien. Tadej Pogacar (UAE Team Emirates) garde les commandes du classement g\u00e9n\u00e9ral.\u00a0<\/span><\/em><\/strong><\/p>\n<ul style=\"text-align: justify;\">\n<li style=\"text-align: justify;\"><strong>\u00c0 ce sujet \u2013 <a href=\"https:\/\/dicodusport.fr\/blog\/tour-ditalie-2024-classement-11eme-etape-du-giro\/\">Tour d\u2019Italie 2024 &#8211; Classement 11\u00e8me \u00e9tape<\/a><\/strong><\/li>\n<\/ul>\n<p style=\"text-align: justify;\">Bless\u00e9 \u00e0 la main apr\u00e8s sa chute, <strong>Louis Barr\u00e9<\/strong> (Arkea-B&amp;B H\u00f4tels) n&rsquo;a pas pris le d\u00e9part tout comme <strong>Stefano Oldani<\/strong> (Cofidis) et le 5e du g\u00e9n\u00e9ral <strong>Cian Uijtdebroeks<\/strong> (Visma Lease a Bike) pour maladie. Puis, <strong>Edoardo Affini<\/strong> et <strong>Tim van Dijke<\/strong> (Visma Lease a Bike) et <strong>Thomas Champion<\/strong> (Cofidis) ont rapidement constitu\u00e9 l&rsquo;\u00e9chapp\u00e9e du jour. Leur avance est mont\u00e9e jusqu&rsquo;\u00e0 2 minutes 30 apr\u00e8s 50 kilom\u00e8tres de course.<\/p>\n<p style=\"text-align: justify;\">Ensuite, les \u00e9quipes Lidl-Trek, Team Jayco AlUla, Alpecin-Deceuninck et Soudal Quick-Step ont pris les commandes du peloton. <strong>Tim van Dijke<\/strong> (Visma Lease a Bike) a franchi en t\u00eate la seule difficult\u00e9 de la journ\u00e9e \u00e0 Pietracatella alors que le porteur du maillot bleu <strong>Simon Geschke<\/strong> (Cofidfis) a pris le dernier point avec la quatri\u00e8me place. Au sprint interm\u00e9diaire de Casacalenda, <strong>Thomas Champion<\/strong> (Cofidis) est pass\u00e9 en premi\u00e8re position. Le porteur du maillot cyclamen <strong>Jonathan Milan<\/strong> (Lidl-Trek) a marqu\u00e9 5 points devant <strong>Kaden Groves<\/strong> (Alpecin-Deceuninck), 4 pts.<\/p>\n<ul style=\"text-align: justify;\">\n<li style=\"text-align: justify;\"><strong>\u00c0 ce sujet \u2013\u00a0<a href=\"https:\/\/dicodusport.fr\/blog\/tour-ditalie-2024-classement-general-du-giro\/\">Tour d&rsquo;Italie 2024 &#8211; Classement g\u00e9n\u00e9ral<\/a>\u00a0<\/strong><\/li>\n<\/ul>\n<h2 style=\"text-align: justify;\">Les \u00e9chapp\u00e9s frustr\u00e9s, Jonathan Milan double la mise<\/h2>\n<p style=\"text-align: justify;\"><strong>Thomas Champion<\/strong> (Cofidis) a \u00e9galement remport\u00e9 le sprint<em> Intergiro<\/em> de San Salvo Marina tandis que<strong> Kaden Groves<\/strong> (Alpecin-Deceuninck) a pris 5 points devant Tim Merlier (Soudal Quick-Step), 4 pts. L&rsquo;\u00e9cart \u00e9tait descendu \u00e0 la minute sur les trois attaquants du jour qui ont \u00e9t\u00e9 repris \u00e0 35 kilom\u00e8tres du terme. Au sprint bonification de Fossacesia Marina, <strong>Geraint Thomas<\/strong> (INEOS Grenadiers) a grappill\u00e9 deux secondes.<\/p>\n<p style=\"text-align: justify;\"><strong>Andrea Piccolo<\/strong> (EF Education-EasyPost) a tent\u00e9 de relancer en vain un coup sur des routes plus sinueuses \u00e0 20 kilom\u00e8tres de l&rsquo;arriv\u00e9e. Au c\u0153ur du peloton, une chute a mis \u00e0 terre <strong>Felix Grossschartner<\/strong> (UAE Team Emirates), un co\u00e9quipier de <strong>Tadej Pogacar<\/strong>, et <strong>Kevin Vermaerke<\/strong> (Team DSM-Firmenich PostNL).<\/p>\n<ul style=\"text-align: justify;\">\n<li style=\"text-align: justify;\"><strong>\u00c0 ce sujet \u2013\u00a0<a href=\"https:\/\/dicodusport.fr\/blog\/actualites\/cyclisme\/cyclisme-sur-route-2024\/tour-italie-2024\/\">L\u2019actualit\u00e9 du Tour d\u2019Italie 2024<\/a><\/strong><\/li>\n<\/ul>\n<p style=\"text-align: justify;\">Finalement, les trains se sont organis\u00e9s dans un final assez tenu avec quelques pi\u00e8ges et surtout du vent de face dans les deux derniers kilom\u00e8tres. Une chute a eu lieu \u00e0 400 m\u00e8tres de la ligne, impliquant <strong>Fabio Jakobsen<\/strong>, <strong>Tobias Lund Andersen<\/strong> (Team DSM Firmenich PostNL) et <strong>Jenthe Biermans<\/strong> (Arkea B&amp;B H\u00f4tels). Malgr\u00e9 l&rsquo;absence de son poisson-pilote <strong>Simone Consonni<\/strong> (Lidl-Trek),<strong> Jonathan Milan<\/strong> (Lidl-Trek) a trouv\u00e9 l&rsquo;ouverture pour d\u00e9border <strong>Tim Merlier<\/strong> (Soudal Quick-Step) pour d\u00e9crocher son dixi\u00e8me bouquet professionnel. <strong>Kaden Groves<\/strong> (Alpecin-Deceuninck) a compl\u00e9t\u00e9 le podium du jour devant <strong>Giovanni Lonardi<\/strong> (Polti-Kometa) et <strong>Laurence Pithie<\/strong> (Groupama-FDJ). <strong>Tim Merlier<\/strong> (Soudal Quick-Step) a \u00e9t\u00e9 plus tard d\u00e9class\u00e9 puisque le sprinteur belge a chang\u00e9 de ligne dans le sprint, enfermant pour la m\u00eame occasion <strong>Juan Sebastian Molano<\/strong> (UAE Team Emirates), contre les barri\u00e8res.<\/p>\n<blockquote class=\"twitter-tweet\">\n<p dir=\"ltr\" lang=\"fr\">\ud83d\ude80 La puissance de Jonathan Milan ! L&rsquo;Italien dompte Tim Merlier au sprint et remporte la 11e \u00e9tape du <a href=\"https:\/\/twitter.com\/hashtag\/Giro?src=hash&amp;ref_src=twsrc%5Etfw\">#Giro<\/a>, son deuxi\u00e8me succ\u00e8s dans ce Tour d&rsquo;Italie 2024 <a href=\"https:\/\/twitter.com\/hashtag\/LesRP?src=hash&amp;ref_src=twsrc%5Etfw\">#LesRP<\/a> <a href=\"https:\/\/t.co\/rS6vTezRY7\">pic.twitter.com\/rS6vTezRY7<\/a><\/p>\n<p>\u2014 Eurosport France (@Eurosport_FR) <a href=\"https:\/\/twitter.com\/Eurosport_FR\/status\/1790757267593159138?ref_src=twsrc%5Etfw\">May 15, 2024<\/a><\/p><\/blockquote>\n<p><script async src=\"https:\/\/platform.twitter.com\/widgets.js\" charset=\"utf-8\"><\/script>z<\/p>\n<ul>\n<li style=\"text-align: justify;\"><strong style=\"text-align: justify;\">\u00c0 ce sujet \u2013 <a href=\"https:\/\/dicodusport.fr\/blog\/actualites\/cyclisme\/cyclisme-sur-route-2024\/\">L\u2019actualit\u00e9 du cyclisme sur route<\/a><\/strong><\/li>\n<\/ul>\n","protected":false},"excerpt":{"rendered":"<p>TOUR D&rsquo;ITALIE 2024 &#8211; Jonathan Milan (Lidl-Trek) a remport\u00e9 au sprint \u00e0 Francavilla al Mare la onzi\u00e8me \u00e9tape du Giro, mercredi.<\/p>\n","protected":false},"author":48,"featured_media":485768,"comment_status":"open","ping_status":"closed","sticky":false,"template":"","format":"standard","meta":{"_acf_changed":false,"_daextam_enable_autolinks":"1","footnotes":""},"categories":[47041],"tags":[16878,574,24,4722],"class_list":["post-485728","post","type-post","status-publish","format-standard","has-post-thumbnail","hentry","category-tour-d-italie","tag-breve","tag-cyclisme","tag-sport","tag-tour-ditalie"],"acf":[],"yoast_head":"<!-- This site is optimized with the Yoast SEO Premium plugin v26.7 (Yoast SEO v26.7) - https:\/\/yoast.com\/wordpress\/plugins\/seo\/ -->\n<title>Tour d&#039;Italie 2024 : Jonathan Milan s&#039;impose sur la 11\u00e8me \u00e9tape<\/title>\n<meta name=\"description\" content=\"TOUR D&#039;ITALIE 2024 - Jonathan Milan (Lidl-Trek) a remport\u00e9 au sprint \u00e0 Francavilla al Mare la onzi\u00e8me \u00e9tape du Giro, mercredi.\" \/>\n<meta name=\"robots\" content=\"index, follow, max-snippet:-1, max-image-preview:large, max-video-preview:-1\" \/>\n<link rel=\"canonical\" href=\"https:\/\/dicodusport.fr\/blog\/tour-ditalie-2024-jonathan-milan-simpose-sur-la-11eme-etape\/\" \/>\n<meta property=\"og:locale\" content=\"fr_FR\" \/>\n<meta property=\"og:type\" content=\"article\" \/>\n<meta property=\"og:title\" content=\"Tour d&#039;Italie 2024 : Jonathan Milan s&#039;impose sur la 11\u00e8me \u00e9tape\" \/>\n<meta property=\"og:description\" content=\"TOUR D&#039;ITALIE 2024 - Jonathan Milan (Lidl-Trek) a remport\u00e9 au sprint \u00e0 Francavilla al Mare la onzi\u00e8me \u00e9tape du Giro, mercredi.\" \/>\n<meta property=\"og:url\" content=\"https:\/\/dicodusport.fr\/blog\/tour-ditalie-2024-jonathan-milan-simpose-sur-la-11eme-etape\/\" \/>\n<meta property=\"og:site_name\" content=\"Dicodusport\" \/>\n<meta property=\"article:publisher\" content=\"https:\/\/www.facebook.com\/dicodusport\" \/>\n<meta property=\"article:author\" content=\"https:\/\/www.facebook.com\/groups\/LesRoisDuPeloton\" \/>\n<meta property=\"article:published_time\" content=\"2024-05-15T14:48:51+00:00\" \/>\n<meta property=\"article:modified_time\" content=\"2024-05-15T15:45:48+00:00\" \/>\n<meta property=\"og:image\" content=\"https:\/\/dicodusport.fr\/blog\/wp-content\/uploads\/2024\/05\/Tour-dItalie-2024-Jonathan-Milan-simpose-sur-la-11eme-etape-1.png\" \/>\n\t<meta property=\"og:image:width\" content=\"1200\" \/>\n\t<meta property=\"og:image:height\" content=\"674\" \/>\n\t<meta property=\"og:image:type\" content=\"image\/png\" \/>\n<meta name=\"author\" content=\"Emilien Descampiaux\" \/>\n<meta name=\"twitter:card\" content=\"summary_large_image\" \/>\n<meta name=\"twitter:title\" content=\"Tour d&#039;Italie 2024 : Jonathan Milan s&#039;impose sur la 11\u00e8me \u00e9tape\" \/>\n<meta name=\"twitter:creator\" content=\"@https:\/\/twitter.com\/LRoisDuPeloton\" \/>\n<meta name=\"twitter:site\" content=\"@dicodusport\" \/>\n<script type=\"application\/ld+json\" class=\"yoast-schema-graph\">{\"@context\":\"https:\/\/schema.org\",\"@graph\":[{\"@type\":\"NewsArticle\",\"@id\":\"https:\/\/dicodusport.fr\/blog\/tour-ditalie-2024-jonathan-milan-simpose-sur-la-11eme-etape\/#article\",\"isPartOf\":{\"@id\":\"https:\/\/dicodusport.fr\/blog\/tour-ditalie-2024-jonathan-milan-simpose-sur-la-11eme-etape\/\"},\"author\":{\"name\":\"Emilien Descampiaux\",\"@id\":\"https:\/\/dicodusport.fr\/blog\/#\/schema\/person\/6db4bae06b171592211be385b32876a7\"},\"headline\":\"Tour d&rsquo;Italie 2024 : Jonathan Milan s&rsquo;impose sur la 11\u00e8me \u00e9tape\",\"datePublished\":\"2024-05-15T14:48:51+00:00\",\"dateModified\":\"2024-05-15T15:45:48+00:00\",\"mainEntityOfPage\":{\"@id\":\"https:\/\/dicodusport.fr\/blog\/tour-ditalie-2024-jonathan-milan-simpose-sur-la-11eme-etape\/\"},\"wordCount\":561,\"commentCount\":0,\"publisher\":{\"@id\":\"https:\/\/dicodusport.fr\/blog\/#organization\"},\"image\":{\"@id\":\"https:\/\/dicodusport.fr\/blog\/tour-ditalie-2024-jonathan-milan-simpose-sur-la-11eme-etape\/#primaryimage\"},\"thumbnailUrl\":\"https:\/\/dicodusport.fr\/blog\/wp-content\/uploads\/2024\/05\/Tour-dItalie-2024-Jonathan-Milan-simpose-sur-la-11eme-etape-1.png\",\"keywords\":[\"br\u00e8ve\",\"Cyclisme\",\"sport\",\"Tour d'Italie\"],\"articleSection\":[\"Tour d'Italie\"],\"inLanguage\":\"fr-FR\",\"potentialAction\":[{\"@type\":\"CommentAction\",\"name\":\"Comment\",\"target\":[\"https:\/\/dicodusport.fr\/blog\/tour-ditalie-2024-jonathan-milan-simpose-sur-la-11eme-etape\/#respond\"]}],\"copyrightYear\":\"2024\",\"copyrightHolder\":{\"@id\":\"https:\/\/dicodusport.fr\/blog\/#organization\"}},{\"@type\":\"WebPage\",\"@id\":\"https:\/\/dicodusport.fr\/blog\/tour-ditalie-2024-jonathan-milan-simpose-sur-la-11eme-etape\/\",\"url\":\"https:\/\/dicodusport.fr\/blog\/tour-ditalie-2024-jonathan-milan-simpose-sur-la-11eme-etape\/\",\"name\":\"Tour d'Italie 2024 : Jonathan Milan s'impose sur la 11\u00e8me \u00e9tape\",\"isPartOf\":{\"@id\":\"https:\/\/dicodusport.fr\/blog\/#website\"},\"primaryImageOfPage\":{\"@id\":\"https:\/\/dicodusport.fr\/blog\/tour-ditalie-2024-jonathan-milan-simpose-sur-la-11eme-etape\/#primaryimage\"},\"image\":{\"@id\":\"https:\/\/dicodusport.fr\/blog\/tour-ditalie-2024-jonathan-milan-simpose-sur-la-11eme-etape\/#primaryimage\"},\"thumbnailUrl\":\"https:\/\/dicodusport.fr\/blog\/wp-content\/uploads\/2024\/05\/Tour-dItalie-2024-Jonathan-Milan-simpose-sur-la-11eme-etape-1.png\",\"datePublished\":\"2024-05-15T14:48:51+00:00\",\"dateModified\":\"2024-05-15T15:45:48+00:00\",\"description\":\"TOUR D'ITALIE 2024 - Jonathan Milan (Lidl-Trek) a remport\u00e9 au sprint \u00e0 Francavilla al Mare la onzi\u00e8me \u00e9tape du Giro, mercredi.\",\"breadcrumb\":{\"@id\":\"https:\/\/dicodusport.fr\/blog\/tour-ditalie-2024-jonathan-milan-simpose-sur-la-11eme-etape\/#breadcrumb\"},\"inLanguage\":\"fr-FR\",\"potentialAction\":[{\"@type\":\"ReadAction\",\"target\":[\"https:\/\/dicodusport.fr\/blog\/tour-ditalie-2024-jonathan-milan-simpose-sur-la-11eme-etape\/\"]}]},{\"@type\":\"ImageObject\",\"inLanguage\":\"fr-FR\",\"@id\":\"https:\/\/dicodusport.fr\/blog\/tour-ditalie-2024-jonathan-milan-simpose-sur-la-11eme-etape\/#primaryimage\",\"url\":\"https:\/\/dicodusport.fr\/blog\/wp-content\/uploads\/2024\/05\/Tour-dItalie-2024-Jonathan-Milan-simpose-sur-la-11eme-etape-1.png\",\"contentUrl\":\"https:\/\/dicodusport.fr\/blog\/wp-content\/uploads\/2024\/05\/Tour-dItalie-2024-Jonathan-Milan-simpose-sur-la-11eme-etape-1.png\",\"width\":1200,\"height\":674,\"caption\":\"Tour d'Italie 2024 Jonathan Milan s'impose sur la 11\u00e8me \u00e9tape (1)\"},{\"@type\":\"BreadcrumbList\",\"@id\":\"https:\/\/dicodusport.fr\/blog\/tour-ditalie-2024-jonathan-milan-simpose-sur-la-11eme-etape\/#breadcrumb\",\"itemListElement\":[{\"@type\":\"ListItem\",\"position\":1,\"name\":\"Accueil\",\"item\":\"https:\/\/dicodusport.fr\/blog\/\"},{\"@type\":\"ListItem\",\"position\":2,\"name\":\"Tour d&rsquo;Italie 2024 : Jonathan Milan s&rsquo;impose sur la 11\u00e8me \u00e9tape\"}]},{\"@type\":\"WebSite\",\"@id\":\"https:\/\/dicodusport.fr\/blog\/#website\",\"url\":\"https:\/\/dicodusport.fr\/blog\/\",\"name\":\"Dicodusport\",\"description\":\"L&#039;encyclop\u00e9die de l&#039;actualit\u00e9 sportive\",\"publisher\":{\"@id\":\"https:\/\/dicodusport.fr\/blog\/#organization\"},\"potentialAction\":[{\"@type\":\"SearchAction\",\"target\":{\"@type\":\"EntryPoint\",\"urlTemplate\":\"https:\/\/dicodusport.fr\/blog\/?s={search_term_string}\"},\"query-input\":{\"@type\":\"PropertyValueSpecification\",\"valueRequired\":true,\"valueName\":\"search_term_string\"}}],\"inLanguage\":\"fr-FR\"},{\"@type\":\"NewsMediaOrganization\",\"@id\":\"https:\/\/dicodusport.fr\/blog\/#organization\",\"name\":\"Dicodusport\",\"url\":\"https:\/\/dicodusport.fr\/blog\/\",\"logo\":{\"@type\":\"ImageObject\",\"inLanguage\":\"fr-FR\",\"@id\":\"https:\/\/dicodusport.fr\/blog\/#\/schema\/logo\/image\/\",\"url\":\"https:\/\/dicodusport.fr\/blog\/wp-content\/uploads\/2020\/06\/cropped-LOGO-DICODUSPORT-2020-SANS-FOND-SANS-TEXTE.png\",\"contentUrl\":\"https:\/\/dicodusport.fr\/blog\/wp-content\/uploads\/2020\/06\/cropped-LOGO-DICODUSPORT-2020-SANS-FOND-SANS-TEXTE.png\",\"width\":512,\"height\":512,\"caption\":\"Dicodusport\"},\"image\":{\"@id\":\"https:\/\/dicodusport.fr\/blog\/#\/schema\/logo\/image\/\"},\"sameAs\":[\"https:\/\/www.facebook.com\/dicodusport\",\"https:\/\/x.com\/dicodusport\",\"https:\/\/www.instagram.com\/dicodusport\/\",\"https:\/\/www.youtube.com\/channel\/UC7V2KZ5sd3htJivAbA4ZG3w\"],\"description\":\"Dicodusport est l'encyclop\u00e9die de l'actualit\u00e9 sportive.\",\"email\":\"bonjour@dicodusport.fr\",\"legalName\":\"DICODUSPORT\",\"foundingDate\":\"2018-01-14\",\"vatID\":\"FR71834470973\",\"taxID\":\"83447097300043\",\"numberOfEmployees\":{\"@type\":\"QuantitativeValue\",\"minValue\":\"1\",\"maxValue\":\"10\"}},{\"@type\":\"Person\",\"@id\":\"https:\/\/dicodusport.fr\/blog\/#\/schema\/person\/6db4bae06b171592211be385b32876a7\",\"name\":\"Emilien Descampiaux\",\"image\":{\"@type\":\"ImageObject\",\"inLanguage\":\"fr-FR\",\"@id\":\"https:\/\/dicodusport.fr\/blog\/#\/schema\/person\/image\/\",\"url\":\"https:\/\/dicodusport.fr\/blog\/wp-content\/uploads\/2021\/05\/Emilien-Descampiaux-150x150.jpg\",\"contentUrl\":\"https:\/\/dicodusport.fr\/blog\/wp-content\/uploads\/2021\/05\/Emilien-Descampiaux-150x150.jpg\",\"caption\":\"Emilien Descampiaux\"},\"description\":\"Journaliste\/r\u00e9dacteur depuis 2014 - Fan de la classe de Frank Vandenbroucke, je vis cyclisme (et de ses paysages) depuis plus de 20 ans. Je suis tr\u00e8s impliqu\u00e9 sur mes diff\u00e9rents r\u00e9seaux sociaux pour partager ma passion sur le monde et l'Histoire de la bicyclette avec ma voix sur les images en noir et blanc du succ\u00e8s de Rik Van Steenbergen lors du Ronde sur le V\u00e9lodrome de Gand.\",\"sameAs\":[\"https:\/\/www.facebook.com\/groups\/LesRoisDuPeloton\",\"https:\/\/x.com\/https:\/\/twitter.com\/LRoisDuPeloton\"],\"url\":\"https:\/\/dicodusport.fr\/blog\/author\/emiliend\/\"}]}<\/script>\n<!-- \/ Yoast SEO Premium plugin. -->","yoast_head_json":{"title":"Tour d'Italie 2024 : Jonathan Milan s'impose sur la 11\u00e8me \u00e9tape","description":"TOUR D'ITALIE 2024 - Jonathan Milan (Lidl-Trek) a remport\u00e9 au sprint \u00e0 Francavilla al Mare la onzi\u00e8me \u00e9tape du Giro, mercredi.","robots":{"index":"index","follow":"follow","max-snippet":"max-snippet:-1","max-image-preview":"max-image-preview:large","max-video-preview":"max-video-preview:-1"},"canonical":"https:\/\/dicodusport.fr\/blog\/tour-ditalie-2024-jonathan-milan-simpose-sur-la-11eme-etape\/","og_locale":"fr_FR","og_type":"article","og_title":"Tour d'Italie 2024 : Jonathan Milan s'impose sur la 11\u00e8me \u00e9tape","og_description":"TOUR D'ITALIE 2024 - Jonathan Milan (Lidl-Trek) a remport\u00e9 au sprint \u00e0 Francavilla al Mare la onzi\u00e8me \u00e9tape du Giro, mercredi.","og_url":"https:\/\/dicodusport.fr\/blog\/tour-ditalie-2024-jonathan-milan-simpose-sur-la-11eme-etape\/","og_site_name":"Dicodusport","article_publisher":"https:\/\/www.facebook.com\/dicodusport","article_author":"https:\/\/www.facebook.com\/groups\/LesRoisDuPeloton","article_published_time":"2024-05-15T14:48:51+00:00","article_modified_time":"2024-05-15T15:45:48+00:00","og_image":[{"width":1200,"height":674,"url":"https:\/\/dicodusport.fr\/blog\/wp-content\/uploads\/2024\/05\/Tour-dItalie-2024-Jonathan-Milan-simpose-sur-la-11eme-etape-1.png","type":"image\/png"}],"author":"Emilien Descampiaux","twitter_card":"summary_large_image","twitter_title":"Tour d'Italie 2024 : Jonathan Milan s'impose sur la 11\u00e8me \u00e9tape","twitter_creator":"@https:\/\/twitter.com\/LRoisDuPeloton","twitter_site":"@dicodusport","schema":{"@context":"https:\/\/schema.org","@graph":[{"@type":"NewsArticle","@id":"https:\/\/dicodusport.fr\/blog\/tour-ditalie-2024-jonathan-milan-simpose-sur-la-11eme-etape\/#article","isPartOf":{"@id":"https:\/\/dicodusport.fr\/blog\/tour-ditalie-2024-jonathan-milan-simpose-sur-la-11eme-etape\/"},"author":{"name":"Emilien Descampiaux","@id":"https:\/\/dicodusport.fr\/blog\/#\/schema\/person\/6db4bae06b171592211be385b32876a7"},"headline":"Tour d&rsquo;Italie 2024 : Jonathan Milan s&rsquo;impose sur la 11\u00e8me \u00e9tape","datePublished":"2024-05-15T14:48:51+00:00","dateModified":"2024-05-15T15:45:48+00:00","mainEntityOfPage":{"@id":"https:\/\/dicodusport.fr\/blog\/tour-ditalie-2024-jonathan-milan-simpose-sur-la-11eme-etape\/"},"wordCount":561,"commentCount":0,"publisher":{"@id":"https:\/\/dicodusport.fr\/blog\/#organization"},"image":{"@id":"https:\/\/dicodusport.fr\/blog\/tour-ditalie-2024-jonathan-milan-simpose-sur-la-11eme-etape\/#primaryimage"},"thumbnailUrl":"https:\/\/dicodusport.fr\/blog\/wp-content\/uploads\/2024\/05\/Tour-dItalie-2024-Jonathan-Milan-simpose-sur-la-11eme-etape-1.png","keywords":["br\u00e8ve","Cyclisme","sport","Tour d'Italie"],"articleSection":["Tour d'Italie"],"inLanguage":"fr-FR","potentialAction":[{"@type":"CommentAction","name":"Comment","target":["https:\/\/dicodusport.fr\/blog\/tour-ditalie-2024-jonathan-milan-simpose-sur-la-11eme-etape\/#respond"]}],"copyrightYear":"2024","copyrightHolder":{"@id":"https:\/\/dicodusport.fr\/blog\/#organization"}},{"@type":"WebPage","@id":"https:\/\/dicodusport.fr\/blog\/tour-ditalie-2024-jonathan-milan-simpose-sur-la-11eme-etape\/","url":"https:\/\/dicodusport.fr\/blog\/tour-ditalie-2024-jonathan-milan-simpose-sur-la-11eme-etape\/","name":"Tour d'Italie 2024 : Jonathan Milan s'impose sur la 11\u00e8me \u00e9tape","isPartOf":{"@id":"https:\/\/dicodusport.fr\/blog\/#website"},"primaryImageOfPage":{"@id":"https:\/\/dicodusport.fr\/blog\/tour-ditalie-2024-jonathan-milan-simpose-sur-la-11eme-etape\/#primaryimage"},"image":{"@id":"https:\/\/dicodusport.fr\/blog\/tour-ditalie-2024-jonathan-milan-simpose-sur-la-11eme-etape\/#primaryimage"},"thumbnailUrl":"https:\/\/dicodusport.fr\/blog\/wp-content\/uploads\/2024\/05\/Tour-dItalie-2024-Jonathan-Milan-simpose-sur-la-11eme-etape-1.png","datePublished":"2024-05-15T14:48:51+00:00","dateModified":"2024-05-15T15:45:48+00:00","description":"TOUR D'ITALIE 2024 - Jonathan Milan (Lidl-Trek) a remport\u00e9 au sprint \u00e0 Francavilla al Mare la onzi\u00e8me \u00e9tape du Giro, mercredi.","breadcrumb":{"@id":"https:\/\/dicodusport.fr\/blog\/tour-ditalie-2024-jonathan-milan-simpose-sur-la-11eme-etape\/#breadcrumb"},"inLanguage":"fr-FR","potentialAction":[{"@type":"ReadAction","target":["https:\/\/dicodusport.fr\/blog\/tour-ditalie-2024-jonathan-milan-simpose-sur-la-11eme-etape\/"]}]},{"@type":"ImageObject","inLanguage":"fr-FR","@id":"https:\/\/dicodusport.fr\/blog\/tour-ditalie-2024-jonathan-milan-simpose-sur-la-11eme-etape\/#primaryimage","url":"https:\/\/dicodusport.fr\/blog\/wp-content\/uploads\/2024\/05\/Tour-dItalie-2024-Jonathan-Milan-simpose-sur-la-11eme-etape-1.png","contentUrl":"https:\/\/dicodusport.fr\/blog\/wp-content\/uploads\/2024\/05\/Tour-dItalie-2024-Jonathan-Milan-simpose-sur-la-11eme-etape-1.png","width":1200,"height":674,"caption":"Tour d'Italie 2024 Jonathan Milan s'impose sur la 11\u00e8me \u00e9tape (1)"},{"@type":"BreadcrumbList","@id":"https:\/\/dicodusport.fr\/blog\/tour-ditalie-2024-jonathan-milan-simpose-sur-la-11eme-etape\/#breadcrumb","itemListElement":[{"@type":"ListItem","position":1,"name":"Accueil","item":"https:\/\/dicodusport.fr\/blog\/"},{"@type":"ListItem","position":2,"name":"Tour d&rsquo;Italie 2024 : Jonathan Milan s&rsquo;impose sur la 11\u00e8me \u00e9tape"}]},{"@type":"WebSite","@id":"https:\/\/dicodusport.fr\/blog\/#website","url":"https:\/\/dicodusport.fr\/blog\/","name":"Dicodusport","description":"L&#039;encyclop\u00e9die de l&#039;actualit\u00e9 sportive","publisher":{"@id":"https:\/\/dicodusport.fr\/blog\/#organization"},"potentialAction":[{"@type":"SearchAction","target":{"@type":"EntryPoint","urlTemplate":"https:\/\/dicodusport.fr\/blog\/?s={search_term_string}"},"query-input":{"@type":"PropertyValueSpecification","valueRequired":true,"valueName":"search_term_string"}}],"inLanguage":"fr-FR"},{"@type":"NewsMediaOrganization","@id":"https:\/\/dicodusport.fr\/blog\/#organization","name":"Dicodusport","url":"https:\/\/dicodusport.fr\/blog\/","logo":{"@type":"ImageObject","inLanguage":"fr-FR","@id":"https:\/\/dicodusport.fr\/blog\/#\/schema\/logo\/image\/","url":"https:\/\/dicodusport.fr\/blog\/wp-content\/uploads\/2020\/06\/cropped-LOGO-DICODUSPORT-2020-SANS-FOND-SANS-TEXTE.png","contentUrl":"https:\/\/dicodusport.fr\/blog\/wp-content\/uploads\/2020\/06\/cropped-LOGO-DICODUSPORT-2020-SANS-FOND-SANS-TEXTE.png","width":512,"height":512,"caption":"Dicodusport"},"image":{"@id":"https:\/\/dicodusport.fr\/blog\/#\/schema\/logo\/image\/"},"sameAs":["https:\/\/www.facebook.com\/dicodusport","https:\/\/x.com\/dicodusport","https:\/\/www.instagram.com\/dicodusport\/","https:\/\/www.youtube.com\/channel\/UC7V2KZ5sd3htJivAbA4ZG3w"],"description":"Dicodusport est l'encyclop\u00e9die de l'actualit\u00e9 sportive.","email":"bonjour@dicodusport.fr","legalName":"DICODUSPORT","foundingDate":"2018-01-14","vatID":"FR71834470973","taxID":"83447097300043","numberOfEmployees":{"@type":"QuantitativeValue","minValue":"1","maxValue":"10"}},{"@type":"Person","@id":"https:\/\/dicodusport.fr\/blog\/#\/schema\/person\/6db4bae06b171592211be385b32876a7","name":"Emilien Descampiaux","image":{"@type":"ImageObject","inLanguage":"fr-FR","@id":"https:\/\/dicodusport.fr\/blog\/#\/schema\/person\/image\/","url":"https:\/\/dicodusport.fr\/blog\/wp-content\/uploads\/2021\/05\/Emilien-Descampiaux-150x150.jpg","contentUrl":"https:\/\/dicodusport.fr\/blog\/wp-content\/uploads\/2021\/05\/Emilien-Descampiaux-150x150.jpg","caption":"Emilien Descampiaux"},"description":"Journaliste\/r\u00e9dacteur depuis 2014 - Fan de la classe de Frank Vandenbroucke, je vis cyclisme (et de ses paysages) depuis plus de 20 ans. Je suis tr\u00e8s impliqu\u00e9 sur mes diff\u00e9rents r\u00e9seaux sociaux pour partager ma passion sur le monde et l'Histoire de la bicyclette avec ma voix sur les images en noir et blanc du succ\u00e8s de Rik Van Steenbergen lors du Ronde sur le V\u00e9lodrome de Gand.","sameAs":["https:\/\/www.facebook.com\/groups\/LesRoisDuPeloton","https:\/\/x.com\/https:\/\/twitter.com\/LRoisDuPeloton"],"url":"https:\/\/dicodusport.fr\/blog\/author\/emiliend\/"}]}},"_links":{"self":[{"href":"https:\/\/dicodusport.fr\/blog\/wp-json\/wp\/v2\/posts\/485728","targetHints":{"allow":["GET"]}}],"collection":[{"href":"https:\/\/dicodusport.fr\/blog\/wp-json\/wp\/v2\/posts"}],"about":[{"href":"https:\/\/dicodusport.fr\/blog\/wp-json\/wp\/v2\/types\/post"}],"author":[{"embeddable":true,"href":"https:\/\/dicodusport.fr\/blog\/wp-json\/wp\/v2\/users\/48"}],"replies":[{"embeddable":true,"href":"https:\/\/dicodusport.fr\/blog\/wp-json\/wp\/v2\/comments?post=485728"}],"version-history":[{"count":5,"href":"https:\/\/dicodusport.fr\/blog\/wp-json\/wp\/v2\/posts\/485728\/revisions"}],"predecessor-version":[{"id":485798,"href":"https:\/\/dicodusport.fr\/blog\/wp-json\/wp\/v2\/posts\/485728\/revisions\/485798"}],"wp:featuredmedia":[{"embeddable":true,"href":"https:\/\/dicodusport.fr\/blog\/wp-json\/wp\/v2\/media\/485768"}],"wp:attachment":[{"href":"https:\/\/dicodusport.fr\/blog\/wp-json\/wp\/v2\/media?parent=485728"}],"wp:term":[{"taxonomy":"category","embeddable":true,"href":"https:\/\/dicodusport.fr\/blog\/wp-json\/wp\/v2\/categories?post=485728"},{"taxonomy":"post_tag","embeddable":true,"href":"https:\/\/dicodusport.fr\/blog\/wp-json\/wp\/v2\/tags?post=485728"}],"curies":[{"name":"wp","href":"https:\/\/api.w.org\/{rel}","templated":true}]}}