{"id":485733,"date":"2024-05-15T17:42:34","date_gmt":"2024-05-15T15:42:34","guid":{"rendered":"https:\/\/dicodusport.fr\/blog\/?p=485733&#038;preview=true&#038;preview_id=485733"},"modified":"2024-05-15T18:00:33","modified_gmt":"2024-05-15T16:00:33","slug":"4-jours-de-dunkerque-2024-sam-bennett-remporte-la-2eme-etape","status":"publish","type":"post","link":"https:\/\/dicodusport.fr\/blog\/4-jours-de-dunkerque-2024-sam-bennett-remporte-la-2eme-etape\/","title":{"rendered":"4 Jours de Dunkerque 2024 : Sam Bennett remporte la 2\u00e8me \u00e9tape"},"content":{"rendered":"<p style=\"text-align: justify;\"><em><strong>4 JOURS DE DUNKERQUE 2024 \u2013 Nouveau succ\u00e8s cette saison pour D\u00e9cathlon AG2R La Mondiale Team. L&rsquo;Irlandais Sam Bennett s&rsquo;est impos\u00e9 au sprint sur la 2\u00e8me \u00e9tape des 4 Jours de Dunkerque et s&rsquo;adjuge, au jeu des bonifications, le maillot rose de leader.<\/strong><\/em><\/p>\n<h3><span style=\"text-decoration: underline;\">2\u00e8me \u00e9tape \u2013 Mercredi 15 mai : Wimereux \u2013 Abbeville (184,3 km)<\/span><\/h3>\n<ul>\n<li><strong>\u00c0 ce sujet \u2013\u00a0<a href=\"https:\/\/dicodusport.fr\/blog\/4-jours-de-dunkerque-2024-classement-general\/\">4 Jours de Dunkerque 2024 \u2013 Classement g\u00e9n\u00e9ral<\/a><\/strong><\/li>\n<li><strong>\u00c0 ce sujet \u2013\u00a0<a href=\"https:\/\/dicodusport.fr\/blog\/4-jours-de-dunkerque-2024-classement-2eme-etape\/\">4 Jours de Dunkerque 2024 \u2013 Classement 2\u00e8me \u00e9tape<\/a><\/strong><\/li>\n<\/ul>\n<h2 style=\"text-align: justify;\"><b>Un trio prend le large<\/b><\/h2>\n<p style=\"text-align: justify;\"><span style=\"font-weight: 400;\">Cette deuxi\u00e8me \u00e9tape <\/span><b>des 4 jours de Dunkerque<\/b><span style=\"font-weight: 400;\"> \u00e9tait promise, comme la veille, \u00e0 une arriv\u00e9e au sprint. Mais trois fuyards ont tent\u00e9 de d\u00e9jouer les pronostics en s\u2019extirpant rapidement du peloton : le Fran\u00e7ais <\/span><b>Maxime Jarnet<\/b><span style=\"font-weight: 400;\"> (Van Rysel &#8211; Roubaix), le Canadien<\/span><b> Robin Plamondon<\/b><span style=\"font-weight: 400;\"> (CIC-U &#8211; Nantes Atlantique) et l\u2019Australien<\/span><b> Cyrus Monk<\/b><span style=\"font-weight: 400;\"> (Q36.5 Pro Cycling Team). Ce trio prend le large et compte jusqu\u2019\u00e0 7 minutes 30 d\u2019avance. Un \u00e9cart non n\u00e9gligeable permettant \u00e0 l\u2019\u00e9chapp\u00e9e de croire en ses chances de victoire. Alors derri\u00e8re, c\u2019est la formation <\/span><b>Cofidis<\/b><span style=\"font-weight: 400;\">, du leader <\/span><b>Milan Fretin, <\/b><span style=\"font-weight: 400;\">qui m\u00e8ne<\/span> <span style=\"font-weight: 400;\">la chasse.<\/span><\/p>\n<p style=\"text-align: justify;\"><span style=\"font-weight: 400;\">Devant cette urgence, d\u2019autres \u00e9curies se mettent \u00e0 la planche en t\u00eate du paquet et forc\u00e9ment, l\u2019\u00e9cart se r\u00e9duit rapidement. D\u2019autant plus qu\u2019\u00e0 l\u2019avant, <\/span><b>Cyrus Monk <\/b><span style=\"font-weight: 400;\">l\u00e2che ses compagnons d\u2019\u00e9chapp\u00e9es et s\u2019\u00e9lance dans un effort solitaire, \u00e0 40 km du terme. L\u2019Australien ne compte plus que 2 minutes d\u2019avance \u00e0 30 km de l\u2019arriv\u00e9e. Et les espoirs s\u2019estompent peu \u00e0 peu. Le peloton joue au jeu du chat et de la souris avec l\u2019homme au mulet. Le dernier rescap\u00e9 \u00e0 la coupe de cheveux fantasque est finalement repris \u00e0 9 km de la ligne.\u00a0<\/span><\/p>\n<h2 style=\"text-align: justify;\"><b>Premier succ\u00e8s cette saison pour Sam Bennett<\/b><\/h2>\n<p style=\"text-align: justify;\"><span style=\"font-weight: 400;\">On se dirige vers un sprint massif et contrairement \u00e0 la veille, le soleil est de la partie dans la Somme. C\u2019est donc bien sur une route s\u00e8che que les trains de sprinteurs se mettent en place. Les poissons pilotes se mettent \u00e0 l&rsquo;\u0153uvre et la bataille de position fait rage. <\/span><b>Pascal Ackermann<\/b><span style=\"font-weight: 400;\"> (Isra\u00ebl-Premier Tech) lance de loin, trop loin et se fait remonter sur sa droite par<\/span><b> Sam Bennett<\/b><span style=\"font-weight: 400;\"> (D\u00e9cathlon AG2R La Mondiale Team) et<\/span><b> Paul Penho\u00ebt<\/b><span style=\"font-weight: 400;\"> (Groupama-FDJ).\u00a0<\/span><\/p>\n<p style=\"text-align: justify;\"><span style=\"font-weight: 400;\">L\u2019Irlandais r\u00e9siste au retour du jeune fran\u00e7ais et signe son premier succ\u00e8s de la saison, le 16e, d\u00e9j\u00e0, pour son \u00e9quipe en 2024.<\/span><b> Paul Penho\u00ebt<\/b><span style=\"font-weight: 400;\">, tout juste de retour \u00e0 la comp\u00e9tition, prend une belle deuxi\u00e8me place et <\/span><b>Sasha Weemaes<\/b><span style=\"font-weight: 400;\"> (Bingoal WB) compl\u00e8te le podium. <\/span><b>Sam Bennett<\/b><span style=\"font-weight: 400;\"> fait coup double en glanant, au jeu des bonifications, le maillot rose de leader de l&rsquo;\u00e9preuve. <\/span><\/p>\n<blockquote class=\"twitter-tweet\">\n<p dir=\"ltr\" lang=\"fr\">\ud83c\uddeb\ud83c\uddf7 <a href=\"https:\/\/twitter.com\/4JDDunkerque?ref_src=twsrc%5Etfw\">@4JDDunkerque<\/a><\/p>\n<p>OUIIIIIIII SAAAAAAM ! L\u00c0 VOIL\u00c0 ! LA VICTOIRE \ud83e\udd47\ud83d\udcaa\ud83d\udc99 YEEEESSSS <a href=\"https:\/\/twitter.com\/Sammmy_Be?ref_src=twsrc%5Etfw\">@Sammmy_Be<\/a><\/p>\n<p>SAAAAAAM BENNETT ! YEEEEEEESSSS ! \ud83e\udd47\ud83d\udcaa\ud83d\udc99 <a href=\"https:\/\/twitter.com\/Sammmy_Be?ref_src=twsrc%5Etfw\">@Sammmy_Be<\/a><a href=\"https:\/\/twitter.com\/hashtag\/DECATHLONAG2RLAMONDIALETEAM?src=hash&amp;ref_src=twsrc%5Etfw\">#DECATHLONAG2RLAMONDIALETEAM<\/a> <a href=\"https:\/\/t.co\/SJ5Fqhglp3\">pic.twitter.com\/SJ5Fqhglp3<\/a><\/p>\n<p>\u2014 DECATHLON AG2R LA MONDIALE TEAM (@decathlonAG2RLM) <a href=\"https:\/\/twitter.com\/decathlonAG2RLM\/status\/1790768985379622960?ref_src=twsrc%5Etfw\">May 15, 2024<\/a><\/p><\/blockquote>\n<p><script async src=\"https:\/\/platform.twitter.com\/widgets.js\" charset=\"utf-8\"><\/script><\/p>\n","protected":false},"excerpt":{"rendered":"<p>Nouveau succ\u00e8s cette saison pour D\u00e9cathlon AG2R La Mondiale Team. L&rsquo;Irlandais Sam Bennett s&rsquo;est impos\u00e9 au sprint sur la 2\u00e8me \u00e9tape des 4 Jours de Dunkerque.\u00a0<\/p>\n","protected":false},"author":97,"featured_media":485808,"comment_status":"open","ping_status":"closed","sticky":false,"template":"","format":"standard","meta":{"_acf_changed":false,"_daextam_enable_autolinks":"1","footnotes":""},"categories":[46994],"tags":[16878,8528],"class_list":["post-485733","post","type-post","status-publish","format-standard","has-post-thumbnail","hentry","category-cyclisme-sur-route","tag-breve","tag-sam-bennett"],"acf":[],"yoast_head":"<!-- This site is optimized with the Yoast SEO Premium plugin v26.7 (Yoast SEO v26.7) - https:\/\/yoast.com\/wordpress\/plugins\/seo\/ -->\n<title>4 Jours de Dunkerque 2024 : Sam Bennett remporte la 2\u00e8me \u00e9tape<\/title>\n<meta name=\"description\" content=\"Nouveau succ\u00e8s cette saison pour D\u00e9cathlon AG2R La Mondiale Team. L&#039;Irlandais Sam Bennett s&#039;est impos\u00e9 au sprint sur la 2\u00e8me \u00e9tape des 4 Jours de Dunkerque.\u00a0\" \/>\n<meta name=\"robots\" content=\"index, follow, max-snippet:-1, max-image-preview:large, max-video-preview:-1\" \/>\n<link rel=\"canonical\" href=\"https:\/\/dicodusport.fr\/blog\/4-jours-de-dunkerque-2024-sam-bennett-remporte-la-2eme-etape\/\" \/>\n<meta property=\"og:locale\" content=\"fr_FR\" \/>\n<meta property=\"og:type\" content=\"article\" \/>\n<meta property=\"og:title\" content=\"4 Jours de Dunkerque 2024 : Sam Bennett remporte la 2\u00e8me \u00e9tape\" \/>\n<meta property=\"og:description\" content=\"Nouveau succ\u00e8s cette saison pour D\u00e9cathlon AG2R La Mondiale Team. L&#039;Irlandais Sam Bennett s&#039;est impos\u00e9 au sprint sur la 2\u00e8me \u00e9tape des 4 Jours de Dunkerque.\u00a0\" \/>\n<meta property=\"og:url\" content=\"https:\/\/dicodusport.fr\/blog\/4-jours-de-dunkerque-2024-sam-bennett-remporte-la-2eme-etape\/\" \/>\n<meta property=\"og:site_name\" content=\"Dicodusport\" \/>\n<meta property=\"article:publisher\" content=\"https:\/\/www.facebook.com\/dicodusport\" \/>\n<meta property=\"article:published_time\" content=\"2024-05-15T15:42:34+00:00\" \/>\n<meta property=\"article:modified_time\" content=\"2024-05-15T16:00:33+00:00\" \/>\n<meta property=\"og:image\" content=\"https:\/\/dicodusport.fr\/blog\/wp-content\/uploads\/2024\/05\/4-Jours-de-Dunkerque-2024-Sam-Bennett-remporte-la-2eme-etape-1.png\" \/>\n\t<meta property=\"og:image:width\" content=\"1200\" \/>\n\t<meta property=\"og:image:height\" content=\"674\" \/>\n\t<meta property=\"og:image:type\" content=\"image\/png\" \/>\n<meta name=\"author\" content=\"Louis Bouchardon\" \/>\n<meta name=\"twitter:card\" content=\"summary_large_image\" \/>\n<meta name=\"twitter:title\" content=\"4 Jours de Dunkerque 2024 : Sam Bennett remporte la 2\u00e8me \u00e9tape\" \/>\n<meta name=\"twitter:creator\" content=\"@dicodusport\" \/>\n<meta name=\"twitter:site\" content=\"@dicodusport\" \/>\n<script type=\"application\/ld+json\" class=\"yoast-schema-graph\">{\"@context\":\"https:\/\/schema.org\",\"@graph\":[{\"@type\":\"NewsArticle\",\"@id\":\"https:\/\/dicodusport.fr\/blog\/4-jours-de-dunkerque-2024-sam-bennett-remporte-la-2eme-etape\/#article\",\"isPartOf\":{\"@id\":\"https:\/\/dicodusport.fr\/blog\/4-jours-de-dunkerque-2024-sam-bennett-remporte-la-2eme-etape\/\"},\"author\":{\"name\":\"Louis Bouchardon\",\"@id\":\"https:\/\/dicodusport.fr\/blog\/#\/schema\/person\/2d00cb7edce22380129fc3141987a97f\"},\"headline\":\"4 Jours de Dunkerque 2024 : Sam Bennett remporte la 2\u00e8me \u00e9tape\",\"datePublished\":\"2024-05-15T15:42:34+00:00\",\"dateModified\":\"2024-05-15T16:00:33+00:00\",\"mainEntityOfPage\":{\"@id\":\"https:\/\/dicodusport.fr\/blog\/4-jours-de-dunkerque-2024-sam-bennett-remporte-la-2eme-etape\/\"},\"wordCount\":482,\"commentCount\":0,\"publisher\":{\"@id\":\"https:\/\/dicodusport.fr\/blog\/#organization\"},\"image\":{\"@id\":\"https:\/\/dicodusport.fr\/blog\/4-jours-de-dunkerque-2024-sam-bennett-remporte-la-2eme-etape\/#primaryimage\"},\"thumbnailUrl\":\"https:\/\/dicodusport.fr\/blog\/wp-content\/uploads\/2024\/05\/4-Jours-de-Dunkerque-2024-Sam-Bennett-remporte-la-2eme-etape-1.png\",\"keywords\":[\"br\u00e8ve\",\"Sam Bennett\"],\"articleSection\":[\"Cyclisme sur route\"],\"inLanguage\":\"fr-FR\",\"potentialAction\":[{\"@type\":\"CommentAction\",\"name\":\"Comment\",\"target\":[\"https:\/\/dicodusport.fr\/blog\/4-jours-de-dunkerque-2024-sam-bennett-remporte-la-2eme-etape\/#respond\"]}],\"copyrightYear\":\"2024\",\"copyrightHolder\":{\"@id\":\"https:\/\/dicodusport.fr\/blog\/#organization\"}},{\"@type\":\"WebPage\",\"@id\":\"https:\/\/dicodusport.fr\/blog\/4-jours-de-dunkerque-2024-sam-bennett-remporte-la-2eme-etape\/\",\"url\":\"https:\/\/dicodusport.fr\/blog\/4-jours-de-dunkerque-2024-sam-bennett-remporte-la-2eme-etape\/\",\"name\":\"4 Jours de Dunkerque 2024 : Sam Bennett remporte la 2\u00e8me \u00e9tape\",\"isPartOf\":{\"@id\":\"https:\/\/dicodusport.fr\/blog\/#website\"},\"primaryImageOfPage\":{\"@id\":\"https:\/\/dicodusport.fr\/blog\/4-jours-de-dunkerque-2024-sam-bennett-remporte-la-2eme-etape\/#primaryimage\"},\"image\":{\"@id\":\"https:\/\/dicodusport.fr\/blog\/4-jours-de-dunkerque-2024-sam-bennett-remporte-la-2eme-etape\/#primaryimage\"},\"thumbnailUrl\":\"https:\/\/dicodusport.fr\/blog\/wp-content\/uploads\/2024\/05\/4-Jours-de-Dunkerque-2024-Sam-Bennett-remporte-la-2eme-etape-1.png\",\"datePublished\":\"2024-05-15T15:42:34+00:00\",\"dateModified\":\"2024-05-15T16:00:33+00:00\",\"description\":\"Nouveau succ\u00e8s cette saison pour D\u00e9cathlon AG2R La Mondiale Team. L'Irlandais Sam Bennett s'est impos\u00e9 au sprint sur la 2\u00e8me \u00e9tape des 4 Jours de Dunkerque.\u00a0\",\"breadcrumb\":{\"@id\":\"https:\/\/dicodusport.fr\/blog\/4-jours-de-dunkerque-2024-sam-bennett-remporte-la-2eme-etape\/#breadcrumb\"},\"inLanguage\":\"fr-FR\",\"potentialAction\":[{\"@type\":\"ReadAction\",\"target\":[\"https:\/\/dicodusport.fr\/blog\/4-jours-de-dunkerque-2024-sam-bennett-remporte-la-2eme-etape\/\"]}]},{\"@type\":\"ImageObject\",\"inLanguage\":\"fr-FR\",\"@id\":\"https:\/\/dicodusport.fr\/blog\/4-jours-de-dunkerque-2024-sam-bennett-remporte-la-2eme-etape\/#primaryimage\",\"url\":\"https:\/\/dicodusport.fr\/blog\/wp-content\/uploads\/2024\/05\/4-Jours-de-Dunkerque-2024-Sam-Bennett-remporte-la-2eme-etape-1.png\",\"contentUrl\":\"https:\/\/dicodusport.fr\/blog\/wp-content\/uploads\/2024\/05\/4-Jours-de-Dunkerque-2024-Sam-Bennett-remporte-la-2eme-etape-1.png\",\"width\":1200,\"height\":674,\"caption\":\"4 Jours de Dunkerque 2024 Sam Bennett remporte la 2\u00e8me \u00e9tape (1)\"},{\"@type\":\"BreadcrumbList\",\"@id\":\"https:\/\/dicodusport.fr\/blog\/4-jours-de-dunkerque-2024-sam-bennett-remporte-la-2eme-etape\/#breadcrumb\",\"itemListElement\":[{\"@type\":\"ListItem\",\"position\":1,\"name\":\"Accueil\",\"item\":\"https:\/\/dicodusport.fr\/blog\/\"},{\"@type\":\"ListItem\",\"position\":2,\"name\":\"4 Jours de Dunkerque 2024 : Sam Bennett remporte la 2\u00e8me \u00e9tape\"}]},{\"@type\":\"WebSite\",\"@id\":\"https:\/\/dicodusport.fr\/blog\/#website\",\"url\":\"https:\/\/dicodusport.fr\/blog\/\",\"name\":\"Dicodusport\",\"description\":\"L&#039;encyclop\u00e9die de l&#039;actualit\u00e9 sportive\",\"publisher\":{\"@id\":\"https:\/\/dicodusport.fr\/blog\/#organization\"},\"potentialAction\":[{\"@type\":\"SearchAction\",\"target\":{\"@type\":\"EntryPoint\",\"urlTemplate\":\"https:\/\/dicodusport.fr\/blog\/?s={search_term_string}\"},\"query-input\":{\"@type\":\"PropertyValueSpecification\",\"valueRequired\":true,\"valueName\":\"search_term_string\"}}],\"inLanguage\":\"fr-FR\"},{\"@type\":\"NewsMediaOrganization\",\"@id\":\"https:\/\/dicodusport.fr\/blog\/#organization\",\"name\":\"Dicodusport\",\"url\":\"https:\/\/dicodusport.fr\/blog\/\",\"logo\":{\"@type\":\"ImageObject\",\"inLanguage\":\"fr-FR\",\"@id\":\"https:\/\/dicodusport.fr\/blog\/#\/schema\/logo\/image\/\",\"url\":\"https:\/\/dicodusport.fr\/blog\/wp-content\/uploads\/2020\/06\/cropped-LOGO-DICODUSPORT-2020-SANS-FOND-SANS-TEXTE.png\",\"contentUrl\":\"https:\/\/dicodusport.fr\/blog\/wp-content\/uploads\/2020\/06\/cropped-LOGO-DICODUSPORT-2020-SANS-FOND-SANS-TEXTE.png\",\"width\":512,\"height\":512,\"caption\":\"Dicodusport\"},\"image\":{\"@id\":\"https:\/\/dicodusport.fr\/blog\/#\/schema\/logo\/image\/\"},\"sameAs\":[\"https:\/\/www.facebook.com\/dicodusport\",\"https:\/\/x.com\/dicodusport\",\"https:\/\/www.instagram.com\/dicodusport\/\",\"https:\/\/www.youtube.com\/channel\/UC7V2KZ5sd3htJivAbA4ZG3w\"],\"description\":\"Dicodusport est l'encyclop\u00e9die de l'actualit\u00e9 sportive.\",\"email\":\"bonjour@dicodusport.fr\",\"legalName\":\"DICODUSPORT\",\"foundingDate\":\"2018-01-14\",\"vatID\":\"FR71834470973\",\"taxID\":\"83447097300043\",\"numberOfEmployees\":{\"@type\":\"QuantitativeValue\",\"minValue\":\"1\",\"maxValue\":\"10\"}},{\"@type\":\"Person\",\"@id\":\"https:\/\/dicodusport.fr\/blog\/#\/schema\/person\/2d00cb7edce22380129fc3141987a97f\",\"name\":\"Louis Bouchardon\",\"image\":{\"@type\":\"ImageObject\",\"inLanguage\":\"fr-FR\",\"@id\":\"https:\/\/dicodusport.fr\/blog\/#\/schema\/person\/image\/\",\"url\":\"https:\/\/dicodusport.fr\/blog\/wp-content\/uploads\/2025\/02\/Maillot-Dicodusport-Loulou-49-150x150.png\",\"contentUrl\":\"https:\/\/dicodusport.fr\/blog\/wp-content\/uploads\/2025\/02\/Maillot-Dicodusport-Loulou-49-150x150.png\",\"caption\":\"Louis Bouchardon\"},\"description\":\"Berc\u00e9 dans la fin des ann\u00e9es 90 au son des rayons de v\u00e9lo d\u2019un p\u00e8re cycliste amateur, le sport n\u2019a depuis plus jamais quitt\u00e9 mon quotidien. Sp\u00e9cialiste du ballon rond comme du ballon ovale, je suis r\u00e9dacteur chez Dicodusport depuis d\u00e9cembre 2023.\",\"url\":\"https:\/\/dicodusport.fr\/blog\/author\/louis-bouchardon\/\"}]}<\/script>\n<!-- \/ Yoast SEO Premium plugin. -->","yoast_head_json":{"title":"4 Jours de Dunkerque 2024 : Sam Bennett remporte la 2\u00e8me \u00e9tape","description":"Nouveau succ\u00e8s cette saison pour D\u00e9cathlon AG2R La Mondiale Team. L'Irlandais Sam Bennett s'est impos\u00e9 au sprint sur la 2\u00e8me \u00e9tape des 4 Jours de Dunkerque.\u00a0","robots":{"index":"index","follow":"follow","max-snippet":"max-snippet:-1","max-image-preview":"max-image-preview:large","max-video-preview":"max-video-preview:-1"},"canonical":"https:\/\/dicodusport.fr\/blog\/4-jours-de-dunkerque-2024-sam-bennett-remporte-la-2eme-etape\/","og_locale":"fr_FR","og_type":"article","og_title":"4 Jours de Dunkerque 2024 : Sam Bennett remporte la 2\u00e8me \u00e9tape","og_description":"Nouveau succ\u00e8s cette saison pour D\u00e9cathlon AG2R La Mondiale Team. L'Irlandais Sam Bennett s'est impos\u00e9 au sprint sur la 2\u00e8me \u00e9tape des 4 Jours de Dunkerque.\u00a0","og_url":"https:\/\/dicodusport.fr\/blog\/4-jours-de-dunkerque-2024-sam-bennett-remporte-la-2eme-etape\/","og_site_name":"Dicodusport","article_publisher":"https:\/\/www.facebook.com\/dicodusport","article_published_time":"2024-05-15T15:42:34+00:00","article_modified_time":"2024-05-15T16:00:33+00:00","og_image":[{"width":1200,"height":674,"url":"https:\/\/dicodusport.fr\/blog\/wp-content\/uploads\/2024\/05\/4-Jours-de-Dunkerque-2024-Sam-Bennett-remporte-la-2eme-etape-1.png","type":"image\/png"}],"author":"Louis Bouchardon","twitter_card":"summary_large_image","twitter_title":"4 Jours de Dunkerque 2024 : Sam Bennett remporte la 2\u00e8me \u00e9tape","twitter_creator":"@dicodusport","twitter_site":"@dicodusport","schema":{"@context":"https:\/\/schema.org","@graph":[{"@type":"NewsArticle","@id":"https:\/\/dicodusport.fr\/blog\/4-jours-de-dunkerque-2024-sam-bennett-remporte-la-2eme-etape\/#article","isPartOf":{"@id":"https:\/\/dicodusport.fr\/blog\/4-jours-de-dunkerque-2024-sam-bennett-remporte-la-2eme-etape\/"},"author":{"name":"Louis Bouchardon","@id":"https:\/\/dicodusport.fr\/blog\/#\/schema\/person\/2d00cb7edce22380129fc3141987a97f"},"headline":"4 Jours de Dunkerque 2024 : Sam Bennett remporte la 2\u00e8me \u00e9tape","datePublished":"2024-05-15T15:42:34+00:00","dateModified":"2024-05-15T16:00:33+00:00","mainEntityOfPage":{"@id":"https:\/\/dicodusport.fr\/blog\/4-jours-de-dunkerque-2024-sam-bennett-remporte-la-2eme-etape\/"},"wordCount":482,"commentCount":0,"publisher":{"@id":"https:\/\/dicodusport.fr\/blog\/#organization"},"image":{"@id":"https:\/\/dicodusport.fr\/blog\/4-jours-de-dunkerque-2024-sam-bennett-remporte-la-2eme-etape\/#primaryimage"},"thumbnailUrl":"https:\/\/dicodusport.fr\/blog\/wp-content\/uploads\/2024\/05\/4-Jours-de-Dunkerque-2024-Sam-Bennett-remporte-la-2eme-etape-1.png","keywords":["br\u00e8ve","Sam Bennett"],"articleSection":["Cyclisme sur route"],"inLanguage":"fr-FR","potentialAction":[{"@type":"CommentAction","name":"Comment","target":["https:\/\/dicodusport.fr\/blog\/4-jours-de-dunkerque-2024-sam-bennett-remporte-la-2eme-etape\/#respond"]}],"copyrightYear":"2024","copyrightHolder":{"@id":"https:\/\/dicodusport.fr\/blog\/#organization"}},{"@type":"WebPage","@id":"https:\/\/dicodusport.fr\/blog\/4-jours-de-dunkerque-2024-sam-bennett-remporte-la-2eme-etape\/","url":"https:\/\/dicodusport.fr\/blog\/4-jours-de-dunkerque-2024-sam-bennett-remporte-la-2eme-etape\/","name":"4 Jours de Dunkerque 2024 : Sam Bennett remporte la 2\u00e8me \u00e9tape","isPartOf":{"@id":"https:\/\/dicodusport.fr\/blog\/#website"},"primaryImageOfPage":{"@id":"https:\/\/dicodusport.fr\/blog\/4-jours-de-dunkerque-2024-sam-bennett-remporte-la-2eme-etape\/#primaryimage"},"image":{"@id":"https:\/\/dicodusport.fr\/blog\/4-jours-de-dunkerque-2024-sam-bennett-remporte-la-2eme-etape\/#primaryimage"},"thumbnailUrl":"https:\/\/dicodusport.fr\/blog\/wp-content\/uploads\/2024\/05\/4-Jours-de-Dunkerque-2024-Sam-Bennett-remporte-la-2eme-etape-1.png","datePublished":"2024-05-15T15:42:34+00:00","dateModified":"2024-05-15T16:00:33+00:00","description":"Nouveau succ\u00e8s cette saison pour D\u00e9cathlon AG2R La Mondiale Team. L'Irlandais Sam Bennett s'est impos\u00e9 au sprint sur la 2\u00e8me \u00e9tape des 4 Jours de Dunkerque.\u00a0","breadcrumb":{"@id":"https:\/\/dicodusport.fr\/blog\/4-jours-de-dunkerque-2024-sam-bennett-remporte-la-2eme-etape\/#breadcrumb"},"inLanguage":"fr-FR","potentialAction":[{"@type":"ReadAction","target":["https:\/\/dicodusport.fr\/blog\/4-jours-de-dunkerque-2024-sam-bennett-remporte-la-2eme-etape\/"]}]},{"@type":"ImageObject","inLanguage":"fr-FR","@id":"https:\/\/dicodusport.fr\/blog\/4-jours-de-dunkerque-2024-sam-bennett-remporte-la-2eme-etape\/#primaryimage","url":"https:\/\/dicodusport.fr\/blog\/wp-content\/uploads\/2024\/05\/4-Jours-de-Dunkerque-2024-Sam-Bennett-remporte-la-2eme-etape-1.png","contentUrl":"https:\/\/dicodusport.fr\/blog\/wp-content\/uploads\/2024\/05\/4-Jours-de-Dunkerque-2024-Sam-Bennett-remporte-la-2eme-etape-1.png","width":1200,"height":674,"caption":"4 Jours de Dunkerque 2024 Sam Bennett remporte la 2\u00e8me \u00e9tape (1)"},{"@type":"BreadcrumbList","@id":"https:\/\/dicodusport.fr\/blog\/4-jours-de-dunkerque-2024-sam-bennett-remporte-la-2eme-etape\/#breadcrumb","itemListElement":[{"@type":"ListItem","position":1,"name":"Accueil","item":"https:\/\/dicodusport.fr\/blog\/"},{"@type":"ListItem","position":2,"name":"4 Jours de Dunkerque 2024 : Sam Bennett remporte la 2\u00e8me \u00e9tape"}]},{"@type":"WebSite","@id":"https:\/\/dicodusport.fr\/blog\/#website","url":"https:\/\/dicodusport.fr\/blog\/","name":"Dicodusport","description":"L&#039;encyclop\u00e9die de l&#039;actualit\u00e9 sportive","publisher":{"@id":"https:\/\/dicodusport.fr\/blog\/#organization"},"potentialAction":[{"@type":"SearchAction","target":{"@type":"EntryPoint","urlTemplate":"https:\/\/dicodusport.fr\/blog\/?s={search_term_string}"},"query-input":{"@type":"PropertyValueSpecification","valueRequired":true,"valueName":"search_term_string"}}],"inLanguage":"fr-FR"},{"@type":"NewsMediaOrganization","@id":"https:\/\/dicodusport.fr\/blog\/#organization","name":"Dicodusport","url":"https:\/\/dicodusport.fr\/blog\/","logo":{"@type":"ImageObject","inLanguage":"fr-FR","@id":"https:\/\/dicodusport.fr\/blog\/#\/schema\/logo\/image\/","url":"https:\/\/dicodusport.fr\/blog\/wp-content\/uploads\/2020\/06\/cropped-LOGO-DICODUSPORT-2020-SANS-FOND-SANS-TEXTE.png","contentUrl":"https:\/\/dicodusport.fr\/blog\/wp-content\/uploads\/2020\/06\/cropped-LOGO-DICODUSPORT-2020-SANS-FOND-SANS-TEXTE.png","width":512,"height":512,"caption":"Dicodusport"},"image":{"@id":"https:\/\/dicodusport.fr\/blog\/#\/schema\/logo\/image\/"},"sameAs":["https:\/\/www.facebook.com\/dicodusport","https:\/\/x.com\/dicodusport","https:\/\/www.instagram.com\/dicodusport\/","https:\/\/www.youtube.com\/channel\/UC7V2KZ5sd3htJivAbA4ZG3w"],"description":"Dicodusport est l'encyclop\u00e9die de l'actualit\u00e9 sportive.","email":"bonjour@dicodusport.fr","legalName":"DICODUSPORT","foundingDate":"2018-01-14","vatID":"FR71834470973","taxID":"83447097300043","numberOfEmployees":{"@type":"QuantitativeValue","minValue":"1","maxValue":"10"}},{"@type":"Person","@id":"https:\/\/dicodusport.fr\/blog\/#\/schema\/person\/2d00cb7edce22380129fc3141987a97f","name":"Louis Bouchardon","image":{"@type":"ImageObject","inLanguage":"fr-FR","@id":"https:\/\/dicodusport.fr\/blog\/#\/schema\/person\/image\/","url":"https:\/\/dicodusport.fr\/blog\/wp-content\/uploads\/2025\/02\/Maillot-Dicodusport-Loulou-49-150x150.png","contentUrl":"https:\/\/dicodusport.fr\/blog\/wp-content\/uploads\/2025\/02\/Maillot-Dicodusport-Loulou-49-150x150.png","caption":"Louis Bouchardon"},"description":"Berc\u00e9 dans la fin des ann\u00e9es 90 au son des rayons de v\u00e9lo d\u2019un p\u00e8re cycliste amateur, le sport n\u2019a depuis plus jamais quitt\u00e9 mon quotidien. Sp\u00e9cialiste du ballon rond comme du ballon ovale, je suis r\u00e9dacteur chez Dicodusport depuis d\u00e9cembre 2023.","url":"https:\/\/dicodusport.fr\/blog\/author\/louis-bouchardon\/"}]}},"_links":{"self":[{"href":"https:\/\/dicodusport.fr\/blog\/wp-json\/wp\/v2\/posts\/485733","targetHints":{"allow":["GET"]}}],"collection":[{"href":"https:\/\/dicodusport.fr\/blog\/wp-json\/wp\/v2\/posts"}],"about":[{"href":"https:\/\/dicodusport.fr\/blog\/wp-json\/wp\/v2\/types\/post"}],"author":[{"embeddable":true,"href":"https:\/\/dicodusport.fr\/blog\/wp-json\/wp\/v2\/users\/97"}],"replies":[{"embeddable":true,"href":"https:\/\/dicodusport.fr\/blog\/wp-json\/wp\/v2\/comments?post=485733"}],"version-history":[{"count":5,"href":"https:\/\/dicodusport.fr\/blog\/wp-json\/wp\/v2\/posts\/485733\/revisions"}],"predecessor-version":[{"id":485811,"href":"https:\/\/dicodusport.fr\/blog\/wp-json\/wp\/v2\/posts\/485733\/revisions\/485811"}],"wp:featuredmedia":[{"embeddable":true,"href":"https:\/\/dicodusport.fr\/blog\/wp-json\/wp\/v2\/media\/485808"}],"wp:attachment":[{"href":"https:\/\/dicodusport.fr\/blog\/wp-json\/wp\/v2\/media?parent=485733"}],"wp:term":[{"taxonomy":"category","embeddable":true,"href":"https:\/\/dicodusport.fr\/blog\/wp-json\/wp\/v2\/categories?post=485733"},{"taxonomy":"post_tag","embeddable":true,"href":"https:\/\/dicodusport.fr\/blog\/wp-json\/wp\/v2\/tags?post=485733"}],"curies":[{"name":"wp","href":"https:\/\/api.w.org\/{rel}","templated":true}]}}