{"id":485816,"date":"2024-05-15T18:42:21","date_gmt":"2024-05-15T16:42:21","guid":{"rendered":"https:\/\/dicodusport.fr\/blog\/?p=485816&#038;preview=true&#038;preview_id=485816"},"modified":"2024-05-15T19:30:00","modified_gmt":"2024-05-15T17:30:00","slug":"bellator-paris-la-liste-des-combats-cartes-principale-et-preliminaire","status":"publish","type":"post","link":"https:\/\/dicodusport.fr\/blog\/bellator-paris-la-liste-des-combats-cartes-principale-et-preliminaire\/","title":{"rendered":"Bellator Paris : La liste des combats &#8211; Cartes principale et pr\u00e9liminaire"},"content":{"rendered":"<p style=\"text-align: justify;\" align=\"justify\"><em><strong>BELLATOR PARIS &#8211; Voici la carte principale et la carte pr\u00e9liminaire du Bellator Paris qui se d\u00e9roule ce vendredi 17 mai.\u00a0<\/strong><\/em><\/p>\n<p style=\"text-align: justify;\" align=\"justify\">Deux mois apr\u00e8s son revers lors du <a href=\"https:\/\/dicodusport.fr\/blog\/pfl-paris-2-les-resultats-en-direct\/\">PFL Paris 2<\/a>, <strong>C\u00e9dric<\/strong> <strong>Doumb\u00e8<\/strong> est de retour. Battu par <strong>Baysangur \u00ab Baki \u00bb Chamsoudinov<\/strong>, la t\u00eate de gondole du MMA Fran\u00e7ais est revanchard au moment de faire son retour dans la cage ce vendredi \u00e0 l&rsquo;occasion de la premi\u00e8re \u00e9dition du <strong>Bellator<\/strong> \u00e0 <strong>Paris<\/strong>. L&rsquo;organisation am\u00e9ricaine a \u00e9t\u00e9 r\u00e9cemment rachet\u00e9e par le <strong>PFL<\/strong>. C&rsquo;est ce qui permet \u00e0 l&rsquo;ancien champion de kick-boxing d&rsquo;\u00eatre pr\u00e9sent.<\/p>\n<p style=\"text-align: justify;\" align=\"justify\"><strong>C\u00e9dric<\/strong> <strong>Doumb\u00e8<\/strong> sera attendu pour ce combat, m\u00eame s&rsquo;il n&rsquo;affronte pas l&rsquo;adversaire qui lui \u00e9tait pr\u00e9destin\u00e9. <strong>Derek<\/strong> <strong>Anderson\u00a0<\/strong>s&rsquo;est bless\u00e9 au pied et a d\u00fb renoncer \u00e0 l&rsquo;\u00e9v\u00e9nement parisien. Il est remplac\u00e9 par l&rsquo;Am\u00e9ricain <strong>Jaleel<\/strong> <strong>Willis<\/strong> qui a un bilan de 16 victoires et cinq d\u00e9faites. Ce sera l&rsquo;avant-dernier combat de cette soir\u00e9e, aux alentours de 22 heures.<\/p>\n<ul style=\"text-align: justify;\">\n<li style=\"text-align: justify;\"><strong>\u00c0 lire aussi : <a href=\"https:\/\/dicodusport.fr\/blog\/bellator-paris-en-direct-heure-et-chaine-tv-du-combat-doumbe-willis\/\" target=\"_blank\" rel=\"noopener\">Bellator Paris en direct : Heure et cha\u00eene TV du combat Doumb\u00e8 &#8211; Willis<\/a><\/strong><\/li>\n<\/ul>\n<p style=\"text-align: justify;\">Le <em>main event<\/em> sera un combat pour la ceinture des poids coqs entre <strong>Patchy<\/strong> <strong>Mix<\/strong> et <strong>Magomed<\/strong> <strong>Magomedov<\/strong>. D&rsquo;autres Fran\u00e7ais sont pr\u00e9vus lors de cette soir\u00e9e comme l&rsquo;exp\u00e9riment\u00e9 <strong>Mansour<\/strong> <strong>Barnaoui<\/strong> qui sera sur la carte pr\u00e9liminaire face \u00e0 <strong>Yusuke<\/strong> <strong>Yachi<\/strong> ou encore <strong>Gr\u00e9gory<\/strong> <strong>Babene<\/strong> qui va en d\u00e9coudre avec <strong>Costello van Steenis<\/strong> juste avant <strong>C\u00e9dric<\/strong> <strong>Doumb\u00e8<\/strong>.<\/p>\n<h2 style=\"text-align: justify;\">Carte principale du Bellator Paris<\/h2>\n<p style=\"text-align: justify;\">Patchy Mix vs Magomed Magomedov (titre bantamweight Bellator)<br \/>\nC\u00e9dric Doumb\u00e8 vs Jaleel Willis\u00a0(lightweigjt)<br \/>\nGregory Babene vs Costello van Steenis (middleweight)<br \/>\nYves Landu vs Jonas Bilharinho (featherweight)<br \/>\nArchie Colgan vs Thibault Gouti (lightweight)<\/p>\n<h2 style=\"text-align: justify;\">Carte pr\u00e9liminaire du Bellator Paris<\/h2>\n<p style=\"text-align: justify;\">Slim Trabelsi vs Louie Sutherland (heavyweight)<br \/>\nMansour Barnaoui vs Yusuke Yachi (lightweight)<br \/>\nImamshafi Aliev vs Mike Shipman (middleweight)<br \/>\nAspen Ladd vs Ekaterina Shakalova (featherweight f\u00e9minin)<br \/>\nAsa\u00ebl Adjoudj vs Bruno Fontes (poids plume)<\/p>\n","protected":false},"excerpt":{"rendered":"<p>BELLATOR PARIS &#8211; Voici la carte principale et la carte pr\u00e9liminaire du Bellator Paris qui se d\u00e9roule ce vendredi 17 mai.\u00a0<\/p>\n","protected":false},"author":1,"featured_media":485818,"comment_status":"open","ping_status":"closed","sticky":false,"template":"","format":"standard","meta":{"_acf_changed":false,"_daextam_enable_autolinks":"1","footnotes":""},"categories":[10666],"tags":[16878,30075],"class_list":["post-485816","post","type-post","status-publish","format-standard","has-post-thumbnail","hentry","category-mma","tag-breve","tag-cedric-doumbe"],"acf":[],"yoast_head":"<!-- This site is optimized with the Yoast SEO Premium plugin v26.7 (Yoast SEO v26.7) - https:\/\/yoast.com\/wordpress\/plugins\/seo\/ -->\n<title>Bellator Paris : La liste des combats - Cartes principale et pr\u00e9liminaire<\/title>\n<meta name=\"description\" content=\"BELLATOR PARIS - Voici la carte principale et la carte pr\u00e9liminaire du Bellator Paris qui se d\u00e9roule ce vendredi 17 mai.\u00a0\" \/>\n<meta name=\"robots\" content=\"index, follow, max-snippet:-1, max-image-preview:large, max-video-preview:-1\" \/>\n<link rel=\"canonical\" href=\"https:\/\/dicodusport.fr\/blog\/bellator-paris-la-liste-des-combats-cartes-principale-et-preliminaire\/\" \/>\n<meta property=\"og:locale\" content=\"fr_FR\" \/>\n<meta property=\"og:type\" content=\"article\" \/>\n<meta property=\"og:title\" content=\"Bellator Paris : La liste des combats - Cartes principale et pr\u00e9liminaire\" \/>\n<meta property=\"og:description\" content=\"BELLATOR PARIS - Voici la carte principale et la carte pr\u00e9liminaire du Bellator Paris qui se d\u00e9roule ce vendredi 17 mai.\u00a0\" \/>\n<meta property=\"og:url\" content=\"https:\/\/dicodusport.fr\/blog\/bellator-paris-la-liste-des-combats-cartes-principale-et-preliminaire\/\" \/>\n<meta property=\"og:site_name\" content=\"Dicodusport\" \/>\n<meta property=\"article:publisher\" content=\"https:\/\/www.facebook.com\/dicodusport\" \/>\n<meta property=\"article:author\" content=\"https:\/\/www.facebook.com\/dicodusport\" \/>\n<meta property=\"article:published_time\" content=\"2024-05-15T16:42:21+00:00\" \/>\n<meta property=\"article:modified_time\" content=\"2024-05-15T17:30:00+00:00\" \/>\n<meta property=\"og:image\" content=\"https:\/\/dicodusport.fr\/blog\/wp-content\/uploads\/2024\/05\/Bellator-Paris-La-liste-des-combats-\u2013-Cartes-principale-et-preliminaire.png\" \/>\n\t<meta property=\"og:image:width\" content=\"1200\" \/>\n\t<meta property=\"og:image:height\" content=\"674\" \/>\n\t<meta property=\"og:image:type\" content=\"image\/png\" \/>\n<meta name=\"author\" content=\"Nicolas Jacquemard\" \/>\n<meta name=\"twitter:card\" content=\"summary_large_image\" \/>\n<meta name=\"twitter:title\" content=\"Bellator Paris : La liste des combats - Cartes principale et pr\u00e9liminaire\" \/>\n<meta name=\"twitter:creator\" content=\"@https:\/\/twitter.com\/Nico_Jacquemard\" \/>\n<meta name=\"twitter:site\" content=\"@dicodusport\" \/>\n<script type=\"application\/ld+json\" class=\"yoast-schema-graph\">{\"@context\":\"https:\/\/schema.org\",\"@graph\":[{\"@type\":\"NewsArticle\",\"@id\":\"https:\/\/dicodusport.fr\/blog\/bellator-paris-la-liste-des-combats-cartes-principale-et-preliminaire\/#article\",\"isPartOf\":{\"@id\":\"https:\/\/dicodusport.fr\/blog\/bellator-paris-la-liste-des-combats-cartes-principale-et-preliminaire\/\"},\"author\":{\"name\":\"Nicolas Jacquemard\",\"@id\":\"https:\/\/dicodusport.fr\/blog\/#\/schema\/person\/55dcb50ad410894e431ed812bbb70191\"},\"headline\":\"Bellator Paris : La liste des combats &#8211; Cartes principale et pr\u00e9liminaire\",\"datePublished\":\"2024-05-15T16:42:21+00:00\",\"dateModified\":\"2024-05-15T17:30:00+00:00\",\"mainEntityOfPage\":{\"@id\":\"https:\/\/dicodusport.fr\/blog\/bellator-paris-la-liste-des-combats-cartes-principale-et-preliminaire\/\"},\"wordCount\":343,\"commentCount\":0,\"publisher\":{\"@id\":\"https:\/\/dicodusport.fr\/blog\/#organization\"},\"image\":{\"@id\":\"https:\/\/dicodusport.fr\/blog\/bellator-paris-la-liste-des-combats-cartes-principale-et-preliminaire\/#primaryimage\"},\"thumbnailUrl\":\"https:\/\/dicodusport.fr\/blog\/wp-content\/uploads\/2024\/05\/Bellator-Paris-La-liste-des-combats-\u2013-Cartes-principale-et-preliminaire.png\",\"keywords\":[\"br\u00e8ve\",\"C\u00e9dric Doumb\u00e9\"],\"articleSection\":[\"MMA\"],\"inLanguage\":\"fr-FR\",\"potentialAction\":[{\"@type\":\"CommentAction\",\"name\":\"Comment\",\"target\":[\"https:\/\/dicodusport.fr\/blog\/bellator-paris-la-liste-des-combats-cartes-principale-et-preliminaire\/#respond\"]}],\"copyrightYear\":\"2024\",\"copyrightHolder\":{\"@id\":\"https:\/\/dicodusport.fr\/blog\/#organization\"}},{\"@type\":\"WebPage\",\"@id\":\"https:\/\/dicodusport.fr\/blog\/bellator-paris-la-liste-des-combats-cartes-principale-et-preliminaire\/\",\"url\":\"https:\/\/dicodusport.fr\/blog\/bellator-paris-la-liste-des-combats-cartes-principale-et-preliminaire\/\",\"name\":\"Bellator Paris : La liste des combats - Cartes principale et pr\u00e9liminaire\",\"isPartOf\":{\"@id\":\"https:\/\/dicodusport.fr\/blog\/#website\"},\"primaryImageOfPage\":{\"@id\":\"https:\/\/dicodusport.fr\/blog\/bellator-paris-la-liste-des-combats-cartes-principale-et-preliminaire\/#primaryimage\"},\"image\":{\"@id\":\"https:\/\/dicodusport.fr\/blog\/bellator-paris-la-liste-des-combats-cartes-principale-et-preliminaire\/#primaryimage\"},\"thumbnailUrl\":\"https:\/\/dicodusport.fr\/blog\/wp-content\/uploads\/2024\/05\/Bellator-Paris-La-liste-des-combats-\u2013-Cartes-principale-et-preliminaire.png\",\"datePublished\":\"2024-05-15T16:42:21+00:00\",\"dateModified\":\"2024-05-15T17:30:00+00:00\",\"description\":\"BELLATOR PARIS - Voici la carte principale et la carte pr\u00e9liminaire du Bellator Paris qui se d\u00e9roule ce vendredi 17 mai.\u00a0\",\"breadcrumb\":{\"@id\":\"https:\/\/dicodusport.fr\/blog\/bellator-paris-la-liste-des-combats-cartes-principale-et-preliminaire\/#breadcrumb\"},\"inLanguage\":\"fr-FR\",\"potentialAction\":[{\"@type\":\"ReadAction\",\"target\":[\"https:\/\/dicodusport.fr\/blog\/bellator-paris-la-liste-des-combats-cartes-principale-et-preliminaire\/\"]}]},{\"@type\":\"ImageObject\",\"inLanguage\":\"fr-FR\",\"@id\":\"https:\/\/dicodusport.fr\/blog\/bellator-paris-la-liste-des-combats-cartes-principale-et-preliminaire\/#primaryimage\",\"url\":\"https:\/\/dicodusport.fr\/blog\/wp-content\/uploads\/2024\/05\/Bellator-Paris-La-liste-des-combats-\u2013-Cartes-principale-et-preliminaire.png\",\"contentUrl\":\"https:\/\/dicodusport.fr\/blog\/wp-content\/uploads\/2024\/05\/Bellator-Paris-La-liste-des-combats-\u2013-Cartes-principale-et-preliminaire.png\",\"width\":1200,\"height\":674},{\"@type\":\"BreadcrumbList\",\"@id\":\"https:\/\/dicodusport.fr\/blog\/bellator-paris-la-liste-des-combats-cartes-principale-et-preliminaire\/#breadcrumb\",\"itemListElement\":[{\"@type\":\"ListItem\",\"position\":1,\"name\":\"Accueil\",\"item\":\"https:\/\/dicodusport.fr\/blog\/\"},{\"@type\":\"ListItem\",\"position\":2,\"name\":\"Bellator Paris : La liste des combats &#8211; Cartes principale et pr\u00e9liminaire\"}]},{\"@type\":\"WebSite\",\"@id\":\"https:\/\/dicodusport.fr\/blog\/#website\",\"url\":\"https:\/\/dicodusport.fr\/blog\/\",\"name\":\"Dicodusport\",\"description\":\"L&#039;encyclop\u00e9die de l&#039;actualit\u00e9 sportive\",\"publisher\":{\"@id\":\"https:\/\/dicodusport.fr\/blog\/#organization\"},\"potentialAction\":[{\"@type\":\"SearchAction\",\"target\":{\"@type\":\"EntryPoint\",\"urlTemplate\":\"https:\/\/dicodusport.fr\/blog\/?s={search_term_string}\"},\"query-input\":{\"@type\":\"PropertyValueSpecification\",\"valueRequired\":true,\"valueName\":\"search_term_string\"}}],\"inLanguage\":\"fr-FR\"},{\"@type\":\"NewsMediaOrganization\",\"@id\":\"https:\/\/dicodusport.fr\/blog\/#organization\",\"name\":\"Dicodusport\",\"url\":\"https:\/\/dicodusport.fr\/blog\/\",\"logo\":{\"@type\":\"ImageObject\",\"inLanguage\":\"fr-FR\",\"@id\":\"https:\/\/dicodusport.fr\/blog\/#\/schema\/logo\/image\/\",\"url\":\"https:\/\/dicodusport.fr\/blog\/wp-content\/uploads\/2020\/06\/cropped-LOGO-DICODUSPORT-2020-SANS-FOND-SANS-TEXTE.png\",\"contentUrl\":\"https:\/\/dicodusport.fr\/blog\/wp-content\/uploads\/2020\/06\/cropped-LOGO-DICODUSPORT-2020-SANS-FOND-SANS-TEXTE.png\",\"width\":512,\"height\":512,\"caption\":\"Dicodusport\"},\"image\":{\"@id\":\"https:\/\/dicodusport.fr\/blog\/#\/schema\/logo\/image\/\"},\"sameAs\":[\"https:\/\/www.facebook.com\/dicodusport\",\"https:\/\/x.com\/dicodusport\",\"https:\/\/www.instagram.com\/dicodusport\/\",\"https:\/\/www.youtube.com\/channel\/UC7V2KZ5sd3htJivAbA4ZG3w\"],\"description\":\"Dicodusport est l'encyclop\u00e9die de l'actualit\u00e9 sportive.\",\"email\":\"bonjour@dicodusport.fr\",\"legalName\":\"DICODUSPORT\",\"foundingDate\":\"2018-01-14\",\"vatID\":\"FR71834470973\",\"taxID\":\"83447097300043\",\"numberOfEmployees\":{\"@type\":\"QuantitativeValue\",\"minValue\":\"1\",\"maxValue\":\"10\"}},{\"@type\":\"Person\",\"@id\":\"https:\/\/dicodusport.fr\/blog\/#\/schema\/person\/55dcb50ad410894e431ed812bbb70191\",\"name\":\"Nicolas Jacquemard\",\"image\":{\"@type\":\"ImageObject\",\"inLanguage\":\"fr-FR\",\"@id\":\"https:\/\/dicodusport.fr\/blog\/#\/schema\/person\/image\/\",\"url\":\"https:\/\/dicodusport.fr\/blog\/wp-content\/uploads\/2021\/05\/Nicolas-Jacquemard-150x150.jpeg\",\"contentUrl\":\"https:\/\/dicodusport.fr\/blog\/wp-content\/uploads\/2021\/05\/Nicolas-Jacquemard-150x150.jpeg\",\"caption\":\"Nicolas Jacquemard\"},\"description\":\"Passionn\u00e9 de sport et entrepreneur depuis mes 18 ans, la cr\u00e9ation de Dicodusport m'a sembl\u00e9 \u00e9vidente pour participer \u00e0 la m\u00e9diatisation d'un plus grand nombre de sports. Le chemin est long mais avec une \u00e9quipe des plus motiv\u00e9es et les Jeux Olympiques de Paris 2024 en point de mire, nous y arriverons ! Journaliste dans le monde du sport depuis plus de 5 ans, je traite aussi bien de football, de rugby, de biathlon que de cyclisme.\",\"sameAs\":[\"https:\/\/www.facebook.com\/dicodusport\",\"https:\/\/x.com\/https:\/\/twitter.com\/Nico_Jacquemard\"],\"url\":\"https:\/\/dicodusport.fr\/blog\/author\/dicodusport\/\"}]}<\/script>\n<!-- \/ Yoast SEO Premium plugin. -->","yoast_head_json":{"title":"Bellator Paris : La liste des combats - Cartes principale et pr\u00e9liminaire","description":"BELLATOR PARIS - Voici la carte principale et la carte pr\u00e9liminaire du Bellator Paris qui se d\u00e9roule ce vendredi 17 mai.\u00a0","robots":{"index":"index","follow":"follow","max-snippet":"max-snippet:-1","max-image-preview":"max-image-preview:large","max-video-preview":"max-video-preview:-1"},"canonical":"https:\/\/dicodusport.fr\/blog\/bellator-paris-la-liste-des-combats-cartes-principale-et-preliminaire\/","og_locale":"fr_FR","og_type":"article","og_title":"Bellator Paris : La liste des combats - Cartes principale et pr\u00e9liminaire","og_description":"BELLATOR PARIS - Voici la carte principale et la carte pr\u00e9liminaire du Bellator Paris qui se d\u00e9roule ce vendredi 17 mai.\u00a0","og_url":"https:\/\/dicodusport.fr\/blog\/bellator-paris-la-liste-des-combats-cartes-principale-et-preliminaire\/","og_site_name":"Dicodusport","article_publisher":"https:\/\/www.facebook.com\/dicodusport","article_author":"https:\/\/www.facebook.com\/dicodusport","article_published_time":"2024-05-15T16:42:21+00:00","article_modified_time":"2024-05-15T17:30:00+00:00","og_image":[{"width":1200,"height":674,"url":"https:\/\/dicodusport.fr\/blog\/wp-content\/uploads\/2024\/05\/Bellator-Paris-La-liste-des-combats-\u2013-Cartes-principale-et-preliminaire.png","type":"image\/png"}],"author":"Nicolas Jacquemard","twitter_card":"summary_large_image","twitter_title":"Bellator Paris : La liste des combats - Cartes principale et pr\u00e9liminaire","twitter_creator":"@https:\/\/twitter.com\/Nico_Jacquemard","twitter_site":"@dicodusport","schema":{"@context":"https:\/\/schema.org","@graph":[{"@type":"NewsArticle","@id":"https:\/\/dicodusport.fr\/blog\/bellator-paris-la-liste-des-combats-cartes-principale-et-preliminaire\/#article","isPartOf":{"@id":"https:\/\/dicodusport.fr\/blog\/bellator-paris-la-liste-des-combats-cartes-principale-et-preliminaire\/"},"author":{"name":"Nicolas Jacquemard","@id":"https:\/\/dicodusport.fr\/blog\/#\/schema\/person\/55dcb50ad410894e431ed812bbb70191"},"headline":"Bellator Paris : La liste des combats &#8211; Cartes principale et pr\u00e9liminaire","datePublished":"2024-05-15T16:42:21+00:00","dateModified":"2024-05-15T17:30:00+00:00","mainEntityOfPage":{"@id":"https:\/\/dicodusport.fr\/blog\/bellator-paris-la-liste-des-combats-cartes-principale-et-preliminaire\/"},"wordCount":343,"commentCount":0,"publisher":{"@id":"https:\/\/dicodusport.fr\/blog\/#organization"},"image":{"@id":"https:\/\/dicodusport.fr\/blog\/bellator-paris-la-liste-des-combats-cartes-principale-et-preliminaire\/#primaryimage"},"thumbnailUrl":"https:\/\/dicodusport.fr\/blog\/wp-content\/uploads\/2024\/05\/Bellator-Paris-La-liste-des-combats-\u2013-Cartes-principale-et-preliminaire.png","keywords":["br\u00e8ve","C\u00e9dric Doumb\u00e9"],"articleSection":["MMA"],"inLanguage":"fr-FR","potentialAction":[{"@type":"CommentAction","name":"Comment","target":["https:\/\/dicodusport.fr\/blog\/bellator-paris-la-liste-des-combats-cartes-principale-et-preliminaire\/#respond"]}],"copyrightYear":"2024","copyrightHolder":{"@id":"https:\/\/dicodusport.fr\/blog\/#organization"}},{"@type":"WebPage","@id":"https:\/\/dicodusport.fr\/blog\/bellator-paris-la-liste-des-combats-cartes-principale-et-preliminaire\/","url":"https:\/\/dicodusport.fr\/blog\/bellator-paris-la-liste-des-combats-cartes-principale-et-preliminaire\/","name":"Bellator Paris : La liste des combats - Cartes principale et pr\u00e9liminaire","isPartOf":{"@id":"https:\/\/dicodusport.fr\/blog\/#website"},"primaryImageOfPage":{"@id":"https:\/\/dicodusport.fr\/blog\/bellator-paris-la-liste-des-combats-cartes-principale-et-preliminaire\/#primaryimage"},"image":{"@id":"https:\/\/dicodusport.fr\/blog\/bellator-paris-la-liste-des-combats-cartes-principale-et-preliminaire\/#primaryimage"},"thumbnailUrl":"https:\/\/dicodusport.fr\/blog\/wp-content\/uploads\/2024\/05\/Bellator-Paris-La-liste-des-combats-\u2013-Cartes-principale-et-preliminaire.png","datePublished":"2024-05-15T16:42:21+00:00","dateModified":"2024-05-15T17:30:00+00:00","description":"BELLATOR PARIS - Voici la carte principale et la carte pr\u00e9liminaire du Bellator Paris qui se d\u00e9roule ce vendredi 17 mai.\u00a0","breadcrumb":{"@id":"https:\/\/dicodusport.fr\/blog\/bellator-paris-la-liste-des-combats-cartes-principale-et-preliminaire\/#breadcrumb"},"inLanguage":"fr-FR","potentialAction":[{"@type":"ReadAction","target":["https:\/\/dicodusport.fr\/blog\/bellator-paris-la-liste-des-combats-cartes-principale-et-preliminaire\/"]}]},{"@type":"ImageObject","inLanguage":"fr-FR","@id":"https:\/\/dicodusport.fr\/blog\/bellator-paris-la-liste-des-combats-cartes-principale-et-preliminaire\/#primaryimage","url":"https:\/\/dicodusport.fr\/blog\/wp-content\/uploads\/2024\/05\/Bellator-Paris-La-liste-des-combats-\u2013-Cartes-principale-et-preliminaire.png","contentUrl":"https:\/\/dicodusport.fr\/blog\/wp-content\/uploads\/2024\/05\/Bellator-Paris-La-liste-des-combats-\u2013-Cartes-principale-et-preliminaire.png","width":1200,"height":674},{"@type":"BreadcrumbList","@id":"https:\/\/dicodusport.fr\/blog\/bellator-paris-la-liste-des-combats-cartes-principale-et-preliminaire\/#breadcrumb","itemListElement":[{"@type":"ListItem","position":1,"name":"Accueil","item":"https:\/\/dicodusport.fr\/blog\/"},{"@type":"ListItem","position":2,"name":"Bellator Paris : La liste des combats &#8211; Cartes principale et pr\u00e9liminaire"}]},{"@type":"WebSite","@id":"https:\/\/dicodusport.fr\/blog\/#website","url":"https:\/\/dicodusport.fr\/blog\/","name":"Dicodusport","description":"L&#039;encyclop\u00e9die de l&#039;actualit\u00e9 sportive","publisher":{"@id":"https:\/\/dicodusport.fr\/blog\/#organization"},"potentialAction":[{"@type":"SearchAction","target":{"@type":"EntryPoint","urlTemplate":"https:\/\/dicodusport.fr\/blog\/?s={search_term_string}"},"query-input":{"@type":"PropertyValueSpecification","valueRequired":true,"valueName":"search_term_string"}}],"inLanguage":"fr-FR"},{"@type":"NewsMediaOrganization","@id":"https:\/\/dicodusport.fr\/blog\/#organization","name":"Dicodusport","url":"https:\/\/dicodusport.fr\/blog\/","logo":{"@type":"ImageObject","inLanguage":"fr-FR","@id":"https:\/\/dicodusport.fr\/blog\/#\/schema\/logo\/image\/","url":"https:\/\/dicodusport.fr\/blog\/wp-content\/uploads\/2020\/06\/cropped-LOGO-DICODUSPORT-2020-SANS-FOND-SANS-TEXTE.png","contentUrl":"https:\/\/dicodusport.fr\/blog\/wp-content\/uploads\/2020\/06\/cropped-LOGO-DICODUSPORT-2020-SANS-FOND-SANS-TEXTE.png","width":512,"height":512,"caption":"Dicodusport"},"image":{"@id":"https:\/\/dicodusport.fr\/blog\/#\/schema\/logo\/image\/"},"sameAs":["https:\/\/www.facebook.com\/dicodusport","https:\/\/x.com\/dicodusport","https:\/\/www.instagram.com\/dicodusport\/","https:\/\/www.youtube.com\/channel\/UC7V2KZ5sd3htJivAbA4ZG3w"],"description":"Dicodusport est l'encyclop\u00e9die de l'actualit\u00e9 sportive.","email":"bonjour@dicodusport.fr","legalName":"DICODUSPORT","foundingDate":"2018-01-14","vatID":"FR71834470973","taxID":"83447097300043","numberOfEmployees":{"@type":"QuantitativeValue","minValue":"1","maxValue":"10"}},{"@type":"Person","@id":"https:\/\/dicodusport.fr\/blog\/#\/schema\/person\/55dcb50ad410894e431ed812bbb70191","name":"Nicolas Jacquemard","image":{"@type":"ImageObject","inLanguage":"fr-FR","@id":"https:\/\/dicodusport.fr\/blog\/#\/schema\/person\/image\/","url":"https:\/\/dicodusport.fr\/blog\/wp-content\/uploads\/2021\/05\/Nicolas-Jacquemard-150x150.jpeg","contentUrl":"https:\/\/dicodusport.fr\/blog\/wp-content\/uploads\/2021\/05\/Nicolas-Jacquemard-150x150.jpeg","caption":"Nicolas Jacquemard"},"description":"Passionn\u00e9 de sport et entrepreneur depuis mes 18 ans, la cr\u00e9ation de Dicodusport m'a sembl\u00e9 \u00e9vidente pour participer \u00e0 la m\u00e9diatisation d'un plus grand nombre de sports. Le chemin est long mais avec une \u00e9quipe des plus motiv\u00e9es et les Jeux Olympiques de Paris 2024 en point de mire, nous y arriverons ! Journaliste dans le monde du sport depuis plus de 5 ans, je traite aussi bien de football, de rugby, de biathlon que de cyclisme.","sameAs":["https:\/\/www.facebook.com\/dicodusport","https:\/\/x.com\/https:\/\/twitter.com\/Nico_Jacquemard"],"url":"https:\/\/dicodusport.fr\/blog\/author\/dicodusport\/"}]}},"_links":{"self":[{"href":"https:\/\/dicodusport.fr\/blog\/wp-json\/wp\/v2\/posts\/485816","targetHints":{"allow":["GET"]}}],"collection":[{"href":"https:\/\/dicodusport.fr\/blog\/wp-json\/wp\/v2\/posts"}],"about":[{"href":"https:\/\/dicodusport.fr\/blog\/wp-json\/wp\/v2\/types\/post"}],"author":[{"embeddable":true,"href":"https:\/\/dicodusport.fr\/blog\/wp-json\/wp\/v2\/users\/1"}],"replies":[{"embeddable":true,"href":"https:\/\/dicodusport.fr\/blog\/wp-json\/wp\/v2\/comments?post=485816"}],"version-history":[{"count":3,"href":"https:\/\/dicodusport.fr\/blog\/wp-json\/wp\/v2\/posts\/485816\/revisions"}],"predecessor-version":[{"id":485840,"href":"https:\/\/dicodusport.fr\/blog\/wp-json\/wp\/v2\/posts\/485816\/revisions\/485840"}],"wp:featuredmedia":[{"embeddable":true,"href":"https:\/\/dicodusport.fr\/blog\/wp-json\/wp\/v2\/media\/485818"}],"wp:attachment":[{"href":"https:\/\/dicodusport.fr\/blog\/wp-json\/wp\/v2\/media?parent=485816"}],"wp:term":[{"taxonomy":"category","embeddable":true,"href":"https:\/\/dicodusport.fr\/blog\/wp-json\/wp\/v2\/categories?post=485816"},{"taxonomy":"post_tag","embeddable":true,"href":"https:\/\/dicodusport.fr\/blog\/wp-json\/wp\/v2\/tags?post=485816"}],"curies":[{"name":"wp","href":"https:\/\/api.w.org\/{rel}","templated":true}]}}