{"id":48596,"date":"2019-09-19T10:38:22","date_gmt":"2019-09-19T08:38:22","guid":{"rendered":"http:\/\/dicodusport.fr\/blog\/?p=48596"},"modified":"2019-09-19T11:14:46","modified_gmt":"2019-09-19T09:14:46","slug":"coup-denvoi-pour-la-ligue-europa-version-2019-2020","status":"publish","type":"post","link":"https:\/\/dicodusport.fr\/blog\/coup-denvoi-pour-la-ligue-europa-version-2019-2020\/","title":{"rendered":"Coup d&rsquo;envoi pour la Ligue Europa version 2019-2020"},"content":{"rendered":"<p style=\"text-align: justify;\"><em><strong>Apr\u00e8s la Ligue des Champions, place aujourd\u2019hui \u00e0 la reprise de la Ligue Europa. Une \u00e9dition qui s\u2019annonce une nouvelle fois relev\u00e9e.<\/strong><\/em><\/p>\n<p style=\"text-align: justify;\">Moins prestigieuse que la tr\u00e8s r\u00e9put\u00e9e <strong>Ligue des Champions<\/strong>, la <strong>Ligue Europa<\/strong> a su au fil du temps se faire une place de choix sur la sc\u00e8ne europ\u00e9enne. Et il suffit simplement de jeter un \u0153il sur la composition des diff\u00e9rents groupes pour se rendre rapidement compte que cette 49<sup>\u00e8me<\/sup> \u00e9dition de la fameuse C3 nous offrira une fois encore de belles rencontres, avant son d\u00e9nouement \u00e0 Gdansk.<\/p>\n<p>https:\/\/twitter.com\/EuropaLeague\/status\/1134021629346963456?s=20<\/p>\n<h2 style=\"text-align: justify;\">Format<\/h2>\n<p style=\"text-align: justify;\">Les 48 \u00e9quipes sur la ligne de d\u00e9part de cette nouvelle \u00e9dition de la <strong>Ligue Europa<\/strong> ont \u00e9t\u00e9 r\u00e9parties dans les 12 groupes compos\u00e9s de 4 \u00e9quipes. Comme en <strong>Ligue des Champions<\/strong>, l\u2019objectif est de finir dans les deux premiers de son groupe pour rejoindre les seizi\u00e8mes de finale. Les qualifi\u00e9s seront alors rejoints par les huit \u00e9quipes ayant termin\u00e9 troisi\u00e8me de leur groupe en Ligue des Champions. Place ensuite \u00e0 des rencontres aller-retour comme pour la plus prestigieuse des comp\u00e9titions europ\u00e9ennes. A la cl\u00e9, pour le vainqueur, une place qualificative en Ligue des Champions pour l\u2019ann\u00e9e suivante.<\/p>\n<h2 style=\"text-align: justify;\">Favoris<\/h2>\n<p style=\"text-align: justify;\">Pour cette \u00e9dition 2019 \/ 2020 de la <strong>Ligue Europa<\/strong>, difficile de pr\u00e9dire par avance le nom du prochain champion d\u2019Europe tellement la densit\u00e9 est importante parmi les grands d\u2019Europe. Apr\u00e8s avoir domin\u00e9 l\u2019\u00e9dition pr\u00e9c\u00e9dente et placer deux de ses repr\u00e9sentants en finale (avec Chelsea et Arsenal), les Anglais font une nouvelle fois figure de favoris avec <strong>Arsenal<\/strong>, <strong>Manchester United<\/strong> mais aussi <strong>Wolverhampton<\/strong>.<\/p>\n<p style=\"text-align: justify;\">S\u00e9ville, fid\u00e8le vainqueur de la comp\u00e9tition (\u00e0 5 reprises, dont 2014, 2015 et 2016) sera bien au rendez-vous, tout comme ses voisins portugais du <strong>FC Porto<\/strong> et du <strong>Sporting<\/strong>. Il faudra \u00e9galement se m\u00e9fier des Allemands, avec les demi-finalistes sortant\u00a0(<strong>l\u2019Eintracht Francfort<\/strong>), accompagn\u00e9s de <strong>Wolfsbourg<\/strong> et du <strong>Borussia M\u00f6nchengladbach<\/strong>. Plut\u00f4t habitu\u00e9s de la Ligue des Champions que de la Ligue Europa, <strong>l\u2019AS Roma<\/strong>, le <strong>Dynamo Kiev<\/strong>, <strong>Besiktas<\/strong> ou encore le <strong>CSKA Moscou<\/strong> seront \u00e0 prendre \u00e9galement tr\u00e8s au s\u00e9rieux.<\/p>\n<p>https:\/\/twitter.com\/EuropaLeague\/status\/1167404081343868929?s=20<\/p>\n<h2 style=\"text-align: justify;\">C\u00f4t\u00e9 Fran\u00e7ais<\/h2>\n<p style=\"text-align: justify;\">Apr\u00e8s l\u2019\u00e9limination du <strong>Racing Club de Strasbourg<\/strong> en barrages face aux Allemands de Francfort, deux clubs fran\u00e7ais repr\u00e9senteront le football tricolore dans cette Ligue Europa\u00a0: le <strong>Stade Rennais<\/strong> et <strong>l\u2019AS Saint-\u00c9tienne<\/strong>. Qualifi\u00e9s respectivement par leur victoire en Coupe de France et leur quatri\u00e8me place en championnat de Ligue 1 la saison derni\u00e8re, Rennais et St\u00e9phanois tenteront de sortir de leurs groupes.<\/p>\n<p style=\"text-align: justify;\">Plac\u00e9s dans le chapeau 3 au moment du tirage au sort, les Verts ont h\u00e9rit\u00e9 d\u2019un groupe qui sent bon l\u2019Europe. En compagnie des Allemands de <strong>Wolfsbourg<\/strong>, des Belges de <strong>La Gantoise<\/strong> et des Ukrainiens d\u2019<strong>Oleksandriia<\/strong>, l\u2019<strong>AS Saint-\u00c9tienne<\/strong> poss\u00e8de les armes pour sortir de ce groupe. Hormis un d\u00e9placement en Ukraine, les Verts auront la chance d\u2019\u00e9voluer \u00e0 proximit\u00e9 de chez eux en se rendant en Allemagne et en Belgique. Un \u00e9l\u00e9ment non n\u00e9gligeable dans une coupe d\u2019Europe o\u00f9 les d\u00e9placements lointains sont souvent compliqu\u00e9s \u00e0 g\u00e9rer.<\/p>\n<p>https:\/\/twitter.com\/ASSEofficiel\/status\/1167442099001860096?s=20<\/p>\n<p style=\"text-align: justify;\">\u00c9galement dans le troisi\u00e8me chapeau au tirage au sort, le <strong>Stade Rennais<\/strong> fut \u00e9galement servi pour offrir des rencontres dignes d\u2019une coupe d\u2019Europe \u00e0 ses supporters. Auteurs d\u2019un beau parcours l\u2019an dernier sur la sc\u00e8ne continentale, les Bretons devront \u00eatre performants pour se sortir de leur groupe compos\u00e9 de la <strong>Lazio Rome<\/strong>, des mythiques \u00c9cossais du <strong>Celtic<\/strong> et des Roumains de <strong>Cluj<\/strong>. Des \u00e9quipes habitu\u00e9es \u00e0 l\u2019Europe qui poseront \u00e0 coup sur des probl\u00e8mes aux Rennais. Mais apr\u00e8s tout, c\u2019est ce que l\u2019on aime en Coupe d\u2019Europe\u00a0!<\/p>\n<p>https:\/\/twitter.com\/staderennais\/status\/1167449513524641792?s=20<\/p>\n<p style=\"text-align: justify;\"><strong><em>Bastien Pitte<br \/>\n<a href=\"https:\/\/www.facebook.com\/bastien.pitte\" target=\"_blank\" rel=\"noopener\"><img loading=\"lazy\" decoding=\"async\" class=\"alignnone wp-image-2909\" src=\"http:\/\/dicodusport.fr\/blog\/wp-content\/uploads\/2017\/07\/logo-facebook-150x150.png\" alt=\"\" width=\"39\" height=\"39\" \/><\/a><\/em><\/strong><a href=\"https:\/\/www.linkedin.com\/in\/bastien-pitte\" target=\"_blank\" rel=\"noopener\"><img loading=\"lazy\" decoding=\"async\" class=\"alignnone wp-image-3711\" src=\"http:\/\/dicodusport.fr\/blog\/wp-content\/uploads\/2017\/08\/signature-linkedin-150x150.png\" alt=\"\" width=\"39\" height=\"39\" srcset=\"https:\/\/dicodusport.fr\/blog\/wp-content\/uploads\/2017\/08\/signature-linkedin-150x150.png 150w, https:\/\/dicodusport.fr\/blog\/wp-content\/uploads\/2017\/08\/signature-linkedin.png 295w\" sizes=\"auto, (max-width: 39px) 100vw, 39px\" \/><\/a><\/p>\n","protected":false},"excerpt":{"rendered":"<p>Apr\u00e8s la Ligue des Champions, place aujourd\u2019hui \u00e0 la reprise de la Ligue Europa. Une \u00e9dition qui s\u2019annonce une nouvelle fois relev\u00e9e.<\/p>\n","protected":false},"author":28,"featured_media":48609,"comment_status":"open","ping_status":"closed","sticky":false,"template":"","format":"standard","meta":{"_acf_changed":false,"_daextam_enable_autolinks":"","footnotes":""},"categories":[2301],"tags":[3434,2871,2760,4383,75,4437,4155,1865],"class_list":["post-48596","post","type-post","status-publish","format-standard","has-post-thumbnail","hentry","category-football","tag-arsenal","tag-as-saint-etienne","tag-chelsea","tag-fc-seville","tag-football","tag-ligue-europa","tag-manchester-united","tag-stade-rennais"],"acf":[],"yoast_head":"<!-- This site is optimized with the Yoast SEO Premium plugin v26.7 (Yoast SEO v26.7) - https:\/\/yoast.com\/wordpress\/plugins\/seo\/ -->\n<title>Coup d&#039;envoi pour la Ligue Europa version 2019-2020<\/title>\n<meta name=\"description\" content=\"Apr\u00e8s la Ligue des Champions, place aujourd\u2019hui \u00e0 la reprise de la Ligue Europa. Une \u00e9dition qui s\u2019annonce une nouvelle fois relev\u00e9e.\" \/>\n<meta name=\"robots\" content=\"index, follow, max-snippet:-1, max-image-preview:large, max-video-preview:-1\" \/>\n<link rel=\"canonical\" href=\"https:\/\/dicodusport.fr\/blog\/coup-denvoi-pour-la-ligue-europa-version-2019-2020\/\" \/>\n<meta property=\"og:locale\" content=\"fr_FR\" \/>\n<meta property=\"og:type\" content=\"article\" \/>\n<meta property=\"og:title\" content=\"Ce qu&#039;il faut savoir avant le d\u00e9but de la Ligue Europa version 2019-2020\" \/>\n<meta property=\"og:description\" content=\"Apr\u00e8s la Ligue des Champions, place aujourd\u2019hui \u00e0 la reprise de la Ligue Europa. Une \u00e9dition qui s\u2019annonce une nouvelle fois relev\u00e9e.\" \/>\n<meta property=\"og:url\" content=\"https:\/\/dicodusport.fr\/blog\/coup-denvoi-pour-la-ligue-europa-version-2019-2020\/\" \/>\n<meta property=\"og:site_name\" content=\"Dicodusport\" \/>\n<meta property=\"article:publisher\" content=\"https:\/\/www.facebook.com\/dicodusport\" \/>\n<meta property=\"article:published_time\" content=\"2019-09-19T08:38:22+00:00\" \/>\n<meta property=\"article:modified_time\" content=\"2019-09-19T09:14:46+00:00\" \/>\n<meta property=\"og:image\" content=\"https:\/\/dicodusport.fr\/blog\/wp-content\/uploads\/2019\/09\/Coup-denvoi-pour-la-Ligue-Europa-version-2019-2020.png\" \/>\n\t<meta property=\"og:image:width\" content=\"800\" \/>\n\t<meta property=\"og:image:height\" content=\"445\" \/>\n\t<meta property=\"og:image:type\" content=\"image\/png\" \/>\n<meta name=\"author\" content=\"Bastien Pitte\" \/>\n<meta name=\"twitter:card\" content=\"summary_large_image\" \/>\n<meta name=\"twitter:title\" content=\"Ce qu&#039;il faut savoir avant le d\u00e9but de la Ligue Europa version 2019-2020\" \/>\n<meta name=\"twitter:creator\" content=\"@dicodusport\" \/>\n<meta name=\"twitter:site\" content=\"@dicodusport\" \/>\n<script type=\"application\/ld+json\" class=\"yoast-schema-graph\">{\"@context\":\"https:\/\/schema.org\",\"@graph\":[{\"@type\":\"NewsArticle\",\"@id\":\"https:\/\/dicodusport.fr\/blog\/coup-denvoi-pour-la-ligue-europa-version-2019-2020\/#article\",\"isPartOf\":{\"@id\":\"https:\/\/dicodusport.fr\/blog\/coup-denvoi-pour-la-ligue-europa-version-2019-2020\/\"},\"author\":{\"name\":\"Bastien Pitte\",\"@id\":\"https:\/\/dicodusport.fr\/blog\/#\/schema\/person\/0d3ca824646a2d0c77bdd7e45230c071\"},\"headline\":\"Coup d&rsquo;envoi pour la Ligue Europa version 2019-2020\",\"datePublished\":\"2019-09-19T08:38:22+00:00\",\"dateModified\":\"2019-09-19T09:14:46+00:00\",\"mainEntityOfPage\":{\"@id\":\"https:\/\/dicodusport.fr\/blog\/coup-denvoi-pour-la-ligue-europa-version-2019-2020\/\"},\"wordCount\":665,\"commentCount\":0,\"publisher\":{\"@id\":\"https:\/\/dicodusport.fr\/blog\/#organization\"},\"image\":{\"@id\":\"https:\/\/dicodusport.fr\/blog\/coup-denvoi-pour-la-ligue-europa-version-2019-2020\/#primaryimage\"},\"thumbnailUrl\":\"https:\/\/dicodusport.fr\/blog\/wp-content\/uploads\/2019\/09\/Coup-denvoi-pour-la-Ligue-Europa-version-2019-2020.png\",\"keywords\":[\"Arsenal\",\"AS Saint-Etienne\",\"Chelsea\",\"FC S\u00e9ville\",\"Football\",\"Ligue Europa\",\"Manchester United\",\"Stade rennais\"],\"articleSection\":[\"Football\"],\"inLanguage\":\"fr-FR\",\"potentialAction\":[{\"@type\":\"CommentAction\",\"name\":\"Comment\",\"target\":[\"https:\/\/dicodusport.fr\/blog\/coup-denvoi-pour-la-ligue-europa-version-2019-2020\/#respond\"]}],\"copyrightYear\":\"2019\",\"copyrightHolder\":{\"@id\":\"https:\/\/dicodusport.fr\/blog\/#organization\"}},{\"@type\":\"WebPage\",\"@id\":\"https:\/\/dicodusport.fr\/blog\/coup-denvoi-pour-la-ligue-europa-version-2019-2020\/\",\"url\":\"https:\/\/dicodusport.fr\/blog\/coup-denvoi-pour-la-ligue-europa-version-2019-2020\/\",\"name\":\"Coup d'envoi pour la Ligue Europa version 2019-2020\",\"isPartOf\":{\"@id\":\"https:\/\/dicodusport.fr\/blog\/#website\"},\"primaryImageOfPage\":{\"@id\":\"https:\/\/dicodusport.fr\/blog\/coup-denvoi-pour-la-ligue-europa-version-2019-2020\/#primaryimage\"},\"image\":{\"@id\":\"https:\/\/dicodusport.fr\/blog\/coup-denvoi-pour-la-ligue-europa-version-2019-2020\/#primaryimage\"},\"thumbnailUrl\":\"https:\/\/dicodusport.fr\/blog\/wp-content\/uploads\/2019\/09\/Coup-denvoi-pour-la-Ligue-Europa-version-2019-2020.png\",\"datePublished\":\"2019-09-19T08:38:22+00:00\",\"dateModified\":\"2019-09-19T09:14:46+00:00\",\"description\":\"Apr\u00e8s la Ligue des Champions, place aujourd\u2019hui \u00e0 la reprise de la Ligue Europa. Une \u00e9dition qui s\u2019annonce une nouvelle fois relev\u00e9e.\",\"breadcrumb\":{\"@id\":\"https:\/\/dicodusport.fr\/blog\/coup-denvoi-pour-la-ligue-europa-version-2019-2020\/#breadcrumb\"},\"inLanguage\":\"fr-FR\",\"potentialAction\":[{\"@type\":\"ReadAction\",\"target\":[\"https:\/\/dicodusport.fr\/blog\/coup-denvoi-pour-la-ligue-europa-version-2019-2020\/\"]}]},{\"@type\":\"ImageObject\",\"inLanguage\":\"fr-FR\",\"@id\":\"https:\/\/dicodusport.fr\/blog\/coup-denvoi-pour-la-ligue-europa-version-2019-2020\/#primaryimage\",\"url\":\"https:\/\/dicodusport.fr\/blog\/wp-content\/uploads\/2019\/09\/Coup-denvoi-pour-la-Ligue-Europa-version-2019-2020.png\",\"contentUrl\":\"https:\/\/dicodusport.fr\/blog\/wp-content\/uploads\/2019\/09\/Coup-denvoi-pour-la-Ligue-Europa-version-2019-2020.png\",\"width\":800,\"height\":445},{\"@type\":\"BreadcrumbList\",\"@id\":\"https:\/\/dicodusport.fr\/blog\/coup-denvoi-pour-la-ligue-europa-version-2019-2020\/#breadcrumb\",\"itemListElement\":[{\"@type\":\"ListItem\",\"position\":1,\"name\":\"Accueil\",\"item\":\"https:\/\/dicodusport.fr\/blog\/\"},{\"@type\":\"ListItem\",\"position\":2,\"name\":\"Coup d&rsquo;envoi pour la Ligue Europa version 2019-2020\"}]},{\"@type\":\"WebSite\",\"@id\":\"https:\/\/dicodusport.fr\/blog\/#website\",\"url\":\"https:\/\/dicodusport.fr\/blog\/\",\"name\":\"Dicodusport\",\"description\":\"L&#039;encyclop\u00e9die de l&#039;actualit\u00e9 sportive\",\"publisher\":{\"@id\":\"https:\/\/dicodusport.fr\/blog\/#organization\"},\"potentialAction\":[{\"@type\":\"SearchAction\",\"target\":{\"@type\":\"EntryPoint\",\"urlTemplate\":\"https:\/\/dicodusport.fr\/blog\/?s={search_term_string}\"},\"query-input\":{\"@type\":\"PropertyValueSpecification\",\"valueRequired\":true,\"valueName\":\"search_term_string\"}}],\"inLanguage\":\"fr-FR\"},{\"@type\":\"NewsMediaOrganization\",\"@id\":\"https:\/\/dicodusport.fr\/blog\/#organization\",\"name\":\"Dicodusport\",\"url\":\"https:\/\/dicodusport.fr\/blog\/\",\"logo\":{\"@type\":\"ImageObject\",\"inLanguage\":\"fr-FR\",\"@id\":\"https:\/\/dicodusport.fr\/blog\/#\/schema\/logo\/image\/\",\"url\":\"https:\/\/dicodusport.fr\/blog\/wp-content\/uploads\/2020\/06\/cropped-LOGO-DICODUSPORT-2020-SANS-FOND-SANS-TEXTE.png\",\"contentUrl\":\"https:\/\/dicodusport.fr\/blog\/wp-content\/uploads\/2020\/06\/cropped-LOGO-DICODUSPORT-2020-SANS-FOND-SANS-TEXTE.png\",\"width\":512,\"height\":512,\"caption\":\"Dicodusport\"},\"image\":{\"@id\":\"https:\/\/dicodusport.fr\/blog\/#\/schema\/logo\/image\/\"},\"sameAs\":[\"https:\/\/www.facebook.com\/dicodusport\",\"https:\/\/x.com\/dicodusport\",\"https:\/\/www.instagram.com\/dicodusport\/\",\"https:\/\/www.youtube.com\/channel\/UC7V2KZ5sd3htJivAbA4ZG3w\"],\"description\":\"Dicodusport est l'encyclop\u00e9die de l'actualit\u00e9 sportive.\",\"email\":\"bonjour@dicodusport.fr\",\"legalName\":\"DICODUSPORT\",\"foundingDate\":\"2018-01-14\",\"vatID\":\"FR71834470973\",\"taxID\":\"83447097300043\",\"numberOfEmployees\":{\"@type\":\"QuantitativeValue\",\"minValue\":\"1\",\"maxValue\":\"10\"}},{\"@type\":\"Person\",\"@id\":\"https:\/\/dicodusport.fr\/blog\/#\/schema\/person\/0d3ca824646a2d0c77bdd7e45230c071\",\"name\":\"Bastien Pitte\",\"image\":{\"@type\":\"ImageObject\",\"inLanguage\":\"fr-FR\",\"@id\":\"https:\/\/dicodusport.fr\/blog\/#\/schema\/person\/image\/\",\"url\":\"https:\/\/dicodusport.fr\/blog\/wp-content\/uploads\/2020\/06\/cropped-LOGO-DICODUSPORT-2020-SANS-FOND-SANS-TEXTE-150x150.png\",\"contentUrl\":\"https:\/\/dicodusport.fr\/blog\/wp-content\/uploads\/2020\/06\/cropped-LOGO-DICODUSPORT-2020-SANS-FOND-SANS-TEXTE-150x150.png\",\"caption\":\"Bastien Pitte\"},\"url\":\"https:\/\/dicodusport.fr\/blog\/author\/bastien\/\"}]}<\/script>\n<!-- \/ Yoast SEO Premium plugin. -->","yoast_head_json":{"title":"Coup d'envoi pour la Ligue Europa version 2019-2020","description":"Apr\u00e8s la Ligue des Champions, place aujourd\u2019hui \u00e0 la reprise de la Ligue Europa. Une \u00e9dition qui s\u2019annonce une nouvelle fois relev\u00e9e.","robots":{"index":"index","follow":"follow","max-snippet":"max-snippet:-1","max-image-preview":"max-image-preview:large","max-video-preview":"max-video-preview:-1"},"canonical":"https:\/\/dicodusport.fr\/blog\/coup-denvoi-pour-la-ligue-europa-version-2019-2020\/","og_locale":"fr_FR","og_type":"article","og_title":"Ce qu'il faut savoir avant le d\u00e9but de la Ligue Europa version 2019-2020","og_description":"Apr\u00e8s la Ligue des Champions, place aujourd\u2019hui \u00e0 la reprise de la Ligue Europa. Une \u00e9dition qui s\u2019annonce une nouvelle fois relev\u00e9e.","og_url":"https:\/\/dicodusport.fr\/blog\/coup-denvoi-pour-la-ligue-europa-version-2019-2020\/","og_site_name":"Dicodusport","article_publisher":"https:\/\/www.facebook.com\/dicodusport","article_published_time":"2019-09-19T08:38:22+00:00","article_modified_time":"2019-09-19T09:14:46+00:00","og_image":[{"width":800,"height":445,"url":"https:\/\/dicodusport.fr\/blog\/wp-content\/uploads\/2019\/09\/Coup-denvoi-pour-la-Ligue-Europa-version-2019-2020.png","type":"image\/png"}],"author":"Bastien Pitte","twitter_card":"summary_large_image","twitter_title":"Ce qu'il faut savoir avant le d\u00e9but de la Ligue Europa version 2019-2020","twitter_creator":"@dicodusport","twitter_site":"@dicodusport","schema":{"@context":"https:\/\/schema.org","@graph":[{"@type":"NewsArticle","@id":"https:\/\/dicodusport.fr\/blog\/coup-denvoi-pour-la-ligue-europa-version-2019-2020\/#article","isPartOf":{"@id":"https:\/\/dicodusport.fr\/blog\/coup-denvoi-pour-la-ligue-europa-version-2019-2020\/"},"author":{"name":"Bastien Pitte","@id":"https:\/\/dicodusport.fr\/blog\/#\/schema\/person\/0d3ca824646a2d0c77bdd7e45230c071"},"headline":"Coup d&rsquo;envoi pour la Ligue Europa version 2019-2020","datePublished":"2019-09-19T08:38:22+00:00","dateModified":"2019-09-19T09:14:46+00:00","mainEntityOfPage":{"@id":"https:\/\/dicodusport.fr\/blog\/coup-denvoi-pour-la-ligue-europa-version-2019-2020\/"},"wordCount":665,"commentCount":0,"publisher":{"@id":"https:\/\/dicodusport.fr\/blog\/#organization"},"image":{"@id":"https:\/\/dicodusport.fr\/blog\/coup-denvoi-pour-la-ligue-europa-version-2019-2020\/#primaryimage"},"thumbnailUrl":"https:\/\/dicodusport.fr\/blog\/wp-content\/uploads\/2019\/09\/Coup-denvoi-pour-la-Ligue-Europa-version-2019-2020.png","keywords":["Arsenal","AS Saint-Etienne","Chelsea","FC S\u00e9ville","Football","Ligue Europa","Manchester United","Stade rennais"],"articleSection":["Football"],"inLanguage":"fr-FR","potentialAction":[{"@type":"CommentAction","name":"Comment","target":["https:\/\/dicodusport.fr\/blog\/coup-denvoi-pour-la-ligue-europa-version-2019-2020\/#respond"]}],"copyrightYear":"2019","copyrightHolder":{"@id":"https:\/\/dicodusport.fr\/blog\/#organization"}},{"@type":"WebPage","@id":"https:\/\/dicodusport.fr\/blog\/coup-denvoi-pour-la-ligue-europa-version-2019-2020\/","url":"https:\/\/dicodusport.fr\/blog\/coup-denvoi-pour-la-ligue-europa-version-2019-2020\/","name":"Coup d'envoi pour la Ligue Europa version 2019-2020","isPartOf":{"@id":"https:\/\/dicodusport.fr\/blog\/#website"},"primaryImageOfPage":{"@id":"https:\/\/dicodusport.fr\/blog\/coup-denvoi-pour-la-ligue-europa-version-2019-2020\/#primaryimage"},"image":{"@id":"https:\/\/dicodusport.fr\/blog\/coup-denvoi-pour-la-ligue-europa-version-2019-2020\/#primaryimage"},"thumbnailUrl":"https:\/\/dicodusport.fr\/blog\/wp-content\/uploads\/2019\/09\/Coup-denvoi-pour-la-Ligue-Europa-version-2019-2020.png","datePublished":"2019-09-19T08:38:22+00:00","dateModified":"2019-09-19T09:14:46+00:00","description":"Apr\u00e8s la Ligue des Champions, place aujourd\u2019hui \u00e0 la reprise de la Ligue Europa. Une \u00e9dition qui s\u2019annonce une nouvelle fois relev\u00e9e.","breadcrumb":{"@id":"https:\/\/dicodusport.fr\/blog\/coup-denvoi-pour-la-ligue-europa-version-2019-2020\/#breadcrumb"},"inLanguage":"fr-FR","potentialAction":[{"@type":"ReadAction","target":["https:\/\/dicodusport.fr\/blog\/coup-denvoi-pour-la-ligue-europa-version-2019-2020\/"]}]},{"@type":"ImageObject","inLanguage":"fr-FR","@id":"https:\/\/dicodusport.fr\/blog\/coup-denvoi-pour-la-ligue-europa-version-2019-2020\/#primaryimage","url":"https:\/\/dicodusport.fr\/blog\/wp-content\/uploads\/2019\/09\/Coup-denvoi-pour-la-Ligue-Europa-version-2019-2020.png","contentUrl":"https:\/\/dicodusport.fr\/blog\/wp-content\/uploads\/2019\/09\/Coup-denvoi-pour-la-Ligue-Europa-version-2019-2020.png","width":800,"height":445},{"@type":"BreadcrumbList","@id":"https:\/\/dicodusport.fr\/blog\/coup-denvoi-pour-la-ligue-europa-version-2019-2020\/#breadcrumb","itemListElement":[{"@type":"ListItem","position":1,"name":"Accueil","item":"https:\/\/dicodusport.fr\/blog\/"},{"@type":"ListItem","position":2,"name":"Coup d&rsquo;envoi pour la Ligue Europa version 2019-2020"}]},{"@type":"WebSite","@id":"https:\/\/dicodusport.fr\/blog\/#website","url":"https:\/\/dicodusport.fr\/blog\/","name":"Dicodusport","description":"L&#039;encyclop\u00e9die de l&#039;actualit\u00e9 sportive","publisher":{"@id":"https:\/\/dicodusport.fr\/blog\/#organization"},"potentialAction":[{"@type":"SearchAction","target":{"@type":"EntryPoint","urlTemplate":"https:\/\/dicodusport.fr\/blog\/?s={search_term_string}"},"query-input":{"@type":"PropertyValueSpecification","valueRequired":true,"valueName":"search_term_string"}}],"inLanguage":"fr-FR"},{"@type":"NewsMediaOrganization","@id":"https:\/\/dicodusport.fr\/blog\/#organization","name":"Dicodusport","url":"https:\/\/dicodusport.fr\/blog\/","logo":{"@type":"ImageObject","inLanguage":"fr-FR","@id":"https:\/\/dicodusport.fr\/blog\/#\/schema\/logo\/image\/","url":"https:\/\/dicodusport.fr\/blog\/wp-content\/uploads\/2020\/06\/cropped-LOGO-DICODUSPORT-2020-SANS-FOND-SANS-TEXTE.png","contentUrl":"https:\/\/dicodusport.fr\/blog\/wp-content\/uploads\/2020\/06\/cropped-LOGO-DICODUSPORT-2020-SANS-FOND-SANS-TEXTE.png","width":512,"height":512,"caption":"Dicodusport"},"image":{"@id":"https:\/\/dicodusport.fr\/blog\/#\/schema\/logo\/image\/"},"sameAs":["https:\/\/www.facebook.com\/dicodusport","https:\/\/x.com\/dicodusport","https:\/\/www.instagram.com\/dicodusport\/","https:\/\/www.youtube.com\/channel\/UC7V2KZ5sd3htJivAbA4ZG3w"],"description":"Dicodusport est l'encyclop\u00e9die de l'actualit\u00e9 sportive.","email":"bonjour@dicodusport.fr","legalName":"DICODUSPORT","foundingDate":"2018-01-14","vatID":"FR71834470973","taxID":"83447097300043","numberOfEmployees":{"@type":"QuantitativeValue","minValue":"1","maxValue":"10"}},{"@type":"Person","@id":"https:\/\/dicodusport.fr\/blog\/#\/schema\/person\/0d3ca824646a2d0c77bdd7e45230c071","name":"Bastien Pitte","image":{"@type":"ImageObject","inLanguage":"fr-FR","@id":"https:\/\/dicodusport.fr\/blog\/#\/schema\/person\/image\/","url":"https:\/\/dicodusport.fr\/blog\/wp-content\/uploads\/2020\/06\/cropped-LOGO-DICODUSPORT-2020-SANS-FOND-SANS-TEXTE-150x150.png","contentUrl":"https:\/\/dicodusport.fr\/blog\/wp-content\/uploads\/2020\/06\/cropped-LOGO-DICODUSPORT-2020-SANS-FOND-SANS-TEXTE-150x150.png","caption":"Bastien Pitte"},"url":"https:\/\/dicodusport.fr\/blog\/author\/bastien\/"}]}},"_links":{"self":[{"href":"https:\/\/dicodusport.fr\/blog\/wp-json\/wp\/v2\/posts\/48596","targetHints":{"allow":["GET"]}}],"collection":[{"href":"https:\/\/dicodusport.fr\/blog\/wp-json\/wp\/v2\/posts"}],"about":[{"href":"https:\/\/dicodusport.fr\/blog\/wp-json\/wp\/v2\/types\/post"}],"author":[{"embeddable":true,"href":"https:\/\/dicodusport.fr\/blog\/wp-json\/wp\/v2\/users\/28"}],"replies":[{"embeddable":true,"href":"https:\/\/dicodusport.fr\/blog\/wp-json\/wp\/v2\/comments?post=48596"}],"version-history":[{"count":0,"href":"https:\/\/dicodusport.fr\/blog\/wp-json\/wp\/v2\/posts\/48596\/revisions"}],"wp:featuredmedia":[{"embeddable":true,"href":"https:\/\/dicodusport.fr\/blog\/wp-json\/wp\/v2\/media\/48609"}],"wp:attachment":[{"href":"https:\/\/dicodusport.fr\/blog\/wp-json\/wp\/v2\/media?parent=48596"}],"wp:term":[{"taxonomy":"category","embeddable":true,"href":"https:\/\/dicodusport.fr\/blog\/wp-json\/wp\/v2\/categories?post=48596"},{"taxonomy":"post_tag","embeddable":true,"href":"https:\/\/dicodusport.fr\/blog\/wp-json\/wp\/v2\/tags?post=48596"}],"curies":[{"name":"wp","href":"https:\/\/api.w.org\/{rel}","templated":true}]}}