{"id":486354,"date":"2024-05-18T17:36:01","date_gmt":"2024-05-18T15:36:01","guid":{"rendered":"https:\/\/dicodusport.fr\/blog\/?p=486354&#038;preview=true&#038;preview_id=486354"},"modified":"2024-05-18T17:37:27","modified_gmt":"2024-05-18T15:37:27","slug":"canoe-kayak-slalom-deux-medailles-par-equipes-pour-les-kayakistes-francais-aux-championnats-deurope","status":"publish","type":"post","link":"https:\/\/dicodusport.fr\/blog\/canoe-kayak-slalom-deux-medailles-par-equipes-pour-les-kayakistes-francais-aux-championnats-deurope\/","title":{"rendered":"Cano\u00eb-Kayak slalom : Deux m\u00e9dailles par \u00e9quipes pour les kayakistes fran\u00e7ais aux Championnats d&rsquo;Europe"},"content":{"rendered":"<p style=\"text-align: justify;\"><strong><em>CHAMPIONNATS D&rsquo;EUROPE DE CANO\u00cb-KAYAK SLALOM 2024 &#8211; Malheureux en individuel, les kayakistes fran\u00e7ais se sont repris par \u00e9quipes et rajoutent deux m\u00e9dailles au compteur.<\/em><\/strong><\/p>\n<p style=\"text-align: justify;\">Apr\u00e8s <a href=\"https:\/\/dicodusport.fr\/blog\/canoe-kayak-slalom-camille-prigent-en-bronze-sur-le-kayak-cross-individuel-aux-championnats-deurope\/\">le bronze<\/a> et <a href=\"https:\/\/dicodusport.fr\/blog\/canoe-kayak-slalom-camille-prigent-vice-championne-deurope-de-kayak-cross\/\">l&rsquo;argent<\/a> de <strong>Camille Prigent<\/strong> sur les \u00e9preuves de cross, place au slalom ce weekend \u00e0 Tacen. Mais les \u00e9preuves individuelles de kayak n&rsquo;ont clairement pas souri aujourd&rsquo;hui, en particulier \u00e0 <strong>Emma Vuitton<\/strong>, qui est venue mourir \u00e0 354 centi\u00e8mes du podium ! La Tricolore pourra maudire ses deux fautes et quatre secondes de p\u00e9nalit\u00e9 qui en ont d\u00e9coul\u00e9, alors que chez les messieurs, <strong>Anatole Delassus<\/strong> n&rsquo;a pas r\u00e9ussi \u00e0 bien figurer. Restait les comp\u00e9titions par \u00e9quipes.<\/p>\n<h2 style=\"text-align: justify;\">La densit\u00e9 fran\u00e7aise paye<\/h2>\n<p style=\"text-align: justify;\"><a href=\"https:\/\/dicodusport.fr\/blog\/jeux-europeens-2023-les-bleues-du-kayak-slalom-en-or-les-francais-en-bronze\/\">Laur\u00e9ates des Jeux Europ\u00e9ens 2023<\/a> avec <strong>Marjorie Delassus, Camille Prigent<\/strong> et <strong>Emma Vuitton<\/strong> \u00e9taient cette fois accompagn\u00e9es de <strong>Coline Charel<\/strong> pour tenter de retrouver l&rsquo;or. Une mission compliqu\u00e9e dans le bassin incroyablement remuant de Tacen. Quelques erreurs de trajectoire, mais surtout trois touches et six secondes de p\u00e9nalit\u00e9 qui n&rsquo;auraient de toute fa\u00e7on pas chang\u00e9 grand chose. La Slov\u00e9nie \u00e9tait imp\u00e9riale, s&rsquo;imposant avec<strong> 7.27<\/strong> secondes d&rsquo;avance (et malgr\u00e9 une p\u00e9nalit\u00e9 !), mais c&rsquo;est clairement de l&rsquo;argent content pour les Bleues, qui se maintiennent en haut de la hi\u00e9rarchie europ\u00e9enne. Et une troisi\u00e8me m\u00e9daille pour <strong>Camille Prigent<\/strong>, qui aura r\u00e9ussi ses Championnats d&rsquo;Europe.<\/p>\n<blockquote class=\"twitter-tweet\">\n<p dir=\"ltr\" lang=\"fr\">Camille PRIGENT, Emma VUITTON et Coline CHAREL prennent l\u2019argent en \u00e9quipe \u00e0 <a href=\"https:\/\/twitter.com\/hashtag\/Tacen?src=hash&amp;ref_src=twsrc%5Etfw\">#Tacen<\/a> !! \ud83e\udd48<\/p>\n<p>F\u00e9licitations \u00e0 nos kayaks dames pour cette belle performance ! \ud83e\udd29<a href=\"https:\/\/twitter.com\/EDFofficiel?ref_src=twsrc%5Etfw\">@EDFofficiel<\/a> <a href=\"https:\/\/twitter.com\/CA_BriePicardie?ref_src=twsrc%5Etfw\">@CA_BriePicardie<\/a> <a href=\"https:\/\/twitter.com\/lecoqsportif?ref_src=twsrc%5Etfw\">@lecoqsportif<\/a> <a href=\"https:\/\/twitter.com\/Sports_gouv?ref_src=twsrc%5Etfw\">@Sports_gouv<\/a> <a href=\"https:\/\/twitter.com\/Agence_du_Sport?ref_src=twsrc%5Etfw\">@Agence_du_Sport<\/a> <a href=\"https:\/\/twitter.com\/FranceOlympique?ref_src=twsrc%5Etfw\">@FranceOlympique<\/a> <a href=\"https:\/\/twitter.com\/Paris2024?ref_src=twsrc%5Etfw\">@Paris2024<\/a> <a href=\"https:\/\/twitter.com\/EquipeFRA?ref_src=twsrc%5Etfw\">@EquipeFRA<\/a> <a href=\"https:\/\/t.co\/BUZY6QNGlt\">pic.twitter.com\/BUZY6QNGlt<\/a><\/p>\n<p>\u2014 FFCK (@FF_CanoeKayak) <a href=\"https:\/\/twitter.com\/FF_CanoeKayak\/status\/1791845733026394355?ref_src=twsrc%5Etfw\">May 18, 2024<\/a><\/p><\/blockquote>\n<p style=\"text-align: justify;\"><script async src=\"https:\/\/platform.twitter.com\/widgets.js\" charset=\"utf-8\"><\/script><br \/>\nChez les hommes, on ne savait pas vraiment qu&rsquo;attendre d&rsquo;une \u00e9quipe remani\u00e9e par rapport \u00e0 <a href=\"https:\/\/dicodusport.fr\/blog\/canoe-kayak-les-bleus-du-canoe-champions-du-monde-par-equipes\/\">celle sacr\u00e9e vice-championne du monde l&rsquo;an dernier<\/a>. Seul survivant,<strong> Titouan Castryck<\/strong> \u00e9tait accompagn\u00e9 de <strong>Anatole Delassus<\/strong> et <strong>Vincent Delahaye<\/strong>. Et pendant le parcours, on a cru au pire sur une porte annonc\u00e9e manqu\u00e9e qui a heureusement \u00e9t\u00e9 r\u00e9tablie par le jury. N\u00e9anmoins, les Bleus ne pouvaient alors plus viser que le bronze, qu&rsquo;ils allaient finalement d\u00e9crocher du fait des faillites adverses, notamment celle de l&rsquo;Espagne. Sans faute, l&rsquo;or \u00e9tait au bout, mais malgr\u00e9 tout, ces deux m\u00e9dailles r\u00e9compensent la densit\u00e9 fran\u00e7aise, en esp\u00e9rant autant de succ\u00e8s demain pour le cano\u00eb.<\/p>\n","protected":false},"excerpt":{"rendered":"<p>CHAMPIONNATS D&rsquo;EUROPE DE CANO\u00cb-KAYAK SLALOM 2024 &#8211; Malheureux en individuel, les kayakistes fran\u00e7ais se sont repris par \u00e9quipes et rajoutent deux m\u00e9dailles au compteur.<\/p>\n","protected":false},"author":59,"featured_media":486410,"comment_status":"open","ping_status":"closed","sticky":false,"template":"","format":"standard","meta":{"_acf_changed":false,"_daextam_enable_autolinks":"1","footnotes":""},"categories":[10458],"tags":[16878,39456],"class_list":["post-486354","post","type-post","status-publish","format-standard","has-post-thumbnail","hentry","category-canoe-kayak","tag-breve","tag-canoe-kayak-slalom"],"acf":[],"yoast_head":"<!-- This site is optimized with the Yoast SEO Premium plugin v26.7 (Yoast SEO v26.7) - https:\/\/yoast.com\/wordpress\/plugins\/seo\/ -->\n<title>Cano\u00eb-Kayak slalom : Deux m\u00e9dailles par \u00e9quipes pour les kayakistes fran\u00e7ais aux Championnats d&#039;Europe<\/title>\n<meta name=\"description\" content=\"CHAMPIONNATS D&#039;EUROPE DE CANO\u00cb-KAYAK SLALOM 2024 - Les kayakistes fran\u00e7ais se sont repris par \u00e9quipes.\" \/>\n<meta name=\"robots\" content=\"index, follow, max-snippet:-1, max-image-preview:large, max-video-preview:-1\" \/>\n<link rel=\"canonical\" href=\"https:\/\/dicodusport.fr\/blog\/canoe-kayak-slalom-deux-medailles-par-equipes-pour-les-kayakistes-francais-aux-championnats-deurope\/\" \/>\n<meta property=\"og:locale\" content=\"fr_FR\" \/>\n<meta property=\"og:type\" content=\"article\" \/>\n<meta property=\"og:title\" content=\"Cano\u00eb-Kayak slalom : Deux m\u00e9dailles par \u00e9quipes pour les kayakistes fran\u00e7ais aux Championnats d&#039;Europe\" \/>\n<meta property=\"og:description\" content=\"CHAMPIONNATS D&#039;EUROPE DE CANO\u00cb-KAYAK SLALOM 2024 - Les kayakistes fran\u00e7ais se sont repris par \u00e9quipes.\" \/>\n<meta property=\"og:url\" content=\"https:\/\/dicodusport.fr\/blog\/canoe-kayak-slalom-deux-medailles-par-equipes-pour-les-kayakistes-francais-aux-championnats-deurope\/\" \/>\n<meta property=\"og:site_name\" content=\"Dicodusport\" \/>\n<meta property=\"article:publisher\" content=\"https:\/\/www.facebook.com\/dicodusport\" \/>\n<meta property=\"article:author\" content=\"https:\/\/www.facebook.com\/sebastien.gente\/\" \/>\n<meta property=\"article:published_time\" content=\"2024-05-18T15:36:01+00:00\" \/>\n<meta property=\"article:modified_time\" content=\"2024-05-18T15:37:27+00:00\" \/>\n<meta property=\"og:image\" content=\"https:\/\/dicodusport.fr\/blog\/wp-content\/uploads\/2024\/05\/Canoe-Kayak-slalom-Deux-medailles-par-equipes-pour-les-kayakistes-francais-aux-Championnats-dEurope.png\" \/>\n\t<meta property=\"og:image:width\" content=\"1200\" \/>\n\t<meta property=\"og:image:height\" content=\"674\" \/>\n\t<meta property=\"og:image:type\" content=\"image\/png\" \/>\n<meta name=\"author\" content=\"S\u00e9bastien Gente\" \/>\n<meta name=\"twitter:card\" content=\"summary_large_image\" \/>\n<meta name=\"twitter:title\" content=\"Cano\u00eb-Kayak slalom : Deux m\u00e9dailles par \u00e9quipes pour les kayakistes fran\u00e7ais aux Championnats d&#039;Europe\" \/>\n<meta name=\"twitter:creator\" content=\"@https:\/\/twitter.com\/globulo24\" \/>\n<meta name=\"twitter:site\" content=\"@dicodusport\" \/>\n<script type=\"application\/ld+json\" class=\"yoast-schema-graph\">{\"@context\":\"https:\/\/schema.org\",\"@graph\":[{\"@type\":\"NewsArticle\",\"@id\":\"https:\/\/dicodusport.fr\/blog\/canoe-kayak-slalom-deux-medailles-par-equipes-pour-les-kayakistes-francais-aux-championnats-deurope\/#article\",\"isPartOf\":{\"@id\":\"https:\/\/dicodusport.fr\/blog\/canoe-kayak-slalom-deux-medailles-par-equipes-pour-les-kayakistes-francais-aux-championnats-deurope\/\"},\"author\":{\"name\":\"S\u00e9bastien Gente\",\"@id\":\"https:\/\/dicodusport.fr\/blog\/#\/schema\/person\/627966a6cde45dbd8c5e36ac85d783da\"},\"headline\":\"Cano\u00eb-Kayak slalom : Deux m\u00e9dailles par \u00e9quipes pour les kayakistes fran\u00e7ais aux Championnats d&rsquo;Europe\",\"datePublished\":\"2024-05-18T15:36:01+00:00\",\"dateModified\":\"2024-05-18T15:37:27+00:00\",\"mainEntityOfPage\":{\"@id\":\"https:\/\/dicodusport.fr\/blog\/canoe-kayak-slalom-deux-medailles-par-equipes-pour-les-kayakistes-francais-aux-championnats-deurope\/\"},\"wordCount\":418,\"commentCount\":0,\"publisher\":{\"@id\":\"https:\/\/dicodusport.fr\/blog\/#organization\"},\"image\":{\"@id\":\"https:\/\/dicodusport.fr\/blog\/canoe-kayak-slalom-deux-medailles-par-equipes-pour-les-kayakistes-francais-aux-championnats-deurope\/#primaryimage\"},\"thumbnailUrl\":\"https:\/\/dicodusport.fr\/blog\/wp-content\/uploads\/2024\/05\/Canoe-Kayak-slalom-Deux-medailles-par-equipes-pour-les-kayakistes-francais-aux-Championnats-dEurope.png\",\"keywords\":[\"br\u00e8ve\",\"cano\u00eb-kayak slalom\"],\"articleSection\":[\"Cano\u00eb-Kayak\"],\"inLanguage\":\"fr-FR\",\"potentialAction\":[{\"@type\":\"CommentAction\",\"name\":\"Comment\",\"target\":[\"https:\/\/dicodusport.fr\/blog\/canoe-kayak-slalom-deux-medailles-par-equipes-pour-les-kayakistes-francais-aux-championnats-deurope\/#respond\"]}],\"copyrightYear\":\"2024\",\"copyrightHolder\":{\"@id\":\"https:\/\/dicodusport.fr\/blog\/#organization\"}},{\"@type\":\"WebPage\",\"@id\":\"https:\/\/dicodusport.fr\/blog\/canoe-kayak-slalom-deux-medailles-par-equipes-pour-les-kayakistes-francais-aux-championnats-deurope\/\",\"url\":\"https:\/\/dicodusport.fr\/blog\/canoe-kayak-slalom-deux-medailles-par-equipes-pour-les-kayakistes-francais-aux-championnats-deurope\/\",\"name\":\"Cano\u00eb-Kayak slalom : Deux m\u00e9dailles par \u00e9quipes pour les kayakistes fran\u00e7ais aux Championnats d'Europe\",\"isPartOf\":{\"@id\":\"https:\/\/dicodusport.fr\/blog\/#website\"},\"primaryImageOfPage\":{\"@id\":\"https:\/\/dicodusport.fr\/blog\/canoe-kayak-slalom-deux-medailles-par-equipes-pour-les-kayakistes-francais-aux-championnats-deurope\/#primaryimage\"},\"image\":{\"@id\":\"https:\/\/dicodusport.fr\/blog\/canoe-kayak-slalom-deux-medailles-par-equipes-pour-les-kayakistes-francais-aux-championnats-deurope\/#primaryimage\"},\"thumbnailUrl\":\"https:\/\/dicodusport.fr\/blog\/wp-content\/uploads\/2024\/05\/Canoe-Kayak-slalom-Deux-medailles-par-equipes-pour-les-kayakistes-francais-aux-Championnats-dEurope.png\",\"datePublished\":\"2024-05-18T15:36:01+00:00\",\"dateModified\":\"2024-05-18T15:37:27+00:00\",\"description\":\"CHAMPIONNATS D'EUROPE DE CANO\u00cb-KAYAK SLALOM 2024 - Les kayakistes fran\u00e7ais se sont repris par \u00e9quipes.\",\"breadcrumb\":{\"@id\":\"https:\/\/dicodusport.fr\/blog\/canoe-kayak-slalom-deux-medailles-par-equipes-pour-les-kayakistes-francais-aux-championnats-deurope\/#breadcrumb\"},\"inLanguage\":\"fr-FR\",\"potentialAction\":[{\"@type\":\"ReadAction\",\"target\":[\"https:\/\/dicodusport.fr\/blog\/canoe-kayak-slalom-deux-medailles-par-equipes-pour-les-kayakistes-francais-aux-championnats-deurope\/\"]}]},{\"@type\":\"ImageObject\",\"inLanguage\":\"fr-FR\",\"@id\":\"https:\/\/dicodusport.fr\/blog\/canoe-kayak-slalom-deux-medailles-par-equipes-pour-les-kayakistes-francais-aux-championnats-deurope\/#primaryimage\",\"url\":\"https:\/\/dicodusport.fr\/blog\/wp-content\/uploads\/2024\/05\/Canoe-Kayak-slalom-Deux-medailles-par-equipes-pour-les-kayakistes-francais-aux-Championnats-dEurope.png\",\"contentUrl\":\"https:\/\/dicodusport.fr\/blog\/wp-content\/uploads\/2024\/05\/Canoe-Kayak-slalom-Deux-medailles-par-equipes-pour-les-kayakistes-francais-aux-Championnats-dEurope.png\",\"width\":1200,\"height\":674,\"caption\":\"Cano\u00eb-Kayak slalom Deux m\u00e9dailles par \u00e9quipes pour les kayakistes fran\u00e7ais aux Championnats d'Europe\"},{\"@type\":\"BreadcrumbList\",\"@id\":\"https:\/\/dicodusport.fr\/blog\/canoe-kayak-slalom-deux-medailles-par-equipes-pour-les-kayakistes-francais-aux-championnats-deurope\/#breadcrumb\",\"itemListElement\":[{\"@type\":\"ListItem\",\"position\":1,\"name\":\"Accueil\",\"item\":\"https:\/\/dicodusport.fr\/blog\/\"},{\"@type\":\"ListItem\",\"position\":2,\"name\":\"Cano\u00eb-Kayak slalom : Deux m\u00e9dailles par \u00e9quipes pour les kayakistes fran\u00e7ais aux Championnats d&rsquo;Europe\"}]},{\"@type\":\"WebSite\",\"@id\":\"https:\/\/dicodusport.fr\/blog\/#website\",\"url\":\"https:\/\/dicodusport.fr\/blog\/\",\"name\":\"Dicodusport\",\"description\":\"L&#039;encyclop\u00e9die de l&#039;actualit\u00e9 sportive\",\"publisher\":{\"@id\":\"https:\/\/dicodusport.fr\/blog\/#organization\"},\"potentialAction\":[{\"@type\":\"SearchAction\",\"target\":{\"@type\":\"EntryPoint\",\"urlTemplate\":\"https:\/\/dicodusport.fr\/blog\/?s={search_term_string}\"},\"query-input\":{\"@type\":\"PropertyValueSpecification\",\"valueRequired\":true,\"valueName\":\"search_term_string\"}}],\"inLanguage\":\"fr-FR\"},{\"@type\":\"NewsMediaOrganization\",\"@id\":\"https:\/\/dicodusport.fr\/blog\/#organization\",\"name\":\"Dicodusport\",\"url\":\"https:\/\/dicodusport.fr\/blog\/\",\"logo\":{\"@type\":\"ImageObject\",\"inLanguage\":\"fr-FR\",\"@id\":\"https:\/\/dicodusport.fr\/blog\/#\/schema\/logo\/image\/\",\"url\":\"https:\/\/dicodusport.fr\/blog\/wp-content\/uploads\/2020\/06\/cropped-LOGO-DICODUSPORT-2020-SANS-FOND-SANS-TEXTE.png\",\"contentUrl\":\"https:\/\/dicodusport.fr\/blog\/wp-content\/uploads\/2020\/06\/cropped-LOGO-DICODUSPORT-2020-SANS-FOND-SANS-TEXTE.png\",\"width\":512,\"height\":512,\"caption\":\"Dicodusport\"},\"image\":{\"@id\":\"https:\/\/dicodusport.fr\/blog\/#\/schema\/logo\/image\/\"},\"sameAs\":[\"https:\/\/www.facebook.com\/dicodusport\",\"https:\/\/x.com\/dicodusport\",\"https:\/\/www.instagram.com\/dicodusport\/\",\"https:\/\/www.youtube.com\/channel\/UC7V2KZ5sd3htJivAbA4ZG3w\"],\"description\":\"Dicodusport est l'encyclop\u00e9die de l'actualit\u00e9 sportive.\",\"email\":\"bonjour@dicodusport.fr\",\"legalName\":\"DICODUSPORT\",\"foundingDate\":\"2018-01-14\",\"vatID\":\"FR71834470973\",\"taxID\":\"83447097300043\",\"numberOfEmployees\":{\"@type\":\"QuantitativeValue\",\"minValue\":\"1\",\"maxValue\":\"10\"}},{\"@type\":\"Person\",\"@id\":\"https:\/\/dicodusport.fr\/blog\/#\/schema\/person\/627966a6cde45dbd8c5e36ac85d783da\",\"name\":\"S\u00e9bastien Gente\",\"image\":{\"@type\":\"ImageObject\",\"inLanguage\":\"fr-FR\",\"@id\":\"https:\/\/dicodusport.fr\/blog\/#\/schema\/person\/image\/\",\"url\":\"https:\/\/dicodusport.fr\/blog\/wp-content\/uploads\/2021\/09\/1510990_10205810251400683_4124423575079401707_n-150x150.jpg\",\"contentUrl\":\"https:\/\/dicodusport.fr\/blog\/wp-content\/uploads\/2021\/09\/1510990_10205810251400683_4124423575079401707_n-150x150.jpg\",\"caption\":\"S\u00e9bastien Gente\"},\"description\":\"John Stockton, Gianni Bugno, Zinedine Zidane, Steffi Graf, Frode Andresen, St\u00e9phane Stoecklin, Davis Kamoga, Primoz Peterka, Werner Schlager et Aur\u00e9lien Rougerie. Point commun entre ces sportifs? Ils m'ont fait r\u00eaver et ont berc\u00e9 mon adolescence. Je suis un fondu de sports et j'essaie de retranscrire ma passion \u00e0 travers mes articles. Originaire du P\u00e9rigord, ma passion pour les Girondins, les Jaunards et les Jazzmen transpire dans mes \u00e9crits. \u00c0 Dicodusport depuis 2021, je d\u00e9niche les sports m\u00e9connus dans lesquels la France brille, et il y en a !\",\"sameAs\":[\"https:\/\/www.facebook.com\/sebastien.gente\/\",\"https:\/\/www.instagram.com\/sebgente\/\",\"https:\/\/www.linkedin.com\/in\/sbastien-gente-a29583169\/\",\"https:\/\/x.com\/https:\/\/twitter.com\/globulo24\",\"SebastienGente\"],\"worksFor\":\"S\u00e9bastien GENTE\",\"url\":\"https:\/\/dicodusport.fr\/blog\/author\/sebastiengente\/\"}]}<\/script>\n<!-- \/ Yoast SEO Premium plugin. -->","yoast_head_json":{"title":"Cano\u00eb-Kayak slalom : Deux m\u00e9dailles par \u00e9quipes pour les kayakistes fran\u00e7ais aux Championnats d'Europe","description":"CHAMPIONNATS D'EUROPE DE CANO\u00cb-KAYAK SLALOM 2024 - Les kayakistes fran\u00e7ais se sont repris par \u00e9quipes.","robots":{"index":"index","follow":"follow","max-snippet":"max-snippet:-1","max-image-preview":"max-image-preview:large","max-video-preview":"max-video-preview:-1"},"canonical":"https:\/\/dicodusport.fr\/blog\/canoe-kayak-slalom-deux-medailles-par-equipes-pour-les-kayakistes-francais-aux-championnats-deurope\/","og_locale":"fr_FR","og_type":"article","og_title":"Cano\u00eb-Kayak slalom : Deux m\u00e9dailles par \u00e9quipes pour les kayakistes fran\u00e7ais aux Championnats d'Europe","og_description":"CHAMPIONNATS D'EUROPE DE CANO\u00cb-KAYAK SLALOM 2024 - Les kayakistes fran\u00e7ais se sont repris par \u00e9quipes.","og_url":"https:\/\/dicodusport.fr\/blog\/canoe-kayak-slalom-deux-medailles-par-equipes-pour-les-kayakistes-francais-aux-championnats-deurope\/","og_site_name":"Dicodusport","article_publisher":"https:\/\/www.facebook.com\/dicodusport","article_author":"https:\/\/www.facebook.com\/sebastien.gente\/","article_published_time":"2024-05-18T15:36:01+00:00","article_modified_time":"2024-05-18T15:37:27+00:00","og_image":[{"width":1200,"height":674,"url":"https:\/\/dicodusport.fr\/blog\/wp-content\/uploads\/2024\/05\/Canoe-Kayak-slalom-Deux-medailles-par-equipes-pour-les-kayakistes-francais-aux-Championnats-dEurope.png","type":"image\/png"}],"author":"S\u00e9bastien Gente","twitter_card":"summary_large_image","twitter_title":"Cano\u00eb-Kayak slalom : Deux m\u00e9dailles par \u00e9quipes pour les kayakistes fran\u00e7ais aux Championnats d'Europe","twitter_creator":"@https:\/\/twitter.com\/globulo24","twitter_site":"@dicodusport","schema":{"@context":"https:\/\/schema.org","@graph":[{"@type":"NewsArticle","@id":"https:\/\/dicodusport.fr\/blog\/canoe-kayak-slalom-deux-medailles-par-equipes-pour-les-kayakistes-francais-aux-championnats-deurope\/#article","isPartOf":{"@id":"https:\/\/dicodusport.fr\/blog\/canoe-kayak-slalom-deux-medailles-par-equipes-pour-les-kayakistes-francais-aux-championnats-deurope\/"},"author":{"name":"S\u00e9bastien Gente","@id":"https:\/\/dicodusport.fr\/blog\/#\/schema\/person\/627966a6cde45dbd8c5e36ac85d783da"},"headline":"Cano\u00eb-Kayak slalom : Deux m\u00e9dailles par \u00e9quipes pour les kayakistes fran\u00e7ais aux Championnats d&rsquo;Europe","datePublished":"2024-05-18T15:36:01+00:00","dateModified":"2024-05-18T15:37:27+00:00","mainEntityOfPage":{"@id":"https:\/\/dicodusport.fr\/blog\/canoe-kayak-slalom-deux-medailles-par-equipes-pour-les-kayakistes-francais-aux-championnats-deurope\/"},"wordCount":418,"commentCount":0,"publisher":{"@id":"https:\/\/dicodusport.fr\/blog\/#organization"},"image":{"@id":"https:\/\/dicodusport.fr\/blog\/canoe-kayak-slalom-deux-medailles-par-equipes-pour-les-kayakistes-francais-aux-championnats-deurope\/#primaryimage"},"thumbnailUrl":"https:\/\/dicodusport.fr\/blog\/wp-content\/uploads\/2024\/05\/Canoe-Kayak-slalom-Deux-medailles-par-equipes-pour-les-kayakistes-francais-aux-Championnats-dEurope.png","keywords":["br\u00e8ve","cano\u00eb-kayak slalom"],"articleSection":["Cano\u00eb-Kayak"],"inLanguage":"fr-FR","potentialAction":[{"@type":"CommentAction","name":"Comment","target":["https:\/\/dicodusport.fr\/blog\/canoe-kayak-slalom-deux-medailles-par-equipes-pour-les-kayakistes-francais-aux-championnats-deurope\/#respond"]}],"copyrightYear":"2024","copyrightHolder":{"@id":"https:\/\/dicodusport.fr\/blog\/#organization"}},{"@type":"WebPage","@id":"https:\/\/dicodusport.fr\/blog\/canoe-kayak-slalom-deux-medailles-par-equipes-pour-les-kayakistes-francais-aux-championnats-deurope\/","url":"https:\/\/dicodusport.fr\/blog\/canoe-kayak-slalom-deux-medailles-par-equipes-pour-les-kayakistes-francais-aux-championnats-deurope\/","name":"Cano\u00eb-Kayak slalom : Deux m\u00e9dailles par \u00e9quipes pour les kayakistes fran\u00e7ais aux Championnats d'Europe","isPartOf":{"@id":"https:\/\/dicodusport.fr\/blog\/#website"},"primaryImageOfPage":{"@id":"https:\/\/dicodusport.fr\/blog\/canoe-kayak-slalom-deux-medailles-par-equipes-pour-les-kayakistes-francais-aux-championnats-deurope\/#primaryimage"},"image":{"@id":"https:\/\/dicodusport.fr\/blog\/canoe-kayak-slalom-deux-medailles-par-equipes-pour-les-kayakistes-francais-aux-championnats-deurope\/#primaryimage"},"thumbnailUrl":"https:\/\/dicodusport.fr\/blog\/wp-content\/uploads\/2024\/05\/Canoe-Kayak-slalom-Deux-medailles-par-equipes-pour-les-kayakistes-francais-aux-Championnats-dEurope.png","datePublished":"2024-05-18T15:36:01+00:00","dateModified":"2024-05-18T15:37:27+00:00","description":"CHAMPIONNATS D'EUROPE DE CANO\u00cb-KAYAK SLALOM 2024 - Les kayakistes fran\u00e7ais se sont repris par \u00e9quipes.","breadcrumb":{"@id":"https:\/\/dicodusport.fr\/blog\/canoe-kayak-slalom-deux-medailles-par-equipes-pour-les-kayakistes-francais-aux-championnats-deurope\/#breadcrumb"},"inLanguage":"fr-FR","potentialAction":[{"@type":"ReadAction","target":["https:\/\/dicodusport.fr\/blog\/canoe-kayak-slalom-deux-medailles-par-equipes-pour-les-kayakistes-francais-aux-championnats-deurope\/"]}]},{"@type":"ImageObject","inLanguage":"fr-FR","@id":"https:\/\/dicodusport.fr\/blog\/canoe-kayak-slalom-deux-medailles-par-equipes-pour-les-kayakistes-francais-aux-championnats-deurope\/#primaryimage","url":"https:\/\/dicodusport.fr\/blog\/wp-content\/uploads\/2024\/05\/Canoe-Kayak-slalom-Deux-medailles-par-equipes-pour-les-kayakistes-francais-aux-Championnats-dEurope.png","contentUrl":"https:\/\/dicodusport.fr\/blog\/wp-content\/uploads\/2024\/05\/Canoe-Kayak-slalom-Deux-medailles-par-equipes-pour-les-kayakistes-francais-aux-Championnats-dEurope.png","width":1200,"height":674,"caption":"Cano\u00eb-Kayak slalom Deux m\u00e9dailles par \u00e9quipes pour les kayakistes fran\u00e7ais aux Championnats d'Europe"},{"@type":"BreadcrumbList","@id":"https:\/\/dicodusport.fr\/blog\/canoe-kayak-slalom-deux-medailles-par-equipes-pour-les-kayakistes-francais-aux-championnats-deurope\/#breadcrumb","itemListElement":[{"@type":"ListItem","position":1,"name":"Accueil","item":"https:\/\/dicodusport.fr\/blog\/"},{"@type":"ListItem","position":2,"name":"Cano\u00eb-Kayak slalom : Deux m\u00e9dailles par \u00e9quipes pour les kayakistes fran\u00e7ais aux Championnats d&rsquo;Europe"}]},{"@type":"WebSite","@id":"https:\/\/dicodusport.fr\/blog\/#website","url":"https:\/\/dicodusport.fr\/blog\/","name":"Dicodusport","description":"L&#039;encyclop\u00e9die de l&#039;actualit\u00e9 sportive","publisher":{"@id":"https:\/\/dicodusport.fr\/blog\/#organization"},"potentialAction":[{"@type":"SearchAction","target":{"@type":"EntryPoint","urlTemplate":"https:\/\/dicodusport.fr\/blog\/?s={search_term_string}"},"query-input":{"@type":"PropertyValueSpecification","valueRequired":true,"valueName":"search_term_string"}}],"inLanguage":"fr-FR"},{"@type":"NewsMediaOrganization","@id":"https:\/\/dicodusport.fr\/blog\/#organization","name":"Dicodusport","url":"https:\/\/dicodusport.fr\/blog\/","logo":{"@type":"ImageObject","inLanguage":"fr-FR","@id":"https:\/\/dicodusport.fr\/blog\/#\/schema\/logo\/image\/","url":"https:\/\/dicodusport.fr\/blog\/wp-content\/uploads\/2020\/06\/cropped-LOGO-DICODUSPORT-2020-SANS-FOND-SANS-TEXTE.png","contentUrl":"https:\/\/dicodusport.fr\/blog\/wp-content\/uploads\/2020\/06\/cropped-LOGO-DICODUSPORT-2020-SANS-FOND-SANS-TEXTE.png","width":512,"height":512,"caption":"Dicodusport"},"image":{"@id":"https:\/\/dicodusport.fr\/blog\/#\/schema\/logo\/image\/"},"sameAs":["https:\/\/www.facebook.com\/dicodusport","https:\/\/x.com\/dicodusport","https:\/\/www.instagram.com\/dicodusport\/","https:\/\/www.youtube.com\/channel\/UC7V2KZ5sd3htJivAbA4ZG3w"],"description":"Dicodusport est l'encyclop\u00e9die de l'actualit\u00e9 sportive.","email":"bonjour@dicodusport.fr","legalName":"DICODUSPORT","foundingDate":"2018-01-14","vatID":"FR71834470973","taxID":"83447097300043","numberOfEmployees":{"@type":"QuantitativeValue","minValue":"1","maxValue":"10"}},{"@type":"Person","@id":"https:\/\/dicodusport.fr\/blog\/#\/schema\/person\/627966a6cde45dbd8c5e36ac85d783da","name":"S\u00e9bastien Gente","image":{"@type":"ImageObject","inLanguage":"fr-FR","@id":"https:\/\/dicodusport.fr\/blog\/#\/schema\/person\/image\/","url":"https:\/\/dicodusport.fr\/blog\/wp-content\/uploads\/2021\/09\/1510990_10205810251400683_4124423575079401707_n-150x150.jpg","contentUrl":"https:\/\/dicodusport.fr\/blog\/wp-content\/uploads\/2021\/09\/1510990_10205810251400683_4124423575079401707_n-150x150.jpg","caption":"S\u00e9bastien Gente"},"description":"John Stockton, Gianni Bugno, Zinedine Zidane, Steffi Graf, Frode Andresen, St\u00e9phane Stoecklin, Davis Kamoga, Primoz Peterka, Werner Schlager et Aur\u00e9lien Rougerie. Point commun entre ces sportifs? Ils m'ont fait r\u00eaver et ont berc\u00e9 mon adolescence. Je suis un fondu de sports et j'essaie de retranscrire ma passion \u00e0 travers mes articles. Originaire du P\u00e9rigord, ma passion pour les Girondins, les Jaunards et les Jazzmen transpire dans mes \u00e9crits. \u00c0 Dicodusport depuis 2021, je d\u00e9niche les sports m\u00e9connus dans lesquels la France brille, et il y en a !","sameAs":["https:\/\/www.facebook.com\/sebastien.gente\/","https:\/\/www.instagram.com\/sebgente\/","https:\/\/www.linkedin.com\/in\/sbastien-gente-a29583169\/","https:\/\/x.com\/https:\/\/twitter.com\/globulo24","SebastienGente"],"worksFor":"S\u00e9bastien GENTE","url":"https:\/\/dicodusport.fr\/blog\/author\/sebastiengente\/"}]}},"_links":{"self":[{"href":"https:\/\/dicodusport.fr\/blog\/wp-json\/wp\/v2\/posts\/486354","targetHints":{"allow":["GET"]}}],"collection":[{"href":"https:\/\/dicodusport.fr\/blog\/wp-json\/wp\/v2\/posts"}],"about":[{"href":"https:\/\/dicodusport.fr\/blog\/wp-json\/wp\/v2\/types\/post"}],"author":[{"embeddable":true,"href":"https:\/\/dicodusport.fr\/blog\/wp-json\/wp\/v2\/users\/59"}],"replies":[{"embeddable":true,"href":"https:\/\/dicodusport.fr\/blog\/wp-json\/wp\/v2\/comments?post=486354"}],"version-history":[{"count":2,"href":"https:\/\/dicodusport.fr\/blog\/wp-json\/wp\/v2\/posts\/486354\/revisions"}],"predecessor-version":[{"id":486413,"href":"https:\/\/dicodusport.fr\/blog\/wp-json\/wp\/v2\/posts\/486354\/revisions\/486413"}],"wp:featuredmedia":[{"embeddable":true,"href":"https:\/\/dicodusport.fr\/blog\/wp-json\/wp\/v2\/media\/486410"}],"wp:attachment":[{"href":"https:\/\/dicodusport.fr\/blog\/wp-json\/wp\/v2\/media?parent=486354"}],"wp:term":[{"taxonomy":"category","embeddable":true,"href":"https:\/\/dicodusport.fr\/blog\/wp-json\/wp\/v2\/categories?post=486354"},{"taxonomy":"post_tag","embeddable":true,"href":"https:\/\/dicodusport.fr\/blog\/wp-json\/wp\/v2\/tags?post=486354"}],"curies":[{"name":"wp","href":"https:\/\/api.w.org\/{rel}","templated":true}]}}