{"id":486570,"date":"2024-05-19T13:14:45","date_gmt":"2024-05-19T11:14:45","guid":{"rendered":"https:\/\/dicodusport.fr\/blog\/?p=486570&#038;preview=true&#038;preview_id=486570"},"modified":"2024-05-19T13:55:32","modified_gmt":"2024-05-19T11:55:32","slug":"jo-2024-oqs-shanghai-paul-jenft-quatrieme-du-combine-le-resume-de-la-journee-des-francais","status":"publish","type":"post","link":"https:\/\/dicodusport.fr\/blog\/jo-2024-oqs-shanghai-paul-jenft-quatrieme-du-combine-le-resume-de-la-journee-des-francais\/","title":{"rendered":"JO 2024 OQS Shanghai : Paul Jenft quatri\u00e8me du combin\u00e9, le r\u00e9sum\u00e9 de la journ\u00e9e des Fran\u00e7ais"},"content":{"rendered":"<p style=\"text-align: justify;\"><strong><em>SERIES DE QUALIFICATION OLYMPIQUE &#8211; \u00c9v\u00e9nement unique dans l&rsquo;histoire des Jeux Olympiques, sportives et sportifs de quatre sports ont l&rsquo;occasion de disputer deux comp\u00e9titions, \u00e0 Shanghai actuellement et \u00e0 Budapest du 20 au 23 juin, pour d\u00e9crocher un ticket pour Paris 2024. Retour sur la fin de l&rsquo;\u00e9tape de Shanghai.<\/em><\/strong><\/p>\n<ul>\n<li style=\"text-align: justify;\"><strong>\u00c0 voir \u00e9galement :\u00a0<a href=\"https:\/\/dicodusport.fr\/blog\/jo-paris-2024-les-francais-qualifies-sport-par-sport\/\">JO Paris 2024 : Les Fran\u00e7ais qualifi\u00e9s, sport par sport<\/a><\/strong><\/li>\n<\/ul>\n<h2 style=\"text-align: justify;\">Paul Jenft marque de pr\u00e9cieux points<\/h2>\n<p style=\"text-align: justify;\">Tout au long du weekend, <a href=\"https:\/\/dicodusport.fr\/blog\/jo-2024-oqs-shanghai-anthony-jeanjean-simpose-le-resume-de-la-journee\/\">les athl\u00e8tes de quatre disciplines sont r\u00e9unis \u00e0 Shanghai en Chine dans la qu\u00eate d&rsquo;un ticket pour les Jeux Olympiques de Paris<\/a>. Ce dimanche ont eu lieu les finales du combin\u00e9 bloc &amp; difficult\u00e9 en escalade, celles du skateboard dans lesquelles aucun Fran\u00e7ais n&rsquo;\u00e9tait qualifi\u00e9, et le tableau finale du breaking. Certains Fran\u00e7ais ont marqu\u00e9 de pr\u00e9cieux points dans leur perspective de qualification olympique.<\/p>\n<p style=\"text-align: justify;\">Sur le combin\u00e9 bloc &amp; difficult\u00e9, trois Tricolores \u00e9taient sur les voies. <strong>Paul Jenft<\/strong> d&rsquo;une part, et la fratrie <strong>Avezou, Sam<\/strong> et <strong>Z\u00e9lia<\/strong> de l&rsquo;autre. Fortunes diverses pour les grimpeurs. <strong>Paul Jenft<\/strong> s&rsquo;est dans un premier temps montr\u00e9 \u00e0 l&rsquo;aise sur le bloc, r\u00e9alisant le deuxi\u00e8me score derri\u00e8re le quintuple champion du monde tch\u00e8que, <strong>Adam Ondra<\/strong>. Apr\u00e8s une voie de difficult\u00e9 somme toute correcte, le Fran\u00e7ais r\u00e9trograde n\u00e9anmoins \u00e0 la quatri\u00e8me place finale. La raison ? Deux grimpeurs ont ralli\u00e9 le sommet de la voie, marquant 100 points. <strong>Dohyun Lee<\/strong> et <strong>Alberto Gin\u00e9s L\u00f3pez<\/strong>, pointures de la discipline, terminent donc premier et deuxi\u00e8me de ces OQS alors qu&rsquo;ils \u00e9taient quatri\u00e8me et sixi\u00e8me \u00e0 l&rsquo;issue du bloc. Pas de podium donc pour <strong>Jenft<\/strong>, mais un pas important fait vers le site d&rsquo;escalade du Bourget. Il faudra confirmer le mois prochain \u00e0 Budapest.<\/p>\n<h2 style=\"text-align: justify;\">La fratrie Avezou plus en difficult\u00e9<\/h2>\n<p style=\"text-align: justify;\">D\u00e9sillusion n\u00e9anmoins pour <strong>Sam Avezou<\/strong>. D\u00e9j\u00e0 en grande difficult\u00e9 sur le bloc (huiti\u00e8me et dernier), le Fran\u00e7ais a connu ce que redoutent tous les grimpeurs. Une chute d\u00e8s les premi\u00e8res prises, avant m\u00eame que ne d\u00e9bute le d\u00e9compte des points. R\u00e9sultat, z\u00e9ro point\u00e9 pour le fr\u00e8re a\u00een\u00e9 de<strong> Z\u00e9lia<\/strong>, et huiti\u00e8me place de la finale. Sa petite s\u0153ur n&rsquo;a pas connu plus de succ\u00e8s. Quatri\u00e8me <em>ex \u00e6quo<\/em> avec deux grimpeuses sur la difficult\u00e9, <strong>Z\u00e9lia Avezou<\/strong> termine toutefois derni\u00e8re \u00e9galement, payant un passage sur le mur de bloc assez d\u00e9licat \u00e9galement.<\/p>\n<p style=\"text-align: justify;\">La victoire est par ailleurs revenue \u00e0 l&rsquo;Am\u00e9ricaine <strong>Brooke Raboutou<\/strong>, fille d&rsquo;un grimpeur fran\u00e7ais et m\u00e9daill\u00e9e de bronze aux Mondiaux de bloc, \u00e0 Berne l&rsquo;\u00e9t\u00e9 dernier. Pour les Bleus, rien de r\u00e9dhibitoire pour autant. La France pouvant effectivement d\u00e9crocher deux quotas chez les hommes, un chez les femmes, <strong>Sam<\/strong> et <strong>Z\u00e9lia Avezou<\/strong> restent en ballotage favorable avant Budapest.<\/p>\n<h2 style=\"text-align: justify;\">Sya Demb\u00e9l\u00e9 s&rsquo;incline en quarts avec les honneurs au breaking<\/h2>\n<p style=\"text-align: justify;\"><strong>B-Girl Syssy<\/strong> a \u00e9t\u00e9 la repr\u00e9sentante fran\u00e7aise la plus en vue \u00e0 Shanghai. Une victoire contre la Canadienne <strong>Emma<\/strong> (2-0), une d\u00e9faite contre la Japonaise <strong>Ryko<\/strong> (0-2) et un nul contre l&rsquo;Ukrainienne <strong>Stefani<\/strong>\u00a0(1-1) l&rsquo;envoyaient tout droit en quarts contre la redoutable nipponne <strong>Ayumi<\/strong>, vice-championne du monde en 2023. Dans une tenue sobre, top noir, pantalon noir, la Fran\u00e7aise a livr\u00e9 une belle battle. Face \u00e0 elle, la Japonaise de 40 ans, dans un style vestimentaire tr\u00e8s r\u00e9tro, b\u00e9ret sur la t\u00eate, a fait valoir son exp\u00e9rience. Si la Fran\u00e7aise remporte le premier round (7-2), la Japonaise a hauss\u00e9 le curseur et s&#8217;empare du deuxi\u00e8me sans contestation possible (0-9). Sur le dernier, les deux femmes nous ont offert une battle si \u00e9quilibr\u00e9e que les juges ont eu du mal \u00e0 les d\u00e9partager. C&rsquo;est toutefois <strong>Ayumi<\/strong> qui l&#8217;emporte, <strong>Syssy<\/strong> \u00e9tant \u00e9limin\u00e9e (2-1, 4-5 sur la derni\u00e8re manche).<\/p>\n<p style=\"text-align: justify;\">Les autres Bleus ont cependant \u00e9t\u00e9 encore plus en difficult\u00e9. Chez les hommes, <strong>B-Boy Lagaet<\/strong> a d\u00e9but\u00e9 par deux nuls contre l&rsquo;Ukrainien <strong>Kuzya<\/strong> et le Ta\u00efwanais <strong>Quake<\/strong>. Contraint \u00e0 la victoire pour esp\u00e9rer se qualifier, il s&rsquo;incline lors de sa derni\u00e8re battle contre le Japonais <strong>Hiro10<\/strong>. Chez les femmes,<strong> B-Girl Senorita Carlota<\/strong> n&rsquo;a pas connu le r\u00e9veil le plus agr\u00e9able. Sa matin\u00e9e s&rsquo;est av\u00e9r\u00e9e en effet beaucoup plus compliqu\u00e9e. Trois d\u00e9faites contre la Chinoise <strong>Yingzi<\/strong>, l&rsquo;Am\u00e9ricaine <strong>Logistx<\/strong> et l&rsquo;Ukrainienne <strong>Kate<\/strong>.<\/p>\n<p style=\"text-align: justify;\"><strong>B-Girl Syssy<\/strong> est donc la Tricolore la mieux plac\u00e9e pour rejointre <strong>B-Boy Dany Dann<\/strong> sur la sc\u00e8ne de la place de la Concorde. Pour les autres Fran\u00e7ais, il faudra r\u00e9aliser une tr\u00e8s grosse performance, \u00e0 Budapest dans un mois, pour int\u00e9grer le top 7 des non-qualifi\u00e9s, \u00e0 raison de deux danceurs par pays maximum. Le moindre faux-pas risque de se payer tr\u00e8s cher.<\/p>\n<blockquote class=\"twitter-tweet\">\n<p dir=\"ltr\" lang=\"fr\">Point <a href=\"https:\/\/twitter.com\/hashtag\/OlympicQualifiers?src=hash&amp;ref_src=twsrc%5Etfw\">#OlympicQualifiers<\/a> <a href=\"https:\/\/twitter.com\/hashtag\/Paris2024?src=hash&amp;ref_src=twsrc%5Etfw\">#Paris2024<\/a> <a href=\"https:\/\/twitter.com\/hashtag\/FranceOlympique?src=hash&amp;ref_src=twsrc%5Etfw\">#FranceOlympique<\/a> Shanghai<br \/>\n&#8211; Escalade H : Paul Jenft qui finit 4e ! Gros taf du grimpeur de Grenoble. Sam Avezou dernier, sans se pr\u00e9senter en dif. Tout va se jouer \u00e0 Budapest, nos \ud83c\uddeb\ud83c\uddf7 finissent 4,8 et 10<br \/>\n&#8211; seule Syssy passe en 1\/4 en breakdance<\/p>\n<p>\u2014 Rob_cards (@camillerinho) <a href=\"https:\/\/twitter.com\/camillerinho\/status\/1792075465772995008?ref_src=twsrc%5Etfw\">May 19, 2024<\/a><\/p><\/blockquote>\n<p><script async src=\"https:\/\/platform.twitter.com\/widgets.js\" charset=\"utf-8\"><\/script><\/p>\n","protected":false},"excerpt":{"rendered":"<p>S\u00c9RIES DE QUALIFICATION OLYMPIQUE &#8211; R\u00e9sum\u00e9 de la journ\u00e9e de dimanche au cours de laquelle Paul Jenft termine 4\u00e8me du combin\u00e9 en escalade.<\/p>\n","protected":false},"author":91,"featured_media":486592,"comment_status":"open","ping_status":"closed","sticky":false,"template":"","format":"standard","meta":{"_acf_changed":false,"_daextam_enable_autolinks":"1","footnotes":""},"categories":[8436],"tags":[38691,30984,16878,477,1504,570],"class_list":["post-486570","post","type-post","status-publish","format-standard","has-post-thumbnail","hentry","category-jo-paris-2024","tag-bmx-park","tag-breaking","tag-breve","tag-escalade","tag-jo-2024","tag-skateboard"],"acf":[],"yoast_head":"<!-- This site is optimized with the Yoast SEO Premium plugin v26.7 (Yoast SEO v26.7) - https:\/\/yoast.com\/wordpress\/plugins\/seo\/ -->\n<title>JO 2024 OQS Shanghai : Paul Jenft quatri\u00e8me du combin\u00e9, le r\u00e9sum\u00e9 de la journ\u00e9e des Fran\u00e7ais<\/title>\n<meta name=\"description\" content=\"SERIES DE QUALIFICATION OLYMPIQUE - R\u00e9sum\u00e9 de la journ\u00e9e de dimanche au cours de laquelle Paul Jenft termine 4\u00e8me du combin\u00e9 en escalade.\" \/>\n<meta name=\"robots\" content=\"index, follow, max-snippet:-1, max-image-preview:large, max-video-preview:-1\" \/>\n<link rel=\"canonical\" href=\"https:\/\/dicodusport.fr\/blog\/jo-2024-oqs-shanghai-paul-jenft-quatrieme-du-combine-le-resume-de-la-journee-des-francais\/\" \/>\n<meta property=\"og:locale\" content=\"fr_FR\" \/>\n<meta property=\"og:type\" content=\"article\" \/>\n<meta property=\"og:title\" content=\"JO 2024 OQS Shanghai : Paul Jenft quatri\u00e8me du combin\u00e9, le r\u00e9sum\u00e9 de la journ\u00e9e des Fran\u00e7ais\" \/>\n<meta property=\"og:description\" content=\"SERIES DE QUALIFICATION OLYMPIQUE - R\u00e9sum\u00e9 de la journ\u00e9e de dimanche au cours de laquelle Paul Jenft termine 4\u00e8me du combin\u00e9 en escalade.\" \/>\n<meta property=\"og:url\" content=\"https:\/\/dicodusport.fr\/blog\/jo-2024-oqs-shanghai-paul-jenft-quatrieme-du-combine-le-resume-de-la-journee-des-francais\/\" \/>\n<meta property=\"og:site_name\" content=\"Dicodusport\" \/>\n<meta property=\"article:publisher\" content=\"https:\/\/www.facebook.com\/dicodusport\" \/>\n<meta property=\"article:published_time\" content=\"2024-05-19T11:14:45+00:00\" \/>\n<meta property=\"article:modified_time\" content=\"2024-05-19T11:55:32+00:00\" \/>\n<meta property=\"og:image\" content=\"https:\/\/dicodusport.fr\/blog\/wp-content\/uploads\/2024\/05\/JO-2024-OQS-Shanghai-Paul-Jenft-quatrieme-du-combine-le-resume-de-la-journee-des-Francais.png\" \/>\n\t<meta property=\"og:image:width\" content=\"1200\" \/>\n\t<meta property=\"og:image:height\" content=\"674\" \/>\n\t<meta property=\"og:image:type\" content=\"image\/png\" \/>\n<meta name=\"author\" content=\"Victor Clot-Amiot\" \/>\n<meta name=\"twitter:card\" content=\"summary_large_image\" \/>\n<meta name=\"twitter:title\" content=\"JO 2024 OQS Shanghai : Paul Jenft quatri\u00e8me du combin\u00e9, le r\u00e9sum\u00e9 de la journ\u00e9e des Fran\u00e7ais\" \/>\n<meta name=\"twitter:creator\" content=\"@https:\/\/x.com\/VictorClotAmiot\" \/>\n<meta name=\"twitter:site\" content=\"@dicodusport\" \/>\n<script type=\"application\/ld+json\" class=\"yoast-schema-graph\">{\"@context\":\"https:\/\/schema.org\",\"@graph\":[{\"@type\":\"NewsArticle\",\"@id\":\"https:\/\/dicodusport.fr\/blog\/jo-2024-oqs-shanghai-paul-jenft-quatrieme-du-combine-le-resume-de-la-journee-des-francais\/#article\",\"isPartOf\":{\"@id\":\"https:\/\/dicodusport.fr\/blog\/jo-2024-oqs-shanghai-paul-jenft-quatrieme-du-combine-le-resume-de-la-journee-des-francais\/\"},\"author\":{\"name\":\"Victor Clot-Amiot\",\"@id\":\"https:\/\/dicodusport.fr\/blog\/#\/schema\/person\/b623199cba9ba90fe84a3d16e9282360\"},\"headline\":\"JO 2024 OQS Shanghai : Paul Jenft quatri\u00e8me du combin\u00e9, le r\u00e9sum\u00e9 de la journ\u00e9e des Fran\u00e7ais\",\"datePublished\":\"2024-05-19T11:14:45+00:00\",\"dateModified\":\"2024-05-19T11:55:32+00:00\",\"mainEntityOfPage\":{\"@id\":\"https:\/\/dicodusport.fr\/blog\/jo-2024-oqs-shanghai-paul-jenft-quatrieme-du-combine-le-resume-de-la-journee-des-francais\/\"},\"wordCount\":892,\"commentCount\":0,\"publisher\":{\"@id\":\"https:\/\/dicodusport.fr\/blog\/#organization\"},\"image\":{\"@id\":\"https:\/\/dicodusport.fr\/blog\/jo-2024-oqs-shanghai-paul-jenft-quatrieme-du-combine-le-resume-de-la-journee-des-francais\/#primaryimage\"},\"thumbnailUrl\":\"https:\/\/dicodusport.fr\/blog\/wp-content\/uploads\/2024\/05\/JO-2024-OQS-Shanghai-Paul-Jenft-quatrieme-du-combine-le-resume-de-la-journee-des-Francais.png\",\"keywords\":[\"bmx park\",\"breaking\",\"br\u00e8ve\",\"Escalade\",\"JO 2024\",\"skateboard\"],\"articleSection\":[\"JO Paris 2024\"],\"inLanguage\":\"fr-FR\",\"potentialAction\":[{\"@type\":\"CommentAction\",\"name\":\"Comment\",\"target\":[\"https:\/\/dicodusport.fr\/blog\/jo-2024-oqs-shanghai-paul-jenft-quatrieme-du-combine-le-resume-de-la-journee-des-francais\/#respond\"]}],\"copyrightYear\":\"2024\",\"copyrightHolder\":{\"@id\":\"https:\/\/dicodusport.fr\/blog\/#organization\"}},{\"@type\":\"WebPage\",\"@id\":\"https:\/\/dicodusport.fr\/blog\/jo-2024-oqs-shanghai-paul-jenft-quatrieme-du-combine-le-resume-de-la-journee-des-francais\/\",\"url\":\"https:\/\/dicodusport.fr\/blog\/jo-2024-oqs-shanghai-paul-jenft-quatrieme-du-combine-le-resume-de-la-journee-des-francais\/\",\"name\":\"JO 2024 OQS Shanghai : Paul Jenft quatri\u00e8me du combin\u00e9, le r\u00e9sum\u00e9 de la journ\u00e9e des Fran\u00e7ais\",\"isPartOf\":{\"@id\":\"https:\/\/dicodusport.fr\/blog\/#website\"},\"primaryImageOfPage\":{\"@id\":\"https:\/\/dicodusport.fr\/blog\/jo-2024-oqs-shanghai-paul-jenft-quatrieme-du-combine-le-resume-de-la-journee-des-francais\/#primaryimage\"},\"image\":{\"@id\":\"https:\/\/dicodusport.fr\/blog\/jo-2024-oqs-shanghai-paul-jenft-quatrieme-du-combine-le-resume-de-la-journee-des-francais\/#primaryimage\"},\"thumbnailUrl\":\"https:\/\/dicodusport.fr\/blog\/wp-content\/uploads\/2024\/05\/JO-2024-OQS-Shanghai-Paul-Jenft-quatrieme-du-combine-le-resume-de-la-journee-des-Francais.png\",\"datePublished\":\"2024-05-19T11:14:45+00:00\",\"dateModified\":\"2024-05-19T11:55:32+00:00\",\"description\":\"SERIES DE QUALIFICATION OLYMPIQUE - R\u00e9sum\u00e9 de la journ\u00e9e de dimanche au cours de laquelle Paul Jenft termine 4\u00e8me du combin\u00e9 en escalade.\",\"breadcrumb\":{\"@id\":\"https:\/\/dicodusport.fr\/blog\/jo-2024-oqs-shanghai-paul-jenft-quatrieme-du-combine-le-resume-de-la-journee-des-francais\/#breadcrumb\"},\"inLanguage\":\"fr-FR\",\"potentialAction\":[{\"@type\":\"ReadAction\",\"target\":[\"https:\/\/dicodusport.fr\/blog\/jo-2024-oqs-shanghai-paul-jenft-quatrieme-du-combine-le-resume-de-la-journee-des-francais\/\"]}]},{\"@type\":\"ImageObject\",\"inLanguage\":\"fr-FR\",\"@id\":\"https:\/\/dicodusport.fr\/blog\/jo-2024-oqs-shanghai-paul-jenft-quatrieme-du-combine-le-resume-de-la-journee-des-francais\/#primaryimage\",\"url\":\"https:\/\/dicodusport.fr\/blog\/wp-content\/uploads\/2024\/05\/JO-2024-OQS-Shanghai-Paul-Jenft-quatrieme-du-combine-le-resume-de-la-journee-des-Francais.png\",\"contentUrl\":\"https:\/\/dicodusport.fr\/blog\/wp-content\/uploads\/2024\/05\/JO-2024-OQS-Shanghai-Paul-Jenft-quatrieme-du-combine-le-resume-de-la-journee-des-Francais.png\",\"width\":1200,\"height\":674,\"caption\":\"JO 2024 OQS Shanghai Paul Jenft quatri\u00e8me du combin\u00e9, le r\u00e9sum\u00e9 de la journ\u00e9e des Fran\u00e7ais\"},{\"@type\":\"BreadcrumbList\",\"@id\":\"https:\/\/dicodusport.fr\/blog\/jo-2024-oqs-shanghai-paul-jenft-quatrieme-du-combine-le-resume-de-la-journee-des-francais\/#breadcrumb\",\"itemListElement\":[{\"@type\":\"ListItem\",\"position\":1,\"name\":\"Accueil\",\"item\":\"https:\/\/dicodusport.fr\/blog\/\"},{\"@type\":\"ListItem\",\"position\":2,\"name\":\"JO 2024 OQS Shanghai : Paul Jenft quatri\u00e8me du combin\u00e9, le r\u00e9sum\u00e9 de la journ\u00e9e des Fran\u00e7ais\"}]},{\"@type\":\"WebSite\",\"@id\":\"https:\/\/dicodusport.fr\/blog\/#website\",\"url\":\"https:\/\/dicodusport.fr\/blog\/\",\"name\":\"Dicodusport\",\"description\":\"L&#039;encyclop\u00e9die de l&#039;actualit\u00e9 sportive\",\"publisher\":{\"@id\":\"https:\/\/dicodusport.fr\/blog\/#organization\"},\"potentialAction\":[{\"@type\":\"SearchAction\",\"target\":{\"@type\":\"EntryPoint\",\"urlTemplate\":\"https:\/\/dicodusport.fr\/blog\/?s={search_term_string}\"},\"query-input\":{\"@type\":\"PropertyValueSpecification\",\"valueRequired\":true,\"valueName\":\"search_term_string\"}}],\"inLanguage\":\"fr-FR\"},{\"@type\":\"NewsMediaOrganization\",\"@id\":\"https:\/\/dicodusport.fr\/blog\/#organization\",\"name\":\"Dicodusport\",\"url\":\"https:\/\/dicodusport.fr\/blog\/\",\"logo\":{\"@type\":\"ImageObject\",\"inLanguage\":\"fr-FR\",\"@id\":\"https:\/\/dicodusport.fr\/blog\/#\/schema\/logo\/image\/\",\"url\":\"https:\/\/dicodusport.fr\/blog\/wp-content\/uploads\/2020\/06\/cropped-LOGO-DICODUSPORT-2020-SANS-FOND-SANS-TEXTE.png\",\"contentUrl\":\"https:\/\/dicodusport.fr\/blog\/wp-content\/uploads\/2020\/06\/cropped-LOGO-DICODUSPORT-2020-SANS-FOND-SANS-TEXTE.png\",\"width\":512,\"height\":512,\"caption\":\"Dicodusport\"},\"image\":{\"@id\":\"https:\/\/dicodusport.fr\/blog\/#\/schema\/logo\/image\/\"},\"sameAs\":[\"https:\/\/www.facebook.com\/dicodusport\",\"https:\/\/x.com\/dicodusport\",\"https:\/\/www.instagram.com\/dicodusport\/\",\"https:\/\/www.youtube.com\/channel\/UC7V2KZ5sd3htJivAbA4ZG3w\"],\"description\":\"Dicodusport est l'encyclop\u00e9die de l'actualit\u00e9 sportive.\",\"email\":\"bonjour@dicodusport.fr\",\"legalName\":\"DICODUSPORT\",\"foundingDate\":\"2018-01-14\",\"vatID\":\"FR71834470973\",\"taxID\":\"83447097300043\",\"numberOfEmployees\":{\"@type\":\"QuantitativeValue\",\"minValue\":\"1\",\"maxValue\":\"10\"}},{\"@type\":\"Person\",\"@id\":\"https:\/\/dicodusport.fr\/blog\/#\/schema\/person\/b623199cba9ba90fe84a3d16e9282360\",\"name\":\"Victor Clot-Amiot\",\"image\":{\"@type\":\"ImageObject\",\"inLanguage\":\"fr-FR\",\"@id\":\"https:\/\/dicodusport.fr\/blog\/#\/schema\/person\/image\/\",\"url\":\"https:\/\/dicodusport.fr\/blog\/wp-content\/uploads\/2023\/09\/IMG_20190826_114722-150x150.jpg\",\"contentUrl\":\"https:\/\/dicodusport.fr\/blog\/wp-content\/uploads\/2023\/09\/IMG_20190826_114722-150x150.jpg\",\"caption\":\"Victor Clot-Amiot\"},\"description\":\"Passionn\u00e9 de sport depuis toujours, un jour \u00e0 l'adolescence mes parents m'ont dit : \\\"quitte \u00e0 passer ton temps \u00e0 regarder du sport, au moins va le voir en vrai\\\" ! Depuis, cette remarque ne m'a plus quitt\u00e9 et je passe une grande partie de mon temps libre \u00e0 assister \u00e0 des comp\u00e9titions de tous sports. Je m\u00eale d'ailleurs mes deux passions, le sport et les voyages afin de faire une pierre deux coups ! Outre l'US Open ou l'Euro 2021 par exemple, j'ai assist\u00e9 cet \u00e9t\u00e9 aux Mondiaux d'athl\u00e9tisme \u00e0 Budapest. Mon plus gros coup dur est et restera les JO 2020-2021 pour lesquels j'avais r\u00e9serv\u00e9 17 \u00e9preuves. La suite, vous la connaissez...\",\"sameAs\":[\"https:\/\/x.com\/https:\/\/x.com\/VictorClotAmiot\"],\"url\":\"https:\/\/dicodusport.fr\/blog\/author\/victor-clot-amiot\/\"}]}<\/script>\n<!-- \/ Yoast SEO Premium plugin. -->","yoast_head_json":{"title":"JO 2024 OQS Shanghai : Paul Jenft quatri\u00e8me du combin\u00e9, le r\u00e9sum\u00e9 de la journ\u00e9e des Fran\u00e7ais","description":"SERIES DE QUALIFICATION OLYMPIQUE - R\u00e9sum\u00e9 de la journ\u00e9e de dimanche au cours de laquelle Paul Jenft termine 4\u00e8me du combin\u00e9 en escalade.","robots":{"index":"index","follow":"follow","max-snippet":"max-snippet:-1","max-image-preview":"max-image-preview:large","max-video-preview":"max-video-preview:-1"},"canonical":"https:\/\/dicodusport.fr\/blog\/jo-2024-oqs-shanghai-paul-jenft-quatrieme-du-combine-le-resume-de-la-journee-des-francais\/","og_locale":"fr_FR","og_type":"article","og_title":"JO 2024 OQS Shanghai : Paul Jenft quatri\u00e8me du combin\u00e9, le r\u00e9sum\u00e9 de la journ\u00e9e des Fran\u00e7ais","og_description":"SERIES DE QUALIFICATION OLYMPIQUE - R\u00e9sum\u00e9 de la journ\u00e9e de dimanche au cours de laquelle Paul Jenft termine 4\u00e8me du combin\u00e9 en escalade.","og_url":"https:\/\/dicodusport.fr\/blog\/jo-2024-oqs-shanghai-paul-jenft-quatrieme-du-combine-le-resume-de-la-journee-des-francais\/","og_site_name":"Dicodusport","article_publisher":"https:\/\/www.facebook.com\/dicodusport","article_published_time":"2024-05-19T11:14:45+00:00","article_modified_time":"2024-05-19T11:55:32+00:00","og_image":[{"width":1200,"height":674,"url":"https:\/\/dicodusport.fr\/blog\/wp-content\/uploads\/2024\/05\/JO-2024-OQS-Shanghai-Paul-Jenft-quatrieme-du-combine-le-resume-de-la-journee-des-Francais.png","type":"image\/png"}],"author":"Victor Clot-Amiot","twitter_card":"summary_large_image","twitter_title":"JO 2024 OQS Shanghai : Paul Jenft quatri\u00e8me du combin\u00e9, le r\u00e9sum\u00e9 de la journ\u00e9e des Fran\u00e7ais","twitter_creator":"@https:\/\/x.com\/VictorClotAmiot","twitter_site":"@dicodusport","schema":{"@context":"https:\/\/schema.org","@graph":[{"@type":"NewsArticle","@id":"https:\/\/dicodusport.fr\/blog\/jo-2024-oqs-shanghai-paul-jenft-quatrieme-du-combine-le-resume-de-la-journee-des-francais\/#article","isPartOf":{"@id":"https:\/\/dicodusport.fr\/blog\/jo-2024-oqs-shanghai-paul-jenft-quatrieme-du-combine-le-resume-de-la-journee-des-francais\/"},"author":{"name":"Victor Clot-Amiot","@id":"https:\/\/dicodusport.fr\/blog\/#\/schema\/person\/b623199cba9ba90fe84a3d16e9282360"},"headline":"JO 2024 OQS Shanghai : Paul Jenft quatri\u00e8me du combin\u00e9, le r\u00e9sum\u00e9 de la journ\u00e9e des Fran\u00e7ais","datePublished":"2024-05-19T11:14:45+00:00","dateModified":"2024-05-19T11:55:32+00:00","mainEntityOfPage":{"@id":"https:\/\/dicodusport.fr\/blog\/jo-2024-oqs-shanghai-paul-jenft-quatrieme-du-combine-le-resume-de-la-journee-des-francais\/"},"wordCount":892,"commentCount":0,"publisher":{"@id":"https:\/\/dicodusport.fr\/blog\/#organization"},"image":{"@id":"https:\/\/dicodusport.fr\/blog\/jo-2024-oqs-shanghai-paul-jenft-quatrieme-du-combine-le-resume-de-la-journee-des-francais\/#primaryimage"},"thumbnailUrl":"https:\/\/dicodusport.fr\/blog\/wp-content\/uploads\/2024\/05\/JO-2024-OQS-Shanghai-Paul-Jenft-quatrieme-du-combine-le-resume-de-la-journee-des-Francais.png","keywords":["bmx park","breaking","br\u00e8ve","Escalade","JO 2024","skateboard"],"articleSection":["JO Paris 2024"],"inLanguage":"fr-FR","potentialAction":[{"@type":"CommentAction","name":"Comment","target":["https:\/\/dicodusport.fr\/blog\/jo-2024-oqs-shanghai-paul-jenft-quatrieme-du-combine-le-resume-de-la-journee-des-francais\/#respond"]}],"copyrightYear":"2024","copyrightHolder":{"@id":"https:\/\/dicodusport.fr\/blog\/#organization"}},{"@type":"WebPage","@id":"https:\/\/dicodusport.fr\/blog\/jo-2024-oqs-shanghai-paul-jenft-quatrieme-du-combine-le-resume-de-la-journee-des-francais\/","url":"https:\/\/dicodusport.fr\/blog\/jo-2024-oqs-shanghai-paul-jenft-quatrieme-du-combine-le-resume-de-la-journee-des-francais\/","name":"JO 2024 OQS Shanghai : Paul Jenft quatri\u00e8me du combin\u00e9, le r\u00e9sum\u00e9 de la journ\u00e9e des Fran\u00e7ais","isPartOf":{"@id":"https:\/\/dicodusport.fr\/blog\/#website"},"primaryImageOfPage":{"@id":"https:\/\/dicodusport.fr\/blog\/jo-2024-oqs-shanghai-paul-jenft-quatrieme-du-combine-le-resume-de-la-journee-des-francais\/#primaryimage"},"image":{"@id":"https:\/\/dicodusport.fr\/blog\/jo-2024-oqs-shanghai-paul-jenft-quatrieme-du-combine-le-resume-de-la-journee-des-francais\/#primaryimage"},"thumbnailUrl":"https:\/\/dicodusport.fr\/blog\/wp-content\/uploads\/2024\/05\/JO-2024-OQS-Shanghai-Paul-Jenft-quatrieme-du-combine-le-resume-de-la-journee-des-Francais.png","datePublished":"2024-05-19T11:14:45+00:00","dateModified":"2024-05-19T11:55:32+00:00","description":"SERIES DE QUALIFICATION OLYMPIQUE - R\u00e9sum\u00e9 de la journ\u00e9e de dimanche au cours de laquelle Paul Jenft termine 4\u00e8me du combin\u00e9 en escalade.","breadcrumb":{"@id":"https:\/\/dicodusport.fr\/blog\/jo-2024-oqs-shanghai-paul-jenft-quatrieme-du-combine-le-resume-de-la-journee-des-francais\/#breadcrumb"},"inLanguage":"fr-FR","potentialAction":[{"@type":"ReadAction","target":["https:\/\/dicodusport.fr\/blog\/jo-2024-oqs-shanghai-paul-jenft-quatrieme-du-combine-le-resume-de-la-journee-des-francais\/"]}]},{"@type":"ImageObject","inLanguage":"fr-FR","@id":"https:\/\/dicodusport.fr\/blog\/jo-2024-oqs-shanghai-paul-jenft-quatrieme-du-combine-le-resume-de-la-journee-des-francais\/#primaryimage","url":"https:\/\/dicodusport.fr\/blog\/wp-content\/uploads\/2024\/05\/JO-2024-OQS-Shanghai-Paul-Jenft-quatrieme-du-combine-le-resume-de-la-journee-des-Francais.png","contentUrl":"https:\/\/dicodusport.fr\/blog\/wp-content\/uploads\/2024\/05\/JO-2024-OQS-Shanghai-Paul-Jenft-quatrieme-du-combine-le-resume-de-la-journee-des-Francais.png","width":1200,"height":674,"caption":"JO 2024 OQS Shanghai Paul Jenft quatri\u00e8me du combin\u00e9, le r\u00e9sum\u00e9 de la journ\u00e9e des Fran\u00e7ais"},{"@type":"BreadcrumbList","@id":"https:\/\/dicodusport.fr\/blog\/jo-2024-oqs-shanghai-paul-jenft-quatrieme-du-combine-le-resume-de-la-journee-des-francais\/#breadcrumb","itemListElement":[{"@type":"ListItem","position":1,"name":"Accueil","item":"https:\/\/dicodusport.fr\/blog\/"},{"@type":"ListItem","position":2,"name":"JO 2024 OQS Shanghai : Paul Jenft quatri\u00e8me du combin\u00e9, le r\u00e9sum\u00e9 de la journ\u00e9e des Fran\u00e7ais"}]},{"@type":"WebSite","@id":"https:\/\/dicodusport.fr\/blog\/#website","url":"https:\/\/dicodusport.fr\/blog\/","name":"Dicodusport","description":"L&#039;encyclop\u00e9die de l&#039;actualit\u00e9 sportive","publisher":{"@id":"https:\/\/dicodusport.fr\/blog\/#organization"},"potentialAction":[{"@type":"SearchAction","target":{"@type":"EntryPoint","urlTemplate":"https:\/\/dicodusport.fr\/blog\/?s={search_term_string}"},"query-input":{"@type":"PropertyValueSpecification","valueRequired":true,"valueName":"search_term_string"}}],"inLanguage":"fr-FR"},{"@type":"NewsMediaOrganization","@id":"https:\/\/dicodusport.fr\/blog\/#organization","name":"Dicodusport","url":"https:\/\/dicodusport.fr\/blog\/","logo":{"@type":"ImageObject","inLanguage":"fr-FR","@id":"https:\/\/dicodusport.fr\/blog\/#\/schema\/logo\/image\/","url":"https:\/\/dicodusport.fr\/blog\/wp-content\/uploads\/2020\/06\/cropped-LOGO-DICODUSPORT-2020-SANS-FOND-SANS-TEXTE.png","contentUrl":"https:\/\/dicodusport.fr\/blog\/wp-content\/uploads\/2020\/06\/cropped-LOGO-DICODUSPORT-2020-SANS-FOND-SANS-TEXTE.png","width":512,"height":512,"caption":"Dicodusport"},"image":{"@id":"https:\/\/dicodusport.fr\/blog\/#\/schema\/logo\/image\/"},"sameAs":["https:\/\/www.facebook.com\/dicodusport","https:\/\/x.com\/dicodusport","https:\/\/www.instagram.com\/dicodusport\/","https:\/\/www.youtube.com\/channel\/UC7V2KZ5sd3htJivAbA4ZG3w"],"description":"Dicodusport est l'encyclop\u00e9die de l'actualit\u00e9 sportive.","email":"bonjour@dicodusport.fr","legalName":"DICODUSPORT","foundingDate":"2018-01-14","vatID":"FR71834470973","taxID":"83447097300043","numberOfEmployees":{"@type":"QuantitativeValue","minValue":"1","maxValue":"10"}},{"@type":"Person","@id":"https:\/\/dicodusport.fr\/blog\/#\/schema\/person\/b623199cba9ba90fe84a3d16e9282360","name":"Victor Clot-Amiot","image":{"@type":"ImageObject","inLanguage":"fr-FR","@id":"https:\/\/dicodusport.fr\/blog\/#\/schema\/person\/image\/","url":"https:\/\/dicodusport.fr\/blog\/wp-content\/uploads\/2023\/09\/IMG_20190826_114722-150x150.jpg","contentUrl":"https:\/\/dicodusport.fr\/blog\/wp-content\/uploads\/2023\/09\/IMG_20190826_114722-150x150.jpg","caption":"Victor Clot-Amiot"},"description":"Passionn\u00e9 de sport depuis toujours, un jour \u00e0 l'adolescence mes parents m'ont dit : \"quitte \u00e0 passer ton temps \u00e0 regarder du sport, au moins va le voir en vrai\" ! Depuis, cette remarque ne m'a plus quitt\u00e9 et je passe une grande partie de mon temps libre \u00e0 assister \u00e0 des comp\u00e9titions de tous sports. Je m\u00eale d'ailleurs mes deux passions, le sport et les voyages afin de faire une pierre deux coups ! Outre l'US Open ou l'Euro 2021 par exemple, j'ai assist\u00e9 cet \u00e9t\u00e9 aux Mondiaux d'athl\u00e9tisme \u00e0 Budapest. Mon plus gros coup dur est et restera les JO 2020-2021 pour lesquels j'avais r\u00e9serv\u00e9 17 \u00e9preuves. La suite, vous la connaissez...","sameAs":["https:\/\/x.com\/https:\/\/x.com\/VictorClotAmiot"],"url":"https:\/\/dicodusport.fr\/blog\/author\/victor-clot-amiot\/"}]}},"_links":{"self":[{"href":"https:\/\/dicodusport.fr\/blog\/wp-json\/wp\/v2\/posts\/486570","targetHints":{"allow":["GET"]}}],"collection":[{"href":"https:\/\/dicodusport.fr\/blog\/wp-json\/wp\/v2\/posts"}],"about":[{"href":"https:\/\/dicodusport.fr\/blog\/wp-json\/wp\/v2\/types\/post"}],"author":[{"embeddable":true,"href":"https:\/\/dicodusport.fr\/blog\/wp-json\/wp\/v2\/users\/91"}],"replies":[{"embeddable":true,"href":"https:\/\/dicodusport.fr\/blog\/wp-json\/wp\/v2\/comments?post=486570"}],"version-history":[{"count":3,"href":"https:\/\/dicodusport.fr\/blog\/wp-json\/wp\/v2\/posts\/486570\/revisions"}],"predecessor-version":[{"id":486597,"href":"https:\/\/dicodusport.fr\/blog\/wp-json\/wp\/v2\/posts\/486570\/revisions\/486597"}],"wp:featuredmedia":[{"embeddable":true,"href":"https:\/\/dicodusport.fr\/blog\/wp-json\/wp\/v2\/media\/486592"}],"wp:attachment":[{"href":"https:\/\/dicodusport.fr\/blog\/wp-json\/wp\/v2\/media?parent=486570"}],"wp:term":[{"taxonomy":"category","embeddable":true,"href":"https:\/\/dicodusport.fr\/blog\/wp-json\/wp\/v2\/categories?post=486570"},{"taxonomy":"post_tag","embeddable":true,"href":"https:\/\/dicodusport.fr\/blog\/wp-json\/wp\/v2\/tags?post=486570"}],"curies":[{"name":"wp","href":"https:\/\/api.w.org\/{rel}","templated":true}]}}