{"id":486573,"date":"2024-05-19T16:49:39","date_gmt":"2024-05-19T14:49:39","guid":{"rendered":"https:\/\/dicodusport.fr\/blog\/?p=486573&#038;preview=true&#038;preview_id=486573"},"modified":"2024-05-19T16:49:39","modified_gmt":"2024-05-19T14:49:39","slug":"coupe-du-monde-descrime-les-bleus-cloturent-la-saison-par-trois-medailles","status":"publish","type":"post","link":"https:\/\/dicodusport.fr\/blog\/coupe-du-monde-descrime-les-bleus-cloturent-la-saison-par-trois-medailles\/","title":{"rendered":"Coupe du monde d&rsquo;escrime : Les Bleus cl\u00f4turent la saison par trois m\u00e9dailles"},"content":{"rendered":"<p style=\"text-align: justify;\"><strong><em>COUPE DU MONDE D&rsquo;ESCRIME 2023\/2024 &#8211; Trois m\u00e9dailles pour finir le dernier weekend de Coupe du monde de la saison, dont l&rsquo;argent pour les \u00e9p\u00e9istes, pass\u00e9s tr\u00e8s proches de l&rsquo;or au Challenge Monal.<\/em><\/strong><\/p>\n<p style=\"text-align: justify;\">Pour le dernier Grand Prix de la saison, ce sont les fleurettistes qui \u00e9taient sur le grille \u00e0 Shanghai. Las, les Bleus ont eu du mal \u00e0 se d\u00e9marquer. Seulement deux ont r\u00e9ussi \u00e0 se hisser ne serait-ce qu&rsquo;en 8e de finale : <strong>Enzo Lefort<\/strong> et <strong>Pauline Ranvier<\/strong>. Et c&rsquo;est cette derni\u00e8re qui a sign\u00e9 la performance fran\u00e7aise du jour. Elle avait pourtant une opposition de qualit\u00e9, d\u00e9butant par trois succ\u00e8s contre des Italiennes, <strong>Camilla Mancini, Anna Cristino<\/strong> et surtout <strong>Arianna Errigo<\/strong>, pas moins de dix fois championne du monde (individuel et par \u00e9quipes confondus) !<\/p>\n<blockquote class=\"twitter-tweet\">\n<p dir=\"ltr\" lang=\"en\">Favaretto\ud83c\uddee\ud83c\uddf9 is our first finalists for the women&rsquo;s event at the Shanghai Foil Grand Prix! <a href=\"https:\/\/twitter.com\/hashtag\/fencing?src=hash&amp;ref_src=twsrc%5Etfw\">#fencing<\/a> <a href=\"https:\/\/twitter.com\/hashtag\/fencinggrandprix?src=hash&amp;ref_src=twsrc%5Etfw\">#fencinggrandprix<\/a> <a href=\"https:\/\/twitter.com\/hashtag\/FIEGrandPrix?src=hash&amp;ref_src=twsrc%5Etfw\">#FIEGrandPrix<\/a> <a href=\"https:\/\/twitter.com\/hashtag\/Foil?src=hash&amp;ref_src=twsrc%5Etfw\">#Foil<\/a> <a href=\"https:\/\/t.co\/5BLnYDX0jl\">pic.twitter.com\/5BLnYDX0jl<\/a><\/p>\n<p>\u2014 FIE (@FIE_fencing) <a href=\"https:\/\/twitter.com\/FIE_fencing\/status\/1792139468385956144?ref_src=twsrc%5Etfw\">May 19, 2024<\/a><\/p><\/blockquote>\n<p style=\"text-align: justify;\"><script async src=\"https:\/\/platform.twitter.com\/widgets.js\" charset=\"utf-8\"><\/script><br \/>\nDe quoi galvaniser la Fran\u00e7aise, qui n&rsquo;a fait qu&rsquo;une bouch\u00e9e d&rsquo;<strong>Anne Sauer<\/strong> pour rallier le dernier carr\u00e9 et s&rsquo;assurer de la m\u00e9daille. Face \u00e0 elle, encore une Italienne, <strong>Martina Favaretto<\/strong>, soit la n\u00b02 mondiale. Une adversaire malheureusement trop forte pour la Tricolore, qui va s&rsquo;incliner <strong>15-9<\/strong> non sans avoir combattu jusqu&rsquo;au bout. Mais ce retour en forme tombe bien pour la vice-championne du monde 2019, qui devrait \u00eatre du voyage olympique.<\/p>\n<h2 style=\"text-align: justify;\">Les \u00e9p\u00e9istes si pr\u00e8s<\/h2>\n<p style=\"text-align: justify;\">Les autres armes \u00e9taient engag\u00e9es sur les derni\u00e8res comp\u00e9titions par \u00e9quipes. Les sabreuses, laur\u00e9ates trois fois sur quatre cette saison, \u00e9taient bien \u00e9videmment tr\u00e8s attendues. Mais apr\u00e8s un d\u00e9but de comp\u00e9tition sans faille, elles se sont fait surprendre par les Ukrainiennes en demi-finales, s&rsquo;inclinant 45-38. Un bon rappel que la m\u00e9daille, il faudra aller la chercher \u00e0 Paris. N\u00e9anmoins, <strong>Sara Balzer <\/strong>&#8211; laur\u00e9ate hier en individuel, <strong>Manon Apithy-Brunet, C\u00e9cilia Berder<\/strong> et <strong>Sarah Noutcha<\/strong> ont redress\u00e9 la barre en \u00e9trillant <strong>45-30<\/strong> les Sud-Cor\u00e9ennes pour le bronze. Ainsi, elles seront mont\u00e9es sur le podium des cinq \u00e9preuves par \u00e9quipes cette saison.<\/p>\n<p style=\"text-align: justify;\">Les sabreurs, emmen\u00e9s par <strong>S\u00e9bastien Patrice<\/strong>, <a href=\"https:\/\/dicodusport.fr\/blog\/coupe-du-monde-descrime-sara-balzer-et-sebastien-patrice-font-briller-le-sabre-francais\/\">laur\u00e9at la veille pour la premi\u00e8re fois en Coupe du monde<\/a>, et accompagn\u00e9 par <strong>Tom Seitz, Maxime Pianfetti<\/strong> et <strong>Jean-Philippe Patrice<\/strong>, \u00e9taient ambitieux \u00e0 Madrid. Bouscul\u00e9s sur les premiers tours, ils se sont tout de m\u00eame qualifi\u00e9s \u00e0 la force du jarret pour le dernier carr\u00e9. Las, ils n&rsquo;ont pas r\u00e9ussi \u00e0 dominer les \u00c9gyptiens, et devaient se contenter d&rsquo;un match pour le bronze contre les Hongrois. Malheureusement, une d\u00e9faite <strong>45-38<\/strong> les condamnaient \u00e0 la m\u00e9daille en chocolat.<\/p>\n<p style=\"text-align: justify;\">Restait les \u00e9p\u00e9istes masculins, qui avaient rat\u00e9 le coche la veille \u00e0 Saint-Maur-des-Foss\u00e9s, pour le Challenge Monal. Une aventure qui a failli tourner court pour <strong>Romain Cannone, Alexandre Bardenet, Yannick Borel<\/strong> et <strong>Luidgi Midelton<\/strong>, qui s&rsquo;en sont sorti d&rsquo;une touche pour \u00e9carter les N\u00e9erlandais. Une fois lanc\u00e9s, ils ont lamin\u00e9 les Tch\u00e8ques puis les Kazakhstanais pour s&rsquo;inviter en finale. Les Japonais semblaient cependant trop forts, jusqu&rsquo;au dernier passage stratosph\u00e9rique de <strong>Yannick Borel<\/strong>, qui allait remonter 7 touches de retard&#8230; pour s&rsquo;incliner \u00e0 la mort subite (<strong>44-43<\/strong>). Dommage, mais cette m\u00e9daille d&rsquo;argent et ce final auront au moins eu le m\u00e9rite de faire vibrer un public venu nombreux.<\/p>\n","protected":false},"excerpt":{"rendered":"<p>COUPE DU MONDE D&rsquo;ESCRIME 2023\/2024 &#8211; Trois m\u00e9dailles pour finir le dernier weekend de Coupe du monde de la saison, dont l&rsquo;argent pour les \u00e9p\u00e9istes, pass\u00e9s tr\u00e8s proches de l&rsquo;or au Challenge Monal.<\/p>\n","protected":false},"author":59,"featured_media":486653,"comment_status":"open","ping_status":"closed","sticky":false,"template":"","format":"standard","meta":{"_acf_changed":false,"_daextam_enable_autolinks":"1","footnotes":""},"categories":[9251],"tags":[16878,23855],"class_list":["post-486573","post","type-post","status-publish","format-standard","has-post-thumbnail","hentry","category-escrime","tag-breve","tag-escrime-francaise"],"acf":[],"yoast_head":"<!-- This site is optimized with the Yoast SEO Premium plugin v26.7 (Yoast SEO v26.7) - https:\/\/yoast.com\/wordpress\/plugins\/seo\/ -->\n<title>Coupe du monde d&#039;escrime : Les Bleus cl\u00f4turent la saison par trois m\u00e9dailles<\/title>\n<meta name=\"description\" content=\"COUPE DU MONDE D&#039;ESCRIME 2023\/2024 - Trois m\u00e9dailles pour finir le dernier weekend de Coupe du monde de la saison.\" \/>\n<meta name=\"robots\" content=\"index, follow, max-snippet:-1, max-image-preview:large, max-video-preview:-1\" \/>\n<link rel=\"canonical\" href=\"https:\/\/dicodusport.fr\/blog\/coupe-du-monde-descrime-les-bleus-cloturent-la-saison-par-trois-medailles\/\" \/>\n<meta property=\"og:locale\" content=\"fr_FR\" \/>\n<meta property=\"og:type\" content=\"article\" \/>\n<meta property=\"og:title\" content=\"Coupe du monde d&#039;escrime : Les Bleus cl\u00f4turent la saison par trois m\u00e9dailles\" \/>\n<meta property=\"og:description\" content=\"COUPE DU MONDE D&#039;ESCRIME 2023\/2024 - Trois m\u00e9dailles pour finir le dernier weekend de Coupe du monde de la saison.\" \/>\n<meta property=\"og:url\" content=\"https:\/\/dicodusport.fr\/blog\/coupe-du-monde-descrime-les-bleus-cloturent-la-saison-par-trois-medailles\/\" \/>\n<meta property=\"og:site_name\" content=\"Dicodusport\" \/>\n<meta property=\"article:publisher\" content=\"https:\/\/www.facebook.com\/dicodusport\" \/>\n<meta property=\"article:author\" content=\"https:\/\/www.facebook.com\/sebastien.gente\/\" \/>\n<meta property=\"article:published_time\" content=\"2024-05-19T14:49:39+00:00\" \/>\n<meta property=\"og:image\" content=\"https:\/\/dicodusport.fr\/blog\/wp-content\/uploads\/2024\/05\/Coupe-du-monde-descrime-Les-Bleus-cloturent-la-saison-par-trois-medailles.png\" \/>\n\t<meta property=\"og:image:width\" content=\"1200\" \/>\n\t<meta property=\"og:image:height\" content=\"674\" \/>\n\t<meta property=\"og:image:type\" content=\"image\/png\" \/>\n<meta name=\"author\" content=\"S\u00e9bastien Gente\" \/>\n<meta name=\"twitter:card\" content=\"summary_large_image\" \/>\n<meta name=\"twitter:title\" content=\"Coupe du monde d&#039;escrime : Les Bleus cl\u00f4turent la saison par trois m\u00e9dailles\" \/>\n<meta name=\"twitter:creator\" content=\"@https:\/\/twitter.com\/globulo24\" \/>\n<meta name=\"twitter:site\" content=\"@dicodusport\" \/>\n<script type=\"application\/ld+json\" class=\"yoast-schema-graph\">{\"@context\":\"https:\/\/schema.org\",\"@graph\":[{\"@type\":\"NewsArticle\",\"@id\":\"https:\/\/dicodusport.fr\/blog\/coupe-du-monde-descrime-les-bleus-cloturent-la-saison-par-trois-medailles\/#article\",\"isPartOf\":{\"@id\":\"https:\/\/dicodusport.fr\/blog\/coupe-du-monde-descrime-les-bleus-cloturent-la-saison-par-trois-medailles\/\"},\"author\":{\"name\":\"S\u00e9bastien Gente\",\"@id\":\"https:\/\/dicodusport.fr\/blog\/#\/schema\/person\/627966a6cde45dbd8c5e36ac85d783da\"},\"headline\":\"Coupe du monde d&rsquo;escrime : Les Bleus cl\u00f4turent la saison par trois m\u00e9dailles\",\"datePublished\":\"2024-05-19T14:49:39+00:00\",\"mainEntityOfPage\":{\"@id\":\"https:\/\/dicodusport.fr\/blog\/coupe-du-monde-descrime-les-bleus-cloturent-la-saison-par-trois-medailles\/\"},\"wordCount\":589,\"commentCount\":0,\"publisher\":{\"@id\":\"https:\/\/dicodusport.fr\/blog\/#organization\"},\"image\":{\"@id\":\"https:\/\/dicodusport.fr\/blog\/coupe-du-monde-descrime-les-bleus-cloturent-la-saison-par-trois-medailles\/#primaryimage\"},\"thumbnailUrl\":\"https:\/\/dicodusport.fr\/blog\/wp-content\/uploads\/2024\/05\/Coupe-du-monde-descrime-Les-Bleus-cloturent-la-saison-par-trois-medailles.png\",\"keywords\":[\"br\u00e8ve\",\"Escrime fran\u00e7aise\"],\"articleSection\":[\"Escrime\"],\"inLanguage\":\"fr-FR\",\"potentialAction\":[{\"@type\":\"CommentAction\",\"name\":\"Comment\",\"target\":[\"https:\/\/dicodusport.fr\/blog\/coupe-du-monde-descrime-les-bleus-cloturent-la-saison-par-trois-medailles\/#respond\"]}],\"copyrightYear\":\"2024\",\"copyrightHolder\":{\"@id\":\"https:\/\/dicodusport.fr\/blog\/#organization\"}},{\"@type\":\"WebPage\",\"@id\":\"https:\/\/dicodusport.fr\/blog\/coupe-du-monde-descrime-les-bleus-cloturent-la-saison-par-trois-medailles\/\",\"url\":\"https:\/\/dicodusport.fr\/blog\/coupe-du-monde-descrime-les-bleus-cloturent-la-saison-par-trois-medailles\/\",\"name\":\"Coupe du monde d'escrime : Les Bleus cl\u00f4turent la saison par trois m\u00e9dailles\",\"isPartOf\":{\"@id\":\"https:\/\/dicodusport.fr\/blog\/#website\"},\"primaryImageOfPage\":{\"@id\":\"https:\/\/dicodusport.fr\/blog\/coupe-du-monde-descrime-les-bleus-cloturent-la-saison-par-trois-medailles\/#primaryimage\"},\"image\":{\"@id\":\"https:\/\/dicodusport.fr\/blog\/coupe-du-monde-descrime-les-bleus-cloturent-la-saison-par-trois-medailles\/#primaryimage\"},\"thumbnailUrl\":\"https:\/\/dicodusport.fr\/blog\/wp-content\/uploads\/2024\/05\/Coupe-du-monde-descrime-Les-Bleus-cloturent-la-saison-par-trois-medailles.png\",\"datePublished\":\"2024-05-19T14:49:39+00:00\",\"description\":\"COUPE DU MONDE D'ESCRIME 2023\/2024 - Trois m\u00e9dailles pour finir le dernier weekend de Coupe du monde de la saison.\",\"breadcrumb\":{\"@id\":\"https:\/\/dicodusport.fr\/blog\/coupe-du-monde-descrime-les-bleus-cloturent-la-saison-par-trois-medailles\/#breadcrumb\"},\"inLanguage\":\"fr-FR\",\"potentialAction\":[{\"@type\":\"ReadAction\",\"target\":[\"https:\/\/dicodusport.fr\/blog\/coupe-du-monde-descrime-les-bleus-cloturent-la-saison-par-trois-medailles\/\"]}]},{\"@type\":\"ImageObject\",\"inLanguage\":\"fr-FR\",\"@id\":\"https:\/\/dicodusport.fr\/blog\/coupe-du-monde-descrime-les-bleus-cloturent-la-saison-par-trois-medailles\/#primaryimage\",\"url\":\"https:\/\/dicodusport.fr\/blog\/wp-content\/uploads\/2024\/05\/Coupe-du-monde-descrime-Les-Bleus-cloturent-la-saison-par-trois-medailles.png\",\"contentUrl\":\"https:\/\/dicodusport.fr\/blog\/wp-content\/uploads\/2024\/05\/Coupe-du-monde-descrime-Les-Bleus-cloturent-la-saison-par-trois-medailles.png\",\"width\":1200,\"height\":674,\"caption\":\"Coupe du monde d'escrime Les Bleus cl\u00f4turent la saison par trois m\u00e9dailles\"},{\"@type\":\"BreadcrumbList\",\"@id\":\"https:\/\/dicodusport.fr\/blog\/coupe-du-monde-descrime-les-bleus-cloturent-la-saison-par-trois-medailles\/#breadcrumb\",\"itemListElement\":[{\"@type\":\"ListItem\",\"position\":1,\"name\":\"Accueil\",\"item\":\"https:\/\/dicodusport.fr\/blog\/\"},{\"@type\":\"ListItem\",\"position\":2,\"name\":\"Coupe du monde d&rsquo;escrime : Les Bleus cl\u00f4turent la saison par trois m\u00e9dailles\"}]},{\"@type\":\"WebSite\",\"@id\":\"https:\/\/dicodusport.fr\/blog\/#website\",\"url\":\"https:\/\/dicodusport.fr\/blog\/\",\"name\":\"Dicodusport\",\"description\":\"L&#039;encyclop\u00e9die de l&#039;actualit\u00e9 sportive\",\"publisher\":{\"@id\":\"https:\/\/dicodusport.fr\/blog\/#organization\"},\"potentialAction\":[{\"@type\":\"SearchAction\",\"target\":{\"@type\":\"EntryPoint\",\"urlTemplate\":\"https:\/\/dicodusport.fr\/blog\/?s={search_term_string}\"},\"query-input\":{\"@type\":\"PropertyValueSpecification\",\"valueRequired\":true,\"valueName\":\"search_term_string\"}}],\"inLanguage\":\"fr-FR\"},{\"@type\":\"NewsMediaOrganization\",\"@id\":\"https:\/\/dicodusport.fr\/blog\/#organization\",\"name\":\"Dicodusport\",\"url\":\"https:\/\/dicodusport.fr\/blog\/\",\"logo\":{\"@type\":\"ImageObject\",\"inLanguage\":\"fr-FR\",\"@id\":\"https:\/\/dicodusport.fr\/blog\/#\/schema\/logo\/image\/\",\"url\":\"https:\/\/dicodusport.fr\/blog\/wp-content\/uploads\/2020\/06\/cropped-LOGO-DICODUSPORT-2020-SANS-FOND-SANS-TEXTE.png\",\"contentUrl\":\"https:\/\/dicodusport.fr\/blog\/wp-content\/uploads\/2020\/06\/cropped-LOGO-DICODUSPORT-2020-SANS-FOND-SANS-TEXTE.png\",\"width\":512,\"height\":512,\"caption\":\"Dicodusport\"},\"image\":{\"@id\":\"https:\/\/dicodusport.fr\/blog\/#\/schema\/logo\/image\/\"},\"sameAs\":[\"https:\/\/www.facebook.com\/dicodusport\",\"https:\/\/x.com\/dicodusport\",\"https:\/\/www.instagram.com\/dicodusport\/\",\"https:\/\/www.youtube.com\/channel\/UC7V2KZ5sd3htJivAbA4ZG3w\"],\"description\":\"Dicodusport est l'encyclop\u00e9die de l'actualit\u00e9 sportive.\",\"email\":\"bonjour@dicodusport.fr\",\"legalName\":\"DICODUSPORT\",\"foundingDate\":\"2018-01-14\",\"vatID\":\"FR71834470973\",\"taxID\":\"83447097300043\",\"numberOfEmployees\":{\"@type\":\"QuantitativeValue\",\"minValue\":\"1\",\"maxValue\":\"10\"}},{\"@type\":\"Person\",\"@id\":\"https:\/\/dicodusport.fr\/blog\/#\/schema\/person\/627966a6cde45dbd8c5e36ac85d783da\",\"name\":\"S\u00e9bastien Gente\",\"image\":{\"@type\":\"ImageObject\",\"inLanguage\":\"fr-FR\",\"@id\":\"https:\/\/dicodusport.fr\/blog\/#\/schema\/person\/image\/\",\"url\":\"https:\/\/dicodusport.fr\/blog\/wp-content\/uploads\/2021\/09\/1510990_10205810251400683_4124423575079401707_n-150x150.jpg\",\"contentUrl\":\"https:\/\/dicodusport.fr\/blog\/wp-content\/uploads\/2021\/09\/1510990_10205810251400683_4124423575079401707_n-150x150.jpg\",\"caption\":\"S\u00e9bastien Gente\"},\"description\":\"John Stockton, Gianni Bugno, Zinedine Zidane, Steffi Graf, Frode Andresen, St\u00e9phane Stoecklin, Davis Kamoga, Primoz Peterka, Werner Schlager et Aur\u00e9lien Rougerie. Point commun entre ces sportifs? Ils m'ont fait r\u00eaver et ont berc\u00e9 mon adolescence. Je suis un fondu de sports et j'essaie de retranscrire ma passion \u00e0 travers mes articles. Originaire du P\u00e9rigord, ma passion pour les Girondins, les Jaunards et les Jazzmen transpire dans mes \u00e9crits. \u00c0 Dicodusport depuis 2021, je d\u00e9niche les sports m\u00e9connus dans lesquels la France brille, et il y en a !\",\"sameAs\":[\"https:\/\/www.facebook.com\/sebastien.gente\/\",\"https:\/\/www.instagram.com\/sebgente\/\",\"https:\/\/www.linkedin.com\/in\/sbastien-gente-a29583169\/\",\"https:\/\/x.com\/https:\/\/twitter.com\/globulo24\",\"SebastienGente\"],\"worksFor\":\"S\u00e9bastien GENTE\",\"url\":\"https:\/\/dicodusport.fr\/blog\/author\/sebastiengente\/\"}]}<\/script>\n<!-- \/ Yoast SEO Premium plugin. -->","yoast_head_json":{"title":"Coupe du monde d'escrime : Les Bleus cl\u00f4turent la saison par trois m\u00e9dailles","description":"COUPE DU MONDE D'ESCRIME 2023\/2024 - Trois m\u00e9dailles pour finir le dernier weekend de Coupe du monde de la saison.","robots":{"index":"index","follow":"follow","max-snippet":"max-snippet:-1","max-image-preview":"max-image-preview:large","max-video-preview":"max-video-preview:-1"},"canonical":"https:\/\/dicodusport.fr\/blog\/coupe-du-monde-descrime-les-bleus-cloturent-la-saison-par-trois-medailles\/","og_locale":"fr_FR","og_type":"article","og_title":"Coupe du monde d'escrime : Les Bleus cl\u00f4turent la saison par trois m\u00e9dailles","og_description":"COUPE DU MONDE D'ESCRIME 2023\/2024 - Trois m\u00e9dailles pour finir le dernier weekend de Coupe du monde de la saison.","og_url":"https:\/\/dicodusport.fr\/blog\/coupe-du-monde-descrime-les-bleus-cloturent-la-saison-par-trois-medailles\/","og_site_name":"Dicodusport","article_publisher":"https:\/\/www.facebook.com\/dicodusport","article_author":"https:\/\/www.facebook.com\/sebastien.gente\/","article_published_time":"2024-05-19T14:49:39+00:00","og_image":[{"width":1200,"height":674,"url":"https:\/\/dicodusport.fr\/blog\/wp-content\/uploads\/2024\/05\/Coupe-du-monde-descrime-Les-Bleus-cloturent-la-saison-par-trois-medailles.png","type":"image\/png"}],"author":"S\u00e9bastien Gente","twitter_card":"summary_large_image","twitter_title":"Coupe du monde d'escrime : Les Bleus cl\u00f4turent la saison par trois m\u00e9dailles","twitter_creator":"@https:\/\/twitter.com\/globulo24","twitter_site":"@dicodusport","schema":{"@context":"https:\/\/schema.org","@graph":[{"@type":"NewsArticle","@id":"https:\/\/dicodusport.fr\/blog\/coupe-du-monde-descrime-les-bleus-cloturent-la-saison-par-trois-medailles\/#article","isPartOf":{"@id":"https:\/\/dicodusport.fr\/blog\/coupe-du-monde-descrime-les-bleus-cloturent-la-saison-par-trois-medailles\/"},"author":{"name":"S\u00e9bastien Gente","@id":"https:\/\/dicodusport.fr\/blog\/#\/schema\/person\/627966a6cde45dbd8c5e36ac85d783da"},"headline":"Coupe du monde d&rsquo;escrime : Les Bleus cl\u00f4turent la saison par trois m\u00e9dailles","datePublished":"2024-05-19T14:49:39+00:00","mainEntityOfPage":{"@id":"https:\/\/dicodusport.fr\/blog\/coupe-du-monde-descrime-les-bleus-cloturent-la-saison-par-trois-medailles\/"},"wordCount":589,"commentCount":0,"publisher":{"@id":"https:\/\/dicodusport.fr\/blog\/#organization"},"image":{"@id":"https:\/\/dicodusport.fr\/blog\/coupe-du-monde-descrime-les-bleus-cloturent-la-saison-par-trois-medailles\/#primaryimage"},"thumbnailUrl":"https:\/\/dicodusport.fr\/blog\/wp-content\/uploads\/2024\/05\/Coupe-du-monde-descrime-Les-Bleus-cloturent-la-saison-par-trois-medailles.png","keywords":["br\u00e8ve","Escrime fran\u00e7aise"],"articleSection":["Escrime"],"inLanguage":"fr-FR","potentialAction":[{"@type":"CommentAction","name":"Comment","target":["https:\/\/dicodusport.fr\/blog\/coupe-du-monde-descrime-les-bleus-cloturent-la-saison-par-trois-medailles\/#respond"]}],"copyrightYear":"2024","copyrightHolder":{"@id":"https:\/\/dicodusport.fr\/blog\/#organization"}},{"@type":"WebPage","@id":"https:\/\/dicodusport.fr\/blog\/coupe-du-monde-descrime-les-bleus-cloturent-la-saison-par-trois-medailles\/","url":"https:\/\/dicodusport.fr\/blog\/coupe-du-monde-descrime-les-bleus-cloturent-la-saison-par-trois-medailles\/","name":"Coupe du monde d'escrime : Les Bleus cl\u00f4turent la saison par trois m\u00e9dailles","isPartOf":{"@id":"https:\/\/dicodusport.fr\/blog\/#website"},"primaryImageOfPage":{"@id":"https:\/\/dicodusport.fr\/blog\/coupe-du-monde-descrime-les-bleus-cloturent-la-saison-par-trois-medailles\/#primaryimage"},"image":{"@id":"https:\/\/dicodusport.fr\/blog\/coupe-du-monde-descrime-les-bleus-cloturent-la-saison-par-trois-medailles\/#primaryimage"},"thumbnailUrl":"https:\/\/dicodusport.fr\/blog\/wp-content\/uploads\/2024\/05\/Coupe-du-monde-descrime-Les-Bleus-cloturent-la-saison-par-trois-medailles.png","datePublished":"2024-05-19T14:49:39+00:00","description":"COUPE DU MONDE D'ESCRIME 2023\/2024 - Trois m\u00e9dailles pour finir le dernier weekend de Coupe du monde de la saison.","breadcrumb":{"@id":"https:\/\/dicodusport.fr\/blog\/coupe-du-monde-descrime-les-bleus-cloturent-la-saison-par-trois-medailles\/#breadcrumb"},"inLanguage":"fr-FR","potentialAction":[{"@type":"ReadAction","target":["https:\/\/dicodusport.fr\/blog\/coupe-du-monde-descrime-les-bleus-cloturent-la-saison-par-trois-medailles\/"]}]},{"@type":"ImageObject","inLanguage":"fr-FR","@id":"https:\/\/dicodusport.fr\/blog\/coupe-du-monde-descrime-les-bleus-cloturent-la-saison-par-trois-medailles\/#primaryimage","url":"https:\/\/dicodusport.fr\/blog\/wp-content\/uploads\/2024\/05\/Coupe-du-monde-descrime-Les-Bleus-cloturent-la-saison-par-trois-medailles.png","contentUrl":"https:\/\/dicodusport.fr\/blog\/wp-content\/uploads\/2024\/05\/Coupe-du-monde-descrime-Les-Bleus-cloturent-la-saison-par-trois-medailles.png","width":1200,"height":674,"caption":"Coupe du monde d'escrime Les Bleus cl\u00f4turent la saison par trois m\u00e9dailles"},{"@type":"BreadcrumbList","@id":"https:\/\/dicodusport.fr\/blog\/coupe-du-monde-descrime-les-bleus-cloturent-la-saison-par-trois-medailles\/#breadcrumb","itemListElement":[{"@type":"ListItem","position":1,"name":"Accueil","item":"https:\/\/dicodusport.fr\/blog\/"},{"@type":"ListItem","position":2,"name":"Coupe du monde d&rsquo;escrime : Les Bleus cl\u00f4turent la saison par trois m\u00e9dailles"}]},{"@type":"WebSite","@id":"https:\/\/dicodusport.fr\/blog\/#website","url":"https:\/\/dicodusport.fr\/blog\/","name":"Dicodusport","description":"L&#039;encyclop\u00e9die de l&#039;actualit\u00e9 sportive","publisher":{"@id":"https:\/\/dicodusport.fr\/blog\/#organization"},"potentialAction":[{"@type":"SearchAction","target":{"@type":"EntryPoint","urlTemplate":"https:\/\/dicodusport.fr\/blog\/?s={search_term_string}"},"query-input":{"@type":"PropertyValueSpecification","valueRequired":true,"valueName":"search_term_string"}}],"inLanguage":"fr-FR"},{"@type":"NewsMediaOrganization","@id":"https:\/\/dicodusport.fr\/blog\/#organization","name":"Dicodusport","url":"https:\/\/dicodusport.fr\/blog\/","logo":{"@type":"ImageObject","inLanguage":"fr-FR","@id":"https:\/\/dicodusport.fr\/blog\/#\/schema\/logo\/image\/","url":"https:\/\/dicodusport.fr\/blog\/wp-content\/uploads\/2020\/06\/cropped-LOGO-DICODUSPORT-2020-SANS-FOND-SANS-TEXTE.png","contentUrl":"https:\/\/dicodusport.fr\/blog\/wp-content\/uploads\/2020\/06\/cropped-LOGO-DICODUSPORT-2020-SANS-FOND-SANS-TEXTE.png","width":512,"height":512,"caption":"Dicodusport"},"image":{"@id":"https:\/\/dicodusport.fr\/blog\/#\/schema\/logo\/image\/"},"sameAs":["https:\/\/www.facebook.com\/dicodusport","https:\/\/x.com\/dicodusport","https:\/\/www.instagram.com\/dicodusport\/","https:\/\/www.youtube.com\/channel\/UC7V2KZ5sd3htJivAbA4ZG3w"],"description":"Dicodusport est l'encyclop\u00e9die de l'actualit\u00e9 sportive.","email":"bonjour@dicodusport.fr","legalName":"DICODUSPORT","foundingDate":"2018-01-14","vatID":"FR71834470973","taxID":"83447097300043","numberOfEmployees":{"@type":"QuantitativeValue","minValue":"1","maxValue":"10"}},{"@type":"Person","@id":"https:\/\/dicodusport.fr\/blog\/#\/schema\/person\/627966a6cde45dbd8c5e36ac85d783da","name":"S\u00e9bastien Gente","image":{"@type":"ImageObject","inLanguage":"fr-FR","@id":"https:\/\/dicodusport.fr\/blog\/#\/schema\/person\/image\/","url":"https:\/\/dicodusport.fr\/blog\/wp-content\/uploads\/2021\/09\/1510990_10205810251400683_4124423575079401707_n-150x150.jpg","contentUrl":"https:\/\/dicodusport.fr\/blog\/wp-content\/uploads\/2021\/09\/1510990_10205810251400683_4124423575079401707_n-150x150.jpg","caption":"S\u00e9bastien Gente"},"description":"John Stockton, Gianni Bugno, Zinedine Zidane, Steffi Graf, Frode Andresen, St\u00e9phane Stoecklin, Davis Kamoga, Primoz Peterka, Werner Schlager et Aur\u00e9lien Rougerie. Point commun entre ces sportifs? Ils m'ont fait r\u00eaver et ont berc\u00e9 mon adolescence. Je suis un fondu de sports et j'essaie de retranscrire ma passion \u00e0 travers mes articles. Originaire du P\u00e9rigord, ma passion pour les Girondins, les Jaunards et les Jazzmen transpire dans mes \u00e9crits. \u00c0 Dicodusport depuis 2021, je d\u00e9niche les sports m\u00e9connus dans lesquels la France brille, et il y en a !","sameAs":["https:\/\/www.facebook.com\/sebastien.gente\/","https:\/\/www.instagram.com\/sebgente\/","https:\/\/www.linkedin.com\/in\/sbastien-gente-a29583169\/","https:\/\/x.com\/https:\/\/twitter.com\/globulo24","SebastienGente"],"worksFor":"S\u00e9bastien GENTE","url":"https:\/\/dicodusport.fr\/blog\/author\/sebastiengente\/"}]}},"_links":{"self":[{"href":"https:\/\/dicodusport.fr\/blog\/wp-json\/wp\/v2\/posts\/486573","targetHints":{"allow":["GET"]}}],"collection":[{"href":"https:\/\/dicodusport.fr\/blog\/wp-json\/wp\/v2\/posts"}],"about":[{"href":"https:\/\/dicodusport.fr\/blog\/wp-json\/wp\/v2\/types\/post"}],"author":[{"embeddable":true,"href":"https:\/\/dicodusport.fr\/blog\/wp-json\/wp\/v2\/users\/59"}],"replies":[{"embeddable":true,"href":"https:\/\/dicodusport.fr\/blog\/wp-json\/wp\/v2\/comments?post=486573"}],"version-history":[{"count":1,"href":"https:\/\/dicodusport.fr\/blog\/wp-json\/wp\/v2\/posts\/486573\/revisions"}],"predecessor-version":[{"id":486654,"href":"https:\/\/dicodusport.fr\/blog\/wp-json\/wp\/v2\/posts\/486573\/revisions\/486654"}],"wp:featuredmedia":[{"embeddable":true,"href":"https:\/\/dicodusport.fr\/blog\/wp-json\/wp\/v2\/media\/486653"}],"wp:attachment":[{"href":"https:\/\/dicodusport.fr\/blog\/wp-json\/wp\/v2\/media?parent=486573"}],"wp:term":[{"taxonomy":"category","embeddable":true,"href":"https:\/\/dicodusport.fr\/blog\/wp-json\/wp\/v2\/categories?post=486573"},{"taxonomy":"post_tag","embeddable":true,"href":"https:\/\/dicodusport.fr\/blog\/wp-json\/wp\/v2\/tags?post=486573"}],"curies":[{"name":"wp","href":"https:\/\/api.w.org\/{rel}","templated":true}]}}