{"id":486927,"date":"2024-05-21T13:06:34","date_gmt":"2024-05-21T11:06:34","guid":{"rendered":"https:\/\/dicodusport.fr\/blog\/?p=486927&#038;preview=true&#038;preview_id=486927"},"modified":"2024-05-21T15:57:45","modified_gmt":"2024-05-21T13:57:45","slug":"aviron-jo-2024-carton-plein-pour-les-deux-de-couple-poids-leger-et-les-paras","status":"publish","type":"post","link":"https:\/\/dicodusport.fr\/blog\/aviron-jo-2024-carton-plein-pour-les-deux-de-couple-poids-leger-et-les-paras\/","title":{"rendered":"Aviron JO 2024 : Carton plein pour les deux de couple poids l\u00e9ger et les paras !"},"content":{"rendered":"<p style=\"text-align: justify;\"><strong><em>JO 2024 AVIRON &#8211; Derni\u00e8re possibilit\u00e9 pour qualifier des embarcations pour les Jeux Olympiques 2024, la r\u00e9gate de qualification olympique de Lucerne a d\u00e9cern\u00e9 les derniers billets pour Paris. C\u00f4t\u00e9 fran\u00e7ais, quatre embarcations se sont qualifi\u00e9es pour les Jeux.<\/em><\/strong><\/p>\n<ul>\n<li style=\"text-align: justify;\"><strong>\u00c0 voir \u00e9galement : <a href=\"https:\/\/dicodusport.fr\/blog\/actualites\/aviron\/\">Toute l&rsquo;actualit\u00e9 de l&rsquo;aviron<\/a><\/strong><\/li>\n<\/ul>\n<h2>Claire Bov\u00e9 et Laura Tarantola pourront d\u00e9fendre leur m\u00e9daille !<\/h2>\n<p style=\"text-align: justify;\">Elles n&rsquo;avaient pas le droit \u00e0 l&rsquo;erreur ! C&rsquo;est dire la pression qui reposait sur <strong>Claire Bov\u00e9<\/strong> et <strong>Laura Tarantola<\/strong>, vice-championnes olympiques en titre sur le deux de couple poids l\u00e9ger. Contrainte de disputer cette r\u00e9gate pour se qualifier pour Paris, apr\u00e8s une saison 2023 d\u00e9licate, les Fran\u00e7aises ont frapp\u00e9 fort en s\u00e9ries, signant le deuxi\u00e8me temps de toutes les embarcations pour leur rentr\u00e9e. Face \u00e0 elles, les Italiennes et les Grecques repr\u00e9sentaient les plus gros dangers.<\/p>\n<p style=\"text-align: justify;\">Parties vite, les Fran\u00e7aises passaient en t\u00eate aux 500m. Toujours devant \u00e0 la mi-course, les Grecques restaient en embuscade \u00e0 six dixi\u00e8mes alors que les Italiennes \u00e9taient quatri\u00e8mes, juste derri\u00e8re l&rsquo;Australie, \u00e0 trois secondes. En patronnes, <strong>Claire Bov\u00e9<\/strong> et <strong>Laura Tarantola<\/strong> sont parvenues \u00e0 maintenir leur avance, acc\u00e9l\u00e9rant sur les derniers 500m pour s&rsquo;imposer avec deux secondes et demi devant la paire grecque (7:02.54). L&rsquo;Italie n&rsquo;aura jamais pu rivaliser.<\/p>\n<blockquote class=\"twitter-tweet\">\n<p dir=\"ltr\" lang=\"fr\">\ud83d\udea3\ud83d\udd25\ud83c\udf9f\ufe0f LE DEUX DE COUPLE POIDS L\u00c9GER QUALIFI\u00c9 POUR <a href=\"https:\/\/twitter.com\/Paris2024?ref_src=twsrc%5Etfw\">@Paris2024<\/a> !<\/p>\n<p>Nos vice-championnes olympiques remportent la finale et seront bien aux rendez-vous des Jeux olympiques cet \u00e9t\u00e9 !<\/p>\n<p>&#8212;&#8212;<a href=\"https:\/\/twitter.com\/hashtag\/FranceAviron?src=hash&amp;ref_src=twsrc%5Etfw\">#FranceAviron<\/a> <a href=\"https:\/\/twitter.com\/hashtag\/EnsembleAParis?src=hash&amp;ref_src=twsrc%5Etfw\">#EnsembleAParis<\/a> <a href=\"https:\/\/twitter.com\/hashtag\/FOPQR?src=hash&amp;ref_src=twsrc%5Etfw\">#FOPQR<\/a> <a href=\"https:\/\/twitter.com\/hashtag\/LastChanceRegatta?src=hash&amp;ref_src=twsrc%5Etfw\">#LastChanceRegatta<\/a> <a href=\"https:\/\/t.co\/SZzrhjGx5E\">pic.twitter.com\/SZzrhjGx5E<\/a><\/p>\n<p>\u2014 F\u00e9d\u00e9ration Fran\u00e7aise d&rsquo;Aviron (@FFAviron) <a href=\"https:\/\/twitter.com\/FFAviron\/status\/1792851750954684829?ref_src=twsrc%5Etfw\">May 21, 2024<\/a><\/p><\/blockquote>\n<p><script async src=\"https:\/\/platform.twitter.com\/widgets.js\" charset=\"utf-8\"><\/script><\/p>\n<h2>Le deux de couple poids l\u00e9ger masculin \u00e9galement qualifi\u00e9<\/h2>\n<p style=\"text-align: justify;\">Toujours sur le deux de couple poids l\u00e9ger, mais chez les messieurs, <strong>Hugo Beurey<\/strong> et <strong>Ferdinand Ludwig<\/strong> \u00e9taient \u00e9galement contraints de passer par cette r\u00e9gate finale pour gagner leur billet pour Paris. Ils \u00e9taient trois bateaux en une seconde en s\u00e9rie : outre la France, la Gr\u00e8ce encore, et l&rsquo;Allemagne s&rsquo;avan\u00e7aient comme les principaux pr\u00e9tendants pour l&rsquo;une des deux places pour les Jeux. Le d\u00e9but de course est une copie parfaite de la course f\u00e9minine, les Bleus passant en t\u00eate avec six dixi\u00e8mes de marge sur les Hell\u00e8nes. Ces derniers ont toutefois acc\u00e9l\u00e9r\u00e9, passant en t\u00eate \u00e0 mi-course.<\/p>\n<p style=\"text-align: justify;\">\u00c0 l&rsquo;approche des 500 derniers m\u00e8tres, la France se maintient \u00e0 la deuxi\u00e8me position, pour une fin de course \u00e9lectrique puisque les Allemands restaient en embuscade \u00e0 quelques encablures. <strong>Hugo Beurey<\/strong> et <strong>Ferdinand Ludwig<\/strong> ont termin\u00e9 en boulet de canon pour prendre le meilleur sur les Grecs \u00e0 l&rsquo;abord des 150 derniers m\u00e8tres ! La Gr\u00e8ce, comme chez les femmes, se qualifie, l&rsquo;Allemagne de <strong>Leerkamp<\/strong> et <strong>Rommelmann<\/strong>, reste \u00e0 quai. Les Bleus perp\u00e9tuent la tradition fran\u00e7aise du deux de couple poids l\u00e9gers : huit ans apr\u00e8s le titre olympique de <strong>Pierre Houin<\/strong> et <strong>J\u00e9r\u00e9mie Azou<\/strong>, les embarcations fran\u00e7aises pourront ainsi d\u00e9fendre leurs chances \u00e0 Vaires-sur-Marne, o\u00f9 se d\u00e9rouleront les \u00e9preuves d&rsquo;aviron !<\/p>\n<h2 style=\"text-align: justify;\">Carton plein pour les para-aviron !<\/h2>\n<p style=\"text-align: justify;\">Sur le Skiff PR1 (cat\u00e9gorie paralympique), <strong>Alexis Sanchez<\/strong> a r\u00e9alis\u00e9 une course pleine pour aller d\u00e9crocher le seul quota mis en jeu au cours de cette finale. Ils \u00e9taient deux \u00e0 pouvoir y pr\u00e9tendre, particuli\u00e8rement parmi les six engag\u00e9s. Dimanche, d\u00e9j\u00e0, le Fran\u00e7ais avait fait mieux que son homologue br\u00e9silien, <strong>Rene Campos Pereira<\/strong>, m\u00e9daill\u00e9 de bronze \u00e0 Tokyo. Les deux ne concouraient pas pour autant dans la m\u00eame s\u00e9rie. N\u00e9anmoins, <strong>Pereira<\/strong> n&rsquo;a jamais \u00e9t\u00e9 en mesure de rivaliser durant la finale. Passant avec pr\u00e8s de 8 secondes d&rsquo;avance sur le Br\u00e9silien apr\u00e8s 500m, le Fran\u00e7ais est parti fort, a acc\u00e9l\u00e9r\u00e9, avant de finir en trombe, passant la ligne avec 15 secondes d&rsquo;avance, ticket pour les Jeux Paralympiques en poche. Ses premiers !<\/p>\n<p style=\"text-align: justify;\">Le Fran\u00e7ais \u00e9tait, une heure apr\u00e8s, imit\u00e9 par ses compatriotes, <strong>Perle Bouge<\/strong> et <strong>Benjamin Daviet<\/strong>. La v\u00e9t\u00e9rane de l&rsquo;\u00e9quipe de France disputera ainsi ses quatri\u00e8mes Jeux de rang ! Apr\u00e8s avoir \u00e9chou\u00e9 \u00e0 qualifier son \u00e9quipe de basket fauteuil pour les JO de P\u00e9kin, en 2008, <strong>Bouge<\/strong> avait choisi l&rsquo;aviron. Choix payant donc ! <strong>Benjamin Daviet<\/strong>, quintuple champion paralympique de biathlon, disputera ses premiers Jeux d&rsquo;\u00e9t\u00e9, apr\u00e8s avoir rejoint <strong>Bouge<\/strong> en fin de saison derni\u00e8re. Les Fran\u00e7ais ont achev\u00e9 leur course \u00e0 la premi\u00e8re place, \u00e0 la photo finish (23 centi\u00e8mes d&rsquo;\u00e9cart), devant Isra\u00ebl et r\u00e9sistant au retour des Allemands.<\/p>\n<blockquote class=\"twitter-tweet\">\n<p dir=\"ltr\" lang=\"fr\">\ud83d\udea3\ud83d\udd25\ud83c\udf9f\ufe0f LE DEUX DE COUPLE MIXTE PR2 QUALIFI\u00c9 POUR <a href=\"https:\/\/twitter.com\/Paris2024?ref_src=twsrc%5Etfw\">@Paris2024<\/a> !<\/p>\n<p>Avec <a href=\"https:\/\/twitter.com\/Perlebouge?ref_src=twsrc%5Etfw\">@Perlebouge<\/a> et <a href=\"https:\/\/twitter.com\/DavietBenjamin?ref_src=twsrc%5Etfw\">@DavietBenjamin<\/a> qualifi\u00e9s, la France pr\u00e9sentera une \u00e9quipe compl\u00e8te aux Jeux paralympiques \ud83d\ude0d Le seul pays \u00e0 r\u00e9aliser cette perf !<\/p>\n<p>&#8212;&#8212;<a href=\"https:\/\/twitter.com\/hashtag\/FranceAviron?src=hash&amp;ref_src=twsrc%5Etfw\">#FranceAviron<\/a> <a href=\"https:\/\/twitter.com\/hashtag\/EnsembleAParis?src=hash&amp;ref_src=twsrc%5Etfw\">#EnsembleAParis<\/a> <a href=\"https:\/\/twitter.com\/hashtag\/FOPQR?src=hash&amp;ref_src=twsrc%5Etfw\">#FOPQR<\/a> <a href=\"https:\/\/twitter.com\/hashtag\/LastChanceRegatta?src=hash&amp;ref_src=twsrc%5Etfw\">#LastChanceRegatta<\/a> <a href=\"https:\/\/t.co\/wJ036LzH3C\">pic.twitter.com\/wJ036LzH3C<\/a><\/p>\n<p>\u2014 F\u00e9d\u00e9ration Fran\u00e7aise d&rsquo;Aviron (@FFAviron) <a href=\"https:\/\/twitter.com\/FFAviron\/status\/1792860813960634728?ref_src=twsrc%5Etfw\">May 21, 2024<\/a><\/p><\/blockquote>\n<p><script async src=\"https:\/\/platform.twitter.com\/widgets.js\" charset=\"utf-8\"><\/script><\/p>\n<h2 style=\"text-align: justify;\">Trois embarcations restent \u00e0 quai<\/h2>\n<p style=\"text-align: justify;\">Pas de quota pour le deux sans barreur f\u00e9minin. L&#8217;embarcation d&rsquo;<strong>Emma Cornelis<\/strong> et <strong>Jos\u00e9phine Cornut<\/strong> \u00e9tait pourtant partie vite, passant en deuxi\u00e8me \u00e0 mi-course derri\u00e8re les Danoises. N\u00e9anmoins, les deux Fran\u00e7aises n&rsquo;ont pas \u00e9t\u00e9 en mesure de r\u00e9pondre \u00e0 l&rsquo;acc\u00e9l\u00e9ration des N\u00e9o-Z\u00e9landaises, deuxi\u00e8mes ni m\u00eame des Croates, troisi\u00e8mes.<\/p>\n<p style=\"text-align: justify;\">Les quatre de couple fran\u00e7ais n&rsquo;iront pas aux Jeux Olympiques non plus. Chez les femmes, <strong>Violaine Aernoudts, Jeanne Roche, H\u00e9l\u00e8ne Lefebvre<\/strong>, et <strong>Elodie Ravera-Scaramozzino<\/strong> ont termin\u00e9 en retrait des vainqueures. Cinqui\u00e8mes aux 1000m, elles terminent quatri\u00e8mes au final, ne parvenant pas \u00e0 combler leur retard sur les Am\u00e9ricaines et Ukrainiennes, qualifi\u00e9es.<\/p>\n<p style=\"text-align: justify;\">Chez les hommes, la course a \u00e9t\u00e9 \u00e2prement disput\u00e9e. En effet, trois bateaux se tiennent en une seconde et demi. La victoire revient n\u00e9anmoins \u00e0 la Norv\u00e8ge. <strong>Valentin Onfroy, Victor Marcelot, Yoann Lamiral<\/strong> et <strong>Theophile Onfroy<\/strong> n&rsquo;ont pas d\u00e9m\u00e9rit\u00e9, mais terminent finalement quatri\u00e8mes et ne seront pas aux Jeux. Il faut remonter \u00e0 2012 pour voir un quatre de couple masculin tricolore aux Jeux Olympiques.<\/p>\n","protected":false},"excerpt":{"rendered":"<p>JO 2024 AVIRON &#8211; La d\u00e9l\u00e9gation fran\u00e7aise d&rsquo;aviron ach\u00e8ve la r\u00e9gate finale de qualification olympique avec quatre quotas obtenus pour les JOP.<\/p>\n","protected":false},"author":91,"featured_media":486957,"comment_status":"open","ping_status":"closed","sticky":false,"template":"","format":"standard","meta":{"_acf_changed":false,"_daextam_enable_autolinks":"1","footnotes":""},"categories":[2309,21286,8436],"tags":[25297,739,2958,16878,6003],"class_list":["post-486927","post","type-post","status-publish","format-standard","has-post-thumbnail","hentry","category-aviron","category-jeux-paralympiques-paris-2024","category-jo-paris-2024","tag-alexis-sanchez","tag-aviron","tag-benjamin-daviet","tag-breve","tag-laura-tarantola"],"acf":[],"yoast_head":"<!-- This site is optimized with the Yoast SEO Premium plugin v26.7 (Yoast SEO v26.7) - https:\/\/yoast.com\/wordpress\/plugins\/seo\/ -->\n<title>Aviron JO 2024 : Carton plein pour les deux de couple poids l\u00e9ger et les paras !<\/title>\n<meta name=\"description\" content=\"JO 2024 AVIRON - La d\u00e9l\u00e9gation fran\u00e7aise d&#039;aviron ach\u00e8ve la r\u00e9gate finale de qualification olympique avec quatre quotas obtenus pour les Jeux.\" \/>\n<meta name=\"robots\" content=\"index, follow, max-snippet:-1, max-image-preview:large, max-video-preview:-1\" \/>\n<link rel=\"canonical\" href=\"https:\/\/dicodusport.fr\/blog\/aviron-jo-2024-carton-plein-pour-les-deux-de-couple-poids-leger-et-les-paras\/\" \/>\n<meta property=\"og:locale\" content=\"fr_FR\" \/>\n<meta property=\"og:type\" content=\"article\" \/>\n<meta property=\"og:title\" content=\"Aviron JO 2024 : Carton plein pour les deux de couple poids l\u00e9ger et les paras !\" \/>\n<meta property=\"og:description\" content=\"JO 2024 AVIRON - La d\u00e9l\u00e9gation fran\u00e7aise d&#039;aviron ach\u00e8ve la r\u00e9gate finale de qualification olympique avec quatre quotas obtenus pour les Jeux.\" \/>\n<meta property=\"og:url\" content=\"https:\/\/dicodusport.fr\/blog\/aviron-jo-2024-carton-plein-pour-les-deux-de-couple-poids-leger-et-les-paras\/\" \/>\n<meta property=\"og:site_name\" content=\"Dicodusport\" \/>\n<meta property=\"article:publisher\" content=\"https:\/\/www.facebook.com\/dicodusport\" \/>\n<meta property=\"article:published_time\" content=\"2024-05-21T11:06:34+00:00\" \/>\n<meta property=\"article:modified_time\" content=\"2024-05-21T13:57:45+00:00\" \/>\n<meta property=\"og:image\" content=\"https:\/\/dicodusport.fr\/blog\/wp-content\/uploads\/2024\/05\/Aviron-JO-2024-Carton-plein-pour-les-deux-de-couple-poids-leger-et-les-paras-.png\" \/>\n\t<meta property=\"og:image:width\" content=\"1200\" \/>\n\t<meta property=\"og:image:height\" content=\"674\" \/>\n\t<meta property=\"og:image:type\" content=\"image\/png\" \/>\n<meta name=\"author\" content=\"Victor Clot-Amiot\" \/>\n<meta name=\"twitter:card\" content=\"summary_large_image\" \/>\n<meta name=\"twitter:title\" content=\"Aviron JO 2024 : Carton plein pour les deux de couple poids l\u00e9ger et les paras !\" \/>\n<meta name=\"twitter:creator\" content=\"@https:\/\/x.com\/VictorClotAmiot\" \/>\n<meta name=\"twitter:site\" content=\"@dicodusport\" \/>\n<script type=\"application\/ld+json\" class=\"yoast-schema-graph\">{\"@context\":\"https:\/\/schema.org\",\"@graph\":[{\"@type\":\"NewsArticle\",\"@id\":\"https:\/\/dicodusport.fr\/blog\/aviron-jo-2024-carton-plein-pour-les-deux-de-couple-poids-leger-et-les-paras\/#article\",\"isPartOf\":{\"@id\":\"https:\/\/dicodusport.fr\/blog\/aviron-jo-2024-carton-plein-pour-les-deux-de-couple-poids-leger-et-les-paras\/\"},\"author\":{\"name\":\"Victor Clot-Amiot\",\"@id\":\"https:\/\/dicodusport.fr\/blog\/#\/schema\/person\/b623199cba9ba90fe84a3d16e9282360\"},\"headline\":\"Aviron JO 2024 : Carton plein pour les deux de couple poids l\u00e9ger et les paras !\",\"datePublished\":\"2024-05-21T11:06:34+00:00\",\"dateModified\":\"2024-05-21T13:57:45+00:00\",\"mainEntityOfPage\":{\"@id\":\"https:\/\/dicodusport.fr\/blog\/aviron-jo-2024-carton-plein-pour-les-deux-de-couple-poids-leger-et-les-paras\/\"},\"wordCount\":1026,\"commentCount\":0,\"publisher\":{\"@id\":\"https:\/\/dicodusport.fr\/blog\/#organization\"},\"image\":{\"@id\":\"https:\/\/dicodusport.fr\/blog\/aviron-jo-2024-carton-plein-pour-les-deux-de-couple-poids-leger-et-les-paras\/#primaryimage\"},\"thumbnailUrl\":\"https:\/\/dicodusport.fr\/blog\/wp-content\/uploads\/2024\/05\/Aviron-JO-2024-Carton-plein-pour-les-deux-de-couple-poids-leger-et-les-paras-.png\",\"keywords\":[\"Alexis Sanchez\",\"aviron\",\"Benjamin Daviet\",\"br\u00e8ve\",\"Laura Tarantola\"],\"articleSection\":[\"Aviron\",\"Jeux Paralympiques de Paris 2024\",\"JO Paris 2024\"],\"inLanguage\":\"fr-FR\",\"potentialAction\":[{\"@type\":\"CommentAction\",\"name\":\"Comment\",\"target\":[\"https:\/\/dicodusport.fr\/blog\/aviron-jo-2024-carton-plein-pour-les-deux-de-couple-poids-leger-et-les-paras\/#respond\"]}],\"copyrightYear\":\"2024\",\"copyrightHolder\":{\"@id\":\"https:\/\/dicodusport.fr\/blog\/#organization\"}},{\"@type\":\"WebPage\",\"@id\":\"https:\/\/dicodusport.fr\/blog\/aviron-jo-2024-carton-plein-pour-les-deux-de-couple-poids-leger-et-les-paras\/\",\"url\":\"https:\/\/dicodusport.fr\/blog\/aviron-jo-2024-carton-plein-pour-les-deux-de-couple-poids-leger-et-les-paras\/\",\"name\":\"Aviron JO 2024 : Carton plein pour les deux de couple poids l\u00e9ger et les paras !\",\"isPartOf\":{\"@id\":\"https:\/\/dicodusport.fr\/blog\/#website\"},\"primaryImageOfPage\":{\"@id\":\"https:\/\/dicodusport.fr\/blog\/aviron-jo-2024-carton-plein-pour-les-deux-de-couple-poids-leger-et-les-paras\/#primaryimage\"},\"image\":{\"@id\":\"https:\/\/dicodusport.fr\/blog\/aviron-jo-2024-carton-plein-pour-les-deux-de-couple-poids-leger-et-les-paras\/#primaryimage\"},\"thumbnailUrl\":\"https:\/\/dicodusport.fr\/blog\/wp-content\/uploads\/2024\/05\/Aviron-JO-2024-Carton-plein-pour-les-deux-de-couple-poids-leger-et-les-paras-.png\",\"datePublished\":\"2024-05-21T11:06:34+00:00\",\"dateModified\":\"2024-05-21T13:57:45+00:00\",\"description\":\"JO 2024 AVIRON - La d\u00e9l\u00e9gation fran\u00e7aise d'aviron ach\u00e8ve la r\u00e9gate finale de qualification olympique avec quatre quotas obtenus pour les Jeux.\",\"breadcrumb\":{\"@id\":\"https:\/\/dicodusport.fr\/blog\/aviron-jo-2024-carton-plein-pour-les-deux-de-couple-poids-leger-et-les-paras\/#breadcrumb\"},\"inLanguage\":\"fr-FR\",\"potentialAction\":[{\"@type\":\"ReadAction\",\"target\":[\"https:\/\/dicodusport.fr\/blog\/aviron-jo-2024-carton-plein-pour-les-deux-de-couple-poids-leger-et-les-paras\/\"]}]},{\"@type\":\"ImageObject\",\"inLanguage\":\"fr-FR\",\"@id\":\"https:\/\/dicodusport.fr\/blog\/aviron-jo-2024-carton-plein-pour-les-deux-de-couple-poids-leger-et-les-paras\/#primaryimage\",\"url\":\"https:\/\/dicodusport.fr\/blog\/wp-content\/uploads\/2024\/05\/Aviron-JO-2024-Carton-plein-pour-les-deux-de-couple-poids-leger-et-les-paras-.png\",\"contentUrl\":\"https:\/\/dicodusport.fr\/blog\/wp-content\/uploads\/2024\/05\/Aviron-JO-2024-Carton-plein-pour-les-deux-de-couple-poids-leger-et-les-paras-.png\",\"width\":1200,\"height\":674,\"caption\":\"Aviron JO 2024 Carton plein pour les deux de couple poids l\u00e9ger et les paras !\"},{\"@type\":\"BreadcrumbList\",\"@id\":\"https:\/\/dicodusport.fr\/blog\/aviron-jo-2024-carton-plein-pour-les-deux-de-couple-poids-leger-et-les-paras\/#breadcrumb\",\"itemListElement\":[{\"@type\":\"ListItem\",\"position\":1,\"name\":\"Accueil\",\"item\":\"https:\/\/dicodusport.fr\/blog\/\"},{\"@type\":\"ListItem\",\"position\":2,\"name\":\"Aviron JO 2024 : Carton plein pour les deux de couple poids l\u00e9ger et les paras !\"}]},{\"@type\":\"WebSite\",\"@id\":\"https:\/\/dicodusport.fr\/blog\/#website\",\"url\":\"https:\/\/dicodusport.fr\/blog\/\",\"name\":\"Dicodusport\",\"description\":\"L&#039;encyclop\u00e9die de l&#039;actualit\u00e9 sportive\",\"publisher\":{\"@id\":\"https:\/\/dicodusport.fr\/blog\/#organization\"},\"potentialAction\":[{\"@type\":\"SearchAction\",\"target\":{\"@type\":\"EntryPoint\",\"urlTemplate\":\"https:\/\/dicodusport.fr\/blog\/?s={search_term_string}\"},\"query-input\":{\"@type\":\"PropertyValueSpecification\",\"valueRequired\":true,\"valueName\":\"search_term_string\"}}],\"inLanguage\":\"fr-FR\"},{\"@type\":\"NewsMediaOrganization\",\"@id\":\"https:\/\/dicodusport.fr\/blog\/#organization\",\"name\":\"Dicodusport\",\"url\":\"https:\/\/dicodusport.fr\/blog\/\",\"logo\":{\"@type\":\"ImageObject\",\"inLanguage\":\"fr-FR\",\"@id\":\"https:\/\/dicodusport.fr\/blog\/#\/schema\/logo\/image\/\",\"url\":\"https:\/\/dicodusport.fr\/blog\/wp-content\/uploads\/2020\/06\/cropped-LOGO-DICODUSPORT-2020-SANS-FOND-SANS-TEXTE.png\",\"contentUrl\":\"https:\/\/dicodusport.fr\/blog\/wp-content\/uploads\/2020\/06\/cropped-LOGO-DICODUSPORT-2020-SANS-FOND-SANS-TEXTE.png\",\"width\":512,\"height\":512,\"caption\":\"Dicodusport\"},\"image\":{\"@id\":\"https:\/\/dicodusport.fr\/blog\/#\/schema\/logo\/image\/\"},\"sameAs\":[\"https:\/\/www.facebook.com\/dicodusport\",\"https:\/\/x.com\/dicodusport\",\"https:\/\/www.instagram.com\/dicodusport\/\",\"https:\/\/www.youtube.com\/channel\/UC7V2KZ5sd3htJivAbA4ZG3w\"],\"description\":\"Dicodusport est l'encyclop\u00e9die de l'actualit\u00e9 sportive.\",\"email\":\"bonjour@dicodusport.fr\",\"legalName\":\"DICODUSPORT\",\"foundingDate\":\"2018-01-14\",\"vatID\":\"FR71834470973\",\"taxID\":\"83447097300043\",\"numberOfEmployees\":{\"@type\":\"QuantitativeValue\",\"minValue\":\"1\",\"maxValue\":\"10\"}},{\"@type\":\"Person\",\"@id\":\"https:\/\/dicodusport.fr\/blog\/#\/schema\/person\/b623199cba9ba90fe84a3d16e9282360\",\"name\":\"Victor Clot-Amiot\",\"image\":{\"@type\":\"ImageObject\",\"inLanguage\":\"fr-FR\",\"@id\":\"https:\/\/dicodusport.fr\/blog\/#\/schema\/person\/image\/\",\"url\":\"https:\/\/dicodusport.fr\/blog\/wp-content\/uploads\/2023\/09\/IMG_20190826_114722-150x150.jpg\",\"contentUrl\":\"https:\/\/dicodusport.fr\/blog\/wp-content\/uploads\/2023\/09\/IMG_20190826_114722-150x150.jpg\",\"caption\":\"Victor Clot-Amiot\"},\"description\":\"Passionn\u00e9 de sport depuis toujours, un jour \u00e0 l'adolescence mes parents m'ont dit : \\\"quitte \u00e0 passer ton temps \u00e0 regarder du sport, au moins va le voir en vrai\\\" ! Depuis, cette remarque ne m'a plus quitt\u00e9 et je passe une grande partie de mon temps libre \u00e0 assister \u00e0 des comp\u00e9titions de tous sports. Je m\u00eale d'ailleurs mes deux passions, le sport et les voyages afin de faire une pierre deux coups ! Outre l'US Open ou l'Euro 2021 par exemple, j'ai assist\u00e9 cet \u00e9t\u00e9 aux Mondiaux d'athl\u00e9tisme \u00e0 Budapest. Mon plus gros coup dur est et restera les JO 2020-2021 pour lesquels j'avais r\u00e9serv\u00e9 17 \u00e9preuves. La suite, vous la connaissez...\",\"sameAs\":[\"https:\/\/x.com\/https:\/\/x.com\/VictorClotAmiot\"],\"url\":\"https:\/\/dicodusport.fr\/blog\/author\/victor-clot-amiot\/\"}]}<\/script>\n<!-- \/ Yoast SEO Premium plugin. -->","yoast_head_json":{"title":"Aviron JO 2024 : Carton plein pour les deux de couple poids l\u00e9ger et les paras !","description":"JO 2024 AVIRON - La d\u00e9l\u00e9gation fran\u00e7aise d'aviron ach\u00e8ve la r\u00e9gate finale de qualification olympique avec quatre quotas obtenus pour les Jeux.","robots":{"index":"index","follow":"follow","max-snippet":"max-snippet:-1","max-image-preview":"max-image-preview:large","max-video-preview":"max-video-preview:-1"},"canonical":"https:\/\/dicodusport.fr\/blog\/aviron-jo-2024-carton-plein-pour-les-deux-de-couple-poids-leger-et-les-paras\/","og_locale":"fr_FR","og_type":"article","og_title":"Aviron JO 2024 : Carton plein pour les deux de couple poids l\u00e9ger et les paras !","og_description":"JO 2024 AVIRON - La d\u00e9l\u00e9gation fran\u00e7aise d'aviron ach\u00e8ve la r\u00e9gate finale de qualification olympique avec quatre quotas obtenus pour les Jeux.","og_url":"https:\/\/dicodusport.fr\/blog\/aviron-jo-2024-carton-plein-pour-les-deux-de-couple-poids-leger-et-les-paras\/","og_site_name":"Dicodusport","article_publisher":"https:\/\/www.facebook.com\/dicodusport","article_published_time":"2024-05-21T11:06:34+00:00","article_modified_time":"2024-05-21T13:57:45+00:00","og_image":[{"width":1200,"height":674,"url":"https:\/\/dicodusport.fr\/blog\/wp-content\/uploads\/2024\/05\/Aviron-JO-2024-Carton-plein-pour-les-deux-de-couple-poids-leger-et-les-paras-.png","type":"image\/png"}],"author":"Victor Clot-Amiot","twitter_card":"summary_large_image","twitter_title":"Aviron JO 2024 : Carton plein pour les deux de couple poids l\u00e9ger et les paras !","twitter_creator":"@https:\/\/x.com\/VictorClotAmiot","twitter_site":"@dicodusport","schema":{"@context":"https:\/\/schema.org","@graph":[{"@type":"NewsArticle","@id":"https:\/\/dicodusport.fr\/blog\/aviron-jo-2024-carton-plein-pour-les-deux-de-couple-poids-leger-et-les-paras\/#article","isPartOf":{"@id":"https:\/\/dicodusport.fr\/blog\/aviron-jo-2024-carton-plein-pour-les-deux-de-couple-poids-leger-et-les-paras\/"},"author":{"name":"Victor Clot-Amiot","@id":"https:\/\/dicodusport.fr\/blog\/#\/schema\/person\/b623199cba9ba90fe84a3d16e9282360"},"headline":"Aviron JO 2024 : Carton plein pour les deux de couple poids l\u00e9ger et les paras !","datePublished":"2024-05-21T11:06:34+00:00","dateModified":"2024-05-21T13:57:45+00:00","mainEntityOfPage":{"@id":"https:\/\/dicodusport.fr\/blog\/aviron-jo-2024-carton-plein-pour-les-deux-de-couple-poids-leger-et-les-paras\/"},"wordCount":1026,"commentCount":0,"publisher":{"@id":"https:\/\/dicodusport.fr\/blog\/#organization"},"image":{"@id":"https:\/\/dicodusport.fr\/blog\/aviron-jo-2024-carton-plein-pour-les-deux-de-couple-poids-leger-et-les-paras\/#primaryimage"},"thumbnailUrl":"https:\/\/dicodusport.fr\/blog\/wp-content\/uploads\/2024\/05\/Aviron-JO-2024-Carton-plein-pour-les-deux-de-couple-poids-leger-et-les-paras-.png","keywords":["Alexis Sanchez","aviron","Benjamin Daviet","br\u00e8ve","Laura Tarantola"],"articleSection":["Aviron","Jeux Paralympiques de Paris 2024","JO Paris 2024"],"inLanguage":"fr-FR","potentialAction":[{"@type":"CommentAction","name":"Comment","target":["https:\/\/dicodusport.fr\/blog\/aviron-jo-2024-carton-plein-pour-les-deux-de-couple-poids-leger-et-les-paras\/#respond"]}],"copyrightYear":"2024","copyrightHolder":{"@id":"https:\/\/dicodusport.fr\/blog\/#organization"}},{"@type":"WebPage","@id":"https:\/\/dicodusport.fr\/blog\/aviron-jo-2024-carton-plein-pour-les-deux-de-couple-poids-leger-et-les-paras\/","url":"https:\/\/dicodusport.fr\/blog\/aviron-jo-2024-carton-plein-pour-les-deux-de-couple-poids-leger-et-les-paras\/","name":"Aviron JO 2024 : Carton plein pour les deux de couple poids l\u00e9ger et les paras !","isPartOf":{"@id":"https:\/\/dicodusport.fr\/blog\/#website"},"primaryImageOfPage":{"@id":"https:\/\/dicodusport.fr\/blog\/aviron-jo-2024-carton-plein-pour-les-deux-de-couple-poids-leger-et-les-paras\/#primaryimage"},"image":{"@id":"https:\/\/dicodusport.fr\/blog\/aviron-jo-2024-carton-plein-pour-les-deux-de-couple-poids-leger-et-les-paras\/#primaryimage"},"thumbnailUrl":"https:\/\/dicodusport.fr\/blog\/wp-content\/uploads\/2024\/05\/Aviron-JO-2024-Carton-plein-pour-les-deux-de-couple-poids-leger-et-les-paras-.png","datePublished":"2024-05-21T11:06:34+00:00","dateModified":"2024-05-21T13:57:45+00:00","description":"JO 2024 AVIRON - La d\u00e9l\u00e9gation fran\u00e7aise d'aviron ach\u00e8ve la r\u00e9gate finale de qualification olympique avec quatre quotas obtenus pour les Jeux.","breadcrumb":{"@id":"https:\/\/dicodusport.fr\/blog\/aviron-jo-2024-carton-plein-pour-les-deux-de-couple-poids-leger-et-les-paras\/#breadcrumb"},"inLanguage":"fr-FR","potentialAction":[{"@type":"ReadAction","target":["https:\/\/dicodusport.fr\/blog\/aviron-jo-2024-carton-plein-pour-les-deux-de-couple-poids-leger-et-les-paras\/"]}]},{"@type":"ImageObject","inLanguage":"fr-FR","@id":"https:\/\/dicodusport.fr\/blog\/aviron-jo-2024-carton-plein-pour-les-deux-de-couple-poids-leger-et-les-paras\/#primaryimage","url":"https:\/\/dicodusport.fr\/blog\/wp-content\/uploads\/2024\/05\/Aviron-JO-2024-Carton-plein-pour-les-deux-de-couple-poids-leger-et-les-paras-.png","contentUrl":"https:\/\/dicodusport.fr\/blog\/wp-content\/uploads\/2024\/05\/Aviron-JO-2024-Carton-plein-pour-les-deux-de-couple-poids-leger-et-les-paras-.png","width":1200,"height":674,"caption":"Aviron JO 2024 Carton plein pour les deux de couple poids l\u00e9ger et les paras !"},{"@type":"BreadcrumbList","@id":"https:\/\/dicodusport.fr\/blog\/aviron-jo-2024-carton-plein-pour-les-deux-de-couple-poids-leger-et-les-paras\/#breadcrumb","itemListElement":[{"@type":"ListItem","position":1,"name":"Accueil","item":"https:\/\/dicodusport.fr\/blog\/"},{"@type":"ListItem","position":2,"name":"Aviron JO 2024 : Carton plein pour les deux de couple poids l\u00e9ger et les paras !"}]},{"@type":"WebSite","@id":"https:\/\/dicodusport.fr\/blog\/#website","url":"https:\/\/dicodusport.fr\/blog\/","name":"Dicodusport","description":"L&#039;encyclop\u00e9die de l&#039;actualit\u00e9 sportive","publisher":{"@id":"https:\/\/dicodusport.fr\/blog\/#organization"},"potentialAction":[{"@type":"SearchAction","target":{"@type":"EntryPoint","urlTemplate":"https:\/\/dicodusport.fr\/blog\/?s={search_term_string}"},"query-input":{"@type":"PropertyValueSpecification","valueRequired":true,"valueName":"search_term_string"}}],"inLanguage":"fr-FR"},{"@type":"NewsMediaOrganization","@id":"https:\/\/dicodusport.fr\/blog\/#organization","name":"Dicodusport","url":"https:\/\/dicodusport.fr\/blog\/","logo":{"@type":"ImageObject","inLanguage":"fr-FR","@id":"https:\/\/dicodusport.fr\/blog\/#\/schema\/logo\/image\/","url":"https:\/\/dicodusport.fr\/blog\/wp-content\/uploads\/2020\/06\/cropped-LOGO-DICODUSPORT-2020-SANS-FOND-SANS-TEXTE.png","contentUrl":"https:\/\/dicodusport.fr\/blog\/wp-content\/uploads\/2020\/06\/cropped-LOGO-DICODUSPORT-2020-SANS-FOND-SANS-TEXTE.png","width":512,"height":512,"caption":"Dicodusport"},"image":{"@id":"https:\/\/dicodusport.fr\/blog\/#\/schema\/logo\/image\/"},"sameAs":["https:\/\/www.facebook.com\/dicodusport","https:\/\/x.com\/dicodusport","https:\/\/www.instagram.com\/dicodusport\/","https:\/\/www.youtube.com\/channel\/UC7V2KZ5sd3htJivAbA4ZG3w"],"description":"Dicodusport est l'encyclop\u00e9die de l'actualit\u00e9 sportive.","email":"bonjour@dicodusport.fr","legalName":"DICODUSPORT","foundingDate":"2018-01-14","vatID":"FR71834470973","taxID":"83447097300043","numberOfEmployees":{"@type":"QuantitativeValue","minValue":"1","maxValue":"10"}},{"@type":"Person","@id":"https:\/\/dicodusport.fr\/blog\/#\/schema\/person\/b623199cba9ba90fe84a3d16e9282360","name":"Victor Clot-Amiot","image":{"@type":"ImageObject","inLanguage":"fr-FR","@id":"https:\/\/dicodusport.fr\/blog\/#\/schema\/person\/image\/","url":"https:\/\/dicodusport.fr\/blog\/wp-content\/uploads\/2023\/09\/IMG_20190826_114722-150x150.jpg","contentUrl":"https:\/\/dicodusport.fr\/blog\/wp-content\/uploads\/2023\/09\/IMG_20190826_114722-150x150.jpg","caption":"Victor Clot-Amiot"},"description":"Passionn\u00e9 de sport depuis toujours, un jour \u00e0 l'adolescence mes parents m'ont dit : \"quitte \u00e0 passer ton temps \u00e0 regarder du sport, au moins va le voir en vrai\" ! Depuis, cette remarque ne m'a plus quitt\u00e9 et je passe une grande partie de mon temps libre \u00e0 assister \u00e0 des comp\u00e9titions de tous sports. Je m\u00eale d'ailleurs mes deux passions, le sport et les voyages afin de faire une pierre deux coups ! Outre l'US Open ou l'Euro 2021 par exemple, j'ai assist\u00e9 cet \u00e9t\u00e9 aux Mondiaux d'athl\u00e9tisme \u00e0 Budapest. Mon plus gros coup dur est et restera les JO 2020-2021 pour lesquels j'avais r\u00e9serv\u00e9 17 \u00e9preuves. La suite, vous la connaissez...","sameAs":["https:\/\/x.com\/https:\/\/x.com\/VictorClotAmiot"],"url":"https:\/\/dicodusport.fr\/blog\/author\/victor-clot-amiot\/"}]}},"_links":{"self":[{"href":"https:\/\/dicodusport.fr\/blog\/wp-json\/wp\/v2\/posts\/486927","targetHints":{"allow":["GET"]}}],"collection":[{"href":"https:\/\/dicodusport.fr\/blog\/wp-json\/wp\/v2\/posts"}],"about":[{"href":"https:\/\/dicodusport.fr\/blog\/wp-json\/wp\/v2\/types\/post"}],"author":[{"embeddable":true,"href":"https:\/\/dicodusport.fr\/blog\/wp-json\/wp\/v2\/users\/91"}],"replies":[{"embeddable":true,"href":"https:\/\/dicodusport.fr\/blog\/wp-json\/wp\/v2\/comments?post=486927"}],"version-history":[{"count":5,"href":"https:\/\/dicodusport.fr\/blog\/wp-json\/wp\/v2\/posts\/486927\/revisions"}],"predecessor-version":[{"id":486988,"href":"https:\/\/dicodusport.fr\/blog\/wp-json\/wp\/v2\/posts\/486927\/revisions\/486988"}],"wp:featuredmedia":[{"embeddable":true,"href":"https:\/\/dicodusport.fr\/blog\/wp-json\/wp\/v2\/media\/486957"}],"wp:attachment":[{"href":"https:\/\/dicodusport.fr\/blog\/wp-json\/wp\/v2\/media?parent=486927"}],"wp:term":[{"taxonomy":"category","embeddable":true,"href":"https:\/\/dicodusport.fr\/blog\/wp-json\/wp\/v2\/categories?post=486927"},{"taxonomy":"post_tag","embeddable":true,"href":"https:\/\/dicodusport.fr\/blog\/wp-json\/wp\/v2\/tags?post=486927"}],"curies":[{"name":"wp","href":"https:\/\/api.w.org\/{rel}","templated":true}]}}