{"id":487099,"date":"2024-05-25T19:27:51","date_gmt":"2024-05-25T17:27:51","guid":{"rendered":"https:\/\/dicodusport.fr\/blog\/?p=487099&#038;preview=true&#038;preview_id=487099"},"modified":"2024-05-25T19:28:02","modified_gmt":"2024-05-25T17:28:02","slug":"boucles-de-la-mayenne-2024-parcours-en-detail-et-profils-des-etapes","status":"publish","type":"post","link":"https:\/\/dicodusport.fr\/blog\/boucles-de-la-mayenne-2024-parcours-en-detail-et-profils-des-etapes\/","title":{"rendered":"Boucles de la Mayenne 2024 : Parcours en d\u00e9tail et profils des \u00e9tapes"},"content":{"rendered":"<p style=\"text-align: justify;\"><em><b>LES BOUCLES DE LA MAYENNE 2024 &#8211; \u00c0 l&rsquo;ombre de la derni\u00e8re semaine du Giro d&rsquo;Italia, les Boucles de la Mayenne se d\u00e9rouleront en France du 23 au 26 mai 2024 avec un prologue et trois \u00e9tapes au programme \u00e0 travers le d\u00e9partement de la Mayenne. Qui succ\u00e9dera \u00e0 Oier Lazkano ? 21 \u00e9quipes seront au d\u00e9part dont huit \u00e9quipes World Tour.\u00a0<\/b><\/em><\/p>\n<ul>\n<li style=\"text-align: justify;\"><strong>\u00c0 ce sujet &#8211; <a href=\"https:\/\/dicodusport.fr\/blog\/boucles-de-la-mayenne-2024-classement-general\/\">Boucles de la Mayenne 2024 : Classement g\u00e9n\u00e9ral<\/a><\/strong><\/li>\n<\/ul>\n<h2 style=\"text-align: justify;\"><span class=\"arrivo-value\">Parcours en d\u00e9tail et profils des \u00e9tapes des Boucles de la Mayenne 2024\u00a0\u00a0<\/span><\/h2>\n<h3 style=\"text-align: justify;\"><span style=\"text-decoration: underline;\">Prologue Espace Mayenne Laval (5,4 km) &#8211; Jeudi 23 mai 2024\u00a0<\/span><\/h3>\n<ul>\n<li style=\"text-align: justify;\"><a href=\"https:\/\/dicodusport.fr\/blog\/boucles-de-la-mayenne-2024-classement-du-prologue\/\"><strong>Classement du prologue<\/strong><\/a><\/li>\n<\/ul>\n<p style=\"text-align: justify;\">D&rsquo;abord, l&rsquo;\u00e9preuve d\u00e9butera \u00e0 <strong>Laval<\/strong> ce jeudi \u00e0 partir de 18h15 par un prologue de 5,4 km avec un d\u00e9part et une arriv\u00e9e \u00e0 l\u2019Espace Mayenne.<\/p>\n<div id=\"attachment_487111\" style=\"width: 835px\" class=\"wp-caption aligncenter\"><a href=\"https:\/\/dicodusport.fr\/blog\/wp-content\/uploads\/2024\/05\/Profil-Prologue-Boucles-de-la-Mayenne-2024.webp\"><img loading=\"lazy\" decoding=\"async\" aria-describedby=\"caption-attachment-487111\" class=\"wp-image-487111 size-full\" src=\"https:\/\/dicodusport.fr\/blog\/wp-content\/uploads\/2024\/05\/Profil-Prologue-Boucles-de-la-Mayenne-2024.webp\" alt=\"Profil Prologue Boucles de la Mayenne 2024\" width=\"825\" height=\"276\" srcset=\"https:\/\/dicodusport.fr\/blog\/wp-content\/uploads\/2024\/05\/Profil-Prologue-Boucles-de-la-Mayenne-2024.webp 825w, https:\/\/dicodusport.fr\/blog\/wp-content\/uploads\/2024\/05\/Profil-Prologue-Boucles-de-la-Mayenne-2024-300x100.webp 300w, https:\/\/dicodusport.fr\/blog\/wp-content\/uploads\/2024\/05\/Profil-Prologue-Boucles-de-la-Mayenne-2024-768x257.webp 768w\" sizes=\"auto, (max-width: 825px) 100vw, 825px\" \/><\/a><p id=\"caption-attachment-487111\" class=\"wp-caption-text\">Profil Prologue Boucles de la Mayenne 2024<\/p><\/div>\n<hr \/>\n<h3 style=\"text-align: justify;\"><span style=\"text-decoration: underline;\">\u00c9tape 1 &#8211; Renault Saint-Berthevin &gt; Ern\u00e9e (167,5 km) &#8211; Vendredi 24 mai 2024\u00a0<\/span><\/h3>\n<ul>\n<li style=\"text-align: justify;\"><a href=\"https:\/\/dicodusport.fr\/blog\/boucles-de-la-mayenne-2024-classement-1ere-etape\/\"><strong>Classement 1\u00e8re \u00e9tape<\/strong><\/a><\/li>\n<\/ul>\n<p style=\"text-align: justify;\">Ensuite, la premi\u00e8re \u00e9tape se tiendra entre <strong>Saint-Berthevin<\/strong> \u00e0 <strong>Ern\u00e9e<\/strong> sur une distance de 167,5 km en passant par le pays des \u00e9tangs.<\/p>\n<div id=\"attachment_487110\" style=\"width: 835px\" class=\"wp-caption aligncenter\"><a href=\"https:\/\/dicodusport.fr\/blog\/wp-content\/uploads\/2024\/05\/Profil-1ere-etape-Boucles-de-la-Mayenne-2024.webp\"><img loading=\"lazy\" decoding=\"async\" aria-describedby=\"caption-attachment-487110\" class=\"wp-image-487110 size-full\" src=\"https:\/\/dicodusport.fr\/blog\/wp-content\/uploads\/2024\/05\/Profil-1ere-etape-Boucles-de-la-Mayenne-2024.webp\" alt=\"Profil 1\u00e8re \u00e9tape Boucles de la Mayenne 2024\" width=\"825\" height=\"374\" srcset=\"https:\/\/dicodusport.fr\/blog\/wp-content\/uploads\/2024\/05\/Profil-1ere-etape-Boucles-de-la-Mayenne-2024.webp 825w, https:\/\/dicodusport.fr\/blog\/wp-content\/uploads\/2024\/05\/Profil-1ere-etape-Boucles-de-la-Mayenne-2024-300x136.webp 300w, https:\/\/dicodusport.fr\/blog\/wp-content\/uploads\/2024\/05\/Profil-1ere-etape-Boucles-de-la-Mayenne-2024-768x348.webp 768w\" sizes=\"auto, (max-width: 825px) 100vw, 825px\" \/><\/a><p id=\"caption-attachment-487110\" class=\"wp-caption-text\">Profil 1\u00e8re \u00e9tape Boucles de la Mayenne 2024<\/p><\/div>\n<hr \/>\n<h3 style=\"text-align: justify;\"><span style=\"text-decoration: underline;\">\u00c9tape 2 &#8211; Le Ham &gt; Villaines-la-Juhel (208,5 km) &#8211; Samedi 25 mai 2024\u00a0<\/span><\/h3>\n<ul>\n<li style=\"text-align: justify;\"><a href=\"https:\/\/dicodusport.fr\/blog\/boucles-de-la-mayenne-2024-classement-2eme-etape\/\"><strong>Classement 2\u00e8me \u00e9tape<\/strong><\/a><\/li>\n<\/ul>\n<p style=\"text-align: justify;\">Puis, la deuxi\u00e8me \u00e9tape aura lieu entre <strong>Le Ham<\/strong> et <strong>Villaines-la-Juhel<\/strong> avec 3 429 m de d\u00e9nivel\u00e9 et sept ascensions sur une distance de 208,8 km, sur les contreforts du pays de Pail, puis les monts des Avaloirs. La C\u00f4te des \u00c9goutelles sera gravie \u00e0 six reprises.<\/p>\n<div id=\"attachment_487109\" style=\"width: 835px\" class=\"wp-caption aligncenter\"><a href=\"https:\/\/dicodusport.fr\/blog\/wp-content\/uploads\/2024\/05\/Profil-2eme-etape-Boucles-de-la-Mayenne-2024.webp\"><img loading=\"lazy\" decoding=\"async\" aria-describedby=\"caption-attachment-487109\" class=\"wp-image-487109 size-full\" src=\"https:\/\/dicodusport.fr\/blog\/wp-content\/uploads\/2024\/05\/Profil-2eme-etape-Boucles-de-la-Mayenne-2024.webp\" alt=\"Profil 2\u00e8me \u00e9tape Boucles de la Mayenne 2024\" width=\"825\" height=\"374\" srcset=\"https:\/\/dicodusport.fr\/blog\/wp-content\/uploads\/2024\/05\/Profil-2eme-etape-Boucles-de-la-Mayenne-2024.webp 825w, https:\/\/dicodusport.fr\/blog\/wp-content\/uploads\/2024\/05\/Profil-2eme-etape-Boucles-de-la-Mayenne-2024-300x136.webp 300w, https:\/\/dicodusport.fr\/blog\/wp-content\/uploads\/2024\/05\/Profil-2eme-etape-Boucles-de-la-Mayenne-2024-768x348.webp 768w\" sizes=\"auto, (max-width: 825px) 100vw, 825px\" \/><\/a><p id=\"caption-attachment-487109\" class=\"wp-caption-text\">Profil 2\u00e8me \u00e9tape Boucles de la Mayenne 2024<\/p><\/div>\n<hr \/>\n<h3 style=\"text-align: justify;\"><span style=\"text-decoration: underline;\">\u00c9tape 3 : Quelaines-Saint-Gault &gt; Laval (169,2 km) &#8211; Dimanche 26 mai 2024<\/span><\/h3>\n<p style=\"text-align: justify;\">Enfin, la troisi\u00e8me et derni\u00e8re \u00e9tape reliera <strong>Quelaines-Saint-Gault<\/strong> \u00e0 <strong>Laval<\/strong> sur 169,2 km avec un profil relativement plat. L&rsquo;arriv\u00e9e sera jug\u00e9e sur le boulevard Montmorency apr\u00e8s quatre tours d\u2019un circuit de 5,2 km.<\/p>\n<div id=\"attachment_487108\" style=\"width: 835px\" class=\"wp-caption aligncenter\"><a href=\"https:\/\/dicodusport.fr\/blog\/wp-content\/uploads\/2024\/05\/Profil-3eme-etape-Boucles-de-la-Mayenne-2024.webp\"><img loading=\"lazy\" decoding=\"async\" aria-describedby=\"caption-attachment-487108\" class=\"wp-image-487108 size-full\" src=\"https:\/\/dicodusport.fr\/blog\/wp-content\/uploads\/2024\/05\/Profil-3eme-etape-Boucles-de-la-Mayenne-2024.webp\" alt=\"Profil 3\u00e8me \u00e9tape Boucles de la Mayenne 2024\" width=\"825\" height=\"374\" srcset=\"https:\/\/dicodusport.fr\/blog\/wp-content\/uploads\/2024\/05\/Profil-3eme-etape-Boucles-de-la-Mayenne-2024.webp 825w, https:\/\/dicodusport.fr\/blog\/wp-content\/uploads\/2024\/05\/Profil-3eme-etape-Boucles-de-la-Mayenne-2024-300x136.webp 300w, https:\/\/dicodusport.fr\/blog\/wp-content\/uploads\/2024\/05\/Profil-3eme-etape-Boucles-de-la-Mayenne-2024-768x348.webp 768w\" sizes=\"auto, (max-width: 825px) 100vw, 825px\" \/><\/a><p id=\"caption-attachment-487108\" class=\"wp-caption-text\">Profil 3\u00e8me \u00e9tape Boucles de la Mayenne 2024<\/p><\/div>\n<ul>\n<li style=\"text-align: justify;\"><strong>\u00c0 ce sujet &#8211; <a href=\"https:\/\/dicodusport.fr\/blog\/actualites\/cyclisme\/cyclisme-sur-route-2024\/\">L&rsquo;actualit\u00e9 du cyclisme sur route<\/a><\/strong><\/li>\n<\/ul>\n<h2 style=\"text-align: justify;\">Palmar\u00e8s des Boucles de la Mayenne<\/h2>\n<p style=\"text-align: justify;\"><strong>2023 :<\/strong> LAZKANO Oier<\/p>\n<p style=\"text-align: justify;\"><strong>2022 :<\/strong> THOMAS Benjamin<\/p>\n<p style=\"text-align: justify;\"><strong>2021 :<\/strong> D\u00c9MARE Arnaud<\/p>\n<p style=\"text-align: justify;\"><strong>2019 :<\/strong> FERASSE Thibault<\/p>\n<p style=\"text-align: justify;\"><strong>2018 :<\/strong> VAN DER POEL Mathieu<\/p>\n<p style=\"text-align: justify;\"><strong>2017 :<\/strong> VAN DER POEL Mathieu<\/p>\n<p style=\"text-align: justify;\"><strong>2016 :<\/strong> COQUARD Bryan<\/p>\n<p style=\"text-align: justify;\"><strong>2015 :<\/strong> TURGIS Anthony<\/p>\n<p style=\"text-align: justify;\"><strong>2014 :<\/strong> ROSSETTO St\u00e9phane<\/p>\n<p style=\"text-align: justify;\"><strong>2013 :<\/strong> VEILLEUX David<\/p>\n<p style=\"text-align: justify;\">\n","protected":false},"excerpt":{"rendered":"<p>BOUCLES DE LA MAYENNE 2024 &#8211; Retrouvez le parcours d\u00e9taill\u00e9 et le profil des \u00e9tapes des Boucles de la Mayenne, qui se d\u00e9roulent du 23 au 26 mai 2024.<\/p>\n","protected":false},"author":48,"featured_media":487116,"comment_status":"open","ping_status":"closed","sticky":false,"template":"","format":"standard","meta":{"_acf_changed":false,"_daextam_enable_autolinks":"1","footnotes":""},"categories":[46994],"tags":[8023,16878,574],"class_list":["post-487099","post","type-post","status-publish","format-standard","has-post-thumbnail","hentry","category-cyclisme-sur-route","tag-boucles-de-la-mayenne","tag-breve","tag-cyclisme"],"acf":[],"yoast_head":"<!-- This site is optimized with the Yoast SEO Premium plugin v26.7 (Yoast SEO v26.7) - https:\/\/yoast.com\/wordpress\/plugins\/seo\/ -->\n<title>Boucles de la Mayenne 2024 : Parcours en d\u00e9tail et profils des \u00e9tapes<\/title>\n<meta name=\"description\" content=\"BOUCLES DE LA MAYENNE 2024 - Retrouvez le parcours d\u00e9taill\u00e9 et le profil des \u00e9tapes des Boucles de la Mayenne, qui se d\u00e9roulent du 23 au 26 mai 2024.\" \/>\n<meta name=\"robots\" content=\"index, follow, max-snippet:-1, max-image-preview:large, max-video-preview:-1\" \/>\n<link rel=\"canonical\" href=\"https:\/\/dicodusport.fr\/blog\/boucles-de-la-mayenne-2024-parcours-en-detail-et-profils-des-etapes\/\" \/>\n<meta property=\"og:locale\" content=\"fr_FR\" \/>\n<meta property=\"og:type\" content=\"article\" \/>\n<meta property=\"og:title\" content=\"Boucles de la Mayenne 2024 : Parcours en d\u00e9tail et profils des \u00e9tapes\" \/>\n<meta property=\"og:description\" content=\"BOUCLES DE LA MAYENNE 2024 - Retrouvez le parcours d\u00e9taill\u00e9 et le profil des \u00e9tapes des Boucles de la Mayenne, qui se d\u00e9roulent du 23 au 26 mai 2024.\" \/>\n<meta property=\"og:url\" content=\"https:\/\/dicodusport.fr\/blog\/boucles-de-la-mayenne-2024-parcours-en-detail-et-profils-des-etapes\/\" \/>\n<meta property=\"og:site_name\" content=\"Dicodusport\" \/>\n<meta property=\"article:publisher\" content=\"https:\/\/www.facebook.com\/dicodusport\" \/>\n<meta property=\"article:author\" content=\"https:\/\/www.facebook.com\/groups\/LesRoisDuPeloton\" \/>\n<meta property=\"article:published_time\" content=\"2024-05-25T17:27:51+00:00\" \/>\n<meta property=\"article:modified_time\" content=\"2024-05-25T17:28:02+00:00\" \/>\n<meta property=\"og:image\" content=\"https:\/\/dicodusport.fr\/blog\/wp-content\/uploads\/2024\/05\/Boucles-de-la-Mayenne-2024-Parcours-en-detail-et-profils-des-etapes.png\" \/>\n\t<meta property=\"og:image:width\" content=\"1200\" \/>\n\t<meta property=\"og:image:height\" content=\"674\" \/>\n\t<meta property=\"og:image:type\" content=\"image\/png\" \/>\n<meta name=\"author\" content=\"Emilien Descampiaux\" \/>\n<meta name=\"twitter:card\" content=\"summary_large_image\" \/>\n<meta name=\"twitter:title\" content=\"Boucles de la Mayenne 2024 : Parcours en d\u00e9tail et profils des \u00e9tapes\" \/>\n<meta name=\"twitter:creator\" content=\"@https:\/\/twitter.com\/LRoisDuPeloton\" \/>\n<meta name=\"twitter:site\" content=\"@dicodusport\" \/>\n<script type=\"application\/ld+json\" class=\"yoast-schema-graph\">{\"@context\":\"https:\/\/schema.org\",\"@graph\":[{\"@type\":\"NewsArticle\",\"@id\":\"https:\/\/dicodusport.fr\/blog\/boucles-de-la-mayenne-2024-parcours-en-detail-et-profils-des-etapes\/#article\",\"isPartOf\":{\"@id\":\"https:\/\/dicodusport.fr\/blog\/boucles-de-la-mayenne-2024-parcours-en-detail-et-profils-des-etapes\/\"},\"author\":{\"name\":\"Emilien Descampiaux\",\"@id\":\"https:\/\/dicodusport.fr\/blog\/#\/schema\/person\/6db4bae06b171592211be385b32876a7\"},\"headline\":\"Boucles de la Mayenne 2024 : Parcours en d\u00e9tail et profils des \u00e9tapes\",\"datePublished\":\"2024-05-25T17:27:51+00:00\",\"dateModified\":\"2024-05-25T17:28:02+00:00\",\"mainEntityOfPage\":{\"@id\":\"https:\/\/dicodusport.fr\/blog\/boucles-de-la-mayenne-2024-parcours-en-detail-et-profils-des-etapes\/\"},\"wordCount\":373,\"commentCount\":0,\"publisher\":{\"@id\":\"https:\/\/dicodusport.fr\/blog\/#organization\"},\"image\":{\"@id\":\"https:\/\/dicodusport.fr\/blog\/boucles-de-la-mayenne-2024-parcours-en-detail-et-profils-des-etapes\/#primaryimage\"},\"thumbnailUrl\":\"https:\/\/dicodusport.fr\/blog\/wp-content\/uploads\/2024\/05\/Boucles-de-la-Mayenne-2024-Parcours-en-detail-et-profils-des-etapes.png\",\"keywords\":[\"Boucles de la Mayenne\",\"br\u00e8ve\",\"Cyclisme\"],\"articleSection\":[\"Cyclisme sur route\"],\"inLanguage\":\"fr-FR\",\"potentialAction\":[{\"@type\":\"CommentAction\",\"name\":\"Comment\",\"target\":[\"https:\/\/dicodusport.fr\/blog\/boucles-de-la-mayenne-2024-parcours-en-detail-et-profils-des-etapes\/#respond\"]}],\"copyrightYear\":\"2024\",\"copyrightHolder\":{\"@id\":\"https:\/\/dicodusport.fr\/blog\/#organization\"}},{\"@type\":\"WebPage\",\"@id\":\"https:\/\/dicodusport.fr\/blog\/boucles-de-la-mayenne-2024-parcours-en-detail-et-profils-des-etapes\/\",\"url\":\"https:\/\/dicodusport.fr\/blog\/boucles-de-la-mayenne-2024-parcours-en-detail-et-profils-des-etapes\/\",\"name\":\"Boucles de la Mayenne 2024 : Parcours en d\u00e9tail et profils des \u00e9tapes\",\"isPartOf\":{\"@id\":\"https:\/\/dicodusport.fr\/blog\/#website\"},\"primaryImageOfPage\":{\"@id\":\"https:\/\/dicodusport.fr\/blog\/boucles-de-la-mayenne-2024-parcours-en-detail-et-profils-des-etapes\/#primaryimage\"},\"image\":{\"@id\":\"https:\/\/dicodusport.fr\/blog\/boucles-de-la-mayenne-2024-parcours-en-detail-et-profils-des-etapes\/#primaryimage\"},\"thumbnailUrl\":\"https:\/\/dicodusport.fr\/blog\/wp-content\/uploads\/2024\/05\/Boucles-de-la-Mayenne-2024-Parcours-en-detail-et-profils-des-etapes.png\",\"datePublished\":\"2024-05-25T17:27:51+00:00\",\"dateModified\":\"2024-05-25T17:28:02+00:00\",\"description\":\"BOUCLES DE LA MAYENNE 2024 - Retrouvez le parcours d\u00e9taill\u00e9 et le profil des \u00e9tapes des Boucles de la Mayenne, qui se d\u00e9roulent du 23 au 26 mai 2024.\",\"breadcrumb\":{\"@id\":\"https:\/\/dicodusport.fr\/blog\/boucles-de-la-mayenne-2024-parcours-en-detail-et-profils-des-etapes\/#breadcrumb\"},\"inLanguage\":\"fr-FR\",\"potentialAction\":[{\"@type\":\"ReadAction\",\"target\":[\"https:\/\/dicodusport.fr\/blog\/boucles-de-la-mayenne-2024-parcours-en-detail-et-profils-des-etapes\/\"]}]},{\"@type\":\"ImageObject\",\"inLanguage\":\"fr-FR\",\"@id\":\"https:\/\/dicodusport.fr\/blog\/boucles-de-la-mayenne-2024-parcours-en-detail-et-profils-des-etapes\/#primaryimage\",\"url\":\"https:\/\/dicodusport.fr\/blog\/wp-content\/uploads\/2024\/05\/Boucles-de-la-Mayenne-2024-Parcours-en-detail-et-profils-des-etapes.png\",\"contentUrl\":\"https:\/\/dicodusport.fr\/blog\/wp-content\/uploads\/2024\/05\/Boucles-de-la-Mayenne-2024-Parcours-en-detail-et-profils-des-etapes.png\",\"width\":1200,\"height\":674,\"caption\":\"Boucles de la Mayenne 2024 Parcours en d\u00e9tail et profils des \u00e9tapes\"},{\"@type\":\"BreadcrumbList\",\"@id\":\"https:\/\/dicodusport.fr\/blog\/boucles-de-la-mayenne-2024-parcours-en-detail-et-profils-des-etapes\/#breadcrumb\",\"itemListElement\":[{\"@type\":\"ListItem\",\"position\":1,\"name\":\"Accueil\",\"item\":\"https:\/\/dicodusport.fr\/blog\/\"},{\"@type\":\"ListItem\",\"position\":2,\"name\":\"Boucles de la Mayenne 2024 : Parcours en d\u00e9tail et profils des \u00e9tapes\"}]},{\"@type\":\"WebSite\",\"@id\":\"https:\/\/dicodusport.fr\/blog\/#website\",\"url\":\"https:\/\/dicodusport.fr\/blog\/\",\"name\":\"Dicodusport\",\"description\":\"L&#039;encyclop\u00e9die de l&#039;actualit\u00e9 sportive\",\"publisher\":{\"@id\":\"https:\/\/dicodusport.fr\/blog\/#organization\"},\"potentialAction\":[{\"@type\":\"SearchAction\",\"target\":{\"@type\":\"EntryPoint\",\"urlTemplate\":\"https:\/\/dicodusport.fr\/blog\/?s={search_term_string}\"},\"query-input\":{\"@type\":\"PropertyValueSpecification\",\"valueRequired\":true,\"valueName\":\"search_term_string\"}}],\"inLanguage\":\"fr-FR\"},{\"@type\":\"NewsMediaOrganization\",\"@id\":\"https:\/\/dicodusport.fr\/blog\/#organization\",\"name\":\"Dicodusport\",\"url\":\"https:\/\/dicodusport.fr\/blog\/\",\"logo\":{\"@type\":\"ImageObject\",\"inLanguage\":\"fr-FR\",\"@id\":\"https:\/\/dicodusport.fr\/blog\/#\/schema\/logo\/image\/\",\"url\":\"https:\/\/dicodusport.fr\/blog\/wp-content\/uploads\/2020\/06\/cropped-LOGO-DICODUSPORT-2020-SANS-FOND-SANS-TEXTE.png\",\"contentUrl\":\"https:\/\/dicodusport.fr\/blog\/wp-content\/uploads\/2020\/06\/cropped-LOGO-DICODUSPORT-2020-SANS-FOND-SANS-TEXTE.png\",\"width\":512,\"height\":512,\"caption\":\"Dicodusport\"},\"image\":{\"@id\":\"https:\/\/dicodusport.fr\/blog\/#\/schema\/logo\/image\/\"},\"sameAs\":[\"https:\/\/www.facebook.com\/dicodusport\",\"https:\/\/x.com\/dicodusport\",\"https:\/\/www.instagram.com\/dicodusport\/\",\"https:\/\/www.youtube.com\/channel\/UC7V2KZ5sd3htJivAbA4ZG3w\"],\"description\":\"Dicodusport est l'encyclop\u00e9die de l'actualit\u00e9 sportive.\",\"email\":\"bonjour@dicodusport.fr\",\"legalName\":\"DICODUSPORT\",\"foundingDate\":\"2018-01-14\",\"vatID\":\"FR71834470973\",\"taxID\":\"83447097300043\",\"numberOfEmployees\":{\"@type\":\"QuantitativeValue\",\"minValue\":\"1\",\"maxValue\":\"10\"}},{\"@type\":\"Person\",\"@id\":\"https:\/\/dicodusport.fr\/blog\/#\/schema\/person\/6db4bae06b171592211be385b32876a7\",\"name\":\"Emilien Descampiaux\",\"image\":{\"@type\":\"ImageObject\",\"inLanguage\":\"fr-FR\",\"@id\":\"https:\/\/dicodusport.fr\/blog\/#\/schema\/person\/image\/\",\"url\":\"https:\/\/dicodusport.fr\/blog\/wp-content\/uploads\/2021\/05\/Emilien-Descampiaux-150x150.jpg\",\"contentUrl\":\"https:\/\/dicodusport.fr\/blog\/wp-content\/uploads\/2021\/05\/Emilien-Descampiaux-150x150.jpg\",\"caption\":\"Emilien Descampiaux\"},\"description\":\"Journaliste\/r\u00e9dacteur depuis 2014 - Fan de la classe de Frank Vandenbroucke, je vis cyclisme (et de ses paysages) depuis plus de 20 ans. Je suis tr\u00e8s impliqu\u00e9 sur mes diff\u00e9rents r\u00e9seaux sociaux pour partager ma passion sur le monde et l'Histoire de la bicyclette avec ma voix sur les images en noir et blanc du succ\u00e8s de Rik Van Steenbergen lors du Ronde sur le V\u00e9lodrome de Gand.\",\"sameAs\":[\"https:\/\/www.facebook.com\/groups\/LesRoisDuPeloton\",\"https:\/\/x.com\/https:\/\/twitter.com\/LRoisDuPeloton\"],\"url\":\"https:\/\/dicodusport.fr\/blog\/author\/emiliend\/\"}]}<\/script>\n<!-- \/ Yoast SEO Premium plugin. -->","yoast_head_json":{"title":"Boucles de la Mayenne 2024 : Parcours en d\u00e9tail et profils des \u00e9tapes","description":"BOUCLES DE LA MAYENNE 2024 - Retrouvez le parcours d\u00e9taill\u00e9 et le profil des \u00e9tapes des Boucles de la Mayenne, qui se d\u00e9roulent du 23 au 26 mai 2024.","robots":{"index":"index","follow":"follow","max-snippet":"max-snippet:-1","max-image-preview":"max-image-preview:large","max-video-preview":"max-video-preview:-1"},"canonical":"https:\/\/dicodusport.fr\/blog\/boucles-de-la-mayenne-2024-parcours-en-detail-et-profils-des-etapes\/","og_locale":"fr_FR","og_type":"article","og_title":"Boucles de la Mayenne 2024 : Parcours en d\u00e9tail et profils des \u00e9tapes","og_description":"BOUCLES DE LA MAYENNE 2024 - Retrouvez le parcours d\u00e9taill\u00e9 et le profil des \u00e9tapes des Boucles de la Mayenne, qui se d\u00e9roulent du 23 au 26 mai 2024.","og_url":"https:\/\/dicodusport.fr\/blog\/boucles-de-la-mayenne-2024-parcours-en-detail-et-profils-des-etapes\/","og_site_name":"Dicodusport","article_publisher":"https:\/\/www.facebook.com\/dicodusport","article_author":"https:\/\/www.facebook.com\/groups\/LesRoisDuPeloton","article_published_time":"2024-05-25T17:27:51+00:00","article_modified_time":"2024-05-25T17:28:02+00:00","og_image":[{"width":1200,"height":674,"url":"https:\/\/dicodusport.fr\/blog\/wp-content\/uploads\/2024\/05\/Boucles-de-la-Mayenne-2024-Parcours-en-detail-et-profils-des-etapes.png","type":"image\/png"}],"author":"Emilien Descampiaux","twitter_card":"summary_large_image","twitter_title":"Boucles de la Mayenne 2024 : Parcours en d\u00e9tail et profils des \u00e9tapes","twitter_creator":"@https:\/\/twitter.com\/LRoisDuPeloton","twitter_site":"@dicodusport","schema":{"@context":"https:\/\/schema.org","@graph":[{"@type":"NewsArticle","@id":"https:\/\/dicodusport.fr\/blog\/boucles-de-la-mayenne-2024-parcours-en-detail-et-profils-des-etapes\/#article","isPartOf":{"@id":"https:\/\/dicodusport.fr\/blog\/boucles-de-la-mayenne-2024-parcours-en-detail-et-profils-des-etapes\/"},"author":{"name":"Emilien Descampiaux","@id":"https:\/\/dicodusport.fr\/blog\/#\/schema\/person\/6db4bae06b171592211be385b32876a7"},"headline":"Boucles de la Mayenne 2024 : Parcours en d\u00e9tail et profils des \u00e9tapes","datePublished":"2024-05-25T17:27:51+00:00","dateModified":"2024-05-25T17:28:02+00:00","mainEntityOfPage":{"@id":"https:\/\/dicodusport.fr\/blog\/boucles-de-la-mayenne-2024-parcours-en-detail-et-profils-des-etapes\/"},"wordCount":373,"commentCount":0,"publisher":{"@id":"https:\/\/dicodusport.fr\/blog\/#organization"},"image":{"@id":"https:\/\/dicodusport.fr\/blog\/boucles-de-la-mayenne-2024-parcours-en-detail-et-profils-des-etapes\/#primaryimage"},"thumbnailUrl":"https:\/\/dicodusport.fr\/blog\/wp-content\/uploads\/2024\/05\/Boucles-de-la-Mayenne-2024-Parcours-en-detail-et-profils-des-etapes.png","keywords":["Boucles de la Mayenne","br\u00e8ve","Cyclisme"],"articleSection":["Cyclisme sur route"],"inLanguage":"fr-FR","potentialAction":[{"@type":"CommentAction","name":"Comment","target":["https:\/\/dicodusport.fr\/blog\/boucles-de-la-mayenne-2024-parcours-en-detail-et-profils-des-etapes\/#respond"]}],"copyrightYear":"2024","copyrightHolder":{"@id":"https:\/\/dicodusport.fr\/blog\/#organization"}},{"@type":"WebPage","@id":"https:\/\/dicodusport.fr\/blog\/boucles-de-la-mayenne-2024-parcours-en-detail-et-profils-des-etapes\/","url":"https:\/\/dicodusport.fr\/blog\/boucles-de-la-mayenne-2024-parcours-en-detail-et-profils-des-etapes\/","name":"Boucles de la Mayenne 2024 : Parcours en d\u00e9tail et profils des \u00e9tapes","isPartOf":{"@id":"https:\/\/dicodusport.fr\/blog\/#website"},"primaryImageOfPage":{"@id":"https:\/\/dicodusport.fr\/blog\/boucles-de-la-mayenne-2024-parcours-en-detail-et-profils-des-etapes\/#primaryimage"},"image":{"@id":"https:\/\/dicodusport.fr\/blog\/boucles-de-la-mayenne-2024-parcours-en-detail-et-profils-des-etapes\/#primaryimage"},"thumbnailUrl":"https:\/\/dicodusport.fr\/blog\/wp-content\/uploads\/2024\/05\/Boucles-de-la-Mayenne-2024-Parcours-en-detail-et-profils-des-etapes.png","datePublished":"2024-05-25T17:27:51+00:00","dateModified":"2024-05-25T17:28:02+00:00","description":"BOUCLES DE LA MAYENNE 2024 - Retrouvez le parcours d\u00e9taill\u00e9 et le profil des \u00e9tapes des Boucles de la Mayenne, qui se d\u00e9roulent du 23 au 26 mai 2024.","breadcrumb":{"@id":"https:\/\/dicodusport.fr\/blog\/boucles-de-la-mayenne-2024-parcours-en-detail-et-profils-des-etapes\/#breadcrumb"},"inLanguage":"fr-FR","potentialAction":[{"@type":"ReadAction","target":["https:\/\/dicodusport.fr\/blog\/boucles-de-la-mayenne-2024-parcours-en-detail-et-profils-des-etapes\/"]}]},{"@type":"ImageObject","inLanguage":"fr-FR","@id":"https:\/\/dicodusport.fr\/blog\/boucles-de-la-mayenne-2024-parcours-en-detail-et-profils-des-etapes\/#primaryimage","url":"https:\/\/dicodusport.fr\/blog\/wp-content\/uploads\/2024\/05\/Boucles-de-la-Mayenne-2024-Parcours-en-detail-et-profils-des-etapes.png","contentUrl":"https:\/\/dicodusport.fr\/blog\/wp-content\/uploads\/2024\/05\/Boucles-de-la-Mayenne-2024-Parcours-en-detail-et-profils-des-etapes.png","width":1200,"height":674,"caption":"Boucles de la Mayenne 2024 Parcours en d\u00e9tail et profils des \u00e9tapes"},{"@type":"BreadcrumbList","@id":"https:\/\/dicodusport.fr\/blog\/boucles-de-la-mayenne-2024-parcours-en-detail-et-profils-des-etapes\/#breadcrumb","itemListElement":[{"@type":"ListItem","position":1,"name":"Accueil","item":"https:\/\/dicodusport.fr\/blog\/"},{"@type":"ListItem","position":2,"name":"Boucles de la Mayenne 2024 : Parcours en d\u00e9tail et profils des \u00e9tapes"}]},{"@type":"WebSite","@id":"https:\/\/dicodusport.fr\/blog\/#website","url":"https:\/\/dicodusport.fr\/blog\/","name":"Dicodusport","description":"L&#039;encyclop\u00e9die de l&#039;actualit\u00e9 sportive","publisher":{"@id":"https:\/\/dicodusport.fr\/blog\/#organization"},"potentialAction":[{"@type":"SearchAction","target":{"@type":"EntryPoint","urlTemplate":"https:\/\/dicodusport.fr\/blog\/?s={search_term_string}"},"query-input":{"@type":"PropertyValueSpecification","valueRequired":true,"valueName":"search_term_string"}}],"inLanguage":"fr-FR"},{"@type":"NewsMediaOrganization","@id":"https:\/\/dicodusport.fr\/blog\/#organization","name":"Dicodusport","url":"https:\/\/dicodusport.fr\/blog\/","logo":{"@type":"ImageObject","inLanguage":"fr-FR","@id":"https:\/\/dicodusport.fr\/blog\/#\/schema\/logo\/image\/","url":"https:\/\/dicodusport.fr\/blog\/wp-content\/uploads\/2020\/06\/cropped-LOGO-DICODUSPORT-2020-SANS-FOND-SANS-TEXTE.png","contentUrl":"https:\/\/dicodusport.fr\/blog\/wp-content\/uploads\/2020\/06\/cropped-LOGO-DICODUSPORT-2020-SANS-FOND-SANS-TEXTE.png","width":512,"height":512,"caption":"Dicodusport"},"image":{"@id":"https:\/\/dicodusport.fr\/blog\/#\/schema\/logo\/image\/"},"sameAs":["https:\/\/www.facebook.com\/dicodusport","https:\/\/x.com\/dicodusport","https:\/\/www.instagram.com\/dicodusport\/","https:\/\/www.youtube.com\/channel\/UC7V2KZ5sd3htJivAbA4ZG3w"],"description":"Dicodusport est l'encyclop\u00e9die de l'actualit\u00e9 sportive.","email":"bonjour@dicodusport.fr","legalName":"DICODUSPORT","foundingDate":"2018-01-14","vatID":"FR71834470973","taxID":"83447097300043","numberOfEmployees":{"@type":"QuantitativeValue","minValue":"1","maxValue":"10"}},{"@type":"Person","@id":"https:\/\/dicodusport.fr\/blog\/#\/schema\/person\/6db4bae06b171592211be385b32876a7","name":"Emilien Descampiaux","image":{"@type":"ImageObject","inLanguage":"fr-FR","@id":"https:\/\/dicodusport.fr\/blog\/#\/schema\/person\/image\/","url":"https:\/\/dicodusport.fr\/blog\/wp-content\/uploads\/2021\/05\/Emilien-Descampiaux-150x150.jpg","contentUrl":"https:\/\/dicodusport.fr\/blog\/wp-content\/uploads\/2021\/05\/Emilien-Descampiaux-150x150.jpg","caption":"Emilien Descampiaux"},"description":"Journaliste\/r\u00e9dacteur depuis 2014 - Fan de la classe de Frank Vandenbroucke, je vis cyclisme (et de ses paysages) depuis plus de 20 ans. Je suis tr\u00e8s impliqu\u00e9 sur mes diff\u00e9rents r\u00e9seaux sociaux pour partager ma passion sur le monde et l'Histoire de la bicyclette avec ma voix sur les images en noir et blanc du succ\u00e8s de Rik Van Steenbergen lors du Ronde sur le V\u00e9lodrome de Gand.","sameAs":["https:\/\/www.facebook.com\/groups\/LesRoisDuPeloton","https:\/\/x.com\/https:\/\/twitter.com\/LRoisDuPeloton"],"url":"https:\/\/dicodusport.fr\/blog\/author\/emiliend\/"}]}},"_links":{"self":[{"href":"https:\/\/dicodusport.fr\/blog\/wp-json\/wp\/v2\/posts\/487099","targetHints":{"allow":["GET"]}}],"collection":[{"href":"https:\/\/dicodusport.fr\/blog\/wp-json\/wp\/v2\/posts"}],"about":[{"href":"https:\/\/dicodusport.fr\/blog\/wp-json\/wp\/v2\/types\/post"}],"author":[{"embeddable":true,"href":"https:\/\/dicodusport.fr\/blog\/wp-json\/wp\/v2\/users\/48"}],"replies":[{"embeddable":true,"href":"https:\/\/dicodusport.fr\/blog\/wp-json\/wp\/v2\/comments?post=487099"}],"version-history":[{"count":5,"href":"https:\/\/dicodusport.fr\/blog\/wp-json\/wp\/v2\/posts\/487099\/revisions"}],"predecessor-version":[{"id":488144,"href":"https:\/\/dicodusport.fr\/blog\/wp-json\/wp\/v2\/posts\/487099\/revisions\/488144"}],"wp:featuredmedia":[{"embeddable":true,"href":"https:\/\/dicodusport.fr\/blog\/wp-json\/wp\/v2\/media\/487116"}],"wp:attachment":[{"href":"https:\/\/dicodusport.fr\/blog\/wp-json\/wp\/v2\/media?parent=487099"}],"wp:term":[{"taxonomy":"category","embeddable":true,"href":"https:\/\/dicodusport.fr\/blog\/wp-json\/wp\/v2\/categories?post=487099"},{"taxonomy":"post_tag","embeddable":true,"href":"https:\/\/dicodusport.fr\/blog\/wp-json\/wp\/v2\/tags?post=487099"}],"curies":[{"name":"wp","href":"https:\/\/api.w.org\/{rel}","templated":true}]}}