{"id":487321,"date":"2024-05-23T10:53:43","date_gmt":"2024-05-23T08:53:43","guid":{"rendered":"https:\/\/dicodusport.fr\/blog\/?p=487321&#038;preview=true&#038;preview_id=487321"},"modified":"2024-05-23T20:21:58","modified_gmt":"2024-05-23T18:21:58","slug":"canal-conserve-les-droits-tv-du-top-14-avec-une-belle-rallonge-a-la-cle","status":"publish","type":"post","link":"https:\/\/dicodusport.fr\/blog\/canal-conserve-les-droits-tv-du-top-14-avec-une-belle-rallonge-a-la-cle\/","title":{"rendered":"Canal+ conserve les droits TV du Top 14 avec une belle rallonge \u00e0 la cl\u00e9"},"content":{"rendered":"<p style=\"text-align: justify;\"><strong><em>TOP 14 2023-2024 &#8211; Canal+ conserve les droits du Top 14 jusqu&rsquo;en 2032 avec un montant annuel revu \u00e0 la hausse pour ce nouveau contrat.\u00a0<\/em><\/strong><\/p>\n<p style=\"text-align: justify;\">Ce n&rsquo;est pas une surprise tant <em>Canal+<\/em> est engag\u00e9 pour le rugby fran\u00e7ais depuis de nombreuses ann\u00e9es. La cha\u00eene crypt\u00e9e, d\u00e9j\u00e0 engag\u00e9e jusqu&rsquo;\u00e0 la saison 2026-2027 incluse, a trouv\u00e9 un nouvel accord pour cinq saisons suppl\u00e9mentaires avec la <strong>Ligue Nationale de Rugby<\/strong>. Ce nouveau partenariat s&rsquo;\u00e9tend donc jusqu&rsquo;\u00e0 la saison 2031\/2032, m\u00eame si cette derni\u00e8re est en option.<\/p>\n<h2>Le jackpot pour le rugby fran\u00e7ais<\/h2>\n<p style=\"text-align: justify;\">En plus d&rsquo;avoir s\u00e9curis\u00e9 des droits pour une nouvelle p\u00e9riode bien avant le terme de l&rsquo;actuelle, la <strong>LNR<\/strong> enregistre une augmentation importante des droits TV par saison, pr\u00e8s de 15%. <em>Canal+<\/em> va maintenant payer 139,4 millions d&rsquo;euros par saison, soit 696,8 millions d&rsquo;euros sur cinq ans. 128,7 millions d\u2019euros sont pour le <a href=\"https:\/\/dicodusport.fr\/blog\/classement-top-14-2023-2024\/\"><strong>Top<\/strong> <strong>14<\/strong><\/a> et 10,7 millions d\u2019euros pour la <a href=\"https:\/\/dicodusport.fr\/blog\/classement-pro-d2-2023-2024\/\"><strong>Pro<\/strong> <strong>D2<\/strong><\/a>.<\/p>\n<p style=\"text-align: justify;\">Alors que plusieurs pays comme l&rsquo;<strong>Angleterre<\/strong>, l&rsquo;<strong>Australie<\/strong> et le <strong>Pays de Galles<\/strong> ont des difficult\u00e9s financi\u00e8res, le Top 14 s&rsquo;assure lui de beaux jours et va renforcer sa place de championnat dominant. <strong>Ren\u00e9<\/strong> <strong>Bouscatel<\/strong>, pr\u00e9sident de la LNR, s&rsquo;est f\u00e9licit\u00e9 pour cet accord :<\/p>\n<blockquote>\n<p style=\"text-align: justify;\">Le succ\u00e8s de cet appel d&rsquo;offres est le r\u00e9sultat de plusieurs ann\u00e9es de construction et de choix politiques forts pour faire du TOP 14 le championnat de r\u00e9f\u00e9rence du rugby mondial. La progression des droits de la PRO D2 est \u00e9galement le signe de la dynamique de d\u00e9veloppement de ce championnat. Cette attribution va b\u00e9n\u00e9ficier \u00e0 l\u2019ensemble du rugby fran\u00e7ais : le TOP 14, la PRO D2, le rugby amateur, la fili\u00e8re de formation et le XV de France.<\/p>\n<\/blockquote>\n<blockquote class=\"twitter-tweet\">\n<p dir=\"ltr\" lang=\"fr\">Les droits audiovisuels du TOP 14 et de la PRO D2 pour les saisons 2027\/2028 \u00e0 2031\/2032 ont \u00e9t\u00e9 attribu\u00e9s au GROUPE CANAL PLUS pour un montant total de 696,8 millions d\u2019euros sur 5 saisons, en progression de 14,7% par rapport au montant actuel des droits<\/p>\n<p>Le communiqu\u00e9 \ud83d\udc49\u2026 <a href=\"https:\/\/t.co\/23TCSr8Z7A\">pic.twitter.com\/23TCSr8Z7A<\/a><\/p>\n<p>\u2014 Ligue Nationale de Rugby (@LNRofficiel) <a href=\"https:\/\/twitter.com\/LNRofficiel\/status\/1793347042061795700?ref_src=twsrc%5Etfw\">May 22, 2024<\/a><\/p><\/blockquote>\n<p style=\"text-align: justify;\"><script async src=\"https:\/\/platform.twitter.com\/widgets.js\" charset=\"utf-8\"><\/script><\/p>\n","protected":false},"excerpt":{"rendered":"<p>TOP 14 2023-2024 &#8211; Canal+ conserve les droits du Top 14 jusqu&rsquo;en 2032 avec un montant annuel revu \u00e0 la hausse pour ce nouveau contrat.\u00a0<\/p>\n","protected":false},"author":1,"featured_media":487339,"comment_status":"open","ping_status":"closed","sticky":false,"template":"","format":"standard","meta":{"_acf_changed":false,"_daextam_enable_autolinks":"1","footnotes":""},"categories":[9129,47050],"tags":[16878,1216,3217,111],"class_list":["post-487321","post","type-post","status-publish","format-standard","has-post-thumbnail","hentry","category-rugby-a-xv","category-top-14","tag-breve","tag-canal","tag-lnr","tag-top-14"],"acf":[],"yoast_head":"<!-- This site is optimized with the Yoast SEO Premium plugin v26.7 (Yoast SEO v26.7) - https:\/\/yoast.com\/wordpress\/plugins\/seo\/ -->\n<title>Canal+ conserve les droits TV du Top 14 avec une belle rallonge \u00e0 la cl\u00e9<\/title>\n<meta name=\"description\" content=\"TOP 14 2023-2024 - Canal+ conserve les droits du Top 14 jusqu&#039;en 2032 avec un montant annuel revu \u00e0 la hausse pour ce nouveau contrat.\u00a0\" \/>\n<meta name=\"robots\" content=\"index, follow, max-snippet:-1, max-image-preview:large, max-video-preview:-1\" \/>\n<link rel=\"canonical\" href=\"https:\/\/dicodusport.fr\/blog\/canal-conserve-les-droits-tv-du-top-14-avec-une-belle-rallonge-a-la-cle\/\" \/>\n<meta property=\"og:locale\" content=\"fr_FR\" \/>\n<meta property=\"og:type\" content=\"article\" \/>\n<meta property=\"og:title\" content=\"Canal+ conserve les droits TV du Top 14 avec une belle rallonge \u00e0 la cl\u00e9\" \/>\n<meta property=\"og:description\" content=\"TOP 14 2023-2024 - Canal+ conserve les droits du Top 14 jusqu&#039;en 2032 avec un montant annuel revu \u00e0 la hausse pour ce nouveau contrat.\u00a0\" \/>\n<meta property=\"og:url\" content=\"https:\/\/dicodusport.fr\/blog\/canal-conserve-les-droits-tv-du-top-14-avec-une-belle-rallonge-a-la-cle\/\" \/>\n<meta property=\"og:site_name\" content=\"Dicodusport\" \/>\n<meta property=\"article:publisher\" content=\"https:\/\/www.facebook.com\/dicodusport\" \/>\n<meta property=\"article:author\" content=\"https:\/\/www.facebook.com\/dicodusport\" \/>\n<meta property=\"article:published_time\" content=\"2024-05-23T08:53:43+00:00\" \/>\n<meta property=\"article:modified_time\" content=\"2024-05-23T18:21:58+00:00\" \/>\n<meta property=\"og:image\" content=\"https:\/\/dicodusport.fr\/blog\/wp-content\/uploads\/2024\/05\/Canal-conserve-les-droits-TV-du-Top-14-avec-une-belle-rallonge-a-la-cle.png\" \/>\n\t<meta property=\"og:image:width\" content=\"1200\" \/>\n\t<meta property=\"og:image:height\" content=\"674\" \/>\n\t<meta property=\"og:image:type\" content=\"image\/png\" \/>\n<meta name=\"author\" content=\"Nicolas Jacquemard\" \/>\n<meta name=\"twitter:card\" content=\"summary_large_image\" \/>\n<meta name=\"twitter:title\" content=\"Canal+ conserve les droits TV du Top 14 avec une belle rallonge \u00e0 la cl\u00e9\" \/>\n<meta name=\"twitter:creator\" content=\"@https:\/\/twitter.com\/Nico_Jacquemard\" \/>\n<meta name=\"twitter:site\" content=\"@dicodusport\" \/>\n<script type=\"application\/ld+json\" class=\"yoast-schema-graph\">{\"@context\":\"https:\/\/schema.org\",\"@graph\":[{\"@type\":\"NewsArticle\",\"@id\":\"https:\/\/dicodusport.fr\/blog\/canal-conserve-les-droits-tv-du-top-14-avec-une-belle-rallonge-a-la-cle\/#article\",\"isPartOf\":{\"@id\":\"https:\/\/dicodusport.fr\/blog\/canal-conserve-les-droits-tv-du-top-14-avec-une-belle-rallonge-a-la-cle\/\"},\"author\":{\"name\":\"Nicolas Jacquemard\",\"@id\":\"https:\/\/dicodusport.fr\/blog\/#\/schema\/person\/55dcb50ad410894e431ed812bbb70191\"},\"headline\":\"Canal+ conserve les droits TV du Top 14 avec une belle rallonge \u00e0 la cl\u00e9\",\"datePublished\":\"2024-05-23T08:53:43+00:00\",\"dateModified\":\"2024-05-23T18:21:58+00:00\",\"mainEntityOfPage\":{\"@id\":\"https:\/\/dicodusport.fr\/blog\/canal-conserve-les-droits-tv-du-top-14-avec-une-belle-rallonge-a-la-cle\/\"},\"wordCount\":367,\"commentCount\":1,\"publisher\":{\"@id\":\"https:\/\/dicodusport.fr\/blog\/#organization\"},\"image\":{\"@id\":\"https:\/\/dicodusport.fr\/blog\/canal-conserve-les-droits-tv-du-top-14-avec-une-belle-rallonge-a-la-cle\/#primaryimage\"},\"thumbnailUrl\":\"https:\/\/dicodusport.fr\/blog\/wp-content\/uploads\/2024\/05\/Canal-conserve-les-droits-TV-du-Top-14-avec-une-belle-rallonge-a-la-cle.png\",\"keywords\":[\"br\u00e8ve\",\"canal+\",\"LNR\",\"Top 14\"],\"articleSection\":[\"Rugby \u00e0 XV\",\"Top 14\"],\"inLanguage\":\"fr-FR\",\"potentialAction\":[{\"@type\":\"CommentAction\",\"name\":\"Comment\",\"target\":[\"https:\/\/dicodusport.fr\/blog\/canal-conserve-les-droits-tv-du-top-14-avec-une-belle-rallonge-a-la-cle\/#respond\"]}],\"copyrightYear\":\"2024\",\"copyrightHolder\":{\"@id\":\"https:\/\/dicodusport.fr\/blog\/#organization\"}},{\"@type\":\"WebPage\",\"@id\":\"https:\/\/dicodusport.fr\/blog\/canal-conserve-les-droits-tv-du-top-14-avec-une-belle-rallonge-a-la-cle\/\",\"url\":\"https:\/\/dicodusport.fr\/blog\/canal-conserve-les-droits-tv-du-top-14-avec-une-belle-rallonge-a-la-cle\/\",\"name\":\"Canal+ conserve les droits TV du Top 14 avec une belle rallonge \u00e0 la cl\u00e9\",\"isPartOf\":{\"@id\":\"https:\/\/dicodusport.fr\/blog\/#website\"},\"primaryImageOfPage\":{\"@id\":\"https:\/\/dicodusport.fr\/blog\/canal-conserve-les-droits-tv-du-top-14-avec-une-belle-rallonge-a-la-cle\/#primaryimage\"},\"image\":{\"@id\":\"https:\/\/dicodusport.fr\/blog\/canal-conserve-les-droits-tv-du-top-14-avec-une-belle-rallonge-a-la-cle\/#primaryimage\"},\"thumbnailUrl\":\"https:\/\/dicodusport.fr\/blog\/wp-content\/uploads\/2024\/05\/Canal-conserve-les-droits-TV-du-Top-14-avec-une-belle-rallonge-a-la-cle.png\",\"datePublished\":\"2024-05-23T08:53:43+00:00\",\"dateModified\":\"2024-05-23T18:21:58+00:00\",\"description\":\"TOP 14 2023-2024 - Canal+ conserve les droits du Top 14 jusqu'en 2032 avec un montant annuel revu \u00e0 la hausse pour ce nouveau contrat.\u00a0\",\"breadcrumb\":{\"@id\":\"https:\/\/dicodusport.fr\/blog\/canal-conserve-les-droits-tv-du-top-14-avec-une-belle-rallonge-a-la-cle\/#breadcrumb\"},\"inLanguage\":\"fr-FR\",\"potentialAction\":[{\"@type\":\"ReadAction\",\"target\":[\"https:\/\/dicodusport.fr\/blog\/canal-conserve-les-droits-tv-du-top-14-avec-une-belle-rallonge-a-la-cle\/\"]}]},{\"@type\":\"ImageObject\",\"inLanguage\":\"fr-FR\",\"@id\":\"https:\/\/dicodusport.fr\/blog\/canal-conserve-les-droits-tv-du-top-14-avec-une-belle-rallonge-a-la-cle\/#primaryimage\",\"url\":\"https:\/\/dicodusport.fr\/blog\/wp-content\/uploads\/2024\/05\/Canal-conserve-les-droits-TV-du-Top-14-avec-une-belle-rallonge-a-la-cle.png\",\"contentUrl\":\"https:\/\/dicodusport.fr\/blog\/wp-content\/uploads\/2024\/05\/Canal-conserve-les-droits-TV-du-Top-14-avec-une-belle-rallonge-a-la-cle.png\",\"width\":1200,\"height\":674},{\"@type\":\"BreadcrumbList\",\"@id\":\"https:\/\/dicodusport.fr\/blog\/canal-conserve-les-droits-tv-du-top-14-avec-une-belle-rallonge-a-la-cle\/#breadcrumb\",\"itemListElement\":[{\"@type\":\"ListItem\",\"position\":1,\"name\":\"Accueil\",\"item\":\"https:\/\/dicodusport.fr\/blog\/\"},{\"@type\":\"ListItem\",\"position\":2,\"name\":\"Canal+ conserve les droits TV du Top 14 avec une belle rallonge \u00e0 la cl\u00e9\"}]},{\"@type\":\"WebSite\",\"@id\":\"https:\/\/dicodusport.fr\/blog\/#website\",\"url\":\"https:\/\/dicodusport.fr\/blog\/\",\"name\":\"Dicodusport\",\"description\":\"L&#039;encyclop\u00e9die de l&#039;actualit\u00e9 sportive\",\"publisher\":{\"@id\":\"https:\/\/dicodusport.fr\/blog\/#organization\"},\"potentialAction\":[{\"@type\":\"SearchAction\",\"target\":{\"@type\":\"EntryPoint\",\"urlTemplate\":\"https:\/\/dicodusport.fr\/blog\/?s={search_term_string}\"},\"query-input\":{\"@type\":\"PropertyValueSpecification\",\"valueRequired\":true,\"valueName\":\"search_term_string\"}}],\"inLanguage\":\"fr-FR\"},{\"@type\":\"NewsMediaOrganization\",\"@id\":\"https:\/\/dicodusport.fr\/blog\/#organization\",\"name\":\"Dicodusport\",\"url\":\"https:\/\/dicodusport.fr\/blog\/\",\"logo\":{\"@type\":\"ImageObject\",\"inLanguage\":\"fr-FR\",\"@id\":\"https:\/\/dicodusport.fr\/blog\/#\/schema\/logo\/image\/\",\"url\":\"https:\/\/dicodusport.fr\/blog\/wp-content\/uploads\/2020\/06\/cropped-LOGO-DICODUSPORT-2020-SANS-FOND-SANS-TEXTE.png\",\"contentUrl\":\"https:\/\/dicodusport.fr\/blog\/wp-content\/uploads\/2020\/06\/cropped-LOGO-DICODUSPORT-2020-SANS-FOND-SANS-TEXTE.png\",\"width\":512,\"height\":512,\"caption\":\"Dicodusport\"},\"image\":{\"@id\":\"https:\/\/dicodusport.fr\/blog\/#\/schema\/logo\/image\/\"},\"sameAs\":[\"https:\/\/www.facebook.com\/dicodusport\",\"https:\/\/x.com\/dicodusport\",\"https:\/\/www.instagram.com\/dicodusport\/\",\"https:\/\/www.youtube.com\/channel\/UC7V2KZ5sd3htJivAbA4ZG3w\"],\"description\":\"Dicodusport est l'encyclop\u00e9die de l'actualit\u00e9 sportive.\",\"email\":\"bonjour@dicodusport.fr\",\"legalName\":\"DICODUSPORT\",\"foundingDate\":\"2018-01-14\",\"vatID\":\"FR71834470973\",\"taxID\":\"83447097300043\",\"numberOfEmployees\":{\"@type\":\"QuantitativeValue\",\"minValue\":\"1\",\"maxValue\":\"10\"}},{\"@type\":\"Person\",\"@id\":\"https:\/\/dicodusport.fr\/blog\/#\/schema\/person\/55dcb50ad410894e431ed812bbb70191\",\"name\":\"Nicolas Jacquemard\",\"image\":{\"@type\":\"ImageObject\",\"inLanguage\":\"fr-FR\",\"@id\":\"https:\/\/dicodusport.fr\/blog\/#\/schema\/person\/image\/\",\"url\":\"https:\/\/dicodusport.fr\/blog\/wp-content\/uploads\/2021\/05\/Nicolas-Jacquemard-150x150.jpeg\",\"contentUrl\":\"https:\/\/dicodusport.fr\/blog\/wp-content\/uploads\/2021\/05\/Nicolas-Jacquemard-150x150.jpeg\",\"caption\":\"Nicolas Jacquemard\"},\"description\":\"Passionn\u00e9 de sport et entrepreneur depuis mes 18 ans, la cr\u00e9ation de Dicodusport m'a sembl\u00e9 \u00e9vidente pour participer \u00e0 la m\u00e9diatisation d'un plus grand nombre de sports. Le chemin est long mais avec une \u00e9quipe des plus motiv\u00e9es et les Jeux Olympiques de Paris 2024 en point de mire, nous y arriverons ! Journaliste dans le monde du sport depuis plus de 5 ans, je traite aussi bien de football, de rugby, de biathlon que de cyclisme.\",\"sameAs\":[\"https:\/\/www.facebook.com\/dicodusport\",\"https:\/\/x.com\/https:\/\/twitter.com\/Nico_Jacquemard\"],\"url\":\"https:\/\/dicodusport.fr\/blog\/author\/dicodusport\/\"}]}<\/script>\n<!-- \/ Yoast SEO Premium plugin. -->","yoast_head_json":{"title":"Canal+ conserve les droits TV du Top 14 avec une belle rallonge \u00e0 la cl\u00e9","description":"TOP 14 2023-2024 - Canal+ conserve les droits du Top 14 jusqu'en 2032 avec un montant annuel revu \u00e0 la hausse pour ce nouveau contrat.\u00a0","robots":{"index":"index","follow":"follow","max-snippet":"max-snippet:-1","max-image-preview":"max-image-preview:large","max-video-preview":"max-video-preview:-1"},"canonical":"https:\/\/dicodusport.fr\/blog\/canal-conserve-les-droits-tv-du-top-14-avec-une-belle-rallonge-a-la-cle\/","og_locale":"fr_FR","og_type":"article","og_title":"Canal+ conserve les droits TV du Top 14 avec une belle rallonge \u00e0 la cl\u00e9","og_description":"TOP 14 2023-2024 - Canal+ conserve les droits du Top 14 jusqu'en 2032 avec un montant annuel revu \u00e0 la hausse pour ce nouveau contrat.\u00a0","og_url":"https:\/\/dicodusport.fr\/blog\/canal-conserve-les-droits-tv-du-top-14-avec-une-belle-rallonge-a-la-cle\/","og_site_name":"Dicodusport","article_publisher":"https:\/\/www.facebook.com\/dicodusport","article_author":"https:\/\/www.facebook.com\/dicodusport","article_published_time":"2024-05-23T08:53:43+00:00","article_modified_time":"2024-05-23T18:21:58+00:00","og_image":[{"width":1200,"height":674,"url":"https:\/\/dicodusport.fr\/blog\/wp-content\/uploads\/2024\/05\/Canal-conserve-les-droits-TV-du-Top-14-avec-une-belle-rallonge-a-la-cle.png","type":"image\/png"}],"author":"Nicolas Jacquemard","twitter_card":"summary_large_image","twitter_title":"Canal+ conserve les droits TV du Top 14 avec une belle rallonge \u00e0 la cl\u00e9","twitter_creator":"@https:\/\/twitter.com\/Nico_Jacquemard","twitter_site":"@dicodusport","schema":{"@context":"https:\/\/schema.org","@graph":[{"@type":"NewsArticle","@id":"https:\/\/dicodusport.fr\/blog\/canal-conserve-les-droits-tv-du-top-14-avec-une-belle-rallonge-a-la-cle\/#article","isPartOf":{"@id":"https:\/\/dicodusport.fr\/blog\/canal-conserve-les-droits-tv-du-top-14-avec-une-belle-rallonge-a-la-cle\/"},"author":{"name":"Nicolas Jacquemard","@id":"https:\/\/dicodusport.fr\/blog\/#\/schema\/person\/55dcb50ad410894e431ed812bbb70191"},"headline":"Canal+ conserve les droits TV du Top 14 avec une belle rallonge \u00e0 la cl\u00e9","datePublished":"2024-05-23T08:53:43+00:00","dateModified":"2024-05-23T18:21:58+00:00","mainEntityOfPage":{"@id":"https:\/\/dicodusport.fr\/blog\/canal-conserve-les-droits-tv-du-top-14-avec-une-belle-rallonge-a-la-cle\/"},"wordCount":367,"commentCount":1,"publisher":{"@id":"https:\/\/dicodusport.fr\/blog\/#organization"},"image":{"@id":"https:\/\/dicodusport.fr\/blog\/canal-conserve-les-droits-tv-du-top-14-avec-une-belle-rallonge-a-la-cle\/#primaryimage"},"thumbnailUrl":"https:\/\/dicodusport.fr\/blog\/wp-content\/uploads\/2024\/05\/Canal-conserve-les-droits-TV-du-Top-14-avec-une-belle-rallonge-a-la-cle.png","keywords":["br\u00e8ve","canal+","LNR","Top 14"],"articleSection":["Rugby \u00e0 XV","Top 14"],"inLanguage":"fr-FR","potentialAction":[{"@type":"CommentAction","name":"Comment","target":["https:\/\/dicodusport.fr\/blog\/canal-conserve-les-droits-tv-du-top-14-avec-une-belle-rallonge-a-la-cle\/#respond"]}],"copyrightYear":"2024","copyrightHolder":{"@id":"https:\/\/dicodusport.fr\/blog\/#organization"}},{"@type":"WebPage","@id":"https:\/\/dicodusport.fr\/blog\/canal-conserve-les-droits-tv-du-top-14-avec-une-belle-rallonge-a-la-cle\/","url":"https:\/\/dicodusport.fr\/blog\/canal-conserve-les-droits-tv-du-top-14-avec-une-belle-rallonge-a-la-cle\/","name":"Canal+ conserve les droits TV du Top 14 avec une belle rallonge \u00e0 la cl\u00e9","isPartOf":{"@id":"https:\/\/dicodusport.fr\/blog\/#website"},"primaryImageOfPage":{"@id":"https:\/\/dicodusport.fr\/blog\/canal-conserve-les-droits-tv-du-top-14-avec-une-belle-rallonge-a-la-cle\/#primaryimage"},"image":{"@id":"https:\/\/dicodusport.fr\/blog\/canal-conserve-les-droits-tv-du-top-14-avec-une-belle-rallonge-a-la-cle\/#primaryimage"},"thumbnailUrl":"https:\/\/dicodusport.fr\/blog\/wp-content\/uploads\/2024\/05\/Canal-conserve-les-droits-TV-du-Top-14-avec-une-belle-rallonge-a-la-cle.png","datePublished":"2024-05-23T08:53:43+00:00","dateModified":"2024-05-23T18:21:58+00:00","description":"TOP 14 2023-2024 - Canal+ conserve les droits du Top 14 jusqu'en 2032 avec un montant annuel revu \u00e0 la hausse pour ce nouveau contrat.\u00a0","breadcrumb":{"@id":"https:\/\/dicodusport.fr\/blog\/canal-conserve-les-droits-tv-du-top-14-avec-une-belle-rallonge-a-la-cle\/#breadcrumb"},"inLanguage":"fr-FR","potentialAction":[{"@type":"ReadAction","target":["https:\/\/dicodusport.fr\/blog\/canal-conserve-les-droits-tv-du-top-14-avec-une-belle-rallonge-a-la-cle\/"]}]},{"@type":"ImageObject","inLanguage":"fr-FR","@id":"https:\/\/dicodusport.fr\/blog\/canal-conserve-les-droits-tv-du-top-14-avec-une-belle-rallonge-a-la-cle\/#primaryimage","url":"https:\/\/dicodusport.fr\/blog\/wp-content\/uploads\/2024\/05\/Canal-conserve-les-droits-TV-du-Top-14-avec-une-belle-rallonge-a-la-cle.png","contentUrl":"https:\/\/dicodusport.fr\/blog\/wp-content\/uploads\/2024\/05\/Canal-conserve-les-droits-TV-du-Top-14-avec-une-belle-rallonge-a-la-cle.png","width":1200,"height":674},{"@type":"BreadcrumbList","@id":"https:\/\/dicodusport.fr\/blog\/canal-conserve-les-droits-tv-du-top-14-avec-une-belle-rallonge-a-la-cle\/#breadcrumb","itemListElement":[{"@type":"ListItem","position":1,"name":"Accueil","item":"https:\/\/dicodusport.fr\/blog\/"},{"@type":"ListItem","position":2,"name":"Canal+ conserve les droits TV du Top 14 avec une belle rallonge \u00e0 la cl\u00e9"}]},{"@type":"WebSite","@id":"https:\/\/dicodusport.fr\/blog\/#website","url":"https:\/\/dicodusport.fr\/blog\/","name":"Dicodusport","description":"L&#039;encyclop\u00e9die de l&#039;actualit\u00e9 sportive","publisher":{"@id":"https:\/\/dicodusport.fr\/blog\/#organization"},"potentialAction":[{"@type":"SearchAction","target":{"@type":"EntryPoint","urlTemplate":"https:\/\/dicodusport.fr\/blog\/?s={search_term_string}"},"query-input":{"@type":"PropertyValueSpecification","valueRequired":true,"valueName":"search_term_string"}}],"inLanguage":"fr-FR"},{"@type":"NewsMediaOrganization","@id":"https:\/\/dicodusport.fr\/blog\/#organization","name":"Dicodusport","url":"https:\/\/dicodusport.fr\/blog\/","logo":{"@type":"ImageObject","inLanguage":"fr-FR","@id":"https:\/\/dicodusport.fr\/blog\/#\/schema\/logo\/image\/","url":"https:\/\/dicodusport.fr\/blog\/wp-content\/uploads\/2020\/06\/cropped-LOGO-DICODUSPORT-2020-SANS-FOND-SANS-TEXTE.png","contentUrl":"https:\/\/dicodusport.fr\/blog\/wp-content\/uploads\/2020\/06\/cropped-LOGO-DICODUSPORT-2020-SANS-FOND-SANS-TEXTE.png","width":512,"height":512,"caption":"Dicodusport"},"image":{"@id":"https:\/\/dicodusport.fr\/blog\/#\/schema\/logo\/image\/"},"sameAs":["https:\/\/www.facebook.com\/dicodusport","https:\/\/x.com\/dicodusport","https:\/\/www.instagram.com\/dicodusport\/","https:\/\/www.youtube.com\/channel\/UC7V2KZ5sd3htJivAbA4ZG3w"],"description":"Dicodusport est l'encyclop\u00e9die de l'actualit\u00e9 sportive.","email":"bonjour@dicodusport.fr","legalName":"DICODUSPORT","foundingDate":"2018-01-14","vatID":"FR71834470973","taxID":"83447097300043","numberOfEmployees":{"@type":"QuantitativeValue","minValue":"1","maxValue":"10"}},{"@type":"Person","@id":"https:\/\/dicodusport.fr\/blog\/#\/schema\/person\/55dcb50ad410894e431ed812bbb70191","name":"Nicolas Jacquemard","image":{"@type":"ImageObject","inLanguage":"fr-FR","@id":"https:\/\/dicodusport.fr\/blog\/#\/schema\/person\/image\/","url":"https:\/\/dicodusport.fr\/blog\/wp-content\/uploads\/2021\/05\/Nicolas-Jacquemard-150x150.jpeg","contentUrl":"https:\/\/dicodusport.fr\/blog\/wp-content\/uploads\/2021\/05\/Nicolas-Jacquemard-150x150.jpeg","caption":"Nicolas Jacquemard"},"description":"Passionn\u00e9 de sport et entrepreneur depuis mes 18 ans, la cr\u00e9ation de Dicodusport m'a sembl\u00e9 \u00e9vidente pour participer \u00e0 la m\u00e9diatisation d'un plus grand nombre de sports. Le chemin est long mais avec une \u00e9quipe des plus motiv\u00e9es et les Jeux Olympiques de Paris 2024 en point de mire, nous y arriverons ! Journaliste dans le monde du sport depuis plus de 5 ans, je traite aussi bien de football, de rugby, de biathlon que de cyclisme.","sameAs":["https:\/\/www.facebook.com\/dicodusport","https:\/\/x.com\/https:\/\/twitter.com\/Nico_Jacquemard"],"url":"https:\/\/dicodusport.fr\/blog\/author\/dicodusport\/"}]}},"_links":{"self":[{"href":"https:\/\/dicodusport.fr\/blog\/wp-json\/wp\/v2\/posts\/487321","targetHints":{"allow":["GET"]}}],"collection":[{"href":"https:\/\/dicodusport.fr\/blog\/wp-json\/wp\/v2\/posts"}],"about":[{"href":"https:\/\/dicodusport.fr\/blog\/wp-json\/wp\/v2\/types\/post"}],"author":[{"embeddable":true,"href":"https:\/\/dicodusport.fr\/blog\/wp-json\/wp\/v2\/users\/1"}],"replies":[{"embeddable":true,"href":"https:\/\/dicodusport.fr\/blog\/wp-json\/wp\/v2\/comments?post=487321"}],"version-history":[{"count":6,"href":"https:\/\/dicodusport.fr\/blog\/wp-json\/wp\/v2\/posts\/487321\/revisions"}],"predecessor-version":[{"id":487595,"href":"https:\/\/dicodusport.fr\/blog\/wp-json\/wp\/v2\/posts\/487321\/revisions\/487595"}],"wp:featuredmedia":[{"embeddable":true,"href":"https:\/\/dicodusport.fr\/blog\/wp-json\/wp\/v2\/media\/487339"}],"wp:attachment":[{"href":"https:\/\/dicodusport.fr\/blog\/wp-json\/wp\/v2\/media?parent=487321"}],"wp:term":[{"taxonomy":"category","embeddable":true,"href":"https:\/\/dicodusport.fr\/blog\/wp-json\/wp\/v2\/categories?post=487321"},{"taxonomy":"post_tag","embeddable":true,"href":"https:\/\/dicodusport.fr\/blog\/wp-json\/wp\/v2\/tags?post=487321"}],"curies":[{"name":"wp","href":"https:\/\/api.w.org\/{rel}","templated":true}]}}