{"id":48740,"date":"2019-09-20T17:52:56","date_gmt":"2019-09-20T15:52:56","guid":{"rendered":"http:\/\/dicodusport.fr\/blog\/?p=48740&#038;preview=true&#038;preview_id=48740"},"modified":"2021-10-18T17:31:10","modified_gmt":"2021-10-18T15:31:10","slug":"les-essais-de-julien-pierre-special-coupe-du-monde-1-cela-va-etre-une-belle-fete-du-rugby","status":"publish","type":"post","link":"https:\/\/dicodusport.fr\/blog\/les-essais-de-julien-pierre-special-coupe-du-monde-1-cela-va-etre-une-belle-fete-du-rugby\/","title":{"rendered":"Les essais de Julien Pierre &#8211; Sp\u00e9cial Coupe du monde #1 : \u00ab\u00a0Cela va \u00eatre une belle f\u00eate du rugby\u00a0\u00bb"},"content":{"rendered":"<p style=\"text-align: justify;\"><strong><em>Le retour de la chronique\u00a0\u00ab <\/em><span style=\"color: #0000ff;\"><em><a style=\"color: #0000ff;\" href=\"http:\/\/dicodusport.fr\/blog\/essais-de-julien-pierre-deux-fois-mois-dicodusport-fr\/\">Les essais de Julien Pierre<\/a><\/em><\/span><em> \u00bb, sp\u00e9cial <a href=\"https:\/\/dicodusport.fr\/blog\/rugby-coupe-du-monde-2019-calendrier-et-resultats\/\" target=\"_blank\" rel=\"noopener\">Coupe du monde<\/a>. Pour ce 1er num\u00e9ro, il plante le d\u00e9cor de cette Coupe du monde au Japon et \u00e9voque le premier match du XV de France face \u00e0 l&rsquo;Argentine.<\/em><\/strong><\/p>\n<p style=\"text-align: justify;\">Quatre ans qu&rsquo;on attend la <strong>Coupe du monde<\/strong>, un moment unique pour les joueurs mais aussi pour les spectateurs. Et la particularit\u00e9 de cette ann\u00e9e ,c&rsquo;est qu&rsquo;elle se d\u00e9roule au Japon, premi\u00e8re fois qu&rsquo;un pays \u00e9mergent l&rsquo;organise, donc il risque d&rsquo;y avoir un engouement \u00e9norme autour de la comp\u00e9tition. Cela va \u00eatre une belle f\u00eate du rugby, une belle ouverture sur le monde asiatique et un moteur pour tous ces pays qui tentent de raccrocher le wagon des meilleures nations. Et puis le <strong>Japon<\/strong> en lui-m\u00eame, repr\u00e9sente beaucoup de choses, que ce soit au niveau de la culture ou de l&rsquo;histoire, cela va vraiment \u00eatre un grand \u00e9v\u00e9nement sportif.<\/p>\n<h2 style=\"text-align: justify;\">Qui est favori ?<\/h2>\n<p style=\"text-align: justify;\">Cette ann\u00e9e, on ne sait pas trop : plusieurs \u00e9quipes font peur mais les <strong>Blacks<\/strong> sont peut-\u00eatre moins dominants. Mais ce que je souhaite par dessus tout, c&rsquo;est de voir des nations que l&rsquo;on a pas l&rsquo;habitude de voir en quart de finale, je pense au <strong>Fidji<\/strong>, au <strong>Japon<\/strong>, ou encore m\u00eame \u00e0 l&rsquo;<strong>Irlande<\/strong> qui n&rsquo;a encore jamais \u00e9t\u00e9 dans le dernier carr\u00e9. Ce serait s\u00fbrement un tournant dans le rugby mondial si des nations arrivaient \u00e0 cr\u00e9er la surprise, car cela voudrait dire que notre sport n&rsquo;est pas r\u00e9serv\u00e9 aux nations majeures.<\/p>\n<h2 style=\"text-align: justify;\">Le <a href=\"https:\/\/dicodusport.fr\/blog\/coupe-du-monde-2019-le-xv-de-france-se-doit-d-eviter-une-berezina\/\" target=\"_blank\" rel=\"noopener\">XV de France<\/a><\/h2>\n<p style=\"text-align: justify;\">Il y a eu des r\u00e9sultats compliqu\u00e9s mais je crois qu&rsquo;ils ont tout remis \u00e0 z\u00e9ro et c&rsquo;est une <strong>Coupe du monde<\/strong>, \u00e7a reste particulier. On a pu le voir en 2011. Il y a de la qualit\u00e9 dans cette \u00e9quipe, il y a des leaders :\u00a0<strong>Guirado<\/strong>, <strong>Poirot<\/strong>,\u00a0<strong>Vahaamahina<\/strong> et m\u00eame des joueurs avec du g\u00e9nie comme <strong>Penaud<\/strong>, <strong>Dupont<\/strong> ou <strong>Ntamack<\/strong>, qui peuvent changer le cours d&rsquo;un match sur une action. Je trouve qu&rsquo;il y a une belle osmose dans cette \u00e9quipe. Mais en face, \u00e7a va \u00eatre l&rsquo;Argentine, on les conna\u00eet, ils commencent dans les m\u00e9dias et sur le terrain on sait comment ils seront, ils vont essayer de ralentir le jeu et faire sortir les Fran\u00e7ais de la rencontre. Il va falloir bien prendre le match et allez les Bleus !<\/p>\n<p style=\"text-align: justify;\"><strong><em><span style=\"color: #000000;\">Julien Pierre<\/span><br \/>\n<a style=\"color: #000000;\" href=\"https:\/\/www.facebook.com\/Julien.Pierre.Officiel\/\" target=\"_blank\" rel=\"noopener noreferrer\"><img loading=\"lazy\" decoding=\"async\" class=\"alignnone wp-image-2909\" src=\"http:\/\/dicodusport.fr\/blog\/wp-content\/uploads\/2017\/07\/logo-facebook-150x150.png\" alt=\"\" width=\"40\" height=\"40\" \/><\/a><a style=\"color: #000000;\" href=\"https:\/\/twitter.com\/JulienPierre4\" target=\"_blank\" rel=\"noopener noreferrer\"><img loading=\"lazy\" decoding=\"async\" class=\"alignnone wp-image-2908\" src=\"http:\/\/dicodusport.fr\/blog\/wp-content\/uploads\/2017\/07\/logo-twitter-150x150.png\" alt=\"\" width=\"39\" height=\"39\" \/><\/a><\/em><\/strong><\/p>\n","protected":false},"excerpt":{"rendered":"<p>Le retour de la chronique \u00ab Les essais de Julien Pierre \u00bb, sp\u00e9cial Coupe du monde. Pour ce 1er num\u00e9ro, il plante le d\u00e9cor de cette Coupe du monde au Japon et \u00e9voque le premier match du XV de France face \u00e0 l&rsquo;Argentine.<\/p>\n","protected":false},"author":1,"featured_media":48766,"comment_status":"open","ping_status":"closed","sticky":false,"template":"","format":"standard","meta":{"_acf_changed":false,"_daextam_enable_autolinks":"","footnotes":""},"categories":[47049,2016,19951],"tags":[1530,1089,13,1638],"class_list":["post-48740","post","type-post","status-publish","format-standard","has-post-thumbnail","hentry","category-coupe-du-monde-de-rugby","category-nos-champions","category-xv-de-france","tag-coupe-du-monde","tag-julien-pierre","tag-rugby","tag-xv-de-france"],"acf":[],"yoast_head":"<!-- This site is optimized with the Yoast SEO Premium plugin v26.7 (Yoast SEO v26.7) - https:\/\/yoast.com\/wordpress\/plugins\/seo\/ -->\n<title>Les essais de Julien Pierre - Sp\u00e9cial Coupe du monde #1 : &quot;Cela va \u00eatre une belle f\u00eate du rugby&quot;<\/title>\n<meta name=\"description\" content=\"Le retour de la chronique \u00ab Les essais de Julien Pierre \u00bb, sp\u00e9cial Coupe du monde. Pour ce 1er num\u00e9ro, il plante le d\u00e9cor de cette Coupe du monde.\" \/>\n<meta name=\"robots\" content=\"index, follow, max-snippet:-1, max-image-preview:large, max-video-preview:-1\" \/>\n<link rel=\"canonical\" href=\"https:\/\/dicodusport.fr\/blog\/les-essais-de-julien-pierre-special-coupe-du-monde-1-cela-va-etre-une-belle-fete-du-rugby\/\" \/>\n<meta property=\"og:locale\" content=\"fr_FR\" \/>\n<meta property=\"og:type\" content=\"article\" \/>\n<meta property=\"og:title\" content=\"Les essais de Julien Pierre - Sp\u00e9cial Coupe du monde #1 : &quot;Cela va \u00eatre une belle f\u00eate du rugby&quot;\" \/>\n<meta property=\"og:description\" content=\"Le retour de la chronique \u00ab Les essais de Julien Pierre \u00bb, sp\u00e9cial Coupe du monde. Pour ce 1er num\u00e9ro, il plante le d\u00e9cor de cette Coupe du monde.\" \/>\n<meta property=\"og:url\" content=\"https:\/\/dicodusport.fr\/blog\/les-essais-de-julien-pierre-special-coupe-du-monde-1-cela-va-etre-une-belle-fete-du-rugby\/\" \/>\n<meta property=\"og:site_name\" content=\"Dicodusport\" \/>\n<meta property=\"article:publisher\" content=\"https:\/\/www.facebook.com\/dicodusport\" \/>\n<meta property=\"article:author\" content=\"https:\/\/www.facebook.com\/dicodusport\" \/>\n<meta property=\"article:published_time\" content=\"2019-09-20T15:52:56+00:00\" \/>\n<meta property=\"article:modified_time\" content=\"2021-10-18T15:31:10+00:00\" \/>\n<meta property=\"og:image\" content=\"https:\/\/dicodusport.fr\/blog\/wp-content\/uploads\/2019\/09\/Julien-Pierre-Japon.png\" \/>\n\t<meta property=\"og:image:width\" content=\"800\" \/>\n\t<meta property=\"og:image:height\" content=\"445\" \/>\n\t<meta property=\"og:image:type\" content=\"image\/png\" \/>\n<meta name=\"author\" content=\"Nicolas Jacquemard\" \/>\n<meta name=\"twitter:card\" content=\"summary_large_image\" \/>\n<meta name=\"twitter:title\" content=\"Les essais de Julien Pierre - Sp\u00e9cial Coupe du monde #1 : &quot;Cela va \u00eatre une belle f\u00eate du rugby&quot;\" \/>\n<meta name=\"twitter:creator\" content=\"@https:\/\/twitter.com\/Nico_Jacquemard\" \/>\n<meta name=\"twitter:site\" content=\"@dicodusport\" \/>\n<script type=\"application\/ld+json\" class=\"yoast-schema-graph\">{\"@context\":\"https:\/\/schema.org\",\"@graph\":[{\"@type\":\"NewsArticle\",\"@id\":\"https:\/\/dicodusport.fr\/blog\/les-essais-de-julien-pierre-special-coupe-du-monde-1-cela-va-etre-une-belle-fete-du-rugby\/#article\",\"isPartOf\":{\"@id\":\"https:\/\/dicodusport.fr\/blog\/les-essais-de-julien-pierre-special-coupe-du-monde-1-cela-va-etre-une-belle-fete-du-rugby\/\"},\"author\":{\"name\":\"Nicolas Jacquemard\",\"@id\":\"https:\/\/dicodusport.fr\/blog\/#\/schema\/person\/55dcb50ad410894e431ed812bbb70191\"},\"headline\":\"Les essais de Julien Pierre &#8211; Sp\u00e9cial Coupe du monde #1 : \u00ab\u00a0Cela va \u00eatre une belle f\u00eate du rugby\u00a0\u00bb\",\"datePublished\":\"2019-09-20T15:52:56+00:00\",\"dateModified\":\"2021-10-18T15:31:10+00:00\",\"mainEntityOfPage\":{\"@id\":\"https:\/\/dicodusport.fr\/blog\/les-essais-de-julien-pierre-special-coupe-du-monde-1-cela-va-etre-une-belle-fete-du-rugby\/\"},\"wordCount\":442,\"commentCount\":0,\"publisher\":{\"@id\":\"https:\/\/dicodusport.fr\/blog\/#organization\"},\"image\":{\"@id\":\"https:\/\/dicodusport.fr\/blog\/les-essais-de-julien-pierre-special-coupe-du-monde-1-cela-va-etre-une-belle-fete-du-rugby\/#primaryimage\"},\"thumbnailUrl\":\"https:\/\/dicodusport.fr\/blog\/wp-content\/uploads\/2019\/09\/Julien-Pierre-Japon.png\",\"keywords\":[\"Coupe du monde\",\"Julien Pierre\",\"Rugby\",\"XV de France\"],\"articleSection\":[\"Coupe du monde de rugby\",\"Nos champions\",\"XV de France\"],\"inLanguage\":\"fr-FR\",\"potentialAction\":[{\"@type\":\"CommentAction\",\"name\":\"Comment\",\"target\":[\"https:\/\/dicodusport.fr\/blog\/les-essais-de-julien-pierre-special-coupe-du-monde-1-cela-va-etre-une-belle-fete-du-rugby\/#respond\"]}],\"copyrightYear\":\"2019\",\"copyrightHolder\":{\"@id\":\"https:\/\/dicodusport.fr\/blog\/#organization\"}},{\"@type\":\"WebPage\",\"@id\":\"https:\/\/dicodusport.fr\/blog\/les-essais-de-julien-pierre-special-coupe-du-monde-1-cela-va-etre-une-belle-fete-du-rugby\/\",\"url\":\"https:\/\/dicodusport.fr\/blog\/les-essais-de-julien-pierre-special-coupe-du-monde-1-cela-va-etre-une-belle-fete-du-rugby\/\",\"name\":\"Les essais de Julien Pierre - Sp\u00e9cial Coupe du monde #1 : \\\"Cela va \u00eatre une belle f\u00eate du rugby\\\"\",\"isPartOf\":{\"@id\":\"https:\/\/dicodusport.fr\/blog\/#website\"},\"primaryImageOfPage\":{\"@id\":\"https:\/\/dicodusport.fr\/blog\/les-essais-de-julien-pierre-special-coupe-du-monde-1-cela-va-etre-une-belle-fete-du-rugby\/#primaryimage\"},\"image\":{\"@id\":\"https:\/\/dicodusport.fr\/blog\/les-essais-de-julien-pierre-special-coupe-du-monde-1-cela-va-etre-une-belle-fete-du-rugby\/#primaryimage\"},\"thumbnailUrl\":\"https:\/\/dicodusport.fr\/blog\/wp-content\/uploads\/2019\/09\/Julien-Pierre-Japon.png\",\"datePublished\":\"2019-09-20T15:52:56+00:00\",\"dateModified\":\"2021-10-18T15:31:10+00:00\",\"description\":\"Le retour de la chronique \u00ab Les essais de Julien Pierre \u00bb, sp\u00e9cial Coupe du monde. Pour ce 1er num\u00e9ro, il plante le d\u00e9cor de cette Coupe du monde.\",\"breadcrumb\":{\"@id\":\"https:\/\/dicodusport.fr\/blog\/les-essais-de-julien-pierre-special-coupe-du-monde-1-cela-va-etre-une-belle-fete-du-rugby\/#breadcrumb\"},\"inLanguage\":\"fr-FR\",\"potentialAction\":[{\"@type\":\"ReadAction\",\"target\":[\"https:\/\/dicodusport.fr\/blog\/les-essais-de-julien-pierre-special-coupe-du-monde-1-cela-va-etre-une-belle-fete-du-rugby\/\"]}]},{\"@type\":\"ImageObject\",\"inLanguage\":\"fr-FR\",\"@id\":\"https:\/\/dicodusport.fr\/blog\/les-essais-de-julien-pierre-special-coupe-du-monde-1-cela-va-etre-une-belle-fete-du-rugby\/#primaryimage\",\"url\":\"https:\/\/dicodusport.fr\/blog\/wp-content\/uploads\/2019\/09\/Julien-Pierre-Japon.png\",\"contentUrl\":\"https:\/\/dicodusport.fr\/blog\/wp-content\/uploads\/2019\/09\/Julien-Pierre-Japon.png\",\"width\":800,\"height\":445},{\"@type\":\"BreadcrumbList\",\"@id\":\"https:\/\/dicodusport.fr\/blog\/les-essais-de-julien-pierre-special-coupe-du-monde-1-cela-va-etre-une-belle-fete-du-rugby\/#breadcrumb\",\"itemListElement\":[{\"@type\":\"ListItem\",\"position\":1,\"name\":\"Accueil\",\"item\":\"https:\/\/dicodusport.fr\/blog\/\"},{\"@type\":\"ListItem\",\"position\":2,\"name\":\"Les essais de Julien Pierre &#8211; Sp\u00e9cial Coupe du monde #1 : \u00ab\u00a0Cela va \u00eatre une belle f\u00eate du rugby\u00a0\u00bb\"}]},{\"@type\":\"WebSite\",\"@id\":\"https:\/\/dicodusport.fr\/blog\/#website\",\"url\":\"https:\/\/dicodusport.fr\/blog\/\",\"name\":\"Dicodusport\",\"description\":\"L&#039;encyclop\u00e9die de l&#039;actualit\u00e9 sportive\",\"publisher\":{\"@id\":\"https:\/\/dicodusport.fr\/blog\/#organization\"},\"potentialAction\":[{\"@type\":\"SearchAction\",\"target\":{\"@type\":\"EntryPoint\",\"urlTemplate\":\"https:\/\/dicodusport.fr\/blog\/?s={search_term_string}\"},\"query-input\":{\"@type\":\"PropertyValueSpecification\",\"valueRequired\":true,\"valueName\":\"search_term_string\"}}],\"inLanguage\":\"fr-FR\"},{\"@type\":\"NewsMediaOrganization\",\"@id\":\"https:\/\/dicodusport.fr\/blog\/#organization\",\"name\":\"Dicodusport\",\"url\":\"https:\/\/dicodusport.fr\/blog\/\",\"logo\":{\"@type\":\"ImageObject\",\"inLanguage\":\"fr-FR\",\"@id\":\"https:\/\/dicodusport.fr\/blog\/#\/schema\/logo\/image\/\",\"url\":\"https:\/\/dicodusport.fr\/blog\/wp-content\/uploads\/2020\/06\/cropped-LOGO-DICODUSPORT-2020-SANS-FOND-SANS-TEXTE.png\",\"contentUrl\":\"https:\/\/dicodusport.fr\/blog\/wp-content\/uploads\/2020\/06\/cropped-LOGO-DICODUSPORT-2020-SANS-FOND-SANS-TEXTE.png\",\"width\":512,\"height\":512,\"caption\":\"Dicodusport\"},\"image\":{\"@id\":\"https:\/\/dicodusport.fr\/blog\/#\/schema\/logo\/image\/\"},\"sameAs\":[\"https:\/\/www.facebook.com\/dicodusport\",\"https:\/\/x.com\/dicodusport\",\"https:\/\/www.instagram.com\/dicodusport\/\",\"https:\/\/www.youtube.com\/channel\/UC7V2KZ5sd3htJivAbA4ZG3w\"],\"description\":\"Dicodusport est l'encyclop\u00e9die de l'actualit\u00e9 sportive.\",\"email\":\"bonjour@dicodusport.fr\",\"legalName\":\"DICODUSPORT\",\"foundingDate\":\"2018-01-14\",\"vatID\":\"FR71834470973\",\"taxID\":\"83447097300043\",\"numberOfEmployees\":{\"@type\":\"QuantitativeValue\",\"minValue\":\"1\",\"maxValue\":\"10\"}},{\"@type\":\"Person\",\"@id\":\"https:\/\/dicodusport.fr\/blog\/#\/schema\/person\/55dcb50ad410894e431ed812bbb70191\",\"name\":\"Nicolas Jacquemard\",\"image\":{\"@type\":\"ImageObject\",\"inLanguage\":\"fr-FR\",\"@id\":\"https:\/\/dicodusport.fr\/blog\/#\/schema\/person\/image\/\",\"url\":\"https:\/\/dicodusport.fr\/blog\/wp-content\/uploads\/2021\/05\/Nicolas-Jacquemard-150x150.jpeg\",\"contentUrl\":\"https:\/\/dicodusport.fr\/blog\/wp-content\/uploads\/2021\/05\/Nicolas-Jacquemard-150x150.jpeg\",\"caption\":\"Nicolas Jacquemard\"},\"description\":\"Passionn\u00e9 de sport et entrepreneur depuis mes 18 ans, la cr\u00e9ation de Dicodusport m'a sembl\u00e9 \u00e9vidente pour participer \u00e0 la m\u00e9diatisation d'un plus grand nombre de sports. Le chemin est long mais avec une \u00e9quipe des plus motiv\u00e9es et les Jeux Olympiques de Paris 2024 en point de mire, nous y arriverons ! Journaliste dans le monde du sport depuis plus de 5 ans, je traite aussi bien de football, de rugby, de biathlon que de cyclisme.\",\"sameAs\":[\"https:\/\/www.facebook.com\/dicodusport\",\"https:\/\/x.com\/https:\/\/twitter.com\/Nico_Jacquemard\"],\"url\":\"https:\/\/dicodusport.fr\/blog\/author\/dicodusport\/\"}]}<\/script>\n<!-- \/ Yoast SEO Premium plugin. -->","yoast_head_json":{"title":"Les essais de Julien Pierre - Sp\u00e9cial Coupe du monde #1 : \"Cela va \u00eatre une belle f\u00eate du rugby\"","description":"Le retour de la chronique \u00ab Les essais de Julien Pierre \u00bb, sp\u00e9cial Coupe du monde. Pour ce 1er num\u00e9ro, il plante le d\u00e9cor de cette Coupe du monde.","robots":{"index":"index","follow":"follow","max-snippet":"max-snippet:-1","max-image-preview":"max-image-preview:large","max-video-preview":"max-video-preview:-1"},"canonical":"https:\/\/dicodusport.fr\/blog\/les-essais-de-julien-pierre-special-coupe-du-monde-1-cela-va-etre-une-belle-fete-du-rugby\/","og_locale":"fr_FR","og_type":"article","og_title":"Les essais de Julien Pierre - Sp\u00e9cial Coupe du monde #1 : \"Cela va \u00eatre une belle f\u00eate du rugby\"","og_description":"Le retour de la chronique \u00ab Les essais de Julien Pierre \u00bb, sp\u00e9cial Coupe du monde. Pour ce 1er num\u00e9ro, il plante le d\u00e9cor de cette Coupe du monde.","og_url":"https:\/\/dicodusport.fr\/blog\/les-essais-de-julien-pierre-special-coupe-du-monde-1-cela-va-etre-une-belle-fete-du-rugby\/","og_site_name":"Dicodusport","article_publisher":"https:\/\/www.facebook.com\/dicodusport","article_author":"https:\/\/www.facebook.com\/dicodusport","article_published_time":"2019-09-20T15:52:56+00:00","article_modified_time":"2021-10-18T15:31:10+00:00","og_image":[{"width":800,"height":445,"url":"https:\/\/dicodusport.fr\/blog\/wp-content\/uploads\/2019\/09\/Julien-Pierre-Japon.png","type":"image\/png"}],"author":"Nicolas Jacquemard","twitter_card":"summary_large_image","twitter_title":"Les essais de Julien Pierre - Sp\u00e9cial Coupe du monde #1 : \"Cela va \u00eatre une belle f\u00eate du rugby\"","twitter_creator":"@https:\/\/twitter.com\/Nico_Jacquemard","twitter_site":"@dicodusport","schema":{"@context":"https:\/\/schema.org","@graph":[{"@type":"NewsArticle","@id":"https:\/\/dicodusport.fr\/blog\/les-essais-de-julien-pierre-special-coupe-du-monde-1-cela-va-etre-une-belle-fete-du-rugby\/#article","isPartOf":{"@id":"https:\/\/dicodusport.fr\/blog\/les-essais-de-julien-pierre-special-coupe-du-monde-1-cela-va-etre-une-belle-fete-du-rugby\/"},"author":{"name":"Nicolas Jacquemard","@id":"https:\/\/dicodusport.fr\/blog\/#\/schema\/person\/55dcb50ad410894e431ed812bbb70191"},"headline":"Les essais de Julien Pierre &#8211; Sp\u00e9cial Coupe du monde #1 : \u00ab\u00a0Cela va \u00eatre une belle f\u00eate du rugby\u00a0\u00bb","datePublished":"2019-09-20T15:52:56+00:00","dateModified":"2021-10-18T15:31:10+00:00","mainEntityOfPage":{"@id":"https:\/\/dicodusport.fr\/blog\/les-essais-de-julien-pierre-special-coupe-du-monde-1-cela-va-etre-une-belle-fete-du-rugby\/"},"wordCount":442,"commentCount":0,"publisher":{"@id":"https:\/\/dicodusport.fr\/blog\/#organization"},"image":{"@id":"https:\/\/dicodusport.fr\/blog\/les-essais-de-julien-pierre-special-coupe-du-monde-1-cela-va-etre-une-belle-fete-du-rugby\/#primaryimage"},"thumbnailUrl":"https:\/\/dicodusport.fr\/blog\/wp-content\/uploads\/2019\/09\/Julien-Pierre-Japon.png","keywords":["Coupe du monde","Julien Pierre","Rugby","XV de France"],"articleSection":["Coupe du monde de rugby","Nos champions","XV de France"],"inLanguage":"fr-FR","potentialAction":[{"@type":"CommentAction","name":"Comment","target":["https:\/\/dicodusport.fr\/blog\/les-essais-de-julien-pierre-special-coupe-du-monde-1-cela-va-etre-une-belle-fete-du-rugby\/#respond"]}],"copyrightYear":"2019","copyrightHolder":{"@id":"https:\/\/dicodusport.fr\/blog\/#organization"}},{"@type":"WebPage","@id":"https:\/\/dicodusport.fr\/blog\/les-essais-de-julien-pierre-special-coupe-du-monde-1-cela-va-etre-une-belle-fete-du-rugby\/","url":"https:\/\/dicodusport.fr\/blog\/les-essais-de-julien-pierre-special-coupe-du-monde-1-cela-va-etre-une-belle-fete-du-rugby\/","name":"Les essais de Julien Pierre - Sp\u00e9cial Coupe du monde #1 : \"Cela va \u00eatre une belle f\u00eate du rugby\"","isPartOf":{"@id":"https:\/\/dicodusport.fr\/blog\/#website"},"primaryImageOfPage":{"@id":"https:\/\/dicodusport.fr\/blog\/les-essais-de-julien-pierre-special-coupe-du-monde-1-cela-va-etre-une-belle-fete-du-rugby\/#primaryimage"},"image":{"@id":"https:\/\/dicodusport.fr\/blog\/les-essais-de-julien-pierre-special-coupe-du-monde-1-cela-va-etre-une-belle-fete-du-rugby\/#primaryimage"},"thumbnailUrl":"https:\/\/dicodusport.fr\/blog\/wp-content\/uploads\/2019\/09\/Julien-Pierre-Japon.png","datePublished":"2019-09-20T15:52:56+00:00","dateModified":"2021-10-18T15:31:10+00:00","description":"Le retour de la chronique \u00ab Les essais de Julien Pierre \u00bb, sp\u00e9cial Coupe du monde. Pour ce 1er num\u00e9ro, il plante le d\u00e9cor de cette Coupe du monde.","breadcrumb":{"@id":"https:\/\/dicodusport.fr\/blog\/les-essais-de-julien-pierre-special-coupe-du-monde-1-cela-va-etre-une-belle-fete-du-rugby\/#breadcrumb"},"inLanguage":"fr-FR","potentialAction":[{"@type":"ReadAction","target":["https:\/\/dicodusport.fr\/blog\/les-essais-de-julien-pierre-special-coupe-du-monde-1-cela-va-etre-une-belle-fete-du-rugby\/"]}]},{"@type":"ImageObject","inLanguage":"fr-FR","@id":"https:\/\/dicodusport.fr\/blog\/les-essais-de-julien-pierre-special-coupe-du-monde-1-cela-va-etre-une-belle-fete-du-rugby\/#primaryimage","url":"https:\/\/dicodusport.fr\/blog\/wp-content\/uploads\/2019\/09\/Julien-Pierre-Japon.png","contentUrl":"https:\/\/dicodusport.fr\/blog\/wp-content\/uploads\/2019\/09\/Julien-Pierre-Japon.png","width":800,"height":445},{"@type":"BreadcrumbList","@id":"https:\/\/dicodusport.fr\/blog\/les-essais-de-julien-pierre-special-coupe-du-monde-1-cela-va-etre-une-belle-fete-du-rugby\/#breadcrumb","itemListElement":[{"@type":"ListItem","position":1,"name":"Accueil","item":"https:\/\/dicodusport.fr\/blog\/"},{"@type":"ListItem","position":2,"name":"Les essais de Julien Pierre &#8211; Sp\u00e9cial Coupe du monde #1 : \u00ab\u00a0Cela va \u00eatre une belle f\u00eate du rugby\u00a0\u00bb"}]},{"@type":"WebSite","@id":"https:\/\/dicodusport.fr\/blog\/#website","url":"https:\/\/dicodusport.fr\/blog\/","name":"Dicodusport","description":"L&#039;encyclop\u00e9die de l&#039;actualit\u00e9 sportive","publisher":{"@id":"https:\/\/dicodusport.fr\/blog\/#organization"},"potentialAction":[{"@type":"SearchAction","target":{"@type":"EntryPoint","urlTemplate":"https:\/\/dicodusport.fr\/blog\/?s={search_term_string}"},"query-input":{"@type":"PropertyValueSpecification","valueRequired":true,"valueName":"search_term_string"}}],"inLanguage":"fr-FR"},{"@type":"NewsMediaOrganization","@id":"https:\/\/dicodusport.fr\/blog\/#organization","name":"Dicodusport","url":"https:\/\/dicodusport.fr\/blog\/","logo":{"@type":"ImageObject","inLanguage":"fr-FR","@id":"https:\/\/dicodusport.fr\/blog\/#\/schema\/logo\/image\/","url":"https:\/\/dicodusport.fr\/blog\/wp-content\/uploads\/2020\/06\/cropped-LOGO-DICODUSPORT-2020-SANS-FOND-SANS-TEXTE.png","contentUrl":"https:\/\/dicodusport.fr\/blog\/wp-content\/uploads\/2020\/06\/cropped-LOGO-DICODUSPORT-2020-SANS-FOND-SANS-TEXTE.png","width":512,"height":512,"caption":"Dicodusport"},"image":{"@id":"https:\/\/dicodusport.fr\/blog\/#\/schema\/logo\/image\/"},"sameAs":["https:\/\/www.facebook.com\/dicodusport","https:\/\/x.com\/dicodusport","https:\/\/www.instagram.com\/dicodusport\/","https:\/\/www.youtube.com\/channel\/UC7V2KZ5sd3htJivAbA4ZG3w"],"description":"Dicodusport est l'encyclop\u00e9die de l'actualit\u00e9 sportive.","email":"bonjour@dicodusport.fr","legalName":"DICODUSPORT","foundingDate":"2018-01-14","vatID":"FR71834470973","taxID":"83447097300043","numberOfEmployees":{"@type":"QuantitativeValue","minValue":"1","maxValue":"10"}},{"@type":"Person","@id":"https:\/\/dicodusport.fr\/blog\/#\/schema\/person\/55dcb50ad410894e431ed812bbb70191","name":"Nicolas Jacquemard","image":{"@type":"ImageObject","inLanguage":"fr-FR","@id":"https:\/\/dicodusport.fr\/blog\/#\/schema\/person\/image\/","url":"https:\/\/dicodusport.fr\/blog\/wp-content\/uploads\/2021\/05\/Nicolas-Jacquemard-150x150.jpeg","contentUrl":"https:\/\/dicodusport.fr\/blog\/wp-content\/uploads\/2021\/05\/Nicolas-Jacquemard-150x150.jpeg","caption":"Nicolas Jacquemard"},"description":"Passionn\u00e9 de sport et entrepreneur depuis mes 18 ans, la cr\u00e9ation de Dicodusport m'a sembl\u00e9 \u00e9vidente pour participer \u00e0 la m\u00e9diatisation d'un plus grand nombre de sports. Le chemin est long mais avec une \u00e9quipe des plus motiv\u00e9es et les Jeux Olympiques de Paris 2024 en point de mire, nous y arriverons ! Journaliste dans le monde du sport depuis plus de 5 ans, je traite aussi bien de football, de rugby, de biathlon que de cyclisme.","sameAs":["https:\/\/www.facebook.com\/dicodusport","https:\/\/x.com\/https:\/\/twitter.com\/Nico_Jacquemard"],"url":"https:\/\/dicodusport.fr\/blog\/author\/dicodusport\/"}]}},"_links":{"self":[{"href":"https:\/\/dicodusport.fr\/blog\/wp-json\/wp\/v2\/posts\/48740","targetHints":{"allow":["GET"]}}],"collection":[{"href":"https:\/\/dicodusport.fr\/blog\/wp-json\/wp\/v2\/posts"}],"about":[{"href":"https:\/\/dicodusport.fr\/blog\/wp-json\/wp\/v2\/types\/post"}],"author":[{"embeddable":true,"href":"https:\/\/dicodusport.fr\/blog\/wp-json\/wp\/v2\/users\/1"}],"replies":[{"embeddable":true,"href":"https:\/\/dicodusport.fr\/blog\/wp-json\/wp\/v2\/comments?post=48740"}],"version-history":[{"count":0,"href":"https:\/\/dicodusport.fr\/blog\/wp-json\/wp\/v2\/posts\/48740\/revisions"}],"wp:featuredmedia":[{"embeddable":true,"href":"https:\/\/dicodusport.fr\/blog\/wp-json\/wp\/v2\/media\/48766"}],"wp:attachment":[{"href":"https:\/\/dicodusport.fr\/blog\/wp-json\/wp\/v2\/media?parent=48740"}],"wp:term":[{"taxonomy":"category","embeddable":true,"href":"https:\/\/dicodusport.fr\/blog\/wp-json\/wp\/v2\/categories?post=48740"},{"taxonomy":"post_tag","embeddable":true,"href":"https:\/\/dicodusport.fr\/blog\/wp-json\/wp\/v2\/tags?post=48740"}],"curies":[{"name":"wp","href":"https:\/\/api.w.org\/{rel}","templated":true}]}}