{"id":487460,"date":"2024-05-23T17:53:48","date_gmt":"2024-05-23T15:53:48","guid":{"rendered":"https:\/\/dicodusport.fr\/blog\/?p=487460&#038;preview=true&#038;preview_id=487460"},"modified":"2024-05-23T18:28:39","modified_gmt":"2024-05-23T16:28:39","slug":"tour-de-norvege-2024-la-premiere-etape-pour-thibau-nys","status":"publish","type":"post","link":"https:\/\/dicodusport.fr\/blog\/tour-de-norvege-2024-la-premiere-etape-pour-thibau-nys\/","title":{"rendered":"Tour de Norv\u00e8ge 2024 : La premi\u00e8re \u00e9tape pour Thibau Nys"},"content":{"rendered":"<p style=\"text-align: justify;\"><strong><em>TOUR DE NORV\u00c8GE 2024 &#8211; Dans une arriv\u00e9e taill\u00e9e pour les puncheurs, le Belge Thibau Nys (Lidl-Trek) s&rsquo;impose ais\u00e9ment et s&#8217;empare du premier maillot jaune de leader.<\/em><\/strong><\/p>\n<ul>\n<li style=\"text-align: justify;\"><strong>\u00c0 ce sujet &#8211; <a href=\"https:\/\/dicodusport.fr\/blog\/tour-de-norvege-2024-classement-1ere-etape\/\">Tour de Norv\u00e8ge 2024 &#8211; Classement 1\u00e8re \u00e9tape<\/a><\/strong><\/li>\n<li style=\"text-align: justify;\"><strong>\u00c0 ce sujet &#8211; <a href=\"https:\/\/dicodusport.fr\/blog\/tour-de-norvege-2024-classement-general\/\">Tour de Norv\u00e8ge &#8211; Classement g\u00e9n\u00e9ral<\/a><\/strong><\/li>\n<\/ul>\n<p style=\"text-align: justify;\">Il \u00e9tait sans doute favori au vu de sa d\u00e9monstration r\u00e9cente sur le Tour de Hongrie, et il a tenu son rang. <strong>Thibau Nys<\/strong> (Lidl &#8211; Trek) a dispos\u00e9 de ses principaux rivaux dans la derni\u00e8re bosse, id\u00e9alement emmen\u00e9 par un <strong>Mathias Vacek<\/strong> toujours aussi fort lui aussi. Les deux hommes ont fait la diff\u00e9rence dans la partie la plus pentue \u00e0 1 km de l&rsquo;arriv\u00e9e. Sur des pentes \u00e0 12%, ils ont d\u00e9coll\u00e9 tous leurs adversaires de leurs roues, avant que le Belge ne termine le travail en solitaire. Il devance finalement de 4 secondes le Norv\u00e9gien <strong>Adne Holter<\/strong> (Uno-X Mobility) et le Fran\u00e7ais <strong>Axel Laurance<\/strong> (Alpecin &#8211; Deceuninck).<\/p>\n<blockquote class=\"twitter-tweet\">\n<p dir=\"ltr\" lang=\"fr\">Thibau Nys (Lidl-Trek) remporte la premi\u00e8re \u00e9tape du <a href=\"https:\/\/twitter.com\/hashtag\/TourofNorway?src=hash&amp;ref_src=twsrc%5Etfw\">#TourofNorway<\/a> ! Le Belge (21 ans) compte d\u00e9j\u00e0 5 succ\u00e8s cette saison. Adne Holter (Uno-X) est 2e, Axel Laurance (Alpecin-Deceuninck) 3e.<\/p>\n<p>Pour son retour \u00e0 la comp\u00e9tition, Wout Van Aert s&rsquo;est \u00e9cart\u00e9 \u00e0 2km dans la mont\u00e9e finale. <a href=\"https:\/\/t.co\/C6hqI3ayYd\">pic.twitter.com\/C6hqI3ayYd<\/a><\/p>\n<p>\u2014 Le Gruppetto (@LeGruppetto) <a href=\"https:\/\/twitter.com\/LeGruppetto\/status\/1793670666064965790?ref_src=twsrc%5Etfw\">May 23, 2024<\/a><\/p><\/blockquote>\n<p><script async src=\"https:\/\/platform.twitter.com\/widgets.js\" charset=\"utf-8\"><\/script><\/p>\n<h2 style=\"text-align: justify;\">L&rsquo;\u00e9chapp\u00e9e pas loin du compte<\/h2>\n<p style=\"text-align: justify;\">Malgr\u00e9 une faible avance maximale de deux minutes, les six membres de l&rsquo;\u00e9chapp\u00e9e ont tenu la drag\u00e9e haute au peloton. Emmen\u00e9 par un <strong>Lennert Teugels<\/strong> (Bingoal WB) tr\u00e8s costaud et un <strong>Andreas Stockman<\/strong> (TDT Unibet Cycling Team) pas avare de ses efforts, ils n&rsquo;ont \u00e9t\u00e9 repris qu&rsquo;au pied de la derni\u00e8re difficult\u00e9 \u00e0 3 km de l&rsquo;arriv\u00e9e. Le local <strong>Eirik Vang Aas<\/strong>, qui court pour l&rsquo;\u00e9quipe nationale de Norv\u00e8ge, endossera le maillot \u00e0 pois demain.<\/p>\n<p style=\"text-align: justify;\">Quant \u00e0 <strong>Thibau Nys<\/strong>, il faudra voir s&rsquo;il peut r\u00e9sister aux meilleurs grimpeurs demain \u00e0 Gullingen lors de l&rsquo;\u00e9tape reine. La derni\u00e8re ascension est longue de 5,5 km et surtout poss\u00e8de un pourcentage moyen de 8,8%.<\/p>\n","protected":false},"excerpt":{"rendered":"<p>TOUR DE NORV\u00c8GE 2024 &#8211; Dans une arriv\u00e9e taill\u00e9e pour les puncheurs, le Belge Thibau Nys (Lidl-Trek) s&rsquo;impose ais\u00e9ment et s&#8217;empare du premier maillot jaune de leader.<\/p>\n","protected":false},"author":92,"featured_media":484707,"comment_status":"open","ping_status":"closed","sticky":false,"template":"","format":"standard","meta":{"_acf_changed":false,"_daextam_enable_autolinks":"1","footnotes":""},"categories":[46994],"tags":[16878,32405,37428],"class_list":["post-487460","post","type-post","status-publish","format-standard","has-post-thumbnail","hentry","category-cyclisme-sur-route","tag-breve","tag-lidl-trek","tag-thibau-nys"],"acf":[],"yoast_head":"<!-- This site is optimized with the Yoast SEO Premium plugin v26.7 (Yoast SEO v26.7) - https:\/\/yoast.com\/wordpress\/plugins\/seo\/ -->\n<title>Tour de Norv\u00e8ge 2024 : La premi\u00e8re \u00e9tape pour Thibau Nys<\/title>\n<meta name=\"description\" content=\"TOUR DE NORV\u00c8GE 2024 - Dans une arriv\u00e9e taill\u00e9e pour les puncheurs, le Belge Thibau Nys (Lidl-Trek) s&#039;impose ais\u00e9ment et s&#039;empare du premier maillot jaune de leader.\" \/>\n<meta name=\"robots\" content=\"index, follow, max-snippet:-1, max-image-preview:large, max-video-preview:-1\" \/>\n<link rel=\"canonical\" href=\"https:\/\/dicodusport.fr\/blog\/tour-de-norvege-2024-la-premiere-etape-pour-thibau-nys\/\" \/>\n<meta property=\"og:locale\" content=\"fr_FR\" \/>\n<meta property=\"og:type\" content=\"article\" \/>\n<meta property=\"og:title\" content=\"Tour de Norv\u00e8ge 2024 : La premi\u00e8re \u00e9tape pour Thibau Nys\" \/>\n<meta property=\"og:description\" content=\"TOUR DE NORV\u00c8GE 2024 - Dans une arriv\u00e9e taill\u00e9e pour les puncheurs, le Belge Thibau Nys (Lidl-Trek) s&#039;impose ais\u00e9ment et s&#039;empare du premier maillot jaune de leader.\" \/>\n<meta property=\"og:url\" content=\"https:\/\/dicodusport.fr\/blog\/tour-de-norvege-2024-la-premiere-etape-pour-thibau-nys\/\" \/>\n<meta property=\"og:site_name\" content=\"Dicodusport\" \/>\n<meta property=\"article:publisher\" content=\"https:\/\/www.facebook.com\/dicodusport\" \/>\n<meta property=\"article:published_time\" content=\"2024-05-23T15:53:48+00:00\" \/>\n<meta property=\"article:modified_time\" content=\"2024-05-23T16:28:39+00:00\" \/>\n<meta property=\"og:image\" content=\"https:\/\/dicodusport.fr\/blog\/wp-content\/uploads\/2024\/05\/Tour-de-Hongrie-2024-Thibau-Nys-fait-coup-double-sur-la-3e-etapea-Marseille-Les-notes-de-lOM.png\" \/>\n\t<meta property=\"og:image:width\" content=\"1200\" \/>\n\t<meta property=\"og:image:height\" content=\"674\" \/>\n\t<meta property=\"og:image:type\" content=\"image\/png\" \/>\n<meta name=\"author\" content=\"Olivier Dobiezynski\" \/>\n<meta name=\"twitter:card\" content=\"summary_large_image\" \/>\n<meta name=\"twitter:title\" content=\"Tour de Norv\u00e8ge 2024 : La premi\u00e8re \u00e9tape pour Thibau Nys\" \/>\n<meta name=\"twitter:creator\" content=\"@https:\/\/x.com\/Olivier_Matros\" \/>\n<meta name=\"twitter:site\" content=\"@dicodusport\" \/>\n<script type=\"application\/ld+json\" class=\"yoast-schema-graph\">{\"@context\":\"https:\/\/schema.org\",\"@graph\":[{\"@type\":\"NewsArticle\",\"@id\":\"https:\/\/dicodusport.fr\/blog\/tour-de-norvege-2024-la-premiere-etape-pour-thibau-nys\/#article\",\"isPartOf\":{\"@id\":\"https:\/\/dicodusport.fr\/blog\/tour-de-norvege-2024-la-premiere-etape-pour-thibau-nys\/\"},\"author\":{\"name\":\"Olivier Dobiezynski\",\"@id\":\"https:\/\/dicodusport.fr\/blog\/#\/schema\/person\/fe500246414ca17ddf0c0312d7a792cc\"},\"headline\":\"Tour de Norv\u00e8ge 2024 : La premi\u00e8re \u00e9tape pour Thibau Nys\",\"datePublished\":\"2024-05-23T15:53:48+00:00\",\"dateModified\":\"2024-05-23T16:28:39+00:00\",\"mainEntityOfPage\":{\"@id\":\"https:\/\/dicodusport.fr\/blog\/tour-de-norvege-2024-la-premiere-etape-pour-thibau-nys\/\"},\"wordCount\":365,\"commentCount\":0,\"publisher\":{\"@id\":\"https:\/\/dicodusport.fr\/blog\/#organization\"},\"image\":{\"@id\":\"https:\/\/dicodusport.fr\/blog\/tour-de-norvege-2024-la-premiere-etape-pour-thibau-nys\/#primaryimage\"},\"thumbnailUrl\":\"https:\/\/dicodusport.fr\/blog\/wp-content\/uploads\/2024\/05\/Tour-de-Hongrie-2024-Thibau-Nys-fait-coup-double-sur-la-3e-etapea-Marseille-Les-notes-de-lOM.png\",\"keywords\":[\"br\u00e8ve\",\"Lidl-Trek\",\"Thibau Nys\"],\"articleSection\":[\"Cyclisme sur route\"],\"inLanguage\":\"fr-FR\",\"potentialAction\":[{\"@type\":\"CommentAction\",\"name\":\"Comment\",\"target\":[\"https:\/\/dicodusport.fr\/blog\/tour-de-norvege-2024-la-premiere-etape-pour-thibau-nys\/#respond\"]}],\"copyrightYear\":\"2024\",\"copyrightHolder\":{\"@id\":\"https:\/\/dicodusport.fr\/blog\/#organization\"}},{\"@type\":\"WebPage\",\"@id\":\"https:\/\/dicodusport.fr\/blog\/tour-de-norvege-2024-la-premiere-etape-pour-thibau-nys\/\",\"url\":\"https:\/\/dicodusport.fr\/blog\/tour-de-norvege-2024-la-premiere-etape-pour-thibau-nys\/\",\"name\":\"Tour de Norv\u00e8ge 2024 : La premi\u00e8re \u00e9tape pour Thibau Nys\",\"isPartOf\":{\"@id\":\"https:\/\/dicodusport.fr\/blog\/#website\"},\"primaryImageOfPage\":{\"@id\":\"https:\/\/dicodusport.fr\/blog\/tour-de-norvege-2024-la-premiere-etape-pour-thibau-nys\/#primaryimage\"},\"image\":{\"@id\":\"https:\/\/dicodusport.fr\/blog\/tour-de-norvege-2024-la-premiere-etape-pour-thibau-nys\/#primaryimage\"},\"thumbnailUrl\":\"https:\/\/dicodusport.fr\/blog\/wp-content\/uploads\/2024\/05\/Tour-de-Hongrie-2024-Thibau-Nys-fait-coup-double-sur-la-3e-etapea-Marseille-Les-notes-de-lOM.png\",\"datePublished\":\"2024-05-23T15:53:48+00:00\",\"dateModified\":\"2024-05-23T16:28:39+00:00\",\"description\":\"TOUR DE NORV\u00c8GE 2024 - Dans une arriv\u00e9e taill\u00e9e pour les puncheurs, le Belge Thibau Nys (Lidl-Trek) s'impose ais\u00e9ment et s'empare du premier maillot jaune de leader.\",\"breadcrumb\":{\"@id\":\"https:\/\/dicodusport.fr\/blog\/tour-de-norvege-2024-la-premiere-etape-pour-thibau-nys\/#breadcrumb\"},\"inLanguage\":\"fr-FR\",\"potentialAction\":[{\"@type\":\"ReadAction\",\"target\":[\"https:\/\/dicodusport.fr\/blog\/tour-de-norvege-2024-la-premiere-etape-pour-thibau-nys\/\"]}]},{\"@type\":\"ImageObject\",\"inLanguage\":\"fr-FR\",\"@id\":\"https:\/\/dicodusport.fr\/blog\/tour-de-norvege-2024-la-premiere-etape-pour-thibau-nys\/#primaryimage\",\"url\":\"https:\/\/dicodusport.fr\/blog\/wp-content\/uploads\/2024\/05\/Tour-de-Hongrie-2024-Thibau-Nys-fait-coup-double-sur-la-3e-etapea-Marseille-Les-notes-de-lOM.png\",\"contentUrl\":\"https:\/\/dicodusport.fr\/blog\/wp-content\/uploads\/2024\/05\/Tour-de-Hongrie-2024-Thibau-Nys-fait-coup-double-sur-la-3e-etapea-Marseille-Les-notes-de-lOM.png\",\"width\":1200,\"height\":674,\"caption\":\"Tour de Hongrie 2024 : Thibau Nys fait coup double sur la 3e \u00e9tape\"},{\"@type\":\"BreadcrumbList\",\"@id\":\"https:\/\/dicodusport.fr\/blog\/tour-de-norvege-2024-la-premiere-etape-pour-thibau-nys\/#breadcrumb\",\"itemListElement\":[{\"@type\":\"ListItem\",\"position\":1,\"name\":\"Accueil\",\"item\":\"https:\/\/dicodusport.fr\/blog\/\"},{\"@type\":\"ListItem\",\"position\":2,\"name\":\"Tour de Norv\u00e8ge 2024 : La premi\u00e8re \u00e9tape pour Thibau Nys\"}]},{\"@type\":\"WebSite\",\"@id\":\"https:\/\/dicodusport.fr\/blog\/#website\",\"url\":\"https:\/\/dicodusport.fr\/blog\/\",\"name\":\"Dicodusport\",\"description\":\"L&#039;encyclop\u00e9die de l&#039;actualit\u00e9 sportive\",\"publisher\":{\"@id\":\"https:\/\/dicodusport.fr\/blog\/#organization\"},\"potentialAction\":[{\"@type\":\"SearchAction\",\"target\":{\"@type\":\"EntryPoint\",\"urlTemplate\":\"https:\/\/dicodusport.fr\/blog\/?s={search_term_string}\"},\"query-input\":{\"@type\":\"PropertyValueSpecification\",\"valueRequired\":true,\"valueName\":\"search_term_string\"}}],\"inLanguage\":\"fr-FR\"},{\"@type\":\"NewsMediaOrganization\",\"@id\":\"https:\/\/dicodusport.fr\/blog\/#organization\",\"name\":\"Dicodusport\",\"url\":\"https:\/\/dicodusport.fr\/blog\/\",\"logo\":{\"@type\":\"ImageObject\",\"inLanguage\":\"fr-FR\",\"@id\":\"https:\/\/dicodusport.fr\/blog\/#\/schema\/logo\/image\/\",\"url\":\"https:\/\/dicodusport.fr\/blog\/wp-content\/uploads\/2020\/06\/cropped-LOGO-DICODUSPORT-2020-SANS-FOND-SANS-TEXTE.png\",\"contentUrl\":\"https:\/\/dicodusport.fr\/blog\/wp-content\/uploads\/2020\/06\/cropped-LOGO-DICODUSPORT-2020-SANS-FOND-SANS-TEXTE.png\",\"width\":512,\"height\":512,\"caption\":\"Dicodusport\"},\"image\":{\"@id\":\"https:\/\/dicodusport.fr\/blog\/#\/schema\/logo\/image\/\"},\"sameAs\":[\"https:\/\/www.facebook.com\/dicodusport\",\"https:\/\/x.com\/dicodusport\",\"https:\/\/www.instagram.com\/dicodusport\/\",\"https:\/\/www.youtube.com\/channel\/UC7V2KZ5sd3htJivAbA4ZG3w\"],\"description\":\"Dicodusport est l'encyclop\u00e9die de l'actualit\u00e9 sportive.\",\"email\":\"bonjour@dicodusport.fr\",\"legalName\":\"DICODUSPORT\",\"foundingDate\":\"2018-01-14\",\"vatID\":\"FR71834470973\",\"taxID\":\"83447097300043\",\"numberOfEmployees\":{\"@type\":\"QuantitativeValue\",\"minValue\":\"1\",\"maxValue\":\"10\"}},{\"@type\":\"Person\",\"@id\":\"https:\/\/dicodusport.fr\/blog\/#\/schema\/person\/fe500246414ca17ddf0c0312d7a792cc\",\"name\":\"Olivier Dobiezynski\",\"image\":{\"@type\":\"ImageObject\",\"inLanguage\":\"fr-FR\",\"@id\":\"https:\/\/dicodusport.fr\/blog\/#\/schema\/person\/image\/\",\"url\":\"https:\/\/dicodusport.fr\/blog\/wp-content\/uploads\/2024\/09\/5be8fe8d-9962-4f1e-ad06-d6f9dee30e6d-150x150.jpg\",\"contentUrl\":\"https:\/\/dicodusport.fr\/blog\/wp-content\/uploads\/2024\/09\/5be8fe8d-9962-4f1e-ad06-d6f9dee30e6d-150x150.jpg\",\"caption\":\"Olivier Dobiezynski\"},\"description\":\"Depuis le milieu des ann\u00e9es 90, la passion du cyclisme m'anime. Mes h\u00e9ros s'appellent Luc Leblanc, Piotr Ugrumov, Paolo Savoldelli, Peter Sagan et bien \u00e9videmment Romain Bardet. R\u00e9dacteur depuis 2023, je suis ici pour partager cet amour de la Petite Reine. Vous pourrez me lire \u00e9galement sur du trail, du ski de fond et tout autre sujet susceptible d'\u00e9veiller ma curiosit\u00e9 sportive.\",\"sameAs\":[\"https:\/\/x.com\/https:\/\/x.com\/Olivier_Matros\"],\"url\":\"https:\/\/dicodusport.fr\/blog\/author\/olivier-gh\/\"}]}<\/script>\n<!-- \/ Yoast SEO Premium plugin. -->","yoast_head_json":{"title":"Tour de Norv\u00e8ge 2024 : La premi\u00e8re \u00e9tape pour Thibau Nys","description":"TOUR DE NORV\u00c8GE 2024 - Dans une arriv\u00e9e taill\u00e9e pour les puncheurs, le Belge Thibau Nys (Lidl-Trek) s'impose ais\u00e9ment et s'empare du premier maillot jaune de leader.","robots":{"index":"index","follow":"follow","max-snippet":"max-snippet:-1","max-image-preview":"max-image-preview:large","max-video-preview":"max-video-preview:-1"},"canonical":"https:\/\/dicodusport.fr\/blog\/tour-de-norvege-2024-la-premiere-etape-pour-thibau-nys\/","og_locale":"fr_FR","og_type":"article","og_title":"Tour de Norv\u00e8ge 2024 : La premi\u00e8re \u00e9tape pour Thibau Nys","og_description":"TOUR DE NORV\u00c8GE 2024 - Dans une arriv\u00e9e taill\u00e9e pour les puncheurs, le Belge Thibau Nys (Lidl-Trek) s'impose ais\u00e9ment et s'empare du premier maillot jaune de leader.","og_url":"https:\/\/dicodusport.fr\/blog\/tour-de-norvege-2024-la-premiere-etape-pour-thibau-nys\/","og_site_name":"Dicodusport","article_publisher":"https:\/\/www.facebook.com\/dicodusport","article_published_time":"2024-05-23T15:53:48+00:00","article_modified_time":"2024-05-23T16:28:39+00:00","og_image":[{"width":1200,"height":674,"url":"https:\/\/dicodusport.fr\/blog\/wp-content\/uploads\/2024\/05\/Tour-de-Hongrie-2024-Thibau-Nys-fait-coup-double-sur-la-3e-etapea-Marseille-Les-notes-de-lOM.png","type":"image\/png"}],"author":"Olivier Dobiezynski","twitter_card":"summary_large_image","twitter_title":"Tour de Norv\u00e8ge 2024 : La premi\u00e8re \u00e9tape pour Thibau Nys","twitter_creator":"@https:\/\/x.com\/Olivier_Matros","twitter_site":"@dicodusport","schema":{"@context":"https:\/\/schema.org","@graph":[{"@type":"NewsArticle","@id":"https:\/\/dicodusport.fr\/blog\/tour-de-norvege-2024-la-premiere-etape-pour-thibau-nys\/#article","isPartOf":{"@id":"https:\/\/dicodusport.fr\/blog\/tour-de-norvege-2024-la-premiere-etape-pour-thibau-nys\/"},"author":{"name":"Olivier Dobiezynski","@id":"https:\/\/dicodusport.fr\/blog\/#\/schema\/person\/fe500246414ca17ddf0c0312d7a792cc"},"headline":"Tour de Norv\u00e8ge 2024 : La premi\u00e8re \u00e9tape pour Thibau Nys","datePublished":"2024-05-23T15:53:48+00:00","dateModified":"2024-05-23T16:28:39+00:00","mainEntityOfPage":{"@id":"https:\/\/dicodusport.fr\/blog\/tour-de-norvege-2024-la-premiere-etape-pour-thibau-nys\/"},"wordCount":365,"commentCount":0,"publisher":{"@id":"https:\/\/dicodusport.fr\/blog\/#organization"},"image":{"@id":"https:\/\/dicodusport.fr\/blog\/tour-de-norvege-2024-la-premiere-etape-pour-thibau-nys\/#primaryimage"},"thumbnailUrl":"https:\/\/dicodusport.fr\/blog\/wp-content\/uploads\/2024\/05\/Tour-de-Hongrie-2024-Thibau-Nys-fait-coup-double-sur-la-3e-etapea-Marseille-Les-notes-de-lOM.png","keywords":["br\u00e8ve","Lidl-Trek","Thibau Nys"],"articleSection":["Cyclisme sur route"],"inLanguage":"fr-FR","potentialAction":[{"@type":"CommentAction","name":"Comment","target":["https:\/\/dicodusport.fr\/blog\/tour-de-norvege-2024-la-premiere-etape-pour-thibau-nys\/#respond"]}],"copyrightYear":"2024","copyrightHolder":{"@id":"https:\/\/dicodusport.fr\/blog\/#organization"}},{"@type":"WebPage","@id":"https:\/\/dicodusport.fr\/blog\/tour-de-norvege-2024-la-premiere-etape-pour-thibau-nys\/","url":"https:\/\/dicodusport.fr\/blog\/tour-de-norvege-2024-la-premiere-etape-pour-thibau-nys\/","name":"Tour de Norv\u00e8ge 2024 : La premi\u00e8re \u00e9tape pour Thibau Nys","isPartOf":{"@id":"https:\/\/dicodusport.fr\/blog\/#website"},"primaryImageOfPage":{"@id":"https:\/\/dicodusport.fr\/blog\/tour-de-norvege-2024-la-premiere-etape-pour-thibau-nys\/#primaryimage"},"image":{"@id":"https:\/\/dicodusport.fr\/blog\/tour-de-norvege-2024-la-premiere-etape-pour-thibau-nys\/#primaryimage"},"thumbnailUrl":"https:\/\/dicodusport.fr\/blog\/wp-content\/uploads\/2024\/05\/Tour-de-Hongrie-2024-Thibau-Nys-fait-coup-double-sur-la-3e-etapea-Marseille-Les-notes-de-lOM.png","datePublished":"2024-05-23T15:53:48+00:00","dateModified":"2024-05-23T16:28:39+00:00","description":"TOUR DE NORV\u00c8GE 2024 - Dans une arriv\u00e9e taill\u00e9e pour les puncheurs, le Belge Thibau Nys (Lidl-Trek) s'impose ais\u00e9ment et s'empare du premier maillot jaune de leader.","breadcrumb":{"@id":"https:\/\/dicodusport.fr\/blog\/tour-de-norvege-2024-la-premiere-etape-pour-thibau-nys\/#breadcrumb"},"inLanguage":"fr-FR","potentialAction":[{"@type":"ReadAction","target":["https:\/\/dicodusport.fr\/blog\/tour-de-norvege-2024-la-premiere-etape-pour-thibau-nys\/"]}]},{"@type":"ImageObject","inLanguage":"fr-FR","@id":"https:\/\/dicodusport.fr\/blog\/tour-de-norvege-2024-la-premiere-etape-pour-thibau-nys\/#primaryimage","url":"https:\/\/dicodusport.fr\/blog\/wp-content\/uploads\/2024\/05\/Tour-de-Hongrie-2024-Thibau-Nys-fait-coup-double-sur-la-3e-etapea-Marseille-Les-notes-de-lOM.png","contentUrl":"https:\/\/dicodusport.fr\/blog\/wp-content\/uploads\/2024\/05\/Tour-de-Hongrie-2024-Thibau-Nys-fait-coup-double-sur-la-3e-etapea-Marseille-Les-notes-de-lOM.png","width":1200,"height":674,"caption":"Tour de Hongrie 2024 : Thibau Nys fait coup double sur la 3e \u00e9tape"},{"@type":"BreadcrumbList","@id":"https:\/\/dicodusport.fr\/blog\/tour-de-norvege-2024-la-premiere-etape-pour-thibau-nys\/#breadcrumb","itemListElement":[{"@type":"ListItem","position":1,"name":"Accueil","item":"https:\/\/dicodusport.fr\/blog\/"},{"@type":"ListItem","position":2,"name":"Tour de Norv\u00e8ge 2024 : La premi\u00e8re \u00e9tape pour Thibau Nys"}]},{"@type":"WebSite","@id":"https:\/\/dicodusport.fr\/blog\/#website","url":"https:\/\/dicodusport.fr\/blog\/","name":"Dicodusport","description":"L&#039;encyclop\u00e9die de l&#039;actualit\u00e9 sportive","publisher":{"@id":"https:\/\/dicodusport.fr\/blog\/#organization"},"potentialAction":[{"@type":"SearchAction","target":{"@type":"EntryPoint","urlTemplate":"https:\/\/dicodusport.fr\/blog\/?s={search_term_string}"},"query-input":{"@type":"PropertyValueSpecification","valueRequired":true,"valueName":"search_term_string"}}],"inLanguage":"fr-FR"},{"@type":"NewsMediaOrganization","@id":"https:\/\/dicodusport.fr\/blog\/#organization","name":"Dicodusport","url":"https:\/\/dicodusport.fr\/blog\/","logo":{"@type":"ImageObject","inLanguage":"fr-FR","@id":"https:\/\/dicodusport.fr\/blog\/#\/schema\/logo\/image\/","url":"https:\/\/dicodusport.fr\/blog\/wp-content\/uploads\/2020\/06\/cropped-LOGO-DICODUSPORT-2020-SANS-FOND-SANS-TEXTE.png","contentUrl":"https:\/\/dicodusport.fr\/blog\/wp-content\/uploads\/2020\/06\/cropped-LOGO-DICODUSPORT-2020-SANS-FOND-SANS-TEXTE.png","width":512,"height":512,"caption":"Dicodusport"},"image":{"@id":"https:\/\/dicodusport.fr\/blog\/#\/schema\/logo\/image\/"},"sameAs":["https:\/\/www.facebook.com\/dicodusport","https:\/\/x.com\/dicodusport","https:\/\/www.instagram.com\/dicodusport\/","https:\/\/www.youtube.com\/channel\/UC7V2KZ5sd3htJivAbA4ZG3w"],"description":"Dicodusport est l'encyclop\u00e9die de l'actualit\u00e9 sportive.","email":"bonjour@dicodusport.fr","legalName":"DICODUSPORT","foundingDate":"2018-01-14","vatID":"FR71834470973","taxID":"83447097300043","numberOfEmployees":{"@type":"QuantitativeValue","minValue":"1","maxValue":"10"}},{"@type":"Person","@id":"https:\/\/dicodusport.fr\/blog\/#\/schema\/person\/fe500246414ca17ddf0c0312d7a792cc","name":"Olivier Dobiezynski","image":{"@type":"ImageObject","inLanguage":"fr-FR","@id":"https:\/\/dicodusport.fr\/blog\/#\/schema\/person\/image\/","url":"https:\/\/dicodusport.fr\/blog\/wp-content\/uploads\/2024\/09\/5be8fe8d-9962-4f1e-ad06-d6f9dee30e6d-150x150.jpg","contentUrl":"https:\/\/dicodusport.fr\/blog\/wp-content\/uploads\/2024\/09\/5be8fe8d-9962-4f1e-ad06-d6f9dee30e6d-150x150.jpg","caption":"Olivier Dobiezynski"},"description":"Depuis le milieu des ann\u00e9es 90, la passion du cyclisme m'anime. Mes h\u00e9ros s'appellent Luc Leblanc, Piotr Ugrumov, Paolo Savoldelli, Peter Sagan et bien \u00e9videmment Romain Bardet. R\u00e9dacteur depuis 2023, je suis ici pour partager cet amour de la Petite Reine. Vous pourrez me lire \u00e9galement sur du trail, du ski de fond et tout autre sujet susceptible d'\u00e9veiller ma curiosit\u00e9 sportive.","sameAs":["https:\/\/x.com\/https:\/\/x.com\/Olivier_Matros"],"url":"https:\/\/dicodusport.fr\/blog\/author\/olivier-gh\/"}]}},"_links":{"self":[{"href":"https:\/\/dicodusport.fr\/blog\/wp-json\/wp\/v2\/posts\/487460","targetHints":{"allow":["GET"]}}],"collection":[{"href":"https:\/\/dicodusport.fr\/blog\/wp-json\/wp\/v2\/posts"}],"about":[{"href":"https:\/\/dicodusport.fr\/blog\/wp-json\/wp\/v2\/types\/post"}],"author":[{"embeddable":true,"href":"https:\/\/dicodusport.fr\/blog\/wp-json\/wp\/v2\/users\/92"}],"replies":[{"embeddable":true,"href":"https:\/\/dicodusport.fr\/blog\/wp-json\/wp\/v2\/comments?post=487460"}],"version-history":[{"count":5,"href":"https:\/\/dicodusport.fr\/blog\/wp-json\/wp\/v2\/posts\/487460\/revisions"}],"predecessor-version":[{"id":487488,"href":"https:\/\/dicodusport.fr\/blog\/wp-json\/wp\/v2\/posts\/487460\/revisions\/487488"}],"wp:featuredmedia":[{"embeddable":true,"href":"https:\/\/dicodusport.fr\/blog\/wp-json\/wp\/v2\/media\/484707"}],"wp:attachment":[{"href":"https:\/\/dicodusport.fr\/blog\/wp-json\/wp\/v2\/media?parent=487460"}],"wp:term":[{"taxonomy":"category","embeddable":true,"href":"https:\/\/dicodusport.fr\/blog\/wp-json\/wp\/v2\/categories?post=487460"},{"taxonomy":"post_tag","embeddable":true,"href":"https:\/\/dicodusport.fr\/blog\/wp-json\/wp\/v2\/tags?post=487460"}],"curies":[{"name":"wp","href":"https:\/\/api.w.org\/{rel}","templated":true}]}}