{"id":487692,"date":"2024-06-03T18:08:48","date_gmt":"2024-06-03T16:08:48","guid":{"rendered":"https:\/\/dicodusport.fr\/blog\/?p=487692&#038;preview=true&#038;preview_id=487692"},"modified":"2024-06-08T14:05:09","modified_gmt":"2024-06-08T12:05:09","slug":"euro-2024-la-suisse-objectif-demi-finale","status":"publish","type":"post","link":"https:\/\/dicodusport.fr\/blog\/euro-2024-la-suisse-objectif-demi-finale\/","title":{"rendered":"Euro 2024 : La Suisse, objectif demi-finale ?"},"content":{"rendered":"<p style=\"text-align: justify;\"><strong><em>CHAMPIONNAT D&rsquo;EUROPE DE FOOTBALL 2024 &#8211; Avant le d\u00e9but de la comp\u00e9tition, Dicodusport vous pr\u00e9sente les 24 \u00e9quipes engag\u00e9es. La Suisse, \u00e9limin\u00e9e en huiti\u00e8me de finale lors de l\u2019Euro 2016, puis en quart de finale en 2021, est engag\u00e9e dans le groupe A. R\u00e9ussira-t-elle \u00e0 aller, encore une fois, un tour plus loin cette ann\u00e9e ?<\/em><\/strong><\/p>\n<ul>\n<li style=\"text-align: justify;\"><strong>\u00c0 ce sujet \u2013\u00a0<a href=\"https:\/\/dicodusport.fr\/blog\/euro-2024-de-football-calendrier-et-resultats\/\">Euro 2024 de Football : Calendrier et r\u00e9sultats<\/a><\/strong><\/li>\n<\/ul>\n<h2 style=\"text-align: justify;\">Historique de la Suisse au Championnat d&rsquo;Europe<\/h2>\n<p style=\"text-align: justify;\"><strong>Non qualifi\u00e9s<\/strong> sur toutes les \u00e9ditions jusqu&rsquo;\u00e0 l&rsquo;\u00e9dition 2016 en France &#8211; hormis <strong>trois premiers tours<\/strong> en Angleterre en 1996, au Portugal en 2004 et chez elle en 2008 &#8211; les <strong>Suisses<\/strong> r\u00e9alisent depuis deux \u00e9ditions un beau parcours. En 2016, les <strong>Helv\u00e8tes<\/strong> avaient \u00e9t\u00e9 \u00e9limin\u00e9s en <strong>huiti\u00e8mes de finale<\/strong> par la Pologne ; et en 2021, ils \u00e9taient all\u00e9s jusqu&rsquo;en <strong>quarts de finale<\/strong>, \u00e9limin\u00e9s par l&rsquo;Espagne. En huiti\u00e8me de finale, ils avaient alors \u00e9limin\u00e9 l&rsquo;\u00e9quipe de France, championne du monde en titre et grande favorite au titre final.<\/p>\n<h2 style=\"text-align: justify;\">Parcours en qualifications<\/h2>\n<p style=\"text-align: justify;\">La <strong>Suisse<\/strong> s&rsquo;est qualifi\u00e9e le<strong> 18 novembre 2023<\/strong> en terminant deuxi\u00e8me de son groupe I des \u00e9liminatoires derri\u00e8re la Roumanie.<\/p>\n<p style=\"text-align: justify;\">25 mars 2023 : Bi\u00e9lorussie-Suisse (0-5)<\/p>\n<p style=\"text-align: justify;\">28 mars 2023 : Suisse-Isra\u00ebl (3-0)<\/p>\n<p style=\"text-align: justify;\">16 juin 2023 : Andorre-Suisse (1-2)<\/p>\n<p style=\"text-align: justify;\">19 juin 2023 : Suisse-Roumanie (2-2)<\/p>\n<p style=\"text-align: justify;\">12 septembre 2023 : Suisse-Andorre (3-0)<\/p>\n<p style=\"text-align: justify;\">15 octobre 2023 : Suisse-Bi\u00e9lorusse (3-3)<\/p>\n<p style=\"text-align: justify;\">15 novembre 2023 : Isra\u00ebl-Suisse (1-1)<\/p>\n<p style=\"text-align: justify;\">18 novembre 2023 : Suisse-Kosovo (1-1)<\/p>\n<p style=\"text-align: justify;\">21 novembre 2023 : Roumanie-Suisse (1-0)<\/p>\n<h2 style=\"text-align: justify;\">Groupe et XI type de la Suisse<\/h2>\n<p style=\"text-align: justify;\">Murat Yakin a s\u00e9lectionn\u00e9 26 joueurs.<\/p>\n<h3 style=\"text-align: justify;\">Gardiens<\/h3>\n<p style=\"text-align: justify;\">Gregor Kobel (Borussia Dortmund) &#8211; Yvon Mvogo (Lorient) &#8211; Yann Sommer (Inter Milan).<\/p>\n<h3 style=\"text-align: justify;\">D\u00e9fenseurs<\/h3>\n<p style=\"text-align: justify;\">Manuel Akanji (Manchester City) &#8211; Nico Elvedi (Borussia M\u00f6nchengladbach) &#8211; Ricardo Rodriguez (Torino) &#8211; Fabian Sch\u00e4r (Newcastle United) &#8211; Leonidas Stergiou (VfB Stuttgart) &#8211; Silvan Widmer (Mainz 05) &#8211; C\u00e9dric Zesiger (VfL Wolfsburg).<\/p>\n<h3 style=\"text-align: justify;\">Milieux<\/h3>\n<p style=\"text-align: justify;\">Michel Aebischer (Bologne) &#8211; Remo Freuler (Bologne) &#8211; Ardon Jashari (Lucerne) &#8211; Fabian Rieder (Stade rennais) &#8211; Xherdan Shaqiri (Chicago Fire) &#8211; Vincent Sierro (Toulouse) &#8211; Renato Steffen (Lugano) &#8211; Ruben Vargas (FC Augsburg) &#8211; Granit Xhaka (Bayer Leverkusen) &#8211; Denis Zakaria (AS Monaco) &#8211; Steven Zuber (AEK Ath\u00e8nes).<\/p>\n<h3 style=\"text-align: justify;\">Attaquants<\/h3>\n<p class=\"p1\" style=\"text-align: justify;\">Zeki Amdouni (Burnley) &#8211; Kwadwo Duah (Ludogorets) &#8211; Breel Embolo (AS Monaco) &#8211; Dan Ndoye (Bologne) &#8211; Noah Okafor (Milan).<\/p>\n<blockquote class=\"twitter-tweet\">\n<p dir=\"ltr\" lang=\"ca\">Unsere Spieler f\u00fcr das Pre-Camp. Das definitive EM-Kader wird am 7.6 bekanntgegeben<\/p>\n<p>Nos joueurs pour le Pr\u00e9-Camp. La s\u00e9lection d\u00e9finitive pour l&rsquo;Euro sera annonc\u00e9e le 7.6<\/p>\n<p>I nostri giocatori per il Pre-Camp. La rosa definitiva per l&rsquo;Europeo verr\u00e0 annunciata il 7.6 <a href=\"https:\/\/t.co\/Vah3PJcw5o\">pic.twitter.com\/Vah3PJcw5o<\/a><\/p>\n<p>\u2014 \ud83c\udde8\ud83c\udded Nati (@nati_sfv_asf) <a href=\"https:\/\/twitter.com\/nati_sfv_asf\/status\/1791396648616141245?ref_src=twsrc%5Etfw\">May 17, 2024<\/a><\/p><\/blockquote>\n<p><script async src=\"https:\/\/platform.twitter.com\/widgets.js\" charset=\"utf-8\"><\/script><\/p>\n<h3 style=\"text-align: justify;\">XI type de la Suisse<\/h3>\n<p style=\"text-align: justify;\">Sommer ; Akanji, Elvedi, Rodriguez ; Xhaka, Freuler, Vargas, Ndoye ; Shaqiri, Amdouni, Okafor.<\/p>\n<h2 style=\"text-align: justify;\">Les joueurs \u00e0 suivre<\/h2>\n<p style=\"text-align: justify;\">Deux joueurs sont notamment \u00e0 suivre dans l&rsquo;\u00e9quipe suisse. \u00c0 commencer par le gardien <strong>Yann Sommer<\/strong>. Le <strong>portier de l&rsquo;Inter Milan<\/strong> a \u00e9t\u00e9 un acteur majeur du titre des<strong>\u00a0Nerazzurri<\/strong> en Serie A cette saison ainsi que lors de l&rsquo;Euro 2020 o\u00f9 il avait arr\u00eat\u00e9 le tir au but de <strong>Kylian Mbapp\u00e9<\/strong> et \u00e9limin\u00e9 les Bleus.<\/p>\n<p style=\"text-align: justify;\"><strong>Granit Xhaka<\/strong> est le second joueur majeur du groupe. Le <strong>capitaine de l&rsquo;\u00e9quipe helv\u00e8te<\/strong> sort d&rsquo;une saison record avec le <strong>Bayer<\/strong> <strong>Leverkusen<\/strong>, champion d&rsquo;Allemagne invaincu et 51 matchs cons\u00e9cutifs sans d\u00e9faite toutes comp\u00e9titions confondues.<\/p>\n<h2 style=\"text-align: justify;\">Calendrier du premier tour<\/h2>\n<p style=\"text-align: justify;\">15 juin 2024 : <a href=\"https:\/\/dicodusport.fr\/blog\/euro-2024-enfin-le-retour-de-la-gloire-dantan-pour-la-hongrie\/\">Hongrie<\/a>-Suisse (15 heures, Stade de Cologne, BeIN Sports)<\/p>\n<p style=\"text-align: justify;\">19 juin 2024 : <a href=\"https:\/\/dicodusport.fr\/blog\/euro-2024-lecosse-un-outsider-affirme\/\">\u00c9cosse<\/a>-Suisse (21 heures, Stade de Cologne, BeIN Sports)<\/p>\n<p style=\"text-align: justify;\">23 juin 2024 : Suisse-<a href=\"https:\/\/dicodusport.fr\/blog\/euro-2024-a-domicile-lallemagne-va-devoir-sortir-le-grand-jeu\/\">Allemagne<\/a> (21 heures, Stuttgart Arena, M6)<\/p>\n<h2 style=\"text-align: justify;\">Pronostic<\/h2>\n<p style=\"text-align: justify;\">La <strong>Suisse<\/strong> est dans un groupe relev\u00e9 avec la pr\u00e9sence de l&rsquo;<strong>Allemagne<\/strong>. Elle peut sortir de ce <strong>groupe A<\/strong> en deuxi\u00e8me place et affronterait alors le deuxi\u00e8me du groupe B compos\u00e9 de l&rsquo;Espagne, l&rsquo;Italie, la Croatie et l&rsquo;Albanie.<\/p>\n","protected":false},"excerpt":{"rendered":"<p>Pr\u00e9sentation de la Suisse avant le d\u00e9but de l&rsquo;Euro 2024, qui se d\u00e9roulera en Allemagne du 14 juin au 14 juillet.<\/p>\n","protected":false},"author":80,"featured_media":490172,"comment_status":"open","ping_status":"closed","sticky":false,"template":"","format":"standard","meta":{"_acf_changed":false,"_daextam_enable_autolinks":"1","footnotes":""},"categories":[47044],"tags":[16878,334],"class_list":["post-487692","post","type-post","status-publish","format-standard","has-post-thumbnail","hentry","category-euro-de-football","tag-breve","tag-suisse"],"acf":[],"yoast_head":"<!-- This site is optimized with the Yoast SEO Premium plugin v26.7 (Yoast SEO v26.7) - https:\/\/yoast.com\/wordpress\/plugins\/seo\/ -->\n<title>Euro 2024 : La Suisse, objectif demi-finale ?<\/title>\n<meta name=\"description\" content=\"Pr\u00e9sentation de la Suisse avant le d\u00e9but de l&#039;Euro 2024, qui se d\u00e9roulera en Allemagne du 14 juin au 14 juillet.\" \/>\n<meta name=\"robots\" content=\"index, follow, max-snippet:-1, max-image-preview:large, max-video-preview:-1\" \/>\n<link rel=\"canonical\" href=\"https:\/\/dicodusport.fr\/blog\/euro-2024-la-suisse-objectif-demi-finale\/\" \/>\n<meta property=\"og:locale\" content=\"fr_FR\" \/>\n<meta property=\"og:type\" content=\"article\" \/>\n<meta property=\"og:title\" content=\"Euro 2024 : La Suisse, objectif demi-finale ?\" \/>\n<meta property=\"og:description\" content=\"Pr\u00e9sentation de la Suisse avant le d\u00e9but de l&#039;Euro 2024, qui se d\u00e9roulera en Allemagne du 14 juin au 14 juillet.\" \/>\n<meta property=\"og:url\" content=\"https:\/\/dicodusport.fr\/blog\/euro-2024-la-suisse-objectif-demi-finale\/\" \/>\n<meta property=\"og:site_name\" content=\"Dicodusport\" \/>\n<meta property=\"article:publisher\" content=\"https:\/\/www.facebook.com\/dicodusport\" \/>\n<meta property=\"article:author\" content=\"https:\/\/www.facebook.com\/profile.php?id=100009753662352\" \/>\n<meta property=\"article:published_time\" content=\"2024-06-03T16:08:48+00:00\" \/>\n<meta property=\"article:modified_time\" content=\"2024-06-08T12:05:09+00:00\" \/>\n<meta property=\"og:image\" content=\"https:\/\/dicodusport.fr\/blog\/wp-content\/uploads\/2024\/05\/Euro-2024-La-Suisse-objectif-demi-finale.jpg\" \/>\n\t<meta property=\"og:image:width\" content=\"1200\" \/>\n\t<meta property=\"og:image:height\" content=\"674\" \/>\n\t<meta property=\"og:image:type\" content=\"image\/jpeg\" \/>\n<meta name=\"author\" content=\"Killian Tanguy\" \/>\n<meta name=\"twitter:card\" content=\"summary_large_image\" \/>\n<meta name=\"twitter:title\" content=\"Euro 2024 : La Suisse, objectif demi-finale ?\" \/>\n<meta name=\"twitter:creator\" content=\"@https:\/\/twitter.com\/sport_ktanguy\" \/>\n<meta name=\"twitter:site\" content=\"@dicodusport\" \/>\n<script type=\"application\/ld+json\" class=\"yoast-schema-graph\">{\"@context\":\"https:\/\/schema.org\",\"@graph\":[{\"@type\":\"NewsArticle\",\"@id\":\"https:\/\/dicodusport.fr\/blog\/euro-2024-la-suisse-objectif-demi-finale\/#article\",\"isPartOf\":{\"@id\":\"https:\/\/dicodusport.fr\/blog\/euro-2024-la-suisse-objectif-demi-finale\/\"},\"author\":{\"name\":\"Killian Tanguy\",\"@id\":\"https:\/\/dicodusport.fr\/blog\/#\/schema\/person\/ff2feeb71ea78ad31eeb3390ffe96b46\"},\"headline\":\"Euro 2024 : La Suisse, objectif demi-finale ?\",\"datePublished\":\"2024-06-03T16:08:48+00:00\",\"dateModified\":\"2024-06-08T12:05:09+00:00\",\"mainEntityOfPage\":{\"@id\":\"https:\/\/dicodusport.fr\/blog\/euro-2024-la-suisse-objectif-demi-finale\/\"},\"wordCount\":613,\"commentCount\":0,\"publisher\":{\"@id\":\"https:\/\/dicodusport.fr\/blog\/#organization\"},\"image\":{\"@id\":\"https:\/\/dicodusport.fr\/blog\/euro-2024-la-suisse-objectif-demi-finale\/#primaryimage\"},\"thumbnailUrl\":\"https:\/\/dicodusport.fr\/blog\/wp-content\/uploads\/2024\/05\/Euro-2024-La-Suisse-objectif-demi-finale.jpg\",\"keywords\":[\"br\u00e8ve\",\"Suisse\"],\"articleSection\":[\"Euro de football\"],\"inLanguage\":\"fr-FR\",\"potentialAction\":[{\"@type\":\"CommentAction\",\"name\":\"Comment\",\"target\":[\"https:\/\/dicodusport.fr\/blog\/euro-2024-la-suisse-objectif-demi-finale\/#respond\"]}],\"copyrightYear\":\"2024\",\"copyrightHolder\":{\"@id\":\"https:\/\/dicodusport.fr\/blog\/#organization\"}},{\"@type\":\"WebPage\",\"@id\":\"https:\/\/dicodusport.fr\/blog\/euro-2024-la-suisse-objectif-demi-finale\/\",\"url\":\"https:\/\/dicodusport.fr\/blog\/euro-2024-la-suisse-objectif-demi-finale\/\",\"name\":\"Euro 2024 : La Suisse, objectif demi-finale ?\",\"isPartOf\":{\"@id\":\"https:\/\/dicodusport.fr\/blog\/#website\"},\"primaryImageOfPage\":{\"@id\":\"https:\/\/dicodusport.fr\/blog\/euro-2024-la-suisse-objectif-demi-finale\/#primaryimage\"},\"image\":{\"@id\":\"https:\/\/dicodusport.fr\/blog\/euro-2024-la-suisse-objectif-demi-finale\/#primaryimage\"},\"thumbnailUrl\":\"https:\/\/dicodusport.fr\/blog\/wp-content\/uploads\/2024\/05\/Euro-2024-La-Suisse-objectif-demi-finale.jpg\",\"datePublished\":\"2024-06-03T16:08:48+00:00\",\"dateModified\":\"2024-06-08T12:05:09+00:00\",\"description\":\"Pr\u00e9sentation de la Suisse avant le d\u00e9but de l'Euro 2024, qui se d\u00e9roulera en Allemagne du 14 juin au 14 juillet.\",\"breadcrumb\":{\"@id\":\"https:\/\/dicodusport.fr\/blog\/euro-2024-la-suisse-objectif-demi-finale\/#breadcrumb\"},\"inLanguage\":\"fr-FR\",\"potentialAction\":[{\"@type\":\"ReadAction\",\"target\":[\"https:\/\/dicodusport.fr\/blog\/euro-2024-la-suisse-objectif-demi-finale\/\"]}]},{\"@type\":\"ImageObject\",\"inLanguage\":\"fr-FR\",\"@id\":\"https:\/\/dicodusport.fr\/blog\/euro-2024-la-suisse-objectif-demi-finale\/#primaryimage\",\"url\":\"https:\/\/dicodusport.fr\/blog\/wp-content\/uploads\/2024\/05\/Euro-2024-La-Suisse-objectif-demi-finale.jpg\",\"contentUrl\":\"https:\/\/dicodusport.fr\/blog\/wp-content\/uploads\/2024\/05\/Euro-2024-La-Suisse-objectif-demi-finale.jpg\",\"width\":1200,\"height\":674,\"caption\":\"Euro 2024 La Suisse, objectif demi-finale\"},{\"@type\":\"BreadcrumbList\",\"@id\":\"https:\/\/dicodusport.fr\/blog\/euro-2024-la-suisse-objectif-demi-finale\/#breadcrumb\",\"itemListElement\":[{\"@type\":\"ListItem\",\"position\":1,\"name\":\"Accueil\",\"item\":\"https:\/\/dicodusport.fr\/blog\/\"},{\"@type\":\"ListItem\",\"position\":2,\"name\":\"Euro 2024 : La Suisse, objectif demi-finale ?\"}]},{\"@type\":\"WebSite\",\"@id\":\"https:\/\/dicodusport.fr\/blog\/#website\",\"url\":\"https:\/\/dicodusport.fr\/blog\/\",\"name\":\"Dicodusport\",\"description\":\"L&#039;encyclop\u00e9die de l&#039;actualit\u00e9 sportive\",\"publisher\":{\"@id\":\"https:\/\/dicodusport.fr\/blog\/#organization\"},\"potentialAction\":[{\"@type\":\"SearchAction\",\"target\":{\"@type\":\"EntryPoint\",\"urlTemplate\":\"https:\/\/dicodusport.fr\/blog\/?s={search_term_string}\"},\"query-input\":{\"@type\":\"PropertyValueSpecification\",\"valueRequired\":true,\"valueName\":\"search_term_string\"}}],\"inLanguage\":\"fr-FR\"},{\"@type\":\"NewsMediaOrganization\",\"@id\":\"https:\/\/dicodusport.fr\/blog\/#organization\",\"name\":\"Dicodusport\",\"url\":\"https:\/\/dicodusport.fr\/blog\/\",\"logo\":{\"@type\":\"ImageObject\",\"inLanguage\":\"fr-FR\",\"@id\":\"https:\/\/dicodusport.fr\/blog\/#\/schema\/logo\/image\/\",\"url\":\"https:\/\/dicodusport.fr\/blog\/wp-content\/uploads\/2020\/06\/cropped-LOGO-DICODUSPORT-2020-SANS-FOND-SANS-TEXTE.png\",\"contentUrl\":\"https:\/\/dicodusport.fr\/blog\/wp-content\/uploads\/2020\/06\/cropped-LOGO-DICODUSPORT-2020-SANS-FOND-SANS-TEXTE.png\",\"width\":512,\"height\":512,\"caption\":\"Dicodusport\"},\"image\":{\"@id\":\"https:\/\/dicodusport.fr\/blog\/#\/schema\/logo\/image\/\"},\"sameAs\":[\"https:\/\/www.facebook.com\/dicodusport\",\"https:\/\/x.com\/dicodusport\",\"https:\/\/www.instagram.com\/dicodusport\/\",\"https:\/\/www.youtube.com\/channel\/UC7V2KZ5sd3htJivAbA4ZG3w\"],\"description\":\"Dicodusport est l'encyclop\u00e9die de l'actualit\u00e9 sportive.\",\"email\":\"bonjour@dicodusport.fr\",\"legalName\":\"DICODUSPORT\",\"foundingDate\":\"2018-01-14\",\"vatID\":\"FR71834470973\",\"taxID\":\"83447097300043\",\"numberOfEmployees\":{\"@type\":\"QuantitativeValue\",\"minValue\":\"1\",\"maxValue\":\"10\"}},{\"@type\":\"Person\",\"@id\":\"https:\/\/dicodusport.fr\/blog\/#\/schema\/person\/ff2feeb71ea78ad31eeb3390ffe96b46\",\"name\":\"Killian Tanguy\",\"image\":{\"@type\":\"ImageObject\",\"inLanguage\":\"fr-FR\",\"@id\":\"https:\/\/dicodusport.fr\/blog\/#\/schema\/person\/image\/\",\"url\":\"https:\/\/dicodusport.fr\/blog\/wp-content\/uploads\/2022\/12\/Killian-Tanguy-150x150.png\",\"contentUrl\":\"https:\/\/dicodusport.fr\/blog\/wp-content\/uploads\/2022\/12\/Killian-Tanguy-150x150.png\",\"caption\":\"Killian Tanguy\"},\"description\":\"Journaliste qui parle de tout et surtout de sport. Rugby, handball, sports d'hiver, football, cyclisme... Et ce que j'aime par-dessus tout : couvrir une discipline que je ne connais pas. Rien de mieux pour s'enrichir et apprendre.\",\"sameAs\":[\"https:\/\/killiantanguy.wixsite.com\/monsite\",\"https:\/\/www.facebook.com\/profile.php?id=100009753662352\",\"https:\/\/www.instagram.com\/sport.killiantanguy\/\",\"https:\/\/www.linkedin.com\/in\/killiantanguy\/\",\"https:\/\/x.com\/https:\/\/twitter.com\/sport_ktanguy\",\"https:\/\/www.youtube.com\/channel\/UCRfZkHKJL0wK7wvnJjCry-Q\"],\"url\":\"https:\/\/dicodusport.fr\/blog\/author\/killian-tanguy\/\"}]}<\/script>\n<!-- \/ Yoast SEO Premium plugin. -->","yoast_head_json":{"title":"Euro 2024 : La Suisse, objectif demi-finale ?","description":"Pr\u00e9sentation de la Suisse avant le d\u00e9but de l'Euro 2024, qui se d\u00e9roulera en Allemagne du 14 juin au 14 juillet.","robots":{"index":"index","follow":"follow","max-snippet":"max-snippet:-1","max-image-preview":"max-image-preview:large","max-video-preview":"max-video-preview:-1"},"canonical":"https:\/\/dicodusport.fr\/blog\/euro-2024-la-suisse-objectif-demi-finale\/","og_locale":"fr_FR","og_type":"article","og_title":"Euro 2024 : La Suisse, objectif demi-finale ?","og_description":"Pr\u00e9sentation de la Suisse avant le d\u00e9but de l'Euro 2024, qui se d\u00e9roulera en Allemagne du 14 juin au 14 juillet.","og_url":"https:\/\/dicodusport.fr\/blog\/euro-2024-la-suisse-objectif-demi-finale\/","og_site_name":"Dicodusport","article_publisher":"https:\/\/www.facebook.com\/dicodusport","article_author":"https:\/\/www.facebook.com\/profile.php?id=100009753662352","article_published_time":"2024-06-03T16:08:48+00:00","article_modified_time":"2024-06-08T12:05:09+00:00","og_image":[{"width":1200,"height":674,"url":"https:\/\/dicodusport.fr\/blog\/wp-content\/uploads\/2024\/05\/Euro-2024-La-Suisse-objectif-demi-finale.jpg","type":"image\/jpeg"}],"author":"Killian Tanguy","twitter_card":"summary_large_image","twitter_title":"Euro 2024 : La Suisse, objectif demi-finale ?","twitter_creator":"@https:\/\/twitter.com\/sport_ktanguy","twitter_site":"@dicodusport","schema":{"@context":"https:\/\/schema.org","@graph":[{"@type":"NewsArticle","@id":"https:\/\/dicodusport.fr\/blog\/euro-2024-la-suisse-objectif-demi-finale\/#article","isPartOf":{"@id":"https:\/\/dicodusport.fr\/blog\/euro-2024-la-suisse-objectif-demi-finale\/"},"author":{"name":"Killian Tanguy","@id":"https:\/\/dicodusport.fr\/blog\/#\/schema\/person\/ff2feeb71ea78ad31eeb3390ffe96b46"},"headline":"Euro 2024 : La Suisse, objectif demi-finale ?","datePublished":"2024-06-03T16:08:48+00:00","dateModified":"2024-06-08T12:05:09+00:00","mainEntityOfPage":{"@id":"https:\/\/dicodusport.fr\/blog\/euro-2024-la-suisse-objectif-demi-finale\/"},"wordCount":613,"commentCount":0,"publisher":{"@id":"https:\/\/dicodusport.fr\/blog\/#organization"},"image":{"@id":"https:\/\/dicodusport.fr\/blog\/euro-2024-la-suisse-objectif-demi-finale\/#primaryimage"},"thumbnailUrl":"https:\/\/dicodusport.fr\/blog\/wp-content\/uploads\/2024\/05\/Euro-2024-La-Suisse-objectif-demi-finale.jpg","keywords":["br\u00e8ve","Suisse"],"articleSection":["Euro de football"],"inLanguage":"fr-FR","potentialAction":[{"@type":"CommentAction","name":"Comment","target":["https:\/\/dicodusport.fr\/blog\/euro-2024-la-suisse-objectif-demi-finale\/#respond"]}],"copyrightYear":"2024","copyrightHolder":{"@id":"https:\/\/dicodusport.fr\/blog\/#organization"}},{"@type":"WebPage","@id":"https:\/\/dicodusport.fr\/blog\/euro-2024-la-suisse-objectif-demi-finale\/","url":"https:\/\/dicodusport.fr\/blog\/euro-2024-la-suisse-objectif-demi-finale\/","name":"Euro 2024 : La Suisse, objectif demi-finale ?","isPartOf":{"@id":"https:\/\/dicodusport.fr\/blog\/#website"},"primaryImageOfPage":{"@id":"https:\/\/dicodusport.fr\/blog\/euro-2024-la-suisse-objectif-demi-finale\/#primaryimage"},"image":{"@id":"https:\/\/dicodusport.fr\/blog\/euro-2024-la-suisse-objectif-demi-finale\/#primaryimage"},"thumbnailUrl":"https:\/\/dicodusport.fr\/blog\/wp-content\/uploads\/2024\/05\/Euro-2024-La-Suisse-objectif-demi-finale.jpg","datePublished":"2024-06-03T16:08:48+00:00","dateModified":"2024-06-08T12:05:09+00:00","description":"Pr\u00e9sentation de la Suisse avant le d\u00e9but de l'Euro 2024, qui se d\u00e9roulera en Allemagne du 14 juin au 14 juillet.","breadcrumb":{"@id":"https:\/\/dicodusport.fr\/blog\/euro-2024-la-suisse-objectif-demi-finale\/#breadcrumb"},"inLanguage":"fr-FR","potentialAction":[{"@type":"ReadAction","target":["https:\/\/dicodusport.fr\/blog\/euro-2024-la-suisse-objectif-demi-finale\/"]}]},{"@type":"ImageObject","inLanguage":"fr-FR","@id":"https:\/\/dicodusport.fr\/blog\/euro-2024-la-suisse-objectif-demi-finale\/#primaryimage","url":"https:\/\/dicodusport.fr\/blog\/wp-content\/uploads\/2024\/05\/Euro-2024-La-Suisse-objectif-demi-finale.jpg","contentUrl":"https:\/\/dicodusport.fr\/blog\/wp-content\/uploads\/2024\/05\/Euro-2024-La-Suisse-objectif-demi-finale.jpg","width":1200,"height":674,"caption":"Euro 2024 La Suisse, objectif demi-finale"},{"@type":"BreadcrumbList","@id":"https:\/\/dicodusport.fr\/blog\/euro-2024-la-suisse-objectif-demi-finale\/#breadcrumb","itemListElement":[{"@type":"ListItem","position":1,"name":"Accueil","item":"https:\/\/dicodusport.fr\/blog\/"},{"@type":"ListItem","position":2,"name":"Euro 2024 : La Suisse, objectif demi-finale ?"}]},{"@type":"WebSite","@id":"https:\/\/dicodusport.fr\/blog\/#website","url":"https:\/\/dicodusport.fr\/blog\/","name":"Dicodusport","description":"L&#039;encyclop\u00e9die de l&#039;actualit\u00e9 sportive","publisher":{"@id":"https:\/\/dicodusport.fr\/blog\/#organization"},"potentialAction":[{"@type":"SearchAction","target":{"@type":"EntryPoint","urlTemplate":"https:\/\/dicodusport.fr\/blog\/?s={search_term_string}"},"query-input":{"@type":"PropertyValueSpecification","valueRequired":true,"valueName":"search_term_string"}}],"inLanguage":"fr-FR"},{"@type":"NewsMediaOrganization","@id":"https:\/\/dicodusport.fr\/blog\/#organization","name":"Dicodusport","url":"https:\/\/dicodusport.fr\/blog\/","logo":{"@type":"ImageObject","inLanguage":"fr-FR","@id":"https:\/\/dicodusport.fr\/blog\/#\/schema\/logo\/image\/","url":"https:\/\/dicodusport.fr\/blog\/wp-content\/uploads\/2020\/06\/cropped-LOGO-DICODUSPORT-2020-SANS-FOND-SANS-TEXTE.png","contentUrl":"https:\/\/dicodusport.fr\/blog\/wp-content\/uploads\/2020\/06\/cropped-LOGO-DICODUSPORT-2020-SANS-FOND-SANS-TEXTE.png","width":512,"height":512,"caption":"Dicodusport"},"image":{"@id":"https:\/\/dicodusport.fr\/blog\/#\/schema\/logo\/image\/"},"sameAs":["https:\/\/www.facebook.com\/dicodusport","https:\/\/x.com\/dicodusport","https:\/\/www.instagram.com\/dicodusport\/","https:\/\/www.youtube.com\/channel\/UC7V2KZ5sd3htJivAbA4ZG3w"],"description":"Dicodusport est l'encyclop\u00e9die de l'actualit\u00e9 sportive.","email":"bonjour@dicodusport.fr","legalName":"DICODUSPORT","foundingDate":"2018-01-14","vatID":"FR71834470973","taxID":"83447097300043","numberOfEmployees":{"@type":"QuantitativeValue","minValue":"1","maxValue":"10"}},{"@type":"Person","@id":"https:\/\/dicodusport.fr\/blog\/#\/schema\/person\/ff2feeb71ea78ad31eeb3390ffe96b46","name":"Killian Tanguy","image":{"@type":"ImageObject","inLanguage":"fr-FR","@id":"https:\/\/dicodusport.fr\/blog\/#\/schema\/person\/image\/","url":"https:\/\/dicodusport.fr\/blog\/wp-content\/uploads\/2022\/12\/Killian-Tanguy-150x150.png","contentUrl":"https:\/\/dicodusport.fr\/blog\/wp-content\/uploads\/2022\/12\/Killian-Tanguy-150x150.png","caption":"Killian Tanguy"},"description":"Journaliste qui parle de tout et surtout de sport. Rugby, handball, sports d'hiver, football, cyclisme... Et ce que j'aime par-dessus tout : couvrir une discipline que je ne connais pas. Rien de mieux pour s'enrichir et apprendre.","sameAs":["https:\/\/killiantanguy.wixsite.com\/monsite","https:\/\/www.facebook.com\/profile.php?id=100009753662352","https:\/\/www.instagram.com\/sport.killiantanguy\/","https:\/\/www.linkedin.com\/in\/killiantanguy\/","https:\/\/x.com\/https:\/\/twitter.com\/sport_ktanguy","https:\/\/www.youtube.com\/channel\/UCRfZkHKJL0wK7wvnJjCry-Q"],"url":"https:\/\/dicodusport.fr\/blog\/author\/killian-tanguy\/"}]}},"_links":{"self":[{"href":"https:\/\/dicodusport.fr\/blog\/wp-json\/wp\/v2\/posts\/487692","targetHints":{"allow":["GET"]}}],"collection":[{"href":"https:\/\/dicodusport.fr\/blog\/wp-json\/wp\/v2\/posts"}],"about":[{"href":"https:\/\/dicodusport.fr\/blog\/wp-json\/wp\/v2\/types\/post"}],"author":[{"embeddable":true,"href":"https:\/\/dicodusport.fr\/blog\/wp-json\/wp\/v2\/users\/80"}],"replies":[{"embeddable":true,"href":"https:\/\/dicodusport.fr\/blog\/wp-json\/wp\/v2\/comments?post=487692"}],"version-history":[{"count":6,"href":"https:\/\/dicodusport.fr\/blog\/wp-json\/wp\/v2\/posts\/487692\/revisions"}],"predecessor-version":[{"id":491160,"href":"https:\/\/dicodusport.fr\/blog\/wp-json\/wp\/v2\/posts\/487692\/revisions\/491160"}],"wp:featuredmedia":[{"embeddable":true,"href":"https:\/\/dicodusport.fr\/blog\/wp-json\/wp\/v2\/media\/490172"}],"wp:attachment":[{"href":"https:\/\/dicodusport.fr\/blog\/wp-json\/wp\/v2\/media?parent=487692"}],"wp:term":[{"taxonomy":"category","embeddable":true,"href":"https:\/\/dicodusport.fr\/blog\/wp-json\/wp\/v2\/categories?post=487692"},{"taxonomy":"post_tag","embeddable":true,"href":"https:\/\/dicodusport.fr\/blog\/wp-json\/wp\/v2\/tags?post=487692"}],"curies":[{"name":"wp","href":"https:\/\/api.w.org\/{rel}","templated":true}]}}