{"id":487764,"date":"2024-05-24T18:02:26","date_gmt":"2024-05-24T16:02:26","guid":{"rendered":"https:\/\/dicodusport.fr\/blog\/?p=487764&#038;preview=true&#038;preview_id=487764"},"modified":"2024-05-25T04:19:39","modified_gmt":"2024-05-25T02:19:39","slug":"judo-championnats-du-monde-la-france-vice-championne-du-monde-par-equipes-mixtes","status":"publish","type":"post","link":"https:\/\/dicodusport.fr\/blog\/judo-championnats-du-monde-la-france-vice-championne-du-monde-par-equipes-mixtes\/","title":{"rendered":"Judo Championnats du monde : La France vice-championne du monde par \u00e9quipes mixtes"},"content":{"rendered":"<p style=\"text-align: justify;\"><strong><em>CHAMPIONNATS DU MONDE DE JUDO 2024 &#8211;\u00a0Les Bleus se sont inclin\u00e9s en finale pour la 6\u00e8me fois cons\u00e9cutive face aux Japonais. C\u2019est \u00e0 nouveau un titre de vice-champion du monde.<\/em><\/strong><\/p>\n<ul>\n<li style=\"text-align: justify;\"><strong>\u00c0 ce sujet :\u00a0<a href=\"https:\/\/dicodusport.fr\/blog\/judo-championnats-du-monde-2024-programme-et-resultats\/\">Judo Championnats du monde 2024 : Tous les r\u00e9sultats<\/a><\/strong><\/li>\n<\/ul>\n<h2 style=\"text-align: justify;\">Un parcours solide<\/h2>\n<p style=\"text-align: justify;\">D\u00e9cid\u00e9ment, ces deux nations ne se quittent plus. Sixi\u00e8me fois cons\u00e9cutive que France et Japon se rencontraient en finale des Mondiaux, et 6\u00e8me fois que ce sont les Japonais qui s\u2019imposent.<\/p>\n<p style=\"text-align: justify;\">Le parcours des Bleus a commenc\u00e9 ce matin en quarts de finale face \u00e0 l\u2019Italie. Ils sont parfaitement entr\u00e9s dans leur comp\u00e9tition avec trois victoires de suite sign\u00e9es <strong>Maxime-Ga\u00ebl Ngayap Hambou<\/strong>, <strong>L\u00e9a Fontaine<\/strong> et <strong>Axel Clerget<\/strong>. Si <strong>Priscilla Gneto<\/strong> s\u2019inclinait ensuite, <strong>Joan-Benjamin Gaba<\/strong> mettait fin au suspense en s\u2019imposant apr\u00e8s deux minutes de <em>golden score<\/em>.<\/p>\n<p style=\"text-align: justify;\">En demies, les Fran\u00e7ais rencontraient la G\u00e9orgie, nation contre laquelle ils s\u2019\u00e9taient impos\u00e9s en finale des Championnats d\u2019Europe du c\u00f4t\u00e9 de Zagreb (Croatie). Et l\u2019opposition fut plus importante que face \u00e0 l\u2019Italie. <strong>Coralie Hayme<\/strong> remportait le premier combat contre <strong>Somkhisvili<\/strong>. Mais <strong>Math\u00e9o Akiana Mongo<\/strong> perdait le sien face au vice-champion du monde, <strong>Guram Tushishvili<\/strong>. Ensuite, c\u2019est la jeune <strong>Fa\u00efza Mokdar<\/strong> qui grattait un point pour les Bleus, avant que <strong>Joan-Benjamin Gaba<\/strong> ne s\u2019incline.<\/p>\n<p style=\"text-align: justify;\">\u00c0 2-2, l\u2019exp\u00e9rience a parl\u00e9 c\u00f4t\u00e9 tricolore. Tout juste championne du monde, <strong>Margaux Pinot<\/strong> tenait son rang en s\u2019offrant le scalp de son adversaire sur cl\u00e9 de bras. Puis, l\u2019exp\u00e9riment\u00e9 <strong>Axel Clerget<\/strong> a fait parler son talent au sol pour envoyer ses co\u00e9quipiers en finale, une nouvelle fois.<\/p>\n<ul>\n<li style=\"text-align: justify;\"><strong>\u00c0 ce sujet \u2013\u00a0<a href=\"https:\/\/dicodusport.fr\/blog\/tableau-des-medailles-championnats-du-monde-judo-2024\/\">Le tableau des m\u00e9dailles des Mondiaux de judo 2024<\/a><\/strong><\/li>\n<\/ul>\n<h2 style=\"text-align: justify;\">Les Bleus n&rsquo;ont rien pu faire en finale face au Japon<\/h2>\n<p style=\"text-align: justify;\">Lors de la finale, les Bleus retrouvaient les redoutables Japonais. Il y a 3 ans, la France s\u2019\u00e9tait brillamment impos\u00e9e face \u00e0 eux, lors de la finale olympique. C\u2019est <strong>Math\u00e9o Akiana Mongo<\/strong> qui entamait ce match face \u00e0 <strong>Nakano<\/strong>, m\u00e9daill\u00e9 de bronze au dernier Grand Slam de Paris. Deux gabarits oppos\u00e9s. Le Fran\u00e7ais se fait surprendre apr\u00e8s deux minutes de combat par un waza-ari. Quelques secondes plus tard, le Japonais fauche \u00e0 l\u2019int\u00e9rieur et met fin au suspense. 1-0 pour le Japon.<\/p>\n<p style=\"text-align: justify;\">C\u2019est ensuite <strong>Fa\u00efza Mokdar<\/strong> qui montait sur le tatami, face \u00e0 <strong>Tamaoki<\/strong>, m\u00e9daill\u00e9e de bronze en individuel. C\u2019est au golden score qu\u2019allait se jouer ce combat, avec deux shido partout. Et malheureusement, sur une attaque \u00e0 l\u2019initiative de la Fran\u00e7aise, <strong>Tamaoki<\/strong> contre et remporte le deuxi\u00e8me point pour son \u00e9quipe.<\/p>\n<p style=\"text-align: justify;\"><strong>Joan-Benjamin Gaba<\/strong> devait relancer l\u2019\u00e9quipe contre <strong>Tanaka<\/strong>. Mais apr\u00e8s \u00e0 peine 30 secondes de combat, le Japonais vient \u00e0 bout du tricolore.<\/p>\n<p style=\"text-align: justify;\"><strong>Margaux Pinot<\/strong> avait alors le poids sur les \u00e9paules de l\u2019interdiction de perdre. Face \u00e0 <strong>Tanaka<\/strong>, la championne du monde a souffert et va se retrouver au golden score, avec deux p\u00e9nalit\u00e9s contre elle et son adversaire. Et apr\u00e8s de longues minutes de souffrance, la p\u00e9nalit\u00e9 tombe pour la Japonaise et l\u2019espoir reste permis pour les Bleus.<\/p>\n<p style=\"text-align: justify;\">C\u2019est <strong>Axel Clerget<\/strong> qui encha\u00eenait aussit\u00f4t face \u00e0 <strong>Kawabata<\/strong>, mais son combat va tr\u00e8s mal d\u00e9buter. Quinze secondes, et un waza-ari magnifique du Japonais. Mais \u00e0 1 minute 30 de la fin, le Japonais va se retrouver avec deux shido. Et malgr\u00e9 sa domination physique, le Tricolore va se faire surprendre une nouvelle fois et s\u2019incliner. Les Bleus n\u2019ont pas vraiment exist\u00e9 dans cette finale et prennent \u00e0 nouveau l\u2019argent face \u00e0 l\u2019ogre japonais.<\/p>\n<blockquote class=\"twitter-tweet\">\n<p dir=\"ltr\" lang=\"fr\">VICE-CHAMPIONNE DU MONDE ! \ud83e\udd48<\/p>\n<p>Notre \u00e9quipe de France s\u2019incline en finale et remporte une nouvelle m\u00e9daille mondiale par \u00e9quipes mixtes ! \ud83c\uddeb\ud83c\uddf7\ud83d\udcaa<\/p>\n<p>Merci les Bleus ! \ud83d\ude4f<a href=\"https:\/\/twitter.com\/hashtag\/JudoWorlds?src=hash&amp;ref_src=twsrc%5Etfw\">#JudoWorlds<\/a> <a href=\"https:\/\/twitter.com\/hashtag\/GoLesBleus?src=hash&amp;ref_src=twsrc%5Etfw\">#GoLesBleus<\/a> <a href=\"https:\/\/twitter.com\/hashtag\/FierdEtreJudoka?src=hash&amp;ref_src=twsrc%5Etfw\">#FierdEtreJudoka<\/a> <a href=\"https:\/\/t.co\/2UKrf6IiXh\">pic.twitter.com\/2UKrf6IiXh<\/a><\/p>\n<p>\u2014 France Judo (@francejudo) <a href=\"https:\/\/twitter.com\/francejudo\/status\/1794023806417203416?ref_src=twsrc%5Etfw\">May 24, 2024<\/a><\/p><\/blockquote>\n<p><script async src=\"https:\/\/platform.twitter.com\/widgets.js\" charset=\"utf-8\"><\/script><\/p>\n","protected":false},"excerpt":{"rendered":"<p>CHAMPIONNATS DU MONDE DE JUDO 2024 &#8211;\u00a0Les Bleus se sont inclin\u00e9s en finale pour la 6\u00e8me fois cons\u00e9cutive face aux Japonais. C\u2019est \u00e0 nouveau un titre de vice-champion du monde.<\/p>\n","protected":false},"author":89,"featured_media":487816,"comment_status":"open","ping_status":"closed","sticky":false,"template":"","format":"standard","meta":{"_acf_changed":false,"_daextam_enable_autolinks":"1","footnotes":""},"categories":[8651],"tags":[16878,68,24],"class_list":["post-487764","post","type-post","status-publish","format-standard","has-post-thumbnail","hentry","category-judo","tag-breve","tag-judo","tag-sport"],"acf":[],"yoast_head":"<!-- This site is optimized with the Yoast SEO Premium plugin v26.7 (Yoast SEO v26.7) - https:\/\/yoast.com\/wordpress\/plugins\/seo\/ -->\n<title>Judo Championnats du monde : La France vice-championne du monde par \u00e9quipes mixtes<\/title>\n<meta name=\"description\" content=\"CHAMPIONNATS DU MONDE DE JUDO 2024 -\u00a0Les Bleus se sont inclin\u00e9s en finale pour la 6\u00e8me fois cons\u00e9cutive face aux Japonais. C\u2019est \u00e0 nouveau un titre de vice-champion du monde.\" \/>\n<meta name=\"robots\" content=\"index, follow, max-snippet:-1, max-image-preview:large, max-video-preview:-1\" \/>\n<link rel=\"canonical\" href=\"https:\/\/dicodusport.fr\/blog\/judo-championnats-du-monde-la-france-vice-championne-du-monde-par-equipes-mixtes\/\" \/>\n<meta property=\"og:locale\" content=\"fr_FR\" \/>\n<meta property=\"og:type\" content=\"article\" \/>\n<meta property=\"og:title\" content=\"Judo Championnats du monde : La France vice-championne du monde par \u00e9quipes mixtes\" \/>\n<meta property=\"og:description\" content=\"CHAMPIONNATS DU MONDE DE JUDO 2024 -\u00a0Les Bleus se sont inclin\u00e9s en finale pour la 6\u00e8me fois cons\u00e9cutive face aux Japonais. C\u2019est \u00e0 nouveau un titre de vice-champion du monde.\" \/>\n<meta property=\"og:url\" content=\"https:\/\/dicodusport.fr\/blog\/judo-championnats-du-monde-la-france-vice-championne-du-monde-par-equipes-mixtes\/\" \/>\n<meta property=\"og:site_name\" content=\"Dicodusport\" \/>\n<meta property=\"article:publisher\" content=\"https:\/\/www.facebook.com\/dicodusport\" \/>\n<meta property=\"article:published_time\" content=\"2024-05-24T16:02:26+00:00\" \/>\n<meta property=\"article:modified_time\" content=\"2024-05-25T02:19:39+00:00\" \/>\n<meta property=\"og:image\" content=\"https:\/\/dicodusport.fr\/blog\/wp-content\/uploads\/2024\/05\/Judo-Championnats-du-monde-La-France-vice-championne-du-monde-par-equipes-mixtes.png\" \/>\n\t<meta property=\"og:image:width\" content=\"1200\" \/>\n\t<meta property=\"og:image:height\" content=\"674\" \/>\n\t<meta property=\"og:image:type\" content=\"image\/png\" \/>\n<meta name=\"author\" content=\"Louka Lesueur\" \/>\n<meta name=\"twitter:card\" content=\"summary_large_image\" \/>\n<meta name=\"twitter:title\" content=\"Judo Championnats du monde : La France vice-championne du monde par \u00e9quipes mixtes\" \/>\n<meta name=\"twitter:creator\" content=\"@https:\/\/twitter.com\/LNewsSF\" \/>\n<meta name=\"twitter:site\" content=\"@dicodusport\" \/>\n<script type=\"application\/ld+json\" class=\"yoast-schema-graph\">{\"@context\":\"https:\/\/schema.org\",\"@graph\":[{\"@type\":\"NewsArticle\",\"@id\":\"https:\/\/dicodusport.fr\/blog\/judo-championnats-du-monde-la-france-vice-championne-du-monde-par-equipes-mixtes\/#article\",\"isPartOf\":{\"@id\":\"https:\/\/dicodusport.fr\/blog\/judo-championnats-du-monde-la-france-vice-championne-du-monde-par-equipes-mixtes\/\"},\"author\":{\"name\":\"Louka Lesueur\",\"@id\":\"https:\/\/dicodusport.fr\/blog\/#\/schema\/person\/54b6cdccebdfcd5a1036c594aecffc2a\"},\"headline\":\"Judo Championnats du monde : La France vice-championne du monde par \u00e9quipes mixtes\",\"datePublished\":\"2024-05-24T16:02:26+00:00\",\"dateModified\":\"2024-05-25T02:19:39+00:00\",\"mainEntityOfPage\":{\"@id\":\"https:\/\/dicodusport.fr\/blog\/judo-championnats-du-monde-la-france-vice-championne-du-monde-par-equipes-mixtes\/\"},\"wordCount\":658,\"commentCount\":0,\"publisher\":{\"@id\":\"https:\/\/dicodusport.fr\/blog\/#organization\"},\"image\":{\"@id\":\"https:\/\/dicodusport.fr\/blog\/judo-championnats-du-monde-la-france-vice-championne-du-monde-par-equipes-mixtes\/#primaryimage\"},\"thumbnailUrl\":\"https:\/\/dicodusport.fr\/blog\/wp-content\/uploads\/2024\/05\/Judo-Championnats-du-monde-La-France-vice-championne-du-monde-par-equipes-mixtes.png\",\"keywords\":[\"br\u00e8ve\",\"Judo\",\"sport\"],\"articleSection\":[\"Judo\"],\"inLanguage\":\"fr-FR\",\"potentialAction\":[{\"@type\":\"CommentAction\",\"name\":\"Comment\",\"target\":[\"https:\/\/dicodusport.fr\/blog\/judo-championnats-du-monde-la-france-vice-championne-du-monde-par-equipes-mixtes\/#respond\"]}],\"copyrightYear\":\"2024\",\"copyrightHolder\":{\"@id\":\"https:\/\/dicodusport.fr\/blog\/#organization\"}},{\"@type\":\"WebPage\",\"@id\":\"https:\/\/dicodusport.fr\/blog\/judo-championnats-du-monde-la-france-vice-championne-du-monde-par-equipes-mixtes\/\",\"url\":\"https:\/\/dicodusport.fr\/blog\/judo-championnats-du-monde-la-france-vice-championne-du-monde-par-equipes-mixtes\/\",\"name\":\"Judo Championnats du monde : La France vice-championne du monde par \u00e9quipes mixtes\",\"isPartOf\":{\"@id\":\"https:\/\/dicodusport.fr\/blog\/#website\"},\"primaryImageOfPage\":{\"@id\":\"https:\/\/dicodusport.fr\/blog\/judo-championnats-du-monde-la-france-vice-championne-du-monde-par-equipes-mixtes\/#primaryimage\"},\"image\":{\"@id\":\"https:\/\/dicodusport.fr\/blog\/judo-championnats-du-monde-la-france-vice-championne-du-monde-par-equipes-mixtes\/#primaryimage\"},\"thumbnailUrl\":\"https:\/\/dicodusport.fr\/blog\/wp-content\/uploads\/2024\/05\/Judo-Championnats-du-monde-La-France-vice-championne-du-monde-par-equipes-mixtes.png\",\"datePublished\":\"2024-05-24T16:02:26+00:00\",\"dateModified\":\"2024-05-25T02:19:39+00:00\",\"description\":\"CHAMPIONNATS DU MONDE DE JUDO 2024 -\u00a0Les Bleus se sont inclin\u00e9s en finale pour la 6\u00e8me fois cons\u00e9cutive face aux Japonais. C\u2019est \u00e0 nouveau un titre de vice-champion du monde.\",\"breadcrumb\":{\"@id\":\"https:\/\/dicodusport.fr\/blog\/judo-championnats-du-monde-la-france-vice-championne-du-monde-par-equipes-mixtes\/#breadcrumb\"},\"inLanguage\":\"fr-FR\",\"potentialAction\":[{\"@type\":\"ReadAction\",\"target\":[\"https:\/\/dicodusport.fr\/blog\/judo-championnats-du-monde-la-france-vice-championne-du-monde-par-equipes-mixtes\/\"]}]},{\"@type\":\"ImageObject\",\"inLanguage\":\"fr-FR\",\"@id\":\"https:\/\/dicodusport.fr\/blog\/judo-championnats-du-monde-la-france-vice-championne-du-monde-par-equipes-mixtes\/#primaryimage\",\"url\":\"https:\/\/dicodusport.fr\/blog\/wp-content\/uploads\/2024\/05\/Judo-Championnats-du-monde-La-France-vice-championne-du-monde-par-equipes-mixtes.png\",\"contentUrl\":\"https:\/\/dicodusport.fr\/blog\/wp-content\/uploads\/2024\/05\/Judo-Championnats-du-monde-La-France-vice-championne-du-monde-par-equipes-mixtes.png\",\"width\":1200,\"height\":674,\"caption\":\"Judo Championnats du monde La France vice-championne du monde par \u00e9quipes mixtes\"},{\"@type\":\"BreadcrumbList\",\"@id\":\"https:\/\/dicodusport.fr\/blog\/judo-championnats-du-monde-la-france-vice-championne-du-monde-par-equipes-mixtes\/#breadcrumb\",\"itemListElement\":[{\"@type\":\"ListItem\",\"position\":1,\"name\":\"Accueil\",\"item\":\"https:\/\/dicodusport.fr\/blog\/\"},{\"@type\":\"ListItem\",\"position\":2,\"name\":\"Judo Championnats du monde : La France vice-championne du monde par \u00e9quipes mixtes\"}]},{\"@type\":\"WebSite\",\"@id\":\"https:\/\/dicodusport.fr\/blog\/#website\",\"url\":\"https:\/\/dicodusport.fr\/blog\/\",\"name\":\"Dicodusport\",\"description\":\"L&#039;encyclop\u00e9die de l&#039;actualit\u00e9 sportive\",\"publisher\":{\"@id\":\"https:\/\/dicodusport.fr\/blog\/#organization\"},\"potentialAction\":[{\"@type\":\"SearchAction\",\"target\":{\"@type\":\"EntryPoint\",\"urlTemplate\":\"https:\/\/dicodusport.fr\/blog\/?s={search_term_string}\"},\"query-input\":{\"@type\":\"PropertyValueSpecification\",\"valueRequired\":true,\"valueName\":\"search_term_string\"}}],\"inLanguage\":\"fr-FR\"},{\"@type\":\"NewsMediaOrganization\",\"@id\":\"https:\/\/dicodusport.fr\/blog\/#organization\",\"name\":\"Dicodusport\",\"url\":\"https:\/\/dicodusport.fr\/blog\/\",\"logo\":{\"@type\":\"ImageObject\",\"inLanguage\":\"fr-FR\",\"@id\":\"https:\/\/dicodusport.fr\/blog\/#\/schema\/logo\/image\/\",\"url\":\"https:\/\/dicodusport.fr\/blog\/wp-content\/uploads\/2020\/06\/cropped-LOGO-DICODUSPORT-2020-SANS-FOND-SANS-TEXTE.png\",\"contentUrl\":\"https:\/\/dicodusport.fr\/blog\/wp-content\/uploads\/2020\/06\/cropped-LOGO-DICODUSPORT-2020-SANS-FOND-SANS-TEXTE.png\",\"width\":512,\"height\":512,\"caption\":\"Dicodusport\"},\"image\":{\"@id\":\"https:\/\/dicodusport.fr\/blog\/#\/schema\/logo\/image\/\"},\"sameAs\":[\"https:\/\/www.facebook.com\/dicodusport\",\"https:\/\/x.com\/dicodusport\",\"https:\/\/www.instagram.com\/dicodusport\/\",\"https:\/\/www.youtube.com\/channel\/UC7V2KZ5sd3htJivAbA4ZG3w\"],\"description\":\"Dicodusport est l'encyclop\u00e9die de l'actualit\u00e9 sportive.\",\"email\":\"bonjour@dicodusport.fr\",\"legalName\":\"DICODUSPORT\",\"foundingDate\":\"2018-01-14\",\"vatID\":\"FR71834470973\",\"taxID\":\"83447097300043\",\"numberOfEmployees\":{\"@type\":\"QuantitativeValue\",\"minValue\":\"1\",\"maxValue\":\"10\"}},{\"@type\":\"Person\",\"@id\":\"https:\/\/dicodusport.fr\/blog\/#\/schema\/person\/54b6cdccebdfcd5a1036c594aecffc2a\",\"name\":\"Louka Lesueur\",\"image\":{\"@type\":\"ImageObject\",\"inLanguage\":\"fr-FR\",\"@id\":\"https:\/\/dicodusport.fr\/blog\/#\/schema\/person\/image\/\",\"url\":\"https:\/\/dicodusport.fr\/blog\/wp-content\/uploads\/2023\/09\/IMG_2783-150x150.jpeg\",\"contentUrl\":\"https:\/\/dicodusport.fr\/blog\/wp-content\/uploads\/2023\/09\/IMG_2783-150x150.jpeg\",\"caption\":\"Louka Lesueur\"},\"description\":\"Passionn\u00e9 depuis tout petit par les exploits de Bolt, Fourcade, Riner, Lavillenie, Wilkinson, Hirscher. Les \u00e9motions provoqu\u00e9es par le sport ont berc\u00e9 mon enfance et continuent de le faire aujourd'hui. C'est ainsi qu'il m'est arriv\u00e9 de pleurer devant la d\u00e9faite des Bleus face aux Blacks en 2011, ou encore devant le titre olympique de Florent Manaudou \u00e0 Londres. Bien loin de ce milieu professionnel, j'ai os\u00e9 tenter ma chance pour rejoindre l'\u00e9quipe de r\u00e9daction de Dicodusport, et depuis septembre 2023, je tente de retransmettre au mieux les exploits des athl\u00e8tes, tous sports confondus. Grand chauvin, c'est bel et bien sur les sportifs tricolores que je pr\u00e9f\u00e8re \u00e9crire.\",\"sameAs\":[\"https:\/\/x.com\/https:\/\/twitter.com\/LNewsSF\"],\"gender\":\"Homme\",\"worksFor\":\"Louka LESUEUR\",\"url\":\"https:\/\/dicodusport.fr\/blog\/author\/louka-lesueur\/\"}]}<\/script>\n<!-- \/ Yoast SEO Premium plugin. -->","yoast_head_json":{"title":"Judo Championnats du monde : La France vice-championne du monde par \u00e9quipes mixtes","description":"CHAMPIONNATS DU MONDE DE JUDO 2024 -\u00a0Les Bleus se sont inclin\u00e9s en finale pour la 6\u00e8me fois cons\u00e9cutive face aux Japonais. C\u2019est \u00e0 nouveau un titre de vice-champion du monde.","robots":{"index":"index","follow":"follow","max-snippet":"max-snippet:-1","max-image-preview":"max-image-preview:large","max-video-preview":"max-video-preview:-1"},"canonical":"https:\/\/dicodusport.fr\/blog\/judo-championnats-du-monde-la-france-vice-championne-du-monde-par-equipes-mixtes\/","og_locale":"fr_FR","og_type":"article","og_title":"Judo Championnats du monde : La France vice-championne du monde par \u00e9quipes mixtes","og_description":"CHAMPIONNATS DU MONDE DE JUDO 2024 -\u00a0Les Bleus se sont inclin\u00e9s en finale pour la 6\u00e8me fois cons\u00e9cutive face aux Japonais. C\u2019est \u00e0 nouveau un titre de vice-champion du monde.","og_url":"https:\/\/dicodusport.fr\/blog\/judo-championnats-du-monde-la-france-vice-championne-du-monde-par-equipes-mixtes\/","og_site_name":"Dicodusport","article_publisher":"https:\/\/www.facebook.com\/dicodusport","article_published_time":"2024-05-24T16:02:26+00:00","article_modified_time":"2024-05-25T02:19:39+00:00","og_image":[{"width":1200,"height":674,"url":"https:\/\/dicodusport.fr\/blog\/wp-content\/uploads\/2024\/05\/Judo-Championnats-du-monde-La-France-vice-championne-du-monde-par-equipes-mixtes.png","type":"image\/png"}],"author":"Louka Lesueur","twitter_card":"summary_large_image","twitter_title":"Judo Championnats du monde : La France vice-championne du monde par \u00e9quipes mixtes","twitter_creator":"@https:\/\/twitter.com\/LNewsSF","twitter_site":"@dicodusport","schema":{"@context":"https:\/\/schema.org","@graph":[{"@type":"NewsArticle","@id":"https:\/\/dicodusport.fr\/blog\/judo-championnats-du-monde-la-france-vice-championne-du-monde-par-equipes-mixtes\/#article","isPartOf":{"@id":"https:\/\/dicodusport.fr\/blog\/judo-championnats-du-monde-la-france-vice-championne-du-monde-par-equipes-mixtes\/"},"author":{"name":"Louka Lesueur","@id":"https:\/\/dicodusport.fr\/blog\/#\/schema\/person\/54b6cdccebdfcd5a1036c594aecffc2a"},"headline":"Judo Championnats du monde : La France vice-championne du monde par \u00e9quipes mixtes","datePublished":"2024-05-24T16:02:26+00:00","dateModified":"2024-05-25T02:19:39+00:00","mainEntityOfPage":{"@id":"https:\/\/dicodusport.fr\/blog\/judo-championnats-du-monde-la-france-vice-championne-du-monde-par-equipes-mixtes\/"},"wordCount":658,"commentCount":0,"publisher":{"@id":"https:\/\/dicodusport.fr\/blog\/#organization"},"image":{"@id":"https:\/\/dicodusport.fr\/blog\/judo-championnats-du-monde-la-france-vice-championne-du-monde-par-equipes-mixtes\/#primaryimage"},"thumbnailUrl":"https:\/\/dicodusport.fr\/blog\/wp-content\/uploads\/2024\/05\/Judo-Championnats-du-monde-La-France-vice-championne-du-monde-par-equipes-mixtes.png","keywords":["br\u00e8ve","Judo","sport"],"articleSection":["Judo"],"inLanguage":"fr-FR","potentialAction":[{"@type":"CommentAction","name":"Comment","target":["https:\/\/dicodusport.fr\/blog\/judo-championnats-du-monde-la-france-vice-championne-du-monde-par-equipes-mixtes\/#respond"]}],"copyrightYear":"2024","copyrightHolder":{"@id":"https:\/\/dicodusport.fr\/blog\/#organization"}},{"@type":"WebPage","@id":"https:\/\/dicodusport.fr\/blog\/judo-championnats-du-monde-la-france-vice-championne-du-monde-par-equipes-mixtes\/","url":"https:\/\/dicodusport.fr\/blog\/judo-championnats-du-monde-la-france-vice-championne-du-monde-par-equipes-mixtes\/","name":"Judo Championnats du monde : La France vice-championne du monde par \u00e9quipes mixtes","isPartOf":{"@id":"https:\/\/dicodusport.fr\/blog\/#website"},"primaryImageOfPage":{"@id":"https:\/\/dicodusport.fr\/blog\/judo-championnats-du-monde-la-france-vice-championne-du-monde-par-equipes-mixtes\/#primaryimage"},"image":{"@id":"https:\/\/dicodusport.fr\/blog\/judo-championnats-du-monde-la-france-vice-championne-du-monde-par-equipes-mixtes\/#primaryimage"},"thumbnailUrl":"https:\/\/dicodusport.fr\/blog\/wp-content\/uploads\/2024\/05\/Judo-Championnats-du-monde-La-France-vice-championne-du-monde-par-equipes-mixtes.png","datePublished":"2024-05-24T16:02:26+00:00","dateModified":"2024-05-25T02:19:39+00:00","description":"CHAMPIONNATS DU MONDE DE JUDO 2024 -\u00a0Les Bleus se sont inclin\u00e9s en finale pour la 6\u00e8me fois cons\u00e9cutive face aux Japonais. C\u2019est \u00e0 nouveau un titre de vice-champion du monde.","breadcrumb":{"@id":"https:\/\/dicodusport.fr\/blog\/judo-championnats-du-monde-la-france-vice-championne-du-monde-par-equipes-mixtes\/#breadcrumb"},"inLanguage":"fr-FR","potentialAction":[{"@type":"ReadAction","target":["https:\/\/dicodusport.fr\/blog\/judo-championnats-du-monde-la-france-vice-championne-du-monde-par-equipes-mixtes\/"]}]},{"@type":"ImageObject","inLanguage":"fr-FR","@id":"https:\/\/dicodusport.fr\/blog\/judo-championnats-du-monde-la-france-vice-championne-du-monde-par-equipes-mixtes\/#primaryimage","url":"https:\/\/dicodusport.fr\/blog\/wp-content\/uploads\/2024\/05\/Judo-Championnats-du-monde-La-France-vice-championne-du-monde-par-equipes-mixtes.png","contentUrl":"https:\/\/dicodusport.fr\/blog\/wp-content\/uploads\/2024\/05\/Judo-Championnats-du-monde-La-France-vice-championne-du-monde-par-equipes-mixtes.png","width":1200,"height":674,"caption":"Judo Championnats du monde La France vice-championne du monde par \u00e9quipes mixtes"},{"@type":"BreadcrumbList","@id":"https:\/\/dicodusport.fr\/blog\/judo-championnats-du-monde-la-france-vice-championne-du-monde-par-equipes-mixtes\/#breadcrumb","itemListElement":[{"@type":"ListItem","position":1,"name":"Accueil","item":"https:\/\/dicodusport.fr\/blog\/"},{"@type":"ListItem","position":2,"name":"Judo Championnats du monde : La France vice-championne du monde par \u00e9quipes mixtes"}]},{"@type":"WebSite","@id":"https:\/\/dicodusport.fr\/blog\/#website","url":"https:\/\/dicodusport.fr\/blog\/","name":"Dicodusport","description":"L&#039;encyclop\u00e9die de l&#039;actualit\u00e9 sportive","publisher":{"@id":"https:\/\/dicodusport.fr\/blog\/#organization"},"potentialAction":[{"@type":"SearchAction","target":{"@type":"EntryPoint","urlTemplate":"https:\/\/dicodusport.fr\/blog\/?s={search_term_string}"},"query-input":{"@type":"PropertyValueSpecification","valueRequired":true,"valueName":"search_term_string"}}],"inLanguage":"fr-FR"},{"@type":"NewsMediaOrganization","@id":"https:\/\/dicodusport.fr\/blog\/#organization","name":"Dicodusport","url":"https:\/\/dicodusport.fr\/blog\/","logo":{"@type":"ImageObject","inLanguage":"fr-FR","@id":"https:\/\/dicodusport.fr\/blog\/#\/schema\/logo\/image\/","url":"https:\/\/dicodusport.fr\/blog\/wp-content\/uploads\/2020\/06\/cropped-LOGO-DICODUSPORT-2020-SANS-FOND-SANS-TEXTE.png","contentUrl":"https:\/\/dicodusport.fr\/blog\/wp-content\/uploads\/2020\/06\/cropped-LOGO-DICODUSPORT-2020-SANS-FOND-SANS-TEXTE.png","width":512,"height":512,"caption":"Dicodusport"},"image":{"@id":"https:\/\/dicodusport.fr\/blog\/#\/schema\/logo\/image\/"},"sameAs":["https:\/\/www.facebook.com\/dicodusport","https:\/\/x.com\/dicodusport","https:\/\/www.instagram.com\/dicodusport\/","https:\/\/www.youtube.com\/channel\/UC7V2KZ5sd3htJivAbA4ZG3w"],"description":"Dicodusport est l'encyclop\u00e9die de l'actualit\u00e9 sportive.","email":"bonjour@dicodusport.fr","legalName":"DICODUSPORT","foundingDate":"2018-01-14","vatID":"FR71834470973","taxID":"83447097300043","numberOfEmployees":{"@type":"QuantitativeValue","minValue":"1","maxValue":"10"}},{"@type":"Person","@id":"https:\/\/dicodusport.fr\/blog\/#\/schema\/person\/54b6cdccebdfcd5a1036c594aecffc2a","name":"Louka Lesueur","image":{"@type":"ImageObject","inLanguage":"fr-FR","@id":"https:\/\/dicodusport.fr\/blog\/#\/schema\/person\/image\/","url":"https:\/\/dicodusport.fr\/blog\/wp-content\/uploads\/2023\/09\/IMG_2783-150x150.jpeg","contentUrl":"https:\/\/dicodusport.fr\/blog\/wp-content\/uploads\/2023\/09\/IMG_2783-150x150.jpeg","caption":"Louka Lesueur"},"description":"Passionn\u00e9 depuis tout petit par les exploits de Bolt, Fourcade, Riner, Lavillenie, Wilkinson, Hirscher. Les \u00e9motions provoqu\u00e9es par le sport ont berc\u00e9 mon enfance et continuent de le faire aujourd'hui. C'est ainsi qu'il m'est arriv\u00e9 de pleurer devant la d\u00e9faite des Bleus face aux Blacks en 2011, ou encore devant le titre olympique de Florent Manaudou \u00e0 Londres. Bien loin de ce milieu professionnel, j'ai os\u00e9 tenter ma chance pour rejoindre l'\u00e9quipe de r\u00e9daction de Dicodusport, et depuis septembre 2023, je tente de retransmettre au mieux les exploits des athl\u00e8tes, tous sports confondus. Grand chauvin, c'est bel et bien sur les sportifs tricolores que je pr\u00e9f\u00e8re \u00e9crire.","sameAs":["https:\/\/x.com\/https:\/\/twitter.com\/LNewsSF"],"gender":"Homme","worksFor":"Louka LESUEUR","url":"https:\/\/dicodusport.fr\/blog\/author\/louka-lesueur\/"}]}},"_links":{"self":[{"href":"https:\/\/dicodusport.fr\/blog\/wp-json\/wp\/v2\/posts\/487764","targetHints":{"allow":["GET"]}}],"collection":[{"href":"https:\/\/dicodusport.fr\/blog\/wp-json\/wp\/v2\/posts"}],"about":[{"href":"https:\/\/dicodusport.fr\/blog\/wp-json\/wp\/v2\/types\/post"}],"author":[{"embeddable":true,"href":"https:\/\/dicodusport.fr\/blog\/wp-json\/wp\/v2\/users\/89"}],"replies":[{"embeddable":true,"href":"https:\/\/dicodusport.fr\/blog\/wp-json\/wp\/v2\/comments?post=487764"}],"version-history":[{"count":5,"href":"https:\/\/dicodusport.fr\/blog\/wp-json\/wp\/v2\/posts\/487764\/revisions"}],"predecessor-version":[{"id":487917,"href":"https:\/\/dicodusport.fr\/blog\/wp-json\/wp\/v2\/posts\/487764\/revisions\/487917"}],"wp:featuredmedia":[{"embeddable":true,"href":"https:\/\/dicodusport.fr\/blog\/wp-json\/wp\/v2\/media\/487816"}],"wp:attachment":[{"href":"https:\/\/dicodusport.fr\/blog\/wp-json\/wp\/v2\/media?parent=487764"}],"wp:term":[{"taxonomy":"category","embeddable":true,"href":"https:\/\/dicodusport.fr\/blog\/wp-json\/wp\/v2\/categories?post=487764"},{"taxonomy":"post_tag","embeddable":true,"href":"https:\/\/dicodusport.fr\/blog\/wp-json\/wp\/v2\/tags?post=487764"}],"curies":[{"name":"wp","href":"https:\/\/api.w.org\/{rel}","templated":true}]}}