{"id":488049,"date":"2024-05-25T16:52:17","date_gmt":"2024-05-25T14:52:17","guid":{"rendered":"https:\/\/dicodusport.fr\/blog\/?p=488049&#038;preview=true&#038;preview_id=488049"},"modified":"2024-05-25T17:50:09","modified_gmt":"2024-05-25T15:50:09","slug":"boucles-de-la-mayenne-2024-alberto-bettiol-fait-coup-double-sur-la-2eme-etape","status":"publish","type":"post","link":"https:\/\/dicodusport.fr\/blog\/boucles-de-la-mayenne-2024-alberto-bettiol-fait-coup-double-sur-la-2eme-etape\/","title":{"rendered":"Boucles de la Mayenne 2024 : Alberto Bettiol fait coup double sur la 2\u00e8me \u00e9tape"},"content":{"rendered":"<p style=\"text-align: justify;\"><em><b>LES BOUCLES DE LA MAYENNE 2024 \u2013 Victorieux de la 2\u00e8me \u00e9tape \u00e0 Villaines-la-Juhel ce samedi, Alberto Bettiol (EF Education EasyPost) s&rsquo;est empar\u00e9 de la t\u00eate du classement g\u00e9n\u00e9ral des Boucles de la Mayenne.<\/b><\/em><\/p>\n<ul>\n<li style=\"text-align: justify;\"><strong>\u00c0 ce sujet \u2013\u00a0<a href=\"https:\/\/dicodusport.fr\/blog\/boucles-de-la-mayenne-2024-classement-2eme-etape\/\">Boucles de la Mayenne 2024 : Classement de la 2\u00e8me \u00e9tape<\/a><\/strong><\/li>\n<li style=\"text-align: justify;\"><strong>\u00c0 ce sujet \u2013\u00a0<a href=\"https:\/\/dicodusport.fr\/blog\/boucles-de-la-mayenne-2024-classement-general\/\">Boucles de la Mayenne 2024 : Classement g\u00e9n\u00e9ral<\/a><\/strong><\/li>\n<li style=\"text-align: justify;\"><strong>\u00c0 ce sujet \u2013\u00a0<a href=\"https:\/\/dicodusport.fr\/blog\/boucles-de-la-mayenne-2024-parcours-en-detail-et-profils-des-etapes\/\">Boucles de la Mayenne 2024 : Parcours en d\u00e9tail et profils des \u00e9tapes<\/a><\/strong><\/li>\n<\/ul>\n<p style=\"text-align: justify;\">Changement de leader sur les <strong>Boucles de la Mayenne<\/strong>. En jaune depuis son succ\u00e8s sur le prologue jeudi soir, <strong>Beno\u00eet Cosnefroy<\/strong> (Decathlon AG2R La Mondiale) a c\u00e9d\u00e9 ce samedi, vers Villaines-la-Juhel. Face \u00e0 la puissance d&rsquo;<strong>Alberto Bettiol<\/strong> (EF Education EasyPost) dans la c\u00f4te des \u00c9goutelles, le Normand n&rsquo;a rien pu faire, laissant filer dans le final le Transalpin. Ce dernier a lev\u00e9 les bras en solitaire et s&#8217;empare de la tunique de leader par la m\u00eame occasion, pour le sixi\u00e8me succ\u00e8s de sa carri\u00e8re.<\/p>\n<p style=\"text-align: justify;\">Derri\u00e8re, <strong>Marc Hirschi<\/strong> (UAE Team Emirates) a r\u00e9gl\u00e9<strong> Alexandre Delettre<\/strong> (St Michel-Mavic-Auber 93) et le porteur du maillot jaune,<strong> Beno\u00eet Cosnefroy<\/strong>. Avant la derni\u00e8re \u00e9tape ce dimanche, <strong>Bettiol<\/strong> dispose d&rsquo;une marge de 23 secondes au classement g\u00e9n\u00e9ral sur le Fran\u00e7ais.<\/p>\n<blockquote class=\"twitter-tweet\">\n<p dir=\"ltr\" lang=\"fr\">Pierre Rolland f\u00e9licite Alberto Bettiol pour cette victoire dans la 2e \u00e9tape des Boucles de la Mayenne.<br \/>\nSuivez notre direct sur notre plateforme <a href=\"https:\/\/t.co\/as6y0y2y56\">https:\/\/t.co\/as6y0y2y56<\/a> ou sur notre site internet :<br \/>\n\u25ba <a href=\"https:\/\/t.co\/DaP2pP4GL5\">https:\/\/t.co\/DaP2pP4GL5<\/a><a href=\"https:\/\/twitter.com\/hashtag\/velo?src=hash&amp;ref_src=twsrc%5Etfw\">#velo<\/a> <a href=\"https:\/\/twitter.com\/hashtag\/boucles53?src=hash&amp;ref_src=twsrc%5Etfw\">#boucles53<\/a><a href=\"https:\/\/twitter.com\/bleumayenne?ref_src=twsrc%5Etfw\">@bleumayenne<\/a> <a href=\"https:\/\/twitter.com\/boucles53?ref_src=twsrc%5Etfw\">@boucles53<\/a> <a href=\"https:\/\/t.co\/qCgcPz48M2\">pic.twitter.com\/qCgcPz48M2<\/a><\/p>\n<p>\u2014 France 3 Pays de la Loire (@F3PaysdelaLoire) <a href=\"https:\/\/twitter.com\/F3PaysdelaLoire\/status\/1794381935554286052?ref_src=twsrc%5Etfw\">May 25, 2024<\/a><\/p><\/blockquote>\n<p><script async src=\"https:\/\/platform.twitter.com\/widgets.js\" charset=\"utf-8\"><\/script><\/p>\n<p>&nbsp;<\/p>\n","protected":false},"excerpt":{"rendered":"<p>LES BOUCLES DE LA MAYENNE 2024 \u2013 Victorieux de la 2\u00e8me \u00e9tape \u00e0 Villaines-la-Juhel ce samedi, Alberto Bettiol (EF Education EasyPost) s&rsquo;est empar\u00e9 de la t\u00eate du classement g\u00e9n\u00e9ral des Boucles de la Mayenne.<\/p>\n","protected":false},"author":4,"featured_media":488066,"comment_status":"open","ping_status":"closed","sticky":false,"template":"","format":"standard","meta":{"_acf_changed":false,"_daextam_enable_autolinks":"1","footnotes":""},"categories":[46994],"tags":[8023,16878],"class_list":["post-488049","post","type-post","status-publish","format-standard","has-post-thumbnail","hentry","category-cyclisme-sur-route","tag-boucles-de-la-mayenne","tag-breve"],"acf":[],"yoast_head":"<!-- This site is optimized with the Yoast SEO Premium plugin v26.7 (Yoast SEO v26.7) - https:\/\/yoast.com\/wordpress\/plugins\/seo\/ -->\n<title>Boucles de la Mayenne 2024 : Alberto Bettiol fait coup double sur la 2\u00e8me \u00e9tape<\/title>\n<meta name=\"description\" content=\"Victorieux de la 2\u00e8me \u00e9tape \u00e0 Villaines-la-Juhel ce samedi, Alberto Bettiol (EF Education EasyPost) s&#039;est empar\u00e9 de la t\u00eate du classement g\u00e9n\u00e9ral des Boucles de la Mayenne.\" \/>\n<meta name=\"robots\" content=\"index, follow, max-snippet:-1, max-image-preview:large, max-video-preview:-1\" \/>\n<link rel=\"canonical\" href=\"https:\/\/dicodusport.fr\/blog\/boucles-de-la-mayenne-2024-alberto-bettiol-fait-coup-double-sur-la-2eme-etape\/\" \/>\n<meta property=\"og:locale\" content=\"fr_FR\" \/>\n<meta property=\"og:type\" content=\"article\" \/>\n<meta property=\"og:title\" content=\"Boucles de la Mayenne 2024 : Alberto Bettiol fait coup double sur la 2\u00e8me \u00e9tape\" \/>\n<meta property=\"og:description\" content=\"Victorieux de la 2\u00e8me \u00e9tape \u00e0 Villaines-la-Juhel ce samedi, Alberto Bettiol (EF Education EasyPost) s&#039;est empar\u00e9 de la t\u00eate du classement g\u00e9n\u00e9ral des Boucles de la Mayenne.\" \/>\n<meta property=\"og:url\" content=\"https:\/\/dicodusport.fr\/blog\/boucles-de-la-mayenne-2024-alberto-bettiol-fait-coup-double-sur-la-2eme-etape\/\" \/>\n<meta property=\"og:site_name\" content=\"Dicodusport\" \/>\n<meta property=\"article:publisher\" content=\"https:\/\/www.facebook.com\/dicodusport\" \/>\n<meta property=\"article:author\" content=\"https:\/\/www.facebook.com\/florent.ostermann\" \/>\n<meta property=\"article:published_time\" content=\"2024-05-25T14:52:17+00:00\" \/>\n<meta property=\"article:modified_time\" content=\"2024-05-25T15:50:09+00:00\" \/>\n<meta property=\"og:image\" content=\"https:\/\/dicodusport.fr\/blog\/wp-content\/uploads\/2024\/05\/Boucles-de-la-Mayenne-2024-Alberto-Bettiol-fait-coup-double-sur-la-2eme-etape.png\" \/>\n\t<meta property=\"og:image:width\" content=\"1200\" \/>\n\t<meta property=\"og:image:height\" content=\"674\" \/>\n\t<meta property=\"og:image:type\" content=\"image\/png\" \/>\n<meta name=\"author\" content=\"Flo Ostermann\" \/>\n<meta name=\"twitter:card\" content=\"summary_large_image\" \/>\n<meta name=\"twitter:title\" content=\"Boucles de la Mayenne 2024 : Alberto Bettiol fait coup double sur la 2\u00e8me \u00e9tape\" \/>\n<meta name=\"twitter:creator\" content=\"@https:\/\/twitter.com\/FlOstermann\" \/>\n<meta name=\"twitter:site\" content=\"@dicodusport\" \/>\n<script type=\"application\/ld+json\" class=\"yoast-schema-graph\">{\"@context\":\"https:\/\/schema.org\",\"@graph\":[{\"@type\":\"NewsArticle\",\"@id\":\"https:\/\/dicodusport.fr\/blog\/boucles-de-la-mayenne-2024-alberto-bettiol-fait-coup-double-sur-la-2eme-etape\/#article\",\"isPartOf\":{\"@id\":\"https:\/\/dicodusport.fr\/blog\/boucles-de-la-mayenne-2024-alberto-bettiol-fait-coup-double-sur-la-2eme-etape\/\"},\"author\":{\"name\":\"Flo Ostermann\",\"@id\":\"https:\/\/dicodusport.fr\/blog\/#\/schema\/person\/cb02af4c173ce4a653b55e9baf388d4a\"},\"headline\":\"Boucles de la Mayenne 2024 : Alberto Bettiol fait coup double sur la 2\u00e8me \u00e9tape\",\"datePublished\":\"2024-05-25T14:52:17+00:00\",\"dateModified\":\"2024-05-25T15:50:09+00:00\",\"mainEntityOfPage\":{\"@id\":\"https:\/\/dicodusport.fr\/blog\/boucles-de-la-mayenne-2024-alberto-bettiol-fait-coup-double-sur-la-2eme-etape\/\"},\"wordCount\":284,\"commentCount\":0,\"publisher\":{\"@id\":\"https:\/\/dicodusport.fr\/blog\/#organization\"},\"image\":{\"@id\":\"https:\/\/dicodusport.fr\/blog\/boucles-de-la-mayenne-2024-alberto-bettiol-fait-coup-double-sur-la-2eme-etape\/#primaryimage\"},\"thumbnailUrl\":\"https:\/\/dicodusport.fr\/blog\/wp-content\/uploads\/2024\/05\/Boucles-de-la-Mayenne-2024-Alberto-Bettiol-fait-coup-double-sur-la-2eme-etape.png\",\"keywords\":[\"Boucles de la Mayenne\",\"br\u00e8ve\"],\"articleSection\":[\"Cyclisme sur route\"],\"inLanguage\":\"fr-FR\",\"potentialAction\":[{\"@type\":\"CommentAction\",\"name\":\"Comment\",\"target\":[\"https:\/\/dicodusport.fr\/blog\/boucles-de-la-mayenne-2024-alberto-bettiol-fait-coup-double-sur-la-2eme-etape\/#respond\"]}],\"copyrightYear\":\"2024\",\"copyrightHolder\":{\"@id\":\"https:\/\/dicodusport.fr\/blog\/#organization\"}},{\"@type\":\"WebPage\",\"@id\":\"https:\/\/dicodusport.fr\/blog\/boucles-de-la-mayenne-2024-alberto-bettiol-fait-coup-double-sur-la-2eme-etape\/\",\"url\":\"https:\/\/dicodusport.fr\/blog\/boucles-de-la-mayenne-2024-alberto-bettiol-fait-coup-double-sur-la-2eme-etape\/\",\"name\":\"Boucles de la Mayenne 2024 : Alberto Bettiol fait coup double sur la 2\u00e8me \u00e9tape\",\"isPartOf\":{\"@id\":\"https:\/\/dicodusport.fr\/blog\/#website\"},\"primaryImageOfPage\":{\"@id\":\"https:\/\/dicodusport.fr\/blog\/boucles-de-la-mayenne-2024-alberto-bettiol-fait-coup-double-sur-la-2eme-etape\/#primaryimage\"},\"image\":{\"@id\":\"https:\/\/dicodusport.fr\/blog\/boucles-de-la-mayenne-2024-alberto-bettiol-fait-coup-double-sur-la-2eme-etape\/#primaryimage\"},\"thumbnailUrl\":\"https:\/\/dicodusport.fr\/blog\/wp-content\/uploads\/2024\/05\/Boucles-de-la-Mayenne-2024-Alberto-Bettiol-fait-coup-double-sur-la-2eme-etape.png\",\"datePublished\":\"2024-05-25T14:52:17+00:00\",\"dateModified\":\"2024-05-25T15:50:09+00:00\",\"description\":\"Victorieux de la 2\u00e8me \u00e9tape \u00e0 Villaines-la-Juhel ce samedi, Alberto Bettiol (EF Education EasyPost) s'est empar\u00e9 de la t\u00eate du classement g\u00e9n\u00e9ral des Boucles de la Mayenne.\",\"breadcrumb\":{\"@id\":\"https:\/\/dicodusport.fr\/blog\/boucles-de-la-mayenne-2024-alberto-bettiol-fait-coup-double-sur-la-2eme-etape\/#breadcrumb\"},\"inLanguage\":\"fr-FR\",\"potentialAction\":[{\"@type\":\"ReadAction\",\"target\":[\"https:\/\/dicodusport.fr\/blog\/boucles-de-la-mayenne-2024-alberto-bettiol-fait-coup-double-sur-la-2eme-etape\/\"]}]},{\"@type\":\"ImageObject\",\"inLanguage\":\"fr-FR\",\"@id\":\"https:\/\/dicodusport.fr\/blog\/boucles-de-la-mayenne-2024-alberto-bettiol-fait-coup-double-sur-la-2eme-etape\/#primaryimage\",\"url\":\"https:\/\/dicodusport.fr\/blog\/wp-content\/uploads\/2024\/05\/Boucles-de-la-Mayenne-2024-Alberto-Bettiol-fait-coup-double-sur-la-2eme-etape.png\",\"contentUrl\":\"https:\/\/dicodusport.fr\/blog\/wp-content\/uploads\/2024\/05\/Boucles-de-la-Mayenne-2024-Alberto-Bettiol-fait-coup-double-sur-la-2eme-etape.png\",\"width\":1200,\"height\":674,\"caption\":\"Boucles de la Mayenne 2024 Alberto Bettiol fait coup double sur la 2\u00e8me \u00e9tape\"},{\"@type\":\"BreadcrumbList\",\"@id\":\"https:\/\/dicodusport.fr\/blog\/boucles-de-la-mayenne-2024-alberto-bettiol-fait-coup-double-sur-la-2eme-etape\/#breadcrumb\",\"itemListElement\":[{\"@type\":\"ListItem\",\"position\":1,\"name\":\"Accueil\",\"item\":\"https:\/\/dicodusport.fr\/blog\/\"},{\"@type\":\"ListItem\",\"position\":2,\"name\":\"Boucles de la Mayenne 2024 : Alberto Bettiol fait coup double sur la 2\u00e8me \u00e9tape\"}]},{\"@type\":\"WebSite\",\"@id\":\"https:\/\/dicodusport.fr\/blog\/#website\",\"url\":\"https:\/\/dicodusport.fr\/blog\/\",\"name\":\"Dicodusport\",\"description\":\"L&#039;encyclop\u00e9die de l&#039;actualit\u00e9 sportive\",\"publisher\":{\"@id\":\"https:\/\/dicodusport.fr\/blog\/#organization\"},\"potentialAction\":[{\"@type\":\"SearchAction\",\"target\":{\"@type\":\"EntryPoint\",\"urlTemplate\":\"https:\/\/dicodusport.fr\/blog\/?s={search_term_string}\"},\"query-input\":{\"@type\":\"PropertyValueSpecification\",\"valueRequired\":true,\"valueName\":\"search_term_string\"}}],\"inLanguage\":\"fr-FR\"},{\"@type\":\"NewsMediaOrganization\",\"@id\":\"https:\/\/dicodusport.fr\/blog\/#organization\",\"name\":\"Dicodusport\",\"url\":\"https:\/\/dicodusport.fr\/blog\/\",\"logo\":{\"@type\":\"ImageObject\",\"inLanguage\":\"fr-FR\",\"@id\":\"https:\/\/dicodusport.fr\/blog\/#\/schema\/logo\/image\/\",\"url\":\"https:\/\/dicodusport.fr\/blog\/wp-content\/uploads\/2020\/06\/cropped-LOGO-DICODUSPORT-2020-SANS-FOND-SANS-TEXTE.png\",\"contentUrl\":\"https:\/\/dicodusport.fr\/blog\/wp-content\/uploads\/2020\/06\/cropped-LOGO-DICODUSPORT-2020-SANS-FOND-SANS-TEXTE.png\",\"width\":512,\"height\":512,\"caption\":\"Dicodusport\"},\"image\":{\"@id\":\"https:\/\/dicodusport.fr\/blog\/#\/schema\/logo\/image\/\"},\"sameAs\":[\"https:\/\/www.facebook.com\/dicodusport\",\"https:\/\/x.com\/dicodusport\",\"https:\/\/www.instagram.com\/dicodusport\/\",\"https:\/\/www.youtube.com\/channel\/UC7V2KZ5sd3htJivAbA4ZG3w\"],\"description\":\"Dicodusport est l'encyclop\u00e9die de l'actualit\u00e9 sportive.\",\"email\":\"bonjour@dicodusport.fr\",\"legalName\":\"DICODUSPORT\",\"foundingDate\":\"2018-01-14\",\"vatID\":\"FR71834470973\",\"taxID\":\"83447097300043\",\"numberOfEmployees\":{\"@type\":\"QuantitativeValue\",\"minValue\":\"1\",\"maxValue\":\"10\"}},{\"@type\":\"Person\",\"@id\":\"https:\/\/dicodusport.fr\/blog\/#\/schema\/person\/cb02af4c173ce4a653b55e9baf388d4a\",\"name\":\"Flo Ostermann\",\"image\":{\"@type\":\"ImageObject\",\"inLanguage\":\"fr-FR\",\"@id\":\"https:\/\/dicodusport.fr\/blog\/#\/schema\/person\/image\/\",\"url\":\"https:\/\/dicodusport.fr\/blog\/wp-content\/uploads\/2021\/05\/Flo-Ostermann-150x150.jpg\",\"contentUrl\":\"https:\/\/dicodusport.fr\/blog\/wp-content\/uploads\/2021\/05\/Flo-Ostermann-150x150.jpg\",\"caption\":\"Flo Ostermann\"},\"description\":\"Journaliste\/R\u00e9dacteur depuis septembre 2015 - Mes premiers souvenirs dans le sport ? Les envol\u00e9es du Stade Toulousain et les duels Villeneuve-Schumacher et H\u00e4kkinen-Schumacher \u00e0 la fin des ann\u00e9es 90, la Coupe du monde de football en 1998, l\u2019exploit du XV de France face aux All Blacks en 1999, mais aussi Richard C\u0153ur de Lion qui vole sur les montagnes du Tour de France. Bien parti pour devenir professeur d\u2019EPS, les \u00e9v\u00e9nements de la vie (et la flemme d\u2019animer des s\u00e9ances de 3x500 m\u00e8tres toute ma vie) m\u2019ont conduit \u00e0 revoir mes plans. Me voil\u00e0 depuis fin 2017 sur Dicodusport, m\u00e9dia gr\u00e2ce (et pour) lequel je partage ma passion : le sport dans tous ses \u00e9tats. Le tout accompagn\u00e9 par les fous furieux et folles furieuses cit\u00e9s sur cette page !\",\"sameAs\":[\"https:\/\/www.facebook.com\/florent.ostermann\",\"https:\/\/x.com\/https:\/\/twitter.com\/FlOstermann\",\"admin\"],\"url\":\"https:\/\/dicodusport.fr\/blog\/author\/flo\/\"}]}<\/script>\n<!-- \/ Yoast SEO Premium plugin. -->","yoast_head_json":{"title":"Boucles de la Mayenne 2024 : Alberto Bettiol fait coup double sur la 2\u00e8me \u00e9tape","description":"Victorieux de la 2\u00e8me \u00e9tape \u00e0 Villaines-la-Juhel ce samedi, Alberto Bettiol (EF Education EasyPost) s'est empar\u00e9 de la t\u00eate du classement g\u00e9n\u00e9ral des Boucles de la Mayenne.","robots":{"index":"index","follow":"follow","max-snippet":"max-snippet:-1","max-image-preview":"max-image-preview:large","max-video-preview":"max-video-preview:-1"},"canonical":"https:\/\/dicodusport.fr\/blog\/boucles-de-la-mayenne-2024-alberto-bettiol-fait-coup-double-sur-la-2eme-etape\/","og_locale":"fr_FR","og_type":"article","og_title":"Boucles de la Mayenne 2024 : Alberto Bettiol fait coup double sur la 2\u00e8me \u00e9tape","og_description":"Victorieux de la 2\u00e8me \u00e9tape \u00e0 Villaines-la-Juhel ce samedi, Alberto Bettiol (EF Education EasyPost) s'est empar\u00e9 de la t\u00eate du classement g\u00e9n\u00e9ral des Boucles de la Mayenne.","og_url":"https:\/\/dicodusport.fr\/blog\/boucles-de-la-mayenne-2024-alberto-bettiol-fait-coup-double-sur-la-2eme-etape\/","og_site_name":"Dicodusport","article_publisher":"https:\/\/www.facebook.com\/dicodusport","article_author":"https:\/\/www.facebook.com\/florent.ostermann","article_published_time":"2024-05-25T14:52:17+00:00","article_modified_time":"2024-05-25T15:50:09+00:00","og_image":[{"width":1200,"height":674,"url":"https:\/\/dicodusport.fr\/blog\/wp-content\/uploads\/2024\/05\/Boucles-de-la-Mayenne-2024-Alberto-Bettiol-fait-coup-double-sur-la-2eme-etape.png","type":"image\/png"}],"author":"Flo Ostermann","twitter_card":"summary_large_image","twitter_title":"Boucles de la Mayenne 2024 : Alberto Bettiol fait coup double sur la 2\u00e8me \u00e9tape","twitter_creator":"@https:\/\/twitter.com\/FlOstermann","twitter_site":"@dicodusport","schema":{"@context":"https:\/\/schema.org","@graph":[{"@type":"NewsArticle","@id":"https:\/\/dicodusport.fr\/blog\/boucles-de-la-mayenne-2024-alberto-bettiol-fait-coup-double-sur-la-2eme-etape\/#article","isPartOf":{"@id":"https:\/\/dicodusport.fr\/blog\/boucles-de-la-mayenne-2024-alberto-bettiol-fait-coup-double-sur-la-2eme-etape\/"},"author":{"name":"Flo Ostermann","@id":"https:\/\/dicodusport.fr\/blog\/#\/schema\/person\/cb02af4c173ce4a653b55e9baf388d4a"},"headline":"Boucles de la Mayenne 2024 : Alberto Bettiol fait coup double sur la 2\u00e8me \u00e9tape","datePublished":"2024-05-25T14:52:17+00:00","dateModified":"2024-05-25T15:50:09+00:00","mainEntityOfPage":{"@id":"https:\/\/dicodusport.fr\/blog\/boucles-de-la-mayenne-2024-alberto-bettiol-fait-coup-double-sur-la-2eme-etape\/"},"wordCount":284,"commentCount":0,"publisher":{"@id":"https:\/\/dicodusport.fr\/blog\/#organization"},"image":{"@id":"https:\/\/dicodusport.fr\/blog\/boucles-de-la-mayenne-2024-alberto-bettiol-fait-coup-double-sur-la-2eme-etape\/#primaryimage"},"thumbnailUrl":"https:\/\/dicodusport.fr\/blog\/wp-content\/uploads\/2024\/05\/Boucles-de-la-Mayenne-2024-Alberto-Bettiol-fait-coup-double-sur-la-2eme-etape.png","keywords":["Boucles de la Mayenne","br\u00e8ve"],"articleSection":["Cyclisme sur route"],"inLanguage":"fr-FR","potentialAction":[{"@type":"CommentAction","name":"Comment","target":["https:\/\/dicodusport.fr\/blog\/boucles-de-la-mayenne-2024-alberto-bettiol-fait-coup-double-sur-la-2eme-etape\/#respond"]}],"copyrightYear":"2024","copyrightHolder":{"@id":"https:\/\/dicodusport.fr\/blog\/#organization"}},{"@type":"WebPage","@id":"https:\/\/dicodusport.fr\/blog\/boucles-de-la-mayenne-2024-alberto-bettiol-fait-coup-double-sur-la-2eme-etape\/","url":"https:\/\/dicodusport.fr\/blog\/boucles-de-la-mayenne-2024-alberto-bettiol-fait-coup-double-sur-la-2eme-etape\/","name":"Boucles de la Mayenne 2024 : Alberto Bettiol fait coup double sur la 2\u00e8me \u00e9tape","isPartOf":{"@id":"https:\/\/dicodusport.fr\/blog\/#website"},"primaryImageOfPage":{"@id":"https:\/\/dicodusport.fr\/blog\/boucles-de-la-mayenne-2024-alberto-bettiol-fait-coup-double-sur-la-2eme-etape\/#primaryimage"},"image":{"@id":"https:\/\/dicodusport.fr\/blog\/boucles-de-la-mayenne-2024-alberto-bettiol-fait-coup-double-sur-la-2eme-etape\/#primaryimage"},"thumbnailUrl":"https:\/\/dicodusport.fr\/blog\/wp-content\/uploads\/2024\/05\/Boucles-de-la-Mayenne-2024-Alberto-Bettiol-fait-coup-double-sur-la-2eme-etape.png","datePublished":"2024-05-25T14:52:17+00:00","dateModified":"2024-05-25T15:50:09+00:00","description":"Victorieux de la 2\u00e8me \u00e9tape \u00e0 Villaines-la-Juhel ce samedi, Alberto Bettiol (EF Education EasyPost) s'est empar\u00e9 de la t\u00eate du classement g\u00e9n\u00e9ral des Boucles de la Mayenne.","breadcrumb":{"@id":"https:\/\/dicodusport.fr\/blog\/boucles-de-la-mayenne-2024-alberto-bettiol-fait-coup-double-sur-la-2eme-etape\/#breadcrumb"},"inLanguage":"fr-FR","potentialAction":[{"@type":"ReadAction","target":["https:\/\/dicodusport.fr\/blog\/boucles-de-la-mayenne-2024-alberto-bettiol-fait-coup-double-sur-la-2eme-etape\/"]}]},{"@type":"ImageObject","inLanguage":"fr-FR","@id":"https:\/\/dicodusport.fr\/blog\/boucles-de-la-mayenne-2024-alberto-bettiol-fait-coup-double-sur-la-2eme-etape\/#primaryimage","url":"https:\/\/dicodusport.fr\/blog\/wp-content\/uploads\/2024\/05\/Boucles-de-la-Mayenne-2024-Alberto-Bettiol-fait-coup-double-sur-la-2eme-etape.png","contentUrl":"https:\/\/dicodusport.fr\/blog\/wp-content\/uploads\/2024\/05\/Boucles-de-la-Mayenne-2024-Alberto-Bettiol-fait-coup-double-sur-la-2eme-etape.png","width":1200,"height":674,"caption":"Boucles de la Mayenne 2024 Alberto Bettiol fait coup double sur la 2\u00e8me \u00e9tape"},{"@type":"BreadcrumbList","@id":"https:\/\/dicodusport.fr\/blog\/boucles-de-la-mayenne-2024-alberto-bettiol-fait-coup-double-sur-la-2eme-etape\/#breadcrumb","itemListElement":[{"@type":"ListItem","position":1,"name":"Accueil","item":"https:\/\/dicodusport.fr\/blog\/"},{"@type":"ListItem","position":2,"name":"Boucles de la Mayenne 2024 : Alberto Bettiol fait coup double sur la 2\u00e8me \u00e9tape"}]},{"@type":"WebSite","@id":"https:\/\/dicodusport.fr\/blog\/#website","url":"https:\/\/dicodusport.fr\/blog\/","name":"Dicodusport","description":"L&#039;encyclop\u00e9die de l&#039;actualit\u00e9 sportive","publisher":{"@id":"https:\/\/dicodusport.fr\/blog\/#organization"},"potentialAction":[{"@type":"SearchAction","target":{"@type":"EntryPoint","urlTemplate":"https:\/\/dicodusport.fr\/blog\/?s={search_term_string}"},"query-input":{"@type":"PropertyValueSpecification","valueRequired":true,"valueName":"search_term_string"}}],"inLanguage":"fr-FR"},{"@type":"NewsMediaOrganization","@id":"https:\/\/dicodusport.fr\/blog\/#organization","name":"Dicodusport","url":"https:\/\/dicodusport.fr\/blog\/","logo":{"@type":"ImageObject","inLanguage":"fr-FR","@id":"https:\/\/dicodusport.fr\/blog\/#\/schema\/logo\/image\/","url":"https:\/\/dicodusport.fr\/blog\/wp-content\/uploads\/2020\/06\/cropped-LOGO-DICODUSPORT-2020-SANS-FOND-SANS-TEXTE.png","contentUrl":"https:\/\/dicodusport.fr\/blog\/wp-content\/uploads\/2020\/06\/cropped-LOGO-DICODUSPORT-2020-SANS-FOND-SANS-TEXTE.png","width":512,"height":512,"caption":"Dicodusport"},"image":{"@id":"https:\/\/dicodusport.fr\/blog\/#\/schema\/logo\/image\/"},"sameAs":["https:\/\/www.facebook.com\/dicodusport","https:\/\/x.com\/dicodusport","https:\/\/www.instagram.com\/dicodusport\/","https:\/\/www.youtube.com\/channel\/UC7V2KZ5sd3htJivAbA4ZG3w"],"description":"Dicodusport est l'encyclop\u00e9die de l'actualit\u00e9 sportive.","email":"bonjour@dicodusport.fr","legalName":"DICODUSPORT","foundingDate":"2018-01-14","vatID":"FR71834470973","taxID":"83447097300043","numberOfEmployees":{"@type":"QuantitativeValue","minValue":"1","maxValue":"10"}},{"@type":"Person","@id":"https:\/\/dicodusport.fr\/blog\/#\/schema\/person\/cb02af4c173ce4a653b55e9baf388d4a","name":"Flo Ostermann","image":{"@type":"ImageObject","inLanguage":"fr-FR","@id":"https:\/\/dicodusport.fr\/blog\/#\/schema\/person\/image\/","url":"https:\/\/dicodusport.fr\/blog\/wp-content\/uploads\/2021\/05\/Flo-Ostermann-150x150.jpg","contentUrl":"https:\/\/dicodusport.fr\/blog\/wp-content\/uploads\/2021\/05\/Flo-Ostermann-150x150.jpg","caption":"Flo Ostermann"},"description":"Journaliste\/R\u00e9dacteur depuis septembre 2015 - Mes premiers souvenirs dans le sport ? Les envol\u00e9es du Stade Toulousain et les duels Villeneuve-Schumacher et H\u00e4kkinen-Schumacher \u00e0 la fin des ann\u00e9es 90, la Coupe du monde de football en 1998, l\u2019exploit du XV de France face aux All Blacks en 1999, mais aussi Richard C\u0153ur de Lion qui vole sur les montagnes du Tour de France. Bien parti pour devenir professeur d\u2019EPS, les \u00e9v\u00e9nements de la vie (et la flemme d\u2019animer des s\u00e9ances de 3x500 m\u00e8tres toute ma vie) m\u2019ont conduit \u00e0 revoir mes plans. Me voil\u00e0 depuis fin 2017 sur Dicodusport, m\u00e9dia gr\u00e2ce (et pour) lequel je partage ma passion : le sport dans tous ses \u00e9tats. Le tout accompagn\u00e9 par les fous furieux et folles furieuses cit\u00e9s sur cette page !","sameAs":["https:\/\/www.facebook.com\/florent.ostermann","https:\/\/x.com\/https:\/\/twitter.com\/FlOstermann","admin"],"url":"https:\/\/dicodusport.fr\/blog\/author\/flo\/"}]}},"_links":{"self":[{"href":"https:\/\/dicodusport.fr\/blog\/wp-json\/wp\/v2\/posts\/488049","targetHints":{"allow":["GET"]}}],"collection":[{"href":"https:\/\/dicodusport.fr\/blog\/wp-json\/wp\/v2\/posts"}],"about":[{"href":"https:\/\/dicodusport.fr\/blog\/wp-json\/wp\/v2\/types\/post"}],"author":[{"embeddable":true,"href":"https:\/\/dicodusport.fr\/blog\/wp-json\/wp\/v2\/users\/4"}],"replies":[{"embeddable":true,"href":"https:\/\/dicodusport.fr\/blog\/wp-json\/wp\/v2\/comments?post=488049"}],"version-history":[{"count":5,"href":"https:\/\/dicodusport.fr\/blog\/wp-json\/wp\/v2\/posts\/488049\/revisions"}],"predecessor-version":[{"id":488108,"href":"https:\/\/dicodusport.fr\/blog\/wp-json\/wp\/v2\/posts\/488049\/revisions\/488108"}],"wp:featuredmedia":[{"embeddable":true,"href":"https:\/\/dicodusport.fr\/blog\/wp-json\/wp\/v2\/media\/488066"}],"wp:attachment":[{"href":"https:\/\/dicodusport.fr\/blog\/wp-json\/wp\/v2\/media?parent=488049"}],"wp:term":[{"taxonomy":"category","embeddable":true,"href":"https:\/\/dicodusport.fr\/blog\/wp-json\/wp\/v2\/categories?post=488049"},{"taxonomy":"post_tag","embeddable":true,"href":"https:\/\/dicodusport.fr\/blog\/wp-json\/wp\/v2\/tags?post=488049"}],"curies":[{"name":"wp","href":"https:\/\/api.w.org\/{rel}","templated":true}]}}