{"id":488204,"date":"2024-05-26T11:43:21","date_gmt":"2024-05-26T09:43:21","guid":{"rendered":"https:\/\/dicodusport.fr\/blog\/?p=488204&#038;preview=true&#038;preview_id=488204"},"modified":"2024-05-26T16:38:59","modified_gmt":"2024-05-26T14:38:59","slug":"vtt-xco-nove-mesto-brillante-pauline-ferrand-prevot-simpose-facilement-en-republique-tcheque","status":"publish","type":"post","link":"https:\/\/dicodusport.fr\/blog\/vtt-xco-nove-mesto-brillante-pauline-ferrand-prevot-simpose-facilement-en-republique-tcheque\/","title":{"rendered":"VTT XCO Nove Mesto : Brillante, Pauline Ferrand-Pr\u00e9vot s&rsquo;impose facilement en R\u00e9publique Tch\u00e8que"},"content":{"rendered":"<p style=\"text-align: justify;\"><strong><em>COUPE DU MONDE DE VTT 2024 &#8211; Pauline Ferrand-Pr\u00e9vot a rapidement fait la diff\u00e9rence ce dimanche pour empocher la victoire sur le XCO de Nove Mesto.<\/em><\/strong><\/p>\n<ul>\n<li style=\"text-align: justify;\"><strong>\u00c0 ce sujet \u2013\u00a0<a href=\"https:\/\/dicodusport.fr\/blog\/vtt-xco-nove-mesto-classement-course-femmes-2\/\">Classement du XCO femmes de Nove Mesto 2024<\/a><\/strong><\/li>\n<\/ul>\n<p style=\"text-align: justify;\"><span style=\"font-weight: 400;\">Avec l&rsquo;art et la mani\u00e8re. Jamais inqui\u00e9t\u00e9e, <\/span><b>Pauline Ferrand-Pr\u00e9vot <\/b><span style=\"font-weight: 400;\">confirme son r\u00e9sultat du XCC (2e) en remportant le format olympique sur les sentiers de Nove Mesto. Son retour en Coupe du monde est pour le moins r\u00e9ussi, la Fran\u00e7aise l&#8217;emporte avec une avance sup\u00e9rieure \u00e0 une minute sur <\/span><b>Haley Batten<\/b><span style=\"font-weight: 400;\">. <\/span><b>Alessandra Keller<\/b><span style=\"font-weight: 400;\"> prend la 3e place en se montrant plus forte que <\/span><b>Laura Stigger<\/b><span style=\"font-weight: 400;\"> et <\/span><b>Puck Pieterse <\/b><span style=\"font-weight: 400;\">dans le dernier tour. <\/span><b>Loana Lecomte <\/b><span style=\"font-weight: 400;\">se classe 13e de cette \u00e9preuve.<\/span><\/p>\n<h2 style=\"text-align: justify;\">Ferrand-Pr\u00e9vot se d\u00e9tache rapidement<\/h2>\n<p style=\"text-align: justify;\"><span style=\"font-weight: 400;\">Aucun souci au d\u00e9part de ce XCO. Toutes les v\u00e9t\u00e9tistes se sont laiss\u00e9es de la place et les grandes favorites du jour g\u00e8rent le rythme durant le start loop. <\/span><b>Pauline Ferrand-Pr\u00e9vot <\/b><span style=\"font-weight: 400;\">est la premi\u00e8re \u00e0 mettre un coup d&rsquo;acc\u00e9l\u00e9rateur apr\u00e8s six minutes de course. La championne du monde en titre poss\u00e8de plusieurs dizaines de m\u00e8tres d&rsquo;avance sur <\/span><b>Batten, Pieterse <\/b><span style=\"font-weight: 400;\">et <\/span><b>Lecomte<\/b><span style=\"font-weight: 400;\">. Les poursuivantes recollent d\u00e8s l&rsquo;entame du 1er tour complet. <\/span><b>Loana Lecomte <\/b><span style=\"font-weight: 400;\">est dans un 2e groupe \u00e0 20 secondes, mais les \u00e9carts croient rapidement sur ce trac\u00e9 ultra-exigeant.\u00a0<\/span><\/p>\n<ul>\n<li style=\"text-align: justify;\"><strong>\u00c0 ce sujet \u2013\u00a0<a href=\"https:\/\/dicodusport.fr\/blog\/coupe-du-monde-de-vtt-2024-classement-general-femmes\/\">Classement g\u00e9n\u00e9ral de la Coupe du monde femmes de VTT 2024<\/a><\/strong><\/li>\n<\/ul>\n<p style=\"text-align: justify;\"><span style=\"font-weight: 400;\">Il fallait s&rsquo;y attendre, les deux grandes absentes des Coupes du monde br\u00e9siliennes, <\/span><b>Puck Pieterse <\/b><span style=\"font-weight: 400;\">et <\/span><b>Pauline Ferrand-Pr\u00e9vot, <\/b><span style=\"font-weight: 400;\">s&rsquo;isolent en t\u00eate de course. La Fran\u00e7aise a encore une fois une courte t\u00eate d&rsquo;avance, mais la N\u00e9erlandaise l&rsquo;a dans son viseur. La diff\u00e9rence se fait progressivement. \u00c0 partir de la 3e des 6 boucles, <\/span><b>PFP <\/b><span style=\"font-weight: 400;\">augmente son \u00e9cart. La cycliste d&rsquo;INEOS Grenadiers garde un tempo similaire \u00e0 travers les tours, ce qui met \u00e0 mal ses adversaires.\u00a0<\/span><\/p>\n<blockquote class=\"twitter-tweet\">\n<p dir=\"ltr\" lang=\"fr\">\ud83c\uddeb\ud83c\uddf7 Un r\u00e9cital : Pauline Ferrand-Pr\u00e9vot remporte haut la main le cross-country olympique \u00e0 Nove Mesto !<\/p>\n<p>Suivez la Coupe du monde de VTT en int\u00e9gralit\u00e9 sur Eurosport <a href=\"https:\/\/twitter.com\/hashtag\/MTBWorldCup?src=hash&amp;ref_src=twsrc%5Etfw\">#MTBWorldCup<\/a> <a href=\"https:\/\/t.co\/l1Evg8PR9m\">pic.twitter.com\/l1Evg8PR9m<\/a><\/p>\n<p>\u2014 Eurosport France (@Eurosport_FR) <a href=\"https:\/\/twitter.com\/Eurosport_FR\/status\/1794667048632480227?ref_src=twsrc%5Etfw\">May 26, 2024<\/a><\/p><\/blockquote>\n<p><script async src=\"https:\/\/platform.twitter.com\/widgets.js\" charset=\"utf-8\"><\/script><\/p>\n<h2 style=\"text-align: justify;\"><strong>Batten reste leader du g\u00e9n\u00e9ral\u00a0<\/strong><\/h2>\n<p style=\"text-align: justify;\"><span style=\"font-weight: 400;\">Plus personne ne reverra la native de Reims avant la ligne d&rsquo;arriv\u00e9e. Une victoire nette et sans bavure \u00e0 deux mois des Jeux. Il ne lui reste plus que trois Coupe du monde avant de combattre pour l&rsquo;or sur la colline d&rsquo;Elancourt. Derri\u00e8re elle, un quatuor s&rsquo;est battu pour les diff\u00e9rentes places sur le podium. La leader du classement g\u00e9n\u00e9ral\u00a0<strong>Haley Batten\u00a0<\/strong>termine avec une minute de retard sur\u00a0<strong>PFP <\/strong>et garde son dossard blanc et rouge.<\/span><\/p>\n","protected":false},"excerpt":{"rendered":"<p>COUPE DU MONDE DE VTT 2024 &#8211; Pauline Ferrand-Pr\u00e9vot a rapidement fait la diff\u00e9rence ce dimanche pour empocher la victoire sur le XCO de Nove Mesto.<\/p>\n","protected":false},"author":61,"featured_media":488344,"comment_status":"open","ping_status":"closed","sticky":false,"template":"","format":"standard","meta":{"_acf_changed":false,"_daextam_enable_autolinks":"1","footnotes":""},"categories":[10279],"tags":[16878,39592,1340,692,16676],"class_list":["post-488204","post","type-post","status-publish","format-standard","has-post-thumbnail","hentry","category-vtt","tag-breve","tag-mtb-world-series","tag-pauline-ferrand-prevot","tag-vtt","tag-vtt-xco-nove-mesto"],"acf":[],"yoast_head":"<!-- This site is optimized with the Yoast SEO Premium plugin v26.7 (Yoast SEO v26.7) - https:\/\/yoast.com\/wordpress\/plugins\/seo\/ -->\n<title>VTT XCO Nove Mesto : Brillante, Pauline Ferrand-Pr\u00e9vot s&#039;impose facilement en R\u00e9publique Tch\u00e8que<\/title>\n<meta name=\"description\" content=\"Pauline Ferrand-Pr\u00e9vot a rapidement fait la diff\u00e9rence pour remporter ce dimanche le XCO de Nove Mesto.\" \/>\n<meta name=\"robots\" content=\"index, follow, max-snippet:-1, max-image-preview:large, max-video-preview:-1\" \/>\n<link rel=\"canonical\" href=\"https:\/\/dicodusport.fr\/blog\/vtt-xco-nove-mesto-brillante-pauline-ferrand-prevot-simpose-facilement-en-republique-tcheque\/\" \/>\n<meta property=\"og:locale\" content=\"fr_FR\" \/>\n<meta property=\"og:type\" content=\"article\" \/>\n<meta property=\"og:title\" content=\"VTT XCO Nove Mesto : Brillante, Pauline Ferrand-Pr\u00e9vot s&#039;impose facilement en R\u00e9publique Tch\u00e8que\" \/>\n<meta property=\"og:description\" content=\"Pauline Ferrand-Pr\u00e9vot a rapidement fait la diff\u00e9rence pour remporter ce dimanche le XCO de Nove Mesto.\" \/>\n<meta property=\"og:url\" content=\"https:\/\/dicodusport.fr\/blog\/vtt-xco-nove-mesto-brillante-pauline-ferrand-prevot-simpose-facilement-en-republique-tcheque\/\" \/>\n<meta property=\"og:site_name\" content=\"Dicodusport\" \/>\n<meta property=\"article:publisher\" content=\"https:\/\/www.facebook.com\/dicodusport\" \/>\n<meta property=\"article:published_time\" content=\"2024-05-26T09:43:21+00:00\" \/>\n<meta property=\"article:modified_time\" content=\"2024-05-26T14:38:59+00:00\" \/>\n<meta property=\"og:image\" content=\"https:\/\/dicodusport.fr\/blog\/wp-content\/uploads\/2024\/05\/VTT-XCO-Nove-Mesto-Brillante-Pauline-Ferrand-Prevot-simpose-facilement-en-Republique-Tcheque-1.png\" \/>\n\t<meta property=\"og:image:width\" content=\"1200\" \/>\n\t<meta property=\"og:image:height\" content=\"674\" \/>\n\t<meta property=\"og:image:type\" content=\"image\/png\" \/>\n<meta name=\"author\" content=\"Pierre Gorce\" \/>\n<meta name=\"twitter:card\" content=\"summary_large_image\" \/>\n<meta name=\"twitter:title\" content=\"VTT XCO Nove Mesto : Brillante, Pauline Ferrand-Pr\u00e9vot s&#039;impose facilement en R\u00e9publique Tch\u00e8que\" \/>\n<meta name=\"twitter:creator\" content=\"@https:\/\/twitter.com\/pierregorce12\" \/>\n<meta name=\"twitter:site\" content=\"@dicodusport\" \/>\n<script type=\"application\/ld+json\" class=\"yoast-schema-graph\">{\"@context\":\"https:\/\/schema.org\",\"@graph\":[{\"@type\":\"NewsArticle\",\"@id\":\"https:\/\/dicodusport.fr\/blog\/vtt-xco-nove-mesto-brillante-pauline-ferrand-prevot-simpose-facilement-en-republique-tcheque\/#article\",\"isPartOf\":{\"@id\":\"https:\/\/dicodusport.fr\/blog\/vtt-xco-nove-mesto-brillante-pauline-ferrand-prevot-simpose-facilement-en-republique-tcheque\/\"},\"author\":{\"name\":\"Pierre Gorce\",\"@id\":\"https:\/\/dicodusport.fr\/blog\/#\/schema\/person\/0eaf70b33d703a1a66b1155ac1bda018\"},\"headline\":\"VTT XCO Nove Mesto : Brillante, Pauline Ferrand-Pr\u00e9vot s&rsquo;impose facilement en R\u00e9publique Tch\u00e8que\",\"datePublished\":\"2024-05-26T09:43:21+00:00\",\"dateModified\":\"2024-05-26T14:38:59+00:00\",\"mainEntityOfPage\":{\"@id\":\"https:\/\/dicodusport.fr\/blog\/vtt-xco-nove-mesto-brillante-pauline-ferrand-prevot-simpose-facilement-en-republique-tcheque\/\"},\"wordCount\":478,\"commentCount\":0,\"publisher\":{\"@id\":\"https:\/\/dicodusport.fr\/blog\/#organization\"},\"image\":{\"@id\":\"https:\/\/dicodusport.fr\/blog\/vtt-xco-nove-mesto-brillante-pauline-ferrand-prevot-simpose-facilement-en-republique-tcheque\/#primaryimage\"},\"thumbnailUrl\":\"https:\/\/dicodusport.fr\/blog\/wp-content\/uploads\/2024\/05\/VTT-XCO-Nove-Mesto-Brillante-Pauline-Ferrand-Prevot-simpose-facilement-en-Republique-Tcheque-1.png\",\"keywords\":[\"br\u00e8ve\",\"MTB World Series\",\"Pauline Ferrand-Pr\u00e9vot\",\"VTT\",\"VTT XCO Nove Mesto\"],\"articleSection\":[\"VTT\"],\"inLanguage\":\"fr-FR\",\"potentialAction\":[{\"@type\":\"CommentAction\",\"name\":\"Comment\",\"target\":[\"https:\/\/dicodusport.fr\/blog\/vtt-xco-nove-mesto-brillante-pauline-ferrand-prevot-simpose-facilement-en-republique-tcheque\/#respond\"]}],\"copyrightYear\":\"2024\",\"copyrightHolder\":{\"@id\":\"https:\/\/dicodusport.fr\/blog\/#organization\"}},{\"@type\":\"WebPage\",\"@id\":\"https:\/\/dicodusport.fr\/blog\/vtt-xco-nove-mesto-brillante-pauline-ferrand-prevot-simpose-facilement-en-republique-tcheque\/\",\"url\":\"https:\/\/dicodusport.fr\/blog\/vtt-xco-nove-mesto-brillante-pauline-ferrand-prevot-simpose-facilement-en-republique-tcheque\/\",\"name\":\"VTT XCO Nove Mesto : Brillante, Pauline Ferrand-Pr\u00e9vot s'impose facilement en R\u00e9publique Tch\u00e8que\",\"isPartOf\":{\"@id\":\"https:\/\/dicodusport.fr\/blog\/#website\"},\"primaryImageOfPage\":{\"@id\":\"https:\/\/dicodusport.fr\/blog\/vtt-xco-nove-mesto-brillante-pauline-ferrand-prevot-simpose-facilement-en-republique-tcheque\/#primaryimage\"},\"image\":{\"@id\":\"https:\/\/dicodusport.fr\/blog\/vtt-xco-nove-mesto-brillante-pauline-ferrand-prevot-simpose-facilement-en-republique-tcheque\/#primaryimage\"},\"thumbnailUrl\":\"https:\/\/dicodusport.fr\/blog\/wp-content\/uploads\/2024\/05\/VTT-XCO-Nove-Mesto-Brillante-Pauline-Ferrand-Prevot-simpose-facilement-en-Republique-Tcheque-1.png\",\"datePublished\":\"2024-05-26T09:43:21+00:00\",\"dateModified\":\"2024-05-26T14:38:59+00:00\",\"description\":\"Pauline Ferrand-Pr\u00e9vot a rapidement fait la diff\u00e9rence pour remporter ce dimanche le XCO de Nove Mesto.\",\"breadcrumb\":{\"@id\":\"https:\/\/dicodusport.fr\/blog\/vtt-xco-nove-mesto-brillante-pauline-ferrand-prevot-simpose-facilement-en-republique-tcheque\/#breadcrumb\"},\"inLanguage\":\"fr-FR\",\"potentialAction\":[{\"@type\":\"ReadAction\",\"target\":[\"https:\/\/dicodusport.fr\/blog\/vtt-xco-nove-mesto-brillante-pauline-ferrand-prevot-simpose-facilement-en-republique-tcheque\/\"]}]},{\"@type\":\"ImageObject\",\"inLanguage\":\"fr-FR\",\"@id\":\"https:\/\/dicodusport.fr\/blog\/vtt-xco-nove-mesto-brillante-pauline-ferrand-prevot-simpose-facilement-en-republique-tcheque\/#primaryimage\",\"url\":\"https:\/\/dicodusport.fr\/blog\/wp-content\/uploads\/2024\/05\/VTT-XCO-Nove-Mesto-Brillante-Pauline-Ferrand-Prevot-simpose-facilement-en-Republique-Tcheque-1.png\",\"contentUrl\":\"https:\/\/dicodusport.fr\/blog\/wp-content\/uploads\/2024\/05\/VTT-XCO-Nove-Mesto-Brillante-Pauline-Ferrand-Prevot-simpose-facilement-en-Republique-Tcheque-1.png\",\"width\":1200,\"height\":674,\"caption\":\"VTT XCO Nove Mesto Brillante, Pauline Ferrand-Pr\u00e9vot s'impose facilement en R\u00e9publique Tch\u00e8que (1)\"},{\"@type\":\"BreadcrumbList\",\"@id\":\"https:\/\/dicodusport.fr\/blog\/vtt-xco-nove-mesto-brillante-pauline-ferrand-prevot-simpose-facilement-en-republique-tcheque\/#breadcrumb\",\"itemListElement\":[{\"@type\":\"ListItem\",\"position\":1,\"name\":\"Accueil\",\"item\":\"https:\/\/dicodusport.fr\/blog\/\"},{\"@type\":\"ListItem\",\"position\":2,\"name\":\"VTT XCO Nove Mesto : Brillante, Pauline Ferrand-Pr\u00e9vot s&rsquo;impose facilement en R\u00e9publique Tch\u00e8que\"}]},{\"@type\":\"WebSite\",\"@id\":\"https:\/\/dicodusport.fr\/blog\/#website\",\"url\":\"https:\/\/dicodusport.fr\/blog\/\",\"name\":\"Dicodusport\",\"description\":\"L&#039;encyclop\u00e9die de l&#039;actualit\u00e9 sportive\",\"publisher\":{\"@id\":\"https:\/\/dicodusport.fr\/blog\/#organization\"},\"potentialAction\":[{\"@type\":\"SearchAction\",\"target\":{\"@type\":\"EntryPoint\",\"urlTemplate\":\"https:\/\/dicodusport.fr\/blog\/?s={search_term_string}\"},\"query-input\":{\"@type\":\"PropertyValueSpecification\",\"valueRequired\":true,\"valueName\":\"search_term_string\"}}],\"inLanguage\":\"fr-FR\"},{\"@type\":\"NewsMediaOrganization\",\"@id\":\"https:\/\/dicodusport.fr\/blog\/#organization\",\"name\":\"Dicodusport\",\"url\":\"https:\/\/dicodusport.fr\/blog\/\",\"logo\":{\"@type\":\"ImageObject\",\"inLanguage\":\"fr-FR\",\"@id\":\"https:\/\/dicodusport.fr\/blog\/#\/schema\/logo\/image\/\",\"url\":\"https:\/\/dicodusport.fr\/blog\/wp-content\/uploads\/2020\/06\/cropped-LOGO-DICODUSPORT-2020-SANS-FOND-SANS-TEXTE.png\",\"contentUrl\":\"https:\/\/dicodusport.fr\/blog\/wp-content\/uploads\/2020\/06\/cropped-LOGO-DICODUSPORT-2020-SANS-FOND-SANS-TEXTE.png\",\"width\":512,\"height\":512,\"caption\":\"Dicodusport\"},\"image\":{\"@id\":\"https:\/\/dicodusport.fr\/blog\/#\/schema\/logo\/image\/\"},\"sameAs\":[\"https:\/\/www.facebook.com\/dicodusport\",\"https:\/\/x.com\/dicodusport\",\"https:\/\/www.instagram.com\/dicodusport\/\",\"https:\/\/www.youtube.com\/channel\/UC7V2KZ5sd3htJivAbA4ZG3w\"],\"description\":\"Dicodusport est l'encyclop\u00e9die de l'actualit\u00e9 sportive.\",\"email\":\"bonjour@dicodusport.fr\",\"legalName\":\"DICODUSPORT\",\"foundingDate\":\"2018-01-14\",\"vatID\":\"FR71834470973\",\"taxID\":\"83447097300043\",\"numberOfEmployees\":{\"@type\":\"QuantitativeValue\",\"minValue\":\"1\",\"maxValue\":\"10\"}},{\"@type\":\"Person\",\"@id\":\"https:\/\/dicodusport.fr\/blog\/#\/schema\/person\/0eaf70b33d703a1a66b1155ac1bda018\",\"name\":\"Pierre Gorce\",\"image\":{\"@type\":\"ImageObject\",\"inLanguage\":\"fr-FR\",\"@id\":\"https:\/\/dicodusport.fr\/blog\/#\/schema\/person\/image\/\",\"url\":\"https:\/\/dicodusport.fr\/blog\/wp-content\/uploads\/2022\/03\/IMG_20211214_233053_722-150x150.jpg\",\"contentUrl\":\"https:\/\/dicodusport.fr\/blog\/wp-content\/uploads\/2022\/03\/IMG_20211214_233053_722-150x150.jpg\",\"caption\":\"Pierre Gorce\"},\"description\":\"Couteau suisse venant tout droit de Haute-Savoie. Habitu\u00e9 \u00e0 regarder du sport depuis petit, j'en ai maintenant fait mon m\u00e9tier. Des sports d'hiver au surf, en passant par le tennis, la F1, le handball et l'athl\u00e9tisme, j'essaie d'avoir mes yeux sur l'enti\u00e8ret\u00e9 de l'actualit\u00e9. Jeune homme berc\u00e9 par les exploits de Jean-Baptiste Grange, Sebastian Vettel et des Experts. Membre de la g\u00e9n\u00e9ration 1999 comme Luka Doncic, Sydney McLaughlin, Lando Norris et Loana Lecomte, mais avec beaucoup moins de talent qu'eux.\",\"sameAs\":[\"https:\/\/x.com\/https:\/\/twitter.com\/pierregorce12\"],\"birthDate\":\"1999-08-29\",\"url\":\"https:\/\/dicodusport.fr\/blog\/author\/pierreg\/\"}]}<\/script>\n<!-- \/ Yoast SEO Premium plugin. -->","yoast_head_json":{"title":"VTT XCO Nove Mesto : Brillante, Pauline Ferrand-Pr\u00e9vot s'impose facilement en R\u00e9publique Tch\u00e8que","description":"Pauline Ferrand-Pr\u00e9vot a rapidement fait la diff\u00e9rence pour remporter ce dimanche le XCO de Nove Mesto.","robots":{"index":"index","follow":"follow","max-snippet":"max-snippet:-1","max-image-preview":"max-image-preview:large","max-video-preview":"max-video-preview:-1"},"canonical":"https:\/\/dicodusport.fr\/blog\/vtt-xco-nove-mesto-brillante-pauline-ferrand-prevot-simpose-facilement-en-republique-tcheque\/","og_locale":"fr_FR","og_type":"article","og_title":"VTT XCO Nove Mesto : Brillante, Pauline Ferrand-Pr\u00e9vot s'impose facilement en R\u00e9publique Tch\u00e8que","og_description":"Pauline Ferrand-Pr\u00e9vot a rapidement fait la diff\u00e9rence pour remporter ce dimanche le XCO de Nove Mesto.","og_url":"https:\/\/dicodusport.fr\/blog\/vtt-xco-nove-mesto-brillante-pauline-ferrand-prevot-simpose-facilement-en-republique-tcheque\/","og_site_name":"Dicodusport","article_publisher":"https:\/\/www.facebook.com\/dicodusport","article_published_time":"2024-05-26T09:43:21+00:00","article_modified_time":"2024-05-26T14:38:59+00:00","og_image":[{"width":1200,"height":674,"url":"https:\/\/dicodusport.fr\/blog\/wp-content\/uploads\/2024\/05\/VTT-XCO-Nove-Mesto-Brillante-Pauline-Ferrand-Prevot-simpose-facilement-en-Republique-Tcheque-1.png","type":"image\/png"}],"author":"Pierre Gorce","twitter_card":"summary_large_image","twitter_title":"VTT XCO Nove Mesto : Brillante, Pauline Ferrand-Pr\u00e9vot s'impose facilement en R\u00e9publique Tch\u00e8que","twitter_creator":"@https:\/\/twitter.com\/pierregorce12","twitter_site":"@dicodusport","schema":{"@context":"https:\/\/schema.org","@graph":[{"@type":"NewsArticle","@id":"https:\/\/dicodusport.fr\/blog\/vtt-xco-nove-mesto-brillante-pauline-ferrand-prevot-simpose-facilement-en-republique-tcheque\/#article","isPartOf":{"@id":"https:\/\/dicodusport.fr\/blog\/vtt-xco-nove-mesto-brillante-pauline-ferrand-prevot-simpose-facilement-en-republique-tcheque\/"},"author":{"name":"Pierre Gorce","@id":"https:\/\/dicodusport.fr\/blog\/#\/schema\/person\/0eaf70b33d703a1a66b1155ac1bda018"},"headline":"VTT XCO Nove Mesto : Brillante, Pauline Ferrand-Pr\u00e9vot s&rsquo;impose facilement en R\u00e9publique Tch\u00e8que","datePublished":"2024-05-26T09:43:21+00:00","dateModified":"2024-05-26T14:38:59+00:00","mainEntityOfPage":{"@id":"https:\/\/dicodusport.fr\/blog\/vtt-xco-nove-mesto-brillante-pauline-ferrand-prevot-simpose-facilement-en-republique-tcheque\/"},"wordCount":478,"commentCount":0,"publisher":{"@id":"https:\/\/dicodusport.fr\/blog\/#organization"},"image":{"@id":"https:\/\/dicodusport.fr\/blog\/vtt-xco-nove-mesto-brillante-pauline-ferrand-prevot-simpose-facilement-en-republique-tcheque\/#primaryimage"},"thumbnailUrl":"https:\/\/dicodusport.fr\/blog\/wp-content\/uploads\/2024\/05\/VTT-XCO-Nove-Mesto-Brillante-Pauline-Ferrand-Prevot-simpose-facilement-en-Republique-Tcheque-1.png","keywords":["br\u00e8ve","MTB World Series","Pauline Ferrand-Pr\u00e9vot","VTT","VTT XCO Nove Mesto"],"articleSection":["VTT"],"inLanguage":"fr-FR","potentialAction":[{"@type":"CommentAction","name":"Comment","target":["https:\/\/dicodusport.fr\/blog\/vtt-xco-nove-mesto-brillante-pauline-ferrand-prevot-simpose-facilement-en-republique-tcheque\/#respond"]}],"copyrightYear":"2024","copyrightHolder":{"@id":"https:\/\/dicodusport.fr\/blog\/#organization"}},{"@type":"WebPage","@id":"https:\/\/dicodusport.fr\/blog\/vtt-xco-nove-mesto-brillante-pauline-ferrand-prevot-simpose-facilement-en-republique-tcheque\/","url":"https:\/\/dicodusport.fr\/blog\/vtt-xco-nove-mesto-brillante-pauline-ferrand-prevot-simpose-facilement-en-republique-tcheque\/","name":"VTT XCO Nove Mesto : Brillante, Pauline Ferrand-Pr\u00e9vot s'impose facilement en R\u00e9publique Tch\u00e8que","isPartOf":{"@id":"https:\/\/dicodusport.fr\/blog\/#website"},"primaryImageOfPage":{"@id":"https:\/\/dicodusport.fr\/blog\/vtt-xco-nove-mesto-brillante-pauline-ferrand-prevot-simpose-facilement-en-republique-tcheque\/#primaryimage"},"image":{"@id":"https:\/\/dicodusport.fr\/blog\/vtt-xco-nove-mesto-brillante-pauline-ferrand-prevot-simpose-facilement-en-republique-tcheque\/#primaryimage"},"thumbnailUrl":"https:\/\/dicodusport.fr\/blog\/wp-content\/uploads\/2024\/05\/VTT-XCO-Nove-Mesto-Brillante-Pauline-Ferrand-Prevot-simpose-facilement-en-Republique-Tcheque-1.png","datePublished":"2024-05-26T09:43:21+00:00","dateModified":"2024-05-26T14:38:59+00:00","description":"Pauline Ferrand-Pr\u00e9vot a rapidement fait la diff\u00e9rence pour remporter ce dimanche le XCO de Nove Mesto.","breadcrumb":{"@id":"https:\/\/dicodusport.fr\/blog\/vtt-xco-nove-mesto-brillante-pauline-ferrand-prevot-simpose-facilement-en-republique-tcheque\/#breadcrumb"},"inLanguage":"fr-FR","potentialAction":[{"@type":"ReadAction","target":["https:\/\/dicodusport.fr\/blog\/vtt-xco-nove-mesto-brillante-pauline-ferrand-prevot-simpose-facilement-en-republique-tcheque\/"]}]},{"@type":"ImageObject","inLanguage":"fr-FR","@id":"https:\/\/dicodusport.fr\/blog\/vtt-xco-nove-mesto-brillante-pauline-ferrand-prevot-simpose-facilement-en-republique-tcheque\/#primaryimage","url":"https:\/\/dicodusport.fr\/blog\/wp-content\/uploads\/2024\/05\/VTT-XCO-Nove-Mesto-Brillante-Pauline-Ferrand-Prevot-simpose-facilement-en-Republique-Tcheque-1.png","contentUrl":"https:\/\/dicodusport.fr\/blog\/wp-content\/uploads\/2024\/05\/VTT-XCO-Nove-Mesto-Brillante-Pauline-Ferrand-Prevot-simpose-facilement-en-Republique-Tcheque-1.png","width":1200,"height":674,"caption":"VTT XCO Nove Mesto Brillante, Pauline Ferrand-Pr\u00e9vot s'impose facilement en R\u00e9publique Tch\u00e8que (1)"},{"@type":"BreadcrumbList","@id":"https:\/\/dicodusport.fr\/blog\/vtt-xco-nove-mesto-brillante-pauline-ferrand-prevot-simpose-facilement-en-republique-tcheque\/#breadcrumb","itemListElement":[{"@type":"ListItem","position":1,"name":"Accueil","item":"https:\/\/dicodusport.fr\/blog\/"},{"@type":"ListItem","position":2,"name":"VTT XCO Nove Mesto : Brillante, Pauline Ferrand-Pr\u00e9vot s&rsquo;impose facilement en R\u00e9publique Tch\u00e8que"}]},{"@type":"WebSite","@id":"https:\/\/dicodusport.fr\/blog\/#website","url":"https:\/\/dicodusport.fr\/blog\/","name":"Dicodusport","description":"L&#039;encyclop\u00e9die de l&#039;actualit\u00e9 sportive","publisher":{"@id":"https:\/\/dicodusport.fr\/blog\/#organization"},"potentialAction":[{"@type":"SearchAction","target":{"@type":"EntryPoint","urlTemplate":"https:\/\/dicodusport.fr\/blog\/?s={search_term_string}"},"query-input":{"@type":"PropertyValueSpecification","valueRequired":true,"valueName":"search_term_string"}}],"inLanguage":"fr-FR"},{"@type":"NewsMediaOrganization","@id":"https:\/\/dicodusport.fr\/blog\/#organization","name":"Dicodusport","url":"https:\/\/dicodusport.fr\/blog\/","logo":{"@type":"ImageObject","inLanguage":"fr-FR","@id":"https:\/\/dicodusport.fr\/blog\/#\/schema\/logo\/image\/","url":"https:\/\/dicodusport.fr\/blog\/wp-content\/uploads\/2020\/06\/cropped-LOGO-DICODUSPORT-2020-SANS-FOND-SANS-TEXTE.png","contentUrl":"https:\/\/dicodusport.fr\/blog\/wp-content\/uploads\/2020\/06\/cropped-LOGO-DICODUSPORT-2020-SANS-FOND-SANS-TEXTE.png","width":512,"height":512,"caption":"Dicodusport"},"image":{"@id":"https:\/\/dicodusport.fr\/blog\/#\/schema\/logo\/image\/"},"sameAs":["https:\/\/www.facebook.com\/dicodusport","https:\/\/x.com\/dicodusport","https:\/\/www.instagram.com\/dicodusport\/","https:\/\/www.youtube.com\/channel\/UC7V2KZ5sd3htJivAbA4ZG3w"],"description":"Dicodusport est l'encyclop\u00e9die de l'actualit\u00e9 sportive.","email":"bonjour@dicodusport.fr","legalName":"DICODUSPORT","foundingDate":"2018-01-14","vatID":"FR71834470973","taxID":"83447097300043","numberOfEmployees":{"@type":"QuantitativeValue","minValue":"1","maxValue":"10"}},{"@type":"Person","@id":"https:\/\/dicodusport.fr\/blog\/#\/schema\/person\/0eaf70b33d703a1a66b1155ac1bda018","name":"Pierre Gorce","image":{"@type":"ImageObject","inLanguage":"fr-FR","@id":"https:\/\/dicodusport.fr\/blog\/#\/schema\/person\/image\/","url":"https:\/\/dicodusport.fr\/blog\/wp-content\/uploads\/2022\/03\/IMG_20211214_233053_722-150x150.jpg","contentUrl":"https:\/\/dicodusport.fr\/blog\/wp-content\/uploads\/2022\/03\/IMG_20211214_233053_722-150x150.jpg","caption":"Pierre Gorce"},"description":"Couteau suisse venant tout droit de Haute-Savoie. Habitu\u00e9 \u00e0 regarder du sport depuis petit, j'en ai maintenant fait mon m\u00e9tier. Des sports d'hiver au surf, en passant par le tennis, la F1, le handball et l'athl\u00e9tisme, j'essaie d'avoir mes yeux sur l'enti\u00e8ret\u00e9 de l'actualit\u00e9. Jeune homme berc\u00e9 par les exploits de Jean-Baptiste Grange, Sebastian Vettel et des Experts. Membre de la g\u00e9n\u00e9ration 1999 comme Luka Doncic, Sydney McLaughlin, Lando Norris et Loana Lecomte, mais avec beaucoup moins de talent qu'eux.","sameAs":["https:\/\/x.com\/https:\/\/twitter.com\/pierregorce12"],"birthDate":"1999-08-29","url":"https:\/\/dicodusport.fr\/blog\/author\/pierreg\/"}]}},"_links":{"self":[{"href":"https:\/\/dicodusport.fr\/blog\/wp-json\/wp\/v2\/posts\/488204","targetHints":{"allow":["GET"]}}],"collection":[{"href":"https:\/\/dicodusport.fr\/blog\/wp-json\/wp\/v2\/posts"}],"about":[{"href":"https:\/\/dicodusport.fr\/blog\/wp-json\/wp\/v2\/types\/post"}],"author":[{"embeddable":true,"href":"https:\/\/dicodusport.fr\/blog\/wp-json\/wp\/v2\/users\/61"}],"replies":[{"embeddable":true,"href":"https:\/\/dicodusport.fr\/blog\/wp-json\/wp\/v2\/comments?post=488204"}],"version-history":[{"count":5,"href":"https:\/\/dicodusport.fr\/blog\/wp-json\/wp\/v2\/posts\/488204\/revisions"}],"predecessor-version":[{"id":488235,"href":"https:\/\/dicodusport.fr\/blog\/wp-json\/wp\/v2\/posts\/488204\/revisions\/488235"}],"wp:featuredmedia":[{"embeddable":true,"href":"https:\/\/dicodusport.fr\/blog\/wp-json\/wp\/v2\/media\/488344"}],"wp:attachment":[{"href":"https:\/\/dicodusport.fr\/blog\/wp-json\/wp\/v2\/media?parent=488204"}],"wp:term":[{"taxonomy":"category","embeddable":true,"href":"https:\/\/dicodusport.fr\/blog\/wp-json\/wp\/v2\/categories?post=488204"},{"taxonomy":"post_tag","embeddable":true,"href":"https:\/\/dicodusport.fr\/blog\/wp-json\/wp\/v2\/tags?post=488204"}],"curies":[{"name":"wp","href":"https:\/\/api.w.org\/{rel}","templated":true}]}}