{"id":488677,"date":"2024-05-28T21:46:32","date_gmt":"2024-05-28T19:46:32","guid":{"rendered":"https:\/\/dicodusport.fr\/blog\/?p=488677&#038;preview=true&#038;preview_id=488677"},"modified":"2024-05-28T21:49:37","modified_gmt":"2024-05-28T19:49:37","slug":"roland-garros-2024-cornet-rinderknech-sabalenka-les-resultats-du-mardi-28-mai","status":"publish","type":"post","link":"https:\/\/dicodusport.fr\/blog\/roland-garros-2024-cornet-rinderknech-sabalenka-les-resultats-du-mardi-28-mai\/","title":{"rendered":"Roland-Garros 2024 : Cornet, Rinderknech, Sabalenka, les r\u00e9sultats du mardi 28 mai"},"content":{"rendered":"<p style=\"text-align: justify;\"><strong><em>ROLAND-GARROS 2024 &#8211; Le dernier match de la carri\u00e8re d&rsquo;Aliz\u00e9 Cornet a \u00e9t\u00e9 le temps fort de ce mardi marquant la fin du premier tour ou peu de Bleus ont brill\u00e9, au contraire des grands noms.<\/em><\/strong><\/p>\n<p style=\"text-align: justify;\">La pluie \u00e9tait pr\u00e9sente d\u00e8s le d\u00e9but de la journ\u00e9e, retardant le d\u00e9but de tous les matchs jusqu&rsquo;\u00e0 16h00. Tous, sauf deux du Central et du Lenglen, dont celui d&rsquo;<strong>Aliz\u00e9 Cornet<\/strong>. Pour sa derni\u00e8re, la Ni\u00e7oise n&rsquo;avait que peu de chance de briller, et contre la finaliste du dernier Open d&rsquo;Australie,<strong> Zheng Qinwen<\/strong>, elle a offert de la r\u00e9sistance, quelques derniers coups d&rsquo;\u00e9clat, mais au final, une d\u00e9faite <strong>6-2, 6-1<\/strong>. De quoi tout de m\u00eame recevoir un bel hommage \u00e0 la hauteur de sa carri\u00e8re.<\/p>\n<blockquote class=\"twitter-tweet\">\n<p dir=\"ltr\" lang=\"fr\"><a href=\"https:\/\/twitter.com\/hashtag\/RolandGarros?src=hash&amp;ref_src=twsrc%5Etfw\">#RolandGarros<\/a> | Quel bel hommage pour Aliz\u00e9 Cornet \ud83e\udd29<\/p>\n<p>\ud83d\udcfa Suivez le direct : <a href=\"https:\/\/t.co\/iYqA3g3SHM\">https:\/\/t.co\/iYqA3g3SHM<\/a> <a href=\"https:\/\/t.co\/DQXa6hhU4w\">pic.twitter.com\/DQXa6hhU4w<\/a><\/p>\n<p>\u2014 francetvsport (@francetvsport) <a href=\"https:\/\/twitter.com\/francetvsport\/status\/1795424374893228318?ref_src=twsrc%5Etfw\">May 28, 2024<\/a><\/p><\/blockquote>\n<p style=\"text-align: justify;\"><script async src=\"https:\/\/platform.twitter.com\/widgets.js\" charset=\"utf-8\"><\/script><\/p>\n<p style=\"text-align: justify;\">L&rsquo;autre Fran\u00e7aise engag\u00e9e aujourd&rsquo;hui, <strong>Kristina Mladenovic<\/strong>, avait fort \u00e0 faire contre <strong>Petra Martic<\/strong>, une joueuse qu&rsquo;elle n&rsquo;avait battu que deux fois en neuf confrontations. Une dynamique qui s&rsquo;est malheureusement poursuivi avec une d\u00e9faite <strong>6-4, 6-4<\/strong> somme toute assez logique. <em>Wildcard<\/em> ici, la Tricolore sera-t-elle l&rsquo;ann\u00e9e prochaine ?<\/p>\n<ul style=\"text-align: justify;\">\n<li><strong>\u00c0 lire aussi :\u00a0<a href=\"https:\/\/dicodusport.fr\/blog\/roland-garros-2024-le-tableau-de-simple-dames\/\">Le tableau de simple dames de Roland-Garros<\/a><\/strong><\/li>\n<\/ul>\n<p style=\"text-align: justify;\">Chez les favorites, <strong>Aryna Sabalenka<\/strong> a commenc\u00e9 en douceur en ne l\u00e2chant que trois jeux contre <strong>Erika Andreeva<\/strong>. Tout comme <strong>Elena Rybakina,<\/strong> premi\u00e8re de cord\u00e9e sur le Lenglen, et qui a exp\u00e9di\u00e9<strong> Greet Minnen<\/strong>. Les outsiders comme<strong> Daria Kasatkina<\/strong> ou<strong> Madison Keys<\/strong> sont \u00e9galement pass\u00e9es, ce qui veut dire qu&rsquo;hormis pour <strong>Maria Sakkari,<\/strong> le premier tour a \u00e9t\u00e9 calme pour les grands noms du tableau f\u00e9minin.<\/p>\n<h2 style=\"text-align: justify;\">Les Bleus en difficult\u00e9<\/h2>\n<p style=\"text-align: justify;\">\u00c0 cause de la pluie, il a quasiment fallu attendre 19h00 pour voir un Fran\u00e7ais se qualifi\u00e9. Il s&rsquo;agissait d&rsquo;<strong>Arthur Rinderknech<\/strong>, pas le plus grand sp\u00e9cialiste de la surface, mais qui a exploit\u00e9 un tirage favorable pour sortir la <em>wildcard<\/em> australienne <strong>Adam Walton<\/strong> en trois manches. Mais la journ\u00e9e partait tout de m\u00eame mal pour les Bleus, <strong>Arthur Cazaux<\/strong> n&rsquo;ayant comme pr\u00e9vu pas pu tenir t\u00eate plus d&rsquo;une manche \u00e0 <strong>Tomas Martin Etcheverry<\/strong>.<\/p>\n<blockquote class=\"twitter-tweet\">\n<p dir=\"ltr\" lang=\"fr\"><a href=\"https:\/\/twitter.com\/hashtag\/Rolandgarros?src=hash&amp;ref_src=twsrc%5Etfw\">#Rolandgarros<\/a> | \u2705 Arthur Rinderknech \ud83c\uddeb\ud83c\uddf7 s&rsquo;impose face \u00e0 Adam Walton \ud83c\udde6\ud83c\uddfa en 3 sets (6-2, 6-4, 7-5) et sera pr\u00e9sent au 2\u00e8me tour !<\/p>\n<p>\ud83c\udf7f Suivez les matchs en direct : <a href=\"https:\/\/t.co\/T0ctfYCqOJ\">https:\/\/t.co\/T0ctfYCqOJ<\/a> <a href=\"https:\/\/t.co\/Ptq8aKxNns\">pic.twitter.com\/Ptq8aKxNns<\/a><\/p>\n<p>\u2014 francetvsport (@francetvsport) <a href=\"https:\/\/twitter.com\/francetvsport\/status\/1795501097324277993?ref_src=twsrc%5Etfw\">May 28, 2024<\/a><\/p><\/blockquote>\n<p style=\"text-align: justify;\"><script async src=\"https:\/\/platform.twitter.com\/widgets.js\" charset=\"utf-8\"><\/script><br \/>\nDe grands espoirs \u00e9taient port\u00e9s sur <strong>Giovanni Mpetshi Perricard<\/strong>, <a href=\"https:\/\/dicodusport.fr\/blog\/atp-lyon-giovanni-mpetshi-perricard-remporte-son-premier-tournoi-atp-a-20-ans\/\">sacr\u00e9 pour la premi\u00e8re fois samedi \u00e0 Lyon<\/a>. Et il a livr\u00e9 une sacr\u00e9e bataille contre David Goffin, ancien quart de finaliste Porte d&rsquo;Auteuil. Apr\u00e8s une splendide bataille, le Belge a eu le dernier mot <strong>4-6, 6-4, 6-3, 6-7 (4), 6-3<\/strong>. Dommage de ne pas avoir confirm\u00e9, mais ce n&rsquo;est que le d\u00e9but pour lui. Pour <strong>Adrian Mannarino<\/strong>, d\u00e9finitivement allergique \u00e0 la terre et domin\u00e9 en quatre manches par <strong>Giulio Zeppieri<\/strong>, c&rsquo;est une toute autre histoire<\/p>\n<ul style=\"text-align: justify;\">\n<li><strong>\u00c0 lire aussi :\u00a0<a href=\"https:\/\/dicodusport.fr\/blog\/roland-garros-2024-le-tableau-de-simple-hommes\/\">Le tableau de simple hommes de Roland-Garros<\/a><\/strong><\/li>\n<\/ul>\n<p style=\"text-align: justify;\">Du c\u00f4t\u00e9 des favoris, c&rsquo;\u00e9tait l&rsquo;entr\u00e9e en lice du double finaliste sortant, <strong>Casper Ruud<\/strong>. Face \u00e0 <strong>Felipe Meligeni Alves<\/strong>, le Norv\u00e9gien a commenc\u00e9 en douceur par une victoire en trois sets et confirm\u00e9 sa belle forme actuelle. Un autre Scandinave, <strong>Holger Rune<\/strong>, a d\u00e9roul\u00e9 contre <strong>Dan Evans<\/strong> (3 fois 6-4), entamant parfaitement une campagne cruciale pour lui. <strong>Alex De Minaur<\/strong> et <strong>Taylor Fritz<\/strong> sont \u00e9galement pass\u00e9s, en attendant <strong>Novak&#8230;<\/strong><\/p>\n","protected":false},"excerpt":{"rendered":"<p>ROLAND-GARROS 2024 &#8211; Le dernier match de la carri\u00e8re d&rsquo;Aliz\u00e9 Cornet a \u00e9t\u00e9 le temps fort de ce mardi marquant la fin du premier tour ou peu de Bleus ont brill\u00e9, au contraire des grands noms.<\/p>\n","protected":false},"author":59,"featured_media":488730,"comment_status":"open","ping_status":"closed","sticky":false,"template":"","format":"standard","meta":{"_acf_changed":false,"_daextam_enable_autolinks":"1","footnotes":""},"categories":[47090],"tags":[4785,16878,24],"class_list":["post-488677","post","type-post","status-publish","format-standard","has-post-thumbnail","hentry","category-roland-garros","tag-alize-cornet","tag-breve","tag-sport"],"acf":[],"yoast_head":"<!-- This site is optimized with the Yoast SEO Premium plugin v26.7 (Yoast SEO v26.7) - https:\/\/yoast.com\/wordpress\/plugins\/seo\/ -->\n<title>Roland-Garros 2024 : Cornet, Rinderknech, Sabalenka, les r\u00e9sultats du mardi 28 mai<\/title>\n<meta name=\"description\" content=\"ROLAND-GARROS 2024 - Le dernier match de la carri\u00e8re d&#039;Aliz\u00e9 Cornet a \u00e9t\u00e9 le temps fort de ce mardi marquant la fin du premier tour.\" \/>\n<meta name=\"robots\" content=\"index, follow, max-snippet:-1, max-image-preview:large, max-video-preview:-1\" \/>\n<link rel=\"canonical\" href=\"https:\/\/dicodusport.fr\/blog\/roland-garros-2024-cornet-rinderknech-sabalenka-les-resultats-du-mardi-28-mai\/\" \/>\n<meta property=\"og:locale\" content=\"fr_FR\" \/>\n<meta property=\"og:type\" content=\"article\" \/>\n<meta property=\"og:title\" content=\"Roland-Garros 2024 : Cornet, Rinderknech, Sabalenka, les r\u00e9sultats du mardi 28 mai\" \/>\n<meta property=\"og:description\" content=\"ROLAND-GARROS 2024 - Le dernier match de la carri\u00e8re d&#039;Aliz\u00e9 Cornet a \u00e9t\u00e9 le temps fort de ce mardi marquant la fin du premier tour.\" \/>\n<meta property=\"og:url\" content=\"https:\/\/dicodusport.fr\/blog\/roland-garros-2024-cornet-rinderknech-sabalenka-les-resultats-du-mardi-28-mai\/\" \/>\n<meta property=\"og:site_name\" content=\"Dicodusport\" \/>\n<meta property=\"article:publisher\" content=\"https:\/\/www.facebook.com\/dicodusport\" \/>\n<meta property=\"article:author\" content=\"https:\/\/www.facebook.com\/sebastien.gente\/\" \/>\n<meta property=\"article:published_time\" content=\"2024-05-28T19:46:32+00:00\" \/>\n<meta property=\"article:modified_time\" content=\"2024-05-28T19:49:37+00:00\" \/>\n<meta property=\"og:image\" content=\"https:\/\/dicodusport.fr\/blog\/wp-content\/uploads\/2024\/05\/Roland-Garros-2024-Cornet-Rinderknech-Sabalenka-les-resultats-du-mardi-28-mai.png\" \/>\n\t<meta property=\"og:image:width\" content=\"1200\" \/>\n\t<meta property=\"og:image:height\" content=\"674\" \/>\n\t<meta property=\"og:image:type\" content=\"image\/png\" \/>\n<meta name=\"author\" content=\"S\u00e9bastien Gente\" \/>\n<meta name=\"twitter:card\" content=\"summary_large_image\" \/>\n<meta name=\"twitter:title\" content=\"Roland-Garros 2024 : Cornet, Rinderknech, Sabalenka, les r\u00e9sultats du mardi 28 mai\" \/>\n<meta name=\"twitter:creator\" content=\"@https:\/\/twitter.com\/globulo24\" \/>\n<meta name=\"twitter:site\" content=\"@dicodusport\" \/>\n<script type=\"application\/ld+json\" class=\"yoast-schema-graph\">{\"@context\":\"https:\/\/schema.org\",\"@graph\":[{\"@type\":\"NewsArticle\",\"@id\":\"https:\/\/dicodusport.fr\/blog\/roland-garros-2024-cornet-rinderknech-sabalenka-les-resultats-du-mardi-28-mai\/#article\",\"isPartOf\":{\"@id\":\"https:\/\/dicodusport.fr\/blog\/roland-garros-2024-cornet-rinderknech-sabalenka-les-resultats-du-mardi-28-mai\/\"},\"author\":{\"name\":\"S\u00e9bastien Gente\",\"@id\":\"https:\/\/dicodusport.fr\/blog\/#\/schema\/person\/627966a6cde45dbd8c5e36ac85d783da\"},\"headline\":\"Roland-Garros 2024 : Cornet, Rinderknech, Sabalenka, les r\u00e9sultats du mardi 28 mai\",\"datePublished\":\"2024-05-28T19:46:32+00:00\",\"dateModified\":\"2024-05-28T19:49:37+00:00\",\"mainEntityOfPage\":{\"@id\":\"https:\/\/dicodusport.fr\/blog\/roland-garros-2024-cornet-rinderknech-sabalenka-les-resultats-du-mardi-28-mai\/\"},\"wordCount\":605,\"commentCount\":0,\"publisher\":{\"@id\":\"https:\/\/dicodusport.fr\/blog\/#organization\"},\"image\":{\"@id\":\"https:\/\/dicodusport.fr\/blog\/roland-garros-2024-cornet-rinderknech-sabalenka-les-resultats-du-mardi-28-mai\/#primaryimage\"},\"thumbnailUrl\":\"https:\/\/dicodusport.fr\/blog\/wp-content\/uploads\/2024\/05\/Roland-Garros-2024-Cornet-Rinderknech-Sabalenka-les-resultats-du-mardi-28-mai.png\",\"keywords\":[\"Aliz\u00e9 Cornet\",\"br\u00e8ve\",\"sport\"],\"articleSection\":[\"Roland-Garros\"],\"inLanguage\":\"fr-FR\",\"potentialAction\":[{\"@type\":\"CommentAction\",\"name\":\"Comment\",\"target\":[\"https:\/\/dicodusport.fr\/blog\/roland-garros-2024-cornet-rinderknech-sabalenka-les-resultats-du-mardi-28-mai\/#respond\"]}],\"copyrightYear\":\"2024\",\"copyrightHolder\":{\"@id\":\"https:\/\/dicodusport.fr\/blog\/#organization\"}},{\"@type\":\"WebPage\",\"@id\":\"https:\/\/dicodusport.fr\/blog\/roland-garros-2024-cornet-rinderknech-sabalenka-les-resultats-du-mardi-28-mai\/\",\"url\":\"https:\/\/dicodusport.fr\/blog\/roland-garros-2024-cornet-rinderknech-sabalenka-les-resultats-du-mardi-28-mai\/\",\"name\":\"Roland-Garros 2024 : Cornet, Rinderknech, Sabalenka, les r\u00e9sultats du mardi 28 mai\",\"isPartOf\":{\"@id\":\"https:\/\/dicodusport.fr\/blog\/#website\"},\"primaryImageOfPage\":{\"@id\":\"https:\/\/dicodusport.fr\/blog\/roland-garros-2024-cornet-rinderknech-sabalenka-les-resultats-du-mardi-28-mai\/#primaryimage\"},\"image\":{\"@id\":\"https:\/\/dicodusport.fr\/blog\/roland-garros-2024-cornet-rinderknech-sabalenka-les-resultats-du-mardi-28-mai\/#primaryimage\"},\"thumbnailUrl\":\"https:\/\/dicodusport.fr\/blog\/wp-content\/uploads\/2024\/05\/Roland-Garros-2024-Cornet-Rinderknech-Sabalenka-les-resultats-du-mardi-28-mai.png\",\"datePublished\":\"2024-05-28T19:46:32+00:00\",\"dateModified\":\"2024-05-28T19:49:37+00:00\",\"description\":\"ROLAND-GARROS 2024 - Le dernier match de la carri\u00e8re d'Aliz\u00e9 Cornet a \u00e9t\u00e9 le temps fort de ce mardi marquant la fin du premier tour.\",\"breadcrumb\":{\"@id\":\"https:\/\/dicodusport.fr\/blog\/roland-garros-2024-cornet-rinderknech-sabalenka-les-resultats-du-mardi-28-mai\/#breadcrumb\"},\"inLanguage\":\"fr-FR\",\"potentialAction\":[{\"@type\":\"ReadAction\",\"target\":[\"https:\/\/dicodusport.fr\/blog\/roland-garros-2024-cornet-rinderknech-sabalenka-les-resultats-du-mardi-28-mai\/\"]}]},{\"@type\":\"ImageObject\",\"inLanguage\":\"fr-FR\",\"@id\":\"https:\/\/dicodusport.fr\/blog\/roland-garros-2024-cornet-rinderknech-sabalenka-les-resultats-du-mardi-28-mai\/#primaryimage\",\"url\":\"https:\/\/dicodusport.fr\/blog\/wp-content\/uploads\/2024\/05\/Roland-Garros-2024-Cornet-Rinderknech-Sabalenka-les-resultats-du-mardi-28-mai.png\",\"contentUrl\":\"https:\/\/dicodusport.fr\/blog\/wp-content\/uploads\/2024\/05\/Roland-Garros-2024-Cornet-Rinderknech-Sabalenka-les-resultats-du-mardi-28-mai.png\",\"width\":1200,\"height\":674,\"caption\":\"Roland-Garros 2024 Cornet, Rinderknech, Sabalenka, les r\u00e9sultats du mardi 28 mai\"},{\"@type\":\"BreadcrumbList\",\"@id\":\"https:\/\/dicodusport.fr\/blog\/roland-garros-2024-cornet-rinderknech-sabalenka-les-resultats-du-mardi-28-mai\/#breadcrumb\",\"itemListElement\":[{\"@type\":\"ListItem\",\"position\":1,\"name\":\"Accueil\",\"item\":\"https:\/\/dicodusport.fr\/blog\/\"},{\"@type\":\"ListItem\",\"position\":2,\"name\":\"Roland-Garros 2024 : Cornet, Rinderknech, Sabalenka, les r\u00e9sultats du mardi 28 mai\"}]},{\"@type\":\"WebSite\",\"@id\":\"https:\/\/dicodusport.fr\/blog\/#website\",\"url\":\"https:\/\/dicodusport.fr\/blog\/\",\"name\":\"Dicodusport\",\"description\":\"L&#039;encyclop\u00e9die de l&#039;actualit\u00e9 sportive\",\"publisher\":{\"@id\":\"https:\/\/dicodusport.fr\/blog\/#organization\"},\"potentialAction\":[{\"@type\":\"SearchAction\",\"target\":{\"@type\":\"EntryPoint\",\"urlTemplate\":\"https:\/\/dicodusport.fr\/blog\/?s={search_term_string}\"},\"query-input\":{\"@type\":\"PropertyValueSpecification\",\"valueRequired\":true,\"valueName\":\"search_term_string\"}}],\"inLanguage\":\"fr-FR\"},{\"@type\":\"NewsMediaOrganization\",\"@id\":\"https:\/\/dicodusport.fr\/blog\/#organization\",\"name\":\"Dicodusport\",\"url\":\"https:\/\/dicodusport.fr\/blog\/\",\"logo\":{\"@type\":\"ImageObject\",\"inLanguage\":\"fr-FR\",\"@id\":\"https:\/\/dicodusport.fr\/blog\/#\/schema\/logo\/image\/\",\"url\":\"https:\/\/dicodusport.fr\/blog\/wp-content\/uploads\/2020\/06\/cropped-LOGO-DICODUSPORT-2020-SANS-FOND-SANS-TEXTE.png\",\"contentUrl\":\"https:\/\/dicodusport.fr\/blog\/wp-content\/uploads\/2020\/06\/cropped-LOGO-DICODUSPORT-2020-SANS-FOND-SANS-TEXTE.png\",\"width\":512,\"height\":512,\"caption\":\"Dicodusport\"},\"image\":{\"@id\":\"https:\/\/dicodusport.fr\/blog\/#\/schema\/logo\/image\/\"},\"sameAs\":[\"https:\/\/www.facebook.com\/dicodusport\",\"https:\/\/x.com\/dicodusport\",\"https:\/\/www.instagram.com\/dicodusport\/\",\"https:\/\/www.youtube.com\/channel\/UC7V2KZ5sd3htJivAbA4ZG3w\"],\"description\":\"Dicodusport est l'encyclop\u00e9die de l'actualit\u00e9 sportive.\",\"email\":\"bonjour@dicodusport.fr\",\"legalName\":\"DICODUSPORT\",\"foundingDate\":\"2018-01-14\",\"vatID\":\"FR71834470973\",\"taxID\":\"83447097300043\",\"numberOfEmployees\":{\"@type\":\"QuantitativeValue\",\"minValue\":\"1\",\"maxValue\":\"10\"}},{\"@type\":\"Person\",\"@id\":\"https:\/\/dicodusport.fr\/blog\/#\/schema\/person\/627966a6cde45dbd8c5e36ac85d783da\",\"name\":\"S\u00e9bastien Gente\",\"image\":{\"@type\":\"ImageObject\",\"inLanguage\":\"fr-FR\",\"@id\":\"https:\/\/dicodusport.fr\/blog\/#\/schema\/person\/image\/\",\"url\":\"https:\/\/dicodusport.fr\/blog\/wp-content\/uploads\/2021\/09\/1510990_10205810251400683_4124423575079401707_n-150x150.jpg\",\"contentUrl\":\"https:\/\/dicodusport.fr\/blog\/wp-content\/uploads\/2021\/09\/1510990_10205810251400683_4124423575079401707_n-150x150.jpg\",\"caption\":\"S\u00e9bastien Gente\"},\"description\":\"John Stockton, Gianni Bugno, Zinedine Zidane, Steffi Graf, Frode Andresen, St\u00e9phane Stoecklin, Davis Kamoga, Primoz Peterka, Werner Schlager et Aur\u00e9lien Rougerie. Point commun entre ces sportifs? Ils m'ont fait r\u00eaver et ont berc\u00e9 mon adolescence. Je suis un fondu de sports et j'essaie de retranscrire ma passion \u00e0 travers mes articles. Originaire du P\u00e9rigord, ma passion pour les Girondins, les Jaunards et les Jazzmen transpire dans mes \u00e9crits. \u00c0 Dicodusport depuis 2021, je d\u00e9niche les sports m\u00e9connus dans lesquels la France brille, et il y en a !\",\"sameAs\":[\"https:\/\/www.facebook.com\/sebastien.gente\/\",\"https:\/\/www.instagram.com\/sebgente\/\",\"https:\/\/www.linkedin.com\/in\/sbastien-gente-a29583169\/\",\"https:\/\/x.com\/https:\/\/twitter.com\/globulo24\",\"SebastienGente\"],\"worksFor\":\"S\u00e9bastien GENTE\",\"url\":\"https:\/\/dicodusport.fr\/blog\/author\/sebastiengente\/\"}]}<\/script>\n<!-- \/ Yoast SEO Premium plugin. -->","yoast_head_json":{"title":"Roland-Garros 2024 : Cornet, Rinderknech, Sabalenka, les r\u00e9sultats du mardi 28 mai","description":"ROLAND-GARROS 2024 - Le dernier match de la carri\u00e8re d'Aliz\u00e9 Cornet a \u00e9t\u00e9 le temps fort de ce mardi marquant la fin du premier tour.","robots":{"index":"index","follow":"follow","max-snippet":"max-snippet:-1","max-image-preview":"max-image-preview:large","max-video-preview":"max-video-preview:-1"},"canonical":"https:\/\/dicodusport.fr\/blog\/roland-garros-2024-cornet-rinderknech-sabalenka-les-resultats-du-mardi-28-mai\/","og_locale":"fr_FR","og_type":"article","og_title":"Roland-Garros 2024 : Cornet, Rinderknech, Sabalenka, les r\u00e9sultats du mardi 28 mai","og_description":"ROLAND-GARROS 2024 - Le dernier match de la carri\u00e8re d'Aliz\u00e9 Cornet a \u00e9t\u00e9 le temps fort de ce mardi marquant la fin du premier tour.","og_url":"https:\/\/dicodusport.fr\/blog\/roland-garros-2024-cornet-rinderknech-sabalenka-les-resultats-du-mardi-28-mai\/","og_site_name":"Dicodusport","article_publisher":"https:\/\/www.facebook.com\/dicodusport","article_author":"https:\/\/www.facebook.com\/sebastien.gente\/","article_published_time":"2024-05-28T19:46:32+00:00","article_modified_time":"2024-05-28T19:49:37+00:00","og_image":[{"width":1200,"height":674,"url":"https:\/\/dicodusport.fr\/blog\/wp-content\/uploads\/2024\/05\/Roland-Garros-2024-Cornet-Rinderknech-Sabalenka-les-resultats-du-mardi-28-mai.png","type":"image\/png"}],"author":"S\u00e9bastien Gente","twitter_card":"summary_large_image","twitter_title":"Roland-Garros 2024 : Cornet, Rinderknech, Sabalenka, les r\u00e9sultats du mardi 28 mai","twitter_creator":"@https:\/\/twitter.com\/globulo24","twitter_site":"@dicodusport","schema":{"@context":"https:\/\/schema.org","@graph":[{"@type":"NewsArticle","@id":"https:\/\/dicodusport.fr\/blog\/roland-garros-2024-cornet-rinderknech-sabalenka-les-resultats-du-mardi-28-mai\/#article","isPartOf":{"@id":"https:\/\/dicodusport.fr\/blog\/roland-garros-2024-cornet-rinderknech-sabalenka-les-resultats-du-mardi-28-mai\/"},"author":{"name":"S\u00e9bastien Gente","@id":"https:\/\/dicodusport.fr\/blog\/#\/schema\/person\/627966a6cde45dbd8c5e36ac85d783da"},"headline":"Roland-Garros 2024 : Cornet, Rinderknech, Sabalenka, les r\u00e9sultats du mardi 28 mai","datePublished":"2024-05-28T19:46:32+00:00","dateModified":"2024-05-28T19:49:37+00:00","mainEntityOfPage":{"@id":"https:\/\/dicodusport.fr\/blog\/roland-garros-2024-cornet-rinderknech-sabalenka-les-resultats-du-mardi-28-mai\/"},"wordCount":605,"commentCount":0,"publisher":{"@id":"https:\/\/dicodusport.fr\/blog\/#organization"},"image":{"@id":"https:\/\/dicodusport.fr\/blog\/roland-garros-2024-cornet-rinderknech-sabalenka-les-resultats-du-mardi-28-mai\/#primaryimage"},"thumbnailUrl":"https:\/\/dicodusport.fr\/blog\/wp-content\/uploads\/2024\/05\/Roland-Garros-2024-Cornet-Rinderknech-Sabalenka-les-resultats-du-mardi-28-mai.png","keywords":["Aliz\u00e9 Cornet","br\u00e8ve","sport"],"articleSection":["Roland-Garros"],"inLanguage":"fr-FR","potentialAction":[{"@type":"CommentAction","name":"Comment","target":["https:\/\/dicodusport.fr\/blog\/roland-garros-2024-cornet-rinderknech-sabalenka-les-resultats-du-mardi-28-mai\/#respond"]}],"copyrightYear":"2024","copyrightHolder":{"@id":"https:\/\/dicodusport.fr\/blog\/#organization"}},{"@type":"WebPage","@id":"https:\/\/dicodusport.fr\/blog\/roland-garros-2024-cornet-rinderknech-sabalenka-les-resultats-du-mardi-28-mai\/","url":"https:\/\/dicodusport.fr\/blog\/roland-garros-2024-cornet-rinderknech-sabalenka-les-resultats-du-mardi-28-mai\/","name":"Roland-Garros 2024 : Cornet, Rinderknech, Sabalenka, les r\u00e9sultats du mardi 28 mai","isPartOf":{"@id":"https:\/\/dicodusport.fr\/blog\/#website"},"primaryImageOfPage":{"@id":"https:\/\/dicodusport.fr\/blog\/roland-garros-2024-cornet-rinderknech-sabalenka-les-resultats-du-mardi-28-mai\/#primaryimage"},"image":{"@id":"https:\/\/dicodusport.fr\/blog\/roland-garros-2024-cornet-rinderknech-sabalenka-les-resultats-du-mardi-28-mai\/#primaryimage"},"thumbnailUrl":"https:\/\/dicodusport.fr\/blog\/wp-content\/uploads\/2024\/05\/Roland-Garros-2024-Cornet-Rinderknech-Sabalenka-les-resultats-du-mardi-28-mai.png","datePublished":"2024-05-28T19:46:32+00:00","dateModified":"2024-05-28T19:49:37+00:00","description":"ROLAND-GARROS 2024 - Le dernier match de la carri\u00e8re d'Aliz\u00e9 Cornet a \u00e9t\u00e9 le temps fort de ce mardi marquant la fin du premier tour.","breadcrumb":{"@id":"https:\/\/dicodusport.fr\/blog\/roland-garros-2024-cornet-rinderknech-sabalenka-les-resultats-du-mardi-28-mai\/#breadcrumb"},"inLanguage":"fr-FR","potentialAction":[{"@type":"ReadAction","target":["https:\/\/dicodusport.fr\/blog\/roland-garros-2024-cornet-rinderknech-sabalenka-les-resultats-du-mardi-28-mai\/"]}]},{"@type":"ImageObject","inLanguage":"fr-FR","@id":"https:\/\/dicodusport.fr\/blog\/roland-garros-2024-cornet-rinderknech-sabalenka-les-resultats-du-mardi-28-mai\/#primaryimage","url":"https:\/\/dicodusport.fr\/blog\/wp-content\/uploads\/2024\/05\/Roland-Garros-2024-Cornet-Rinderknech-Sabalenka-les-resultats-du-mardi-28-mai.png","contentUrl":"https:\/\/dicodusport.fr\/blog\/wp-content\/uploads\/2024\/05\/Roland-Garros-2024-Cornet-Rinderknech-Sabalenka-les-resultats-du-mardi-28-mai.png","width":1200,"height":674,"caption":"Roland-Garros 2024 Cornet, Rinderknech, Sabalenka, les r\u00e9sultats du mardi 28 mai"},{"@type":"BreadcrumbList","@id":"https:\/\/dicodusport.fr\/blog\/roland-garros-2024-cornet-rinderknech-sabalenka-les-resultats-du-mardi-28-mai\/#breadcrumb","itemListElement":[{"@type":"ListItem","position":1,"name":"Accueil","item":"https:\/\/dicodusport.fr\/blog\/"},{"@type":"ListItem","position":2,"name":"Roland-Garros 2024 : Cornet, Rinderknech, Sabalenka, les r\u00e9sultats du mardi 28 mai"}]},{"@type":"WebSite","@id":"https:\/\/dicodusport.fr\/blog\/#website","url":"https:\/\/dicodusport.fr\/blog\/","name":"Dicodusport","description":"L&#039;encyclop\u00e9die de l&#039;actualit\u00e9 sportive","publisher":{"@id":"https:\/\/dicodusport.fr\/blog\/#organization"},"potentialAction":[{"@type":"SearchAction","target":{"@type":"EntryPoint","urlTemplate":"https:\/\/dicodusport.fr\/blog\/?s={search_term_string}"},"query-input":{"@type":"PropertyValueSpecification","valueRequired":true,"valueName":"search_term_string"}}],"inLanguage":"fr-FR"},{"@type":"NewsMediaOrganization","@id":"https:\/\/dicodusport.fr\/blog\/#organization","name":"Dicodusport","url":"https:\/\/dicodusport.fr\/blog\/","logo":{"@type":"ImageObject","inLanguage":"fr-FR","@id":"https:\/\/dicodusport.fr\/blog\/#\/schema\/logo\/image\/","url":"https:\/\/dicodusport.fr\/blog\/wp-content\/uploads\/2020\/06\/cropped-LOGO-DICODUSPORT-2020-SANS-FOND-SANS-TEXTE.png","contentUrl":"https:\/\/dicodusport.fr\/blog\/wp-content\/uploads\/2020\/06\/cropped-LOGO-DICODUSPORT-2020-SANS-FOND-SANS-TEXTE.png","width":512,"height":512,"caption":"Dicodusport"},"image":{"@id":"https:\/\/dicodusport.fr\/blog\/#\/schema\/logo\/image\/"},"sameAs":["https:\/\/www.facebook.com\/dicodusport","https:\/\/x.com\/dicodusport","https:\/\/www.instagram.com\/dicodusport\/","https:\/\/www.youtube.com\/channel\/UC7V2KZ5sd3htJivAbA4ZG3w"],"description":"Dicodusport est l'encyclop\u00e9die de l'actualit\u00e9 sportive.","email":"bonjour@dicodusport.fr","legalName":"DICODUSPORT","foundingDate":"2018-01-14","vatID":"FR71834470973","taxID":"83447097300043","numberOfEmployees":{"@type":"QuantitativeValue","minValue":"1","maxValue":"10"}},{"@type":"Person","@id":"https:\/\/dicodusport.fr\/blog\/#\/schema\/person\/627966a6cde45dbd8c5e36ac85d783da","name":"S\u00e9bastien Gente","image":{"@type":"ImageObject","inLanguage":"fr-FR","@id":"https:\/\/dicodusport.fr\/blog\/#\/schema\/person\/image\/","url":"https:\/\/dicodusport.fr\/blog\/wp-content\/uploads\/2021\/09\/1510990_10205810251400683_4124423575079401707_n-150x150.jpg","contentUrl":"https:\/\/dicodusport.fr\/blog\/wp-content\/uploads\/2021\/09\/1510990_10205810251400683_4124423575079401707_n-150x150.jpg","caption":"S\u00e9bastien Gente"},"description":"John Stockton, Gianni Bugno, Zinedine Zidane, Steffi Graf, Frode Andresen, St\u00e9phane Stoecklin, Davis Kamoga, Primoz Peterka, Werner Schlager et Aur\u00e9lien Rougerie. Point commun entre ces sportifs? Ils m'ont fait r\u00eaver et ont berc\u00e9 mon adolescence. Je suis un fondu de sports et j'essaie de retranscrire ma passion \u00e0 travers mes articles. Originaire du P\u00e9rigord, ma passion pour les Girondins, les Jaunards et les Jazzmen transpire dans mes \u00e9crits. \u00c0 Dicodusport depuis 2021, je d\u00e9niche les sports m\u00e9connus dans lesquels la France brille, et il y en a !","sameAs":["https:\/\/www.facebook.com\/sebastien.gente\/","https:\/\/www.instagram.com\/sebgente\/","https:\/\/www.linkedin.com\/in\/sbastien-gente-a29583169\/","https:\/\/x.com\/https:\/\/twitter.com\/globulo24","SebastienGente"],"worksFor":"S\u00e9bastien GENTE","url":"https:\/\/dicodusport.fr\/blog\/author\/sebastiengente\/"}]}},"_links":{"self":[{"href":"https:\/\/dicodusport.fr\/blog\/wp-json\/wp\/v2\/posts\/488677","targetHints":{"allow":["GET"]}}],"collection":[{"href":"https:\/\/dicodusport.fr\/blog\/wp-json\/wp\/v2\/posts"}],"about":[{"href":"https:\/\/dicodusport.fr\/blog\/wp-json\/wp\/v2\/types\/post"}],"author":[{"embeddable":true,"href":"https:\/\/dicodusport.fr\/blog\/wp-json\/wp\/v2\/users\/59"}],"replies":[{"embeddable":true,"href":"https:\/\/dicodusport.fr\/blog\/wp-json\/wp\/v2\/comments?post=488677"}],"version-history":[{"count":2,"href":"https:\/\/dicodusport.fr\/blog\/wp-json\/wp\/v2\/posts\/488677\/revisions"}],"predecessor-version":[{"id":488732,"href":"https:\/\/dicodusport.fr\/blog\/wp-json\/wp\/v2\/posts\/488677\/revisions\/488732"}],"wp:featuredmedia":[{"embeddable":true,"href":"https:\/\/dicodusport.fr\/blog\/wp-json\/wp\/v2\/media\/488730"}],"wp:attachment":[{"href":"https:\/\/dicodusport.fr\/blog\/wp-json\/wp\/v2\/media?parent=488677"}],"wp:term":[{"taxonomy":"category","embeddable":true,"href":"https:\/\/dicodusport.fr\/blog\/wp-json\/wp\/v2\/categories?post=488677"},{"taxonomy":"post_tag","embeddable":true,"href":"https:\/\/dicodusport.fr\/blog\/wp-json\/wp\/v2\/tags?post=488677"}],"curies":[{"name":"wp","href":"https:\/\/api.w.org\/{rel}","templated":true}]}}