{"id":488864,"date":"2024-06-11T22:56:45","date_gmt":"2024-06-11T20:56:45","guid":{"rendered":"https:\/\/dicodusport.fr\/blog\/?p=488864&#038;preview=true&#038;preview_id=488864"},"modified":"2024-06-11T22:59:09","modified_gmt":"2024-06-11T20:59:09","slug":"classement-decathlon-athletisme-championnats-deurope-2024","status":"publish","type":"post","link":"https:\/\/dicodusport.fr\/blog\/classement-decathlon-athletisme-championnats-deurope-2024\/","title":{"rendered":"Classement D\u00e9cathlon Athl\u00e9tisme Championnats d&rsquo;Europe 2024"},"content":{"rendered":"<p style=\"text-align: justify;\"><strong><em><a href=\"https:\/\/dicodusport.fr\/blog\/programme-et-resultats-athletisme-championnats-deurope-2024\/\" target=\"_blank\" rel=\"noopener\">CHAMPIONNATS D&rsquo;EUROPE D&rsquo;ATHL\u00c9TISME 2024<\/a> &#8211; D\u00e9couvrez le classement du d\u00e9cathlon des Championnats d&rsquo;Europe d&rsquo;athl\u00e9tisme, qui se d\u00e9roule les 10 et 11 juin.<\/em><\/strong><\/p>\n<h2 style=\"text-align: justify;\">Championnats d&rsquo;Europe Athl\u00e9tisme 2024 &#8211; Classement D\u00e9cathlon<\/h2>\n<div class=\"su-table su-table-alternate\">\n<table style=\"width: 800px;border-collapse: collapse\" border=\"1\">\n<tbody>\n<tr style=\"height: 24px\">\n<td style=\"border-color: #ebebeb;height: 24px;text-align: center;width: 80px;vertical-align: middle\">\ud83c\udfc5<\/td>\n<td style=\"border-color: #ebebeb;height: 24px;text-align: center;width: 500px;vertical-align: middle\"><span style=\"font-size: 0.9em\"><strong>D\u00c9CATHLONIENS<\/strong><\/span><\/td>\n<td style=\"border-color: #ebebeb;height: 24px;text-align: center;width: 220px;vertical-align: middle\"><span style=\"font-size: 0.9em\"><strong>POINTS<\/strong><\/span><\/td>\n<\/tr>\n<tr>\n<td style=\"border-color: #ebebeb;text-align: center;width: 80px;vertical-align: middle\"><span style=\"font-size: 0.9em\">1.<br \/>\n<\/span><\/td>\n<td style=\"border-color: #ebebeb;height: 24px;text-align: center;width: 500px;vertical-align: middle;font-size: 0.9em\"><strong>\ud83c\uddea\ud83c\uddea JOHANNES ERM<\/strong><\/td>\n<td style=\"border-color: #ebebeb;text-align: center;width: 220px;vertical-align: middle;font-size: 0.9em\"><strong>8764 WL<br \/>\n<\/strong><\/td>\n<\/tr>\n<tr style=\"height: 24px\">\n<td style=\"border-color: #ebebeb;height: 24px;text-align: center;width: 80px;vertical-align: middle\"><span style=\"font-size: 0.9em\">2.<\/span><\/td>\n<td style=\"border-color: #ebebeb;text-align: center;width: 500px;vertical-align: middle;font-size: 0.9em\">\ud83c\uddf3\ud83c\uddf4 <strong>SANDER SKOTHEIM<\/strong><\/td>\n<td style=\"border-color: #ebebeb;text-align: center;width: 220px;vertical-align: middle;font-size: 0.9em\"><strong>8635 EU23L<br \/>\n<\/strong><\/td>\n<\/tr>\n<tr style=\"height: 24px\">\n<td style=\"border-color: #ebebeb;height: 24px;text-align: center;width: 80px;vertical-align: middle\"><span style=\"font-size: 0.9em\">3.<\/span><\/td>\n<td style=\"border-color: #ebebeb;text-align: center;width: 500px;vertical-align: middle;font-size: 0.9em\">\ud83c\uddeb\ud83c\uddf7 <strong>MAKENSON GLETTY<\/strong><\/td>\n<td style=\"border-color: #ebebeb;text-align: center;width: 220px;vertical-align: middle;font-size: 0.9em\"><strong>8606 PB<br \/>\n<\/strong><\/td>\n<\/tr>\n<tr>\n<td style=\"border-color: #ebebeb;text-align: center;width: 80px;vertical-align: middle\"><span style=\"font-size: 0.9em\">4.<\/span><\/td>\n<td style=\"border-color: #ebebeb;text-align: center;width: 500px;vertical-align: middle;font-size: 0.9em\">\ud83c\udde9\ud83c\uddea <strong>NIKLAS KAUL<\/strong><\/td>\n<td style=\"border-color: #ebebeb;text-align: center;width: 220px;vertical-align: middle;font-size: 0.9em\"><strong>8547 SB<br \/>\n<\/strong><\/td>\n<\/tr>\n<tr>\n<td style=\"border-color: #ebebeb;text-align: center;width: 80px;vertical-align: middle\"><span style=\"font-size: 0.9em\">5.<\/span><\/td>\n<td style=\"border-color: #ebebeb;text-align: center;width: 500px;vertical-align: middle;font-size: 0.9em\">\ud83c\uddeb\ud83c\uddf7 <strong>KEVIN MAYER<\/strong><\/td>\n<td style=\"border-color: #ebebeb;text-align: center;width: 220px;vertical-align: middle;font-size: 0.9em\"><strong>8476 SB<br \/>\n<\/strong><\/td>\n<\/tr>\n<tr style=\"height: 24px\">\n<td style=\"border-color: #ebebeb;height: 24px;text-align: center;width: 80px;vertical-align: middle\"><span style=\"font-size: 0.9em\">6.<\/span><\/td>\n<td style=\"border-color: #ebebeb;height: 24px;text-align: center;width: 500px;vertical-align: middle;font-size: 0.9em\"><strong>\ud83c\uddee\ud83c\uddf9 DARIO DESTER<\/strong><\/td>\n<td style=\"border-color: #ebebeb;text-align: center;width: 220px;vertical-align: middle;font-size: 0.9em\"><strong>8235 NR<br \/>\n<\/strong><\/td>\n<\/tr>\n<tr>\n<td style=\"border-color: #ebebeb;text-align: center;width: 80px;vertical-align: middle\"><span style=\"font-size: 0.9em\">7.<br \/>\n<\/span><\/td>\n<td style=\"border-color: #ebebeb;text-align: center;width: 500px;vertical-align: middle;font-size: 0.9em\">\ud83c\udde9\ud83c\uddea <strong>MANUEL EITEL<\/strong><\/td>\n<td style=\"border-color: #ebebeb;text-align: center;width: 220px;vertical-align: middle;font-size: 0.9em\"><strong>8212 SB<br \/>\n<\/strong><\/td>\n<\/tr>\n<tr>\n<td style=\"border-color: #ebebeb;text-align: center;width: 80px;vertical-align: middle\"><span style=\"font-size: 0.9em\">8.<br \/>\n<\/span><\/td>\n<td style=\"border-color: #ebebeb;text-align: center;width: 500px;vertical-align: middle;font-size: 0.9em\">\ud83c\udde7\ud83c\uddea <strong>JENTE HAUTTEKEETE<\/strong><\/td>\n<td style=\"border-color: #ebebeb;text-align: center;width: 220px;vertical-align: middle;font-size: 0.9em\"><strong>8156 PB<br \/>\n<\/strong><\/td>\n<\/tr>\n<tr>\n<td style=\"border-color: #ebebeb;text-align: center;width: 80px;vertical-align: middle\"><span style=\"font-size: 0.9em\">9.<\/span><\/td>\n<td style=\"border-color: #ebebeb;text-align: center;width: 500px;vertical-align: middle;font-size: 0.9em\">\ud83c\udde9\ud83c\uddea <strong>TIM NOWAK<br \/>\n<\/strong><\/td>\n<td style=\"border-color: #ebebeb;text-align: center;width: 220px;vertical-align: middle;font-size: 0.9em\"><strong>8150<\/strong><\/td>\n<\/tr>\n<tr>\n<td style=\"border-color: #ebebeb;text-align: center;width: 80px;vertical-align: middle\"><span style=\"font-size: 0.9em\">10.<br \/>\n<\/span><\/td>\n<td style=\"border-color: #ebebeb;text-align: center;width: 500px;vertical-align: middle;font-size: 0.9em\">\ud83c\udde8\ud83c\uddff<strong> VILEM STRASKY<\/strong><\/td>\n<td style=\"border-color: #ebebeb;text-align: center;width: 220px;vertical-align: middle;font-size: 0.9em\"><strong>8088 PB<br \/>\n<\/strong><\/td>\n<\/tr>\n<tr>\n<td style=\"border-color: #ebebeb;text-align: center;width: 80px;vertical-align: middle\"><span style=\"font-size: 0.9em\">11.<br \/>\n<\/span><\/td>\n<td style=\"border-color: #ebebeb;text-align: center;width: 500px;vertical-align: middle;font-size: 0.9em\">\ud83c\udde7\ud83c\uddea <strong>THOMAS VAN DER PLAETSEN<br \/>\n<\/strong><\/td>\n<td style=\"border-color: #ebebeb;text-align: center;width: 220px;vertical-align: middle;font-size: 0.9em\"><strong>8084 SB<br \/>\n<\/strong><\/td>\n<\/tr>\n<tr style=\"height: 24px\">\n<td style=\"border-color: #ebebeb;height: 24px;text-align: center;width: 80px;vertical-align: middle\"><span style=\"font-size: 0.9em\">12.<\/span><\/td>\n<td style=\"border-color: #ebebeb;text-align: center;width: 500px;vertical-align: middle;font-size: 0.9em\"><strong>\ud83c\uddf3\ud83c\uddf1 JEFF TESSELAAR<\/strong><\/td>\n<td style=\"border-color: #ebebeb;text-align: center;width: 220px;vertical-align: middle;font-size: 0.9em\"><strong>8079 PB<br \/>\n<\/strong><\/td>\n<\/tr>\n<tr>\n<td style=\"border-color: #ebebeb;text-align: center;width: 80px;vertical-align: middle\"><span style=\"font-size: 0.9em\">13.<\/span><\/td>\n<td style=\"border-color: #ebebeb;text-align: center;width: 500px;vertical-align: middle;font-size: 0.9em\">\ud83c\udde9\ud83c\uddea <strong>FELIX WOLTER<\/strong><\/td>\n<td style=\"border-color: #ebebeb;text-align: center;width: 220px;vertical-align: middle;font-size: 0.9em\"><strong>8051<\/strong><\/td>\n<\/tr>\n<tr>\n<td style=\"border-color: #ebebeb;text-align: center;width: 80px;vertical-align: middle\"><span style=\"font-size: 0.9em\">14.<br \/>\n<\/span><\/td>\n<td style=\"border-color: #ebebeb;height: 24px;text-align: center;width: 500px;vertical-align: middle;font-size: 0.9em\"><strong>\ud83c\udde8\ud83c\udded FINLEY GAIO<\/strong><strong><br \/>\n<\/strong><\/td>\n<td style=\"border-color: #ebebeb;text-align: center;width: 220px;vertical-align: middle;font-size: 0.9em\"><strong>7934 SB<br \/>\n<\/strong><\/td>\n<\/tr>\n<tr>\n<td style=\"border-color: #ebebeb;text-align: center;width: 80px;vertical-align: middle\"><span style=\"font-size: 0.9em\">15.<\/span><\/td>\n<td style=\"border-color: #ebebeb;text-align: center;width: 500px;vertical-align: middle;font-size: 0.9em\">\ud83c\uddf1\ud83c\uddf9 <strong>EDGARAS BENKUNSKAS<br \/>\n<\/strong><\/td>\n<td style=\"border-color: #ebebeb;text-align: center;width: 220px;vertical-align: middle;font-size: 0.9em\"><strong>7882<\/strong><\/td>\n<\/tr>\n<tr>\n<td style=\"border-color: #ebebeb;text-align: center;width: 80px;vertical-align: middle\"><span style=\"font-size: 0.9em\">16.<\/span><\/td>\n<td style=\"border-color: #ebebeb;text-align: center;width: 500px;vertical-align: middle;font-size: 0.9em\">\ud83c\uddeb\ud83c\uddf7 <strong>T\u00c9O BASTIEN<\/strong><strong><br \/>\n<\/strong><\/td>\n<td style=\"border-color: #ebebeb;text-align: center;width: 220px;vertical-align: middle;font-size: 0.9em\"><strong>7845<br \/>\n<\/strong><\/td>\n<\/tr>\n<tr>\n<td style=\"border-color: #ebebeb;text-align: center;width: 80px;vertical-align: middle\"><span style=\"font-size: 0.9em\">17.<\/span><\/td>\n<td style=\"border-color: #ebebeb;text-align: center;width: 500px;vertical-align: middle;font-size: 0.9em\">\ud83c\uddf5\ud83c\uddf1 <strong>PAWEL WIESIOLEK<br \/>\n<\/strong><\/td>\n<td style=\"border-color: #ebebeb;text-align: center;width: 220px;vertical-align: middle;font-size: 0.9em\"><strong>7707 SB<br \/>\n<\/strong><\/td>\n<\/tr>\n<tr>\n<td style=\"border-color: #ebebeb;text-align: center;width: 80px;vertical-align: middle\"><span style=\"font-size: 0.9em\">18.<\/span><\/td>\n<td style=\"border-color: #ebebeb;text-align: center;width: 500px;vertical-align: middle;font-size: 0.9em\">\ud83c\uddec\ud83c\uddf7 <strong>ANGELOS-TSANIS ANDREOGLOU<br \/>\n<\/strong><\/td>\n<td style=\"border-color: #ebebeb;text-align: center;width: 220px;vertical-align: middle;font-size: 0.9em\"><strong>7561<\/strong><\/td>\n<\/tr>\n<tr>\n<td style=\"border-color: #ebebeb;text-align: center;width: 80px;vertical-align: middle\"><span style=\"font-size: 0.9em\">19.<\/span><\/td>\n<td style=\"border-color: #ebebeb;text-align: center;width: 500px;vertical-align: middle;font-size: 0.9em\">\ud83c\udded\ud83c\uddfa <strong>ZSOMBOR GALPAL<br \/>\n<\/strong><\/td>\n<td style=\"border-color: #ebebeb;text-align: center;width: 220px;vertical-align: middle;font-size: 0.9em\"><strong>7528<\/strong><\/td>\n<\/tr>\n<tr>\n<td style=\"border-color: #ebebeb;text-align: center;width: 80px;vertical-align: middle\"><span style=\"font-size: 0.9em\">20.<\/span><\/td>\n<td style=\"border-color: #ebebeb;text-align: center;width: 500px;vertical-align: middle;font-size: 0.9em\"><strong>\ud83c\uddee\ud83c\uddf9<\/strong> <strong>LORENZO NAIDON<br \/>\n<\/strong><\/td>\n<td style=\"border-color: #ebebeb;text-align: center;width: 220px;vertical-align: middle;font-size: 0.9em\"><strong>7519 SB<br \/>\n<\/strong><\/td>\n<\/tr>\n<tr>\n<td style=\"border-color: #ebebeb;text-align: center;width: 80px;vertical-align: middle\"><span style=\"font-size: 0.9em\">21.<\/span><\/td>\n<td style=\"border-color: #ebebeb;text-align: center;width: 500px;vertical-align: middle;font-size: 0.9em\">\ud83c\uddf2\ud83c\uddea <strong>DARKO PESIC<br \/>\n<\/strong><\/td>\n<td style=\"border-color: #ebebeb;text-align: center;width: 220px;vertical-align: middle;font-size: 0.9em\"><strong>7421<\/strong><\/td>\n<\/tr>\n<tr>\n<td style=\"border-color: #ebebeb;text-align: center;width: 80px;vertical-align: middle\"><span style=\"font-size: 0.9em\">&#8211;<\/span><\/td>\n<td style=\"border-color: #ebebeb;text-align: center;width: 500px;vertical-align: middle;font-size: 0.9em\">\ud83c\uddea\ud83c\uddea <strong>JANEK OIGLANE<br \/>\n<\/strong><\/td>\n<td style=\"border-color: #ebebeb;text-align: center;width: 220px;vertical-align: middle;font-size: 0.9em\"><strong>DNF<\/strong><\/td>\n<\/tr>\n<tr>\n<td style=\"border-color: #ebebeb;text-align: center;width: 80px;vertical-align: middle\"><span style=\"font-size: 0.9em\">&#8211;<\/span><\/td>\n<td style=\"border-color: #ebebeb;text-align: center;width: 500px;vertical-align: middle;font-size: 0.9em\">\ud83c\uddf3\ud83c\uddf4 <strong>MARKUS ROOTH<\/strong><\/td>\n<td style=\"border-color: #ebebeb;text-align: center;width: 220px;vertical-align: middle;font-size: 0.9em\"><strong>DNF<\/strong><\/td>\n<\/tr>\n<tr>\n<td style=\"border-color: #ebebeb;text-align: center;width: 80px;vertical-align: middle\"><span style=\"font-size: 0.9em\">&#8211;<\/span><\/td>\n<td style=\"border-color: #ebebeb;text-align: center;width: 500px;vertical-align: middle;font-size: 0.9em\">\ud83c\uddea\ud83c\uddea <strong>RISTO LILLEMETS<\/strong><\/td>\n<td style=\"border-color: #ebebeb;text-align: center;width: 220px;vertical-align: middle;font-size: 0.9em\"><strong>DNF<\/strong><\/td>\n<\/tr>\n<\/tbody>\n<\/table>\n<\/div>\n<p><strong><span style=\"font-size: 14px;\"><em>PB : Record personnel<br \/>\nNR : Record national<br \/>\nWL : Meilleure performance mondiale de la saison<br \/>\nEU23L : Meilleure performance europ\u00e9enne U23 de la saison<br \/>\nSB : Meilleure performance personnelle de la saison<br \/>\nDNF : non termin\u00e9<\/em><\/span><\/strong><\/p>\n<ul>\n<li><a href=\"https:\/\/dicodusport.fr\/blog\/wp-content\/uploads\/2024\/06\/ECH2024_ATH_C73U_ATHMDECATH-1500-.pdf\"><strong>Le d\u00e9tail des points<\/strong><\/a><\/li>\n<li><a title=\"Tableau des m\u00e9dailles Athl\u00e9tisme Championnats du monde 2023\" href=\"https:\/\/dicodusport.fr\/blog\/tableau-des-medailles-athletisme-championnats-deurope-2024\/\" target=\"_blank\" rel=\"noopener\"><strong>Le tableau des m\u00e9dailles des Championnats d&rsquo;Europe d&rsquo;athl\u00e9tisme 2024<\/strong><\/a><\/li>\n<\/ul>\n<div class=\"vlp-link-container vlp-layout-article\"><a href=\"https:\/\/dicodusport.fr\/blog\/athletisme-championnats-deurope-2024-minimas-olympiques-et-medaille-de-bronze-au-decathlon-pour-makenson-gletty-minimas-egalement-pour-kevin-mayer\/\" class=\"vlp-link\" title=\"Athl\u00e9tisme Championnats d&#039;Europe 2024 : Minima olympiques et m\u00e9daille de bronze au d\u00e9cathlon pour Makenson Gletty, minima \u00e9galement pour Kevin Mayer\"><\/a><div class=\"vlp-layout-zone-side\"><div class=\"vlp-block-4 vlp-link-image\"><img loading=\"lazy\" decoding=\"async\" style=\"max-width: 792px;\" width=\"792\" height=\"445\" src=\"https:\/\/dicodusport.fr\/blog\/wp-content\/uploads\/2024\/06\/Athletisme-Championnats-dEurope-2024-Minimas-olympiques-et-medaille-de-bronze-au-decathlon-pour-Makenson-Gletty-minimas-egalement-pour-Kevin-Mayer.png\" class=\"attachment-800x445 size-800x445\" alt=\"\" srcset=\"https:\/\/dicodusport.fr\/blog\/wp-content\/uploads\/2024\/06\/Athletisme-Championnats-dEurope-2024-Minimas-olympiques-et-medaille-de-bronze-au-decathlon-pour-Makenson-Gletty-minimas-egalement-pour-Kevin-Mayer.png 1200w, https:\/\/dicodusport.fr\/blog\/wp-content\/uploads\/2024\/06\/Athletisme-Championnats-dEurope-2024-Minimas-olympiques-et-medaille-de-bronze-au-decathlon-pour-Makenson-Gletty-minimas-egalement-pour-Kevin-Mayer-300x169.png 300w, https:\/\/dicodusport.fr\/blog\/wp-content\/uploads\/2024\/06\/Athletisme-Championnats-dEurope-2024-Minimas-olympiques-et-medaille-de-bronze-au-decathlon-pour-Makenson-Gletty-minimas-egalement-pour-Kevin-Mayer-1024x575.png 1024w, https:\/\/dicodusport.fr\/blog\/wp-content\/uploads\/2024\/06\/Athletisme-Championnats-dEurope-2024-Minimas-olympiques-et-medaille-de-bronze-au-decathlon-pour-Makenson-Gletty-minimas-egalement-pour-Kevin-Mayer-768x431.png 768w\" sizes=\"auto, (max-width: 792px) 100vw, 792px\" \/><\/div><\/div><div class=\"vlp-layout-zone-main\"><div class=\"vlp-block-0 vlp-link-title\">Athl\u00e9tisme Championnats d'Europe 2024 : Minima olympiques et m\u00e9daille de bronze au d\u00e9cathlon pour Makenson Gletty, minima \u00e9galement pour Kevin Mayer<\/div><div class=\"vlp-block-1 vlp-link-summary\">CHAMPIONNATS D'EUROPE D'ATHL\u00c9TISME 2024 - C'est fait ! Makenson Gletty remporte sa premi\u00e8re m\u00e9daille internationale avec en prime les minimas olympiques !<\/div><div class=\"vlp-block-2 vlp-link-button\">Lire l'article<\/div><div class=\"vlp-block-3 vlp-link-url\">dicodusport.fr<\/div><\/div><\/div>\n<p><span style=\"font-size: 14px;\"><strong><em>\u00a0<\/em><\/strong><\/span><\/p>\n","protected":false},"excerpt":{"rendered":"<p>CHAMPIONNATS D&rsquo;EUROPE D&rsquo;ATHL\u00c9TISME 2024 &#8211; D\u00e9couvrez le classement du d\u00e9cathlon des Championnats d&rsquo;Europe d&rsquo;athl\u00e9tisme, qui se d\u00e9roule les 10 et 11 juin.<\/p>\n","protected":false},"author":12,"featured_media":492077,"comment_status":"open","ping_status":"closed","sticky":false,"template":"","format":"standard","meta":{"_acf_changed":false,"_daextam_enable_autolinks":"1","footnotes":""},"categories":[2308],"tags":[143,16878,1269],"class_list":["post-488864","post","type-post","status-publish","format-standard","has-post-thumbnail","hentry","category-athletisme","tag-athletisme","tag-breve","tag-decathlon"],"acf":[],"yoast_head":"<!-- This site is optimized with the Yoast SEO Premium plugin v26.7 (Yoast SEO v26.7) - https:\/\/yoast.com\/wordpress\/plugins\/seo\/ -->\n<title>Classement D\u00e9cathlon Athl\u00e9tisme Championnats d&#039;Europe 2024<\/title>\n<meta name=\"description\" content=\"CHAMPIONNATS D&#039;EUROPE D&#039;ATHL\u00c9TISME 2024 - D\u00e9couvrez le classement du d\u00e9cathlon des Championnats d&#039;Europe d&#039;athl\u00e9tisme.\" \/>\n<meta name=\"robots\" content=\"index, follow, max-snippet:-1, max-image-preview:large, max-video-preview:-1\" \/>\n<link rel=\"canonical\" href=\"https:\/\/dicodusport.fr\/blog\/classement-decathlon-athletisme-championnats-deurope-2024\/\" \/>\n<meta property=\"og:locale\" content=\"fr_FR\" \/>\n<meta property=\"og:type\" content=\"article\" \/>\n<meta property=\"og:title\" content=\"Classement D\u00e9cathlon Athl\u00e9tisme Championnats d&#039;Europe 2024\" \/>\n<meta property=\"og:description\" content=\"CHAMPIONNATS D&#039;EUROPE D&#039;ATHL\u00c9TISME 2024 - D\u00e9couvrez le classement du d\u00e9cathlon des Championnats d&#039;Europe d&#039;athl\u00e9tisme.\" \/>\n<meta property=\"og:url\" content=\"https:\/\/dicodusport.fr\/blog\/classement-decathlon-athletisme-championnats-deurope-2024\/\" \/>\n<meta property=\"og:site_name\" content=\"Dicodusport\" \/>\n<meta property=\"article:publisher\" content=\"https:\/\/www.facebook.com\/dicodusport\" \/>\n<meta property=\"article:published_time\" content=\"2024-06-11T20:56:45+00:00\" \/>\n<meta property=\"article:modified_time\" content=\"2024-06-11T20:59:09+00:00\" \/>\n<meta property=\"og:image\" content=\"https:\/\/dicodusport.fr\/blog\/wp-content\/uploads\/2024\/06\/Classement-Decathlon-Athletisme-Championnats-dEurope-Rome-2024.png\" \/>\n\t<meta property=\"og:image:width\" content=\"1200\" \/>\n\t<meta property=\"og:image:height\" content=\"674\" \/>\n\t<meta property=\"og:image:type\" content=\"image\/png\" \/>\n<meta name=\"author\" content=\"Arlette Yeye\" \/>\n<meta name=\"twitter:card\" content=\"summary_large_image\" \/>\n<meta name=\"twitter:title\" content=\"Classement D\u00e9cathlon Athl\u00e9tisme Championnats d&#039;Europe 2024\" \/>\n<meta name=\"twitter:creator\" content=\"@https:\/\/twitter.com\/Shiclette94\" \/>\n<meta name=\"twitter:site\" content=\"@dicodusport\" \/>\n<script type=\"application\/ld+json\" class=\"yoast-schema-graph\">{\"@context\":\"https:\/\/schema.org\",\"@graph\":[{\"@type\":\"NewsArticle\",\"@id\":\"https:\/\/dicodusport.fr\/blog\/classement-decathlon-athletisme-championnats-deurope-2024\/#article\",\"isPartOf\":{\"@id\":\"https:\/\/dicodusport.fr\/blog\/classement-decathlon-athletisme-championnats-deurope-2024\/\"},\"author\":{\"name\":\"Arlette Yeye\",\"@id\":\"https:\/\/dicodusport.fr\/blog\/#\/schema\/person\/cce96fa88785bd8573e3d43078ac8c79\"},\"headline\":\"Classement D\u00e9cathlon Athl\u00e9tisme Championnats d&rsquo;Europe 2024\",\"datePublished\":\"2024-06-11T20:56:45+00:00\",\"dateModified\":\"2024-06-11T20:59:09+00:00\",\"mainEntityOfPage\":{\"@id\":\"https:\/\/dicodusport.fr\/blog\/classement-decathlon-athletisme-championnats-deurope-2024\/\"},\"wordCount\":290,\"commentCount\":0,\"publisher\":{\"@id\":\"https:\/\/dicodusport.fr\/blog\/#organization\"},\"image\":{\"@id\":\"https:\/\/dicodusport.fr\/blog\/classement-decathlon-athletisme-championnats-deurope-2024\/#primaryimage\"},\"thumbnailUrl\":\"https:\/\/dicodusport.fr\/blog\/wp-content\/uploads\/2024\/06\/Classement-Decathlon-Athletisme-Championnats-dEurope-Rome-2024.png\",\"keywords\":[\"Athl\u00e9tisme\",\"br\u00e8ve\",\"d\u00e9cathlon\"],\"articleSection\":[\"Athl\u00e9tisme\"],\"inLanguage\":\"fr-FR\",\"potentialAction\":[{\"@type\":\"CommentAction\",\"name\":\"Comment\",\"target\":[\"https:\/\/dicodusport.fr\/blog\/classement-decathlon-athletisme-championnats-deurope-2024\/#respond\"]}],\"copyrightYear\":\"2024\",\"copyrightHolder\":{\"@id\":\"https:\/\/dicodusport.fr\/blog\/#organization\"}},{\"@type\":\"WebPage\",\"@id\":\"https:\/\/dicodusport.fr\/blog\/classement-decathlon-athletisme-championnats-deurope-2024\/\",\"url\":\"https:\/\/dicodusport.fr\/blog\/classement-decathlon-athletisme-championnats-deurope-2024\/\",\"name\":\"Classement D\u00e9cathlon Athl\u00e9tisme Championnats d'Europe 2024\",\"isPartOf\":{\"@id\":\"https:\/\/dicodusport.fr\/blog\/#website\"},\"primaryImageOfPage\":{\"@id\":\"https:\/\/dicodusport.fr\/blog\/classement-decathlon-athletisme-championnats-deurope-2024\/#primaryimage\"},\"image\":{\"@id\":\"https:\/\/dicodusport.fr\/blog\/classement-decathlon-athletisme-championnats-deurope-2024\/#primaryimage\"},\"thumbnailUrl\":\"https:\/\/dicodusport.fr\/blog\/wp-content\/uploads\/2024\/06\/Classement-Decathlon-Athletisme-Championnats-dEurope-Rome-2024.png\",\"datePublished\":\"2024-06-11T20:56:45+00:00\",\"dateModified\":\"2024-06-11T20:59:09+00:00\",\"description\":\"CHAMPIONNATS D'EUROPE D'ATHL\u00c9TISME 2024 - D\u00e9couvrez le classement du d\u00e9cathlon des Championnats d'Europe d'athl\u00e9tisme.\",\"breadcrumb\":{\"@id\":\"https:\/\/dicodusport.fr\/blog\/classement-decathlon-athletisme-championnats-deurope-2024\/#breadcrumb\"},\"inLanguage\":\"fr-FR\",\"potentialAction\":[{\"@type\":\"ReadAction\",\"target\":[\"https:\/\/dicodusport.fr\/blog\/classement-decathlon-athletisme-championnats-deurope-2024\/\"]}]},{\"@type\":\"ImageObject\",\"inLanguage\":\"fr-FR\",\"@id\":\"https:\/\/dicodusport.fr\/blog\/classement-decathlon-athletisme-championnats-deurope-2024\/#primaryimage\",\"url\":\"https:\/\/dicodusport.fr\/blog\/wp-content\/uploads\/2024\/06\/Classement-Decathlon-Athletisme-Championnats-dEurope-Rome-2024.png\",\"contentUrl\":\"https:\/\/dicodusport.fr\/blog\/wp-content\/uploads\/2024\/06\/Classement-Decathlon-Athletisme-Championnats-dEurope-Rome-2024.png\",\"width\":1200,\"height\":674,\"caption\":\"Classement D\u00e9cathlon Athl\u00e9tisme Championnats d'Europe 2024\"},{\"@type\":\"BreadcrumbList\",\"@id\":\"https:\/\/dicodusport.fr\/blog\/classement-decathlon-athletisme-championnats-deurope-2024\/#breadcrumb\",\"itemListElement\":[{\"@type\":\"ListItem\",\"position\":1,\"name\":\"Accueil\",\"item\":\"https:\/\/dicodusport.fr\/blog\/\"},{\"@type\":\"ListItem\",\"position\":2,\"name\":\"Classement D\u00e9cathlon Athl\u00e9tisme Championnats d&rsquo;Europe 2024\"}]},{\"@type\":\"WebSite\",\"@id\":\"https:\/\/dicodusport.fr\/blog\/#website\",\"url\":\"https:\/\/dicodusport.fr\/blog\/\",\"name\":\"Dicodusport\",\"description\":\"L&#039;encyclop\u00e9die de l&#039;actualit\u00e9 sportive\",\"publisher\":{\"@id\":\"https:\/\/dicodusport.fr\/blog\/#organization\"},\"potentialAction\":[{\"@type\":\"SearchAction\",\"target\":{\"@type\":\"EntryPoint\",\"urlTemplate\":\"https:\/\/dicodusport.fr\/blog\/?s={search_term_string}\"},\"query-input\":{\"@type\":\"PropertyValueSpecification\",\"valueRequired\":true,\"valueName\":\"search_term_string\"}}],\"inLanguage\":\"fr-FR\"},{\"@type\":\"NewsMediaOrganization\",\"@id\":\"https:\/\/dicodusport.fr\/blog\/#organization\",\"name\":\"Dicodusport\",\"url\":\"https:\/\/dicodusport.fr\/blog\/\",\"logo\":{\"@type\":\"ImageObject\",\"inLanguage\":\"fr-FR\",\"@id\":\"https:\/\/dicodusport.fr\/blog\/#\/schema\/logo\/image\/\",\"url\":\"https:\/\/dicodusport.fr\/blog\/wp-content\/uploads\/2020\/06\/cropped-LOGO-DICODUSPORT-2020-SANS-FOND-SANS-TEXTE.png\",\"contentUrl\":\"https:\/\/dicodusport.fr\/blog\/wp-content\/uploads\/2020\/06\/cropped-LOGO-DICODUSPORT-2020-SANS-FOND-SANS-TEXTE.png\",\"width\":512,\"height\":512,\"caption\":\"Dicodusport\"},\"image\":{\"@id\":\"https:\/\/dicodusport.fr\/blog\/#\/schema\/logo\/image\/\"},\"sameAs\":[\"https:\/\/www.facebook.com\/dicodusport\",\"https:\/\/x.com\/dicodusport\",\"https:\/\/www.instagram.com\/dicodusport\/\",\"https:\/\/www.youtube.com\/channel\/UC7V2KZ5sd3htJivAbA4ZG3w\"],\"description\":\"Dicodusport est l'encyclop\u00e9die de l'actualit\u00e9 sportive.\",\"email\":\"bonjour@dicodusport.fr\",\"legalName\":\"DICODUSPORT\",\"foundingDate\":\"2018-01-14\",\"vatID\":\"FR71834470973\",\"taxID\":\"83447097300043\",\"numberOfEmployees\":{\"@type\":\"QuantitativeValue\",\"minValue\":\"1\",\"maxValue\":\"10\"}},{\"@type\":\"Person\",\"@id\":\"https:\/\/dicodusport.fr\/blog\/#\/schema\/person\/cce96fa88785bd8573e3d43078ac8c79\",\"name\":\"Arlette Yeye\",\"image\":{\"@type\":\"ImageObject\",\"inLanguage\":\"fr-FR\",\"@id\":\"https:\/\/dicodusport.fr\/blog\/#\/schema\/person\/image\/\",\"url\":\"https:\/\/secure.gravatar.com\/avatar\/dca4a6239e6d708e46c45d60e160de6c?s=96&d=wp_user_avatar&r=g\",\"contentUrl\":\"https:\/\/secure.gravatar.com\/avatar\/dca4a6239e6d708e46c45d60e160de6c?s=96&d=wp_user_avatar&r=g\",\"caption\":\"Arlette Yeye\"},\"description\":\"Journaliste\/r\u00e9dactrice depuis septembre 2015 - Supportrice de Chelsea, j'ai pour sports de pr\u00e9dilection le handball, l'athl\u00e9tisme et le tennis. Si je tweete plus vite que mon ombre, vous pouvez aussi me retrouver les week-ends sur les playgrounds de Bruxelles pour un petit foot ou basket entre potes. Parcourir la France, l'Europe et plus si affinit\u00e9s pour suivre mes sportifs pr\u00e9f\u00e9r\u00e9s ? Mon kif ! Et c'est avec plaisir que je partage les r\u00e9sultats des sports populaires mais \u00e9galement plus confidentiels pour Dicodusport.\",\"sameAs\":[\"https:\/\/x.com\/https:\/\/twitter.com\/Shiclette94\"],\"url\":\"https:\/\/dicodusport.fr\/blog\/author\/arlette\/\"}]}<\/script>\n<!-- \/ Yoast SEO Premium plugin. -->","yoast_head_json":{"title":"Classement D\u00e9cathlon Athl\u00e9tisme Championnats d'Europe 2024","description":"CHAMPIONNATS D'EUROPE D'ATHL\u00c9TISME 2024 - D\u00e9couvrez le classement du d\u00e9cathlon des Championnats d'Europe d'athl\u00e9tisme.","robots":{"index":"index","follow":"follow","max-snippet":"max-snippet:-1","max-image-preview":"max-image-preview:large","max-video-preview":"max-video-preview:-1"},"canonical":"https:\/\/dicodusport.fr\/blog\/classement-decathlon-athletisme-championnats-deurope-2024\/","og_locale":"fr_FR","og_type":"article","og_title":"Classement D\u00e9cathlon Athl\u00e9tisme Championnats d'Europe 2024","og_description":"CHAMPIONNATS D'EUROPE D'ATHL\u00c9TISME 2024 - D\u00e9couvrez le classement du d\u00e9cathlon des Championnats d'Europe d'athl\u00e9tisme.","og_url":"https:\/\/dicodusport.fr\/blog\/classement-decathlon-athletisme-championnats-deurope-2024\/","og_site_name":"Dicodusport","article_publisher":"https:\/\/www.facebook.com\/dicodusport","article_published_time":"2024-06-11T20:56:45+00:00","article_modified_time":"2024-06-11T20:59:09+00:00","og_image":[{"width":1200,"height":674,"url":"https:\/\/dicodusport.fr\/blog\/wp-content\/uploads\/2024\/06\/Classement-Decathlon-Athletisme-Championnats-dEurope-Rome-2024.png","type":"image\/png"}],"author":"Arlette Yeye","twitter_card":"summary_large_image","twitter_title":"Classement D\u00e9cathlon Athl\u00e9tisme Championnats d'Europe 2024","twitter_creator":"@https:\/\/twitter.com\/Shiclette94","twitter_site":"@dicodusport","schema":{"@context":"https:\/\/schema.org","@graph":[{"@type":"NewsArticle","@id":"https:\/\/dicodusport.fr\/blog\/classement-decathlon-athletisme-championnats-deurope-2024\/#article","isPartOf":{"@id":"https:\/\/dicodusport.fr\/blog\/classement-decathlon-athletisme-championnats-deurope-2024\/"},"author":{"name":"Arlette Yeye","@id":"https:\/\/dicodusport.fr\/blog\/#\/schema\/person\/cce96fa88785bd8573e3d43078ac8c79"},"headline":"Classement D\u00e9cathlon Athl\u00e9tisme Championnats d&rsquo;Europe 2024","datePublished":"2024-06-11T20:56:45+00:00","dateModified":"2024-06-11T20:59:09+00:00","mainEntityOfPage":{"@id":"https:\/\/dicodusport.fr\/blog\/classement-decathlon-athletisme-championnats-deurope-2024\/"},"wordCount":290,"commentCount":0,"publisher":{"@id":"https:\/\/dicodusport.fr\/blog\/#organization"},"image":{"@id":"https:\/\/dicodusport.fr\/blog\/classement-decathlon-athletisme-championnats-deurope-2024\/#primaryimage"},"thumbnailUrl":"https:\/\/dicodusport.fr\/blog\/wp-content\/uploads\/2024\/06\/Classement-Decathlon-Athletisme-Championnats-dEurope-Rome-2024.png","keywords":["Athl\u00e9tisme","br\u00e8ve","d\u00e9cathlon"],"articleSection":["Athl\u00e9tisme"],"inLanguage":"fr-FR","potentialAction":[{"@type":"CommentAction","name":"Comment","target":["https:\/\/dicodusport.fr\/blog\/classement-decathlon-athletisme-championnats-deurope-2024\/#respond"]}],"copyrightYear":"2024","copyrightHolder":{"@id":"https:\/\/dicodusport.fr\/blog\/#organization"}},{"@type":"WebPage","@id":"https:\/\/dicodusport.fr\/blog\/classement-decathlon-athletisme-championnats-deurope-2024\/","url":"https:\/\/dicodusport.fr\/blog\/classement-decathlon-athletisme-championnats-deurope-2024\/","name":"Classement D\u00e9cathlon Athl\u00e9tisme Championnats d'Europe 2024","isPartOf":{"@id":"https:\/\/dicodusport.fr\/blog\/#website"},"primaryImageOfPage":{"@id":"https:\/\/dicodusport.fr\/blog\/classement-decathlon-athletisme-championnats-deurope-2024\/#primaryimage"},"image":{"@id":"https:\/\/dicodusport.fr\/blog\/classement-decathlon-athletisme-championnats-deurope-2024\/#primaryimage"},"thumbnailUrl":"https:\/\/dicodusport.fr\/blog\/wp-content\/uploads\/2024\/06\/Classement-Decathlon-Athletisme-Championnats-dEurope-Rome-2024.png","datePublished":"2024-06-11T20:56:45+00:00","dateModified":"2024-06-11T20:59:09+00:00","description":"CHAMPIONNATS D'EUROPE D'ATHL\u00c9TISME 2024 - D\u00e9couvrez le classement du d\u00e9cathlon des Championnats d'Europe d'athl\u00e9tisme.","breadcrumb":{"@id":"https:\/\/dicodusport.fr\/blog\/classement-decathlon-athletisme-championnats-deurope-2024\/#breadcrumb"},"inLanguage":"fr-FR","potentialAction":[{"@type":"ReadAction","target":["https:\/\/dicodusport.fr\/blog\/classement-decathlon-athletisme-championnats-deurope-2024\/"]}]},{"@type":"ImageObject","inLanguage":"fr-FR","@id":"https:\/\/dicodusport.fr\/blog\/classement-decathlon-athletisme-championnats-deurope-2024\/#primaryimage","url":"https:\/\/dicodusport.fr\/blog\/wp-content\/uploads\/2024\/06\/Classement-Decathlon-Athletisme-Championnats-dEurope-Rome-2024.png","contentUrl":"https:\/\/dicodusport.fr\/blog\/wp-content\/uploads\/2024\/06\/Classement-Decathlon-Athletisme-Championnats-dEurope-Rome-2024.png","width":1200,"height":674,"caption":"Classement D\u00e9cathlon Athl\u00e9tisme Championnats d'Europe 2024"},{"@type":"BreadcrumbList","@id":"https:\/\/dicodusport.fr\/blog\/classement-decathlon-athletisme-championnats-deurope-2024\/#breadcrumb","itemListElement":[{"@type":"ListItem","position":1,"name":"Accueil","item":"https:\/\/dicodusport.fr\/blog\/"},{"@type":"ListItem","position":2,"name":"Classement D\u00e9cathlon Athl\u00e9tisme Championnats d&rsquo;Europe 2024"}]},{"@type":"WebSite","@id":"https:\/\/dicodusport.fr\/blog\/#website","url":"https:\/\/dicodusport.fr\/blog\/","name":"Dicodusport","description":"L&#039;encyclop\u00e9die de l&#039;actualit\u00e9 sportive","publisher":{"@id":"https:\/\/dicodusport.fr\/blog\/#organization"},"potentialAction":[{"@type":"SearchAction","target":{"@type":"EntryPoint","urlTemplate":"https:\/\/dicodusport.fr\/blog\/?s={search_term_string}"},"query-input":{"@type":"PropertyValueSpecification","valueRequired":true,"valueName":"search_term_string"}}],"inLanguage":"fr-FR"},{"@type":"NewsMediaOrganization","@id":"https:\/\/dicodusport.fr\/blog\/#organization","name":"Dicodusport","url":"https:\/\/dicodusport.fr\/blog\/","logo":{"@type":"ImageObject","inLanguage":"fr-FR","@id":"https:\/\/dicodusport.fr\/blog\/#\/schema\/logo\/image\/","url":"https:\/\/dicodusport.fr\/blog\/wp-content\/uploads\/2020\/06\/cropped-LOGO-DICODUSPORT-2020-SANS-FOND-SANS-TEXTE.png","contentUrl":"https:\/\/dicodusport.fr\/blog\/wp-content\/uploads\/2020\/06\/cropped-LOGO-DICODUSPORT-2020-SANS-FOND-SANS-TEXTE.png","width":512,"height":512,"caption":"Dicodusport"},"image":{"@id":"https:\/\/dicodusport.fr\/blog\/#\/schema\/logo\/image\/"},"sameAs":["https:\/\/www.facebook.com\/dicodusport","https:\/\/x.com\/dicodusport","https:\/\/www.instagram.com\/dicodusport\/","https:\/\/www.youtube.com\/channel\/UC7V2KZ5sd3htJivAbA4ZG3w"],"description":"Dicodusport est l'encyclop\u00e9die de l'actualit\u00e9 sportive.","email":"bonjour@dicodusport.fr","legalName":"DICODUSPORT","foundingDate":"2018-01-14","vatID":"FR71834470973","taxID":"83447097300043","numberOfEmployees":{"@type":"QuantitativeValue","minValue":"1","maxValue":"10"}},{"@type":"Person","@id":"https:\/\/dicodusport.fr\/blog\/#\/schema\/person\/cce96fa88785bd8573e3d43078ac8c79","name":"Arlette Yeye","image":{"@type":"ImageObject","inLanguage":"fr-FR","@id":"https:\/\/dicodusport.fr\/blog\/#\/schema\/person\/image\/","url":"https:\/\/secure.gravatar.com\/avatar\/dca4a6239e6d708e46c45d60e160de6c?s=96&d=wp_user_avatar&r=g","contentUrl":"https:\/\/secure.gravatar.com\/avatar\/dca4a6239e6d708e46c45d60e160de6c?s=96&d=wp_user_avatar&r=g","caption":"Arlette Yeye"},"description":"Journaliste\/r\u00e9dactrice depuis septembre 2015 - Supportrice de Chelsea, j'ai pour sports de pr\u00e9dilection le handball, l'athl\u00e9tisme et le tennis. Si je tweete plus vite que mon ombre, vous pouvez aussi me retrouver les week-ends sur les playgrounds de Bruxelles pour un petit foot ou basket entre potes. Parcourir la France, l'Europe et plus si affinit\u00e9s pour suivre mes sportifs pr\u00e9f\u00e9r\u00e9s ? Mon kif ! Et c'est avec plaisir que je partage les r\u00e9sultats des sports populaires mais \u00e9galement plus confidentiels pour Dicodusport.","sameAs":["https:\/\/x.com\/https:\/\/twitter.com\/Shiclette94"],"url":"https:\/\/dicodusport.fr\/blog\/author\/arlette\/"}]}},"_links":{"self":[{"href":"https:\/\/dicodusport.fr\/blog\/wp-json\/wp\/v2\/posts\/488864","targetHints":{"allow":["GET"]}}],"collection":[{"href":"https:\/\/dicodusport.fr\/blog\/wp-json\/wp\/v2\/posts"}],"about":[{"href":"https:\/\/dicodusport.fr\/blog\/wp-json\/wp\/v2\/types\/post"}],"author":[{"embeddable":true,"href":"https:\/\/dicodusport.fr\/blog\/wp-json\/wp\/v2\/users\/12"}],"replies":[{"embeddable":true,"href":"https:\/\/dicodusport.fr\/blog\/wp-json\/wp\/v2\/comments?post=488864"}],"version-history":[{"count":6,"href":"https:\/\/dicodusport.fr\/blog\/wp-json\/wp\/v2\/posts\/488864\/revisions"}],"predecessor-version":[{"id":492299,"href":"https:\/\/dicodusport.fr\/blog\/wp-json\/wp\/v2\/posts\/488864\/revisions\/492299"}],"wp:featuredmedia":[{"embeddable":true,"href":"https:\/\/dicodusport.fr\/blog\/wp-json\/wp\/v2\/media\/492077"}],"wp:attachment":[{"href":"https:\/\/dicodusport.fr\/blog\/wp-json\/wp\/v2\/media?parent=488864"}],"wp:term":[{"taxonomy":"category","embeddable":true,"href":"https:\/\/dicodusport.fr\/blog\/wp-json\/wp\/v2\/categories?post=488864"},{"taxonomy":"post_tag","embeddable":true,"href":"https:\/\/dicodusport.fr\/blog\/wp-json\/wp\/v2\/tags?post=488864"}],"curies":[{"name":"wp","href":"https:\/\/api.w.org\/{rel}","templated":true}]}}