{"id":488923,"date":"2024-05-29T23:42:42","date_gmt":"2024-05-29T21:42:42","guid":{"rendered":"https:\/\/dicodusport.fr\/blog\/?p=488923&#038;preview=true&#038;preview_id=488923"},"modified":"2024-05-30T13:18:01","modified_gmt":"2024-05-30T11:18:01","slug":"ligue-europa-conference-olympiakos-s-offre-premier-sacre-europeen-face-a-la-fiorentina","status":"publish","type":"post","link":"https:\/\/dicodusport.fr\/blog\/ligue-europa-conference-olympiakos-s-offre-premier-sacre-europeen-face-a-la-fiorentina\/","title":{"rendered":"Ligue Europa Conf\u00e9rence : L&rsquo;Olympiakos s&rsquo;offre son premier sacre europ\u00e9en face \u00e0 la Fiorentina"},"content":{"rendered":"<p style=\"text-align: justify;\"><em><strong>LIGUE EUROPA CONF\u00c9RENCE &#8211; Le Fiorentina chute encore en finale. Finalistes malheureux la saison derni\u00e8re, les Italiens ne sont pas parvenus \u00e0 se d\u00e9faire de l\u2019Olympiakos cette ann\u00e9e. Le meilleur buteur de la comp\u00e9tition, Ayoub El-Kaabi, a de nouveau frapp\u00e9 lors des prolongations pour offrir au club grec le premier troph\u00e9e europ\u00e9en de son histoire (1-0).<\/strong><\/em><\/p>\n<h2 style=\"text-align: justify;\"><strong>Dos \u00e0 dos<\/strong><\/h2>\n<p style=\"text-align: justify;\">Si le club grec \u00e9tait le premier \u00e0 se cr\u00e9er une occasion, la Fiorentina lui r\u00e9pondait imm\u00e9diatement. Les Italiens ouvraient m\u00eame le score peu avant la 10<sup>\u00e8me<\/sup> minute. Mais la r\u00e9alisation de <strong>Milenkovic<\/strong> \u00e9tait refus\u00e9e pour une position de hors-jeu du d\u00e9fenseur. La Fiorentina prenait peu \u00e0 peu le jeu \u00e0 son compte. <strong>Bonaventura<\/strong> r\u00e9cup\u00e9rait le cuir apr\u00e8s un d\u00e9gagement rat\u00e9, mais sa tentative manquait de puissance pour inqui\u00e9ter <strong>Tzolakis<\/strong> (21\u2032). <strong>Giacomo Bonaventura<\/strong>, encore lui, perdait ensuite son duel face au portier grec (22\u2032).<\/p>\n<p style=\"text-align: justify;\">Malmen\u00e9, l\u2019Olympiakos r\u00e9agissait peu avant la demi-heure de jeu, le coup de t\u00eate de <strong>Podence<\/strong> \u00e9tait capt\u00e9 sur sa ligne par <strong>Terracciano<\/strong>. <em>La Viola<\/em> ma\u00eetrisait la premi\u00e8re p\u00e9riode, sans pour autant parvenir \u00e0 concr\u00e9tiser ses opportunit\u00e9s. <strong>Konstantinos Tzolakis<\/strong> soufflait sur un centre italien conclu par une reprise de <strong>Gonzales<\/strong>, hors cadre (39\u2032) puis les deux \u00e9quipes regagnaient les vestiaires, dos \u00e0 dos (0-0).<\/p>\n<blockquote class=\"twitter-tweet\">\n<p dir=\"ltr\" lang=\"en\">Follow the second half live! \ud83d\udc47<a href=\"https:\/\/twitter.com\/hashtag\/UECLfinal?src=hash&amp;ref_src=twsrc%5Etfw\">#UECLfinal<\/a><\/p>\n<p>\u2014 UEFA Europa Conference League (@europacnfleague) <a href=\"https:\/\/twitter.com\/europacnfleague\/status\/1795909589956772074?ref_src=twsrc%5Etfw\">May 29, 2024<\/a><\/p><\/blockquote>\n<p><script async src=\"https:\/\/platform.twitter.com\/widgets.js\" charset=\"utf-8\"><\/script><\/p>\n<h2 style=\"text-align: justify;\"><strong>Vers les prolongations<\/strong><\/h2>\n<p style=\"text-align: justify;\">C\u2019\u00e9tait mieux en entame de seconde p\u00e9riode pour l\u2019Olympiakos, port\u00e9 par les supporters pr\u00e9sents \u00e0 Ath\u00e8nes. <strong>Podence<\/strong> \u00e9tait id\u00e9alement trouv\u00e9 par <strong>Fortounis<\/strong> mais subissait le retour de <strong>Dodo<\/strong> (63\u2032). A cette offensive grecque r\u00e9pondait <strong>Milenkovic<\/strong> quelques instants plus tard. Mais ce dernier ne parvenait pas \u00e0 cadrer sa t\u00eate (65\u2032). Son co\u00e9quipier <strong>Kouam\u00e9<\/strong> n\u2019\u00e9tait pas plus en r\u00e9ussite \u00e0 la 68<sup>\u00e8me<\/sup>, se heurtant \u00e0 <strong>Tzolakis<\/strong>.<\/p>\n<p style=\"text-align: justify;\">L\u2019Olympiakos avait bien du mal \u00e0 trouver son attaquant vedette <strong>Ayoub El-Kaabi<\/strong>, meilleur buteur de la comp\u00e9tition, parfaitement musel\u00e9 par la d\u00e9fense italienne. <strong>Vicente Iborra<\/strong> n\u2019\u00e9tait quant \u00e0 lui pas loin d\u2019ouvrir la marque (80\u2032) mais sa tentative fr\u00f4lait les montants de <strong>Terracciano<\/strong>. Aucune des deux formations n\u2019arrivant \u00e0 se d\u00e9partager au terme du temps r\u00e9glementaire, Monsieur Correia envoyait tout le monde en prolongations.<\/p>\n<h2 style=\"text-align: justify;\"><strong>El-Kaabi offre le sacre \u00e0 l\u2019Olympiakos<\/strong><\/h2>\n<p style=\"text-align: justify;\">Les esprits s\u2019\u00e9chauffaient alors que l\u2019Olympiakos r\u00e9clamait un penalty pour une main de <strong>Quarta<\/strong>. Mis \u00e0 part quelques cartons distribu\u00e9s par l\u2019arbitre, celui-ci laissait le jeu se poursuivre. <strong>Jovetic<\/strong> s\u2019essayait alors \u00e0 l\u2019entr\u00e9e de la surface italienne, poussant <strong>Terracciano<\/strong> \u00e0 se d\u00e9tendre de tout son long (96\u2032). <strong>Tzolakis<\/strong> imitait son homologue italien sur une frappe de <strong>Jonathan Ikon\u00e9<\/strong> (110\u2032). On n\u2019\u00e9tait pas loin du K.O de part et d\u2019autre. Et l\u2019uppercut est finalement arriv\u00e9 en pleine t\u00eate de la Fiorentina \u00e0 la 116<sup>\u00e8me<\/sup>.<\/p>\n<blockquote class=\"twitter-tweet\">\n<p dir=\"ltr\" lang=\"fr\">Ayoub El Kaabi donne la victoire \u00e0 l&rsquo;Olympiakos dans une ambiance de folie ! \ud83d\udd25<\/p>\n<p>C&rsquo;est la 1\u00e8re coupe d&rsquo;Europe remport\u00e9e par un club Grec \ud83d\ude0d<a href=\"https:\/\/twitter.com\/hashtag\/OLYFIO?src=hash&amp;ref_src=twsrc%5Etfw\">#OLYFIO<\/a> | <a href=\"https:\/\/twitter.com\/hashtag\/UECLfinal?src=hash&amp;ref_src=twsrc%5Etfw\">#UECLfinal<\/a> <a href=\"https:\/\/t.co\/RErinZMt2I\">pic.twitter.com\/RErinZMt2I<\/a><\/p>\n<p>\u2014 CANAL+ Foot (@CanalplusFoot) <a href=\"https:\/\/twitter.com\/CanalplusFoot\/status\/1795933629865967679?ref_src=twsrc%5Etfw\">May 29, 2024<\/a><\/p><\/blockquote>\n<p><script async src=\"https:\/\/platform.twitter.com\/widgets.js\" charset=\"utf-8\"><\/script><\/p>\n<p style=\"text-align: justify;\">Le centre de <strong>Hezze<\/strong> c\u00f4t\u00e9 gauche \u00e9tait coup\u00e9 premier poteau par <strong>El-Kaabi<\/strong>, pour son 11<sup>\u00e8me<\/sup> but cette saison dans la comp\u00e9tition&#8230; en 9 rencontres. Finalistes malheureux la saison derni\u00e8re face \u00e0 West Ham, les Italiens ne se rel\u00e8veront pas de cette ouverture du score tardive. L\u2019<strong>Olympiakos<\/strong> pouvait laisser exploser sa joie au coup de sifflet final, les supporters aussi. Car avec cette victoire (1-0) le club grec soul\u00e8ve ainsi le premier troph\u00e9e europ\u00e9en de son histoire.<\/p>\n","protected":false},"excerpt":{"rendered":"<p>Au bout des prolongations face \u00e0 la Fiorentina, Ayoub El-Kaabi offre le premier sacre europ\u00e9en de son histoire \u00e0 l&rsquo;Olympiakos (1-0).<\/p>\n","protected":false},"author":18,"featured_media":488988,"comment_status":"open","ping_status":"closed","sticky":false,"template":"","format":"standard","meta":{"_acf_changed":false,"_daextam_enable_autolinks":"1","footnotes":""},"categories":[2301],"tags":[32415,16878,10997,75,19580,8806],"class_list":["post-488923","post","type-post","status-publish","format-standard","has-post-thumbnail","hentry","category-football","tag-actu","tag-breve","tag-fiorentina","tag-football","tag-ligue-europa-conference","tag-olympiakos"],"acf":[],"yoast_head":"<!-- This site is optimized with the Yoast SEO Premium plugin v26.7 (Yoast SEO v26.7) - https:\/\/yoast.com\/wordpress\/plugins\/seo\/ -->\n<title>Ligue Europa Conf\u00e9rence : L&#039;Olympiakos s&#039;offre son premier sacre europ\u00e9en face \u00e0 la Fiorentina<\/title>\n<meta name=\"description\" content=\"Au bout des prolongations face \u00e0 la Fiorentina, Ayoub El-Kaabi offre le premier sacre europ\u00e9en de son histoire \u00e0 l&#039;Olympiakos (1-0).\" \/>\n<meta name=\"robots\" content=\"index, follow, max-snippet:-1, max-image-preview:large, max-video-preview:-1\" \/>\n<link rel=\"canonical\" href=\"https:\/\/dicodusport.fr\/blog\/ligue-europa-conference-olympiakos-s-offre-premier-sacre-europeen-face-a-la-fiorentina\/\" \/>\n<meta property=\"og:locale\" content=\"fr_FR\" \/>\n<meta property=\"og:type\" content=\"article\" \/>\n<meta property=\"og:title\" content=\"Ligue Europa Conf\u00e9rence : L&#039;Olympiakos s&#039;offre son premier sacre europ\u00e9en face \u00e0 la Fiorentina\" \/>\n<meta property=\"og:description\" content=\"Au bout des prolongations face \u00e0 la Fiorentina, Ayoub El-Kaabi offre le premier sacre europ\u00e9en de son histoire \u00e0 l&#039;Olympiakos (1-0).\" \/>\n<meta property=\"og:url\" content=\"https:\/\/dicodusport.fr\/blog\/ligue-europa-conference-olympiakos-s-offre-premier-sacre-europeen-face-a-la-fiorentina\/\" \/>\n<meta property=\"og:site_name\" content=\"Dicodusport\" \/>\n<meta property=\"article:publisher\" content=\"https:\/\/www.facebook.com\/dicodusport\" \/>\n<meta property=\"article:author\" content=\"https:\/\/www.facebook.com\/soocube\" \/>\n<meta property=\"article:published_time\" content=\"2024-05-29T21:42:42+00:00\" \/>\n<meta property=\"article:modified_time\" content=\"2024-05-30T11:18:01+00:00\" \/>\n<meta property=\"og:image\" content=\"https:\/\/dicodusport.fr\/blog\/wp-content\/uploads\/2024\/05\/Ligue-Europa-Conference-LOlympiakos-soffre-son-premier-sacre-europeen-face-a-la-Fiorentina-1.png\" \/>\n\t<meta property=\"og:image:width\" content=\"1200\" \/>\n\t<meta property=\"og:image:height\" content=\"674\" \/>\n\t<meta property=\"og:image:type\" content=\"image\/png\" \/>\n<meta name=\"author\" content=\"Sophie Clapier\" \/>\n<meta name=\"twitter:card\" content=\"summary_large_image\" \/>\n<meta name=\"twitter:title\" content=\"Ligue Europa Conf\u00e9rence : L&#039;Olympiakos s&#039;offre son premier sacre europ\u00e9en face \u00e0 la Fiorentina\" \/>\n<meta name=\"twitter:creator\" content=\"@https:\/\/twitter.com\/soocube\" \/>\n<meta name=\"twitter:site\" content=\"@dicodusport\" \/>\n<script type=\"application\/ld+json\" class=\"yoast-schema-graph\">{\"@context\":\"https:\/\/schema.org\",\"@graph\":[{\"@type\":\"NewsArticle\",\"@id\":\"https:\/\/dicodusport.fr\/blog\/ligue-europa-conference-olympiakos-s-offre-premier-sacre-europeen-face-a-la-fiorentina\/#article\",\"isPartOf\":{\"@id\":\"https:\/\/dicodusport.fr\/blog\/ligue-europa-conference-olympiakos-s-offre-premier-sacre-europeen-face-a-la-fiorentina\/\"},\"author\":{\"name\":\"Sophie Clapier\",\"@id\":\"https:\/\/dicodusport.fr\/blog\/#\/schema\/person\/416c975648aca9da8839bdfe333a21c9\"},\"headline\":\"Ligue Europa Conf\u00e9rence : L&rsquo;Olympiakos s&rsquo;offre son premier sacre europ\u00e9en face \u00e0 la Fiorentina\",\"datePublished\":\"2024-05-29T21:42:42+00:00\",\"dateModified\":\"2024-05-30T11:18:01+00:00\",\"mainEntityOfPage\":{\"@id\":\"https:\/\/dicodusport.fr\/blog\/ligue-europa-conference-olympiakos-s-offre-premier-sacre-europeen-face-a-la-fiorentina\/\"},\"wordCount\":610,\"commentCount\":0,\"publisher\":{\"@id\":\"https:\/\/dicodusport.fr\/blog\/#organization\"},\"image\":{\"@id\":\"https:\/\/dicodusport.fr\/blog\/ligue-europa-conference-olympiakos-s-offre-premier-sacre-europeen-face-a-la-fiorentina\/#primaryimage\"},\"thumbnailUrl\":\"https:\/\/dicodusport.fr\/blog\/wp-content\/uploads\/2024\/05\/Ligue-Europa-Conference-LOlympiakos-soffre-son-premier-sacre-europeen-face-a-la-Fiorentina-1.png\",\"keywords\":[\"actu\",\"br\u00e8ve\",\"Fiorentina\",\"Football\",\"Ligue Europa Conf\u00e9rence\",\"Olympiakos\"],\"articleSection\":[\"Football\"],\"inLanguage\":\"fr-FR\",\"potentialAction\":[{\"@type\":\"CommentAction\",\"name\":\"Comment\",\"target\":[\"https:\/\/dicodusport.fr\/blog\/ligue-europa-conference-olympiakos-s-offre-premier-sacre-europeen-face-a-la-fiorentina\/#respond\"]}],\"copyrightYear\":\"2024\",\"copyrightHolder\":{\"@id\":\"https:\/\/dicodusport.fr\/blog\/#organization\"}},{\"@type\":\"WebPage\",\"@id\":\"https:\/\/dicodusport.fr\/blog\/ligue-europa-conference-olympiakos-s-offre-premier-sacre-europeen-face-a-la-fiorentina\/\",\"url\":\"https:\/\/dicodusport.fr\/blog\/ligue-europa-conference-olympiakos-s-offre-premier-sacre-europeen-face-a-la-fiorentina\/\",\"name\":\"Ligue Europa Conf\u00e9rence : L'Olympiakos s'offre son premier sacre europ\u00e9en face \u00e0 la Fiorentina\",\"isPartOf\":{\"@id\":\"https:\/\/dicodusport.fr\/blog\/#website\"},\"primaryImageOfPage\":{\"@id\":\"https:\/\/dicodusport.fr\/blog\/ligue-europa-conference-olympiakos-s-offre-premier-sacre-europeen-face-a-la-fiorentina\/#primaryimage\"},\"image\":{\"@id\":\"https:\/\/dicodusport.fr\/blog\/ligue-europa-conference-olympiakos-s-offre-premier-sacre-europeen-face-a-la-fiorentina\/#primaryimage\"},\"thumbnailUrl\":\"https:\/\/dicodusport.fr\/blog\/wp-content\/uploads\/2024\/05\/Ligue-Europa-Conference-LOlympiakos-soffre-son-premier-sacre-europeen-face-a-la-Fiorentina-1.png\",\"datePublished\":\"2024-05-29T21:42:42+00:00\",\"dateModified\":\"2024-05-30T11:18:01+00:00\",\"description\":\"Au bout des prolongations face \u00e0 la Fiorentina, Ayoub El-Kaabi offre le premier sacre europ\u00e9en de son histoire \u00e0 l'Olympiakos (1-0).\",\"breadcrumb\":{\"@id\":\"https:\/\/dicodusport.fr\/blog\/ligue-europa-conference-olympiakos-s-offre-premier-sacre-europeen-face-a-la-fiorentina\/#breadcrumb\"},\"inLanguage\":\"fr-FR\",\"potentialAction\":[{\"@type\":\"ReadAction\",\"target\":[\"https:\/\/dicodusport.fr\/blog\/ligue-europa-conference-olympiakos-s-offre-premier-sacre-europeen-face-a-la-fiorentina\/\"]}]},{\"@type\":\"ImageObject\",\"inLanguage\":\"fr-FR\",\"@id\":\"https:\/\/dicodusport.fr\/blog\/ligue-europa-conference-olympiakos-s-offre-premier-sacre-europeen-face-a-la-fiorentina\/#primaryimage\",\"url\":\"https:\/\/dicodusport.fr\/blog\/wp-content\/uploads\/2024\/05\/Ligue-Europa-Conference-LOlympiakos-soffre-son-premier-sacre-europeen-face-a-la-Fiorentina-1.png\",\"contentUrl\":\"https:\/\/dicodusport.fr\/blog\/wp-content\/uploads\/2024\/05\/Ligue-Europa-Conference-LOlympiakos-soffre-son-premier-sacre-europeen-face-a-la-Fiorentina-1.png\",\"width\":1200,\"height\":674,\"caption\":\"Ligue Europa Conf\u00e9rence L'Olympiakos s'offre son premier sacre europ\u00e9en face \u00e0 la Fiorentina\"},{\"@type\":\"BreadcrumbList\",\"@id\":\"https:\/\/dicodusport.fr\/blog\/ligue-europa-conference-olympiakos-s-offre-premier-sacre-europeen-face-a-la-fiorentina\/#breadcrumb\",\"itemListElement\":[{\"@type\":\"ListItem\",\"position\":1,\"name\":\"Accueil\",\"item\":\"https:\/\/dicodusport.fr\/blog\/\"},{\"@type\":\"ListItem\",\"position\":2,\"name\":\"Ligue Europa Conf\u00e9rence : L&rsquo;Olympiakos s&rsquo;offre son premier sacre europ\u00e9en face \u00e0 la Fiorentina\"}]},{\"@type\":\"WebSite\",\"@id\":\"https:\/\/dicodusport.fr\/blog\/#website\",\"url\":\"https:\/\/dicodusport.fr\/blog\/\",\"name\":\"Dicodusport\",\"description\":\"L&#039;encyclop\u00e9die de l&#039;actualit\u00e9 sportive\",\"publisher\":{\"@id\":\"https:\/\/dicodusport.fr\/blog\/#organization\"},\"potentialAction\":[{\"@type\":\"SearchAction\",\"target\":{\"@type\":\"EntryPoint\",\"urlTemplate\":\"https:\/\/dicodusport.fr\/blog\/?s={search_term_string}\"},\"query-input\":{\"@type\":\"PropertyValueSpecification\",\"valueRequired\":true,\"valueName\":\"search_term_string\"}}],\"inLanguage\":\"fr-FR\"},{\"@type\":\"NewsMediaOrganization\",\"@id\":\"https:\/\/dicodusport.fr\/blog\/#organization\",\"name\":\"Dicodusport\",\"url\":\"https:\/\/dicodusport.fr\/blog\/\",\"logo\":{\"@type\":\"ImageObject\",\"inLanguage\":\"fr-FR\",\"@id\":\"https:\/\/dicodusport.fr\/blog\/#\/schema\/logo\/image\/\",\"url\":\"https:\/\/dicodusport.fr\/blog\/wp-content\/uploads\/2020\/06\/cropped-LOGO-DICODUSPORT-2020-SANS-FOND-SANS-TEXTE.png\",\"contentUrl\":\"https:\/\/dicodusport.fr\/blog\/wp-content\/uploads\/2020\/06\/cropped-LOGO-DICODUSPORT-2020-SANS-FOND-SANS-TEXTE.png\",\"width\":512,\"height\":512,\"caption\":\"Dicodusport\"},\"image\":{\"@id\":\"https:\/\/dicodusport.fr\/blog\/#\/schema\/logo\/image\/\"},\"sameAs\":[\"https:\/\/www.facebook.com\/dicodusport\",\"https:\/\/x.com\/dicodusport\",\"https:\/\/www.instagram.com\/dicodusport\/\",\"https:\/\/www.youtube.com\/channel\/UC7V2KZ5sd3htJivAbA4ZG3w\"],\"description\":\"Dicodusport est l'encyclop\u00e9die de l'actualit\u00e9 sportive.\",\"email\":\"bonjour@dicodusport.fr\",\"legalName\":\"DICODUSPORT\",\"foundingDate\":\"2018-01-14\",\"vatID\":\"FR71834470973\",\"taxID\":\"83447097300043\",\"numberOfEmployees\":{\"@type\":\"QuantitativeValue\",\"minValue\":\"1\",\"maxValue\":\"10\"}},{\"@type\":\"Person\",\"@id\":\"https:\/\/dicodusport.fr\/blog\/#\/schema\/person\/416c975648aca9da8839bdfe333a21c9\",\"name\":\"Sophie Clapier\",\"image\":{\"@type\":\"ImageObject\",\"inLanguage\":\"fr-FR\",\"@id\":\"https:\/\/dicodusport.fr\/blog\/#\/schema\/person\/image\/\",\"url\":\"https:\/\/dicodusport.fr\/blog\/wp-content\/uploads\/2021\/05\/Sophie-Clapier-150x150.jpg\",\"contentUrl\":\"https:\/\/dicodusport.fr\/blog\/wp-content\/uploads\/2021\/05\/Sophie-Clapier-150x150.jpg\",\"caption\":\"Sophie Clapier\"},\"description\":\"Journaliste\/r\u00e9dactrice depuis janvier 2016 - Passionn\u00e9e de sport depuis toujours, j\u2019en ai pratiqu\u00e9 quelques-uns. Judo, football, handball ou encore tennis, je n\u2019ai jamais pu me mettre d\u2019accord sur un en particulier. Mais \u00e7a, c\u2019\u00e9tait avant de d\u00e9couvrir le basket, devenu mon sport de pr\u00e9dilection. Les actions NBA, le All-Star Week-end, la fureur des Game 7 pendant les playoffs ou mieux, lors des Finals, this is why we play. Team Spurs T.P, je m\u2019accroche encore \u00e0 Gregg Popovich (don\u2019t leave !). Team chef Curry, je souhaite qu\u2019il finisse aux Warriors (staaaay !). Non, il n\u2019y a pas qu\u2019eux, des petits nouveaux -et des petites nouvelles \u00e9videmment- arrivent chaque jour dans toutes les disciplines et cr\u00e9ent de nouveaux exploits. Alors pour les grands \u00e9v\u00e9nements et comp\u00e9titions internationales, vive les pulsations 240\/minutes et le d\u00e9fibrillateur pas loin, et allez les Bleu(e)s ! C\u2019est s\u00fbr, j\u2019aurai plus vu ma vie sur un terrain de sport, mais \u00e0 d\u00e9faut d\u2019en faire en haut niveau, je le partage avec vous.\",\"sameAs\":[\"https:\/\/www.facebook.com\/soocube\",\"https:\/\/x.com\/https:\/\/twitter.com\/soocube\",\"admin\"],\"url\":\"https:\/\/dicodusport.fr\/blog\/author\/sophie\/\"}]}<\/script>\n<!-- \/ Yoast SEO Premium plugin. -->","yoast_head_json":{"title":"Ligue Europa Conf\u00e9rence : L'Olympiakos s'offre son premier sacre europ\u00e9en face \u00e0 la Fiorentina","description":"Au bout des prolongations face \u00e0 la Fiorentina, Ayoub El-Kaabi offre le premier sacre europ\u00e9en de son histoire \u00e0 l'Olympiakos (1-0).","robots":{"index":"index","follow":"follow","max-snippet":"max-snippet:-1","max-image-preview":"max-image-preview:large","max-video-preview":"max-video-preview:-1"},"canonical":"https:\/\/dicodusport.fr\/blog\/ligue-europa-conference-olympiakos-s-offre-premier-sacre-europeen-face-a-la-fiorentina\/","og_locale":"fr_FR","og_type":"article","og_title":"Ligue Europa Conf\u00e9rence : L'Olympiakos s'offre son premier sacre europ\u00e9en face \u00e0 la Fiorentina","og_description":"Au bout des prolongations face \u00e0 la Fiorentina, Ayoub El-Kaabi offre le premier sacre europ\u00e9en de son histoire \u00e0 l'Olympiakos (1-0).","og_url":"https:\/\/dicodusport.fr\/blog\/ligue-europa-conference-olympiakos-s-offre-premier-sacre-europeen-face-a-la-fiorentina\/","og_site_name":"Dicodusport","article_publisher":"https:\/\/www.facebook.com\/dicodusport","article_author":"https:\/\/www.facebook.com\/soocube","article_published_time":"2024-05-29T21:42:42+00:00","article_modified_time":"2024-05-30T11:18:01+00:00","og_image":[{"width":1200,"height":674,"url":"https:\/\/dicodusport.fr\/blog\/wp-content\/uploads\/2024\/05\/Ligue-Europa-Conference-LOlympiakos-soffre-son-premier-sacre-europeen-face-a-la-Fiorentina-1.png","type":"image\/png"}],"author":"Sophie Clapier","twitter_card":"summary_large_image","twitter_title":"Ligue Europa Conf\u00e9rence : L'Olympiakos s'offre son premier sacre europ\u00e9en face \u00e0 la Fiorentina","twitter_creator":"@https:\/\/twitter.com\/soocube","twitter_site":"@dicodusport","schema":{"@context":"https:\/\/schema.org","@graph":[{"@type":"NewsArticle","@id":"https:\/\/dicodusport.fr\/blog\/ligue-europa-conference-olympiakos-s-offre-premier-sacre-europeen-face-a-la-fiorentina\/#article","isPartOf":{"@id":"https:\/\/dicodusport.fr\/blog\/ligue-europa-conference-olympiakos-s-offre-premier-sacre-europeen-face-a-la-fiorentina\/"},"author":{"name":"Sophie Clapier","@id":"https:\/\/dicodusport.fr\/blog\/#\/schema\/person\/416c975648aca9da8839bdfe333a21c9"},"headline":"Ligue Europa Conf\u00e9rence : L&rsquo;Olympiakos s&rsquo;offre son premier sacre europ\u00e9en face \u00e0 la Fiorentina","datePublished":"2024-05-29T21:42:42+00:00","dateModified":"2024-05-30T11:18:01+00:00","mainEntityOfPage":{"@id":"https:\/\/dicodusport.fr\/blog\/ligue-europa-conference-olympiakos-s-offre-premier-sacre-europeen-face-a-la-fiorentina\/"},"wordCount":610,"commentCount":0,"publisher":{"@id":"https:\/\/dicodusport.fr\/blog\/#organization"},"image":{"@id":"https:\/\/dicodusport.fr\/blog\/ligue-europa-conference-olympiakos-s-offre-premier-sacre-europeen-face-a-la-fiorentina\/#primaryimage"},"thumbnailUrl":"https:\/\/dicodusport.fr\/blog\/wp-content\/uploads\/2024\/05\/Ligue-Europa-Conference-LOlympiakos-soffre-son-premier-sacre-europeen-face-a-la-Fiorentina-1.png","keywords":["actu","br\u00e8ve","Fiorentina","Football","Ligue Europa Conf\u00e9rence","Olympiakos"],"articleSection":["Football"],"inLanguage":"fr-FR","potentialAction":[{"@type":"CommentAction","name":"Comment","target":["https:\/\/dicodusport.fr\/blog\/ligue-europa-conference-olympiakos-s-offre-premier-sacre-europeen-face-a-la-fiorentina\/#respond"]}],"copyrightYear":"2024","copyrightHolder":{"@id":"https:\/\/dicodusport.fr\/blog\/#organization"}},{"@type":"WebPage","@id":"https:\/\/dicodusport.fr\/blog\/ligue-europa-conference-olympiakos-s-offre-premier-sacre-europeen-face-a-la-fiorentina\/","url":"https:\/\/dicodusport.fr\/blog\/ligue-europa-conference-olympiakos-s-offre-premier-sacre-europeen-face-a-la-fiorentina\/","name":"Ligue Europa Conf\u00e9rence : L'Olympiakos s'offre son premier sacre europ\u00e9en face \u00e0 la Fiorentina","isPartOf":{"@id":"https:\/\/dicodusport.fr\/blog\/#website"},"primaryImageOfPage":{"@id":"https:\/\/dicodusport.fr\/blog\/ligue-europa-conference-olympiakos-s-offre-premier-sacre-europeen-face-a-la-fiorentina\/#primaryimage"},"image":{"@id":"https:\/\/dicodusport.fr\/blog\/ligue-europa-conference-olympiakos-s-offre-premier-sacre-europeen-face-a-la-fiorentina\/#primaryimage"},"thumbnailUrl":"https:\/\/dicodusport.fr\/blog\/wp-content\/uploads\/2024\/05\/Ligue-Europa-Conference-LOlympiakos-soffre-son-premier-sacre-europeen-face-a-la-Fiorentina-1.png","datePublished":"2024-05-29T21:42:42+00:00","dateModified":"2024-05-30T11:18:01+00:00","description":"Au bout des prolongations face \u00e0 la Fiorentina, Ayoub El-Kaabi offre le premier sacre europ\u00e9en de son histoire \u00e0 l'Olympiakos (1-0).","breadcrumb":{"@id":"https:\/\/dicodusport.fr\/blog\/ligue-europa-conference-olympiakos-s-offre-premier-sacre-europeen-face-a-la-fiorentina\/#breadcrumb"},"inLanguage":"fr-FR","potentialAction":[{"@type":"ReadAction","target":["https:\/\/dicodusport.fr\/blog\/ligue-europa-conference-olympiakos-s-offre-premier-sacre-europeen-face-a-la-fiorentina\/"]}]},{"@type":"ImageObject","inLanguage":"fr-FR","@id":"https:\/\/dicodusport.fr\/blog\/ligue-europa-conference-olympiakos-s-offre-premier-sacre-europeen-face-a-la-fiorentina\/#primaryimage","url":"https:\/\/dicodusport.fr\/blog\/wp-content\/uploads\/2024\/05\/Ligue-Europa-Conference-LOlympiakos-soffre-son-premier-sacre-europeen-face-a-la-Fiorentina-1.png","contentUrl":"https:\/\/dicodusport.fr\/blog\/wp-content\/uploads\/2024\/05\/Ligue-Europa-Conference-LOlympiakos-soffre-son-premier-sacre-europeen-face-a-la-Fiorentina-1.png","width":1200,"height":674,"caption":"Ligue Europa Conf\u00e9rence L'Olympiakos s'offre son premier sacre europ\u00e9en face \u00e0 la Fiorentina"},{"@type":"BreadcrumbList","@id":"https:\/\/dicodusport.fr\/blog\/ligue-europa-conference-olympiakos-s-offre-premier-sacre-europeen-face-a-la-fiorentina\/#breadcrumb","itemListElement":[{"@type":"ListItem","position":1,"name":"Accueil","item":"https:\/\/dicodusport.fr\/blog\/"},{"@type":"ListItem","position":2,"name":"Ligue Europa Conf\u00e9rence : L&rsquo;Olympiakos s&rsquo;offre son premier sacre europ\u00e9en face \u00e0 la Fiorentina"}]},{"@type":"WebSite","@id":"https:\/\/dicodusport.fr\/blog\/#website","url":"https:\/\/dicodusport.fr\/blog\/","name":"Dicodusport","description":"L&#039;encyclop\u00e9die de l&#039;actualit\u00e9 sportive","publisher":{"@id":"https:\/\/dicodusport.fr\/blog\/#organization"},"potentialAction":[{"@type":"SearchAction","target":{"@type":"EntryPoint","urlTemplate":"https:\/\/dicodusport.fr\/blog\/?s={search_term_string}"},"query-input":{"@type":"PropertyValueSpecification","valueRequired":true,"valueName":"search_term_string"}}],"inLanguage":"fr-FR"},{"@type":"NewsMediaOrganization","@id":"https:\/\/dicodusport.fr\/blog\/#organization","name":"Dicodusport","url":"https:\/\/dicodusport.fr\/blog\/","logo":{"@type":"ImageObject","inLanguage":"fr-FR","@id":"https:\/\/dicodusport.fr\/blog\/#\/schema\/logo\/image\/","url":"https:\/\/dicodusport.fr\/blog\/wp-content\/uploads\/2020\/06\/cropped-LOGO-DICODUSPORT-2020-SANS-FOND-SANS-TEXTE.png","contentUrl":"https:\/\/dicodusport.fr\/blog\/wp-content\/uploads\/2020\/06\/cropped-LOGO-DICODUSPORT-2020-SANS-FOND-SANS-TEXTE.png","width":512,"height":512,"caption":"Dicodusport"},"image":{"@id":"https:\/\/dicodusport.fr\/blog\/#\/schema\/logo\/image\/"},"sameAs":["https:\/\/www.facebook.com\/dicodusport","https:\/\/x.com\/dicodusport","https:\/\/www.instagram.com\/dicodusport\/","https:\/\/www.youtube.com\/channel\/UC7V2KZ5sd3htJivAbA4ZG3w"],"description":"Dicodusport est l'encyclop\u00e9die de l'actualit\u00e9 sportive.","email":"bonjour@dicodusport.fr","legalName":"DICODUSPORT","foundingDate":"2018-01-14","vatID":"FR71834470973","taxID":"83447097300043","numberOfEmployees":{"@type":"QuantitativeValue","minValue":"1","maxValue":"10"}},{"@type":"Person","@id":"https:\/\/dicodusport.fr\/blog\/#\/schema\/person\/416c975648aca9da8839bdfe333a21c9","name":"Sophie Clapier","image":{"@type":"ImageObject","inLanguage":"fr-FR","@id":"https:\/\/dicodusport.fr\/blog\/#\/schema\/person\/image\/","url":"https:\/\/dicodusport.fr\/blog\/wp-content\/uploads\/2021\/05\/Sophie-Clapier-150x150.jpg","contentUrl":"https:\/\/dicodusport.fr\/blog\/wp-content\/uploads\/2021\/05\/Sophie-Clapier-150x150.jpg","caption":"Sophie Clapier"},"description":"Journaliste\/r\u00e9dactrice depuis janvier 2016 - Passionn\u00e9e de sport depuis toujours, j\u2019en ai pratiqu\u00e9 quelques-uns. Judo, football, handball ou encore tennis, je n\u2019ai jamais pu me mettre d\u2019accord sur un en particulier. Mais \u00e7a, c\u2019\u00e9tait avant de d\u00e9couvrir le basket, devenu mon sport de pr\u00e9dilection. Les actions NBA, le All-Star Week-end, la fureur des Game 7 pendant les playoffs ou mieux, lors des Finals, this is why we play. Team Spurs T.P, je m\u2019accroche encore \u00e0 Gregg Popovich (don\u2019t leave !). Team chef Curry, je souhaite qu\u2019il finisse aux Warriors (staaaay !). Non, il n\u2019y a pas qu\u2019eux, des petits nouveaux -et des petites nouvelles \u00e9videmment- arrivent chaque jour dans toutes les disciplines et cr\u00e9ent de nouveaux exploits. Alors pour les grands \u00e9v\u00e9nements et comp\u00e9titions internationales, vive les pulsations 240\/minutes et le d\u00e9fibrillateur pas loin, et allez les Bleu(e)s ! C\u2019est s\u00fbr, j\u2019aurai plus vu ma vie sur un terrain de sport, mais \u00e0 d\u00e9faut d\u2019en faire en haut niveau, je le partage avec vous.","sameAs":["https:\/\/www.facebook.com\/soocube","https:\/\/x.com\/https:\/\/twitter.com\/soocube","admin"],"url":"https:\/\/dicodusport.fr\/blog\/author\/sophie\/"}]}},"_links":{"self":[{"href":"https:\/\/dicodusport.fr\/blog\/wp-json\/wp\/v2\/posts\/488923","targetHints":{"allow":["GET"]}}],"collection":[{"href":"https:\/\/dicodusport.fr\/blog\/wp-json\/wp\/v2\/posts"}],"about":[{"href":"https:\/\/dicodusport.fr\/blog\/wp-json\/wp\/v2\/types\/post"}],"author":[{"embeddable":true,"href":"https:\/\/dicodusport.fr\/blog\/wp-json\/wp\/v2\/users\/18"}],"replies":[{"embeddable":true,"href":"https:\/\/dicodusport.fr\/blog\/wp-json\/wp\/v2\/comments?post=488923"}],"version-history":[{"count":5,"href":"https:\/\/dicodusport.fr\/blog\/wp-json\/wp\/v2\/posts\/488923\/revisions"}],"predecessor-version":[{"id":488944,"href":"https:\/\/dicodusport.fr\/blog\/wp-json\/wp\/v2\/posts\/488923\/revisions\/488944"}],"wp:featuredmedia":[{"embeddable":true,"href":"https:\/\/dicodusport.fr\/blog\/wp-json\/wp\/v2\/media\/488988"}],"wp:attachment":[{"href":"https:\/\/dicodusport.fr\/blog\/wp-json\/wp\/v2\/media?parent=488923"}],"wp:term":[{"taxonomy":"category","embeddable":true,"href":"https:\/\/dicodusport.fr\/blog\/wp-json\/wp\/v2\/categories?post=488923"},{"taxonomy":"post_tag","embeddable":true,"href":"https:\/\/dicodusport.fr\/blog\/wp-json\/wp\/v2\/tags?post=488923"}],"curies":[{"name":"wp","href":"https:\/\/api.w.org\/{rel}","templated":true}]}}