{"id":489065,"date":"2024-05-30T19:34:00","date_gmt":"2024-05-30T17:34:00","guid":{"rendered":"https:\/\/dicodusport.fr\/blog\/?p=489065&#038;preview=true&#038;preview_id=489065"},"modified":"2024-06-04T20:58:17","modified_gmt":"2024-06-04T18:58:17","slug":"championnats-deurope-dathletisme-2024-la-selection-francaise","status":"publish","type":"post","link":"https:\/\/dicodusport.fr\/blog\/championnats-deurope-dathletisme-2024-la-selection-francaise\/","title":{"rendered":"Championnats d&rsquo;Europe d&rsquo;athl\u00e9tisme 2024 : La s\u00e9lection fran\u00e7aise"},"content":{"rendered":"<p style=\"text-align: justify;\"><strong><em>ATHL\u00c9TISME &#8211; La FFA a d\u00e9voil\u00e9 sa s\u00e9lection pour les championnats d&rsquo;Europe qui auront lieu du 6 au 12 juin \u00e0 Rome.<\/em><\/strong><\/p>\n<h2>Des petits nouveaux en \u00e9quipe de France s\u00e9niors<\/h2>\n<p style=\"text-align: justify;\">La FFA a d\u00e9voil\u00e9 (avec un jour de retard) sa liste des athl\u00e8tes qualifi\u00e9s pour les championnats d&rsquo;Europe. Une s\u00e9lection qui fait office de premier grand championnat sur la piste pour certains athl\u00e8tes. On pense \u00e0 <strong>Alix Dehaynain<\/strong> (perche), <strong>Alexe Deau<\/strong> (4&#215;400 m), <strong>Ma\u00ebl Gouyette<\/strong> (1500 m), <a href=\"https:\/\/dicodusport.fr\/blog\/teuraiterai-tupaia-jai-senti-que-je-revivais\/\"><strong>Teuraiterai Tupaia<\/strong><\/a> (javelot), <strong>T\u00e9o Bastien<\/strong> (d\u00e9cathlon) ou encore <strong>Sarah Madeleine<\/strong> (1500 m) pour ne citer qu&rsquo;eux.<\/p>\n<p style=\"text-align: justify;\">C&rsquo;est aussi l&rsquo;occasion de retrouver des athl\u00e8tes bien connus, comme <strong>M\u00e9lina Robert-Michon<\/strong>,<strong> Quentin Bigot<\/strong>&#8230; ou <strong>Kevin Mayer<\/strong>. Ce dernier fait bien partie de la s\u00e9lection tricolore apr\u00e8s sa <em>wildcard.<\/em> En revanche, pas de <strong>Sasha Zhoya<\/strong> ou<strong> R\u00e9nelle Lamote,<\/strong> qui auraient pu \u00eatre des candidats \u00e0 la m\u00e9daille. Lamote \u00e9tant actuellement bless\u00e9e.<\/p>\n<h2>Championnats d&rsquo;Europe d&rsquo;athl\u00e9tisme 2024 &#8211; La s\u00e9lection fran\u00e7aise<\/h2>\n<h3 style=\"text-align: justify;\">Femmes<\/h3>\n<p style=\"text-align: justify;\">G\u00e9mima Joseph (100 m, 4x100m), H\u00e9l\u00e8ne Parisot (200 m, 4&#215;100 m), Amandine Brossier (400 m), Ana\u00efs Bourgoin (800 m), L\u00e9na Kandissounon (800 m), B\u00e9r\u00e9nice Cleyet-Merle (1500 m), Agathe Guillemot (1500 m), Sarah Madeleine (5000 m), Melody Julien (semi-marathon), Fadouwa Ledhem (semi-marathon), M\u00e9line Rollin (semi-marathon), Margaux Sieracki (semi-marathon), Mekdes Woldu (semi-marathon), La\u00ebticia Bapt\u00e9 (100 m haies), Cyr\u00e9na Samba-Mayela (100 m haies), Louise Maraval (400 m haies), Aude Clavier (3000 m steeple), Alice Finot (3000 m steeple), Flavie Renouard (3000 m steeple), Sol\u00e8ne Gicquel (Hauteur), Nawal Meniker (hauteur), Marie-Julie Bonnin (perche)<\/p>\n<p style=\"text-align: justify;\">Ninon Chapelle (perche), Alix Dehaynain (perche), Hilary Kpatcha (longueur), Ilionis Guillaume (triple saut), Amanda Ngandu-Ntumba (disque), M\u00e9lina Robert-Michon (disque), Rose Loga (marteau), Alexandra Tavernier (marteau), Auriana Lazraq-Khlass (heptathlon), Cl\u00e9mence Beretta (20 km marche), Pauline Stey (20 km marche), Camille Moutard (20 km marche), Chlo\u00e9 Galet (4&#215;100 m), Orlann Oli\u00e8re (4&#215;100 m), Maroussia Par\u00e9 (4&#215;100 m), Sarah Richard-Mingas (4&#215;100 m) Marie-Ange Rimlinger (4&#215;100 m), Alexe Deau (4&#215;400 m), Diana Iscaye (4&#215;400 m), Camille Seri (4&#215;400 m), Sounkamba Sylla (4&#215;400 m), Marjorie Veyssiere (4&#215;400 m).<\/p>\n<h3 style=\"text-align: justify;\">Hommes<\/h3>\n<p style=\"text-align: justify;\">Pablo Mateo (100 m, 200m, 4&#215;100 m), Micka\u00ebl Z\u00e9z\u00e9 (100 m, 4&#215;100 m), Ryan Z\u00e9z\u00e9 (200 m, 4&#215;100 m), T\u00e9o Andant (400 m, 4&#215;400 m), Gilles Biron (400 m, 4&#215;400 m), David Somb\u00e9 (400 m, 4&#215;400 m), Paul Anselmini (800 m), Yanis M\u00e9ziane (800 m), Gabriel Tual (800 m), Ma\u00ebl Gouyette (1500 m), Azeddine Habz (1500 m), Romain Mornet (1500 m), Bastien Augusto (5000 m), Etienne Daguinos (5000 m), Romain Legendre (5000 m),<\/p>\n<p style=\"text-align: justify;\">Simon B\u00e9dard (10000 m), Valentin Gondouin (10000 m), Jimmy Gressier (10000 m), Yann Schrub (10000 m), Lo\u00efc Scomparin (10000 m), F\u00e9lix Bour (semi-marathon), Benjamin Choquert (semi-marathon), Mehdi Fr\u00e8re (semi-marathon), Nicolas Navarro (Semi-Marathon), Emmanuel Roudolff-Levisse (semi-marathon), Romain Lecoeur (110 m haies), Rapha\u00ebl Mohamed (110 m haies),<\/p>\n<p style=\"text-align: justify;\">Wilfried Happio (400 m haies), Djilali Bedrani (3000 m steeple), Nicolas-Marie Daru (3000 m steeple), Alexis Miellet (3000 m steeple), Thibaut Collet (perche), Robin Emig (perche), Baptiste Thiery (perche), Tom Campagne (longueur), Jules Pommery (longueur), Benjamin Compaor\u00e9 (Triple saut), Thomas Gogois (triple saut), Jean-Marc Pontvianne (triple saut), Lolasson Djouhan (disque), Tom Reux (disque), Quentin Bigot (marteau)<\/p>\n<p style=\"text-align: justify;\">Yann Chaussinand (marteau), Teuraiterai Tupaia (javelot), T\u00e9o Bastien (d\u00e9cathlon), Makenson Gletty (d\u00e9cathlon), Kevin Mayer (D\u00e9cathlon), Gabriel Bordier (20 km marche), K\u00e9vin Campion (20 km marche), Aur\u00e9lien Quinion (20 km marche), Jeff Erius (4&#215;100 m), Aymeric Priam (4&#215;100 m), Antoine Thoraval (4&#215;100 m), Muhammad Kounta (4&#215;400 m), Benoit Moudio Priso (4&#215;400 m), Yann Spillmann (4&#215;400 m).<\/p>\n<p>&nbsp;<\/p>\n","protected":false},"excerpt":{"rendered":"<p>ATHL\u00c9TISME &#8211; La FFA a d\u00e9voil\u00e9 sa s\u00e9lection pour les championnats d&rsquo;Europe qui auront lieu du 6 au 12 juin \u00e0 Rome.<\/p>\n","protected":false},"author":83,"featured_media":489068,"comment_status":"open","ping_status":"closed","sticky":false,"template":"","format":"standard","meta":{"_acf_changed":false,"_daextam_enable_autolinks":"1","footnotes":""},"categories":[2308],"tags":[143,16878,1636],"class_list":["post-489065","post","type-post","status-publish","format-standard","has-post-thumbnail","hentry","category-athletisme","tag-athletisme","tag-breve","tag-ffa"],"acf":[],"yoast_head":"<!-- This site is optimized with the Yoast SEO Premium plugin v26.7 (Yoast SEO v26.7) - https:\/\/yoast.com\/wordpress\/plugins\/seo\/ -->\n<title>Championnats d&#039;Europe d&#039;athl\u00e9tisme 2024 : La s\u00e9lection fran\u00e7aise<\/title>\n<meta name=\"description\" content=\"ATHL\u00c9TISME - La FFA a d\u00e9voil\u00e9 sa s\u00e9lection pour les championnats d&#039;Europe qui auront lieu du 6 au 12 juin \u00e0 Rome.\" \/>\n<meta name=\"robots\" content=\"index, follow, max-snippet:-1, max-image-preview:large, max-video-preview:-1\" \/>\n<link rel=\"canonical\" href=\"https:\/\/dicodusport.fr\/blog\/championnats-deurope-dathletisme-2024-la-selection-francaise\/\" \/>\n<meta property=\"og:locale\" content=\"fr_FR\" \/>\n<meta property=\"og:type\" content=\"article\" \/>\n<meta property=\"og:title\" content=\"Championnats d&#039;Europe d&#039;athl\u00e9tisme 2024 : La s\u00e9lection fran\u00e7aise\" \/>\n<meta property=\"og:description\" content=\"ATHL\u00c9TISME - La FFA a d\u00e9voil\u00e9 sa s\u00e9lection pour les championnats d&#039;Europe qui auront lieu du 6 au 12 juin \u00e0 Rome.\" \/>\n<meta property=\"og:url\" content=\"https:\/\/dicodusport.fr\/blog\/championnats-deurope-dathletisme-2024-la-selection-francaise\/\" \/>\n<meta property=\"og:site_name\" content=\"Dicodusport\" \/>\n<meta property=\"article:publisher\" content=\"https:\/\/www.facebook.com\/dicodusport\" \/>\n<meta property=\"article:published_time\" content=\"2024-05-30T17:34:00+00:00\" \/>\n<meta property=\"article:modified_time\" content=\"2024-06-04T18:58:17+00:00\" \/>\n<meta property=\"og:image\" content=\"https:\/\/dicodusport.fr\/blog\/wp-content\/uploads\/2024\/05\/Championnats-dEurope-dathletisme-2024-La-selection-francaise.png\" \/>\n\t<meta property=\"og:image:width\" content=\"1200\" \/>\n\t<meta property=\"og:image:height\" content=\"674\" \/>\n\t<meta property=\"og:image:type\" content=\"image\/png\" \/>\n<meta name=\"author\" content=\"Etienne Goursaud\" \/>\n<meta name=\"twitter:card\" content=\"summary_large_image\" \/>\n<meta name=\"twitter:title\" content=\"Championnats d&#039;Europe d&#039;athl\u00e9tisme 2024 : La s\u00e9lection fran\u00e7aise\" \/>\n<meta name=\"twitter:creator\" content=\"@dicodusport\" \/>\n<meta name=\"twitter:site\" content=\"@dicodusport\" \/>\n<script type=\"application\/ld+json\" class=\"yoast-schema-graph\">{\"@context\":\"https:\/\/schema.org\",\"@graph\":[{\"@type\":\"NewsArticle\",\"@id\":\"https:\/\/dicodusport.fr\/blog\/championnats-deurope-dathletisme-2024-la-selection-francaise\/#article\",\"isPartOf\":{\"@id\":\"https:\/\/dicodusport.fr\/blog\/championnats-deurope-dathletisme-2024-la-selection-francaise\/\"},\"author\":{\"name\":\"Etienne Goursaud\",\"@id\":\"https:\/\/dicodusport.fr\/blog\/#\/schema\/person\/d603dd7da31fb2b46c82b9835a77ec13\"},\"headline\":\"Championnats d&rsquo;Europe d&rsquo;athl\u00e9tisme 2024 : La s\u00e9lection fran\u00e7aise\",\"datePublished\":\"2024-05-30T17:34:00+00:00\",\"dateModified\":\"2024-06-04T18:58:17+00:00\",\"mainEntityOfPage\":{\"@id\":\"https:\/\/dicodusport.fr\/blog\/championnats-deurope-dathletisme-2024-la-selection-francaise\/\"},\"wordCount\":574,\"commentCount\":1,\"publisher\":{\"@id\":\"https:\/\/dicodusport.fr\/blog\/#organization\"},\"image\":{\"@id\":\"https:\/\/dicodusport.fr\/blog\/championnats-deurope-dathletisme-2024-la-selection-francaise\/#primaryimage\"},\"thumbnailUrl\":\"https:\/\/dicodusport.fr\/blog\/wp-content\/uploads\/2024\/05\/Championnats-dEurope-dathletisme-2024-La-selection-francaise.png\",\"keywords\":[\"Athl\u00e9tisme\",\"br\u00e8ve\",\"ffa\"],\"articleSection\":[\"Athl\u00e9tisme\"],\"inLanguage\":\"fr-FR\",\"potentialAction\":[{\"@type\":\"CommentAction\",\"name\":\"Comment\",\"target\":[\"https:\/\/dicodusport.fr\/blog\/championnats-deurope-dathletisme-2024-la-selection-francaise\/#respond\"]}],\"copyrightYear\":\"2024\",\"copyrightHolder\":{\"@id\":\"https:\/\/dicodusport.fr\/blog\/#organization\"}},{\"@type\":\"WebPage\",\"@id\":\"https:\/\/dicodusport.fr\/blog\/championnats-deurope-dathletisme-2024-la-selection-francaise\/\",\"url\":\"https:\/\/dicodusport.fr\/blog\/championnats-deurope-dathletisme-2024-la-selection-francaise\/\",\"name\":\"Championnats d'Europe d'athl\u00e9tisme 2024 : La s\u00e9lection fran\u00e7aise\",\"isPartOf\":{\"@id\":\"https:\/\/dicodusport.fr\/blog\/#website\"},\"primaryImageOfPage\":{\"@id\":\"https:\/\/dicodusport.fr\/blog\/championnats-deurope-dathletisme-2024-la-selection-francaise\/#primaryimage\"},\"image\":{\"@id\":\"https:\/\/dicodusport.fr\/blog\/championnats-deurope-dathletisme-2024-la-selection-francaise\/#primaryimage\"},\"thumbnailUrl\":\"https:\/\/dicodusport.fr\/blog\/wp-content\/uploads\/2024\/05\/Championnats-dEurope-dathletisme-2024-La-selection-francaise.png\",\"datePublished\":\"2024-05-30T17:34:00+00:00\",\"dateModified\":\"2024-06-04T18:58:17+00:00\",\"description\":\"ATHL\u00c9TISME - La FFA a d\u00e9voil\u00e9 sa s\u00e9lection pour les championnats d'Europe qui auront lieu du 6 au 12 juin \u00e0 Rome.\",\"breadcrumb\":{\"@id\":\"https:\/\/dicodusport.fr\/blog\/championnats-deurope-dathletisme-2024-la-selection-francaise\/#breadcrumb\"},\"inLanguage\":\"fr-FR\",\"potentialAction\":[{\"@type\":\"ReadAction\",\"target\":[\"https:\/\/dicodusport.fr\/blog\/championnats-deurope-dathletisme-2024-la-selection-francaise\/\"]}]},{\"@type\":\"ImageObject\",\"inLanguage\":\"fr-FR\",\"@id\":\"https:\/\/dicodusport.fr\/blog\/championnats-deurope-dathletisme-2024-la-selection-francaise\/#primaryimage\",\"url\":\"https:\/\/dicodusport.fr\/blog\/wp-content\/uploads\/2024\/05\/Championnats-dEurope-dathletisme-2024-La-selection-francaise.png\",\"contentUrl\":\"https:\/\/dicodusport.fr\/blog\/wp-content\/uploads\/2024\/05\/Championnats-dEurope-dathletisme-2024-La-selection-francaise.png\",\"width\":1200,\"height\":674,\"caption\":\"Championnats d'Europe d'athl\u00e9tisme 2024 - La s\u00e9lection fran\u00e7aise\"},{\"@type\":\"BreadcrumbList\",\"@id\":\"https:\/\/dicodusport.fr\/blog\/championnats-deurope-dathletisme-2024-la-selection-francaise\/#breadcrumb\",\"itemListElement\":[{\"@type\":\"ListItem\",\"position\":1,\"name\":\"Accueil\",\"item\":\"https:\/\/dicodusport.fr\/blog\/\"},{\"@type\":\"ListItem\",\"position\":2,\"name\":\"Championnats d&rsquo;Europe d&rsquo;athl\u00e9tisme 2024 : La s\u00e9lection fran\u00e7aise\"}]},{\"@type\":\"WebSite\",\"@id\":\"https:\/\/dicodusport.fr\/blog\/#website\",\"url\":\"https:\/\/dicodusport.fr\/blog\/\",\"name\":\"Dicodusport\",\"description\":\"L&#039;encyclop\u00e9die de l&#039;actualit\u00e9 sportive\",\"publisher\":{\"@id\":\"https:\/\/dicodusport.fr\/blog\/#organization\"},\"potentialAction\":[{\"@type\":\"SearchAction\",\"target\":{\"@type\":\"EntryPoint\",\"urlTemplate\":\"https:\/\/dicodusport.fr\/blog\/?s={search_term_string}\"},\"query-input\":{\"@type\":\"PropertyValueSpecification\",\"valueRequired\":true,\"valueName\":\"search_term_string\"}}],\"inLanguage\":\"fr-FR\"},{\"@type\":\"NewsMediaOrganization\",\"@id\":\"https:\/\/dicodusport.fr\/blog\/#organization\",\"name\":\"Dicodusport\",\"url\":\"https:\/\/dicodusport.fr\/blog\/\",\"logo\":{\"@type\":\"ImageObject\",\"inLanguage\":\"fr-FR\",\"@id\":\"https:\/\/dicodusport.fr\/blog\/#\/schema\/logo\/image\/\",\"url\":\"https:\/\/dicodusport.fr\/blog\/wp-content\/uploads\/2020\/06\/cropped-LOGO-DICODUSPORT-2020-SANS-FOND-SANS-TEXTE.png\",\"contentUrl\":\"https:\/\/dicodusport.fr\/blog\/wp-content\/uploads\/2020\/06\/cropped-LOGO-DICODUSPORT-2020-SANS-FOND-SANS-TEXTE.png\",\"width\":512,\"height\":512,\"caption\":\"Dicodusport\"},\"image\":{\"@id\":\"https:\/\/dicodusport.fr\/blog\/#\/schema\/logo\/image\/\"},\"sameAs\":[\"https:\/\/www.facebook.com\/dicodusport\",\"https:\/\/x.com\/dicodusport\",\"https:\/\/www.instagram.com\/dicodusport\/\",\"https:\/\/www.youtube.com\/channel\/UC7V2KZ5sd3htJivAbA4ZG3w\"],\"description\":\"Dicodusport est l'encyclop\u00e9die de l'actualit\u00e9 sportive.\",\"email\":\"bonjour@dicodusport.fr\",\"legalName\":\"DICODUSPORT\",\"foundingDate\":\"2018-01-14\",\"vatID\":\"FR71834470973\",\"taxID\":\"83447097300043\",\"numberOfEmployees\":{\"@type\":\"QuantitativeValue\",\"minValue\":\"1\",\"maxValue\":\"10\"}},{\"@type\":\"Person\",\"@id\":\"https:\/\/dicodusport.fr\/blog\/#\/schema\/person\/d603dd7da31fb2b46c82b9835a77ec13\",\"name\":\"Etienne Goursaud\",\"image\":{\"@type\":\"ImageObject\",\"inLanguage\":\"fr-FR\",\"@id\":\"https:\/\/dicodusport.fr\/blog\/#\/schema\/person\/image\/\",\"url\":\"https:\/\/dicodusport.fr\/blog\/wp-content\/uploads\/2023\/12\/410122264_10231602061736049_5565839791558026645_n-150x150.jpg\",\"contentUrl\":\"https:\/\/dicodusport.fr\/blog\/wp-content\/uploads\/2023\/12\/410122264_10231602061736049_5565839791558026645_n-150x150.jpg\",\"caption\":\"Etienne Goursaud\"},\"description\":\"Journaliste et amoureux de sport. Ancien footballeur reconverti athl\u00e8te quand ses muscles le laissent tranquille. \u00c9lev\u00e9 \u00e0 la sauce des exploits de Thomas Voeckler en 2004, du dernier essai de l\u00e9gende de Eunice Barber \u00e0 la longueur lors des championnats du monde d'athl\u00e9tisme de 2003 mais aussi Zidane, Omeyer et Titou Lamaison.\",\"url\":\"https:\/\/dicodusport.fr\/blog\/author\/etienne-goursaud\/\"}]}<\/script>\n<!-- \/ Yoast SEO Premium plugin. -->","yoast_head_json":{"title":"Championnats d'Europe d'athl\u00e9tisme 2024 : La s\u00e9lection fran\u00e7aise","description":"ATHL\u00c9TISME - La FFA a d\u00e9voil\u00e9 sa s\u00e9lection pour les championnats d'Europe qui auront lieu du 6 au 12 juin \u00e0 Rome.","robots":{"index":"index","follow":"follow","max-snippet":"max-snippet:-1","max-image-preview":"max-image-preview:large","max-video-preview":"max-video-preview:-1"},"canonical":"https:\/\/dicodusport.fr\/blog\/championnats-deurope-dathletisme-2024-la-selection-francaise\/","og_locale":"fr_FR","og_type":"article","og_title":"Championnats d'Europe d'athl\u00e9tisme 2024 : La s\u00e9lection fran\u00e7aise","og_description":"ATHL\u00c9TISME - La FFA a d\u00e9voil\u00e9 sa s\u00e9lection pour les championnats d'Europe qui auront lieu du 6 au 12 juin \u00e0 Rome.","og_url":"https:\/\/dicodusport.fr\/blog\/championnats-deurope-dathletisme-2024-la-selection-francaise\/","og_site_name":"Dicodusport","article_publisher":"https:\/\/www.facebook.com\/dicodusport","article_published_time":"2024-05-30T17:34:00+00:00","article_modified_time":"2024-06-04T18:58:17+00:00","og_image":[{"width":1200,"height":674,"url":"https:\/\/dicodusport.fr\/blog\/wp-content\/uploads\/2024\/05\/Championnats-dEurope-dathletisme-2024-La-selection-francaise.png","type":"image\/png"}],"author":"Etienne Goursaud","twitter_card":"summary_large_image","twitter_title":"Championnats d'Europe d'athl\u00e9tisme 2024 : La s\u00e9lection fran\u00e7aise","twitter_creator":"@dicodusport","twitter_site":"@dicodusport","schema":{"@context":"https:\/\/schema.org","@graph":[{"@type":"NewsArticle","@id":"https:\/\/dicodusport.fr\/blog\/championnats-deurope-dathletisme-2024-la-selection-francaise\/#article","isPartOf":{"@id":"https:\/\/dicodusport.fr\/blog\/championnats-deurope-dathletisme-2024-la-selection-francaise\/"},"author":{"name":"Etienne Goursaud","@id":"https:\/\/dicodusport.fr\/blog\/#\/schema\/person\/d603dd7da31fb2b46c82b9835a77ec13"},"headline":"Championnats d&rsquo;Europe d&rsquo;athl\u00e9tisme 2024 : La s\u00e9lection fran\u00e7aise","datePublished":"2024-05-30T17:34:00+00:00","dateModified":"2024-06-04T18:58:17+00:00","mainEntityOfPage":{"@id":"https:\/\/dicodusport.fr\/blog\/championnats-deurope-dathletisme-2024-la-selection-francaise\/"},"wordCount":574,"commentCount":1,"publisher":{"@id":"https:\/\/dicodusport.fr\/blog\/#organization"},"image":{"@id":"https:\/\/dicodusport.fr\/blog\/championnats-deurope-dathletisme-2024-la-selection-francaise\/#primaryimage"},"thumbnailUrl":"https:\/\/dicodusport.fr\/blog\/wp-content\/uploads\/2024\/05\/Championnats-dEurope-dathletisme-2024-La-selection-francaise.png","keywords":["Athl\u00e9tisme","br\u00e8ve","ffa"],"articleSection":["Athl\u00e9tisme"],"inLanguage":"fr-FR","potentialAction":[{"@type":"CommentAction","name":"Comment","target":["https:\/\/dicodusport.fr\/blog\/championnats-deurope-dathletisme-2024-la-selection-francaise\/#respond"]}],"copyrightYear":"2024","copyrightHolder":{"@id":"https:\/\/dicodusport.fr\/blog\/#organization"}},{"@type":"WebPage","@id":"https:\/\/dicodusport.fr\/blog\/championnats-deurope-dathletisme-2024-la-selection-francaise\/","url":"https:\/\/dicodusport.fr\/blog\/championnats-deurope-dathletisme-2024-la-selection-francaise\/","name":"Championnats d'Europe d'athl\u00e9tisme 2024 : La s\u00e9lection fran\u00e7aise","isPartOf":{"@id":"https:\/\/dicodusport.fr\/blog\/#website"},"primaryImageOfPage":{"@id":"https:\/\/dicodusport.fr\/blog\/championnats-deurope-dathletisme-2024-la-selection-francaise\/#primaryimage"},"image":{"@id":"https:\/\/dicodusport.fr\/blog\/championnats-deurope-dathletisme-2024-la-selection-francaise\/#primaryimage"},"thumbnailUrl":"https:\/\/dicodusport.fr\/blog\/wp-content\/uploads\/2024\/05\/Championnats-dEurope-dathletisme-2024-La-selection-francaise.png","datePublished":"2024-05-30T17:34:00+00:00","dateModified":"2024-06-04T18:58:17+00:00","description":"ATHL\u00c9TISME - La FFA a d\u00e9voil\u00e9 sa s\u00e9lection pour les championnats d'Europe qui auront lieu du 6 au 12 juin \u00e0 Rome.","breadcrumb":{"@id":"https:\/\/dicodusport.fr\/blog\/championnats-deurope-dathletisme-2024-la-selection-francaise\/#breadcrumb"},"inLanguage":"fr-FR","potentialAction":[{"@type":"ReadAction","target":["https:\/\/dicodusport.fr\/blog\/championnats-deurope-dathletisme-2024-la-selection-francaise\/"]}]},{"@type":"ImageObject","inLanguage":"fr-FR","@id":"https:\/\/dicodusport.fr\/blog\/championnats-deurope-dathletisme-2024-la-selection-francaise\/#primaryimage","url":"https:\/\/dicodusport.fr\/blog\/wp-content\/uploads\/2024\/05\/Championnats-dEurope-dathletisme-2024-La-selection-francaise.png","contentUrl":"https:\/\/dicodusport.fr\/blog\/wp-content\/uploads\/2024\/05\/Championnats-dEurope-dathletisme-2024-La-selection-francaise.png","width":1200,"height":674,"caption":"Championnats d'Europe d'athl\u00e9tisme 2024 - La s\u00e9lection fran\u00e7aise"},{"@type":"BreadcrumbList","@id":"https:\/\/dicodusport.fr\/blog\/championnats-deurope-dathletisme-2024-la-selection-francaise\/#breadcrumb","itemListElement":[{"@type":"ListItem","position":1,"name":"Accueil","item":"https:\/\/dicodusport.fr\/blog\/"},{"@type":"ListItem","position":2,"name":"Championnats d&rsquo;Europe d&rsquo;athl\u00e9tisme 2024 : La s\u00e9lection fran\u00e7aise"}]},{"@type":"WebSite","@id":"https:\/\/dicodusport.fr\/blog\/#website","url":"https:\/\/dicodusport.fr\/blog\/","name":"Dicodusport","description":"L&#039;encyclop\u00e9die de l&#039;actualit\u00e9 sportive","publisher":{"@id":"https:\/\/dicodusport.fr\/blog\/#organization"},"potentialAction":[{"@type":"SearchAction","target":{"@type":"EntryPoint","urlTemplate":"https:\/\/dicodusport.fr\/blog\/?s={search_term_string}"},"query-input":{"@type":"PropertyValueSpecification","valueRequired":true,"valueName":"search_term_string"}}],"inLanguage":"fr-FR"},{"@type":"NewsMediaOrganization","@id":"https:\/\/dicodusport.fr\/blog\/#organization","name":"Dicodusport","url":"https:\/\/dicodusport.fr\/blog\/","logo":{"@type":"ImageObject","inLanguage":"fr-FR","@id":"https:\/\/dicodusport.fr\/blog\/#\/schema\/logo\/image\/","url":"https:\/\/dicodusport.fr\/blog\/wp-content\/uploads\/2020\/06\/cropped-LOGO-DICODUSPORT-2020-SANS-FOND-SANS-TEXTE.png","contentUrl":"https:\/\/dicodusport.fr\/blog\/wp-content\/uploads\/2020\/06\/cropped-LOGO-DICODUSPORT-2020-SANS-FOND-SANS-TEXTE.png","width":512,"height":512,"caption":"Dicodusport"},"image":{"@id":"https:\/\/dicodusport.fr\/blog\/#\/schema\/logo\/image\/"},"sameAs":["https:\/\/www.facebook.com\/dicodusport","https:\/\/x.com\/dicodusport","https:\/\/www.instagram.com\/dicodusport\/","https:\/\/www.youtube.com\/channel\/UC7V2KZ5sd3htJivAbA4ZG3w"],"description":"Dicodusport est l'encyclop\u00e9die de l'actualit\u00e9 sportive.","email":"bonjour@dicodusport.fr","legalName":"DICODUSPORT","foundingDate":"2018-01-14","vatID":"FR71834470973","taxID":"83447097300043","numberOfEmployees":{"@type":"QuantitativeValue","minValue":"1","maxValue":"10"}},{"@type":"Person","@id":"https:\/\/dicodusport.fr\/blog\/#\/schema\/person\/d603dd7da31fb2b46c82b9835a77ec13","name":"Etienne Goursaud","image":{"@type":"ImageObject","inLanguage":"fr-FR","@id":"https:\/\/dicodusport.fr\/blog\/#\/schema\/person\/image\/","url":"https:\/\/dicodusport.fr\/blog\/wp-content\/uploads\/2023\/12\/410122264_10231602061736049_5565839791558026645_n-150x150.jpg","contentUrl":"https:\/\/dicodusport.fr\/blog\/wp-content\/uploads\/2023\/12\/410122264_10231602061736049_5565839791558026645_n-150x150.jpg","caption":"Etienne Goursaud"},"description":"Journaliste et amoureux de sport. Ancien footballeur reconverti athl\u00e8te quand ses muscles le laissent tranquille. \u00c9lev\u00e9 \u00e0 la sauce des exploits de Thomas Voeckler en 2004, du dernier essai de l\u00e9gende de Eunice Barber \u00e0 la longueur lors des championnats du monde d'athl\u00e9tisme de 2003 mais aussi Zidane, Omeyer et Titou Lamaison.","url":"https:\/\/dicodusport.fr\/blog\/author\/etienne-goursaud\/"}]}},"_links":{"self":[{"href":"https:\/\/dicodusport.fr\/blog\/wp-json\/wp\/v2\/posts\/489065","targetHints":{"allow":["GET"]}}],"collection":[{"href":"https:\/\/dicodusport.fr\/blog\/wp-json\/wp\/v2\/posts"}],"about":[{"href":"https:\/\/dicodusport.fr\/blog\/wp-json\/wp\/v2\/types\/post"}],"author":[{"embeddable":true,"href":"https:\/\/dicodusport.fr\/blog\/wp-json\/wp\/v2\/users\/83"}],"replies":[{"embeddable":true,"href":"https:\/\/dicodusport.fr\/blog\/wp-json\/wp\/v2\/comments?post=489065"}],"version-history":[{"count":5,"href":"https:\/\/dicodusport.fr\/blog\/wp-json\/wp\/v2\/posts\/489065\/revisions"}],"predecessor-version":[{"id":490415,"href":"https:\/\/dicodusport.fr\/blog\/wp-json\/wp\/v2\/posts\/489065\/revisions\/490415"}],"wp:featuredmedia":[{"embeddable":true,"href":"https:\/\/dicodusport.fr\/blog\/wp-json\/wp\/v2\/media\/489068"}],"wp:attachment":[{"href":"https:\/\/dicodusport.fr\/blog\/wp-json\/wp\/v2\/media?parent=489065"}],"wp:term":[{"taxonomy":"category","embeddable":true,"href":"https:\/\/dicodusport.fr\/blog\/wp-json\/wp\/v2\/categories?post=489065"},{"taxonomy":"post_tag","embeddable":true,"href":"https:\/\/dicodusport.fr\/blog\/wp-json\/wp\/v2\/tags?post=489065"}],"curies":[{"name":"wp","href":"https:\/\/api.w.org\/{rel}","templated":true}]}}