{"id":489444,"date":"2024-06-01T13:18:14","date_gmt":"2024-06-01T11:18:14","guid":{"rendered":"https:\/\/dicodusport.fr\/blog\/?p=489444&#038;preview=true&#038;preview_id=489444"},"modified":"2024-06-01T20:43:20","modified_gmt":"2024-06-01T18:43:20","slug":"championnats-deurope-de-trail-2024-cardin-et-geoffray-sacres-les-bleus-realisent-une-razzia-historique","status":"publish","type":"post","link":"https:\/\/dicodusport.fr\/blog\/championnats-deurope-de-trail-2024-cardin-et-geoffray-sacres-les-bleus-realisent-une-razzia-historique\/","title":{"rendered":"Championnats d&rsquo;Europe de Trail 2024 : Cardin et Geoffray sacr\u00e9s, les Bleus r\u00e9alisent une razzia historique !"},"content":{"rendered":"<p style=\"text-align: justify;\"><em><strong>CHAMPIONNATS D&rsquo;EUROPE DE TRAIL 2024 &#8211; Ce samedi, l&rsquo;\u00e9quipe de France a effectu\u00e9 une v\u00e9ritable razzia \u00e0 Annecy ! Thomas Cardin a \u00e9t\u00e9 sacr\u00e9 sur la course masculine tandis que Cl\u00e9mentine Geoffray en a fait de m\u00eame sur la course f\u00e9minine. Histoire de compl\u00e9ter un tableau exceptionnel, les deux podiums sont&#8230; 100% tricolores !<\/strong><\/em><\/p>\n<ul>\n<li style=\"text-align: justify;\"><strong>\u00c0 ce sujet &#8211; <a href=\"https:\/\/dicodusport.fr\/blog\/classement-championnats-deurope-de-trail-2024-a-annecy\/\">Classement Championnats d\u2019Europe de Trail 2024 \u00e0 Annecy<\/a>\u00a0<\/strong><\/li>\n<\/ul>\n<p style=\"text-align: justify;\">Les <strong>championnats d&rsquo;Europe de trail 2024<\/strong> auront \u00e9t\u00e9 couronn\u00e9s de succ\u00e8s pour une \u00e9quipe de France \u00e0 domicile. En effet, les 58 kilom\u00e8tres au programme emmenaient les traileurs de <strong>Faverges<\/strong> \u00e0 <strong>Annecy<\/strong>, avec un d\u00e9nivel\u00e9 positif de 3500 m\u00e8tres. Ces derniers se sont \u00e9lanc\u00e9s dans la matin\u00e9e \u00e0 6h45 avant que les premiers concurrents ne franchissent la ligne d&rsquo;arriv\u00e9e vers 12h.<\/p>\n<h2 style=\"text-align: justify;\">Cardin imperturbable, Roubiol et Rolland compl\u00e8tent le podium<\/h2>\n<p style=\"text-align: justify;\">Sur la course masculine, le quatuor tricolore s&rsquo;est montr\u00e9 ultra-dominant. Du d\u00e9but \u00e0 la fin de l&rsquo;\u00e9preuve, jamais l&rsquo;un des traileurs tricolores n&rsquo;aura gliss\u00e9 en dehors du Top 10. En chef de file, <strong>Thomas Cardin<\/strong> a livr\u00e9 un v\u00e9ritable r\u00e9cital pour aller d\u00e9crocher le titre. Constamment en t\u00eate, il aura fini par l\u00e2cher un \u00e0 un ses rivaux pour filer seul vers la ligne, <strong>le tout en moins de 5h (4h58:22)<\/strong>. M\u00e9daill\u00e9 de bronze en 2022, le Parisien rafle l\u00e0 son premier titre de champion d&rsquo;Europe !<\/p>\n<p style=\"text-align: justify;\">Juste derri\u00e8re lui, <strong>Benjamin Roubiol<\/strong> s&rsquo;est lui empar\u00e9 de la 2e place. Il aura longtemps tenu le sillage de son compatriote avant de le laisser filer. Il franchit la ligne en<strong> 5h04:01<\/strong> et d\u00e9croche une belle m\u00e9daille d&rsquo;argent. Sur la troisi\u00e8me marche du podium, <strong>Lo\u00efc Rolland<\/strong> est parvenu \u00e0 surpasser le Britannique <strong>Thomas Roach<\/strong> avec un chrono de<strong> 5h07:38<\/strong> pour valider un incroyable tripl\u00e9. Plus loin, <strong>Hugo Deck<\/strong> s&#8217;empare lui de la 10e place.<\/p>\n<blockquote class=\"twitter-tweet\">\n<p dir=\"ltr\" lang=\"fr\">MAIS C&rsquo;EST MAGNIFIQUE ! \ud83e\udd29<\/p>\n<p>\ud83c\udde8\ud83c\uddf5 Tripl\u00e9 Fran\u00e7ais aux Championnats d&rsquo;Europe \u00e0 <a href=\"https:\/\/twitter.com\/hashtag\/Annecy2024?src=hash&amp;ref_src=twsrc%5Etfw\">#Annecy2024<\/a> \ud83e\udd70<\/p>\n<p>\ud83e\udd47 Thomas Cardin<br \/>\n\ud83e\udd48 Benjamin Roubiol<br \/>\n\ud83e\udd49 Lo\u00efc Rolland<\/p>\n<p>Ils sont vraiment ph\u00e9nom\u00e9naux ! \ud83c\udfb5<\/p>\n<p>\ud83d\udcbb Suivez la comp\u00e9tition en \ud835\uddd7\ud835\udddc\ud835\udde5\ud835\uddd8\ud835\uddd6\ud835\udde7 sur <a href=\"https:\/\/t.co\/xgXE6U6Tof\">https:\/\/t.co\/xgXE6U6Tof<\/a> et 8 Mont-Blanc <a href=\"https:\/\/t.co\/SVAkNMtopj\">pic.twitter.com\/SVAkNMtopj<\/a><\/p>\n<p>\u2014 FFAthl\u00e9tisme (@FFAthletisme) <a href=\"https:\/\/twitter.com\/FFAthletisme\/status\/1796844918838620481?ref_src=twsrc%5Etfw\">June 1, 2024<\/a><\/p><\/blockquote>\n<p><script async src=\"https:\/\/platform.twitter.com\/widgets.js\" charset=\"utf-8\"><\/script><\/p>\n<h2 style=\"text-align: justify;\">Geoffray assume son statut, le quatuor bleu aux quatre premi\u00e8res places<\/h2>\n<p style=\"text-align: justify;\">C\u00f4t\u00e9 f\u00e9minin, la domination tricolore a \u00e9t\u00e9 encore plus prononc\u00e9e. Oui, cela est possible ! En effet, le quatuor engag\u00e9 a litt\u00e9ralement roul\u00e9 sur l&rsquo;adversit\u00e9. C&rsquo;est bien simple, d\u00e8s les premiers kilom\u00e8tres, elles se sont d\u00e9tach\u00e9es de mani\u00e8re d\u00e9finitive. La course s&rsquo;est donc faite entre elles. Dans cette sorte de championnat de France \u00e0 dimension europ\u00e9enne, c&rsquo;est finalement <strong>Cl\u00e9mentine Geoffray<\/strong> qui a tir\u00e9 son \u00e9pingle du jeu en faisant la diff\u00e9rence dans le dernier quart de l&rsquo;\u00e9preuve. La <a href=\"https:\/\/dicodusport.fr\/blog\/trail-court-clementine-geoffray-championne-du-monde\/\">championne du monde en titre de trail court<\/a> a assum\u00e9 son statut de favorite en ralliant la ligne avec un chrono de<strong> 5h44:37<\/strong>.<\/p>\n<p style=\"text-align: justify;\">Derri\u00e8re, ses compatriotes ont r\u00e9ussi l&rsquo;exploit de faire 2, 3 et 4 ! <strong>Blandine L&rsquo;Hirondel<\/strong> a obtenu l&rsquo;argent en <strong>5h53:49<\/strong> tandis qu&rsquo;<strong>Adeline Martin<\/strong> s&#8217;empare du bronze en<strong> 5h56:44<\/strong>. Enfin, <strong>Julie Roux<\/strong> compl\u00e8te ce carr\u00e9 d&rsquo;or en terminant malheureusement au pied du podium. Au final, le bilan est tout simplement exceptionnel avec une r\u00e9colte maximale de <strong>six m\u00e9dailles sur six distribu\u00e9es<\/strong>. Difficile de faire mieux !<\/p>\n<blockquote class=\"twitter-tweet\">\n<p dir=\"ltr\" lang=\"fr\">De belles images de nos traileuses fran\u00e7aises aux Championnats d&rsquo;Europe \u00e0 <a href=\"https:\/\/twitter.com\/hashtag\/Annecy2024?src=hash&amp;ref_src=twsrc%5Etfw\">#Annecy2024<\/a> \ud83e\udd70<\/p>\n<p>Blandine L&rsquo;Hirondel \ud83e\udd1c\ud83e\udd1b Adeline Martin<\/p>\n<p>Adeline Martin \ud83e\udd1c\ud83e\udd1b Cl\u00e9mentine Geoffray<\/p>\n<p>\ud83d\udcbb Suivez la comp\u00e9tition en \ud835\uddd7\ud835\udddc\ud835\udde5\ud835\uddd8\ud835\uddd6\ud835\udde7 sur <a href=\"https:\/\/t.co\/xgXE6U6Tof\">https:\/\/t.co\/xgXE6U6Tof<\/a> et 8 Mont-Blanc <a href=\"https:\/\/t.co\/c92z3TPUnx\">pic.twitter.com\/c92z3TPUnx<\/a><\/p>\n<p>\u2014 FFAthl\u00e9tisme (@FFAthletisme) <a href=\"https:\/\/twitter.com\/FFAthletisme\/status\/1796834758636306519?ref_src=twsrc%5Etfw\">June 1, 2024<\/a><\/p><\/blockquote>\n<p><script async src=\"https:\/\/platform.twitter.com\/widgets.js\" charset=\"utf-8\"><\/script><\/p>\n","protected":false},"excerpt":{"rendered":"<p>CHAMPIONNATS D&rsquo;EUROPE DE TRAIL 2024 &#8211; Ce samedi, l&rsquo;\u00e9quipe de France a effectu\u00e9 une v\u00e9ritable razzia \u00e0 Annecy !<\/p>\n","protected":false},"author":55,"featured_media":489487,"comment_status":"open","ping_status":"closed","sticky":false,"template":"","format":"standard","meta":{"_acf_changed":false,"_daextam_enable_autolinks":"1","footnotes":""},"categories":[8673],"tags":[32415,16878],"class_list":["post-489444","post","type-post","status-publish","format-standard","has-post-thumbnail","hentry","category-trail","tag-actu","tag-breve"],"acf":[],"yoast_head":"<!-- This site is optimized with the Yoast SEO Premium plugin v26.7 (Yoast SEO v26.7) - https:\/\/yoast.com\/wordpress\/plugins\/seo\/ -->\n<title>Championnats d&#039;Europe de Trail 2024 : Cardin et Geoffray sacr\u00e9s, les Bleus r\u00e9alisent une razzia historique !<\/title>\n<meta name=\"description\" content=\"CHAMPIONNATS D&#039;EUROPE DE TRAIL - Les Bleus ont \u00e9cras\u00e9 la comp\u00e9tition en formant deux podiums 100% tricolores !\" \/>\n<meta name=\"robots\" content=\"index, follow, max-snippet:-1, max-image-preview:large, max-video-preview:-1\" \/>\n<link rel=\"canonical\" href=\"https:\/\/dicodusport.fr\/blog\/championnats-deurope-de-trail-2024-cardin-et-geoffray-sacres-les-bleus-realisent-une-razzia-historique\/\" \/>\n<meta property=\"og:locale\" content=\"fr_FR\" \/>\n<meta property=\"og:type\" content=\"article\" \/>\n<meta property=\"og:title\" content=\"Championnats d&#039;Europe de Trail 2024 : Cardin et Geoffray sacr\u00e9s, les Bleus r\u00e9alisent une razzia historique !\" \/>\n<meta property=\"og:description\" content=\"CHAMPIONNATS D&#039;EUROPE DE TRAIL - Les Bleus ont \u00e9cras\u00e9 la comp\u00e9tition en formant deux podiums 100% tricolores !\" \/>\n<meta property=\"og:url\" content=\"https:\/\/dicodusport.fr\/blog\/championnats-deurope-de-trail-2024-cardin-et-geoffray-sacres-les-bleus-realisent-une-razzia-historique\/\" \/>\n<meta property=\"og:site_name\" content=\"Dicodusport\" \/>\n<meta property=\"article:publisher\" content=\"https:\/\/www.facebook.com\/dicodusport\" \/>\n<meta property=\"article:published_time\" content=\"2024-06-01T11:18:14+00:00\" \/>\n<meta property=\"article:modified_time\" content=\"2024-06-01T18:43:20+00:00\" \/>\n<meta property=\"og:image\" content=\"https:\/\/dicodusport.fr\/blog\/wp-content\/uploads\/2024\/06\/Championnats-dEurope-de-Trail-2024-Cardin-et-Geoffray-sacres-les-Bleus-realisent-une-razzia-historique-.png\" \/>\n\t<meta property=\"og:image:width\" content=\"1200\" \/>\n\t<meta property=\"og:image:height\" content=\"674\" \/>\n\t<meta property=\"og:image:type\" content=\"image\/png\" \/>\n<meta name=\"author\" content=\"Maxime Cazenave\" \/>\n<meta name=\"twitter:card\" content=\"summary_large_image\" \/>\n<meta name=\"twitter:title\" content=\"Championnats d&#039;Europe de Trail 2024 : Cardin et Geoffray sacr\u00e9s, les Bleus r\u00e9alisent une razzia historique !\" \/>\n<meta name=\"twitter:creator\" content=\"@https:\/\/twitter.com\/Maxime_Caze\" \/>\n<meta name=\"twitter:site\" content=\"@dicodusport\" \/>\n<script type=\"application\/ld+json\" class=\"yoast-schema-graph\">{\"@context\":\"https:\/\/schema.org\",\"@graph\":[{\"@type\":\"NewsArticle\",\"@id\":\"https:\/\/dicodusport.fr\/blog\/championnats-deurope-de-trail-2024-cardin-et-geoffray-sacres-les-bleus-realisent-une-razzia-historique\/#article\",\"isPartOf\":{\"@id\":\"https:\/\/dicodusport.fr\/blog\/championnats-deurope-de-trail-2024-cardin-et-geoffray-sacres-les-bleus-realisent-une-razzia-historique\/\"},\"author\":{\"name\":\"Maxime Cazenave\",\"@id\":\"https:\/\/dicodusport.fr\/blog\/#\/schema\/person\/37def232098a7a5cbab3974a3690abb0\"},\"headline\":\"Championnats d&rsquo;Europe de Trail 2024 : Cardin et Geoffray sacr\u00e9s, les Bleus r\u00e9alisent une razzia historique !\",\"datePublished\":\"2024-06-01T11:18:14+00:00\",\"dateModified\":\"2024-06-01T18:43:20+00:00\",\"mainEntityOfPage\":{\"@id\":\"https:\/\/dicodusport.fr\/blog\/championnats-deurope-de-trail-2024-cardin-et-geoffray-sacres-les-bleus-realisent-une-razzia-historique\/\"},\"wordCount\":627,\"commentCount\":0,\"publisher\":{\"@id\":\"https:\/\/dicodusport.fr\/blog\/#organization\"},\"image\":{\"@id\":\"https:\/\/dicodusport.fr\/blog\/championnats-deurope-de-trail-2024-cardin-et-geoffray-sacres-les-bleus-realisent-une-razzia-historique\/#primaryimage\"},\"thumbnailUrl\":\"https:\/\/dicodusport.fr\/blog\/wp-content\/uploads\/2024\/06\/Championnats-dEurope-de-Trail-2024-Cardin-et-Geoffray-sacres-les-Bleus-realisent-une-razzia-historique-.png\",\"keywords\":[\"actu\",\"br\u00e8ve\"],\"articleSection\":[\"Trail\"],\"inLanguage\":\"fr-FR\",\"potentialAction\":[{\"@type\":\"CommentAction\",\"name\":\"Comment\",\"target\":[\"https:\/\/dicodusport.fr\/blog\/championnats-deurope-de-trail-2024-cardin-et-geoffray-sacres-les-bleus-realisent-une-razzia-historique\/#respond\"]}],\"copyrightYear\":\"2024\",\"copyrightHolder\":{\"@id\":\"https:\/\/dicodusport.fr\/blog\/#organization\"}},{\"@type\":\"WebPage\",\"@id\":\"https:\/\/dicodusport.fr\/blog\/championnats-deurope-de-trail-2024-cardin-et-geoffray-sacres-les-bleus-realisent-une-razzia-historique\/\",\"url\":\"https:\/\/dicodusport.fr\/blog\/championnats-deurope-de-trail-2024-cardin-et-geoffray-sacres-les-bleus-realisent-une-razzia-historique\/\",\"name\":\"Championnats d'Europe de Trail 2024 : Cardin et Geoffray sacr\u00e9s, les Bleus r\u00e9alisent une razzia historique !\",\"isPartOf\":{\"@id\":\"https:\/\/dicodusport.fr\/blog\/#website\"},\"primaryImageOfPage\":{\"@id\":\"https:\/\/dicodusport.fr\/blog\/championnats-deurope-de-trail-2024-cardin-et-geoffray-sacres-les-bleus-realisent-une-razzia-historique\/#primaryimage\"},\"image\":{\"@id\":\"https:\/\/dicodusport.fr\/blog\/championnats-deurope-de-trail-2024-cardin-et-geoffray-sacres-les-bleus-realisent-une-razzia-historique\/#primaryimage\"},\"thumbnailUrl\":\"https:\/\/dicodusport.fr\/blog\/wp-content\/uploads\/2024\/06\/Championnats-dEurope-de-Trail-2024-Cardin-et-Geoffray-sacres-les-Bleus-realisent-une-razzia-historique-.png\",\"datePublished\":\"2024-06-01T11:18:14+00:00\",\"dateModified\":\"2024-06-01T18:43:20+00:00\",\"description\":\"CHAMPIONNATS D'EUROPE DE TRAIL - Les Bleus ont \u00e9cras\u00e9 la comp\u00e9tition en formant deux podiums 100% tricolores !\",\"breadcrumb\":{\"@id\":\"https:\/\/dicodusport.fr\/blog\/championnats-deurope-de-trail-2024-cardin-et-geoffray-sacres-les-bleus-realisent-une-razzia-historique\/#breadcrumb\"},\"inLanguage\":\"fr-FR\",\"potentialAction\":[{\"@type\":\"ReadAction\",\"target\":[\"https:\/\/dicodusport.fr\/blog\/championnats-deurope-de-trail-2024-cardin-et-geoffray-sacres-les-bleus-realisent-une-razzia-historique\/\"]}]},{\"@type\":\"ImageObject\",\"inLanguage\":\"fr-FR\",\"@id\":\"https:\/\/dicodusport.fr\/blog\/championnats-deurope-de-trail-2024-cardin-et-geoffray-sacres-les-bleus-realisent-une-razzia-historique\/#primaryimage\",\"url\":\"https:\/\/dicodusport.fr\/blog\/wp-content\/uploads\/2024\/06\/Championnats-dEurope-de-Trail-2024-Cardin-et-Geoffray-sacres-les-Bleus-realisent-une-razzia-historique-.png\",\"contentUrl\":\"https:\/\/dicodusport.fr\/blog\/wp-content\/uploads\/2024\/06\/Championnats-dEurope-de-Trail-2024-Cardin-et-Geoffray-sacres-les-Bleus-realisent-une-razzia-historique-.png\",\"width\":1200,\"height\":674,\"caption\":\"Championnats d'Europe de Trail 2024 Cardin et Geoffray sacr\u00e9s, les Bleus r\u00e9alisent une razzia historique !\"},{\"@type\":\"BreadcrumbList\",\"@id\":\"https:\/\/dicodusport.fr\/blog\/championnats-deurope-de-trail-2024-cardin-et-geoffray-sacres-les-bleus-realisent-une-razzia-historique\/#breadcrumb\",\"itemListElement\":[{\"@type\":\"ListItem\",\"position\":1,\"name\":\"Accueil\",\"item\":\"https:\/\/dicodusport.fr\/blog\/\"},{\"@type\":\"ListItem\",\"position\":2,\"name\":\"Championnats d&rsquo;Europe de Trail 2024 : Cardin et Geoffray sacr\u00e9s, les Bleus r\u00e9alisent une razzia historique !\"}]},{\"@type\":\"WebSite\",\"@id\":\"https:\/\/dicodusport.fr\/blog\/#website\",\"url\":\"https:\/\/dicodusport.fr\/blog\/\",\"name\":\"Dicodusport\",\"description\":\"L&#039;encyclop\u00e9die de l&#039;actualit\u00e9 sportive\",\"publisher\":{\"@id\":\"https:\/\/dicodusport.fr\/blog\/#organization\"},\"potentialAction\":[{\"@type\":\"SearchAction\",\"target\":{\"@type\":\"EntryPoint\",\"urlTemplate\":\"https:\/\/dicodusport.fr\/blog\/?s={search_term_string}\"},\"query-input\":{\"@type\":\"PropertyValueSpecification\",\"valueRequired\":true,\"valueName\":\"search_term_string\"}}],\"inLanguage\":\"fr-FR\"},{\"@type\":\"NewsMediaOrganization\",\"@id\":\"https:\/\/dicodusport.fr\/blog\/#organization\",\"name\":\"Dicodusport\",\"url\":\"https:\/\/dicodusport.fr\/blog\/\",\"logo\":{\"@type\":\"ImageObject\",\"inLanguage\":\"fr-FR\",\"@id\":\"https:\/\/dicodusport.fr\/blog\/#\/schema\/logo\/image\/\",\"url\":\"https:\/\/dicodusport.fr\/blog\/wp-content\/uploads\/2020\/06\/cropped-LOGO-DICODUSPORT-2020-SANS-FOND-SANS-TEXTE.png\",\"contentUrl\":\"https:\/\/dicodusport.fr\/blog\/wp-content\/uploads\/2020\/06\/cropped-LOGO-DICODUSPORT-2020-SANS-FOND-SANS-TEXTE.png\",\"width\":512,\"height\":512,\"caption\":\"Dicodusport\"},\"image\":{\"@id\":\"https:\/\/dicodusport.fr\/blog\/#\/schema\/logo\/image\/\"},\"sameAs\":[\"https:\/\/www.facebook.com\/dicodusport\",\"https:\/\/x.com\/dicodusport\",\"https:\/\/www.instagram.com\/dicodusport\/\",\"https:\/\/www.youtube.com\/channel\/UC7V2KZ5sd3htJivAbA4ZG3w\"],\"description\":\"Dicodusport est l'encyclop\u00e9die de l'actualit\u00e9 sportive.\",\"email\":\"bonjour@dicodusport.fr\",\"legalName\":\"DICODUSPORT\",\"foundingDate\":\"2018-01-14\",\"vatID\":\"FR71834470973\",\"taxID\":\"83447097300043\",\"numberOfEmployees\":{\"@type\":\"QuantitativeValue\",\"minValue\":\"1\",\"maxValue\":\"10\"}},{\"@type\":\"Person\",\"@id\":\"https:\/\/dicodusport.fr\/blog\/#\/schema\/person\/37def232098a7a5cbab3974a3690abb0\",\"name\":\"Maxime Cazenave\",\"image\":{\"@type\":\"ImageObject\",\"inLanguage\":\"fr-FR\",\"@id\":\"https:\/\/dicodusport.fr\/blog\/#\/schema\/person\/image\/\",\"url\":\"https:\/\/dicodusport.fr\/blog\/wp-content\/uploads\/2021\/05\/Maxime-Cazenave-150x150.jpg\",\"contentUrl\":\"https:\/\/dicodusport.fr\/blog\/wp-content\/uploads\/2021\/05\/Maxime-Cazenave-150x150.jpg\",\"caption\":\"Maxime Cazenave\"},\"description\":\"Journaliste\/R\u00e9dacteur depuis 2012 - Berc\u00e9 par l\u2019amour des Girondins de Bordeaux, les \u00e9checs de Christophe Moreau sur le Tour de France sous l'\u00e8re Lance Armstrong et le fade-away l\u00e9tal de Dirk Nowitzki, ma passion d\u00e9vorante pour le sport a toujours \u00e9t\u00e9 un pan incontournable de ma vie. Transmettre ma passion \u00e0 l\u2019\u00e9crit a \u00e9t\u00e9 une transition naturelle. Suiveur assidu de basket et de hockey sur glace, je garde toujours un peu de place pour suivre le cyclisme, le football et le maximum de performances fran\u00e7aises.\",\"sameAs\":[\"https:\/\/x.com\/https:\/\/twitter.com\/Maxime_Caze\"],\"url\":\"https:\/\/dicodusport.fr\/blog\/author\/maximec\/\"}]}<\/script>\n<!-- \/ Yoast SEO Premium plugin. -->","yoast_head_json":{"title":"Championnats d'Europe de Trail 2024 : Cardin et Geoffray sacr\u00e9s, les Bleus r\u00e9alisent une razzia historique !","description":"CHAMPIONNATS D'EUROPE DE TRAIL - Les Bleus ont \u00e9cras\u00e9 la comp\u00e9tition en formant deux podiums 100% tricolores !","robots":{"index":"index","follow":"follow","max-snippet":"max-snippet:-1","max-image-preview":"max-image-preview:large","max-video-preview":"max-video-preview:-1"},"canonical":"https:\/\/dicodusport.fr\/blog\/championnats-deurope-de-trail-2024-cardin-et-geoffray-sacres-les-bleus-realisent-une-razzia-historique\/","og_locale":"fr_FR","og_type":"article","og_title":"Championnats d'Europe de Trail 2024 : Cardin et Geoffray sacr\u00e9s, les Bleus r\u00e9alisent une razzia historique !","og_description":"CHAMPIONNATS D'EUROPE DE TRAIL - Les Bleus ont \u00e9cras\u00e9 la comp\u00e9tition en formant deux podiums 100% tricolores !","og_url":"https:\/\/dicodusport.fr\/blog\/championnats-deurope-de-trail-2024-cardin-et-geoffray-sacres-les-bleus-realisent-une-razzia-historique\/","og_site_name":"Dicodusport","article_publisher":"https:\/\/www.facebook.com\/dicodusport","article_published_time":"2024-06-01T11:18:14+00:00","article_modified_time":"2024-06-01T18:43:20+00:00","og_image":[{"width":1200,"height":674,"url":"https:\/\/dicodusport.fr\/blog\/wp-content\/uploads\/2024\/06\/Championnats-dEurope-de-Trail-2024-Cardin-et-Geoffray-sacres-les-Bleus-realisent-une-razzia-historique-.png","type":"image\/png"}],"author":"Maxime Cazenave","twitter_card":"summary_large_image","twitter_title":"Championnats d'Europe de Trail 2024 : Cardin et Geoffray sacr\u00e9s, les Bleus r\u00e9alisent une razzia historique !","twitter_creator":"@https:\/\/twitter.com\/Maxime_Caze","twitter_site":"@dicodusport","schema":{"@context":"https:\/\/schema.org","@graph":[{"@type":"NewsArticle","@id":"https:\/\/dicodusport.fr\/blog\/championnats-deurope-de-trail-2024-cardin-et-geoffray-sacres-les-bleus-realisent-une-razzia-historique\/#article","isPartOf":{"@id":"https:\/\/dicodusport.fr\/blog\/championnats-deurope-de-trail-2024-cardin-et-geoffray-sacres-les-bleus-realisent-une-razzia-historique\/"},"author":{"name":"Maxime Cazenave","@id":"https:\/\/dicodusport.fr\/blog\/#\/schema\/person\/37def232098a7a5cbab3974a3690abb0"},"headline":"Championnats d&rsquo;Europe de Trail 2024 : Cardin et Geoffray sacr\u00e9s, les Bleus r\u00e9alisent une razzia historique !","datePublished":"2024-06-01T11:18:14+00:00","dateModified":"2024-06-01T18:43:20+00:00","mainEntityOfPage":{"@id":"https:\/\/dicodusport.fr\/blog\/championnats-deurope-de-trail-2024-cardin-et-geoffray-sacres-les-bleus-realisent-une-razzia-historique\/"},"wordCount":627,"commentCount":0,"publisher":{"@id":"https:\/\/dicodusport.fr\/blog\/#organization"},"image":{"@id":"https:\/\/dicodusport.fr\/blog\/championnats-deurope-de-trail-2024-cardin-et-geoffray-sacres-les-bleus-realisent-une-razzia-historique\/#primaryimage"},"thumbnailUrl":"https:\/\/dicodusport.fr\/blog\/wp-content\/uploads\/2024\/06\/Championnats-dEurope-de-Trail-2024-Cardin-et-Geoffray-sacres-les-Bleus-realisent-une-razzia-historique-.png","keywords":["actu","br\u00e8ve"],"articleSection":["Trail"],"inLanguage":"fr-FR","potentialAction":[{"@type":"CommentAction","name":"Comment","target":["https:\/\/dicodusport.fr\/blog\/championnats-deurope-de-trail-2024-cardin-et-geoffray-sacres-les-bleus-realisent-une-razzia-historique\/#respond"]}],"copyrightYear":"2024","copyrightHolder":{"@id":"https:\/\/dicodusport.fr\/blog\/#organization"}},{"@type":"WebPage","@id":"https:\/\/dicodusport.fr\/blog\/championnats-deurope-de-trail-2024-cardin-et-geoffray-sacres-les-bleus-realisent-une-razzia-historique\/","url":"https:\/\/dicodusport.fr\/blog\/championnats-deurope-de-trail-2024-cardin-et-geoffray-sacres-les-bleus-realisent-une-razzia-historique\/","name":"Championnats d'Europe de Trail 2024 : Cardin et Geoffray sacr\u00e9s, les Bleus r\u00e9alisent une razzia historique !","isPartOf":{"@id":"https:\/\/dicodusport.fr\/blog\/#website"},"primaryImageOfPage":{"@id":"https:\/\/dicodusport.fr\/blog\/championnats-deurope-de-trail-2024-cardin-et-geoffray-sacres-les-bleus-realisent-une-razzia-historique\/#primaryimage"},"image":{"@id":"https:\/\/dicodusport.fr\/blog\/championnats-deurope-de-trail-2024-cardin-et-geoffray-sacres-les-bleus-realisent-une-razzia-historique\/#primaryimage"},"thumbnailUrl":"https:\/\/dicodusport.fr\/blog\/wp-content\/uploads\/2024\/06\/Championnats-dEurope-de-Trail-2024-Cardin-et-Geoffray-sacres-les-Bleus-realisent-une-razzia-historique-.png","datePublished":"2024-06-01T11:18:14+00:00","dateModified":"2024-06-01T18:43:20+00:00","description":"CHAMPIONNATS D'EUROPE DE TRAIL - Les Bleus ont \u00e9cras\u00e9 la comp\u00e9tition en formant deux podiums 100% tricolores !","breadcrumb":{"@id":"https:\/\/dicodusport.fr\/blog\/championnats-deurope-de-trail-2024-cardin-et-geoffray-sacres-les-bleus-realisent-une-razzia-historique\/#breadcrumb"},"inLanguage":"fr-FR","potentialAction":[{"@type":"ReadAction","target":["https:\/\/dicodusport.fr\/blog\/championnats-deurope-de-trail-2024-cardin-et-geoffray-sacres-les-bleus-realisent-une-razzia-historique\/"]}]},{"@type":"ImageObject","inLanguage":"fr-FR","@id":"https:\/\/dicodusport.fr\/blog\/championnats-deurope-de-trail-2024-cardin-et-geoffray-sacres-les-bleus-realisent-une-razzia-historique\/#primaryimage","url":"https:\/\/dicodusport.fr\/blog\/wp-content\/uploads\/2024\/06\/Championnats-dEurope-de-Trail-2024-Cardin-et-Geoffray-sacres-les-Bleus-realisent-une-razzia-historique-.png","contentUrl":"https:\/\/dicodusport.fr\/blog\/wp-content\/uploads\/2024\/06\/Championnats-dEurope-de-Trail-2024-Cardin-et-Geoffray-sacres-les-Bleus-realisent-une-razzia-historique-.png","width":1200,"height":674,"caption":"Championnats d'Europe de Trail 2024 Cardin et Geoffray sacr\u00e9s, les Bleus r\u00e9alisent une razzia historique !"},{"@type":"BreadcrumbList","@id":"https:\/\/dicodusport.fr\/blog\/championnats-deurope-de-trail-2024-cardin-et-geoffray-sacres-les-bleus-realisent-une-razzia-historique\/#breadcrumb","itemListElement":[{"@type":"ListItem","position":1,"name":"Accueil","item":"https:\/\/dicodusport.fr\/blog\/"},{"@type":"ListItem","position":2,"name":"Championnats d&rsquo;Europe de Trail 2024 : Cardin et Geoffray sacr\u00e9s, les Bleus r\u00e9alisent une razzia historique !"}]},{"@type":"WebSite","@id":"https:\/\/dicodusport.fr\/blog\/#website","url":"https:\/\/dicodusport.fr\/blog\/","name":"Dicodusport","description":"L&#039;encyclop\u00e9die de l&#039;actualit\u00e9 sportive","publisher":{"@id":"https:\/\/dicodusport.fr\/blog\/#organization"},"potentialAction":[{"@type":"SearchAction","target":{"@type":"EntryPoint","urlTemplate":"https:\/\/dicodusport.fr\/blog\/?s={search_term_string}"},"query-input":{"@type":"PropertyValueSpecification","valueRequired":true,"valueName":"search_term_string"}}],"inLanguage":"fr-FR"},{"@type":"NewsMediaOrganization","@id":"https:\/\/dicodusport.fr\/blog\/#organization","name":"Dicodusport","url":"https:\/\/dicodusport.fr\/blog\/","logo":{"@type":"ImageObject","inLanguage":"fr-FR","@id":"https:\/\/dicodusport.fr\/blog\/#\/schema\/logo\/image\/","url":"https:\/\/dicodusport.fr\/blog\/wp-content\/uploads\/2020\/06\/cropped-LOGO-DICODUSPORT-2020-SANS-FOND-SANS-TEXTE.png","contentUrl":"https:\/\/dicodusport.fr\/blog\/wp-content\/uploads\/2020\/06\/cropped-LOGO-DICODUSPORT-2020-SANS-FOND-SANS-TEXTE.png","width":512,"height":512,"caption":"Dicodusport"},"image":{"@id":"https:\/\/dicodusport.fr\/blog\/#\/schema\/logo\/image\/"},"sameAs":["https:\/\/www.facebook.com\/dicodusport","https:\/\/x.com\/dicodusport","https:\/\/www.instagram.com\/dicodusport\/","https:\/\/www.youtube.com\/channel\/UC7V2KZ5sd3htJivAbA4ZG3w"],"description":"Dicodusport est l'encyclop\u00e9die de l'actualit\u00e9 sportive.","email":"bonjour@dicodusport.fr","legalName":"DICODUSPORT","foundingDate":"2018-01-14","vatID":"FR71834470973","taxID":"83447097300043","numberOfEmployees":{"@type":"QuantitativeValue","minValue":"1","maxValue":"10"}},{"@type":"Person","@id":"https:\/\/dicodusport.fr\/blog\/#\/schema\/person\/37def232098a7a5cbab3974a3690abb0","name":"Maxime Cazenave","image":{"@type":"ImageObject","inLanguage":"fr-FR","@id":"https:\/\/dicodusport.fr\/blog\/#\/schema\/person\/image\/","url":"https:\/\/dicodusport.fr\/blog\/wp-content\/uploads\/2021\/05\/Maxime-Cazenave-150x150.jpg","contentUrl":"https:\/\/dicodusport.fr\/blog\/wp-content\/uploads\/2021\/05\/Maxime-Cazenave-150x150.jpg","caption":"Maxime Cazenave"},"description":"Journaliste\/R\u00e9dacteur depuis 2012 - Berc\u00e9 par l\u2019amour des Girondins de Bordeaux, les \u00e9checs de Christophe Moreau sur le Tour de France sous l'\u00e8re Lance Armstrong et le fade-away l\u00e9tal de Dirk Nowitzki, ma passion d\u00e9vorante pour le sport a toujours \u00e9t\u00e9 un pan incontournable de ma vie. Transmettre ma passion \u00e0 l\u2019\u00e9crit a \u00e9t\u00e9 une transition naturelle. Suiveur assidu de basket et de hockey sur glace, je garde toujours un peu de place pour suivre le cyclisme, le football et le maximum de performances fran\u00e7aises.","sameAs":["https:\/\/x.com\/https:\/\/twitter.com\/Maxime_Caze"],"url":"https:\/\/dicodusport.fr\/blog\/author\/maximec\/"}]}},"_links":{"self":[{"href":"https:\/\/dicodusport.fr\/blog\/wp-json\/wp\/v2\/posts\/489444","targetHints":{"allow":["GET"]}}],"collection":[{"href":"https:\/\/dicodusport.fr\/blog\/wp-json\/wp\/v2\/posts"}],"about":[{"href":"https:\/\/dicodusport.fr\/blog\/wp-json\/wp\/v2\/types\/post"}],"author":[{"embeddable":true,"href":"https:\/\/dicodusport.fr\/blog\/wp-json\/wp\/v2\/users\/55"}],"replies":[{"embeddable":true,"href":"https:\/\/dicodusport.fr\/blog\/wp-json\/wp\/v2\/comments?post=489444"}],"version-history":[{"count":5,"href":"https:\/\/dicodusport.fr\/blog\/wp-json\/wp\/v2\/posts\/489444\/revisions"}],"predecessor-version":[{"id":489635,"href":"https:\/\/dicodusport.fr\/blog\/wp-json\/wp\/v2\/posts\/489444\/revisions\/489635"}],"wp:featuredmedia":[{"embeddable":true,"href":"https:\/\/dicodusport.fr\/blog\/wp-json\/wp\/v2\/media\/489487"}],"wp:attachment":[{"href":"https:\/\/dicodusport.fr\/blog\/wp-json\/wp\/v2\/media?parent=489444"}],"wp:term":[{"taxonomy":"category","embeddable":true,"href":"https:\/\/dicodusport.fr\/blog\/wp-json\/wp\/v2\/categories?post=489444"},{"taxonomy":"post_tag","embeddable":true,"href":"https:\/\/dicodusport.fr\/blog\/wp-json\/wp\/v2\/tags?post=489444"}],"curies":[{"name":"wp","href":"https:\/\/api.w.org\/{rel}","templated":true}]}}