{"id":489636,"date":"2024-06-01T22:59:30","date_gmt":"2024-06-01T20:59:30","guid":{"rendered":"https:\/\/dicodusport.fr\/blog\/?p=489636&#038;preview=true&#038;preview_id=489636"},"modified":"2025-09-16T08:52:43","modified_gmt":"2025-09-16T06:52:43","slug":"ligue-des-champions-le-real-madrid-soffre-un-15e-trophee-en-disposant-du-borussia-dortmund","status":"publish","type":"post","link":"https:\/\/dicodusport.fr\/blog\/ligue-des-champions-le-real-madrid-soffre-un-15e-trophee-en-disposant-du-borussia-dortmund\/","title":{"rendered":"Ligue des Champions : Le Real Madrid s&rsquo;offre un 15e troph\u00e9e en disposant du Borussia Dortmund"},"content":{"rendered":"<p style=\"text-align: justify;\"><strong><em>LIGUE DES CHAMPIONS &#8211; Le Real Madrid ach\u00e8ve le Borussia Dortmund au terme d&rsquo;une finale rythm\u00e9e. Dani Carvajal et Vinicius Junior auront \u00e9t\u00e9 les bourreaux des Allemands (2-0). C&rsquo;est un 15e titre europ\u00e9en pour les Merengues.<\/em><\/strong><\/p>\n<ul>\n<li style=\"text-align: justify;\"><strong>\u00c0 ce sujet &#8211; <a href=\"https:\/\/dicodusport.fr\/blog\/actualites\/football\/\">L&rsquo;actualit\u00e9 du football<\/a><\/strong><\/li>\n<\/ul>\n<p style=\"text-align: justify;\"><span style=\"font-weight: 400;\">Le Borussia Dortmund fait ressurgir les vieux d\u00e9mons. Onze ann\u00e9es sont pass\u00e9es depuis cette finale fratricide, \u00e0 Wembley, contre le Bayern, o\u00f9 <\/span><b>Arjen Robben <\/b><span style=\"font-weight: 400;\">avait douch\u00e9 le club de la Ruhr par un but d\u00e9cisif \u00e0 la 89e minute. Ce samedi, \u00e0 l\u2019aube d\u2019un mois de juin qui verra l\u2019Allemagne accueillir l\u2019Euro, les <em>Jaune et Noir<\/em> chutent \u00e0 nouveau face \u00e0 un Real Madrid clinique. L\u2019antre des Three Lions couronne les <\/span><i><span style=\"font-weight: 400;\">Merengues. <\/span><\/i><span style=\"font-weight: 400;\">Ces derniers, bouscul\u00e9s, ont tenu le choc avant de faire rompre leurs adversaires. Comme souvent en <a href=\"https:\/\/dicodusport.fr\/palmares\/palmares-ligue-des-champions-football\/\">Ligue des Champions<\/a> ces derni\u00e8res saisons.<\/span><\/p>\n<h2 style=\"text-align: justify;\">Dortmund manque de r\u00e9alisme<\/h2>\n<p style=\"text-align: justify;\"><span style=\"font-weight: 400;\">Les deux formations se regardent beaucoup sur ce d\u00e9but de partie. Le Borussia Dortmund ne se laisse pas intimider par les Merengues et pr\u00e9sente un bloc haut qui g\u00eane la relance des Madril\u00e8nes. Les hommes d\u2019<\/span><b>Edin Terzic <\/b><span style=\"font-weight: 400;\">r\u00e9ussissent \u00e0 boucher les lignes de passe au c\u0153ur du jeu et sont pr\u00eats \u00e0 remonter le ballon rapidement lorsqu\u2019il y a r\u00e9cup\u00e9ration. <\/span><b>Karim Adeyemi <\/b><span style=\"font-weight: 400;\">obtient une occasion majeure (20e) face \u00e0 <\/span><b>Thibaut Courtois<\/b><span style=\"font-weight: 400;\">. Le jeune allemand part en profondeur et se retrouve compl\u00e8tement seul, mais veut dribbler le g\u00e9ant belge et s\u2019emm\u00eale les pinceaux.<\/span><\/p>\n<p style=\"text-align: justify;\"><span style=\"font-weight: 400;\">Les <\/span><i><span style=\"font-weight: 400;\">Borussen <\/span><\/i><span style=\"font-weight: 400;\">sont en feu et <\/span><b>Niclas F\u00fcllkrug <\/b><span style=\"font-weight: 400;\">voit une frappe du bout du pied heurter le montant, seulement quelques instants apr\u00e8s le face-\u00e0-face manqu\u00e9 par <\/span><b>Adeyemi<\/b><span style=\"font-weight: 400;\">. Ce dernier va se retrouver une nouvelle fois en position de marquer avant la demi-heure de jeu, mais <\/span><b>Courtois <\/b><span style=\"font-weight: 400;\">s\u2019\u00e9tend pour repousser le cuir. <\/span><b>Marcel Sabitzer <\/b><span style=\"font-weight: 400;\">s\u2019essaie \u00e9galement au tir de loin pour tromper la vigilance du gardien, mais sans succ\u00e8s.<\/span><\/p>\n<blockquote class=\"twitter-tweet\">\n<p dir=\"ltr\" lang=\"fr\">Oh la grosse frayeur pour le Real Madrid avec cette frappe de Fullkrug qui s&rsquo;\u00e9crase sur le poteau ! \ud83d\ude33<a href=\"https:\/\/twitter.com\/hashtag\/BVBRMA?src=hash&amp;ref_src=twsrc%5Etfw\">#BVBRMA<\/a> | <a href=\"https:\/\/twitter.com\/hashtag\/UCLFinal?src=hash&amp;ref_src=twsrc%5Etfw\">#UCLFinal<\/a> <a href=\"https:\/\/t.co\/IaVtKLXJ1d\">pic.twitter.com\/IaVtKLXJ1d<\/a><\/p>\n<p>\u2014 CANAL+ Foot (@CanalplusFoot) <a href=\"https:\/\/twitter.com\/CanalplusFoot\/status\/1796986572455219360?ref_src=twsrc%5Etfw\">June 1, 2024<\/a><\/p><\/blockquote>\n<p><script async src=\"https:\/\/platform.twitter.com\/widgets.js\" charset=\"utf-8\"><\/script><\/p>\n<h2 style=\"text-align: justify;\">Courtois se montre, le Real monte en puissance<\/h2>\n<p style=\"text-align: justify;\"><span style=\"font-weight: 400;\">Le club de la Ruhr fut bien l\u2019acteur principal de cette premi\u00e8re p\u00e9riode. Face \u00e0 des Espagnols amorphes et sur les talons durant 45 minutes, les Jaunes et Noirs se sont montr\u00e9s les plus dominants. Mais, au tableau d\u2019affichage, le score est bien nul et vierge, notamment gr\u00e2ce \u00e0 un <\/span><b>Thibaut Courtois <\/b><span style=\"font-weight: 400;\">concentr\u00e9 et d\u00e9cisif. Ce n\u2019est pas sans rappeler la finale 2022 au Stade de France contre Liverpool. Dortmund a profit\u00e9 des approximations du <strong>Real Madrid<\/strong> en termes de repli d\u00e9fensif et de placement pour se procurer des occasions. La <em>Maison Blanche<\/em> se devait d\u2019am\u00e9liorer son niveau pour ne pas se faire cambrioler.<\/span><\/p>\n<p style=\"text-align: justify;\"><span style=\"font-weight: 400;\">Les fans ib\u00e9riques ont pu avoir leurs premiers frissons de la soir\u00e9e avec un coup franc millim\u00e9tr\u00e9 de <\/span><b>Toni Kroos <\/b><span style=\"font-weight: 400;\">puis une demi-vol\u00e9e de <\/span><b>Dani Carvajal<\/b><span style=\"font-weight: 400;\">. En dehors de \u00e7a, le club aux 36 championnats d\u2019Espagne reste sur la m\u00eame dynamique que lors du premier acte. Sa possession de balle &#8211; autour de 60% \u00e0 l\u2019heure de jeu &#8211; est plus que st\u00e9rile et rappelle les r\u00e9centes heures sombres de la <em>Roja<\/em>.\u00a0<\/span><\/p>\n<h2 style=\"text-align: justify;\">Sc\u00e9nario idyllique et 15e Champions League<\/h2>\n<p style=\"text-align: justify;\"><span style=\"font-weight: 400;\">Mais le Real Madrid est une \u00e9quipe hors normes et unique dans l&rsquo;histoire r\u00e9cente de la Ligue des Champions. \u00c0 maintes et maintes reprises, les Madril\u00e8nes ont prouv\u00e9 que cette comp\u00e9tition \u00e9tait la leur et que leurs adversaires devaient se m\u00e9fier quel que soit le sc\u00e9nario de la partie. Encore plus en finale. <\/span><b>Dani Carvajal <\/b><span style=\"font-weight: 400;\">offre une 15e coupe aux grandes oreilles sur une t\u00eate. Oui, un corner venu de la gauche, sur le cr\u00e2ne du joueur d\u20191m73. Comme si <\/span><b>Lionel Messi <\/b><span style=\"font-weight: 400;\">trompait <\/span><b>Edwin Van der Sar <\/b><span style=\"font-weight: 400;\">d\u2019un autre coup de t\u00eate.<\/span><\/p>\n<blockquote class=\"twitter-tweet\">\n<p dir=\"ltr\" lang=\"fr\">DANI CARVAJAL OUVRE LE SCORE POUR LE REAL MADRID APR\u00c8S 73 MINUTES DE JEU !! \u26a1\ufe0f<a href=\"https:\/\/twitter.com\/hashtag\/BVBRMA?src=hash&amp;ref_src=twsrc%5Etfw\">#BVBRMA<\/a> | <a href=\"https:\/\/twitter.com\/hashtag\/UCLFinal?src=hash&amp;ref_src=twsrc%5Etfw\">#UCLFinal<\/a> <a href=\"https:\/\/t.co\/ZIJ0Lv3lpj\">pic.twitter.com\/ZIJ0Lv3lpj<\/a><\/p>\n<p>\u2014 CANAL+ Foot (@CanalplusFoot) <a href=\"https:\/\/twitter.com\/CanalplusFoot\/status\/1797004495584387112?ref_src=twsrc%5Etfw\">June 1, 2024<\/a><\/p><\/blockquote>\n<p><script async src=\"https:\/\/platform.twitter.com\/widgets.js\" charset=\"utf-8\"><\/script><\/p>\n<p style=\"text-align: justify;\"><span style=\"font-weight: 400;\">Apr\u00e8s cette 74e minute, la tendance s\u2019est compl\u00e8tement invers\u00e9e. Les joueurs de <\/span><b>Carlo Ancelotti <\/b><span style=\"font-weight: 400;\">appuient l\u00e0 o\u00f9 \u00e7a fait mal et broient les derniers espoirs du Borussia Dortmund. Apr\u00e8s un tir lointain d\u2019<\/span><b>Eduardo Camavinga,<\/b><span style=\"font-weight: 400;\"> d\u00e9tourn\u00e9 magnifiquement par <\/span><b>Gregor Kobel<\/b><span style=\"font-weight: 400;\">, <\/span><b>Vinicius Junior <\/b><span style=\"font-weight: 400;\">bat le portier suisse pour le but du break (83e). Un score lourd pour une \u00e9quipe allemande qui aura fait plier le Real, sans le faire rompre. <\/span><b>Jude Bellingham <\/b><span style=\"font-weight: 400;\">empoche un premier troph\u00e9e europ\u00e9en et <\/span><b>Toni Kroos <\/b><span style=\"font-weight: 400;\">part en grand seigneur, au moment de disputer son tout dernier match avec le Real Madrid.<\/span><\/p>\n","protected":false},"excerpt":{"rendered":"<p>LIGUE DES CHAMPIONS &#8211; Le Real Madrid ach\u00e8ve le Borussia Dortmund au terme d&rsquo;une finale rythm\u00e9e (0-2).<\/p>\n","protected":false},"author":61,"featured_media":489677,"comment_status":"open","ping_status":"closed","sticky":false,"template":"","format":"standard","meta":{"_acf_changed":false,"_daextam_enable_autolinks":"1","footnotes":""},"categories":[47250],"tags":[6153,16878,75,419,521,24,24388],"class_list":["post-489636","post","type-post","status-publish","format-standard","has-post-thumbnail","hentry","category-ligue-des-champions-de-football","tag-borussia-dortmund","tag-breve","tag-football","tag-ligue-des-champions","tag-real-madrid","tag-sport","tag-vinicius-junior"],"acf":[],"yoast_head":"<!-- This site is optimized with the Yoast SEO Premium plugin v26.7 (Yoast SEO v26.7) - https:\/\/yoast.com\/wordpress\/plugins\/seo\/ -->\n<title>Ligue des Champions : Le Real Madrid s&#039;offre un 15e troph\u00e9e en disposant du Borussia Dortmund<\/title>\n<meta name=\"description\" content=\"LIGUE DES CHAMPIONS - Le Real Madrid ach\u00e8ve le Borussia Dortmund au terme d&#039;une finale rythm\u00e9e (0-2).\" \/>\n<meta name=\"robots\" content=\"index, follow, max-snippet:-1, max-image-preview:large, max-video-preview:-1\" \/>\n<link rel=\"canonical\" href=\"https:\/\/dicodusport.fr\/blog\/ligue-des-champions-le-real-madrid-soffre-un-15e-trophee-en-disposant-du-borussia-dortmund\/\" \/>\n<meta property=\"og:locale\" content=\"fr_FR\" \/>\n<meta property=\"og:type\" content=\"article\" \/>\n<meta property=\"og:title\" content=\"Ligue des Champions : Le Real Madrid s&#039;offre un 15e troph\u00e9e en disposant du Borussia Dortmund\" \/>\n<meta property=\"og:description\" content=\"LIGUE DES CHAMPIONS - Le Real Madrid ach\u00e8ve le Borussia Dortmund au terme d&#039;une finale rythm\u00e9e (0-2).\" \/>\n<meta property=\"og:url\" content=\"https:\/\/dicodusport.fr\/blog\/ligue-des-champions-le-real-madrid-soffre-un-15e-trophee-en-disposant-du-borussia-dortmund\/\" \/>\n<meta property=\"og:site_name\" content=\"Dicodusport\" \/>\n<meta property=\"article:publisher\" content=\"https:\/\/www.facebook.com\/dicodusport\" \/>\n<meta property=\"article:published_time\" content=\"2024-06-01T20:59:30+00:00\" \/>\n<meta property=\"article:modified_time\" content=\"2025-09-16T06:52:43+00:00\" \/>\n<meta property=\"og:image\" content=\"https:\/\/dicodusport.fr\/blog\/wp-content\/uploads\/2024\/06\/Ligue-des-Champions-Le-Real-Madrid-soffre-un-15e-trophee-en-disposant-du-Borussia-Dortmund-1.png\" \/>\n\t<meta property=\"og:image:width\" content=\"1200\" \/>\n\t<meta property=\"og:image:height\" content=\"674\" \/>\n\t<meta property=\"og:image:type\" content=\"image\/png\" \/>\n<meta name=\"author\" content=\"Pierre Gorce\" \/>\n<meta name=\"twitter:card\" content=\"summary_large_image\" \/>\n<meta name=\"twitter:title\" content=\"Ligue des Champions : Le Real Madrid s&#039;offre un 15e troph\u00e9e en disposant du Borussia Dortmund\" \/>\n<meta name=\"twitter:creator\" content=\"@https:\/\/twitter.com\/pierregorce12\" \/>\n<meta name=\"twitter:site\" content=\"@dicodusport\" \/>\n<script type=\"application\/ld+json\" class=\"yoast-schema-graph\">{\"@context\":\"https:\/\/schema.org\",\"@graph\":[{\"@type\":\"NewsArticle\",\"@id\":\"https:\/\/dicodusport.fr\/blog\/ligue-des-champions-le-real-madrid-soffre-un-15e-trophee-en-disposant-du-borussia-dortmund\/#article\",\"isPartOf\":{\"@id\":\"https:\/\/dicodusport.fr\/blog\/ligue-des-champions-le-real-madrid-soffre-un-15e-trophee-en-disposant-du-borussia-dortmund\/\"},\"author\":{\"name\":\"Pierre Gorce\",\"@id\":\"https:\/\/dicodusport.fr\/blog\/#\/schema\/person\/0eaf70b33d703a1a66b1155ac1bda018\"},\"headline\":\"Ligue des Champions : Le Real Madrid s&rsquo;offre un 15e troph\u00e9e en disposant du Borussia Dortmund\",\"datePublished\":\"2024-06-01T20:59:30+00:00\",\"dateModified\":\"2025-09-16T06:52:43+00:00\",\"mainEntityOfPage\":{\"@id\":\"https:\/\/dicodusport.fr\/blog\/ligue-des-champions-le-real-madrid-soffre-un-15e-trophee-en-disposant-du-borussia-dortmund\/\"},\"wordCount\":813,\"commentCount\":0,\"publisher\":{\"@id\":\"https:\/\/dicodusport.fr\/blog\/#organization\"},\"image\":{\"@id\":\"https:\/\/dicodusport.fr\/blog\/ligue-des-champions-le-real-madrid-soffre-un-15e-trophee-en-disposant-du-borussia-dortmund\/#primaryimage\"},\"thumbnailUrl\":\"https:\/\/dicodusport.fr\/blog\/wp-content\/uploads\/2024\/06\/Ligue-des-Champions-Le-Real-Madrid-soffre-un-15e-trophee-en-disposant-du-Borussia-Dortmund-1.png\",\"keywords\":[\"Borussia Dortmund\",\"br\u00e8ve\",\"Football\",\"Ligue des champions\",\"Real Madrid\",\"sport\",\"Vinicius Junior\"],\"articleSection\":[\"Ligue des Champions de football\"],\"inLanguage\":\"fr-FR\",\"potentialAction\":[{\"@type\":\"CommentAction\",\"name\":\"Comment\",\"target\":[\"https:\/\/dicodusport.fr\/blog\/ligue-des-champions-le-real-madrid-soffre-un-15e-trophee-en-disposant-du-borussia-dortmund\/#respond\"]}],\"copyrightYear\":\"2024\",\"copyrightHolder\":{\"@id\":\"https:\/\/dicodusport.fr\/blog\/#organization\"}},{\"@type\":\"WebPage\",\"@id\":\"https:\/\/dicodusport.fr\/blog\/ligue-des-champions-le-real-madrid-soffre-un-15e-trophee-en-disposant-du-borussia-dortmund\/\",\"url\":\"https:\/\/dicodusport.fr\/blog\/ligue-des-champions-le-real-madrid-soffre-un-15e-trophee-en-disposant-du-borussia-dortmund\/\",\"name\":\"Ligue des Champions : Le Real Madrid s'offre un 15e troph\u00e9e en disposant du Borussia Dortmund\",\"isPartOf\":{\"@id\":\"https:\/\/dicodusport.fr\/blog\/#website\"},\"primaryImageOfPage\":{\"@id\":\"https:\/\/dicodusport.fr\/blog\/ligue-des-champions-le-real-madrid-soffre-un-15e-trophee-en-disposant-du-borussia-dortmund\/#primaryimage\"},\"image\":{\"@id\":\"https:\/\/dicodusport.fr\/blog\/ligue-des-champions-le-real-madrid-soffre-un-15e-trophee-en-disposant-du-borussia-dortmund\/#primaryimage\"},\"thumbnailUrl\":\"https:\/\/dicodusport.fr\/blog\/wp-content\/uploads\/2024\/06\/Ligue-des-Champions-Le-Real-Madrid-soffre-un-15e-trophee-en-disposant-du-Borussia-Dortmund-1.png\",\"datePublished\":\"2024-06-01T20:59:30+00:00\",\"dateModified\":\"2025-09-16T06:52:43+00:00\",\"description\":\"LIGUE DES CHAMPIONS - Le Real Madrid ach\u00e8ve le Borussia Dortmund au terme d'une finale rythm\u00e9e (0-2).\",\"breadcrumb\":{\"@id\":\"https:\/\/dicodusport.fr\/blog\/ligue-des-champions-le-real-madrid-soffre-un-15e-trophee-en-disposant-du-borussia-dortmund\/#breadcrumb\"},\"inLanguage\":\"fr-FR\",\"potentialAction\":[{\"@type\":\"ReadAction\",\"target\":[\"https:\/\/dicodusport.fr\/blog\/ligue-des-champions-le-real-madrid-soffre-un-15e-trophee-en-disposant-du-borussia-dortmund\/\"]}]},{\"@type\":\"ImageObject\",\"inLanguage\":\"fr-FR\",\"@id\":\"https:\/\/dicodusport.fr\/blog\/ligue-des-champions-le-real-madrid-soffre-un-15e-trophee-en-disposant-du-borussia-dortmund\/#primaryimage\",\"url\":\"https:\/\/dicodusport.fr\/blog\/wp-content\/uploads\/2024\/06\/Ligue-des-Champions-Le-Real-Madrid-soffre-un-15e-trophee-en-disposant-du-Borussia-Dortmund-1.png\",\"contentUrl\":\"https:\/\/dicodusport.fr\/blog\/wp-content\/uploads\/2024\/06\/Ligue-des-Champions-Le-Real-Madrid-soffre-un-15e-trophee-en-disposant-du-Borussia-Dortmund-1.png\",\"width\":1200,\"height\":674,\"caption\":\"Ligue des Champions Le Real Madrid s'offre un 15e troph\u00e9e en disposant du Borussia Dortmund\"},{\"@type\":\"BreadcrumbList\",\"@id\":\"https:\/\/dicodusport.fr\/blog\/ligue-des-champions-le-real-madrid-soffre-un-15e-trophee-en-disposant-du-borussia-dortmund\/#breadcrumb\",\"itemListElement\":[{\"@type\":\"ListItem\",\"position\":1,\"name\":\"Accueil\",\"item\":\"https:\/\/dicodusport.fr\/blog\/\"},{\"@type\":\"ListItem\",\"position\":2,\"name\":\"Ligue des Champions : Le Real Madrid s&rsquo;offre un 15e troph\u00e9e en disposant du Borussia Dortmund\"}]},{\"@type\":\"WebSite\",\"@id\":\"https:\/\/dicodusport.fr\/blog\/#website\",\"url\":\"https:\/\/dicodusport.fr\/blog\/\",\"name\":\"Dicodusport\",\"description\":\"L&#039;encyclop\u00e9die de l&#039;actualit\u00e9 sportive\",\"publisher\":{\"@id\":\"https:\/\/dicodusport.fr\/blog\/#organization\"},\"potentialAction\":[{\"@type\":\"SearchAction\",\"target\":{\"@type\":\"EntryPoint\",\"urlTemplate\":\"https:\/\/dicodusport.fr\/blog\/?s={search_term_string}\"},\"query-input\":{\"@type\":\"PropertyValueSpecification\",\"valueRequired\":true,\"valueName\":\"search_term_string\"}}],\"inLanguage\":\"fr-FR\"},{\"@type\":\"NewsMediaOrganization\",\"@id\":\"https:\/\/dicodusport.fr\/blog\/#organization\",\"name\":\"Dicodusport\",\"url\":\"https:\/\/dicodusport.fr\/blog\/\",\"logo\":{\"@type\":\"ImageObject\",\"inLanguage\":\"fr-FR\",\"@id\":\"https:\/\/dicodusport.fr\/blog\/#\/schema\/logo\/image\/\",\"url\":\"https:\/\/dicodusport.fr\/blog\/wp-content\/uploads\/2020\/06\/cropped-LOGO-DICODUSPORT-2020-SANS-FOND-SANS-TEXTE.png\",\"contentUrl\":\"https:\/\/dicodusport.fr\/blog\/wp-content\/uploads\/2020\/06\/cropped-LOGO-DICODUSPORT-2020-SANS-FOND-SANS-TEXTE.png\",\"width\":512,\"height\":512,\"caption\":\"Dicodusport\"},\"image\":{\"@id\":\"https:\/\/dicodusport.fr\/blog\/#\/schema\/logo\/image\/\"},\"sameAs\":[\"https:\/\/www.facebook.com\/dicodusport\",\"https:\/\/x.com\/dicodusport\",\"https:\/\/www.instagram.com\/dicodusport\/\",\"https:\/\/www.youtube.com\/channel\/UC7V2KZ5sd3htJivAbA4ZG3w\"],\"description\":\"Dicodusport est l'encyclop\u00e9die de l'actualit\u00e9 sportive.\",\"email\":\"bonjour@dicodusport.fr\",\"legalName\":\"DICODUSPORT\",\"foundingDate\":\"2018-01-14\",\"vatID\":\"FR71834470973\",\"taxID\":\"83447097300043\",\"numberOfEmployees\":{\"@type\":\"QuantitativeValue\",\"minValue\":\"1\",\"maxValue\":\"10\"}},{\"@type\":\"Person\",\"@id\":\"https:\/\/dicodusport.fr\/blog\/#\/schema\/person\/0eaf70b33d703a1a66b1155ac1bda018\",\"name\":\"Pierre Gorce\",\"image\":{\"@type\":\"ImageObject\",\"inLanguage\":\"fr-FR\",\"@id\":\"https:\/\/dicodusport.fr\/blog\/#\/schema\/person\/image\/\",\"url\":\"https:\/\/dicodusport.fr\/blog\/wp-content\/uploads\/2022\/03\/IMG_20211214_233053_722-150x150.jpg\",\"contentUrl\":\"https:\/\/dicodusport.fr\/blog\/wp-content\/uploads\/2022\/03\/IMG_20211214_233053_722-150x150.jpg\",\"caption\":\"Pierre Gorce\"},\"description\":\"Couteau suisse venant tout droit de Haute-Savoie. Habitu\u00e9 \u00e0 regarder du sport depuis petit, j'en ai maintenant fait mon m\u00e9tier. Des sports d'hiver au surf, en passant par le tennis, la F1, le handball et l'athl\u00e9tisme, j'essaie d'avoir mes yeux sur l'enti\u00e8ret\u00e9 de l'actualit\u00e9. Jeune homme berc\u00e9 par les exploits de Jean-Baptiste Grange, Sebastian Vettel et des Experts. Membre de la g\u00e9n\u00e9ration 1999 comme Luka Doncic, Sydney McLaughlin, Lando Norris et Loana Lecomte, mais avec beaucoup moins de talent qu'eux.\",\"sameAs\":[\"https:\/\/x.com\/https:\/\/twitter.com\/pierregorce12\"],\"birthDate\":\"1999-08-29\",\"url\":\"https:\/\/dicodusport.fr\/blog\/author\/pierreg\/\"}]}<\/script>\n<!-- \/ Yoast SEO Premium plugin. -->","yoast_head_json":{"title":"Ligue des Champions : Le Real Madrid s'offre un 15e troph\u00e9e en disposant du Borussia Dortmund","description":"LIGUE DES CHAMPIONS - Le Real Madrid ach\u00e8ve le Borussia Dortmund au terme d'une finale rythm\u00e9e (0-2).","robots":{"index":"index","follow":"follow","max-snippet":"max-snippet:-1","max-image-preview":"max-image-preview:large","max-video-preview":"max-video-preview:-1"},"canonical":"https:\/\/dicodusport.fr\/blog\/ligue-des-champions-le-real-madrid-soffre-un-15e-trophee-en-disposant-du-borussia-dortmund\/","og_locale":"fr_FR","og_type":"article","og_title":"Ligue des Champions : Le Real Madrid s'offre un 15e troph\u00e9e en disposant du Borussia Dortmund","og_description":"LIGUE DES CHAMPIONS - Le Real Madrid ach\u00e8ve le Borussia Dortmund au terme d'une finale rythm\u00e9e (0-2).","og_url":"https:\/\/dicodusport.fr\/blog\/ligue-des-champions-le-real-madrid-soffre-un-15e-trophee-en-disposant-du-borussia-dortmund\/","og_site_name":"Dicodusport","article_publisher":"https:\/\/www.facebook.com\/dicodusport","article_published_time":"2024-06-01T20:59:30+00:00","article_modified_time":"2025-09-16T06:52:43+00:00","og_image":[{"width":1200,"height":674,"url":"https:\/\/dicodusport.fr\/blog\/wp-content\/uploads\/2024\/06\/Ligue-des-Champions-Le-Real-Madrid-soffre-un-15e-trophee-en-disposant-du-Borussia-Dortmund-1.png","type":"image\/png"}],"author":"Pierre Gorce","twitter_card":"summary_large_image","twitter_title":"Ligue des Champions : Le Real Madrid s'offre un 15e troph\u00e9e en disposant du Borussia Dortmund","twitter_creator":"@https:\/\/twitter.com\/pierregorce12","twitter_site":"@dicodusport","schema":{"@context":"https:\/\/schema.org","@graph":[{"@type":"NewsArticle","@id":"https:\/\/dicodusport.fr\/blog\/ligue-des-champions-le-real-madrid-soffre-un-15e-trophee-en-disposant-du-borussia-dortmund\/#article","isPartOf":{"@id":"https:\/\/dicodusport.fr\/blog\/ligue-des-champions-le-real-madrid-soffre-un-15e-trophee-en-disposant-du-borussia-dortmund\/"},"author":{"name":"Pierre Gorce","@id":"https:\/\/dicodusport.fr\/blog\/#\/schema\/person\/0eaf70b33d703a1a66b1155ac1bda018"},"headline":"Ligue des Champions : Le Real Madrid s&rsquo;offre un 15e troph\u00e9e en disposant du Borussia Dortmund","datePublished":"2024-06-01T20:59:30+00:00","dateModified":"2025-09-16T06:52:43+00:00","mainEntityOfPage":{"@id":"https:\/\/dicodusport.fr\/blog\/ligue-des-champions-le-real-madrid-soffre-un-15e-trophee-en-disposant-du-borussia-dortmund\/"},"wordCount":813,"commentCount":0,"publisher":{"@id":"https:\/\/dicodusport.fr\/blog\/#organization"},"image":{"@id":"https:\/\/dicodusport.fr\/blog\/ligue-des-champions-le-real-madrid-soffre-un-15e-trophee-en-disposant-du-borussia-dortmund\/#primaryimage"},"thumbnailUrl":"https:\/\/dicodusport.fr\/blog\/wp-content\/uploads\/2024\/06\/Ligue-des-Champions-Le-Real-Madrid-soffre-un-15e-trophee-en-disposant-du-Borussia-Dortmund-1.png","keywords":["Borussia Dortmund","br\u00e8ve","Football","Ligue des champions","Real Madrid","sport","Vinicius Junior"],"articleSection":["Ligue des Champions de football"],"inLanguage":"fr-FR","potentialAction":[{"@type":"CommentAction","name":"Comment","target":["https:\/\/dicodusport.fr\/blog\/ligue-des-champions-le-real-madrid-soffre-un-15e-trophee-en-disposant-du-borussia-dortmund\/#respond"]}],"copyrightYear":"2024","copyrightHolder":{"@id":"https:\/\/dicodusport.fr\/blog\/#organization"}},{"@type":"WebPage","@id":"https:\/\/dicodusport.fr\/blog\/ligue-des-champions-le-real-madrid-soffre-un-15e-trophee-en-disposant-du-borussia-dortmund\/","url":"https:\/\/dicodusport.fr\/blog\/ligue-des-champions-le-real-madrid-soffre-un-15e-trophee-en-disposant-du-borussia-dortmund\/","name":"Ligue des Champions : Le Real Madrid s'offre un 15e troph\u00e9e en disposant du Borussia Dortmund","isPartOf":{"@id":"https:\/\/dicodusport.fr\/blog\/#website"},"primaryImageOfPage":{"@id":"https:\/\/dicodusport.fr\/blog\/ligue-des-champions-le-real-madrid-soffre-un-15e-trophee-en-disposant-du-borussia-dortmund\/#primaryimage"},"image":{"@id":"https:\/\/dicodusport.fr\/blog\/ligue-des-champions-le-real-madrid-soffre-un-15e-trophee-en-disposant-du-borussia-dortmund\/#primaryimage"},"thumbnailUrl":"https:\/\/dicodusport.fr\/blog\/wp-content\/uploads\/2024\/06\/Ligue-des-Champions-Le-Real-Madrid-soffre-un-15e-trophee-en-disposant-du-Borussia-Dortmund-1.png","datePublished":"2024-06-01T20:59:30+00:00","dateModified":"2025-09-16T06:52:43+00:00","description":"LIGUE DES CHAMPIONS - Le Real Madrid ach\u00e8ve le Borussia Dortmund au terme d'une finale rythm\u00e9e (0-2).","breadcrumb":{"@id":"https:\/\/dicodusport.fr\/blog\/ligue-des-champions-le-real-madrid-soffre-un-15e-trophee-en-disposant-du-borussia-dortmund\/#breadcrumb"},"inLanguage":"fr-FR","potentialAction":[{"@type":"ReadAction","target":["https:\/\/dicodusport.fr\/blog\/ligue-des-champions-le-real-madrid-soffre-un-15e-trophee-en-disposant-du-borussia-dortmund\/"]}]},{"@type":"ImageObject","inLanguage":"fr-FR","@id":"https:\/\/dicodusport.fr\/blog\/ligue-des-champions-le-real-madrid-soffre-un-15e-trophee-en-disposant-du-borussia-dortmund\/#primaryimage","url":"https:\/\/dicodusport.fr\/blog\/wp-content\/uploads\/2024\/06\/Ligue-des-Champions-Le-Real-Madrid-soffre-un-15e-trophee-en-disposant-du-Borussia-Dortmund-1.png","contentUrl":"https:\/\/dicodusport.fr\/blog\/wp-content\/uploads\/2024\/06\/Ligue-des-Champions-Le-Real-Madrid-soffre-un-15e-trophee-en-disposant-du-Borussia-Dortmund-1.png","width":1200,"height":674,"caption":"Ligue des Champions Le Real Madrid s'offre un 15e troph\u00e9e en disposant du Borussia Dortmund"},{"@type":"BreadcrumbList","@id":"https:\/\/dicodusport.fr\/blog\/ligue-des-champions-le-real-madrid-soffre-un-15e-trophee-en-disposant-du-borussia-dortmund\/#breadcrumb","itemListElement":[{"@type":"ListItem","position":1,"name":"Accueil","item":"https:\/\/dicodusport.fr\/blog\/"},{"@type":"ListItem","position":2,"name":"Ligue des Champions : Le Real Madrid s&rsquo;offre un 15e troph\u00e9e en disposant du Borussia Dortmund"}]},{"@type":"WebSite","@id":"https:\/\/dicodusport.fr\/blog\/#website","url":"https:\/\/dicodusport.fr\/blog\/","name":"Dicodusport","description":"L&#039;encyclop\u00e9die de l&#039;actualit\u00e9 sportive","publisher":{"@id":"https:\/\/dicodusport.fr\/blog\/#organization"},"potentialAction":[{"@type":"SearchAction","target":{"@type":"EntryPoint","urlTemplate":"https:\/\/dicodusport.fr\/blog\/?s={search_term_string}"},"query-input":{"@type":"PropertyValueSpecification","valueRequired":true,"valueName":"search_term_string"}}],"inLanguage":"fr-FR"},{"@type":"NewsMediaOrganization","@id":"https:\/\/dicodusport.fr\/blog\/#organization","name":"Dicodusport","url":"https:\/\/dicodusport.fr\/blog\/","logo":{"@type":"ImageObject","inLanguage":"fr-FR","@id":"https:\/\/dicodusport.fr\/blog\/#\/schema\/logo\/image\/","url":"https:\/\/dicodusport.fr\/blog\/wp-content\/uploads\/2020\/06\/cropped-LOGO-DICODUSPORT-2020-SANS-FOND-SANS-TEXTE.png","contentUrl":"https:\/\/dicodusport.fr\/blog\/wp-content\/uploads\/2020\/06\/cropped-LOGO-DICODUSPORT-2020-SANS-FOND-SANS-TEXTE.png","width":512,"height":512,"caption":"Dicodusport"},"image":{"@id":"https:\/\/dicodusport.fr\/blog\/#\/schema\/logo\/image\/"},"sameAs":["https:\/\/www.facebook.com\/dicodusport","https:\/\/x.com\/dicodusport","https:\/\/www.instagram.com\/dicodusport\/","https:\/\/www.youtube.com\/channel\/UC7V2KZ5sd3htJivAbA4ZG3w"],"description":"Dicodusport est l'encyclop\u00e9die de l'actualit\u00e9 sportive.","email":"bonjour@dicodusport.fr","legalName":"DICODUSPORT","foundingDate":"2018-01-14","vatID":"FR71834470973","taxID":"83447097300043","numberOfEmployees":{"@type":"QuantitativeValue","minValue":"1","maxValue":"10"}},{"@type":"Person","@id":"https:\/\/dicodusport.fr\/blog\/#\/schema\/person\/0eaf70b33d703a1a66b1155ac1bda018","name":"Pierre Gorce","image":{"@type":"ImageObject","inLanguage":"fr-FR","@id":"https:\/\/dicodusport.fr\/blog\/#\/schema\/person\/image\/","url":"https:\/\/dicodusport.fr\/blog\/wp-content\/uploads\/2022\/03\/IMG_20211214_233053_722-150x150.jpg","contentUrl":"https:\/\/dicodusport.fr\/blog\/wp-content\/uploads\/2022\/03\/IMG_20211214_233053_722-150x150.jpg","caption":"Pierre Gorce"},"description":"Couteau suisse venant tout droit de Haute-Savoie. Habitu\u00e9 \u00e0 regarder du sport depuis petit, j'en ai maintenant fait mon m\u00e9tier. Des sports d'hiver au surf, en passant par le tennis, la F1, le handball et l'athl\u00e9tisme, j'essaie d'avoir mes yeux sur l'enti\u00e8ret\u00e9 de l'actualit\u00e9. Jeune homme berc\u00e9 par les exploits de Jean-Baptiste Grange, Sebastian Vettel et des Experts. Membre de la g\u00e9n\u00e9ration 1999 comme Luka Doncic, Sydney McLaughlin, Lando Norris et Loana Lecomte, mais avec beaucoup moins de talent qu'eux.","sameAs":["https:\/\/x.com\/https:\/\/twitter.com\/pierregorce12"],"birthDate":"1999-08-29","url":"https:\/\/dicodusport.fr\/blog\/author\/pierreg\/"}]}},"_links":{"self":[{"href":"https:\/\/dicodusport.fr\/blog\/wp-json\/wp\/v2\/posts\/489636","targetHints":{"allow":["GET"]}}],"collection":[{"href":"https:\/\/dicodusport.fr\/blog\/wp-json\/wp\/v2\/posts"}],"about":[{"href":"https:\/\/dicodusport.fr\/blog\/wp-json\/wp\/v2\/types\/post"}],"author":[{"embeddable":true,"href":"https:\/\/dicodusport.fr\/blog\/wp-json\/wp\/v2\/users\/61"}],"replies":[{"embeddable":true,"href":"https:\/\/dicodusport.fr\/blog\/wp-json\/wp\/v2\/comments?post=489636"}],"version-history":[{"count":5,"href":"https:\/\/dicodusport.fr\/blog\/wp-json\/wp\/v2\/posts\/489636\/revisions"}],"predecessor-version":[{"id":489706,"href":"https:\/\/dicodusport.fr\/blog\/wp-json\/wp\/v2\/posts\/489636\/revisions\/489706"}],"wp:featuredmedia":[{"embeddable":true,"href":"https:\/\/dicodusport.fr\/blog\/wp-json\/wp\/v2\/media\/489677"}],"wp:attachment":[{"href":"https:\/\/dicodusport.fr\/blog\/wp-json\/wp\/v2\/media?parent=489636"}],"wp:term":[{"taxonomy":"category","embeddable":true,"href":"https:\/\/dicodusport.fr\/blog\/wp-json\/wp\/v2\/categories?post=489636"},{"taxonomy":"post_tag","embeddable":true,"href":"https:\/\/dicodusport.fr\/blog\/wp-json\/wp\/v2\/tags?post=489636"}],"curies":[{"name":"wp","href":"https:\/\/api.w.org\/{rel}","templated":true}]}}