{"id":489794,"date":"2024-06-05T09:00:05","date_gmt":"2024-06-05T07:00:05","guid":{"rendered":"https:\/\/dicodusport.fr\/blog\/?p=489794&#038;preview=true&#038;preview_id=489794"},"modified":"2024-06-04T21:42:19","modified_gmt":"2024-06-04T19:42:19","slug":"athletisme-rome-2024-ces-francais-qui-vont-decouvrir-leur-premier-grand-championnat","status":"publish","type":"post","link":"https:\/\/dicodusport.fr\/blog\/athletisme-rome-2024-ces-francais-qui-vont-decouvrir-leur-premier-grand-championnat\/","title":{"rendered":"Athl\u00e9tisme Rome 2024 : Ces Fran\u00e7ais qui vont d\u00e9couvrir leur premier grand championnat"},"content":{"rendered":"<p style=\"text-align: justify;\"><strong><em>ATHL\u00c9TISME &#8211; Focus sur les Fran\u00e7ais qui vont d\u00e9couvrir leur premier grand championnat \u00e0 l&rsquo;occasion des Europe de Rome, du 7 au 12 juin.<\/em><\/strong><\/p>\n<ul>\n<li style=\"text-align: justify;\"><strong>\u00c0 ce sujet &#8211; <a href=\"https:\/\/dicodusport.fr\/blog\/championnats-deurope-dathletisme-2024-la-selection-francaise\/\">Championnats d\u2019Europe d\u2019athl\u00e9tisme 2024 : La s\u00e9lection fran\u00e7aise<\/a><\/strong><\/li>\n<\/ul>\n<p style=\"text-align: justify;\">Les <strong>championnats d&rsquo;Europe sur piste<\/strong> sont souvent un tremplin pour des athl\u00e8tes, afin de d\u00e9couvrir un premier grand championnat en s\u00e9nior. Le niveau, dans la plupart des disciplines, y reste moindre que dans les championnats du monde ou les Jeux Olympiques. Mais l&rsquo;exposition m\u00e9diatique et t\u00e9l\u00e9visuelle est d\u00e9j\u00e0 importante pour tous les athl\u00e8tes. Et la pression peut s&rsquo;apparenter aux plus grands championnats. C&rsquo;est un premier beau test. Et les championnats d&rsquo;Europe de Rome ne vont pas d\u00e9roger \u00e0 la r\u00e8gle. Car ce sont 21 athl\u00e8tes fran\u00e7ais qui vont d\u00e9couvrir en Italie leur premier grand championnat*.<\/p>\n<blockquote class=\"twitter-tweet\">\n<p dir=\"ltr\" lang=\"fr\">\ud83c\uddeb\ud83c\uddf7 Retrouvez la s\u00e9lection fran\u00e7aise pour les \ud835\uddd6\ud835\uddf5\ud835\uddee\ud835\uddfa\ud835\uddfd\ud835\uddf6\ud835\uddfc\ud835\uddfb\ud835\uddfb\ud835\uddee\ud835\ude01\ud835\ude00 \ud835\uddf1&rsquo;\ud835\uddd8\ud835\ude02\ud835\uddff\ud835\uddfc\ud835\uddfd\ud835\uddf2, qui auront lieu \u00e0 Rome (Italie) du 7 au 12 juin.<\/p>\n<p>\ud83d\udc49 <a href=\"https:\/\/t.co\/m9Oc5KuCIz\">https:\/\/t.co\/m9Oc5KuCIz<\/a><a href=\"https:\/\/twitter.com\/hashtag\/Roma2024?src=hash&amp;ref_src=twsrc%5Etfw\">#Roma2024<\/a> <a href=\"https:\/\/t.co\/EKbBPEMpGk\">pic.twitter.com\/EKbBPEMpGk<\/a><\/p>\n<p>\u2014 FFAthl\u00e9tisme (@FFAthletisme) <a href=\"https:\/\/twitter.com\/FFAthletisme\/status\/1796488326167572884?ref_src=twsrc%5Etfw\">May 31, 2024<\/a><\/p><\/blockquote>\n<p><script async src=\"https:\/\/platform.twitter.com\/widgets.js\" charset=\"utf-8\"><\/script><\/p>\n<h2>Premi\u00e8re \u00e0 35 ans et plus pour Daru et Ledhem<\/h2>\n<p style=\"text-align: justify;\">On voit qu&rsquo;il n&rsquo;y a pas d&rsquo;\u00e2ge pour d\u00e9couvrir les joies d&rsquo;un grand championnat. <strong>Fadouwa Ledhem<\/strong>, sur semi-marathon, est \u00e2g\u00e9e de 36 ans et <strong>Nicolas-Marie Daru<\/strong>, sur 3000 m steeple, est \u00e2g\u00e9 de 35 ans. Pour les deux, c&rsquo;est la r\u00e9sultante d&rsquo;une progression importante en 2023. La premi\u00e8re cit\u00e9e, a atomis\u00e9 son record personnel sur marathon, en d\u00e9cembre dernier. Passant de 2h38:53 \u00e0 2h25:47. Une progression \u00e9galement sur semi, avec un record port\u00e9 \u00e0 1h09:59, le 3 mars dernier. Cette ancienne sp\u00e9cialiste du 1500 m (4:19.65 en 2016) n&rsquo;a jamais renonc\u00e9 et a r\u00e9ussi parfaitement sa reconversion sur le plus long. Elle est loin d&rsquo;\u00eatre la favorite. Mais, qualifi\u00e9e aux JO, ce sera une premi\u00e8re exp\u00e9rience qu&rsquo;il faudra dig\u00e9rer rapidement.<\/p>\n<p style=\"text-align: justify;\">De son c\u00f4t\u00e9, <strong>Nicolas-Marie Daru <\/strong>n&rsquo;est pas encore qualifi\u00e9 aux JO et devra r\u00e9aliser quoi qu&rsquo;il arrive <a href=\"https:\/\/dicodusport.fr\/blog\/athletisme-les-minima-pour-les-jeux-olympiques-de-paris-2024\/\">les minima<\/a>, car <strong>Alexis Miellet, Louis Gilavert<\/strong> (non pr\u00e9sent \u00e0 Rome) et <strong>Djilali Bedrani<\/strong> ont d\u00e9j\u00e0 r\u00e9alis\u00e9 les \u00ab\u00a0NPR\u00a0\u00bb pour Paris 2024. Pourquoi pas \u00e0 Rome, en cas de course rapide. Il est pass\u00e9 de 8:31.97 \u00e0 8:18.45 au fil des courses en 2023 et a encore battu son record en 2024, avec un temps de 8:16.36. Il n&rsquo;\u00e9tait pas forc\u00e9ment un jeune prometteur (4:10.88 sur 1500 m \u00e0 l&rsquo;\u00e2ge de 18 ans), avant de se remettre petit \u00e0 petit sur de la course \u00e0 pied en 2018. Avec le bonheur qu&rsquo;on sait d\u00e9sormais.<\/p>\n<ul>\n<li style=\"text-align: justify;\"><strong>\u00c0 ce sujet &#8211; <a href=\"https:\/\/dicodusport.fr\/blog\/actualites\/athletisme\/\">L&rsquo;actualit\u00e9 de l&rsquo;athl\u00e9tisme<\/a><\/strong><\/li>\n<\/ul>\n<h2 style=\"text-align: justify;\">Alexe Deau, la benjamine<\/h2>\n<p style=\"text-align: justify;\">Sensation des championnats d&rsquo;Europe juniors l&rsquo;\u00e9t\u00e9 dernier, avec une m\u00e9daille d&rsquo;argent sur le 400 m et un titre de championne d&rsquo;Europe avec le relais 4&#215;400 m, <strong>Alexe D\u00e9au<\/strong> a bien grandi depuis un an. \u00c0 seulement 19 ans, elle est la benjamine des s\u00e9lectionn\u00e9es pour les championnats d&rsquo;Europe. Et elle est d\u00e9j\u00e0 en grande forme. Elle a couru en 52.54, \u00e0 seulement un centi\u00e8me de son record personnel \u00e9tabli justement \u00e0 J\u00e9rusalem. D\u00e9j\u00e0 son deuxi\u00e8me chrono sous les 53 secondes cette saison sur le tour de piste. En toute logique, elle devrait \u00eatre rempla\u00e7ante dans ce relais 4&#215;400 m, car des femmes ont couru plus vite qu&rsquo;elle dans le relais. Mais elle va pouvoir apprendre aupr\u00e8s d&rsquo;athl\u00e8tes plus exp\u00e9riment\u00e9es et aux c\u00f4t\u00e9s du gratin europ\u00e9en. Une place dans le relais des JO est \u00e0 pourvoir pour elle. C&rsquo;est d\u00e9j\u00e0 un bon signe d&rsquo;\u00eatre aux championnats d&rsquo;Europe.<\/p>\n<p style=\"text-align: justify;\"><em>*En grand championnat, on parle des championnats d&rsquo;Europe et du monde en salle, des championnats d&rsquo;Europe, la Coupe d&rsquo;Europe par \u00e9quipes, la Coupe d&rsquo;Europe des lancers et les championnats du monde sur piste, les relais mondiaux et des Jeux Olympiques. Les courses sur route, cross, trail et autres ne sont pas pris en compte dans cette nomenclature. Ni les Jeux M\u00e9diterran\u00e9ens.<\/em><\/p>\n<ul>\n<li style=\"text-align: justify;\"><strong>\u00c0 ce sujet &#8211; <a href=\"https:\/\/dicodusport.fr\/blog\/programme-et-resultats-athletisme-championnats-deurope-2024\/\">Programme et r\u00e9sultats Athl\u00e9tisme Championnats d\u2019Europe 2024<\/a><\/strong><\/li>\n<\/ul>\n<h2 style=\"text-align: justify;\">Que peuvent-ils esp\u00e9rer ?<\/h2>\n<p style=\"text-align: justify;\">Si l&rsquo;objectif est d&rsquo;engranger de l&rsquo;exp\u00e9rience, certains peuvent jouer une vraie carte dans ces championnats d&rsquo;Europe. Parmi eux&#8230; <strong>Nicolas-Marie Daru.<\/strong> Dans le top 5 aux bilans europ\u00e9ens. Mais avec deux Fran\u00e7ais devant lui (<strong>Djilali Bedrani<\/strong> et <strong>Alexis Miellet<\/strong>). Ce n&rsquo;est pas celui qui a forc\u00e9ment la meilleure pointe de vitesse, en cas d&#8217;emballage. Mais il a la fra\u00eecheur de la d\u00e9couverte avec lui. Et surtout, il ne connait pas encore ses limites. Recordman de France du javelot,<strong> Teuraiterai Tupaia<\/strong> a franchi un cap et se place dans une nouvelle dimension europ\u00e9enne et mondiale, avec son 86.11 m. 5e europ\u00e9en, on sait que s&rsquo;il est capable de reproduire le bon jet le bon jour, il pourrait cr\u00e9er l&rsquo;\u00e9v\u00e8nement et se rapprocher d&rsquo;un podium qui serait historique pour le javelot fran\u00e7ais.<\/p>\n<div class=\"vlp-link-container vlp-layout-article\"><a href=\"https:\/\/dicodusport.fr\/blog\/teuraiterai-tupaia-jai-senti-que-je-revivais\/\" class=\"vlp-link\" title=\"Teura\u2019itera\u2019i Tupaia : &quot;J&#039;ai senti que je revivais&quot;\"><\/a><div class=\"vlp-layout-zone-side\"><div class=\"vlp-block-4 vlp-link-image\"><img loading=\"lazy\" decoding=\"async\" style=\"max-width: 792px;\" width=\"792\" height=\"445\" src=\"https:\/\/dicodusport.fr\/blog\/wp-content\/uploads\/2024\/05\/Teuraiterai-Tupaia-Jai-senti-que-je-revivais.png\" class=\"attachment-800x445 size-800x445\" alt=\"Teura\u2019itera\u2019i Tupaia : &quot;J&#039;ai senti que je revivais&quot;\" srcset=\"https:\/\/dicodusport.fr\/blog\/wp-content\/uploads\/2024\/05\/Teuraiterai-Tupaia-Jai-senti-que-je-revivais.png 1200w, https:\/\/dicodusport.fr\/blog\/wp-content\/uploads\/2024\/05\/Teuraiterai-Tupaia-Jai-senti-que-je-revivais-300x169.png 300w, https:\/\/dicodusport.fr\/blog\/wp-content\/uploads\/2024\/05\/Teuraiterai-Tupaia-Jai-senti-que-je-revivais-1024x575.png 1024w, https:\/\/dicodusport.fr\/blog\/wp-content\/uploads\/2024\/05\/Teuraiterai-Tupaia-Jai-senti-que-je-revivais-768x431.png 768w\" sizes=\"auto, (max-width: 792px) 100vw, 792px\" \/><\/div><\/div><div class=\"vlp-layout-zone-main\"><div class=\"vlp-block-0 vlp-link-title\">Teura\u2019itera\u2019i Tupaia : \"J'ai senti que je revivais\"<\/div><div class=\"vlp-block-1 vlp-link-summary\">Entretien avec Teura\u2019itera\u2019i Tupaia, qui a cr\u00e9\u00e9 la sensation en s'emparant du record de France du javelot (86.11 m) \u00e0 Fontainebleau<\/div><div class=\"vlp-block-2 vlp-link-button\">Lire l'article<\/div><div class=\"vlp-block-3 vlp-link-url\">dicodusport.fr<\/div><\/div><\/div>\n<p style=\"text-align: justify;\"><strong>Thomas Gogois<\/strong> est \u00e9galement bien plac\u00e9, dans le top 8 europ\u00e9en au triple saut. Dans une discipline o\u00f9 seuls <strong>Pablo-Pedro Pichardo<\/strong> (17.51 m cette saison) et <strong>Jordan Diaz<\/strong> (17.55 m) sont vraiment hors de port\u00e9e de tous les autres outsiders, qui se tiennent en moins de 20 centim\u00e8tres. \u00c9videmment, il faudra sortir du pi\u00e8ge des qualifications. Mais, en cas de qualification, sa dynamique actuelle peut jouer en sa faveur. On n&rsquo;oubliera pas que certains, dans diff\u00e9rentes disciplines, feront aussi leur rentr\u00e9e sur leur distance. <strong>Rapha\u00ebl Mohamed<\/strong> est dans ce cas, lui qui a r\u00e9alis\u00e9 un incroyable 13.27 sur 110 m haies, et qui a franchi un vrai cap : il se pose en vrai candidat \u00e0 une m\u00e9daille, en cas de chrono confirm\u00e9.<\/p>\n<p style=\"text-align: justify;\">Pour les autres, il s&rsquo;agira \u00e0 la fois de r\u00e9aliser la meilleure place possible, pourquoi pas cr\u00e9er une immense surprise, comme une <strong>Myriam Soumar\u00e9<\/strong>, en 2010 \u00e0 Barcelone et son incroyable titre du 200 m. Et pourquoi pas profiter de l&rsquo;\u00e9mulation, pour r\u00e9aliser des minima olympiques. <strong>Thomas Gogois<\/strong> et <strong>Nicolas-Marie Daru<\/strong> \u00e9videmment, mais aussi <strong>Paul Anselmini<\/strong> (800 m) et <strong>Ma\u00ebl Gouyette<\/strong> (1500 m), peuvent y croire.<\/p>\n<blockquote class=\"twitter-tweet\">\n<p dir=\"ltr\" lang=\"fr\">\ud83c\udfc3\u200d\u2642\ufe0f Focus sur les forces fran\u00e7aises \ud83c\uddeb\ud83c\uddf7 en pr\u00e9sence aux Championnats d&rsquo;Europe de Rome qui d\u00e9butent la semaine pro. :<\/p>\n<p>\ud83d\udd39 12 Fran\u00e7ais sont dans le Top 3 aux bilans europ\u00e9ens en 2024.<br \/>\n\ud83d\udd39 30 Fran\u00e7ais sont dans le Top 8.<\/p>\n<p>Dans le d\u00e9tail :<\/p>\n<p>1er au bilan euro en 2024 : Pablo Mat\u00e9o\u2026<\/p>\n<p>\u2014 Victor CLOT-AMIOT (@VictorClotAmiot) <a href=\"https:\/\/twitter.com\/VictorClotAmiot\/status\/1796933889002189017?ref_src=twsrc%5Etfw\">June 1, 2024<\/a><\/p><\/blockquote>\n<p><script async src=\"https:\/\/platform.twitter.com\/widgets.js\" charset=\"utf-8\"><\/script><\/p>\n<h2 style=\"text-align: justify;\">Les Fran\u00e7ais qui vont d\u00e9couvrir leur premier grand championnat<\/h2>\n<p style=\"text-align: justify;\">Ana\u00efs Bourgoin (27 ans, 800 m)<\/p>\n<p style=\"text-align: justify;\">Sarah Madeleine (25 ans, 5000 m)<\/p>\n<p style=\"text-align: justify;\">Fadouwa Ledhem (36 ans, semi-marathon)<\/p>\n<p style=\"text-align: justify;\">M\u00e9line Rollin (25 ans, semi-marathon)<\/p>\n<p style=\"text-align: justify;\">Margaux Sieracki (24 ans, semi-marathon)<\/p>\n<p style=\"text-align: justify;\">Aude Clavier (25 ans, 3000 m steeple)<\/p>\n<p style=\"text-align: justify;\">Alix Dehaynain (26 ans, perche)<\/p>\n<p style=\"text-align: justify;\">Alexe Deau (19 ans, 4&#215;400 m)<\/p>\n<p style=\"text-align: justify;\">Paul Anselmini (20 ans, 800 m)<\/p>\n<p style=\"text-align: justify;\">Ma\u00ebl Gouyette (25 ans, 1500 m)<\/p>\n<p style=\"text-align: justify;\">Romain Legendre (24 ans, 5000 m)<\/p>\n<p style=\"text-align: justify;\">Valentin Gondouin (25 ans, 10000 m)<\/p>\n<p style=\"text-align: justify;\">Lo\u00efc Scomparin (23 ans, 10000 m)<\/p>\n<p style=\"text-align: justify;\">Romain Lecoeur (26 ans, 110 m haies)<\/p>\n<p style=\"text-align: justify;\">Rapha\u00ebl Mohamed (26 ans, 110 m haies)<\/p>\n<p style=\"text-align: justify;\">Nicolas-Marie Daru (35 ans, 3000 m steeple)<\/p>\n<p style=\"text-align: justify;\">Robin Emig (22 ans, perche)<\/p>\n<p style=\"text-align: justify;\">Thomas Gogois (23 ans, triple)<\/p>\n<p style=\"text-align: justify;\">Teuraiterai Tupaia (24 ans, javelot)<\/p>\n<p style=\"text-align: justify;\">T\u00e9o Bastien (21 ans, D\u00e9cathlon)<\/p>\n<p style=\"text-align: justify;\">Benoit Moudio-Priso (21 ans, 4&#215;400 m)<\/p>\n","protected":false},"excerpt":{"rendered":"<p>ATHL\u00c9TISME &#8211; Focus sur les Fran\u00e7ais qui vont d\u00e9couvrir leur premier grand championnat \u00e0 l&rsquo;occasion des Europe de Rome, du 7 au 12 juin.<\/p>\n","protected":false},"author":83,"featured_media":489840,"comment_status":"open","ping_status":"closed","sticky":false,"template":"","format":"standard","meta":{"_acf_changed":false,"_daextam_enable_autolinks":"1","footnotes":""},"categories":[2308],"tags":[143,16878,1636],"class_list":["post-489794","post","type-post","status-publish","format-standard","has-post-thumbnail","hentry","category-athletisme","tag-athletisme","tag-breve","tag-ffa"],"acf":[],"yoast_head":"<!-- This site is optimized with the Yoast SEO Premium plugin v26.7 (Yoast SEO v26.7) - https:\/\/yoast.com\/wordpress\/plugins\/seo\/ -->\n<title>Athl\u00e9tisme Rome 2024 : Ces Fran\u00e7ais qui vont d\u00e9couvrir leur premier grand championnat<\/title>\n<meta name=\"description\" content=\"ATHL\u00c9TISME - Focus sur les Fran\u00e7ais qui vont d\u00e9couvrir leur premier grand championnat \u00e0 l&#039;occasion des Europe de Rome, du 7 au 12 juin.\" \/>\n<meta name=\"robots\" content=\"index, follow, max-snippet:-1, max-image-preview:large, max-video-preview:-1\" \/>\n<link rel=\"canonical\" href=\"https:\/\/dicodusport.fr\/blog\/athletisme-rome-2024-ces-francais-qui-vont-decouvrir-leur-premier-grand-championnat\/\" \/>\n<meta property=\"og:locale\" content=\"fr_FR\" \/>\n<meta property=\"og:type\" content=\"article\" \/>\n<meta property=\"og:title\" content=\"Athl\u00e9tisme Rome 2024 : Ces Fran\u00e7ais qui vont d\u00e9couvrir leur premier grand championnat\" \/>\n<meta property=\"og:description\" content=\"ATHL\u00c9TISME - Focus sur les Fran\u00e7ais qui vont d\u00e9couvrir leur premier grand championnat \u00e0 l&#039;occasion des Europe de Rome, du 7 au 12 juin.\" \/>\n<meta property=\"og:url\" content=\"https:\/\/dicodusport.fr\/blog\/athletisme-rome-2024-ces-francais-qui-vont-decouvrir-leur-premier-grand-championnat\/\" \/>\n<meta property=\"og:site_name\" content=\"Dicodusport\" \/>\n<meta property=\"article:publisher\" content=\"https:\/\/www.facebook.com\/dicodusport\" \/>\n<meta property=\"article:published_time\" content=\"2024-06-05T07:00:05+00:00\" \/>\n<meta property=\"og:image\" content=\"https:\/\/dicodusport.fr\/blog\/wp-content\/uploads\/2024\/06\/Athletisme-Rome-2024-Ces-Francais-qui-vont-decouvrir-leur-premier-grand-championnat.png\" \/>\n\t<meta property=\"og:image:width\" content=\"1200\" \/>\n\t<meta property=\"og:image:height\" content=\"674\" \/>\n\t<meta property=\"og:image:type\" content=\"image\/png\" \/>\n<meta name=\"author\" content=\"Etienne Goursaud\" \/>\n<meta name=\"twitter:card\" content=\"summary_large_image\" \/>\n<meta name=\"twitter:title\" content=\"Athl\u00e9tisme Rome 2024 : Ces Fran\u00e7ais qui vont d\u00e9couvrir leur premier grand championnat\" \/>\n<meta name=\"twitter:creator\" content=\"@dicodusport\" \/>\n<meta name=\"twitter:site\" content=\"@dicodusport\" \/>\n<script type=\"application\/ld+json\" class=\"yoast-schema-graph\">{\"@context\":\"https:\/\/schema.org\",\"@graph\":[{\"@type\":\"NewsArticle\",\"@id\":\"https:\/\/dicodusport.fr\/blog\/athletisme-rome-2024-ces-francais-qui-vont-decouvrir-leur-premier-grand-championnat\/#article\",\"isPartOf\":{\"@id\":\"https:\/\/dicodusport.fr\/blog\/athletisme-rome-2024-ces-francais-qui-vont-decouvrir-leur-premier-grand-championnat\/\"},\"author\":{\"name\":\"Etienne Goursaud\",\"@id\":\"https:\/\/dicodusport.fr\/blog\/#\/schema\/person\/d603dd7da31fb2b46c82b9835a77ec13\"},\"headline\":\"Athl\u00e9tisme Rome 2024 : Ces Fran\u00e7ais qui vont d\u00e9couvrir leur premier grand championnat\",\"datePublished\":\"2024-06-05T07:00:05+00:00\",\"mainEntityOfPage\":{\"@id\":\"https:\/\/dicodusport.fr\/blog\/athletisme-rome-2024-ces-francais-qui-vont-decouvrir-leur-premier-grand-championnat\/\"},\"wordCount\":1281,\"commentCount\":0,\"publisher\":{\"@id\":\"https:\/\/dicodusport.fr\/blog\/#organization\"},\"image\":{\"@id\":\"https:\/\/dicodusport.fr\/blog\/athletisme-rome-2024-ces-francais-qui-vont-decouvrir-leur-premier-grand-championnat\/#primaryimage\"},\"thumbnailUrl\":\"https:\/\/dicodusport.fr\/blog\/wp-content\/uploads\/2024\/06\/Athletisme-Rome-2024-Ces-Francais-qui-vont-decouvrir-leur-premier-grand-championnat.png\",\"keywords\":[\"Athl\u00e9tisme\",\"br\u00e8ve\",\"ffa\"],\"articleSection\":[\"Athl\u00e9tisme\"],\"inLanguage\":\"fr-FR\",\"potentialAction\":[{\"@type\":\"CommentAction\",\"name\":\"Comment\",\"target\":[\"https:\/\/dicodusport.fr\/blog\/athletisme-rome-2024-ces-francais-qui-vont-decouvrir-leur-premier-grand-championnat\/#respond\"]}],\"copyrightYear\":\"2024\",\"copyrightHolder\":{\"@id\":\"https:\/\/dicodusport.fr\/blog\/#organization\"}},{\"@type\":\"WebPage\",\"@id\":\"https:\/\/dicodusport.fr\/blog\/athletisme-rome-2024-ces-francais-qui-vont-decouvrir-leur-premier-grand-championnat\/\",\"url\":\"https:\/\/dicodusport.fr\/blog\/athletisme-rome-2024-ces-francais-qui-vont-decouvrir-leur-premier-grand-championnat\/\",\"name\":\"Athl\u00e9tisme Rome 2024 : Ces Fran\u00e7ais qui vont d\u00e9couvrir leur premier grand championnat\",\"isPartOf\":{\"@id\":\"https:\/\/dicodusport.fr\/blog\/#website\"},\"primaryImageOfPage\":{\"@id\":\"https:\/\/dicodusport.fr\/blog\/athletisme-rome-2024-ces-francais-qui-vont-decouvrir-leur-premier-grand-championnat\/#primaryimage\"},\"image\":{\"@id\":\"https:\/\/dicodusport.fr\/blog\/athletisme-rome-2024-ces-francais-qui-vont-decouvrir-leur-premier-grand-championnat\/#primaryimage\"},\"thumbnailUrl\":\"https:\/\/dicodusport.fr\/blog\/wp-content\/uploads\/2024\/06\/Athletisme-Rome-2024-Ces-Francais-qui-vont-decouvrir-leur-premier-grand-championnat.png\",\"datePublished\":\"2024-06-05T07:00:05+00:00\",\"description\":\"ATHL\u00c9TISME - Focus sur les Fran\u00e7ais qui vont d\u00e9couvrir leur premier grand championnat \u00e0 l'occasion des Europe de Rome, du 7 au 12 juin.\",\"breadcrumb\":{\"@id\":\"https:\/\/dicodusport.fr\/blog\/athletisme-rome-2024-ces-francais-qui-vont-decouvrir-leur-premier-grand-championnat\/#breadcrumb\"},\"inLanguage\":\"fr-FR\",\"potentialAction\":[{\"@type\":\"ReadAction\",\"target\":[\"https:\/\/dicodusport.fr\/blog\/athletisme-rome-2024-ces-francais-qui-vont-decouvrir-leur-premier-grand-championnat\/\"]}]},{\"@type\":\"ImageObject\",\"inLanguage\":\"fr-FR\",\"@id\":\"https:\/\/dicodusport.fr\/blog\/athletisme-rome-2024-ces-francais-qui-vont-decouvrir-leur-premier-grand-championnat\/#primaryimage\",\"url\":\"https:\/\/dicodusport.fr\/blog\/wp-content\/uploads\/2024\/06\/Athletisme-Rome-2024-Ces-Francais-qui-vont-decouvrir-leur-premier-grand-championnat.png\",\"contentUrl\":\"https:\/\/dicodusport.fr\/blog\/wp-content\/uploads\/2024\/06\/Athletisme-Rome-2024-Ces-Francais-qui-vont-decouvrir-leur-premier-grand-championnat.png\",\"width\":1200,\"height\":674,\"caption\":\"Athl\u00e9tisme Rome 2024 : Ces Fran\u00e7ais qui vont d\u00e9couvrir leur premier grand championnat\"},{\"@type\":\"BreadcrumbList\",\"@id\":\"https:\/\/dicodusport.fr\/blog\/athletisme-rome-2024-ces-francais-qui-vont-decouvrir-leur-premier-grand-championnat\/#breadcrumb\",\"itemListElement\":[{\"@type\":\"ListItem\",\"position\":1,\"name\":\"Accueil\",\"item\":\"https:\/\/dicodusport.fr\/blog\/\"},{\"@type\":\"ListItem\",\"position\":2,\"name\":\"Athl\u00e9tisme Rome 2024 : Ces Fran\u00e7ais qui vont d\u00e9couvrir leur premier grand championnat\"}]},{\"@type\":\"WebSite\",\"@id\":\"https:\/\/dicodusport.fr\/blog\/#website\",\"url\":\"https:\/\/dicodusport.fr\/blog\/\",\"name\":\"Dicodusport\",\"description\":\"L&#039;encyclop\u00e9die de l&#039;actualit\u00e9 sportive\",\"publisher\":{\"@id\":\"https:\/\/dicodusport.fr\/blog\/#organization\"},\"potentialAction\":[{\"@type\":\"SearchAction\",\"target\":{\"@type\":\"EntryPoint\",\"urlTemplate\":\"https:\/\/dicodusport.fr\/blog\/?s={search_term_string}\"},\"query-input\":{\"@type\":\"PropertyValueSpecification\",\"valueRequired\":true,\"valueName\":\"search_term_string\"}}],\"inLanguage\":\"fr-FR\"},{\"@type\":\"NewsMediaOrganization\",\"@id\":\"https:\/\/dicodusport.fr\/blog\/#organization\",\"name\":\"Dicodusport\",\"url\":\"https:\/\/dicodusport.fr\/blog\/\",\"logo\":{\"@type\":\"ImageObject\",\"inLanguage\":\"fr-FR\",\"@id\":\"https:\/\/dicodusport.fr\/blog\/#\/schema\/logo\/image\/\",\"url\":\"https:\/\/dicodusport.fr\/blog\/wp-content\/uploads\/2020\/06\/cropped-LOGO-DICODUSPORT-2020-SANS-FOND-SANS-TEXTE.png\",\"contentUrl\":\"https:\/\/dicodusport.fr\/blog\/wp-content\/uploads\/2020\/06\/cropped-LOGO-DICODUSPORT-2020-SANS-FOND-SANS-TEXTE.png\",\"width\":512,\"height\":512,\"caption\":\"Dicodusport\"},\"image\":{\"@id\":\"https:\/\/dicodusport.fr\/blog\/#\/schema\/logo\/image\/\"},\"sameAs\":[\"https:\/\/www.facebook.com\/dicodusport\",\"https:\/\/x.com\/dicodusport\",\"https:\/\/www.instagram.com\/dicodusport\/\",\"https:\/\/www.youtube.com\/channel\/UC7V2KZ5sd3htJivAbA4ZG3w\"],\"description\":\"Dicodusport est l'encyclop\u00e9die de l'actualit\u00e9 sportive.\",\"email\":\"bonjour@dicodusport.fr\",\"legalName\":\"DICODUSPORT\",\"foundingDate\":\"2018-01-14\",\"vatID\":\"FR71834470973\",\"taxID\":\"83447097300043\",\"numberOfEmployees\":{\"@type\":\"QuantitativeValue\",\"minValue\":\"1\",\"maxValue\":\"10\"}},{\"@type\":\"Person\",\"@id\":\"https:\/\/dicodusport.fr\/blog\/#\/schema\/person\/d603dd7da31fb2b46c82b9835a77ec13\",\"name\":\"Etienne Goursaud\",\"image\":{\"@type\":\"ImageObject\",\"inLanguage\":\"fr-FR\",\"@id\":\"https:\/\/dicodusport.fr\/blog\/#\/schema\/person\/image\/\",\"url\":\"https:\/\/dicodusport.fr\/blog\/wp-content\/uploads\/2023\/12\/410122264_10231602061736049_5565839791558026645_n-150x150.jpg\",\"contentUrl\":\"https:\/\/dicodusport.fr\/blog\/wp-content\/uploads\/2023\/12\/410122264_10231602061736049_5565839791558026645_n-150x150.jpg\",\"caption\":\"Etienne Goursaud\"},\"description\":\"Journaliste et amoureux de sport. Ancien footballeur reconverti athl\u00e8te quand ses muscles le laissent tranquille. \u00c9lev\u00e9 \u00e0 la sauce des exploits de Thomas Voeckler en 2004, du dernier essai de l\u00e9gende de Eunice Barber \u00e0 la longueur lors des championnats du monde d'athl\u00e9tisme de 2003 mais aussi Zidane, Omeyer et Titou Lamaison.\",\"url\":\"https:\/\/dicodusport.fr\/blog\/author\/etienne-goursaud\/\"}]}<\/script>\n<!-- \/ Yoast SEO Premium plugin. -->","yoast_head_json":{"title":"Athl\u00e9tisme Rome 2024 : Ces Fran\u00e7ais qui vont d\u00e9couvrir leur premier grand championnat","description":"ATHL\u00c9TISME - Focus sur les Fran\u00e7ais qui vont d\u00e9couvrir leur premier grand championnat \u00e0 l'occasion des Europe de Rome, du 7 au 12 juin.","robots":{"index":"index","follow":"follow","max-snippet":"max-snippet:-1","max-image-preview":"max-image-preview:large","max-video-preview":"max-video-preview:-1"},"canonical":"https:\/\/dicodusport.fr\/blog\/athletisme-rome-2024-ces-francais-qui-vont-decouvrir-leur-premier-grand-championnat\/","og_locale":"fr_FR","og_type":"article","og_title":"Athl\u00e9tisme Rome 2024 : Ces Fran\u00e7ais qui vont d\u00e9couvrir leur premier grand championnat","og_description":"ATHL\u00c9TISME - Focus sur les Fran\u00e7ais qui vont d\u00e9couvrir leur premier grand championnat \u00e0 l'occasion des Europe de Rome, du 7 au 12 juin.","og_url":"https:\/\/dicodusport.fr\/blog\/athletisme-rome-2024-ces-francais-qui-vont-decouvrir-leur-premier-grand-championnat\/","og_site_name":"Dicodusport","article_publisher":"https:\/\/www.facebook.com\/dicodusport","article_published_time":"2024-06-05T07:00:05+00:00","og_image":[{"width":1200,"height":674,"url":"https:\/\/dicodusport.fr\/blog\/wp-content\/uploads\/2024\/06\/Athletisme-Rome-2024-Ces-Francais-qui-vont-decouvrir-leur-premier-grand-championnat.png","type":"image\/png"}],"author":"Etienne Goursaud","twitter_card":"summary_large_image","twitter_title":"Athl\u00e9tisme Rome 2024 : Ces Fran\u00e7ais qui vont d\u00e9couvrir leur premier grand championnat","twitter_creator":"@dicodusport","twitter_site":"@dicodusport","schema":{"@context":"https:\/\/schema.org","@graph":[{"@type":"NewsArticle","@id":"https:\/\/dicodusport.fr\/blog\/athletisme-rome-2024-ces-francais-qui-vont-decouvrir-leur-premier-grand-championnat\/#article","isPartOf":{"@id":"https:\/\/dicodusport.fr\/blog\/athletisme-rome-2024-ces-francais-qui-vont-decouvrir-leur-premier-grand-championnat\/"},"author":{"name":"Etienne Goursaud","@id":"https:\/\/dicodusport.fr\/blog\/#\/schema\/person\/d603dd7da31fb2b46c82b9835a77ec13"},"headline":"Athl\u00e9tisme Rome 2024 : Ces Fran\u00e7ais qui vont d\u00e9couvrir leur premier grand championnat","datePublished":"2024-06-05T07:00:05+00:00","mainEntityOfPage":{"@id":"https:\/\/dicodusport.fr\/blog\/athletisme-rome-2024-ces-francais-qui-vont-decouvrir-leur-premier-grand-championnat\/"},"wordCount":1281,"commentCount":0,"publisher":{"@id":"https:\/\/dicodusport.fr\/blog\/#organization"},"image":{"@id":"https:\/\/dicodusport.fr\/blog\/athletisme-rome-2024-ces-francais-qui-vont-decouvrir-leur-premier-grand-championnat\/#primaryimage"},"thumbnailUrl":"https:\/\/dicodusport.fr\/blog\/wp-content\/uploads\/2024\/06\/Athletisme-Rome-2024-Ces-Francais-qui-vont-decouvrir-leur-premier-grand-championnat.png","keywords":["Athl\u00e9tisme","br\u00e8ve","ffa"],"articleSection":["Athl\u00e9tisme"],"inLanguage":"fr-FR","potentialAction":[{"@type":"CommentAction","name":"Comment","target":["https:\/\/dicodusport.fr\/blog\/athletisme-rome-2024-ces-francais-qui-vont-decouvrir-leur-premier-grand-championnat\/#respond"]}],"copyrightYear":"2024","copyrightHolder":{"@id":"https:\/\/dicodusport.fr\/blog\/#organization"}},{"@type":"WebPage","@id":"https:\/\/dicodusport.fr\/blog\/athletisme-rome-2024-ces-francais-qui-vont-decouvrir-leur-premier-grand-championnat\/","url":"https:\/\/dicodusport.fr\/blog\/athletisme-rome-2024-ces-francais-qui-vont-decouvrir-leur-premier-grand-championnat\/","name":"Athl\u00e9tisme Rome 2024 : Ces Fran\u00e7ais qui vont d\u00e9couvrir leur premier grand championnat","isPartOf":{"@id":"https:\/\/dicodusport.fr\/blog\/#website"},"primaryImageOfPage":{"@id":"https:\/\/dicodusport.fr\/blog\/athletisme-rome-2024-ces-francais-qui-vont-decouvrir-leur-premier-grand-championnat\/#primaryimage"},"image":{"@id":"https:\/\/dicodusport.fr\/blog\/athletisme-rome-2024-ces-francais-qui-vont-decouvrir-leur-premier-grand-championnat\/#primaryimage"},"thumbnailUrl":"https:\/\/dicodusport.fr\/blog\/wp-content\/uploads\/2024\/06\/Athletisme-Rome-2024-Ces-Francais-qui-vont-decouvrir-leur-premier-grand-championnat.png","datePublished":"2024-06-05T07:00:05+00:00","description":"ATHL\u00c9TISME - Focus sur les Fran\u00e7ais qui vont d\u00e9couvrir leur premier grand championnat \u00e0 l'occasion des Europe de Rome, du 7 au 12 juin.","breadcrumb":{"@id":"https:\/\/dicodusport.fr\/blog\/athletisme-rome-2024-ces-francais-qui-vont-decouvrir-leur-premier-grand-championnat\/#breadcrumb"},"inLanguage":"fr-FR","potentialAction":[{"@type":"ReadAction","target":["https:\/\/dicodusport.fr\/blog\/athletisme-rome-2024-ces-francais-qui-vont-decouvrir-leur-premier-grand-championnat\/"]}]},{"@type":"ImageObject","inLanguage":"fr-FR","@id":"https:\/\/dicodusport.fr\/blog\/athletisme-rome-2024-ces-francais-qui-vont-decouvrir-leur-premier-grand-championnat\/#primaryimage","url":"https:\/\/dicodusport.fr\/blog\/wp-content\/uploads\/2024\/06\/Athletisme-Rome-2024-Ces-Francais-qui-vont-decouvrir-leur-premier-grand-championnat.png","contentUrl":"https:\/\/dicodusport.fr\/blog\/wp-content\/uploads\/2024\/06\/Athletisme-Rome-2024-Ces-Francais-qui-vont-decouvrir-leur-premier-grand-championnat.png","width":1200,"height":674,"caption":"Athl\u00e9tisme Rome 2024 : Ces Fran\u00e7ais qui vont d\u00e9couvrir leur premier grand championnat"},{"@type":"BreadcrumbList","@id":"https:\/\/dicodusport.fr\/blog\/athletisme-rome-2024-ces-francais-qui-vont-decouvrir-leur-premier-grand-championnat\/#breadcrumb","itemListElement":[{"@type":"ListItem","position":1,"name":"Accueil","item":"https:\/\/dicodusport.fr\/blog\/"},{"@type":"ListItem","position":2,"name":"Athl\u00e9tisme Rome 2024 : Ces Fran\u00e7ais qui vont d\u00e9couvrir leur premier grand championnat"}]},{"@type":"WebSite","@id":"https:\/\/dicodusport.fr\/blog\/#website","url":"https:\/\/dicodusport.fr\/blog\/","name":"Dicodusport","description":"L&#039;encyclop\u00e9die de l&#039;actualit\u00e9 sportive","publisher":{"@id":"https:\/\/dicodusport.fr\/blog\/#organization"},"potentialAction":[{"@type":"SearchAction","target":{"@type":"EntryPoint","urlTemplate":"https:\/\/dicodusport.fr\/blog\/?s={search_term_string}"},"query-input":{"@type":"PropertyValueSpecification","valueRequired":true,"valueName":"search_term_string"}}],"inLanguage":"fr-FR"},{"@type":"NewsMediaOrganization","@id":"https:\/\/dicodusport.fr\/blog\/#organization","name":"Dicodusport","url":"https:\/\/dicodusport.fr\/blog\/","logo":{"@type":"ImageObject","inLanguage":"fr-FR","@id":"https:\/\/dicodusport.fr\/blog\/#\/schema\/logo\/image\/","url":"https:\/\/dicodusport.fr\/blog\/wp-content\/uploads\/2020\/06\/cropped-LOGO-DICODUSPORT-2020-SANS-FOND-SANS-TEXTE.png","contentUrl":"https:\/\/dicodusport.fr\/blog\/wp-content\/uploads\/2020\/06\/cropped-LOGO-DICODUSPORT-2020-SANS-FOND-SANS-TEXTE.png","width":512,"height":512,"caption":"Dicodusport"},"image":{"@id":"https:\/\/dicodusport.fr\/blog\/#\/schema\/logo\/image\/"},"sameAs":["https:\/\/www.facebook.com\/dicodusport","https:\/\/x.com\/dicodusport","https:\/\/www.instagram.com\/dicodusport\/","https:\/\/www.youtube.com\/channel\/UC7V2KZ5sd3htJivAbA4ZG3w"],"description":"Dicodusport est l'encyclop\u00e9die de l'actualit\u00e9 sportive.","email":"bonjour@dicodusport.fr","legalName":"DICODUSPORT","foundingDate":"2018-01-14","vatID":"FR71834470973","taxID":"83447097300043","numberOfEmployees":{"@type":"QuantitativeValue","minValue":"1","maxValue":"10"}},{"@type":"Person","@id":"https:\/\/dicodusport.fr\/blog\/#\/schema\/person\/d603dd7da31fb2b46c82b9835a77ec13","name":"Etienne Goursaud","image":{"@type":"ImageObject","inLanguage":"fr-FR","@id":"https:\/\/dicodusport.fr\/blog\/#\/schema\/person\/image\/","url":"https:\/\/dicodusport.fr\/blog\/wp-content\/uploads\/2023\/12\/410122264_10231602061736049_5565839791558026645_n-150x150.jpg","contentUrl":"https:\/\/dicodusport.fr\/blog\/wp-content\/uploads\/2023\/12\/410122264_10231602061736049_5565839791558026645_n-150x150.jpg","caption":"Etienne Goursaud"},"description":"Journaliste et amoureux de sport. Ancien footballeur reconverti athl\u00e8te quand ses muscles le laissent tranquille. \u00c9lev\u00e9 \u00e0 la sauce des exploits de Thomas Voeckler en 2004, du dernier essai de l\u00e9gende de Eunice Barber \u00e0 la longueur lors des championnats du monde d'athl\u00e9tisme de 2003 mais aussi Zidane, Omeyer et Titou Lamaison.","url":"https:\/\/dicodusport.fr\/blog\/author\/etienne-goursaud\/"}]}},"_links":{"self":[{"href":"https:\/\/dicodusport.fr\/blog\/wp-json\/wp\/v2\/posts\/489794","targetHints":{"allow":["GET"]}}],"collection":[{"href":"https:\/\/dicodusport.fr\/blog\/wp-json\/wp\/v2\/posts"}],"about":[{"href":"https:\/\/dicodusport.fr\/blog\/wp-json\/wp\/v2\/types\/post"}],"author":[{"embeddable":true,"href":"https:\/\/dicodusport.fr\/blog\/wp-json\/wp\/v2\/users\/83"}],"replies":[{"embeddable":true,"href":"https:\/\/dicodusport.fr\/blog\/wp-json\/wp\/v2\/comments?post=489794"}],"version-history":[{"count":4,"href":"https:\/\/dicodusport.fr\/blog\/wp-json\/wp\/v2\/posts\/489794\/revisions"}],"predecessor-version":[{"id":490421,"href":"https:\/\/dicodusport.fr\/blog\/wp-json\/wp\/v2\/posts\/489794\/revisions\/490421"}],"wp:featuredmedia":[{"embeddable":true,"href":"https:\/\/dicodusport.fr\/blog\/wp-json\/wp\/v2\/media\/489840"}],"wp:attachment":[{"href":"https:\/\/dicodusport.fr\/blog\/wp-json\/wp\/v2\/media?parent=489794"}],"wp:term":[{"taxonomy":"category","embeddable":true,"href":"https:\/\/dicodusport.fr\/blog\/wp-json\/wp\/v2\/categories?post=489794"},{"taxonomy":"post_tag","embeddable":true,"href":"https:\/\/dicodusport.fr\/blog\/wp-json\/wp\/v2\/tags?post=489794"}],"curies":[{"name":"wp","href":"https:\/\/api.w.org\/{rel}","templated":true}]}}