{"id":490321,"date":"2024-06-04T16:58:40","date_gmt":"2024-06-04T14:58:40","guid":{"rendered":"https:\/\/dicodusport.fr\/blog\/?p=490321&#038;preview=true&#038;preview_id=490321"},"modified":"2024-06-04T18:37:23","modified_gmt":"2024-06-04T16:37:23","slug":"roland-garros-2024-novak-djokovic-forfait-pour-les-quarts-de-finale-jannik-sinner-nouveau-n1-mondial","status":"publish","type":"post","link":"https:\/\/dicodusport.fr\/blog\/roland-garros-2024-novak-djokovic-forfait-pour-les-quarts-de-finale-jannik-sinner-nouveau-n1-mondial\/","title":{"rendered":"Roland-Garros 2024 : Novak Djokovic forfait pour les quarts de finale, Jannik Sinner nouveau n\u00b01 mondial !"},"content":{"rendered":"<p style=\"text-align: justify;\"><strong><em>ROLAND-GARROS 2024 &#8211; Apr\u00e8s son combat intense hier, Novak Djokovic, bless\u00e9 au genou, ne disputera pas son quart de finale demain contre Casper Ruud. Cons\u00e9quence directe, Jannik Sinner sera n\u00b01 mondial lundi.<\/em><\/strong><\/p>\n<p style=\"text-align: justify;\">Hier, <strong>Novak Djokovic<\/strong> a \u00e9t\u00e9 touch\u00e9 au genou lors de son 8e de finale contre <strong>Francisco Cerundolo<\/strong>. Manipul\u00e9 par le kin\u00e9 durant toute la rencontre, le n\u00b01 mondial a renvers\u00e9 la situation de justesse et a terrass\u00e9 l&rsquo;Argentin en cinq manches. Mais le Serbe n&rsquo;avait pas fait de myst\u00e8re en conf\u00e9rence de presse, d\u00e9clarant laconiquement.<\/p>\n<blockquote>\n<p style=\"text-align: justify;\">Je ne sais pas ce qui se passera demain ou apr\u00e8s-demain, ni si je serai capable d&rsquo;entrer sur le court et de jouer<\/p>\n<\/blockquote>\n<ul style=\"text-align: justify;\">\n<li><strong>\u00c0 ce sujet &#8211; <a href=\"https:\/\/dicodusport.fr\/blog\/roland-garros-2024-le-tableau-de-simple-hommes\/\">Le tableau de simple messieurs de Roland-Garros 2024<\/a><\/strong><\/li>\n<\/ul>\n<p style=\"text-align: justify;\">Maintenant, on sait, puisque le forfait du Serbe pour son quart de finale vient d&rsquo;\u00eatre officialis\u00e9. \u00ab\u00a0Nole devait passer des examens pour contr\u00f4ler l&rsquo;\u00e9tat de son genou, et il en a r\u00e9sult\u00e9 <em>\u00ab\u00a0une l\u00e9sion du m\u00e9nisque m\u00e9dial du genou droit\u00a0\u00bb<\/em>. Fin de partie donc pour <strong>Djokovic,<\/strong> une nouvelle qui va faire deux heureux. Le premier, c&rsquo;est <strong>Casper Ruud<\/strong>. Au lieu de se coltiner une revanche de la finale 2023, le Norv\u00e9gien va b\u00e9n\u00e9ficier d&rsquo;une accession directe en demi-finales, et de trois jours de repos bienvenus.<\/p>\n<blockquote class=\"twitter-tweet\">\n<p dir=\"ltr\" lang=\"fr\">\ud83d\udea8 OFFICIEL : Novak Djokovic d\u00e9clare forfait pour la suite de <a href=\"https:\/\/twitter.com\/rolandgarros?ref_src=twsrc%5Etfw\">@rolandgarros<\/a>. <a href=\"https:\/\/twitter.com\/hashtag\/RolandGarros?src=hash&amp;ref_src=twsrc%5Etfw\">#RolandGarros<\/a> <a href=\"https:\/\/t.co\/yqZjmIuakq\">pic.twitter.com\/yqZjmIuakq<\/a><\/p>\n<p>\u2014 Prime Video Sport France (@PVSportFR) <a href=\"https:\/\/twitter.com\/PVSportFR\/status\/1798004951534452769?ref_src=twsrc%5Etfw\">June 4, 2024<\/a><\/p><\/blockquote>\n<p style=\"text-align: justify;\"><script async src=\"https:\/\/platform.twitter.com\/widgets.js\" charset=\"utf-8\"><\/script><\/p>\n<p style=\"text-align: justify;\">Le deuxi\u00e8me, c&rsquo;est <strong>Jannik Sinner. Novak Djokovic<\/strong> devait atteindre a minima la finale pour conserver la premi\u00e8re place mondiale. Ce n&rsquo;est pas le cas, et l&rsquo;Italien, indiscutablement le meilleur joueur de 2024, montera donc sur le tr\u00f4ne lundi quelque soit son r\u00e9sultat. Il va devenir le 29e n\u00b01 mondial de l&rsquo;histoire de l&rsquo;\u00c8re Open, et surtout le premier Italien \u00e0 acc\u00e9der \u00e0 la premi\u00e8re place du classement ATP. Le d\u00e9but d&rsquo;un bouleversement d\u00e9finitif dans le tennis masculin ? \u00c0 voir maintenant si cette blessure privera le Serbe de Wimbledon et \/ ou des Jeux Olympiques.<\/p>\n","protected":false},"excerpt":{"rendered":"<p>ROLAND-GARROS 2024 &#8211; Apr\u00e8s son combat intense hier, Novak Djokovic, bless\u00e9 au genou, ne disputera pas son quart de finale demain contre Casper Ruud. Cons\u00e9quence directe, Jannik Sinner sera n\u00b01 mondial lundi.<\/p>\n","protected":false},"author":59,"featured_media":490335,"comment_status":"open","ping_status":"closed","sticky":false,"template":"","format":"standard","meta":{"_acf_changed":false,"_daextam_enable_autolinks":"1","footnotes":""},"categories":[47090],"tags":[16878,9192,3224,24],"class_list":["post-490321","post","type-post","status-publish","format-standard","has-post-thumbnail","hentry","category-roland-garros","tag-breve","tag-jannik-sinner","tag-novak-djokovic","tag-sport"],"acf":[],"yoast_head":"<!-- This site is optimized with the Yoast SEO Premium plugin v26.7 (Yoast SEO v26.7) - https:\/\/yoast.com\/wordpress\/plugins\/seo\/ -->\n<title>Roland-Garros 2024 : Novak Djokovic forfait pour les quarts de finale, Jannik Sinner nouveau n\u00b01 mondial !<\/title>\n<meta name=\"description\" content=\"ROLAND-GARROS 2024 - Novak Djokovic, bless\u00e9 au genou, ne disputera pas son quart de finale demain contre Casper Ruud.\" \/>\n<meta name=\"robots\" content=\"index, follow, max-snippet:-1, max-image-preview:large, max-video-preview:-1\" \/>\n<link rel=\"canonical\" href=\"https:\/\/dicodusport.fr\/blog\/roland-garros-2024-novak-djokovic-forfait-pour-les-quarts-de-finale-jannik-sinner-nouveau-n1-mondial\/\" \/>\n<meta property=\"og:locale\" content=\"fr_FR\" \/>\n<meta property=\"og:type\" content=\"article\" \/>\n<meta property=\"og:title\" content=\"Roland-Garros 2024 : Novak Djokovic forfait pour les quarts de finale, Jannik Sinner nouveau n\u00b01 mondial !\" \/>\n<meta property=\"og:description\" content=\"ROLAND-GARROS 2024 - Novak Djokovic, bless\u00e9 au genou, ne disputera pas son quart de finale demain contre Casper Ruud.\" \/>\n<meta property=\"og:url\" content=\"https:\/\/dicodusport.fr\/blog\/roland-garros-2024-novak-djokovic-forfait-pour-les-quarts-de-finale-jannik-sinner-nouveau-n1-mondial\/\" \/>\n<meta property=\"og:site_name\" content=\"Dicodusport\" \/>\n<meta property=\"article:publisher\" content=\"https:\/\/www.facebook.com\/dicodusport\" \/>\n<meta property=\"article:author\" content=\"https:\/\/www.facebook.com\/sebastien.gente\/\" \/>\n<meta property=\"article:published_time\" content=\"2024-06-04T14:58:40+00:00\" \/>\n<meta property=\"article:modified_time\" content=\"2024-06-04T16:37:23+00:00\" \/>\n<meta property=\"og:image\" content=\"https:\/\/dicodusport.fr\/blog\/wp-content\/uploads\/2024\/06\/Roland-Garros-2024-Novak-Djokovic-forfait-pour-les-quarts-de-finale-Jannik-Sinner-nouveau-n1-mondial.png\" \/>\n\t<meta property=\"og:image:width\" content=\"1200\" \/>\n\t<meta property=\"og:image:height\" content=\"674\" \/>\n\t<meta property=\"og:image:type\" content=\"image\/png\" \/>\n<meta name=\"author\" content=\"S\u00e9bastien Gente\" \/>\n<meta name=\"twitter:card\" content=\"summary_large_image\" \/>\n<meta name=\"twitter:title\" content=\"Roland-Garros 2024 : Novak Djokovic forfait pour les quarts de finale, Jannik Sinner nouveau n\u00b01 mondial !\" \/>\n<meta name=\"twitter:creator\" content=\"@https:\/\/twitter.com\/globulo24\" \/>\n<meta name=\"twitter:site\" content=\"@dicodusport\" \/>\n<script type=\"application\/ld+json\" class=\"yoast-schema-graph\">{\"@context\":\"https:\/\/schema.org\",\"@graph\":[{\"@type\":\"NewsArticle\",\"@id\":\"https:\/\/dicodusport.fr\/blog\/roland-garros-2024-novak-djokovic-forfait-pour-les-quarts-de-finale-jannik-sinner-nouveau-n1-mondial\/#article\",\"isPartOf\":{\"@id\":\"https:\/\/dicodusport.fr\/blog\/roland-garros-2024-novak-djokovic-forfait-pour-les-quarts-de-finale-jannik-sinner-nouveau-n1-mondial\/\"},\"author\":{\"name\":\"S\u00e9bastien Gente\",\"@id\":\"https:\/\/dicodusport.fr\/blog\/#\/schema\/person\/627966a6cde45dbd8c5e36ac85d783da\"},\"headline\":\"Roland-Garros 2024 : Novak Djokovic forfait pour les quarts de finale, Jannik Sinner nouveau n\u00b01 mondial !\",\"datePublished\":\"2024-06-04T14:58:40+00:00\",\"dateModified\":\"2024-06-04T16:37:23+00:00\",\"mainEntityOfPage\":{\"@id\":\"https:\/\/dicodusport.fr\/blog\/roland-garros-2024-novak-djokovic-forfait-pour-les-quarts-de-finale-jannik-sinner-nouveau-n1-mondial\/\"},\"wordCount\":363,\"commentCount\":0,\"publisher\":{\"@id\":\"https:\/\/dicodusport.fr\/blog\/#organization\"},\"image\":{\"@id\":\"https:\/\/dicodusport.fr\/blog\/roland-garros-2024-novak-djokovic-forfait-pour-les-quarts-de-finale-jannik-sinner-nouveau-n1-mondial\/#primaryimage\"},\"thumbnailUrl\":\"https:\/\/dicodusport.fr\/blog\/wp-content\/uploads\/2024\/06\/Roland-Garros-2024-Novak-Djokovic-forfait-pour-les-quarts-de-finale-Jannik-Sinner-nouveau-n1-mondial.png\",\"keywords\":[\"br\u00e8ve\",\"Jannik Sinner\",\"Novak Djokovic\",\"sport\"],\"articleSection\":[\"Roland-Garros\"],\"inLanguage\":\"fr-FR\",\"potentialAction\":[{\"@type\":\"CommentAction\",\"name\":\"Comment\",\"target\":[\"https:\/\/dicodusport.fr\/blog\/roland-garros-2024-novak-djokovic-forfait-pour-les-quarts-de-finale-jannik-sinner-nouveau-n1-mondial\/#respond\"]}],\"copyrightYear\":\"2024\",\"copyrightHolder\":{\"@id\":\"https:\/\/dicodusport.fr\/blog\/#organization\"}},{\"@type\":\"WebPage\",\"@id\":\"https:\/\/dicodusport.fr\/blog\/roland-garros-2024-novak-djokovic-forfait-pour-les-quarts-de-finale-jannik-sinner-nouveau-n1-mondial\/\",\"url\":\"https:\/\/dicodusport.fr\/blog\/roland-garros-2024-novak-djokovic-forfait-pour-les-quarts-de-finale-jannik-sinner-nouveau-n1-mondial\/\",\"name\":\"Roland-Garros 2024 : Novak Djokovic forfait pour les quarts de finale, Jannik Sinner nouveau n\u00b01 mondial !\",\"isPartOf\":{\"@id\":\"https:\/\/dicodusport.fr\/blog\/#website\"},\"primaryImageOfPage\":{\"@id\":\"https:\/\/dicodusport.fr\/blog\/roland-garros-2024-novak-djokovic-forfait-pour-les-quarts-de-finale-jannik-sinner-nouveau-n1-mondial\/#primaryimage\"},\"image\":{\"@id\":\"https:\/\/dicodusport.fr\/blog\/roland-garros-2024-novak-djokovic-forfait-pour-les-quarts-de-finale-jannik-sinner-nouveau-n1-mondial\/#primaryimage\"},\"thumbnailUrl\":\"https:\/\/dicodusport.fr\/blog\/wp-content\/uploads\/2024\/06\/Roland-Garros-2024-Novak-Djokovic-forfait-pour-les-quarts-de-finale-Jannik-Sinner-nouveau-n1-mondial.png\",\"datePublished\":\"2024-06-04T14:58:40+00:00\",\"dateModified\":\"2024-06-04T16:37:23+00:00\",\"description\":\"ROLAND-GARROS 2024 - Novak Djokovic, bless\u00e9 au genou, ne disputera pas son quart de finale demain contre Casper Ruud.\",\"breadcrumb\":{\"@id\":\"https:\/\/dicodusport.fr\/blog\/roland-garros-2024-novak-djokovic-forfait-pour-les-quarts-de-finale-jannik-sinner-nouveau-n1-mondial\/#breadcrumb\"},\"inLanguage\":\"fr-FR\",\"potentialAction\":[{\"@type\":\"ReadAction\",\"target\":[\"https:\/\/dicodusport.fr\/blog\/roland-garros-2024-novak-djokovic-forfait-pour-les-quarts-de-finale-jannik-sinner-nouveau-n1-mondial\/\"]}]},{\"@type\":\"ImageObject\",\"inLanguage\":\"fr-FR\",\"@id\":\"https:\/\/dicodusport.fr\/blog\/roland-garros-2024-novak-djokovic-forfait-pour-les-quarts-de-finale-jannik-sinner-nouveau-n1-mondial\/#primaryimage\",\"url\":\"https:\/\/dicodusport.fr\/blog\/wp-content\/uploads\/2024\/06\/Roland-Garros-2024-Novak-Djokovic-forfait-pour-les-quarts-de-finale-Jannik-Sinner-nouveau-n1-mondial.png\",\"contentUrl\":\"https:\/\/dicodusport.fr\/blog\/wp-content\/uploads\/2024\/06\/Roland-Garros-2024-Novak-Djokovic-forfait-pour-les-quarts-de-finale-Jannik-Sinner-nouveau-n1-mondial.png\",\"width\":1200,\"height\":674,\"caption\":\"Roland-Garros 2024 Novak Djokovic forfait pour les quarts de finale, Jannik Sinner nouveau n1 mondial\"},{\"@type\":\"BreadcrumbList\",\"@id\":\"https:\/\/dicodusport.fr\/blog\/roland-garros-2024-novak-djokovic-forfait-pour-les-quarts-de-finale-jannik-sinner-nouveau-n1-mondial\/#breadcrumb\",\"itemListElement\":[{\"@type\":\"ListItem\",\"position\":1,\"name\":\"Accueil\",\"item\":\"https:\/\/dicodusport.fr\/blog\/\"},{\"@type\":\"ListItem\",\"position\":2,\"name\":\"Roland-Garros 2024 : Novak Djokovic forfait pour les quarts de finale, Jannik Sinner nouveau n\u00b01 mondial !\"}]},{\"@type\":\"WebSite\",\"@id\":\"https:\/\/dicodusport.fr\/blog\/#website\",\"url\":\"https:\/\/dicodusport.fr\/blog\/\",\"name\":\"Dicodusport\",\"description\":\"L&#039;encyclop\u00e9die de l&#039;actualit\u00e9 sportive\",\"publisher\":{\"@id\":\"https:\/\/dicodusport.fr\/blog\/#organization\"},\"potentialAction\":[{\"@type\":\"SearchAction\",\"target\":{\"@type\":\"EntryPoint\",\"urlTemplate\":\"https:\/\/dicodusport.fr\/blog\/?s={search_term_string}\"},\"query-input\":{\"@type\":\"PropertyValueSpecification\",\"valueRequired\":true,\"valueName\":\"search_term_string\"}}],\"inLanguage\":\"fr-FR\"},{\"@type\":\"NewsMediaOrganization\",\"@id\":\"https:\/\/dicodusport.fr\/blog\/#organization\",\"name\":\"Dicodusport\",\"url\":\"https:\/\/dicodusport.fr\/blog\/\",\"logo\":{\"@type\":\"ImageObject\",\"inLanguage\":\"fr-FR\",\"@id\":\"https:\/\/dicodusport.fr\/blog\/#\/schema\/logo\/image\/\",\"url\":\"https:\/\/dicodusport.fr\/blog\/wp-content\/uploads\/2020\/06\/cropped-LOGO-DICODUSPORT-2020-SANS-FOND-SANS-TEXTE.png\",\"contentUrl\":\"https:\/\/dicodusport.fr\/blog\/wp-content\/uploads\/2020\/06\/cropped-LOGO-DICODUSPORT-2020-SANS-FOND-SANS-TEXTE.png\",\"width\":512,\"height\":512,\"caption\":\"Dicodusport\"},\"image\":{\"@id\":\"https:\/\/dicodusport.fr\/blog\/#\/schema\/logo\/image\/\"},\"sameAs\":[\"https:\/\/www.facebook.com\/dicodusport\",\"https:\/\/x.com\/dicodusport\",\"https:\/\/www.instagram.com\/dicodusport\/\",\"https:\/\/www.youtube.com\/channel\/UC7V2KZ5sd3htJivAbA4ZG3w\"],\"description\":\"Dicodusport est l'encyclop\u00e9die de l'actualit\u00e9 sportive.\",\"email\":\"bonjour@dicodusport.fr\",\"legalName\":\"DICODUSPORT\",\"foundingDate\":\"2018-01-14\",\"vatID\":\"FR71834470973\",\"taxID\":\"83447097300043\",\"numberOfEmployees\":{\"@type\":\"QuantitativeValue\",\"minValue\":\"1\",\"maxValue\":\"10\"}},{\"@type\":\"Person\",\"@id\":\"https:\/\/dicodusport.fr\/blog\/#\/schema\/person\/627966a6cde45dbd8c5e36ac85d783da\",\"name\":\"S\u00e9bastien Gente\",\"image\":{\"@type\":\"ImageObject\",\"inLanguage\":\"fr-FR\",\"@id\":\"https:\/\/dicodusport.fr\/blog\/#\/schema\/person\/image\/\",\"url\":\"https:\/\/dicodusport.fr\/blog\/wp-content\/uploads\/2021\/09\/1510990_10205810251400683_4124423575079401707_n-150x150.jpg\",\"contentUrl\":\"https:\/\/dicodusport.fr\/blog\/wp-content\/uploads\/2021\/09\/1510990_10205810251400683_4124423575079401707_n-150x150.jpg\",\"caption\":\"S\u00e9bastien Gente\"},\"description\":\"John Stockton, Gianni Bugno, Zinedine Zidane, Steffi Graf, Frode Andresen, St\u00e9phane Stoecklin, Davis Kamoga, Primoz Peterka, Werner Schlager et Aur\u00e9lien Rougerie. Point commun entre ces sportifs? Ils m'ont fait r\u00eaver et ont berc\u00e9 mon adolescence. Je suis un fondu de sports et j'essaie de retranscrire ma passion \u00e0 travers mes articles. Originaire du P\u00e9rigord, ma passion pour les Girondins, les Jaunards et les Jazzmen transpire dans mes \u00e9crits. \u00c0 Dicodusport depuis 2021, je d\u00e9niche les sports m\u00e9connus dans lesquels la France brille, et il y en a !\",\"sameAs\":[\"https:\/\/www.facebook.com\/sebastien.gente\/\",\"https:\/\/www.instagram.com\/sebgente\/\",\"https:\/\/www.linkedin.com\/in\/sbastien-gente-a29583169\/\",\"https:\/\/x.com\/https:\/\/twitter.com\/globulo24\",\"SebastienGente\"],\"worksFor\":\"S\u00e9bastien GENTE\",\"url\":\"https:\/\/dicodusport.fr\/blog\/author\/sebastiengente\/\"}]}<\/script>\n<!-- \/ Yoast SEO Premium plugin. -->","yoast_head_json":{"title":"Roland-Garros 2024 : Novak Djokovic forfait pour les quarts de finale, Jannik Sinner nouveau n\u00b01 mondial !","description":"ROLAND-GARROS 2024 - Novak Djokovic, bless\u00e9 au genou, ne disputera pas son quart de finale demain contre Casper Ruud.","robots":{"index":"index","follow":"follow","max-snippet":"max-snippet:-1","max-image-preview":"max-image-preview:large","max-video-preview":"max-video-preview:-1"},"canonical":"https:\/\/dicodusport.fr\/blog\/roland-garros-2024-novak-djokovic-forfait-pour-les-quarts-de-finale-jannik-sinner-nouveau-n1-mondial\/","og_locale":"fr_FR","og_type":"article","og_title":"Roland-Garros 2024 : Novak Djokovic forfait pour les quarts de finale, Jannik Sinner nouveau n\u00b01 mondial !","og_description":"ROLAND-GARROS 2024 - Novak Djokovic, bless\u00e9 au genou, ne disputera pas son quart de finale demain contre Casper Ruud.","og_url":"https:\/\/dicodusport.fr\/blog\/roland-garros-2024-novak-djokovic-forfait-pour-les-quarts-de-finale-jannik-sinner-nouveau-n1-mondial\/","og_site_name":"Dicodusport","article_publisher":"https:\/\/www.facebook.com\/dicodusport","article_author":"https:\/\/www.facebook.com\/sebastien.gente\/","article_published_time":"2024-06-04T14:58:40+00:00","article_modified_time":"2024-06-04T16:37:23+00:00","og_image":[{"width":1200,"height":674,"url":"https:\/\/dicodusport.fr\/blog\/wp-content\/uploads\/2024\/06\/Roland-Garros-2024-Novak-Djokovic-forfait-pour-les-quarts-de-finale-Jannik-Sinner-nouveau-n1-mondial.png","type":"image\/png"}],"author":"S\u00e9bastien Gente","twitter_card":"summary_large_image","twitter_title":"Roland-Garros 2024 : Novak Djokovic forfait pour les quarts de finale, Jannik Sinner nouveau n\u00b01 mondial !","twitter_creator":"@https:\/\/twitter.com\/globulo24","twitter_site":"@dicodusport","schema":{"@context":"https:\/\/schema.org","@graph":[{"@type":"NewsArticle","@id":"https:\/\/dicodusport.fr\/blog\/roland-garros-2024-novak-djokovic-forfait-pour-les-quarts-de-finale-jannik-sinner-nouveau-n1-mondial\/#article","isPartOf":{"@id":"https:\/\/dicodusport.fr\/blog\/roland-garros-2024-novak-djokovic-forfait-pour-les-quarts-de-finale-jannik-sinner-nouveau-n1-mondial\/"},"author":{"name":"S\u00e9bastien Gente","@id":"https:\/\/dicodusport.fr\/blog\/#\/schema\/person\/627966a6cde45dbd8c5e36ac85d783da"},"headline":"Roland-Garros 2024 : Novak Djokovic forfait pour les quarts de finale, Jannik Sinner nouveau n\u00b01 mondial !","datePublished":"2024-06-04T14:58:40+00:00","dateModified":"2024-06-04T16:37:23+00:00","mainEntityOfPage":{"@id":"https:\/\/dicodusport.fr\/blog\/roland-garros-2024-novak-djokovic-forfait-pour-les-quarts-de-finale-jannik-sinner-nouveau-n1-mondial\/"},"wordCount":363,"commentCount":0,"publisher":{"@id":"https:\/\/dicodusport.fr\/blog\/#organization"},"image":{"@id":"https:\/\/dicodusport.fr\/blog\/roland-garros-2024-novak-djokovic-forfait-pour-les-quarts-de-finale-jannik-sinner-nouveau-n1-mondial\/#primaryimage"},"thumbnailUrl":"https:\/\/dicodusport.fr\/blog\/wp-content\/uploads\/2024\/06\/Roland-Garros-2024-Novak-Djokovic-forfait-pour-les-quarts-de-finale-Jannik-Sinner-nouveau-n1-mondial.png","keywords":["br\u00e8ve","Jannik Sinner","Novak Djokovic","sport"],"articleSection":["Roland-Garros"],"inLanguage":"fr-FR","potentialAction":[{"@type":"CommentAction","name":"Comment","target":["https:\/\/dicodusport.fr\/blog\/roland-garros-2024-novak-djokovic-forfait-pour-les-quarts-de-finale-jannik-sinner-nouveau-n1-mondial\/#respond"]}],"copyrightYear":"2024","copyrightHolder":{"@id":"https:\/\/dicodusport.fr\/blog\/#organization"}},{"@type":"WebPage","@id":"https:\/\/dicodusport.fr\/blog\/roland-garros-2024-novak-djokovic-forfait-pour-les-quarts-de-finale-jannik-sinner-nouveau-n1-mondial\/","url":"https:\/\/dicodusport.fr\/blog\/roland-garros-2024-novak-djokovic-forfait-pour-les-quarts-de-finale-jannik-sinner-nouveau-n1-mondial\/","name":"Roland-Garros 2024 : Novak Djokovic forfait pour les quarts de finale, Jannik Sinner nouveau n\u00b01 mondial !","isPartOf":{"@id":"https:\/\/dicodusport.fr\/blog\/#website"},"primaryImageOfPage":{"@id":"https:\/\/dicodusport.fr\/blog\/roland-garros-2024-novak-djokovic-forfait-pour-les-quarts-de-finale-jannik-sinner-nouveau-n1-mondial\/#primaryimage"},"image":{"@id":"https:\/\/dicodusport.fr\/blog\/roland-garros-2024-novak-djokovic-forfait-pour-les-quarts-de-finale-jannik-sinner-nouveau-n1-mondial\/#primaryimage"},"thumbnailUrl":"https:\/\/dicodusport.fr\/blog\/wp-content\/uploads\/2024\/06\/Roland-Garros-2024-Novak-Djokovic-forfait-pour-les-quarts-de-finale-Jannik-Sinner-nouveau-n1-mondial.png","datePublished":"2024-06-04T14:58:40+00:00","dateModified":"2024-06-04T16:37:23+00:00","description":"ROLAND-GARROS 2024 - Novak Djokovic, bless\u00e9 au genou, ne disputera pas son quart de finale demain contre Casper Ruud.","breadcrumb":{"@id":"https:\/\/dicodusport.fr\/blog\/roland-garros-2024-novak-djokovic-forfait-pour-les-quarts-de-finale-jannik-sinner-nouveau-n1-mondial\/#breadcrumb"},"inLanguage":"fr-FR","potentialAction":[{"@type":"ReadAction","target":["https:\/\/dicodusport.fr\/blog\/roland-garros-2024-novak-djokovic-forfait-pour-les-quarts-de-finale-jannik-sinner-nouveau-n1-mondial\/"]}]},{"@type":"ImageObject","inLanguage":"fr-FR","@id":"https:\/\/dicodusport.fr\/blog\/roland-garros-2024-novak-djokovic-forfait-pour-les-quarts-de-finale-jannik-sinner-nouveau-n1-mondial\/#primaryimage","url":"https:\/\/dicodusport.fr\/blog\/wp-content\/uploads\/2024\/06\/Roland-Garros-2024-Novak-Djokovic-forfait-pour-les-quarts-de-finale-Jannik-Sinner-nouveau-n1-mondial.png","contentUrl":"https:\/\/dicodusport.fr\/blog\/wp-content\/uploads\/2024\/06\/Roland-Garros-2024-Novak-Djokovic-forfait-pour-les-quarts-de-finale-Jannik-Sinner-nouveau-n1-mondial.png","width":1200,"height":674,"caption":"Roland-Garros 2024 Novak Djokovic forfait pour les quarts de finale, Jannik Sinner nouveau n1 mondial"},{"@type":"BreadcrumbList","@id":"https:\/\/dicodusport.fr\/blog\/roland-garros-2024-novak-djokovic-forfait-pour-les-quarts-de-finale-jannik-sinner-nouveau-n1-mondial\/#breadcrumb","itemListElement":[{"@type":"ListItem","position":1,"name":"Accueil","item":"https:\/\/dicodusport.fr\/blog\/"},{"@type":"ListItem","position":2,"name":"Roland-Garros 2024 : Novak Djokovic forfait pour les quarts de finale, Jannik Sinner nouveau n\u00b01 mondial !"}]},{"@type":"WebSite","@id":"https:\/\/dicodusport.fr\/blog\/#website","url":"https:\/\/dicodusport.fr\/blog\/","name":"Dicodusport","description":"L&#039;encyclop\u00e9die de l&#039;actualit\u00e9 sportive","publisher":{"@id":"https:\/\/dicodusport.fr\/blog\/#organization"},"potentialAction":[{"@type":"SearchAction","target":{"@type":"EntryPoint","urlTemplate":"https:\/\/dicodusport.fr\/blog\/?s={search_term_string}"},"query-input":{"@type":"PropertyValueSpecification","valueRequired":true,"valueName":"search_term_string"}}],"inLanguage":"fr-FR"},{"@type":"NewsMediaOrganization","@id":"https:\/\/dicodusport.fr\/blog\/#organization","name":"Dicodusport","url":"https:\/\/dicodusport.fr\/blog\/","logo":{"@type":"ImageObject","inLanguage":"fr-FR","@id":"https:\/\/dicodusport.fr\/blog\/#\/schema\/logo\/image\/","url":"https:\/\/dicodusport.fr\/blog\/wp-content\/uploads\/2020\/06\/cropped-LOGO-DICODUSPORT-2020-SANS-FOND-SANS-TEXTE.png","contentUrl":"https:\/\/dicodusport.fr\/blog\/wp-content\/uploads\/2020\/06\/cropped-LOGO-DICODUSPORT-2020-SANS-FOND-SANS-TEXTE.png","width":512,"height":512,"caption":"Dicodusport"},"image":{"@id":"https:\/\/dicodusport.fr\/blog\/#\/schema\/logo\/image\/"},"sameAs":["https:\/\/www.facebook.com\/dicodusport","https:\/\/x.com\/dicodusport","https:\/\/www.instagram.com\/dicodusport\/","https:\/\/www.youtube.com\/channel\/UC7V2KZ5sd3htJivAbA4ZG3w"],"description":"Dicodusport est l'encyclop\u00e9die de l'actualit\u00e9 sportive.","email":"bonjour@dicodusport.fr","legalName":"DICODUSPORT","foundingDate":"2018-01-14","vatID":"FR71834470973","taxID":"83447097300043","numberOfEmployees":{"@type":"QuantitativeValue","minValue":"1","maxValue":"10"}},{"@type":"Person","@id":"https:\/\/dicodusport.fr\/blog\/#\/schema\/person\/627966a6cde45dbd8c5e36ac85d783da","name":"S\u00e9bastien Gente","image":{"@type":"ImageObject","inLanguage":"fr-FR","@id":"https:\/\/dicodusport.fr\/blog\/#\/schema\/person\/image\/","url":"https:\/\/dicodusport.fr\/blog\/wp-content\/uploads\/2021\/09\/1510990_10205810251400683_4124423575079401707_n-150x150.jpg","contentUrl":"https:\/\/dicodusport.fr\/blog\/wp-content\/uploads\/2021\/09\/1510990_10205810251400683_4124423575079401707_n-150x150.jpg","caption":"S\u00e9bastien Gente"},"description":"John Stockton, Gianni Bugno, Zinedine Zidane, Steffi Graf, Frode Andresen, St\u00e9phane Stoecklin, Davis Kamoga, Primoz Peterka, Werner Schlager et Aur\u00e9lien Rougerie. Point commun entre ces sportifs? Ils m'ont fait r\u00eaver et ont berc\u00e9 mon adolescence. Je suis un fondu de sports et j'essaie de retranscrire ma passion \u00e0 travers mes articles. Originaire du P\u00e9rigord, ma passion pour les Girondins, les Jaunards et les Jazzmen transpire dans mes \u00e9crits. \u00c0 Dicodusport depuis 2021, je d\u00e9niche les sports m\u00e9connus dans lesquels la France brille, et il y en a !","sameAs":["https:\/\/www.facebook.com\/sebastien.gente\/","https:\/\/www.instagram.com\/sebgente\/","https:\/\/www.linkedin.com\/in\/sbastien-gente-a29583169\/","https:\/\/x.com\/https:\/\/twitter.com\/globulo24","SebastienGente"],"worksFor":"S\u00e9bastien GENTE","url":"https:\/\/dicodusport.fr\/blog\/author\/sebastiengente\/"}]}},"_links":{"self":[{"href":"https:\/\/dicodusport.fr\/blog\/wp-json\/wp\/v2\/posts\/490321","targetHints":{"allow":["GET"]}}],"collection":[{"href":"https:\/\/dicodusport.fr\/blog\/wp-json\/wp\/v2\/posts"}],"about":[{"href":"https:\/\/dicodusport.fr\/blog\/wp-json\/wp\/v2\/types\/post"}],"author":[{"embeddable":true,"href":"https:\/\/dicodusport.fr\/blog\/wp-json\/wp\/v2\/users\/59"}],"replies":[{"embeddable":true,"href":"https:\/\/dicodusport.fr\/blog\/wp-json\/wp\/v2\/comments?post=490321"}],"version-history":[{"count":5,"href":"https:\/\/dicodusport.fr\/blog\/wp-json\/wp\/v2\/posts\/490321\/revisions"}],"predecessor-version":[{"id":490386,"href":"https:\/\/dicodusport.fr\/blog\/wp-json\/wp\/v2\/posts\/490321\/revisions\/490386"}],"wp:featuredmedia":[{"embeddable":true,"href":"https:\/\/dicodusport.fr\/blog\/wp-json\/wp\/v2\/media\/490335"}],"wp:attachment":[{"href":"https:\/\/dicodusport.fr\/blog\/wp-json\/wp\/v2\/media?parent=490321"}],"wp:term":[{"taxonomy":"category","embeddable":true,"href":"https:\/\/dicodusport.fr\/blog\/wp-json\/wp\/v2\/categories?post=490321"},{"taxonomy":"post_tag","embeddable":true,"href":"https:\/\/dicodusport.fr\/blog\/wp-json\/wp\/v2\/tags?post=490321"}],"curies":[{"name":"wp","href":"https:\/\/api.w.org\/{rel}","templated":true}]}}