{"id":491134,"date":"2024-06-08T12:56:44","date_gmt":"2024-06-08T10:56:44","guid":{"rendered":"https:\/\/dicodusport.fr\/blog\/?p=491134&#038;preview=true&#038;preview_id=491134"},"modified":"2024-06-08T13:09:48","modified_gmt":"2024-06-08T11:09:48","slug":"transferts-usap-mathieu-acebes-a-une-piste-en-pro-d2","status":"publish","type":"post","link":"https:\/\/dicodusport.fr\/blog\/transferts-usap-mathieu-acebes-a-une-piste-en-pro-d2\/","title":{"rendered":"Transferts USAP : Mathieu Acebes a une piste en Pro D2"},"content":{"rendered":"<p style=\"text-align: justify;\"><strong><em>TOP 14 2023-2024 &#8211; Selon <a href=\"https:\/\/www.sudouest.fr\/sport\/rugby\/biarritz-olympique\/biarritz-olympique-mathieu-acebes-piste-remi-bonfils-dans-le-staff-20012528.php\">Sud-Ouest<\/a>, Mathieu Acebes (USAP) est pist\u00e9 par le Biarritz Olympique pour la saison prochaine.\u00a0\u00a0<\/em><\/strong><\/p>\n<p style=\"text-align: justify;\">Le <strong>Biarritz<\/strong> <strong>Olympique<\/strong> n&rsquo;est pas encore assur\u00e9 d&rsquo;\u00eatre maintenu en Pro D2, mais la derni\u00e8re r\u00e9union avec le gendarme financier a \u00e9t\u00e9 favorable. Les dirigeants sont confiants et ils vont donc acc\u00e9l\u00e9rer pour compl\u00e9ter le recrutement qui avait \u00e9t\u00e9 d\u00e9j\u00e0 bien avanc\u00e9 par l&rsquo;ancienne direction. <strong>Kylian<\/strong> <strong>Jaminet<\/strong> et <strong>Yohan<\/strong> <strong>Beheregaray<\/strong> font partie des joueurs \u00e0 d\u00e9barquer dans le Pays Basque.<\/p>\n<ul style=\"text-align: justify;\">\n<li style=\"text-align: justify;\"><strong>\u00c0 ce sujet &#8211; <a href=\"https:\/\/dicodusport.fr\/blog\/transferts-toulouse-baptiste-germain-dans-le-viseur-dun-club-de-top-14\/\" target=\"_blank\" rel=\"noopener\">Transferts Toulouse : Baptiste Germain dans le viseur d\u2019un club de Top 14<\/a><\/strong><\/li>\n<\/ul>\n<h2 style=\"text-align: justify;\">Mathieu Acebes \u00e0 Biarritz ?<\/h2>\n<p style=\"text-align: justify;\">En fin de contrat avec l&rsquo;<strong>USAP<\/strong>, <strong>Mathieu<\/strong> <strong>Acebes<\/strong> a annonc\u00e9 qu&rsquo;il quittait le club en fin de saison. Le trois-quarts de 36 ans n&rsquo;a pour autant pas l&rsquo;intention de ranger les crampons et pourrait rebondir en Pro D2. Convoit\u00e9 par plusieurs \u00e9quipes, il serait proche de rejoindre le <strong>Biarritz<\/strong> <strong>Olympique<\/strong>, un club qu&rsquo;il conna\u00eet bien, puisqu&rsquo;il y a jou\u00e9 en juniors entre 2007 et 2009.<\/p>\n<p style=\"text-align: justify;\">Ce serait un joli coup des nouveaux dirigeants du <strong>BO<\/strong> qui semblent vouloir miser sur l&rsquo;exp\u00e9rience. Alors qu&rsquo;il \u00e9tait tout proche de rejoindre le promu en Pro D2, Nice, <strong>Piula<\/strong> <strong>Faasalele<\/strong> aurait finalement changer d&rsquo;avis pour dire oui \u00e0 <strong>Biarritz<\/strong>. Le deuxi\u00e8me ligne du Stade Toulousain conna\u00eet bien <strong>Mathieu<\/strong> <strong>Acebes<\/strong> pour avoir jou\u00e9 plusieurs saisons avec lui \u00e0 Perpignan.<\/p>\n<blockquote class=\"twitter-tweet\">\n<p dir=\"ltr\" lang=\"zxx\"><a href=\"https:\/\/t.co\/8J9N3rBEIS\">https:\/\/t.co\/8J9N3rBEIS<\/a><\/p>\n<p>\u2014 Nicolas Jacquemard (@Nico_Jacquemard) <a href=\"https:\/\/twitter.com\/Nico_Jacquemard\/status\/1799392847738859625?ref_src=twsrc%5Etfw\">June 8, 2024<\/a><\/p><\/blockquote>\n<p style=\"text-align: justify;\"><script async src=\"https:\/\/platform.twitter.com\/widgets.js\" charset=\"utf-8\"><\/script><\/p>\n","protected":false},"excerpt":{"rendered":"<p>TOP 14 2023-2024 &#8211; Selon Sud-Ouest, Mathieu Acebes (USAP) est pist\u00e9 par le Biarritz Olympique pour la saison prochaine.\u00a0\u00a0<\/p>\n","protected":false},"author":1,"featured_media":491136,"comment_status":"open","ping_status":"closed","sticky":false,"template":"","format":"standard","meta":{"_acf_changed":false,"_daextam_enable_autolinks":"1","footnotes":""},"categories":[9129,47050],"tags":[1686,16878,4765],"class_list":["post-491134","post","type-post","status-publish","format-standard","has-post-thumbnail","hentry","category-rugby-a-xv","category-top-14","tag-biarritz","tag-breve","tag-usap"],"acf":[],"yoast_head":"<!-- This site is optimized with the Yoast SEO Premium plugin v26.7 (Yoast SEO v26.7) - https:\/\/yoast.com\/wordpress\/plugins\/seo\/ -->\n<title>Transferts USAP : Mathieu Acebes a une piste en Pro D2<\/title>\n<meta name=\"description\" content=\"TOP 14 2023-2024 - Selon Sud-Ouest, Mathieu Acebes (USAP) est pist\u00e9 par le Biarritz Olympique pour la saison prochaine.\u00a0\u00a0\" \/>\n<meta name=\"robots\" content=\"index, follow, max-snippet:-1, max-image-preview:large, max-video-preview:-1\" \/>\n<link rel=\"canonical\" href=\"https:\/\/dicodusport.fr\/blog\/transferts-usap-mathieu-acebes-a-une-piste-en-pro-d2\/\" \/>\n<meta property=\"og:locale\" content=\"fr_FR\" \/>\n<meta property=\"og:type\" content=\"article\" \/>\n<meta property=\"og:title\" content=\"Transferts USAP : Mathieu Acebes a une piste en Pro D2\" \/>\n<meta property=\"og:description\" content=\"TOP 14 2023-2024 - Selon Sud-Ouest, Mathieu Acebes (USAP) est pist\u00e9 par le Biarritz Olympique pour la saison prochaine.\u00a0\u00a0\" \/>\n<meta property=\"og:url\" content=\"https:\/\/dicodusport.fr\/blog\/transferts-usap-mathieu-acebes-a-une-piste-en-pro-d2\/\" \/>\n<meta property=\"og:site_name\" content=\"Dicodusport\" \/>\n<meta property=\"article:publisher\" content=\"https:\/\/www.facebook.com\/dicodusport\" \/>\n<meta property=\"article:author\" content=\"https:\/\/www.facebook.com\/dicodusport\" \/>\n<meta property=\"article:published_time\" content=\"2024-06-08T10:56:44+00:00\" \/>\n<meta property=\"article:modified_time\" content=\"2024-06-08T11:09:48+00:00\" \/>\n<meta property=\"og:image\" content=\"https:\/\/dicodusport.fr\/blog\/wp-content\/uploads\/2024\/06\/Transferts-USAP-Mathieu-Acebes-a-une-piste-en-Pro-D2.png\" \/>\n\t<meta property=\"og:image:width\" content=\"1200\" \/>\n\t<meta property=\"og:image:height\" content=\"674\" \/>\n\t<meta property=\"og:image:type\" content=\"image\/png\" \/>\n<meta name=\"author\" content=\"Nicolas Jacquemard\" \/>\n<meta name=\"twitter:card\" content=\"summary_large_image\" \/>\n<meta name=\"twitter:title\" content=\"Transferts USAP : Mathieu Acebes a une piste en Pro D2\" \/>\n<meta name=\"twitter:creator\" content=\"@https:\/\/twitter.com\/Nico_Jacquemard\" \/>\n<meta name=\"twitter:site\" content=\"@dicodusport\" \/>\n<script type=\"application\/ld+json\" class=\"yoast-schema-graph\">{\"@context\":\"https:\/\/schema.org\",\"@graph\":[{\"@type\":\"NewsArticle\",\"@id\":\"https:\/\/dicodusport.fr\/blog\/transferts-usap-mathieu-acebes-a-une-piste-en-pro-d2\/#article\",\"isPartOf\":{\"@id\":\"https:\/\/dicodusport.fr\/blog\/transferts-usap-mathieu-acebes-a-une-piste-en-pro-d2\/\"},\"author\":{\"name\":\"Nicolas Jacquemard\",\"@id\":\"https:\/\/dicodusport.fr\/blog\/#\/schema\/person\/55dcb50ad410894e431ed812bbb70191\"},\"headline\":\"Transferts USAP : Mathieu Acebes a une piste en Pro D2\",\"datePublished\":\"2024-06-08T10:56:44+00:00\",\"dateModified\":\"2024-06-08T11:09:48+00:00\",\"mainEntityOfPage\":{\"@id\":\"https:\/\/dicodusport.fr\/blog\/transferts-usap-mathieu-acebes-a-une-piste-en-pro-d2\/\"},\"wordCount\":258,\"commentCount\":0,\"publisher\":{\"@id\":\"https:\/\/dicodusport.fr\/blog\/#organization\"},\"image\":{\"@id\":\"https:\/\/dicodusport.fr\/blog\/transferts-usap-mathieu-acebes-a-une-piste-en-pro-d2\/#primaryimage\"},\"thumbnailUrl\":\"https:\/\/dicodusport.fr\/blog\/wp-content\/uploads\/2024\/06\/Transferts-USAP-Mathieu-Acebes-a-une-piste-en-Pro-D2.png\",\"keywords\":[\"biarritz\",\"br\u00e8ve\",\"USAP\"],\"articleSection\":[\"Rugby \u00e0 XV\",\"Top 14\"],\"inLanguage\":\"fr-FR\",\"potentialAction\":[{\"@type\":\"CommentAction\",\"name\":\"Comment\",\"target\":[\"https:\/\/dicodusport.fr\/blog\/transferts-usap-mathieu-acebes-a-une-piste-en-pro-d2\/#respond\"]}],\"copyrightYear\":\"2024\",\"copyrightHolder\":{\"@id\":\"https:\/\/dicodusport.fr\/blog\/#organization\"}},{\"@type\":\"WebPage\",\"@id\":\"https:\/\/dicodusport.fr\/blog\/transferts-usap-mathieu-acebes-a-une-piste-en-pro-d2\/\",\"url\":\"https:\/\/dicodusport.fr\/blog\/transferts-usap-mathieu-acebes-a-une-piste-en-pro-d2\/\",\"name\":\"Transferts USAP : Mathieu Acebes a une piste en Pro D2\",\"isPartOf\":{\"@id\":\"https:\/\/dicodusport.fr\/blog\/#website\"},\"primaryImageOfPage\":{\"@id\":\"https:\/\/dicodusport.fr\/blog\/transferts-usap-mathieu-acebes-a-une-piste-en-pro-d2\/#primaryimage\"},\"image\":{\"@id\":\"https:\/\/dicodusport.fr\/blog\/transferts-usap-mathieu-acebes-a-une-piste-en-pro-d2\/#primaryimage\"},\"thumbnailUrl\":\"https:\/\/dicodusport.fr\/blog\/wp-content\/uploads\/2024\/06\/Transferts-USAP-Mathieu-Acebes-a-une-piste-en-Pro-D2.png\",\"datePublished\":\"2024-06-08T10:56:44+00:00\",\"dateModified\":\"2024-06-08T11:09:48+00:00\",\"description\":\"TOP 14 2023-2024 - Selon Sud-Ouest, Mathieu Acebes (USAP) est pist\u00e9 par le Biarritz Olympique pour la saison prochaine.\u00a0\u00a0\",\"breadcrumb\":{\"@id\":\"https:\/\/dicodusport.fr\/blog\/transferts-usap-mathieu-acebes-a-une-piste-en-pro-d2\/#breadcrumb\"},\"inLanguage\":\"fr-FR\",\"potentialAction\":[{\"@type\":\"ReadAction\",\"target\":[\"https:\/\/dicodusport.fr\/blog\/transferts-usap-mathieu-acebes-a-une-piste-en-pro-d2\/\"]}]},{\"@type\":\"ImageObject\",\"inLanguage\":\"fr-FR\",\"@id\":\"https:\/\/dicodusport.fr\/blog\/transferts-usap-mathieu-acebes-a-une-piste-en-pro-d2\/#primaryimage\",\"url\":\"https:\/\/dicodusport.fr\/blog\/wp-content\/uploads\/2024\/06\/Transferts-USAP-Mathieu-Acebes-a-une-piste-en-Pro-D2.png\",\"contentUrl\":\"https:\/\/dicodusport.fr\/blog\/wp-content\/uploads\/2024\/06\/Transferts-USAP-Mathieu-Acebes-a-une-piste-en-Pro-D2.png\",\"width\":1200,\"height\":674},{\"@type\":\"BreadcrumbList\",\"@id\":\"https:\/\/dicodusport.fr\/blog\/transferts-usap-mathieu-acebes-a-une-piste-en-pro-d2\/#breadcrumb\",\"itemListElement\":[{\"@type\":\"ListItem\",\"position\":1,\"name\":\"Accueil\",\"item\":\"https:\/\/dicodusport.fr\/blog\/\"},{\"@type\":\"ListItem\",\"position\":2,\"name\":\"Transferts USAP : Mathieu Acebes a une piste en Pro D2\"}]},{\"@type\":\"WebSite\",\"@id\":\"https:\/\/dicodusport.fr\/blog\/#website\",\"url\":\"https:\/\/dicodusport.fr\/blog\/\",\"name\":\"Dicodusport\",\"description\":\"L&#039;encyclop\u00e9die de l&#039;actualit\u00e9 sportive\",\"publisher\":{\"@id\":\"https:\/\/dicodusport.fr\/blog\/#organization\"},\"potentialAction\":[{\"@type\":\"SearchAction\",\"target\":{\"@type\":\"EntryPoint\",\"urlTemplate\":\"https:\/\/dicodusport.fr\/blog\/?s={search_term_string}\"},\"query-input\":{\"@type\":\"PropertyValueSpecification\",\"valueRequired\":true,\"valueName\":\"search_term_string\"}}],\"inLanguage\":\"fr-FR\"},{\"@type\":\"NewsMediaOrganization\",\"@id\":\"https:\/\/dicodusport.fr\/blog\/#organization\",\"name\":\"Dicodusport\",\"url\":\"https:\/\/dicodusport.fr\/blog\/\",\"logo\":{\"@type\":\"ImageObject\",\"inLanguage\":\"fr-FR\",\"@id\":\"https:\/\/dicodusport.fr\/blog\/#\/schema\/logo\/image\/\",\"url\":\"https:\/\/dicodusport.fr\/blog\/wp-content\/uploads\/2020\/06\/cropped-LOGO-DICODUSPORT-2020-SANS-FOND-SANS-TEXTE.png\",\"contentUrl\":\"https:\/\/dicodusport.fr\/blog\/wp-content\/uploads\/2020\/06\/cropped-LOGO-DICODUSPORT-2020-SANS-FOND-SANS-TEXTE.png\",\"width\":512,\"height\":512,\"caption\":\"Dicodusport\"},\"image\":{\"@id\":\"https:\/\/dicodusport.fr\/blog\/#\/schema\/logo\/image\/\"},\"sameAs\":[\"https:\/\/www.facebook.com\/dicodusport\",\"https:\/\/x.com\/dicodusport\",\"https:\/\/www.instagram.com\/dicodusport\/\",\"https:\/\/www.youtube.com\/channel\/UC7V2KZ5sd3htJivAbA4ZG3w\"],\"description\":\"Dicodusport est l'encyclop\u00e9die de l'actualit\u00e9 sportive.\",\"email\":\"bonjour@dicodusport.fr\",\"legalName\":\"DICODUSPORT\",\"foundingDate\":\"2018-01-14\",\"vatID\":\"FR71834470973\",\"taxID\":\"83447097300043\",\"numberOfEmployees\":{\"@type\":\"QuantitativeValue\",\"minValue\":\"1\",\"maxValue\":\"10\"}},{\"@type\":\"Person\",\"@id\":\"https:\/\/dicodusport.fr\/blog\/#\/schema\/person\/55dcb50ad410894e431ed812bbb70191\",\"name\":\"Nicolas Jacquemard\",\"image\":{\"@type\":\"ImageObject\",\"inLanguage\":\"fr-FR\",\"@id\":\"https:\/\/dicodusport.fr\/blog\/#\/schema\/person\/image\/\",\"url\":\"https:\/\/dicodusport.fr\/blog\/wp-content\/uploads\/2021\/05\/Nicolas-Jacquemard-150x150.jpeg\",\"contentUrl\":\"https:\/\/dicodusport.fr\/blog\/wp-content\/uploads\/2021\/05\/Nicolas-Jacquemard-150x150.jpeg\",\"caption\":\"Nicolas Jacquemard\"},\"description\":\"Passionn\u00e9 de sport et entrepreneur depuis mes 18 ans, la cr\u00e9ation de Dicodusport m'a sembl\u00e9 \u00e9vidente pour participer \u00e0 la m\u00e9diatisation d'un plus grand nombre de sports. Le chemin est long mais avec une \u00e9quipe des plus motiv\u00e9es et les Jeux Olympiques de Paris 2024 en point de mire, nous y arriverons ! Journaliste dans le monde du sport depuis plus de 5 ans, je traite aussi bien de football, de rugby, de biathlon que de cyclisme.\",\"sameAs\":[\"https:\/\/www.facebook.com\/dicodusport\",\"https:\/\/x.com\/https:\/\/twitter.com\/Nico_Jacquemard\"],\"url\":\"https:\/\/dicodusport.fr\/blog\/author\/dicodusport\/\"}]}<\/script>\n<!-- \/ Yoast SEO Premium plugin. -->","yoast_head_json":{"title":"Transferts USAP : Mathieu Acebes a une piste en Pro D2","description":"TOP 14 2023-2024 - Selon Sud-Ouest, Mathieu Acebes (USAP) est pist\u00e9 par le Biarritz Olympique pour la saison prochaine.\u00a0\u00a0","robots":{"index":"index","follow":"follow","max-snippet":"max-snippet:-1","max-image-preview":"max-image-preview:large","max-video-preview":"max-video-preview:-1"},"canonical":"https:\/\/dicodusport.fr\/blog\/transferts-usap-mathieu-acebes-a-une-piste-en-pro-d2\/","og_locale":"fr_FR","og_type":"article","og_title":"Transferts USAP : Mathieu Acebes a une piste en Pro D2","og_description":"TOP 14 2023-2024 - Selon Sud-Ouest, Mathieu Acebes (USAP) est pist\u00e9 par le Biarritz Olympique pour la saison prochaine.\u00a0\u00a0","og_url":"https:\/\/dicodusport.fr\/blog\/transferts-usap-mathieu-acebes-a-une-piste-en-pro-d2\/","og_site_name":"Dicodusport","article_publisher":"https:\/\/www.facebook.com\/dicodusport","article_author":"https:\/\/www.facebook.com\/dicodusport","article_published_time":"2024-06-08T10:56:44+00:00","article_modified_time":"2024-06-08T11:09:48+00:00","og_image":[{"width":1200,"height":674,"url":"https:\/\/dicodusport.fr\/blog\/wp-content\/uploads\/2024\/06\/Transferts-USAP-Mathieu-Acebes-a-une-piste-en-Pro-D2.png","type":"image\/png"}],"author":"Nicolas Jacquemard","twitter_card":"summary_large_image","twitter_title":"Transferts USAP : Mathieu Acebes a une piste en Pro D2","twitter_creator":"@https:\/\/twitter.com\/Nico_Jacquemard","twitter_site":"@dicodusport","schema":{"@context":"https:\/\/schema.org","@graph":[{"@type":"NewsArticle","@id":"https:\/\/dicodusport.fr\/blog\/transferts-usap-mathieu-acebes-a-une-piste-en-pro-d2\/#article","isPartOf":{"@id":"https:\/\/dicodusport.fr\/blog\/transferts-usap-mathieu-acebes-a-une-piste-en-pro-d2\/"},"author":{"name":"Nicolas Jacquemard","@id":"https:\/\/dicodusport.fr\/blog\/#\/schema\/person\/55dcb50ad410894e431ed812bbb70191"},"headline":"Transferts USAP : Mathieu Acebes a une piste en Pro D2","datePublished":"2024-06-08T10:56:44+00:00","dateModified":"2024-06-08T11:09:48+00:00","mainEntityOfPage":{"@id":"https:\/\/dicodusport.fr\/blog\/transferts-usap-mathieu-acebes-a-une-piste-en-pro-d2\/"},"wordCount":258,"commentCount":0,"publisher":{"@id":"https:\/\/dicodusport.fr\/blog\/#organization"},"image":{"@id":"https:\/\/dicodusport.fr\/blog\/transferts-usap-mathieu-acebes-a-une-piste-en-pro-d2\/#primaryimage"},"thumbnailUrl":"https:\/\/dicodusport.fr\/blog\/wp-content\/uploads\/2024\/06\/Transferts-USAP-Mathieu-Acebes-a-une-piste-en-Pro-D2.png","keywords":["biarritz","br\u00e8ve","USAP"],"articleSection":["Rugby \u00e0 XV","Top 14"],"inLanguage":"fr-FR","potentialAction":[{"@type":"CommentAction","name":"Comment","target":["https:\/\/dicodusport.fr\/blog\/transferts-usap-mathieu-acebes-a-une-piste-en-pro-d2\/#respond"]}],"copyrightYear":"2024","copyrightHolder":{"@id":"https:\/\/dicodusport.fr\/blog\/#organization"}},{"@type":"WebPage","@id":"https:\/\/dicodusport.fr\/blog\/transferts-usap-mathieu-acebes-a-une-piste-en-pro-d2\/","url":"https:\/\/dicodusport.fr\/blog\/transferts-usap-mathieu-acebes-a-une-piste-en-pro-d2\/","name":"Transferts USAP : Mathieu Acebes a une piste en Pro D2","isPartOf":{"@id":"https:\/\/dicodusport.fr\/blog\/#website"},"primaryImageOfPage":{"@id":"https:\/\/dicodusport.fr\/blog\/transferts-usap-mathieu-acebes-a-une-piste-en-pro-d2\/#primaryimage"},"image":{"@id":"https:\/\/dicodusport.fr\/blog\/transferts-usap-mathieu-acebes-a-une-piste-en-pro-d2\/#primaryimage"},"thumbnailUrl":"https:\/\/dicodusport.fr\/blog\/wp-content\/uploads\/2024\/06\/Transferts-USAP-Mathieu-Acebes-a-une-piste-en-Pro-D2.png","datePublished":"2024-06-08T10:56:44+00:00","dateModified":"2024-06-08T11:09:48+00:00","description":"TOP 14 2023-2024 - Selon Sud-Ouest, Mathieu Acebes (USAP) est pist\u00e9 par le Biarritz Olympique pour la saison prochaine.\u00a0\u00a0","breadcrumb":{"@id":"https:\/\/dicodusport.fr\/blog\/transferts-usap-mathieu-acebes-a-une-piste-en-pro-d2\/#breadcrumb"},"inLanguage":"fr-FR","potentialAction":[{"@type":"ReadAction","target":["https:\/\/dicodusport.fr\/blog\/transferts-usap-mathieu-acebes-a-une-piste-en-pro-d2\/"]}]},{"@type":"ImageObject","inLanguage":"fr-FR","@id":"https:\/\/dicodusport.fr\/blog\/transferts-usap-mathieu-acebes-a-une-piste-en-pro-d2\/#primaryimage","url":"https:\/\/dicodusport.fr\/blog\/wp-content\/uploads\/2024\/06\/Transferts-USAP-Mathieu-Acebes-a-une-piste-en-Pro-D2.png","contentUrl":"https:\/\/dicodusport.fr\/blog\/wp-content\/uploads\/2024\/06\/Transferts-USAP-Mathieu-Acebes-a-une-piste-en-Pro-D2.png","width":1200,"height":674},{"@type":"BreadcrumbList","@id":"https:\/\/dicodusport.fr\/blog\/transferts-usap-mathieu-acebes-a-une-piste-en-pro-d2\/#breadcrumb","itemListElement":[{"@type":"ListItem","position":1,"name":"Accueil","item":"https:\/\/dicodusport.fr\/blog\/"},{"@type":"ListItem","position":2,"name":"Transferts USAP : Mathieu Acebes a une piste en Pro D2"}]},{"@type":"WebSite","@id":"https:\/\/dicodusport.fr\/blog\/#website","url":"https:\/\/dicodusport.fr\/blog\/","name":"Dicodusport","description":"L&#039;encyclop\u00e9die de l&#039;actualit\u00e9 sportive","publisher":{"@id":"https:\/\/dicodusport.fr\/blog\/#organization"},"potentialAction":[{"@type":"SearchAction","target":{"@type":"EntryPoint","urlTemplate":"https:\/\/dicodusport.fr\/blog\/?s={search_term_string}"},"query-input":{"@type":"PropertyValueSpecification","valueRequired":true,"valueName":"search_term_string"}}],"inLanguage":"fr-FR"},{"@type":"NewsMediaOrganization","@id":"https:\/\/dicodusport.fr\/blog\/#organization","name":"Dicodusport","url":"https:\/\/dicodusport.fr\/blog\/","logo":{"@type":"ImageObject","inLanguage":"fr-FR","@id":"https:\/\/dicodusport.fr\/blog\/#\/schema\/logo\/image\/","url":"https:\/\/dicodusport.fr\/blog\/wp-content\/uploads\/2020\/06\/cropped-LOGO-DICODUSPORT-2020-SANS-FOND-SANS-TEXTE.png","contentUrl":"https:\/\/dicodusport.fr\/blog\/wp-content\/uploads\/2020\/06\/cropped-LOGO-DICODUSPORT-2020-SANS-FOND-SANS-TEXTE.png","width":512,"height":512,"caption":"Dicodusport"},"image":{"@id":"https:\/\/dicodusport.fr\/blog\/#\/schema\/logo\/image\/"},"sameAs":["https:\/\/www.facebook.com\/dicodusport","https:\/\/x.com\/dicodusport","https:\/\/www.instagram.com\/dicodusport\/","https:\/\/www.youtube.com\/channel\/UC7V2KZ5sd3htJivAbA4ZG3w"],"description":"Dicodusport est l'encyclop\u00e9die de l'actualit\u00e9 sportive.","email":"bonjour@dicodusport.fr","legalName":"DICODUSPORT","foundingDate":"2018-01-14","vatID":"FR71834470973","taxID":"83447097300043","numberOfEmployees":{"@type":"QuantitativeValue","minValue":"1","maxValue":"10"}},{"@type":"Person","@id":"https:\/\/dicodusport.fr\/blog\/#\/schema\/person\/55dcb50ad410894e431ed812bbb70191","name":"Nicolas Jacquemard","image":{"@type":"ImageObject","inLanguage":"fr-FR","@id":"https:\/\/dicodusport.fr\/blog\/#\/schema\/person\/image\/","url":"https:\/\/dicodusport.fr\/blog\/wp-content\/uploads\/2021\/05\/Nicolas-Jacquemard-150x150.jpeg","contentUrl":"https:\/\/dicodusport.fr\/blog\/wp-content\/uploads\/2021\/05\/Nicolas-Jacquemard-150x150.jpeg","caption":"Nicolas Jacquemard"},"description":"Passionn\u00e9 de sport et entrepreneur depuis mes 18 ans, la cr\u00e9ation de Dicodusport m'a sembl\u00e9 \u00e9vidente pour participer \u00e0 la m\u00e9diatisation d'un plus grand nombre de sports. Le chemin est long mais avec une \u00e9quipe des plus motiv\u00e9es et les Jeux Olympiques de Paris 2024 en point de mire, nous y arriverons ! Journaliste dans le monde du sport depuis plus de 5 ans, je traite aussi bien de football, de rugby, de biathlon que de cyclisme.","sameAs":["https:\/\/www.facebook.com\/dicodusport","https:\/\/x.com\/https:\/\/twitter.com\/Nico_Jacquemard"],"url":"https:\/\/dicodusport.fr\/blog\/author\/dicodusport\/"}]}},"_links":{"self":[{"href":"https:\/\/dicodusport.fr\/blog\/wp-json\/wp\/v2\/posts\/491134","targetHints":{"allow":["GET"]}}],"collection":[{"href":"https:\/\/dicodusport.fr\/blog\/wp-json\/wp\/v2\/posts"}],"about":[{"href":"https:\/\/dicodusport.fr\/blog\/wp-json\/wp\/v2\/types\/post"}],"author":[{"embeddable":true,"href":"https:\/\/dicodusport.fr\/blog\/wp-json\/wp\/v2\/users\/1"}],"replies":[{"embeddable":true,"href":"https:\/\/dicodusport.fr\/blog\/wp-json\/wp\/v2\/comments?post=491134"}],"version-history":[{"count":2,"href":"https:\/\/dicodusport.fr\/blog\/wp-json\/wp\/v2\/posts\/491134\/revisions"}],"predecessor-version":[{"id":491153,"href":"https:\/\/dicodusport.fr\/blog\/wp-json\/wp\/v2\/posts\/491134\/revisions\/491153"}],"wp:featuredmedia":[{"embeddable":true,"href":"https:\/\/dicodusport.fr\/blog\/wp-json\/wp\/v2\/media\/491136"}],"wp:attachment":[{"href":"https:\/\/dicodusport.fr\/blog\/wp-json\/wp\/v2\/media?parent=491134"}],"wp:term":[{"taxonomy":"category","embeddable":true,"href":"https:\/\/dicodusport.fr\/blog\/wp-json\/wp\/v2\/categories?post=491134"},{"taxonomy":"post_tag","embeddable":true,"href":"https:\/\/dicodusport.fr\/blog\/wp-json\/wp\/v2\/tags?post=491134"}],"curies":[{"name":"wp","href":"https:\/\/api.w.org\/{rel}","templated":true}]}}