{"id":491369,"date":"2024-06-08T22:10:59","date_gmt":"2024-06-08T20:10:59","guid":{"rendered":"https:\/\/dicodusport.fr\/blog\/?p=491369&#038;preview=true&#038;preview_id=491369"},"modified":"2024-06-08T23:56:21","modified_gmt":"2024-06-08T21:56:21","slug":"athletisme-championnats-deurope-2024-auriana-lazraq-khlass-vice-championne-deurope-de-lheptathlon","status":"publish","type":"post","link":"https:\/\/dicodusport.fr\/blog\/athletisme-championnats-deurope-2024-auriana-lazraq-khlass-vice-championne-deurope-de-lheptathlon\/","title":{"rendered":"Athl\u00e9tisme Championnats d&rsquo;Europe 2024 : Auriana Lazraq-Khlass vice-championne d&rsquo;Europe de l&rsquo;heptathlon !"},"content":{"rendered":"<p style=\"text-align: justify;\"><strong><em>ATHLETISME CHAMPIONNATS D&rsquo;EUROPE 2024 &#8211; Eblouissante depuis hier, la Fran\u00e7aise Auriana Lazraq-Khlass est devenue ce samedi soir vice-championne d&rsquo;Europe de l&rsquo;heptathlon, r\u00e9alisant au passage les minima olympiques et battant son record personnel dans six des sept \u00e9preuves !<\/em><\/strong><\/p>\n<p style=\"text-align: justify;\">Au bilan des engag\u00e9es, elle figurait dans le Top 5 avant le d\u00e9but de ces championnats. Pourtant, il fallait relativiser \u00e9tant donn\u00e9 qu&rsquo;un certain nombre d&rsquo;heptathl\u00e8tes n&rsquo;avait pas de score en 2024. <strong>Auriana Lazraq-Khlass<\/strong> a pourtant fait mentir les pronostics, r\u00e9alisant un heptathlon sensationnel pour s&rsquo;adjuger, \u00e0 25 ans, le premier podium en grand championnat de sa carri\u00e8re.<\/p>\n<ul>\n<li><strong>\u00c0 ce sujet &#8211;\u00a0<a href=\"https:\/\/dicodusport.fr\/blog\/programme-et-resultats-athletisme-championnats-deurope-2024\/\">Programme et r\u00e9sultats des Championnats d&rsquo;Europe d&rsquo;athl\u00e9tisme<\/a><\/strong><\/li>\n<\/ul>\n<p style=\"text-align: justify;\">Tout avait d\u00e9but\u00e9 pour le mieux la veille ! <a href=\"https:\/\/dicodusport.fr\/blog\/athletisme-championnats-deurope-2024-la-tornade-lazraq-khkass-les-premiers-titres-decernes\/\">Quatre records en quatre \u00e9preuves<\/a> ! Ce samedi, elle d\u00e9butait tambour battant en s&rsquo;approchant \u00e0 3 cm de son record personnel sur le saut en longueur. Loin de s&rsquo;en contenter, elle d\u00e9tonnait par la suite au javelot, explosant son meilleur lancer en carri\u00e8re de pr\u00e8s de 4m30 en envoyant son engin \u00e0 48m23 ! Avant d&rsquo;aborder le 800m, \u00e9pilogue de ces travaux hercul\u00e9ens, elle pointait ainsi \u00e0 la deuxi\u00e8me place du g\u00e9n\u00e9ral, loin derri\u00e8re la championne d&rsquo;Europe, <strong>Nafissatou Thiam<\/strong> mais avec une marge d&rsquo;environ 5 secondes sur l&rsquo;autre Belge, <strong>Noor Vidts<\/strong>.<\/p>\n<ul>\n<li><strong>\u00c0 ce sujet &#8211;\u00a0<a href=\"https:\/\/dicodusport.fr\/blog\/tableau-des-medailles-athletisme-championnats-deurope-2024\/\">Tableau des m\u00e9dailles des Championnats d&rsquo;Europe d&rsquo;athl\u00e9tisme<\/a><\/strong><\/li>\n<\/ul>\n<p style=\"text-align: justify;\">Si les supporteurs fran\u00e7ais ont trembl\u00e9 voyant la Belge repasser devant la tricolore de mani\u00e8re \u00e9ph\u00e9m\u00e8re, <strong>Auriana Lazraq-Khlass<\/strong> g\u00e9rait en r\u00e9alit\u00e9 sa course, terminant fort pour assurer sa deuxi\u00e8me place au g\u00e9n\u00e9ral, signant un sixi\u00e8me record personnel en sept \u00e9preuves. A Budapest, l&rsquo;an dernier, elle terminait 12\u00e8me avec un score de 6179 points. Dix mois plus tard, la voil\u00e0 vice-championne d&rsquo;Europe avec 6635 points et qualifi\u00e9e aux Jeux Olympiques avec le troisi\u00e8me bilan mondial pour l&rsquo;heure !<\/p>\n<blockquote class=\"twitter-tweet\">\n<p dir=\"ltr\" lang=\"fr\">\ud83e\udd29 Elle est M A G I Q U E !<\/p>\n<p>\ud83e\udd48 Auriana Lazraq-Khlass devient vice-championne d\u2019Europe de l\u2019heptathlon (6 635 pts) !<\/p>\n<p>7 \u00e9preuves, 6 records personnels et les minima olympiques en poche, merci Auriana pour ces \u00e9motions !<\/p>\n<p>\ud83d\udcbb La comp\u00e9tition est \u00e0 suivre en DIRECT sur <a href=\"https:\/\/twitter.com\/francetvsport?ref_src=twsrc%5Etfw\">@francetvsport<\/a>\u2026 <a href=\"https:\/\/t.co\/yquhvTKtJe\">pic.twitter.com\/yquhvTKtJe<\/a><\/p>\n<p>\u2014 FFAthl\u00e9tisme (@FFAthletisme) <a href=\"https:\/\/twitter.com\/FFAthletisme\/status\/1799534384757743752?ref_src=twsrc%5Etfw\">June 8, 2024<\/a><\/p><\/blockquote>\n<p><script src=\"https:\/\/platform.twitter.com\/widgets.js\" async=\"\" charset=\"utf-8\"><\/script><\/p>\n","protected":false},"excerpt":{"rendered":"<p>ATHLETISME CHAMPIONNATS D&rsquo;EUROPE 2024 &#8211; Eblouissante depuis hier, la Fran\u00e7aise Auriana Lazraq-Khlass est devenue ce samedi soir vice-championne d&rsquo;Europe de l&rsquo;heptathlon, r\u00e9alisant au passage les minima olympiques et battant son record personnel dans six des sept \u00e9preuves !<\/p>\n","protected":false},"author":91,"featured_media":491443,"comment_status":"open","ping_status":"closed","sticky":false,"template":"","format":"standard","meta":{"_acf_changed":false,"_daextam_enable_autolinks":"1","footnotes":""},"categories":[2308],"tags":[29287,16878,24],"class_list":["post-491369","post","type-post","status-publish","format-standard","has-post-thumbnail","hentry","category-athletisme","tag-auriana-lazraq-khlass","tag-breve","tag-sport"],"acf":[],"yoast_head":"<!-- This site is optimized with the Yoast SEO Premium plugin v26.7 (Yoast SEO v26.7) - https:\/\/yoast.com\/wordpress\/plugins\/seo\/ -->\n<title>Athl\u00e9tisme Championnats d&#039;Europe 2024 : Auriana Lazraq-Khlass vice-championne d&#039;Europe de l&#039;heptathlon !<\/title>\n<meta name=\"description\" content=\"ATHLETISME CHAMPIONNATS D&#039;EUROPE 2024 -Auriana Lazraq-Khlass est devenue ce samedi soir vice-championne d&#039;Europe de l&#039;heptathlon.\" \/>\n<meta name=\"robots\" content=\"index, follow, max-snippet:-1, max-image-preview:large, max-video-preview:-1\" \/>\n<link rel=\"canonical\" href=\"https:\/\/dicodusport.fr\/blog\/athletisme-championnats-deurope-2024-auriana-lazraq-khlass-vice-championne-deurope-de-lheptathlon\/\" \/>\n<meta property=\"og:locale\" content=\"fr_FR\" \/>\n<meta property=\"og:type\" content=\"article\" \/>\n<meta property=\"og:title\" content=\"Athl\u00e9tisme Championnats d&#039;Europe 2024 : Auriana Lazraq-Khlass vice-championne d&#039;Europe de l&#039;heptathlon !\" \/>\n<meta property=\"og:description\" content=\"ATHLETISME CHAMPIONNATS D&#039;EUROPE 2024 -Auriana Lazraq-Khlass est devenue ce samedi soir vice-championne d&#039;Europe de l&#039;heptathlon.\" \/>\n<meta property=\"og:url\" content=\"https:\/\/dicodusport.fr\/blog\/athletisme-championnats-deurope-2024-auriana-lazraq-khlass-vice-championne-deurope-de-lheptathlon\/\" \/>\n<meta property=\"og:site_name\" content=\"Dicodusport\" \/>\n<meta property=\"article:publisher\" content=\"https:\/\/www.facebook.com\/dicodusport\" \/>\n<meta property=\"article:published_time\" content=\"2024-06-08T20:10:59+00:00\" \/>\n<meta property=\"article:modified_time\" content=\"2024-06-08T21:56:21+00:00\" \/>\n<meta property=\"og:image\" content=\"https:\/\/dicodusport.fr\/blog\/wp-content\/uploads\/2024\/06\/Athletisme-Championnats-dEurope-2024-Auriana-Lazraq-Khlass-vice-championne-dEurope-de-lheptathlon.png\" \/>\n\t<meta property=\"og:image:width\" content=\"1200\" \/>\n\t<meta property=\"og:image:height\" content=\"674\" \/>\n\t<meta property=\"og:image:type\" content=\"image\/png\" \/>\n<meta name=\"author\" content=\"Victor Clot-Amiot\" \/>\n<meta name=\"twitter:card\" content=\"summary_large_image\" \/>\n<meta name=\"twitter:title\" content=\"Athl\u00e9tisme Championnats d&#039;Europe 2024 : Auriana Lazraq-Khlass vice-championne d&#039;Europe de l&#039;heptathlon !\" \/>\n<meta name=\"twitter:creator\" content=\"@https:\/\/x.com\/VictorClotAmiot\" \/>\n<meta name=\"twitter:site\" content=\"@dicodusport\" \/>\n<script type=\"application\/ld+json\" class=\"yoast-schema-graph\">{\"@context\":\"https:\/\/schema.org\",\"@graph\":[{\"@type\":\"NewsArticle\",\"@id\":\"https:\/\/dicodusport.fr\/blog\/athletisme-championnats-deurope-2024-auriana-lazraq-khlass-vice-championne-deurope-de-lheptathlon\/#article\",\"isPartOf\":{\"@id\":\"https:\/\/dicodusport.fr\/blog\/athletisme-championnats-deurope-2024-auriana-lazraq-khlass-vice-championne-deurope-de-lheptathlon\/\"},\"author\":{\"name\":\"Victor Clot-Amiot\",\"@id\":\"https:\/\/dicodusport.fr\/blog\/#\/schema\/person\/b623199cba9ba90fe84a3d16e9282360\"},\"headline\":\"Athl\u00e9tisme Championnats d&rsquo;Europe 2024 : Auriana Lazraq-Khlass vice-championne d&rsquo;Europe de l&rsquo;heptathlon !\",\"datePublished\":\"2024-06-08T20:10:59+00:00\",\"dateModified\":\"2024-06-08T21:56:21+00:00\",\"mainEntityOfPage\":{\"@id\":\"https:\/\/dicodusport.fr\/blog\/athletisme-championnats-deurope-2024-auriana-lazraq-khlass-vice-championne-deurope-de-lheptathlon\/\"},\"wordCount\":392,\"commentCount\":0,\"publisher\":{\"@id\":\"https:\/\/dicodusport.fr\/blog\/#organization\"},\"image\":{\"@id\":\"https:\/\/dicodusport.fr\/blog\/athletisme-championnats-deurope-2024-auriana-lazraq-khlass-vice-championne-deurope-de-lheptathlon\/#primaryimage\"},\"thumbnailUrl\":\"https:\/\/dicodusport.fr\/blog\/wp-content\/uploads\/2024\/06\/Athletisme-Championnats-dEurope-2024-Auriana-Lazraq-Khlass-vice-championne-dEurope-de-lheptathlon.png\",\"keywords\":[\"Auriana Lazraq-Khlass\",\"br\u00e8ve\",\"sport\"],\"articleSection\":[\"Athl\u00e9tisme\"],\"inLanguage\":\"fr-FR\",\"potentialAction\":[{\"@type\":\"CommentAction\",\"name\":\"Comment\",\"target\":[\"https:\/\/dicodusport.fr\/blog\/athletisme-championnats-deurope-2024-auriana-lazraq-khlass-vice-championne-deurope-de-lheptathlon\/#respond\"]}],\"copyrightYear\":\"2024\",\"copyrightHolder\":{\"@id\":\"https:\/\/dicodusport.fr\/blog\/#organization\"}},{\"@type\":\"WebPage\",\"@id\":\"https:\/\/dicodusport.fr\/blog\/athletisme-championnats-deurope-2024-auriana-lazraq-khlass-vice-championne-deurope-de-lheptathlon\/\",\"url\":\"https:\/\/dicodusport.fr\/blog\/athletisme-championnats-deurope-2024-auriana-lazraq-khlass-vice-championne-deurope-de-lheptathlon\/\",\"name\":\"Athl\u00e9tisme Championnats d'Europe 2024 : Auriana Lazraq-Khlass vice-championne d'Europe de l'heptathlon !\",\"isPartOf\":{\"@id\":\"https:\/\/dicodusport.fr\/blog\/#website\"},\"primaryImageOfPage\":{\"@id\":\"https:\/\/dicodusport.fr\/blog\/athletisme-championnats-deurope-2024-auriana-lazraq-khlass-vice-championne-deurope-de-lheptathlon\/#primaryimage\"},\"image\":{\"@id\":\"https:\/\/dicodusport.fr\/blog\/athletisme-championnats-deurope-2024-auriana-lazraq-khlass-vice-championne-deurope-de-lheptathlon\/#primaryimage\"},\"thumbnailUrl\":\"https:\/\/dicodusport.fr\/blog\/wp-content\/uploads\/2024\/06\/Athletisme-Championnats-dEurope-2024-Auriana-Lazraq-Khlass-vice-championne-dEurope-de-lheptathlon.png\",\"datePublished\":\"2024-06-08T20:10:59+00:00\",\"dateModified\":\"2024-06-08T21:56:21+00:00\",\"description\":\"ATHLETISME CHAMPIONNATS D'EUROPE 2024 -Auriana Lazraq-Khlass est devenue ce samedi soir vice-championne d'Europe de l'heptathlon.\",\"breadcrumb\":{\"@id\":\"https:\/\/dicodusport.fr\/blog\/athletisme-championnats-deurope-2024-auriana-lazraq-khlass-vice-championne-deurope-de-lheptathlon\/#breadcrumb\"},\"inLanguage\":\"fr-FR\",\"potentialAction\":[{\"@type\":\"ReadAction\",\"target\":[\"https:\/\/dicodusport.fr\/blog\/athletisme-championnats-deurope-2024-auriana-lazraq-khlass-vice-championne-deurope-de-lheptathlon\/\"]}]},{\"@type\":\"ImageObject\",\"inLanguage\":\"fr-FR\",\"@id\":\"https:\/\/dicodusport.fr\/blog\/athletisme-championnats-deurope-2024-auriana-lazraq-khlass-vice-championne-deurope-de-lheptathlon\/#primaryimage\",\"url\":\"https:\/\/dicodusport.fr\/blog\/wp-content\/uploads\/2024\/06\/Athletisme-Championnats-dEurope-2024-Auriana-Lazraq-Khlass-vice-championne-dEurope-de-lheptathlon.png\",\"contentUrl\":\"https:\/\/dicodusport.fr\/blog\/wp-content\/uploads\/2024\/06\/Athletisme-Championnats-dEurope-2024-Auriana-Lazraq-Khlass-vice-championne-dEurope-de-lheptathlon.png\",\"width\":1200,\"height\":674,\"caption\":\"Athl\u00e9tisme - Championnats d'Europe 2024 - Auriana Lazraq-Khlass vice-championne d'Europe de l'heptathlon\"},{\"@type\":\"BreadcrumbList\",\"@id\":\"https:\/\/dicodusport.fr\/blog\/athletisme-championnats-deurope-2024-auriana-lazraq-khlass-vice-championne-deurope-de-lheptathlon\/#breadcrumb\",\"itemListElement\":[{\"@type\":\"ListItem\",\"position\":1,\"name\":\"Accueil\",\"item\":\"https:\/\/dicodusport.fr\/blog\/\"},{\"@type\":\"ListItem\",\"position\":2,\"name\":\"Athl\u00e9tisme Championnats d&rsquo;Europe 2024 : Auriana Lazraq-Khlass vice-championne d&rsquo;Europe de l&rsquo;heptathlon !\"}]},{\"@type\":\"WebSite\",\"@id\":\"https:\/\/dicodusport.fr\/blog\/#website\",\"url\":\"https:\/\/dicodusport.fr\/blog\/\",\"name\":\"Dicodusport\",\"description\":\"L&#039;encyclop\u00e9die de l&#039;actualit\u00e9 sportive\",\"publisher\":{\"@id\":\"https:\/\/dicodusport.fr\/blog\/#organization\"},\"potentialAction\":[{\"@type\":\"SearchAction\",\"target\":{\"@type\":\"EntryPoint\",\"urlTemplate\":\"https:\/\/dicodusport.fr\/blog\/?s={search_term_string}\"},\"query-input\":{\"@type\":\"PropertyValueSpecification\",\"valueRequired\":true,\"valueName\":\"search_term_string\"}}],\"inLanguage\":\"fr-FR\"},{\"@type\":\"NewsMediaOrganization\",\"@id\":\"https:\/\/dicodusport.fr\/blog\/#organization\",\"name\":\"Dicodusport\",\"url\":\"https:\/\/dicodusport.fr\/blog\/\",\"logo\":{\"@type\":\"ImageObject\",\"inLanguage\":\"fr-FR\",\"@id\":\"https:\/\/dicodusport.fr\/blog\/#\/schema\/logo\/image\/\",\"url\":\"https:\/\/dicodusport.fr\/blog\/wp-content\/uploads\/2020\/06\/cropped-LOGO-DICODUSPORT-2020-SANS-FOND-SANS-TEXTE.png\",\"contentUrl\":\"https:\/\/dicodusport.fr\/blog\/wp-content\/uploads\/2020\/06\/cropped-LOGO-DICODUSPORT-2020-SANS-FOND-SANS-TEXTE.png\",\"width\":512,\"height\":512,\"caption\":\"Dicodusport\"},\"image\":{\"@id\":\"https:\/\/dicodusport.fr\/blog\/#\/schema\/logo\/image\/\"},\"sameAs\":[\"https:\/\/www.facebook.com\/dicodusport\",\"https:\/\/x.com\/dicodusport\",\"https:\/\/www.instagram.com\/dicodusport\/\",\"https:\/\/www.youtube.com\/channel\/UC7V2KZ5sd3htJivAbA4ZG3w\"],\"description\":\"Dicodusport est l'encyclop\u00e9die de l'actualit\u00e9 sportive.\",\"email\":\"bonjour@dicodusport.fr\",\"legalName\":\"DICODUSPORT\",\"foundingDate\":\"2018-01-14\",\"vatID\":\"FR71834470973\",\"taxID\":\"83447097300043\",\"numberOfEmployees\":{\"@type\":\"QuantitativeValue\",\"minValue\":\"1\",\"maxValue\":\"10\"}},{\"@type\":\"Person\",\"@id\":\"https:\/\/dicodusport.fr\/blog\/#\/schema\/person\/b623199cba9ba90fe84a3d16e9282360\",\"name\":\"Victor Clot-Amiot\",\"image\":{\"@type\":\"ImageObject\",\"inLanguage\":\"fr-FR\",\"@id\":\"https:\/\/dicodusport.fr\/blog\/#\/schema\/person\/image\/\",\"url\":\"https:\/\/dicodusport.fr\/blog\/wp-content\/uploads\/2023\/09\/IMG_20190826_114722-150x150.jpg\",\"contentUrl\":\"https:\/\/dicodusport.fr\/blog\/wp-content\/uploads\/2023\/09\/IMG_20190826_114722-150x150.jpg\",\"caption\":\"Victor Clot-Amiot\"},\"description\":\"Passionn\u00e9 de sport depuis toujours, un jour \u00e0 l'adolescence mes parents m'ont dit : \\\"quitte \u00e0 passer ton temps \u00e0 regarder du sport, au moins va le voir en vrai\\\" ! Depuis, cette remarque ne m'a plus quitt\u00e9 et je passe une grande partie de mon temps libre \u00e0 assister \u00e0 des comp\u00e9titions de tous sports. Je m\u00eale d'ailleurs mes deux passions, le sport et les voyages afin de faire une pierre deux coups ! Outre l'US Open ou l'Euro 2021 par exemple, j'ai assist\u00e9 cet \u00e9t\u00e9 aux Mondiaux d'athl\u00e9tisme \u00e0 Budapest. Mon plus gros coup dur est et restera les JO 2020-2021 pour lesquels j'avais r\u00e9serv\u00e9 17 \u00e9preuves. La suite, vous la connaissez...\",\"sameAs\":[\"https:\/\/x.com\/https:\/\/x.com\/VictorClotAmiot\"],\"url\":\"https:\/\/dicodusport.fr\/blog\/author\/victor-clot-amiot\/\"}]}<\/script>\n<!-- \/ Yoast SEO Premium plugin. -->","yoast_head_json":{"title":"Athl\u00e9tisme Championnats d'Europe 2024 : Auriana Lazraq-Khlass vice-championne d'Europe de l'heptathlon !","description":"ATHLETISME CHAMPIONNATS D'EUROPE 2024 -Auriana Lazraq-Khlass est devenue ce samedi soir vice-championne d'Europe de l'heptathlon.","robots":{"index":"index","follow":"follow","max-snippet":"max-snippet:-1","max-image-preview":"max-image-preview:large","max-video-preview":"max-video-preview:-1"},"canonical":"https:\/\/dicodusport.fr\/blog\/athletisme-championnats-deurope-2024-auriana-lazraq-khlass-vice-championne-deurope-de-lheptathlon\/","og_locale":"fr_FR","og_type":"article","og_title":"Athl\u00e9tisme Championnats d'Europe 2024 : Auriana Lazraq-Khlass vice-championne d'Europe de l'heptathlon !","og_description":"ATHLETISME CHAMPIONNATS D'EUROPE 2024 -Auriana Lazraq-Khlass est devenue ce samedi soir vice-championne d'Europe de l'heptathlon.","og_url":"https:\/\/dicodusport.fr\/blog\/athletisme-championnats-deurope-2024-auriana-lazraq-khlass-vice-championne-deurope-de-lheptathlon\/","og_site_name":"Dicodusport","article_publisher":"https:\/\/www.facebook.com\/dicodusport","article_published_time":"2024-06-08T20:10:59+00:00","article_modified_time":"2024-06-08T21:56:21+00:00","og_image":[{"width":1200,"height":674,"url":"https:\/\/dicodusport.fr\/blog\/wp-content\/uploads\/2024\/06\/Athletisme-Championnats-dEurope-2024-Auriana-Lazraq-Khlass-vice-championne-dEurope-de-lheptathlon.png","type":"image\/png"}],"author":"Victor Clot-Amiot","twitter_card":"summary_large_image","twitter_title":"Athl\u00e9tisme Championnats d'Europe 2024 : Auriana Lazraq-Khlass vice-championne d'Europe de l'heptathlon !","twitter_creator":"@https:\/\/x.com\/VictorClotAmiot","twitter_site":"@dicodusport","schema":{"@context":"https:\/\/schema.org","@graph":[{"@type":"NewsArticle","@id":"https:\/\/dicodusport.fr\/blog\/athletisme-championnats-deurope-2024-auriana-lazraq-khlass-vice-championne-deurope-de-lheptathlon\/#article","isPartOf":{"@id":"https:\/\/dicodusport.fr\/blog\/athletisme-championnats-deurope-2024-auriana-lazraq-khlass-vice-championne-deurope-de-lheptathlon\/"},"author":{"name":"Victor Clot-Amiot","@id":"https:\/\/dicodusport.fr\/blog\/#\/schema\/person\/b623199cba9ba90fe84a3d16e9282360"},"headline":"Athl\u00e9tisme Championnats d&rsquo;Europe 2024 : Auriana Lazraq-Khlass vice-championne d&rsquo;Europe de l&rsquo;heptathlon !","datePublished":"2024-06-08T20:10:59+00:00","dateModified":"2024-06-08T21:56:21+00:00","mainEntityOfPage":{"@id":"https:\/\/dicodusport.fr\/blog\/athletisme-championnats-deurope-2024-auriana-lazraq-khlass-vice-championne-deurope-de-lheptathlon\/"},"wordCount":392,"commentCount":0,"publisher":{"@id":"https:\/\/dicodusport.fr\/blog\/#organization"},"image":{"@id":"https:\/\/dicodusport.fr\/blog\/athletisme-championnats-deurope-2024-auriana-lazraq-khlass-vice-championne-deurope-de-lheptathlon\/#primaryimage"},"thumbnailUrl":"https:\/\/dicodusport.fr\/blog\/wp-content\/uploads\/2024\/06\/Athletisme-Championnats-dEurope-2024-Auriana-Lazraq-Khlass-vice-championne-dEurope-de-lheptathlon.png","keywords":["Auriana Lazraq-Khlass","br\u00e8ve","sport"],"articleSection":["Athl\u00e9tisme"],"inLanguage":"fr-FR","potentialAction":[{"@type":"CommentAction","name":"Comment","target":["https:\/\/dicodusport.fr\/blog\/athletisme-championnats-deurope-2024-auriana-lazraq-khlass-vice-championne-deurope-de-lheptathlon\/#respond"]}],"copyrightYear":"2024","copyrightHolder":{"@id":"https:\/\/dicodusport.fr\/blog\/#organization"}},{"@type":"WebPage","@id":"https:\/\/dicodusport.fr\/blog\/athletisme-championnats-deurope-2024-auriana-lazraq-khlass-vice-championne-deurope-de-lheptathlon\/","url":"https:\/\/dicodusport.fr\/blog\/athletisme-championnats-deurope-2024-auriana-lazraq-khlass-vice-championne-deurope-de-lheptathlon\/","name":"Athl\u00e9tisme Championnats d'Europe 2024 : Auriana Lazraq-Khlass vice-championne d'Europe de l'heptathlon !","isPartOf":{"@id":"https:\/\/dicodusport.fr\/blog\/#website"},"primaryImageOfPage":{"@id":"https:\/\/dicodusport.fr\/blog\/athletisme-championnats-deurope-2024-auriana-lazraq-khlass-vice-championne-deurope-de-lheptathlon\/#primaryimage"},"image":{"@id":"https:\/\/dicodusport.fr\/blog\/athletisme-championnats-deurope-2024-auriana-lazraq-khlass-vice-championne-deurope-de-lheptathlon\/#primaryimage"},"thumbnailUrl":"https:\/\/dicodusport.fr\/blog\/wp-content\/uploads\/2024\/06\/Athletisme-Championnats-dEurope-2024-Auriana-Lazraq-Khlass-vice-championne-dEurope-de-lheptathlon.png","datePublished":"2024-06-08T20:10:59+00:00","dateModified":"2024-06-08T21:56:21+00:00","description":"ATHLETISME CHAMPIONNATS D'EUROPE 2024 -Auriana Lazraq-Khlass est devenue ce samedi soir vice-championne d'Europe de l'heptathlon.","breadcrumb":{"@id":"https:\/\/dicodusport.fr\/blog\/athletisme-championnats-deurope-2024-auriana-lazraq-khlass-vice-championne-deurope-de-lheptathlon\/#breadcrumb"},"inLanguage":"fr-FR","potentialAction":[{"@type":"ReadAction","target":["https:\/\/dicodusport.fr\/blog\/athletisme-championnats-deurope-2024-auriana-lazraq-khlass-vice-championne-deurope-de-lheptathlon\/"]}]},{"@type":"ImageObject","inLanguage":"fr-FR","@id":"https:\/\/dicodusport.fr\/blog\/athletisme-championnats-deurope-2024-auriana-lazraq-khlass-vice-championne-deurope-de-lheptathlon\/#primaryimage","url":"https:\/\/dicodusport.fr\/blog\/wp-content\/uploads\/2024\/06\/Athletisme-Championnats-dEurope-2024-Auriana-Lazraq-Khlass-vice-championne-dEurope-de-lheptathlon.png","contentUrl":"https:\/\/dicodusport.fr\/blog\/wp-content\/uploads\/2024\/06\/Athletisme-Championnats-dEurope-2024-Auriana-Lazraq-Khlass-vice-championne-dEurope-de-lheptathlon.png","width":1200,"height":674,"caption":"Athl\u00e9tisme - Championnats d'Europe 2024 - Auriana Lazraq-Khlass vice-championne d'Europe de l'heptathlon"},{"@type":"BreadcrumbList","@id":"https:\/\/dicodusport.fr\/blog\/athletisme-championnats-deurope-2024-auriana-lazraq-khlass-vice-championne-deurope-de-lheptathlon\/#breadcrumb","itemListElement":[{"@type":"ListItem","position":1,"name":"Accueil","item":"https:\/\/dicodusport.fr\/blog\/"},{"@type":"ListItem","position":2,"name":"Athl\u00e9tisme Championnats d&rsquo;Europe 2024 : Auriana Lazraq-Khlass vice-championne d&rsquo;Europe de l&rsquo;heptathlon !"}]},{"@type":"WebSite","@id":"https:\/\/dicodusport.fr\/blog\/#website","url":"https:\/\/dicodusport.fr\/blog\/","name":"Dicodusport","description":"L&#039;encyclop\u00e9die de l&#039;actualit\u00e9 sportive","publisher":{"@id":"https:\/\/dicodusport.fr\/blog\/#organization"},"potentialAction":[{"@type":"SearchAction","target":{"@type":"EntryPoint","urlTemplate":"https:\/\/dicodusport.fr\/blog\/?s={search_term_string}"},"query-input":{"@type":"PropertyValueSpecification","valueRequired":true,"valueName":"search_term_string"}}],"inLanguage":"fr-FR"},{"@type":"NewsMediaOrganization","@id":"https:\/\/dicodusport.fr\/blog\/#organization","name":"Dicodusport","url":"https:\/\/dicodusport.fr\/blog\/","logo":{"@type":"ImageObject","inLanguage":"fr-FR","@id":"https:\/\/dicodusport.fr\/blog\/#\/schema\/logo\/image\/","url":"https:\/\/dicodusport.fr\/blog\/wp-content\/uploads\/2020\/06\/cropped-LOGO-DICODUSPORT-2020-SANS-FOND-SANS-TEXTE.png","contentUrl":"https:\/\/dicodusport.fr\/blog\/wp-content\/uploads\/2020\/06\/cropped-LOGO-DICODUSPORT-2020-SANS-FOND-SANS-TEXTE.png","width":512,"height":512,"caption":"Dicodusport"},"image":{"@id":"https:\/\/dicodusport.fr\/blog\/#\/schema\/logo\/image\/"},"sameAs":["https:\/\/www.facebook.com\/dicodusport","https:\/\/x.com\/dicodusport","https:\/\/www.instagram.com\/dicodusport\/","https:\/\/www.youtube.com\/channel\/UC7V2KZ5sd3htJivAbA4ZG3w"],"description":"Dicodusport est l'encyclop\u00e9die de l'actualit\u00e9 sportive.","email":"bonjour@dicodusport.fr","legalName":"DICODUSPORT","foundingDate":"2018-01-14","vatID":"FR71834470973","taxID":"83447097300043","numberOfEmployees":{"@type":"QuantitativeValue","minValue":"1","maxValue":"10"}},{"@type":"Person","@id":"https:\/\/dicodusport.fr\/blog\/#\/schema\/person\/b623199cba9ba90fe84a3d16e9282360","name":"Victor Clot-Amiot","image":{"@type":"ImageObject","inLanguage":"fr-FR","@id":"https:\/\/dicodusport.fr\/blog\/#\/schema\/person\/image\/","url":"https:\/\/dicodusport.fr\/blog\/wp-content\/uploads\/2023\/09\/IMG_20190826_114722-150x150.jpg","contentUrl":"https:\/\/dicodusport.fr\/blog\/wp-content\/uploads\/2023\/09\/IMG_20190826_114722-150x150.jpg","caption":"Victor Clot-Amiot"},"description":"Passionn\u00e9 de sport depuis toujours, un jour \u00e0 l'adolescence mes parents m'ont dit : \"quitte \u00e0 passer ton temps \u00e0 regarder du sport, au moins va le voir en vrai\" ! Depuis, cette remarque ne m'a plus quitt\u00e9 et je passe une grande partie de mon temps libre \u00e0 assister \u00e0 des comp\u00e9titions de tous sports. Je m\u00eale d'ailleurs mes deux passions, le sport et les voyages afin de faire une pierre deux coups ! Outre l'US Open ou l'Euro 2021 par exemple, j'ai assist\u00e9 cet \u00e9t\u00e9 aux Mondiaux d'athl\u00e9tisme \u00e0 Budapest. Mon plus gros coup dur est et restera les JO 2020-2021 pour lesquels j'avais r\u00e9serv\u00e9 17 \u00e9preuves. La suite, vous la connaissez...","sameAs":["https:\/\/x.com\/https:\/\/x.com\/VictorClotAmiot"],"url":"https:\/\/dicodusport.fr\/blog\/author\/victor-clot-amiot\/"}]}},"_links":{"self":[{"href":"https:\/\/dicodusport.fr\/blog\/wp-json\/wp\/v2\/posts\/491369","targetHints":{"allow":["GET"]}}],"collection":[{"href":"https:\/\/dicodusport.fr\/blog\/wp-json\/wp\/v2\/posts"}],"about":[{"href":"https:\/\/dicodusport.fr\/blog\/wp-json\/wp\/v2\/types\/post"}],"author":[{"embeddable":true,"href":"https:\/\/dicodusport.fr\/blog\/wp-json\/wp\/v2\/users\/91"}],"replies":[{"embeddable":true,"href":"https:\/\/dicodusport.fr\/blog\/wp-json\/wp\/v2\/comments?post=491369"}],"version-history":[{"count":4,"href":"https:\/\/dicodusport.fr\/blog\/wp-json\/wp\/v2\/posts\/491369\/revisions"}],"predecessor-version":[{"id":491392,"href":"https:\/\/dicodusport.fr\/blog\/wp-json\/wp\/v2\/posts\/491369\/revisions\/491392"}],"wp:featuredmedia":[{"embeddable":true,"href":"https:\/\/dicodusport.fr\/blog\/wp-json\/wp\/v2\/media\/491443"}],"wp:attachment":[{"href":"https:\/\/dicodusport.fr\/blog\/wp-json\/wp\/v2\/media?parent=491369"}],"wp:term":[{"taxonomy":"category","embeddable":true,"href":"https:\/\/dicodusport.fr\/blog\/wp-json\/wp\/v2\/categories?post=491369"},{"taxonomy":"post_tag","embeddable":true,"href":"https:\/\/dicodusport.fr\/blog\/wp-json\/wp\/v2\/tags?post=491369"}],"curies":[{"name":"wp","href":"https:\/\/api.w.org\/{rel}","templated":true}]}}