{"id":49142,"date":"2019-09-22T16:13:34","date_gmt":"2019-09-22T14:13:34","guid":{"rendered":"http:\/\/dicodusport.fr\/blog\/?p=49142&#038;preview=true&#038;preview_id=49142"},"modified":"2019-09-22T16:32:03","modified_gmt":"2019-09-22T14:32:03","slug":"sebastian-vettel-enleve-le-grand-prix-de-singapour","status":"publish","type":"post","link":"https:\/\/dicodusport.fr\/blog\/sebastian-vettel-enleve-le-grand-prix-de-singapour\/","title":{"rendered":"F1 : Sebastian Vettel enl\u00e8ve le Grand Prix de Singapour"},"content":{"rendered":"<p style=\"text-align: justify;\"><strong><em>F1 &#8211; Parti en 3\u00e8me position sur la grille de d\u00e9part, Sebastian Vettel (Ferrari) a remport\u00e9 le Grand Prix de Singapour ce dimanche. Il devance Charles Leclerc (Ferrari) et Max Verstappen (Red Bull). C&rsquo;est le premier succ\u00e8s du pilote allemand depuis 13 mois et sa victoire \u00e0 Spa, en 2018.<br \/>\n<\/em><\/strong><\/p>\n<p style=\"text-align: justify;\">53\u00e8me victoire en carri\u00e8re pour <strong>Sebastian Vettel<\/strong>. Le pilote <strong>Ferrari<\/strong>, quadruple champion du monde, a donc de nouveau go\u00fbt\u00e9 \u00e0 la victoire ce dimanche, \u00e0 l&rsquo;occasion du <strong>Grand Prix de Singapour<\/strong>, son cinqui\u00e8me succ\u00e8s sur ce circuit. L&rsquo;Allemand, 3\u00e8me sur la grille, a b\u00e9n\u00e9fici\u00e9 d&rsquo;une strat\u00e9gie d&rsquo;\u00e9quipe qui lui aura \u00e9t\u00e9 favorable, en effectuant son arr\u00eat aux stands un tour avant son \u00e9quipier, le Mon\u00e9gasque <strong>Charles Leclerc<\/strong>. Ce dernier ressortait alors derri\u00e8re un <strong>Vettel<\/strong> qui ne l\u00e2chait plus les commandes de la course, et ce malgr\u00e9 trois interventions de la safety-car.<\/p>\n<h2 style=\"text-align: justify;\">Aucune Mercedes sur le podium<\/h2>\n<p style=\"text-align: justify;\">Autre fait marquant de ce Grand Prix, la d\u00e9faillance des <strong>Mercedes<\/strong>. <strong>Lewis Hamilton<\/strong> 4\u00e8me et <strong>Valtteri Bottas<\/strong> 5\u00e8me ont souffert d&rsquo;une strat\u00e9gie qui ne s&rsquo;est pas av\u00e9r\u00e9e payante, en restant plus longtemps en piste, notamment pour le quintuple champion du monde. Pour voir un podium sans aucune <strong>Fl\u00e8che d&rsquo;Argent<\/strong>, il faut remonter au<strong> Grand Prix du Mexique<\/strong> du 28 octobre dernier, avec \u00e0 l&rsquo;arriv\u00e9e, le m\u00eame classement pour les deux pilotes de l&rsquo;\u00e9curie britanno-allemande.<\/p>\n<blockquote class=\"twitter-tweet\">\n<p dir=\"ltr\" lang=\"no\"><a href=\"https:\/\/twitter.com\/hashtag\/SingaporeGP?src=hash&amp;ref_src=twsrc%5Etfw\">#SingaporeGP<\/a> &#x1f1f8;&#x1f1ec; | &#x1f3c1;T 61\/61&#x1f3c1;<\/p>\n<p>VICTOIRE DE SEBASTIAN VETTEL &#x1f3c6;&#x1f44f;&#x1f1e9;&#x1f1ea;<\/p>\n<p>1 VET<br \/>\n2 LEC<br \/>\n3 VER<br \/>\n4 HAM<br \/>\n5 BOT<br \/>\n6 ALB<br \/>\n7 NOR<br \/>\n8 GAS &#x1f1eb;&#x1f1f7;<br \/>\n9 HUL<br \/>\n10 GIO<a href=\"https:\/\/twitter.com\/hashtag\/F1?src=hash&amp;ref_src=twsrc%5Etfw\">#F1<\/a> <a href=\"https:\/\/t.co\/wNJHfFYAl0\">pic.twitter.com\/wNJHfFYAl0<\/a><\/p>\n<p>\u2014 Secteur F1 &#x1f3ce;&#x1f1eb;&#x1f1f7; (@Secteur_F1) <a href=\"https:\/\/twitter.com\/Secteur_F1\/status\/1175775109354872838?ref_src=twsrc%5Etfw\">September 22, 2019<\/a><\/p><\/blockquote>\n<p><script async src=\"https:\/\/platform.twitter.com\/widgets.js\" charset=\"utf-8\"><\/script><\/p>\n<p><strong><em>Dicodusport<br \/>\n<a href=\"https:\/\/www.facebook.com\/dicodusport\/\" target=\"_blank\" rel=\"noopener\"><img loading=\"lazy\" decoding=\"async\" class=\"alignnone wp-image-2909\" src=\"http:\/\/dicodusport.fr\/blog\/wp-content\/uploads\/2017\/07\/logo-facebook-150x150.png\" alt=\"\" width=\"40\" height=\"40\" \/><\/a><a href=\"https:\/\/twitter.com\/dicodusport\" target=\"_blank\" rel=\"noopener\"><img loading=\"lazy\" decoding=\"async\" class=\"alignnone wp-image-2908\" src=\"http:\/\/dicodusport.fr\/blog\/wp-content\/uploads\/2017\/07\/logo-twitter-150x150.png\" alt=\"\" width=\"39\" height=\"39\" \/><\/a><\/em><\/strong><\/p>\n","protected":false},"excerpt":{"rendered":"<p>F1 &#8211; Parti en 3\u00e8me position sur la grille de d\u00e9part, Sebastian Vettel (Ferrari) a remport\u00e9 le Grand Prix de Singapour ce dimanche.<\/p>\n","protected":false},"author":4,"featured_media":49146,"comment_status":"open","ping_status":"closed","sticky":false,"template":"","format":"standard","meta":{"_acf_changed":false,"_daextam_enable_autolinks":"","footnotes":""},"categories":[8653],"tags":[3166,2065,5596,5999],"class_list":["post-49142","post","type-post","status-publish","format-standard","has-post-thumbnail","hentry","category-formule-1","tag-f1","tag-formule-1","tag-sebastian-vettel","tag-singapour"],"acf":[],"yoast_head":"<!-- This site is optimized with the Yoast SEO Premium plugin v26.7 (Yoast SEO v26.7) - https:\/\/yoast.com\/wordpress\/plugins\/seo\/ -->\n<title>F1 : Sebastian Vettel enl\u00e8ve le Grand Prix de Singapour<\/title>\n<meta name=\"description\" content=\"F1 - Parti en 3\u00e8me position sur la grille de d\u00e9part, Sebastian Vettel (Ferrari) a remport\u00e9 le Grand Prix de Singapour ce dimanche.\" \/>\n<meta name=\"robots\" content=\"index, follow, max-snippet:-1, max-image-preview:large, max-video-preview:-1\" \/>\n<link rel=\"canonical\" href=\"https:\/\/dicodusport.fr\/blog\/sebastian-vettel-enleve-le-grand-prix-de-singapour\/\" \/>\n<meta property=\"og:locale\" content=\"fr_FR\" \/>\n<meta property=\"og:type\" content=\"article\" \/>\n<meta property=\"og:title\" content=\"Sebastian Vettel s&#039;impose \u00e0 Singapour, son premier succ\u00e8s depuis 13 mois\" \/>\n<meta property=\"og:description\" content=\"F1 - Parti en 3\u00e8me position sur la grille de d\u00e9part, Sebastian Vettel (Ferrari) a remport\u00e9 le Grand Prix de Singapour ce dimanche.\" \/>\n<meta property=\"og:url\" content=\"https:\/\/dicodusport.fr\/blog\/sebastian-vettel-enleve-le-grand-prix-de-singapour\/\" \/>\n<meta property=\"og:site_name\" content=\"Dicodusport\" \/>\n<meta property=\"article:publisher\" content=\"https:\/\/www.facebook.com\/dicodusport\" \/>\n<meta property=\"article:author\" content=\"https:\/\/www.facebook.com\/florent.ostermann\" \/>\n<meta property=\"article:published_time\" content=\"2019-09-22T14:13:34+00:00\" \/>\n<meta property=\"article:modified_time\" content=\"2019-09-22T14:32:03+00:00\" \/>\n<meta property=\"og:image\" content=\"https:\/\/dicodusport.fr\/blog\/wp-content\/uploads\/2019\/09\/F1-Sebastian-Vettel-remporte-le-Grand-Prix-de-Singapour.png\" \/>\n\t<meta property=\"og:image:width\" content=\"800\" \/>\n\t<meta property=\"og:image:height\" content=\"445\" \/>\n\t<meta property=\"og:image:type\" content=\"image\/png\" \/>\n<meta name=\"author\" content=\"Flo Ostermann\" \/>\n<meta name=\"twitter:card\" content=\"summary_large_image\" \/>\n<meta name=\"twitter:title\" content=\"Sebastian Vettel s&#039;impose \u00e0 Singapour, son premier succ\u00e8s depuis 13 mois\" \/>\n<meta name=\"twitter:creator\" content=\"@https:\/\/twitter.com\/FlOstermann\" \/>\n<meta name=\"twitter:site\" content=\"@dicodusport\" \/>\n<script type=\"application\/ld+json\" class=\"yoast-schema-graph\">{\"@context\":\"https:\/\/schema.org\",\"@graph\":[{\"@type\":\"NewsArticle\",\"@id\":\"https:\/\/dicodusport.fr\/blog\/sebastian-vettel-enleve-le-grand-prix-de-singapour\/#article\",\"isPartOf\":{\"@id\":\"https:\/\/dicodusport.fr\/blog\/sebastian-vettel-enleve-le-grand-prix-de-singapour\/\"},\"author\":{\"name\":\"Flo Ostermann\",\"@id\":\"https:\/\/dicodusport.fr\/blog\/#\/schema\/person\/cb02af4c173ce4a653b55e9baf388d4a\"},\"headline\":\"F1 : Sebastian Vettel enl\u00e8ve le Grand Prix de Singapour\",\"datePublished\":\"2019-09-22T14:13:34+00:00\",\"dateModified\":\"2019-09-22T14:32:03+00:00\",\"mainEntityOfPage\":{\"@id\":\"https:\/\/dicodusport.fr\/blog\/sebastian-vettel-enleve-le-grand-prix-de-singapour\/\"},\"wordCount\":319,\"commentCount\":0,\"publisher\":{\"@id\":\"https:\/\/dicodusport.fr\/blog\/#organization\"},\"image\":{\"@id\":\"https:\/\/dicodusport.fr\/blog\/sebastian-vettel-enleve-le-grand-prix-de-singapour\/#primaryimage\"},\"thumbnailUrl\":\"https:\/\/dicodusport.fr\/blog\/wp-content\/uploads\/2019\/09\/F1-Sebastian-Vettel-remporte-le-Grand-Prix-de-Singapour.png\",\"keywords\":[\"F1\",\"Formule 1\",\"Sebastian Vettel\",\"Singapour\"],\"articleSection\":[\"Formule 1\"],\"inLanguage\":\"fr-FR\",\"potentialAction\":[{\"@type\":\"CommentAction\",\"name\":\"Comment\",\"target\":[\"https:\/\/dicodusport.fr\/blog\/sebastian-vettel-enleve-le-grand-prix-de-singapour\/#respond\"]}],\"copyrightYear\":\"2019\",\"copyrightHolder\":{\"@id\":\"https:\/\/dicodusport.fr\/blog\/#organization\"}},{\"@type\":\"WebPage\",\"@id\":\"https:\/\/dicodusport.fr\/blog\/sebastian-vettel-enleve-le-grand-prix-de-singapour\/\",\"url\":\"https:\/\/dicodusport.fr\/blog\/sebastian-vettel-enleve-le-grand-prix-de-singapour\/\",\"name\":\"F1 : Sebastian Vettel enl\u00e8ve le Grand Prix de Singapour\",\"isPartOf\":{\"@id\":\"https:\/\/dicodusport.fr\/blog\/#website\"},\"primaryImageOfPage\":{\"@id\":\"https:\/\/dicodusport.fr\/blog\/sebastian-vettel-enleve-le-grand-prix-de-singapour\/#primaryimage\"},\"image\":{\"@id\":\"https:\/\/dicodusport.fr\/blog\/sebastian-vettel-enleve-le-grand-prix-de-singapour\/#primaryimage\"},\"thumbnailUrl\":\"https:\/\/dicodusport.fr\/blog\/wp-content\/uploads\/2019\/09\/F1-Sebastian-Vettel-remporte-le-Grand-Prix-de-Singapour.png\",\"datePublished\":\"2019-09-22T14:13:34+00:00\",\"dateModified\":\"2019-09-22T14:32:03+00:00\",\"description\":\"F1 - Parti en 3\u00e8me position sur la grille de d\u00e9part, Sebastian Vettel (Ferrari) a remport\u00e9 le Grand Prix de Singapour ce dimanche.\",\"breadcrumb\":{\"@id\":\"https:\/\/dicodusport.fr\/blog\/sebastian-vettel-enleve-le-grand-prix-de-singapour\/#breadcrumb\"},\"inLanguage\":\"fr-FR\",\"potentialAction\":[{\"@type\":\"ReadAction\",\"target\":[\"https:\/\/dicodusport.fr\/blog\/sebastian-vettel-enleve-le-grand-prix-de-singapour\/\"]}]},{\"@type\":\"ImageObject\",\"inLanguage\":\"fr-FR\",\"@id\":\"https:\/\/dicodusport.fr\/blog\/sebastian-vettel-enleve-le-grand-prix-de-singapour\/#primaryimage\",\"url\":\"https:\/\/dicodusport.fr\/blog\/wp-content\/uploads\/2019\/09\/F1-Sebastian-Vettel-remporte-le-Grand-Prix-de-Singapour.png\",\"contentUrl\":\"https:\/\/dicodusport.fr\/blog\/wp-content\/uploads\/2019\/09\/F1-Sebastian-Vettel-remporte-le-Grand-Prix-de-Singapour.png\",\"width\":800,\"height\":445},{\"@type\":\"BreadcrumbList\",\"@id\":\"https:\/\/dicodusport.fr\/blog\/sebastian-vettel-enleve-le-grand-prix-de-singapour\/#breadcrumb\",\"itemListElement\":[{\"@type\":\"ListItem\",\"position\":1,\"name\":\"Accueil\",\"item\":\"https:\/\/dicodusport.fr\/blog\/\"},{\"@type\":\"ListItem\",\"position\":2,\"name\":\"F1 : Sebastian Vettel enl\u00e8ve le Grand Prix de Singapour\"}]},{\"@type\":\"WebSite\",\"@id\":\"https:\/\/dicodusport.fr\/blog\/#website\",\"url\":\"https:\/\/dicodusport.fr\/blog\/\",\"name\":\"Dicodusport\",\"description\":\"L&#039;encyclop\u00e9die de l&#039;actualit\u00e9 sportive\",\"publisher\":{\"@id\":\"https:\/\/dicodusport.fr\/blog\/#organization\"},\"potentialAction\":[{\"@type\":\"SearchAction\",\"target\":{\"@type\":\"EntryPoint\",\"urlTemplate\":\"https:\/\/dicodusport.fr\/blog\/?s={search_term_string}\"},\"query-input\":{\"@type\":\"PropertyValueSpecification\",\"valueRequired\":true,\"valueName\":\"search_term_string\"}}],\"inLanguage\":\"fr-FR\"},{\"@type\":\"NewsMediaOrganization\",\"@id\":\"https:\/\/dicodusport.fr\/blog\/#organization\",\"name\":\"Dicodusport\",\"url\":\"https:\/\/dicodusport.fr\/blog\/\",\"logo\":{\"@type\":\"ImageObject\",\"inLanguage\":\"fr-FR\",\"@id\":\"https:\/\/dicodusport.fr\/blog\/#\/schema\/logo\/image\/\",\"url\":\"https:\/\/dicodusport.fr\/blog\/wp-content\/uploads\/2020\/06\/cropped-LOGO-DICODUSPORT-2020-SANS-FOND-SANS-TEXTE.png\",\"contentUrl\":\"https:\/\/dicodusport.fr\/blog\/wp-content\/uploads\/2020\/06\/cropped-LOGO-DICODUSPORT-2020-SANS-FOND-SANS-TEXTE.png\",\"width\":512,\"height\":512,\"caption\":\"Dicodusport\"},\"image\":{\"@id\":\"https:\/\/dicodusport.fr\/blog\/#\/schema\/logo\/image\/\"},\"sameAs\":[\"https:\/\/www.facebook.com\/dicodusport\",\"https:\/\/x.com\/dicodusport\",\"https:\/\/www.instagram.com\/dicodusport\/\",\"https:\/\/www.youtube.com\/channel\/UC7V2KZ5sd3htJivAbA4ZG3w\"],\"description\":\"Dicodusport est l'encyclop\u00e9die de l'actualit\u00e9 sportive.\",\"email\":\"bonjour@dicodusport.fr\",\"legalName\":\"DICODUSPORT\",\"foundingDate\":\"2018-01-14\",\"vatID\":\"FR71834470973\",\"taxID\":\"83447097300043\",\"numberOfEmployees\":{\"@type\":\"QuantitativeValue\",\"minValue\":\"1\",\"maxValue\":\"10\"}},{\"@type\":\"Person\",\"@id\":\"https:\/\/dicodusport.fr\/blog\/#\/schema\/person\/cb02af4c173ce4a653b55e9baf388d4a\",\"name\":\"Flo Ostermann\",\"image\":{\"@type\":\"ImageObject\",\"inLanguage\":\"fr-FR\",\"@id\":\"https:\/\/dicodusport.fr\/blog\/#\/schema\/person\/image\/\",\"url\":\"https:\/\/dicodusport.fr\/blog\/wp-content\/uploads\/2021\/05\/Flo-Ostermann-150x150.jpg\",\"contentUrl\":\"https:\/\/dicodusport.fr\/blog\/wp-content\/uploads\/2021\/05\/Flo-Ostermann-150x150.jpg\",\"caption\":\"Flo Ostermann\"},\"description\":\"Journaliste\/R\u00e9dacteur depuis septembre 2015 - Mes premiers souvenirs dans le sport ? Les envol\u00e9es du Stade Toulousain et les duels Villeneuve-Schumacher et H\u00e4kkinen-Schumacher \u00e0 la fin des ann\u00e9es 90, la Coupe du monde de football en 1998, l\u2019exploit du XV de France face aux All Blacks en 1999, mais aussi Richard C\u0153ur de Lion qui vole sur les montagnes du Tour de France. Bien parti pour devenir professeur d\u2019EPS, les \u00e9v\u00e9nements de la vie (et la flemme d\u2019animer des s\u00e9ances de 3x500 m\u00e8tres toute ma vie) m\u2019ont conduit \u00e0 revoir mes plans. Me voil\u00e0 depuis fin 2017 sur Dicodusport, m\u00e9dia gr\u00e2ce (et pour) lequel je partage ma passion : le sport dans tous ses \u00e9tats. Le tout accompagn\u00e9 par les fous furieux et folles furieuses cit\u00e9s sur cette page !\",\"sameAs\":[\"https:\/\/www.facebook.com\/florent.ostermann\",\"https:\/\/x.com\/https:\/\/twitter.com\/FlOstermann\",\"admin\"],\"url\":\"https:\/\/dicodusport.fr\/blog\/author\/flo\/\"}]}<\/script>\n<!-- \/ Yoast SEO Premium plugin. -->","yoast_head_json":{"title":"F1 : Sebastian Vettel enl\u00e8ve le Grand Prix de Singapour","description":"F1 - Parti en 3\u00e8me position sur la grille de d\u00e9part, Sebastian Vettel (Ferrari) a remport\u00e9 le Grand Prix de Singapour ce dimanche.","robots":{"index":"index","follow":"follow","max-snippet":"max-snippet:-1","max-image-preview":"max-image-preview:large","max-video-preview":"max-video-preview:-1"},"canonical":"https:\/\/dicodusport.fr\/blog\/sebastian-vettel-enleve-le-grand-prix-de-singapour\/","og_locale":"fr_FR","og_type":"article","og_title":"Sebastian Vettel s'impose \u00e0 Singapour, son premier succ\u00e8s depuis 13 mois","og_description":"F1 - Parti en 3\u00e8me position sur la grille de d\u00e9part, Sebastian Vettel (Ferrari) a remport\u00e9 le Grand Prix de Singapour ce dimanche.","og_url":"https:\/\/dicodusport.fr\/blog\/sebastian-vettel-enleve-le-grand-prix-de-singapour\/","og_site_name":"Dicodusport","article_publisher":"https:\/\/www.facebook.com\/dicodusport","article_author":"https:\/\/www.facebook.com\/florent.ostermann","article_published_time":"2019-09-22T14:13:34+00:00","article_modified_time":"2019-09-22T14:32:03+00:00","og_image":[{"width":800,"height":445,"url":"https:\/\/dicodusport.fr\/blog\/wp-content\/uploads\/2019\/09\/F1-Sebastian-Vettel-remporte-le-Grand-Prix-de-Singapour.png","type":"image\/png"}],"author":"Flo Ostermann","twitter_card":"summary_large_image","twitter_title":"Sebastian Vettel s'impose \u00e0 Singapour, son premier succ\u00e8s depuis 13 mois","twitter_creator":"@https:\/\/twitter.com\/FlOstermann","twitter_site":"@dicodusport","schema":{"@context":"https:\/\/schema.org","@graph":[{"@type":"NewsArticle","@id":"https:\/\/dicodusport.fr\/blog\/sebastian-vettel-enleve-le-grand-prix-de-singapour\/#article","isPartOf":{"@id":"https:\/\/dicodusport.fr\/blog\/sebastian-vettel-enleve-le-grand-prix-de-singapour\/"},"author":{"name":"Flo Ostermann","@id":"https:\/\/dicodusport.fr\/blog\/#\/schema\/person\/cb02af4c173ce4a653b55e9baf388d4a"},"headline":"F1 : Sebastian Vettel enl\u00e8ve le Grand Prix de Singapour","datePublished":"2019-09-22T14:13:34+00:00","dateModified":"2019-09-22T14:32:03+00:00","mainEntityOfPage":{"@id":"https:\/\/dicodusport.fr\/blog\/sebastian-vettel-enleve-le-grand-prix-de-singapour\/"},"wordCount":319,"commentCount":0,"publisher":{"@id":"https:\/\/dicodusport.fr\/blog\/#organization"},"image":{"@id":"https:\/\/dicodusport.fr\/blog\/sebastian-vettel-enleve-le-grand-prix-de-singapour\/#primaryimage"},"thumbnailUrl":"https:\/\/dicodusport.fr\/blog\/wp-content\/uploads\/2019\/09\/F1-Sebastian-Vettel-remporte-le-Grand-Prix-de-Singapour.png","keywords":["F1","Formule 1","Sebastian Vettel","Singapour"],"articleSection":["Formule 1"],"inLanguage":"fr-FR","potentialAction":[{"@type":"CommentAction","name":"Comment","target":["https:\/\/dicodusport.fr\/blog\/sebastian-vettel-enleve-le-grand-prix-de-singapour\/#respond"]}],"copyrightYear":"2019","copyrightHolder":{"@id":"https:\/\/dicodusport.fr\/blog\/#organization"}},{"@type":"WebPage","@id":"https:\/\/dicodusport.fr\/blog\/sebastian-vettel-enleve-le-grand-prix-de-singapour\/","url":"https:\/\/dicodusport.fr\/blog\/sebastian-vettel-enleve-le-grand-prix-de-singapour\/","name":"F1 : Sebastian Vettel enl\u00e8ve le Grand Prix de Singapour","isPartOf":{"@id":"https:\/\/dicodusport.fr\/blog\/#website"},"primaryImageOfPage":{"@id":"https:\/\/dicodusport.fr\/blog\/sebastian-vettel-enleve-le-grand-prix-de-singapour\/#primaryimage"},"image":{"@id":"https:\/\/dicodusport.fr\/blog\/sebastian-vettel-enleve-le-grand-prix-de-singapour\/#primaryimage"},"thumbnailUrl":"https:\/\/dicodusport.fr\/blog\/wp-content\/uploads\/2019\/09\/F1-Sebastian-Vettel-remporte-le-Grand-Prix-de-Singapour.png","datePublished":"2019-09-22T14:13:34+00:00","dateModified":"2019-09-22T14:32:03+00:00","description":"F1 - Parti en 3\u00e8me position sur la grille de d\u00e9part, Sebastian Vettel (Ferrari) a remport\u00e9 le Grand Prix de Singapour ce dimanche.","breadcrumb":{"@id":"https:\/\/dicodusport.fr\/blog\/sebastian-vettel-enleve-le-grand-prix-de-singapour\/#breadcrumb"},"inLanguage":"fr-FR","potentialAction":[{"@type":"ReadAction","target":["https:\/\/dicodusport.fr\/blog\/sebastian-vettel-enleve-le-grand-prix-de-singapour\/"]}]},{"@type":"ImageObject","inLanguage":"fr-FR","@id":"https:\/\/dicodusport.fr\/blog\/sebastian-vettel-enleve-le-grand-prix-de-singapour\/#primaryimage","url":"https:\/\/dicodusport.fr\/blog\/wp-content\/uploads\/2019\/09\/F1-Sebastian-Vettel-remporte-le-Grand-Prix-de-Singapour.png","contentUrl":"https:\/\/dicodusport.fr\/blog\/wp-content\/uploads\/2019\/09\/F1-Sebastian-Vettel-remporte-le-Grand-Prix-de-Singapour.png","width":800,"height":445},{"@type":"BreadcrumbList","@id":"https:\/\/dicodusport.fr\/blog\/sebastian-vettel-enleve-le-grand-prix-de-singapour\/#breadcrumb","itemListElement":[{"@type":"ListItem","position":1,"name":"Accueil","item":"https:\/\/dicodusport.fr\/blog\/"},{"@type":"ListItem","position":2,"name":"F1 : Sebastian Vettel enl\u00e8ve le Grand Prix de Singapour"}]},{"@type":"WebSite","@id":"https:\/\/dicodusport.fr\/blog\/#website","url":"https:\/\/dicodusport.fr\/blog\/","name":"Dicodusport","description":"L&#039;encyclop\u00e9die de l&#039;actualit\u00e9 sportive","publisher":{"@id":"https:\/\/dicodusport.fr\/blog\/#organization"},"potentialAction":[{"@type":"SearchAction","target":{"@type":"EntryPoint","urlTemplate":"https:\/\/dicodusport.fr\/blog\/?s={search_term_string}"},"query-input":{"@type":"PropertyValueSpecification","valueRequired":true,"valueName":"search_term_string"}}],"inLanguage":"fr-FR"},{"@type":"NewsMediaOrganization","@id":"https:\/\/dicodusport.fr\/blog\/#organization","name":"Dicodusport","url":"https:\/\/dicodusport.fr\/blog\/","logo":{"@type":"ImageObject","inLanguage":"fr-FR","@id":"https:\/\/dicodusport.fr\/blog\/#\/schema\/logo\/image\/","url":"https:\/\/dicodusport.fr\/blog\/wp-content\/uploads\/2020\/06\/cropped-LOGO-DICODUSPORT-2020-SANS-FOND-SANS-TEXTE.png","contentUrl":"https:\/\/dicodusport.fr\/blog\/wp-content\/uploads\/2020\/06\/cropped-LOGO-DICODUSPORT-2020-SANS-FOND-SANS-TEXTE.png","width":512,"height":512,"caption":"Dicodusport"},"image":{"@id":"https:\/\/dicodusport.fr\/blog\/#\/schema\/logo\/image\/"},"sameAs":["https:\/\/www.facebook.com\/dicodusport","https:\/\/x.com\/dicodusport","https:\/\/www.instagram.com\/dicodusport\/","https:\/\/www.youtube.com\/channel\/UC7V2KZ5sd3htJivAbA4ZG3w"],"description":"Dicodusport est l'encyclop\u00e9die de l'actualit\u00e9 sportive.","email":"bonjour@dicodusport.fr","legalName":"DICODUSPORT","foundingDate":"2018-01-14","vatID":"FR71834470973","taxID":"83447097300043","numberOfEmployees":{"@type":"QuantitativeValue","minValue":"1","maxValue":"10"}},{"@type":"Person","@id":"https:\/\/dicodusport.fr\/blog\/#\/schema\/person\/cb02af4c173ce4a653b55e9baf388d4a","name":"Flo Ostermann","image":{"@type":"ImageObject","inLanguage":"fr-FR","@id":"https:\/\/dicodusport.fr\/blog\/#\/schema\/person\/image\/","url":"https:\/\/dicodusport.fr\/blog\/wp-content\/uploads\/2021\/05\/Flo-Ostermann-150x150.jpg","contentUrl":"https:\/\/dicodusport.fr\/blog\/wp-content\/uploads\/2021\/05\/Flo-Ostermann-150x150.jpg","caption":"Flo Ostermann"},"description":"Journaliste\/R\u00e9dacteur depuis septembre 2015 - Mes premiers souvenirs dans le sport ? Les envol\u00e9es du Stade Toulousain et les duels Villeneuve-Schumacher et H\u00e4kkinen-Schumacher \u00e0 la fin des ann\u00e9es 90, la Coupe du monde de football en 1998, l\u2019exploit du XV de France face aux All Blacks en 1999, mais aussi Richard C\u0153ur de Lion qui vole sur les montagnes du Tour de France. Bien parti pour devenir professeur d\u2019EPS, les \u00e9v\u00e9nements de la vie (et la flemme d\u2019animer des s\u00e9ances de 3x500 m\u00e8tres toute ma vie) m\u2019ont conduit \u00e0 revoir mes plans. Me voil\u00e0 depuis fin 2017 sur Dicodusport, m\u00e9dia gr\u00e2ce (et pour) lequel je partage ma passion : le sport dans tous ses \u00e9tats. Le tout accompagn\u00e9 par les fous furieux et folles furieuses cit\u00e9s sur cette page !","sameAs":["https:\/\/www.facebook.com\/florent.ostermann","https:\/\/x.com\/https:\/\/twitter.com\/FlOstermann","admin"],"url":"https:\/\/dicodusport.fr\/blog\/author\/flo\/"}]}},"_links":{"self":[{"href":"https:\/\/dicodusport.fr\/blog\/wp-json\/wp\/v2\/posts\/49142","targetHints":{"allow":["GET"]}}],"collection":[{"href":"https:\/\/dicodusport.fr\/blog\/wp-json\/wp\/v2\/posts"}],"about":[{"href":"https:\/\/dicodusport.fr\/blog\/wp-json\/wp\/v2\/types\/post"}],"author":[{"embeddable":true,"href":"https:\/\/dicodusport.fr\/blog\/wp-json\/wp\/v2\/users\/4"}],"replies":[{"embeddable":true,"href":"https:\/\/dicodusport.fr\/blog\/wp-json\/wp\/v2\/comments?post=49142"}],"version-history":[{"count":0,"href":"https:\/\/dicodusport.fr\/blog\/wp-json\/wp\/v2\/posts\/49142\/revisions"}],"wp:featuredmedia":[{"embeddable":true,"href":"https:\/\/dicodusport.fr\/blog\/wp-json\/wp\/v2\/media\/49146"}],"wp:attachment":[{"href":"https:\/\/dicodusport.fr\/blog\/wp-json\/wp\/v2\/media?parent=49142"}],"wp:term":[{"taxonomy":"category","embeddable":true,"href":"https:\/\/dicodusport.fr\/blog\/wp-json\/wp\/v2\/categories?post=49142"},{"taxonomy":"post_tag","embeddable":true,"href":"https:\/\/dicodusport.fr\/blog\/wp-json\/wp\/v2\/tags?post=49142"}],"curies":[{"name":"wp","href":"https:\/\/api.w.org\/{rel}","templated":true}]}}