{"id":49187,"date":"2019-09-23T07:55:29","date_gmt":"2019-09-23T05:55:29","guid":{"rendered":"http:\/\/dicodusport.fr\/blog\/?p=49187"},"modified":"2019-09-23T08:12:36","modified_gmt":"2019-09-23T06:12:36","slug":"quiz-actu-38-avez-vous-bien-suivi-le-sport-francais-ce-week-end","status":"publish","type":"post","link":"https:\/\/dicodusport.fr\/blog\/quiz-actu-38-avez-vous-bien-suivi-le-sport-francais-ce-week-end\/","title":{"rendered":"Quiz Actu #38 : avez-vous bien suivi le sport fran\u00e7ais ce week-end ?"},"content":{"rendered":"<p style=\"text-align: justify;\"><em><strong>Si les Bleus ont entam\u00e9 timidement la Coupe du monde de rugby, les quarts des Championnats d&rsquo;Europe approchent \u00e0 grands pas pour les volleyeurs tricolores. Du c\u00f4t\u00e9 sport f\u00e9minin, Pauline Ferrand-Pr\u00e9vot a une nouvelle fois brill\u00e9 et ajoute un nouveau titre de championne du monde \u00e0 son prestigieux palmar\u00e8s. Avez-vous bien suivi les derni\u00e8res performances de nos Fran\u00e7ais(es) ? R\u00e9pondez vite au quiz du lundi !<\/strong><\/em><\/p>\n[WpProQuiz 429]\n<p style=\"text-align: justify;\"><em><strong>Sophie Clapier<\/strong><br \/>\n<\/em><a href=\"https:\/\/twitter.com\/soocube\" target=\"_blank\" rel=\"noopener noreferrer\"><img loading=\"lazy\" decoding=\"async\" class=\"alignnone wp-image-2908\" src=\"http:\/\/dicodusport.fr\/blog\/wp-content\/uploads\/2017\/07\/logo-twitter-150x150.png\" alt=\"\" width=\"39\" height=\"39\" \/><\/a><a href=\"https:\/\/www.facebook.com\/soocube\" target=\"_blank\" rel=\"noopener noreferrer\"><img loading=\"lazy\" decoding=\"async\" class=\"alignnone wp-image-2909\" src=\"http:\/\/dicodusport.fr\/blog\/wp-content\/uploads\/2017\/07\/logo-facebook-150x150.png\" alt=\"\" width=\"40\" height=\"40\" \/><\/a><\/p>\n","protected":false},"excerpt":{"rendered":"<p>Dans le quiz de ce lundi, retrouvez la Coupe du monde de rugby, les Championnats d&rsquo;Europe de volley ou encore Pauline Ferrand-Pr\u00e9vot. GO !<\/p>\n","protected":false},"author":18,"featured_media":49189,"comment_status":"open","ping_status":"closed","sticky":false,"template":"","format":"standard","meta":{"_acf_changed":false,"_daextam_enable_autolinks":"","footnotes":""},"categories":[2366,3692],"tags":[1529,1340,2895,24,7021],"class_list":["post-49187","post","type-post","status-publish","format-standard","has-post-thumbnail","hentry","category-multisports","category-quiz","tag-coupe-du-monde-de-rugby","tag-pauline-ferrand-prevot","tag-quiz","tag-sport","tag-sport-francais"],"acf":[],"yoast_head":"<!-- This site is optimized with the Yoast SEO Premium plugin v26.7 (Yoast SEO v26.7) - https:\/\/yoast.com\/wordpress\/plugins\/seo\/ -->\n<title>Quiz Actu #38 : avez-vous bien suivi le sport fran\u00e7ais ce week-end ?<\/title>\n<meta name=\"description\" content=\"Dans le quiz de ce lundi, retrouvez la Coupe du monde de rugby, les Championnats d&#039;Europe de volley ou encore Pauline Ferrand-Pr\u00e9vot. GO !\" \/>\n<meta name=\"robots\" content=\"index, follow, max-snippet:-1, max-image-preview:large, max-video-preview:-1\" \/>\n<link rel=\"canonical\" href=\"https:\/\/dicodusport.fr\/blog\/quiz-actu-38-avez-vous-bien-suivi-le-sport-francais-ce-week-end\/\" \/>\n<meta property=\"og:locale\" content=\"fr_FR\" \/>\n<meta property=\"og:type\" content=\"article\" \/>\n<meta property=\"og:title\" content=\"Quiz Actu #38 : avez-vous bien suivi le sport fran\u00e7ais ce week-end ?\" \/>\n<meta property=\"og:description\" content=\"Dans le quiz de ce lundi, retrouvez la Coupe du monde de rugby, les Championnats d&#039;Europe de volley ou encore Pauline Ferrand-Pr\u00e9vot. GO !\" \/>\n<meta property=\"og:url\" content=\"https:\/\/dicodusport.fr\/blog\/quiz-actu-38-avez-vous-bien-suivi-le-sport-francais-ce-week-end\/\" \/>\n<meta property=\"og:site_name\" content=\"Dicodusport\" \/>\n<meta property=\"article:publisher\" content=\"https:\/\/www.facebook.com\/dicodusport\" \/>\n<meta property=\"article:author\" content=\"https:\/\/www.facebook.com\/soocube\" \/>\n<meta property=\"article:published_time\" content=\"2019-09-23T05:55:29+00:00\" \/>\n<meta property=\"article:modified_time\" content=\"2019-09-23T06:12:36+00:00\" \/>\n<meta property=\"og:image\" content=\"https:\/\/dicodusport.fr\/blog\/wp-content\/uploads\/2019\/09\/Quiz-Avez-vous-bien-suivi-les-faits-marquants-du-sport-fran\u00e7ais-ce-week-end.png\" \/>\n\t<meta property=\"og:image:width\" content=\"800\" \/>\n\t<meta property=\"og:image:height\" content=\"445\" \/>\n\t<meta property=\"og:image:type\" content=\"image\/png\" \/>\n<meta name=\"author\" content=\"Sophie Clapier\" \/>\n<meta name=\"twitter:card\" content=\"summary_large_image\" \/>\n<meta name=\"twitter:title\" content=\"Quiz Actu #38 : avez-vous bien suivi le sport fran\u00e7ais ce week-end ?\" \/>\n<meta name=\"twitter:image\" content=\"https:\/\/dicodusport.fr\/blog\/wp-content\/uploads\/2019\/09\/Quiz-Avez-vous-bien-suivi-les-faits-marquants-du-sport-fran\u00e7ais-ce-week-end-RS.png\" \/>\n<meta name=\"twitter:creator\" content=\"@https:\/\/twitter.com\/soocube\" \/>\n<meta name=\"twitter:site\" content=\"@dicodusport\" \/>\n<script type=\"application\/ld+json\" class=\"yoast-schema-graph\">{\"@context\":\"https:\/\/schema.org\",\"@graph\":[{\"@type\":\"NewsArticle\",\"@id\":\"https:\/\/dicodusport.fr\/blog\/quiz-actu-38-avez-vous-bien-suivi-le-sport-francais-ce-week-end\/#article\",\"isPartOf\":{\"@id\":\"https:\/\/dicodusport.fr\/blog\/quiz-actu-38-avez-vous-bien-suivi-le-sport-francais-ce-week-end\/\"},\"author\":{\"name\":\"Sophie Clapier\",\"@id\":\"https:\/\/dicodusport.fr\/blog\/#\/schema\/person\/416c975648aca9da8839bdfe333a21c9\"},\"headline\":\"Quiz Actu #38 : avez-vous bien suivi le sport fran\u00e7ais ce week-end ?\",\"datePublished\":\"2019-09-23T05:55:29+00:00\",\"dateModified\":\"2019-09-23T06:12:36+00:00\",\"mainEntityOfPage\":{\"@id\":\"https:\/\/dicodusport.fr\/blog\/quiz-actu-38-avez-vous-bien-suivi-le-sport-francais-ce-week-end\/\"},\"wordCount\":85,\"commentCount\":0,\"publisher\":{\"@id\":\"https:\/\/dicodusport.fr\/blog\/#organization\"},\"image\":{\"@id\":\"https:\/\/dicodusport.fr\/blog\/quiz-actu-38-avez-vous-bien-suivi-le-sport-francais-ce-week-end\/#primaryimage\"},\"thumbnailUrl\":\"https:\/\/dicodusport.fr\/blog\/wp-content\/uploads\/2019\/09\/Quiz-Avez-vous-bien-suivi-les-faits-marquants-du-sport-fran\u00e7ais-ce-week-end.png\",\"keywords\":[\"Coupe du monde de rugby\",\"Pauline Ferrand-Pr\u00e9vot\",\"Quiz\",\"sport\",\"Sport fran\u00e7ais\"],\"articleSection\":[\"Multisports\",\"Quiz\"],\"inLanguage\":\"fr-FR\",\"potentialAction\":[{\"@type\":\"CommentAction\",\"name\":\"Comment\",\"target\":[\"https:\/\/dicodusport.fr\/blog\/quiz-actu-38-avez-vous-bien-suivi-le-sport-francais-ce-week-end\/#respond\"]}],\"copyrightYear\":\"2019\",\"copyrightHolder\":{\"@id\":\"https:\/\/dicodusport.fr\/blog\/#organization\"}},{\"@type\":\"WebPage\",\"@id\":\"https:\/\/dicodusport.fr\/blog\/quiz-actu-38-avez-vous-bien-suivi-le-sport-francais-ce-week-end\/\",\"url\":\"https:\/\/dicodusport.fr\/blog\/quiz-actu-38-avez-vous-bien-suivi-le-sport-francais-ce-week-end\/\",\"name\":\"Quiz Actu #38 : avez-vous bien suivi le sport fran\u00e7ais ce week-end ?\",\"isPartOf\":{\"@id\":\"https:\/\/dicodusport.fr\/blog\/#website\"},\"primaryImageOfPage\":{\"@id\":\"https:\/\/dicodusport.fr\/blog\/quiz-actu-38-avez-vous-bien-suivi-le-sport-francais-ce-week-end\/#primaryimage\"},\"image\":{\"@id\":\"https:\/\/dicodusport.fr\/blog\/quiz-actu-38-avez-vous-bien-suivi-le-sport-francais-ce-week-end\/#primaryimage\"},\"thumbnailUrl\":\"https:\/\/dicodusport.fr\/blog\/wp-content\/uploads\/2019\/09\/Quiz-Avez-vous-bien-suivi-les-faits-marquants-du-sport-fran\u00e7ais-ce-week-end.png\",\"datePublished\":\"2019-09-23T05:55:29+00:00\",\"dateModified\":\"2019-09-23T06:12:36+00:00\",\"description\":\"Dans le quiz de ce lundi, retrouvez la Coupe du monde de rugby, les Championnats d'Europe de volley ou encore Pauline Ferrand-Pr\u00e9vot. GO !\",\"breadcrumb\":{\"@id\":\"https:\/\/dicodusport.fr\/blog\/quiz-actu-38-avez-vous-bien-suivi-le-sport-francais-ce-week-end\/#breadcrumb\"},\"inLanguage\":\"fr-FR\",\"potentialAction\":[{\"@type\":\"ReadAction\",\"target\":[\"https:\/\/dicodusport.fr\/blog\/quiz-actu-38-avez-vous-bien-suivi-le-sport-francais-ce-week-end\/\"]}]},{\"@type\":\"ImageObject\",\"inLanguage\":\"fr-FR\",\"@id\":\"https:\/\/dicodusport.fr\/blog\/quiz-actu-38-avez-vous-bien-suivi-le-sport-francais-ce-week-end\/#primaryimage\",\"url\":\"https:\/\/dicodusport.fr\/blog\/wp-content\/uploads\/2019\/09\/Quiz-Avez-vous-bien-suivi-les-faits-marquants-du-sport-fran\u00e7ais-ce-week-end.png\",\"contentUrl\":\"https:\/\/dicodusport.fr\/blog\/wp-content\/uploads\/2019\/09\/Quiz-Avez-vous-bien-suivi-les-faits-marquants-du-sport-fran\u00e7ais-ce-week-end.png\",\"width\":800,\"height\":445},{\"@type\":\"BreadcrumbList\",\"@id\":\"https:\/\/dicodusport.fr\/blog\/quiz-actu-38-avez-vous-bien-suivi-le-sport-francais-ce-week-end\/#breadcrumb\",\"itemListElement\":[{\"@type\":\"ListItem\",\"position\":1,\"name\":\"Accueil\",\"item\":\"https:\/\/dicodusport.fr\/blog\/\"},{\"@type\":\"ListItem\",\"position\":2,\"name\":\"Quiz Actu #38 : avez-vous bien suivi le sport fran\u00e7ais ce week-end ?\"}]},{\"@type\":\"WebSite\",\"@id\":\"https:\/\/dicodusport.fr\/blog\/#website\",\"url\":\"https:\/\/dicodusport.fr\/blog\/\",\"name\":\"Dicodusport\",\"description\":\"L&#039;encyclop\u00e9die de l&#039;actualit\u00e9 sportive\",\"publisher\":{\"@id\":\"https:\/\/dicodusport.fr\/blog\/#organization\"},\"potentialAction\":[{\"@type\":\"SearchAction\",\"target\":{\"@type\":\"EntryPoint\",\"urlTemplate\":\"https:\/\/dicodusport.fr\/blog\/?s={search_term_string}\"},\"query-input\":{\"@type\":\"PropertyValueSpecification\",\"valueRequired\":true,\"valueName\":\"search_term_string\"}}],\"inLanguage\":\"fr-FR\"},{\"@type\":\"NewsMediaOrganization\",\"@id\":\"https:\/\/dicodusport.fr\/blog\/#organization\",\"name\":\"Dicodusport\",\"url\":\"https:\/\/dicodusport.fr\/blog\/\",\"logo\":{\"@type\":\"ImageObject\",\"inLanguage\":\"fr-FR\",\"@id\":\"https:\/\/dicodusport.fr\/blog\/#\/schema\/logo\/image\/\",\"url\":\"https:\/\/dicodusport.fr\/blog\/wp-content\/uploads\/2020\/06\/cropped-LOGO-DICODUSPORT-2020-SANS-FOND-SANS-TEXTE.png\",\"contentUrl\":\"https:\/\/dicodusport.fr\/blog\/wp-content\/uploads\/2020\/06\/cropped-LOGO-DICODUSPORT-2020-SANS-FOND-SANS-TEXTE.png\",\"width\":512,\"height\":512,\"caption\":\"Dicodusport\"},\"image\":{\"@id\":\"https:\/\/dicodusport.fr\/blog\/#\/schema\/logo\/image\/\"},\"sameAs\":[\"https:\/\/www.facebook.com\/dicodusport\",\"https:\/\/x.com\/dicodusport\",\"https:\/\/www.instagram.com\/dicodusport\/\",\"https:\/\/www.youtube.com\/channel\/UC7V2KZ5sd3htJivAbA4ZG3w\"],\"description\":\"Dicodusport est l'encyclop\u00e9die de l'actualit\u00e9 sportive.\",\"email\":\"bonjour@dicodusport.fr\",\"legalName\":\"DICODUSPORT\",\"foundingDate\":\"2018-01-14\",\"vatID\":\"FR71834470973\",\"taxID\":\"83447097300043\",\"numberOfEmployees\":{\"@type\":\"QuantitativeValue\",\"minValue\":\"1\",\"maxValue\":\"10\"}},{\"@type\":\"Person\",\"@id\":\"https:\/\/dicodusport.fr\/blog\/#\/schema\/person\/416c975648aca9da8839bdfe333a21c9\",\"name\":\"Sophie Clapier\",\"image\":{\"@type\":\"ImageObject\",\"inLanguage\":\"fr-FR\",\"@id\":\"https:\/\/dicodusport.fr\/blog\/#\/schema\/person\/image\/\",\"url\":\"https:\/\/dicodusport.fr\/blog\/wp-content\/uploads\/2021\/05\/Sophie-Clapier-150x150.jpg\",\"contentUrl\":\"https:\/\/dicodusport.fr\/blog\/wp-content\/uploads\/2021\/05\/Sophie-Clapier-150x150.jpg\",\"caption\":\"Sophie Clapier\"},\"description\":\"Journaliste\/r\u00e9dactrice depuis janvier 2016 - Passionn\u00e9e de sport depuis toujours, j\u2019en ai pratiqu\u00e9 quelques-uns. Judo, football, handball ou encore tennis, je n\u2019ai jamais pu me mettre d\u2019accord sur un en particulier. Mais \u00e7a, c\u2019\u00e9tait avant de d\u00e9couvrir le basket, devenu mon sport de pr\u00e9dilection. Les actions NBA, le All-Star Week-end, la fureur des Game 7 pendant les playoffs ou mieux, lors des Finals, this is why we play. Team Spurs T.P, je m\u2019accroche encore \u00e0 Gregg Popovich (don\u2019t leave !). Team chef Curry, je souhaite qu\u2019il finisse aux Warriors (staaaay !). Non, il n\u2019y a pas qu\u2019eux, des petits nouveaux -et des petites nouvelles \u00e9videmment- arrivent chaque jour dans toutes les disciplines et cr\u00e9ent de nouveaux exploits. Alors pour les grands \u00e9v\u00e9nements et comp\u00e9titions internationales, vive les pulsations 240\/minutes et le d\u00e9fibrillateur pas loin, et allez les Bleu(e)s ! C\u2019est s\u00fbr, j\u2019aurai plus vu ma vie sur un terrain de sport, mais \u00e0 d\u00e9faut d\u2019en faire en haut niveau, je le partage avec vous.\",\"sameAs\":[\"https:\/\/www.facebook.com\/soocube\",\"https:\/\/x.com\/https:\/\/twitter.com\/soocube\",\"admin\"],\"url\":\"https:\/\/dicodusport.fr\/blog\/author\/sophie\/\"}]}<\/script>\n<!-- \/ Yoast SEO Premium plugin. -->","yoast_head_json":{"title":"Quiz Actu #38 : avez-vous bien suivi le sport fran\u00e7ais ce week-end ?","description":"Dans le quiz de ce lundi, retrouvez la Coupe du monde de rugby, les Championnats d'Europe de volley ou encore Pauline Ferrand-Pr\u00e9vot. GO !","robots":{"index":"index","follow":"follow","max-snippet":"max-snippet:-1","max-image-preview":"max-image-preview:large","max-video-preview":"max-video-preview:-1"},"canonical":"https:\/\/dicodusport.fr\/blog\/quiz-actu-38-avez-vous-bien-suivi-le-sport-francais-ce-week-end\/","og_locale":"fr_FR","og_type":"article","og_title":"Quiz Actu #38 : avez-vous bien suivi le sport fran\u00e7ais ce week-end ?","og_description":"Dans le quiz de ce lundi, retrouvez la Coupe du monde de rugby, les Championnats d'Europe de volley ou encore Pauline Ferrand-Pr\u00e9vot. GO !","og_url":"https:\/\/dicodusport.fr\/blog\/quiz-actu-38-avez-vous-bien-suivi-le-sport-francais-ce-week-end\/","og_site_name":"Dicodusport","article_publisher":"https:\/\/www.facebook.com\/dicodusport","article_author":"https:\/\/www.facebook.com\/soocube","article_published_time":"2019-09-23T05:55:29+00:00","article_modified_time":"2019-09-23T06:12:36+00:00","og_image":[{"width":800,"height":445,"url":"https:\/\/dicodusport.fr\/blog\/wp-content\/uploads\/2019\/09\/Quiz-Avez-vous-bien-suivi-les-faits-marquants-du-sport-fran\u00e7ais-ce-week-end.png","type":"image\/png"}],"author":"Sophie Clapier","twitter_card":"summary_large_image","twitter_title":"Quiz Actu #38 : avez-vous bien suivi le sport fran\u00e7ais ce week-end ?","twitter_image":"https:\/\/dicodusport.fr\/blog\/wp-content\/uploads\/2019\/09\/Quiz-Avez-vous-bien-suivi-les-faits-marquants-du-sport-fran\u00e7ais-ce-week-end-RS.png","twitter_creator":"@https:\/\/twitter.com\/soocube","twitter_site":"@dicodusport","schema":{"@context":"https:\/\/schema.org","@graph":[{"@type":"NewsArticle","@id":"https:\/\/dicodusport.fr\/blog\/quiz-actu-38-avez-vous-bien-suivi-le-sport-francais-ce-week-end\/#article","isPartOf":{"@id":"https:\/\/dicodusport.fr\/blog\/quiz-actu-38-avez-vous-bien-suivi-le-sport-francais-ce-week-end\/"},"author":{"name":"Sophie Clapier","@id":"https:\/\/dicodusport.fr\/blog\/#\/schema\/person\/416c975648aca9da8839bdfe333a21c9"},"headline":"Quiz Actu #38 : avez-vous bien suivi le sport fran\u00e7ais ce week-end ?","datePublished":"2019-09-23T05:55:29+00:00","dateModified":"2019-09-23T06:12:36+00:00","mainEntityOfPage":{"@id":"https:\/\/dicodusport.fr\/blog\/quiz-actu-38-avez-vous-bien-suivi-le-sport-francais-ce-week-end\/"},"wordCount":85,"commentCount":0,"publisher":{"@id":"https:\/\/dicodusport.fr\/blog\/#organization"},"image":{"@id":"https:\/\/dicodusport.fr\/blog\/quiz-actu-38-avez-vous-bien-suivi-le-sport-francais-ce-week-end\/#primaryimage"},"thumbnailUrl":"https:\/\/dicodusport.fr\/blog\/wp-content\/uploads\/2019\/09\/Quiz-Avez-vous-bien-suivi-les-faits-marquants-du-sport-fran\u00e7ais-ce-week-end.png","keywords":["Coupe du monde de rugby","Pauline Ferrand-Pr\u00e9vot","Quiz","sport","Sport fran\u00e7ais"],"articleSection":["Multisports","Quiz"],"inLanguage":"fr-FR","potentialAction":[{"@type":"CommentAction","name":"Comment","target":["https:\/\/dicodusport.fr\/blog\/quiz-actu-38-avez-vous-bien-suivi-le-sport-francais-ce-week-end\/#respond"]}],"copyrightYear":"2019","copyrightHolder":{"@id":"https:\/\/dicodusport.fr\/blog\/#organization"}},{"@type":"WebPage","@id":"https:\/\/dicodusport.fr\/blog\/quiz-actu-38-avez-vous-bien-suivi-le-sport-francais-ce-week-end\/","url":"https:\/\/dicodusport.fr\/blog\/quiz-actu-38-avez-vous-bien-suivi-le-sport-francais-ce-week-end\/","name":"Quiz Actu #38 : avez-vous bien suivi le sport fran\u00e7ais ce week-end ?","isPartOf":{"@id":"https:\/\/dicodusport.fr\/blog\/#website"},"primaryImageOfPage":{"@id":"https:\/\/dicodusport.fr\/blog\/quiz-actu-38-avez-vous-bien-suivi-le-sport-francais-ce-week-end\/#primaryimage"},"image":{"@id":"https:\/\/dicodusport.fr\/blog\/quiz-actu-38-avez-vous-bien-suivi-le-sport-francais-ce-week-end\/#primaryimage"},"thumbnailUrl":"https:\/\/dicodusport.fr\/blog\/wp-content\/uploads\/2019\/09\/Quiz-Avez-vous-bien-suivi-les-faits-marquants-du-sport-fran\u00e7ais-ce-week-end.png","datePublished":"2019-09-23T05:55:29+00:00","dateModified":"2019-09-23T06:12:36+00:00","description":"Dans le quiz de ce lundi, retrouvez la Coupe du monde de rugby, les Championnats d'Europe de volley ou encore Pauline Ferrand-Pr\u00e9vot. GO !","breadcrumb":{"@id":"https:\/\/dicodusport.fr\/blog\/quiz-actu-38-avez-vous-bien-suivi-le-sport-francais-ce-week-end\/#breadcrumb"},"inLanguage":"fr-FR","potentialAction":[{"@type":"ReadAction","target":["https:\/\/dicodusport.fr\/blog\/quiz-actu-38-avez-vous-bien-suivi-le-sport-francais-ce-week-end\/"]}]},{"@type":"ImageObject","inLanguage":"fr-FR","@id":"https:\/\/dicodusport.fr\/blog\/quiz-actu-38-avez-vous-bien-suivi-le-sport-francais-ce-week-end\/#primaryimage","url":"https:\/\/dicodusport.fr\/blog\/wp-content\/uploads\/2019\/09\/Quiz-Avez-vous-bien-suivi-les-faits-marquants-du-sport-fran\u00e7ais-ce-week-end.png","contentUrl":"https:\/\/dicodusport.fr\/blog\/wp-content\/uploads\/2019\/09\/Quiz-Avez-vous-bien-suivi-les-faits-marquants-du-sport-fran\u00e7ais-ce-week-end.png","width":800,"height":445},{"@type":"BreadcrumbList","@id":"https:\/\/dicodusport.fr\/blog\/quiz-actu-38-avez-vous-bien-suivi-le-sport-francais-ce-week-end\/#breadcrumb","itemListElement":[{"@type":"ListItem","position":1,"name":"Accueil","item":"https:\/\/dicodusport.fr\/blog\/"},{"@type":"ListItem","position":2,"name":"Quiz Actu #38 : avez-vous bien suivi le sport fran\u00e7ais ce week-end ?"}]},{"@type":"WebSite","@id":"https:\/\/dicodusport.fr\/blog\/#website","url":"https:\/\/dicodusport.fr\/blog\/","name":"Dicodusport","description":"L&#039;encyclop\u00e9die de l&#039;actualit\u00e9 sportive","publisher":{"@id":"https:\/\/dicodusport.fr\/blog\/#organization"},"potentialAction":[{"@type":"SearchAction","target":{"@type":"EntryPoint","urlTemplate":"https:\/\/dicodusport.fr\/blog\/?s={search_term_string}"},"query-input":{"@type":"PropertyValueSpecification","valueRequired":true,"valueName":"search_term_string"}}],"inLanguage":"fr-FR"},{"@type":"NewsMediaOrganization","@id":"https:\/\/dicodusport.fr\/blog\/#organization","name":"Dicodusport","url":"https:\/\/dicodusport.fr\/blog\/","logo":{"@type":"ImageObject","inLanguage":"fr-FR","@id":"https:\/\/dicodusport.fr\/blog\/#\/schema\/logo\/image\/","url":"https:\/\/dicodusport.fr\/blog\/wp-content\/uploads\/2020\/06\/cropped-LOGO-DICODUSPORT-2020-SANS-FOND-SANS-TEXTE.png","contentUrl":"https:\/\/dicodusport.fr\/blog\/wp-content\/uploads\/2020\/06\/cropped-LOGO-DICODUSPORT-2020-SANS-FOND-SANS-TEXTE.png","width":512,"height":512,"caption":"Dicodusport"},"image":{"@id":"https:\/\/dicodusport.fr\/blog\/#\/schema\/logo\/image\/"},"sameAs":["https:\/\/www.facebook.com\/dicodusport","https:\/\/x.com\/dicodusport","https:\/\/www.instagram.com\/dicodusport\/","https:\/\/www.youtube.com\/channel\/UC7V2KZ5sd3htJivAbA4ZG3w"],"description":"Dicodusport est l'encyclop\u00e9die de l'actualit\u00e9 sportive.","email":"bonjour@dicodusport.fr","legalName":"DICODUSPORT","foundingDate":"2018-01-14","vatID":"FR71834470973","taxID":"83447097300043","numberOfEmployees":{"@type":"QuantitativeValue","minValue":"1","maxValue":"10"}},{"@type":"Person","@id":"https:\/\/dicodusport.fr\/blog\/#\/schema\/person\/416c975648aca9da8839bdfe333a21c9","name":"Sophie Clapier","image":{"@type":"ImageObject","inLanguage":"fr-FR","@id":"https:\/\/dicodusport.fr\/blog\/#\/schema\/person\/image\/","url":"https:\/\/dicodusport.fr\/blog\/wp-content\/uploads\/2021\/05\/Sophie-Clapier-150x150.jpg","contentUrl":"https:\/\/dicodusport.fr\/blog\/wp-content\/uploads\/2021\/05\/Sophie-Clapier-150x150.jpg","caption":"Sophie Clapier"},"description":"Journaliste\/r\u00e9dactrice depuis janvier 2016 - Passionn\u00e9e de sport depuis toujours, j\u2019en ai pratiqu\u00e9 quelques-uns. Judo, football, handball ou encore tennis, je n\u2019ai jamais pu me mettre d\u2019accord sur un en particulier. Mais \u00e7a, c\u2019\u00e9tait avant de d\u00e9couvrir le basket, devenu mon sport de pr\u00e9dilection. Les actions NBA, le All-Star Week-end, la fureur des Game 7 pendant les playoffs ou mieux, lors des Finals, this is why we play. Team Spurs T.P, je m\u2019accroche encore \u00e0 Gregg Popovich (don\u2019t leave !). Team chef Curry, je souhaite qu\u2019il finisse aux Warriors (staaaay !). Non, il n\u2019y a pas qu\u2019eux, des petits nouveaux -et des petites nouvelles \u00e9videmment- arrivent chaque jour dans toutes les disciplines et cr\u00e9ent de nouveaux exploits. Alors pour les grands \u00e9v\u00e9nements et comp\u00e9titions internationales, vive les pulsations 240\/minutes et le d\u00e9fibrillateur pas loin, et allez les Bleu(e)s ! C\u2019est s\u00fbr, j\u2019aurai plus vu ma vie sur un terrain de sport, mais \u00e0 d\u00e9faut d\u2019en faire en haut niveau, je le partage avec vous.","sameAs":["https:\/\/www.facebook.com\/soocube","https:\/\/x.com\/https:\/\/twitter.com\/soocube","admin"],"url":"https:\/\/dicodusport.fr\/blog\/author\/sophie\/"}]}},"_links":{"self":[{"href":"https:\/\/dicodusport.fr\/blog\/wp-json\/wp\/v2\/posts\/49187","targetHints":{"allow":["GET"]}}],"collection":[{"href":"https:\/\/dicodusport.fr\/blog\/wp-json\/wp\/v2\/posts"}],"about":[{"href":"https:\/\/dicodusport.fr\/blog\/wp-json\/wp\/v2\/types\/post"}],"author":[{"embeddable":true,"href":"https:\/\/dicodusport.fr\/blog\/wp-json\/wp\/v2\/users\/18"}],"replies":[{"embeddable":true,"href":"https:\/\/dicodusport.fr\/blog\/wp-json\/wp\/v2\/comments?post=49187"}],"version-history":[{"count":0,"href":"https:\/\/dicodusport.fr\/blog\/wp-json\/wp\/v2\/posts\/49187\/revisions"}],"wp:featuredmedia":[{"embeddable":true,"href":"https:\/\/dicodusport.fr\/blog\/wp-json\/wp\/v2\/media\/49189"}],"wp:attachment":[{"href":"https:\/\/dicodusport.fr\/blog\/wp-json\/wp\/v2\/media?parent=49187"}],"wp:term":[{"taxonomy":"category","embeddable":true,"href":"https:\/\/dicodusport.fr\/blog\/wp-json\/wp\/v2\/categories?post=49187"},{"taxonomy":"post_tag","embeddable":true,"href":"https:\/\/dicodusport.fr\/blog\/wp-json\/wp\/v2\/tags?post=49187"}],"curies":[{"name":"wp","href":"https:\/\/api.w.org\/{rel}","templated":true}]}}