{"id":492103,"date":"2024-06-11T15:24:52","date_gmt":"2024-06-11T13:24:52","guid":{"rendered":"https:\/\/dicodusport.fr\/blog\/?p=492103&#038;preview=true&#038;preview_id=492103"},"modified":"2024-06-11T15:30:14","modified_gmt":"2024-06-11T13:30:14","slug":"athletisme-championnats-deurope-2024-makenson-gletty-deuxieme-du-decathlon-avant-les-deux-dernieres-epreuves","status":"publish","type":"post","link":"https:\/\/dicodusport.fr\/blog\/athletisme-championnats-deurope-2024-makenson-gletty-deuxieme-du-decathlon-avant-les-deux-dernieres-epreuves\/","title":{"rendered":"Athl\u00e9tisme Championnats d&rsquo;Europe 2024 : Makenson Gletty deuxi\u00e8me du d\u00e9cathlon avant les deux derni\u00e8res \u00e9preuves"},"content":{"rendered":"<p style=\"text-align: justify;\"><strong><em><a href=\"https:\/\/dicodusport.fr\/blog\/programme-et-resultats-athletisme-championnats-deurope-2024\/\" target=\"_blank\" rel=\"noopener\">CHAMPIONNATS D&rsquo;EUROPE D&rsquo;ATHL\u00c9TISME 2024<\/a> &#8211; C&rsquo;est une matin\u00e9e riche en \u00e9motions qu&rsquo;ont v\u00e9cu les Fran\u00e7ais du d\u00e9cathlon. Makenson Gletty est plus que jamais en course pour un podium !<br \/>\n<\/em><\/strong><\/p>\n<ul style=\"text-align: justify;\">\n<li><strong>\u00c0 ce sujet &#8211; <a title=\"Classement D\u00e9cathlon Athl\u00e9tisme Championnats d\u2019Europe 2024\" href=\"https:\/\/dicodusport.fr\/blog\/classement-decathlon-athletisme-championnats-deurope-2024\/\" target=\"_blank\" rel=\"noopener\">Le classement du d\u00e9cathlon<\/a><\/strong><\/li>\n<\/ul>\n<h2 style=\"text-align: justify;\">110 m haies : l&rsquo;imbroglio Makenson Gletty<\/h2>\n<p style=\"text-align: justify;\"><strong>Dario Dester<\/strong> a survol\u00e9 la premi\u00e8re s\u00e9rie en 14.28 alors que Risto Lillemets n&rsquo;a pas fini la course. Sorti tr\u00e8s (trop) bien lors de la 2e s\u00e9rie, Markus Rooth a commis une grosse faute sur la premi\u00e8re haie mais est parvenu \u00e0 terminer la course, cependant en 14.59. Bonne course pour <strong>T\u00e9o Bastien <\/strong>qui termine 2e en 14.40 derri\u00e8re Johannes Erm (14.30).<\/p>\n<p style=\"text-align: justify;\">Catastrophe dans la derni\u00e8re s\u00e9rie puisque <strong>Makenson Gletty<\/strong> n&rsquo;est pas parti, n&rsquo;ayant pas entendu le d\u00e9part. Le Suisse Finley Gaio s&rsquo;impose en 14.04, Kevin Mayer est 3e en 14.29 devant Sander Skotheim (14.30). Furieux, Gletty a \u00e9t\u00e9 calm\u00e9 par son compatriote Kevin Mayer. Il semblerait que le haut parleur n&rsquo;ait pas fonctionn\u00e9. Et le Fran\u00e7ais a obtenu gain de cause puisqu&rsquo;il a pu recourir seul un peu plus tard. Les Fran\u00e7ais ont en effet d\u00e9pos\u00e9 une r\u00e9clamation car il a \u00e9t\u00e9 perturb\u00e9 par le bruit du drone et le micro qui ne fonctionnait pas. Ils ont \u00e9t\u00e9 appuy\u00e9s par les Allemands qui ont eu le m\u00eame probl\u00e8me au m\u00eame couloir pour Niklas Kaul mais celui-ci avait d\u00e9cid\u00e9 de ne pas recourir.<\/p>\n<p>Et tel un champion, il a de nouveau battu son record personnel en courant en 13.88 ! Lui permettant ensuite de reprendre la t\u00eate du d\u00e9cathlon \u00e0 Skotheim pour 27 points.<\/p>\n<blockquote class=\"twitter-tweet\">\n<p dir=\"ltr\" lang=\"fr\">\ud83e\udd2f 13&Prime;88 !!!<\/p>\n<p>\ud83c\uddeb\ud83c\uddf7 Nouveau RECORD PERSONNEL pour Makenson Gletty, qui reste dans la course au podium !<\/p>\n<p>\ud83d\udcbb La comp\u00e9tition est \u00e0 suivre en DIRECT sur <a href=\"https:\/\/twitter.com\/francetvsport?ref_src=twsrc%5Etfw\">@francetvsport<\/a><a href=\"https:\/\/twitter.com\/hashtag\/Roma2024?src=hash&amp;ref_src=twsrc%5Etfw\">#Roma2024<\/a> <a href=\"https:\/\/t.co\/sWeCHvw7aF\">pic.twitter.com\/sWeCHvw7aF<\/a><\/p>\n<p>\u2014 FFAthl\u00e9tisme (@FFAthletisme) <a href=\"https:\/\/twitter.com\/FFAthletisme\/status\/1800448102085607932?ref_src=twsrc%5Etfw\">June 11, 2024<\/a><\/p><\/blockquote>\n<p><script async src=\"https:\/\/platform.twitter.com\/widgets.js\" charset=\"utf-8\"><\/script><\/p>\n<h2 style=\"text-align: justify;\">Lancer du disque<\/h2>\n<p style=\"text-align: justify;\"><strong>Kevin Mayer<\/strong> a remport\u00e9 le groupe A avec un deuxi\u00e8me essai \u00e0 48.53 m. <strong>T\u00e9o Bastien<\/strong> a lui lanc\u00e9 \u00e0 43.55 m.<\/p>\n<p style=\"text-align: justify;\"><strong>Makenson Gletty <\/strong>a donc \u00e9t\u00e9 d\u00e9plac\u00e9 dans le groupe B plus tard. Dans une \u00e9preuve qui lui a co\u00fbt\u00e9 des points \u00e0 Talence, il a commenc\u00e9 prudemment. Apr\u00e8s un essai \u00e0 42.73 m, il lance \u00e0 45.54 m. Malheureusement il mord le dernier essai. Pas de points perdus mais il y avait la place pour faire mieux. Il glisse \u00e0 la 2e place derri\u00e8re Skotheim, avec toujours cet \u00e9cart de 27 points.<\/p>\n<h2 style=\"text-align: justify;\">Saut \u00e0 la perche : la frayeur Mayer&#8230; puis Gletty !<\/h2>\n<p style=\"text-align: justify;\">En danger apr\u00e8s deux rat\u00e9s \u00e0 4.40, <strong>Sander Skotheim<\/strong> a pass\u00e9 la barre avec une grande marge. S&rsquo;il a franchi 4.60 m, il aura connu 3 \u00e9checs \u00e0 4.80 m. Beaucoup de points de perdus pour le Norv\u00e9gien qui a un record \u00e0 5.35 m et qui avait pass\u00e9 5.11 m cette ann\u00e9e.<\/p>\n<p style=\"text-align: justify;\">Alors que le vent s&rsquo;est lev\u00e9 2h apr\u00e8s le d\u00e9but du concours,<strong> Kevin Mayer<\/strong> a rat\u00e9 son premier saut \u00e0 5.00 m. Et \u00e0 son deuxi\u00e8me essai, il a tap\u00e9 la barre en montant. Se retrouvant dans une situation bien d\u00e9licate, le double champion du monde a r\u00e9ussi son dernier essai pour marquer 910 points. TTandis que <strong>T\u00e9o Bastien<\/strong>, qui n&rsquo;avait pas connu d&rsquo;\u00e9checs sur ses 4 essais pr\u00e9c\u00e9dents, n&rsquo;a pas r\u00e9ussi.<\/p>\n<p style=\"text-align: justify;\">Dans le deuxi\u00e8me concours donc, <strong>Makenson Gletty<\/strong> est entr\u00e9 1h apr\u00e8s les autres \u00e0 4.60 m. En vain. Et il a d\u00fb rapidement encha\u00eener les sauts se retrouvant dans la m\u00eame situation que son compatriote. Alors qu&rsquo;il est largement au-dessus de la barre \u00e0 chaque fois, celle-ci tombe \u00e0 chaque fois. Fort heureusement, le d\u00e9nouement sera heureux pour marquer 790 points et \u00e9viter le 0 point\u00e9. Ensuite, il fallait continuer \u00e0 monter les barres pour marquer des points et reprendre les commandes. Il a fait l&rsquo;impasse \u00e0 4.70 m avant de facilement passer 4.80 m et 4.90 m o\u00f9 ils n&rsquo;\u00e9taient plus que 4.<\/p>\n<p style=\"text-align: justify;\">Et ils n&rsquo;\u00e9taient plus que trois \u00e0 5.00 m : le tenant du titre <strong>Niklas Kaul <\/strong>qui a pass\u00e9 4.90 m \u00e0 son 2e essai, son compatriote <strong>Manuel Eitel<\/strong> qui a eu besoin de 3 essais et donc le Fran\u00e7ais. Si le champion d&rsquo;Europe a arr\u00eat\u00e9 apr\u00e8s son premier essai, les deux autres ont continu\u00e9. Apr\u00e8s avoir avort\u00e9 son premier saut, Gletty a fait un essai plus probant mais rat\u00e9. Il fera encore un bon troisi\u00e8me essai mais ne passera pas la barre. L&rsquo;Allemand a bien fait de continuer puisqu&rsquo;il s&rsquo;offre un nouveau record personnel avec 5.00 m \u00e0 son 2e essai. Il \u00e9chouera ensuite par trois fois \u00e0 5.10 m.<\/p>\n<blockquote class=\"twitter-tweet\">\n<p dir=\"ltr\" lang=\"fr\">\ud83e\udd1c Makenson Gletty reste en vie dans ce concours !<\/p>\n<p>\ud83d\udd25 En grand danger apr\u00e8s deux premiers essais rat\u00e9s, le tricolore r\u00e9ussit 4,60 m \u00e0 sa derni\u00e8re tentative !<\/p>\n<p>\ud83d\udcbb La comp\u00e9tition est \u00e0 suivre en DIRECT sur <a href=\"https:\/\/twitter.com\/francetvsport?ref_src=twsrc%5Etfw\">@francetvsport<\/a><a href=\"https:\/\/twitter.com\/hashtag\/Roma2024?src=hash&amp;ref_src=twsrc%5Etfw\">#Roma2024<\/a> <a href=\"https:\/\/t.co\/88PTIRUQEz\">pic.twitter.com\/88PTIRUQEz<\/a><\/p>\n<p>\u2014 FFAthl\u00e9tisme (@FFAthletisme) <a href=\"https:\/\/twitter.com\/FFAthletisme\/status\/1800503199050215734?ref_src=twsrc%5Etfw\">June 11, 2024<\/a><\/p><\/blockquote>\n<p><script async src=\"https:\/\/platform.twitter.com\/widgets.js\" charset=\"utf-8\"><\/script><\/p>\n<p style=\"text-align: justify;\">Dans le groupe A, la menace est venue de l&rsquo;Estonien <strong>Johannes Erm<\/strong> qui a joliment franchi 5.20 m pour un nouveau record personnel. Et il a eu du r\u00e9pondant avec <strong>Kevin Mayer<\/strong> qui n&rsquo;a plus connu d&rsquo;\u00e9chec \u00e0 5.20 m puis 5.30 m. Au contraire de l&rsquo;Estonien sur cette derni\u00e8re barre. En lice pour aller chercher le podium, Kevin Mayer a d\u00e9cid\u00e9 de s&rsquo;arr\u00eater l\u00e0. Avec 1004 points suppl\u00e9mentaires, l&rsquo;essentiel \u00e9tait fait. \u00c0 l&rsquo;issue de la perche, le Fran\u00e7ais a d\u00e9clar\u00e9 \u00eatre assur\u00e9 d&rsquo;\u00eatre qualifi\u00e9 pour les JO. Il a pu rel\u00e2cher la pression.<\/p>\n<blockquote class=\"twitter-tweet\">\n<p dir=\"ltr\" lang=\"fr\">\ud83d\ude31 OUI MONSIEUR !<\/p>\n<p>\ud83d\ude4f \u00c7A PASSE pour Kevin Mayer, qui s&rsquo;est fait tr\u00e8s peur en franchissant 5,00 m au troisi\u00e8me essai !<\/p>\n<p>\ud83d\udcbb La comp\u00e9tition est \u00e0 suivre en DIRECT sur <a href=\"https:\/\/twitter.com\/francetvsport?ref_src=twsrc%5Etfw\">@francetvsport<\/a><a href=\"https:\/\/twitter.com\/hashtag\/Roma2024?src=hash&amp;ref_src=twsrc%5Etfw\">#Roma2024<\/a> <a href=\"https:\/\/t.co\/YOpV6VjScN\">pic.twitter.com\/YOpV6VjScN<\/a><\/p>\n<p>\u2014 FFAthl\u00e9tisme (@FFAthletisme) <a href=\"https:\/\/twitter.com\/FFAthletisme\/status\/1800499977975714165?ref_src=twsrc%5Etfw\">June 11, 2024<\/a><\/p><\/blockquote>\n<p><script async src=\"https:\/\/platform.twitter.com\/widgets.js\" charset=\"utf-8\"><\/script><\/p>\n<p style=\"text-align: justify;\">Alors qu&rsquo;il a \u00e9gal\u00e9 son record personnel \u00e0 5.10 m et rat\u00e9 son premier essai \u00e0 5.20 m, <strong>Markus Rooth<\/strong> s&rsquo;est retir\u00e9 du concours. Satisfait de sa 2e place provisoire. Il est finalement 3e.<\/p>\n<p style=\"text-align: justify;\">Avant les deux derni\u00e8res \u00e9preuves de la journ\u00e9e, <strong>Johannes Erm<\/strong> m\u00e8ne donc les d\u00e9bats avec 7207 points et 61 d&rsquo;avance sur <strong>Makenson Gletty<\/strong>. Derri\u00e8re, les Norv\u00e9giens Rooth et Skotheim suivent, juste devant <strong>Kevin Mayer<\/strong>.<\/p>\n<h2 style=\"text-align: justify;\">\u00c0 lire aussi<\/h2>\n<ul style=\"text-align: justify;\">\n<li style=\"text-align: justify;\"><a href=\"https:\/\/dicodusport.fr\/blog\/tableau-des-medailles-athletisme-championnats-deurope-2024\/\"><strong>Le tableau des m\u00e9dailles des Championnats d&rsquo;Europe d&rsquo;athl\u00e9tisme 2024<\/strong><\/a><\/li>\n<\/ul>\n<p style=\"text-align: justify;\">\n","protected":false},"excerpt":{"rendered":"<p>CHAMPIONNATS D&rsquo;EUROPE D&rsquo;ATHL\u00c9TISME 2024 &#8211; C&rsquo;est une matin\u00e9e riche en \u00e9motions qu&rsquo;ont v\u00e9cu les Fran\u00e7ais du d\u00e9cathlon. Makenson Gletty est plus que jamais en course pour un podium !<\/p>\n","protected":false},"author":12,"featured_media":492046,"comment_status":"open","ping_status":"closed","sticky":false,"template":"","format":"standard","meta":{"_acf_changed":false,"_daextam_enable_autolinks":"1","footnotes":""},"categories":[2308],"tags":[143,16878,1269,1257,17928],"class_list":["post-492103","post","type-post","status-publish","format-standard","has-post-thumbnail","hentry","category-athletisme","tag-athletisme","tag-breve","tag-decathlon","tag-kevin-mayer","tag-makenson-gletty"],"acf":[],"yoast_head":"<!-- This site is optimized with the Yoast SEO Premium plugin v26.7 (Yoast SEO v26.7) - https:\/\/yoast.com\/wordpress\/plugins\/seo\/ -->\n<title>Athl\u00e9tisme Championnats d&#039;Europe 2024 : Makenson Gletty deuxi\u00e8me du d\u00e9cathlon avant les deux derni\u00e8res \u00e9preuves<\/title>\n<meta name=\"description\" content=\"CHAMPIONNATS D&#039;EUROPE D&#039;ATHL\u00c9TISME 2024 - Makenson Gletty est plus que jamais en course pour un podium au d\u00e9cathlon avec sa 2e place !\" \/>\n<meta name=\"robots\" content=\"index, follow, max-snippet:-1, max-image-preview:large, max-video-preview:-1\" \/>\n<link rel=\"canonical\" href=\"https:\/\/dicodusport.fr\/blog\/athletisme-championnats-deurope-2024-makenson-gletty-deuxieme-du-decathlon-avant-les-deux-dernieres-epreuves\/\" \/>\n<meta property=\"og:locale\" content=\"fr_FR\" \/>\n<meta property=\"og:type\" content=\"article\" \/>\n<meta property=\"og:title\" content=\"Athl\u00e9tisme Championnats d&#039;Europe 2024 : Makenson Gletty deuxi\u00e8me du d\u00e9cathlon avant les deux derni\u00e8res \u00e9preuves\" \/>\n<meta property=\"og:description\" content=\"CHAMPIONNATS D&#039;EUROPE D&#039;ATHL\u00c9TISME 2024 - Makenson Gletty est plus que jamais en course pour un podium au d\u00e9cathlon avec sa 2e place !\" \/>\n<meta property=\"og:url\" content=\"https:\/\/dicodusport.fr\/blog\/athletisme-championnats-deurope-2024-makenson-gletty-deuxieme-du-decathlon-avant-les-deux-dernieres-epreuves\/\" \/>\n<meta property=\"og:site_name\" content=\"Dicodusport\" \/>\n<meta property=\"article:publisher\" content=\"https:\/\/www.facebook.com\/dicodusport\" \/>\n<meta property=\"article:published_time\" content=\"2024-06-11T13:24:52+00:00\" \/>\n<meta property=\"article:modified_time\" content=\"2024-06-11T13:30:14+00:00\" \/>\n<meta property=\"og:image\" content=\"https:\/\/dicodusport.fr\/blog\/wp-content\/uploads\/2024\/06\/Athletisme-Championnats-dEurope-2024-Makenson-Gletty-3e-du-decathlon-Kevin-Mayer-dans-les-clous-pour-la-qualification-olympique.png\" \/>\n\t<meta property=\"og:image:width\" content=\"1200\" \/>\n\t<meta property=\"og:image:height\" content=\"674\" \/>\n\t<meta property=\"og:image:type\" content=\"image\/png\" \/>\n<meta name=\"author\" content=\"Arlette Yeye\" \/>\n<meta name=\"twitter:card\" content=\"summary_large_image\" \/>\n<meta name=\"twitter:title\" content=\"Athl\u00e9tisme Championnats d&#039;Europe 2024 : Makenson Gletty deuxi\u00e8me du d\u00e9cathlon avant les deux derni\u00e8res \u00e9preuves\" \/>\n<meta name=\"twitter:creator\" content=\"@https:\/\/twitter.com\/Shiclette94\" \/>\n<meta name=\"twitter:site\" content=\"@dicodusport\" \/>\n<script type=\"application\/ld+json\" class=\"yoast-schema-graph\">{\"@context\":\"https:\/\/schema.org\",\"@graph\":[{\"@type\":\"NewsArticle\",\"@id\":\"https:\/\/dicodusport.fr\/blog\/athletisme-championnats-deurope-2024-makenson-gletty-deuxieme-du-decathlon-avant-les-deux-dernieres-epreuves\/#article\",\"isPartOf\":{\"@id\":\"https:\/\/dicodusport.fr\/blog\/athletisme-championnats-deurope-2024-makenson-gletty-deuxieme-du-decathlon-avant-les-deux-dernieres-epreuves\/\"},\"author\":{\"name\":\"Arlette Yeye\",\"@id\":\"https:\/\/dicodusport.fr\/blog\/#\/schema\/person\/cce96fa88785bd8573e3d43078ac8c79\"},\"headline\":\"Athl\u00e9tisme Championnats d&rsquo;Europe 2024 : Makenson Gletty deuxi\u00e8me du d\u00e9cathlon avant les deux derni\u00e8res \u00e9preuves\",\"datePublished\":\"2024-06-11T13:24:52+00:00\",\"dateModified\":\"2024-06-11T13:30:14+00:00\",\"mainEntityOfPage\":{\"@id\":\"https:\/\/dicodusport.fr\/blog\/athletisme-championnats-deurope-2024-makenson-gletty-deuxieme-du-decathlon-avant-les-deux-dernieres-epreuves\/\"},\"wordCount\":1043,\"commentCount\":0,\"publisher\":{\"@id\":\"https:\/\/dicodusport.fr\/blog\/#organization\"},\"image\":{\"@id\":\"https:\/\/dicodusport.fr\/blog\/athletisme-championnats-deurope-2024-makenson-gletty-deuxieme-du-decathlon-avant-les-deux-dernieres-epreuves\/#primaryimage\"},\"thumbnailUrl\":\"https:\/\/dicodusport.fr\/blog\/wp-content\/uploads\/2024\/06\/Athletisme-Championnats-dEurope-2024-Makenson-Gletty-3e-du-decathlon-Kevin-Mayer-dans-les-clous-pour-la-qualification-olympique.png\",\"keywords\":[\"Athl\u00e9tisme\",\"br\u00e8ve\",\"d\u00e9cathlon\",\"Kevin Mayer\",\"Makenson Gletty\"],\"articleSection\":[\"Athl\u00e9tisme\"],\"inLanguage\":\"fr-FR\",\"potentialAction\":[{\"@type\":\"CommentAction\",\"name\":\"Comment\",\"target\":[\"https:\/\/dicodusport.fr\/blog\/athletisme-championnats-deurope-2024-makenson-gletty-deuxieme-du-decathlon-avant-les-deux-dernieres-epreuves\/#respond\"]}],\"copyrightYear\":\"2024\",\"copyrightHolder\":{\"@id\":\"https:\/\/dicodusport.fr\/blog\/#organization\"}},{\"@type\":\"WebPage\",\"@id\":\"https:\/\/dicodusport.fr\/blog\/athletisme-championnats-deurope-2024-makenson-gletty-deuxieme-du-decathlon-avant-les-deux-dernieres-epreuves\/\",\"url\":\"https:\/\/dicodusport.fr\/blog\/athletisme-championnats-deurope-2024-makenson-gletty-deuxieme-du-decathlon-avant-les-deux-dernieres-epreuves\/\",\"name\":\"Athl\u00e9tisme Championnats d'Europe 2024 : Makenson Gletty deuxi\u00e8me du d\u00e9cathlon avant les deux derni\u00e8res \u00e9preuves\",\"isPartOf\":{\"@id\":\"https:\/\/dicodusport.fr\/blog\/#website\"},\"primaryImageOfPage\":{\"@id\":\"https:\/\/dicodusport.fr\/blog\/athletisme-championnats-deurope-2024-makenson-gletty-deuxieme-du-decathlon-avant-les-deux-dernieres-epreuves\/#primaryimage\"},\"image\":{\"@id\":\"https:\/\/dicodusport.fr\/blog\/athletisme-championnats-deurope-2024-makenson-gletty-deuxieme-du-decathlon-avant-les-deux-dernieres-epreuves\/#primaryimage\"},\"thumbnailUrl\":\"https:\/\/dicodusport.fr\/blog\/wp-content\/uploads\/2024\/06\/Athletisme-Championnats-dEurope-2024-Makenson-Gletty-3e-du-decathlon-Kevin-Mayer-dans-les-clous-pour-la-qualification-olympique.png\",\"datePublished\":\"2024-06-11T13:24:52+00:00\",\"dateModified\":\"2024-06-11T13:30:14+00:00\",\"description\":\"CHAMPIONNATS D'EUROPE D'ATHL\u00c9TISME 2024 - Makenson Gletty est plus que jamais en course pour un podium au d\u00e9cathlon avec sa 2e place !\",\"breadcrumb\":{\"@id\":\"https:\/\/dicodusport.fr\/blog\/athletisme-championnats-deurope-2024-makenson-gletty-deuxieme-du-decathlon-avant-les-deux-dernieres-epreuves\/#breadcrumb\"},\"inLanguage\":\"fr-FR\",\"potentialAction\":[{\"@type\":\"ReadAction\",\"target\":[\"https:\/\/dicodusport.fr\/blog\/athletisme-championnats-deurope-2024-makenson-gletty-deuxieme-du-decathlon-avant-les-deux-dernieres-epreuves\/\"]}]},{\"@type\":\"ImageObject\",\"inLanguage\":\"fr-FR\",\"@id\":\"https:\/\/dicodusport.fr\/blog\/athletisme-championnats-deurope-2024-makenson-gletty-deuxieme-du-decathlon-avant-les-deux-dernieres-epreuves\/#primaryimage\",\"url\":\"https:\/\/dicodusport.fr\/blog\/wp-content\/uploads\/2024\/06\/Athletisme-Championnats-dEurope-2024-Makenson-Gletty-3e-du-decathlon-Kevin-Mayer-dans-les-clous-pour-la-qualification-olympique.png\",\"contentUrl\":\"https:\/\/dicodusport.fr\/blog\/wp-content\/uploads\/2024\/06\/Athletisme-Championnats-dEurope-2024-Makenson-Gletty-3e-du-decathlon-Kevin-Mayer-dans-les-clous-pour-la-qualification-olympique.png\",\"width\":1200,\"height\":674,\"caption\":\"Athl\u00e9tisme Championnats d'Europe 2024 Makenson Gletty 3e du d\u00e9cathlon, Kevin Mayer dans les clous pour la qualification olympique\"},{\"@type\":\"BreadcrumbList\",\"@id\":\"https:\/\/dicodusport.fr\/blog\/athletisme-championnats-deurope-2024-makenson-gletty-deuxieme-du-decathlon-avant-les-deux-dernieres-epreuves\/#breadcrumb\",\"itemListElement\":[{\"@type\":\"ListItem\",\"position\":1,\"name\":\"Accueil\",\"item\":\"https:\/\/dicodusport.fr\/blog\/\"},{\"@type\":\"ListItem\",\"position\":2,\"name\":\"Athl\u00e9tisme Championnats d&rsquo;Europe 2024 : Makenson Gletty deuxi\u00e8me du d\u00e9cathlon avant les deux derni\u00e8res \u00e9preuves\"}]},{\"@type\":\"WebSite\",\"@id\":\"https:\/\/dicodusport.fr\/blog\/#website\",\"url\":\"https:\/\/dicodusport.fr\/blog\/\",\"name\":\"Dicodusport\",\"description\":\"L&#039;encyclop\u00e9die de l&#039;actualit\u00e9 sportive\",\"publisher\":{\"@id\":\"https:\/\/dicodusport.fr\/blog\/#organization\"},\"potentialAction\":[{\"@type\":\"SearchAction\",\"target\":{\"@type\":\"EntryPoint\",\"urlTemplate\":\"https:\/\/dicodusport.fr\/blog\/?s={search_term_string}\"},\"query-input\":{\"@type\":\"PropertyValueSpecification\",\"valueRequired\":true,\"valueName\":\"search_term_string\"}}],\"inLanguage\":\"fr-FR\"},{\"@type\":\"NewsMediaOrganization\",\"@id\":\"https:\/\/dicodusport.fr\/blog\/#organization\",\"name\":\"Dicodusport\",\"url\":\"https:\/\/dicodusport.fr\/blog\/\",\"logo\":{\"@type\":\"ImageObject\",\"inLanguage\":\"fr-FR\",\"@id\":\"https:\/\/dicodusport.fr\/blog\/#\/schema\/logo\/image\/\",\"url\":\"https:\/\/dicodusport.fr\/blog\/wp-content\/uploads\/2020\/06\/cropped-LOGO-DICODUSPORT-2020-SANS-FOND-SANS-TEXTE.png\",\"contentUrl\":\"https:\/\/dicodusport.fr\/blog\/wp-content\/uploads\/2020\/06\/cropped-LOGO-DICODUSPORT-2020-SANS-FOND-SANS-TEXTE.png\",\"width\":512,\"height\":512,\"caption\":\"Dicodusport\"},\"image\":{\"@id\":\"https:\/\/dicodusport.fr\/blog\/#\/schema\/logo\/image\/\"},\"sameAs\":[\"https:\/\/www.facebook.com\/dicodusport\",\"https:\/\/x.com\/dicodusport\",\"https:\/\/www.instagram.com\/dicodusport\/\",\"https:\/\/www.youtube.com\/channel\/UC7V2KZ5sd3htJivAbA4ZG3w\"],\"description\":\"Dicodusport est l'encyclop\u00e9die de l'actualit\u00e9 sportive.\",\"email\":\"bonjour@dicodusport.fr\",\"legalName\":\"DICODUSPORT\",\"foundingDate\":\"2018-01-14\",\"vatID\":\"FR71834470973\",\"taxID\":\"83447097300043\",\"numberOfEmployees\":{\"@type\":\"QuantitativeValue\",\"minValue\":\"1\",\"maxValue\":\"10\"}},{\"@type\":\"Person\",\"@id\":\"https:\/\/dicodusport.fr\/blog\/#\/schema\/person\/cce96fa88785bd8573e3d43078ac8c79\",\"name\":\"Arlette Yeye\",\"image\":{\"@type\":\"ImageObject\",\"inLanguage\":\"fr-FR\",\"@id\":\"https:\/\/dicodusport.fr\/blog\/#\/schema\/person\/image\/\",\"url\":\"https:\/\/secure.gravatar.com\/avatar\/dca4a6239e6d708e46c45d60e160de6c?s=96&d=wp_user_avatar&r=g\",\"contentUrl\":\"https:\/\/secure.gravatar.com\/avatar\/dca4a6239e6d708e46c45d60e160de6c?s=96&d=wp_user_avatar&r=g\",\"caption\":\"Arlette Yeye\"},\"description\":\"Journaliste\/r\u00e9dactrice depuis septembre 2015 - Supportrice de Chelsea, j'ai pour sports de pr\u00e9dilection le handball, l'athl\u00e9tisme et le tennis. Si je tweete plus vite que mon ombre, vous pouvez aussi me retrouver les week-ends sur les playgrounds de Bruxelles pour un petit foot ou basket entre potes. Parcourir la France, l'Europe et plus si affinit\u00e9s pour suivre mes sportifs pr\u00e9f\u00e9r\u00e9s ? Mon kif ! Et c'est avec plaisir que je partage les r\u00e9sultats des sports populaires mais \u00e9galement plus confidentiels pour Dicodusport.\",\"sameAs\":[\"https:\/\/x.com\/https:\/\/twitter.com\/Shiclette94\"],\"url\":\"https:\/\/dicodusport.fr\/blog\/author\/arlette\/\"}]}<\/script>\n<!-- \/ Yoast SEO Premium plugin. -->","yoast_head_json":{"title":"Athl\u00e9tisme Championnats d'Europe 2024 : Makenson Gletty deuxi\u00e8me du d\u00e9cathlon avant les deux derni\u00e8res \u00e9preuves","description":"CHAMPIONNATS D'EUROPE D'ATHL\u00c9TISME 2024 - Makenson Gletty est plus que jamais en course pour un podium au d\u00e9cathlon avec sa 2e place !","robots":{"index":"index","follow":"follow","max-snippet":"max-snippet:-1","max-image-preview":"max-image-preview:large","max-video-preview":"max-video-preview:-1"},"canonical":"https:\/\/dicodusport.fr\/blog\/athletisme-championnats-deurope-2024-makenson-gletty-deuxieme-du-decathlon-avant-les-deux-dernieres-epreuves\/","og_locale":"fr_FR","og_type":"article","og_title":"Athl\u00e9tisme Championnats d'Europe 2024 : Makenson Gletty deuxi\u00e8me du d\u00e9cathlon avant les deux derni\u00e8res \u00e9preuves","og_description":"CHAMPIONNATS D'EUROPE D'ATHL\u00c9TISME 2024 - Makenson Gletty est plus que jamais en course pour un podium au d\u00e9cathlon avec sa 2e place !","og_url":"https:\/\/dicodusport.fr\/blog\/athletisme-championnats-deurope-2024-makenson-gletty-deuxieme-du-decathlon-avant-les-deux-dernieres-epreuves\/","og_site_name":"Dicodusport","article_publisher":"https:\/\/www.facebook.com\/dicodusport","article_published_time":"2024-06-11T13:24:52+00:00","article_modified_time":"2024-06-11T13:30:14+00:00","og_image":[{"width":1200,"height":674,"url":"https:\/\/dicodusport.fr\/blog\/wp-content\/uploads\/2024\/06\/Athletisme-Championnats-dEurope-2024-Makenson-Gletty-3e-du-decathlon-Kevin-Mayer-dans-les-clous-pour-la-qualification-olympique.png","type":"image\/png"}],"author":"Arlette Yeye","twitter_card":"summary_large_image","twitter_title":"Athl\u00e9tisme Championnats d'Europe 2024 : Makenson Gletty deuxi\u00e8me du d\u00e9cathlon avant les deux derni\u00e8res \u00e9preuves","twitter_creator":"@https:\/\/twitter.com\/Shiclette94","twitter_site":"@dicodusport","schema":{"@context":"https:\/\/schema.org","@graph":[{"@type":"NewsArticle","@id":"https:\/\/dicodusport.fr\/blog\/athletisme-championnats-deurope-2024-makenson-gletty-deuxieme-du-decathlon-avant-les-deux-dernieres-epreuves\/#article","isPartOf":{"@id":"https:\/\/dicodusport.fr\/blog\/athletisme-championnats-deurope-2024-makenson-gletty-deuxieme-du-decathlon-avant-les-deux-dernieres-epreuves\/"},"author":{"name":"Arlette Yeye","@id":"https:\/\/dicodusport.fr\/blog\/#\/schema\/person\/cce96fa88785bd8573e3d43078ac8c79"},"headline":"Athl\u00e9tisme Championnats d&rsquo;Europe 2024 : Makenson Gletty deuxi\u00e8me du d\u00e9cathlon avant les deux derni\u00e8res \u00e9preuves","datePublished":"2024-06-11T13:24:52+00:00","dateModified":"2024-06-11T13:30:14+00:00","mainEntityOfPage":{"@id":"https:\/\/dicodusport.fr\/blog\/athletisme-championnats-deurope-2024-makenson-gletty-deuxieme-du-decathlon-avant-les-deux-dernieres-epreuves\/"},"wordCount":1043,"commentCount":0,"publisher":{"@id":"https:\/\/dicodusport.fr\/blog\/#organization"},"image":{"@id":"https:\/\/dicodusport.fr\/blog\/athletisme-championnats-deurope-2024-makenson-gletty-deuxieme-du-decathlon-avant-les-deux-dernieres-epreuves\/#primaryimage"},"thumbnailUrl":"https:\/\/dicodusport.fr\/blog\/wp-content\/uploads\/2024\/06\/Athletisme-Championnats-dEurope-2024-Makenson-Gletty-3e-du-decathlon-Kevin-Mayer-dans-les-clous-pour-la-qualification-olympique.png","keywords":["Athl\u00e9tisme","br\u00e8ve","d\u00e9cathlon","Kevin Mayer","Makenson Gletty"],"articleSection":["Athl\u00e9tisme"],"inLanguage":"fr-FR","potentialAction":[{"@type":"CommentAction","name":"Comment","target":["https:\/\/dicodusport.fr\/blog\/athletisme-championnats-deurope-2024-makenson-gletty-deuxieme-du-decathlon-avant-les-deux-dernieres-epreuves\/#respond"]}],"copyrightYear":"2024","copyrightHolder":{"@id":"https:\/\/dicodusport.fr\/blog\/#organization"}},{"@type":"WebPage","@id":"https:\/\/dicodusport.fr\/blog\/athletisme-championnats-deurope-2024-makenson-gletty-deuxieme-du-decathlon-avant-les-deux-dernieres-epreuves\/","url":"https:\/\/dicodusport.fr\/blog\/athletisme-championnats-deurope-2024-makenson-gletty-deuxieme-du-decathlon-avant-les-deux-dernieres-epreuves\/","name":"Athl\u00e9tisme Championnats d'Europe 2024 : Makenson Gletty deuxi\u00e8me du d\u00e9cathlon avant les deux derni\u00e8res \u00e9preuves","isPartOf":{"@id":"https:\/\/dicodusport.fr\/blog\/#website"},"primaryImageOfPage":{"@id":"https:\/\/dicodusport.fr\/blog\/athletisme-championnats-deurope-2024-makenson-gletty-deuxieme-du-decathlon-avant-les-deux-dernieres-epreuves\/#primaryimage"},"image":{"@id":"https:\/\/dicodusport.fr\/blog\/athletisme-championnats-deurope-2024-makenson-gletty-deuxieme-du-decathlon-avant-les-deux-dernieres-epreuves\/#primaryimage"},"thumbnailUrl":"https:\/\/dicodusport.fr\/blog\/wp-content\/uploads\/2024\/06\/Athletisme-Championnats-dEurope-2024-Makenson-Gletty-3e-du-decathlon-Kevin-Mayer-dans-les-clous-pour-la-qualification-olympique.png","datePublished":"2024-06-11T13:24:52+00:00","dateModified":"2024-06-11T13:30:14+00:00","description":"CHAMPIONNATS D'EUROPE D'ATHL\u00c9TISME 2024 - Makenson Gletty est plus que jamais en course pour un podium au d\u00e9cathlon avec sa 2e place !","breadcrumb":{"@id":"https:\/\/dicodusport.fr\/blog\/athletisme-championnats-deurope-2024-makenson-gletty-deuxieme-du-decathlon-avant-les-deux-dernieres-epreuves\/#breadcrumb"},"inLanguage":"fr-FR","potentialAction":[{"@type":"ReadAction","target":["https:\/\/dicodusport.fr\/blog\/athletisme-championnats-deurope-2024-makenson-gletty-deuxieme-du-decathlon-avant-les-deux-dernieres-epreuves\/"]}]},{"@type":"ImageObject","inLanguage":"fr-FR","@id":"https:\/\/dicodusport.fr\/blog\/athletisme-championnats-deurope-2024-makenson-gletty-deuxieme-du-decathlon-avant-les-deux-dernieres-epreuves\/#primaryimage","url":"https:\/\/dicodusport.fr\/blog\/wp-content\/uploads\/2024\/06\/Athletisme-Championnats-dEurope-2024-Makenson-Gletty-3e-du-decathlon-Kevin-Mayer-dans-les-clous-pour-la-qualification-olympique.png","contentUrl":"https:\/\/dicodusport.fr\/blog\/wp-content\/uploads\/2024\/06\/Athletisme-Championnats-dEurope-2024-Makenson-Gletty-3e-du-decathlon-Kevin-Mayer-dans-les-clous-pour-la-qualification-olympique.png","width":1200,"height":674,"caption":"Athl\u00e9tisme Championnats d'Europe 2024 Makenson Gletty 3e du d\u00e9cathlon, Kevin Mayer dans les clous pour la qualification olympique"},{"@type":"BreadcrumbList","@id":"https:\/\/dicodusport.fr\/blog\/athletisme-championnats-deurope-2024-makenson-gletty-deuxieme-du-decathlon-avant-les-deux-dernieres-epreuves\/#breadcrumb","itemListElement":[{"@type":"ListItem","position":1,"name":"Accueil","item":"https:\/\/dicodusport.fr\/blog\/"},{"@type":"ListItem","position":2,"name":"Athl\u00e9tisme Championnats d&rsquo;Europe 2024 : Makenson Gletty deuxi\u00e8me du d\u00e9cathlon avant les deux derni\u00e8res \u00e9preuves"}]},{"@type":"WebSite","@id":"https:\/\/dicodusport.fr\/blog\/#website","url":"https:\/\/dicodusport.fr\/blog\/","name":"Dicodusport","description":"L&#039;encyclop\u00e9die de l&#039;actualit\u00e9 sportive","publisher":{"@id":"https:\/\/dicodusport.fr\/blog\/#organization"},"potentialAction":[{"@type":"SearchAction","target":{"@type":"EntryPoint","urlTemplate":"https:\/\/dicodusport.fr\/blog\/?s={search_term_string}"},"query-input":{"@type":"PropertyValueSpecification","valueRequired":true,"valueName":"search_term_string"}}],"inLanguage":"fr-FR"},{"@type":"NewsMediaOrganization","@id":"https:\/\/dicodusport.fr\/blog\/#organization","name":"Dicodusport","url":"https:\/\/dicodusport.fr\/blog\/","logo":{"@type":"ImageObject","inLanguage":"fr-FR","@id":"https:\/\/dicodusport.fr\/blog\/#\/schema\/logo\/image\/","url":"https:\/\/dicodusport.fr\/blog\/wp-content\/uploads\/2020\/06\/cropped-LOGO-DICODUSPORT-2020-SANS-FOND-SANS-TEXTE.png","contentUrl":"https:\/\/dicodusport.fr\/blog\/wp-content\/uploads\/2020\/06\/cropped-LOGO-DICODUSPORT-2020-SANS-FOND-SANS-TEXTE.png","width":512,"height":512,"caption":"Dicodusport"},"image":{"@id":"https:\/\/dicodusport.fr\/blog\/#\/schema\/logo\/image\/"},"sameAs":["https:\/\/www.facebook.com\/dicodusport","https:\/\/x.com\/dicodusport","https:\/\/www.instagram.com\/dicodusport\/","https:\/\/www.youtube.com\/channel\/UC7V2KZ5sd3htJivAbA4ZG3w"],"description":"Dicodusport est l'encyclop\u00e9die de l'actualit\u00e9 sportive.","email":"bonjour@dicodusport.fr","legalName":"DICODUSPORT","foundingDate":"2018-01-14","vatID":"FR71834470973","taxID":"83447097300043","numberOfEmployees":{"@type":"QuantitativeValue","minValue":"1","maxValue":"10"}},{"@type":"Person","@id":"https:\/\/dicodusport.fr\/blog\/#\/schema\/person\/cce96fa88785bd8573e3d43078ac8c79","name":"Arlette Yeye","image":{"@type":"ImageObject","inLanguage":"fr-FR","@id":"https:\/\/dicodusport.fr\/blog\/#\/schema\/person\/image\/","url":"https:\/\/secure.gravatar.com\/avatar\/dca4a6239e6d708e46c45d60e160de6c?s=96&d=wp_user_avatar&r=g","contentUrl":"https:\/\/secure.gravatar.com\/avatar\/dca4a6239e6d708e46c45d60e160de6c?s=96&d=wp_user_avatar&r=g","caption":"Arlette Yeye"},"description":"Journaliste\/r\u00e9dactrice depuis septembre 2015 - Supportrice de Chelsea, j'ai pour sports de pr\u00e9dilection le handball, l'athl\u00e9tisme et le tennis. Si je tweete plus vite que mon ombre, vous pouvez aussi me retrouver les week-ends sur les playgrounds de Bruxelles pour un petit foot ou basket entre potes. Parcourir la France, l'Europe et plus si affinit\u00e9s pour suivre mes sportifs pr\u00e9f\u00e9r\u00e9s ? Mon kif ! Et c'est avec plaisir que je partage les r\u00e9sultats des sports populaires mais \u00e9galement plus confidentiels pour Dicodusport.","sameAs":["https:\/\/x.com\/https:\/\/twitter.com\/Shiclette94"],"url":"https:\/\/dicodusport.fr\/blog\/author\/arlette\/"}]}},"_links":{"self":[{"href":"https:\/\/dicodusport.fr\/blog\/wp-json\/wp\/v2\/posts\/492103","targetHints":{"allow":["GET"]}}],"collection":[{"href":"https:\/\/dicodusport.fr\/blog\/wp-json\/wp\/v2\/posts"}],"about":[{"href":"https:\/\/dicodusport.fr\/blog\/wp-json\/wp\/v2\/types\/post"}],"author":[{"embeddable":true,"href":"https:\/\/dicodusport.fr\/blog\/wp-json\/wp\/v2\/users\/12"}],"replies":[{"embeddable":true,"href":"https:\/\/dicodusport.fr\/blog\/wp-json\/wp\/v2\/comments?post=492103"}],"version-history":[{"count":3,"href":"https:\/\/dicodusport.fr\/blog\/wp-json\/wp\/v2\/posts\/492103\/revisions"}],"predecessor-version":[{"id":492168,"href":"https:\/\/dicodusport.fr\/blog\/wp-json\/wp\/v2\/posts\/492103\/revisions\/492168"}],"wp:featuredmedia":[{"embeddable":true,"href":"https:\/\/dicodusport.fr\/blog\/wp-json\/wp\/v2\/media\/492046"}],"wp:attachment":[{"href":"https:\/\/dicodusport.fr\/blog\/wp-json\/wp\/v2\/media?parent=492103"}],"wp:term":[{"taxonomy":"category","embeddable":true,"href":"https:\/\/dicodusport.fr\/blog\/wp-json\/wp\/v2\/categories?post=492103"},{"taxonomy":"post_tag","embeddable":true,"href":"https:\/\/dicodusport.fr\/blog\/wp-json\/wp\/v2\/tags?post=492103"}],"curies":[{"name":"wp","href":"https:\/\/api.w.org\/{rel}","templated":true}]}}