{"id":492186,"date":"2024-06-11T22:45:51","date_gmt":"2024-06-11T20:45:51","guid":{"rendered":"https:\/\/dicodusport.fr\/blog\/?p=492186&#038;preview=true&#038;preview_id=492186"},"modified":"2024-06-11T23:46:49","modified_gmt":"2024-06-11T21:46:49","slug":"athletisme-championnats-deurope-2024-minimas-olympiques-et-medaille-de-bronze-au-decathlon-pour-makenson-gletty-minimas-egalement-pour-kevin-mayer","status":"publish","type":"post","link":"https:\/\/dicodusport.fr\/blog\/athletisme-championnats-deurope-2024-minimas-olympiques-et-medaille-de-bronze-au-decathlon-pour-makenson-gletty-minimas-egalement-pour-kevin-mayer\/","title":{"rendered":"Athl\u00e9tisme Championnats d&rsquo;Europe 2024 : Minima olympiques et m\u00e9daille de bronze au d\u00e9cathlon pour Makenson Gletty, minima \u00e9galement pour Kevin Mayer"},"content":{"rendered":"<p style=\"text-align: justify;\"><strong><em><a href=\"https:\/\/dicodusport.fr\/blog\/programme-et-resultats-athletisme-championnats-deurope-2024\/\" target=\"_blank\" rel=\"noopener\">CHAMPIONNATS D&rsquo;EUROPE D&rsquo;ATHL\u00c9TISME 2024<\/a> &#8211; C&rsquo;est fait ! Makenson Gletty remporte sa premi\u00e8re m\u00e9daille internationale avec en prime les minima olympiques !<br \/>\n<\/em><\/strong><\/p>\n<ul style=\"text-align: justify;\">\n<li><strong>\u00c0 ce sujet &#8211; <a title=\"Classement D\u00e9cathlon Athl\u00e9tisme Championnats d\u2019Europe 2024\" href=\"https:\/\/dicodusport.fr\/blog\/classement-decathlon-athletisme-championnats-deurope-2024\/\" target=\"_blank\" rel=\"noopener\">Le classement du d\u00e9cathlon<\/a><\/strong><\/li>\n<\/ul>\n<p style=\"text-align: justify;\">Solide pr\u00e9tendant \u00e0 la m\u00e9daille, <strong>Markus Rooth <\/strong>a malheureusement abandonn\u00e9 avant la soir\u00e9e, touch\u00e9 lors du saut \u00e0 la perche.<\/p>\n<h2 style=\"text-align: justify;\">Lancer du javelot : Johannes Erm assomme la concurrence<\/h2>\n<p style=\"text-align: justify;\"><strong>Kevin Mayer<\/strong> a lanc\u00e9 le concours avec 69.54 m ! Totalement rel\u00e2ch\u00e9 apr\u00e8s sa matin\u00e9e et apr\u00e8s l&rsquo;abandon de Rooth, le Fran\u00e7ais se repla\u00e7ait ainsi en t\u00eate du d\u00e9cathlon (avec seulement le groupe A). Il a arr\u00eat\u00e9 apr\u00e8s un deuxi\u00e8me essai \u00e0 67.02 m.<\/p>\n<blockquote class=\"twitter-tweet\">\n<p dir=\"ltr\" lang=\"fr\">\ud83d\udd25 Cette journ\u00e9e n&rsquo;en finit plus de nous faire vibrer !<\/p>\n<p>\ud83d\udd1b Kevin Mayer r\u00e9alise 69,54 m\u00e8tres \u00e0 son premier essai. Un jet qui lui permet de prendre&#8230; la t\u00eate provisoire du d\u00e9cathlon !<\/p>\n<p>\ud83d\udcbb La comp\u00e9tition est \u00e0 suivre en DIRECT sur <a href=\"https:\/\/twitter.com\/francetvsport?ref_src=twsrc%5Etfw\">@francetvsport<\/a><a href=\"https:\/\/twitter.com\/hashtag\/Roma2024?src=hash&amp;ref_src=twsrc%5Etfw\">#Roma2024<\/a> <a href=\"https:\/\/t.co\/1MlCaz1I0d\">pic.twitter.com\/1MlCaz1I0d<\/a><\/p>\n<p>\u2014 FFAthl\u00e9tisme (@FFAthletisme) <a href=\"https:\/\/twitter.com\/FFAthletisme\/status\/1800580728599527899?ref_src=twsrc%5Etfw\">June 11, 2024<\/a><\/p><\/blockquote>\n<p><script async src=\"https:\/\/platform.twitter.com\/widgets.js\" charset=\"utf-8\"><\/script><\/p>\n<p style=\"text-align: justify;\">Apr\u00e8s un jet \u00e0 75.45 m puis 73.56 m, <strong>Niklas Kaul<\/strong> a arr\u00eat\u00e9. <strong>Johannes Erm<\/strong> a repris la t\u00eate du d\u00e9cathlon en lan\u00e7ant \u00e0 57.36 m \u00e0 son deuxi\u00e8me essai. Et il a assomm\u00e9 ses adversaires en r\u00e9alisant son record personnel : 62.71 m \u00e0 son dernier essai.<\/p>\n<p style=\"text-align: justify;\"><strong>Makenson Gletty<\/strong> n&rsquo;a pas pu aller au-del\u00e0 de 57.47 m. C&rsquo;est \u00e0 son niveau de l&rsquo;ann\u00e9e mais avec un record \u00e0 plus de 61 m et en vue d&rsquo;une m\u00e9daille d&rsquo;or, il fallait faire plus.<\/p>\n<p style=\"text-align: justify;\">Avant la derni\u00e8re \u00e9preuve, <strong>Johannes Erm<\/strong> \u00e9tait donc bien parti pour aller chercher le titre avec 93 points d&rsquo;avance sur un incroyable Kevin Mayer, et 140 sur Makenson Gletty.<\/p>\n<p style=\"text-align: justify;\">Rat\u00e9 pour l&rsquo;or mais Gletty pouvait se consoler avec, sauf gros accident, les minima olympiques directs et une \u00e9ventuelle m\u00e9daille. M\u00eame si les projections n&rsquo;\u00e9taient pas en sa faveur.<\/p>\n<h2 style=\"text-align: justify;\">1500 m : la d\u00e9livrance !<\/h2>\n<p>C&rsquo;\u00e9tait le 1500 m de tous les dangers pour les Fran\u00e7ais ! Si les minima olympiques \u00e9taient quasiment assur\u00e9s, la m\u00e9daille pour Gletty pouvait encore s&rsquo;envoler.<\/p>\n<p style=\"text-align: justify;\">Tesselaar et Skotheim ont impos\u00e9 le rythme. Un temps \u00e0 la hauteur de <strong>Niklas Kaul<\/strong>, Makenson Gletty s&rsquo;est fait distancer par l&rsquo;Allemand qui a rejoint le duo de t\u00eate avant les derniers 600 m. Le Fran\u00e7ais a acc\u00e9l\u00e9r\u00e9 \u00e0 son niveau \u00e9galement mais l&rsquo;Allemand a relanc\u00e9 pour aller chercher la 2e place dans le dernier tour. Jeff Tesselaar s&rsquo;impose en 4:16.77 devant Niklas Kaul (4:17.77). <strong>Makenson Gletty<\/strong> a tenu et termine 7e derri\u00e8re Erm en 4:27.70. Comme il l&rsquo;a indiqu\u00e9 ensuite, <strong>Kevin Mayer<\/strong> ne pouvait pas avancer. Il termine en 4:55.99 devant<strong> T\u00e9o Bastien<\/strong>, dernier en 5:06.59.<\/p>\n<p style=\"text-align: justify;\">Gr\u00e2ce \u00e0 ces temps, <strong>Makenson Gletty<\/strong> garde donc sa <strong>m\u00e9daille de bronze<\/strong> avec <strong>8606 points<\/strong> r\u00e9alis\u00e9s, nouveau <strong>record personnel<\/strong>. Pour le double champion de France 2023, c&rsquo;est la premi\u00e8re m\u00e9daille \u00e0 l&rsquo;\u00e9chelle internationale ! Pas pr\u00e9sent \u00e0 Budapest l&rsquo;ann\u00e9e derni\u00e8re, il avait termin\u00e9 5e \u00e0 Glasgow en d\u00e9but d&rsquo;ann\u00e9e.<\/p>\n<p style=\"text-align: justify;\"><strong>Johannes Erm<\/strong> s&rsquo;impose avec 8764 points. Apr\u00e8s le bronze obtenu \u00e0 Glasgow cet hiver aux Mondiaux en salle, c&rsquo;est la deuxi\u00e8me m\u00e9daille chez les seniors pour l&rsquo;Estonien qui avait \u00e9t\u00e9 deux fois vice-champion d&rsquo;Europe en junior et espoir (2017 &amp; 2019) et m\u00e9daill\u00e9 de bronze mondial chez les juniors en 2016.<\/p>\n<p style=\"text-align: justify;\">M\u00e9daill\u00e9 de bronze aux Mondiaux en salle de Glasgow, <strong>Sander Skotheim<\/strong> obtient 8635 points. La meilleure performance europ\u00e9enne espoirs. C&rsquo;est une troisi\u00e8me m\u00e9daille d&rsquo;argent europ\u00e9enne pour le Norv\u00e9gien apr\u00e8s celles obtenues chez les juniors et les espoirs en 2021 et 2023.<\/p>\n<p style=\"text-align: justify;\">Dans un d\u00e9cathlon fait pour atteindre les minimas, <strong>Kevin Mayer<\/strong> termine tout de m\u00eame \u00e0 la 5e place avec 8476 points.<\/p>\n<p>Enfin pour son 3e d\u00e9cathlon en moins de 2 mois, <strong>T\u00e9o Bastien <\/strong>termine 16e avec 7845 points.<\/p>\n<blockquote class=\"twitter-tweet\">\n<p dir=\"ltr\" lang=\"fr\" style=\"text-align: justify;\">\ud83c\udfc3 <a href=\"https:\/\/twitter.com\/hashtag\/Roma2024?src=hash&amp;ref_src=twsrc%5Etfw\">#Roma2024<\/a> | \ud83e\udd49 MAKENSON GLETTY EST EN BRONZE !<\/p>\n<p>\ud83c\uddeb\ud83c\uddf7 Le Fran\u00e7ais s&rsquo;arrache sur le 1500m et termine ce d\u00e9cathlon \u00e0 la 3e place !<\/p>\n<p>\u2705 Derri\u00e8re lui, Kevin Mayer est 5e et valide les minima : il sera aux JO !<\/p>\n<p>\ud83d\udcfa Le direct : <a href=\"https:\/\/t.co\/314FsswFRG\">https:\/\/t.co\/314FsswFRG<\/a> <a href=\"https:\/\/t.co\/dZHzI9RSI7\">pic.twitter.com\/dZHzI9RSI7<\/a><\/p>\n<p>\u2014 francetvsport (@francetvsport) <a href=\"https:\/\/twitter.com\/francetvsport\/status\/1800631586007724386?ref_src=twsrc%5Etfw\">June 11, 2024<\/a><\/p><\/blockquote>\n<p><script async src=\"https:\/\/platform.twitter.com\/widgets.js\" charset=\"utf-8\"><\/script><\/p>\n<h3>Direction Paris !<\/h3>\n<p style=\"text-align: justify;\">Ainsi, <strong>Makenson Gletty <\/strong>d\u00e9j\u00e0 bien au classement mondial, et <strong>Kevin Mayer<\/strong>, sont officiellement assur\u00e9s d&rsquo;\u00eatre pr\u00e9sents \u00e0 Paris ! Un soulagement pour le deuxi\u00e8me cit\u00e9 qui devait au moins finir le d\u00e9cathlon pour marquer des points. Kevin Mayer qui \u00e9tait all\u00e9 \u00e0 Rio avec Bastien Auzeil aura un nouveau co\u00e9quipier \u00e0 Paris.<\/p>\n<h2 style=\"text-align: justify;\">\u00c0 lire aussi<\/h2>\n<ul style=\"text-align: justify;\">\n<li style=\"text-align: justify;\"><a href=\"https:\/\/dicodusport.fr\/blog\/tableau-des-medailles-athletisme-championnats-deurope-2024\/\"><strong>Le tableau des m\u00e9dailles des Championnats d&rsquo;Europe d&rsquo;athl\u00e9tisme 2024<\/strong><\/a><\/li>\n<\/ul>\n<p style=\"text-align: justify;\">\n","protected":false},"excerpt":{"rendered":"<p>CHAMPIONNATS D&rsquo;EUROPE D&rsquo;ATHL\u00c9TISME 2024 &#8211; C&rsquo;est fait ! Makenson Gletty remporte sa premi\u00e8re m\u00e9daille internationale avec en prime les minima olympiques !<\/p>\n","protected":false},"author":12,"featured_media":492290,"comment_status":"open","ping_status":"closed","sticky":false,"template":"","format":"standard","meta":{"_acf_changed":false,"_daextam_enable_autolinks":"1","footnotes":""},"categories":[2308],"tags":[143,16878,1269,1257,17928,24],"class_list":["post-492186","post","type-post","status-publish","format-standard","has-post-thumbnail","hentry","category-athletisme","tag-athletisme","tag-breve","tag-decathlon","tag-kevin-mayer","tag-makenson-gletty","tag-sport"],"acf":[],"yoast_head":"<!-- This site is optimized with the Yoast SEO Premium plugin v26.7 (Yoast SEO v26.7) - https:\/\/yoast.com\/wordpress\/plugins\/seo\/ -->\n<title>Athl\u00e9tisme Championnats d&#039;Europe 2024 : Minima olympiques et m\u00e9daille de bronze au d\u00e9cathlon pour Makenson Gletty, minima \u00e9galement pour Kevin Mayer<\/title>\n<meta name=\"description\" content=\"CHAMPIONNATS D&#039;EUROPE D&#039;ATHL\u00c9TISME 2024 - Makenson Gletty remporte sa premi\u00e8re m\u00e9daille europ\u00e9enne avec en prime les minimas olympiques !\" \/>\n<meta name=\"robots\" content=\"index, follow, max-snippet:-1, max-image-preview:large, max-video-preview:-1\" \/>\n<link rel=\"canonical\" href=\"https:\/\/dicodusport.fr\/blog\/athletisme-championnats-deurope-2024-minimas-olympiques-et-medaille-de-bronze-au-decathlon-pour-makenson-gletty-minimas-egalement-pour-kevin-mayer\/\" \/>\n<meta property=\"og:locale\" content=\"fr_FR\" \/>\n<meta property=\"og:type\" content=\"article\" \/>\n<meta property=\"og:title\" content=\"Athl\u00e9tisme Championnats d&#039;Europe 2024 : Minima olympiques et m\u00e9daille de bronze au d\u00e9cathlon pour Makenson Gletty, minima \u00e9galement pour Kevin Mayer\" \/>\n<meta property=\"og:description\" content=\"CHAMPIONNATS D&#039;EUROPE D&#039;ATHL\u00c9TISME 2024 - Makenson Gletty remporte sa premi\u00e8re m\u00e9daille europ\u00e9enne avec en prime les minimas olympiques !\" \/>\n<meta property=\"og:url\" content=\"https:\/\/dicodusport.fr\/blog\/athletisme-championnats-deurope-2024-minimas-olympiques-et-medaille-de-bronze-au-decathlon-pour-makenson-gletty-minimas-egalement-pour-kevin-mayer\/\" \/>\n<meta property=\"og:site_name\" content=\"Dicodusport\" \/>\n<meta property=\"article:publisher\" content=\"https:\/\/www.facebook.com\/dicodusport\" \/>\n<meta property=\"article:published_time\" content=\"2024-06-11T20:45:51+00:00\" \/>\n<meta property=\"article:modified_time\" content=\"2024-06-11T21:46:49+00:00\" \/>\n<meta property=\"og:image\" content=\"https:\/\/dicodusport.fr\/blog\/wp-content\/uploads\/2024\/06\/Athletisme-Championnats-dEurope-2024-Minimas-olympiques-et-medaille-de-bronze-au-decathlon-pour-Makenson-Gletty-minimas-egalement-pour-Kevin-Mayer.png\" \/>\n\t<meta property=\"og:image:width\" content=\"1200\" \/>\n\t<meta property=\"og:image:height\" content=\"674\" \/>\n\t<meta property=\"og:image:type\" content=\"image\/png\" \/>\n<meta name=\"author\" content=\"Arlette Yeye\" \/>\n<meta name=\"twitter:card\" content=\"summary_large_image\" \/>\n<meta name=\"twitter:title\" content=\"Athl\u00e9tisme Championnats d&#039;Europe 2024 : Minima olympiques et m\u00e9daille de bronze au d\u00e9cathlon pour Makenson Gletty, minima \u00e9galement pour Kevin Mayer\" \/>\n<meta name=\"twitter:creator\" content=\"@https:\/\/twitter.com\/Shiclette94\" \/>\n<meta name=\"twitter:site\" content=\"@dicodusport\" \/>\n<script type=\"application\/ld+json\" class=\"yoast-schema-graph\">{\"@context\":\"https:\/\/schema.org\",\"@graph\":[{\"@type\":\"NewsArticle\",\"@id\":\"https:\/\/dicodusport.fr\/blog\/athletisme-championnats-deurope-2024-minimas-olympiques-et-medaille-de-bronze-au-decathlon-pour-makenson-gletty-minimas-egalement-pour-kevin-mayer\/#article\",\"isPartOf\":{\"@id\":\"https:\/\/dicodusport.fr\/blog\/athletisme-championnats-deurope-2024-minimas-olympiques-et-medaille-de-bronze-au-decathlon-pour-makenson-gletty-minimas-egalement-pour-kevin-mayer\/\"},\"author\":{\"name\":\"Arlette Yeye\",\"@id\":\"https:\/\/dicodusport.fr\/blog\/#\/schema\/person\/cce96fa88785bd8573e3d43078ac8c79\"},\"headline\":\"Athl\u00e9tisme Championnats d&rsquo;Europe 2024 : Minima olympiques et m\u00e9daille de bronze au d\u00e9cathlon pour Makenson Gletty, minima \u00e9galement pour Kevin Mayer\",\"datePublished\":\"2024-06-11T20:45:51+00:00\",\"dateModified\":\"2024-06-11T21:46:49+00:00\",\"mainEntityOfPage\":{\"@id\":\"https:\/\/dicodusport.fr\/blog\/athletisme-championnats-deurope-2024-minimas-olympiques-et-medaille-de-bronze-au-decathlon-pour-makenson-gletty-minimas-egalement-pour-kevin-mayer\/\"},\"wordCount\":788,\"commentCount\":0,\"publisher\":{\"@id\":\"https:\/\/dicodusport.fr\/blog\/#organization\"},\"image\":{\"@id\":\"https:\/\/dicodusport.fr\/blog\/athletisme-championnats-deurope-2024-minimas-olympiques-et-medaille-de-bronze-au-decathlon-pour-makenson-gletty-minimas-egalement-pour-kevin-mayer\/#primaryimage\"},\"thumbnailUrl\":\"https:\/\/dicodusport.fr\/blog\/wp-content\/uploads\/2024\/06\/Athletisme-Championnats-dEurope-2024-Minimas-olympiques-et-medaille-de-bronze-au-decathlon-pour-Makenson-Gletty-minimas-egalement-pour-Kevin-Mayer.png\",\"keywords\":[\"Athl\u00e9tisme\",\"br\u00e8ve\",\"d\u00e9cathlon\",\"Kevin Mayer\",\"Makenson Gletty\",\"sport\"],\"articleSection\":[\"Athl\u00e9tisme\"],\"inLanguage\":\"fr-FR\",\"potentialAction\":[{\"@type\":\"CommentAction\",\"name\":\"Comment\",\"target\":[\"https:\/\/dicodusport.fr\/blog\/athletisme-championnats-deurope-2024-minimas-olympiques-et-medaille-de-bronze-au-decathlon-pour-makenson-gletty-minimas-egalement-pour-kevin-mayer\/#respond\"]}],\"copyrightYear\":\"2024\",\"copyrightHolder\":{\"@id\":\"https:\/\/dicodusport.fr\/blog\/#organization\"}},{\"@type\":\"WebPage\",\"@id\":\"https:\/\/dicodusport.fr\/blog\/athletisme-championnats-deurope-2024-minimas-olympiques-et-medaille-de-bronze-au-decathlon-pour-makenson-gletty-minimas-egalement-pour-kevin-mayer\/\",\"url\":\"https:\/\/dicodusport.fr\/blog\/athletisme-championnats-deurope-2024-minimas-olympiques-et-medaille-de-bronze-au-decathlon-pour-makenson-gletty-minimas-egalement-pour-kevin-mayer\/\",\"name\":\"Athl\u00e9tisme Championnats d'Europe 2024 : Minima olympiques et m\u00e9daille de bronze au d\u00e9cathlon pour Makenson Gletty, minima \u00e9galement pour Kevin Mayer\",\"isPartOf\":{\"@id\":\"https:\/\/dicodusport.fr\/blog\/#website\"},\"primaryImageOfPage\":{\"@id\":\"https:\/\/dicodusport.fr\/blog\/athletisme-championnats-deurope-2024-minimas-olympiques-et-medaille-de-bronze-au-decathlon-pour-makenson-gletty-minimas-egalement-pour-kevin-mayer\/#primaryimage\"},\"image\":{\"@id\":\"https:\/\/dicodusport.fr\/blog\/athletisme-championnats-deurope-2024-minimas-olympiques-et-medaille-de-bronze-au-decathlon-pour-makenson-gletty-minimas-egalement-pour-kevin-mayer\/#primaryimage\"},\"thumbnailUrl\":\"https:\/\/dicodusport.fr\/blog\/wp-content\/uploads\/2024\/06\/Athletisme-Championnats-dEurope-2024-Minimas-olympiques-et-medaille-de-bronze-au-decathlon-pour-Makenson-Gletty-minimas-egalement-pour-Kevin-Mayer.png\",\"datePublished\":\"2024-06-11T20:45:51+00:00\",\"dateModified\":\"2024-06-11T21:46:49+00:00\",\"description\":\"CHAMPIONNATS D'EUROPE D'ATHL\u00c9TISME 2024 - Makenson Gletty remporte sa premi\u00e8re m\u00e9daille europ\u00e9enne avec en prime les minimas olympiques !\",\"breadcrumb\":{\"@id\":\"https:\/\/dicodusport.fr\/blog\/athletisme-championnats-deurope-2024-minimas-olympiques-et-medaille-de-bronze-au-decathlon-pour-makenson-gletty-minimas-egalement-pour-kevin-mayer\/#breadcrumb\"},\"inLanguage\":\"fr-FR\",\"potentialAction\":[{\"@type\":\"ReadAction\",\"target\":[\"https:\/\/dicodusport.fr\/blog\/athletisme-championnats-deurope-2024-minimas-olympiques-et-medaille-de-bronze-au-decathlon-pour-makenson-gletty-minimas-egalement-pour-kevin-mayer\/\"]}]},{\"@type\":\"ImageObject\",\"inLanguage\":\"fr-FR\",\"@id\":\"https:\/\/dicodusport.fr\/blog\/athletisme-championnats-deurope-2024-minimas-olympiques-et-medaille-de-bronze-au-decathlon-pour-makenson-gletty-minimas-egalement-pour-kevin-mayer\/#primaryimage\",\"url\":\"https:\/\/dicodusport.fr\/blog\/wp-content\/uploads\/2024\/06\/Athletisme-Championnats-dEurope-2024-Minimas-olympiques-et-medaille-de-bronze-au-decathlon-pour-Makenson-Gletty-minimas-egalement-pour-Kevin-Mayer.png\",\"contentUrl\":\"https:\/\/dicodusport.fr\/blog\/wp-content\/uploads\/2024\/06\/Athletisme-Championnats-dEurope-2024-Minimas-olympiques-et-medaille-de-bronze-au-decathlon-pour-Makenson-Gletty-minimas-egalement-pour-Kevin-Mayer.png\",\"width\":1200,\"height\":674,\"caption\":\"Athl\u00e9tisme Championnats d'Europe 2024 Minima olympiques et m\u00e9daille de bronze au d\u00e9cathlon pour Makenson Gletty, minima \u00e9galement pour Kevin Mayer\"},{\"@type\":\"BreadcrumbList\",\"@id\":\"https:\/\/dicodusport.fr\/blog\/athletisme-championnats-deurope-2024-minimas-olympiques-et-medaille-de-bronze-au-decathlon-pour-makenson-gletty-minimas-egalement-pour-kevin-mayer\/#breadcrumb\",\"itemListElement\":[{\"@type\":\"ListItem\",\"position\":1,\"name\":\"Accueil\",\"item\":\"https:\/\/dicodusport.fr\/blog\/\"},{\"@type\":\"ListItem\",\"position\":2,\"name\":\"Athl\u00e9tisme Championnats d&rsquo;Europe 2024 : Minima olympiques et m\u00e9daille de bronze au d\u00e9cathlon pour Makenson Gletty, minima \u00e9galement pour Kevin Mayer\"}]},{\"@type\":\"WebSite\",\"@id\":\"https:\/\/dicodusport.fr\/blog\/#website\",\"url\":\"https:\/\/dicodusport.fr\/blog\/\",\"name\":\"Dicodusport\",\"description\":\"L&#039;encyclop\u00e9die de l&#039;actualit\u00e9 sportive\",\"publisher\":{\"@id\":\"https:\/\/dicodusport.fr\/blog\/#organization\"},\"potentialAction\":[{\"@type\":\"SearchAction\",\"target\":{\"@type\":\"EntryPoint\",\"urlTemplate\":\"https:\/\/dicodusport.fr\/blog\/?s={search_term_string}\"},\"query-input\":{\"@type\":\"PropertyValueSpecification\",\"valueRequired\":true,\"valueName\":\"search_term_string\"}}],\"inLanguage\":\"fr-FR\"},{\"@type\":\"NewsMediaOrganization\",\"@id\":\"https:\/\/dicodusport.fr\/blog\/#organization\",\"name\":\"Dicodusport\",\"url\":\"https:\/\/dicodusport.fr\/blog\/\",\"logo\":{\"@type\":\"ImageObject\",\"inLanguage\":\"fr-FR\",\"@id\":\"https:\/\/dicodusport.fr\/blog\/#\/schema\/logo\/image\/\",\"url\":\"https:\/\/dicodusport.fr\/blog\/wp-content\/uploads\/2020\/06\/cropped-LOGO-DICODUSPORT-2020-SANS-FOND-SANS-TEXTE.png\",\"contentUrl\":\"https:\/\/dicodusport.fr\/blog\/wp-content\/uploads\/2020\/06\/cropped-LOGO-DICODUSPORT-2020-SANS-FOND-SANS-TEXTE.png\",\"width\":512,\"height\":512,\"caption\":\"Dicodusport\"},\"image\":{\"@id\":\"https:\/\/dicodusport.fr\/blog\/#\/schema\/logo\/image\/\"},\"sameAs\":[\"https:\/\/www.facebook.com\/dicodusport\",\"https:\/\/x.com\/dicodusport\",\"https:\/\/www.instagram.com\/dicodusport\/\",\"https:\/\/www.youtube.com\/channel\/UC7V2KZ5sd3htJivAbA4ZG3w\"],\"description\":\"Dicodusport est l'encyclop\u00e9die de l'actualit\u00e9 sportive.\",\"email\":\"bonjour@dicodusport.fr\",\"legalName\":\"DICODUSPORT\",\"foundingDate\":\"2018-01-14\",\"vatID\":\"FR71834470973\",\"taxID\":\"83447097300043\",\"numberOfEmployees\":{\"@type\":\"QuantitativeValue\",\"minValue\":\"1\",\"maxValue\":\"10\"}},{\"@type\":\"Person\",\"@id\":\"https:\/\/dicodusport.fr\/blog\/#\/schema\/person\/cce96fa88785bd8573e3d43078ac8c79\",\"name\":\"Arlette Yeye\",\"image\":{\"@type\":\"ImageObject\",\"inLanguage\":\"fr-FR\",\"@id\":\"https:\/\/dicodusport.fr\/blog\/#\/schema\/person\/image\/\",\"url\":\"https:\/\/secure.gravatar.com\/avatar\/dca4a6239e6d708e46c45d60e160de6c?s=96&d=wp_user_avatar&r=g\",\"contentUrl\":\"https:\/\/secure.gravatar.com\/avatar\/dca4a6239e6d708e46c45d60e160de6c?s=96&d=wp_user_avatar&r=g\",\"caption\":\"Arlette Yeye\"},\"description\":\"Journaliste\/r\u00e9dactrice depuis septembre 2015 - Supportrice de Chelsea, j'ai pour sports de pr\u00e9dilection le handball, l'athl\u00e9tisme et le tennis. Si je tweete plus vite que mon ombre, vous pouvez aussi me retrouver les week-ends sur les playgrounds de Bruxelles pour un petit foot ou basket entre potes. Parcourir la France, l'Europe et plus si affinit\u00e9s pour suivre mes sportifs pr\u00e9f\u00e9r\u00e9s ? Mon kif ! Et c'est avec plaisir que je partage les r\u00e9sultats des sports populaires mais \u00e9galement plus confidentiels pour Dicodusport.\",\"sameAs\":[\"https:\/\/x.com\/https:\/\/twitter.com\/Shiclette94\"],\"url\":\"https:\/\/dicodusport.fr\/blog\/author\/arlette\/\"}]}<\/script>\n<!-- \/ Yoast SEO Premium plugin. -->","yoast_head_json":{"title":"Athl\u00e9tisme Championnats d'Europe 2024 : Minima olympiques et m\u00e9daille de bronze au d\u00e9cathlon pour Makenson Gletty, minima \u00e9galement pour Kevin Mayer","description":"CHAMPIONNATS D'EUROPE D'ATHL\u00c9TISME 2024 - Makenson Gletty remporte sa premi\u00e8re m\u00e9daille europ\u00e9enne avec en prime les minimas olympiques !","robots":{"index":"index","follow":"follow","max-snippet":"max-snippet:-1","max-image-preview":"max-image-preview:large","max-video-preview":"max-video-preview:-1"},"canonical":"https:\/\/dicodusport.fr\/blog\/athletisme-championnats-deurope-2024-minimas-olympiques-et-medaille-de-bronze-au-decathlon-pour-makenson-gletty-minimas-egalement-pour-kevin-mayer\/","og_locale":"fr_FR","og_type":"article","og_title":"Athl\u00e9tisme Championnats d'Europe 2024 : Minima olympiques et m\u00e9daille de bronze au d\u00e9cathlon pour Makenson Gletty, minima \u00e9galement pour Kevin Mayer","og_description":"CHAMPIONNATS D'EUROPE D'ATHL\u00c9TISME 2024 - Makenson Gletty remporte sa premi\u00e8re m\u00e9daille europ\u00e9enne avec en prime les minimas olympiques !","og_url":"https:\/\/dicodusport.fr\/blog\/athletisme-championnats-deurope-2024-minimas-olympiques-et-medaille-de-bronze-au-decathlon-pour-makenson-gletty-minimas-egalement-pour-kevin-mayer\/","og_site_name":"Dicodusport","article_publisher":"https:\/\/www.facebook.com\/dicodusport","article_published_time":"2024-06-11T20:45:51+00:00","article_modified_time":"2024-06-11T21:46:49+00:00","og_image":[{"width":1200,"height":674,"url":"https:\/\/dicodusport.fr\/blog\/wp-content\/uploads\/2024\/06\/Athletisme-Championnats-dEurope-2024-Minimas-olympiques-et-medaille-de-bronze-au-decathlon-pour-Makenson-Gletty-minimas-egalement-pour-Kevin-Mayer.png","type":"image\/png"}],"author":"Arlette Yeye","twitter_card":"summary_large_image","twitter_title":"Athl\u00e9tisme Championnats d'Europe 2024 : Minima olympiques et m\u00e9daille de bronze au d\u00e9cathlon pour Makenson Gletty, minima \u00e9galement pour Kevin Mayer","twitter_creator":"@https:\/\/twitter.com\/Shiclette94","twitter_site":"@dicodusport","schema":{"@context":"https:\/\/schema.org","@graph":[{"@type":"NewsArticle","@id":"https:\/\/dicodusport.fr\/blog\/athletisme-championnats-deurope-2024-minimas-olympiques-et-medaille-de-bronze-au-decathlon-pour-makenson-gletty-minimas-egalement-pour-kevin-mayer\/#article","isPartOf":{"@id":"https:\/\/dicodusport.fr\/blog\/athletisme-championnats-deurope-2024-minimas-olympiques-et-medaille-de-bronze-au-decathlon-pour-makenson-gletty-minimas-egalement-pour-kevin-mayer\/"},"author":{"name":"Arlette Yeye","@id":"https:\/\/dicodusport.fr\/blog\/#\/schema\/person\/cce96fa88785bd8573e3d43078ac8c79"},"headline":"Athl\u00e9tisme Championnats d&rsquo;Europe 2024 : Minima olympiques et m\u00e9daille de bronze au d\u00e9cathlon pour Makenson Gletty, minima \u00e9galement pour Kevin Mayer","datePublished":"2024-06-11T20:45:51+00:00","dateModified":"2024-06-11T21:46:49+00:00","mainEntityOfPage":{"@id":"https:\/\/dicodusport.fr\/blog\/athletisme-championnats-deurope-2024-minimas-olympiques-et-medaille-de-bronze-au-decathlon-pour-makenson-gletty-minimas-egalement-pour-kevin-mayer\/"},"wordCount":788,"commentCount":0,"publisher":{"@id":"https:\/\/dicodusport.fr\/blog\/#organization"},"image":{"@id":"https:\/\/dicodusport.fr\/blog\/athletisme-championnats-deurope-2024-minimas-olympiques-et-medaille-de-bronze-au-decathlon-pour-makenson-gletty-minimas-egalement-pour-kevin-mayer\/#primaryimage"},"thumbnailUrl":"https:\/\/dicodusport.fr\/blog\/wp-content\/uploads\/2024\/06\/Athletisme-Championnats-dEurope-2024-Minimas-olympiques-et-medaille-de-bronze-au-decathlon-pour-Makenson-Gletty-minimas-egalement-pour-Kevin-Mayer.png","keywords":["Athl\u00e9tisme","br\u00e8ve","d\u00e9cathlon","Kevin Mayer","Makenson Gletty","sport"],"articleSection":["Athl\u00e9tisme"],"inLanguage":"fr-FR","potentialAction":[{"@type":"CommentAction","name":"Comment","target":["https:\/\/dicodusport.fr\/blog\/athletisme-championnats-deurope-2024-minimas-olympiques-et-medaille-de-bronze-au-decathlon-pour-makenson-gletty-minimas-egalement-pour-kevin-mayer\/#respond"]}],"copyrightYear":"2024","copyrightHolder":{"@id":"https:\/\/dicodusport.fr\/blog\/#organization"}},{"@type":"WebPage","@id":"https:\/\/dicodusport.fr\/blog\/athletisme-championnats-deurope-2024-minimas-olympiques-et-medaille-de-bronze-au-decathlon-pour-makenson-gletty-minimas-egalement-pour-kevin-mayer\/","url":"https:\/\/dicodusport.fr\/blog\/athletisme-championnats-deurope-2024-minimas-olympiques-et-medaille-de-bronze-au-decathlon-pour-makenson-gletty-minimas-egalement-pour-kevin-mayer\/","name":"Athl\u00e9tisme Championnats d'Europe 2024 : Minima olympiques et m\u00e9daille de bronze au d\u00e9cathlon pour Makenson Gletty, minima \u00e9galement pour Kevin Mayer","isPartOf":{"@id":"https:\/\/dicodusport.fr\/blog\/#website"},"primaryImageOfPage":{"@id":"https:\/\/dicodusport.fr\/blog\/athletisme-championnats-deurope-2024-minimas-olympiques-et-medaille-de-bronze-au-decathlon-pour-makenson-gletty-minimas-egalement-pour-kevin-mayer\/#primaryimage"},"image":{"@id":"https:\/\/dicodusport.fr\/blog\/athletisme-championnats-deurope-2024-minimas-olympiques-et-medaille-de-bronze-au-decathlon-pour-makenson-gletty-minimas-egalement-pour-kevin-mayer\/#primaryimage"},"thumbnailUrl":"https:\/\/dicodusport.fr\/blog\/wp-content\/uploads\/2024\/06\/Athletisme-Championnats-dEurope-2024-Minimas-olympiques-et-medaille-de-bronze-au-decathlon-pour-Makenson-Gletty-minimas-egalement-pour-Kevin-Mayer.png","datePublished":"2024-06-11T20:45:51+00:00","dateModified":"2024-06-11T21:46:49+00:00","description":"CHAMPIONNATS D'EUROPE D'ATHL\u00c9TISME 2024 - Makenson Gletty remporte sa premi\u00e8re m\u00e9daille europ\u00e9enne avec en prime les minimas olympiques !","breadcrumb":{"@id":"https:\/\/dicodusport.fr\/blog\/athletisme-championnats-deurope-2024-minimas-olympiques-et-medaille-de-bronze-au-decathlon-pour-makenson-gletty-minimas-egalement-pour-kevin-mayer\/#breadcrumb"},"inLanguage":"fr-FR","potentialAction":[{"@type":"ReadAction","target":["https:\/\/dicodusport.fr\/blog\/athletisme-championnats-deurope-2024-minimas-olympiques-et-medaille-de-bronze-au-decathlon-pour-makenson-gletty-minimas-egalement-pour-kevin-mayer\/"]}]},{"@type":"ImageObject","inLanguage":"fr-FR","@id":"https:\/\/dicodusport.fr\/blog\/athletisme-championnats-deurope-2024-minimas-olympiques-et-medaille-de-bronze-au-decathlon-pour-makenson-gletty-minimas-egalement-pour-kevin-mayer\/#primaryimage","url":"https:\/\/dicodusport.fr\/blog\/wp-content\/uploads\/2024\/06\/Athletisme-Championnats-dEurope-2024-Minimas-olympiques-et-medaille-de-bronze-au-decathlon-pour-Makenson-Gletty-minimas-egalement-pour-Kevin-Mayer.png","contentUrl":"https:\/\/dicodusport.fr\/blog\/wp-content\/uploads\/2024\/06\/Athletisme-Championnats-dEurope-2024-Minimas-olympiques-et-medaille-de-bronze-au-decathlon-pour-Makenson-Gletty-minimas-egalement-pour-Kevin-Mayer.png","width":1200,"height":674,"caption":"Athl\u00e9tisme Championnats d'Europe 2024 Minima olympiques et m\u00e9daille de bronze au d\u00e9cathlon pour Makenson Gletty, minima \u00e9galement pour Kevin Mayer"},{"@type":"BreadcrumbList","@id":"https:\/\/dicodusport.fr\/blog\/athletisme-championnats-deurope-2024-minimas-olympiques-et-medaille-de-bronze-au-decathlon-pour-makenson-gletty-minimas-egalement-pour-kevin-mayer\/#breadcrumb","itemListElement":[{"@type":"ListItem","position":1,"name":"Accueil","item":"https:\/\/dicodusport.fr\/blog\/"},{"@type":"ListItem","position":2,"name":"Athl\u00e9tisme Championnats d&rsquo;Europe 2024 : Minima olympiques et m\u00e9daille de bronze au d\u00e9cathlon pour Makenson Gletty, minima \u00e9galement pour Kevin Mayer"}]},{"@type":"WebSite","@id":"https:\/\/dicodusport.fr\/blog\/#website","url":"https:\/\/dicodusport.fr\/blog\/","name":"Dicodusport","description":"L&#039;encyclop\u00e9die de l&#039;actualit\u00e9 sportive","publisher":{"@id":"https:\/\/dicodusport.fr\/blog\/#organization"},"potentialAction":[{"@type":"SearchAction","target":{"@type":"EntryPoint","urlTemplate":"https:\/\/dicodusport.fr\/blog\/?s={search_term_string}"},"query-input":{"@type":"PropertyValueSpecification","valueRequired":true,"valueName":"search_term_string"}}],"inLanguage":"fr-FR"},{"@type":"NewsMediaOrganization","@id":"https:\/\/dicodusport.fr\/blog\/#organization","name":"Dicodusport","url":"https:\/\/dicodusport.fr\/blog\/","logo":{"@type":"ImageObject","inLanguage":"fr-FR","@id":"https:\/\/dicodusport.fr\/blog\/#\/schema\/logo\/image\/","url":"https:\/\/dicodusport.fr\/blog\/wp-content\/uploads\/2020\/06\/cropped-LOGO-DICODUSPORT-2020-SANS-FOND-SANS-TEXTE.png","contentUrl":"https:\/\/dicodusport.fr\/blog\/wp-content\/uploads\/2020\/06\/cropped-LOGO-DICODUSPORT-2020-SANS-FOND-SANS-TEXTE.png","width":512,"height":512,"caption":"Dicodusport"},"image":{"@id":"https:\/\/dicodusport.fr\/blog\/#\/schema\/logo\/image\/"},"sameAs":["https:\/\/www.facebook.com\/dicodusport","https:\/\/x.com\/dicodusport","https:\/\/www.instagram.com\/dicodusport\/","https:\/\/www.youtube.com\/channel\/UC7V2KZ5sd3htJivAbA4ZG3w"],"description":"Dicodusport est l'encyclop\u00e9die de l'actualit\u00e9 sportive.","email":"bonjour@dicodusport.fr","legalName":"DICODUSPORT","foundingDate":"2018-01-14","vatID":"FR71834470973","taxID":"83447097300043","numberOfEmployees":{"@type":"QuantitativeValue","minValue":"1","maxValue":"10"}},{"@type":"Person","@id":"https:\/\/dicodusport.fr\/blog\/#\/schema\/person\/cce96fa88785bd8573e3d43078ac8c79","name":"Arlette Yeye","image":{"@type":"ImageObject","inLanguage":"fr-FR","@id":"https:\/\/dicodusport.fr\/blog\/#\/schema\/person\/image\/","url":"https:\/\/secure.gravatar.com\/avatar\/dca4a6239e6d708e46c45d60e160de6c?s=96&d=wp_user_avatar&r=g","contentUrl":"https:\/\/secure.gravatar.com\/avatar\/dca4a6239e6d708e46c45d60e160de6c?s=96&d=wp_user_avatar&r=g","caption":"Arlette Yeye"},"description":"Journaliste\/r\u00e9dactrice depuis septembre 2015 - Supportrice de Chelsea, j'ai pour sports de pr\u00e9dilection le handball, l'athl\u00e9tisme et le tennis. Si je tweete plus vite que mon ombre, vous pouvez aussi me retrouver les week-ends sur les playgrounds de Bruxelles pour un petit foot ou basket entre potes. Parcourir la France, l'Europe et plus si affinit\u00e9s pour suivre mes sportifs pr\u00e9f\u00e9r\u00e9s ? Mon kif ! Et c'est avec plaisir que je partage les r\u00e9sultats des sports populaires mais \u00e9galement plus confidentiels pour Dicodusport.","sameAs":["https:\/\/x.com\/https:\/\/twitter.com\/Shiclette94"],"url":"https:\/\/dicodusport.fr\/blog\/author\/arlette\/"}]}},"_links":{"self":[{"href":"https:\/\/dicodusport.fr\/blog\/wp-json\/wp\/v2\/posts\/492186","targetHints":{"allow":["GET"]}}],"collection":[{"href":"https:\/\/dicodusport.fr\/blog\/wp-json\/wp\/v2\/posts"}],"about":[{"href":"https:\/\/dicodusport.fr\/blog\/wp-json\/wp\/v2\/types\/post"}],"author":[{"embeddable":true,"href":"https:\/\/dicodusport.fr\/blog\/wp-json\/wp\/v2\/users\/12"}],"replies":[{"embeddable":true,"href":"https:\/\/dicodusport.fr\/blog\/wp-json\/wp\/v2\/comments?post=492186"}],"version-history":[{"count":5,"href":"https:\/\/dicodusport.fr\/blog\/wp-json\/wp\/v2\/posts\/492186\/revisions"}],"predecessor-version":[{"id":492332,"href":"https:\/\/dicodusport.fr\/blog\/wp-json\/wp\/v2\/posts\/492186\/revisions\/492332"}],"wp:featuredmedia":[{"embeddable":true,"href":"https:\/\/dicodusport.fr\/blog\/wp-json\/wp\/v2\/media\/492290"}],"wp:attachment":[{"href":"https:\/\/dicodusport.fr\/blog\/wp-json\/wp\/v2\/media?parent=492186"}],"wp:term":[{"taxonomy":"category","embeddable":true,"href":"https:\/\/dicodusport.fr\/blog\/wp-json\/wp\/v2\/categories?post=492186"},{"taxonomy":"post_tag","embeddable":true,"href":"https:\/\/dicodusport.fr\/blog\/wp-json\/wp\/v2\/tags?post=492186"}],"curies":[{"name":"wp","href":"https:\/\/api.w.org\/{rel}","templated":true}]}}