{"id":492356,"date":"2024-06-12T09:34:45","date_gmt":"2024-06-12T07:34:45","guid":{"rendered":"https:\/\/dicodusport.fr\/blog\/?p=492356&#038;preview=true&#038;preview_id=492356"},"modified":"2024-06-12T09:54:25","modified_gmt":"2024-06-12T07:54:25","slug":"basket-migna-toure-tente-laventure-espagnole","status":"publish","type":"post","link":"https:\/\/dicodusport.fr\/blog\/basket-migna-toure-tente-laventure-espagnole\/","title":{"rendered":"Basket : Migna Tour\u00e9 tente l&rsquo;aventure espagnole"},"content":{"rendered":"<p style=\"text-align: justify;\"><strong><em>BASKET &#8211; Une nouvelle aventure se profile \u00e0 l&rsquo;horizon pour Migna Tour\u00e9. L&rsquo;internationale tricolore s&rsquo;est en effet engag\u00e9e avec le club espagnol de G\u00e9rone pour la saison prochaine.<\/em><\/strong><\/p>\n<p style=\"text-align: justify;\">La LFB va perdre l&rsquo;une de ses joueuses embl\u00e9matiques la saison prochaine. Figure incontournable du championnat depuis une bonne d\u00e9cennie, <strong>Migna Tour\u00e9<\/strong> va franchir les Pyr\u00e9n\u00e9es la saison prochaine pour rejoindre le club de <strong>G\u00e9rone<\/strong>. \u00c0 29 ans, l&rsquo;internationale tricolore, qui fait partie de la liste \u00e9largie des Bleues pour les Jeux Olympiques, s&rsquo;offre l\u00e0 sa deuxi\u00e8me exp\u00e9rience \u00e0 l&rsquo;\u00e9tranger. Sa premi\u00e8re pige du c\u00f4t\u00e9 de <strong>Braine<\/strong> en Belgique avait \u00e9t\u00e9 courte puisqu&rsquo;elle \u00e9tait rest\u00e9e seulement trois mois avant de revenir \u00e0 <strong>Lattes-Montpellier<\/strong>. Depuis, elle \u00e9voluait toujours au BLMA, et sort donc de plus de trois ans et demi dans l&rsquo;H\u00e9rault.<\/p>\n<p style=\"text-align: justify;\">Internationale \u00e0 la fois en 5X5 comme en 3X3, la bient\u00f4t trentenaire s&rsquo;est affirm\u00e9e ces deux derni\u00e8res saisons en tournant \u00e0 <strong>plus de 11 points et 11 d&rsquo;\u00e9valuation de moyenne en LFB<\/strong>, tout en affichant des chiffres l\u00e9g\u00e8rement en hausse en <strong>EuroCoupe<\/strong>. Demi-finaliste du dernier championnat d&rsquo;Espagne et \u00e9galement de l&rsquo;EuroCoupe, <strong>G\u00e9rone<\/strong> a \u00e0 c\u0153ur de faire encore mieux la saison prochaine, et pourra donc compter sur l&rsquo;exp\u00e9rience et les qualit\u00e9s de Migna Tour\u00e9. Cette derni\u00e8re est la premi\u00e8re recrue de l&rsquo;intersaison pour le club espagnol.<\/p>\n<blockquote class=\"twitter-tweet\">\n<p dir=\"ltr\" lang=\"ca\">\ud835\udc69\ud835\udc86\ud835\udc8f\ud835\udc97\ud835\udc8a\ud835\udc8f\ud835\udc88\ud835\udc96\ud835\udc85\ud835\udc82 \ud835\udc74\ud835\udc8a\ud835\udc88\ud835\udc8f\ud835\udc82 \ud835\udc7b\ud835\udc90\ud835\udc96\ud835\udc93\ud835\udc86\u0301! \ud83d\udcdd\u2764\ufe0f\ud83d\udda4<\/p>\n<p>\ud83c\uddeb\ud83c\uddf7 La jugadora francesa defensar\u00e0 la nostra samarreta la pr\u00f2xima temporada!<\/p>\n<p>\ud83d\udc49 M\u00e9s informaci\u00f3 a <a href=\"https:\/\/t.co\/qC6nlENePw\">https:\/\/t.co\/qC6nlENePw<\/a><a href=\"https:\/\/twitter.com\/hashtag\/SomhiUni?src=hash&amp;ref_src=twsrc%5Etfw\">#SomhiUni<\/a> <a href=\"https:\/\/twitter.com\/hashtag\/BenvingudaTour%C3%A9?src=hash&amp;ref_src=twsrc%5Etfw\">#BenvingudaTour\u00e9<\/a> <a href=\"https:\/\/t.co\/wGq3GHw0p1\">pic.twitter.com\/wGq3GHw0p1<\/a><\/p>\n<p>\u2014 Spar Girona (@unigirona) <a href=\"https:\/\/twitter.com\/unigirona\/status\/1800573634903507201?ref_src=twsrc%5Etfw\">June 11, 2024<\/a><\/p><\/blockquote>\n<p><script async src=\"https:\/\/platform.twitter.com\/widgets.js\" charset=\"utf-8\"><\/script><\/p>\n","protected":false},"excerpt":{"rendered":"<p>BASKET &#8211; Une nouvelle aventure se profile \u00e0 l&rsquo;horizon pour Migna Tour\u00e9. L&rsquo;internationale tricolore s&rsquo;est en effet engag\u00e9e avec le club espagnol de G\u00e9rone pour la saison prochaine.<\/p>\n","protected":false},"author":55,"featured_media":492357,"comment_status":"open","ping_status":"closed","sticky":false,"template":"","format":"standard","meta":{"_acf_changed":false,"_daextam_enable_autolinks":"1","footnotes":""},"categories":[2305],"tags":[174,3086,16878,39903],"class_list":["post-492356","post","type-post","status-publish","format-standard","has-post-thumbnail","hentry","category-basket-ball","tag-basket","tag-basket-feminin","tag-breve","tag-gerone"],"acf":[],"yoast_head":"<!-- This site is optimized with the Yoast SEO Premium plugin v26.7 (Yoast SEO v26.7) - https:\/\/yoast.com\/wordpress\/plugins\/seo\/ -->\n<title>Basket : Migna Tour\u00e9 tente l&#039;aventure espagnole<\/title>\n<meta name=\"description\" content=\"BASKET - L&#039;internationale fran\u00e7aise Migna Tour\u00e9 s&#039;est engag\u00e9e avec le club espagnole de G\u00e9rone pour la saison \u00e0 venir.\" \/>\n<meta name=\"robots\" content=\"index, follow, max-snippet:-1, max-image-preview:large, max-video-preview:-1\" \/>\n<link rel=\"canonical\" href=\"https:\/\/dicodusport.fr\/blog\/basket-migna-toure-tente-laventure-espagnole\/\" \/>\n<meta property=\"og:locale\" content=\"fr_FR\" \/>\n<meta property=\"og:type\" content=\"article\" \/>\n<meta property=\"og:title\" content=\"Basket : Migna Tour\u00e9 tente l&#039;aventure espagnole\" \/>\n<meta property=\"og:description\" content=\"BASKET - L&#039;internationale fran\u00e7aise Migna Tour\u00e9 s&#039;est engag\u00e9e avec le club espagnole de G\u00e9rone pour la saison \u00e0 venir.\" \/>\n<meta property=\"og:url\" content=\"https:\/\/dicodusport.fr\/blog\/basket-migna-toure-tente-laventure-espagnole\/\" \/>\n<meta property=\"og:site_name\" content=\"Dicodusport\" \/>\n<meta property=\"article:publisher\" content=\"https:\/\/www.facebook.com\/dicodusport\" \/>\n<meta property=\"article:published_time\" content=\"2024-06-12T07:34:45+00:00\" \/>\n<meta property=\"article:modified_time\" content=\"2024-06-12T07:54:25+00:00\" \/>\n<meta property=\"og:image\" content=\"https:\/\/dicodusport.fr\/blog\/wp-content\/uploads\/2024\/06\/Basket-Migna-Toure-tente-laventure-espagnole.png\" \/>\n\t<meta property=\"og:image:width\" content=\"1200\" \/>\n\t<meta property=\"og:image:height\" content=\"674\" \/>\n\t<meta property=\"og:image:type\" content=\"image\/png\" \/>\n<meta name=\"author\" content=\"Maxime Cazenave\" \/>\n<meta name=\"twitter:card\" content=\"summary_large_image\" \/>\n<meta name=\"twitter:title\" content=\"Basket : Migna Tour\u00e9 tente l&#039;aventure espagnole\" \/>\n<meta name=\"twitter:creator\" content=\"@https:\/\/twitter.com\/Maxime_Caze\" \/>\n<meta name=\"twitter:site\" content=\"@dicodusport\" \/>\n<script type=\"application\/ld+json\" class=\"yoast-schema-graph\">{\"@context\":\"https:\/\/schema.org\",\"@graph\":[{\"@type\":\"NewsArticle\",\"@id\":\"https:\/\/dicodusport.fr\/blog\/basket-migna-toure-tente-laventure-espagnole\/#article\",\"isPartOf\":{\"@id\":\"https:\/\/dicodusport.fr\/blog\/basket-migna-toure-tente-laventure-espagnole\/\"},\"author\":{\"name\":\"Maxime Cazenave\",\"@id\":\"https:\/\/dicodusport.fr\/blog\/#\/schema\/person\/37def232098a7a5cbab3974a3690abb0\"},\"headline\":\"Basket : Migna Tour\u00e9 tente l&rsquo;aventure espagnole\",\"datePublished\":\"2024-06-12T07:34:45+00:00\",\"dateModified\":\"2024-06-12T07:54:25+00:00\",\"mainEntityOfPage\":{\"@id\":\"https:\/\/dicodusport.fr\/blog\/basket-migna-toure-tente-laventure-espagnole\/\"},\"wordCount\":283,\"commentCount\":0,\"publisher\":{\"@id\":\"https:\/\/dicodusport.fr\/blog\/#organization\"},\"image\":{\"@id\":\"https:\/\/dicodusport.fr\/blog\/basket-migna-toure-tente-laventure-espagnole\/#primaryimage\"},\"thumbnailUrl\":\"https:\/\/dicodusport.fr\/blog\/wp-content\/uploads\/2024\/06\/Basket-Migna-Toure-tente-laventure-espagnole.png\",\"keywords\":[\"basket\",\"Basket feminin\",\"br\u00e8ve\",\"G\u00e9rone\"],\"articleSection\":[\"Basket-ball\"],\"inLanguage\":\"fr-FR\",\"potentialAction\":[{\"@type\":\"CommentAction\",\"name\":\"Comment\",\"target\":[\"https:\/\/dicodusport.fr\/blog\/basket-migna-toure-tente-laventure-espagnole\/#respond\"]}],\"copyrightYear\":\"2024\",\"copyrightHolder\":{\"@id\":\"https:\/\/dicodusport.fr\/blog\/#organization\"}},{\"@type\":\"WebPage\",\"@id\":\"https:\/\/dicodusport.fr\/blog\/basket-migna-toure-tente-laventure-espagnole\/\",\"url\":\"https:\/\/dicodusport.fr\/blog\/basket-migna-toure-tente-laventure-espagnole\/\",\"name\":\"Basket : Migna Tour\u00e9 tente l'aventure espagnole\",\"isPartOf\":{\"@id\":\"https:\/\/dicodusport.fr\/blog\/#website\"},\"primaryImageOfPage\":{\"@id\":\"https:\/\/dicodusport.fr\/blog\/basket-migna-toure-tente-laventure-espagnole\/#primaryimage\"},\"image\":{\"@id\":\"https:\/\/dicodusport.fr\/blog\/basket-migna-toure-tente-laventure-espagnole\/#primaryimage\"},\"thumbnailUrl\":\"https:\/\/dicodusport.fr\/blog\/wp-content\/uploads\/2024\/06\/Basket-Migna-Toure-tente-laventure-espagnole.png\",\"datePublished\":\"2024-06-12T07:34:45+00:00\",\"dateModified\":\"2024-06-12T07:54:25+00:00\",\"description\":\"BASKET - L'internationale fran\u00e7aise Migna Tour\u00e9 s'est engag\u00e9e avec le club espagnole de G\u00e9rone pour la saison \u00e0 venir.\",\"breadcrumb\":{\"@id\":\"https:\/\/dicodusport.fr\/blog\/basket-migna-toure-tente-laventure-espagnole\/#breadcrumb\"},\"inLanguage\":\"fr-FR\",\"potentialAction\":[{\"@type\":\"ReadAction\",\"target\":[\"https:\/\/dicodusport.fr\/blog\/basket-migna-toure-tente-laventure-espagnole\/\"]}]},{\"@type\":\"ImageObject\",\"inLanguage\":\"fr-FR\",\"@id\":\"https:\/\/dicodusport.fr\/blog\/basket-migna-toure-tente-laventure-espagnole\/#primaryimage\",\"url\":\"https:\/\/dicodusport.fr\/blog\/wp-content\/uploads\/2024\/06\/Basket-Migna-Toure-tente-laventure-espagnole.png\",\"contentUrl\":\"https:\/\/dicodusport.fr\/blog\/wp-content\/uploads\/2024\/06\/Basket-Migna-Toure-tente-laventure-espagnole.png\",\"width\":1200,\"height\":674,\"caption\":\"Basket : Migna Tour\u00e9 tente l'aventure espagnole\"},{\"@type\":\"BreadcrumbList\",\"@id\":\"https:\/\/dicodusport.fr\/blog\/basket-migna-toure-tente-laventure-espagnole\/#breadcrumb\",\"itemListElement\":[{\"@type\":\"ListItem\",\"position\":1,\"name\":\"Accueil\",\"item\":\"https:\/\/dicodusport.fr\/blog\/\"},{\"@type\":\"ListItem\",\"position\":2,\"name\":\"Basket : Migna Tour\u00e9 tente l&rsquo;aventure espagnole\"}]},{\"@type\":\"WebSite\",\"@id\":\"https:\/\/dicodusport.fr\/blog\/#website\",\"url\":\"https:\/\/dicodusport.fr\/blog\/\",\"name\":\"Dicodusport\",\"description\":\"L&#039;encyclop\u00e9die de l&#039;actualit\u00e9 sportive\",\"publisher\":{\"@id\":\"https:\/\/dicodusport.fr\/blog\/#organization\"},\"potentialAction\":[{\"@type\":\"SearchAction\",\"target\":{\"@type\":\"EntryPoint\",\"urlTemplate\":\"https:\/\/dicodusport.fr\/blog\/?s={search_term_string}\"},\"query-input\":{\"@type\":\"PropertyValueSpecification\",\"valueRequired\":true,\"valueName\":\"search_term_string\"}}],\"inLanguage\":\"fr-FR\"},{\"@type\":\"NewsMediaOrganization\",\"@id\":\"https:\/\/dicodusport.fr\/blog\/#organization\",\"name\":\"Dicodusport\",\"url\":\"https:\/\/dicodusport.fr\/blog\/\",\"logo\":{\"@type\":\"ImageObject\",\"inLanguage\":\"fr-FR\",\"@id\":\"https:\/\/dicodusport.fr\/blog\/#\/schema\/logo\/image\/\",\"url\":\"https:\/\/dicodusport.fr\/blog\/wp-content\/uploads\/2020\/06\/cropped-LOGO-DICODUSPORT-2020-SANS-FOND-SANS-TEXTE.png\",\"contentUrl\":\"https:\/\/dicodusport.fr\/blog\/wp-content\/uploads\/2020\/06\/cropped-LOGO-DICODUSPORT-2020-SANS-FOND-SANS-TEXTE.png\",\"width\":512,\"height\":512,\"caption\":\"Dicodusport\"},\"image\":{\"@id\":\"https:\/\/dicodusport.fr\/blog\/#\/schema\/logo\/image\/\"},\"sameAs\":[\"https:\/\/www.facebook.com\/dicodusport\",\"https:\/\/x.com\/dicodusport\",\"https:\/\/www.instagram.com\/dicodusport\/\",\"https:\/\/www.youtube.com\/channel\/UC7V2KZ5sd3htJivAbA4ZG3w\"],\"description\":\"Dicodusport est l'encyclop\u00e9die de l'actualit\u00e9 sportive.\",\"email\":\"bonjour@dicodusport.fr\",\"legalName\":\"DICODUSPORT\",\"foundingDate\":\"2018-01-14\",\"vatID\":\"FR71834470973\",\"taxID\":\"83447097300043\",\"numberOfEmployees\":{\"@type\":\"QuantitativeValue\",\"minValue\":\"1\",\"maxValue\":\"10\"}},{\"@type\":\"Person\",\"@id\":\"https:\/\/dicodusport.fr\/blog\/#\/schema\/person\/37def232098a7a5cbab3974a3690abb0\",\"name\":\"Maxime Cazenave\",\"image\":{\"@type\":\"ImageObject\",\"inLanguage\":\"fr-FR\",\"@id\":\"https:\/\/dicodusport.fr\/blog\/#\/schema\/person\/image\/\",\"url\":\"https:\/\/dicodusport.fr\/blog\/wp-content\/uploads\/2021\/05\/Maxime-Cazenave-150x150.jpg\",\"contentUrl\":\"https:\/\/dicodusport.fr\/blog\/wp-content\/uploads\/2021\/05\/Maxime-Cazenave-150x150.jpg\",\"caption\":\"Maxime Cazenave\"},\"description\":\"Journaliste\/R\u00e9dacteur depuis 2012 - Berc\u00e9 par l\u2019amour des Girondins de Bordeaux, les \u00e9checs de Christophe Moreau sur le Tour de France sous l'\u00e8re Lance Armstrong et le fade-away l\u00e9tal de Dirk Nowitzki, ma passion d\u00e9vorante pour le sport a toujours \u00e9t\u00e9 un pan incontournable de ma vie. Transmettre ma passion \u00e0 l\u2019\u00e9crit a \u00e9t\u00e9 une transition naturelle. Suiveur assidu de basket et de hockey sur glace, je garde toujours un peu de place pour suivre le cyclisme, le football et le maximum de performances fran\u00e7aises.\",\"sameAs\":[\"https:\/\/x.com\/https:\/\/twitter.com\/Maxime_Caze\"],\"url\":\"https:\/\/dicodusport.fr\/blog\/author\/maximec\/\"}]}<\/script>\n<!-- \/ Yoast SEO Premium plugin. -->","yoast_head_json":{"title":"Basket : Migna Tour\u00e9 tente l'aventure espagnole","description":"BASKET - L'internationale fran\u00e7aise Migna Tour\u00e9 s'est engag\u00e9e avec le club espagnole de G\u00e9rone pour la saison \u00e0 venir.","robots":{"index":"index","follow":"follow","max-snippet":"max-snippet:-1","max-image-preview":"max-image-preview:large","max-video-preview":"max-video-preview:-1"},"canonical":"https:\/\/dicodusport.fr\/blog\/basket-migna-toure-tente-laventure-espagnole\/","og_locale":"fr_FR","og_type":"article","og_title":"Basket : Migna Tour\u00e9 tente l'aventure espagnole","og_description":"BASKET - L'internationale fran\u00e7aise Migna Tour\u00e9 s'est engag\u00e9e avec le club espagnole de G\u00e9rone pour la saison \u00e0 venir.","og_url":"https:\/\/dicodusport.fr\/blog\/basket-migna-toure-tente-laventure-espagnole\/","og_site_name":"Dicodusport","article_publisher":"https:\/\/www.facebook.com\/dicodusport","article_published_time":"2024-06-12T07:34:45+00:00","article_modified_time":"2024-06-12T07:54:25+00:00","og_image":[{"width":1200,"height":674,"url":"https:\/\/dicodusport.fr\/blog\/wp-content\/uploads\/2024\/06\/Basket-Migna-Toure-tente-laventure-espagnole.png","type":"image\/png"}],"author":"Maxime Cazenave","twitter_card":"summary_large_image","twitter_title":"Basket : Migna Tour\u00e9 tente l'aventure espagnole","twitter_creator":"@https:\/\/twitter.com\/Maxime_Caze","twitter_site":"@dicodusport","schema":{"@context":"https:\/\/schema.org","@graph":[{"@type":"NewsArticle","@id":"https:\/\/dicodusport.fr\/blog\/basket-migna-toure-tente-laventure-espagnole\/#article","isPartOf":{"@id":"https:\/\/dicodusport.fr\/blog\/basket-migna-toure-tente-laventure-espagnole\/"},"author":{"name":"Maxime Cazenave","@id":"https:\/\/dicodusport.fr\/blog\/#\/schema\/person\/37def232098a7a5cbab3974a3690abb0"},"headline":"Basket : Migna Tour\u00e9 tente l&rsquo;aventure espagnole","datePublished":"2024-06-12T07:34:45+00:00","dateModified":"2024-06-12T07:54:25+00:00","mainEntityOfPage":{"@id":"https:\/\/dicodusport.fr\/blog\/basket-migna-toure-tente-laventure-espagnole\/"},"wordCount":283,"commentCount":0,"publisher":{"@id":"https:\/\/dicodusport.fr\/blog\/#organization"},"image":{"@id":"https:\/\/dicodusport.fr\/blog\/basket-migna-toure-tente-laventure-espagnole\/#primaryimage"},"thumbnailUrl":"https:\/\/dicodusport.fr\/blog\/wp-content\/uploads\/2024\/06\/Basket-Migna-Toure-tente-laventure-espagnole.png","keywords":["basket","Basket feminin","br\u00e8ve","G\u00e9rone"],"articleSection":["Basket-ball"],"inLanguage":"fr-FR","potentialAction":[{"@type":"CommentAction","name":"Comment","target":["https:\/\/dicodusport.fr\/blog\/basket-migna-toure-tente-laventure-espagnole\/#respond"]}],"copyrightYear":"2024","copyrightHolder":{"@id":"https:\/\/dicodusport.fr\/blog\/#organization"}},{"@type":"WebPage","@id":"https:\/\/dicodusport.fr\/blog\/basket-migna-toure-tente-laventure-espagnole\/","url":"https:\/\/dicodusport.fr\/blog\/basket-migna-toure-tente-laventure-espagnole\/","name":"Basket : Migna Tour\u00e9 tente l'aventure espagnole","isPartOf":{"@id":"https:\/\/dicodusport.fr\/blog\/#website"},"primaryImageOfPage":{"@id":"https:\/\/dicodusport.fr\/blog\/basket-migna-toure-tente-laventure-espagnole\/#primaryimage"},"image":{"@id":"https:\/\/dicodusport.fr\/blog\/basket-migna-toure-tente-laventure-espagnole\/#primaryimage"},"thumbnailUrl":"https:\/\/dicodusport.fr\/blog\/wp-content\/uploads\/2024\/06\/Basket-Migna-Toure-tente-laventure-espagnole.png","datePublished":"2024-06-12T07:34:45+00:00","dateModified":"2024-06-12T07:54:25+00:00","description":"BASKET - L'internationale fran\u00e7aise Migna Tour\u00e9 s'est engag\u00e9e avec le club espagnole de G\u00e9rone pour la saison \u00e0 venir.","breadcrumb":{"@id":"https:\/\/dicodusport.fr\/blog\/basket-migna-toure-tente-laventure-espagnole\/#breadcrumb"},"inLanguage":"fr-FR","potentialAction":[{"@type":"ReadAction","target":["https:\/\/dicodusport.fr\/blog\/basket-migna-toure-tente-laventure-espagnole\/"]}]},{"@type":"ImageObject","inLanguage":"fr-FR","@id":"https:\/\/dicodusport.fr\/blog\/basket-migna-toure-tente-laventure-espagnole\/#primaryimage","url":"https:\/\/dicodusport.fr\/blog\/wp-content\/uploads\/2024\/06\/Basket-Migna-Toure-tente-laventure-espagnole.png","contentUrl":"https:\/\/dicodusport.fr\/blog\/wp-content\/uploads\/2024\/06\/Basket-Migna-Toure-tente-laventure-espagnole.png","width":1200,"height":674,"caption":"Basket : Migna Tour\u00e9 tente l'aventure espagnole"},{"@type":"BreadcrumbList","@id":"https:\/\/dicodusport.fr\/blog\/basket-migna-toure-tente-laventure-espagnole\/#breadcrumb","itemListElement":[{"@type":"ListItem","position":1,"name":"Accueil","item":"https:\/\/dicodusport.fr\/blog\/"},{"@type":"ListItem","position":2,"name":"Basket : Migna Tour\u00e9 tente l&rsquo;aventure espagnole"}]},{"@type":"WebSite","@id":"https:\/\/dicodusport.fr\/blog\/#website","url":"https:\/\/dicodusport.fr\/blog\/","name":"Dicodusport","description":"L&#039;encyclop\u00e9die de l&#039;actualit\u00e9 sportive","publisher":{"@id":"https:\/\/dicodusport.fr\/blog\/#organization"},"potentialAction":[{"@type":"SearchAction","target":{"@type":"EntryPoint","urlTemplate":"https:\/\/dicodusport.fr\/blog\/?s={search_term_string}"},"query-input":{"@type":"PropertyValueSpecification","valueRequired":true,"valueName":"search_term_string"}}],"inLanguage":"fr-FR"},{"@type":"NewsMediaOrganization","@id":"https:\/\/dicodusport.fr\/blog\/#organization","name":"Dicodusport","url":"https:\/\/dicodusport.fr\/blog\/","logo":{"@type":"ImageObject","inLanguage":"fr-FR","@id":"https:\/\/dicodusport.fr\/blog\/#\/schema\/logo\/image\/","url":"https:\/\/dicodusport.fr\/blog\/wp-content\/uploads\/2020\/06\/cropped-LOGO-DICODUSPORT-2020-SANS-FOND-SANS-TEXTE.png","contentUrl":"https:\/\/dicodusport.fr\/blog\/wp-content\/uploads\/2020\/06\/cropped-LOGO-DICODUSPORT-2020-SANS-FOND-SANS-TEXTE.png","width":512,"height":512,"caption":"Dicodusport"},"image":{"@id":"https:\/\/dicodusport.fr\/blog\/#\/schema\/logo\/image\/"},"sameAs":["https:\/\/www.facebook.com\/dicodusport","https:\/\/x.com\/dicodusport","https:\/\/www.instagram.com\/dicodusport\/","https:\/\/www.youtube.com\/channel\/UC7V2KZ5sd3htJivAbA4ZG3w"],"description":"Dicodusport est l'encyclop\u00e9die de l'actualit\u00e9 sportive.","email":"bonjour@dicodusport.fr","legalName":"DICODUSPORT","foundingDate":"2018-01-14","vatID":"FR71834470973","taxID":"83447097300043","numberOfEmployees":{"@type":"QuantitativeValue","minValue":"1","maxValue":"10"}},{"@type":"Person","@id":"https:\/\/dicodusport.fr\/blog\/#\/schema\/person\/37def232098a7a5cbab3974a3690abb0","name":"Maxime Cazenave","image":{"@type":"ImageObject","inLanguage":"fr-FR","@id":"https:\/\/dicodusport.fr\/blog\/#\/schema\/person\/image\/","url":"https:\/\/dicodusport.fr\/blog\/wp-content\/uploads\/2021\/05\/Maxime-Cazenave-150x150.jpg","contentUrl":"https:\/\/dicodusport.fr\/blog\/wp-content\/uploads\/2021\/05\/Maxime-Cazenave-150x150.jpg","caption":"Maxime Cazenave"},"description":"Journaliste\/R\u00e9dacteur depuis 2012 - Berc\u00e9 par l\u2019amour des Girondins de Bordeaux, les \u00e9checs de Christophe Moreau sur le Tour de France sous l'\u00e8re Lance Armstrong et le fade-away l\u00e9tal de Dirk Nowitzki, ma passion d\u00e9vorante pour le sport a toujours \u00e9t\u00e9 un pan incontournable de ma vie. Transmettre ma passion \u00e0 l\u2019\u00e9crit a \u00e9t\u00e9 une transition naturelle. Suiveur assidu de basket et de hockey sur glace, je garde toujours un peu de place pour suivre le cyclisme, le football et le maximum de performances fran\u00e7aises.","sameAs":["https:\/\/x.com\/https:\/\/twitter.com\/Maxime_Caze"],"url":"https:\/\/dicodusport.fr\/blog\/author\/maximec\/"}]}},"_links":{"self":[{"href":"https:\/\/dicodusport.fr\/blog\/wp-json\/wp\/v2\/posts\/492356","targetHints":{"allow":["GET"]}}],"collection":[{"href":"https:\/\/dicodusport.fr\/blog\/wp-json\/wp\/v2\/posts"}],"about":[{"href":"https:\/\/dicodusport.fr\/blog\/wp-json\/wp\/v2\/types\/post"}],"author":[{"embeddable":true,"href":"https:\/\/dicodusport.fr\/blog\/wp-json\/wp\/v2\/users\/55"}],"replies":[{"embeddable":true,"href":"https:\/\/dicodusport.fr\/blog\/wp-json\/wp\/v2\/comments?post=492356"}],"version-history":[{"count":3,"href":"https:\/\/dicodusport.fr\/blog\/wp-json\/wp\/v2\/posts\/492356\/revisions"}],"predecessor-version":[{"id":492360,"href":"https:\/\/dicodusport.fr\/blog\/wp-json\/wp\/v2\/posts\/492356\/revisions\/492360"}],"wp:featuredmedia":[{"embeddable":true,"href":"https:\/\/dicodusport.fr\/blog\/wp-json\/wp\/v2\/media\/492357"}],"wp:attachment":[{"href":"https:\/\/dicodusport.fr\/blog\/wp-json\/wp\/v2\/media?parent=492356"}],"wp:term":[{"taxonomy":"category","embeddable":true,"href":"https:\/\/dicodusport.fr\/blog\/wp-json\/wp\/v2\/categories?post=492356"},{"taxonomy":"post_tag","embeddable":true,"href":"https:\/\/dicodusport.fr\/blog\/wp-json\/wp\/v2\/tags?post=492356"}],"curies":[{"name":"wp","href":"https:\/\/api.w.org\/{rel}","templated":true}]}}