{"id":492442,"date":"2024-06-12T16:58:37","date_gmt":"2024-06-12T14:58:37","guid":{"rendered":"https:\/\/dicodusport.fr\/blog\/?p=492442&#038;preview=true&#038;preview_id=492442"},"modified":"2024-06-12T22:42:14","modified_gmt":"2024-06-12T20:42:14","slug":"euroligue-timothe-luwawu-cabarrot-quitte-lasvel-pour-le-baskonia","status":"publish","type":"post","link":"https:\/\/dicodusport.fr\/blog\/euroligue-timothe-luwawu-cabarrot-quitte-lasvel-pour-le-baskonia\/","title":{"rendered":"Euroligue : Timoth\u00e9 Luwawu-Cabarrot quitte l&rsquo;ASVEL pour le Baskonia"},"content":{"rendered":"<p style=\"text-align: justify;\"><strong><em>EUROLIGUE &#8211; Coup dur pour l&rsquo;ASVEL. Ce mercredi, le Baskonia a officialis\u00e9 la signature de Timoth\u00e9 Luwawu-Cabarrot pour les deux prochaines saisons, entra\u00eenant naturellement la fin de l&rsquo;aventure lyonnaise de l&rsquo;ailier international.<\/em><\/strong><\/p>\n<p style=\"text-align: justify;\">Au lendemain d&rsquo;une saison tr\u00e8s d\u00e9cevante, sans aucun titre, l&rsquo;<strong>ASVEL<\/strong> va sans doute conna\u00eetre de nombreux bouleversements au niveau de son effectif. Et cela m\u00eame pour ses joueurs majeurs. C&rsquo;est donc le cas de <strong>Timoth\u00e9 Luwawu-Cabarrot<\/strong> puisque ce mercredi, le club espagnol du <strong>Baskonia<\/strong> a officialis\u00e9 sur ses r\u00e9seaux la signature pour les deux prochaines saisons du joueur.<\/p>\n<p style=\"text-align: justify;\">D\u00e9barqu\u00e9 dans le Rh\u00f4ne en 2023, il sort d&rsquo;une saison correcte \u00e0 <strong>13 points de moyenne en Euroligue<\/strong>. Tout au long de la saison, il aura \u00e9t\u00e9 \u00e0 l&rsquo;image de son \u00e9quipe : irr\u00e9gulier. Capable de prendre feu sur certains matchs, comme de passer au travers lors d&rsquo;autres soir\u00e9es. Malgr\u00e9 tout, ses qualit\u00e9s \u00e0 la fois d\u00e9fensives et offensives en font un joueur complet, pr\u00e9cieux dans une rotation. L&rsquo;ASVEL perd donc gros dans l&rsquo;affaire. De son c\u00f4t\u00e9, TLC va pouvoir se remobiliser apr\u00e8s la d\u00e9ception \u00e9norme v\u00e9cue il y a quelques jours, puisqu&rsquo;il n&rsquo;a pas \u00e9t\u00e9 retenu dans la pr\u00e9-s\u00e9lection de l&rsquo;\u00c9quipe de France pour les Jeux Olympiques.<\/p>\n<p style=\"text-align: justify;\">La saison prochaine, il d\u00e9couvrira donc un nouveau championnat. Sans doute le meilleur d&rsquo;Europe, la <strong>Liga ACB<\/strong>. Figure majeure du basket local depuis de nombreuses d\u00e9cennies, le <strong>Baskonia<\/strong> aura \u00e0 c\u0153ur de rebondir apr\u00e8s une saison 2023-2024 plus que mitig\u00e9e. \u00c9limin\u00e9 en quarts de finale de l&rsquo;Euroligue apr\u00e8s avoir d\u00fb passer le play-in, il n&rsquo;avait m\u00eame pas r\u00e9ussi \u00e0 se qualifier pour les play-offs du championnat local, \u00e9chouant \u00e0 la 9e place. \u00c0 29 ans, <strong>Timoth\u00e9 Luwawu-Cabarrot<\/strong> va donc tenter de trouver un peu de stabilit\u00e9 dans ce nouveau projet, lui qui ne l&rsquo;a jamais vraiment connu puisque seul son passage \u00e0 Brooklyn (2019-2021) aura dur\u00e9 plus d&rsquo;un an.<\/p>\n<blockquote class=\"twitter-tweet\">\n<p dir=\"ltr\" lang=\"ca\">\ud83c\udfc0\ud83c\uddeb\ud83c\uddf7 Timoth\u00e9 Luwawu-Cabarrot, potencia exterior para el nuevo Baskonia \u270d\ufe0f2\u20e30\u20e32\u20e36\u20e3<\/p>\n<p>\ud83d\udccb <a href=\"https:\/\/t.co\/HjRoxiFWv0\">https:\/\/t.co\/HjRoxiFWv0<\/a><\/p>\n<p>Ongi etorri, Timoth\u00e9! \ud83d\udd35\ud83d\udd34 <a href=\"https:\/\/t.co\/Fs6NBesAse\">pic.twitter.com\/Fs6NBesAse<\/a><\/p>\n<p>\u2014 Baskonia (@Baskonia) <a href=\"https:\/\/twitter.com\/Baskonia\/status\/1800896327875994076?ref_src=twsrc%5Etfw\">June 12, 2024<\/a><\/p><\/blockquote>\n<p><script async src=\"https:\/\/platform.twitter.com\/widgets.js\" charset=\"utf-8\"><\/script><\/p>\n","protected":false},"excerpt":{"rendered":"<p>EUROLIGUE &#8211; Coup dur pour l&rsquo;ASVEL. Ce mercredi, le Baskonia a officialis\u00e9 la signature de Timoth\u00e9 Luwawu-Cabarrot pour les deux prochaines saisons, entra\u00eenant naturellement la fin de l&rsquo;aventure lyonnaise de l&rsquo;ailier international.<\/p>\n","protected":false},"author":55,"featured_media":492446,"comment_status":"open","ping_status":"closed","sticky":false,"template":"","format":"standard","meta":{"_acf_changed":false,"_daextam_enable_autolinks":"1","footnotes":""},"categories":[2305,47001],"tags":[174,20026,16878,8445],"class_list":["post-492442","post","type-post","status-publish","format-standard","has-post-thumbnail","hentry","category-basket-ball","category-euroligue","tag-basket","tag-baskonia","tag-breve","tag-timothe-luwawu-cabarrot"],"acf":[],"yoast_head":"<!-- This site is optimized with the Yoast SEO Premium plugin v26.7 (Yoast SEO v26.7) - https:\/\/yoast.com\/wordpress\/plugins\/seo\/ -->\n<title>Euroligue : Timoth\u00e9 Luwawu-Cabarrot quitte l&#039;ASVEL pour le Baskonia<\/title>\n<meta name=\"description\" content=\"EUROLIGUE - Coup dur pour l&#039;ASVEL puisque Timoth\u00e9 Luwawu-Cabarrot s&#039;est officiellement engag\u00e9 avec le club basque du Baskonia.\" \/>\n<meta name=\"robots\" content=\"index, follow, max-snippet:-1, max-image-preview:large, max-video-preview:-1\" \/>\n<link rel=\"canonical\" href=\"https:\/\/dicodusport.fr\/blog\/euroligue-timothe-luwawu-cabarrot-quitte-lasvel-pour-le-baskonia\/\" \/>\n<meta property=\"og:locale\" content=\"fr_FR\" \/>\n<meta property=\"og:type\" content=\"article\" \/>\n<meta property=\"og:title\" content=\"Euroligue : Timoth\u00e9 Luwawu-Cabarrot quitte l&#039;ASVEL pour le Baskonia\" \/>\n<meta property=\"og:description\" content=\"EUROLIGUE - Coup dur pour l&#039;ASVEL puisque Timoth\u00e9 Luwawu-Cabarrot s&#039;est officiellement engag\u00e9 avec le club basque du Baskonia.\" \/>\n<meta property=\"og:url\" content=\"https:\/\/dicodusport.fr\/blog\/euroligue-timothe-luwawu-cabarrot-quitte-lasvel-pour-le-baskonia\/\" \/>\n<meta property=\"og:site_name\" content=\"Dicodusport\" \/>\n<meta property=\"article:publisher\" content=\"https:\/\/www.facebook.com\/dicodusport\" \/>\n<meta property=\"article:published_time\" content=\"2024-06-12T14:58:37+00:00\" \/>\n<meta property=\"article:modified_time\" content=\"2024-06-12T20:42:14+00:00\" \/>\n<meta property=\"og:image\" content=\"https:\/\/dicodusport.fr\/blog\/wp-content\/uploads\/2024\/06\/Euroligue-Timothe-Luwawu-Cabarrot-quitte-lASVEL-pour-le-Baskonia.png\" \/>\n\t<meta property=\"og:image:width\" content=\"1200\" \/>\n\t<meta property=\"og:image:height\" content=\"674\" \/>\n\t<meta property=\"og:image:type\" content=\"image\/png\" \/>\n<meta name=\"author\" content=\"Maxime Cazenave\" \/>\n<meta name=\"twitter:card\" content=\"summary_large_image\" \/>\n<meta name=\"twitter:title\" content=\"Euroligue : Timoth\u00e9 Luwawu-Cabarrot quitte l&#039;ASVEL pour le Baskonia\" \/>\n<meta name=\"twitter:creator\" content=\"@https:\/\/twitter.com\/Maxime_Caze\" \/>\n<meta name=\"twitter:site\" content=\"@dicodusport\" \/>\n<script type=\"application\/ld+json\" class=\"yoast-schema-graph\">{\"@context\":\"https:\/\/schema.org\",\"@graph\":[{\"@type\":\"NewsArticle\",\"@id\":\"https:\/\/dicodusport.fr\/blog\/euroligue-timothe-luwawu-cabarrot-quitte-lasvel-pour-le-baskonia\/#article\",\"isPartOf\":{\"@id\":\"https:\/\/dicodusport.fr\/blog\/euroligue-timothe-luwawu-cabarrot-quitte-lasvel-pour-le-baskonia\/\"},\"author\":{\"name\":\"Maxime Cazenave\",\"@id\":\"https:\/\/dicodusport.fr\/blog\/#\/schema\/person\/37def232098a7a5cbab3974a3690abb0\"},\"headline\":\"Euroligue : Timoth\u00e9 Luwawu-Cabarrot quitte l&rsquo;ASVEL pour le Baskonia\",\"datePublished\":\"2024-06-12T14:58:37+00:00\",\"dateModified\":\"2024-06-12T20:42:14+00:00\",\"mainEntityOfPage\":{\"@id\":\"https:\/\/dicodusport.fr\/blog\/euroligue-timothe-luwawu-cabarrot-quitte-lasvel-pour-le-baskonia\/\"},\"wordCount\":373,\"commentCount\":0,\"publisher\":{\"@id\":\"https:\/\/dicodusport.fr\/blog\/#organization\"},\"image\":{\"@id\":\"https:\/\/dicodusport.fr\/blog\/euroligue-timothe-luwawu-cabarrot-quitte-lasvel-pour-le-baskonia\/#primaryimage\"},\"thumbnailUrl\":\"https:\/\/dicodusport.fr\/blog\/wp-content\/uploads\/2024\/06\/Euroligue-Timothe-Luwawu-Cabarrot-quitte-lASVEL-pour-le-Baskonia.png\",\"keywords\":[\"basket\",\"Baskonia\",\"br\u00e8ve\",\"Timoth\u00e9 Luwawu-Cabarrot\"],\"articleSection\":[\"Basket-ball\",\"EuroLigue\"],\"inLanguage\":\"fr-FR\",\"potentialAction\":[{\"@type\":\"CommentAction\",\"name\":\"Comment\",\"target\":[\"https:\/\/dicodusport.fr\/blog\/euroligue-timothe-luwawu-cabarrot-quitte-lasvel-pour-le-baskonia\/#respond\"]}],\"copyrightYear\":\"2024\",\"copyrightHolder\":{\"@id\":\"https:\/\/dicodusport.fr\/blog\/#organization\"}},{\"@type\":\"WebPage\",\"@id\":\"https:\/\/dicodusport.fr\/blog\/euroligue-timothe-luwawu-cabarrot-quitte-lasvel-pour-le-baskonia\/\",\"url\":\"https:\/\/dicodusport.fr\/blog\/euroligue-timothe-luwawu-cabarrot-quitte-lasvel-pour-le-baskonia\/\",\"name\":\"Euroligue : Timoth\u00e9 Luwawu-Cabarrot quitte l'ASVEL pour le Baskonia\",\"isPartOf\":{\"@id\":\"https:\/\/dicodusport.fr\/blog\/#website\"},\"primaryImageOfPage\":{\"@id\":\"https:\/\/dicodusport.fr\/blog\/euroligue-timothe-luwawu-cabarrot-quitte-lasvel-pour-le-baskonia\/#primaryimage\"},\"image\":{\"@id\":\"https:\/\/dicodusport.fr\/blog\/euroligue-timothe-luwawu-cabarrot-quitte-lasvel-pour-le-baskonia\/#primaryimage\"},\"thumbnailUrl\":\"https:\/\/dicodusport.fr\/blog\/wp-content\/uploads\/2024\/06\/Euroligue-Timothe-Luwawu-Cabarrot-quitte-lASVEL-pour-le-Baskonia.png\",\"datePublished\":\"2024-06-12T14:58:37+00:00\",\"dateModified\":\"2024-06-12T20:42:14+00:00\",\"description\":\"EUROLIGUE - Coup dur pour l'ASVEL puisque Timoth\u00e9 Luwawu-Cabarrot s'est officiellement engag\u00e9 avec le club basque du Baskonia.\",\"breadcrumb\":{\"@id\":\"https:\/\/dicodusport.fr\/blog\/euroligue-timothe-luwawu-cabarrot-quitte-lasvel-pour-le-baskonia\/#breadcrumb\"},\"inLanguage\":\"fr-FR\",\"potentialAction\":[{\"@type\":\"ReadAction\",\"target\":[\"https:\/\/dicodusport.fr\/blog\/euroligue-timothe-luwawu-cabarrot-quitte-lasvel-pour-le-baskonia\/\"]}]},{\"@type\":\"ImageObject\",\"inLanguage\":\"fr-FR\",\"@id\":\"https:\/\/dicodusport.fr\/blog\/euroligue-timothe-luwawu-cabarrot-quitte-lasvel-pour-le-baskonia\/#primaryimage\",\"url\":\"https:\/\/dicodusport.fr\/blog\/wp-content\/uploads\/2024\/06\/Euroligue-Timothe-Luwawu-Cabarrot-quitte-lASVEL-pour-le-Baskonia.png\",\"contentUrl\":\"https:\/\/dicodusport.fr\/blog\/wp-content\/uploads\/2024\/06\/Euroligue-Timothe-Luwawu-Cabarrot-quitte-lASVEL-pour-le-Baskonia.png\",\"width\":1200,\"height\":674,\"caption\":\"Euroligue : Timoth\u00e9 Luwawu-Cabarrot quitte l'ASVEL pour le Baskonia\"},{\"@type\":\"BreadcrumbList\",\"@id\":\"https:\/\/dicodusport.fr\/blog\/euroligue-timothe-luwawu-cabarrot-quitte-lasvel-pour-le-baskonia\/#breadcrumb\",\"itemListElement\":[{\"@type\":\"ListItem\",\"position\":1,\"name\":\"Accueil\",\"item\":\"https:\/\/dicodusport.fr\/blog\/\"},{\"@type\":\"ListItem\",\"position\":2,\"name\":\"Euroligue : Timoth\u00e9 Luwawu-Cabarrot quitte l&rsquo;ASVEL pour le Baskonia\"}]},{\"@type\":\"WebSite\",\"@id\":\"https:\/\/dicodusport.fr\/blog\/#website\",\"url\":\"https:\/\/dicodusport.fr\/blog\/\",\"name\":\"Dicodusport\",\"description\":\"L&#039;encyclop\u00e9die de l&#039;actualit\u00e9 sportive\",\"publisher\":{\"@id\":\"https:\/\/dicodusport.fr\/blog\/#organization\"},\"potentialAction\":[{\"@type\":\"SearchAction\",\"target\":{\"@type\":\"EntryPoint\",\"urlTemplate\":\"https:\/\/dicodusport.fr\/blog\/?s={search_term_string}\"},\"query-input\":{\"@type\":\"PropertyValueSpecification\",\"valueRequired\":true,\"valueName\":\"search_term_string\"}}],\"inLanguage\":\"fr-FR\"},{\"@type\":\"NewsMediaOrganization\",\"@id\":\"https:\/\/dicodusport.fr\/blog\/#organization\",\"name\":\"Dicodusport\",\"url\":\"https:\/\/dicodusport.fr\/blog\/\",\"logo\":{\"@type\":\"ImageObject\",\"inLanguage\":\"fr-FR\",\"@id\":\"https:\/\/dicodusport.fr\/blog\/#\/schema\/logo\/image\/\",\"url\":\"https:\/\/dicodusport.fr\/blog\/wp-content\/uploads\/2020\/06\/cropped-LOGO-DICODUSPORT-2020-SANS-FOND-SANS-TEXTE.png\",\"contentUrl\":\"https:\/\/dicodusport.fr\/blog\/wp-content\/uploads\/2020\/06\/cropped-LOGO-DICODUSPORT-2020-SANS-FOND-SANS-TEXTE.png\",\"width\":512,\"height\":512,\"caption\":\"Dicodusport\"},\"image\":{\"@id\":\"https:\/\/dicodusport.fr\/blog\/#\/schema\/logo\/image\/\"},\"sameAs\":[\"https:\/\/www.facebook.com\/dicodusport\",\"https:\/\/x.com\/dicodusport\",\"https:\/\/www.instagram.com\/dicodusport\/\",\"https:\/\/www.youtube.com\/channel\/UC7V2KZ5sd3htJivAbA4ZG3w\"],\"description\":\"Dicodusport est l'encyclop\u00e9die de l'actualit\u00e9 sportive.\",\"email\":\"bonjour@dicodusport.fr\",\"legalName\":\"DICODUSPORT\",\"foundingDate\":\"2018-01-14\",\"vatID\":\"FR71834470973\",\"taxID\":\"83447097300043\",\"numberOfEmployees\":{\"@type\":\"QuantitativeValue\",\"minValue\":\"1\",\"maxValue\":\"10\"}},{\"@type\":\"Person\",\"@id\":\"https:\/\/dicodusport.fr\/blog\/#\/schema\/person\/37def232098a7a5cbab3974a3690abb0\",\"name\":\"Maxime Cazenave\",\"image\":{\"@type\":\"ImageObject\",\"inLanguage\":\"fr-FR\",\"@id\":\"https:\/\/dicodusport.fr\/blog\/#\/schema\/person\/image\/\",\"url\":\"https:\/\/dicodusport.fr\/blog\/wp-content\/uploads\/2021\/05\/Maxime-Cazenave-150x150.jpg\",\"contentUrl\":\"https:\/\/dicodusport.fr\/blog\/wp-content\/uploads\/2021\/05\/Maxime-Cazenave-150x150.jpg\",\"caption\":\"Maxime Cazenave\"},\"description\":\"Journaliste\/R\u00e9dacteur depuis 2012 - Berc\u00e9 par l\u2019amour des Girondins de Bordeaux, les \u00e9checs de Christophe Moreau sur le Tour de France sous l'\u00e8re Lance Armstrong et le fade-away l\u00e9tal de Dirk Nowitzki, ma passion d\u00e9vorante pour le sport a toujours \u00e9t\u00e9 un pan incontournable de ma vie. Transmettre ma passion \u00e0 l\u2019\u00e9crit a \u00e9t\u00e9 une transition naturelle. Suiveur assidu de basket et de hockey sur glace, je garde toujours un peu de place pour suivre le cyclisme, le football et le maximum de performances fran\u00e7aises.\",\"sameAs\":[\"https:\/\/x.com\/https:\/\/twitter.com\/Maxime_Caze\"],\"url\":\"https:\/\/dicodusport.fr\/blog\/author\/maximec\/\"}]}<\/script>\n<!-- \/ Yoast SEO Premium plugin. -->","yoast_head_json":{"title":"Euroligue : Timoth\u00e9 Luwawu-Cabarrot quitte l'ASVEL pour le Baskonia","description":"EUROLIGUE - Coup dur pour l'ASVEL puisque Timoth\u00e9 Luwawu-Cabarrot s'est officiellement engag\u00e9 avec le club basque du Baskonia.","robots":{"index":"index","follow":"follow","max-snippet":"max-snippet:-1","max-image-preview":"max-image-preview:large","max-video-preview":"max-video-preview:-1"},"canonical":"https:\/\/dicodusport.fr\/blog\/euroligue-timothe-luwawu-cabarrot-quitte-lasvel-pour-le-baskonia\/","og_locale":"fr_FR","og_type":"article","og_title":"Euroligue : Timoth\u00e9 Luwawu-Cabarrot quitte l'ASVEL pour le Baskonia","og_description":"EUROLIGUE - Coup dur pour l'ASVEL puisque Timoth\u00e9 Luwawu-Cabarrot s'est officiellement engag\u00e9 avec le club basque du Baskonia.","og_url":"https:\/\/dicodusport.fr\/blog\/euroligue-timothe-luwawu-cabarrot-quitte-lasvel-pour-le-baskonia\/","og_site_name":"Dicodusport","article_publisher":"https:\/\/www.facebook.com\/dicodusport","article_published_time":"2024-06-12T14:58:37+00:00","article_modified_time":"2024-06-12T20:42:14+00:00","og_image":[{"width":1200,"height":674,"url":"https:\/\/dicodusport.fr\/blog\/wp-content\/uploads\/2024\/06\/Euroligue-Timothe-Luwawu-Cabarrot-quitte-lASVEL-pour-le-Baskonia.png","type":"image\/png"}],"author":"Maxime Cazenave","twitter_card":"summary_large_image","twitter_title":"Euroligue : Timoth\u00e9 Luwawu-Cabarrot quitte l'ASVEL pour le Baskonia","twitter_creator":"@https:\/\/twitter.com\/Maxime_Caze","twitter_site":"@dicodusport","schema":{"@context":"https:\/\/schema.org","@graph":[{"@type":"NewsArticle","@id":"https:\/\/dicodusport.fr\/blog\/euroligue-timothe-luwawu-cabarrot-quitte-lasvel-pour-le-baskonia\/#article","isPartOf":{"@id":"https:\/\/dicodusport.fr\/blog\/euroligue-timothe-luwawu-cabarrot-quitte-lasvel-pour-le-baskonia\/"},"author":{"name":"Maxime Cazenave","@id":"https:\/\/dicodusport.fr\/blog\/#\/schema\/person\/37def232098a7a5cbab3974a3690abb0"},"headline":"Euroligue : Timoth\u00e9 Luwawu-Cabarrot quitte l&rsquo;ASVEL pour le Baskonia","datePublished":"2024-06-12T14:58:37+00:00","dateModified":"2024-06-12T20:42:14+00:00","mainEntityOfPage":{"@id":"https:\/\/dicodusport.fr\/blog\/euroligue-timothe-luwawu-cabarrot-quitte-lasvel-pour-le-baskonia\/"},"wordCount":373,"commentCount":0,"publisher":{"@id":"https:\/\/dicodusport.fr\/blog\/#organization"},"image":{"@id":"https:\/\/dicodusport.fr\/blog\/euroligue-timothe-luwawu-cabarrot-quitte-lasvel-pour-le-baskonia\/#primaryimage"},"thumbnailUrl":"https:\/\/dicodusport.fr\/blog\/wp-content\/uploads\/2024\/06\/Euroligue-Timothe-Luwawu-Cabarrot-quitte-lASVEL-pour-le-Baskonia.png","keywords":["basket","Baskonia","br\u00e8ve","Timoth\u00e9 Luwawu-Cabarrot"],"articleSection":["Basket-ball","EuroLigue"],"inLanguage":"fr-FR","potentialAction":[{"@type":"CommentAction","name":"Comment","target":["https:\/\/dicodusport.fr\/blog\/euroligue-timothe-luwawu-cabarrot-quitte-lasvel-pour-le-baskonia\/#respond"]}],"copyrightYear":"2024","copyrightHolder":{"@id":"https:\/\/dicodusport.fr\/blog\/#organization"}},{"@type":"WebPage","@id":"https:\/\/dicodusport.fr\/blog\/euroligue-timothe-luwawu-cabarrot-quitte-lasvel-pour-le-baskonia\/","url":"https:\/\/dicodusport.fr\/blog\/euroligue-timothe-luwawu-cabarrot-quitte-lasvel-pour-le-baskonia\/","name":"Euroligue : Timoth\u00e9 Luwawu-Cabarrot quitte l'ASVEL pour le Baskonia","isPartOf":{"@id":"https:\/\/dicodusport.fr\/blog\/#website"},"primaryImageOfPage":{"@id":"https:\/\/dicodusport.fr\/blog\/euroligue-timothe-luwawu-cabarrot-quitte-lasvel-pour-le-baskonia\/#primaryimage"},"image":{"@id":"https:\/\/dicodusport.fr\/blog\/euroligue-timothe-luwawu-cabarrot-quitte-lasvel-pour-le-baskonia\/#primaryimage"},"thumbnailUrl":"https:\/\/dicodusport.fr\/blog\/wp-content\/uploads\/2024\/06\/Euroligue-Timothe-Luwawu-Cabarrot-quitte-lASVEL-pour-le-Baskonia.png","datePublished":"2024-06-12T14:58:37+00:00","dateModified":"2024-06-12T20:42:14+00:00","description":"EUROLIGUE - Coup dur pour l'ASVEL puisque Timoth\u00e9 Luwawu-Cabarrot s'est officiellement engag\u00e9 avec le club basque du Baskonia.","breadcrumb":{"@id":"https:\/\/dicodusport.fr\/blog\/euroligue-timothe-luwawu-cabarrot-quitte-lasvel-pour-le-baskonia\/#breadcrumb"},"inLanguage":"fr-FR","potentialAction":[{"@type":"ReadAction","target":["https:\/\/dicodusport.fr\/blog\/euroligue-timothe-luwawu-cabarrot-quitte-lasvel-pour-le-baskonia\/"]}]},{"@type":"ImageObject","inLanguage":"fr-FR","@id":"https:\/\/dicodusport.fr\/blog\/euroligue-timothe-luwawu-cabarrot-quitte-lasvel-pour-le-baskonia\/#primaryimage","url":"https:\/\/dicodusport.fr\/blog\/wp-content\/uploads\/2024\/06\/Euroligue-Timothe-Luwawu-Cabarrot-quitte-lASVEL-pour-le-Baskonia.png","contentUrl":"https:\/\/dicodusport.fr\/blog\/wp-content\/uploads\/2024\/06\/Euroligue-Timothe-Luwawu-Cabarrot-quitte-lASVEL-pour-le-Baskonia.png","width":1200,"height":674,"caption":"Euroligue : Timoth\u00e9 Luwawu-Cabarrot quitte l'ASVEL pour le Baskonia"},{"@type":"BreadcrumbList","@id":"https:\/\/dicodusport.fr\/blog\/euroligue-timothe-luwawu-cabarrot-quitte-lasvel-pour-le-baskonia\/#breadcrumb","itemListElement":[{"@type":"ListItem","position":1,"name":"Accueil","item":"https:\/\/dicodusport.fr\/blog\/"},{"@type":"ListItem","position":2,"name":"Euroligue : Timoth\u00e9 Luwawu-Cabarrot quitte l&rsquo;ASVEL pour le Baskonia"}]},{"@type":"WebSite","@id":"https:\/\/dicodusport.fr\/blog\/#website","url":"https:\/\/dicodusport.fr\/blog\/","name":"Dicodusport","description":"L&#039;encyclop\u00e9die de l&#039;actualit\u00e9 sportive","publisher":{"@id":"https:\/\/dicodusport.fr\/blog\/#organization"},"potentialAction":[{"@type":"SearchAction","target":{"@type":"EntryPoint","urlTemplate":"https:\/\/dicodusport.fr\/blog\/?s={search_term_string}"},"query-input":{"@type":"PropertyValueSpecification","valueRequired":true,"valueName":"search_term_string"}}],"inLanguage":"fr-FR"},{"@type":"NewsMediaOrganization","@id":"https:\/\/dicodusport.fr\/blog\/#organization","name":"Dicodusport","url":"https:\/\/dicodusport.fr\/blog\/","logo":{"@type":"ImageObject","inLanguage":"fr-FR","@id":"https:\/\/dicodusport.fr\/blog\/#\/schema\/logo\/image\/","url":"https:\/\/dicodusport.fr\/blog\/wp-content\/uploads\/2020\/06\/cropped-LOGO-DICODUSPORT-2020-SANS-FOND-SANS-TEXTE.png","contentUrl":"https:\/\/dicodusport.fr\/blog\/wp-content\/uploads\/2020\/06\/cropped-LOGO-DICODUSPORT-2020-SANS-FOND-SANS-TEXTE.png","width":512,"height":512,"caption":"Dicodusport"},"image":{"@id":"https:\/\/dicodusport.fr\/blog\/#\/schema\/logo\/image\/"},"sameAs":["https:\/\/www.facebook.com\/dicodusport","https:\/\/x.com\/dicodusport","https:\/\/www.instagram.com\/dicodusport\/","https:\/\/www.youtube.com\/channel\/UC7V2KZ5sd3htJivAbA4ZG3w"],"description":"Dicodusport est l'encyclop\u00e9die de l'actualit\u00e9 sportive.","email":"bonjour@dicodusport.fr","legalName":"DICODUSPORT","foundingDate":"2018-01-14","vatID":"FR71834470973","taxID":"83447097300043","numberOfEmployees":{"@type":"QuantitativeValue","minValue":"1","maxValue":"10"}},{"@type":"Person","@id":"https:\/\/dicodusport.fr\/blog\/#\/schema\/person\/37def232098a7a5cbab3974a3690abb0","name":"Maxime Cazenave","image":{"@type":"ImageObject","inLanguage":"fr-FR","@id":"https:\/\/dicodusport.fr\/blog\/#\/schema\/person\/image\/","url":"https:\/\/dicodusport.fr\/blog\/wp-content\/uploads\/2021\/05\/Maxime-Cazenave-150x150.jpg","contentUrl":"https:\/\/dicodusport.fr\/blog\/wp-content\/uploads\/2021\/05\/Maxime-Cazenave-150x150.jpg","caption":"Maxime Cazenave"},"description":"Journaliste\/R\u00e9dacteur depuis 2012 - Berc\u00e9 par l\u2019amour des Girondins de Bordeaux, les \u00e9checs de Christophe Moreau sur le Tour de France sous l'\u00e8re Lance Armstrong et le fade-away l\u00e9tal de Dirk Nowitzki, ma passion d\u00e9vorante pour le sport a toujours \u00e9t\u00e9 un pan incontournable de ma vie. Transmettre ma passion \u00e0 l\u2019\u00e9crit a \u00e9t\u00e9 une transition naturelle. Suiveur assidu de basket et de hockey sur glace, je garde toujours un peu de place pour suivre le cyclisme, le football et le maximum de performances fran\u00e7aises.","sameAs":["https:\/\/x.com\/https:\/\/twitter.com\/Maxime_Caze"],"url":"https:\/\/dicodusport.fr\/blog\/author\/maximec\/"}]}},"_links":{"self":[{"href":"https:\/\/dicodusport.fr\/blog\/wp-json\/wp\/v2\/posts\/492442","targetHints":{"allow":["GET"]}}],"collection":[{"href":"https:\/\/dicodusport.fr\/blog\/wp-json\/wp\/v2\/posts"}],"about":[{"href":"https:\/\/dicodusport.fr\/blog\/wp-json\/wp\/v2\/types\/post"}],"author":[{"embeddable":true,"href":"https:\/\/dicodusport.fr\/blog\/wp-json\/wp\/v2\/users\/55"}],"replies":[{"embeddable":true,"href":"https:\/\/dicodusport.fr\/blog\/wp-json\/wp\/v2\/comments?post=492442"}],"version-history":[{"count":4,"href":"https:\/\/dicodusport.fr\/blog\/wp-json\/wp\/v2\/posts\/492442\/revisions"}],"predecessor-version":[{"id":492559,"href":"https:\/\/dicodusport.fr\/blog\/wp-json\/wp\/v2\/posts\/492442\/revisions\/492559"}],"wp:featuredmedia":[{"embeddable":true,"href":"https:\/\/dicodusport.fr\/blog\/wp-json\/wp\/v2\/media\/492446"}],"wp:attachment":[{"href":"https:\/\/dicodusport.fr\/blog\/wp-json\/wp\/v2\/media?parent=492442"}],"wp:term":[{"taxonomy":"category","embeddable":true,"href":"https:\/\/dicodusport.fr\/blog\/wp-json\/wp\/v2\/categories?post=492442"},{"taxonomy":"post_tag","embeddable":true,"href":"https:\/\/dicodusport.fr\/blog\/wp-json\/wp\/v2\/tags?post=492442"}],"curies":[{"name":"wp","href":"https:\/\/api.w.org\/{rel}","templated":true}]}}