{"id":492511,"date":"2024-06-12T21:40:58","date_gmt":"2024-06-12T19:40:58","guid":{"rendered":"https:\/\/dicodusport.fr\/blog\/?p=492511&#038;preview=true&#038;preview_id=492511"},"modified":"2024-06-13T12:24:39","modified_gmt":"2024-06-13T10:24:39","slug":"championnats-deurope-dathletisme-2024-anais-bourgoin-medaillee-de-bronze-sur-le-800-metres","status":"publish","type":"post","link":"https:\/\/dicodusport.fr\/blog\/championnats-deurope-dathletisme-2024-anais-bourgoin-medaillee-de-bronze-sur-le-800-metres\/","title":{"rendered":"Championnats d&rsquo;Europe d&rsquo;athl\u00e9tisme 2024 : Ana\u00efs Bourgoin m\u00e9daill\u00e9e de bronze sur le 800 m\u00e8tres"},"content":{"rendered":"<p style=\"text-align: justify;\"><strong><em>CHAMPIONNATS D&rsquo;EUROPE D&rsquo;ATHL\u00c9TISME 2024 &#8211; Ana\u00efs Bourgoin a pris la m\u00e9daille de bronze lors de la finale du 800 m\u00e8tres. Le titre revient \u00e0 la favorite britannique Keely Hodgkinson.<\/em><\/strong><\/p>\n<ul>\n<li style=\"text-align: justify;\"><strong>\u00c0 ce sujet \u2013\u00a0<a href=\"https:\/\/dicodusport.fr\/blog\/programme-et-resultats-athletisme-championnats-deurope-2024\/\">Le programme et les r\u00e9sultats des championnats d\u2019Europe d\u2019athl\u00e9tisme 2024<\/a><\/strong><\/li>\n<\/ul>\n<p style=\"text-align: justify;\">La France comptabilise une nouvelle m\u00e9daille ! Gr\u00e2ce \u00e0 la 3e place d&rsquo;<strong>Ana\u00efs Bourgoin <\/strong>lors du 800 m\u00e8tres des championnats d&rsquo;Europe de Rome, les Bleus comptent d\u00e9sormais une 14e breloque. C&rsquo;est la premi\u00e8re au niveau international pour\u00a0<strong>Bourgoin<\/strong>. La num\u00e9ro 1 tricolore en 2024 r\u00e9alise un chrono de 1:59.30. Elle se classe derri\u00e8re la Britannique\u00a0<strong>Keely Hodgkinson\u00a0<\/strong>(1:58.60) et la Slovaque\u00a0<strong>Gabriela Gajanova\u00a0<\/strong>(1:58.79).<\/p>\n<p style=\"text-align: justify;\">La Tricolore a \u00e9t\u00e9 tout le long \u00e0 la 3e place dans une course qui est partie rapidement avec un premier tour en 58.55. Si la favorite a r\u00e9pondu pr\u00e9sente, les deux Fran\u00e7aises de cette finale ont bataill\u00e9 pour la derni\u00e8re place sur le podium.\u00a0<strong>L\u00e9na Kandissounon <\/strong>prend la 4e place en 1:59.81 et manque les minima olympiques d&rsquo;une demi-seconde.<\/p>\n<blockquote class=\"twitter-tweet\">\n<p dir=\"ltr\" lang=\"fr\">\ud83e\udd49 Et un nouveau podium pour le demi-fond !<\/p>\n<p>\ud83c\uddeb\ud83c\uddf7 Ana\u00efs Bourgoin remporte sa premi\u00e8re m\u00e9daille europ\u00e9enne en terminant troisi\u00e8me du 800 m ! L\u00e9na Kandissounon prend la quatri\u00e8me place.<\/p>\n<p>\ud83d\udcbb La comp\u00e9tition est \u00e0 suivre en DIRECT sur <a href=\"https:\/\/twitter.com\/francetvsport?ref_src=twsrc%5Etfw\">@francetvsport<\/a><a href=\"https:\/\/twitter.com\/hashtag\/Roma2024?src=hash&amp;ref_src=twsrc%5Etfw\">#Roma2024<\/a> <a href=\"https:\/\/t.co\/2Kzq8NJMTg\">pic.twitter.com\/2Kzq8NJMTg<\/a><\/p>\n<p>\u2014 FFAthl\u00e9tisme (@FFAthletisme) <a href=\"https:\/\/twitter.com\/FFAthletisme\/status\/1800976724240261625?ref_src=twsrc%5Etfw\">June 12, 2024<\/a><\/p><\/blockquote>\n<p><script async src=\"https:\/\/platform.twitter.com\/widgets.js\" charset=\"utf-8\"><\/script><\/p>\n<h2 style=\"text-align: justify;\">\u00c0 lire aussi<\/h2>\n<ul>\n<li style=\"text-align: justify;\"><a href=\"https:\/\/dicodusport.fr\/blog\/tableau-des-medailles-athletisme-championnats-deurope-2024\/\"><strong>Le tableau des m\u00e9dailles des Championnats d\u2019Europe d\u2019athl\u00e9tisme 2024<\/strong><\/a><\/li>\n<\/ul>\n","protected":false},"excerpt":{"rendered":"<p>Ana\u00efs Bourgoin a pris la m\u00e9daille de bronze lors de la finale du 800 m\u00e8tres.<\/p>\n","protected":false},"author":61,"featured_media":492650,"comment_status":"open","ping_status":"closed","sticky":false,"template":"","format":"standard","meta":{"_acf_changed":false,"_daextam_enable_autolinks":"1","footnotes":""},"categories":[2308],"tags":[143,16878,5659,193,24],"class_list":["post-492511","post","type-post","status-publish","format-standard","has-post-thumbnail","hentry","category-athletisme","tag-athletisme","tag-breve","tag-championnats-deurope-dathletisme","tag-euro","tag-sport"],"acf":[],"yoast_head":"<!-- This site is optimized with the Yoast SEO Premium plugin v26.7 (Yoast SEO v26.7) - https:\/\/yoast.com\/wordpress\/plugins\/seo\/ -->\n<title>Championnats d&#039;Europe d&#039;athl\u00e9tisme 2024 : Ana\u00efs Bourgoin m\u00e9daill\u00e9e de bronze sur le 800 m\u00e8tres<\/title>\n<meta name=\"description\" content=\"CHAMPIONNATS D&#039;EUROPE D&#039;ATHL\u00c9TISME 2024 - Ana\u00efs Bourgoin a pris la m\u00e9daille de bronze lors de la finale du 800 m\u00e8tres.\" \/>\n<meta name=\"robots\" content=\"index, follow, max-snippet:-1, max-image-preview:large, max-video-preview:-1\" \/>\n<link rel=\"canonical\" href=\"https:\/\/dicodusport.fr\/blog\/championnats-deurope-dathletisme-2024-anais-bourgoin-medaillee-de-bronze-sur-le-800-metres\/\" \/>\n<meta property=\"og:locale\" content=\"fr_FR\" \/>\n<meta property=\"og:type\" content=\"article\" \/>\n<meta property=\"og:title\" content=\"Championnats d&#039;Europe d&#039;athl\u00e9tisme 2024 : Ana\u00efs Bourgoin m\u00e9daill\u00e9e de bronze sur le 800 m\u00e8tres\" \/>\n<meta property=\"og:description\" content=\"CHAMPIONNATS D&#039;EUROPE D&#039;ATHL\u00c9TISME 2024 - Ana\u00efs Bourgoin a pris la m\u00e9daille de bronze lors de la finale du 800 m\u00e8tres.\" \/>\n<meta property=\"og:url\" content=\"https:\/\/dicodusport.fr\/blog\/championnats-deurope-dathletisme-2024-anais-bourgoin-medaillee-de-bronze-sur-le-800-metres\/\" \/>\n<meta property=\"og:site_name\" content=\"Dicodusport\" \/>\n<meta property=\"article:publisher\" content=\"https:\/\/www.facebook.com\/dicodusport\" \/>\n<meta property=\"article:published_time\" content=\"2024-06-12T19:40:58+00:00\" \/>\n<meta property=\"article:modified_time\" content=\"2024-06-13T10:24:39+00:00\" \/>\n<meta property=\"og:image\" content=\"https:\/\/dicodusport.fr\/blog\/wp-content\/uploads\/2024\/06\/Championnats-dEurope-dathletisme-2024-Anais-Bourgoin-medaillee-de-bronze-sur-le-800-metres-1.png\" \/>\n\t<meta property=\"og:image:width\" content=\"1200\" \/>\n\t<meta property=\"og:image:height\" content=\"674\" \/>\n\t<meta property=\"og:image:type\" content=\"image\/png\" \/>\n<meta name=\"author\" content=\"Pierre Gorce\" \/>\n<meta name=\"twitter:card\" content=\"summary_large_image\" \/>\n<meta name=\"twitter:title\" content=\"Championnats d&#039;Europe d&#039;athl\u00e9tisme 2024 : Ana\u00efs Bourgoin m\u00e9daill\u00e9e de bronze sur le 800 m\u00e8tres\" \/>\n<meta name=\"twitter:creator\" content=\"@https:\/\/twitter.com\/pierregorce12\" \/>\n<meta name=\"twitter:site\" content=\"@dicodusport\" \/>\n<script type=\"application\/ld+json\" class=\"yoast-schema-graph\">{\"@context\":\"https:\/\/schema.org\",\"@graph\":[{\"@type\":\"NewsArticle\",\"@id\":\"https:\/\/dicodusport.fr\/blog\/championnats-deurope-dathletisme-2024-anais-bourgoin-medaillee-de-bronze-sur-le-800-metres\/#article\",\"isPartOf\":{\"@id\":\"https:\/\/dicodusport.fr\/blog\/championnats-deurope-dathletisme-2024-anais-bourgoin-medaillee-de-bronze-sur-le-800-metres\/\"},\"author\":{\"name\":\"Pierre Gorce\",\"@id\":\"https:\/\/dicodusport.fr\/blog\/#\/schema\/person\/0eaf70b33d703a1a66b1155ac1bda018\"},\"headline\":\"Championnats d&rsquo;Europe d&rsquo;athl\u00e9tisme 2024 : Ana\u00efs Bourgoin m\u00e9daill\u00e9e de bronze sur le 800 m\u00e8tres\",\"datePublished\":\"2024-06-12T19:40:58+00:00\",\"dateModified\":\"2024-06-13T10:24:39+00:00\",\"mainEntityOfPage\":{\"@id\":\"https:\/\/dicodusport.fr\/blog\/championnats-deurope-dathletisme-2024-anais-bourgoin-medaillee-de-bronze-sur-le-800-metres\/\"},\"wordCount\":261,\"commentCount\":0,\"publisher\":{\"@id\":\"https:\/\/dicodusport.fr\/blog\/#organization\"},\"image\":{\"@id\":\"https:\/\/dicodusport.fr\/blog\/championnats-deurope-dathletisme-2024-anais-bourgoin-medaillee-de-bronze-sur-le-800-metres\/#primaryimage\"},\"thumbnailUrl\":\"https:\/\/dicodusport.fr\/blog\/wp-content\/uploads\/2024\/06\/Championnats-dEurope-dathletisme-2024-Anais-Bourgoin-medaillee-de-bronze-sur-le-800-metres-1.png\",\"keywords\":[\"Athl\u00e9tisme\",\"br\u00e8ve\",\"Championnats d'Europe d'athl\u00e9tisme\",\"Euro\",\"sport\"],\"articleSection\":[\"Athl\u00e9tisme\"],\"inLanguage\":\"fr-FR\",\"potentialAction\":[{\"@type\":\"CommentAction\",\"name\":\"Comment\",\"target\":[\"https:\/\/dicodusport.fr\/blog\/championnats-deurope-dathletisme-2024-anais-bourgoin-medaillee-de-bronze-sur-le-800-metres\/#respond\"]}],\"copyrightYear\":\"2024\",\"copyrightHolder\":{\"@id\":\"https:\/\/dicodusport.fr\/blog\/#organization\"}},{\"@type\":\"WebPage\",\"@id\":\"https:\/\/dicodusport.fr\/blog\/championnats-deurope-dathletisme-2024-anais-bourgoin-medaillee-de-bronze-sur-le-800-metres\/\",\"url\":\"https:\/\/dicodusport.fr\/blog\/championnats-deurope-dathletisme-2024-anais-bourgoin-medaillee-de-bronze-sur-le-800-metres\/\",\"name\":\"Championnats d'Europe d'athl\u00e9tisme 2024 : Ana\u00efs Bourgoin m\u00e9daill\u00e9e de bronze sur le 800 m\u00e8tres\",\"isPartOf\":{\"@id\":\"https:\/\/dicodusport.fr\/blog\/#website\"},\"primaryImageOfPage\":{\"@id\":\"https:\/\/dicodusport.fr\/blog\/championnats-deurope-dathletisme-2024-anais-bourgoin-medaillee-de-bronze-sur-le-800-metres\/#primaryimage\"},\"image\":{\"@id\":\"https:\/\/dicodusport.fr\/blog\/championnats-deurope-dathletisme-2024-anais-bourgoin-medaillee-de-bronze-sur-le-800-metres\/#primaryimage\"},\"thumbnailUrl\":\"https:\/\/dicodusport.fr\/blog\/wp-content\/uploads\/2024\/06\/Championnats-dEurope-dathletisme-2024-Anais-Bourgoin-medaillee-de-bronze-sur-le-800-metres-1.png\",\"datePublished\":\"2024-06-12T19:40:58+00:00\",\"dateModified\":\"2024-06-13T10:24:39+00:00\",\"description\":\"CHAMPIONNATS D'EUROPE D'ATHL\u00c9TISME 2024 - Ana\u00efs Bourgoin a pris la m\u00e9daille de bronze lors de la finale du 800 m\u00e8tres.\",\"breadcrumb\":{\"@id\":\"https:\/\/dicodusport.fr\/blog\/championnats-deurope-dathletisme-2024-anais-bourgoin-medaillee-de-bronze-sur-le-800-metres\/#breadcrumb\"},\"inLanguage\":\"fr-FR\",\"potentialAction\":[{\"@type\":\"ReadAction\",\"target\":[\"https:\/\/dicodusport.fr\/blog\/championnats-deurope-dathletisme-2024-anais-bourgoin-medaillee-de-bronze-sur-le-800-metres\/\"]}]},{\"@type\":\"ImageObject\",\"inLanguage\":\"fr-FR\",\"@id\":\"https:\/\/dicodusport.fr\/blog\/championnats-deurope-dathletisme-2024-anais-bourgoin-medaillee-de-bronze-sur-le-800-metres\/#primaryimage\",\"url\":\"https:\/\/dicodusport.fr\/blog\/wp-content\/uploads\/2024\/06\/Championnats-dEurope-dathletisme-2024-Anais-Bourgoin-medaillee-de-bronze-sur-le-800-metres-1.png\",\"contentUrl\":\"https:\/\/dicodusport.fr\/blog\/wp-content\/uploads\/2024\/06\/Championnats-dEurope-dathletisme-2024-Anais-Bourgoin-medaillee-de-bronze-sur-le-800-metres-1.png\",\"width\":1200,\"height\":674,\"caption\":\"Championnats d'Europe d'athl\u00e9tisme 2024 Ana\u00efs Bourgoin m\u00e9daill\u00e9e de bronze sur le 800 m\u00e8tres\"},{\"@type\":\"BreadcrumbList\",\"@id\":\"https:\/\/dicodusport.fr\/blog\/championnats-deurope-dathletisme-2024-anais-bourgoin-medaillee-de-bronze-sur-le-800-metres\/#breadcrumb\",\"itemListElement\":[{\"@type\":\"ListItem\",\"position\":1,\"name\":\"Accueil\",\"item\":\"https:\/\/dicodusport.fr\/blog\/\"},{\"@type\":\"ListItem\",\"position\":2,\"name\":\"Championnats d&rsquo;Europe d&rsquo;athl\u00e9tisme 2024 : Ana\u00efs Bourgoin m\u00e9daill\u00e9e de bronze sur le 800 m\u00e8tres\"}]},{\"@type\":\"WebSite\",\"@id\":\"https:\/\/dicodusport.fr\/blog\/#website\",\"url\":\"https:\/\/dicodusport.fr\/blog\/\",\"name\":\"Dicodusport\",\"description\":\"L&#039;encyclop\u00e9die de l&#039;actualit\u00e9 sportive\",\"publisher\":{\"@id\":\"https:\/\/dicodusport.fr\/blog\/#organization\"},\"potentialAction\":[{\"@type\":\"SearchAction\",\"target\":{\"@type\":\"EntryPoint\",\"urlTemplate\":\"https:\/\/dicodusport.fr\/blog\/?s={search_term_string}\"},\"query-input\":{\"@type\":\"PropertyValueSpecification\",\"valueRequired\":true,\"valueName\":\"search_term_string\"}}],\"inLanguage\":\"fr-FR\"},{\"@type\":\"NewsMediaOrganization\",\"@id\":\"https:\/\/dicodusport.fr\/blog\/#organization\",\"name\":\"Dicodusport\",\"url\":\"https:\/\/dicodusport.fr\/blog\/\",\"logo\":{\"@type\":\"ImageObject\",\"inLanguage\":\"fr-FR\",\"@id\":\"https:\/\/dicodusport.fr\/blog\/#\/schema\/logo\/image\/\",\"url\":\"https:\/\/dicodusport.fr\/blog\/wp-content\/uploads\/2020\/06\/cropped-LOGO-DICODUSPORT-2020-SANS-FOND-SANS-TEXTE.png\",\"contentUrl\":\"https:\/\/dicodusport.fr\/blog\/wp-content\/uploads\/2020\/06\/cropped-LOGO-DICODUSPORT-2020-SANS-FOND-SANS-TEXTE.png\",\"width\":512,\"height\":512,\"caption\":\"Dicodusport\"},\"image\":{\"@id\":\"https:\/\/dicodusport.fr\/blog\/#\/schema\/logo\/image\/\"},\"sameAs\":[\"https:\/\/www.facebook.com\/dicodusport\",\"https:\/\/x.com\/dicodusport\",\"https:\/\/www.instagram.com\/dicodusport\/\",\"https:\/\/www.youtube.com\/channel\/UC7V2KZ5sd3htJivAbA4ZG3w\"],\"description\":\"Dicodusport est l'encyclop\u00e9die de l'actualit\u00e9 sportive.\",\"email\":\"bonjour@dicodusport.fr\",\"legalName\":\"DICODUSPORT\",\"foundingDate\":\"2018-01-14\",\"vatID\":\"FR71834470973\",\"taxID\":\"83447097300043\",\"numberOfEmployees\":{\"@type\":\"QuantitativeValue\",\"minValue\":\"1\",\"maxValue\":\"10\"}},{\"@type\":\"Person\",\"@id\":\"https:\/\/dicodusport.fr\/blog\/#\/schema\/person\/0eaf70b33d703a1a66b1155ac1bda018\",\"name\":\"Pierre Gorce\",\"image\":{\"@type\":\"ImageObject\",\"inLanguage\":\"fr-FR\",\"@id\":\"https:\/\/dicodusport.fr\/blog\/#\/schema\/person\/image\/\",\"url\":\"https:\/\/dicodusport.fr\/blog\/wp-content\/uploads\/2022\/03\/IMG_20211214_233053_722-150x150.jpg\",\"contentUrl\":\"https:\/\/dicodusport.fr\/blog\/wp-content\/uploads\/2022\/03\/IMG_20211214_233053_722-150x150.jpg\",\"caption\":\"Pierre Gorce\"},\"description\":\"Couteau suisse venant tout droit de Haute-Savoie. Habitu\u00e9 \u00e0 regarder du sport depuis petit, j'en ai maintenant fait mon m\u00e9tier. Des sports d'hiver au surf, en passant par le tennis, la F1, le handball et l'athl\u00e9tisme, j'essaie d'avoir mes yeux sur l'enti\u00e8ret\u00e9 de l'actualit\u00e9. Jeune homme berc\u00e9 par les exploits de Jean-Baptiste Grange, Sebastian Vettel et des Experts. Membre de la g\u00e9n\u00e9ration 1999 comme Luka Doncic, Sydney McLaughlin, Lando Norris et Loana Lecomte, mais avec beaucoup moins de talent qu'eux.\",\"sameAs\":[\"https:\/\/x.com\/https:\/\/twitter.com\/pierregorce12\"],\"birthDate\":\"1999-08-29\",\"url\":\"https:\/\/dicodusport.fr\/blog\/author\/pierreg\/\"}]}<\/script>\n<!-- \/ Yoast SEO Premium plugin. -->","yoast_head_json":{"title":"Championnats d'Europe d'athl\u00e9tisme 2024 : Ana\u00efs Bourgoin m\u00e9daill\u00e9e de bronze sur le 800 m\u00e8tres","description":"CHAMPIONNATS D'EUROPE D'ATHL\u00c9TISME 2024 - Ana\u00efs Bourgoin a pris la m\u00e9daille de bronze lors de la finale du 800 m\u00e8tres.","robots":{"index":"index","follow":"follow","max-snippet":"max-snippet:-1","max-image-preview":"max-image-preview:large","max-video-preview":"max-video-preview:-1"},"canonical":"https:\/\/dicodusport.fr\/blog\/championnats-deurope-dathletisme-2024-anais-bourgoin-medaillee-de-bronze-sur-le-800-metres\/","og_locale":"fr_FR","og_type":"article","og_title":"Championnats d'Europe d'athl\u00e9tisme 2024 : Ana\u00efs Bourgoin m\u00e9daill\u00e9e de bronze sur le 800 m\u00e8tres","og_description":"CHAMPIONNATS D'EUROPE D'ATHL\u00c9TISME 2024 - Ana\u00efs Bourgoin a pris la m\u00e9daille de bronze lors de la finale du 800 m\u00e8tres.","og_url":"https:\/\/dicodusport.fr\/blog\/championnats-deurope-dathletisme-2024-anais-bourgoin-medaillee-de-bronze-sur-le-800-metres\/","og_site_name":"Dicodusport","article_publisher":"https:\/\/www.facebook.com\/dicodusport","article_published_time":"2024-06-12T19:40:58+00:00","article_modified_time":"2024-06-13T10:24:39+00:00","og_image":[{"width":1200,"height":674,"url":"https:\/\/dicodusport.fr\/blog\/wp-content\/uploads\/2024\/06\/Championnats-dEurope-dathletisme-2024-Anais-Bourgoin-medaillee-de-bronze-sur-le-800-metres-1.png","type":"image\/png"}],"author":"Pierre Gorce","twitter_card":"summary_large_image","twitter_title":"Championnats d'Europe d'athl\u00e9tisme 2024 : Ana\u00efs Bourgoin m\u00e9daill\u00e9e de bronze sur le 800 m\u00e8tres","twitter_creator":"@https:\/\/twitter.com\/pierregorce12","twitter_site":"@dicodusport","schema":{"@context":"https:\/\/schema.org","@graph":[{"@type":"NewsArticle","@id":"https:\/\/dicodusport.fr\/blog\/championnats-deurope-dathletisme-2024-anais-bourgoin-medaillee-de-bronze-sur-le-800-metres\/#article","isPartOf":{"@id":"https:\/\/dicodusport.fr\/blog\/championnats-deurope-dathletisme-2024-anais-bourgoin-medaillee-de-bronze-sur-le-800-metres\/"},"author":{"name":"Pierre Gorce","@id":"https:\/\/dicodusport.fr\/blog\/#\/schema\/person\/0eaf70b33d703a1a66b1155ac1bda018"},"headline":"Championnats d&rsquo;Europe d&rsquo;athl\u00e9tisme 2024 : Ana\u00efs Bourgoin m\u00e9daill\u00e9e de bronze sur le 800 m\u00e8tres","datePublished":"2024-06-12T19:40:58+00:00","dateModified":"2024-06-13T10:24:39+00:00","mainEntityOfPage":{"@id":"https:\/\/dicodusport.fr\/blog\/championnats-deurope-dathletisme-2024-anais-bourgoin-medaillee-de-bronze-sur-le-800-metres\/"},"wordCount":261,"commentCount":0,"publisher":{"@id":"https:\/\/dicodusport.fr\/blog\/#organization"},"image":{"@id":"https:\/\/dicodusport.fr\/blog\/championnats-deurope-dathletisme-2024-anais-bourgoin-medaillee-de-bronze-sur-le-800-metres\/#primaryimage"},"thumbnailUrl":"https:\/\/dicodusport.fr\/blog\/wp-content\/uploads\/2024\/06\/Championnats-dEurope-dathletisme-2024-Anais-Bourgoin-medaillee-de-bronze-sur-le-800-metres-1.png","keywords":["Athl\u00e9tisme","br\u00e8ve","Championnats d'Europe d'athl\u00e9tisme","Euro","sport"],"articleSection":["Athl\u00e9tisme"],"inLanguage":"fr-FR","potentialAction":[{"@type":"CommentAction","name":"Comment","target":["https:\/\/dicodusport.fr\/blog\/championnats-deurope-dathletisme-2024-anais-bourgoin-medaillee-de-bronze-sur-le-800-metres\/#respond"]}],"copyrightYear":"2024","copyrightHolder":{"@id":"https:\/\/dicodusport.fr\/blog\/#organization"}},{"@type":"WebPage","@id":"https:\/\/dicodusport.fr\/blog\/championnats-deurope-dathletisme-2024-anais-bourgoin-medaillee-de-bronze-sur-le-800-metres\/","url":"https:\/\/dicodusport.fr\/blog\/championnats-deurope-dathletisme-2024-anais-bourgoin-medaillee-de-bronze-sur-le-800-metres\/","name":"Championnats d'Europe d'athl\u00e9tisme 2024 : Ana\u00efs Bourgoin m\u00e9daill\u00e9e de bronze sur le 800 m\u00e8tres","isPartOf":{"@id":"https:\/\/dicodusport.fr\/blog\/#website"},"primaryImageOfPage":{"@id":"https:\/\/dicodusport.fr\/blog\/championnats-deurope-dathletisme-2024-anais-bourgoin-medaillee-de-bronze-sur-le-800-metres\/#primaryimage"},"image":{"@id":"https:\/\/dicodusport.fr\/blog\/championnats-deurope-dathletisme-2024-anais-bourgoin-medaillee-de-bronze-sur-le-800-metres\/#primaryimage"},"thumbnailUrl":"https:\/\/dicodusport.fr\/blog\/wp-content\/uploads\/2024\/06\/Championnats-dEurope-dathletisme-2024-Anais-Bourgoin-medaillee-de-bronze-sur-le-800-metres-1.png","datePublished":"2024-06-12T19:40:58+00:00","dateModified":"2024-06-13T10:24:39+00:00","description":"CHAMPIONNATS D'EUROPE D'ATHL\u00c9TISME 2024 - Ana\u00efs Bourgoin a pris la m\u00e9daille de bronze lors de la finale du 800 m\u00e8tres.","breadcrumb":{"@id":"https:\/\/dicodusport.fr\/blog\/championnats-deurope-dathletisme-2024-anais-bourgoin-medaillee-de-bronze-sur-le-800-metres\/#breadcrumb"},"inLanguage":"fr-FR","potentialAction":[{"@type":"ReadAction","target":["https:\/\/dicodusport.fr\/blog\/championnats-deurope-dathletisme-2024-anais-bourgoin-medaillee-de-bronze-sur-le-800-metres\/"]}]},{"@type":"ImageObject","inLanguage":"fr-FR","@id":"https:\/\/dicodusport.fr\/blog\/championnats-deurope-dathletisme-2024-anais-bourgoin-medaillee-de-bronze-sur-le-800-metres\/#primaryimage","url":"https:\/\/dicodusport.fr\/blog\/wp-content\/uploads\/2024\/06\/Championnats-dEurope-dathletisme-2024-Anais-Bourgoin-medaillee-de-bronze-sur-le-800-metres-1.png","contentUrl":"https:\/\/dicodusport.fr\/blog\/wp-content\/uploads\/2024\/06\/Championnats-dEurope-dathletisme-2024-Anais-Bourgoin-medaillee-de-bronze-sur-le-800-metres-1.png","width":1200,"height":674,"caption":"Championnats d'Europe d'athl\u00e9tisme 2024 Ana\u00efs Bourgoin m\u00e9daill\u00e9e de bronze sur le 800 m\u00e8tres"},{"@type":"BreadcrumbList","@id":"https:\/\/dicodusport.fr\/blog\/championnats-deurope-dathletisme-2024-anais-bourgoin-medaillee-de-bronze-sur-le-800-metres\/#breadcrumb","itemListElement":[{"@type":"ListItem","position":1,"name":"Accueil","item":"https:\/\/dicodusport.fr\/blog\/"},{"@type":"ListItem","position":2,"name":"Championnats d&rsquo;Europe d&rsquo;athl\u00e9tisme 2024 : Ana\u00efs Bourgoin m\u00e9daill\u00e9e de bronze sur le 800 m\u00e8tres"}]},{"@type":"WebSite","@id":"https:\/\/dicodusport.fr\/blog\/#website","url":"https:\/\/dicodusport.fr\/blog\/","name":"Dicodusport","description":"L&#039;encyclop\u00e9die de l&#039;actualit\u00e9 sportive","publisher":{"@id":"https:\/\/dicodusport.fr\/blog\/#organization"},"potentialAction":[{"@type":"SearchAction","target":{"@type":"EntryPoint","urlTemplate":"https:\/\/dicodusport.fr\/blog\/?s={search_term_string}"},"query-input":{"@type":"PropertyValueSpecification","valueRequired":true,"valueName":"search_term_string"}}],"inLanguage":"fr-FR"},{"@type":"NewsMediaOrganization","@id":"https:\/\/dicodusport.fr\/blog\/#organization","name":"Dicodusport","url":"https:\/\/dicodusport.fr\/blog\/","logo":{"@type":"ImageObject","inLanguage":"fr-FR","@id":"https:\/\/dicodusport.fr\/blog\/#\/schema\/logo\/image\/","url":"https:\/\/dicodusport.fr\/blog\/wp-content\/uploads\/2020\/06\/cropped-LOGO-DICODUSPORT-2020-SANS-FOND-SANS-TEXTE.png","contentUrl":"https:\/\/dicodusport.fr\/blog\/wp-content\/uploads\/2020\/06\/cropped-LOGO-DICODUSPORT-2020-SANS-FOND-SANS-TEXTE.png","width":512,"height":512,"caption":"Dicodusport"},"image":{"@id":"https:\/\/dicodusport.fr\/blog\/#\/schema\/logo\/image\/"},"sameAs":["https:\/\/www.facebook.com\/dicodusport","https:\/\/x.com\/dicodusport","https:\/\/www.instagram.com\/dicodusport\/","https:\/\/www.youtube.com\/channel\/UC7V2KZ5sd3htJivAbA4ZG3w"],"description":"Dicodusport est l'encyclop\u00e9die de l'actualit\u00e9 sportive.","email":"bonjour@dicodusport.fr","legalName":"DICODUSPORT","foundingDate":"2018-01-14","vatID":"FR71834470973","taxID":"83447097300043","numberOfEmployees":{"@type":"QuantitativeValue","minValue":"1","maxValue":"10"}},{"@type":"Person","@id":"https:\/\/dicodusport.fr\/blog\/#\/schema\/person\/0eaf70b33d703a1a66b1155ac1bda018","name":"Pierre Gorce","image":{"@type":"ImageObject","inLanguage":"fr-FR","@id":"https:\/\/dicodusport.fr\/blog\/#\/schema\/person\/image\/","url":"https:\/\/dicodusport.fr\/blog\/wp-content\/uploads\/2022\/03\/IMG_20211214_233053_722-150x150.jpg","contentUrl":"https:\/\/dicodusport.fr\/blog\/wp-content\/uploads\/2022\/03\/IMG_20211214_233053_722-150x150.jpg","caption":"Pierre Gorce"},"description":"Couteau suisse venant tout droit de Haute-Savoie. Habitu\u00e9 \u00e0 regarder du sport depuis petit, j'en ai maintenant fait mon m\u00e9tier. Des sports d'hiver au surf, en passant par le tennis, la F1, le handball et l'athl\u00e9tisme, j'essaie d'avoir mes yeux sur l'enti\u00e8ret\u00e9 de l'actualit\u00e9. Jeune homme berc\u00e9 par les exploits de Jean-Baptiste Grange, Sebastian Vettel et des Experts. Membre de la g\u00e9n\u00e9ration 1999 comme Luka Doncic, Sydney McLaughlin, Lando Norris et Loana Lecomte, mais avec beaucoup moins de talent qu'eux.","sameAs":["https:\/\/x.com\/https:\/\/twitter.com\/pierregorce12"],"birthDate":"1999-08-29","url":"https:\/\/dicodusport.fr\/blog\/author\/pierreg\/"}]}},"_links":{"self":[{"href":"https:\/\/dicodusport.fr\/blog\/wp-json\/wp\/v2\/posts\/492511","targetHints":{"allow":["GET"]}}],"collection":[{"href":"https:\/\/dicodusport.fr\/blog\/wp-json\/wp\/v2\/posts"}],"about":[{"href":"https:\/\/dicodusport.fr\/blog\/wp-json\/wp\/v2\/types\/post"}],"author":[{"embeddable":true,"href":"https:\/\/dicodusport.fr\/blog\/wp-json\/wp\/v2\/users\/61"}],"replies":[{"embeddable":true,"href":"https:\/\/dicodusport.fr\/blog\/wp-json\/wp\/v2\/comments?post=492511"}],"version-history":[{"count":5,"href":"https:\/\/dicodusport.fr\/blog\/wp-json\/wp\/v2\/posts\/492511\/revisions"}],"predecessor-version":[{"id":492546,"href":"https:\/\/dicodusport.fr\/blog\/wp-json\/wp\/v2\/posts\/492511\/revisions\/492546"}],"wp:featuredmedia":[{"embeddable":true,"href":"https:\/\/dicodusport.fr\/blog\/wp-json\/wp\/v2\/media\/492650"}],"wp:attachment":[{"href":"https:\/\/dicodusport.fr\/blog\/wp-json\/wp\/v2\/media?parent=492511"}],"wp:term":[{"taxonomy":"category","embeddable":true,"href":"https:\/\/dicodusport.fr\/blog\/wp-json\/wp\/v2\/categories?post=492511"},{"taxonomy":"post_tag","embeddable":true,"href":"https:\/\/dicodusport.fr\/blog\/wp-json\/wp\/v2\/tags?post=492511"}],"curies":[{"name":"wp","href":"https:\/\/api.w.org\/{rel}","templated":true}]}}