{"id":492763,"date":"2024-06-14T08:53:50","date_gmt":"2024-06-14T06:53:50","guid":{"rendered":"https:\/\/dicodusport.fr\/blog\/?p=492763&#038;preview=true&#038;preview_id=492763"},"modified":"2024-06-15T14:35:47","modified_gmt":"2024-06-15T12:35:47","slug":"info-dicodusport-edouard-roger-vasselin-et-fabien-reboul-alignes-en-double-masculin-aux-jo-de-paris","status":"publish","type":"post","link":"https:\/\/dicodusport.fr\/blog\/info-dicodusport-edouard-roger-vasselin-et-fabien-reboul-alignes-en-double-masculin-aux-jo-de-paris\/","title":{"rendered":"Info Dicodusport : \u00c9douard Roger-Vasselin et Fabien Reboul align\u00e9s en double masculin aux JO de Paris"},"content":{"rendered":"<p style=\"text-align: justify;\"><strong><em>TENNIS &#8211; Alors que la F\u00e9d\u00e9ration Fran\u00e7aise avait jusqu&rsquo;au 19 juin pour d\u00e9cider de la paire de double fran\u00e7aise qui accompagnerait les joueurs de simple aux Jeux Olympiques, leur choix s&rsquo;est port\u00e9 sur \u00c9douard Roger-Vasselin et Fabien Reboul, selon nos informations. Deux sp\u00e9cialistes de la discipline, mais qui n&rsquo;ont encore jamais jou\u00e9 ensemble.<br \/>\n<\/em><\/strong><\/p>\n<p style=\"text-align: justify;\">En d\u00e9but de semaine \u00e9taient annonc\u00e9s les huit joueurs et joueuses qui allaient repr\u00e9senter en simple la France aux Jeux Olympiques de Paris du 27 juillet au 4 ao\u00fbt : <strong>Ugo Humbert, Ga\u00ebl Monfils, Arthur Fils <\/strong>et<strong> Corentin Moutet<\/strong> c\u00f4t\u00e9 masculin ; <strong>Caroline Garcia, Clara Burel, Diane Parry <\/strong>et<strong> Varvara Gracheva<\/strong> c\u00f4t\u00e9 f\u00e9minin. Ceux-l\u00e0 ont obtenu leur place gr\u00e2ce \u00e0 leur classement en simple, dans le top 56 qualificatif au 10 juin. <a href=\"https:\/\/dicodusport.fr\/blog\/roland-garros-2024-en-deux-temps-corentin-moutet-se-hisse-au-troisieme-tour\/\">Moutet<\/a> et <a href=\"https:\/\/dicodusport.fr\/blog\/roland-garros-2024-pour-varvara-gracheva-leclaircie-parisienne\/\">Gracheva<\/a> ont arrach\u00e9 leur place gr\u00e2ce \u00e0 leur remarquable parcours \u00e0 Roland-Garros (Gracheva, 71e, a aussi b\u00e9n\u00e9fici\u00e9 du trop grand nombre de joueuses de certaines nations class\u00e9es avant elle, le quota \u00e9tant fix\u00e9 \u00e0 4).<\/p>\n<p style=\"text-align: justify;\">Or le tournoi olympique est compos\u00e9 de cinq comp\u00e9titions : <strong>deux tableaux de simples<\/strong> (hommes et femmes), ainsi que<strong> trois tableaux de doubles<\/strong> (hommes, femmes et mixte). Les joueurs de double ont donc davantage de chances de ramener des m\u00e9dailles que ceux de simple. D&rsquo;o\u00f9 l&rsquo;attention port\u00e9e aux joueurs s\u00e9lectionn\u00e9s. Chez les hommes,<strong> une paire sp\u00e9cialiste de double rejoindra la s\u00e9lection<\/strong>, et composera aussi la moiti\u00e9 masculine de la paire mixte. Les trois autres paires (une autre masculine et deux f\u00e9minines) seront compos\u00e9es de joueurs de simple. Cet apport d&rsquo;un sp\u00e9cialiste de la discipline est cens\u00e9 augmenter les chances de m\u00e9dailles fran\u00e7aises.<\/p>\n<blockquote class=\"twitter-tweet\">\n<p dir=\"ltr\" lang=\"fr\">\ud83c\uddeb\ud83c\uddf7 Les 8 Fran\u00e7ais officiellement qualifi\u00e9s pour Paris 2024 en simple sont \ud83d\udc47<\/p>\n<p>\ud83d\udd39 Ugo Humbert<br \/>\n\ud83d\udd39 Ga\u00ebl Monfils<br \/>\n\ud83d\udd39 Arthur Fils<br \/>\n\ud83d\udd39 Corentin Moutet<\/p>\n<p>\ud83d\udd39 Caroline Garcia<br \/>\n\ud83d\udd39 Clara Burel<br \/>\n\ud83d\udd39 Diane Parry<br \/>\n\ud83d\udd39 Varvara Gracheva<\/p>\n<p>Quelles chances de m\u00e9dailles ? <a href=\"https:\/\/t.co\/YvGvAoNfZx\">pic.twitter.com\/YvGvAoNfZx<\/a><\/p>\n<p>\u2014 We Are Tennis France (@WeAreTennisFR) <a href=\"https:\/\/twitter.com\/WeAreTennisFR\/status\/1800821035102806419?ref_src=twsrc%5Etfw\">June 12, 2024<\/a><\/p><\/blockquote>\n<p style=\"text-align: justify;\"><script async src=\"https:\/\/platform.twitter.com\/widgets.js\" charset=\"utf-8\"><\/script><\/p>\n<h2 style=\"text-align: justify;\">Une longue h\u00e9sitation<\/h2>\n<p style=\"text-align: justify;\">Or les derniers r\u00e9sultats ont forc\u00e9 la d\u00e9cision, apr\u00e8s des semaines d&rsquo;incertitude. <strong>\u00c9douard Roger-Vasselin<\/strong>, le mieux class\u00e9 fran\u00e7ais chez les hommes, a perdu son droit de veto en sortant du top 10 mondial (14e) juste avant la date limite. C&rsquo;est donc la F\u00e9d\u00e9ration Fran\u00e7aise de Tennis (FFT) qui a choisi cette paire sp\u00e9cialis\u00e9e, en fonction des classement cumul\u00e9s. Et selon nos informations, le choix s&rsquo;est port\u00e9 sur :<\/p>\n<ul style=\"text-align: justify;\">\n<li><strong>\u00c9douard Roger-Vasselin<\/strong> (14e mondial, 40 ans)\u00a0et <strong>Fabien Reboul<\/strong> (33e mondial, 28 ans)<\/li>\n<\/ul>\n<p style=\"text-align: justify;\">Les deux participeront \u00e0 leurs premiers JO. Il y a quelques semaines, le second nous confiait <a href=\"https:\/\/dicodusport.fr\/blog\/sadio-doumbia-et-fabien-reboul-on-aimerait-vraiment-que-notre-paire-se-fasse-connaitre\/\">\u00e0 quel point c&rsquo;\u00e9tait son r\u00eave<\/a>. <strong>Nicolas Mahut<\/strong> (52e mondial, 42 ans) \u00e9tait pendant longtemps le partenaire privil\u00e9gi\u00e9 pour faire \u00e9quipe avec Roger-Vasselin. Mais <strong>le manque de r\u00e9sultats de la paire<\/strong> (7 victoires pour 6 d\u00e9faites en 2024) a pouss\u00e9 la F\u00e9d\u00e9ration \u00e0 faire un choix difficile. D&rsquo;autant que les deux comp\u00e8res n&rsquo;avaient plus jou\u00e9 ensemble depuis Monte-Carlo en avril pour des questions de classement. Le choix s&rsquo;est ensuite port\u00e9 vers <strong>un joueur de simple<\/strong>, mais ces derniers pr\u00e9f\u00e8rent faire \u00e9quipe ensemble dans l&rsquo;autre paire de double qui reste \u00e0 d\u00e9finir.<\/p>\n<h2 style=\"text-align: justify;\">Un choix logique vers une paire in\u00e9dite<\/h2>\n<p style=\"text-align: justify;\">Restaient donc les deux coll\u00e8gues toulousains qui montent, <strong>Fabien Reboul et Sadio Doumbia<\/strong>. Ces deux sp\u00e9cialistes du double ont remport\u00e9 25 victoires pour 12 d\u00e9faites en 2024, avec trois titres dont deux en ATP 250 (Montpellier et Bucarest). Ils sont donc ceux qui offrent le plus de garanties. Et entre les deux, le choix s&rsquo;est av\u00e9r\u00e9 simple puisque Roger-Vasselin et Doumbia ont tous les deux comme c\u00f4t\u00e9 de pr\u00e9dilection le c\u00f4t\u00e9 gauche, tandis que Reboul pr\u00e9f\u00e8re le droit. <strong>Pour des questions pratiques<\/strong>, le choix s&rsquo;est donc port\u00e9 sur le plus jeune des deux toulousains. Un poste de coach a \u00e9t\u00e9 propos\u00e9 \u00e0 Sadio Doumbia, qui a refus\u00e9 pour continuer sa saison sur le circuit ATP de son c\u00f4t\u00e9, avec un autre partenaire.<\/p>\n<p style=\"text-align: justify;\">Roger-Vasselin et Reboul, qui n&rsquo;ont jamais jou\u00e9 ensemble, feront <strong>deux tournois d&rsquo;entra\u00eenement apr\u00e8s Wimbledon<\/strong> pour se pr\u00e9parer pour les Jeux Olympiques, toujours selon nos informations. Afin de trouver des automatismes pour essayer de rapporter une m\u00e9daille olympique \u00e0 Paris. Ce qui n&rsquo;est plus arriv\u00e9 depuis 2012.<\/p>\n<blockquote class=\"twitter-tweet\">\n<p dir=\"ltr\" lang=\"fr\">Dur dur pour les joueurs \ud83c\uddeb\ud83c\uddf7 selectionnables en double pour les JO&#8230;<\/p>\n<p>\u274c\ufe0f Gonzalez\/Roger-Vasselin perdent au 1er tour contre Heliovaara\/Patten<\/p>\n<p>\u274c\ufe0f Halys\/Mahut s&rsquo;inclinent face \u00e0 Erler\/Miedler<\/p>\n<p>\u274c\ufe0f Doumbia\/Reboul sortis par Added\/Arribage \ud83c\uddeb\ud83c\uddf7<a href=\"https:\/\/twitter.com\/hashtag\/RolandGarros?src=hash&amp;ref_src=twsrc%5Etfw\">#RolandGarros<\/a><\/p>\n<p>\ud83d\udcf8 : <a href=\"https:\/\/twitter.com\/FFTennis?ref_src=twsrc%5Etfw\">@FFTennis<\/a> <a href=\"https:\/\/t.co\/xGgCYBxgkP\">pic.twitter.com\/xGgCYBxgkP<\/a><\/p>\n<p>\u2014 Service Gagnant (@Srvc_Gagnant) <a href=\"https:\/\/twitter.com\/Srvc_Gagnant\/status\/1796607906378658108?ref_src=twsrc%5Etfw\">May 31, 2024<\/a><\/p><\/blockquote>\n<p style=\"text-align: justify;\"><script async src=\"https:\/\/platform.twitter.com\/widgets.js\" charset=\"utf-8\"><\/script><\/p>\n","protected":false},"excerpt":{"rendered":"<p>TENNIS &#8211; Alors que la F\u00e9d\u00e9ration Fran\u00e7aise avait jusqu&rsquo;au 19 juin pour d\u00e9cider de la paire de double fran\u00e7aise qui accompagnerait les joueurs de simple aux Jeux Olympiques, leur choix s&rsquo;est port\u00e9 sur \u00c9douard Roger-Vasselin et Fabien Reboul, selon nos informations. Deux sp\u00e9cialistes de la discipline mais qui n&rsquo;ont encore jamais jou\u00e9 ensemble.<\/p>\n","protected":false},"author":13,"featured_media":492830,"comment_status":"open","ping_status":"closed","sticky":false,"template":"","format":"standard","meta":{"_acf_changed":false,"_daextam_enable_autolinks":"1","footnotes":""},"categories":[8436,2302],"tags":[16878,6755,34721,1506],"class_list":["post-492763","post","type-post","status-publish","format-standard","has-post-thumbnail","hentry","category-jo-paris-2024","category-tennis","tag-breve","tag-edouard-roger-vasselin","tag-fabien-reboul","tag-jeux-olympiques-2024"],"acf":[],"yoast_head":"<!-- This site is optimized with the Yoast SEO Premium plugin v26.7 (Yoast SEO v26.7) - https:\/\/yoast.com\/wordpress\/plugins\/seo\/ -->\n<title>Info Dicodusport : \u00c9douard Roger-Vasselin et Fabien Reboul align\u00e9s en double masculin aux JO de Paris<\/title>\n<meta name=\"description\" content=\"Apr\u00e8s des semaines d&#039;incertitudes, la paire de double fran\u00e7aise qui ira aux Jeux Olympiques sera \u00c9douard Roger-Vasselin et Fabien Reboul.\" \/>\n<meta name=\"robots\" content=\"index, follow, max-snippet:-1, max-image-preview:large, max-video-preview:-1\" \/>\n<link rel=\"canonical\" href=\"https:\/\/dicodusport.fr\/blog\/info-dicodusport-edouard-roger-vasselin-et-fabien-reboul-alignes-en-double-masculin-aux-jo-de-paris\/\" \/>\n<meta property=\"og:locale\" content=\"fr_FR\" \/>\n<meta property=\"og:type\" content=\"article\" \/>\n<meta property=\"og:title\" content=\"Info Dicodusport : \u00c9douard Roger-Vasselin et Fabien Reboul align\u00e9s en double masculin aux JO de Paris\" \/>\n<meta property=\"og:description\" content=\"Apr\u00e8s des semaines d&#039;incertitudes, la paire de double fran\u00e7aise qui ira aux Jeux Olympiques sera \u00c9douard Roger-Vasselin et Fabien Reboul.\" \/>\n<meta property=\"og:url\" content=\"https:\/\/dicodusport.fr\/blog\/info-dicodusport-edouard-roger-vasselin-et-fabien-reboul-alignes-en-double-masculin-aux-jo-de-paris\/\" \/>\n<meta property=\"og:site_name\" content=\"Dicodusport\" \/>\n<meta property=\"article:publisher\" content=\"https:\/\/www.facebook.com\/dicodusport\" \/>\n<meta property=\"article:published_time\" content=\"2024-06-14T06:53:50+00:00\" \/>\n<meta property=\"article:modified_time\" content=\"2024-06-15T12:35:47+00:00\" \/>\n<meta property=\"og:image\" content=\"https:\/\/dicodusport.fr\/blog\/wp-content\/uploads\/2024\/06\/Info-Dicodusport-Edouard-Roger-Vasselin-et-Fabien-Reboul-alignes-en-double-masculin-aux-JO-de-Paris.png\" \/>\n\t<meta property=\"og:image:width\" content=\"1200\" \/>\n\t<meta property=\"og:image:height\" content=\"674\" \/>\n\t<meta property=\"og:image:type\" content=\"image\/png\" \/>\n<meta name=\"author\" content=\"Tom Compayrot\" \/>\n<meta name=\"twitter:card\" content=\"summary_large_image\" \/>\n<meta name=\"twitter:title\" content=\"Info Dicodusport : \u00c9douard Roger-Vasselin et Fabien Reboul align\u00e9s en double masculin aux JO de Paris\" \/>\n<meta name=\"twitter:creator\" content=\"@https:\/\/twitter.com\/Tom_Cprt\" \/>\n<meta name=\"twitter:site\" content=\"@dicodusport\" \/>\n<script type=\"application\/ld+json\" class=\"yoast-schema-graph\">{\"@context\":\"https:\/\/schema.org\",\"@graph\":[{\"@type\":\"NewsArticle\",\"@id\":\"https:\/\/dicodusport.fr\/blog\/info-dicodusport-edouard-roger-vasselin-et-fabien-reboul-alignes-en-double-masculin-aux-jo-de-paris\/#article\",\"isPartOf\":{\"@id\":\"https:\/\/dicodusport.fr\/blog\/info-dicodusport-edouard-roger-vasselin-et-fabien-reboul-alignes-en-double-masculin-aux-jo-de-paris\/\"},\"author\":{\"name\":\"Tom Compayrot\",\"@id\":\"https:\/\/dicodusport.fr\/blog\/#\/schema\/person\/bf1e4f404e108bd2be5b447b16bde9a7\"},\"headline\":\"Info Dicodusport : \u00c9douard Roger-Vasselin et Fabien Reboul align\u00e9s en double masculin aux JO de Paris\",\"datePublished\":\"2024-06-14T06:53:50+00:00\",\"dateModified\":\"2024-06-15T12:35:47+00:00\",\"mainEntityOfPage\":{\"@id\":\"https:\/\/dicodusport.fr\/blog\/info-dicodusport-edouard-roger-vasselin-et-fabien-reboul-alignes-en-double-masculin-aux-jo-de-paris\/\"},\"wordCount\":787,\"commentCount\":0,\"publisher\":{\"@id\":\"https:\/\/dicodusport.fr\/blog\/#organization\"},\"image\":{\"@id\":\"https:\/\/dicodusport.fr\/blog\/info-dicodusport-edouard-roger-vasselin-et-fabien-reboul-alignes-en-double-masculin-aux-jo-de-paris\/#primaryimage\"},\"thumbnailUrl\":\"https:\/\/dicodusport.fr\/blog\/wp-content\/uploads\/2024\/06\/Info-Dicodusport-Edouard-Roger-Vasselin-et-Fabien-Reboul-alignes-en-double-masculin-aux-JO-de-Paris.png\",\"keywords\":[\"br\u00e8ve\",\"Edouard Roger-Vasselin\",\"Fabien Reboul\",\"Jeux olympiques 2024\"],\"articleSection\":[\"JO Paris 2024\",\"Tennis\"],\"inLanguage\":\"fr-FR\",\"potentialAction\":[{\"@type\":\"CommentAction\",\"name\":\"Comment\",\"target\":[\"https:\/\/dicodusport.fr\/blog\/info-dicodusport-edouard-roger-vasselin-et-fabien-reboul-alignes-en-double-masculin-aux-jo-de-paris\/#respond\"]}],\"copyrightYear\":\"2024\",\"copyrightHolder\":{\"@id\":\"https:\/\/dicodusport.fr\/blog\/#organization\"}},{\"@type\":\"WebPage\",\"@id\":\"https:\/\/dicodusport.fr\/blog\/info-dicodusport-edouard-roger-vasselin-et-fabien-reboul-alignes-en-double-masculin-aux-jo-de-paris\/\",\"url\":\"https:\/\/dicodusport.fr\/blog\/info-dicodusport-edouard-roger-vasselin-et-fabien-reboul-alignes-en-double-masculin-aux-jo-de-paris\/\",\"name\":\"Info Dicodusport : \u00c9douard Roger-Vasselin et Fabien Reboul align\u00e9s en double masculin aux JO de Paris\",\"isPartOf\":{\"@id\":\"https:\/\/dicodusport.fr\/blog\/#website\"},\"primaryImageOfPage\":{\"@id\":\"https:\/\/dicodusport.fr\/blog\/info-dicodusport-edouard-roger-vasselin-et-fabien-reboul-alignes-en-double-masculin-aux-jo-de-paris\/#primaryimage\"},\"image\":{\"@id\":\"https:\/\/dicodusport.fr\/blog\/info-dicodusport-edouard-roger-vasselin-et-fabien-reboul-alignes-en-double-masculin-aux-jo-de-paris\/#primaryimage\"},\"thumbnailUrl\":\"https:\/\/dicodusport.fr\/blog\/wp-content\/uploads\/2024\/06\/Info-Dicodusport-Edouard-Roger-Vasselin-et-Fabien-Reboul-alignes-en-double-masculin-aux-JO-de-Paris.png\",\"datePublished\":\"2024-06-14T06:53:50+00:00\",\"dateModified\":\"2024-06-15T12:35:47+00:00\",\"description\":\"Apr\u00e8s des semaines d'incertitudes, la paire de double fran\u00e7aise qui ira aux Jeux Olympiques sera \u00c9douard Roger-Vasselin et Fabien Reboul.\",\"breadcrumb\":{\"@id\":\"https:\/\/dicodusport.fr\/blog\/info-dicodusport-edouard-roger-vasselin-et-fabien-reboul-alignes-en-double-masculin-aux-jo-de-paris\/#breadcrumb\"},\"inLanguage\":\"fr-FR\",\"potentialAction\":[{\"@type\":\"ReadAction\",\"target\":[\"https:\/\/dicodusport.fr\/blog\/info-dicodusport-edouard-roger-vasselin-et-fabien-reboul-alignes-en-double-masculin-aux-jo-de-paris\/\"]}]},{\"@type\":\"ImageObject\",\"inLanguage\":\"fr-FR\",\"@id\":\"https:\/\/dicodusport.fr\/blog\/info-dicodusport-edouard-roger-vasselin-et-fabien-reboul-alignes-en-double-masculin-aux-jo-de-paris\/#primaryimage\",\"url\":\"https:\/\/dicodusport.fr\/blog\/wp-content\/uploads\/2024\/06\/Info-Dicodusport-Edouard-Roger-Vasselin-et-Fabien-Reboul-alignes-en-double-masculin-aux-JO-de-Paris.png\",\"contentUrl\":\"https:\/\/dicodusport.fr\/blog\/wp-content\/uploads\/2024\/06\/Info-Dicodusport-Edouard-Roger-Vasselin-et-Fabien-Reboul-alignes-en-double-masculin-aux-JO-de-Paris.png\",\"width\":1200,\"height\":674,\"caption\":\"Info Dicodusport \u00c9douard Roger-Vasselin et Fabien Reboul align\u00e9s en double masculin aux JO de Paris\"},{\"@type\":\"BreadcrumbList\",\"@id\":\"https:\/\/dicodusport.fr\/blog\/info-dicodusport-edouard-roger-vasselin-et-fabien-reboul-alignes-en-double-masculin-aux-jo-de-paris\/#breadcrumb\",\"itemListElement\":[{\"@type\":\"ListItem\",\"position\":1,\"name\":\"Accueil\",\"item\":\"https:\/\/dicodusport.fr\/blog\/\"},{\"@type\":\"ListItem\",\"position\":2,\"name\":\"Info Dicodusport : \u00c9douard Roger-Vasselin et Fabien Reboul align\u00e9s en double masculin aux JO de Paris\"}]},{\"@type\":\"WebSite\",\"@id\":\"https:\/\/dicodusport.fr\/blog\/#website\",\"url\":\"https:\/\/dicodusport.fr\/blog\/\",\"name\":\"Dicodusport\",\"description\":\"L&#039;encyclop\u00e9die de l&#039;actualit\u00e9 sportive\",\"publisher\":{\"@id\":\"https:\/\/dicodusport.fr\/blog\/#organization\"},\"potentialAction\":[{\"@type\":\"SearchAction\",\"target\":{\"@type\":\"EntryPoint\",\"urlTemplate\":\"https:\/\/dicodusport.fr\/blog\/?s={search_term_string}\"},\"query-input\":{\"@type\":\"PropertyValueSpecification\",\"valueRequired\":true,\"valueName\":\"search_term_string\"}}],\"inLanguage\":\"fr-FR\"},{\"@type\":\"NewsMediaOrganization\",\"@id\":\"https:\/\/dicodusport.fr\/blog\/#organization\",\"name\":\"Dicodusport\",\"url\":\"https:\/\/dicodusport.fr\/blog\/\",\"logo\":{\"@type\":\"ImageObject\",\"inLanguage\":\"fr-FR\",\"@id\":\"https:\/\/dicodusport.fr\/blog\/#\/schema\/logo\/image\/\",\"url\":\"https:\/\/dicodusport.fr\/blog\/wp-content\/uploads\/2020\/06\/cropped-LOGO-DICODUSPORT-2020-SANS-FOND-SANS-TEXTE.png\",\"contentUrl\":\"https:\/\/dicodusport.fr\/blog\/wp-content\/uploads\/2020\/06\/cropped-LOGO-DICODUSPORT-2020-SANS-FOND-SANS-TEXTE.png\",\"width\":512,\"height\":512,\"caption\":\"Dicodusport\"},\"image\":{\"@id\":\"https:\/\/dicodusport.fr\/blog\/#\/schema\/logo\/image\/\"},\"sameAs\":[\"https:\/\/www.facebook.com\/dicodusport\",\"https:\/\/x.com\/dicodusport\",\"https:\/\/www.instagram.com\/dicodusport\/\",\"https:\/\/www.youtube.com\/channel\/UC7V2KZ5sd3htJivAbA4ZG3w\"],\"description\":\"Dicodusport est l'encyclop\u00e9die de l'actualit\u00e9 sportive.\",\"email\":\"bonjour@dicodusport.fr\",\"legalName\":\"DICODUSPORT\",\"foundingDate\":\"2018-01-14\",\"vatID\":\"FR71834470973\",\"taxID\":\"83447097300043\",\"numberOfEmployees\":{\"@type\":\"QuantitativeValue\",\"minValue\":\"1\",\"maxValue\":\"10\"}},{\"@type\":\"Person\",\"@id\":\"https:\/\/dicodusport.fr\/blog\/#\/schema\/person\/bf1e4f404e108bd2be5b447b16bde9a7\",\"name\":\"Tom Compayrot\",\"image\":{\"@type\":\"ImageObject\",\"inLanguage\":\"fr-FR\",\"@id\":\"https:\/\/dicodusport.fr\/blog\/#\/schema\/person\/image\/\",\"url\":\"https:\/\/dicodusport.fr\/blog\/wp-content\/uploads\/2021\/05\/Tom-Compayrot-150x150.jpg\",\"contentUrl\":\"https:\/\/dicodusport.fr\/blog\/wp-content\/uploads\/2021\/05\/Tom-Compayrot-150x150.jpg\",\"caption\":\"Tom Compayrot\"},\"description\":\"Journaliste\/r\u00e9dacteur depuis mars 2017 - Amoureux de la petite balle jaune et du gros ballon orange qui tra\u00eene sa carcasse sur Dicodusport depuis 2017. Rafael Nadal et LeBron James sont les meilleurs joueurs de l'histoire.\",\"sameAs\":[\"https:\/\/x.com\/https:\/\/twitter.com\/Tom_Cprt\"],\"url\":\"https:\/\/dicodusport.fr\/blog\/author\/tom\/\"}]}<\/script>\n<!-- \/ Yoast SEO Premium plugin. -->","yoast_head_json":{"title":"Info Dicodusport : \u00c9douard Roger-Vasselin et Fabien Reboul align\u00e9s en double masculin aux JO de Paris","description":"Apr\u00e8s des semaines d'incertitudes, la paire de double fran\u00e7aise qui ira aux Jeux Olympiques sera \u00c9douard Roger-Vasselin et Fabien Reboul.","robots":{"index":"index","follow":"follow","max-snippet":"max-snippet:-1","max-image-preview":"max-image-preview:large","max-video-preview":"max-video-preview:-1"},"canonical":"https:\/\/dicodusport.fr\/blog\/info-dicodusport-edouard-roger-vasselin-et-fabien-reboul-alignes-en-double-masculin-aux-jo-de-paris\/","og_locale":"fr_FR","og_type":"article","og_title":"Info Dicodusport : \u00c9douard Roger-Vasselin et Fabien Reboul align\u00e9s en double masculin aux JO de Paris","og_description":"Apr\u00e8s des semaines d'incertitudes, la paire de double fran\u00e7aise qui ira aux Jeux Olympiques sera \u00c9douard Roger-Vasselin et Fabien Reboul.","og_url":"https:\/\/dicodusport.fr\/blog\/info-dicodusport-edouard-roger-vasselin-et-fabien-reboul-alignes-en-double-masculin-aux-jo-de-paris\/","og_site_name":"Dicodusport","article_publisher":"https:\/\/www.facebook.com\/dicodusport","article_published_time":"2024-06-14T06:53:50+00:00","article_modified_time":"2024-06-15T12:35:47+00:00","og_image":[{"width":1200,"height":674,"url":"https:\/\/dicodusport.fr\/blog\/wp-content\/uploads\/2024\/06\/Info-Dicodusport-Edouard-Roger-Vasselin-et-Fabien-Reboul-alignes-en-double-masculin-aux-JO-de-Paris.png","type":"image\/png"}],"author":"Tom Compayrot","twitter_card":"summary_large_image","twitter_title":"Info Dicodusport : \u00c9douard Roger-Vasselin et Fabien Reboul align\u00e9s en double masculin aux JO de Paris","twitter_creator":"@https:\/\/twitter.com\/Tom_Cprt","twitter_site":"@dicodusport","schema":{"@context":"https:\/\/schema.org","@graph":[{"@type":"NewsArticle","@id":"https:\/\/dicodusport.fr\/blog\/info-dicodusport-edouard-roger-vasselin-et-fabien-reboul-alignes-en-double-masculin-aux-jo-de-paris\/#article","isPartOf":{"@id":"https:\/\/dicodusport.fr\/blog\/info-dicodusport-edouard-roger-vasselin-et-fabien-reboul-alignes-en-double-masculin-aux-jo-de-paris\/"},"author":{"name":"Tom Compayrot","@id":"https:\/\/dicodusport.fr\/blog\/#\/schema\/person\/bf1e4f404e108bd2be5b447b16bde9a7"},"headline":"Info Dicodusport : \u00c9douard Roger-Vasselin et Fabien Reboul align\u00e9s en double masculin aux JO de Paris","datePublished":"2024-06-14T06:53:50+00:00","dateModified":"2024-06-15T12:35:47+00:00","mainEntityOfPage":{"@id":"https:\/\/dicodusport.fr\/blog\/info-dicodusport-edouard-roger-vasselin-et-fabien-reboul-alignes-en-double-masculin-aux-jo-de-paris\/"},"wordCount":787,"commentCount":0,"publisher":{"@id":"https:\/\/dicodusport.fr\/blog\/#organization"},"image":{"@id":"https:\/\/dicodusport.fr\/blog\/info-dicodusport-edouard-roger-vasselin-et-fabien-reboul-alignes-en-double-masculin-aux-jo-de-paris\/#primaryimage"},"thumbnailUrl":"https:\/\/dicodusport.fr\/blog\/wp-content\/uploads\/2024\/06\/Info-Dicodusport-Edouard-Roger-Vasselin-et-Fabien-Reboul-alignes-en-double-masculin-aux-JO-de-Paris.png","keywords":["br\u00e8ve","Edouard Roger-Vasselin","Fabien Reboul","Jeux olympiques 2024"],"articleSection":["JO Paris 2024","Tennis"],"inLanguage":"fr-FR","potentialAction":[{"@type":"CommentAction","name":"Comment","target":["https:\/\/dicodusport.fr\/blog\/info-dicodusport-edouard-roger-vasselin-et-fabien-reboul-alignes-en-double-masculin-aux-jo-de-paris\/#respond"]}],"copyrightYear":"2024","copyrightHolder":{"@id":"https:\/\/dicodusport.fr\/blog\/#organization"}},{"@type":"WebPage","@id":"https:\/\/dicodusport.fr\/blog\/info-dicodusport-edouard-roger-vasselin-et-fabien-reboul-alignes-en-double-masculin-aux-jo-de-paris\/","url":"https:\/\/dicodusport.fr\/blog\/info-dicodusport-edouard-roger-vasselin-et-fabien-reboul-alignes-en-double-masculin-aux-jo-de-paris\/","name":"Info Dicodusport : \u00c9douard Roger-Vasselin et Fabien Reboul align\u00e9s en double masculin aux JO de Paris","isPartOf":{"@id":"https:\/\/dicodusport.fr\/blog\/#website"},"primaryImageOfPage":{"@id":"https:\/\/dicodusport.fr\/blog\/info-dicodusport-edouard-roger-vasselin-et-fabien-reboul-alignes-en-double-masculin-aux-jo-de-paris\/#primaryimage"},"image":{"@id":"https:\/\/dicodusport.fr\/blog\/info-dicodusport-edouard-roger-vasselin-et-fabien-reboul-alignes-en-double-masculin-aux-jo-de-paris\/#primaryimage"},"thumbnailUrl":"https:\/\/dicodusport.fr\/blog\/wp-content\/uploads\/2024\/06\/Info-Dicodusport-Edouard-Roger-Vasselin-et-Fabien-Reboul-alignes-en-double-masculin-aux-JO-de-Paris.png","datePublished":"2024-06-14T06:53:50+00:00","dateModified":"2024-06-15T12:35:47+00:00","description":"Apr\u00e8s des semaines d'incertitudes, la paire de double fran\u00e7aise qui ira aux Jeux Olympiques sera \u00c9douard Roger-Vasselin et Fabien Reboul.","breadcrumb":{"@id":"https:\/\/dicodusport.fr\/blog\/info-dicodusport-edouard-roger-vasselin-et-fabien-reboul-alignes-en-double-masculin-aux-jo-de-paris\/#breadcrumb"},"inLanguage":"fr-FR","potentialAction":[{"@type":"ReadAction","target":["https:\/\/dicodusport.fr\/blog\/info-dicodusport-edouard-roger-vasselin-et-fabien-reboul-alignes-en-double-masculin-aux-jo-de-paris\/"]}]},{"@type":"ImageObject","inLanguage":"fr-FR","@id":"https:\/\/dicodusport.fr\/blog\/info-dicodusport-edouard-roger-vasselin-et-fabien-reboul-alignes-en-double-masculin-aux-jo-de-paris\/#primaryimage","url":"https:\/\/dicodusport.fr\/blog\/wp-content\/uploads\/2024\/06\/Info-Dicodusport-Edouard-Roger-Vasselin-et-Fabien-Reboul-alignes-en-double-masculin-aux-JO-de-Paris.png","contentUrl":"https:\/\/dicodusport.fr\/blog\/wp-content\/uploads\/2024\/06\/Info-Dicodusport-Edouard-Roger-Vasselin-et-Fabien-Reboul-alignes-en-double-masculin-aux-JO-de-Paris.png","width":1200,"height":674,"caption":"Info Dicodusport \u00c9douard Roger-Vasselin et Fabien Reboul align\u00e9s en double masculin aux JO de Paris"},{"@type":"BreadcrumbList","@id":"https:\/\/dicodusport.fr\/blog\/info-dicodusport-edouard-roger-vasselin-et-fabien-reboul-alignes-en-double-masculin-aux-jo-de-paris\/#breadcrumb","itemListElement":[{"@type":"ListItem","position":1,"name":"Accueil","item":"https:\/\/dicodusport.fr\/blog\/"},{"@type":"ListItem","position":2,"name":"Info Dicodusport : \u00c9douard Roger-Vasselin et Fabien Reboul align\u00e9s en double masculin aux JO de Paris"}]},{"@type":"WebSite","@id":"https:\/\/dicodusport.fr\/blog\/#website","url":"https:\/\/dicodusport.fr\/blog\/","name":"Dicodusport","description":"L&#039;encyclop\u00e9die de l&#039;actualit\u00e9 sportive","publisher":{"@id":"https:\/\/dicodusport.fr\/blog\/#organization"},"potentialAction":[{"@type":"SearchAction","target":{"@type":"EntryPoint","urlTemplate":"https:\/\/dicodusport.fr\/blog\/?s={search_term_string}"},"query-input":{"@type":"PropertyValueSpecification","valueRequired":true,"valueName":"search_term_string"}}],"inLanguage":"fr-FR"},{"@type":"NewsMediaOrganization","@id":"https:\/\/dicodusport.fr\/blog\/#organization","name":"Dicodusport","url":"https:\/\/dicodusport.fr\/blog\/","logo":{"@type":"ImageObject","inLanguage":"fr-FR","@id":"https:\/\/dicodusport.fr\/blog\/#\/schema\/logo\/image\/","url":"https:\/\/dicodusport.fr\/blog\/wp-content\/uploads\/2020\/06\/cropped-LOGO-DICODUSPORT-2020-SANS-FOND-SANS-TEXTE.png","contentUrl":"https:\/\/dicodusport.fr\/blog\/wp-content\/uploads\/2020\/06\/cropped-LOGO-DICODUSPORT-2020-SANS-FOND-SANS-TEXTE.png","width":512,"height":512,"caption":"Dicodusport"},"image":{"@id":"https:\/\/dicodusport.fr\/blog\/#\/schema\/logo\/image\/"},"sameAs":["https:\/\/www.facebook.com\/dicodusport","https:\/\/x.com\/dicodusport","https:\/\/www.instagram.com\/dicodusport\/","https:\/\/www.youtube.com\/channel\/UC7V2KZ5sd3htJivAbA4ZG3w"],"description":"Dicodusport est l'encyclop\u00e9die de l'actualit\u00e9 sportive.","email":"bonjour@dicodusport.fr","legalName":"DICODUSPORT","foundingDate":"2018-01-14","vatID":"FR71834470973","taxID":"83447097300043","numberOfEmployees":{"@type":"QuantitativeValue","minValue":"1","maxValue":"10"}},{"@type":"Person","@id":"https:\/\/dicodusport.fr\/blog\/#\/schema\/person\/bf1e4f404e108bd2be5b447b16bde9a7","name":"Tom Compayrot","image":{"@type":"ImageObject","inLanguage":"fr-FR","@id":"https:\/\/dicodusport.fr\/blog\/#\/schema\/person\/image\/","url":"https:\/\/dicodusport.fr\/blog\/wp-content\/uploads\/2021\/05\/Tom-Compayrot-150x150.jpg","contentUrl":"https:\/\/dicodusport.fr\/blog\/wp-content\/uploads\/2021\/05\/Tom-Compayrot-150x150.jpg","caption":"Tom Compayrot"},"description":"Journaliste\/r\u00e9dacteur depuis mars 2017 - Amoureux de la petite balle jaune et du gros ballon orange qui tra\u00eene sa carcasse sur Dicodusport depuis 2017. Rafael Nadal et LeBron James sont les meilleurs joueurs de l'histoire.","sameAs":["https:\/\/x.com\/https:\/\/twitter.com\/Tom_Cprt"],"url":"https:\/\/dicodusport.fr\/blog\/author\/tom\/"}]}},"_links":{"self":[{"href":"https:\/\/dicodusport.fr\/blog\/wp-json\/wp\/v2\/posts\/492763","targetHints":{"allow":["GET"]}}],"collection":[{"href":"https:\/\/dicodusport.fr\/blog\/wp-json\/wp\/v2\/posts"}],"about":[{"href":"https:\/\/dicodusport.fr\/blog\/wp-json\/wp\/v2\/types\/post"}],"author":[{"embeddable":true,"href":"https:\/\/dicodusport.fr\/blog\/wp-json\/wp\/v2\/users\/13"}],"replies":[{"embeddable":true,"href":"https:\/\/dicodusport.fr\/blog\/wp-json\/wp\/v2\/comments?post=492763"}],"version-history":[{"count":6,"href":"https:\/\/dicodusport.fr\/blog\/wp-json\/wp\/v2\/posts\/492763\/revisions"}],"predecessor-version":[{"id":493117,"href":"https:\/\/dicodusport.fr\/blog\/wp-json\/wp\/v2\/posts\/492763\/revisions\/493117"}],"wp:featuredmedia":[{"embeddable":true,"href":"https:\/\/dicodusport.fr\/blog\/wp-json\/wp\/v2\/media\/492830"}],"wp:attachment":[{"href":"https:\/\/dicodusport.fr\/blog\/wp-json\/wp\/v2\/media?parent=492763"}],"wp:term":[{"taxonomy":"category","embeddable":true,"href":"https:\/\/dicodusport.fr\/blog\/wp-json\/wp\/v2\/categories?post=492763"},{"taxonomy":"post_tag","embeddable":true,"href":"https:\/\/dicodusport.fr\/blog\/wp-json\/wp\/v2\/tags?post=492763"}],"curies":[{"name":"wp","href":"https:\/\/api.w.org\/{rel}","templated":true}]}}