{"id":492779,"date":"2024-06-14T15:19:32","date_gmt":"2024-06-14T13:19:32","guid":{"rendered":"https:\/\/dicodusport.fr\/blog\/?p=492779&#038;preview=true&#038;preview_id=492779"},"modified":"2024-06-14T22:56:33","modified_gmt":"2024-06-14T20:56:33","slug":"athletisme-championnats-deurope-2024-bilan-tres-positif-pour-les-francais","status":"publish","type":"post","link":"https:\/\/dicodusport.fr\/blog\/athletisme-championnats-deurope-2024-bilan-tres-positif-pour-les-francais\/","title":{"rendered":"Athl\u00e9tisme Championnats d&rsquo;Europe 2024 : Bilan tr\u00e8s positif pour les Fran\u00e7ais"},"content":{"rendered":"<p style=\"text-align: justify;\"><strong><em><a href=\"https:\/\/dicodusport.fr\/blog\/programme-et-resultats-athletisme-championnats-deurope-2024\/\" target=\"_blank\" rel=\"noopener\">CHAMPIONNATS D&rsquo;EUROPE D&rsquo;ATHL\u00c9TISME 2024<\/a> &#8211; On dresse le bilan des Fran\u00e7ais, forc\u00e9ment positif, apr\u00e8s les six jours de comp\u00e9tition. Avec seize m\u00e9dailles, ils ont r\u00e9alis\u00e9 le 3e total d&rsquo;une d\u00e9l\u00e9gation bleue aux championnats d&rsquo;Europe<\/em><\/strong><\/p>\n<ul>\n<li style=\"text-align: justify;\"><strong>\u00c0 ce sujet &#8211; <a href=\"https:\/\/dicodusport.fr\/blog\/programme-et-resultats-athletisme-championnats-deurope-2024\/\">Programme et r\u00e9sultats des championnats d&rsquo;Europe d&rsquo;athl\u00e9tisme 2024<\/a><\/strong><\/li>\n<\/ul>\n<h2>Deuxi\u00e8me au tableau des m\u00e9dailles, deuxi\u00e8me \u00e0 la placing table<\/h2>\n<p style=\"text-align: justify;\">Le rideau est tomb\u00e9 sur les championnats d&rsquo;Europe d&rsquo;athl\u00e9tisme. Apr\u00e8s six jours de comp\u00e9titions intenses, l&rsquo;heure du bilan a sonn\u00e9 pour l&rsquo;\u00e9quipe de France. Et les motifs de r\u00e9jouissance sont tr\u00e8s nombreux. Avec 16 m\u00e9dailles dont 4 titres, la France prend la 2e place au classement des m\u00e9dailles, derri\u00e8re l&rsquo;Italie qui a fait une vraie razzia chez elle (24 m\u00e9dailles, dont 11 titres). Les Bleus se permettent de devancer la Grande-Bretagne, nation install\u00e9e dans l&rsquo;athl\u00e9tisme mondial depuis de longues ann\u00e9es. Alors oui, les Britanniques n&rsquo;avaient peut-\u00eatre pas toutes leurs t\u00eates d&rsquo;affiche, mais il n&#8217;emp\u00eache que les Bleus ont ramen\u00e9 trois m\u00e9dailles de plus que leur voisin. Surtout, c&rsquo;est le 3e bilan de l&rsquo;histoire de l&rsquo;athl\u00e9tisme fran\u00e7ais, derri\u00e8re les 18 m\u00e9dailles (dont 7 titres) de Barcelone et les 25 m\u00e9dailles (dont 9 titres) de Zurich en 2014. Les deux fois, la France avait termin\u00e9 2e.<\/p>\n<p style=\"text-align: justify;\">Et il n&rsquo;y a pas que du c\u00f4t\u00e9 du tableau des m\u00e9dailles que les motifs de r\u00e9jouissance existent. La <em>placing table<\/em>, qui r\u00e9pertorie tous les finalistes, avec le bar\u00e8me suivant : 8e place = 1 pt, 7e place = 2 pts etc, est \u00e9galement favorable aux Bleus. Qui prennent \u00e9galement la 2e place, avec 193 points, derri\u00e8re l&rsquo;Italie et ses 232 points. Pour les Francais, c&rsquo;est pr\u00e8s de 80 points de plus que Munich en 2022, o\u00f9 ils avaient pris la 6e place (et une 22e place au classement des m\u00e9dailles). C&rsquo;est un indicateur solide de la sant\u00e9 d&rsquo;un pays. Au-del\u00e0 des m\u00e9dailles, la France a aussi su placer son lot de finalistes. On pense \u00e0 <strong>Camille Moutard, Pauline Stey, Gabriel Bordier<\/strong> et <strong>Cl\u00e9mence Beretta<\/strong> \u00e0 la marche. Ou <strong>Hilary Kpatcha<\/strong> \u00e0 la longueur, pour ne citer qu&rsquo;eux. 27 records personnels ont \u00e9t\u00e9 battus \u00e0 Rome, contre 10 \u00e0 Budapest. <a href=\"https:\/\/dicodusport.fr\/blog\/athletisme-jo-2024-les-francais-qui-ont-realise-les-minima\/\">Et sept minima olympiques ont \u00e9t\u00e9 r\u00e9alis\u00e9s<\/a>.<\/p>\n<blockquote class=\"twitter-tweet\">\n<p dir=\"ltr\" lang=\"fr\">F\u00e9licitations \u00e0 notre \u00e9quipe de \ud83c\uddeb\ud83c\uddf7 qui nous a fait vibrer tout au long de ces championnats.<br \/>\nPort\u00e9e par une incroyable dynamique collective, la France se positionne fi\u00e8rement \u00e0 la 2e place du classement et signe le 3e meilleur bilan de l\u2019histoire des Bleus aux Europe. <a href=\"https:\/\/twitter.com\/hashtag\/roma2024?src=hash&amp;ref_src=twsrc%5Etfw\">#roma2024<\/a> <a href=\"https:\/\/t.co\/KHKDgC5K1B\">pic.twitter.com\/KHKDgC5K1B<\/a><\/p>\n<p>\u2014 Andr\u00e9 GIRAUD (@PresidentFFA) <a href=\"https:\/\/twitter.com\/PresidentFFA\/status\/1801275307497750578?ref_src=twsrc%5Etfw\">June 13, 2024<\/a><\/p><\/blockquote>\n<p><script async src=\"https:\/\/platform.twitter.com\/widgets.js\" charset=\"utf-8\"><\/script><\/p>\n<h2>Des Fran\u00e7ais titr\u00e9s<\/h2>\n<p style=\"text-align: justify;\">Plus de m\u00e9dailles, mais surtout plus de titres. \u00c0 Munich, <strong>Cyr\u00e9na Samba-Mayela, Gabriel Tual, Alice Finot<\/strong> et <strong>Alexis Miellet<\/strong> ont ramen\u00e9 l&rsquo;or. On se souvient qu&rsquo;\u00e0 Munich, il y a deux ans, les Bleus n&rsquo;en avait ramen\u00e9 aucun, un \u00e9tat de fait sanctionn\u00e9 par une 22e place au classement des m\u00e9dailles, o\u00f9 l&rsquo;or prime. Avant la comp\u00e9tition, nous pointions le point faible des Bleus dans ce manque de grands leaders. Force est de constater qu&rsquo;\u00e0 Rome, certains ont chang\u00e9 de stature, pour devenir des leaders europ\u00e9ens dans leur discipline. Quatre victoires, mais surtout quatre victoires en patrons.<\/p>\n<p style=\"text-align: justify;\">Des Fran\u00e7ais sans complexes, qui ont assum\u00e9 leur statut en finale.<strong> Cyr\u00e9na Samba-Mayela<\/strong> avait endoss\u00e9 le costume de favori, apr\u00e8s son record de France en demi-finale. <strong>Gabriel Tual<\/strong> a \u00e9t\u00e9 si impressionnant en s\u00e9rie et en demies qu&rsquo;il en a \u00e9clips\u00e9 les autres, <strong>Alice Finot<\/strong> \u00e9tait la premi\u00e8re europ\u00e9enne lors des Mondiaux de Budapest en 2023 (5e). <strong>Alexis Miellet<\/strong> a appris tellement vite sur 3000 m steeple, discipline qu&rsquo;il d\u00e9couvrait cette ann\u00e9e. Et on connaissait ses derni\u00e8res lignes droites de feu.<\/p>\n<blockquote class=\"twitter-tweet\">\n<p dir=\"ltr\" lang=\"fr\">\ud83d\udca5 LE DOUBL\u00c9 !!!!!!!<\/p>\n<p>\ud83c\udfc6 Alexis Miellet est CHAMPION D&rsquo;EUROPE, Djilali Bedrani est VICE-CHAMPION D&rsquo;EUROPE !!<\/p>\n<p>\ud83d\udcbb La comp\u00e9tition est \u00e0 suivre en DIRECT sur <a href=\"https:\/\/twitter.com\/francetvsport?ref_src=twsrc%5Etfw\">@francetvsport<\/a><a href=\"https:\/\/twitter.com\/hashtag\/Roma2024?src=hash&amp;ref_src=twsrc%5Etfw\">#Roma2024<\/a> <a href=\"https:\/\/t.co\/FhtE73pmOU\">pic.twitter.com\/FhtE73pmOU<\/a><\/p>\n<p>\u2014 FFAthl\u00e9tisme (@FFAthletisme) <a href=\"https:\/\/twitter.com\/FFAthletisme\/status\/1800260016714187106?ref_src=twsrc%5Etfw\">June 10, 2024<\/a><\/p><\/blockquote>\n<p><script async src=\"https:\/\/platform.twitter.com\/widgets.js\" charset=\"utf-8\"><\/script><\/p>\n<h2>De vraies surprises<\/h2>\n<p style=\"text-align: justify;\">Autre chose int\u00e9ressante, parmi les seize m\u00e9daill\u00e9s, on a eu de vraies grandes surprises. La premi\u00e8re, immense, <a href=\"https:\/\/dicodusport.fr\/blog\/athletisme-championnats-deurope-2024-auriana-lazraq-khlass-vice-championne-deurope-de-lheptathlon\/\">venant de la toute premi\u00e8re m\u00e9daill\u00e9e <strong>Auriana Lazraq-Khlass<\/strong><\/a>, sur l&rsquo;heptathlon. La Fran\u00e7aise, bien que 4e europ\u00e9enne avant la comp\u00e9tition, pouvait difficilement esp\u00e9rer une m\u00e9daille. Et pourtant, sept records personnels plus tard, elle a \u00e9t\u00e9 sacr\u00e9e vice-championne d&rsquo;Europe. Et a lanc\u00e9 la dynamique. <a href=\"https:\/\/dicodusport.fr\/blog\/athletisme-championnats-deurope-2024-ilionis-guillaume-en-bronze-au-triple-saut\/\"><strong>Ilionis Guillaume,<\/strong> m\u00eame si on connaissait son immense potentiel, a r\u00e9ussi \u00e0 aller chercher le saut id\u00e9al<\/a> pour le bronze au triple saut, avec un record personnel. <a href=\"https:\/\/dicodusport.fr\/blog\/athletisme-championnats-deurope-2024-bronze-et-minima-olympiques-pour-thomas-gogois-au-triple-saut\/\">Comme <strong>Thomas Gogois<\/strong>, qui a claqu\u00e9 plus d&rsquo;un demi-m\u00e8tre \u00e0 son ancien record<\/a>, pour son tout premier concours en carri\u00e8re \u00e0 plus de 17 m\u00e8tres.<\/p>\n<p style=\"text-align: justify;\"><a href=\"https:\/\/dicodusport.fr\/blog\/athletisme-championnats-deurope-2024-helene-parisot-en-bronze-au-200-m\/\">C&rsquo;est \u00e9galement le cas d&rsquo;<strong>H\u00e9l\u00e8ne Parisot<\/strong>, qui a battu trois fois son record sur 200 m<\/a>, pour aller chercher \u00e9galement du bronze. Et que dire d&rsquo;<a href=\"https:\/\/dicodusport.fr\/blog\/championnats-deurope-dathletisme-2024-anais-bourgoin-medaillee-de-bronze-sur-le-800-metres\/\"><strong>Ana\u00efs Bourgoin<\/strong><\/a>, derni\u00e8re qualifi\u00e9e pour ces championnats d&rsquo;Europe, selon les crit\u00e8res de la FFA et qui repart avec le bronze sur 800 m. <a href=\"https:\/\/dicodusport.fr\/blog\/athletisme-championnats-deurope-2024-rose-loga-en-bronze-au-marteau\/\"><strong>Rose Loga<\/strong> entre \u00e9galement dans les surprises<\/a>, avec le bronze au marteau. Si la France a besoin de grands leaders capables de scorer et de tirer la d\u00e9l\u00e9gation vers le haut, elle a aussi besoin d&rsquo;athl\u00e8tes capables de se sublimer, pour s&rsquo;inviter au banquet des m\u00e9daill\u00e9s et capables de se transcender. <strong>Romain Barras<\/strong>, qui avait reproch\u00e9 aux athl\u00e8tes de ne pas l&rsquo;avoir fait, lors des Mondiaux 2023, sera forc\u00e9ment heureux de cela.<\/p>\n<h2>Les femmes ont tir\u00e9 la d\u00e9l\u00e9gation tricolore<\/h2>\n<p style=\"text-align: justify;\">On a souvent point\u00e9 du doigt les femmes, parfois en retrait dans la d\u00e9l\u00e9gation tricolore. Cette fois-ci, ce sont elles qui ont tir\u00e9 la France vers le haut. Dix m\u00e9dailles sur les seize ont \u00e9t\u00e9 remport\u00e9es par des femmes. On a eu de la course, des sauts et du lancer parmi les Fran\u00e7aises m\u00e9daill\u00e9es. Il y a deux ans, seule<strong> R\u00e9nelle Lamote<\/strong> avait \u00e9t\u00e9 m\u00e9daill\u00e9e europ\u00e9enne, sur le 800 m. En deux ans, le boom est consid\u00e9rable. Et le meilleur semble \u00e0 venir, car, \u00e0 part <strong>H\u00e9l\u00e8ne Parisot<\/strong> et <strong>Alice Finot<\/strong>, les m\u00e9daill\u00e9es sont toutes relativement jeunes. Et encore, les deux cit\u00e9es le sont quant \u00e0 leur pratique au plus haut niveau. Et peuvent avoir quelques ann\u00e9es devant elles.<\/p>\n<blockquote class=\"twitter-tweet\">\n<p dir=\"ltr\" lang=\"fr\">Nous avons donc sur ces championnats d\u2019Europe 10 m\u00e9dailles FEMININES !! Et il y en a PARTOUT : sprint, demi-fond, lancer, saut, \u00e9preuves combin\u00e9s et relais <a href=\"https:\/\/twitter.com\/hashtag\/GirlPower?src=hash&amp;ref_src=twsrc%5Etfw\">#GirlPower<\/a> <a href=\"https:\/\/twitter.com\/hashtag\/Rome2024?src=hash&amp;ref_src=twsrc%5Etfw\">#Rome2024<\/a> <a href=\"https:\/\/t.co\/Sd6fwHyJeZ\">pic.twitter.com\/Sd6fwHyJeZ<\/a><\/p>\n<p>\u2014 Juju \ud83c\udfc3\ud83c\udffb and his cat \ud83d\ude3d (@juju_track_400) <a href=\"https:\/\/twitter.com\/juju_track_400\/status\/1800996377788342680?ref_src=twsrc%5Etfw\">June 12, 2024<\/a><\/p><\/blockquote>\n<p><script async src=\"https:\/\/platform.twitter.com\/widgets.js\" charset=\"utf-8\"><\/script><\/p>\n<h2>Quelques petites d\u00e9ceptions<\/h2>\n<p style=\"text-align: justify;\">Malgr\u00e9 tout, il y a eu quelques petites d\u00e9ceptions. <strong>Azeddine Habz,<\/strong> candidat \u00e0 la m\u00e9daille, n&rsquo;a pas pu tenir son rang. Mais son cas est particulier. On rappelle que, \u00e0 cause d&rsquo;une erreur monumentale de la FFA, il n&rsquo;a failli pas courir \u00e0 Rome, requalifi\u00e9 in extremis par <em>European Athletics<\/em>. Dans quelle mesure son influx nerveux n&rsquo;a pas \u00e9t\u00e9 impact\u00e9 par ce violent \u00e9pisode de 48 heures ? En revanche, il faut le dire, c&rsquo;est plus pr\u00e9occupant pour <strong>Jimmy Gressier, <\/strong>qui semble ne pas confirmer en grand championnat. Hors de la bo\u00eete \u00e0 Munich (4e) sur 10000 m, il est encore pass\u00e9 \u00e0 c\u00f4t\u00e9 \u00e0 Rome (5e) sur la m\u00eame distance. Des bruits parlent d&rsquo;une petite blessure, mais il semble surtout ne pas \u00eatre un homme de championnat, \u00e0 l&rsquo;inverse d&rsquo;un <strong>Yann Schrub<\/strong>, double m\u00e9daill\u00e9 europ\u00e9en dans le m\u00eame temps. Les Fran\u00e7ais ont, globalement, \u00e9t\u00e9 en souffrance sur le semi-marathon.<\/p>\n<h2 style=\"text-align: justify;\">\u00c0 lire aussi<\/h2>\n<ul>\n<li><a href=\"https:\/\/dicodusport.fr\/blog\/tableau-des-medailles-athletisme-championnats-deurope-2024\/\"><strong>Le tableau des m\u00e9dailles des Championnats d&rsquo;Europe d&rsquo;athl\u00e9tisme 2024<\/strong><\/a><\/li>\n<\/ul>\n<p>&nbsp;<\/p>\n","protected":false},"excerpt":{"rendered":"<p>CHAMPIONNATS D&rsquo;EUROPE D&rsquo;ATHL\u00c9TISME 2024 &#8211; On dresse le bilan des Fran\u00e7ais, forc\u00e9ment positif, apr\u00e8s les six jours de comp\u00e9tition. Avec seize m\u00e9dailles, ils ont r\u00e9alis\u00e9 le 3e total d&rsquo;une d\u00e9l\u00e9gation bleue aux championnats d&rsquo;Europe<\/p>\n","protected":false},"author":83,"featured_media":492907,"comment_status":"open","ping_status":"closed","sticky":false,"template":"","format":"standard","meta":{"_acf_changed":false,"_daextam_enable_autolinks":"1","footnotes":""},"categories":[2308],"tags":[143,10976,16878,24],"class_list":["post-492779","post","type-post","status-publish","format-standard","has-post-thumbnail","hentry","category-athletisme","tag-athletisme","tag-athletisme-francais","tag-breve","tag-sport"],"acf":[],"yoast_head":"<!-- This site is optimized with the Yoast SEO Premium plugin v26.7 (Yoast SEO v26.7) - https:\/\/yoast.com\/wordpress\/plugins\/seo\/ -->\n<title>Athl\u00e9tisme Championnats d&#039;Europe 2024 : Bilan tr\u00e8s positif pour les Fran\u00e7ais<\/title>\n<meta name=\"description\" content=\"CHAMPIONNATS D&#039;EUROPE D&#039;ATHL\u00c9TISME 2024 - On dresse le bilan des Fran\u00e7ais, forc\u00e9ment positif, apr\u00e8s les six jours de comp\u00e9tition.\" \/>\n<meta name=\"robots\" content=\"index, follow, max-snippet:-1, max-image-preview:large, max-video-preview:-1\" \/>\n<link rel=\"canonical\" href=\"https:\/\/dicodusport.fr\/blog\/athletisme-championnats-deurope-2024-bilan-tres-positif-pour-les-francais\/\" \/>\n<meta property=\"og:locale\" content=\"fr_FR\" \/>\n<meta property=\"og:type\" content=\"article\" \/>\n<meta property=\"og:title\" content=\"Athl\u00e9tisme Championnats d&#039;Europe 2024 : Bilan tr\u00e8s positif pour les Fran\u00e7ais\" \/>\n<meta property=\"og:description\" content=\"CHAMPIONNATS D&#039;EUROPE D&#039;ATHL\u00c9TISME 2024 - On dresse le bilan des Fran\u00e7ais, forc\u00e9ment positif, apr\u00e8s les six jours de comp\u00e9tition.\" \/>\n<meta property=\"og:url\" content=\"https:\/\/dicodusport.fr\/blog\/athletisme-championnats-deurope-2024-bilan-tres-positif-pour-les-francais\/\" \/>\n<meta property=\"og:site_name\" content=\"Dicodusport\" \/>\n<meta property=\"article:publisher\" content=\"https:\/\/www.facebook.com\/dicodusport\" \/>\n<meta property=\"article:published_time\" content=\"2024-06-14T13:19:32+00:00\" \/>\n<meta property=\"article:modified_time\" content=\"2024-06-14T20:56:33+00:00\" \/>\n<meta property=\"og:image\" content=\"https:\/\/dicodusport.fr\/blog\/wp-content\/uploads\/2024\/06\/Athletisme-Championnats-dEurope-2024-Bilan-tres-positif-pour-les-Francais.png\" \/>\n\t<meta property=\"og:image:width\" content=\"1200\" \/>\n\t<meta property=\"og:image:height\" content=\"674\" \/>\n\t<meta property=\"og:image:type\" content=\"image\/png\" \/>\n<meta name=\"author\" content=\"Etienne Goursaud\" \/>\n<meta name=\"twitter:card\" content=\"summary_large_image\" \/>\n<meta name=\"twitter:title\" content=\"Athl\u00e9tisme Championnats d&#039;Europe 2024 : Bilan tr\u00e8s positif pour les Fran\u00e7ais\" \/>\n<meta name=\"twitter:creator\" content=\"@dicodusport\" \/>\n<meta name=\"twitter:site\" content=\"@dicodusport\" \/>\n<script type=\"application\/ld+json\" class=\"yoast-schema-graph\">{\"@context\":\"https:\/\/schema.org\",\"@graph\":[{\"@type\":\"NewsArticle\",\"@id\":\"https:\/\/dicodusport.fr\/blog\/athletisme-championnats-deurope-2024-bilan-tres-positif-pour-les-francais\/#article\",\"isPartOf\":{\"@id\":\"https:\/\/dicodusport.fr\/blog\/athletisme-championnats-deurope-2024-bilan-tres-positif-pour-les-francais\/\"},\"author\":{\"name\":\"Etienne Goursaud\",\"@id\":\"https:\/\/dicodusport.fr\/blog\/#\/schema\/person\/d603dd7da31fb2b46c82b9835a77ec13\"},\"headline\":\"Athl\u00e9tisme Championnats d&rsquo;Europe 2024 : Bilan tr\u00e8s positif pour les Fran\u00e7ais\",\"datePublished\":\"2024-06-14T13:19:32+00:00\",\"dateModified\":\"2024-06-14T20:56:33+00:00\",\"mainEntityOfPage\":{\"@id\":\"https:\/\/dicodusport.fr\/blog\/athletisme-championnats-deurope-2024-bilan-tres-positif-pour-les-francais\/\"},\"wordCount\":1330,\"commentCount\":0,\"publisher\":{\"@id\":\"https:\/\/dicodusport.fr\/blog\/#organization\"},\"image\":{\"@id\":\"https:\/\/dicodusport.fr\/blog\/athletisme-championnats-deurope-2024-bilan-tres-positif-pour-les-francais\/#primaryimage\"},\"thumbnailUrl\":\"https:\/\/dicodusport.fr\/blog\/wp-content\/uploads\/2024\/06\/Athletisme-Championnats-dEurope-2024-Bilan-tres-positif-pour-les-Francais.png\",\"keywords\":[\"Athl\u00e9tisme\",\"Athl\u00e9tisme fran\u00e7ais\",\"br\u00e8ve\",\"sport\"],\"articleSection\":[\"Athl\u00e9tisme\"],\"inLanguage\":\"fr-FR\",\"potentialAction\":[{\"@type\":\"CommentAction\",\"name\":\"Comment\",\"target\":[\"https:\/\/dicodusport.fr\/blog\/athletisme-championnats-deurope-2024-bilan-tres-positif-pour-les-francais\/#respond\"]}],\"copyrightYear\":\"2024\",\"copyrightHolder\":{\"@id\":\"https:\/\/dicodusport.fr\/blog\/#organization\"}},{\"@type\":\"WebPage\",\"@id\":\"https:\/\/dicodusport.fr\/blog\/athletisme-championnats-deurope-2024-bilan-tres-positif-pour-les-francais\/\",\"url\":\"https:\/\/dicodusport.fr\/blog\/athletisme-championnats-deurope-2024-bilan-tres-positif-pour-les-francais\/\",\"name\":\"Athl\u00e9tisme Championnats d'Europe 2024 : Bilan tr\u00e8s positif pour les Fran\u00e7ais\",\"isPartOf\":{\"@id\":\"https:\/\/dicodusport.fr\/blog\/#website\"},\"primaryImageOfPage\":{\"@id\":\"https:\/\/dicodusport.fr\/blog\/athletisme-championnats-deurope-2024-bilan-tres-positif-pour-les-francais\/#primaryimage\"},\"image\":{\"@id\":\"https:\/\/dicodusport.fr\/blog\/athletisme-championnats-deurope-2024-bilan-tres-positif-pour-les-francais\/#primaryimage\"},\"thumbnailUrl\":\"https:\/\/dicodusport.fr\/blog\/wp-content\/uploads\/2024\/06\/Athletisme-Championnats-dEurope-2024-Bilan-tres-positif-pour-les-Francais.png\",\"datePublished\":\"2024-06-14T13:19:32+00:00\",\"dateModified\":\"2024-06-14T20:56:33+00:00\",\"description\":\"CHAMPIONNATS D'EUROPE D'ATHL\u00c9TISME 2024 - On dresse le bilan des Fran\u00e7ais, forc\u00e9ment positif, apr\u00e8s les six jours de comp\u00e9tition.\",\"breadcrumb\":{\"@id\":\"https:\/\/dicodusport.fr\/blog\/athletisme-championnats-deurope-2024-bilan-tres-positif-pour-les-francais\/#breadcrumb\"},\"inLanguage\":\"fr-FR\",\"potentialAction\":[{\"@type\":\"ReadAction\",\"target\":[\"https:\/\/dicodusport.fr\/blog\/athletisme-championnats-deurope-2024-bilan-tres-positif-pour-les-francais\/\"]}]},{\"@type\":\"ImageObject\",\"inLanguage\":\"fr-FR\",\"@id\":\"https:\/\/dicodusport.fr\/blog\/athletisme-championnats-deurope-2024-bilan-tres-positif-pour-les-francais\/#primaryimage\",\"url\":\"https:\/\/dicodusport.fr\/blog\/wp-content\/uploads\/2024\/06\/Athletisme-Championnats-dEurope-2024-Bilan-tres-positif-pour-les-Francais.png\",\"contentUrl\":\"https:\/\/dicodusport.fr\/blog\/wp-content\/uploads\/2024\/06\/Athletisme-Championnats-dEurope-2024-Bilan-tres-positif-pour-les-Francais.png\",\"width\":1200,\"height\":674,\"caption\":\"Athl\u00e9tisme Championnats d'Europe 2024 Bilan tr\u00e8s positif pour les Fran\u00e7ais\"},{\"@type\":\"BreadcrumbList\",\"@id\":\"https:\/\/dicodusport.fr\/blog\/athletisme-championnats-deurope-2024-bilan-tres-positif-pour-les-francais\/#breadcrumb\",\"itemListElement\":[{\"@type\":\"ListItem\",\"position\":1,\"name\":\"Accueil\",\"item\":\"https:\/\/dicodusport.fr\/blog\/\"},{\"@type\":\"ListItem\",\"position\":2,\"name\":\"Athl\u00e9tisme Championnats d&rsquo;Europe 2024 : Bilan tr\u00e8s positif pour les Fran\u00e7ais\"}]},{\"@type\":\"WebSite\",\"@id\":\"https:\/\/dicodusport.fr\/blog\/#website\",\"url\":\"https:\/\/dicodusport.fr\/blog\/\",\"name\":\"Dicodusport\",\"description\":\"L&#039;encyclop\u00e9die de l&#039;actualit\u00e9 sportive\",\"publisher\":{\"@id\":\"https:\/\/dicodusport.fr\/blog\/#organization\"},\"potentialAction\":[{\"@type\":\"SearchAction\",\"target\":{\"@type\":\"EntryPoint\",\"urlTemplate\":\"https:\/\/dicodusport.fr\/blog\/?s={search_term_string}\"},\"query-input\":{\"@type\":\"PropertyValueSpecification\",\"valueRequired\":true,\"valueName\":\"search_term_string\"}}],\"inLanguage\":\"fr-FR\"},{\"@type\":\"NewsMediaOrganization\",\"@id\":\"https:\/\/dicodusport.fr\/blog\/#organization\",\"name\":\"Dicodusport\",\"url\":\"https:\/\/dicodusport.fr\/blog\/\",\"logo\":{\"@type\":\"ImageObject\",\"inLanguage\":\"fr-FR\",\"@id\":\"https:\/\/dicodusport.fr\/blog\/#\/schema\/logo\/image\/\",\"url\":\"https:\/\/dicodusport.fr\/blog\/wp-content\/uploads\/2020\/06\/cropped-LOGO-DICODUSPORT-2020-SANS-FOND-SANS-TEXTE.png\",\"contentUrl\":\"https:\/\/dicodusport.fr\/blog\/wp-content\/uploads\/2020\/06\/cropped-LOGO-DICODUSPORT-2020-SANS-FOND-SANS-TEXTE.png\",\"width\":512,\"height\":512,\"caption\":\"Dicodusport\"},\"image\":{\"@id\":\"https:\/\/dicodusport.fr\/blog\/#\/schema\/logo\/image\/\"},\"sameAs\":[\"https:\/\/www.facebook.com\/dicodusport\",\"https:\/\/x.com\/dicodusport\",\"https:\/\/www.instagram.com\/dicodusport\/\",\"https:\/\/www.youtube.com\/channel\/UC7V2KZ5sd3htJivAbA4ZG3w\"],\"description\":\"Dicodusport est l'encyclop\u00e9die de l'actualit\u00e9 sportive.\",\"email\":\"bonjour@dicodusport.fr\",\"legalName\":\"DICODUSPORT\",\"foundingDate\":\"2018-01-14\",\"vatID\":\"FR71834470973\",\"taxID\":\"83447097300043\",\"numberOfEmployees\":{\"@type\":\"QuantitativeValue\",\"minValue\":\"1\",\"maxValue\":\"10\"}},{\"@type\":\"Person\",\"@id\":\"https:\/\/dicodusport.fr\/blog\/#\/schema\/person\/d603dd7da31fb2b46c82b9835a77ec13\",\"name\":\"Etienne Goursaud\",\"image\":{\"@type\":\"ImageObject\",\"inLanguage\":\"fr-FR\",\"@id\":\"https:\/\/dicodusport.fr\/blog\/#\/schema\/person\/image\/\",\"url\":\"https:\/\/dicodusport.fr\/blog\/wp-content\/uploads\/2023\/12\/410122264_10231602061736049_5565839791558026645_n-150x150.jpg\",\"contentUrl\":\"https:\/\/dicodusport.fr\/blog\/wp-content\/uploads\/2023\/12\/410122264_10231602061736049_5565839791558026645_n-150x150.jpg\",\"caption\":\"Etienne Goursaud\"},\"description\":\"Journaliste et amoureux de sport. Ancien footballeur reconverti athl\u00e8te quand ses muscles le laissent tranquille. \u00c9lev\u00e9 \u00e0 la sauce des exploits de Thomas Voeckler en 2004, du dernier essai de l\u00e9gende de Eunice Barber \u00e0 la longueur lors des championnats du monde d'athl\u00e9tisme de 2003 mais aussi Zidane, Omeyer et Titou Lamaison.\",\"url\":\"https:\/\/dicodusport.fr\/blog\/author\/etienne-goursaud\/\"}]}<\/script>\n<!-- \/ Yoast SEO Premium plugin. -->","yoast_head_json":{"title":"Athl\u00e9tisme Championnats d'Europe 2024 : Bilan tr\u00e8s positif pour les Fran\u00e7ais","description":"CHAMPIONNATS D'EUROPE D'ATHL\u00c9TISME 2024 - On dresse le bilan des Fran\u00e7ais, forc\u00e9ment positif, apr\u00e8s les six jours de comp\u00e9tition.","robots":{"index":"index","follow":"follow","max-snippet":"max-snippet:-1","max-image-preview":"max-image-preview:large","max-video-preview":"max-video-preview:-1"},"canonical":"https:\/\/dicodusport.fr\/blog\/athletisme-championnats-deurope-2024-bilan-tres-positif-pour-les-francais\/","og_locale":"fr_FR","og_type":"article","og_title":"Athl\u00e9tisme Championnats d'Europe 2024 : Bilan tr\u00e8s positif pour les Fran\u00e7ais","og_description":"CHAMPIONNATS D'EUROPE D'ATHL\u00c9TISME 2024 - On dresse le bilan des Fran\u00e7ais, forc\u00e9ment positif, apr\u00e8s les six jours de comp\u00e9tition.","og_url":"https:\/\/dicodusport.fr\/blog\/athletisme-championnats-deurope-2024-bilan-tres-positif-pour-les-francais\/","og_site_name":"Dicodusport","article_publisher":"https:\/\/www.facebook.com\/dicodusport","article_published_time":"2024-06-14T13:19:32+00:00","article_modified_time":"2024-06-14T20:56:33+00:00","og_image":[{"width":1200,"height":674,"url":"https:\/\/dicodusport.fr\/blog\/wp-content\/uploads\/2024\/06\/Athletisme-Championnats-dEurope-2024-Bilan-tres-positif-pour-les-Francais.png","type":"image\/png"}],"author":"Etienne Goursaud","twitter_card":"summary_large_image","twitter_title":"Athl\u00e9tisme Championnats d'Europe 2024 : Bilan tr\u00e8s positif pour les Fran\u00e7ais","twitter_creator":"@dicodusport","twitter_site":"@dicodusport","schema":{"@context":"https:\/\/schema.org","@graph":[{"@type":"NewsArticle","@id":"https:\/\/dicodusport.fr\/blog\/athletisme-championnats-deurope-2024-bilan-tres-positif-pour-les-francais\/#article","isPartOf":{"@id":"https:\/\/dicodusport.fr\/blog\/athletisme-championnats-deurope-2024-bilan-tres-positif-pour-les-francais\/"},"author":{"name":"Etienne Goursaud","@id":"https:\/\/dicodusport.fr\/blog\/#\/schema\/person\/d603dd7da31fb2b46c82b9835a77ec13"},"headline":"Athl\u00e9tisme Championnats d&rsquo;Europe 2024 : Bilan tr\u00e8s positif pour les Fran\u00e7ais","datePublished":"2024-06-14T13:19:32+00:00","dateModified":"2024-06-14T20:56:33+00:00","mainEntityOfPage":{"@id":"https:\/\/dicodusport.fr\/blog\/athletisme-championnats-deurope-2024-bilan-tres-positif-pour-les-francais\/"},"wordCount":1330,"commentCount":0,"publisher":{"@id":"https:\/\/dicodusport.fr\/blog\/#organization"},"image":{"@id":"https:\/\/dicodusport.fr\/blog\/athletisme-championnats-deurope-2024-bilan-tres-positif-pour-les-francais\/#primaryimage"},"thumbnailUrl":"https:\/\/dicodusport.fr\/blog\/wp-content\/uploads\/2024\/06\/Athletisme-Championnats-dEurope-2024-Bilan-tres-positif-pour-les-Francais.png","keywords":["Athl\u00e9tisme","Athl\u00e9tisme fran\u00e7ais","br\u00e8ve","sport"],"articleSection":["Athl\u00e9tisme"],"inLanguage":"fr-FR","potentialAction":[{"@type":"CommentAction","name":"Comment","target":["https:\/\/dicodusport.fr\/blog\/athletisme-championnats-deurope-2024-bilan-tres-positif-pour-les-francais\/#respond"]}],"copyrightYear":"2024","copyrightHolder":{"@id":"https:\/\/dicodusport.fr\/blog\/#organization"}},{"@type":"WebPage","@id":"https:\/\/dicodusport.fr\/blog\/athletisme-championnats-deurope-2024-bilan-tres-positif-pour-les-francais\/","url":"https:\/\/dicodusport.fr\/blog\/athletisme-championnats-deurope-2024-bilan-tres-positif-pour-les-francais\/","name":"Athl\u00e9tisme Championnats d'Europe 2024 : Bilan tr\u00e8s positif pour les Fran\u00e7ais","isPartOf":{"@id":"https:\/\/dicodusport.fr\/blog\/#website"},"primaryImageOfPage":{"@id":"https:\/\/dicodusport.fr\/blog\/athletisme-championnats-deurope-2024-bilan-tres-positif-pour-les-francais\/#primaryimage"},"image":{"@id":"https:\/\/dicodusport.fr\/blog\/athletisme-championnats-deurope-2024-bilan-tres-positif-pour-les-francais\/#primaryimage"},"thumbnailUrl":"https:\/\/dicodusport.fr\/blog\/wp-content\/uploads\/2024\/06\/Athletisme-Championnats-dEurope-2024-Bilan-tres-positif-pour-les-Francais.png","datePublished":"2024-06-14T13:19:32+00:00","dateModified":"2024-06-14T20:56:33+00:00","description":"CHAMPIONNATS D'EUROPE D'ATHL\u00c9TISME 2024 - On dresse le bilan des Fran\u00e7ais, forc\u00e9ment positif, apr\u00e8s les six jours de comp\u00e9tition.","breadcrumb":{"@id":"https:\/\/dicodusport.fr\/blog\/athletisme-championnats-deurope-2024-bilan-tres-positif-pour-les-francais\/#breadcrumb"},"inLanguage":"fr-FR","potentialAction":[{"@type":"ReadAction","target":["https:\/\/dicodusport.fr\/blog\/athletisme-championnats-deurope-2024-bilan-tres-positif-pour-les-francais\/"]}]},{"@type":"ImageObject","inLanguage":"fr-FR","@id":"https:\/\/dicodusport.fr\/blog\/athletisme-championnats-deurope-2024-bilan-tres-positif-pour-les-francais\/#primaryimage","url":"https:\/\/dicodusport.fr\/blog\/wp-content\/uploads\/2024\/06\/Athletisme-Championnats-dEurope-2024-Bilan-tres-positif-pour-les-Francais.png","contentUrl":"https:\/\/dicodusport.fr\/blog\/wp-content\/uploads\/2024\/06\/Athletisme-Championnats-dEurope-2024-Bilan-tres-positif-pour-les-Francais.png","width":1200,"height":674,"caption":"Athl\u00e9tisme Championnats d'Europe 2024 Bilan tr\u00e8s positif pour les Fran\u00e7ais"},{"@type":"BreadcrumbList","@id":"https:\/\/dicodusport.fr\/blog\/athletisme-championnats-deurope-2024-bilan-tres-positif-pour-les-francais\/#breadcrumb","itemListElement":[{"@type":"ListItem","position":1,"name":"Accueil","item":"https:\/\/dicodusport.fr\/blog\/"},{"@type":"ListItem","position":2,"name":"Athl\u00e9tisme Championnats d&rsquo;Europe 2024 : Bilan tr\u00e8s positif pour les Fran\u00e7ais"}]},{"@type":"WebSite","@id":"https:\/\/dicodusport.fr\/blog\/#website","url":"https:\/\/dicodusport.fr\/blog\/","name":"Dicodusport","description":"L&#039;encyclop\u00e9die de l&#039;actualit\u00e9 sportive","publisher":{"@id":"https:\/\/dicodusport.fr\/blog\/#organization"},"potentialAction":[{"@type":"SearchAction","target":{"@type":"EntryPoint","urlTemplate":"https:\/\/dicodusport.fr\/blog\/?s={search_term_string}"},"query-input":{"@type":"PropertyValueSpecification","valueRequired":true,"valueName":"search_term_string"}}],"inLanguage":"fr-FR"},{"@type":"NewsMediaOrganization","@id":"https:\/\/dicodusport.fr\/blog\/#organization","name":"Dicodusport","url":"https:\/\/dicodusport.fr\/blog\/","logo":{"@type":"ImageObject","inLanguage":"fr-FR","@id":"https:\/\/dicodusport.fr\/blog\/#\/schema\/logo\/image\/","url":"https:\/\/dicodusport.fr\/blog\/wp-content\/uploads\/2020\/06\/cropped-LOGO-DICODUSPORT-2020-SANS-FOND-SANS-TEXTE.png","contentUrl":"https:\/\/dicodusport.fr\/blog\/wp-content\/uploads\/2020\/06\/cropped-LOGO-DICODUSPORT-2020-SANS-FOND-SANS-TEXTE.png","width":512,"height":512,"caption":"Dicodusport"},"image":{"@id":"https:\/\/dicodusport.fr\/blog\/#\/schema\/logo\/image\/"},"sameAs":["https:\/\/www.facebook.com\/dicodusport","https:\/\/x.com\/dicodusport","https:\/\/www.instagram.com\/dicodusport\/","https:\/\/www.youtube.com\/channel\/UC7V2KZ5sd3htJivAbA4ZG3w"],"description":"Dicodusport est l'encyclop\u00e9die de l'actualit\u00e9 sportive.","email":"bonjour@dicodusport.fr","legalName":"DICODUSPORT","foundingDate":"2018-01-14","vatID":"FR71834470973","taxID":"83447097300043","numberOfEmployees":{"@type":"QuantitativeValue","minValue":"1","maxValue":"10"}},{"@type":"Person","@id":"https:\/\/dicodusport.fr\/blog\/#\/schema\/person\/d603dd7da31fb2b46c82b9835a77ec13","name":"Etienne Goursaud","image":{"@type":"ImageObject","inLanguage":"fr-FR","@id":"https:\/\/dicodusport.fr\/blog\/#\/schema\/person\/image\/","url":"https:\/\/dicodusport.fr\/blog\/wp-content\/uploads\/2023\/12\/410122264_10231602061736049_5565839791558026645_n-150x150.jpg","contentUrl":"https:\/\/dicodusport.fr\/blog\/wp-content\/uploads\/2023\/12\/410122264_10231602061736049_5565839791558026645_n-150x150.jpg","caption":"Etienne Goursaud"},"description":"Journaliste et amoureux de sport. Ancien footballeur reconverti athl\u00e8te quand ses muscles le laissent tranquille. \u00c9lev\u00e9 \u00e0 la sauce des exploits de Thomas Voeckler en 2004, du dernier essai de l\u00e9gende de Eunice Barber \u00e0 la longueur lors des championnats du monde d'athl\u00e9tisme de 2003 mais aussi Zidane, Omeyer et Titou Lamaison.","url":"https:\/\/dicodusport.fr\/blog\/author\/etienne-goursaud\/"}]}},"_links":{"self":[{"href":"https:\/\/dicodusport.fr\/blog\/wp-json\/wp\/v2\/posts\/492779","targetHints":{"allow":["GET"]}}],"collection":[{"href":"https:\/\/dicodusport.fr\/blog\/wp-json\/wp\/v2\/posts"}],"about":[{"href":"https:\/\/dicodusport.fr\/blog\/wp-json\/wp\/v2\/types\/post"}],"author":[{"embeddable":true,"href":"https:\/\/dicodusport.fr\/blog\/wp-json\/wp\/v2\/users\/83"}],"replies":[{"embeddable":true,"href":"https:\/\/dicodusport.fr\/blog\/wp-json\/wp\/v2\/comments?post=492779"}],"version-history":[{"count":5,"href":"https:\/\/dicodusport.fr\/blog\/wp-json\/wp\/v2\/posts\/492779\/revisions"}],"predecessor-version":[{"id":493013,"href":"https:\/\/dicodusport.fr\/blog\/wp-json\/wp\/v2\/posts\/492779\/revisions\/493013"}],"wp:featuredmedia":[{"embeddable":true,"href":"https:\/\/dicodusport.fr\/blog\/wp-json\/wp\/v2\/media\/492907"}],"wp:attachment":[{"href":"https:\/\/dicodusport.fr\/blog\/wp-json\/wp\/v2\/media?parent=492779"}],"wp:term":[{"taxonomy":"category","embeddable":true,"href":"https:\/\/dicodusport.fr\/blog\/wp-json\/wp\/v2\/categories?post=492779"},{"taxonomy":"post_tag","embeddable":true,"href":"https:\/\/dicodusport.fr\/blog\/wp-json\/wp\/v2\/tags?post=492779"}],"curies":[{"name":"wp","href":"https:\/\/api.w.org\/{rel}","templated":true}]}}