{"id":493100,"date":"2024-06-15T15:53:55","date_gmt":"2024-06-15T13:53:55","guid":{"rendered":"https:\/\/dicodusport.fr\/blog\/?p=493100&#038;preview=true&#038;preview_id=493100"},"modified":"2024-06-15T17:10:52","modified_gmt":"2024-06-15T15:10:52","slug":"vtt-descente-amaury-pierron-revient-au-sommet-et-triomphe-a-val-di-sole","status":"publish","type":"post","link":"https:\/\/dicodusport.fr\/blog\/vtt-descente-amaury-pierron-revient-au-sommet-et-triomphe-a-val-di-sole\/","title":{"rendered":"VTT Descente : Amaury Pierron revient au sommet et triomphe \u00e0 Val di Sole"},"content":{"rendered":"<p style=\"text-align: justify;\"><strong><em>COUPE DU MONDE DE VTT DESCENTE 2024 &#8211; Superbe performance d&rsquo;Amaury Pierron, qui retrouve le chemin du succ\u00e8s deux ans apr\u00e8s, sans oublier Max Alran, lui aussi vainqueur, et Marine Cabirou.<\/em><\/strong><\/p>\n<p style=\"text-align: justify;\">D\u00e8s la premi\u00e8re \u00e9preuve de la journ\u00e9e \u00e0 Val di Sole, les Bleus ont frapp\u00e9 par l&rsquo;interm\u00e9diaire de <strong>Max Alran<\/strong>. D\u00e9j\u00e0 vainqueur le weekend dernier \u00e0 Saalfelden-Leogang, le Tricolore a remis \u00e7a dans la cat\u00e9gorie juniors. Une magnifique victoire acquise avec plus de deux secondes d&rsquo;avance sur l&rsquo;Am\u00e9ricain <strong>Asa Vermette<\/strong>, vainqueur des deux premi\u00e8res manches de la saison, et qui a devanc\u00e9 un autre Bleuet, <strong>Mylann Falquet<\/strong>, deuxi\u00e8me \u00e0 Bielsko-Biala le mois dernier. Un duel France-USA semble donc se dessiner pour le classement g\u00e9n\u00e9ral de la Coupe du monde juniors, alors qu&rsquo;il reste trois manches.<\/p>\n<blockquote class=\"twitter-tweet\">\n<p dir=\"ltr\" lang=\"ca\">Men Junior DHI podium: \ud83d\udc47<\/p>\n<p>\ud83e\udd47 Max ALRAN \ud83c\uddeb\ud83c\uddf7 3:49.230<br \/>\n\ud83e\udd48 Asa VERMETTE \ud83c\uddfa\ud83c\uddf8 +2.393<br \/>\n\ud83e\udd49 Mylann FALQUET \ud83c\uddeb\ud83c\uddf7 +4.173<\/p>\n<p>Full results \u27a1\ufe0f <a href=\"https:\/\/t.co\/jLBzugy3vn\">https:\/\/t.co\/jLBzugy3vn<\/a><a href=\"https:\/\/twitter.com\/hashtag\/MTBWorldCup?src=hash&amp;ref_src=twsrc%5Etfw\">#MTBWorldCup<\/a><\/p>\n<p>\u2014 UCI MTB (@UCI_MTB) <a href=\"https:\/\/twitter.com\/UCI_MTB\/status\/1801929210786685187?ref_src=twsrc%5Etfw\">June 15, 2024<\/a><\/p><\/blockquote>\n<p style=\"text-align: justify;\"><script async src=\"https:\/\/platform.twitter.com\/widgets.js\" charset=\"utf-8\"><\/script><\/p>\n<p style=\"text-align: justify;\">La deuxi\u00e8me belle carte fran\u00e7aise \u00e9tait<strong> Marine Cabirou<\/strong>, sur la course \u00e9lite dames. <a href=\"https:\/\/dicodusport.fr\/blog\/vtt-descente-marine-cabirou-remporte-la-manche-de-bielsko-biala\/\">Laur\u00e9ate de la manche de Coupe du monde de Bielsko-Biala en mai<\/a>, elle manque cependant de r\u00e9gularit\u00e9 au plus haut niveau, n&rsquo;ayant pas r\u00e9ussi \u00e0 monter sur la bo\u00eete sur les deux autres \u00e9preuves. Profitant d&rsquo;un coup de moins bien de<strong> Valentina H\u00f6ll,<\/strong> elle a lutt\u00e9 jusqu&rsquo;au bout pour la victoire, mais a \u00e9chou\u00e9 pour 32 centi\u00e8mes seulement face \u00e0 <strong>Tahnee Seagrave<\/strong>. Dommage pour elle, ainsi que pour <strong>Myriam Nicole<\/strong>, 4e aujourd&rsquo;hui, mais c&rsquo;est un r\u00e9sultat qui relance ses chances de sacre au classement g\u00e9n\u00e9ral.<\/p>\n<blockquote class=\"twitter-tweet\">\n<p dir=\"ltr\" lang=\"cs\">Women Elite DHI podium: \ud83d\udc47<\/p>\n<p>\ud83e\udd47 Tahnee SEAGRAVE \ud83c\uddec\ud83c\udde7 4:31.471<br \/>\n\ud83e\udd48 Marine CABIROU \ud83c\uddeb\ud83c\uddf7 +0.320<br \/>\n\ud83e\udd49 Monika HRASTNIK \ud83c\uddf8\ud83c\uddee +0.941<\/p>\n<p>Full results \u27a1\ufe0f <a href=\"https:\/\/t.co\/jLBzugy3vn\">https:\/\/t.co\/jLBzugy3vn<\/a><a href=\"https:\/\/twitter.com\/hashtag\/MTBWorldCup?src=hash&amp;ref_src=twsrc%5Etfw\">#MTBWorldCup<\/a><\/p>\n<p>\u2014 UCI MTB (@UCI_MTB) <a href=\"https:\/\/twitter.com\/UCI_MTB\/status\/1801945428968997232?ref_src=twsrc%5Etfw\">June 15, 2024<\/a><\/p><\/blockquote>\n<p style=\"text-align: justify;\"><script async src=\"https:\/\/platform.twitter.com\/widgets.js\" charset=\"utf-8\"><\/script><\/p>\n<p style=\"text-align: justify;\">Restait la course \u00e9lite hommes, avec un grand favori : <strong>Lo\u00efc Bruni<\/strong>. Vainqueur <a href=\"https:\/\/dicodusport.fr\/blog\/vtt-descente-loic-bruni-rafle-la-premiere-manche-de-la-coupe-du-monde\/\">\u00e0 Fort William<\/a> puis <a href=\"https:\/\/dicodusport.fr\/blog\/vtt-descente-loic-bruni-triomphe-encore-en-coupe-du-monde-a-saalfelden-leogang\/\">\u00e0 Saalfelden\u2013Leogang<\/a>, deuxi\u00e8me \u00e0 Bielsko-Biala, le tenant de la Coupe du monde marchait sur la concurrence jusqu&rsquo;ici. Ce ne sera pas le cas aujourd&rsquo;hui, puisque le Tricolore a subi sur le parcours exigeant de Val di Sole, terminant 5e. Mais la meilleure carte fran\u00e7aise se nommait <strong>Amaury Pierron<\/strong>, vainqueur des demi-finales la veille. Parti en dernier, le Fran\u00e7ais a survol\u00e9 la course, ridiculisant tous ses concurrents sur un run absolument exceptionnel. R\u00e9sultat des courses, pr\u00e8s de 5 secondes d&rsquo;avance \u00e0 l&rsquo;arriv\u00e9e ! Le vainqueur de la Coupe du monde en 2018 et 2022, apr\u00e8s des p\u00e9riodes compliqu\u00e9es, revient enfin au plus haut niveau, remporte son premier succ\u00e8s depuis juillet 2022, et c&rsquo;est la meilleure nouvelle de la journ\u00e9e des descendeurs fran\u00e7ais.<\/p>\n<blockquote class=\"twitter-tweet\">\n<p dir=\"ltr\" lang=\"ca\">Men Elite DHI podium: \ud83d\udc47<\/p>\n<p>\ud83e\udd47 Amaury PIERRON \ud83c\uddeb\ud83c\uddf7 3:39.004<br \/>\n\ud83e\udd48 Dakotah NORTON \ud83c\uddfa\ud83c\uddf8 +4.893<br \/>\n\ud83e\udd49 Finn ILES \ud83c\udde8\ud83c\udde6 +5.880<\/p>\n<p>Full results \u27a1\ufe0f <a href=\"https:\/\/t.co\/jLBzugy3vn\">https:\/\/t.co\/jLBzugy3vn<\/a><a href=\"https:\/\/twitter.com\/hashtag\/MTBWorldCup?src=hash&amp;ref_src=twsrc%5Etfw\">#MTBWorldCup<\/a><\/p>\n<p>\u2014 UCI MTB (@UCI_MTB) <a href=\"https:\/\/twitter.com\/UCI_MTB\/status\/1801975901418131784?ref_src=twsrc%5Etfw\">June 15, 2024<\/a><\/p><\/blockquote>\n<p><script async src=\"https:\/\/platform.twitter.com\/widgets.js\" charset=\"utf-8\"><\/script><\/p>\n","protected":false},"excerpt":{"rendered":"<p>COUPE DU MONDE DE VTT DESCENTE 2024 &#8211; Superbe performance d&rsquo;Amaury Pierron, qui retrouve le chemin du succ\u00e8s deux ans apr\u00e8s, sans oublier Max Alran, lui aussi vainqueur, et Marine Cabirou.<\/p>\n","protected":false},"author":59,"featured_media":493184,"comment_status":"open","ping_status":"closed","sticky":false,"template":"","format":"standard","meta":{"_acf_changed":false,"_daextam_enable_autolinks":"1","footnotes":""},"categories":[10279],"tags":[16878,12350,10993,7768],"class_list":["post-493100","post","type-post","status-publish","format-standard","has-post-thumbnail","hentry","category-vtt","tag-breve","tag-coupe-du-monde-vtt-descente","tag-marine-cabirou","tag-vtt-descente"],"acf":[],"yoast_head":"<!-- This site is optimized with the Yoast SEO Premium plugin v26.7 (Yoast SEO v26.7) - https:\/\/yoast.com\/wordpress\/plugins\/seo\/ -->\n<title>VTT Descente : Amaury Pierron revient au sommet et triomphe \u00e0 Val di Sole<\/title>\n<meta name=\"description\" content=\"COUPE DU MONDE DE VTT DESCENTE 2024 - Superbe performance d&#039;Amaury Pierron, qui retrouve le chemin du succ\u00e8s deux ans apr\u00e8s.\" \/>\n<meta name=\"robots\" content=\"index, follow, max-snippet:-1, max-image-preview:large, max-video-preview:-1\" \/>\n<link rel=\"canonical\" href=\"https:\/\/dicodusport.fr\/blog\/vtt-descente-amaury-pierron-revient-au-sommet-et-triomphe-a-val-di-sole\/\" \/>\n<meta property=\"og:locale\" content=\"fr_FR\" \/>\n<meta property=\"og:type\" content=\"article\" \/>\n<meta property=\"og:title\" content=\"VTT Descente : Amaury Pierron revient au sommet et triomphe \u00e0 Val di Sole\" \/>\n<meta property=\"og:description\" content=\"COUPE DU MONDE DE VTT DESCENTE 2024 - Superbe performance d&#039;Amaury Pierron, qui retrouve le chemin du succ\u00e8s deux ans apr\u00e8s.\" \/>\n<meta property=\"og:url\" content=\"https:\/\/dicodusport.fr\/blog\/vtt-descente-amaury-pierron-revient-au-sommet-et-triomphe-a-val-di-sole\/\" \/>\n<meta property=\"og:site_name\" content=\"Dicodusport\" \/>\n<meta property=\"article:publisher\" content=\"https:\/\/www.facebook.com\/dicodusport\" \/>\n<meta property=\"article:author\" content=\"https:\/\/www.facebook.com\/sebastien.gente\/\" \/>\n<meta property=\"article:published_time\" content=\"2024-06-15T13:53:55+00:00\" \/>\n<meta property=\"article:modified_time\" content=\"2024-06-15T15:10:52+00:00\" \/>\n<meta property=\"og:image\" content=\"https:\/\/dicodusport.fr\/blog\/wp-content\/uploads\/2024\/06\/VTT-Descente-Amaury-Pierron-revient-au-sommet-et-triomphe-a-Val-di-Sole-1.png\" \/>\n\t<meta property=\"og:image:width\" content=\"1200\" \/>\n\t<meta property=\"og:image:height\" content=\"674\" \/>\n\t<meta property=\"og:image:type\" content=\"image\/png\" \/>\n<meta name=\"author\" content=\"S\u00e9bastien Gente\" \/>\n<meta name=\"twitter:card\" content=\"summary_large_image\" \/>\n<meta name=\"twitter:title\" content=\"VTT Descente : Amaury Pierron revient au sommet et triomphe \u00e0 Val di Sole\" \/>\n<meta name=\"twitter:creator\" content=\"@https:\/\/twitter.com\/globulo24\" \/>\n<meta name=\"twitter:site\" content=\"@dicodusport\" \/>\n<script type=\"application\/ld+json\" class=\"yoast-schema-graph\">{\"@context\":\"https:\/\/schema.org\",\"@graph\":[{\"@type\":\"NewsArticle\",\"@id\":\"https:\/\/dicodusport.fr\/blog\/vtt-descente-amaury-pierron-revient-au-sommet-et-triomphe-a-val-di-sole\/#article\",\"isPartOf\":{\"@id\":\"https:\/\/dicodusport.fr\/blog\/vtt-descente-amaury-pierron-revient-au-sommet-et-triomphe-a-val-di-sole\/\"},\"author\":{\"name\":\"S\u00e9bastien Gente\",\"@id\":\"https:\/\/dicodusport.fr\/blog\/#\/schema\/person\/627966a6cde45dbd8c5e36ac85d783da\"},\"headline\":\"VTT Descente : Amaury Pierron revient au sommet et triomphe \u00e0 Val di Sole\",\"datePublished\":\"2024-06-15T13:53:55+00:00\",\"dateModified\":\"2024-06-15T15:10:52+00:00\",\"mainEntityOfPage\":{\"@id\":\"https:\/\/dicodusport.fr\/blog\/vtt-descente-amaury-pierron-revient-au-sommet-et-triomphe-a-val-di-sole\/\"},\"wordCount\":479,\"commentCount\":0,\"publisher\":{\"@id\":\"https:\/\/dicodusport.fr\/blog\/#organization\"},\"image\":{\"@id\":\"https:\/\/dicodusport.fr\/blog\/vtt-descente-amaury-pierron-revient-au-sommet-et-triomphe-a-val-di-sole\/#primaryimage\"},\"thumbnailUrl\":\"https:\/\/dicodusport.fr\/blog\/wp-content\/uploads\/2024\/06\/VTT-Descente-Amaury-Pierron-revient-au-sommet-et-triomphe-a-Val-di-Sole-1.png\",\"keywords\":[\"br\u00e8ve\",\"Coupe du monde VTT Descente\",\"Marine Cabirou\",\"VTT Descente\"],\"articleSection\":[\"VTT\"],\"inLanguage\":\"fr-FR\",\"potentialAction\":[{\"@type\":\"CommentAction\",\"name\":\"Comment\",\"target\":[\"https:\/\/dicodusport.fr\/blog\/vtt-descente-amaury-pierron-revient-au-sommet-et-triomphe-a-val-di-sole\/#respond\"]}],\"copyrightYear\":\"2024\",\"copyrightHolder\":{\"@id\":\"https:\/\/dicodusport.fr\/blog\/#organization\"}},{\"@type\":\"WebPage\",\"@id\":\"https:\/\/dicodusport.fr\/blog\/vtt-descente-amaury-pierron-revient-au-sommet-et-triomphe-a-val-di-sole\/\",\"url\":\"https:\/\/dicodusport.fr\/blog\/vtt-descente-amaury-pierron-revient-au-sommet-et-triomphe-a-val-di-sole\/\",\"name\":\"VTT Descente : Amaury Pierron revient au sommet et triomphe \u00e0 Val di Sole\",\"isPartOf\":{\"@id\":\"https:\/\/dicodusport.fr\/blog\/#website\"},\"primaryImageOfPage\":{\"@id\":\"https:\/\/dicodusport.fr\/blog\/vtt-descente-amaury-pierron-revient-au-sommet-et-triomphe-a-val-di-sole\/#primaryimage\"},\"image\":{\"@id\":\"https:\/\/dicodusport.fr\/blog\/vtt-descente-amaury-pierron-revient-au-sommet-et-triomphe-a-val-di-sole\/#primaryimage\"},\"thumbnailUrl\":\"https:\/\/dicodusport.fr\/blog\/wp-content\/uploads\/2024\/06\/VTT-Descente-Amaury-Pierron-revient-au-sommet-et-triomphe-a-Val-di-Sole-1.png\",\"datePublished\":\"2024-06-15T13:53:55+00:00\",\"dateModified\":\"2024-06-15T15:10:52+00:00\",\"description\":\"COUPE DU MONDE DE VTT DESCENTE 2024 - Superbe performance d'Amaury Pierron, qui retrouve le chemin du succ\u00e8s deux ans apr\u00e8s.\",\"breadcrumb\":{\"@id\":\"https:\/\/dicodusport.fr\/blog\/vtt-descente-amaury-pierron-revient-au-sommet-et-triomphe-a-val-di-sole\/#breadcrumb\"},\"inLanguage\":\"fr-FR\",\"potentialAction\":[{\"@type\":\"ReadAction\",\"target\":[\"https:\/\/dicodusport.fr\/blog\/vtt-descente-amaury-pierron-revient-au-sommet-et-triomphe-a-val-di-sole\/\"]}]},{\"@type\":\"ImageObject\",\"inLanguage\":\"fr-FR\",\"@id\":\"https:\/\/dicodusport.fr\/blog\/vtt-descente-amaury-pierron-revient-au-sommet-et-triomphe-a-val-di-sole\/#primaryimage\",\"url\":\"https:\/\/dicodusport.fr\/blog\/wp-content\/uploads\/2024\/06\/VTT-Descente-Amaury-Pierron-revient-au-sommet-et-triomphe-a-Val-di-Sole-1.png\",\"contentUrl\":\"https:\/\/dicodusport.fr\/blog\/wp-content\/uploads\/2024\/06\/VTT-Descente-Amaury-Pierron-revient-au-sommet-et-triomphe-a-Val-di-Sole-1.png\",\"width\":1200,\"height\":674,\"caption\":\"VTT Descente Amaury Pierron revient au sommet et triomphe \u00e0 Val di Sole\"},{\"@type\":\"BreadcrumbList\",\"@id\":\"https:\/\/dicodusport.fr\/blog\/vtt-descente-amaury-pierron-revient-au-sommet-et-triomphe-a-val-di-sole\/#breadcrumb\",\"itemListElement\":[{\"@type\":\"ListItem\",\"position\":1,\"name\":\"Accueil\",\"item\":\"https:\/\/dicodusport.fr\/blog\/\"},{\"@type\":\"ListItem\",\"position\":2,\"name\":\"VTT Descente : Amaury Pierron revient au sommet et triomphe \u00e0 Val di Sole\"}]},{\"@type\":\"WebSite\",\"@id\":\"https:\/\/dicodusport.fr\/blog\/#website\",\"url\":\"https:\/\/dicodusport.fr\/blog\/\",\"name\":\"Dicodusport\",\"description\":\"L&#039;encyclop\u00e9die de l&#039;actualit\u00e9 sportive\",\"publisher\":{\"@id\":\"https:\/\/dicodusport.fr\/blog\/#organization\"},\"potentialAction\":[{\"@type\":\"SearchAction\",\"target\":{\"@type\":\"EntryPoint\",\"urlTemplate\":\"https:\/\/dicodusport.fr\/blog\/?s={search_term_string}\"},\"query-input\":{\"@type\":\"PropertyValueSpecification\",\"valueRequired\":true,\"valueName\":\"search_term_string\"}}],\"inLanguage\":\"fr-FR\"},{\"@type\":\"NewsMediaOrganization\",\"@id\":\"https:\/\/dicodusport.fr\/blog\/#organization\",\"name\":\"Dicodusport\",\"url\":\"https:\/\/dicodusport.fr\/blog\/\",\"logo\":{\"@type\":\"ImageObject\",\"inLanguage\":\"fr-FR\",\"@id\":\"https:\/\/dicodusport.fr\/blog\/#\/schema\/logo\/image\/\",\"url\":\"https:\/\/dicodusport.fr\/blog\/wp-content\/uploads\/2020\/06\/cropped-LOGO-DICODUSPORT-2020-SANS-FOND-SANS-TEXTE.png\",\"contentUrl\":\"https:\/\/dicodusport.fr\/blog\/wp-content\/uploads\/2020\/06\/cropped-LOGO-DICODUSPORT-2020-SANS-FOND-SANS-TEXTE.png\",\"width\":512,\"height\":512,\"caption\":\"Dicodusport\"},\"image\":{\"@id\":\"https:\/\/dicodusport.fr\/blog\/#\/schema\/logo\/image\/\"},\"sameAs\":[\"https:\/\/www.facebook.com\/dicodusport\",\"https:\/\/x.com\/dicodusport\",\"https:\/\/www.instagram.com\/dicodusport\/\",\"https:\/\/www.youtube.com\/channel\/UC7V2KZ5sd3htJivAbA4ZG3w\"],\"description\":\"Dicodusport est l'encyclop\u00e9die de l'actualit\u00e9 sportive.\",\"email\":\"bonjour@dicodusport.fr\",\"legalName\":\"DICODUSPORT\",\"foundingDate\":\"2018-01-14\",\"vatID\":\"FR71834470973\",\"taxID\":\"83447097300043\",\"numberOfEmployees\":{\"@type\":\"QuantitativeValue\",\"minValue\":\"1\",\"maxValue\":\"10\"}},{\"@type\":\"Person\",\"@id\":\"https:\/\/dicodusport.fr\/blog\/#\/schema\/person\/627966a6cde45dbd8c5e36ac85d783da\",\"name\":\"S\u00e9bastien Gente\",\"image\":{\"@type\":\"ImageObject\",\"inLanguage\":\"fr-FR\",\"@id\":\"https:\/\/dicodusport.fr\/blog\/#\/schema\/person\/image\/\",\"url\":\"https:\/\/dicodusport.fr\/blog\/wp-content\/uploads\/2021\/09\/1510990_10205810251400683_4124423575079401707_n-150x150.jpg\",\"contentUrl\":\"https:\/\/dicodusport.fr\/blog\/wp-content\/uploads\/2021\/09\/1510990_10205810251400683_4124423575079401707_n-150x150.jpg\",\"caption\":\"S\u00e9bastien Gente\"},\"description\":\"John Stockton, Gianni Bugno, Zinedine Zidane, Steffi Graf, Frode Andresen, St\u00e9phane Stoecklin, Davis Kamoga, Primoz Peterka, Werner Schlager et Aur\u00e9lien Rougerie. Point commun entre ces sportifs? Ils m'ont fait r\u00eaver et ont berc\u00e9 mon adolescence. Je suis un fondu de sports et j'essaie de retranscrire ma passion \u00e0 travers mes articles. Originaire du P\u00e9rigord, ma passion pour les Girondins, les Jaunards et les Jazzmen transpire dans mes \u00e9crits. \u00c0 Dicodusport depuis 2021, je d\u00e9niche les sports m\u00e9connus dans lesquels la France brille, et il y en a !\",\"sameAs\":[\"https:\/\/www.facebook.com\/sebastien.gente\/\",\"https:\/\/www.instagram.com\/sebgente\/\",\"https:\/\/www.linkedin.com\/in\/sbastien-gente-a29583169\/\",\"https:\/\/x.com\/https:\/\/twitter.com\/globulo24\",\"SebastienGente\"],\"worksFor\":\"S\u00e9bastien GENTE\",\"url\":\"https:\/\/dicodusport.fr\/blog\/author\/sebastiengente\/\"}]}<\/script>\n<!-- \/ Yoast SEO Premium plugin. -->","yoast_head_json":{"title":"VTT Descente : Amaury Pierron revient au sommet et triomphe \u00e0 Val di Sole","description":"COUPE DU MONDE DE VTT DESCENTE 2024 - Superbe performance d'Amaury Pierron, qui retrouve le chemin du succ\u00e8s deux ans apr\u00e8s.","robots":{"index":"index","follow":"follow","max-snippet":"max-snippet:-1","max-image-preview":"max-image-preview:large","max-video-preview":"max-video-preview:-1"},"canonical":"https:\/\/dicodusport.fr\/blog\/vtt-descente-amaury-pierron-revient-au-sommet-et-triomphe-a-val-di-sole\/","og_locale":"fr_FR","og_type":"article","og_title":"VTT Descente : Amaury Pierron revient au sommet et triomphe \u00e0 Val di Sole","og_description":"COUPE DU MONDE DE VTT DESCENTE 2024 - Superbe performance d'Amaury Pierron, qui retrouve le chemin du succ\u00e8s deux ans apr\u00e8s.","og_url":"https:\/\/dicodusport.fr\/blog\/vtt-descente-amaury-pierron-revient-au-sommet-et-triomphe-a-val-di-sole\/","og_site_name":"Dicodusport","article_publisher":"https:\/\/www.facebook.com\/dicodusport","article_author":"https:\/\/www.facebook.com\/sebastien.gente\/","article_published_time":"2024-06-15T13:53:55+00:00","article_modified_time":"2024-06-15T15:10:52+00:00","og_image":[{"width":1200,"height":674,"url":"https:\/\/dicodusport.fr\/blog\/wp-content\/uploads\/2024\/06\/VTT-Descente-Amaury-Pierron-revient-au-sommet-et-triomphe-a-Val-di-Sole-1.png","type":"image\/png"}],"author":"S\u00e9bastien Gente","twitter_card":"summary_large_image","twitter_title":"VTT Descente : Amaury Pierron revient au sommet et triomphe \u00e0 Val di Sole","twitter_creator":"@https:\/\/twitter.com\/globulo24","twitter_site":"@dicodusport","schema":{"@context":"https:\/\/schema.org","@graph":[{"@type":"NewsArticle","@id":"https:\/\/dicodusport.fr\/blog\/vtt-descente-amaury-pierron-revient-au-sommet-et-triomphe-a-val-di-sole\/#article","isPartOf":{"@id":"https:\/\/dicodusport.fr\/blog\/vtt-descente-amaury-pierron-revient-au-sommet-et-triomphe-a-val-di-sole\/"},"author":{"name":"S\u00e9bastien Gente","@id":"https:\/\/dicodusport.fr\/blog\/#\/schema\/person\/627966a6cde45dbd8c5e36ac85d783da"},"headline":"VTT Descente : Amaury Pierron revient au sommet et triomphe \u00e0 Val di Sole","datePublished":"2024-06-15T13:53:55+00:00","dateModified":"2024-06-15T15:10:52+00:00","mainEntityOfPage":{"@id":"https:\/\/dicodusport.fr\/blog\/vtt-descente-amaury-pierron-revient-au-sommet-et-triomphe-a-val-di-sole\/"},"wordCount":479,"commentCount":0,"publisher":{"@id":"https:\/\/dicodusport.fr\/blog\/#organization"},"image":{"@id":"https:\/\/dicodusport.fr\/blog\/vtt-descente-amaury-pierron-revient-au-sommet-et-triomphe-a-val-di-sole\/#primaryimage"},"thumbnailUrl":"https:\/\/dicodusport.fr\/blog\/wp-content\/uploads\/2024\/06\/VTT-Descente-Amaury-Pierron-revient-au-sommet-et-triomphe-a-Val-di-Sole-1.png","keywords":["br\u00e8ve","Coupe du monde VTT Descente","Marine Cabirou","VTT Descente"],"articleSection":["VTT"],"inLanguage":"fr-FR","potentialAction":[{"@type":"CommentAction","name":"Comment","target":["https:\/\/dicodusport.fr\/blog\/vtt-descente-amaury-pierron-revient-au-sommet-et-triomphe-a-val-di-sole\/#respond"]}],"copyrightYear":"2024","copyrightHolder":{"@id":"https:\/\/dicodusport.fr\/blog\/#organization"}},{"@type":"WebPage","@id":"https:\/\/dicodusport.fr\/blog\/vtt-descente-amaury-pierron-revient-au-sommet-et-triomphe-a-val-di-sole\/","url":"https:\/\/dicodusport.fr\/blog\/vtt-descente-amaury-pierron-revient-au-sommet-et-triomphe-a-val-di-sole\/","name":"VTT Descente : Amaury Pierron revient au sommet et triomphe \u00e0 Val di Sole","isPartOf":{"@id":"https:\/\/dicodusport.fr\/blog\/#website"},"primaryImageOfPage":{"@id":"https:\/\/dicodusport.fr\/blog\/vtt-descente-amaury-pierron-revient-au-sommet-et-triomphe-a-val-di-sole\/#primaryimage"},"image":{"@id":"https:\/\/dicodusport.fr\/blog\/vtt-descente-amaury-pierron-revient-au-sommet-et-triomphe-a-val-di-sole\/#primaryimage"},"thumbnailUrl":"https:\/\/dicodusport.fr\/blog\/wp-content\/uploads\/2024\/06\/VTT-Descente-Amaury-Pierron-revient-au-sommet-et-triomphe-a-Val-di-Sole-1.png","datePublished":"2024-06-15T13:53:55+00:00","dateModified":"2024-06-15T15:10:52+00:00","description":"COUPE DU MONDE DE VTT DESCENTE 2024 - Superbe performance d'Amaury Pierron, qui retrouve le chemin du succ\u00e8s deux ans apr\u00e8s.","breadcrumb":{"@id":"https:\/\/dicodusport.fr\/blog\/vtt-descente-amaury-pierron-revient-au-sommet-et-triomphe-a-val-di-sole\/#breadcrumb"},"inLanguage":"fr-FR","potentialAction":[{"@type":"ReadAction","target":["https:\/\/dicodusport.fr\/blog\/vtt-descente-amaury-pierron-revient-au-sommet-et-triomphe-a-val-di-sole\/"]}]},{"@type":"ImageObject","inLanguage":"fr-FR","@id":"https:\/\/dicodusport.fr\/blog\/vtt-descente-amaury-pierron-revient-au-sommet-et-triomphe-a-val-di-sole\/#primaryimage","url":"https:\/\/dicodusport.fr\/blog\/wp-content\/uploads\/2024\/06\/VTT-Descente-Amaury-Pierron-revient-au-sommet-et-triomphe-a-Val-di-Sole-1.png","contentUrl":"https:\/\/dicodusport.fr\/blog\/wp-content\/uploads\/2024\/06\/VTT-Descente-Amaury-Pierron-revient-au-sommet-et-triomphe-a-Val-di-Sole-1.png","width":1200,"height":674,"caption":"VTT Descente Amaury Pierron revient au sommet et triomphe \u00e0 Val di Sole"},{"@type":"BreadcrumbList","@id":"https:\/\/dicodusport.fr\/blog\/vtt-descente-amaury-pierron-revient-au-sommet-et-triomphe-a-val-di-sole\/#breadcrumb","itemListElement":[{"@type":"ListItem","position":1,"name":"Accueil","item":"https:\/\/dicodusport.fr\/blog\/"},{"@type":"ListItem","position":2,"name":"VTT Descente : Amaury Pierron revient au sommet et triomphe \u00e0 Val di Sole"}]},{"@type":"WebSite","@id":"https:\/\/dicodusport.fr\/blog\/#website","url":"https:\/\/dicodusport.fr\/blog\/","name":"Dicodusport","description":"L&#039;encyclop\u00e9die de l&#039;actualit\u00e9 sportive","publisher":{"@id":"https:\/\/dicodusport.fr\/blog\/#organization"},"potentialAction":[{"@type":"SearchAction","target":{"@type":"EntryPoint","urlTemplate":"https:\/\/dicodusport.fr\/blog\/?s={search_term_string}"},"query-input":{"@type":"PropertyValueSpecification","valueRequired":true,"valueName":"search_term_string"}}],"inLanguage":"fr-FR"},{"@type":"NewsMediaOrganization","@id":"https:\/\/dicodusport.fr\/blog\/#organization","name":"Dicodusport","url":"https:\/\/dicodusport.fr\/blog\/","logo":{"@type":"ImageObject","inLanguage":"fr-FR","@id":"https:\/\/dicodusport.fr\/blog\/#\/schema\/logo\/image\/","url":"https:\/\/dicodusport.fr\/blog\/wp-content\/uploads\/2020\/06\/cropped-LOGO-DICODUSPORT-2020-SANS-FOND-SANS-TEXTE.png","contentUrl":"https:\/\/dicodusport.fr\/blog\/wp-content\/uploads\/2020\/06\/cropped-LOGO-DICODUSPORT-2020-SANS-FOND-SANS-TEXTE.png","width":512,"height":512,"caption":"Dicodusport"},"image":{"@id":"https:\/\/dicodusport.fr\/blog\/#\/schema\/logo\/image\/"},"sameAs":["https:\/\/www.facebook.com\/dicodusport","https:\/\/x.com\/dicodusport","https:\/\/www.instagram.com\/dicodusport\/","https:\/\/www.youtube.com\/channel\/UC7V2KZ5sd3htJivAbA4ZG3w"],"description":"Dicodusport est l'encyclop\u00e9die de l'actualit\u00e9 sportive.","email":"bonjour@dicodusport.fr","legalName":"DICODUSPORT","foundingDate":"2018-01-14","vatID":"FR71834470973","taxID":"83447097300043","numberOfEmployees":{"@type":"QuantitativeValue","minValue":"1","maxValue":"10"}},{"@type":"Person","@id":"https:\/\/dicodusport.fr\/blog\/#\/schema\/person\/627966a6cde45dbd8c5e36ac85d783da","name":"S\u00e9bastien Gente","image":{"@type":"ImageObject","inLanguage":"fr-FR","@id":"https:\/\/dicodusport.fr\/blog\/#\/schema\/person\/image\/","url":"https:\/\/dicodusport.fr\/blog\/wp-content\/uploads\/2021\/09\/1510990_10205810251400683_4124423575079401707_n-150x150.jpg","contentUrl":"https:\/\/dicodusport.fr\/blog\/wp-content\/uploads\/2021\/09\/1510990_10205810251400683_4124423575079401707_n-150x150.jpg","caption":"S\u00e9bastien Gente"},"description":"John Stockton, Gianni Bugno, Zinedine Zidane, Steffi Graf, Frode Andresen, St\u00e9phane Stoecklin, Davis Kamoga, Primoz Peterka, Werner Schlager et Aur\u00e9lien Rougerie. Point commun entre ces sportifs? Ils m'ont fait r\u00eaver et ont berc\u00e9 mon adolescence. Je suis un fondu de sports et j'essaie de retranscrire ma passion \u00e0 travers mes articles. Originaire du P\u00e9rigord, ma passion pour les Girondins, les Jaunards et les Jazzmen transpire dans mes \u00e9crits. \u00c0 Dicodusport depuis 2021, je d\u00e9niche les sports m\u00e9connus dans lesquels la France brille, et il y en a !","sameAs":["https:\/\/www.facebook.com\/sebastien.gente\/","https:\/\/www.instagram.com\/sebgente\/","https:\/\/www.linkedin.com\/in\/sbastien-gente-a29583169\/","https:\/\/x.com\/https:\/\/twitter.com\/globulo24","SebastienGente"],"worksFor":"S\u00e9bastien GENTE","url":"https:\/\/dicodusport.fr\/blog\/author\/sebastiengente\/"}]}},"_links":{"self":[{"href":"https:\/\/dicodusport.fr\/blog\/wp-json\/wp\/v2\/posts\/493100","targetHints":{"allow":["GET"]}}],"collection":[{"href":"https:\/\/dicodusport.fr\/blog\/wp-json\/wp\/v2\/posts"}],"about":[{"href":"https:\/\/dicodusport.fr\/blog\/wp-json\/wp\/v2\/types\/post"}],"author":[{"embeddable":true,"href":"https:\/\/dicodusport.fr\/blog\/wp-json\/wp\/v2\/users\/59"}],"replies":[{"embeddable":true,"href":"https:\/\/dicodusport.fr\/blog\/wp-json\/wp\/v2\/comments?post=493100"}],"version-history":[{"count":2,"href":"https:\/\/dicodusport.fr\/blog\/wp-json\/wp\/v2\/posts\/493100\/revisions"}],"predecessor-version":[{"id":493185,"href":"https:\/\/dicodusport.fr\/blog\/wp-json\/wp\/v2\/posts\/493100\/revisions\/493185"}],"wp:featuredmedia":[{"embeddable":true,"href":"https:\/\/dicodusport.fr\/blog\/wp-json\/wp\/v2\/media\/493184"}],"wp:attachment":[{"href":"https:\/\/dicodusport.fr\/blog\/wp-json\/wp\/v2\/media?parent=493100"}],"wp:term":[{"taxonomy":"category","embeddable":true,"href":"https:\/\/dicodusport.fr\/blog\/wp-json\/wp\/v2\/categories?post=493100"},{"taxonomy":"post_tag","embeddable":true,"href":"https:\/\/dicodusport.fr\/blog\/wp-json\/wp\/v2\/tags?post=493100"}],"curies":[{"name":"wp","href":"https:\/\/api.w.org\/{rel}","templated":true}]}}