{"id":493677,"date":"2024-06-17T12:19:44","date_gmt":"2024-06-17T10:19:44","guid":{"rendered":"https:\/\/dicodusport.fr\/blog\/?p=493677&#038;preview=true&#038;preview_id=493677"},"modified":"2024-06-27T11:36:13","modified_gmt":"2024-06-27T09:36:13","slug":"transferts-grenoble-steeve-blanc-mappaz-signe-en-top-14","status":"publish","type":"post","link":"https:\/\/dicodusport.fr\/blog\/transferts-grenoble-steeve-blanc-mappaz-signe-en-top-14\/","title":{"rendered":"Transferts Grenoble : Steeve Blanc-Mappaz signe en Top 14"},"content":{"rendered":"<p style=\"text-align: justify;\"><strong><em>TOP 14 2023-2024 &#8211; Selon le Midi Olympique, Steeve Blanc-Mappaz (Grenoble) s&rsquo;engage avec le LOU pour la saison 2024-2025 de Top 14.<\/em><\/strong><\/p>\n<p style=\"text-align: justify;\">Le <strong>LOU<\/strong> sort d&rsquo;une saison tr\u00e8s compliqu\u00e9e et veut se donner un nouvel \u00e9lan pour la suite. Le club rhodanien cherche notamment un nouvel entra\u00eeneur et a d\u00e9j\u00e0 r\u00e9alis\u00e9 un beau recrutement pour la saison prochaine. <strong>Cedate<\/strong> <strong>Gomes<\/strong> <strong>Sa<\/strong> (Racing 92), <strong>Tomas<\/strong> <strong>Lavanini<\/strong> (Clermont) et <strong>Th\u00e9o<\/strong> <strong>Millet<\/strong> ont notamment sign\u00e9 avec Lyon pour les saisons \u00e0 venir.<\/p>\n<ul style=\"text-align: justify;\">\n<li style=\"text-align: justify;\"><strong>\u00c0 ce sujet &#8211; <a href=\"https:\/\/dicodusport.fr\/blog\/transferts-edgar-retiere-va-quitter-toulouse-pour-signer-en-pro-d2\/\" target=\"_blank\" rel=\"noopener\">Transferts : Edgar Reti\u00e8re va quitter Toulouse pour signer en Pro D2<\/a><\/strong><\/li>\n<\/ul>\n<h2 style=\"text-align: justify;\">Steeve Blanc-Mappaz signe au LOU<\/h2>\n<p style=\"text-align: justify;\">Et le mercato lyonnais n&rsquo;est pas termin\u00e9 puisque <strong>Steeve Blanc-Mappaz<\/strong> va s&rsquo;engager pour la saison \u00e0 venir. Le capitaine de Grenoble avait annonc\u00e9 son d\u00e9part du <strong>FCG<\/strong>, il y a plusieurs semaines, mais sa destination n&rsquo;\u00e9tait pas encore connue. Plusieurs clubs de Pro D2 \u00e9tait sur le coup, mais le troisi\u00e8me ligne va finalement faire son retour en <strong>Top<\/strong> <strong>14<\/strong>.<\/p>\n<p style=\"text-align: justify;\">Apr\u00e8s six saisons en Is\u00e8re, il va donc rejoindre le <strong>LOU<\/strong> et go\u00fbter \u00e0 nouveau au Top 14. <strong>Steeve Blanc-Mappaz<\/strong> a jou\u00e9 12 matchs \u00e0 ce niveau avec le FCG lors de la saison 2018-2019. La d\u00e9faite grenobloise lors de l&rsquo;access match \u00e9tait donc bien la fin d&rsquo;une histoire, mais \u00e0 33 ans, il se lance un nouveau challenge et va donc participer \u00e0 la reconstruction du <strong>LOU<\/strong>.<\/p>\n<blockquote class=\"twitter-tweet\">\n<p dir=\"ltr\" lang=\"fr\">Steeve Blanc-Mappaz va quitter Grenoble pour rejoindre Lyon cet \u00e9t\u00e9. Le capitaine embl\u00e9matique du FCG conna\u00eetra donc le Top 14 pour la deuxi\u00e8me fois de sa carri\u00e8re apr\u00e8s \u00eatre pass\u00e9 par Chamb\u00e9ry et Vannes.<a href=\"https:\/\/t.co\/y7XLftFgl2\">https:\/\/t.co\/y7XLftFgl2<\/a><\/p>\n<p>\u2014 RUGBYRAMA (@RugbyramaFR) <a href=\"https:\/\/twitter.com\/RugbyramaFR\/status\/1802603718942027994?ref_src=twsrc%5Etfw\">June 17, 2024<\/a><\/p><\/blockquote>\n<p style=\"text-align: justify;\"><script async src=\"https:\/\/platform.twitter.com\/widgets.js\" charset=\"utf-8\"><\/script><\/p>\n","protected":false},"excerpt":{"rendered":"<p>TOP 14 2023-2024 &#8211; Selon le Midi Olympique, Steeve Blanc-Mappaz (Grenoble) s&rsquo;engage avec le LOU pour la saison 2024-2025 de Top 14.<\/p>\n","protected":false},"author":1,"featured_media":493680,"comment_status":"open","ping_status":"closed","sticky":false,"template":"","format":"standard","meta":{"_acf_changed":false,"_daextam_enable_autolinks":"1","footnotes":""},"categories":[9129,47050],"tags":[16878,1837],"class_list":["post-493677","post","type-post","status-publish","format-standard","has-post-thumbnail","hentry","category-rugby-a-xv","category-top-14","tag-breve","tag-grenoble"],"acf":[],"yoast_head":"<!-- This site is optimized with the Yoast SEO Premium plugin v26.7 (Yoast SEO v26.7) - https:\/\/yoast.com\/wordpress\/plugins\/seo\/ -->\n<title>Transferts Grenoble : Steeve Blanc-Mappaz signe en Top 14<\/title>\n<meta name=\"description\" content=\"TOP 14 2023-2024 - Selon le Midi Olympique, Steeve Blanc-Mappaz (Grenoble) s&#039;engage avec le LOU pour la saison 2024-2025 de Top 14.\" \/>\n<meta name=\"robots\" content=\"index, follow, max-snippet:-1, max-image-preview:large, max-video-preview:-1\" \/>\n<link rel=\"canonical\" href=\"https:\/\/dicodusport.fr\/blog\/transferts-grenoble-steeve-blanc-mappaz-signe-en-top-14\/\" \/>\n<meta property=\"og:locale\" content=\"fr_FR\" \/>\n<meta property=\"og:type\" content=\"article\" \/>\n<meta property=\"og:title\" content=\"Transferts Grenoble : Steeve Blanc-Mappaz signe en Top 14\" \/>\n<meta property=\"og:description\" content=\"TOP 14 2023-2024 - Selon le Midi Olympique, Steeve Blanc-Mappaz (Grenoble) s&#039;engage avec le LOU pour la saison 2024-2025 de Top 14.\" \/>\n<meta property=\"og:url\" content=\"https:\/\/dicodusport.fr\/blog\/transferts-grenoble-steeve-blanc-mappaz-signe-en-top-14\/\" \/>\n<meta property=\"og:site_name\" content=\"Dicodusport\" \/>\n<meta property=\"article:publisher\" content=\"https:\/\/www.facebook.com\/dicodusport\" \/>\n<meta property=\"article:author\" content=\"https:\/\/www.facebook.com\/dicodusport\" \/>\n<meta property=\"article:published_time\" content=\"2024-06-17T10:19:44+00:00\" \/>\n<meta property=\"article:modified_time\" content=\"2024-06-27T09:36:13+00:00\" \/>\n<meta property=\"og:image\" content=\"https:\/\/dicodusport.fr\/blog\/wp-content\/uploads\/2024\/06\/Transferts-Grenoble-Steeve-Blanc-Mappaz-signe-en-Top-14.png\" \/>\n\t<meta property=\"og:image:width\" content=\"1200\" \/>\n\t<meta property=\"og:image:height\" content=\"674\" \/>\n\t<meta property=\"og:image:type\" content=\"image\/png\" \/>\n<meta name=\"author\" content=\"Nicolas Jacquemard\" \/>\n<meta name=\"twitter:card\" content=\"summary_large_image\" \/>\n<meta name=\"twitter:title\" content=\"Transferts Grenoble : Steeve Blanc-Mappaz signe en Top 14\" \/>\n<meta name=\"twitter:creator\" content=\"@https:\/\/twitter.com\/Nico_Jacquemard\" \/>\n<meta name=\"twitter:site\" content=\"@dicodusport\" \/>\n<script type=\"application\/ld+json\" class=\"yoast-schema-graph\">{\"@context\":\"https:\/\/schema.org\",\"@graph\":[{\"@type\":\"NewsArticle\",\"@id\":\"https:\/\/dicodusport.fr\/blog\/transferts-grenoble-steeve-blanc-mappaz-signe-en-top-14\/#article\",\"isPartOf\":{\"@id\":\"https:\/\/dicodusport.fr\/blog\/transferts-grenoble-steeve-blanc-mappaz-signe-en-top-14\/\"},\"author\":{\"name\":\"Nicolas Jacquemard\",\"@id\":\"https:\/\/dicodusport.fr\/blog\/#\/schema\/person\/55dcb50ad410894e431ed812bbb70191\"},\"headline\":\"Transferts Grenoble : Steeve Blanc-Mappaz signe en Top 14\",\"datePublished\":\"2024-06-17T10:19:44+00:00\",\"dateModified\":\"2024-06-27T09:36:13+00:00\",\"mainEntityOfPage\":{\"@id\":\"https:\/\/dicodusport.fr\/blog\/transferts-grenoble-steeve-blanc-mappaz-signe-en-top-14\/\"},\"wordCount\":287,\"commentCount\":0,\"publisher\":{\"@id\":\"https:\/\/dicodusport.fr\/blog\/#organization\"},\"image\":{\"@id\":\"https:\/\/dicodusport.fr\/blog\/transferts-grenoble-steeve-blanc-mappaz-signe-en-top-14\/#primaryimage\"},\"thumbnailUrl\":\"https:\/\/dicodusport.fr\/blog\/wp-content\/uploads\/2024\/06\/Transferts-Grenoble-Steeve-Blanc-Mappaz-signe-en-Top-14.png\",\"keywords\":[\"br\u00e8ve\",\"Grenoble\"],\"articleSection\":[\"Rugby \u00e0 XV\",\"Top 14\"],\"inLanguage\":\"fr-FR\",\"potentialAction\":[{\"@type\":\"CommentAction\",\"name\":\"Comment\",\"target\":[\"https:\/\/dicodusport.fr\/blog\/transferts-grenoble-steeve-blanc-mappaz-signe-en-top-14\/#respond\"]}],\"copyrightYear\":\"2024\",\"copyrightHolder\":{\"@id\":\"https:\/\/dicodusport.fr\/blog\/#organization\"}},{\"@type\":\"WebPage\",\"@id\":\"https:\/\/dicodusport.fr\/blog\/transferts-grenoble-steeve-blanc-mappaz-signe-en-top-14\/\",\"url\":\"https:\/\/dicodusport.fr\/blog\/transferts-grenoble-steeve-blanc-mappaz-signe-en-top-14\/\",\"name\":\"Transferts Grenoble : Steeve Blanc-Mappaz signe en Top 14\",\"isPartOf\":{\"@id\":\"https:\/\/dicodusport.fr\/blog\/#website\"},\"primaryImageOfPage\":{\"@id\":\"https:\/\/dicodusport.fr\/blog\/transferts-grenoble-steeve-blanc-mappaz-signe-en-top-14\/#primaryimage\"},\"image\":{\"@id\":\"https:\/\/dicodusport.fr\/blog\/transferts-grenoble-steeve-blanc-mappaz-signe-en-top-14\/#primaryimage\"},\"thumbnailUrl\":\"https:\/\/dicodusport.fr\/blog\/wp-content\/uploads\/2024\/06\/Transferts-Grenoble-Steeve-Blanc-Mappaz-signe-en-Top-14.png\",\"datePublished\":\"2024-06-17T10:19:44+00:00\",\"dateModified\":\"2024-06-27T09:36:13+00:00\",\"description\":\"TOP 14 2023-2024 - Selon le Midi Olympique, Steeve Blanc-Mappaz (Grenoble) s'engage avec le LOU pour la saison 2024-2025 de Top 14.\",\"breadcrumb\":{\"@id\":\"https:\/\/dicodusport.fr\/blog\/transferts-grenoble-steeve-blanc-mappaz-signe-en-top-14\/#breadcrumb\"},\"inLanguage\":\"fr-FR\",\"potentialAction\":[{\"@type\":\"ReadAction\",\"target\":[\"https:\/\/dicodusport.fr\/blog\/transferts-grenoble-steeve-blanc-mappaz-signe-en-top-14\/\"]}]},{\"@type\":\"ImageObject\",\"inLanguage\":\"fr-FR\",\"@id\":\"https:\/\/dicodusport.fr\/blog\/transferts-grenoble-steeve-blanc-mappaz-signe-en-top-14\/#primaryimage\",\"url\":\"https:\/\/dicodusport.fr\/blog\/wp-content\/uploads\/2024\/06\/Transferts-Grenoble-Steeve-Blanc-Mappaz-signe-en-Top-14.png\",\"contentUrl\":\"https:\/\/dicodusport.fr\/blog\/wp-content\/uploads\/2024\/06\/Transferts-Grenoble-Steeve-Blanc-Mappaz-signe-en-Top-14.png\",\"width\":1200,\"height\":674},{\"@type\":\"BreadcrumbList\",\"@id\":\"https:\/\/dicodusport.fr\/blog\/transferts-grenoble-steeve-blanc-mappaz-signe-en-top-14\/#breadcrumb\",\"itemListElement\":[{\"@type\":\"ListItem\",\"position\":1,\"name\":\"Accueil\",\"item\":\"https:\/\/dicodusport.fr\/blog\/\"},{\"@type\":\"ListItem\",\"position\":2,\"name\":\"Transferts Grenoble : Steeve Blanc-Mappaz signe en Top 14\"}]},{\"@type\":\"WebSite\",\"@id\":\"https:\/\/dicodusport.fr\/blog\/#website\",\"url\":\"https:\/\/dicodusport.fr\/blog\/\",\"name\":\"Dicodusport\",\"description\":\"L&#039;encyclop\u00e9die de l&#039;actualit\u00e9 sportive\",\"publisher\":{\"@id\":\"https:\/\/dicodusport.fr\/blog\/#organization\"},\"potentialAction\":[{\"@type\":\"SearchAction\",\"target\":{\"@type\":\"EntryPoint\",\"urlTemplate\":\"https:\/\/dicodusport.fr\/blog\/?s={search_term_string}\"},\"query-input\":{\"@type\":\"PropertyValueSpecification\",\"valueRequired\":true,\"valueName\":\"search_term_string\"}}],\"inLanguage\":\"fr-FR\"},{\"@type\":\"NewsMediaOrganization\",\"@id\":\"https:\/\/dicodusport.fr\/blog\/#organization\",\"name\":\"Dicodusport\",\"url\":\"https:\/\/dicodusport.fr\/blog\/\",\"logo\":{\"@type\":\"ImageObject\",\"inLanguage\":\"fr-FR\",\"@id\":\"https:\/\/dicodusport.fr\/blog\/#\/schema\/logo\/image\/\",\"url\":\"https:\/\/dicodusport.fr\/blog\/wp-content\/uploads\/2020\/06\/cropped-LOGO-DICODUSPORT-2020-SANS-FOND-SANS-TEXTE.png\",\"contentUrl\":\"https:\/\/dicodusport.fr\/blog\/wp-content\/uploads\/2020\/06\/cropped-LOGO-DICODUSPORT-2020-SANS-FOND-SANS-TEXTE.png\",\"width\":512,\"height\":512,\"caption\":\"Dicodusport\"},\"image\":{\"@id\":\"https:\/\/dicodusport.fr\/blog\/#\/schema\/logo\/image\/\"},\"sameAs\":[\"https:\/\/www.facebook.com\/dicodusport\",\"https:\/\/x.com\/dicodusport\",\"https:\/\/www.instagram.com\/dicodusport\/\",\"https:\/\/www.youtube.com\/channel\/UC7V2KZ5sd3htJivAbA4ZG3w\"],\"description\":\"Dicodusport est l'encyclop\u00e9die de l'actualit\u00e9 sportive.\",\"email\":\"bonjour@dicodusport.fr\",\"legalName\":\"DICODUSPORT\",\"foundingDate\":\"2018-01-14\",\"vatID\":\"FR71834470973\",\"taxID\":\"83447097300043\",\"numberOfEmployees\":{\"@type\":\"QuantitativeValue\",\"minValue\":\"1\",\"maxValue\":\"10\"}},{\"@type\":\"Person\",\"@id\":\"https:\/\/dicodusport.fr\/blog\/#\/schema\/person\/55dcb50ad410894e431ed812bbb70191\",\"name\":\"Nicolas Jacquemard\",\"image\":{\"@type\":\"ImageObject\",\"inLanguage\":\"fr-FR\",\"@id\":\"https:\/\/dicodusport.fr\/blog\/#\/schema\/person\/image\/\",\"url\":\"https:\/\/dicodusport.fr\/blog\/wp-content\/uploads\/2021\/05\/Nicolas-Jacquemard-150x150.jpeg\",\"contentUrl\":\"https:\/\/dicodusport.fr\/blog\/wp-content\/uploads\/2021\/05\/Nicolas-Jacquemard-150x150.jpeg\",\"caption\":\"Nicolas Jacquemard\"},\"description\":\"Passionn\u00e9 de sport et entrepreneur depuis mes 18 ans, la cr\u00e9ation de Dicodusport m'a sembl\u00e9 \u00e9vidente pour participer \u00e0 la m\u00e9diatisation d'un plus grand nombre de sports. Le chemin est long mais avec une \u00e9quipe des plus motiv\u00e9es et les Jeux Olympiques de Paris 2024 en point de mire, nous y arriverons ! Journaliste dans le monde du sport depuis plus de 5 ans, je traite aussi bien de football, de rugby, de biathlon que de cyclisme.\",\"sameAs\":[\"https:\/\/www.facebook.com\/dicodusport\",\"https:\/\/x.com\/https:\/\/twitter.com\/Nico_Jacquemard\"],\"url\":\"https:\/\/dicodusport.fr\/blog\/author\/dicodusport\/\"}]}<\/script>\n<!-- \/ Yoast SEO Premium plugin. -->","yoast_head_json":{"title":"Transferts Grenoble : Steeve Blanc-Mappaz signe en Top 14","description":"TOP 14 2023-2024 - Selon le Midi Olympique, Steeve Blanc-Mappaz (Grenoble) s'engage avec le LOU pour la saison 2024-2025 de Top 14.","robots":{"index":"index","follow":"follow","max-snippet":"max-snippet:-1","max-image-preview":"max-image-preview:large","max-video-preview":"max-video-preview:-1"},"canonical":"https:\/\/dicodusport.fr\/blog\/transferts-grenoble-steeve-blanc-mappaz-signe-en-top-14\/","og_locale":"fr_FR","og_type":"article","og_title":"Transferts Grenoble : Steeve Blanc-Mappaz signe en Top 14","og_description":"TOP 14 2023-2024 - Selon le Midi Olympique, Steeve Blanc-Mappaz (Grenoble) s'engage avec le LOU pour la saison 2024-2025 de Top 14.","og_url":"https:\/\/dicodusport.fr\/blog\/transferts-grenoble-steeve-blanc-mappaz-signe-en-top-14\/","og_site_name":"Dicodusport","article_publisher":"https:\/\/www.facebook.com\/dicodusport","article_author":"https:\/\/www.facebook.com\/dicodusport","article_published_time":"2024-06-17T10:19:44+00:00","article_modified_time":"2024-06-27T09:36:13+00:00","og_image":[{"width":1200,"height":674,"url":"https:\/\/dicodusport.fr\/blog\/wp-content\/uploads\/2024\/06\/Transferts-Grenoble-Steeve-Blanc-Mappaz-signe-en-Top-14.png","type":"image\/png"}],"author":"Nicolas Jacquemard","twitter_card":"summary_large_image","twitter_title":"Transferts Grenoble : Steeve Blanc-Mappaz signe en Top 14","twitter_creator":"@https:\/\/twitter.com\/Nico_Jacquemard","twitter_site":"@dicodusport","schema":{"@context":"https:\/\/schema.org","@graph":[{"@type":"NewsArticle","@id":"https:\/\/dicodusport.fr\/blog\/transferts-grenoble-steeve-blanc-mappaz-signe-en-top-14\/#article","isPartOf":{"@id":"https:\/\/dicodusport.fr\/blog\/transferts-grenoble-steeve-blanc-mappaz-signe-en-top-14\/"},"author":{"name":"Nicolas Jacquemard","@id":"https:\/\/dicodusport.fr\/blog\/#\/schema\/person\/55dcb50ad410894e431ed812bbb70191"},"headline":"Transferts Grenoble : Steeve Blanc-Mappaz signe en Top 14","datePublished":"2024-06-17T10:19:44+00:00","dateModified":"2024-06-27T09:36:13+00:00","mainEntityOfPage":{"@id":"https:\/\/dicodusport.fr\/blog\/transferts-grenoble-steeve-blanc-mappaz-signe-en-top-14\/"},"wordCount":287,"commentCount":0,"publisher":{"@id":"https:\/\/dicodusport.fr\/blog\/#organization"},"image":{"@id":"https:\/\/dicodusport.fr\/blog\/transferts-grenoble-steeve-blanc-mappaz-signe-en-top-14\/#primaryimage"},"thumbnailUrl":"https:\/\/dicodusport.fr\/blog\/wp-content\/uploads\/2024\/06\/Transferts-Grenoble-Steeve-Blanc-Mappaz-signe-en-Top-14.png","keywords":["br\u00e8ve","Grenoble"],"articleSection":["Rugby \u00e0 XV","Top 14"],"inLanguage":"fr-FR","potentialAction":[{"@type":"CommentAction","name":"Comment","target":["https:\/\/dicodusport.fr\/blog\/transferts-grenoble-steeve-blanc-mappaz-signe-en-top-14\/#respond"]}],"copyrightYear":"2024","copyrightHolder":{"@id":"https:\/\/dicodusport.fr\/blog\/#organization"}},{"@type":"WebPage","@id":"https:\/\/dicodusport.fr\/blog\/transferts-grenoble-steeve-blanc-mappaz-signe-en-top-14\/","url":"https:\/\/dicodusport.fr\/blog\/transferts-grenoble-steeve-blanc-mappaz-signe-en-top-14\/","name":"Transferts Grenoble : Steeve Blanc-Mappaz signe en Top 14","isPartOf":{"@id":"https:\/\/dicodusport.fr\/blog\/#website"},"primaryImageOfPage":{"@id":"https:\/\/dicodusport.fr\/blog\/transferts-grenoble-steeve-blanc-mappaz-signe-en-top-14\/#primaryimage"},"image":{"@id":"https:\/\/dicodusport.fr\/blog\/transferts-grenoble-steeve-blanc-mappaz-signe-en-top-14\/#primaryimage"},"thumbnailUrl":"https:\/\/dicodusport.fr\/blog\/wp-content\/uploads\/2024\/06\/Transferts-Grenoble-Steeve-Blanc-Mappaz-signe-en-Top-14.png","datePublished":"2024-06-17T10:19:44+00:00","dateModified":"2024-06-27T09:36:13+00:00","description":"TOP 14 2023-2024 - Selon le Midi Olympique, Steeve Blanc-Mappaz (Grenoble) s'engage avec le LOU pour la saison 2024-2025 de Top 14.","breadcrumb":{"@id":"https:\/\/dicodusport.fr\/blog\/transferts-grenoble-steeve-blanc-mappaz-signe-en-top-14\/#breadcrumb"},"inLanguage":"fr-FR","potentialAction":[{"@type":"ReadAction","target":["https:\/\/dicodusport.fr\/blog\/transferts-grenoble-steeve-blanc-mappaz-signe-en-top-14\/"]}]},{"@type":"ImageObject","inLanguage":"fr-FR","@id":"https:\/\/dicodusport.fr\/blog\/transferts-grenoble-steeve-blanc-mappaz-signe-en-top-14\/#primaryimage","url":"https:\/\/dicodusport.fr\/blog\/wp-content\/uploads\/2024\/06\/Transferts-Grenoble-Steeve-Blanc-Mappaz-signe-en-Top-14.png","contentUrl":"https:\/\/dicodusport.fr\/blog\/wp-content\/uploads\/2024\/06\/Transferts-Grenoble-Steeve-Blanc-Mappaz-signe-en-Top-14.png","width":1200,"height":674},{"@type":"BreadcrumbList","@id":"https:\/\/dicodusport.fr\/blog\/transferts-grenoble-steeve-blanc-mappaz-signe-en-top-14\/#breadcrumb","itemListElement":[{"@type":"ListItem","position":1,"name":"Accueil","item":"https:\/\/dicodusport.fr\/blog\/"},{"@type":"ListItem","position":2,"name":"Transferts Grenoble : Steeve Blanc-Mappaz signe en Top 14"}]},{"@type":"WebSite","@id":"https:\/\/dicodusport.fr\/blog\/#website","url":"https:\/\/dicodusport.fr\/blog\/","name":"Dicodusport","description":"L&#039;encyclop\u00e9die de l&#039;actualit\u00e9 sportive","publisher":{"@id":"https:\/\/dicodusport.fr\/blog\/#organization"},"potentialAction":[{"@type":"SearchAction","target":{"@type":"EntryPoint","urlTemplate":"https:\/\/dicodusport.fr\/blog\/?s={search_term_string}"},"query-input":{"@type":"PropertyValueSpecification","valueRequired":true,"valueName":"search_term_string"}}],"inLanguage":"fr-FR"},{"@type":"NewsMediaOrganization","@id":"https:\/\/dicodusport.fr\/blog\/#organization","name":"Dicodusport","url":"https:\/\/dicodusport.fr\/blog\/","logo":{"@type":"ImageObject","inLanguage":"fr-FR","@id":"https:\/\/dicodusport.fr\/blog\/#\/schema\/logo\/image\/","url":"https:\/\/dicodusport.fr\/blog\/wp-content\/uploads\/2020\/06\/cropped-LOGO-DICODUSPORT-2020-SANS-FOND-SANS-TEXTE.png","contentUrl":"https:\/\/dicodusport.fr\/blog\/wp-content\/uploads\/2020\/06\/cropped-LOGO-DICODUSPORT-2020-SANS-FOND-SANS-TEXTE.png","width":512,"height":512,"caption":"Dicodusport"},"image":{"@id":"https:\/\/dicodusport.fr\/blog\/#\/schema\/logo\/image\/"},"sameAs":["https:\/\/www.facebook.com\/dicodusport","https:\/\/x.com\/dicodusport","https:\/\/www.instagram.com\/dicodusport\/","https:\/\/www.youtube.com\/channel\/UC7V2KZ5sd3htJivAbA4ZG3w"],"description":"Dicodusport est l'encyclop\u00e9die de l'actualit\u00e9 sportive.","email":"bonjour@dicodusport.fr","legalName":"DICODUSPORT","foundingDate":"2018-01-14","vatID":"FR71834470973","taxID":"83447097300043","numberOfEmployees":{"@type":"QuantitativeValue","minValue":"1","maxValue":"10"}},{"@type":"Person","@id":"https:\/\/dicodusport.fr\/blog\/#\/schema\/person\/55dcb50ad410894e431ed812bbb70191","name":"Nicolas Jacquemard","image":{"@type":"ImageObject","inLanguage":"fr-FR","@id":"https:\/\/dicodusport.fr\/blog\/#\/schema\/person\/image\/","url":"https:\/\/dicodusport.fr\/blog\/wp-content\/uploads\/2021\/05\/Nicolas-Jacquemard-150x150.jpeg","contentUrl":"https:\/\/dicodusport.fr\/blog\/wp-content\/uploads\/2021\/05\/Nicolas-Jacquemard-150x150.jpeg","caption":"Nicolas Jacquemard"},"description":"Passionn\u00e9 de sport et entrepreneur depuis mes 18 ans, la cr\u00e9ation de Dicodusport m'a sembl\u00e9 \u00e9vidente pour participer \u00e0 la m\u00e9diatisation d'un plus grand nombre de sports. Le chemin est long mais avec une \u00e9quipe des plus motiv\u00e9es et les Jeux Olympiques de Paris 2024 en point de mire, nous y arriverons ! Journaliste dans le monde du sport depuis plus de 5 ans, je traite aussi bien de football, de rugby, de biathlon que de cyclisme.","sameAs":["https:\/\/www.facebook.com\/dicodusport","https:\/\/x.com\/https:\/\/twitter.com\/Nico_Jacquemard"],"url":"https:\/\/dicodusport.fr\/blog\/author\/dicodusport\/"}]}},"_links":{"self":[{"href":"https:\/\/dicodusport.fr\/blog\/wp-json\/wp\/v2\/posts\/493677","targetHints":{"allow":["GET"]}}],"collection":[{"href":"https:\/\/dicodusport.fr\/blog\/wp-json\/wp\/v2\/posts"}],"about":[{"href":"https:\/\/dicodusport.fr\/blog\/wp-json\/wp\/v2\/types\/post"}],"author":[{"embeddable":true,"href":"https:\/\/dicodusport.fr\/blog\/wp-json\/wp\/v2\/users\/1"}],"replies":[{"embeddable":true,"href":"https:\/\/dicodusport.fr\/blog\/wp-json\/wp\/v2\/comments?post=493677"}],"version-history":[{"count":3,"href":"https:\/\/dicodusport.fr\/blog\/wp-json\/wp\/v2\/posts\/493677\/revisions"}],"predecessor-version":[{"id":493698,"href":"https:\/\/dicodusport.fr\/blog\/wp-json\/wp\/v2\/posts\/493677\/revisions\/493698"}],"wp:featuredmedia":[{"embeddable":true,"href":"https:\/\/dicodusport.fr\/blog\/wp-json\/wp\/v2\/media\/493680"}],"wp:attachment":[{"href":"https:\/\/dicodusport.fr\/blog\/wp-json\/wp\/v2\/media?parent=493677"}],"wp:term":[{"taxonomy":"category","embeddable":true,"href":"https:\/\/dicodusport.fr\/blog\/wp-json\/wp\/v2\/categories?post=493677"},{"taxonomy":"post_tag","embeddable":true,"href":"https:\/\/dicodusport.fr\/blog\/wp-json\/wp\/v2\/tags?post=493677"}],"curies":[{"name":"wp","href":"https:\/\/api.w.org\/{rel}","templated":true}]}}