{"id":494224,"date":"2024-06-23T16:43:45","date_gmt":"2024-06-23T14:43:45","guid":{"rendered":"https:\/\/dicodusport.fr\/blog\/?p=494224&#038;preview=true&#038;preview_id=494224"},"modified":"2024-06-23T16:48:20","modified_gmt":"2024-06-23T14:48:20","slug":"f1-gp-despagne-2024-horaires-programme-tv-et-resultats","status":"publish","type":"post","link":"https:\/\/dicodusport.fr\/blog\/f1-gp-despagne-2024-horaires-programme-tv-et-resultats\/","title":{"rendered":"F1 GP d&rsquo;Espagne 2024 : Horaires, programme TV et r\u00e9sultats"},"content":{"rendered":"<p style=\"text-align: justify;\"><em><b>F1 GRAND PRIX D&rsquo;ESPAGNE 2024 &#8211; Le Grand Prix d&rsquo;Espagne 2024 de Formule 1 va se d\u00e9rouler ce week-end sur le circuit Circuit de Barcelona-Catalunya. Apr\u00e8s un retour \u00e0 la victoire de Max Verstappen au Canada, va-t-il pouvoir r\u00e9it\u00e9rer ici ? Histoire, enjeux, circuit, records, m\u00e9t\u00e9o, horaires, programme TV\u2026 Soyez incollables avant la 10<\/b><sup style=\"font-weight: bold;\">\u00e8me<\/sup><b> manche du Championnat du monde de Formule 1 2024.\u00a0<\/b><\/em><\/p>\n<p style=\"text-align: justify;\">Le\u00a0<strong>Grand Prix d\u2019Espagne<\/strong>\u00a0est une manche qui est inscrite au championnat du monde de Formule 1 depuis toujours. Jusqu\u2019en 1981, le pays a accueilli 27 \u00e9ditions de Grand Prix de F1. Diff\u00e9rents circuits ont \u00e9t\u00e9 utilis\u00e9s comme ceux de Lasarte, Pedralbes, Montju\u00efc ou encore Jamara. Plusieurs l\u00e9gendes ont gagn\u00e9 sur ce circuit comme\u00a0<strong>Jackie Stewart<\/strong>,\u00a0<strong>Emerson Fittipaldi<\/strong>,\u00a0<strong>Niki Lauda<\/strong>\u00a0ou\u00a0<strong>Gilles Villeneuve<\/strong>. Apr\u00e8s quelques ann\u00e9es d\u2019arr\u00eat, la manche espagnole est revenue au calendrier en 1986 sur le circuit de Jerez de la Frontera pour 5 \u00e9ditions qui ont couronn\u00e9\u00a0<strong>Prost<\/strong>\u00a0et\u00a0<strong>Senna<\/strong>\u00a0\u00e0 deux reprises, ainsi que\u00a0<strong>Mansell<\/strong>. C\u2019est alors en 1991 que l\u2019\u00e9preuve s\u2019est install\u00e9e sur le circuit de Barcelone, et ne l\u2019a plus jamais quitt\u00e9.<\/p>\n<ul>\n<li style=\"text-align: justify;\"><strong>\u00c0 ce sujet &#8211; <a href=\"https:\/\/dicodusport.fr\/blog\/calendrier-f1-2024-dates-et-horaires-des-grands-prix\/\">Calendrier F1 2024 : Dates et horaires des Grands Prix<\/a><\/strong><\/li>\n<\/ul>\n<p style=\"text-align: justify;\">Parmi ses vainqueurs, le circuit de Barcelone compte de grands noms. Tout d\u2019abord,\u00a0<strong>Michael Schumacher<\/strong>\u00a0l\u2019a remport\u00e9 6 fois (1995, 1996, 2001, 2002, 2003 et 2004) et\u00a0<strong>Mika H\u00e4kkinen<\/strong>\u00a03 fois (1998, 1999 et 2000). Aussi, son compatriote\u00a0<strong>Kimi R\u00e4ikk\u00f6nen<\/strong>\u00a0a \u00e9t\u00e9 victorieux deux fois en Catalogne (2005 et 2008) tout comme\u00a0<strong>Fernando Alonso<\/strong>\u00a0(2006 et 2013).\u00a0<strong>Sebastian Vettel<\/strong>\u00a0n\u2019a lui gagn\u00e9 qu\u2019une fois ici, en 2011.\u00a0<strong>Lewis Hamilton<\/strong>\u00a0est plut\u00f4t en r\u00e9ussite aussi sur ce circuit avec 6 victoires \u00e0 son actif (2014, 2017, 2018, 2019, 2020 et 2021). Enfin, l\u2019\u00e9dition 2016 a \u00e9t\u00e9 le th\u00e9\u00e2tre de la toute premi\u00e8re victoire en Formule 1 de\u00a0<strong>Max Verstappen<\/strong>. Le N\u00e9erlandais s&rsquo;est aussi impos\u00e9 en 2022 et 2023.<\/p>\n<p><iframe loading=\"lazy\" title=\"Le r\u00e9sum\u00e9 du Grand Prix d'Espagne - F1\" src=\"https:\/\/www.youtube.com\/embed\/-_dEzvDBHuA\" width=\"875\" height=\"492\" frameborder=\"0\" allowfullscreen=\"allowfullscreen\"><\/iframe><\/p>\n<h2 style=\"text-align: justify;\">GP d&rsquo;Esapgne de F1 : Les d\u00e9tails du circuit de Barcelona-Catalunya<\/h2>\n<p style=\"text-align: justify;\">Le\u00a0<strong>Grand Prix d\u2019Espagne<\/strong>\u00a0se courra \u00e0 20 km au nord de Barcelone, sur le circuit de Barcelona-Catalunya. C\u2019est un trac\u00e9 complet et classique. Il a \u00e9t\u00e9 con\u00e7u avec de grands d\u00e9gagements qui sont sp\u00e9cialement constitu\u00e9s de graviers et d\u2019herbe. Le trac\u00e9 est long de 4,675 km et comporte 14 virages. La derni\u00e8re chicane ayant \u00e9t\u00e9 supprim\u00e9e. La course se d\u00e9roulera sur 66 tours, soit environ 308 km. Le circuit poss\u00e8de deux zones de DRS, pour permettre de d\u00e9passer plus facilement. Les spectateurs seront pr\u00e9sents en tribunes et en nombre !<\/p>\n<div id=\"attachment_224697\" style=\"width: 894px\" class=\"wp-caption aligncenter\"><img loading=\"lazy\" decoding=\"async\" aria-describedby=\"caption-attachment-224697\" class=\"wp-image-224697 size-full\" src=\"https:\/\/dicodusport.fr\/blog\/wp-content\/uploads\/2022\/05\/F1-GP-dEspagne-Circuit-de-Barcelona-Catalunya.png\" alt=\"Formule 1 - Circuit de Barcelona-Catalunya - Grand Prix d'Espagne\" width=\"884\" height=\"497\" srcset=\"https:\/\/dicodusport.fr\/blog\/wp-content\/uploads\/2022\/05\/F1-GP-dEspagne-Circuit-de-Barcelona-Catalunya.png 884w, https:\/\/dicodusport.fr\/blog\/wp-content\/uploads\/2022\/05\/F1-GP-dEspagne-Circuit-de-Barcelona-Catalunya-300x169.png 300w, https:\/\/dicodusport.fr\/blog\/wp-content\/uploads\/2022\/05\/F1-GP-dEspagne-Circuit-de-Barcelona-Catalunya-768x432.png 768w\" sizes=\"auto, (max-width: 884px) 100vw, 884px\" \/><p id=\"caption-attachment-224697\" class=\"wp-caption-text\">F1 &#8211; Circuit de Barcelona-Catalunya &#8211; Grand Prix d&rsquo;Espagne<\/p><\/div>\n<ul>\n<li style=\"text-align: justify;\"><strong>\u00c0 ce sujet \u2013 <a href=\"https:\/\/dicodusport.fr\/blog\/actualites\/sports-mecaniques\/formule-1\/f1-2024\/\">L&rsquo;actualit\u00e9 de la F1<\/a><\/strong><\/li>\n<\/ul>\n<p style=\"text-align: justify;\">Pour ce week-end, l\u2019\u00e9quipementier pneumatique Pirelli a d\u00fb choisir les types de pneus utilis\u00e9s par les \u00e9curies et pilotes pour les monoplaces. Cette fois-ci, Pirelli a d\u00e9cid\u00e9 d\u2019opter pour sa gamme de pneus la plus dure : C3-C2-C1, du plus tendre au plus dur. Cela fonctionne bien s\u00fbr dans le cas o\u00f9 la piste est s\u00e8che. Tout le monde aura sinon \u00e0 disposition les pneus pluie interm\u00e9diaires (verts) et les pneus super pluie (bleus) en cas d\u2019intemp\u00e9ries.<\/p>\n<p style=\"text-align: justify;\">C\u00f4t\u00e9 m\u00e9t\u00e9o, les pr\u00e9visions s&rsquo;annoncent cl\u00e9mentes vendredi et samedi avec un grand soleil. N\u00e9anmoins, dimanche, la pluie est attendue, notamment dans la matin\u00e9e. Les temp\u00e9ratures oscilleront entre 23 et 28 degr\u00e9s.<\/p>\n<h2 style=\"text-align: justify;\">Records du circuit d&rsquo;Espagne<\/h2>\n<p style=\"text-align: justify;\"><b>Lewis Hamilton<\/b>\u00a0(Mercedes) poss\u00e8de le record sur un tour en 1:16.741, r\u00e9alis\u00e9 lors de sa pole position en 2021. C\u2019est par contre le N\u00e9erlandais\u00a0<b>Max Verstappen\u00a0<\/b>(Red Bull) qui poss\u00e8de celui du meilleur tour en course avec un temps de 1:18.149 lors de la m\u00eame \u00e9dition. Les monoplaces arriv\u00e9es en 2022 \u00e9tant plus lourdes, et par cons\u00e9quent, plus lentes que les anciennes, il semble impossible de battre ces records cette ann\u00e9e.<\/p>\n<h2 style=\"text-align: justify;\">Horaires et programme TV du Grand Prix d&rsquo;Espagne 2024<\/h2>\n<table style=\"width: 100%; border-collapse: collapse;\">\n<tbody>\n<tr>\n<td style=\"background-color: #c80502; width: 800px; text-align: center; vertical-align: middle;\" colspan=\"6\"><span style=\"color: #ffffff;\"><strong>VENDREDI 21 JUIN 2024<\/strong><\/span><\/td>\n<\/tr>\n<tr>\n<td style=\"text-align: center; vertical-align: middle; width: 20%; background-color: #000000;\"><span style=\"color: #ffffff; font-size: 0.9em;\"><strong>Horaire<\/strong><\/span><\/td>\n<td style=\"text-align: center; vertical-align: middle; width: 20%; background-color: #000000;\" colspan=\"2\"><span style=\"color: #ffffff;\"><span style=\"font-size: 0.9em;\"><b>\u00c9preuve<\/b><\/span><\/span><\/td>\n<td style=\"text-align: center; vertical-align: middle; width: 20%; background-color: #000000;\"><span style=\"color: #ffffff; font-size: 0.9em;\"><strong>Meilleur temps<\/strong><\/span><\/td>\n<td style=\"text-align: center; vertical-align: middle; width: 20%; background-color: #000000;\"><span style=\"color: #ffffff; font-size: 0.9em;\"><strong>Deuxi\u00e8me temps<\/strong><\/span><\/td>\n<td style=\"text-align: center; vertical-align: middle; width: 20%; background-color: #000000;\"><span style=\"color: #ffffff; font-size: 0.9em;\"><strong>Troisi\u00e8me temps<\/strong><\/span><\/td>\n<\/tr>\n<tr>\n<td style=\"text-align: center; vertical-align: middle; width: 20%;\"><strong>13H30 &#8211; 14H30<br \/>\n<\/strong><\/td>\n<td style=\"text-align: center; vertical-align: middle;\" colspan=\"2\"><strong>Essais libres 1<br \/>\n<a href=\"https:\/\/www.formula1.com\/en\/results.html\/2024\/races\/1238\/spain\/practice-1.html\"><span style=\"font-size: 11.52px;\"><i>Classement<\/i><\/span><\/a><\/strong><\/td>\n<td style=\"text-align: center; vertical-align: middle; width: 20%;\"><span style=\"font-size: 0.9em;\"><strong><img decoding=\"async\" src=\"https:\/\/cdn-8.motorsport.com\/images\/vcl\/qYKlrX6Z\/s2\/mclaren-mercedes-mcl38-12.png\" \/><br \/>\n\ud83c\uddec\ud83c\udde7 LANDO NORRIS<br \/>\n<\/strong><span style=\"font-size: 0.8em;\">MCLAREN<br \/>\n<strong><em>1:14.228<\/em><\/strong><br \/>\n<\/span><\/span><\/td>\n<td style=\"text-align: center; vertical-align: middle; width: 20%;\"><span style=\"font-size: 0.9em;\"><strong><img decoding=\"async\" src=\"https:\/\/cdn-5.motorsport.com\/images\/vcl\/86AX5qYb\/s2\/red-bull-racing-honda-rbpt-rb2-4.png\" \/><br \/>\n\ud83c\uddf3\ud83c\uddf1 MAX VERSTAPPEN<br \/>\n<\/strong><span style=\"font-size: 0.8em;\">RED BULL<br \/>\n<strong><em>+0.024<\/em><\/strong><br \/>\n<\/span><\/span><\/td>\n<td style=\"text-align: center; vertical-align: middle; width: 20%;\"><span style=\"font-size: 0.9em;\"><strong><img decoding=\"async\" src=\"https:\/\/cdn-5.motorsport.com\/images\/vcl\/B2G3eV29\/s2\/ferrari-sf-24-4.png\" \/><br \/>\n\ud83c\uddea\ud83c\uddf8 CARLOS SAINZ<br \/>\n<\/strong><span style=\"font-size: 0.8em;\">FERRARI<br \/>\n<strong><em>+0.344<\/em><\/strong><br \/>\n<\/span><\/span><\/td>\n<\/tr>\n<tr>\n<td style=\"text-align: center; vertical-align: middle; width: 20%;\"><strong>17<\/strong><strong>H &#8211; 18H<\/strong><\/td>\n<td style=\"text-align: center; vertical-align: middle;\" colspan=\"2\"><strong>Essais libres 2<br \/>\n<a href=\"https:\/\/www.formula1.com\/en\/results.html\/2024\/races\/1238\/spain\/practice-2.html\"><span style=\"font-size: 11.52px;\"><i>Classement<\/i><\/span><\/a><br \/>\n<\/strong><\/td>\n<td style=\"text-align: center; vertical-align: middle; width: 20%;\"><span style=\"font-size: 0.9em;\"><strong><span style=\"font-size: 1.0em;\"><img decoding=\"async\" src=\"https:\/\/cdn-8.motorsport.com\/images\/vcl\/OYvDJv0V\/s2\/mercedes-f1-w15-4.png\" \/><\/span><br \/>\n\ud83c\uddec\ud83c\udde7 LEWIS HAMILTON<br \/>\n<\/strong><span style=\"font-size: 0.8em;\">MERCEDES<br \/>\n<strong><em>1:13.264<\/em><\/strong><\/span><\/span><\/td>\n<td style=\"text-align: center; vertical-align: middle; width: 20%;\"><span style=\"font-size: 0.9em;\"><strong><img decoding=\"async\" src=\"https:\/\/cdn-5.motorsport.com\/images\/vcl\/B2G3eV29\/s2\/ferrari-sf-24-4.png\" \/><br \/>\n\ud83c\uddea\ud83c\uddf8 CARLOS SAINZ<br \/>\n<\/strong><span style=\"font-size: 0.8em;\">FERRARI<br \/>\n<strong><em>+0.022<\/em><\/strong><\/span><\/span><\/td>\n<td style=\"text-align: center; vertical-align: middle; width: 20%;\"><span style=\"font-size: 0.9em;\"><strong><img decoding=\"async\" src=\"https:\/\/cdn-8.motorsport.com\/images\/vcl\/qYKlrX6Z\/s2\/mclaren-mercedes-mcl38-12.png\" \/><br \/>\n\ud83c\uddec\ud83c\udde7 LANDO NORRIS<br \/>\n<\/strong><span style=\"font-size: 0.8em;\">MCLAREN<br \/>\n<strong><em>+0.055<\/em><\/strong><br \/>\n<\/span><\/span><\/td>\n<\/tr>\n<tr>\n<td style=\"background-color: #c80502; width: 800px; vertical-align: middle; text-align: center;\" colspan=\"6\"><span style=\"color: #ffffff;\"><strong>SAMEDI 22 JUIN 2024<\/strong><\/span><span style=\"color: #ffffff;\"><strong><br \/>\n<\/strong><\/span><\/td>\n<\/tr>\n<tr style=\"text-align: justify;\">\n<td style=\"text-align: center; vertical-align: middle; width: 20%; background-color: #000000;\"><span style=\"color: #ffffff; font-size: 0.9em;\"><strong>Horaire<\/strong><\/span><\/td>\n<td style=\"text-align: center; vertical-align: middle; width: 20%; background-color: #000000;\" colspan=\"2\"><span style=\"color: #ffffff;\"><span style=\"font-size: 0.9em;\"><b>\u00c9preuve<\/b><\/span><\/span><\/td>\n<td style=\"text-align: center; vertical-align: middle; width: 20%; background-color: #000000;\"><span style=\"color: #ffffff; font-size: 0.9em;\"><strong>Meilleur temps<\/strong><\/span><\/td>\n<td style=\"text-align: center; vertical-align: middle; width: 20%; background-color: #000000;\"><span style=\"color: #ffffff; font-size: 0.9em;\"><strong>Deuxi\u00e8me temps<\/strong><\/span><\/td>\n<td style=\"text-align: center; vertical-align: middle; width: 20%; background-color: #000000;\"><span style=\"color: #ffffff; font-size: 0.9em;\"><strong>Troisi\u00e8me temps<\/strong><\/span><\/td>\n<\/tr>\n<tr style=\"text-align: justify;\">\n<td style=\"text-align: center; vertical-align: middle; width: 20%;\"><strong>12H30 &#8211; 13H30<br \/>\n<\/strong><\/td>\n<td style=\"text-align: center; vertical-align: middle;\" colspan=\"2\"><strong>Essais libres 3<br \/>\n<a href=\"https:\/\/www.formula1.com\/en\/results.html\/2024\/races\/1238\/spain\/practice-3.html\"><span style=\"font-size: 11.52px;\"><i>Classement<\/i><\/span><\/a><br \/>\n<\/strong><\/td>\n<td style=\"text-align: center; vertical-align: middle; width: 20%;\"><span style=\"font-size: 0.9em;\"><strong><img decoding=\"async\" src=\"https:\/\/cdn-5.motorsport.com\/images\/vcl\/B2G3eV29\/s2\/ferrari-sf-24-4.png\" \/><br \/>\n\ud83c\uddea\ud83c\uddf8 CARLOS SAINZ<br \/>\n<\/strong><span style=\"font-size: 0.8em;\">FERRARI<br \/>\n<strong><em>1:13.013<\/em><\/strong><br \/>\n<\/span><\/span><\/td>\n<td style=\"text-align: center; vertical-align: middle; width: 20%;\"><span style=\"font-size: 0.9em;\"><strong><img decoding=\"async\" src=\"https:\/\/cdn-8.motorsport.com\/images\/vcl\/qYKlrX6Z\/s2\/mclaren-mercedes-mcl38-12.png\" \/><br \/>\n\ud83c\uddec\ud83c\udde7 LANDO NORRIS<br \/>\n<\/strong><span style=\"font-size: 0.8em;\">MCLAREN<br \/>\n<strong><em>+0.030<\/em><\/strong><\/span><\/span><\/td>\n<td style=\"text-align: center; vertical-align: middle; width: 20%;\"><span style=\"font-size: 0.9em;\"><strong><img decoding=\"async\" src=\"https:\/\/cdn-5.motorsport.com\/images\/vcl\/B2G3eV29\/s2\/ferrari-sf-24-4.png\" \/><br \/>\n\ud83c\uddf2\ud83c\udde8 CHARLES LECLERC<br \/>\n<\/strong><span style=\"font-size: 0.8em;\">FERRARI<br \/>\n<strong><em>+0.037<\/em><\/strong><\/span><\/span><\/td>\n<\/tr>\n<tr>\n<td style=\"text-align: center; vertical-align: middle; width: 20%;\"><strong>16H &#8211; 17H<\/strong><\/td>\n<td style=\"text-align: center; vertical-align: middle; width: 20%;\" colspan=\"2\"><strong>Qualifications<span style=\"font-size: 0.9em;\"><em><span style=\"font-size: 0.8em;\"><br \/>\n<\/span><\/em><\/span><a title=\"F1 Espagne 2024 : Lando Norris s\u2019empare de la pole position d\u2019un souffle !\" href=\"https:\/\/dicodusport.fr\/blog\/f1-espagne-2024-lando-norris-sempare-de-la-pole-position-dun-souffle\/\" rel=\"\"><span style=\"font-size: 11.52px;\"><i>R\u00e9sum\u00e9<\/i><\/span><\/a> <\/strong>&#8211; <strong><a href=\"https:\/\/www.formula1.com\/en\/results.html\/2024\/races\/1238\/spain\/qualifying.html\"><span style=\"font-size: 11.52px;\"><i>Classement<\/i><\/span><\/a><br \/>\n<\/strong><\/td>\n<td style=\"text-align: center; vertical-align: middle; width: 20%;\"><span style=\"font-size: 0.9em;\"><strong><img decoding=\"async\" src=\"https:\/\/cdn-8.motorsport.com\/images\/vcl\/qYKlrX6Z\/s2\/mclaren-mercedes-mcl38-12.png\" \/><br \/>\n\ud83c\uddec\ud83c\udde7 LANDO NORRIS<br \/>\n<\/strong><span style=\"font-size: 0.8em;\">MCLAREN<br \/>\n<strong><em>1:11.383<\/em><\/strong><\/span><\/span><\/td>\n<td style=\"text-align: center; vertical-align: middle; width: 20%;\"><span style=\"font-size: 0.9em;\"><strong><img decoding=\"async\" src=\"https:\/\/cdn-5.motorsport.com\/images\/vcl\/86AX5qYb\/s2\/red-bull-racing-honda-rbpt-rb2-4.png\" \/><br \/>\n\ud83c\uddf3\ud83c\uddf1 MAX VERSTAPPEN<br \/>\n<\/strong><span style=\"font-size: 0.8em;\">RED BULL<br \/>\n<strong><em>+0.020<\/em><\/strong><\/span><\/span><\/td>\n<td style=\"text-align: center; vertical-align: middle; width: 20%;\"><span style=\"font-size: 0.9em;\"><strong><span style=\"font-size: 1.0em;\"><img decoding=\"async\" src=\"https:\/\/cdn-8.motorsport.com\/images\/vcl\/OYvDJv0V\/s2\/mercedes-f1-w15-4.png\" \/><\/span><br \/>\n\ud83c\uddec\ud83c\udde7 LEWIS HAMILTON<br \/>\n<\/strong><span style=\"font-size: 0.8em;\">MERCEDES<br \/>\n<strong><em>+0.318<\/em><\/strong><br \/>\n<\/span><\/span><\/td>\n<\/tr>\n<tr style=\"text-align: justify;\">\n<td style=\"background-color: #c80502; width: 800px; text-align: center; vertical-align: middle;\" colspan=\"6\"><span style=\"color: #ffffff;\"><strong>DIMANCHE 23 JUIN 2024<\/strong><\/span><\/td>\n<\/tr>\n<tr style=\"text-align: justify;\">\n<td style=\"text-align: center; vertical-align: middle; width: 20%; background-color: #000000;\"><span style=\"color: #ffffff; font-size: 0.9em;\"><strong>Horaire<\/strong><\/span><\/td>\n<td style=\"text-align: center; vertical-align: middle; width: 20%; background-color: #000000;\" colspan=\"2\"><span style=\"color: #ffffff;\"><span style=\"font-size: 0.9em;\"><b>\u00c9preuve<\/b><\/span><\/span><\/td>\n<td style=\"text-align: center; vertical-align: middle; width: 20%; background-color: #000000;\"><span style=\"color: #ffffff; font-size: 0.9em;\"><strong>Premier<\/strong><\/span><\/td>\n<td style=\"text-align: center; vertical-align: middle; width: 20%; background-color: #000000;\"><span style=\"color: #ffffff; font-size: 0.9em;\"><strong>Deuxi\u00e8me<\/strong><\/span><\/td>\n<td style=\"text-align: center; vertical-align: middle; width: 20%; background-color: #000000;\"><span style=\"color: #ffffff; font-size: 0.9em;\"><strong>Troisi\u00e8me<\/strong><\/span><\/td>\n<\/tr>\n<tr style=\"text-align: justify;\">\n<td style=\"text-align: center; vertical-align: middle; width: 20%;\"><strong>15H<br \/>\n<\/strong><\/td>\n<td style=\"text-align: center; vertical-align: middle; width: 20%;\" colspan=\"2\"><strong>Course<span style=\"font-size: 0.9em;\"><em><span style=\"font-size: 0.8em;\"><br \/>\n<\/span><\/em><\/span><a title=\"F1 Espagne 2024 : Max Verstappen victorieux devant Lando Norris\" href=\"https:\/\/dicodusport.fr\/blog\/f1-espagne-2024-max-verstappen-victorieux-devant-lando-norris\/\" rel=\"\"><span style=\"font-size: 11.52px;\"><i>R\u00e9sum\u00e9<\/i><\/span><\/a> &#8211; <a href=\"https:\/\/dicodusport.fr\/blog\/f1-classement-du-grand-prix-despagne-2024\/\"><span style=\"font-size: 11.52px;\"><i>Classement<\/i><\/span><\/a><br \/>\n<\/strong><\/td>\n<td style=\"text-align: center; vertical-align: middle; width: 20%;\"><span style=\"font-size: 0.9em;\"><strong><img decoding=\"async\" src=\"https:\/\/cdn-5.motorsport.com\/images\/vcl\/86AX5qYb\/s2\/red-bull-racing-honda-rbpt-rb2-4.png\" \/><br \/>\n\ud83c\uddf3\ud83c\uddf1 MAX VERSTAPPEN<br \/>\n<\/strong><span style=\"font-size: 0.8em;\">RED BULL<br \/>\n<strong><em>1:28:20.227<\/em><\/strong><\/span><\/span><\/td>\n<td style=\"text-align: center; vertical-align: middle; width: 20%;\"><span style=\"font-size: 0.9em;\"><strong><img decoding=\"async\" src=\"https:\/\/cdn-8.motorsport.com\/images\/vcl\/qYKlrX6Z\/s2\/mclaren-mercedes-mcl38-12.png\" \/><br \/>\n\ud83c\uddec\ud83c\udde7 LANDO NORRIS<br \/>\n<\/strong><span style=\"font-size: 0.8em;\">MCLAREN<br \/>\n<strong><em>+2.219<\/em><\/strong><br \/>\n<\/span><\/span><\/td>\n<td style=\"text-align: center; vertical-align: middle; width: 20%;\"><span style=\"font-size: 0.9em;\"><strong><span style=\"font-size: 1.0em;\"><img decoding=\"async\" src=\"https:\/\/cdn-8.motorsport.com\/images\/vcl\/OYvDJv0V\/s2\/mercedes-f1-w15-4.png\" \/><\/span><br \/>\n\ud83c\uddec\ud83c\udde7 LEWIS HAMILTON<br \/>\n<\/strong><span style=\"font-size: 0.8em;\">MERCEDES<br \/>\n<strong><em>+17.790<\/em><\/strong><\/span><\/span><\/td>\n<\/tr>\n<\/tbody>\n<\/table>\n<h2 style=\"text-align: justify;\">Les enjeux<\/h2>\n<p style=\"text-align: justify;\">Ce rendez-vous est la dixi\u00e8me manche du Championnat du monde 2024. Le N\u00e9erlandais <strong>Max Verstappen<\/strong>, triple champion du monde en titre, semblait un cran au-dessus de tous les pilotes au d\u00e9but de la saison, comme son \u00e9curie Red Bull d&rsquo;ailleurs. Apr\u00e8s avoir remport\u00e9 six des neuf premiers Grands Prix de la saison, il est tout de m\u00eame bien en t\u00eate du classement des pilotes avec 194 points. Son co\u00e9quipier, <strong>Sergio Perez<\/strong>, est d\u00e9sormais cinqui\u00e8me avec 107 unit\u00e9s, avec son z\u00e9ro point\u00e9 \u00e0 Monaco et au Canada. Apr\u00e8s quelques manches, d&rsquo;autres \u00e9curies continuent de s&rsquo;am\u00e9liorer comme McLaren qui a vu <strong>Lando Norris<\/strong> l&#8217;emporter \u00e0 Miami. Ferrari devrait \u00e9galement continuer d&rsquo;apporter un package d&rsquo;am\u00e9liorations et le Mon\u00e9gasque <strong>Charles Leclerc<\/strong> a gagn\u00e9 derni\u00e8rement, \u00e0 domicile. Il est toujours deuxi\u00e8me du classement des pilotes avec 138 points.<\/p>\n<p style=\"text-align: justify;\">Plus loin encore, le<em> Midfield<\/em> (monoplaces du milieu de plateau) est lui assez dense. Si l&rsquo;\u00e9curie am\u00e9ricaine <strong>Haas<\/strong> performe toujours bien et gagne quelques points, l&rsquo;\u00e9curie fran\u00e7aise <strong>Alpine<\/strong> est toujours en difficult\u00e9 et doit remonter la pente apr\u00e8s un d\u00e9but de saison tr\u00e8s compliqu\u00e9. D&rsquo;ailleurs, Alpine a m\u00eame d\u00e9cid\u00e9 de se s\u00e9parer d&rsquo;<strong>Esteban Ocon<\/strong> en fin de saison et on se demande qui le remplacera. De plus, 9 des 20 pilotes poss\u00e8dent un contrat qui se termine cette ann\u00e9e et des rumeurs voient <strong>Max Verstappen<\/strong> quitter les taureaux rouges. Alors, que va donner le march\u00e9 des transferts, autrement appel\u00e9 la <em>Silly Season<\/em> ? D&rsquo;ailleurs, \u00e7a bouge d\u00e9j\u00e0, puisque <strong>Sergio Perez<\/strong> a prolong\u00e9 chez Red Bull pour au moins l&rsquo;ann\u00e9e prochaine.<\/p>\n<ul>\n<li style=\"text-align: justify;\"><strong>\u00c0 ce sujet \u2013 <a href=\"https:\/\/dicodusport.fr\/blog\/les-salaires-des-pilotes-de-f1-en-2024\/\">Les salaires des pilotes de F1 en 2024<\/a><\/strong><\/li>\n<li style=\"text-align: justify;\"><strong>\u00c0 ce sujet \u2013\u00a0<a href=\"https:\/\/dicodusport.fr\/blog\/f1-classement-championnat-du-monde-des-pilotes-2024\/\">F1 2024 \u2013 Classement Championnat du monde des pilotes<\/a><\/strong><\/li>\n<li style=\"text-align: justify;\"><strong>\u00c0 ce sujet \u2013\u00a0<a href=\"https:\/\/dicodusport.fr\/blog\/f1-classement-championnat-du-monde-des-constructeurs-2024\/\">F1 2024 \u2013 Classement Championnat du monde des constructeurs<\/a><\/strong><\/li>\n<\/ul>\n","protected":false},"excerpt":{"rendered":"<p>Horaires, programme, cha\u00eene TV, r\u00e9sultats : ce qu&rsquo;il faut savoir sur la 10\u00e8me manche de Formule 1 2024 \u00e0 Barcelone.<\/p>\n","protected":false},"author":54,"featured_media":494346,"comment_status":"open","ping_status":"closed","sticky":false,"template":"","format":"standard","meta":{"_acf_changed":false,"_daextam_enable_autolinks":"1","footnotes":""},"categories":[8653],"tags":[16878,16486,2065],"class_list":["post-494224","post","type-post","status-publish","format-standard","has-post-thumbnail","hentry","category-formule-1","tag-breve","tag-f1-espagne","tag-formule-1"],"acf":[],"yoast_head":"<!-- This site is optimized with the Yoast SEO Premium plugin v26.7 (Yoast SEO v26.7) - https:\/\/yoast.com\/wordpress\/plugins\/seo\/ -->\n<title>F1 GP d&#039;Espagne 2024 : Horaires, programme TV et r\u00e9sultats<\/title>\n<meta name=\"description\" content=\"F1 GP ESPAGNE 2024 - Horaires, programme, cha\u00eene TV, r\u00e9sultats : ce qu&#039;il faut savoir sur la 10\u00e8me manche de Formule 1 2024 \u00e0 Barcelone.\" \/>\n<meta name=\"robots\" content=\"index, follow, max-snippet:-1, max-image-preview:large, max-video-preview:-1\" \/>\n<link rel=\"canonical\" href=\"https:\/\/dicodusport.fr\/blog\/f1-gp-despagne-2024-horaires-programme-tv-et-resultats\/\" \/>\n<meta property=\"og:locale\" content=\"fr_FR\" \/>\n<meta property=\"og:type\" content=\"article\" \/>\n<meta property=\"og:title\" content=\"F1 GP d&#039;Espagne 2024 : Horaires, programme TV et r\u00e9sultats\" \/>\n<meta property=\"og:description\" content=\"F1 GP ESPAGNE 2024 - Horaires, programme, cha\u00eene TV, r\u00e9sultats : ce qu&#039;il faut savoir sur la 10\u00e8me manche de Formule 1 2024 \u00e0 Barcelone.\" \/>\n<meta property=\"og:url\" content=\"https:\/\/dicodusport.fr\/blog\/f1-gp-despagne-2024-horaires-programme-tv-et-resultats\/\" \/>\n<meta property=\"og:site_name\" content=\"Dicodusport\" \/>\n<meta property=\"article:publisher\" content=\"https:\/\/www.facebook.com\/dicodusport\" \/>\n<meta property=\"article:author\" content=\"https:\/\/www.facebook.com\/roxane.lecacher\" \/>\n<meta property=\"article:published_time\" content=\"2024-06-23T14:43:45+00:00\" \/>\n<meta property=\"article:modified_time\" content=\"2024-06-23T14:48:20+00:00\" \/>\n<meta property=\"og:image\" content=\"https:\/\/dicodusport.fr\/blog\/wp-content\/uploads\/2024\/06\/F1-GP-dEspagne-2024-Horaires-programme-TV-et-resultats.png\" \/>\n\t<meta property=\"og:image:width\" content=\"1200\" \/>\n\t<meta property=\"og:image:height\" content=\"674\" \/>\n\t<meta property=\"og:image:type\" content=\"image\/png\" \/>\n<meta name=\"author\" content=\"Roxane Lecacher\" \/>\n<meta name=\"twitter:card\" content=\"summary_large_image\" \/>\n<meta name=\"twitter:title\" content=\"F1 GP d&#039;Espagne 2024 : Horaires, programme TV et r\u00e9sultats\" \/>\n<meta name=\"twitter:creator\" content=\"@dicodusport\" \/>\n<meta name=\"twitter:site\" content=\"@dicodusport\" \/>\n<script type=\"application\/ld+json\" class=\"yoast-schema-graph\">{\"@context\":\"https:\/\/schema.org\",\"@graph\":[{\"@type\":\"NewsArticle\",\"@id\":\"https:\/\/dicodusport.fr\/blog\/f1-gp-despagne-2024-horaires-programme-tv-et-resultats\/#article\",\"isPartOf\":{\"@id\":\"https:\/\/dicodusport.fr\/blog\/f1-gp-despagne-2024-horaires-programme-tv-et-resultats\/\"},\"author\":{\"name\":\"Roxane Lecacher\",\"@id\":\"https:\/\/dicodusport.fr\/blog\/#\/schema\/person\/819fb2545dd2715bd7c0580d6d4b411a\"},\"headline\":\"F1 GP d&rsquo;Espagne 2024 : Horaires, programme TV et r\u00e9sultats\",\"datePublished\":\"2024-06-23T14:43:45+00:00\",\"dateModified\":\"2024-06-23T14:48:20+00:00\",\"mainEntityOfPage\":{\"@id\":\"https:\/\/dicodusport.fr\/blog\/f1-gp-despagne-2024-horaires-programme-tv-et-resultats\/\"},\"wordCount\":1088,\"commentCount\":0,\"publisher\":{\"@id\":\"https:\/\/dicodusport.fr\/blog\/#organization\"},\"image\":{\"@id\":\"https:\/\/dicodusport.fr\/blog\/f1-gp-despagne-2024-horaires-programme-tv-et-resultats\/#primaryimage\"},\"thumbnailUrl\":\"https:\/\/dicodusport.fr\/blog\/wp-content\/uploads\/2024\/06\/F1-GP-dEspagne-2024-Horaires-programme-TV-et-resultats.png\",\"keywords\":[\"br\u00e8ve\",\"F1 Espagne\",\"Formule 1\"],\"articleSection\":[\"Formule 1\"],\"inLanguage\":\"fr-FR\",\"potentialAction\":[{\"@type\":\"CommentAction\",\"name\":\"Comment\",\"target\":[\"https:\/\/dicodusport.fr\/blog\/f1-gp-despagne-2024-horaires-programme-tv-et-resultats\/#respond\"]}],\"copyrightYear\":\"2024\",\"copyrightHolder\":{\"@id\":\"https:\/\/dicodusport.fr\/blog\/#organization\"}},{\"@type\":\"WebPage\",\"@id\":\"https:\/\/dicodusport.fr\/blog\/f1-gp-despagne-2024-horaires-programme-tv-et-resultats\/\",\"url\":\"https:\/\/dicodusport.fr\/blog\/f1-gp-despagne-2024-horaires-programme-tv-et-resultats\/\",\"name\":\"F1 GP d'Espagne 2024 : Horaires, programme TV et r\u00e9sultats\",\"isPartOf\":{\"@id\":\"https:\/\/dicodusport.fr\/blog\/#website\"},\"primaryImageOfPage\":{\"@id\":\"https:\/\/dicodusport.fr\/blog\/f1-gp-despagne-2024-horaires-programme-tv-et-resultats\/#primaryimage\"},\"image\":{\"@id\":\"https:\/\/dicodusport.fr\/blog\/f1-gp-despagne-2024-horaires-programme-tv-et-resultats\/#primaryimage\"},\"thumbnailUrl\":\"https:\/\/dicodusport.fr\/blog\/wp-content\/uploads\/2024\/06\/F1-GP-dEspagne-2024-Horaires-programme-TV-et-resultats.png\",\"datePublished\":\"2024-06-23T14:43:45+00:00\",\"dateModified\":\"2024-06-23T14:48:20+00:00\",\"description\":\"F1 GP ESPAGNE 2024 - Horaires, programme, cha\u00eene TV, r\u00e9sultats : ce qu'il faut savoir sur la 10\u00e8me manche de Formule 1 2024 \u00e0 Barcelone.\",\"breadcrumb\":{\"@id\":\"https:\/\/dicodusport.fr\/blog\/f1-gp-despagne-2024-horaires-programme-tv-et-resultats\/#breadcrumb\"},\"inLanguage\":\"fr-FR\",\"potentialAction\":[{\"@type\":\"ReadAction\",\"target\":[\"https:\/\/dicodusport.fr\/blog\/f1-gp-despagne-2024-horaires-programme-tv-et-resultats\/\"]}]},{\"@type\":\"ImageObject\",\"inLanguage\":\"fr-FR\",\"@id\":\"https:\/\/dicodusport.fr\/blog\/f1-gp-despagne-2024-horaires-programme-tv-et-resultats\/#primaryimage\",\"url\":\"https:\/\/dicodusport.fr\/blog\/wp-content\/uploads\/2024\/06\/F1-GP-dEspagne-2024-Horaires-programme-TV-et-resultats.png\",\"contentUrl\":\"https:\/\/dicodusport.fr\/blog\/wp-content\/uploads\/2024\/06\/F1-GP-dEspagne-2024-Horaires-programme-TV-et-resultats.png\",\"width\":1200,\"height\":674,\"caption\":\"F1 GP d'Espagne 2024 Horaires, programme TV et r\u00e9sultats\"},{\"@type\":\"BreadcrumbList\",\"@id\":\"https:\/\/dicodusport.fr\/blog\/f1-gp-despagne-2024-horaires-programme-tv-et-resultats\/#breadcrumb\",\"itemListElement\":[{\"@type\":\"ListItem\",\"position\":1,\"name\":\"Accueil\",\"item\":\"https:\/\/dicodusport.fr\/blog\/\"},{\"@type\":\"ListItem\",\"position\":2,\"name\":\"F1 GP d&rsquo;Espagne 2024 : Horaires, programme TV et r\u00e9sultats\"}]},{\"@type\":\"WebSite\",\"@id\":\"https:\/\/dicodusport.fr\/blog\/#website\",\"url\":\"https:\/\/dicodusport.fr\/blog\/\",\"name\":\"Dicodusport\",\"description\":\"L&#039;encyclop\u00e9die de l&#039;actualit\u00e9 sportive\",\"publisher\":{\"@id\":\"https:\/\/dicodusport.fr\/blog\/#organization\"},\"potentialAction\":[{\"@type\":\"SearchAction\",\"target\":{\"@type\":\"EntryPoint\",\"urlTemplate\":\"https:\/\/dicodusport.fr\/blog\/?s={search_term_string}\"},\"query-input\":{\"@type\":\"PropertyValueSpecification\",\"valueRequired\":true,\"valueName\":\"search_term_string\"}}],\"inLanguage\":\"fr-FR\"},{\"@type\":\"NewsMediaOrganization\",\"@id\":\"https:\/\/dicodusport.fr\/blog\/#organization\",\"name\":\"Dicodusport\",\"url\":\"https:\/\/dicodusport.fr\/blog\/\",\"logo\":{\"@type\":\"ImageObject\",\"inLanguage\":\"fr-FR\",\"@id\":\"https:\/\/dicodusport.fr\/blog\/#\/schema\/logo\/image\/\",\"url\":\"https:\/\/dicodusport.fr\/blog\/wp-content\/uploads\/2020\/06\/cropped-LOGO-DICODUSPORT-2020-SANS-FOND-SANS-TEXTE.png\",\"contentUrl\":\"https:\/\/dicodusport.fr\/blog\/wp-content\/uploads\/2020\/06\/cropped-LOGO-DICODUSPORT-2020-SANS-FOND-SANS-TEXTE.png\",\"width\":512,\"height\":512,\"caption\":\"Dicodusport\"},\"image\":{\"@id\":\"https:\/\/dicodusport.fr\/blog\/#\/schema\/logo\/image\/\"},\"sameAs\":[\"https:\/\/www.facebook.com\/dicodusport\",\"https:\/\/x.com\/dicodusport\",\"https:\/\/www.instagram.com\/dicodusport\/\",\"https:\/\/www.youtube.com\/channel\/UC7V2KZ5sd3htJivAbA4ZG3w\"],\"description\":\"Dicodusport est l'encyclop\u00e9die de l'actualit\u00e9 sportive.\",\"email\":\"bonjour@dicodusport.fr\",\"legalName\":\"DICODUSPORT\",\"foundingDate\":\"2018-01-14\",\"vatID\":\"FR71834470973\",\"taxID\":\"83447097300043\",\"numberOfEmployees\":{\"@type\":\"QuantitativeValue\",\"minValue\":\"1\",\"maxValue\":\"10\"}},{\"@type\":\"Person\",\"@id\":\"https:\/\/dicodusport.fr\/blog\/#\/schema\/person\/819fb2545dd2715bd7c0580d6d4b411a\",\"name\":\"Roxane Lecacher\",\"image\":{\"@type\":\"ImageObject\",\"inLanguage\":\"fr-FR\",\"@id\":\"https:\/\/dicodusport.fr\/blog\/#\/schema\/person\/image\/\",\"url\":\"https:\/\/dicodusport.fr\/blog\/wp-content\/uploads\/2021\/05\/Roxane-Lecacher-150x150.jpg\",\"contentUrl\":\"https:\/\/dicodusport.fr\/blog\/wp-content\/uploads\/2021\/05\/Roxane-Lecacher-150x150.jpg\",\"caption\":\"Roxane Lecacher\"},\"description\":\"Journaliste\/r\u00e9dactrice depuis janvier 2021 - N\u00e9e quelques jours avant la premi\u00e8re \u00e9toile des Bleus, je baigne dans une famille tr\u00e8s sportive. Je n\u2019ai eu d\u2019autres choix que de me passionner pour le sujet. Pratiquante de l\u2019athl\u00e9tisme depuis toute petite, j\u2019ai aussi un attrait tout particulier pour la Formule 1, le biathlon et le foot. Pendant les grands \u00e9v\u00e9nements, il est impossible de d\u00e9crocher de ma t\u00e9l\u00e9. C\u2019est \u00e0 travers Dicodusport que j\u2019aime d\u00e9sormais vous transmettre mes \u00e9motions et ma passion.\",\"sameAs\":[\"https:\/\/www.facebook.com\/roxane.lecacher\",\"https:\/\/fr.linkedin.com\/in\/roxane-lecacher-23368313b\"],\"url\":\"https:\/\/dicodusport.fr\/blog\/author\/roxanel\/\"}]}<\/script>\n<!-- \/ Yoast SEO Premium plugin. -->","yoast_head_json":{"title":"F1 GP d'Espagne 2024 : Horaires, programme TV et r\u00e9sultats","description":"F1 GP ESPAGNE 2024 - Horaires, programme, cha\u00eene TV, r\u00e9sultats : ce qu'il faut savoir sur la 10\u00e8me manche de Formule 1 2024 \u00e0 Barcelone.","robots":{"index":"index","follow":"follow","max-snippet":"max-snippet:-1","max-image-preview":"max-image-preview:large","max-video-preview":"max-video-preview:-1"},"canonical":"https:\/\/dicodusport.fr\/blog\/f1-gp-despagne-2024-horaires-programme-tv-et-resultats\/","og_locale":"fr_FR","og_type":"article","og_title":"F1 GP d'Espagne 2024 : Horaires, programme TV et r\u00e9sultats","og_description":"F1 GP ESPAGNE 2024 - Horaires, programme, cha\u00eene TV, r\u00e9sultats : ce qu'il faut savoir sur la 10\u00e8me manche de Formule 1 2024 \u00e0 Barcelone.","og_url":"https:\/\/dicodusport.fr\/blog\/f1-gp-despagne-2024-horaires-programme-tv-et-resultats\/","og_site_name":"Dicodusport","article_publisher":"https:\/\/www.facebook.com\/dicodusport","article_author":"https:\/\/www.facebook.com\/roxane.lecacher","article_published_time":"2024-06-23T14:43:45+00:00","article_modified_time":"2024-06-23T14:48:20+00:00","og_image":[{"width":1200,"height":674,"url":"https:\/\/dicodusport.fr\/blog\/wp-content\/uploads\/2024\/06\/F1-GP-dEspagne-2024-Horaires-programme-TV-et-resultats.png","type":"image\/png"}],"author":"Roxane Lecacher","twitter_card":"summary_large_image","twitter_title":"F1 GP d'Espagne 2024 : Horaires, programme TV et r\u00e9sultats","twitter_creator":"@dicodusport","twitter_site":"@dicodusport","schema":{"@context":"https:\/\/schema.org","@graph":[{"@type":"NewsArticle","@id":"https:\/\/dicodusport.fr\/blog\/f1-gp-despagne-2024-horaires-programme-tv-et-resultats\/#article","isPartOf":{"@id":"https:\/\/dicodusport.fr\/blog\/f1-gp-despagne-2024-horaires-programme-tv-et-resultats\/"},"author":{"name":"Roxane Lecacher","@id":"https:\/\/dicodusport.fr\/blog\/#\/schema\/person\/819fb2545dd2715bd7c0580d6d4b411a"},"headline":"F1 GP d&rsquo;Espagne 2024 : Horaires, programme TV et r\u00e9sultats","datePublished":"2024-06-23T14:43:45+00:00","dateModified":"2024-06-23T14:48:20+00:00","mainEntityOfPage":{"@id":"https:\/\/dicodusport.fr\/blog\/f1-gp-despagne-2024-horaires-programme-tv-et-resultats\/"},"wordCount":1088,"commentCount":0,"publisher":{"@id":"https:\/\/dicodusport.fr\/blog\/#organization"},"image":{"@id":"https:\/\/dicodusport.fr\/blog\/f1-gp-despagne-2024-horaires-programme-tv-et-resultats\/#primaryimage"},"thumbnailUrl":"https:\/\/dicodusport.fr\/blog\/wp-content\/uploads\/2024\/06\/F1-GP-dEspagne-2024-Horaires-programme-TV-et-resultats.png","keywords":["br\u00e8ve","F1 Espagne","Formule 1"],"articleSection":["Formule 1"],"inLanguage":"fr-FR","potentialAction":[{"@type":"CommentAction","name":"Comment","target":["https:\/\/dicodusport.fr\/blog\/f1-gp-despagne-2024-horaires-programme-tv-et-resultats\/#respond"]}],"copyrightYear":"2024","copyrightHolder":{"@id":"https:\/\/dicodusport.fr\/blog\/#organization"}},{"@type":"WebPage","@id":"https:\/\/dicodusport.fr\/blog\/f1-gp-despagne-2024-horaires-programme-tv-et-resultats\/","url":"https:\/\/dicodusport.fr\/blog\/f1-gp-despagne-2024-horaires-programme-tv-et-resultats\/","name":"F1 GP d'Espagne 2024 : Horaires, programme TV et r\u00e9sultats","isPartOf":{"@id":"https:\/\/dicodusport.fr\/blog\/#website"},"primaryImageOfPage":{"@id":"https:\/\/dicodusport.fr\/blog\/f1-gp-despagne-2024-horaires-programme-tv-et-resultats\/#primaryimage"},"image":{"@id":"https:\/\/dicodusport.fr\/blog\/f1-gp-despagne-2024-horaires-programme-tv-et-resultats\/#primaryimage"},"thumbnailUrl":"https:\/\/dicodusport.fr\/blog\/wp-content\/uploads\/2024\/06\/F1-GP-dEspagne-2024-Horaires-programme-TV-et-resultats.png","datePublished":"2024-06-23T14:43:45+00:00","dateModified":"2024-06-23T14:48:20+00:00","description":"F1 GP ESPAGNE 2024 - Horaires, programme, cha\u00eene TV, r\u00e9sultats : ce qu'il faut savoir sur la 10\u00e8me manche de Formule 1 2024 \u00e0 Barcelone.","breadcrumb":{"@id":"https:\/\/dicodusport.fr\/blog\/f1-gp-despagne-2024-horaires-programme-tv-et-resultats\/#breadcrumb"},"inLanguage":"fr-FR","potentialAction":[{"@type":"ReadAction","target":["https:\/\/dicodusport.fr\/blog\/f1-gp-despagne-2024-horaires-programme-tv-et-resultats\/"]}]},{"@type":"ImageObject","inLanguage":"fr-FR","@id":"https:\/\/dicodusport.fr\/blog\/f1-gp-despagne-2024-horaires-programme-tv-et-resultats\/#primaryimage","url":"https:\/\/dicodusport.fr\/blog\/wp-content\/uploads\/2024\/06\/F1-GP-dEspagne-2024-Horaires-programme-TV-et-resultats.png","contentUrl":"https:\/\/dicodusport.fr\/blog\/wp-content\/uploads\/2024\/06\/F1-GP-dEspagne-2024-Horaires-programme-TV-et-resultats.png","width":1200,"height":674,"caption":"F1 GP d'Espagne 2024 Horaires, programme TV et r\u00e9sultats"},{"@type":"BreadcrumbList","@id":"https:\/\/dicodusport.fr\/blog\/f1-gp-despagne-2024-horaires-programme-tv-et-resultats\/#breadcrumb","itemListElement":[{"@type":"ListItem","position":1,"name":"Accueil","item":"https:\/\/dicodusport.fr\/blog\/"},{"@type":"ListItem","position":2,"name":"F1 GP d&rsquo;Espagne 2024 : Horaires, programme TV et r\u00e9sultats"}]},{"@type":"WebSite","@id":"https:\/\/dicodusport.fr\/blog\/#website","url":"https:\/\/dicodusport.fr\/blog\/","name":"Dicodusport","description":"L&#039;encyclop\u00e9die de l&#039;actualit\u00e9 sportive","publisher":{"@id":"https:\/\/dicodusport.fr\/blog\/#organization"},"potentialAction":[{"@type":"SearchAction","target":{"@type":"EntryPoint","urlTemplate":"https:\/\/dicodusport.fr\/blog\/?s={search_term_string}"},"query-input":{"@type":"PropertyValueSpecification","valueRequired":true,"valueName":"search_term_string"}}],"inLanguage":"fr-FR"},{"@type":"NewsMediaOrganization","@id":"https:\/\/dicodusport.fr\/blog\/#organization","name":"Dicodusport","url":"https:\/\/dicodusport.fr\/blog\/","logo":{"@type":"ImageObject","inLanguage":"fr-FR","@id":"https:\/\/dicodusport.fr\/blog\/#\/schema\/logo\/image\/","url":"https:\/\/dicodusport.fr\/blog\/wp-content\/uploads\/2020\/06\/cropped-LOGO-DICODUSPORT-2020-SANS-FOND-SANS-TEXTE.png","contentUrl":"https:\/\/dicodusport.fr\/blog\/wp-content\/uploads\/2020\/06\/cropped-LOGO-DICODUSPORT-2020-SANS-FOND-SANS-TEXTE.png","width":512,"height":512,"caption":"Dicodusport"},"image":{"@id":"https:\/\/dicodusport.fr\/blog\/#\/schema\/logo\/image\/"},"sameAs":["https:\/\/www.facebook.com\/dicodusport","https:\/\/x.com\/dicodusport","https:\/\/www.instagram.com\/dicodusport\/","https:\/\/www.youtube.com\/channel\/UC7V2KZ5sd3htJivAbA4ZG3w"],"description":"Dicodusport est l'encyclop\u00e9die de l'actualit\u00e9 sportive.","email":"bonjour@dicodusport.fr","legalName":"DICODUSPORT","foundingDate":"2018-01-14","vatID":"FR71834470973","taxID":"83447097300043","numberOfEmployees":{"@type":"QuantitativeValue","minValue":"1","maxValue":"10"}},{"@type":"Person","@id":"https:\/\/dicodusport.fr\/blog\/#\/schema\/person\/819fb2545dd2715bd7c0580d6d4b411a","name":"Roxane Lecacher","image":{"@type":"ImageObject","inLanguage":"fr-FR","@id":"https:\/\/dicodusport.fr\/blog\/#\/schema\/person\/image\/","url":"https:\/\/dicodusport.fr\/blog\/wp-content\/uploads\/2021\/05\/Roxane-Lecacher-150x150.jpg","contentUrl":"https:\/\/dicodusport.fr\/blog\/wp-content\/uploads\/2021\/05\/Roxane-Lecacher-150x150.jpg","caption":"Roxane Lecacher"},"description":"Journaliste\/r\u00e9dactrice depuis janvier 2021 - N\u00e9e quelques jours avant la premi\u00e8re \u00e9toile des Bleus, je baigne dans une famille tr\u00e8s sportive. Je n\u2019ai eu d\u2019autres choix que de me passionner pour le sujet. Pratiquante de l\u2019athl\u00e9tisme depuis toute petite, j\u2019ai aussi un attrait tout particulier pour la Formule 1, le biathlon et le foot. Pendant les grands \u00e9v\u00e9nements, il est impossible de d\u00e9crocher de ma t\u00e9l\u00e9. C\u2019est \u00e0 travers Dicodusport que j\u2019aime d\u00e9sormais vous transmettre mes \u00e9motions et ma passion.","sameAs":["https:\/\/www.facebook.com\/roxane.lecacher","https:\/\/fr.linkedin.com\/in\/roxane-lecacher-23368313b"],"url":"https:\/\/dicodusport.fr\/blog\/author\/roxanel\/"}]}},"_links":{"self":[{"href":"https:\/\/dicodusport.fr\/blog\/wp-json\/wp\/v2\/posts\/494224","targetHints":{"allow":["GET"]}}],"collection":[{"href":"https:\/\/dicodusport.fr\/blog\/wp-json\/wp\/v2\/posts"}],"about":[{"href":"https:\/\/dicodusport.fr\/blog\/wp-json\/wp\/v2\/types\/post"}],"author":[{"embeddable":true,"href":"https:\/\/dicodusport.fr\/blog\/wp-json\/wp\/v2\/users\/54"}],"replies":[{"embeddable":true,"href":"https:\/\/dicodusport.fr\/blog\/wp-json\/wp\/v2\/comments?post=494224"}],"version-history":[{"count":6,"href":"https:\/\/dicodusport.fr\/blog\/wp-json\/wp\/v2\/posts\/494224\/revisions"}],"predecessor-version":[{"id":494890,"href":"https:\/\/dicodusport.fr\/blog\/wp-json\/wp\/v2\/posts\/494224\/revisions\/494890"}],"wp:featuredmedia":[{"embeddable":true,"href":"https:\/\/dicodusport.fr\/blog\/wp-json\/wp\/v2\/media\/494346"}],"wp:attachment":[{"href":"https:\/\/dicodusport.fr\/blog\/wp-json\/wp\/v2\/media?parent=494224"}],"wp:term":[{"taxonomy":"category","embeddable":true,"href":"https:\/\/dicodusport.fr\/blog\/wp-json\/wp\/v2\/categories?post=494224"},{"taxonomy":"post_tag","embeddable":true,"href":"https:\/\/dicodusport.fr\/blog\/wp-json\/wp\/v2\/tags?post=494224"}],"curies":[{"name":"wp","href":"https:\/\/api.w.org\/{rel}","templated":true}]}}