{"id":494230,"date":"2024-06-20T11:43:30","date_gmt":"2024-06-20T09:43:30","guid":{"rendered":"https:\/\/dicodusport.fr\/blog\/?p=494230&#038;preview=true&#038;preview_id=494230"},"modified":"2024-06-20T11:48:47","modified_gmt":"2024-06-20T09:48:47","slug":"vtt-coupe-du-monde-victor-koretzky-declare-forfait-pour-letape-de-crans-montana","status":"publish","type":"post","link":"https:\/\/dicodusport.fr\/blog\/vtt-coupe-du-monde-victor-koretzky-declare-forfait-pour-letape-de-crans-montana\/","title":{"rendered":"VTT Coupe du monde : Victor Koretzky d\u00e9clare forfait pour l&rsquo;\u00e9tape de Crans-Montana"},"content":{"rendered":"<p style=\"text-align: justify;\"><strong><em>COUPE DU MONDE DE VTT\u00a0 &#8211; Victor Koretzky a d\u00e9cid\u00e9 de ne pas participer \u00e0 l&rsquo;\u00e9tape de Coupe du monde qui d\u00e9bute ce samedi \u00e0 Crans-Montana. Le coureur de la Specialized r\u00e9cup\u00e8re apr\u00e8s une chute et une maladie.<\/em><\/strong><\/p>\n<ul>\n<li style=\"text-align: justify;\"><strong>\u00c0 ce sujet \u2013\u00a0<a href=\"https:\/\/dicodusport.fr\/blog\/vtt-cross-country-calendrier-de-la-coupe-du-monde-2024\/\">VTT Cross-country : Calendrier de la Coupe du monde 2024<\/a><\/strong><\/li>\n<\/ul>\n<p style=\"text-align: justify;\"><strong>Victor Koretzky\u00a0<\/strong>n&rsquo;a pas fait le d\u00e9placement \u00e0 Crans-Montana. Et pour cause, le leader du classement g\u00e9n\u00e9ral de la Coupe du monde a chut\u00e9 la semaine derni\u00e8re et en porte encore les s\u00e9quelles. Mais ce n&rsquo;est pas tout. Le Fran\u00e7ais tra\u00eene un Covid contract\u00e9 entre les \u00e9preuves de Nove Mesto et Val di Sole.<\/p>\n<p style=\"text-align: justify;\">En Italie, il avait pris la 2e place du XCC avant d&rsquo;exploser lors du format olympique en terminant au-del\u00e0 de la 20e position. Ce petit accroc dans sa pr\u00e9paration pour les Jeux va lui permettre de se reposer en vue de l&rsquo;\u00e9ch\u00e9ance parisienne.\u00a0<strong>Koretzky\u00a0<\/strong>va probablement perdre sa tunique blanche et rouge de leader du <a href=\"https:\/\/dicodusport.fr\/blog\/coupe-du-monde-de-vtt-2024-classement-general-hommes\/\">classement g\u00e9n\u00e9ral de la Coupe du monde<\/a>. Hors de forme sur ce d\u00e9but de saison, <strong>Jolanda Neff\u00a0<\/strong>ne va pas non plus disputer son \u00e9tape \u00e0 domicile.<\/p>\n<blockquote class=\"twitter-tweet\">\n<p dir=\"ltr\" lang=\"fr\">Victor Koretzky d\u00e9clare forfait pour l&rsquo;\u00e9tape de Crans-Montana ce week-end ! Le leader du classement g\u00e9n\u00e9ral a chut\u00e9 la semaine derni\u00e8re et a contract\u00e9 le Covid entre Nove Mesto et Val di Sole. <a href=\"https:\/\/twitter.com\/hashtag\/VTT?src=hash&amp;ref_src=twsrc%5Etfw\">#VTT<\/a><\/p>\n<p>\u2014 Pierre Gorce (@pierregorce12) <a href=\"https:\/\/twitter.com\/pierregorce12\/status\/1803706290473959835?ref_src=twsrc%5Etfw\">June 20, 2024<\/a><\/p><\/blockquote>\n<p><script async src=\"https:\/\/platform.twitter.com\/widgets.js\" charset=\"utf-8\"><\/script><\/p>\n","protected":false},"excerpt":{"rendered":"<p>Victor Koretzky forfait pour Crans-Montana.<\/p>\n","protected":false},"author":61,"featured_media":487976,"comment_status":"open","ping_status":"closed","sticky":false,"template":"","format":"standard","meta":{"_acf_changed":false,"_daextam_enable_autolinks":"1","footnotes":""},"categories":[10279],"tags":[32415,16878,39015,22063,39592,16547,692],"class_list":["post-494230","post","type-post","status-publish","format-standard","has-post-thumbnail","hentry","category-vtt","tag-actu","tag-breve","tag-coupe-du-monde-vtt","tag-crans-montana","tag-mtb-world-series","tag-victor-koretzky","tag-vtt"],"acf":[],"yoast_head":"<!-- This site is optimized with the Yoast SEO Premium plugin v26.7 (Yoast SEO v26.7) - https:\/\/yoast.com\/wordpress\/plugins\/seo\/ -->\n<title>VTT Coupe du monde : Victor Koretzky d\u00e9clare forfait pour l&#039;\u00e9tape de Crans-Montana<\/title>\n<meta name=\"description\" content=\"Victor Koretzky a d\u00e9cid\u00e9 de ne pas participer \u00e0 l&#039;\u00e9tape de Coupe du monde qui d\u00e9bute ce samedi \u00e0 Crans-Montana.\" \/>\n<meta name=\"robots\" content=\"index, follow, max-snippet:-1, max-image-preview:large, max-video-preview:-1\" \/>\n<link rel=\"canonical\" href=\"https:\/\/dicodusport.fr\/blog\/vtt-coupe-du-monde-victor-koretzky-declare-forfait-pour-letape-de-crans-montana\/\" \/>\n<meta property=\"og:locale\" content=\"fr_FR\" \/>\n<meta property=\"og:type\" content=\"article\" \/>\n<meta property=\"og:title\" content=\"VTT Coupe du monde : Victor Koretzky d\u00e9clare forfait pour l&#039;\u00e9tape de Crans-Montana\" \/>\n<meta property=\"og:description\" content=\"Victor Koretzky a d\u00e9cid\u00e9 de ne pas participer \u00e0 l&#039;\u00e9tape de Coupe du monde qui d\u00e9bute ce samedi \u00e0 Crans-Montana.\" \/>\n<meta property=\"og:url\" content=\"https:\/\/dicodusport.fr\/blog\/vtt-coupe-du-monde-victor-koretzky-declare-forfait-pour-letape-de-crans-montana\/\" \/>\n<meta property=\"og:site_name\" content=\"Dicodusport\" \/>\n<meta property=\"article:publisher\" content=\"https:\/\/www.facebook.com\/dicodusport\" \/>\n<meta property=\"article:published_time\" content=\"2024-06-20T09:43:30+00:00\" \/>\n<meta property=\"article:modified_time\" content=\"2024-06-20T09:48:47+00:00\" \/>\n<meta property=\"og:image\" content=\"https:\/\/dicodusport.fr\/blog\/wp-content\/uploads\/2024\/05\/VTT-XCC-Nove-Mesto-Victor-Koretzky-simpose-en-patron.png\" \/>\n\t<meta property=\"og:image:width\" content=\"1200\" \/>\n\t<meta property=\"og:image:height\" content=\"674\" \/>\n\t<meta property=\"og:image:type\" content=\"image\/png\" \/>\n<meta name=\"author\" content=\"Pierre Gorce\" \/>\n<meta name=\"twitter:card\" content=\"summary_large_image\" \/>\n<meta name=\"twitter:title\" content=\"VTT Coupe du monde : Victor Koretzky d\u00e9clare forfait pour l&#039;\u00e9tape de Crans-Montana\" \/>\n<meta name=\"twitter:creator\" content=\"@https:\/\/twitter.com\/pierregorce12\" \/>\n<meta name=\"twitter:site\" content=\"@dicodusport\" \/>\n<script type=\"application\/ld+json\" class=\"yoast-schema-graph\">{\"@context\":\"https:\/\/schema.org\",\"@graph\":[{\"@type\":\"NewsArticle\",\"@id\":\"https:\/\/dicodusport.fr\/blog\/vtt-coupe-du-monde-victor-koretzky-declare-forfait-pour-letape-de-crans-montana\/#article\",\"isPartOf\":{\"@id\":\"https:\/\/dicodusport.fr\/blog\/vtt-coupe-du-monde-victor-koretzky-declare-forfait-pour-letape-de-crans-montana\/\"},\"author\":{\"name\":\"Pierre Gorce\",\"@id\":\"https:\/\/dicodusport.fr\/blog\/#\/schema\/person\/0eaf70b33d703a1a66b1155ac1bda018\"},\"headline\":\"VTT Coupe du monde : Victor Koretzky d\u00e9clare forfait pour l&rsquo;\u00e9tape de Crans-Montana\",\"datePublished\":\"2024-06-20T09:43:30+00:00\",\"dateModified\":\"2024-06-20T09:48:47+00:00\",\"mainEntityOfPage\":{\"@id\":\"https:\/\/dicodusport.fr\/blog\/vtt-coupe-du-monde-victor-koretzky-declare-forfait-pour-letape-de-crans-montana\/\"},\"wordCount\":258,\"commentCount\":0,\"publisher\":{\"@id\":\"https:\/\/dicodusport.fr\/blog\/#organization\"},\"image\":{\"@id\":\"https:\/\/dicodusport.fr\/blog\/vtt-coupe-du-monde-victor-koretzky-declare-forfait-pour-letape-de-crans-montana\/#primaryimage\"},\"thumbnailUrl\":\"https:\/\/dicodusport.fr\/blog\/wp-content\/uploads\/2024\/05\/VTT-XCC-Nove-Mesto-Victor-Koretzky-simpose-en-patron.png\",\"keywords\":[\"actu\",\"br\u00e8ve\",\"Coupe du monde VTT\",\"Crans-Montana\",\"MTB World Series\",\"Victor Koretzky\",\"VTT\"],\"articleSection\":[\"VTT\"],\"inLanguage\":\"fr-FR\",\"potentialAction\":[{\"@type\":\"CommentAction\",\"name\":\"Comment\",\"target\":[\"https:\/\/dicodusport.fr\/blog\/vtt-coupe-du-monde-victor-koretzky-declare-forfait-pour-letape-de-crans-montana\/#respond\"]}],\"copyrightYear\":\"2024\",\"copyrightHolder\":{\"@id\":\"https:\/\/dicodusport.fr\/blog\/#organization\"}},{\"@type\":\"WebPage\",\"@id\":\"https:\/\/dicodusport.fr\/blog\/vtt-coupe-du-monde-victor-koretzky-declare-forfait-pour-letape-de-crans-montana\/\",\"url\":\"https:\/\/dicodusport.fr\/blog\/vtt-coupe-du-monde-victor-koretzky-declare-forfait-pour-letape-de-crans-montana\/\",\"name\":\"VTT Coupe du monde : Victor Koretzky d\u00e9clare forfait pour l'\u00e9tape de Crans-Montana\",\"isPartOf\":{\"@id\":\"https:\/\/dicodusport.fr\/blog\/#website\"},\"primaryImageOfPage\":{\"@id\":\"https:\/\/dicodusport.fr\/blog\/vtt-coupe-du-monde-victor-koretzky-declare-forfait-pour-letape-de-crans-montana\/#primaryimage\"},\"image\":{\"@id\":\"https:\/\/dicodusport.fr\/blog\/vtt-coupe-du-monde-victor-koretzky-declare-forfait-pour-letape-de-crans-montana\/#primaryimage\"},\"thumbnailUrl\":\"https:\/\/dicodusport.fr\/blog\/wp-content\/uploads\/2024\/05\/VTT-XCC-Nove-Mesto-Victor-Koretzky-simpose-en-patron.png\",\"datePublished\":\"2024-06-20T09:43:30+00:00\",\"dateModified\":\"2024-06-20T09:48:47+00:00\",\"description\":\"Victor Koretzky a d\u00e9cid\u00e9 de ne pas participer \u00e0 l'\u00e9tape de Coupe du monde qui d\u00e9bute ce samedi \u00e0 Crans-Montana.\",\"breadcrumb\":{\"@id\":\"https:\/\/dicodusport.fr\/blog\/vtt-coupe-du-monde-victor-koretzky-declare-forfait-pour-letape-de-crans-montana\/#breadcrumb\"},\"inLanguage\":\"fr-FR\",\"potentialAction\":[{\"@type\":\"ReadAction\",\"target\":[\"https:\/\/dicodusport.fr\/blog\/vtt-coupe-du-monde-victor-koretzky-declare-forfait-pour-letape-de-crans-montana\/\"]}]},{\"@type\":\"ImageObject\",\"inLanguage\":\"fr-FR\",\"@id\":\"https:\/\/dicodusport.fr\/blog\/vtt-coupe-du-monde-victor-koretzky-declare-forfait-pour-letape-de-crans-montana\/#primaryimage\",\"url\":\"https:\/\/dicodusport.fr\/blog\/wp-content\/uploads\/2024\/05\/VTT-XCC-Nove-Mesto-Victor-Koretzky-simpose-en-patron.png\",\"contentUrl\":\"https:\/\/dicodusport.fr\/blog\/wp-content\/uploads\/2024\/05\/VTT-XCC-Nove-Mesto-Victor-Koretzky-simpose-en-patron.png\",\"width\":1200,\"height\":674,\"caption\":\"VTT : Victor Koretzky d\u00e9clare forfait pour l'\u00e9tape de Crans-Montana\"},{\"@type\":\"BreadcrumbList\",\"@id\":\"https:\/\/dicodusport.fr\/blog\/vtt-coupe-du-monde-victor-koretzky-declare-forfait-pour-letape-de-crans-montana\/#breadcrumb\",\"itemListElement\":[{\"@type\":\"ListItem\",\"position\":1,\"name\":\"Accueil\",\"item\":\"https:\/\/dicodusport.fr\/blog\/\"},{\"@type\":\"ListItem\",\"position\":2,\"name\":\"VTT Coupe du monde : Victor Koretzky d\u00e9clare forfait pour l&rsquo;\u00e9tape de Crans-Montana\"}]},{\"@type\":\"WebSite\",\"@id\":\"https:\/\/dicodusport.fr\/blog\/#website\",\"url\":\"https:\/\/dicodusport.fr\/blog\/\",\"name\":\"Dicodusport\",\"description\":\"L&#039;encyclop\u00e9die de l&#039;actualit\u00e9 sportive\",\"publisher\":{\"@id\":\"https:\/\/dicodusport.fr\/blog\/#organization\"},\"potentialAction\":[{\"@type\":\"SearchAction\",\"target\":{\"@type\":\"EntryPoint\",\"urlTemplate\":\"https:\/\/dicodusport.fr\/blog\/?s={search_term_string}\"},\"query-input\":{\"@type\":\"PropertyValueSpecification\",\"valueRequired\":true,\"valueName\":\"search_term_string\"}}],\"inLanguage\":\"fr-FR\"},{\"@type\":\"NewsMediaOrganization\",\"@id\":\"https:\/\/dicodusport.fr\/blog\/#organization\",\"name\":\"Dicodusport\",\"url\":\"https:\/\/dicodusport.fr\/blog\/\",\"logo\":{\"@type\":\"ImageObject\",\"inLanguage\":\"fr-FR\",\"@id\":\"https:\/\/dicodusport.fr\/blog\/#\/schema\/logo\/image\/\",\"url\":\"https:\/\/dicodusport.fr\/blog\/wp-content\/uploads\/2020\/06\/cropped-LOGO-DICODUSPORT-2020-SANS-FOND-SANS-TEXTE.png\",\"contentUrl\":\"https:\/\/dicodusport.fr\/blog\/wp-content\/uploads\/2020\/06\/cropped-LOGO-DICODUSPORT-2020-SANS-FOND-SANS-TEXTE.png\",\"width\":512,\"height\":512,\"caption\":\"Dicodusport\"},\"image\":{\"@id\":\"https:\/\/dicodusport.fr\/blog\/#\/schema\/logo\/image\/\"},\"sameAs\":[\"https:\/\/www.facebook.com\/dicodusport\",\"https:\/\/x.com\/dicodusport\",\"https:\/\/www.instagram.com\/dicodusport\/\",\"https:\/\/www.youtube.com\/channel\/UC7V2KZ5sd3htJivAbA4ZG3w\"],\"description\":\"Dicodusport est l'encyclop\u00e9die de l'actualit\u00e9 sportive.\",\"email\":\"bonjour@dicodusport.fr\",\"legalName\":\"DICODUSPORT\",\"foundingDate\":\"2018-01-14\",\"vatID\":\"FR71834470973\",\"taxID\":\"83447097300043\",\"numberOfEmployees\":{\"@type\":\"QuantitativeValue\",\"minValue\":\"1\",\"maxValue\":\"10\"}},{\"@type\":\"Person\",\"@id\":\"https:\/\/dicodusport.fr\/blog\/#\/schema\/person\/0eaf70b33d703a1a66b1155ac1bda018\",\"name\":\"Pierre Gorce\",\"image\":{\"@type\":\"ImageObject\",\"inLanguage\":\"fr-FR\",\"@id\":\"https:\/\/dicodusport.fr\/blog\/#\/schema\/person\/image\/\",\"url\":\"https:\/\/dicodusport.fr\/blog\/wp-content\/uploads\/2022\/03\/IMG_20211214_233053_722-150x150.jpg\",\"contentUrl\":\"https:\/\/dicodusport.fr\/blog\/wp-content\/uploads\/2022\/03\/IMG_20211214_233053_722-150x150.jpg\",\"caption\":\"Pierre Gorce\"},\"description\":\"Couteau suisse venant tout droit de Haute-Savoie. Habitu\u00e9 \u00e0 regarder du sport depuis petit, j'en ai maintenant fait mon m\u00e9tier. Des sports d'hiver au surf, en passant par le tennis, la F1, le handball et l'athl\u00e9tisme, j'essaie d'avoir mes yeux sur l'enti\u00e8ret\u00e9 de l'actualit\u00e9. Jeune homme berc\u00e9 par les exploits de Jean-Baptiste Grange, Sebastian Vettel et des Experts. Membre de la g\u00e9n\u00e9ration 1999 comme Luka Doncic, Sydney McLaughlin, Lando Norris et Loana Lecomte, mais avec beaucoup moins de talent qu'eux.\",\"sameAs\":[\"https:\/\/x.com\/https:\/\/twitter.com\/pierregorce12\"],\"birthDate\":\"1999-08-29\",\"url\":\"https:\/\/dicodusport.fr\/blog\/author\/pierreg\/\"}]}<\/script>\n<!-- \/ Yoast SEO Premium plugin. -->","yoast_head_json":{"title":"VTT Coupe du monde : Victor Koretzky d\u00e9clare forfait pour l'\u00e9tape de Crans-Montana","description":"Victor Koretzky a d\u00e9cid\u00e9 de ne pas participer \u00e0 l'\u00e9tape de Coupe du monde qui d\u00e9bute ce samedi \u00e0 Crans-Montana.","robots":{"index":"index","follow":"follow","max-snippet":"max-snippet:-1","max-image-preview":"max-image-preview:large","max-video-preview":"max-video-preview:-1"},"canonical":"https:\/\/dicodusport.fr\/blog\/vtt-coupe-du-monde-victor-koretzky-declare-forfait-pour-letape-de-crans-montana\/","og_locale":"fr_FR","og_type":"article","og_title":"VTT Coupe du monde : Victor Koretzky d\u00e9clare forfait pour l'\u00e9tape de Crans-Montana","og_description":"Victor Koretzky a d\u00e9cid\u00e9 de ne pas participer \u00e0 l'\u00e9tape de Coupe du monde qui d\u00e9bute ce samedi \u00e0 Crans-Montana.","og_url":"https:\/\/dicodusport.fr\/blog\/vtt-coupe-du-monde-victor-koretzky-declare-forfait-pour-letape-de-crans-montana\/","og_site_name":"Dicodusport","article_publisher":"https:\/\/www.facebook.com\/dicodusport","article_published_time":"2024-06-20T09:43:30+00:00","article_modified_time":"2024-06-20T09:48:47+00:00","og_image":[{"width":1200,"height":674,"url":"https:\/\/dicodusport.fr\/blog\/wp-content\/uploads\/2024\/05\/VTT-XCC-Nove-Mesto-Victor-Koretzky-simpose-en-patron.png","type":"image\/png"}],"author":"Pierre Gorce","twitter_card":"summary_large_image","twitter_title":"VTT Coupe du monde : Victor Koretzky d\u00e9clare forfait pour l'\u00e9tape de Crans-Montana","twitter_creator":"@https:\/\/twitter.com\/pierregorce12","twitter_site":"@dicodusport","schema":{"@context":"https:\/\/schema.org","@graph":[{"@type":"NewsArticle","@id":"https:\/\/dicodusport.fr\/blog\/vtt-coupe-du-monde-victor-koretzky-declare-forfait-pour-letape-de-crans-montana\/#article","isPartOf":{"@id":"https:\/\/dicodusport.fr\/blog\/vtt-coupe-du-monde-victor-koretzky-declare-forfait-pour-letape-de-crans-montana\/"},"author":{"name":"Pierre Gorce","@id":"https:\/\/dicodusport.fr\/blog\/#\/schema\/person\/0eaf70b33d703a1a66b1155ac1bda018"},"headline":"VTT Coupe du monde : Victor Koretzky d\u00e9clare forfait pour l&rsquo;\u00e9tape de Crans-Montana","datePublished":"2024-06-20T09:43:30+00:00","dateModified":"2024-06-20T09:48:47+00:00","mainEntityOfPage":{"@id":"https:\/\/dicodusport.fr\/blog\/vtt-coupe-du-monde-victor-koretzky-declare-forfait-pour-letape-de-crans-montana\/"},"wordCount":258,"commentCount":0,"publisher":{"@id":"https:\/\/dicodusport.fr\/blog\/#organization"},"image":{"@id":"https:\/\/dicodusport.fr\/blog\/vtt-coupe-du-monde-victor-koretzky-declare-forfait-pour-letape-de-crans-montana\/#primaryimage"},"thumbnailUrl":"https:\/\/dicodusport.fr\/blog\/wp-content\/uploads\/2024\/05\/VTT-XCC-Nove-Mesto-Victor-Koretzky-simpose-en-patron.png","keywords":["actu","br\u00e8ve","Coupe du monde VTT","Crans-Montana","MTB World Series","Victor Koretzky","VTT"],"articleSection":["VTT"],"inLanguage":"fr-FR","potentialAction":[{"@type":"CommentAction","name":"Comment","target":["https:\/\/dicodusport.fr\/blog\/vtt-coupe-du-monde-victor-koretzky-declare-forfait-pour-letape-de-crans-montana\/#respond"]}],"copyrightYear":"2024","copyrightHolder":{"@id":"https:\/\/dicodusport.fr\/blog\/#organization"}},{"@type":"WebPage","@id":"https:\/\/dicodusport.fr\/blog\/vtt-coupe-du-monde-victor-koretzky-declare-forfait-pour-letape-de-crans-montana\/","url":"https:\/\/dicodusport.fr\/blog\/vtt-coupe-du-monde-victor-koretzky-declare-forfait-pour-letape-de-crans-montana\/","name":"VTT Coupe du monde : Victor Koretzky d\u00e9clare forfait pour l'\u00e9tape de Crans-Montana","isPartOf":{"@id":"https:\/\/dicodusport.fr\/blog\/#website"},"primaryImageOfPage":{"@id":"https:\/\/dicodusport.fr\/blog\/vtt-coupe-du-monde-victor-koretzky-declare-forfait-pour-letape-de-crans-montana\/#primaryimage"},"image":{"@id":"https:\/\/dicodusport.fr\/blog\/vtt-coupe-du-monde-victor-koretzky-declare-forfait-pour-letape-de-crans-montana\/#primaryimage"},"thumbnailUrl":"https:\/\/dicodusport.fr\/blog\/wp-content\/uploads\/2024\/05\/VTT-XCC-Nove-Mesto-Victor-Koretzky-simpose-en-patron.png","datePublished":"2024-06-20T09:43:30+00:00","dateModified":"2024-06-20T09:48:47+00:00","description":"Victor Koretzky a d\u00e9cid\u00e9 de ne pas participer \u00e0 l'\u00e9tape de Coupe du monde qui d\u00e9bute ce samedi \u00e0 Crans-Montana.","breadcrumb":{"@id":"https:\/\/dicodusport.fr\/blog\/vtt-coupe-du-monde-victor-koretzky-declare-forfait-pour-letape-de-crans-montana\/#breadcrumb"},"inLanguage":"fr-FR","potentialAction":[{"@type":"ReadAction","target":["https:\/\/dicodusport.fr\/blog\/vtt-coupe-du-monde-victor-koretzky-declare-forfait-pour-letape-de-crans-montana\/"]}]},{"@type":"ImageObject","inLanguage":"fr-FR","@id":"https:\/\/dicodusport.fr\/blog\/vtt-coupe-du-monde-victor-koretzky-declare-forfait-pour-letape-de-crans-montana\/#primaryimage","url":"https:\/\/dicodusport.fr\/blog\/wp-content\/uploads\/2024\/05\/VTT-XCC-Nove-Mesto-Victor-Koretzky-simpose-en-patron.png","contentUrl":"https:\/\/dicodusport.fr\/blog\/wp-content\/uploads\/2024\/05\/VTT-XCC-Nove-Mesto-Victor-Koretzky-simpose-en-patron.png","width":1200,"height":674,"caption":"VTT : Victor Koretzky d\u00e9clare forfait pour l'\u00e9tape de Crans-Montana"},{"@type":"BreadcrumbList","@id":"https:\/\/dicodusport.fr\/blog\/vtt-coupe-du-monde-victor-koretzky-declare-forfait-pour-letape-de-crans-montana\/#breadcrumb","itemListElement":[{"@type":"ListItem","position":1,"name":"Accueil","item":"https:\/\/dicodusport.fr\/blog\/"},{"@type":"ListItem","position":2,"name":"VTT Coupe du monde : Victor Koretzky d\u00e9clare forfait pour l&rsquo;\u00e9tape de Crans-Montana"}]},{"@type":"WebSite","@id":"https:\/\/dicodusport.fr\/blog\/#website","url":"https:\/\/dicodusport.fr\/blog\/","name":"Dicodusport","description":"L&#039;encyclop\u00e9die de l&#039;actualit\u00e9 sportive","publisher":{"@id":"https:\/\/dicodusport.fr\/blog\/#organization"},"potentialAction":[{"@type":"SearchAction","target":{"@type":"EntryPoint","urlTemplate":"https:\/\/dicodusport.fr\/blog\/?s={search_term_string}"},"query-input":{"@type":"PropertyValueSpecification","valueRequired":true,"valueName":"search_term_string"}}],"inLanguage":"fr-FR"},{"@type":"NewsMediaOrganization","@id":"https:\/\/dicodusport.fr\/blog\/#organization","name":"Dicodusport","url":"https:\/\/dicodusport.fr\/blog\/","logo":{"@type":"ImageObject","inLanguage":"fr-FR","@id":"https:\/\/dicodusport.fr\/blog\/#\/schema\/logo\/image\/","url":"https:\/\/dicodusport.fr\/blog\/wp-content\/uploads\/2020\/06\/cropped-LOGO-DICODUSPORT-2020-SANS-FOND-SANS-TEXTE.png","contentUrl":"https:\/\/dicodusport.fr\/blog\/wp-content\/uploads\/2020\/06\/cropped-LOGO-DICODUSPORT-2020-SANS-FOND-SANS-TEXTE.png","width":512,"height":512,"caption":"Dicodusport"},"image":{"@id":"https:\/\/dicodusport.fr\/blog\/#\/schema\/logo\/image\/"},"sameAs":["https:\/\/www.facebook.com\/dicodusport","https:\/\/x.com\/dicodusport","https:\/\/www.instagram.com\/dicodusport\/","https:\/\/www.youtube.com\/channel\/UC7V2KZ5sd3htJivAbA4ZG3w"],"description":"Dicodusport est l'encyclop\u00e9die de l'actualit\u00e9 sportive.","email":"bonjour@dicodusport.fr","legalName":"DICODUSPORT","foundingDate":"2018-01-14","vatID":"FR71834470973","taxID":"83447097300043","numberOfEmployees":{"@type":"QuantitativeValue","minValue":"1","maxValue":"10"}},{"@type":"Person","@id":"https:\/\/dicodusport.fr\/blog\/#\/schema\/person\/0eaf70b33d703a1a66b1155ac1bda018","name":"Pierre Gorce","image":{"@type":"ImageObject","inLanguage":"fr-FR","@id":"https:\/\/dicodusport.fr\/blog\/#\/schema\/person\/image\/","url":"https:\/\/dicodusport.fr\/blog\/wp-content\/uploads\/2022\/03\/IMG_20211214_233053_722-150x150.jpg","contentUrl":"https:\/\/dicodusport.fr\/blog\/wp-content\/uploads\/2022\/03\/IMG_20211214_233053_722-150x150.jpg","caption":"Pierre Gorce"},"description":"Couteau suisse venant tout droit de Haute-Savoie. Habitu\u00e9 \u00e0 regarder du sport depuis petit, j'en ai maintenant fait mon m\u00e9tier. Des sports d'hiver au surf, en passant par le tennis, la F1, le handball et l'athl\u00e9tisme, j'essaie d'avoir mes yeux sur l'enti\u00e8ret\u00e9 de l'actualit\u00e9. Jeune homme berc\u00e9 par les exploits de Jean-Baptiste Grange, Sebastian Vettel et des Experts. Membre de la g\u00e9n\u00e9ration 1999 comme Luka Doncic, Sydney McLaughlin, Lando Norris et Loana Lecomte, mais avec beaucoup moins de talent qu'eux.","sameAs":["https:\/\/x.com\/https:\/\/twitter.com\/pierregorce12"],"birthDate":"1999-08-29","url":"https:\/\/dicodusport.fr\/blog\/author\/pierreg\/"}]}},"_links":{"self":[{"href":"https:\/\/dicodusport.fr\/blog\/wp-json\/wp\/v2\/posts\/494230","targetHints":{"allow":["GET"]}}],"collection":[{"href":"https:\/\/dicodusport.fr\/blog\/wp-json\/wp\/v2\/posts"}],"about":[{"href":"https:\/\/dicodusport.fr\/blog\/wp-json\/wp\/v2\/types\/post"}],"author":[{"embeddable":true,"href":"https:\/\/dicodusport.fr\/blog\/wp-json\/wp\/v2\/users\/61"}],"replies":[{"embeddable":true,"href":"https:\/\/dicodusport.fr\/blog\/wp-json\/wp\/v2\/comments?post=494230"}],"version-history":[{"count":3,"href":"https:\/\/dicodusport.fr\/blog\/wp-json\/wp\/v2\/posts\/494230\/revisions"}],"predecessor-version":[{"id":494239,"href":"https:\/\/dicodusport.fr\/blog\/wp-json\/wp\/v2\/posts\/494230\/revisions\/494239"}],"wp:featuredmedia":[{"embeddable":true,"href":"https:\/\/dicodusport.fr\/blog\/wp-json\/wp\/v2\/media\/487976"}],"wp:attachment":[{"href":"https:\/\/dicodusport.fr\/blog\/wp-json\/wp\/v2\/media?parent=494230"}],"wp:term":[{"taxonomy":"category","embeddable":true,"href":"https:\/\/dicodusport.fr\/blog\/wp-json\/wp\/v2\/categories?post=494230"},{"taxonomy":"post_tag","embeddable":true,"href":"https:\/\/dicodusport.fr\/blog\/wp-json\/wp\/v2\/tags?post=494230"}],"curies":[{"name":"wp","href":"https:\/\/api.w.org\/{rel}","templated":true}]}}