{"id":494231,"date":"2024-06-20T11:42:36","date_gmt":"2024-06-20T09:42:36","guid":{"rendered":"https:\/\/dicodusport.fr\/blog\/?p=494231&#038;preview=true&#038;preview_id=494231"},"modified":"2024-06-20T12:16:00","modified_gmt":"2024-06-20T10:16:00","slug":"cyclisme-sur-route-anna-van-der-breggen-devrait-reprendre-du-service-en-2025","status":"publish","type":"post","link":"https:\/\/dicodusport.fr\/blog\/cyclisme-sur-route-anna-van-der-breggen-devrait-reprendre-du-service-en-2025\/","title":{"rendered":"Cyclisme sur route : Anna van der Breggen devrait reprendre du service en 2025"},"content":{"rendered":"<p style=\"text-align: justify;\"><strong><em>CYCLISME F\u00c9MININ &#8211; Sacr\u00e9e annonce avec le probable retour \u00e0 la comp\u00e9tition l&rsquo;ann\u00e9e prochaine d&rsquo;une des grandes figures du v\u00e9lo au XXIe si\u00e8cle, Anna van der Breggen.<\/em><\/strong><\/p>\n<p style=\"text-align: justify;\">Hier, la sph\u00e8re v\u00e9lo se questionnait sur une conf\u00e9rence de presse convoqu\u00e9e \u00e0 la h\u00e2te par la formation Team SD Worx &#8211; Protime. Pr\u00e9vue ce matin, elle a d\u00e9bouch\u00e9 sur une annonce effectivement surprenante, selon le m\u00e9dia n\u00e9erlandais NOS : <strong>Anna van der Breggen<\/strong>, l&rsquo;une des plus grandes coureuses cyclistes de ce si\u00e8cle, serait sur le point de reprendre du service !<\/p>\n<h2 style=\"text-align: justify;\">L&rsquo;une des plus grandes<\/h2>\n<p style=\"text-align: justify;\">On parle l\u00e0 d&rsquo;une des plus grandes coureuses des ann\u00e9es 2010, qui a pratiquement tout gagn\u00e9. Championne olympique en 2016, double championne du monde, quadruple laur\u00e9ate du Giro, elle a remport\u00e9 sept fois d&rsquo;affil\u00e9e La Fl\u00e8che Wallonne (de 2015 \u00e0 2021), deux fois Li\u00e8ge-Bastogne-Li\u00e8ge, l&rsquo;Amstel Gold Race, le Tour des Flandres, les Strade Bianche, n&rsquo;en jetez plus, la Coupe est pleine.<\/p>\n<p style=\"text-align: justify;\">En 2021, elle avait pris sa retraite des pelotons professionnels, \u00e0 31 ans, et \u00e9tait devenue directrice sportive de la formation la plus puissante du peloton f\u00e9minin : Team SD Worx &#8211; Protime. Visiblement, elle va passer des bureaux au v\u00e9lo, et reprendre sa carri\u00e8re. Une \u00e9norme sensation qui devrait secouer le peloton. La N\u00e9erlandaise expliquera dans la journ\u00e9e son choix dans une conf\u00e9rence de presse, alors que le m\u00e9dia NOS confirme que <strong>Demi Vollering<\/strong> quittera bien la formation le premier janvier, elle qui est annonc\u00e9e chez FDJ-Suez.<\/p>\n<blockquote class=\"twitter-tweet\">\n<p dir=\"ltr\" lang=\"en\">According to NOS, \ud83c\uddf3\ud83c\uddf1 Anna van der Breggen will make a comeback in the pro peloton next season! \ud83d\udd25<\/p>\n<p>SD Worx &#8211; Protime scheduled a press conference later today to announce &lsquo;spectacular and surprising news&rsquo;. To be continued&#8230; \ud83d\udc40 <a href=\"https:\/\/t.co\/9HmQRWwIUs\">pic.twitter.com\/9HmQRWwIUs<\/a><\/p>\n<p>\u2014 Domestique (@Domestique___) <a href=\"https:\/\/twitter.com\/Domestique___\/status\/1803718056574697479?ref_src=twsrc%5Etfw\">June 20, 2024<\/a><\/p><\/blockquote>\n<p style=\"text-align: justify;\"><script async src=\"https:\/\/platform.twitter.com\/widgets.js\" charset=\"utf-8\"><\/script><\/p>\n","protected":false},"excerpt":{"rendered":"<p>CYCLISME F\u00c9MININ &#8211; Sacr\u00e9e annonce avec le probable retour \u00e0 la comp\u00e9tition l&rsquo;ann\u00e9e prochaine d&rsquo;une des grandes figures du v\u00e9lo au XXIe si\u00e8cle, Anna van der Breggen.<\/p>\n","protected":false},"author":59,"featured_media":494236,"comment_status":"open","ping_status":"closed","sticky":false,"template":"","format":"standard","meta":{"_acf_changed":false,"_daextam_enable_autolinks":"1","footnotes":""},"categories":[46994],"tags":[4378,16878],"class_list":["post-494231","post","type-post","status-publish","format-standard","has-post-thumbnail","hentry","category-cyclisme-sur-route","tag-anna-van-der-breggen","tag-breve"],"acf":[],"yoast_head":"<!-- This site is optimized with the Yoast SEO Premium plugin v26.7 (Yoast SEO v26.7) - https:\/\/yoast.com\/wordpress\/plugins\/seo\/ -->\n<title>Cyclisme sur route : Anna van der Breggen devrait reprendre du service en 2025<\/title>\n<meta name=\"description\" content=\"CYCLISME F\u00c9MININ - Sacr\u00e9e annonce avec le probable retour \u00e0 la comp\u00e9tition l&#039;ann\u00e9e prochaine d&#039;une des grandes figures du v\u00e9lo au XXIe si\u00e8cle, Anna van der Breggen.\" \/>\n<meta name=\"robots\" content=\"index, follow, max-snippet:-1, max-image-preview:large, max-video-preview:-1\" \/>\n<link rel=\"canonical\" href=\"https:\/\/dicodusport.fr\/blog\/cyclisme-sur-route-anna-van-der-breggen-devrait-reprendre-du-service-en-2025\/\" \/>\n<meta property=\"og:locale\" content=\"fr_FR\" \/>\n<meta property=\"og:type\" content=\"article\" \/>\n<meta property=\"og:title\" content=\"Cyclisme sur route : Anna van der Breggen devrait reprendre du service en 2025\" \/>\n<meta property=\"og:description\" content=\"CYCLISME F\u00c9MININ - Sacr\u00e9e annonce avec le probable retour \u00e0 la comp\u00e9tition l&#039;ann\u00e9e prochaine d&#039;une des grandes figures du v\u00e9lo au XXIe si\u00e8cle, Anna van der Breggen.\" \/>\n<meta property=\"og:url\" content=\"https:\/\/dicodusport.fr\/blog\/cyclisme-sur-route-anna-van-der-breggen-devrait-reprendre-du-service-en-2025\/\" \/>\n<meta property=\"og:site_name\" content=\"Dicodusport\" \/>\n<meta property=\"article:publisher\" content=\"https:\/\/www.facebook.com\/dicodusport\" \/>\n<meta property=\"article:author\" content=\"https:\/\/www.facebook.com\/sebastien.gente\/\" \/>\n<meta property=\"article:published_time\" content=\"2024-06-20T09:42:36+00:00\" \/>\n<meta property=\"article:modified_time\" content=\"2024-06-20T10:16:00+00:00\" \/>\n<meta property=\"og:image\" content=\"https:\/\/dicodusport.fr\/blog\/wp-content\/uploads\/2024\/06\/Cyclisme-sur-route-Anna-van-der-Breggen-devrait-reprendre-du-service-en-2025.png\" \/>\n\t<meta property=\"og:image:width\" content=\"1200\" \/>\n\t<meta property=\"og:image:height\" content=\"674\" \/>\n\t<meta property=\"og:image:type\" content=\"image\/png\" \/>\n<meta name=\"author\" content=\"S\u00e9bastien Gente\" \/>\n<meta name=\"twitter:card\" content=\"summary_large_image\" \/>\n<meta name=\"twitter:title\" content=\"Cyclisme sur route : Anna van der Breggen devrait reprendre du service en 2025\" \/>\n<meta name=\"twitter:creator\" content=\"@https:\/\/twitter.com\/globulo24\" \/>\n<meta name=\"twitter:site\" content=\"@dicodusport\" \/>\n<script type=\"application\/ld+json\" class=\"yoast-schema-graph\">{\"@context\":\"https:\/\/schema.org\",\"@graph\":[{\"@type\":\"NewsArticle\",\"@id\":\"https:\/\/dicodusport.fr\/blog\/cyclisme-sur-route-anna-van-der-breggen-devrait-reprendre-du-service-en-2025\/#article\",\"isPartOf\":{\"@id\":\"https:\/\/dicodusport.fr\/blog\/cyclisme-sur-route-anna-van-der-breggen-devrait-reprendre-du-service-en-2025\/\"},\"author\":{\"name\":\"S\u00e9bastien Gente\",\"@id\":\"https:\/\/dicodusport.fr\/blog\/#\/schema\/person\/627966a6cde45dbd8c5e36ac85d783da\"},\"headline\":\"Cyclisme sur route : Anna van der Breggen devrait reprendre du service en 2025\",\"datePublished\":\"2024-06-20T09:42:36+00:00\",\"dateModified\":\"2024-06-20T10:16:00+00:00\",\"mainEntityOfPage\":{\"@id\":\"https:\/\/dicodusport.fr\/blog\/cyclisme-sur-route-anna-van-der-breggen-devrait-reprendre-du-service-en-2025\/\"},\"wordCount\":322,\"commentCount\":0,\"publisher\":{\"@id\":\"https:\/\/dicodusport.fr\/blog\/#organization\"},\"image\":{\"@id\":\"https:\/\/dicodusport.fr\/blog\/cyclisme-sur-route-anna-van-der-breggen-devrait-reprendre-du-service-en-2025\/#primaryimage\"},\"thumbnailUrl\":\"https:\/\/dicodusport.fr\/blog\/wp-content\/uploads\/2024\/06\/Cyclisme-sur-route-Anna-van-der-Breggen-devrait-reprendre-du-service-en-2025.png\",\"keywords\":[\"Anna van der Breggen\",\"br\u00e8ve\"],\"articleSection\":[\"Cyclisme sur route\"],\"inLanguage\":\"fr-FR\",\"potentialAction\":[{\"@type\":\"CommentAction\",\"name\":\"Comment\",\"target\":[\"https:\/\/dicodusport.fr\/blog\/cyclisme-sur-route-anna-van-der-breggen-devrait-reprendre-du-service-en-2025\/#respond\"]}],\"copyrightYear\":\"2024\",\"copyrightHolder\":{\"@id\":\"https:\/\/dicodusport.fr\/blog\/#organization\"}},{\"@type\":\"WebPage\",\"@id\":\"https:\/\/dicodusport.fr\/blog\/cyclisme-sur-route-anna-van-der-breggen-devrait-reprendre-du-service-en-2025\/\",\"url\":\"https:\/\/dicodusport.fr\/blog\/cyclisme-sur-route-anna-van-der-breggen-devrait-reprendre-du-service-en-2025\/\",\"name\":\"Cyclisme sur route : Anna van der Breggen devrait reprendre du service en 2025\",\"isPartOf\":{\"@id\":\"https:\/\/dicodusport.fr\/blog\/#website\"},\"primaryImageOfPage\":{\"@id\":\"https:\/\/dicodusport.fr\/blog\/cyclisme-sur-route-anna-van-der-breggen-devrait-reprendre-du-service-en-2025\/#primaryimage\"},\"image\":{\"@id\":\"https:\/\/dicodusport.fr\/blog\/cyclisme-sur-route-anna-van-der-breggen-devrait-reprendre-du-service-en-2025\/#primaryimage\"},\"thumbnailUrl\":\"https:\/\/dicodusport.fr\/blog\/wp-content\/uploads\/2024\/06\/Cyclisme-sur-route-Anna-van-der-Breggen-devrait-reprendre-du-service-en-2025.png\",\"datePublished\":\"2024-06-20T09:42:36+00:00\",\"dateModified\":\"2024-06-20T10:16:00+00:00\",\"description\":\"CYCLISME F\u00c9MININ - Sacr\u00e9e annonce avec le probable retour \u00e0 la comp\u00e9tition l'ann\u00e9e prochaine d'une des grandes figures du v\u00e9lo au XXIe si\u00e8cle, Anna van der Breggen.\",\"breadcrumb\":{\"@id\":\"https:\/\/dicodusport.fr\/blog\/cyclisme-sur-route-anna-van-der-breggen-devrait-reprendre-du-service-en-2025\/#breadcrumb\"},\"inLanguage\":\"fr-FR\",\"potentialAction\":[{\"@type\":\"ReadAction\",\"target\":[\"https:\/\/dicodusport.fr\/blog\/cyclisme-sur-route-anna-van-der-breggen-devrait-reprendre-du-service-en-2025\/\"]}]},{\"@type\":\"ImageObject\",\"inLanguage\":\"fr-FR\",\"@id\":\"https:\/\/dicodusport.fr\/blog\/cyclisme-sur-route-anna-van-der-breggen-devrait-reprendre-du-service-en-2025\/#primaryimage\",\"url\":\"https:\/\/dicodusport.fr\/blog\/wp-content\/uploads\/2024\/06\/Cyclisme-sur-route-Anna-van-der-Breggen-devrait-reprendre-du-service-en-2025.png\",\"contentUrl\":\"https:\/\/dicodusport.fr\/blog\/wp-content\/uploads\/2024\/06\/Cyclisme-sur-route-Anna-van-der-Breggen-devrait-reprendre-du-service-en-2025.png\",\"width\":1200,\"height\":674,\"caption\":\"Cyclisme sur route Anna van der Breggen devrait reprendre du service en 2025\"},{\"@type\":\"BreadcrumbList\",\"@id\":\"https:\/\/dicodusport.fr\/blog\/cyclisme-sur-route-anna-van-der-breggen-devrait-reprendre-du-service-en-2025\/#breadcrumb\",\"itemListElement\":[{\"@type\":\"ListItem\",\"position\":1,\"name\":\"Accueil\",\"item\":\"https:\/\/dicodusport.fr\/blog\/\"},{\"@type\":\"ListItem\",\"position\":2,\"name\":\"Cyclisme sur route : Anna van der Breggen devrait reprendre du service en 2025\"}]},{\"@type\":\"WebSite\",\"@id\":\"https:\/\/dicodusport.fr\/blog\/#website\",\"url\":\"https:\/\/dicodusport.fr\/blog\/\",\"name\":\"Dicodusport\",\"description\":\"L&#039;encyclop\u00e9die de l&#039;actualit\u00e9 sportive\",\"publisher\":{\"@id\":\"https:\/\/dicodusport.fr\/blog\/#organization\"},\"potentialAction\":[{\"@type\":\"SearchAction\",\"target\":{\"@type\":\"EntryPoint\",\"urlTemplate\":\"https:\/\/dicodusport.fr\/blog\/?s={search_term_string}\"},\"query-input\":{\"@type\":\"PropertyValueSpecification\",\"valueRequired\":true,\"valueName\":\"search_term_string\"}}],\"inLanguage\":\"fr-FR\"},{\"@type\":\"NewsMediaOrganization\",\"@id\":\"https:\/\/dicodusport.fr\/blog\/#organization\",\"name\":\"Dicodusport\",\"url\":\"https:\/\/dicodusport.fr\/blog\/\",\"logo\":{\"@type\":\"ImageObject\",\"inLanguage\":\"fr-FR\",\"@id\":\"https:\/\/dicodusport.fr\/blog\/#\/schema\/logo\/image\/\",\"url\":\"https:\/\/dicodusport.fr\/blog\/wp-content\/uploads\/2020\/06\/cropped-LOGO-DICODUSPORT-2020-SANS-FOND-SANS-TEXTE.png\",\"contentUrl\":\"https:\/\/dicodusport.fr\/blog\/wp-content\/uploads\/2020\/06\/cropped-LOGO-DICODUSPORT-2020-SANS-FOND-SANS-TEXTE.png\",\"width\":512,\"height\":512,\"caption\":\"Dicodusport\"},\"image\":{\"@id\":\"https:\/\/dicodusport.fr\/blog\/#\/schema\/logo\/image\/\"},\"sameAs\":[\"https:\/\/www.facebook.com\/dicodusport\",\"https:\/\/x.com\/dicodusport\",\"https:\/\/www.instagram.com\/dicodusport\/\",\"https:\/\/www.youtube.com\/channel\/UC7V2KZ5sd3htJivAbA4ZG3w\"],\"description\":\"Dicodusport est l'encyclop\u00e9die de l'actualit\u00e9 sportive.\",\"email\":\"bonjour@dicodusport.fr\",\"legalName\":\"DICODUSPORT\",\"foundingDate\":\"2018-01-14\",\"vatID\":\"FR71834470973\",\"taxID\":\"83447097300043\",\"numberOfEmployees\":{\"@type\":\"QuantitativeValue\",\"minValue\":\"1\",\"maxValue\":\"10\"}},{\"@type\":\"Person\",\"@id\":\"https:\/\/dicodusport.fr\/blog\/#\/schema\/person\/627966a6cde45dbd8c5e36ac85d783da\",\"name\":\"S\u00e9bastien Gente\",\"image\":{\"@type\":\"ImageObject\",\"inLanguage\":\"fr-FR\",\"@id\":\"https:\/\/dicodusport.fr\/blog\/#\/schema\/person\/image\/\",\"url\":\"https:\/\/dicodusport.fr\/blog\/wp-content\/uploads\/2021\/09\/1510990_10205810251400683_4124423575079401707_n-150x150.jpg\",\"contentUrl\":\"https:\/\/dicodusport.fr\/blog\/wp-content\/uploads\/2021\/09\/1510990_10205810251400683_4124423575079401707_n-150x150.jpg\",\"caption\":\"S\u00e9bastien Gente\"},\"description\":\"John Stockton, Gianni Bugno, Zinedine Zidane, Steffi Graf, Frode Andresen, St\u00e9phane Stoecklin, Davis Kamoga, Primoz Peterka, Werner Schlager et Aur\u00e9lien Rougerie. Point commun entre ces sportifs? Ils m'ont fait r\u00eaver et ont berc\u00e9 mon adolescence. Je suis un fondu de sports et j'essaie de retranscrire ma passion \u00e0 travers mes articles. Originaire du P\u00e9rigord, ma passion pour les Girondins, les Jaunards et les Jazzmen transpire dans mes \u00e9crits. \u00c0 Dicodusport depuis 2021, je d\u00e9niche les sports m\u00e9connus dans lesquels la France brille, et il y en a !\",\"sameAs\":[\"https:\/\/www.facebook.com\/sebastien.gente\/\",\"https:\/\/www.instagram.com\/sebgente\/\",\"https:\/\/www.linkedin.com\/in\/sbastien-gente-a29583169\/\",\"https:\/\/x.com\/https:\/\/twitter.com\/globulo24\",\"SebastienGente\"],\"worksFor\":\"S\u00e9bastien GENTE\",\"url\":\"https:\/\/dicodusport.fr\/blog\/author\/sebastiengente\/\"}]}<\/script>\n<!-- \/ Yoast SEO Premium plugin. -->","yoast_head_json":{"title":"Cyclisme sur route : Anna van der Breggen devrait reprendre du service en 2025","description":"CYCLISME F\u00c9MININ - Sacr\u00e9e annonce avec le probable retour \u00e0 la comp\u00e9tition l'ann\u00e9e prochaine d'une des grandes figures du v\u00e9lo au XXIe si\u00e8cle, Anna van der Breggen.","robots":{"index":"index","follow":"follow","max-snippet":"max-snippet:-1","max-image-preview":"max-image-preview:large","max-video-preview":"max-video-preview:-1"},"canonical":"https:\/\/dicodusport.fr\/blog\/cyclisme-sur-route-anna-van-der-breggen-devrait-reprendre-du-service-en-2025\/","og_locale":"fr_FR","og_type":"article","og_title":"Cyclisme sur route : Anna van der Breggen devrait reprendre du service en 2025","og_description":"CYCLISME F\u00c9MININ - Sacr\u00e9e annonce avec le probable retour \u00e0 la comp\u00e9tition l'ann\u00e9e prochaine d'une des grandes figures du v\u00e9lo au XXIe si\u00e8cle, Anna van der Breggen.","og_url":"https:\/\/dicodusport.fr\/blog\/cyclisme-sur-route-anna-van-der-breggen-devrait-reprendre-du-service-en-2025\/","og_site_name":"Dicodusport","article_publisher":"https:\/\/www.facebook.com\/dicodusport","article_author":"https:\/\/www.facebook.com\/sebastien.gente\/","article_published_time":"2024-06-20T09:42:36+00:00","article_modified_time":"2024-06-20T10:16:00+00:00","og_image":[{"width":1200,"height":674,"url":"https:\/\/dicodusport.fr\/blog\/wp-content\/uploads\/2024\/06\/Cyclisme-sur-route-Anna-van-der-Breggen-devrait-reprendre-du-service-en-2025.png","type":"image\/png"}],"author":"S\u00e9bastien Gente","twitter_card":"summary_large_image","twitter_title":"Cyclisme sur route : Anna van der Breggen devrait reprendre du service en 2025","twitter_creator":"@https:\/\/twitter.com\/globulo24","twitter_site":"@dicodusport","schema":{"@context":"https:\/\/schema.org","@graph":[{"@type":"NewsArticle","@id":"https:\/\/dicodusport.fr\/blog\/cyclisme-sur-route-anna-van-der-breggen-devrait-reprendre-du-service-en-2025\/#article","isPartOf":{"@id":"https:\/\/dicodusport.fr\/blog\/cyclisme-sur-route-anna-van-der-breggen-devrait-reprendre-du-service-en-2025\/"},"author":{"name":"S\u00e9bastien Gente","@id":"https:\/\/dicodusport.fr\/blog\/#\/schema\/person\/627966a6cde45dbd8c5e36ac85d783da"},"headline":"Cyclisme sur route : Anna van der Breggen devrait reprendre du service en 2025","datePublished":"2024-06-20T09:42:36+00:00","dateModified":"2024-06-20T10:16:00+00:00","mainEntityOfPage":{"@id":"https:\/\/dicodusport.fr\/blog\/cyclisme-sur-route-anna-van-der-breggen-devrait-reprendre-du-service-en-2025\/"},"wordCount":322,"commentCount":0,"publisher":{"@id":"https:\/\/dicodusport.fr\/blog\/#organization"},"image":{"@id":"https:\/\/dicodusport.fr\/blog\/cyclisme-sur-route-anna-van-der-breggen-devrait-reprendre-du-service-en-2025\/#primaryimage"},"thumbnailUrl":"https:\/\/dicodusport.fr\/blog\/wp-content\/uploads\/2024\/06\/Cyclisme-sur-route-Anna-van-der-Breggen-devrait-reprendre-du-service-en-2025.png","keywords":["Anna van der Breggen","br\u00e8ve"],"articleSection":["Cyclisme sur route"],"inLanguage":"fr-FR","potentialAction":[{"@type":"CommentAction","name":"Comment","target":["https:\/\/dicodusport.fr\/blog\/cyclisme-sur-route-anna-van-der-breggen-devrait-reprendre-du-service-en-2025\/#respond"]}],"copyrightYear":"2024","copyrightHolder":{"@id":"https:\/\/dicodusport.fr\/blog\/#organization"}},{"@type":"WebPage","@id":"https:\/\/dicodusport.fr\/blog\/cyclisme-sur-route-anna-van-der-breggen-devrait-reprendre-du-service-en-2025\/","url":"https:\/\/dicodusport.fr\/blog\/cyclisme-sur-route-anna-van-der-breggen-devrait-reprendre-du-service-en-2025\/","name":"Cyclisme sur route : Anna van der Breggen devrait reprendre du service en 2025","isPartOf":{"@id":"https:\/\/dicodusport.fr\/blog\/#website"},"primaryImageOfPage":{"@id":"https:\/\/dicodusport.fr\/blog\/cyclisme-sur-route-anna-van-der-breggen-devrait-reprendre-du-service-en-2025\/#primaryimage"},"image":{"@id":"https:\/\/dicodusport.fr\/blog\/cyclisme-sur-route-anna-van-der-breggen-devrait-reprendre-du-service-en-2025\/#primaryimage"},"thumbnailUrl":"https:\/\/dicodusport.fr\/blog\/wp-content\/uploads\/2024\/06\/Cyclisme-sur-route-Anna-van-der-Breggen-devrait-reprendre-du-service-en-2025.png","datePublished":"2024-06-20T09:42:36+00:00","dateModified":"2024-06-20T10:16:00+00:00","description":"CYCLISME F\u00c9MININ - Sacr\u00e9e annonce avec le probable retour \u00e0 la comp\u00e9tition l'ann\u00e9e prochaine d'une des grandes figures du v\u00e9lo au XXIe si\u00e8cle, Anna van der Breggen.","breadcrumb":{"@id":"https:\/\/dicodusport.fr\/blog\/cyclisme-sur-route-anna-van-der-breggen-devrait-reprendre-du-service-en-2025\/#breadcrumb"},"inLanguage":"fr-FR","potentialAction":[{"@type":"ReadAction","target":["https:\/\/dicodusport.fr\/blog\/cyclisme-sur-route-anna-van-der-breggen-devrait-reprendre-du-service-en-2025\/"]}]},{"@type":"ImageObject","inLanguage":"fr-FR","@id":"https:\/\/dicodusport.fr\/blog\/cyclisme-sur-route-anna-van-der-breggen-devrait-reprendre-du-service-en-2025\/#primaryimage","url":"https:\/\/dicodusport.fr\/blog\/wp-content\/uploads\/2024\/06\/Cyclisme-sur-route-Anna-van-der-Breggen-devrait-reprendre-du-service-en-2025.png","contentUrl":"https:\/\/dicodusport.fr\/blog\/wp-content\/uploads\/2024\/06\/Cyclisme-sur-route-Anna-van-der-Breggen-devrait-reprendre-du-service-en-2025.png","width":1200,"height":674,"caption":"Cyclisme sur route Anna van der Breggen devrait reprendre du service en 2025"},{"@type":"BreadcrumbList","@id":"https:\/\/dicodusport.fr\/blog\/cyclisme-sur-route-anna-van-der-breggen-devrait-reprendre-du-service-en-2025\/#breadcrumb","itemListElement":[{"@type":"ListItem","position":1,"name":"Accueil","item":"https:\/\/dicodusport.fr\/blog\/"},{"@type":"ListItem","position":2,"name":"Cyclisme sur route : Anna van der Breggen devrait reprendre du service en 2025"}]},{"@type":"WebSite","@id":"https:\/\/dicodusport.fr\/blog\/#website","url":"https:\/\/dicodusport.fr\/blog\/","name":"Dicodusport","description":"L&#039;encyclop\u00e9die de l&#039;actualit\u00e9 sportive","publisher":{"@id":"https:\/\/dicodusport.fr\/blog\/#organization"},"potentialAction":[{"@type":"SearchAction","target":{"@type":"EntryPoint","urlTemplate":"https:\/\/dicodusport.fr\/blog\/?s={search_term_string}"},"query-input":{"@type":"PropertyValueSpecification","valueRequired":true,"valueName":"search_term_string"}}],"inLanguage":"fr-FR"},{"@type":"NewsMediaOrganization","@id":"https:\/\/dicodusport.fr\/blog\/#organization","name":"Dicodusport","url":"https:\/\/dicodusport.fr\/blog\/","logo":{"@type":"ImageObject","inLanguage":"fr-FR","@id":"https:\/\/dicodusport.fr\/blog\/#\/schema\/logo\/image\/","url":"https:\/\/dicodusport.fr\/blog\/wp-content\/uploads\/2020\/06\/cropped-LOGO-DICODUSPORT-2020-SANS-FOND-SANS-TEXTE.png","contentUrl":"https:\/\/dicodusport.fr\/blog\/wp-content\/uploads\/2020\/06\/cropped-LOGO-DICODUSPORT-2020-SANS-FOND-SANS-TEXTE.png","width":512,"height":512,"caption":"Dicodusport"},"image":{"@id":"https:\/\/dicodusport.fr\/blog\/#\/schema\/logo\/image\/"},"sameAs":["https:\/\/www.facebook.com\/dicodusport","https:\/\/x.com\/dicodusport","https:\/\/www.instagram.com\/dicodusport\/","https:\/\/www.youtube.com\/channel\/UC7V2KZ5sd3htJivAbA4ZG3w"],"description":"Dicodusport est l'encyclop\u00e9die de l'actualit\u00e9 sportive.","email":"bonjour@dicodusport.fr","legalName":"DICODUSPORT","foundingDate":"2018-01-14","vatID":"FR71834470973","taxID":"83447097300043","numberOfEmployees":{"@type":"QuantitativeValue","minValue":"1","maxValue":"10"}},{"@type":"Person","@id":"https:\/\/dicodusport.fr\/blog\/#\/schema\/person\/627966a6cde45dbd8c5e36ac85d783da","name":"S\u00e9bastien Gente","image":{"@type":"ImageObject","inLanguage":"fr-FR","@id":"https:\/\/dicodusport.fr\/blog\/#\/schema\/person\/image\/","url":"https:\/\/dicodusport.fr\/blog\/wp-content\/uploads\/2021\/09\/1510990_10205810251400683_4124423575079401707_n-150x150.jpg","contentUrl":"https:\/\/dicodusport.fr\/blog\/wp-content\/uploads\/2021\/09\/1510990_10205810251400683_4124423575079401707_n-150x150.jpg","caption":"S\u00e9bastien Gente"},"description":"John Stockton, Gianni Bugno, Zinedine Zidane, Steffi Graf, Frode Andresen, St\u00e9phane Stoecklin, Davis Kamoga, Primoz Peterka, Werner Schlager et Aur\u00e9lien Rougerie. Point commun entre ces sportifs? Ils m'ont fait r\u00eaver et ont berc\u00e9 mon adolescence. Je suis un fondu de sports et j'essaie de retranscrire ma passion \u00e0 travers mes articles. Originaire du P\u00e9rigord, ma passion pour les Girondins, les Jaunards et les Jazzmen transpire dans mes \u00e9crits. \u00c0 Dicodusport depuis 2021, je d\u00e9niche les sports m\u00e9connus dans lesquels la France brille, et il y en a !","sameAs":["https:\/\/www.facebook.com\/sebastien.gente\/","https:\/\/www.instagram.com\/sebgente\/","https:\/\/www.linkedin.com\/in\/sbastien-gente-a29583169\/","https:\/\/x.com\/https:\/\/twitter.com\/globulo24","SebastienGente"],"worksFor":"S\u00e9bastien GENTE","url":"https:\/\/dicodusport.fr\/blog\/author\/sebastiengente\/"}]}},"_links":{"self":[{"href":"https:\/\/dicodusport.fr\/blog\/wp-json\/wp\/v2\/posts\/494231","targetHints":{"allow":["GET"]}}],"collection":[{"href":"https:\/\/dicodusport.fr\/blog\/wp-json\/wp\/v2\/posts"}],"about":[{"href":"https:\/\/dicodusport.fr\/blog\/wp-json\/wp\/v2\/types\/post"}],"author":[{"embeddable":true,"href":"https:\/\/dicodusport.fr\/blog\/wp-json\/wp\/v2\/users\/59"}],"replies":[{"embeddable":true,"href":"https:\/\/dicodusport.fr\/blog\/wp-json\/wp\/v2\/comments?post=494231"}],"version-history":[{"count":2,"href":"https:\/\/dicodusport.fr\/blog\/wp-json\/wp\/v2\/posts\/494231\/revisions"}],"predecessor-version":[{"id":494245,"href":"https:\/\/dicodusport.fr\/blog\/wp-json\/wp\/v2\/posts\/494231\/revisions\/494245"}],"wp:featuredmedia":[{"embeddable":true,"href":"https:\/\/dicodusport.fr\/blog\/wp-json\/wp\/v2\/media\/494236"}],"wp:attachment":[{"href":"https:\/\/dicodusport.fr\/blog\/wp-json\/wp\/v2\/media?parent=494231"}],"wp:term":[{"taxonomy":"category","embeddable":true,"href":"https:\/\/dicodusport.fr\/blog\/wp-json\/wp\/v2\/categories?post=494231"},{"taxonomy":"post_tag","embeddable":true,"href":"https:\/\/dicodusport.fr\/blog\/wp-json\/wp\/v2\/tags?post=494231"}],"curies":[{"name":"wp","href":"https:\/\/api.w.org\/{rel}","templated":true}]}}