{"id":494453,"date":"2024-06-21T09:18:52","date_gmt":"2024-06-21T07:18:52","guid":{"rendered":"https:\/\/dicodusport.fr\/blog\/?p=494453&#038;preview=true&#038;preview_id=494453"},"modified":"2024-06-21T11:43:36","modified_gmt":"2024-06-21T09:43:36","slug":"equipe-de-france-la-composition-probable-des-bleus-pour-defier-les-pays-bas","status":"publish","type":"post","link":"https:\/\/dicodusport.fr\/blog\/equipe-de-france-la-composition-probable-des-bleus-pour-defier-les-pays-bas\/","title":{"rendered":"\u00c9quipe de France : La composition probable des Bleus pour d\u00e9fier les Pays-Bas"},"content":{"rendered":"<p style=\"text-align: justify;\" align=\"justify\"><em><b><a href=\"https:\/\/dicodusport.fr\/blog\/actualites\/football\/euro-2024-football\/\">EURO 2024 DE FOOTBALL<\/a> &#8211; Selon RMC Sport, voici la composition des Bleus pour le match face aux Pays-Bas ce vendredi soir \u00e0 21 heures.<\/b><\/em><\/p>\n<ul style=\"text-align: justify;\">\n<li style=\"text-align: justify;\"><strong>\u00c0 ce sujet &#8211; <a href=\"https:\/\/dicodusport.fr\/blog\/euro-2024-de-football-calendrier-et-resultats\/\">Calendrier et r\u00e9sultats Euro de football 2024<\/a><\/strong><\/li>\n<\/ul>\n<p style=\"text-align: justify;\" align=\"justify\">Apr\u00e8s sa victoire face \u00e0 l&rsquo;Autriche, l&rsquo;\u00e9quipe de France s&rsquo;attaque \u00e0 l&rsquo;adversaire le plus fort de la poule, les Pays-Bas. Didier Deschamps ne devrait pas aligner <strong>Kylian Mbapp\u00e9<\/strong> pour cette rencontre, mais le capitaine des Bleus devrait \u00eatre sur le banc de touche.<\/p>\n<ul style=\"text-align: justify;\">\n<li style=\"text-align: justify;\"><strong>\u00c0 ce sujet &#8211; <a href=\"https:\/\/dicodusport.fr\/blog\/pays-bas-france-chaine-tv-heure-et-cotes-du-match-de-leuro-2024\/\" target=\"_blank\" rel=\"noopener\">Pays-Bas \u2013 France : Cha\u00eene TV, Heure et Cotes du match de l\u2019Euro 2024<\/a><br \/>\n<\/strong><\/li>\n<\/ul>\n<p style=\"text-align: justify;\" align=\"justify\">En d\u00e9fense, le s\u00e9lectionneur fran\u00e7ais devrait reconduire les quatre m\u00eames joueurs apr\u00e8s un premier match sans but encaiss\u00e9. Pour le reste, le syst\u00e8me devrait un peu \u00eatre adapt\u00e9 puisque c&rsquo;est <strong>Aur\u00e9lien<\/strong> <strong>Tchouam\u00e9ni<\/strong> qui devrait remplacer <strong>Kylian<\/strong> <strong>Mbapp\u00e9<\/strong> dans le onze de d\u00e9part. Le Madril\u00e8ne serait align\u00e9 avec <strong>N&rsquo;Golo<\/strong> <strong>Kant\u00e9<\/strong> au milieu de terrain.<\/p>\n<ul style=\"text-align: justify;\">\n<li style=\"text-align: justify;\"><strong>\u00c0 ce sujet &#8211; <a href=\"https:\/\/dicodusport.fr\/blog\/pronostic-pays-bas-france-euro-2024-cotes-analyse-et-conseil\/\" target=\"_blank\" rel=\"noopener\">Pays-Bas \u2013 France : Cha\u00eene TV, Heure et Cotes du match de l\u2019Euro 2024<\/a><br \/>\n<\/strong><\/li>\n<\/ul>\n<p style=\"text-align: justify;\"><strong>Adrien<\/strong> <strong>Rabiot<\/strong> sera aussi au milieu de terrain, mais un peu d\u00e9cal\u00e9 \u00e0 gauche, alors qu&rsquo;<strong>Ousmane<\/strong> <strong>Demb\u00e9l\u00e9<\/strong> sera dans le couloir droit. <strong>Antoine Griezmann<\/strong> est attendu plus haut sur le terrain que face \u00e0 l&rsquo;<strong>Autriche<\/strong>, en soutien de <strong>Marcus<\/strong> <strong>Thuram<\/strong>.<\/p>\n<h2 style=\"text-align: justify;\" align=\"justify\">La composition probable des Bleus pour affronter les Pays-Bas<\/h2>\n<p style=\"text-align: justify;\">Maignan \u2013 Kound\u00e9, Saliba, Upamecano, T.Hernandez \u2013 Demb\u00e9l\u00e9, Kant\u00e9, Tchouam\u00e9ni, Rabiot \u2013 Thuram, Griezmann.<\/p>\n","protected":false},"excerpt":{"rendered":"<p>EURO 2024 DE FOOTBALL &#8211; Selon RMC Sport, voici la composition des Bleus pour le match face aux Pays-Bas ce vendredi soir \u00e0 21 heures.<\/p>\n","protected":false},"author":1,"featured_media":494454,"comment_status":"open","ping_status":"closed","sticky":false,"template":"","format":"standard","meta":{"_acf_changed":false,"_daextam_enable_autolinks":"1","footnotes":""},"categories":[47044],"tags":[16878,7276,6966,75,30],"class_list":["post-494453","post","type-post","status-publish","format-standard","has-post-thumbnail","hentry","category-euro-de-football","tag-breve","tag-composition-france","tag-equipe-de-france-de-football","tag-football","tag-france"],"acf":[],"yoast_head":"<!-- This site is optimized with the Yoast SEO Premium plugin v26.7 (Yoast SEO v26.7) - https:\/\/yoast.com\/wordpress\/plugins\/seo\/ -->\n<title>\u00c9quipe de France : La composition probable des Bleus pour d\u00e9fier les Pays-Bas<\/title>\n<meta name=\"description\" content=\"EURO 2024 DE FOOTBALL - Selon RMC Sport, voici la composition des Bleus pour le match face aux Pays-Bas ce vendredi soir \u00e0 21 heures.\" \/>\n<meta name=\"robots\" content=\"index, follow, max-snippet:-1, max-image-preview:large, max-video-preview:-1\" \/>\n<link rel=\"canonical\" href=\"https:\/\/dicodusport.fr\/blog\/equipe-de-france-la-composition-probable-des-bleus-pour-defier-les-pays-bas\/\" \/>\n<meta property=\"og:locale\" content=\"fr_FR\" \/>\n<meta property=\"og:type\" content=\"article\" \/>\n<meta property=\"og:title\" content=\"\u00c9quipe de France : La composition probable des Bleus pour d\u00e9fier les Pays-Bas\" \/>\n<meta property=\"og:description\" content=\"EURO 2024 DE FOOTBALL - Selon RMC Sport, voici la composition des Bleus pour le match face aux Pays-Bas ce vendredi soir \u00e0 21 heures.\" \/>\n<meta property=\"og:url\" content=\"https:\/\/dicodusport.fr\/blog\/equipe-de-france-la-composition-probable-des-bleus-pour-defier-les-pays-bas\/\" \/>\n<meta property=\"og:site_name\" content=\"Dicodusport\" \/>\n<meta property=\"article:publisher\" content=\"https:\/\/www.facebook.com\/dicodusport\" \/>\n<meta property=\"article:author\" content=\"https:\/\/www.facebook.com\/dicodusport\" \/>\n<meta property=\"article:published_time\" content=\"2024-06-21T07:18:52+00:00\" \/>\n<meta property=\"article:modified_time\" content=\"2024-06-21T09:43:36+00:00\" \/>\n<meta property=\"og:image\" content=\"https:\/\/dicodusport.fr\/blog\/wp-content\/uploads\/2024\/06\/Equipe-de-France-La-composition-probable-des-Bleus-pour-defier-les-Pays-Bas.png\" \/>\n\t<meta property=\"og:image:width\" content=\"1200\" \/>\n\t<meta property=\"og:image:height\" content=\"674\" \/>\n\t<meta property=\"og:image:type\" content=\"image\/png\" \/>\n<meta name=\"author\" content=\"Nicolas Jacquemard\" \/>\n<meta name=\"twitter:card\" content=\"summary_large_image\" \/>\n<meta name=\"twitter:title\" content=\"\u00c9quipe de France : La composition probable des Bleus pour d\u00e9fier les Pays-Bas\" \/>\n<meta name=\"twitter:creator\" content=\"@https:\/\/twitter.com\/Nico_Jacquemard\" \/>\n<meta name=\"twitter:site\" content=\"@dicodusport\" \/>\n<script type=\"application\/ld+json\" class=\"yoast-schema-graph\">{\"@context\":\"https:\/\/schema.org\",\"@graph\":[{\"@type\":\"NewsArticle\",\"@id\":\"https:\/\/dicodusport.fr\/blog\/equipe-de-france-la-composition-probable-des-bleus-pour-defier-les-pays-bas\/#article\",\"isPartOf\":{\"@id\":\"https:\/\/dicodusport.fr\/blog\/equipe-de-france-la-composition-probable-des-bleus-pour-defier-les-pays-bas\/\"},\"author\":{\"name\":\"Nicolas Jacquemard\",\"@id\":\"https:\/\/dicodusport.fr\/blog\/#\/schema\/person\/55dcb50ad410894e431ed812bbb70191\"},\"headline\":\"\u00c9quipe de France : La composition probable des Bleus pour d\u00e9fier les Pays-Bas\",\"datePublished\":\"2024-06-21T07:18:52+00:00\",\"dateModified\":\"2024-06-21T09:43:36+00:00\",\"mainEntityOfPage\":{\"@id\":\"https:\/\/dicodusport.fr\/blog\/equipe-de-france-la-composition-probable-des-bleus-pour-defier-les-pays-bas\/\"},\"wordCount\":253,\"commentCount\":1,\"publisher\":{\"@id\":\"https:\/\/dicodusport.fr\/blog\/#organization\"},\"image\":{\"@id\":\"https:\/\/dicodusport.fr\/blog\/equipe-de-france-la-composition-probable-des-bleus-pour-defier-les-pays-bas\/#primaryimage\"},\"thumbnailUrl\":\"https:\/\/dicodusport.fr\/blog\/wp-content\/uploads\/2024\/06\/Equipe-de-France-La-composition-probable-des-Bleus-pour-defier-les-Pays-Bas.png\",\"keywords\":[\"br\u00e8ve\",\"Composition France\",\"Equipe de France de football\",\"Football\",\"France\"],\"articleSection\":[\"Euro de football\"],\"inLanguage\":\"fr-FR\",\"potentialAction\":[{\"@type\":\"CommentAction\",\"name\":\"Comment\",\"target\":[\"https:\/\/dicodusport.fr\/blog\/equipe-de-france-la-composition-probable-des-bleus-pour-defier-les-pays-bas\/#respond\"]}],\"copyrightYear\":\"2024\",\"copyrightHolder\":{\"@id\":\"https:\/\/dicodusport.fr\/blog\/#organization\"}},{\"@type\":\"WebPage\",\"@id\":\"https:\/\/dicodusport.fr\/blog\/equipe-de-france-la-composition-probable-des-bleus-pour-defier-les-pays-bas\/\",\"url\":\"https:\/\/dicodusport.fr\/blog\/equipe-de-france-la-composition-probable-des-bleus-pour-defier-les-pays-bas\/\",\"name\":\"\u00c9quipe de France : La composition probable des Bleus pour d\u00e9fier les Pays-Bas\",\"isPartOf\":{\"@id\":\"https:\/\/dicodusport.fr\/blog\/#website\"},\"primaryImageOfPage\":{\"@id\":\"https:\/\/dicodusport.fr\/blog\/equipe-de-france-la-composition-probable-des-bleus-pour-defier-les-pays-bas\/#primaryimage\"},\"image\":{\"@id\":\"https:\/\/dicodusport.fr\/blog\/equipe-de-france-la-composition-probable-des-bleus-pour-defier-les-pays-bas\/#primaryimage\"},\"thumbnailUrl\":\"https:\/\/dicodusport.fr\/blog\/wp-content\/uploads\/2024\/06\/Equipe-de-France-La-composition-probable-des-Bleus-pour-defier-les-Pays-Bas.png\",\"datePublished\":\"2024-06-21T07:18:52+00:00\",\"dateModified\":\"2024-06-21T09:43:36+00:00\",\"description\":\"EURO 2024 DE FOOTBALL - Selon RMC Sport, voici la composition des Bleus pour le match face aux Pays-Bas ce vendredi soir \u00e0 21 heures.\",\"breadcrumb\":{\"@id\":\"https:\/\/dicodusport.fr\/blog\/equipe-de-france-la-composition-probable-des-bleus-pour-defier-les-pays-bas\/#breadcrumb\"},\"inLanguage\":\"fr-FR\",\"potentialAction\":[{\"@type\":\"ReadAction\",\"target\":[\"https:\/\/dicodusport.fr\/blog\/equipe-de-france-la-composition-probable-des-bleus-pour-defier-les-pays-bas\/\"]}]},{\"@type\":\"ImageObject\",\"inLanguage\":\"fr-FR\",\"@id\":\"https:\/\/dicodusport.fr\/blog\/equipe-de-france-la-composition-probable-des-bleus-pour-defier-les-pays-bas\/#primaryimage\",\"url\":\"https:\/\/dicodusport.fr\/blog\/wp-content\/uploads\/2024\/06\/Equipe-de-France-La-composition-probable-des-Bleus-pour-defier-les-Pays-Bas.png\",\"contentUrl\":\"https:\/\/dicodusport.fr\/blog\/wp-content\/uploads\/2024\/06\/Equipe-de-France-La-composition-probable-des-Bleus-pour-defier-les-Pays-Bas.png\",\"width\":1200,\"height\":674},{\"@type\":\"BreadcrumbList\",\"@id\":\"https:\/\/dicodusport.fr\/blog\/equipe-de-france-la-composition-probable-des-bleus-pour-defier-les-pays-bas\/#breadcrumb\",\"itemListElement\":[{\"@type\":\"ListItem\",\"position\":1,\"name\":\"Accueil\",\"item\":\"https:\/\/dicodusport.fr\/blog\/\"},{\"@type\":\"ListItem\",\"position\":2,\"name\":\"\u00c9quipe de France : La composition probable des Bleus pour d\u00e9fier les Pays-Bas\"}]},{\"@type\":\"WebSite\",\"@id\":\"https:\/\/dicodusport.fr\/blog\/#website\",\"url\":\"https:\/\/dicodusport.fr\/blog\/\",\"name\":\"Dicodusport\",\"description\":\"L&#039;encyclop\u00e9die de l&#039;actualit\u00e9 sportive\",\"publisher\":{\"@id\":\"https:\/\/dicodusport.fr\/blog\/#organization\"},\"potentialAction\":[{\"@type\":\"SearchAction\",\"target\":{\"@type\":\"EntryPoint\",\"urlTemplate\":\"https:\/\/dicodusport.fr\/blog\/?s={search_term_string}\"},\"query-input\":{\"@type\":\"PropertyValueSpecification\",\"valueRequired\":true,\"valueName\":\"search_term_string\"}}],\"inLanguage\":\"fr-FR\"},{\"@type\":\"NewsMediaOrganization\",\"@id\":\"https:\/\/dicodusport.fr\/blog\/#organization\",\"name\":\"Dicodusport\",\"url\":\"https:\/\/dicodusport.fr\/blog\/\",\"logo\":{\"@type\":\"ImageObject\",\"inLanguage\":\"fr-FR\",\"@id\":\"https:\/\/dicodusport.fr\/blog\/#\/schema\/logo\/image\/\",\"url\":\"https:\/\/dicodusport.fr\/blog\/wp-content\/uploads\/2020\/06\/cropped-LOGO-DICODUSPORT-2020-SANS-FOND-SANS-TEXTE.png\",\"contentUrl\":\"https:\/\/dicodusport.fr\/blog\/wp-content\/uploads\/2020\/06\/cropped-LOGO-DICODUSPORT-2020-SANS-FOND-SANS-TEXTE.png\",\"width\":512,\"height\":512,\"caption\":\"Dicodusport\"},\"image\":{\"@id\":\"https:\/\/dicodusport.fr\/blog\/#\/schema\/logo\/image\/\"},\"sameAs\":[\"https:\/\/www.facebook.com\/dicodusport\",\"https:\/\/x.com\/dicodusport\",\"https:\/\/www.instagram.com\/dicodusport\/\",\"https:\/\/www.youtube.com\/channel\/UC7V2KZ5sd3htJivAbA4ZG3w\"],\"description\":\"Dicodusport est l'encyclop\u00e9die de l'actualit\u00e9 sportive.\",\"email\":\"bonjour@dicodusport.fr\",\"legalName\":\"DICODUSPORT\",\"foundingDate\":\"2018-01-14\",\"vatID\":\"FR71834470973\",\"taxID\":\"83447097300043\",\"numberOfEmployees\":{\"@type\":\"QuantitativeValue\",\"minValue\":\"1\",\"maxValue\":\"10\"}},{\"@type\":\"Person\",\"@id\":\"https:\/\/dicodusport.fr\/blog\/#\/schema\/person\/55dcb50ad410894e431ed812bbb70191\",\"name\":\"Nicolas Jacquemard\",\"image\":{\"@type\":\"ImageObject\",\"inLanguage\":\"fr-FR\",\"@id\":\"https:\/\/dicodusport.fr\/blog\/#\/schema\/person\/image\/\",\"url\":\"https:\/\/dicodusport.fr\/blog\/wp-content\/uploads\/2021\/05\/Nicolas-Jacquemard-150x150.jpeg\",\"contentUrl\":\"https:\/\/dicodusport.fr\/blog\/wp-content\/uploads\/2021\/05\/Nicolas-Jacquemard-150x150.jpeg\",\"caption\":\"Nicolas Jacquemard\"},\"description\":\"Passionn\u00e9 de sport et entrepreneur depuis mes 18 ans, la cr\u00e9ation de Dicodusport m'a sembl\u00e9 \u00e9vidente pour participer \u00e0 la m\u00e9diatisation d'un plus grand nombre de sports. Le chemin est long mais avec une \u00e9quipe des plus motiv\u00e9es et les Jeux Olympiques de Paris 2024 en point de mire, nous y arriverons ! Journaliste dans le monde du sport depuis plus de 5 ans, je traite aussi bien de football, de rugby, de biathlon que de cyclisme.\",\"sameAs\":[\"https:\/\/www.facebook.com\/dicodusport\",\"https:\/\/x.com\/https:\/\/twitter.com\/Nico_Jacquemard\"],\"url\":\"https:\/\/dicodusport.fr\/blog\/author\/dicodusport\/\"}]}<\/script>\n<!-- \/ Yoast SEO Premium plugin. -->","yoast_head_json":{"title":"\u00c9quipe de France : La composition probable des Bleus pour d\u00e9fier les Pays-Bas","description":"EURO 2024 DE FOOTBALL - Selon RMC Sport, voici la composition des Bleus pour le match face aux Pays-Bas ce vendredi soir \u00e0 21 heures.","robots":{"index":"index","follow":"follow","max-snippet":"max-snippet:-1","max-image-preview":"max-image-preview:large","max-video-preview":"max-video-preview:-1"},"canonical":"https:\/\/dicodusport.fr\/blog\/equipe-de-france-la-composition-probable-des-bleus-pour-defier-les-pays-bas\/","og_locale":"fr_FR","og_type":"article","og_title":"\u00c9quipe de France : La composition probable des Bleus pour d\u00e9fier les Pays-Bas","og_description":"EURO 2024 DE FOOTBALL - Selon RMC Sport, voici la composition des Bleus pour le match face aux Pays-Bas ce vendredi soir \u00e0 21 heures.","og_url":"https:\/\/dicodusport.fr\/blog\/equipe-de-france-la-composition-probable-des-bleus-pour-defier-les-pays-bas\/","og_site_name":"Dicodusport","article_publisher":"https:\/\/www.facebook.com\/dicodusport","article_author":"https:\/\/www.facebook.com\/dicodusport","article_published_time":"2024-06-21T07:18:52+00:00","article_modified_time":"2024-06-21T09:43:36+00:00","og_image":[{"width":1200,"height":674,"url":"https:\/\/dicodusport.fr\/blog\/wp-content\/uploads\/2024\/06\/Equipe-de-France-La-composition-probable-des-Bleus-pour-defier-les-Pays-Bas.png","type":"image\/png"}],"author":"Nicolas Jacquemard","twitter_card":"summary_large_image","twitter_title":"\u00c9quipe de France : La composition probable des Bleus pour d\u00e9fier les Pays-Bas","twitter_creator":"@https:\/\/twitter.com\/Nico_Jacquemard","twitter_site":"@dicodusport","schema":{"@context":"https:\/\/schema.org","@graph":[{"@type":"NewsArticle","@id":"https:\/\/dicodusport.fr\/blog\/equipe-de-france-la-composition-probable-des-bleus-pour-defier-les-pays-bas\/#article","isPartOf":{"@id":"https:\/\/dicodusport.fr\/blog\/equipe-de-france-la-composition-probable-des-bleus-pour-defier-les-pays-bas\/"},"author":{"name":"Nicolas Jacquemard","@id":"https:\/\/dicodusport.fr\/blog\/#\/schema\/person\/55dcb50ad410894e431ed812bbb70191"},"headline":"\u00c9quipe de France : La composition probable des Bleus pour d\u00e9fier les Pays-Bas","datePublished":"2024-06-21T07:18:52+00:00","dateModified":"2024-06-21T09:43:36+00:00","mainEntityOfPage":{"@id":"https:\/\/dicodusport.fr\/blog\/equipe-de-france-la-composition-probable-des-bleus-pour-defier-les-pays-bas\/"},"wordCount":253,"commentCount":1,"publisher":{"@id":"https:\/\/dicodusport.fr\/blog\/#organization"},"image":{"@id":"https:\/\/dicodusport.fr\/blog\/equipe-de-france-la-composition-probable-des-bleus-pour-defier-les-pays-bas\/#primaryimage"},"thumbnailUrl":"https:\/\/dicodusport.fr\/blog\/wp-content\/uploads\/2024\/06\/Equipe-de-France-La-composition-probable-des-Bleus-pour-defier-les-Pays-Bas.png","keywords":["br\u00e8ve","Composition France","Equipe de France de football","Football","France"],"articleSection":["Euro de football"],"inLanguage":"fr-FR","potentialAction":[{"@type":"CommentAction","name":"Comment","target":["https:\/\/dicodusport.fr\/blog\/equipe-de-france-la-composition-probable-des-bleus-pour-defier-les-pays-bas\/#respond"]}],"copyrightYear":"2024","copyrightHolder":{"@id":"https:\/\/dicodusport.fr\/blog\/#organization"}},{"@type":"WebPage","@id":"https:\/\/dicodusport.fr\/blog\/equipe-de-france-la-composition-probable-des-bleus-pour-defier-les-pays-bas\/","url":"https:\/\/dicodusport.fr\/blog\/equipe-de-france-la-composition-probable-des-bleus-pour-defier-les-pays-bas\/","name":"\u00c9quipe de France : La composition probable des Bleus pour d\u00e9fier les Pays-Bas","isPartOf":{"@id":"https:\/\/dicodusport.fr\/blog\/#website"},"primaryImageOfPage":{"@id":"https:\/\/dicodusport.fr\/blog\/equipe-de-france-la-composition-probable-des-bleus-pour-defier-les-pays-bas\/#primaryimage"},"image":{"@id":"https:\/\/dicodusport.fr\/blog\/equipe-de-france-la-composition-probable-des-bleus-pour-defier-les-pays-bas\/#primaryimage"},"thumbnailUrl":"https:\/\/dicodusport.fr\/blog\/wp-content\/uploads\/2024\/06\/Equipe-de-France-La-composition-probable-des-Bleus-pour-defier-les-Pays-Bas.png","datePublished":"2024-06-21T07:18:52+00:00","dateModified":"2024-06-21T09:43:36+00:00","description":"EURO 2024 DE FOOTBALL - Selon RMC Sport, voici la composition des Bleus pour le match face aux Pays-Bas ce vendredi soir \u00e0 21 heures.","breadcrumb":{"@id":"https:\/\/dicodusport.fr\/blog\/equipe-de-france-la-composition-probable-des-bleus-pour-defier-les-pays-bas\/#breadcrumb"},"inLanguage":"fr-FR","potentialAction":[{"@type":"ReadAction","target":["https:\/\/dicodusport.fr\/blog\/equipe-de-france-la-composition-probable-des-bleus-pour-defier-les-pays-bas\/"]}]},{"@type":"ImageObject","inLanguage":"fr-FR","@id":"https:\/\/dicodusport.fr\/blog\/equipe-de-france-la-composition-probable-des-bleus-pour-defier-les-pays-bas\/#primaryimage","url":"https:\/\/dicodusport.fr\/blog\/wp-content\/uploads\/2024\/06\/Equipe-de-France-La-composition-probable-des-Bleus-pour-defier-les-Pays-Bas.png","contentUrl":"https:\/\/dicodusport.fr\/blog\/wp-content\/uploads\/2024\/06\/Equipe-de-France-La-composition-probable-des-Bleus-pour-defier-les-Pays-Bas.png","width":1200,"height":674},{"@type":"BreadcrumbList","@id":"https:\/\/dicodusport.fr\/blog\/equipe-de-france-la-composition-probable-des-bleus-pour-defier-les-pays-bas\/#breadcrumb","itemListElement":[{"@type":"ListItem","position":1,"name":"Accueil","item":"https:\/\/dicodusport.fr\/blog\/"},{"@type":"ListItem","position":2,"name":"\u00c9quipe de France : La composition probable des Bleus pour d\u00e9fier les Pays-Bas"}]},{"@type":"WebSite","@id":"https:\/\/dicodusport.fr\/blog\/#website","url":"https:\/\/dicodusport.fr\/blog\/","name":"Dicodusport","description":"L&#039;encyclop\u00e9die de l&#039;actualit\u00e9 sportive","publisher":{"@id":"https:\/\/dicodusport.fr\/blog\/#organization"},"potentialAction":[{"@type":"SearchAction","target":{"@type":"EntryPoint","urlTemplate":"https:\/\/dicodusport.fr\/blog\/?s={search_term_string}"},"query-input":{"@type":"PropertyValueSpecification","valueRequired":true,"valueName":"search_term_string"}}],"inLanguage":"fr-FR"},{"@type":"NewsMediaOrganization","@id":"https:\/\/dicodusport.fr\/blog\/#organization","name":"Dicodusport","url":"https:\/\/dicodusport.fr\/blog\/","logo":{"@type":"ImageObject","inLanguage":"fr-FR","@id":"https:\/\/dicodusport.fr\/blog\/#\/schema\/logo\/image\/","url":"https:\/\/dicodusport.fr\/blog\/wp-content\/uploads\/2020\/06\/cropped-LOGO-DICODUSPORT-2020-SANS-FOND-SANS-TEXTE.png","contentUrl":"https:\/\/dicodusport.fr\/blog\/wp-content\/uploads\/2020\/06\/cropped-LOGO-DICODUSPORT-2020-SANS-FOND-SANS-TEXTE.png","width":512,"height":512,"caption":"Dicodusport"},"image":{"@id":"https:\/\/dicodusport.fr\/blog\/#\/schema\/logo\/image\/"},"sameAs":["https:\/\/www.facebook.com\/dicodusport","https:\/\/x.com\/dicodusport","https:\/\/www.instagram.com\/dicodusport\/","https:\/\/www.youtube.com\/channel\/UC7V2KZ5sd3htJivAbA4ZG3w"],"description":"Dicodusport est l'encyclop\u00e9die de l'actualit\u00e9 sportive.","email":"bonjour@dicodusport.fr","legalName":"DICODUSPORT","foundingDate":"2018-01-14","vatID":"FR71834470973","taxID":"83447097300043","numberOfEmployees":{"@type":"QuantitativeValue","minValue":"1","maxValue":"10"}},{"@type":"Person","@id":"https:\/\/dicodusport.fr\/blog\/#\/schema\/person\/55dcb50ad410894e431ed812bbb70191","name":"Nicolas Jacquemard","image":{"@type":"ImageObject","inLanguage":"fr-FR","@id":"https:\/\/dicodusport.fr\/blog\/#\/schema\/person\/image\/","url":"https:\/\/dicodusport.fr\/blog\/wp-content\/uploads\/2021\/05\/Nicolas-Jacquemard-150x150.jpeg","contentUrl":"https:\/\/dicodusport.fr\/blog\/wp-content\/uploads\/2021\/05\/Nicolas-Jacquemard-150x150.jpeg","caption":"Nicolas Jacquemard"},"description":"Passionn\u00e9 de sport et entrepreneur depuis mes 18 ans, la cr\u00e9ation de Dicodusport m'a sembl\u00e9 \u00e9vidente pour participer \u00e0 la m\u00e9diatisation d'un plus grand nombre de sports. Le chemin est long mais avec une \u00e9quipe des plus motiv\u00e9es et les Jeux Olympiques de Paris 2024 en point de mire, nous y arriverons ! Journaliste dans le monde du sport depuis plus de 5 ans, je traite aussi bien de football, de rugby, de biathlon que de cyclisme.","sameAs":["https:\/\/www.facebook.com\/dicodusport","https:\/\/x.com\/https:\/\/twitter.com\/Nico_Jacquemard"],"url":"https:\/\/dicodusport.fr\/blog\/author\/dicodusport\/"}]}},"_links":{"self":[{"href":"https:\/\/dicodusport.fr\/blog\/wp-json\/wp\/v2\/posts\/494453","targetHints":{"allow":["GET"]}}],"collection":[{"href":"https:\/\/dicodusport.fr\/blog\/wp-json\/wp\/v2\/posts"}],"about":[{"href":"https:\/\/dicodusport.fr\/blog\/wp-json\/wp\/v2\/types\/post"}],"author":[{"embeddable":true,"href":"https:\/\/dicodusport.fr\/blog\/wp-json\/wp\/v2\/users\/1"}],"replies":[{"embeddable":true,"href":"https:\/\/dicodusport.fr\/blog\/wp-json\/wp\/v2\/comments?post=494453"}],"version-history":[{"count":4,"href":"https:\/\/dicodusport.fr\/blog\/wp-json\/wp\/v2\/posts\/494453\/revisions"}],"predecessor-version":[{"id":494473,"href":"https:\/\/dicodusport.fr\/blog\/wp-json\/wp\/v2\/posts\/494453\/revisions\/494473"}],"wp:featuredmedia":[{"embeddable":true,"href":"https:\/\/dicodusport.fr\/blog\/wp-json\/wp\/v2\/media\/494454"}],"wp:attachment":[{"href":"https:\/\/dicodusport.fr\/blog\/wp-json\/wp\/v2\/media?parent=494453"}],"wp:term":[{"taxonomy":"category","embeddable":true,"href":"https:\/\/dicodusport.fr\/blog\/wp-json\/wp\/v2\/categories?post=494453"},{"taxonomy":"post_tag","embeddable":true,"href":"https:\/\/dicodusport.fr\/blog\/wp-json\/wp\/v2\/tags?post=494453"}],"curies":[{"name":"wp","href":"https:\/\/api.w.org\/{rel}","templated":true}]}}