{"id":49468,"date":"2019-09-25T16:47:51","date_gmt":"2019-09-25T14:47:51","guid":{"rendered":"http:\/\/dicodusport.fr\/blog\/?p=49468&#038;preview=true&#038;preview_id=49468"},"modified":"2019-09-25T17:58:36","modified_gmt":"2019-09-25T15:58:36","slug":"mondiaux-sur-route-2019-hommes-dennis-conserve-son-titre-sur-le-chrono-evenepoel-deuxieme","status":"publish","type":"post","link":"https:\/\/dicodusport.fr\/blog\/mondiaux-sur-route-2019-hommes-dennis-conserve-son-titre-sur-le-chrono-evenepoel-deuxieme\/","title":{"rendered":"Mondiaux sur route 2019 (Hommes) : Dennis conserve son titre sur le chrono, Evenepoel deuxi\u00e8me"},"content":{"rendered":"<p style=\"text-align: justify;\"><strong><em><a href=\"https:\/\/dicodusport.fr\/blog\/cyclisme-championnats-du-monde-2019-le-programme-complet\/\" target=\"_blank\" rel=\"noopener\">Championnats du monde<\/a> &#8211; Titr\u00e9 en 2018 \u00e0 Innsbruck, Rohan Dennis a remport\u00e9 un deuxi\u00e8me sacre mondial sur le contre-la-montre, dans le Yorkshire. L&rsquo;Australien a devanc\u00e9 le prodige belge Remco Evenepoel et l&rsquo;Italien Filippo Ganna. <\/em><\/strong><\/p>\n<p style=\"text-align: justify;\">Il n&rsquo;y a pas eu match. Apr\u00e8s une saison \u00f4 combien compliqu\u00e9e avec la <strong>Bahrain-Merida<\/strong>, avec notamment son abandon lors de la <strong>12\u00e8me \u00e9tape du Tour de France<\/strong>, l&rsquo;Australien <strong>Rohan Dennis<\/strong>, qui n&rsquo;avait plus couru en comp\u00e9tition depuis, a conserv\u00e9 son titre mondial sur le contre-la-montre ce jeudi, \u00e0 <strong>Harrogate<\/strong>, dans le <strong>Yorkshire<\/strong>. Le coureur de 29 ans a survol\u00e9 le chrono de 54 km sur un parcours vallonn\u00e9, devan\u00e7ant la p\u00e9pite belge <strong>Remco Evenepoel<\/strong> (+1&rsquo;09), 19 ans et champion d&rsquo;Europe de la discipline en ao\u00fbt dernier, ainsi que l&rsquo;Italien d&rsquo;Ineos <strong>Filippo Ganna<\/strong> (+1&rsquo;55).<\/p>\n<p style=\"text-align: justify;\">Vainqueur de la <strong>Vuelta<\/strong>, le Slov\u00e8ne <strong>Primoz Roglic<\/strong> n&rsquo;a pas pes\u00e9 dans la course au podium, avec une 12\u00e8me place \u00e0 l&rsquo;arriv\u00e9e, \u00e0 3 minutes de <strong>Rohan Dennis<\/strong>, ce dernier l&rsquo;ayant rejoint dans le final du chrono.<\/p>\n<blockquote class=\"twitter-tweet\">\n<p dir=\"ltr\" lang=\"en\">&#x1f6a8;RESULT&#x1f6a8;<\/p>\n<p>Men Elite Individual Time Trial<\/p>\n<p>&#x1f308; Rohan Dennis &#x1f1e6;&#x1f1fa;<br \/>\n&#x1f948; <a href=\"https:\/\/twitter.com\/EvenepoelRemco?ref_src=twsrc%5Etfw\">@EvenepoelRemco<\/a> &#x1f1e7;&#x1f1ea;<br \/>\n&#x1f949; <a href=\"https:\/\/twitter.com\/GannaFilippo?ref_src=twsrc%5Etfw\">@GannaFilippo<\/a> &#x1f1ee;&#x1f1f9;<\/p>\n<p>A mammoth performance from the <a href=\"https:\/\/twitter.com\/AusCyclingTeam?ref_src=twsrc%5Etfw\">@AusCyclingTeam<\/a> man, who secures back to back ITT titles. Incredible scenes.<a href=\"https:\/\/twitter.com\/hashtag\/Yorkshire2019?src=hash&amp;ref_src=twsrc%5Etfw\">#Yorkshire2019<\/a> <a href=\"https:\/\/t.co\/5Q9bkyMvST\">pic.twitter.com\/5Q9bkyMvST<\/a><\/p>\n<p>\u2014 &#x1f308; Yorkshire 2019 (@Yorkshire2019) <a href=\"https:\/\/twitter.com\/Yorkshire2019\/status\/1176871211059613696?ref_src=twsrc%5Etfw\">September 25, 2019<\/a><\/p><\/blockquote>\n<p><script async src=\"https:\/\/platform.twitter.com\/widgets.js\" charset=\"utf-8\"><\/script><\/p>\n<p style=\"text-align: justify;\">C\u00f4t\u00e9 Fran\u00e7ais, pas de miracle. <strong>Pierre Latour<\/strong> est 18\u00e8me (+3&rsquo;45) et le champion de France en titre <strong>Benjamin Thomas<\/strong> est pass\u00e9 \u00e0 c\u00f4t\u00e9, \u00e0 la 28\u00e8me (+4&rsquo;58).<\/p>\n<p><strong><em>Dicodusport<br \/>\n<a href=\"https:\/\/www.facebook.com\/dicodusport\/\" target=\"_blank\" rel=\"noopener\"><img loading=\"lazy\" decoding=\"async\" class=\"alignnone wp-image-2909\" src=\"http:\/\/dicodusport.fr\/blog\/wp-content\/uploads\/2017\/07\/logo-facebook-150x150.png\" alt=\"\" width=\"40\" height=\"40\" \/><\/a><a href=\"https:\/\/twitter.com\/dicodusport\" target=\"_blank\" rel=\"noopener\"><img loading=\"lazy\" decoding=\"async\" class=\"alignnone wp-image-2908\" src=\"http:\/\/dicodusport.fr\/blog\/wp-content\/uploads\/2017\/07\/logo-twitter-150x150.png\" alt=\"\" width=\"39\" height=\"39\" \/><\/a><\/em><\/strong><\/p>\n","protected":false},"excerpt":{"rendered":"<p>Championnats du monde &#8211; Titr\u00e9 en 2018 \u00e0 Innsbruck, Rohan Dennis a remport\u00e9 un deuxi\u00e8me sacre mondial sur le contre-la-montre, dans le Yorkshire.<\/p>\n","protected":false},"author":4,"featured_media":49473,"comment_status":"open","ping_status":"closed","sticky":false,"template":"","format":"standard","meta":{"_acf_changed":false,"_daextam_enable_autolinks":"","footnotes":""},"categories":[2307],"tags":[5328,6098,24],"class_list":["post-49468","post","type-post","status-publish","format-standard","has-post-thumbnail","hentry","category-cyclisme","tag-contre-la-montre","tag-mondiaux-cyclisme","tag-sport"],"acf":[],"yoast_head":"<!-- This site is optimized with the Yoast SEO Premium plugin v26.7 (Yoast SEO v26.7) - https:\/\/yoast.com\/wordpress\/plugins\/seo\/ -->\n<title>Mondiaux sur route 2019 (Hommes) : Dennis conserve son titre sur le chrono, Evenepoel deuxi\u00e8me<\/title>\n<meta name=\"description\" content=\"Championnats du monde - Titr\u00e9 en 2018 \u00e0 Innsbruck, Rohan Dennis a remport\u00e9 un deuxi\u00e8me sacre mondial sur le contre-la-montre, dans le Yorkshire.\" \/>\n<meta name=\"robots\" content=\"index, follow, max-snippet:-1, max-image-preview:large, max-video-preview:-1\" \/>\n<link rel=\"canonical\" href=\"https:\/\/dicodusport.fr\/blog\/mondiaux-sur-route-2019-hommes-dennis-conserve-son-titre-sur-le-chrono-evenepoel-deuxieme\/\" \/>\n<meta property=\"og:locale\" content=\"fr_FR\" \/>\n<meta property=\"og:type\" content=\"article\" \/>\n<meta property=\"og:title\" content=\"Rohan Dennis conserve son titre mondial sur le chrono, devant Remco Evenepoel\" \/>\n<meta property=\"og:description\" content=\"Championnats du monde - Titr\u00e9 en 2018 \u00e0 Innsbruck, Rohan Dennis a remport\u00e9 un deuxi\u00e8me sacre mondial sur le contre-la-montre, dans le Yorkshire.\" \/>\n<meta property=\"og:url\" content=\"https:\/\/dicodusport.fr\/blog\/mondiaux-sur-route-2019-hommes-dennis-conserve-son-titre-sur-le-chrono-evenepoel-deuxieme\/\" \/>\n<meta property=\"og:site_name\" content=\"Dicodusport\" \/>\n<meta property=\"article:publisher\" content=\"https:\/\/www.facebook.com\/dicodusport\" \/>\n<meta property=\"article:author\" content=\"https:\/\/www.facebook.com\/florent.ostermann\" \/>\n<meta property=\"article:published_time\" content=\"2019-09-25T14:47:51+00:00\" \/>\n<meta property=\"article:modified_time\" content=\"2019-09-25T15:58:36+00:00\" \/>\n<meta property=\"og:image\" content=\"https:\/\/dicodusport.fr\/blog\/wp-content\/uploads\/2019\/09\/Mondiaux-sur-route-2019-Hommes-Dennis-conserve-son-titre-sur-le-chrono-Evenepoel-deuxi\u00e8me.png\" \/>\n\t<meta property=\"og:image:width\" content=\"800\" \/>\n\t<meta property=\"og:image:height\" content=\"445\" \/>\n\t<meta property=\"og:image:type\" content=\"image\/png\" \/>\n<meta name=\"author\" content=\"Flo Ostermann\" \/>\n<meta name=\"twitter:card\" content=\"summary_large_image\" \/>\n<meta name=\"twitter:title\" content=\"Rohan Dennis conserve son titre mondial sur le chrono, devant Remco Evenepoel\" \/>\n<meta name=\"twitter:creator\" content=\"@https:\/\/twitter.com\/FlOstermann\" \/>\n<meta name=\"twitter:site\" content=\"@dicodusport\" \/>\n<script type=\"application\/ld+json\" class=\"yoast-schema-graph\">{\"@context\":\"https:\/\/schema.org\",\"@graph\":[{\"@type\":\"NewsArticle\",\"@id\":\"https:\/\/dicodusport.fr\/blog\/mondiaux-sur-route-2019-hommes-dennis-conserve-son-titre-sur-le-chrono-evenepoel-deuxieme\/#article\",\"isPartOf\":{\"@id\":\"https:\/\/dicodusport.fr\/blog\/mondiaux-sur-route-2019-hommes-dennis-conserve-son-titre-sur-le-chrono-evenepoel-deuxieme\/\"},\"author\":{\"name\":\"Flo Ostermann\",\"@id\":\"https:\/\/dicodusport.fr\/blog\/#\/schema\/person\/cb02af4c173ce4a653b55e9baf388d4a\"},\"headline\":\"Mondiaux sur route 2019 (Hommes) : Dennis conserve son titre sur le chrono, Evenepoel deuxi\u00e8me\",\"datePublished\":\"2019-09-25T14:47:51+00:00\",\"dateModified\":\"2019-09-25T15:58:36+00:00\",\"mainEntityOfPage\":{\"@id\":\"https:\/\/dicodusport.fr\/blog\/mondiaux-sur-route-2019-hommes-dennis-conserve-son-titre-sur-le-chrono-evenepoel-deuxieme\/\"},\"wordCount\":282,\"commentCount\":0,\"publisher\":{\"@id\":\"https:\/\/dicodusport.fr\/blog\/#organization\"},\"image\":{\"@id\":\"https:\/\/dicodusport.fr\/blog\/mondiaux-sur-route-2019-hommes-dennis-conserve-son-titre-sur-le-chrono-evenepoel-deuxieme\/#primaryimage\"},\"thumbnailUrl\":\"https:\/\/dicodusport.fr\/blog\/wp-content\/uploads\/2019\/09\/Mondiaux-sur-route-2019-Hommes-Dennis-conserve-son-titre-sur-le-chrono-Evenepoel-deuxi\u00e8me.png\",\"keywords\":[\"contre-la-montre\",\"Mondiaux Cyclisme\",\"sport\"],\"articleSection\":[\"Cyclisme\"],\"inLanguage\":\"fr-FR\",\"potentialAction\":[{\"@type\":\"CommentAction\",\"name\":\"Comment\",\"target\":[\"https:\/\/dicodusport.fr\/blog\/mondiaux-sur-route-2019-hommes-dennis-conserve-son-titre-sur-le-chrono-evenepoel-deuxieme\/#respond\"]}],\"copyrightYear\":\"2019\",\"copyrightHolder\":{\"@id\":\"https:\/\/dicodusport.fr\/blog\/#organization\"}},{\"@type\":\"WebPage\",\"@id\":\"https:\/\/dicodusport.fr\/blog\/mondiaux-sur-route-2019-hommes-dennis-conserve-son-titre-sur-le-chrono-evenepoel-deuxieme\/\",\"url\":\"https:\/\/dicodusport.fr\/blog\/mondiaux-sur-route-2019-hommes-dennis-conserve-son-titre-sur-le-chrono-evenepoel-deuxieme\/\",\"name\":\"Mondiaux sur route 2019 (Hommes) : Dennis conserve son titre sur le chrono, Evenepoel deuxi\u00e8me\",\"isPartOf\":{\"@id\":\"https:\/\/dicodusport.fr\/blog\/#website\"},\"primaryImageOfPage\":{\"@id\":\"https:\/\/dicodusport.fr\/blog\/mondiaux-sur-route-2019-hommes-dennis-conserve-son-titre-sur-le-chrono-evenepoel-deuxieme\/#primaryimage\"},\"image\":{\"@id\":\"https:\/\/dicodusport.fr\/blog\/mondiaux-sur-route-2019-hommes-dennis-conserve-son-titre-sur-le-chrono-evenepoel-deuxieme\/#primaryimage\"},\"thumbnailUrl\":\"https:\/\/dicodusport.fr\/blog\/wp-content\/uploads\/2019\/09\/Mondiaux-sur-route-2019-Hommes-Dennis-conserve-son-titre-sur-le-chrono-Evenepoel-deuxi\u00e8me.png\",\"datePublished\":\"2019-09-25T14:47:51+00:00\",\"dateModified\":\"2019-09-25T15:58:36+00:00\",\"description\":\"Championnats du monde - Titr\u00e9 en 2018 \u00e0 Innsbruck, Rohan Dennis a remport\u00e9 un deuxi\u00e8me sacre mondial sur le contre-la-montre, dans le Yorkshire.\",\"breadcrumb\":{\"@id\":\"https:\/\/dicodusport.fr\/blog\/mondiaux-sur-route-2019-hommes-dennis-conserve-son-titre-sur-le-chrono-evenepoel-deuxieme\/#breadcrumb\"},\"inLanguage\":\"fr-FR\",\"potentialAction\":[{\"@type\":\"ReadAction\",\"target\":[\"https:\/\/dicodusport.fr\/blog\/mondiaux-sur-route-2019-hommes-dennis-conserve-son-titre-sur-le-chrono-evenepoel-deuxieme\/\"]}]},{\"@type\":\"ImageObject\",\"inLanguage\":\"fr-FR\",\"@id\":\"https:\/\/dicodusport.fr\/blog\/mondiaux-sur-route-2019-hommes-dennis-conserve-son-titre-sur-le-chrono-evenepoel-deuxieme\/#primaryimage\",\"url\":\"https:\/\/dicodusport.fr\/blog\/wp-content\/uploads\/2019\/09\/Mondiaux-sur-route-2019-Hommes-Dennis-conserve-son-titre-sur-le-chrono-Evenepoel-deuxi\u00e8me.png\",\"contentUrl\":\"https:\/\/dicodusport.fr\/blog\/wp-content\/uploads\/2019\/09\/Mondiaux-sur-route-2019-Hommes-Dennis-conserve-son-titre-sur-le-chrono-Evenepoel-deuxi\u00e8me.png\",\"width\":800,\"height\":445,\"caption\":\"Mondiaux sur route 2019 (Hommes) : Dennis conserve son titre sur le chrono, Evenepoel deuxi\u00e8me\"},{\"@type\":\"BreadcrumbList\",\"@id\":\"https:\/\/dicodusport.fr\/blog\/mondiaux-sur-route-2019-hommes-dennis-conserve-son-titre-sur-le-chrono-evenepoel-deuxieme\/#breadcrumb\",\"itemListElement\":[{\"@type\":\"ListItem\",\"position\":1,\"name\":\"Accueil\",\"item\":\"https:\/\/dicodusport.fr\/blog\/\"},{\"@type\":\"ListItem\",\"position\":2,\"name\":\"Mondiaux sur route 2019 (Hommes) : Dennis conserve son titre sur le chrono, Evenepoel deuxi\u00e8me\"}]},{\"@type\":\"WebSite\",\"@id\":\"https:\/\/dicodusport.fr\/blog\/#website\",\"url\":\"https:\/\/dicodusport.fr\/blog\/\",\"name\":\"Dicodusport\",\"description\":\"L&#039;encyclop\u00e9die de l&#039;actualit\u00e9 sportive\",\"publisher\":{\"@id\":\"https:\/\/dicodusport.fr\/blog\/#organization\"},\"potentialAction\":[{\"@type\":\"SearchAction\",\"target\":{\"@type\":\"EntryPoint\",\"urlTemplate\":\"https:\/\/dicodusport.fr\/blog\/?s={search_term_string}\"},\"query-input\":{\"@type\":\"PropertyValueSpecification\",\"valueRequired\":true,\"valueName\":\"search_term_string\"}}],\"inLanguage\":\"fr-FR\"},{\"@type\":\"NewsMediaOrganization\",\"@id\":\"https:\/\/dicodusport.fr\/blog\/#organization\",\"name\":\"Dicodusport\",\"url\":\"https:\/\/dicodusport.fr\/blog\/\",\"logo\":{\"@type\":\"ImageObject\",\"inLanguage\":\"fr-FR\",\"@id\":\"https:\/\/dicodusport.fr\/blog\/#\/schema\/logo\/image\/\",\"url\":\"https:\/\/dicodusport.fr\/blog\/wp-content\/uploads\/2020\/06\/cropped-LOGO-DICODUSPORT-2020-SANS-FOND-SANS-TEXTE.png\",\"contentUrl\":\"https:\/\/dicodusport.fr\/blog\/wp-content\/uploads\/2020\/06\/cropped-LOGO-DICODUSPORT-2020-SANS-FOND-SANS-TEXTE.png\",\"width\":512,\"height\":512,\"caption\":\"Dicodusport\"},\"image\":{\"@id\":\"https:\/\/dicodusport.fr\/blog\/#\/schema\/logo\/image\/\"},\"sameAs\":[\"https:\/\/www.facebook.com\/dicodusport\",\"https:\/\/x.com\/dicodusport\",\"https:\/\/www.instagram.com\/dicodusport\/\",\"https:\/\/www.youtube.com\/channel\/UC7V2KZ5sd3htJivAbA4ZG3w\"],\"description\":\"Dicodusport est l'encyclop\u00e9die de l'actualit\u00e9 sportive.\",\"email\":\"bonjour@dicodusport.fr\",\"legalName\":\"DICODUSPORT\",\"foundingDate\":\"2018-01-14\",\"vatID\":\"FR71834470973\",\"taxID\":\"83447097300043\",\"numberOfEmployees\":{\"@type\":\"QuantitativeValue\",\"minValue\":\"1\",\"maxValue\":\"10\"}},{\"@type\":\"Person\",\"@id\":\"https:\/\/dicodusport.fr\/blog\/#\/schema\/person\/cb02af4c173ce4a653b55e9baf388d4a\",\"name\":\"Flo Ostermann\",\"image\":{\"@type\":\"ImageObject\",\"inLanguage\":\"fr-FR\",\"@id\":\"https:\/\/dicodusport.fr\/blog\/#\/schema\/person\/image\/\",\"url\":\"https:\/\/dicodusport.fr\/blog\/wp-content\/uploads\/2021\/05\/Flo-Ostermann-150x150.jpg\",\"contentUrl\":\"https:\/\/dicodusport.fr\/blog\/wp-content\/uploads\/2021\/05\/Flo-Ostermann-150x150.jpg\",\"caption\":\"Flo Ostermann\"},\"description\":\"Journaliste\/R\u00e9dacteur depuis septembre 2015 - Mes premiers souvenirs dans le sport ? Les envol\u00e9es du Stade Toulousain et les duels Villeneuve-Schumacher et H\u00e4kkinen-Schumacher \u00e0 la fin des ann\u00e9es 90, la Coupe du monde de football en 1998, l\u2019exploit du XV de France face aux All Blacks en 1999, mais aussi Richard C\u0153ur de Lion qui vole sur les montagnes du Tour de France. Bien parti pour devenir professeur d\u2019EPS, les \u00e9v\u00e9nements de la vie (et la flemme d\u2019animer des s\u00e9ances de 3x500 m\u00e8tres toute ma vie) m\u2019ont conduit \u00e0 revoir mes plans. Me voil\u00e0 depuis fin 2017 sur Dicodusport, m\u00e9dia gr\u00e2ce (et pour) lequel je partage ma passion : le sport dans tous ses \u00e9tats. Le tout accompagn\u00e9 par les fous furieux et folles furieuses cit\u00e9s sur cette page !\",\"sameAs\":[\"https:\/\/www.facebook.com\/florent.ostermann\",\"https:\/\/x.com\/https:\/\/twitter.com\/FlOstermann\",\"admin\"],\"url\":\"https:\/\/dicodusport.fr\/blog\/author\/flo\/\"}]}<\/script>\n<!-- \/ Yoast SEO Premium plugin. -->","yoast_head_json":{"title":"Mondiaux sur route 2019 (Hommes) : Dennis conserve son titre sur le chrono, Evenepoel deuxi\u00e8me","description":"Championnats du monde - Titr\u00e9 en 2018 \u00e0 Innsbruck, Rohan Dennis a remport\u00e9 un deuxi\u00e8me sacre mondial sur le contre-la-montre, dans le Yorkshire.","robots":{"index":"index","follow":"follow","max-snippet":"max-snippet:-1","max-image-preview":"max-image-preview:large","max-video-preview":"max-video-preview:-1"},"canonical":"https:\/\/dicodusport.fr\/blog\/mondiaux-sur-route-2019-hommes-dennis-conserve-son-titre-sur-le-chrono-evenepoel-deuxieme\/","og_locale":"fr_FR","og_type":"article","og_title":"Rohan Dennis conserve son titre mondial sur le chrono, devant Remco Evenepoel","og_description":"Championnats du monde - Titr\u00e9 en 2018 \u00e0 Innsbruck, Rohan Dennis a remport\u00e9 un deuxi\u00e8me sacre mondial sur le contre-la-montre, dans le Yorkshire.","og_url":"https:\/\/dicodusport.fr\/blog\/mondiaux-sur-route-2019-hommes-dennis-conserve-son-titre-sur-le-chrono-evenepoel-deuxieme\/","og_site_name":"Dicodusport","article_publisher":"https:\/\/www.facebook.com\/dicodusport","article_author":"https:\/\/www.facebook.com\/florent.ostermann","article_published_time":"2019-09-25T14:47:51+00:00","article_modified_time":"2019-09-25T15:58:36+00:00","og_image":[{"width":800,"height":445,"url":"https:\/\/dicodusport.fr\/blog\/wp-content\/uploads\/2019\/09\/Mondiaux-sur-route-2019-Hommes-Dennis-conserve-son-titre-sur-le-chrono-Evenepoel-deuxi\u00e8me.png","type":"image\/png"}],"author":"Flo Ostermann","twitter_card":"summary_large_image","twitter_title":"Rohan Dennis conserve son titre mondial sur le chrono, devant Remco Evenepoel","twitter_creator":"@https:\/\/twitter.com\/FlOstermann","twitter_site":"@dicodusport","schema":{"@context":"https:\/\/schema.org","@graph":[{"@type":"NewsArticle","@id":"https:\/\/dicodusport.fr\/blog\/mondiaux-sur-route-2019-hommes-dennis-conserve-son-titre-sur-le-chrono-evenepoel-deuxieme\/#article","isPartOf":{"@id":"https:\/\/dicodusport.fr\/blog\/mondiaux-sur-route-2019-hommes-dennis-conserve-son-titre-sur-le-chrono-evenepoel-deuxieme\/"},"author":{"name":"Flo Ostermann","@id":"https:\/\/dicodusport.fr\/blog\/#\/schema\/person\/cb02af4c173ce4a653b55e9baf388d4a"},"headline":"Mondiaux sur route 2019 (Hommes) : Dennis conserve son titre sur le chrono, Evenepoel deuxi\u00e8me","datePublished":"2019-09-25T14:47:51+00:00","dateModified":"2019-09-25T15:58:36+00:00","mainEntityOfPage":{"@id":"https:\/\/dicodusport.fr\/blog\/mondiaux-sur-route-2019-hommes-dennis-conserve-son-titre-sur-le-chrono-evenepoel-deuxieme\/"},"wordCount":282,"commentCount":0,"publisher":{"@id":"https:\/\/dicodusport.fr\/blog\/#organization"},"image":{"@id":"https:\/\/dicodusport.fr\/blog\/mondiaux-sur-route-2019-hommes-dennis-conserve-son-titre-sur-le-chrono-evenepoel-deuxieme\/#primaryimage"},"thumbnailUrl":"https:\/\/dicodusport.fr\/blog\/wp-content\/uploads\/2019\/09\/Mondiaux-sur-route-2019-Hommes-Dennis-conserve-son-titre-sur-le-chrono-Evenepoel-deuxi\u00e8me.png","keywords":["contre-la-montre","Mondiaux Cyclisme","sport"],"articleSection":["Cyclisme"],"inLanguage":"fr-FR","potentialAction":[{"@type":"CommentAction","name":"Comment","target":["https:\/\/dicodusport.fr\/blog\/mondiaux-sur-route-2019-hommes-dennis-conserve-son-titre-sur-le-chrono-evenepoel-deuxieme\/#respond"]}],"copyrightYear":"2019","copyrightHolder":{"@id":"https:\/\/dicodusport.fr\/blog\/#organization"}},{"@type":"WebPage","@id":"https:\/\/dicodusport.fr\/blog\/mondiaux-sur-route-2019-hommes-dennis-conserve-son-titre-sur-le-chrono-evenepoel-deuxieme\/","url":"https:\/\/dicodusport.fr\/blog\/mondiaux-sur-route-2019-hommes-dennis-conserve-son-titre-sur-le-chrono-evenepoel-deuxieme\/","name":"Mondiaux sur route 2019 (Hommes) : Dennis conserve son titre sur le chrono, Evenepoel deuxi\u00e8me","isPartOf":{"@id":"https:\/\/dicodusport.fr\/blog\/#website"},"primaryImageOfPage":{"@id":"https:\/\/dicodusport.fr\/blog\/mondiaux-sur-route-2019-hommes-dennis-conserve-son-titre-sur-le-chrono-evenepoel-deuxieme\/#primaryimage"},"image":{"@id":"https:\/\/dicodusport.fr\/blog\/mondiaux-sur-route-2019-hommes-dennis-conserve-son-titre-sur-le-chrono-evenepoel-deuxieme\/#primaryimage"},"thumbnailUrl":"https:\/\/dicodusport.fr\/blog\/wp-content\/uploads\/2019\/09\/Mondiaux-sur-route-2019-Hommes-Dennis-conserve-son-titre-sur-le-chrono-Evenepoel-deuxi\u00e8me.png","datePublished":"2019-09-25T14:47:51+00:00","dateModified":"2019-09-25T15:58:36+00:00","description":"Championnats du monde - Titr\u00e9 en 2018 \u00e0 Innsbruck, Rohan Dennis a remport\u00e9 un deuxi\u00e8me sacre mondial sur le contre-la-montre, dans le Yorkshire.","breadcrumb":{"@id":"https:\/\/dicodusport.fr\/blog\/mondiaux-sur-route-2019-hommes-dennis-conserve-son-titre-sur-le-chrono-evenepoel-deuxieme\/#breadcrumb"},"inLanguage":"fr-FR","potentialAction":[{"@type":"ReadAction","target":["https:\/\/dicodusport.fr\/blog\/mondiaux-sur-route-2019-hommes-dennis-conserve-son-titre-sur-le-chrono-evenepoel-deuxieme\/"]}]},{"@type":"ImageObject","inLanguage":"fr-FR","@id":"https:\/\/dicodusport.fr\/blog\/mondiaux-sur-route-2019-hommes-dennis-conserve-son-titre-sur-le-chrono-evenepoel-deuxieme\/#primaryimage","url":"https:\/\/dicodusport.fr\/blog\/wp-content\/uploads\/2019\/09\/Mondiaux-sur-route-2019-Hommes-Dennis-conserve-son-titre-sur-le-chrono-Evenepoel-deuxi\u00e8me.png","contentUrl":"https:\/\/dicodusport.fr\/blog\/wp-content\/uploads\/2019\/09\/Mondiaux-sur-route-2019-Hommes-Dennis-conserve-son-titre-sur-le-chrono-Evenepoel-deuxi\u00e8me.png","width":800,"height":445,"caption":"Mondiaux sur route 2019 (Hommes) : Dennis conserve son titre sur le chrono, Evenepoel deuxi\u00e8me"},{"@type":"BreadcrumbList","@id":"https:\/\/dicodusport.fr\/blog\/mondiaux-sur-route-2019-hommes-dennis-conserve-son-titre-sur-le-chrono-evenepoel-deuxieme\/#breadcrumb","itemListElement":[{"@type":"ListItem","position":1,"name":"Accueil","item":"https:\/\/dicodusport.fr\/blog\/"},{"@type":"ListItem","position":2,"name":"Mondiaux sur route 2019 (Hommes) : Dennis conserve son titre sur le chrono, Evenepoel deuxi\u00e8me"}]},{"@type":"WebSite","@id":"https:\/\/dicodusport.fr\/blog\/#website","url":"https:\/\/dicodusport.fr\/blog\/","name":"Dicodusport","description":"L&#039;encyclop\u00e9die de l&#039;actualit\u00e9 sportive","publisher":{"@id":"https:\/\/dicodusport.fr\/blog\/#organization"},"potentialAction":[{"@type":"SearchAction","target":{"@type":"EntryPoint","urlTemplate":"https:\/\/dicodusport.fr\/blog\/?s={search_term_string}"},"query-input":{"@type":"PropertyValueSpecification","valueRequired":true,"valueName":"search_term_string"}}],"inLanguage":"fr-FR"},{"@type":"NewsMediaOrganization","@id":"https:\/\/dicodusport.fr\/blog\/#organization","name":"Dicodusport","url":"https:\/\/dicodusport.fr\/blog\/","logo":{"@type":"ImageObject","inLanguage":"fr-FR","@id":"https:\/\/dicodusport.fr\/blog\/#\/schema\/logo\/image\/","url":"https:\/\/dicodusport.fr\/blog\/wp-content\/uploads\/2020\/06\/cropped-LOGO-DICODUSPORT-2020-SANS-FOND-SANS-TEXTE.png","contentUrl":"https:\/\/dicodusport.fr\/blog\/wp-content\/uploads\/2020\/06\/cropped-LOGO-DICODUSPORT-2020-SANS-FOND-SANS-TEXTE.png","width":512,"height":512,"caption":"Dicodusport"},"image":{"@id":"https:\/\/dicodusport.fr\/blog\/#\/schema\/logo\/image\/"},"sameAs":["https:\/\/www.facebook.com\/dicodusport","https:\/\/x.com\/dicodusport","https:\/\/www.instagram.com\/dicodusport\/","https:\/\/www.youtube.com\/channel\/UC7V2KZ5sd3htJivAbA4ZG3w"],"description":"Dicodusport est l'encyclop\u00e9die de l'actualit\u00e9 sportive.","email":"bonjour@dicodusport.fr","legalName":"DICODUSPORT","foundingDate":"2018-01-14","vatID":"FR71834470973","taxID":"83447097300043","numberOfEmployees":{"@type":"QuantitativeValue","minValue":"1","maxValue":"10"}},{"@type":"Person","@id":"https:\/\/dicodusport.fr\/blog\/#\/schema\/person\/cb02af4c173ce4a653b55e9baf388d4a","name":"Flo Ostermann","image":{"@type":"ImageObject","inLanguage":"fr-FR","@id":"https:\/\/dicodusport.fr\/blog\/#\/schema\/person\/image\/","url":"https:\/\/dicodusport.fr\/blog\/wp-content\/uploads\/2021\/05\/Flo-Ostermann-150x150.jpg","contentUrl":"https:\/\/dicodusport.fr\/blog\/wp-content\/uploads\/2021\/05\/Flo-Ostermann-150x150.jpg","caption":"Flo Ostermann"},"description":"Journaliste\/R\u00e9dacteur depuis septembre 2015 - Mes premiers souvenirs dans le sport ? Les envol\u00e9es du Stade Toulousain et les duels Villeneuve-Schumacher et H\u00e4kkinen-Schumacher \u00e0 la fin des ann\u00e9es 90, la Coupe du monde de football en 1998, l\u2019exploit du XV de France face aux All Blacks en 1999, mais aussi Richard C\u0153ur de Lion qui vole sur les montagnes du Tour de France. Bien parti pour devenir professeur d\u2019EPS, les \u00e9v\u00e9nements de la vie (et la flemme d\u2019animer des s\u00e9ances de 3x500 m\u00e8tres toute ma vie) m\u2019ont conduit \u00e0 revoir mes plans. Me voil\u00e0 depuis fin 2017 sur Dicodusport, m\u00e9dia gr\u00e2ce (et pour) lequel je partage ma passion : le sport dans tous ses \u00e9tats. Le tout accompagn\u00e9 par les fous furieux et folles furieuses cit\u00e9s sur cette page !","sameAs":["https:\/\/www.facebook.com\/florent.ostermann","https:\/\/x.com\/https:\/\/twitter.com\/FlOstermann","admin"],"url":"https:\/\/dicodusport.fr\/blog\/author\/flo\/"}]}},"_links":{"self":[{"href":"https:\/\/dicodusport.fr\/blog\/wp-json\/wp\/v2\/posts\/49468","targetHints":{"allow":["GET"]}}],"collection":[{"href":"https:\/\/dicodusport.fr\/blog\/wp-json\/wp\/v2\/posts"}],"about":[{"href":"https:\/\/dicodusport.fr\/blog\/wp-json\/wp\/v2\/types\/post"}],"author":[{"embeddable":true,"href":"https:\/\/dicodusport.fr\/blog\/wp-json\/wp\/v2\/users\/4"}],"replies":[{"embeddable":true,"href":"https:\/\/dicodusport.fr\/blog\/wp-json\/wp\/v2\/comments?post=49468"}],"version-history":[{"count":0,"href":"https:\/\/dicodusport.fr\/blog\/wp-json\/wp\/v2\/posts\/49468\/revisions"}],"wp:featuredmedia":[{"embeddable":true,"href":"https:\/\/dicodusport.fr\/blog\/wp-json\/wp\/v2\/media\/49473"}],"wp:attachment":[{"href":"https:\/\/dicodusport.fr\/blog\/wp-json\/wp\/v2\/media?parent=49468"}],"wp:term":[{"taxonomy":"category","embeddable":true,"href":"https:\/\/dicodusport.fr\/blog\/wp-json\/wp\/v2\/categories?post=49468"},{"taxonomy":"post_tag","embeddable":true,"href":"https:\/\/dicodusport.fr\/blog\/wp-json\/wp\/v2\/tags?post=49468"}],"curies":[{"name":"wp","href":"https:\/\/api.w.org\/{rel}","templated":true}]}}