{"id":494913,"date":"2024-06-22T19:35:14","date_gmt":"2024-06-22T17:35:14","guid":{"rendered":"https:\/\/dicodusport.fr\/blog\/?p=494913&#038;preview=true&#038;preview_id=494913"},"modified":"2024-06-22T19:35:14","modified_gmt":"2024-06-22T17:35:14","slug":"athletisme-minima-olympiques-pour-corentin-le-clezio-sur-800-m","status":"publish","type":"post","link":"https:\/\/dicodusport.fr\/blog\/athletisme-minima-olympiques-pour-corentin-le-clezio-sur-800-m\/","title":{"rendered":"Athl\u00e9tisme : Minima olympiques pour Corentin Le Clezio sur 800 m"},"content":{"rendered":"<p style=\"text-align: justify;\"><strong><em>ATHL\u00c9TISME &#8211; Corentin Le Clezio a couru son 800 m\u00e8tres en 1:44.25 \u00e0 Vienne (Autriche), et r\u00e9alise l\u00e0 les minima olympiques.<\/em><\/strong><\/p>\n<ul>\n<li><strong>\u00c0 ce sujet &#8211; <a href=\"https:\/\/dicodusport.fr\/blog\/athletisme-jo-2024-les-francais-qui-ont-realise-les-minima\/\">Les Fran\u00e7ais qui ont fait les minima<\/a><\/strong><\/li>\n<\/ul>\n<p style=\"text-align: justify;\">On n&rsquo;arr\u00eate plus <strong>Corentin Le Clezio<\/strong>. Le Fran\u00e7ais a r\u00e9alis\u00e9 un gros coup, lors du meeting de Vienne (Autriche). En explosant son record de pr\u00e8s d&rsquo;une seconde, avec ses 1:44.25, il s&rsquo;affranchit largement des minima olympiques (1:44.70). En grande forme ces derni\u00e8res semaines, c&rsquo;est d\u00e9j\u00e0 la 4e fois qu&rsquo;il bat son record cet \u00e9t\u00e9. Surtout, c&rsquo;est le premier chrono de sa carri\u00e8re sous les 1:45. Un cap franchi, qui lui permet d&rsquo;\u00eatre le 4e Fran\u00e7ais \u00e0 r\u00e9aliser les minima olympiques, apr\u00e8s<strong> Benjamin Robert, Gabriel Tual<\/strong> et <strong>Yanis Meziane<\/strong>. Pour rappel, seuls trois athl\u00e8tes, par pays et par discipline, peuvent \u00eatre emmen\u00e9s aux JO. Le juge de paix sera donc les championnats de France \u00c9lite.<\/p>\n<blockquote class=\"twitter-tweet\">\n<p dir=\"ltr\" lang=\"fr\">MINIMA OLYMPIQUES POUR CORENTIN LE CLEZIO !<\/p>\n<p>Oh la sensation ! Le jeune sp\u00e9cialiste du 800 m r\u00e9alise 1:44.15 aujourd&rsquo;hui<\/p>\n<p>Il explose son record d&rsquo;une seconde ! Ils sont 4 \u00e0 avoir fait les minima sur 800 m <a href=\"https:\/\/t.co\/Klt8pZ45v7\">pic.twitter.com\/Klt8pZ45v7<\/a><\/p>\n<p>\u2014 Etienne Goursaud \ud83d\udc26 (@EtienneGoursaud) <a href=\"https:\/\/twitter.com\/EtienneGoursaud\/status\/1804549362468401538?ref_src=twsrc%5Etfw\">June 22, 2024<\/a><\/p><\/blockquote>\n<p><script async src=\"https:\/\/platform.twitter.com\/widgets.js\" charset=\"utf-8\"><\/script><\/p>\n","protected":false},"excerpt":{"rendered":"<p>ATHL\u00c9TISME &#8211; Corentin Le Clezio a couru son 800 m\u00e8tres en 1:44.25 \u00e0 Vienne (Autriche), et r\u00e9alise l\u00e0 les minima olympiques.<\/p>\n","protected":false},"author":83,"featured_media":494939,"comment_status":"open","ping_status":"closed","sticky":false,"template":"","format":"standard","meta":{"_acf_changed":false,"_daextam_enable_autolinks":"1","footnotes":""},"categories":[2308,8436],"tags":[143,16878],"class_list":["post-494913","post","type-post","status-publish","format-standard","has-post-thumbnail","hentry","category-athletisme","category-jo-paris-2024","tag-athletisme","tag-breve"],"acf":[],"yoast_head":"<!-- This site is optimized with the Yoast SEO Premium plugin v26.7 (Yoast SEO v26.7) - https:\/\/yoast.com\/wordpress\/plugins\/seo\/ -->\n<title>Athl\u00e9tisme : Minima olympiques pour Corentin Le Clezio sur 800 m<\/title>\n<meta name=\"description\" content=\"ATHL\u00c9TISME - Corentin Le Clezio a couru son 800 m\u00e8tres en 1:44.25 \u00e0 Vienne (Autriche), et r\u00e9alise l\u00e0 les minima olympiques.\" \/>\n<meta name=\"robots\" content=\"index, follow, max-snippet:-1, max-image-preview:large, max-video-preview:-1\" \/>\n<link rel=\"canonical\" href=\"https:\/\/dicodusport.fr\/blog\/athletisme-minima-olympiques-pour-corentin-le-clezio-sur-800-m\/\" \/>\n<meta property=\"og:locale\" content=\"fr_FR\" \/>\n<meta property=\"og:type\" content=\"article\" \/>\n<meta property=\"og:title\" content=\"Athl\u00e9tisme : Minima olympiques pour Corentin Le Clezio sur 800 m\" \/>\n<meta property=\"og:description\" content=\"ATHL\u00c9TISME - Corentin Le Clezio a couru son 800 m\u00e8tres en 1:44.25 \u00e0 Vienne (Autriche), et r\u00e9alise l\u00e0 les minima olympiques.\" \/>\n<meta property=\"og:url\" content=\"https:\/\/dicodusport.fr\/blog\/athletisme-minima-olympiques-pour-corentin-le-clezio-sur-800-m\/\" \/>\n<meta property=\"og:site_name\" content=\"Dicodusport\" \/>\n<meta property=\"article:publisher\" content=\"https:\/\/www.facebook.com\/dicodusport\" \/>\n<meta property=\"article:published_time\" content=\"2024-06-22T17:35:14+00:00\" \/>\n<meta property=\"og:image\" content=\"https:\/\/dicodusport.fr\/blog\/wp-content\/uploads\/2024\/06\/Athletisme-Minima-olympiques-pour-Corentin-Le-Clezio-sur-800-m.png\" \/>\n\t<meta property=\"og:image:width\" content=\"1200\" \/>\n\t<meta property=\"og:image:height\" content=\"674\" \/>\n\t<meta property=\"og:image:type\" content=\"image\/png\" \/>\n<meta name=\"author\" content=\"Etienne Goursaud\" \/>\n<meta name=\"twitter:card\" content=\"summary_large_image\" \/>\n<meta name=\"twitter:title\" content=\"Athl\u00e9tisme : Minima olympiques pour Corentin Le Clezio sur 800 m\" \/>\n<meta name=\"twitter:creator\" content=\"@dicodusport\" \/>\n<meta name=\"twitter:site\" content=\"@dicodusport\" \/>\n<script type=\"application\/ld+json\" class=\"yoast-schema-graph\">{\"@context\":\"https:\/\/schema.org\",\"@graph\":[{\"@type\":\"NewsArticle\",\"@id\":\"https:\/\/dicodusport.fr\/blog\/athletisme-minima-olympiques-pour-corentin-le-clezio-sur-800-m\/#article\",\"isPartOf\":{\"@id\":\"https:\/\/dicodusport.fr\/blog\/athletisme-minima-olympiques-pour-corentin-le-clezio-sur-800-m\/\"},\"author\":{\"name\":\"Etienne Goursaud\",\"@id\":\"https:\/\/dicodusport.fr\/blog\/#\/schema\/person\/d603dd7da31fb2b46c82b9835a77ec13\"},\"headline\":\"Athl\u00e9tisme : Minima olympiques pour Corentin Le Clezio sur 800 m\",\"datePublished\":\"2024-06-22T17:35:14+00:00\",\"mainEntityOfPage\":{\"@id\":\"https:\/\/dicodusport.fr\/blog\/athletisme-minima-olympiques-pour-corentin-le-clezio-sur-800-m\/\"},\"wordCount\":215,\"commentCount\":0,\"publisher\":{\"@id\":\"https:\/\/dicodusport.fr\/blog\/#organization\"},\"image\":{\"@id\":\"https:\/\/dicodusport.fr\/blog\/athletisme-minima-olympiques-pour-corentin-le-clezio-sur-800-m\/#primaryimage\"},\"thumbnailUrl\":\"https:\/\/dicodusport.fr\/blog\/wp-content\/uploads\/2024\/06\/Athletisme-Minima-olympiques-pour-Corentin-Le-Clezio-sur-800-m.png\",\"keywords\":[\"Athl\u00e9tisme\",\"br\u00e8ve\"],\"articleSection\":[\"Athl\u00e9tisme\",\"JO Paris 2024\"],\"inLanguage\":\"fr-FR\",\"potentialAction\":[{\"@type\":\"CommentAction\",\"name\":\"Comment\",\"target\":[\"https:\/\/dicodusport.fr\/blog\/athletisme-minima-olympiques-pour-corentin-le-clezio-sur-800-m\/#respond\"]}],\"copyrightYear\":\"2024\",\"copyrightHolder\":{\"@id\":\"https:\/\/dicodusport.fr\/blog\/#organization\"}},{\"@type\":\"WebPage\",\"@id\":\"https:\/\/dicodusport.fr\/blog\/athletisme-minima-olympiques-pour-corentin-le-clezio-sur-800-m\/\",\"url\":\"https:\/\/dicodusport.fr\/blog\/athletisme-minima-olympiques-pour-corentin-le-clezio-sur-800-m\/\",\"name\":\"Athl\u00e9tisme : Minima olympiques pour Corentin Le Clezio sur 800 m\",\"isPartOf\":{\"@id\":\"https:\/\/dicodusport.fr\/blog\/#website\"},\"primaryImageOfPage\":{\"@id\":\"https:\/\/dicodusport.fr\/blog\/athletisme-minima-olympiques-pour-corentin-le-clezio-sur-800-m\/#primaryimage\"},\"image\":{\"@id\":\"https:\/\/dicodusport.fr\/blog\/athletisme-minima-olympiques-pour-corentin-le-clezio-sur-800-m\/#primaryimage\"},\"thumbnailUrl\":\"https:\/\/dicodusport.fr\/blog\/wp-content\/uploads\/2024\/06\/Athletisme-Minima-olympiques-pour-Corentin-Le-Clezio-sur-800-m.png\",\"datePublished\":\"2024-06-22T17:35:14+00:00\",\"description\":\"ATHL\u00c9TISME - Corentin Le Clezio a couru son 800 m\u00e8tres en 1:44.25 \u00e0 Vienne (Autriche), et r\u00e9alise l\u00e0 les minima olympiques.\",\"breadcrumb\":{\"@id\":\"https:\/\/dicodusport.fr\/blog\/athletisme-minima-olympiques-pour-corentin-le-clezio-sur-800-m\/#breadcrumb\"},\"inLanguage\":\"fr-FR\",\"potentialAction\":[{\"@type\":\"ReadAction\",\"target\":[\"https:\/\/dicodusport.fr\/blog\/athletisme-minima-olympiques-pour-corentin-le-clezio-sur-800-m\/\"]}]},{\"@type\":\"ImageObject\",\"inLanguage\":\"fr-FR\",\"@id\":\"https:\/\/dicodusport.fr\/blog\/athletisme-minima-olympiques-pour-corentin-le-clezio-sur-800-m\/#primaryimage\",\"url\":\"https:\/\/dicodusport.fr\/blog\/wp-content\/uploads\/2024\/06\/Athletisme-Minima-olympiques-pour-Corentin-Le-Clezio-sur-800-m.png\",\"contentUrl\":\"https:\/\/dicodusport.fr\/blog\/wp-content\/uploads\/2024\/06\/Athletisme-Minima-olympiques-pour-Corentin-Le-Clezio-sur-800-m.png\",\"width\":1200,\"height\":674,\"caption\":\"Athl\u00e9tisme : Minima olympiques pour Corentin Le Clezio sur 800 m\"},{\"@type\":\"BreadcrumbList\",\"@id\":\"https:\/\/dicodusport.fr\/blog\/athletisme-minima-olympiques-pour-corentin-le-clezio-sur-800-m\/#breadcrumb\",\"itemListElement\":[{\"@type\":\"ListItem\",\"position\":1,\"name\":\"Accueil\",\"item\":\"https:\/\/dicodusport.fr\/blog\/\"},{\"@type\":\"ListItem\",\"position\":2,\"name\":\"Athl\u00e9tisme : Minima olympiques pour Corentin Le Clezio sur 800 m\"}]},{\"@type\":\"WebSite\",\"@id\":\"https:\/\/dicodusport.fr\/blog\/#website\",\"url\":\"https:\/\/dicodusport.fr\/blog\/\",\"name\":\"Dicodusport\",\"description\":\"L&#039;encyclop\u00e9die de l&#039;actualit\u00e9 sportive\",\"publisher\":{\"@id\":\"https:\/\/dicodusport.fr\/blog\/#organization\"},\"potentialAction\":[{\"@type\":\"SearchAction\",\"target\":{\"@type\":\"EntryPoint\",\"urlTemplate\":\"https:\/\/dicodusport.fr\/blog\/?s={search_term_string}\"},\"query-input\":{\"@type\":\"PropertyValueSpecification\",\"valueRequired\":true,\"valueName\":\"search_term_string\"}}],\"inLanguage\":\"fr-FR\"},{\"@type\":\"NewsMediaOrganization\",\"@id\":\"https:\/\/dicodusport.fr\/blog\/#organization\",\"name\":\"Dicodusport\",\"url\":\"https:\/\/dicodusport.fr\/blog\/\",\"logo\":{\"@type\":\"ImageObject\",\"inLanguage\":\"fr-FR\",\"@id\":\"https:\/\/dicodusport.fr\/blog\/#\/schema\/logo\/image\/\",\"url\":\"https:\/\/dicodusport.fr\/blog\/wp-content\/uploads\/2020\/06\/cropped-LOGO-DICODUSPORT-2020-SANS-FOND-SANS-TEXTE.png\",\"contentUrl\":\"https:\/\/dicodusport.fr\/blog\/wp-content\/uploads\/2020\/06\/cropped-LOGO-DICODUSPORT-2020-SANS-FOND-SANS-TEXTE.png\",\"width\":512,\"height\":512,\"caption\":\"Dicodusport\"},\"image\":{\"@id\":\"https:\/\/dicodusport.fr\/blog\/#\/schema\/logo\/image\/\"},\"sameAs\":[\"https:\/\/www.facebook.com\/dicodusport\",\"https:\/\/x.com\/dicodusport\",\"https:\/\/www.instagram.com\/dicodusport\/\",\"https:\/\/www.youtube.com\/channel\/UC7V2KZ5sd3htJivAbA4ZG3w\"],\"description\":\"Dicodusport est l'encyclop\u00e9die de l'actualit\u00e9 sportive.\",\"email\":\"bonjour@dicodusport.fr\",\"legalName\":\"DICODUSPORT\",\"foundingDate\":\"2018-01-14\",\"vatID\":\"FR71834470973\",\"taxID\":\"83447097300043\",\"numberOfEmployees\":{\"@type\":\"QuantitativeValue\",\"minValue\":\"1\",\"maxValue\":\"10\"}},{\"@type\":\"Person\",\"@id\":\"https:\/\/dicodusport.fr\/blog\/#\/schema\/person\/d603dd7da31fb2b46c82b9835a77ec13\",\"name\":\"Etienne Goursaud\",\"image\":{\"@type\":\"ImageObject\",\"inLanguage\":\"fr-FR\",\"@id\":\"https:\/\/dicodusport.fr\/blog\/#\/schema\/person\/image\/\",\"url\":\"https:\/\/dicodusport.fr\/blog\/wp-content\/uploads\/2023\/12\/410122264_10231602061736049_5565839791558026645_n-150x150.jpg\",\"contentUrl\":\"https:\/\/dicodusport.fr\/blog\/wp-content\/uploads\/2023\/12\/410122264_10231602061736049_5565839791558026645_n-150x150.jpg\",\"caption\":\"Etienne Goursaud\"},\"description\":\"Journaliste et amoureux de sport. Ancien footballeur reconverti athl\u00e8te quand ses muscles le laissent tranquille. \u00c9lev\u00e9 \u00e0 la sauce des exploits de Thomas Voeckler en 2004, du dernier essai de l\u00e9gende de Eunice Barber \u00e0 la longueur lors des championnats du monde d'athl\u00e9tisme de 2003 mais aussi Zidane, Omeyer et Titou Lamaison.\",\"url\":\"https:\/\/dicodusport.fr\/blog\/author\/etienne-goursaud\/\"}]}<\/script>\n<!-- \/ Yoast SEO Premium plugin. -->","yoast_head_json":{"title":"Athl\u00e9tisme : Minima olympiques pour Corentin Le Clezio sur 800 m","description":"ATHL\u00c9TISME - Corentin Le Clezio a couru son 800 m\u00e8tres en 1:44.25 \u00e0 Vienne (Autriche), et r\u00e9alise l\u00e0 les minima olympiques.","robots":{"index":"index","follow":"follow","max-snippet":"max-snippet:-1","max-image-preview":"max-image-preview:large","max-video-preview":"max-video-preview:-1"},"canonical":"https:\/\/dicodusport.fr\/blog\/athletisme-minima-olympiques-pour-corentin-le-clezio-sur-800-m\/","og_locale":"fr_FR","og_type":"article","og_title":"Athl\u00e9tisme : Minima olympiques pour Corentin Le Clezio sur 800 m","og_description":"ATHL\u00c9TISME - Corentin Le Clezio a couru son 800 m\u00e8tres en 1:44.25 \u00e0 Vienne (Autriche), et r\u00e9alise l\u00e0 les minima olympiques.","og_url":"https:\/\/dicodusport.fr\/blog\/athletisme-minima-olympiques-pour-corentin-le-clezio-sur-800-m\/","og_site_name":"Dicodusport","article_publisher":"https:\/\/www.facebook.com\/dicodusport","article_published_time":"2024-06-22T17:35:14+00:00","og_image":[{"width":1200,"height":674,"url":"https:\/\/dicodusport.fr\/blog\/wp-content\/uploads\/2024\/06\/Athletisme-Minima-olympiques-pour-Corentin-Le-Clezio-sur-800-m.png","type":"image\/png"}],"author":"Etienne Goursaud","twitter_card":"summary_large_image","twitter_title":"Athl\u00e9tisme : Minima olympiques pour Corentin Le Clezio sur 800 m","twitter_creator":"@dicodusport","twitter_site":"@dicodusport","schema":{"@context":"https:\/\/schema.org","@graph":[{"@type":"NewsArticle","@id":"https:\/\/dicodusport.fr\/blog\/athletisme-minima-olympiques-pour-corentin-le-clezio-sur-800-m\/#article","isPartOf":{"@id":"https:\/\/dicodusport.fr\/blog\/athletisme-minima-olympiques-pour-corentin-le-clezio-sur-800-m\/"},"author":{"name":"Etienne Goursaud","@id":"https:\/\/dicodusport.fr\/blog\/#\/schema\/person\/d603dd7da31fb2b46c82b9835a77ec13"},"headline":"Athl\u00e9tisme : Minima olympiques pour Corentin Le Clezio sur 800 m","datePublished":"2024-06-22T17:35:14+00:00","mainEntityOfPage":{"@id":"https:\/\/dicodusport.fr\/blog\/athletisme-minima-olympiques-pour-corentin-le-clezio-sur-800-m\/"},"wordCount":215,"commentCount":0,"publisher":{"@id":"https:\/\/dicodusport.fr\/blog\/#organization"},"image":{"@id":"https:\/\/dicodusport.fr\/blog\/athletisme-minima-olympiques-pour-corentin-le-clezio-sur-800-m\/#primaryimage"},"thumbnailUrl":"https:\/\/dicodusport.fr\/blog\/wp-content\/uploads\/2024\/06\/Athletisme-Minima-olympiques-pour-Corentin-Le-Clezio-sur-800-m.png","keywords":["Athl\u00e9tisme","br\u00e8ve"],"articleSection":["Athl\u00e9tisme","JO Paris 2024"],"inLanguage":"fr-FR","potentialAction":[{"@type":"CommentAction","name":"Comment","target":["https:\/\/dicodusport.fr\/blog\/athletisme-minima-olympiques-pour-corentin-le-clezio-sur-800-m\/#respond"]}],"copyrightYear":"2024","copyrightHolder":{"@id":"https:\/\/dicodusport.fr\/blog\/#organization"}},{"@type":"WebPage","@id":"https:\/\/dicodusport.fr\/blog\/athletisme-minima-olympiques-pour-corentin-le-clezio-sur-800-m\/","url":"https:\/\/dicodusport.fr\/blog\/athletisme-minima-olympiques-pour-corentin-le-clezio-sur-800-m\/","name":"Athl\u00e9tisme : Minima olympiques pour Corentin Le Clezio sur 800 m","isPartOf":{"@id":"https:\/\/dicodusport.fr\/blog\/#website"},"primaryImageOfPage":{"@id":"https:\/\/dicodusport.fr\/blog\/athletisme-minima-olympiques-pour-corentin-le-clezio-sur-800-m\/#primaryimage"},"image":{"@id":"https:\/\/dicodusport.fr\/blog\/athletisme-minima-olympiques-pour-corentin-le-clezio-sur-800-m\/#primaryimage"},"thumbnailUrl":"https:\/\/dicodusport.fr\/blog\/wp-content\/uploads\/2024\/06\/Athletisme-Minima-olympiques-pour-Corentin-Le-Clezio-sur-800-m.png","datePublished":"2024-06-22T17:35:14+00:00","description":"ATHL\u00c9TISME - Corentin Le Clezio a couru son 800 m\u00e8tres en 1:44.25 \u00e0 Vienne (Autriche), et r\u00e9alise l\u00e0 les minima olympiques.","breadcrumb":{"@id":"https:\/\/dicodusport.fr\/blog\/athletisme-minima-olympiques-pour-corentin-le-clezio-sur-800-m\/#breadcrumb"},"inLanguage":"fr-FR","potentialAction":[{"@type":"ReadAction","target":["https:\/\/dicodusport.fr\/blog\/athletisme-minima-olympiques-pour-corentin-le-clezio-sur-800-m\/"]}]},{"@type":"ImageObject","inLanguage":"fr-FR","@id":"https:\/\/dicodusport.fr\/blog\/athletisme-minima-olympiques-pour-corentin-le-clezio-sur-800-m\/#primaryimage","url":"https:\/\/dicodusport.fr\/blog\/wp-content\/uploads\/2024\/06\/Athletisme-Minima-olympiques-pour-Corentin-Le-Clezio-sur-800-m.png","contentUrl":"https:\/\/dicodusport.fr\/blog\/wp-content\/uploads\/2024\/06\/Athletisme-Minima-olympiques-pour-Corentin-Le-Clezio-sur-800-m.png","width":1200,"height":674,"caption":"Athl\u00e9tisme : Minima olympiques pour Corentin Le Clezio sur 800 m"},{"@type":"BreadcrumbList","@id":"https:\/\/dicodusport.fr\/blog\/athletisme-minima-olympiques-pour-corentin-le-clezio-sur-800-m\/#breadcrumb","itemListElement":[{"@type":"ListItem","position":1,"name":"Accueil","item":"https:\/\/dicodusport.fr\/blog\/"},{"@type":"ListItem","position":2,"name":"Athl\u00e9tisme : Minima olympiques pour Corentin Le Clezio sur 800 m"}]},{"@type":"WebSite","@id":"https:\/\/dicodusport.fr\/blog\/#website","url":"https:\/\/dicodusport.fr\/blog\/","name":"Dicodusport","description":"L&#039;encyclop\u00e9die de l&#039;actualit\u00e9 sportive","publisher":{"@id":"https:\/\/dicodusport.fr\/blog\/#organization"},"potentialAction":[{"@type":"SearchAction","target":{"@type":"EntryPoint","urlTemplate":"https:\/\/dicodusport.fr\/blog\/?s={search_term_string}"},"query-input":{"@type":"PropertyValueSpecification","valueRequired":true,"valueName":"search_term_string"}}],"inLanguage":"fr-FR"},{"@type":"NewsMediaOrganization","@id":"https:\/\/dicodusport.fr\/blog\/#organization","name":"Dicodusport","url":"https:\/\/dicodusport.fr\/blog\/","logo":{"@type":"ImageObject","inLanguage":"fr-FR","@id":"https:\/\/dicodusport.fr\/blog\/#\/schema\/logo\/image\/","url":"https:\/\/dicodusport.fr\/blog\/wp-content\/uploads\/2020\/06\/cropped-LOGO-DICODUSPORT-2020-SANS-FOND-SANS-TEXTE.png","contentUrl":"https:\/\/dicodusport.fr\/blog\/wp-content\/uploads\/2020\/06\/cropped-LOGO-DICODUSPORT-2020-SANS-FOND-SANS-TEXTE.png","width":512,"height":512,"caption":"Dicodusport"},"image":{"@id":"https:\/\/dicodusport.fr\/blog\/#\/schema\/logo\/image\/"},"sameAs":["https:\/\/www.facebook.com\/dicodusport","https:\/\/x.com\/dicodusport","https:\/\/www.instagram.com\/dicodusport\/","https:\/\/www.youtube.com\/channel\/UC7V2KZ5sd3htJivAbA4ZG3w"],"description":"Dicodusport est l'encyclop\u00e9die de l'actualit\u00e9 sportive.","email":"bonjour@dicodusport.fr","legalName":"DICODUSPORT","foundingDate":"2018-01-14","vatID":"FR71834470973","taxID":"83447097300043","numberOfEmployees":{"@type":"QuantitativeValue","minValue":"1","maxValue":"10"}},{"@type":"Person","@id":"https:\/\/dicodusport.fr\/blog\/#\/schema\/person\/d603dd7da31fb2b46c82b9835a77ec13","name":"Etienne Goursaud","image":{"@type":"ImageObject","inLanguage":"fr-FR","@id":"https:\/\/dicodusport.fr\/blog\/#\/schema\/person\/image\/","url":"https:\/\/dicodusport.fr\/blog\/wp-content\/uploads\/2023\/12\/410122264_10231602061736049_5565839791558026645_n-150x150.jpg","contentUrl":"https:\/\/dicodusport.fr\/blog\/wp-content\/uploads\/2023\/12\/410122264_10231602061736049_5565839791558026645_n-150x150.jpg","caption":"Etienne Goursaud"},"description":"Journaliste et amoureux de sport. Ancien footballeur reconverti athl\u00e8te quand ses muscles le laissent tranquille. \u00c9lev\u00e9 \u00e0 la sauce des exploits de Thomas Voeckler en 2004, du dernier essai de l\u00e9gende de Eunice Barber \u00e0 la longueur lors des championnats du monde d'athl\u00e9tisme de 2003 mais aussi Zidane, Omeyer et Titou Lamaison.","url":"https:\/\/dicodusport.fr\/blog\/author\/etienne-goursaud\/"}]}},"_links":{"self":[{"href":"https:\/\/dicodusport.fr\/blog\/wp-json\/wp\/v2\/posts\/494913","targetHints":{"allow":["GET"]}}],"collection":[{"href":"https:\/\/dicodusport.fr\/blog\/wp-json\/wp\/v2\/posts"}],"about":[{"href":"https:\/\/dicodusport.fr\/blog\/wp-json\/wp\/v2\/types\/post"}],"author":[{"embeddable":true,"href":"https:\/\/dicodusport.fr\/blog\/wp-json\/wp\/v2\/users\/83"}],"replies":[{"embeddable":true,"href":"https:\/\/dicodusport.fr\/blog\/wp-json\/wp\/v2\/comments?post=494913"}],"version-history":[{"count":3,"href":"https:\/\/dicodusport.fr\/blog\/wp-json\/wp\/v2\/posts\/494913\/revisions"}],"predecessor-version":[{"id":494941,"href":"https:\/\/dicodusport.fr\/blog\/wp-json\/wp\/v2\/posts\/494913\/revisions\/494941"}],"wp:featuredmedia":[{"embeddable":true,"href":"https:\/\/dicodusport.fr\/blog\/wp-json\/wp\/v2\/media\/494939"}],"wp:attachment":[{"href":"https:\/\/dicodusport.fr\/blog\/wp-json\/wp\/v2\/media?parent=494913"}],"wp:term":[{"taxonomy":"category","embeddable":true,"href":"https:\/\/dicodusport.fr\/blog\/wp-json\/wp\/v2\/categories?post=494913"},{"taxonomy":"post_tag","embeddable":true,"href":"https:\/\/dicodusport.fr\/blog\/wp-json\/wp\/v2\/tags?post=494913"}],"curies":[{"name":"wp","href":"https:\/\/api.w.org\/{rel}","templated":true}]}}