{"id":495215,"date":"2024-06-24T09:42:09","date_gmt":"2024-06-24T07:42:09","guid":{"rendered":"https:\/\/dicodusport.fr\/blog\/?p=495215&#038;preview=true&#038;preview_id=495215"},"modified":"2024-06-24T15:20:21","modified_gmt":"2024-06-24T13:20:21","slug":"athletisme-le-clezio-guillaume-collet-le-resume-des-performances-francaise-de-la-semaine","status":"publish","type":"post","link":"https:\/\/dicodusport.fr\/blog\/athletisme-le-clezio-guillaume-collet-le-resume-des-performances-francaise-de-la-semaine\/","title":{"rendered":"Athl\u00e9tisme : Le Clezio, Guillaume, Collet, le r\u00e9sum\u00e9 des performances fran\u00e7aise de la semaine"},"content":{"rendered":"<p style=\"text-align: justify;\"><strong><em>ATHL\u00c9TISME &#8211; Retour sur une semaine charg\u00e9e en performance, avec deux minima olympiques et un record personnel pour Thibaut Collet.<\/em><\/strong><\/p>\n<h2 style=\"text-align: justify;\">Minima pour Corentin Le Clezio et Ilionis Guillaume<\/h2>\n<p style=\"text-align: justify;\">Une semaine, un athl\u00e8te qui r\u00e9alise les minima olympiques. <a href=\"https:\/\/dicodusport.fr\/blog\/athletisme-minima-olympiques-pour-corentin-le-clezio-sur-800-m\/\">C&rsquo;est <strong>Corentin Le Clezio<\/strong> qui d\u00e9croche la timbale<\/a>. Ce samedi \u00e0 Vienne, il a r\u00e9alis\u00e9 un chrono de 1:44.25 et explose son record de 75 centi\u00e8mes. Pour l&rsquo;heure, pas de qualification olympique officielle, car ils sont d\u00e9sormais quatre Fran\u00e7ais \u00e0 avoir fait les minima sur la distance. Rendez-vous ce week-end aux \u00c9lite, pour le d\u00e9nouement de cette qu\u00eate olympique.<\/p>\n<p style=\"text-align: justify;\">Il a \u00e9t\u00e9 imit\u00e9 ce dimanche <a href=\"https:\/\/dicodusport.fr\/blog\/athletisme-minima-olympiques-pour-ilionis-guillaume-au-triple-saut\/\">par<strong> Ilionis Guillaume<\/strong> du c\u00f4t\u00e9 de l&rsquo;Espagne \u00e0 Guadalajaja<\/a>. En am\u00e9liorant encore une fois son record personnel. Avec un bond \u00e0 14.59 m, au triple saut, la Fran\u00e7aise, m\u00e9daill\u00e9e \u00e0 Rome sur l&rsquo;\u00e9preuve, r\u00e9alise un bond quatre centim\u00e8tres de mieux que les \u00ab\u00a0NPR\u00a0\u00bb. Elle marche litt\u00e9ralement sur l&rsquo;eau.<\/p>\n<blockquote class=\"twitter-tweet\">\n<p dir=\"ltr\" lang=\"fr\">\ud83d\udea8\ud83d\udea8\u00c9norme concours de triple saut ce soir d\u2019Ilionis Guillaume \u00e0 Guadalajara en Espagne<br \/>\n\ud83d\udca814m62 (+2.3)<br \/>\n\ud83d\ude8014m59 (+1.9)<br \/>\nElle est d\u00e9sormais 2e \ud83c\uddeb\ud83c\uddf7 de tous les temps<br \/>\n5e perf mondiale de l\u2019ann\u00e9e \ud83e\udd29<br \/>\nLe record de France (14m69) ne tient plus qu\u2019\u00e0 un fil \ud83e\udd2f<\/p>\n<p>\u2014 Cl\u00e9ment Breysse (@BreysseClement) <a href=\"https:\/\/twitter.com\/BreysseClement\/status\/1804961522244096472?ref_src=twsrc%5Etfw\">June 23, 2024<\/a><\/p><\/blockquote>\n<p><script async src=\"https:\/\/platform.twitter.com\/widgets.js\" charset=\"utf-8\"><\/script><\/p>\n<h2 style=\"text-align: justify;\">Des minima pour les Mondiaux U20 et les Europe 18 et des jeunes en feu<\/h2>\n<p style=\"text-align: justify;\"><strong>Lohane Gerbier<\/strong> n&rsquo;est que cadette, mais elle a r\u00e9alis\u00e9 les minima pour les mondiaux&#8230; juniors. La sprinteuse a r\u00e9alis\u00e9 un nouveau record personnel sur 200 m, avec un chrono de 23.79. Un centi\u00e8me de mieux que les NPR pour Lima. Et \u00e9videmment, minima pour les championnats d&rsquo;Europe U18. Minima U18 qu&rsquo;elle a \u00e9galement r\u00e9alis\u00e9s sur 100 m, avec un chrono de 11.66 m. Les minima U20, <strong>Laura Montauban<\/strong> les avait d\u00e9j\u00e0 fait sur 100 m haies. Mais la junior a frapp\u00e9 un grand coup, en r\u00e9alisant en Allemagne la 2e performance fran\u00e7aise juniors de tous les temps (avec <strong>Monique Ewanj\u00e9-Ep\u00e9e<\/strong>), gr\u00e2ce \u00e0 ses 13.07. \u00c9galement sur les haies, mais sur 110 m haies, <strong>Math\u00e9o Boulineau<\/strong> a r\u00e9alis\u00e9 13.56 (99 cm) et verra les Mondiaux au P\u00e9rou.<\/p>\n<blockquote class=\"twitter-tweet\">\n<p dir=\"ltr\" lang=\"fr\">\ud83d\udea8\u00c9norme perf de la junior Laura Montauban sur 100mhaies en Allemagne cet apr\u00e8s midi<br \/>\n13.07 2e perf \ud83c\udde8\ud83c\uddf5 de tous les temps \u00e0 \u00e9galit\u00e9 avec Monique Ewanje Ep\u00e9e et juste derri\u00e8re Cyr\u00e9na Samba Mayela<br \/>\nMeilleure perf \ud83c\uddea\ud83c\uddfa U20 de l&rsquo;ann\u00e9e<br \/>\n4e perf mondiale U20 de l&rsquo;ann\u00e9e<br \/>\nSolide \ud83d\ude80 <a href=\"https:\/\/t.co\/vtQdIelbAz\">pic.twitter.com\/vtQdIelbAz<\/a><\/p>\n<p>\u2014 Cl\u00e9ment Breysse (@BreysseClement) <a href=\"https:\/\/twitter.com\/BreysseClement\/status\/1804546791230030034?ref_src=twsrc%5Etfw\">June 22, 2024<\/a><\/p><\/blockquote>\n<p><script async src=\"https:\/\/platform.twitter.com\/widgets.js\" charset=\"utf-8\"><\/script><\/p>\n<p style=\"text-align: justify;\">Du c\u00f4t\u00e9 de Bordeaux, o\u00f9 ce fut le feu sur le 1500 m (lire plus bas), <strong>Joshua Abraham<\/strong> a r\u00e9alis\u00e9 les minima pour les Mondiaux U20, avec un chrono de 3:41.66. Et son jeune fr\u00e8re <strong>Alois<\/strong> a r\u00e9alis\u00e9 la deuxi\u00e8me performance fran\u00e7aise cadets de tous les temps, avec 3:44.41. Minima pour les Europe U18 explos\u00e9s. <strong>Nolhan Burgu\u00e9<\/strong> s&rsquo;est \u00e9galement de nouveaux affranchi des minima U18, mais sur 800 m. Le Montois a boucl\u00e9 le double tour de piste en 1:50.67, toujours \u00e0 Bordeaux. Imit\u00e9 en Bourgogne, par <strong>Sami Taleb,<\/strong> avec 1:51.49. La cadette <strong>B\u00e9atrice Tassin<\/strong> a boucl\u00e9 son 200 m en 24.16, soit quatre centi\u00e8mes de mieux que les \u00ab\u00a0NPR\u00a0\u00bb pour les Europe U18. Elle est imit\u00e9e, sur 3000 m, par <strong>Laly Porentru,<\/strong> qui a r\u00e9alis\u00e9 en Belgique 9:33.06. 3e performance fran\u00e7aise cadettes de tous les temps<\/p>\n<h2 style=\"text-align: justify;\">Les autres performances, marqu\u00e9es par un Thibaut Collet record<\/h2>\n<p style=\"text-align: justify;\">La semaine a \u00e9galement \u00e9t\u00e9 marqu\u00e9e par un incroyable record personnel pour <strong>Thibaut Collet<\/strong>. Qui a r\u00e9alis\u00e9 \u00e0 Grenoble la 3e performance fran\u00e7aise de tous les temps \u00e0 la perche. Avec un bond \u00e0 5.95 m. Il a r\u00e9alis\u00e9 un autre gros concours \u00e0 Toulouse, ce samedi, avec un bond \u00e0 5.82 m. Des records personnels, il y en a eu pour <strong>Charlotte Pizzo<\/strong>, du c\u00f4t\u00e9 de Vienne. Pour la premi\u00e8re fois de sa carri\u00e8re, elle passe sous les deux minutes au 800 m avec ses 1:59.99. Vienne a \u00e9galement souri \u00e0 <strong>Valentin Gondouin<\/strong>, qui a battu son record sur 5000 m, avec un beau 13:16.21. Record aussi pour <strong>Shana Grebo<\/strong>, ce vendredi \u00e0 Montr\u00e9al. Elle s&rsquo;est rapproch\u00e9e \u00e0 huit centi\u00e8mes des minima olympiques sur 400 m haies, avec un chrono de 54.93.<\/p>\n<blockquote class=\"twitter-tweet\">\n<p dir=\"ltr\" lang=\"fr\">\ud83d\udca5 Le plus haut de la famille !<\/p>\n<p>\ud83c\uddeb\ud83c\uddf7 Thibaut Collet a franchi ce mercredi soir une barre \u00e0 5,95 m lors du Meeting Perche des Alpes \u00e0 Grenoble !<\/p>\n<p>\ud83d\udc49 Il devient le troisi\u00e8me meilleur performeur fran\u00e7ais de tous les temps, devant son p\u00e8re Philippe (5,94 m en 1990).<\/p>\n<p>\ud83d\udcf8 Yves Perret <a href=\"https:\/\/t.co\/kejyWssHOX\">pic.twitter.com\/kejyWssHOX<\/a><\/p>\n<p>\u2014 FFAthl\u00e9tisme (@FFAthletisme) <a href=\"https:\/\/twitter.com\/FFAthletisme\/status\/1803517848695746735?ref_src=twsrc%5Etfw\">June 19, 2024<\/a><\/p><\/blockquote>\n<p><script async src=\"https:\/\/platform.twitter.com\/widgets.js\" charset=\"utf-8\"><\/script><\/p>\n<p style=\"text-align: justify;\">Bordeaux aura aussi permis deux beaux records.<strong> Simon B\u00e9dard<\/strong> a port\u00e9 son record au 5000 m \u00e0 13:19.16, battant de 12 secondes son ancienne marque. Tandis que <strong>Flavien Szot<\/strong> a explos\u00e9 le sien sur 1500 m, avec 3:34.53. <strong>Donovan Christien<\/strong>, du c\u00f4t\u00e9 de Vienne, a fait trembler le sien sur 5000 m, avec ses 13:17.64. \u00c0 noter aussi les tr\u00e8s belles performances au triple saut d&rsquo;<strong>Enzo Hodebar<\/strong>,<strong> Melvin Raffin<\/strong> et<strong> Teddy Tamgho<\/strong>, qui ont r\u00e9alis\u00e9 leur meilleure performance de l&rsquo;ann\u00e9e. Avec respectivement 16.99 m, 16.75 m et 16.68 m. Enfin, du c\u00f4t\u00e9 de Ratingen, quatre Fran\u00e7aises \u00e9taient engag\u00e9es sur l&rsquo;heptathlon. Longtemps sur les bases de son record (6023 points), <strong>Elisa Pineau<\/strong> r\u00e9alise finalement 6000 points tout pile et prend la 4e place. <strong>Pauline Bikembo<\/strong> est 8e, avec 5748 points. Malheureusement bless\u00e9e apr\u00e8s la longueur, <strong>C\u00e9lia Perron<\/strong> n&rsquo;a pas pu terminer, tandis qu&rsquo;<strong>Esther Turpin<\/strong> a abandonn\u00e9 dans la derni\u00e8re \u00e9preuve.<\/p>\n<p style=\"text-align: justify;\">Enfin, du c\u00f4t\u00e9 des autres performances, on retiendra les 11.13 au 100 m et les 22.61 (-1.7 !) au 200 m de la toujours en forme <strong>G\u00e9mima Joseph<\/strong> du c\u00f4t\u00e9 de Gen\u00e8ve. Et du c\u00f4t\u00e9 de Madrid, <strong>L\u00e9na Kandissounon<\/strong> s&rsquo;est rapproch\u00e9e de son record personnel sur 800 met des minima olympiques, avec un chrono de 1:59.70, tandis que <strong>Paul Anselmini<\/strong> a boucl\u00e9 cette m\u00eame course \u00e0 huit centi\u00e8mes de son record personnel et onze des minima, avec 1:44.81.<strong> Amandine Brossier<\/strong> court toujours apr\u00e8s ces minima et a boucl\u00e9 son 400 m en 51.80.<\/p>\n","protected":false},"excerpt":{"rendered":"<p>ATHL\u00c9TISME &#8211; Retour sur une semaine charg\u00e9e en performance, avec deux minima olympiques et un record personnel pour Thibaut Collet.<\/p>\n","protected":false},"author":83,"featured_media":495243,"comment_status":"open","ping_status":"closed","sticky":false,"template":"","format":"standard","meta":{"_acf_changed":false,"_daextam_enable_autolinks":"1","footnotes":""},"categories":[2308],"tags":[143,10976,16878,38185,17945],"class_list":["post-495215","post","type-post","status-publish","format-standard","has-post-thumbnail","hentry","category-athletisme","tag-athletisme","tag-athletisme-francais","tag-breve","tag-ilionis-guillaume","tag-thibaut-collet"],"acf":[],"yoast_head":"<!-- This site is optimized with the Yoast SEO Premium plugin v26.7 (Yoast SEO v26.7) - https:\/\/yoast.com\/wordpress\/plugins\/seo\/ -->\n<title>Athl\u00e9tisme : Le Clezio, Guillaume, Collet, le r\u00e9sum\u00e9 des performances fran\u00e7aise de la semaine<\/title>\n<meta name=\"description\" content=\"ATHL\u00c9TISME - Retour sur une semaine charg\u00e9e en performance, avec deux minima olympiques et un record personnel pour Thibaut Collet.\" \/>\n<meta name=\"robots\" content=\"index, follow, max-snippet:-1, max-image-preview:large, max-video-preview:-1\" \/>\n<link rel=\"canonical\" href=\"https:\/\/dicodusport.fr\/blog\/athletisme-le-clezio-guillaume-collet-le-resume-des-performances-francaise-de-la-semaine\/\" \/>\n<meta property=\"og:locale\" content=\"fr_FR\" \/>\n<meta property=\"og:type\" content=\"article\" \/>\n<meta property=\"og:title\" content=\"Athl\u00e9tisme : Le Clezio, Guillaume, Collet, le r\u00e9sum\u00e9 des performances fran\u00e7aise de la semaine\" \/>\n<meta property=\"og:description\" content=\"ATHL\u00c9TISME - Retour sur une semaine charg\u00e9e en performance, avec deux minima olympiques et un record personnel pour Thibaut Collet.\" \/>\n<meta property=\"og:url\" content=\"https:\/\/dicodusport.fr\/blog\/athletisme-le-clezio-guillaume-collet-le-resume-des-performances-francaise-de-la-semaine\/\" \/>\n<meta property=\"og:site_name\" content=\"Dicodusport\" \/>\n<meta property=\"article:publisher\" content=\"https:\/\/www.facebook.com\/dicodusport\" \/>\n<meta property=\"article:published_time\" content=\"2024-06-24T07:42:09+00:00\" \/>\n<meta property=\"article:modified_time\" content=\"2024-06-24T13:20:21+00:00\" \/>\n<meta property=\"og:image\" content=\"https:\/\/dicodusport.fr\/blog\/wp-content\/uploads\/2024\/06\/Athletisme-Le-Clezio-Guillaume-Collet-le-resume-des-performances-francaise-de-la-semaine.png\" \/>\n\t<meta property=\"og:image:width\" content=\"1200\" \/>\n\t<meta property=\"og:image:height\" content=\"674\" \/>\n\t<meta property=\"og:image:type\" content=\"image\/png\" \/>\n<meta name=\"author\" content=\"Etienne Goursaud\" \/>\n<meta name=\"twitter:card\" content=\"summary_large_image\" \/>\n<meta name=\"twitter:title\" content=\"Athl\u00e9tisme : Le Clezio, Guillaume, Collet, le r\u00e9sum\u00e9 des performances fran\u00e7aise de la semaine\" \/>\n<meta name=\"twitter:creator\" content=\"@dicodusport\" \/>\n<meta name=\"twitter:site\" content=\"@dicodusport\" \/>\n<script type=\"application\/ld+json\" class=\"yoast-schema-graph\">{\"@context\":\"https:\/\/schema.org\",\"@graph\":[{\"@type\":\"NewsArticle\",\"@id\":\"https:\/\/dicodusport.fr\/blog\/athletisme-le-clezio-guillaume-collet-le-resume-des-performances-francaise-de-la-semaine\/#article\",\"isPartOf\":{\"@id\":\"https:\/\/dicodusport.fr\/blog\/athletisme-le-clezio-guillaume-collet-le-resume-des-performances-francaise-de-la-semaine\/\"},\"author\":{\"name\":\"Etienne Goursaud\",\"@id\":\"https:\/\/dicodusport.fr\/blog\/#\/schema\/person\/d603dd7da31fb2b46c82b9835a77ec13\"},\"headline\":\"Athl\u00e9tisme : Le Clezio, Guillaume, Collet, le r\u00e9sum\u00e9 des performances fran\u00e7aise de la semaine\",\"datePublished\":\"2024-06-24T07:42:09+00:00\",\"dateModified\":\"2024-06-24T13:20:21+00:00\",\"mainEntityOfPage\":{\"@id\":\"https:\/\/dicodusport.fr\/blog\/athletisme-le-clezio-guillaume-collet-le-resume-des-performances-francaise-de-la-semaine\/\"},\"wordCount\":1011,\"commentCount\":0,\"publisher\":{\"@id\":\"https:\/\/dicodusport.fr\/blog\/#organization\"},\"image\":{\"@id\":\"https:\/\/dicodusport.fr\/blog\/athletisme-le-clezio-guillaume-collet-le-resume-des-performances-francaise-de-la-semaine\/#primaryimage\"},\"thumbnailUrl\":\"https:\/\/dicodusport.fr\/blog\/wp-content\/uploads\/2024\/06\/Athletisme-Le-Clezio-Guillaume-Collet-le-resume-des-performances-francaise-de-la-semaine.png\",\"keywords\":[\"Athl\u00e9tisme\",\"Athl\u00e9tisme fran\u00e7ais\",\"br\u00e8ve\",\"Ilionis Guillaume\",\"Thibaut Collet\"],\"articleSection\":[\"Athl\u00e9tisme\"],\"inLanguage\":\"fr-FR\",\"potentialAction\":[{\"@type\":\"CommentAction\",\"name\":\"Comment\",\"target\":[\"https:\/\/dicodusport.fr\/blog\/athletisme-le-clezio-guillaume-collet-le-resume-des-performances-francaise-de-la-semaine\/#respond\"]}],\"copyrightYear\":\"2024\",\"copyrightHolder\":{\"@id\":\"https:\/\/dicodusport.fr\/blog\/#organization\"}},{\"@type\":\"WebPage\",\"@id\":\"https:\/\/dicodusport.fr\/blog\/athletisme-le-clezio-guillaume-collet-le-resume-des-performances-francaise-de-la-semaine\/\",\"url\":\"https:\/\/dicodusport.fr\/blog\/athletisme-le-clezio-guillaume-collet-le-resume-des-performances-francaise-de-la-semaine\/\",\"name\":\"Athl\u00e9tisme : Le Clezio, Guillaume, Collet, le r\u00e9sum\u00e9 des performances fran\u00e7aise de la semaine\",\"isPartOf\":{\"@id\":\"https:\/\/dicodusport.fr\/blog\/#website\"},\"primaryImageOfPage\":{\"@id\":\"https:\/\/dicodusport.fr\/blog\/athletisme-le-clezio-guillaume-collet-le-resume-des-performances-francaise-de-la-semaine\/#primaryimage\"},\"image\":{\"@id\":\"https:\/\/dicodusport.fr\/blog\/athletisme-le-clezio-guillaume-collet-le-resume-des-performances-francaise-de-la-semaine\/#primaryimage\"},\"thumbnailUrl\":\"https:\/\/dicodusport.fr\/blog\/wp-content\/uploads\/2024\/06\/Athletisme-Le-Clezio-Guillaume-Collet-le-resume-des-performances-francaise-de-la-semaine.png\",\"datePublished\":\"2024-06-24T07:42:09+00:00\",\"dateModified\":\"2024-06-24T13:20:21+00:00\",\"description\":\"ATHL\u00c9TISME - Retour sur une semaine charg\u00e9e en performance, avec deux minima olympiques et un record personnel pour Thibaut Collet.\",\"breadcrumb\":{\"@id\":\"https:\/\/dicodusport.fr\/blog\/athletisme-le-clezio-guillaume-collet-le-resume-des-performances-francaise-de-la-semaine\/#breadcrumb\"},\"inLanguage\":\"fr-FR\",\"potentialAction\":[{\"@type\":\"ReadAction\",\"target\":[\"https:\/\/dicodusport.fr\/blog\/athletisme-le-clezio-guillaume-collet-le-resume-des-performances-francaise-de-la-semaine\/\"]}]},{\"@type\":\"ImageObject\",\"inLanguage\":\"fr-FR\",\"@id\":\"https:\/\/dicodusport.fr\/blog\/athletisme-le-clezio-guillaume-collet-le-resume-des-performances-francaise-de-la-semaine\/#primaryimage\",\"url\":\"https:\/\/dicodusport.fr\/blog\/wp-content\/uploads\/2024\/06\/Athletisme-Le-Clezio-Guillaume-Collet-le-resume-des-performances-francaise-de-la-semaine.png\",\"contentUrl\":\"https:\/\/dicodusport.fr\/blog\/wp-content\/uploads\/2024\/06\/Athletisme-Le-Clezio-Guillaume-Collet-le-resume-des-performances-francaise-de-la-semaine.png\",\"width\":1200,\"height\":674,\"caption\":\"Athl\u00e9tisme : Le Cl\u00e9zio, Guillaume, Collet, le r\u00e9sum\u00e9 des performances fran\u00e7aise de la semaine\"},{\"@type\":\"BreadcrumbList\",\"@id\":\"https:\/\/dicodusport.fr\/blog\/athletisme-le-clezio-guillaume-collet-le-resume-des-performances-francaise-de-la-semaine\/#breadcrumb\",\"itemListElement\":[{\"@type\":\"ListItem\",\"position\":1,\"name\":\"Accueil\",\"item\":\"https:\/\/dicodusport.fr\/blog\/\"},{\"@type\":\"ListItem\",\"position\":2,\"name\":\"Athl\u00e9tisme : Le Clezio, Guillaume, Collet, le r\u00e9sum\u00e9 des performances fran\u00e7aise de la semaine\"}]},{\"@type\":\"WebSite\",\"@id\":\"https:\/\/dicodusport.fr\/blog\/#website\",\"url\":\"https:\/\/dicodusport.fr\/blog\/\",\"name\":\"Dicodusport\",\"description\":\"L&#039;encyclop\u00e9die de l&#039;actualit\u00e9 sportive\",\"publisher\":{\"@id\":\"https:\/\/dicodusport.fr\/blog\/#organization\"},\"potentialAction\":[{\"@type\":\"SearchAction\",\"target\":{\"@type\":\"EntryPoint\",\"urlTemplate\":\"https:\/\/dicodusport.fr\/blog\/?s={search_term_string}\"},\"query-input\":{\"@type\":\"PropertyValueSpecification\",\"valueRequired\":true,\"valueName\":\"search_term_string\"}}],\"inLanguage\":\"fr-FR\"},{\"@type\":\"NewsMediaOrganization\",\"@id\":\"https:\/\/dicodusport.fr\/blog\/#organization\",\"name\":\"Dicodusport\",\"url\":\"https:\/\/dicodusport.fr\/blog\/\",\"logo\":{\"@type\":\"ImageObject\",\"inLanguage\":\"fr-FR\",\"@id\":\"https:\/\/dicodusport.fr\/blog\/#\/schema\/logo\/image\/\",\"url\":\"https:\/\/dicodusport.fr\/blog\/wp-content\/uploads\/2020\/06\/cropped-LOGO-DICODUSPORT-2020-SANS-FOND-SANS-TEXTE.png\",\"contentUrl\":\"https:\/\/dicodusport.fr\/blog\/wp-content\/uploads\/2020\/06\/cropped-LOGO-DICODUSPORT-2020-SANS-FOND-SANS-TEXTE.png\",\"width\":512,\"height\":512,\"caption\":\"Dicodusport\"},\"image\":{\"@id\":\"https:\/\/dicodusport.fr\/blog\/#\/schema\/logo\/image\/\"},\"sameAs\":[\"https:\/\/www.facebook.com\/dicodusport\",\"https:\/\/x.com\/dicodusport\",\"https:\/\/www.instagram.com\/dicodusport\/\",\"https:\/\/www.youtube.com\/channel\/UC7V2KZ5sd3htJivAbA4ZG3w\"],\"description\":\"Dicodusport est l'encyclop\u00e9die de l'actualit\u00e9 sportive.\",\"email\":\"bonjour@dicodusport.fr\",\"legalName\":\"DICODUSPORT\",\"foundingDate\":\"2018-01-14\",\"vatID\":\"FR71834470973\",\"taxID\":\"83447097300043\",\"numberOfEmployees\":{\"@type\":\"QuantitativeValue\",\"minValue\":\"1\",\"maxValue\":\"10\"}},{\"@type\":\"Person\",\"@id\":\"https:\/\/dicodusport.fr\/blog\/#\/schema\/person\/d603dd7da31fb2b46c82b9835a77ec13\",\"name\":\"Etienne Goursaud\",\"image\":{\"@type\":\"ImageObject\",\"inLanguage\":\"fr-FR\",\"@id\":\"https:\/\/dicodusport.fr\/blog\/#\/schema\/person\/image\/\",\"url\":\"https:\/\/dicodusport.fr\/blog\/wp-content\/uploads\/2023\/12\/410122264_10231602061736049_5565839791558026645_n-150x150.jpg\",\"contentUrl\":\"https:\/\/dicodusport.fr\/blog\/wp-content\/uploads\/2023\/12\/410122264_10231602061736049_5565839791558026645_n-150x150.jpg\",\"caption\":\"Etienne Goursaud\"},\"description\":\"Journaliste et amoureux de sport. Ancien footballeur reconverti athl\u00e8te quand ses muscles le laissent tranquille. \u00c9lev\u00e9 \u00e0 la sauce des exploits de Thomas Voeckler en 2004, du dernier essai de l\u00e9gende de Eunice Barber \u00e0 la longueur lors des championnats du monde d'athl\u00e9tisme de 2003 mais aussi Zidane, Omeyer et Titou Lamaison.\",\"url\":\"https:\/\/dicodusport.fr\/blog\/author\/etienne-goursaud\/\"}]}<\/script>\n<!-- \/ Yoast SEO Premium plugin. -->","yoast_head_json":{"title":"Athl\u00e9tisme : Le Clezio, Guillaume, Collet, le r\u00e9sum\u00e9 des performances fran\u00e7aise de la semaine","description":"ATHL\u00c9TISME - Retour sur une semaine charg\u00e9e en performance, avec deux minima olympiques et un record personnel pour Thibaut Collet.","robots":{"index":"index","follow":"follow","max-snippet":"max-snippet:-1","max-image-preview":"max-image-preview:large","max-video-preview":"max-video-preview:-1"},"canonical":"https:\/\/dicodusport.fr\/blog\/athletisme-le-clezio-guillaume-collet-le-resume-des-performances-francaise-de-la-semaine\/","og_locale":"fr_FR","og_type":"article","og_title":"Athl\u00e9tisme : Le Clezio, Guillaume, Collet, le r\u00e9sum\u00e9 des performances fran\u00e7aise de la semaine","og_description":"ATHL\u00c9TISME - Retour sur une semaine charg\u00e9e en performance, avec deux minima olympiques et un record personnel pour Thibaut Collet.","og_url":"https:\/\/dicodusport.fr\/blog\/athletisme-le-clezio-guillaume-collet-le-resume-des-performances-francaise-de-la-semaine\/","og_site_name":"Dicodusport","article_publisher":"https:\/\/www.facebook.com\/dicodusport","article_published_time":"2024-06-24T07:42:09+00:00","article_modified_time":"2024-06-24T13:20:21+00:00","og_image":[{"width":1200,"height":674,"url":"https:\/\/dicodusport.fr\/blog\/wp-content\/uploads\/2024\/06\/Athletisme-Le-Clezio-Guillaume-Collet-le-resume-des-performances-francaise-de-la-semaine.png","type":"image\/png"}],"author":"Etienne Goursaud","twitter_card":"summary_large_image","twitter_title":"Athl\u00e9tisme : Le Clezio, Guillaume, Collet, le r\u00e9sum\u00e9 des performances fran\u00e7aise de la semaine","twitter_creator":"@dicodusport","twitter_site":"@dicodusport","schema":{"@context":"https:\/\/schema.org","@graph":[{"@type":"NewsArticle","@id":"https:\/\/dicodusport.fr\/blog\/athletisme-le-clezio-guillaume-collet-le-resume-des-performances-francaise-de-la-semaine\/#article","isPartOf":{"@id":"https:\/\/dicodusport.fr\/blog\/athletisme-le-clezio-guillaume-collet-le-resume-des-performances-francaise-de-la-semaine\/"},"author":{"name":"Etienne Goursaud","@id":"https:\/\/dicodusport.fr\/blog\/#\/schema\/person\/d603dd7da31fb2b46c82b9835a77ec13"},"headline":"Athl\u00e9tisme : Le Clezio, Guillaume, Collet, le r\u00e9sum\u00e9 des performances fran\u00e7aise de la semaine","datePublished":"2024-06-24T07:42:09+00:00","dateModified":"2024-06-24T13:20:21+00:00","mainEntityOfPage":{"@id":"https:\/\/dicodusport.fr\/blog\/athletisme-le-clezio-guillaume-collet-le-resume-des-performances-francaise-de-la-semaine\/"},"wordCount":1011,"commentCount":0,"publisher":{"@id":"https:\/\/dicodusport.fr\/blog\/#organization"},"image":{"@id":"https:\/\/dicodusport.fr\/blog\/athletisme-le-clezio-guillaume-collet-le-resume-des-performances-francaise-de-la-semaine\/#primaryimage"},"thumbnailUrl":"https:\/\/dicodusport.fr\/blog\/wp-content\/uploads\/2024\/06\/Athletisme-Le-Clezio-Guillaume-Collet-le-resume-des-performances-francaise-de-la-semaine.png","keywords":["Athl\u00e9tisme","Athl\u00e9tisme fran\u00e7ais","br\u00e8ve","Ilionis Guillaume","Thibaut Collet"],"articleSection":["Athl\u00e9tisme"],"inLanguage":"fr-FR","potentialAction":[{"@type":"CommentAction","name":"Comment","target":["https:\/\/dicodusport.fr\/blog\/athletisme-le-clezio-guillaume-collet-le-resume-des-performances-francaise-de-la-semaine\/#respond"]}],"copyrightYear":"2024","copyrightHolder":{"@id":"https:\/\/dicodusport.fr\/blog\/#organization"}},{"@type":"WebPage","@id":"https:\/\/dicodusport.fr\/blog\/athletisme-le-clezio-guillaume-collet-le-resume-des-performances-francaise-de-la-semaine\/","url":"https:\/\/dicodusport.fr\/blog\/athletisme-le-clezio-guillaume-collet-le-resume-des-performances-francaise-de-la-semaine\/","name":"Athl\u00e9tisme : Le Clezio, Guillaume, Collet, le r\u00e9sum\u00e9 des performances fran\u00e7aise de la semaine","isPartOf":{"@id":"https:\/\/dicodusport.fr\/blog\/#website"},"primaryImageOfPage":{"@id":"https:\/\/dicodusport.fr\/blog\/athletisme-le-clezio-guillaume-collet-le-resume-des-performances-francaise-de-la-semaine\/#primaryimage"},"image":{"@id":"https:\/\/dicodusport.fr\/blog\/athletisme-le-clezio-guillaume-collet-le-resume-des-performances-francaise-de-la-semaine\/#primaryimage"},"thumbnailUrl":"https:\/\/dicodusport.fr\/blog\/wp-content\/uploads\/2024\/06\/Athletisme-Le-Clezio-Guillaume-Collet-le-resume-des-performances-francaise-de-la-semaine.png","datePublished":"2024-06-24T07:42:09+00:00","dateModified":"2024-06-24T13:20:21+00:00","description":"ATHL\u00c9TISME - Retour sur une semaine charg\u00e9e en performance, avec deux minima olympiques et un record personnel pour Thibaut Collet.","breadcrumb":{"@id":"https:\/\/dicodusport.fr\/blog\/athletisme-le-clezio-guillaume-collet-le-resume-des-performances-francaise-de-la-semaine\/#breadcrumb"},"inLanguage":"fr-FR","potentialAction":[{"@type":"ReadAction","target":["https:\/\/dicodusport.fr\/blog\/athletisme-le-clezio-guillaume-collet-le-resume-des-performances-francaise-de-la-semaine\/"]}]},{"@type":"ImageObject","inLanguage":"fr-FR","@id":"https:\/\/dicodusport.fr\/blog\/athletisme-le-clezio-guillaume-collet-le-resume-des-performances-francaise-de-la-semaine\/#primaryimage","url":"https:\/\/dicodusport.fr\/blog\/wp-content\/uploads\/2024\/06\/Athletisme-Le-Clezio-Guillaume-Collet-le-resume-des-performances-francaise-de-la-semaine.png","contentUrl":"https:\/\/dicodusport.fr\/blog\/wp-content\/uploads\/2024\/06\/Athletisme-Le-Clezio-Guillaume-Collet-le-resume-des-performances-francaise-de-la-semaine.png","width":1200,"height":674,"caption":"Athl\u00e9tisme : Le Cl\u00e9zio, Guillaume, Collet, le r\u00e9sum\u00e9 des performances fran\u00e7aise de la semaine"},{"@type":"BreadcrumbList","@id":"https:\/\/dicodusport.fr\/blog\/athletisme-le-clezio-guillaume-collet-le-resume-des-performances-francaise-de-la-semaine\/#breadcrumb","itemListElement":[{"@type":"ListItem","position":1,"name":"Accueil","item":"https:\/\/dicodusport.fr\/blog\/"},{"@type":"ListItem","position":2,"name":"Athl\u00e9tisme : Le Clezio, Guillaume, Collet, le r\u00e9sum\u00e9 des performances fran\u00e7aise de la semaine"}]},{"@type":"WebSite","@id":"https:\/\/dicodusport.fr\/blog\/#website","url":"https:\/\/dicodusport.fr\/blog\/","name":"Dicodusport","description":"L&#039;encyclop\u00e9die de l&#039;actualit\u00e9 sportive","publisher":{"@id":"https:\/\/dicodusport.fr\/blog\/#organization"},"potentialAction":[{"@type":"SearchAction","target":{"@type":"EntryPoint","urlTemplate":"https:\/\/dicodusport.fr\/blog\/?s={search_term_string}"},"query-input":{"@type":"PropertyValueSpecification","valueRequired":true,"valueName":"search_term_string"}}],"inLanguage":"fr-FR"},{"@type":"NewsMediaOrganization","@id":"https:\/\/dicodusport.fr\/blog\/#organization","name":"Dicodusport","url":"https:\/\/dicodusport.fr\/blog\/","logo":{"@type":"ImageObject","inLanguage":"fr-FR","@id":"https:\/\/dicodusport.fr\/blog\/#\/schema\/logo\/image\/","url":"https:\/\/dicodusport.fr\/blog\/wp-content\/uploads\/2020\/06\/cropped-LOGO-DICODUSPORT-2020-SANS-FOND-SANS-TEXTE.png","contentUrl":"https:\/\/dicodusport.fr\/blog\/wp-content\/uploads\/2020\/06\/cropped-LOGO-DICODUSPORT-2020-SANS-FOND-SANS-TEXTE.png","width":512,"height":512,"caption":"Dicodusport"},"image":{"@id":"https:\/\/dicodusport.fr\/blog\/#\/schema\/logo\/image\/"},"sameAs":["https:\/\/www.facebook.com\/dicodusport","https:\/\/x.com\/dicodusport","https:\/\/www.instagram.com\/dicodusport\/","https:\/\/www.youtube.com\/channel\/UC7V2KZ5sd3htJivAbA4ZG3w"],"description":"Dicodusport est l'encyclop\u00e9die de l'actualit\u00e9 sportive.","email":"bonjour@dicodusport.fr","legalName":"DICODUSPORT","foundingDate":"2018-01-14","vatID":"FR71834470973","taxID":"83447097300043","numberOfEmployees":{"@type":"QuantitativeValue","minValue":"1","maxValue":"10"}},{"@type":"Person","@id":"https:\/\/dicodusport.fr\/blog\/#\/schema\/person\/d603dd7da31fb2b46c82b9835a77ec13","name":"Etienne Goursaud","image":{"@type":"ImageObject","inLanguage":"fr-FR","@id":"https:\/\/dicodusport.fr\/blog\/#\/schema\/person\/image\/","url":"https:\/\/dicodusport.fr\/blog\/wp-content\/uploads\/2023\/12\/410122264_10231602061736049_5565839791558026645_n-150x150.jpg","contentUrl":"https:\/\/dicodusport.fr\/blog\/wp-content\/uploads\/2023\/12\/410122264_10231602061736049_5565839791558026645_n-150x150.jpg","caption":"Etienne Goursaud"},"description":"Journaliste et amoureux de sport. Ancien footballeur reconverti athl\u00e8te quand ses muscles le laissent tranquille. \u00c9lev\u00e9 \u00e0 la sauce des exploits de Thomas Voeckler en 2004, du dernier essai de l\u00e9gende de Eunice Barber \u00e0 la longueur lors des championnats du monde d'athl\u00e9tisme de 2003 mais aussi Zidane, Omeyer et Titou Lamaison.","url":"https:\/\/dicodusport.fr\/blog\/author\/etienne-goursaud\/"}]}},"_links":{"self":[{"href":"https:\/\/dicodusport.fr\/blog\/wp-json\/wp\/v2\/posts\/495215","targetHints":{"allow":["GET"]}}],"collection":[{"href":"https:\/\/dicodusport.fr\/blog\/wp-json\/wp\/v2\/posts"}],"about":[{"href":"https:\/\/dicodusport.fr\/blog\/wp-json\/wp\/v2\/types\/post"}],"author":[{"embeddable":true,"href":"https:\/\/dicodusport.fr\/blog\/wp-json\/wp\/v2\/users\/83"}],"replies":[{"embeddable":true,"href":"https:\/\/dicodusport.fr\/blog\/wp-json\/wp\/v2\/comments?post=495215"}],"version-history":[{"count":5,"href":"https:\/\/dicodusport.fr\/blog\/wp-json\/wp\/v2\/posts\/495215\/revisions"}],"predecessor-version":[{"id":495308,"href":"https:\/\/dicodusport.fr\/blog\/wp-json\/wp\/v2\/posts\/495215\/revisions\/495308"}],"wp:featuredmedia":[{"embeddable":true,"href":"https:\/\/dicodusport.fr\/blog\/wp-json\/wp\/v2\/media\/495243"}],"wp:attachment":[{"href":"https:\/\/dicodusport.fr\/blog\/wp-json\/wp\/v2\/media?parent=495215"}],"wp:term":[{"taxonomy":"category","embeddable":true,"href":"https:\/\/dicodusport.fr\/blog\/wp-json\/wp\/v2\/categories?post=495215"},{"taxonomy":"post_tag","embeddable":true,"href":"https:\/\/dicodusport.fr\/blog\/wp-json\/wp\/v2\/tags?post=495215"}],"curies":[{"name":"wp","href":"https:\/\/api.w.org\/{rel}","templated":true}]}}