{"id":495498,"date":"2024-06-25T15:54:46","date_gmt":"2024-06-25T13:54:46","guid":{"rendered":"https:\/\/dicodusport.fr\/blog\/?p=495498&#038;preview=true&#038;preview_id=495498"},"modified":"2024-06-25T16:11:41","modified_gmt":"2024-06-25T14:11:41","slug":"transferts-oyonnax-annonce-2-recrues-etrangeres","status":"publish","type":"post","link":"https:\/\/dicodusport.fr\/blog\/transferts-oyonnax-annonce-2-recrues-etrangeres\/","title":{"rendered":"Transferts : Oyonnax annonce 2 recrues \u00e9trang\u00e8res"},"content":{"rendered":"<p style=\"text-align: justify;\"><strong><em>RUGBY \u00c0 XV &#8211; Oyonnax, tout juste rel\u00e9gu\u00e9 en Pro D2, a annonc\u00e9 les signatures d&rsquo;Oli Kebble et de Chris Smith pour les deux prochaines saisons.\u00a0<\/em><\/strong><\/p>\n<p style=\"text-align: justify;\">Le club de l&rsquo;<strong>Ain<\/strong> n&rsquo;a pas tenu la cadence en <strong>Top<\/strong> <strong>14<\/strong> malgr\u00e9 un d\u00e9but de saison int\u00e9ressant. <strong>Oyonnax<\/strong> fait une nouvelle fois l&rsquo;ascenseur et va devoir de nouveau reconstruire pour tenter de retrouver le Top 14 dans les ann\u00e9es \u00e0 venir. Plusieurs cadres vont quitter le club cet \u00e9t\u00e9 et doivent \u00eatre remplac\u00e9s.<\/p>\n<ul style=\"text-align: justify;\">\n<li><strong>\u00c0 ce sujet &#8211; <a href=\"https:\/\/dicodusport.fr\/blog\/transferts-rugby-nolann-le-garrec-harry-williams-sam-matavesi-les-infos-du-lundi-24-juin\/\" target=\"_blank\" rel=\"noopener\">Transferts Rugby : Nolann Le Garrec, Harry Williams, Sam Matavesi, les infos du lundi 24 juin<\/a><\/strong><\/li>\n<\/ul>\n<h2 style=\"text-align: justify;\">Oyonnax signe Oli Kebble et de Chris Smith<\/h2>\n<p style=\"text-align: justify;\"><strong>Domingo<\/strong> <strong>Miotti<\/strong> s&rsquo;en va au <strong>Montpellier<\/strong> <strong>HR<\/strong> et <strong>Oyonnax<\/strong> s&rsquo;\u00e9tait donc mis en qu\u00eate d&rsquo;un nouvel ouvreur. La formation de Pro D2 a annonc\u00e9 la signature de <strong>Chis Smith<\/strong> jusqu&rsquo;en juin 2026. L&rsquo;ouvreur sud-africain a fait toute sa carri\u00e8re chez les Bulls. Il y a quelques jours, il est entr\u00e9 en jeu lors de la finale de l&rsquo;United Rugby Championship perdue par son \u00e9quipe. \u00c0 29 ans, il a une belle exp\u00e9rience du haut niveau.<\/p>\n<p style=\"text-align: justify;\">L&rsquo;autre recrue a, elle, remport\u00e9 l&rsquo;URC, il y a quelques joueurs puisqu&rsquo;elle \u00e9voluait au sein des Glasgow Warriors. <strong>Oli<\/strong> <strong>Kebble<\/strong>, pilier gauche sud africain, mais international \u00e9cossais, s&rsquo;est engag\u00e9 avec <strong>Oyonnax<\/strong> pour deux saisons. Tout juste sacr\u00e9, il va apporter son exp\u00e9rience au paquet d&rsquo;avants des Oyomens.<\/p>\n<blockquote class=\"twitter-tweet\">\n<p dir=\"ltr\" lang=\"fr\">\u270d\ufe0f \ud835\udde5\ud835\uddd8\ud835\uddd6\ud835\udde5\ud835\udde8\ud835\udde7\ud835\uddd8\ud835\udde0\ud835\uddd8\ud835\udde1\ud835\udde7 I Avec \u0299\u1d05\u1d0f \u1d00\u1d20\u1d0f\u1d04\u1d00\u1d1b\ua731, nous avons le plaisir de vous annoncer le recrutement \u00e0 partir de la saison 2024-2025 du demi d&rsquo;ouverture \ud835\uddd6\ud835\uddf5\ud835\uddff\ud835\uddf6\ud835\ude00 \ud835\udde6\ud835\udde0\ud835\udddc\ud835\udde7\ud835\udddb, en provenance des <a href=\"https:\/\/twitter.com\/BlueBullsRugby?ref_src=twsrc%5Etfw\">@BlueBullsRugby<\/a> et ce pour une dur\u00e9e de 2 ans, soit jusqu&rsquo;en \ud835\udfee\ud835\udfec\ud835\udfee\ud835\udff2. <a href=\"https:\/\/t.co\/L4Bfjykllk\">https:\/\/t.co\/L4Bfjykllk<\/a><\/p>\n<p>\u2014 Oyonnax Rugby (@OyonnaxRugby) <a href=\"https:\/\/twitter.com\/OyonnaxRugby\/status\/1805591721528463784?ref_src=twsrc%5Etfw\">June 25, 2024<\/a><\/p><\/blockquote>\n<p style=\"text-align: justify;\"><script async src=\"https:\/\/platform.twitter.com\/widgets.js\" charset=\"utf-8\"><\/script><\/p>\n","protected":false},"excerpt":{"rendered":"<p>RUGBY \u00c0 XV &#8211; Oyonnax, tout juste rel\u00e9gu\u00e9 en Pro D2, a annonc\u00e9 les signatures d&rsquo;Oli Kebble et de Chris Smith pour les deux prochaines saisons.\u00a0<\/p>\n","protected":false},"author":1,"featured_media":495502,"comment_status":"open","ping_status":"closed","sticky":false,"template":"","format":"standard","meta":{"_acf_changed":false,"_daextam_enable_autolinks":"1","footnotes":""},"categories":[9129],"tags":[16878,2386,4463],"class_list":["post-495498","post","type-post","status-publish","format-standard","has-post-thumbnail","hentry","category-rugby-a-xv","tag-breve","tag-oyonnax","tag-us-oyonnax"],"acf":[],"yoast_head":"<!-- This site is optimized with the Yoast SEO Premium plugin v26.7 (Yoast SEO v26.7) - https:\/\/yoast.com\/wordpress\/plugins\/seo\/ -->\n<title>Transferts : Oyonnax annonce 2 recrues \u00e9trang\u00e8res<\/title>\n<meta name=\"description\" content=\"RUGBY \u00c0 XV - Oyonnax, tout juste rel\u00e9gu\u00e9 en Pro D2, a annonc\u00e9 les signatures d&#039;Oli Kebble et de Chris Smith pour les deux prochaines saisons.\u00a0\" \/>\n<meta name=\"robots\" content=\"index, follow, max-snippet:-1, max-image-preview:large, max-video-preview:-1\" \/>\n<link rel=\"canonical\" href=\"https:\/\/dicodusport.fr\/blog\/transferts-oyonnax-annonce-2-recrues-etrangeres\/\" \/>\n<meta property=\"og:locale\" content=\"fr_FR\" \/>\n<meta property=\"og:type\" content=\"article\" \/>\n<meta property=\"og:title\" content=\"Transferts : Oyonnax annonce 2 recrues \u00e9trang\u00e8res\" \/>\n<meta property=\"og:description\" content=\"RUGBY \u00c0 XV - Oyonnax, tout juste rel\u00e9gu\u00e9 en Pro D2, a annonc\u00e9 les signatures d&#039;Oli Kebble et de Chris Smith pour les deux prochaines saisons.\u00a0\" \/>\n<meta property=\"og:url\" content=\"https:\/\/dicodusport.fr\/blog\/transferts-oyonnax-annonce-2-recrues-etrangeres\/\" \/>\n<meta property=\"og:site_name\" content=\"Dicodusport\" \/>\n<meta property=\"article:publisher\" content=\"https:\/\/www.facebook.com\/dicodusport\" \/>\n<meta property=\"article:author\" content=\"https:\/\/www.facebook.com\/dicodusport\" \/>\n<meta property=\"article:published_time\" content=\"2024-06-25T13:54:46+00:00\" \/>\n<meta property=\"article:modified_time\" content=\"2024-06-25T14:11:41+00:00\" \/>\n<meta property=\"og:image\" content=\"https:\/\/dicodusport.fr\/blog\/wp-content\/uploads\/2024\/06\/Transferts-LEcossais-Oli-Kebble-signe-en-Pro-D2.png\" \/>\n\t<meta property=\"og:image:width\" content=\"1200\" \/>\n\t<meta property=\"og:image:height\" content=\"674\" \/>\n\t<meta property=\"og:image:type\" content=\"image\/png\" \/>\n<meta name=\"author\" content=\"Nicolas Jacquemard\" \/>\n<meta name=\"twitter:card\" content=\"summary_large_image\" \/>\n<meta name=\"twitter:title\" content=\"Transferts : Oyonnax annonce 2 recrues \u00e9trang\u00e8res\" \/>\n<meta name=\"twitter:creator\" content=\"@https:\/\/twitter.com\/Nico_Jacquemard\" \/>\n<meta name=\"twitter:site\" content=\"@dicodusport\" \/>\n<script type=\"application\/ld+json\" class=\"yoast-schema-graph\">{\"@context\":\"https:\/\/schema.org\",\"@graph\":[{\"@type\":\"NewsArticle\",\"@id\":\"https:\/\/dicodusport.fr\/blog\/transferts-oyonnax-annonce-2-recrues-etrangeres\/#article\",\"isPartOf\":{\"@id\":\"https:\/\/dicodusport.fr\/blog\/transferts-oyonnax-annonce-2-recrues-etrangeres\/\"},\"author\":{\"name\":\"Nicolas Jacquemard\",\"@id\":\"https:\/\/dicodusport.fr\/blog\/#\/schema\/person\/55dcb50ad410894e431ed812bbb70191\"},\"headline\":\"Transferts : Oyonnax annonce 2 recrues \u00e9trang\u00e8res\",\"datePublished\":\"2024-06-25T13:54:46+00:00\",\"dateModified\":\"2024-06-25T14:11:41+00:00\",\"mainEntityOfPage\":{\"@id\":\"https:\/\/dicodusport.fr\/blog\/transferts-oyonnax-annonce-2-recrues-etrangeres\/\"},\"wordCount\":294,\"commentCount\":0,\"publisher\":{\"@id\":\"https:\/\/dicodusport.fr\/blog\/#organization\"},\"image\":{\"@id\":\"https:\/\/dicodusport.fr\/blog\/transferts-oyonnax-annonce-2-recrues-etrangeres\/#primaryimage\"},\"thumbnailUrl\":\"https:\/\/dicodusport.fr\/blog\/wp-content\/uploads\/2024\/06\/Transferts-LEcossais-Oli-Kebble-signe-en-Pro-D2.png\",\"keywords\":[\"br\u00e8ve\",\"Oyonnax\",\"US Oyonnax\"],\"articleSection\":[\"Rugby \u00e0 XV\"],\"inLanguage\":\"fr-FR\",\"potentialAction\":[{\"@type\":\"CommentAction\",\"name\":\"Comment\",\"target\":[\"https:\/\/dicodusport.fr\/blog\/transferts-oyonnax-annonce-2-recrues-etrangeres\/#respond\"]}],\"copyrightYear\":\"2024\",\"copyrightHolder\":{\"@id\":\"https:\/\/dicodusport.fr\/blog\/#organization\"}},{\"@type\":\"WebPage\",\"@id\":\"https:\/\/dicodusport.fr\/blog\/transferts-oyonnax-annonce-2-recrues-etrangeres\/\",\"url\":\"https:\/\/dicodusport.fr\/blog\/transferts-oyonnax-annonce-2-recrues-etrangeres\/\",\"name\":\"Transferts : Oyonnax annonce 2 recrues \u00e9trang\u00e8res\",\"isPartOf\":{\"@id\":\"https:\/\/dicodusport.fr\/blog\/#website\"},\"primaryImageOfPage\":{\"@id\":\"https:\/\/dicodusport.fr\/blog\/transferts-oyonnax-annonce-2-recrues-etrangeres\/#primaryimage\"},\"image\":{\"@id\":\"https:\/\/dicodusport.fr\/blog\/transferts-oyonnax-annonce-2-recrues-etrangeres\/#primaryimage\"},\"thumbnailUrl\":\"https:\/\/dicodusport.fr\/blog\/wp-content\/uploads\/2024\/06\/Transferts-LEcossais-Oli-Kebble-signe-en-Pro-D2.png\",\"datePublished\":\"2024-06-25T13:54:46+00:00\",\"dateModified\":\"2024-06-25T14:11:41+00:00\",\"description\":\"RUGBY \u00c0 XV - Oyonnax, tout juste rel\u00e9gu\u00e9 en Pro D2, a annonc\u00e9 les signatures d'Oli Kebble et de Chris Smith pour les deux prochaines saisons.\u00a0\",\"breadcrumb\":{\"@id\":\"https:\/\/dicodusport.fr\/blog\/transferts-oyonnax-annonce-2-recrues-etrangeres\/#breadcrumb\"},\"inLanguage\":\"fr-FR\",\"potentialAction\":[{\"@type\":\"ReadAction\",\"target\":[\"https:\/\/dicodusport.fr\/blog\/transferts-oyonnax-annonce-2-recrues-etrangeres\/\"]}]},{\"@type\":\"ImageObject\",\"inLanguage\":\"fr-FR\",\"@id\":\"https:\/\/dicodusport.fr\/blog\/transferts-oyonnax-annonce-2-recrues-etrangeres\/#primaryimage\",\"url\":\"https:\/\/dicodusport.fr\/blog\/wp-content\/uploads\/2024\/06\/Transferts-LEcossais-Oli-Kebble-signe-en-Pro-D2.png\",\"contentUrl\":\"https:\/\/dicodusport.fr\/blog\/wp-content\/uploads\/2024\/06\/Transferts-LEcossais-Oli-Kebble-signe-en-Pro-D2.png\",\"width\":1200,\"height\":674},{\"@type\":\"BreadcrumbList\",\"@id\":\"https:\/\/dicodusport.fr\/blog\/transferts-oyonnax-annonce-2-recrues-etrangeres\/#breadcrumb\",\"itemListElement\":[{\"@type\":\"ListItem\",\"position\":1,\"name\":\"Accueil\",\"item\":\"https:\/\/dicodusport.fr\/blog\/\"},{\"@type\":\"ListItem\",\"position\":2,\"name\":\"Transferts : Oyonnax annonce 2 recrues \u00e9trang\u00e8res\"}]},{\"@type\":\"WebSite\",\"@id\":\"https:\/\/dicodusport.fr\/blog\/#website\",\"url\":\"https:\/\/dicodusport.fr\/blog\/\",\"name\":\"Dicodusport\",\"description\":\"L&#039;encyclop\u00e9die de l&#039;actualit\u00e9 sportive\",\"publisher\":{\"@id\":\"https:\/\/dicodusport.fr\/blog\/#organization\"},\"potentialAction\":[{\"@type\":\"SearchAction\",\"target\":{\"@type\":\"EntryPoint\",\"urlTemplate\":\"https:\/\/dicodusport.fr\/blog\/?s={search_term_string}\"},\"query-input\":{\"@type\":\"PropertyValueSpecification\",\"valueRequired\":true,\"valueName\":\"search_term_string\"}}],\"inLanguage\":\"fr-FR\"},{\"@type\":\"NewsMediaOrganization\",\"@id\":\"https:\/\/dicodusport.fr\/blog\/#organization\",\"name\":\"Dicodusport\",\"url\":\"https:\/\/dicodusport.fr\/blog\/\",\"logo\":{\"@type\":\"ImageObject\",\"inLanguage\":\"fr-FR\",\"@id\":\"https:\/\/dicodusport.fr\/blog\/#\/schema\/logo\/image\/\",\"url\":\"https:\/\/dicodusport.fr\/blog\/wp-content\/uploads\/2020\/06\/cropped-LOGO-DICODUSPORT-2020-SANS-FOND-SANS-TEXTE.png\",\"contentUrl\":\"https:\/\/dicodusport.fr\/blog\/wp-content\/uploads\/2020\/06\/cropped-LOGO-DICODUSPORT-2020-SANS-FOND-SANS-TEXTE.png\",\"width\":512,\"height\":512,\"caption\":\"Dicodusport\"},\"image\":{\"@id\":\"https:\/\/dicodusport.fr\/blog\/#\/schema\/logo\/image\/\"},\"sameAs\":[\"https:\/\/www.facebook.com\/dicodusport\",\"https:\/\/x.com\/dicodusport\",\"https:\/\/www.instagram.com\/dicodusport\/\",\"https:\/\/www.youtube.com\/channel\/UC7V2KZ5sd3htJivAbA4ZG3w\"],\"description\":\"Dicodusport est l'encyclop\u00e9die de l'actualit\u00e9 sportive.\",\"email\":\"bonjour@dicodusport.fr\",\"legalName\":\"DICODUSPORT\",\"foundingDate\":\"2018-01-14\",\"vatID\":\"FR71834470973\",\"taxID\":\"83447097300043\",\"numberOfEmployees\":{\"@type\":\"QuantitativeValue\",\"minValue\":\"1\",\"maxValue\":\"10\"}},{\"@type\":\"Person\",\"@id\":\"https:\/\/dicodusport.fr\/blog\/#\/schema\/person\/55dcb50ad410894e431ed812bbb70191\",\"name\":\"Nicolas Jacquemard\",\"image\":{\"@type\":\"ImageObject\",\"inLanguage\":\"fr-FR\",\"@id\":\"https:\/\/dicodusport.fr\/blog\/#\/schema\/person\/image\/\",\"url\":\"https:\/\/dicodusport.fr\/blog\/wp-content\/uploads\/2021\/05\/Nicolas-Jacquemard-150x150.jpeg\",\"contentUrl\":\"https:\/\/dicodusport.fr\/blog\/wp-content\/uploads\/2021\/05\/Nicolas-Jacquemard-150x150.jpeg\",\"caption\":\"Nicolas Jacquemard\"},\"description\":\"Passionn\u00e9 de sport et entrepreneur depuis mes 18 ans, la cr\u00e9ation de Dicodusport m'a sembl\u00e9 \u00e9vidente pour participer \u00e0 la m\u00e9diatisation d'un plus grand nombre de sports. Le chemin est long mais avec une \u00e9quipe des plus motiv\u00e9es et les Jeux Olympiques de Paris 2024 en point de mire, nous y arriverons ! Journaliste dans le monde du sport depuis plus de 5 ans, je traite aussi bien de football, de rugby, de biathlon que de cyclisme.\",\"sameAs\":[\"https:\/\/www.facebook.com\/dicodusport\",\"https:\/\/x.com\/https:\/\/twitter.com\/Nico_Jacquemard\"],\"url\":\"https:\/\/dicodusport.fr\/blog\/author\/dicodusport\/\"}]}<\/script>\n<!-- \/ Yoast SEO Premium plugin. -->","yoast_head_json":{"title":"Transferts : Oyonnax annonce 2 recrues \u00e9trang\u00e8res","description":"RUGBY \u00c0 XV - Oyonnax, tout juste rel\u00e9gu\u00e9 en Pro D2, a annonc\u00e9 les signatures d'Oli Kebble et de Chris Smith pour les deux prochaines saisons.\u00a0","robots":{"index":"index","follow":"follow","max-snippet":"max-snippet:-1","max-image-preview":"max-image-preview:large","max-video-preview":"max-video-preview:-1"},"canonical":"https:\/\/dicodusport.fr\/blog\/transferts-oyonnax-annonce-2-recrues-etrangeres\/","og_locale":"fr_FR","og_type":"article","og_title":"Transferts : Oyonnax annonce 2 recrues \u00e9trang\u00e8res","og_description":"RUGBY \u00c0 XV - Oyonnax, tout juste rel\u00e9gu\u00e9 en Pro D2, a annonc\u00e9 les signatures d'Oli Kebble et de Chris Smith pour les deux prochaines saisons.\u00a0","og_url":"https:\/\/dicodusport.fr\/blog\/transferts-oyonnax-annonce-2-recrues-etrangeres\/","og_site_name":"Dicodusport","article_publisher":"https:\/\/www.facebook.com\/dicodusport","article_author":"https:\/\/www.facebook.com\/dicodusport","article_published_time":"2024-06-25T13:54:46+00:00","article_modified_time":"2024-06-25T14:11:41+00:00","og_image":[{"width":1200,"height":674,"url":"https:\/\/dicodusport.fr\/blog\/wp-content\/uploads\/2024\/06\/Transferts-LEcossais-Oli-Kebble-signe-en-Pro-D2.png","type":"image\/png"}],"author":"Nicolas Jacquemard","twitter_card":"summary_large_image","twitter_title":"Transferts : Oyonnax annonce 2 recrues \u00e9trang\u00e8res","twitter_creator":"@https:\/\/twitter.com\/Nico_Jacquemard","twitter_site":"@dicodusport","schema":{"@context":"https:\/\/schema.org","@graph":[{"@type":"NewsArticle","@id":"https:\/\/dicodusport.fr\/blog\/transferts-oyonnax-annonce-2-recrues-etrangeres\/#article","isPartOf":{"@id":"https:\/\/dicodusport.fr\/blog\/transferts-oyonnax-annonce-2-recrues-etrangeres\/"},"author":{"name":"Nicolas Jacquemard","@id":"https:\/\/dicodusport.fr\/blog\/#\/schema\/person\/55dcb50ad410894e431ed812bbb70191"},"headline":"Transferts : Oyonnax annonce 2 recrues \u00e9trang\u00e8res","datePublished":"2024-06-25T13:54:46+00:00","dateModified":"2024-06-25T14:11:41+00:00","mainEntityOfPage":{"@id":"https:\/\/dicodusport.fr\/blog\/transferts-oyonnax-annonce-2-recrues-etrangeres\/"},"wordCount":294,"commentCount":0,"publisher":{"@id":"https:\/\/dicodusport.fr\/blog\/#organization"},"image":{"@id":"https:\/\/dicodusport.fr\/blog\/transferts-oyonnax-annonce-2-recrues-etrangeres\/#primaryimage"},"thumbnailUrl":"https:\/\/dicodusport.fr\/blog\/wp-content\/uploads\/2024\/06\/Transferts-LEcossais-Oli-Kebble-signe-en-Pro-D2.png","keywords":["br\u00e8ve","Oyonnax","US Oyonnax"],"articleSection":["Rugby \u00e0 XV"],"inLanguage":"fr-FR","potentialAction":[{"@type":"CommentAction","name":"Comment","target":["https:\/\/dicodusport.fr\/blog\/transferts-oyonnax-annonce-2-recrues-etrangeres\/#respond"]}],"copyrightYear":"2024","copyrightHolder":{"@id":"https:\/\/dicodusport.fr\/blog\/#organization"}},{"@type":"WebPage","@id":"https:\/\/dicodusport.fr\/blog\/transferts-oyonnax-annonce-2-recrues-etrangeres\/","url":"https:\/\/dicodusport.fr\/blog\/transferts-oyonnax-annonce-2-recrues-etrangeres\/","name":"Transferts : Oyonnax annonce 2 recrues \u00e9trang\u00e8res","isPartOf":{"@id":"https:\/\/dicodusport.fr\/blog\/#website"},"primaryImageOfPage":{"@id":"https:\/\/dicodusport.fr\/blog\/transferts-oyonnax-annonce-2-recrues-etrangeres\/#primaryimage"},"image":{"@id":"https:\/\/dicodusport.fr\/blog\/transferts-oyonnax-annonce-2-recrues-etrangeres\/#primaryimage"},"thumbnailUrl":"https:\/\/dicodusport.fr\/blog\/wp-content\/uploads\/2024\/06\/Transferts-LEcossais-Oli-Kebble-signe-en-Pro-D2.png","datePublished":"2024-06-25T13:54:46+00:00","dateModified":"2024-06-25T14:11:41+00:00","description":"RUGBY \u00c0 XV - Oyonnax, tout juste rel\u00e9gu\u00e9 en Pro D2, a annonc\u00e9 les signatures d'Oli Kebble et de Chris Smith pour les deux prochaines saisons.\u00a0","breadcrumb":{"@id":"https:\/\/dicodusport.fr\/blog\/transferts-oyonnax-annonce-2-recrues-etrangeres\/#breadcrumb"},"inLanguage":"fr-FR","potentialAction":[{"@type":"ReadAction","target":["https:\/\/dicodusport.fr\/blog\/transferts-oyonnax-annonce-2-recrues-etrangeres\/"]}]},{"@type":"ImageObject","inLanguage":"fr-FR","@id":"https:\/\/dicodusport.fr\/blog\/transferts-oyonnax-annonce-2-recrues-etrangeres\/#primaryimage","url":"https:\/\/dicodusport.fr\/blog\/wp-content\/uploads\/2024\/06\/Transferts-LEcossais-Oli-Kebble-signe-en-Pro-D2.png","contentUrl":"https:\/\/dicodusport.fr\/blog\/wp-content\/uploads\/2024\/06\/Transferts-LEcossais-Oli-Kebble-signe-en-Pro-D2.png","width":1200,"height":674},{"@type":"BreadcrumbList","@id":"https:\/\/dicodusport.fr\/blog\/transferts-oyonnax-annonce-2-recrues-etrangeres\/#breadcrumb","itemListElement":[{"@type":"ListItem","position":1,"name":"Accueil","item":"https:\/\/dicodusport.fr\/blog\/"},{"@type":"ListItem","position":2,"name":"Transferts : Oyonnax annonce 2 recrues \u00e9trang\u00e8res"}]},{"@type":"WebSite","@id":"https:\/\/dicodusport.fr\/blog\/#website","url":"https:\/\/dicodusport.fr\/blog\/","name":"Dicodusport","description":"L&#039;encyclop\u00e9die de l&#039;actualit\u00e9 sportive","publisher":{"@id":"https:\/\/dicodusport.fr\/blog\/#organization"},"potentialAction":[{"@type":"SearchAction","target":{"@type":"EntryPoint","urlTemplate":"https:\/\/dicodusport.fr\/blog\/?s={search_term_string}"},"query-input":{"@type":"PropertyValueSpecification","valueRequired":true,"valueName":"search_term_string"}}],"inLanguage":"fr-FR"},{"@type":"NewsMediaOrganization","@id":"https:\/\/dicodusport.fr\/blog\/#organization","name":"Dicodusport","url":"https:\/\/dicodusport.fr\/blog\/","logo":{"@type":"ImageObject","inLanguage":"fr-FR","@id":"https:\/\/dicodusport.fr\/blog\/#\/schema\/logo\/image\/","url":"https:\/\/dicodusport.fr\/blog\/wp-content\/uploads\/2020\/06\/cropped-LOGO-DICODUSPORT-2020-SANS-FOND-SANS-TEXTE.png","contentUrl":"https:\/\/dicodusport.fr\/blog\/wp-content\/uploads\/2020\/06\/cropped-LOGO-DICODUSPORT-2020-SANS-FOND-SANS-TEXTE.png","width":512,"height":512,"caption":"Dicodusport"},"image":{"@id":"https:\/\/dicodusport.fr\/blog\/#\/schema\/logo\/image\/"},"sameAs":["https:\/\/www.facebook.com\/dicodusport","https:\/\/x.com\/dicodusport","https:\/\/www.instagram.com\/dicodusport\/","https:\/\/www.youtube.com\/channel\/UC7V2KZ5sd3htJivAbA4ZG3w"],"description":"Dicodusport est l'encyclop\u00e9die de l'actualit\u00e9 sportive.","email":"bonjour@dicodusport.fr","legalName":"DICODUSPORT","foundingDate":"2018-01-14","vatID":"FR71834470973","taxID":"83447097300043","numberOfEmployees":{"@type":"QuantitativeValue","minValue":"1","maxValue":"10"}},{"@type":"Person","@id":"https:\/\/dicodusport.fr\/blog\/#\/schema\/person\/55dcb50ad410894e431ed812bbb70191","name":"Nicolas Jacquemard","image":{"@type":"ImageObject","inLanguage":"fr-FR","@id":"https:\/\/dicodusport.fr\/blog\/#\/schema\/person\/image\/","url":"https:\/\/dicodusport.fr\/blog\/wp-content\/uploads\/2021\/05\/Nicolas-Jacquemard-150x150.jpeg","contentUrl":"https:\/\/dicodusport.fr\/blog\/wp-content\/uploads\/2021\/05\/Nicolas-Jacquemard-150x150.jpeg","caption":"Nicolas Jacquemard"},"description":"Passionn\u00e9 de sport et entrepreneur depuis mes 18 ans, la cr\u00e9ation de Dicodusport m'a sembl\u00e9 \u00e9vidente pour participer \u00e0 la m\u00e9diatisation d'un plus grand nombre de sports. Le chemin est long mais avec une \u00e9quipe des plus motiv\u00e9es et les Jeux Olympiques de Paris 2024 en point de mire, nous y arriverons ! Journaliste dans le monde du sport depuis plus de 5 ans, je traite aussi bien de football, de rugby, de biathlon que de cyclisme.","sameAs":["https:\/\/www.facebook.com\/dicodusport","https:\/\/x.com\/https:\/\/twitter.com\/Nico_Jacquemard"],"url":"https:\/\/dicodusport.fr\/blog\/author\/dicodusport\/"}]}},"_links":{"self":[{"href":"https:\/\/dicodusport.fr\/blog\/wp-json\/wp\/v2\/posts\/495498","targetHints":{"allow":["GET"]}}],"collection":[{"href":"https:\/\/dicodusport.fr\/blog\/wp-json\/wp\/v2\/posts"}],"about":[{"href":"https:\/\/dicodusport.fr\/blog\/wp-json\/wp\/v2\/types\/post"}],"author":[{"embeddable":true,"href":"https:\/\/dicodusport.fr\/blog\/wp-json\/wp\/v2\/users\/1"}],"replies":[{"embeddable":true,"href":"https:\/\/dicodusport.fr\/blog\/wp-json\/wp\/v2\/comments?post=495498"}],"version-history":[{"count":2,"href":"https:\/\/dicodusport.fr\/blog\/wp-json\/wp\/v2\/posts\/495498\/revisions"}],"predecessor-version":[{"id":495518,"href":"https:\/\/dicodusport.fr\/blog\/wp-json\/wp\/v2\/posts\/495498\/revisions\/495518"}],"wp:featuredmedia":[{"embeddable":true,"href":"https:\/\/dicodusport.fr\/blog\/wp-json\/wp\/v2\/media\/495502"}],"wp:attachment":[{"href":"https:\/\/dicodusport.fr\/blog\/wp-json\/wp\/v2\/media?parent=495498"}],"wp:term":[{"taxonomy":"category","embeddable":true,"href":"https:\/\/dicodusport.fr\/blog\/wp-json\/wp\/v2\/categories?post=495498"},{"taxonomy":"post_tag","embeddable":true,"href":"https:\/\/dicodusport.fr\/blog\/wp-json\/wp\/v2\/tags?post=495498"}],"curies":[{"name":"wp","href":"https:\/\/api.w.org\/{rel}","templated":true}]}}