{"id":495910,"date":"2024-06-27T10:30:07","date_gmt":"2024-06-27T08:30:07","guid":{"rendered":"https:\/\/dicodusport.fr\/blog\/?p=495910&#038;preview=true&#038;preview_id=495910"},"modified":"2024-06-27T10:46:28","modified_gmt":"2024-06-27T08:46:28","slug":"formule-1-pierre-gasly-prolonge-laventure-sur-le-long-terme-avec-alpine","status":"publish","type":"post","link":"https:\/\/dicodusport.fr\/blog\/formule-1-pierre-gasly-prolonge-laventure-sur-le-long-terme-avec-alpine\/","title":{"rendered":"Formule 1 : Pierre Gasly prolonge l&rsquo;aventure sur le long terme avec Alpine"},"content":{"rendered":"<p style=\"text-align: justify;\"><em><b>FORMULE 1 &#8211; Les contours du line-up d&rsquo;Alpine pour l&rsquo;avenir se dessinent. Comme attendu, le pilote fran\u00e7ais Pierre Gasly a confirm\u00e9 la prolongation de son contrat sur plusieurs saisons ce jeudi matin.<\/b><\/em><\/p>\n<ul>\n<li style=\"text-align: justify;\"><strong>\u00c0 ce sujet \u2013\u00a0<a href=\"https:\/\/dicodusport.fr\/blog\/f1-classement-championnat-du-monde-des-pilotes-2024\/\">F1 2024 \u2013 Classement Championnat du monde des pilotes<\/a><\/strong><\/li>\n<li style=\"text-align: justify;\"><strong>\u00c0 ce sujet \u2013\u00a0<a href=\"https:\/\/dicodusport.fr\/blog\/f1-classement-championnat-du-monde-des-constructeurs-2024\/\">F1 2024 \u2013 Classement Championnat du monde des constructeurs<\/a><\/strong><\/li>\n<\/ul>\n<p style=\"text-align: justify;\">Les grandes man\u0153uvres ont \u00e9t\u00e9 enclench\u00e9es chez <strong>Alpine<\/strong>, et les pi\u00e8ces du puzzle commencent \u00e0 se mettre en place. Apr\u00e8s l&rsquo;annonce du <a href=\"https:\/\/dicodusport.fr\/blog\/formule-1-esteban-ocon-va-quitter-alpine-a-la-fin-de-la-saison\/\">futur d\u00e9part d&rsquo;Esteban Ocon<\/a> ou encore le grand retour de Flavio Briatore dans l&rsquo;entourage du constructeur fran\u00e7ais, c&rsquo;est d\u00e9sormais au tour de <strong>Pierre Gasly<\/strong> d&rsquo;\u00eatre concern\u00e9.<\/p>\n<p style=\"text-align: justify;\">Comme cela \u00e9tait pr\u00e9vu, le pilote fran\u00e7ais a sign\u00e9 <strong>un nouveau bail de plusieurs ann\u00e9es<\/strong> avec l&rsquo;\u00e9curie, sans que la dur\u00e9e pr\u00e9cise soit pour le moment d\u00e9taill\u00e9e. Vainqueur d&rsquo;un Grand Prix en 2020 avec AlphaTauri, Gasly court toujours apr\u00e8s un nouveau succ\u00e8s. Chez Alpine depuis la saison derni\u00e8re, il compte un seul podium acquis rapidement \u00e0 <strong>Zandvoort<\/strong> avant que la monoplace ne glisse inexorablement en fond de grille. Dor\u00e9navant, il faut esp\u00e9rer qu&rsquo;Alpine parviendra \u00e0 redresser la barre apr\u00e8s de longs mois de remue-m\u00e9nage interne. Les changements apport\u00e9s vont dans ce sens. Il reste d\u00e9sormais un autre pilote \u00e0 trouver pour compl\u00e9ter le duo. <strong>Carlos Sainz<\/strong> a les faveurs de la direction, mais l&rsquo;Espagnol sera-t-il s\u00e9duit par le projet ? Affaire \u00e0 suivre.<\/p>\n<blockquote class=\"twitter-tweet\">\n<p dir=\"ltr\" lang=\"en\">SIGNED. \u270d\ufe0fThe story continues. Very proud to announce I have signed a new contract with <a href=\"https:\/\/twitter.com\/AlpineF1Team?ref_src=twsrc%5Etfw\">@AlpineF1Team<\/a> to continue our journey together and reach our common ambitions in Formula 1. Lot of work ahead of us, but I\u2019m more motivated than ever to deliver my absolute best to the team.\u2026<\/p>\n<p>\u2014 PIERRE GASLY \ud83c\uddeb\ud83c\uddf7 (@PierreGASLY) <a href=\"https:\/\/twitter.com\/PierreGASLY\/status\/1806239362612367701?ref_src=twsrc%5Etfw\">June 27, 2024<\/a><\/p><\/blockquote>\n<p><script async src=\"https:\/\/platform.twitter.com\/widgets.js\" charset=\"utf-8\"><\/script><\/p>\n","protected":false},"excerpt":{"rendered":"<p>FORMULE 1 &#8211; Les contours du line-up d&rsquo;Alpine pour l&rsquo;avenir se dessinent. Comme attendu, le pilote fran\u00e7ais Pierre Gasly a confirm\u00e9 la prolongation de son contrat sur plusieurs saisons ce jeudi matin.<\/p>\n","protected":false},"author":55,"featured_media":495915,"comment_status":"open","ping_status":"closed","sticky":false,"template":"","format":"standard","meta":{"_acf_changed":false,"_daextam_enable_autolinks":"1","footnotes":""},"categories":[8653],"tags":[11586,16878,2065,4216],"class_list":["post-495910","post","type-post","status-publish","format-standard","has-post-thumbnail","hentry","category-formule-1","tag-alpine","tag-breve","tag-formule-1","tag-pierre-gasly"],"acf":[],"yoast_head":"<!-- This site is optimized with the Yoast SEO Premium plugin v26.7 (Yoast SEO v26.7) - https:\/\/yoast.com\/wordpress\/plugins\/seo\/ -->\n<title>Formule 1 : Pierre Gasly prolonge l&#039;aventure sur le long terme avec Alpine<\/title>\n<meta name=\"description\" content=\"FORMULE 1 - Pierre Gasly a sign\u00e9 un nouveau contrat pluriannuel avec l&#039;\u00e9curie fran\u00e7aise Alpine ce jeudi matin.\" \/>\n<meta name=\"robots\" content=\"index, follow, max-snippet:-1, max-image-preview:large, max-video-preview:-1\" \/>\n<link rel=\"canonical\" href=\"https:\/\/dicodusport.fr\/blog\/formule-1-pierre-gasly-prolonge-laventure-sur-le-long-terme-avec-alpine\/\" \/>\n<meta property=\"og:locale\" content=\"fr_FR\" \/>\n<meta property=\"og:type\" content=\"article\" \/>\n<meta property=\"og:title\" content=\"Formule 1 : Pierre Gasly prolonge l&#039;aventure sur le long terme avec Alpine\" \/>\n<meta property=\"og:description\" content=\"FORMULE 1 - Pierre Gasly a sign\u00e9 un nouveau contrat pluriannuel avec l&#039;\u00e9curie fran\u00e7aise Alpine ce jeudi matin.\" \/>\n<meta property=\"og:url\" content=\"https:\/\/dicodusport.fr\/blog\/formule-1-pierre-gasly-prolonge-laventure-sur-le-long-terme-avec-alpine\/\" \/>\n<meta property=\"og:site_name\" content=\"Dicodusport\" \/>\n<meta property=\"article:publisher\" content=\"https:\/\/www.facebook.com\/dicodusport\" \/>\n<meta property=\"article:published_time\" content=\"2024-06-27T08:30:07+00:00\" \/>\n<meta property=\"article:modified_time\" content=\"2024-06-27T08:46:28+00:00\" \/>\n<meta property=\"og:image\" content=\"https:\/\/dicodusport.fr\/blog\/wp-content\/uploads\/2024\/06\/Formule-1-Pierre-Gasly-prolonge-laventure-sur-le-long-terme-avec-Alpine.png\" \/>\n\t<meta property=\"og:image:width\" content=\"1200\" \/>\n\t<meta property=\"og:image:height\" content=\"674\" \/>\n\t<meta property=\"og:image:type\" content=\"image\/png\" \/>\n<meta name=\"author\" content=\"Maxime Cazenave\" \/>\n<meta name=\"twitter:card\" content=\"summary_large_image\" \/>\n<meta name=\"twitter:title\" content=\"Formule 1 : Pierre Gasly prolonge l&#039;aventure sur le long terme avec Alpine\" \/>\n<meta name=\"twitter:creator\" content=\"@https:\/\/twitter.com\/Maxime_Caze\" \/>\n<meta name=\"twitter:site\" content=\"@dicodusport\" \/>\n<script type=\"application\/ld+json\" class=\"yoast-schema-graph\">{\"@context\":\"https:\/\/schema.org\",\"@graph\":[{\"@type\":\"NewsArticle\",\"@id\":\"https:\/\/dicodusport.fr\/blog\/formule-1-pierre-gasly-prolonge-laventure-sur-le-long-terme-avec-alpine\/#article\",\"isPartOf\":{\"@id\":\"https:\/\/dicodusport.fr\/blog\/formule-1-pierre-gasly-prolonge-laventure-sur-le-long-terme-avec-alpine\/\"},\"author\":{\"name\":\"Maxime Cazenave\",\"@id\":\"https:\/\/dicodusport.fr\/blog\/#\/schema\/person\/37def232098a7a5cbab3974a3690abb0\"},\"headline\":\"Formule 1 : Pierre Gasly prolonge l&rsquo;aventure sur le long terme avec Alpine\",\"datePublished\":\"2024-06-27T08:30:07+00:00\",\"dateModified\":\"2024-06-27T08:46:28+00:00\",\"mainEntityOfPage\":{\"@id\":\"https:\/\/dicodusport.fr\/blog\/formule-1-pierre-gasly-prolonge-laventure-sur-le-long-terme-avec-alpine\/\"},\"wordCount\":316,\"commentCount\":0,\"publisher\":{\"@id\":\"https:\/\/dicodusport.fr\/blog\/#organization\"},\"image\":{\"@id\":\"https:\/\/dicodusport.fr\/blog\/formule-1-pierre-gasly-prolonge-laventure-sur-le-long-terme-avec-alpine\/#primaryimage\"},\"thumbnailUrl\":\"https:\/\/dicodusport.fr\/blog\/wp-content\/uploads\/2024\/06\/Formule-1-Pierre-Gasly-prolonge-laventure-sur-le-long-terme-avec-Alpine.png\",\"keywords\":[\"Alpine\",\"br\u00e8ve\",\"Formule 1\",\"Pierre Gasly\"],\"articleSection\":[\"Formule 1\"],\"inLanguage\":\"fr-FR\",\"potentialAction\":[{\"@type\":\"CommentAction\",\"name\":\"Comment\",\"target\":[\"https:\/\/dicodusport.fr\/blog\/formule-1-pierre-gasly-prolonge-laventure-sur-le-long-terme-avec-alpine\/#respond\"]}],\"copyrightYear\":\"2024\",\"copyrightHolder\":{\"@id\":\"https:\/\/dicodusport.fr\/blog\/#organization\"}},{\"@type\":\"WebPage\",\"@id\":\"https:\/\/dicodusport.fr\/blog\/formule-1-pierre-gasly-prolonge-laventure-sur-le-long-terme-avec-alpine\/\",\"url\":\"https:\/\/dicodusport.fr\/blog\/formule-1-pierre-gasly-prolonge-laventure-sur-le-long-terme-avec-alpine\/\",\"name\":\"Formule 1 : Pierre Gasly prolonge l'aventure sur le long terme avec Alpine\",\"isPartOf\":{\"@id\":\"https:\/\/dicodusport.fr\/blog\/#website\"},\"primaryImageOfPage\":{\"@id\":\"https:\/\/dicodusport.fr\/blog\/formule-1-pierre-gasly-prolonge-laventure-sur-le-long-terme-avec-alpine\/#primaryimage\"},\"image\":{\"@id\":\"https:\/\/dicodusport.fr\/blog\/formule-1-pierre-gasly-prolonge-laventure-sur-le-long-terme-avec-alpine\/#primaryimage\"},\"thumbnailUrl\":\"https:\/\/dicodusport.fr\/blog\/wp-content\/uploads\/2024\/06\/Formule-1-Pierre-Gasly-prolonge-laventure-sur-le-long-terme-avec-Alpine.png\",\"datePublished\":\"2024-06-27T08:30:07+00:00\",\"dateModified\":\"2024-06-27T08:46:28+00:00\",\"description\":\"FORMULE 1 - Pierre Gasly a sign\u00e9 un nouveau contrat pluriannuel avec l'\u00e9curie fran\u00e7aise Alpine ce jeudi matin.\",\"breadcrumb\":{\"@id\":\"https:\/\/dicodusport.fr\/blog\/formule-1-pierre-gasly-prolonge-laventure-sur-le-long-terme-avec-alpine\/#breadcrumb\"},\"inLanguage\":\"fr-FR\",\"potentialAction\":[{\"@type\":\"ReadAction\",\"target\":[\"https:\/\/dicodusport.fr\/blog\/formule-1-pierre-gasly-prolonge-laventure-sur-le-long-terme-avec-alpine\/\"]}]},{\"@type\":\"ImageObject\",\"inLanguage\":\"fr-FR\",\"@id\":\"https:\/\/dicodusport.fr\/blog\/formule-1-pierre-gasly-prolonge-laventure-sur-le-long-terme-avec-alpine\/#primaryimage\",\"url\":\"https:\/\/dicodusport.fr\/blog\/wp-content\/uploads\/2024\/06\/Formule-1-Pierre-Gasly-prolonge-laventure-sur-le-long-terme-avec-Alpine.png\",\"contentUrl\":\"https:\/\/dicodusport.fr\/blog\/wp-content\/uploads\/2024\/06\/Formule-1-Pierre-Gasly-prolonge-laventure-sur-le-long-terme-avec-Alpine.png\",\"width\":1200,\"height\":674,\"caption\":\"Formule 1 : Pierre Gasly prolonge l'aventure sur le long terme avec Alpine\"},{\"@type\":\"BreadcrumbList\",\"@id\":\"https:\/\/dicodusport.fr\/blog\/formule-1-pierre-gasly-prolonge-laventure-sur-le-long-terme-avec-alpine\/#breadcrumb\",\"itemListElement\":[{\"@type\":\"ListItem\",\"position\":1,\"name\":\"Accueil\",\"item\":\"https:\/\/dicodusport.fr\/blog\/\"},{\"@type\":\"ListItem\",\"position\":2,\"name\":\"Formule 1 : Pierre Gasly prolonge l&rsquo;aventure sur le long terme avec Alpine\"}]},{\"@type\":\"WebSite\",\"@id\":\"https:\/\/dicodusport.fr\/blog\/#website\",\"url\":\"https:\/\/dicodusport.fr\/blog\/\",\"name\":\"Dicodusport\",\"description\":\"L&#039;encyclop\u00e9die de l&#039;actualit\u00e9 sportive\",\"publisher\":{\"@id\":\"https:\/\/dicodusport.fr\/blog\/#organization\"},\"potentialAction\":[{\"@type\":\"SearchAction\",\"target\":{\"@type\":\"EntryPoint\",\"urlTemplate\":\"https:\/\/dicodusport.fr\/blog\/?s={search_term_string}\"},\"query-input\":{\"@type\":\"PropertyValueSpecification\",\"valueRequired\":true,\"valueName\":\"search_term_string\"}}],\"inLanguage\":\"fr-FR\"},{\"@type\":\"NewsMediaOrganization\",\"@id\":\"https:\/\/dicodusport.fr\/blog\/#organization\",\"name\":\"Dicodusport\",\"url\":\"https:\/\/dicodusport.fr\/blog\/\",\"logo\":{\"@type\":\"ImageObject\",\"inLanguage\":\"fr-FR\",\"@id\":\"https:\/\/dicodusport.fr\/blog\/#\/schema\/logo\/image\/\",\"url\":\"https:\/\/dicodusport.fr\/blog\/wp-content\/uploads\/2020\/06\/cropped-LOGO-DICODUSPORT-2020-SANS-FOND-SANS-TEXTE.png\",\"contentUrl\":\"https:\/\/dicodusport.fr\/blog\/wp-content\/uploads\/2020\/06\/cropped-LOGO-DICODUSPORT-2020-SANS-FOND-SANS-TEXTE.png\",\"width\":512,\"height\":512,\"caption\":\"Dicodusport\"},\"image\":{\"@id\":\"https:\/\/dicodusport.fr\/blog\/#\/schema\/logo\/image\/\"},\"sameAs\":[\"https:\/\/www.facebook.com\/dicodusport\",\"https:\/\/x.com\/dicodusport\",\"https:\/\/www.instagram.com\/dicodusport\/\",\"https:\/\/www.youtube.com\/channel\/UC7V2KZ5sd3htJivAbA4ZG3w\"],\"description\":\"Dicodusport est l'encyclop\u00e9die de l'actualit\u00e9 sportive.\",\"email\":\"bonjour@dicodusport.fr\",\"legalName\":\"DICODUSPORT\",\"foundingDate\":\"2018-01-14\",\"vatID\":\"FR71834470973\",\"taxID\":\"83447097300043\",\"numberOfEmployees\":{\"@type\":\"QuantitativeValue\",\"minValue\":\"1\",\"maxValue\":\"10\"}},{\"@type\":\"Person\",\"@id\":\"https:\/\/dicodusport.fr\/blog\/#\/schema\/person\/37def232098a7a5cbab3974a3690abb0\",\"name\":\"Maxime Cazenave\",\"image\":{\"@type\":\"ImageObject\",\"inLanguage\":\"fr-FR\",\"@id\":\"https:\/\/dicodusport.fr\/blog\/#\/schema\/person\/image\/\",\"url\":\"https:\/\/dicodusport.fr\/blog\/wp-content\/uploads\/2021\/05\/Maxime-Cazenave-150x150.jpg\",\"contentUrl\":\"https:\/\/dicodusport.fr\/blog\/wp-content\/uploads\/2021\/05\/Maxime-Cazenave-150x150.jpg\",\"caption\":\"Maxime Cazenave\"},\"description\":\"Journaliste\/R\u00e9dacteur depuis 2012 - Berc\u00e9 par l\u2019amour des Girondins de Bordeaux, les \u00e9checs de Christophe Moreau sur le Tour de France sous l'\u00e8re Lance Armstrong et le fade-away l\u00e9tal de Dirk Nowitzki, ma passion d\u00e9vorante pour le sport a toujours \u00e9t\u00e9 un pan incontournable de ma vie. Transmettre ma passion \u00e0 l\u2019\u00e9crit a \u00e9t\u00e9 une transition naturelle. Suiveur assidu de basket et de hockey sur glace, je garde toujours un peu de place pour suivre le cyclisme, le football et le maximum de performances fran\u00e7aises.\",\"sameAs\":[\"https:\/\/x.com\/https:\/\/twitter.com\/Maxime_Caze\"],\"url\":\"https:\/\/dicodusport.fr\/blog\/author\/maximec\/\"}]}<\/script>\n<!-- \/ Yoast SEO Premium plugin. -->","yoast_head_json":{"title":"Formule 1 : Pierre Gasly prolonge l'aventure sur le long terme avec Alpine","description":"FORMULE 1 - Pierre Gasly a sign\u00e9 un nouveau contrat pluriannuel avec l'\u00e9curie fran\u00e7aise Alpine ce jeudi matin.","robots":{"index":"index","follow":"follow","max-snippet":"max-snippet:-1","max-image-preview":"max-image-preview:large","max-video-preview":"max-video-preview:-1"},"canonical":"https:\/\/dicodusport.fr\/blog\/formule-1-pierre-gasly-prolonge-laventure-sur-le-long-terme-avec-alpine\/","og_locale":"fr_FR","og_type":"article","og_title":"Formule 1 : Pierre Gasly prolonge l'aventure sur le long terme avec Alpine","og_description":"FORMULE 1 - Pierre Gasly a sign\u00e9 un nouveau contrat pluriannuel avec l'\u00e9curie fran\u00e7aise Alpine ce jeudi matin.","og_url":"https:\/\/dicodusport.fr\/blog\/formule-1-pierre-gasly-prolonge-laventure-sur-le-long-terme-avec-alpine\/","og_site_name":"Dicodusport","article_publisher":"https:\/\/www.facebook.com\/dicodusport","article_published_time":"2024-06-27T08:30:07+00:00","article_modified_time":"2024-06-27T08:46:28+00:00","og_image":[{"width":1200,"height":674,"url":"https:\/\/dicodusport.fr\/blog\/wp-content\/uploads\/2024\/06\/Formule-1-Pierre-Gasly-prolonge-laventure-sur-le-long-terme-avec-Alpine.png","type":"image\/png"}],"author":"Maxime Cazenave","twitter_card":"summary_large_image","twitter_title":"Formule 1 : Pierre Gasly prolonge l'aventure sur le long terme avec Alpine","twitter_creator":"@https:\/\/twitter.com\/Maxime_Caze","twitter_site":"@dicodusport","schema":{"@context":"https:\/\/schema.org","@graph":[{"@type":"NewsArticle","@id":"https:\/\/dicodusport.fr\/blog\/formule-1-pierre-gasly-prolonge-laventure-sur-le-long-terme-avec-alpine\/#article","isPartOf":{"@id":"https:\/\/dicodusport.fr\/blog\/formule-1-pierre-gasly-prolonge-laventure-sur-le-long-terme-avec-alpine\/"},"author":{"name":"Maxime Cazenave","@id":"https:\/\/dicodusport.fr\/blog\/#\/schema\/person\/37def232098a7a5cbab3974a3690abb0"},"headline":"Formule 1 : Pierre Gasly prolonge l&rsquo;aventure sur le long terme avec Alpine","datePublished":"2024-06-27T08:30:07+00:00","dateModified":"2024-06-27T08:46:28+00:00","mainEntityOfPage":{"@id":"https:\/\/dicodusport.fr\/blog\/formule-1-pierre-gasly-prolonge-laventure-sur-le-long-terme-avec-alpine\/"},"wordCount":316,"commentCount":0,"publisher":{"@id":"https:\/\/dicodusport.fr\/blog\/#organization"},"image":{"@id":"https:\/\/dicodusport.fr\/blog\/formule-1-pierre-gasly-prolonge-laventure-sur-le-long-terme-avec-alpine\/#primaryimage"},"thumbnailUrl":"https:\/\/dicodusport.fr\/blog\/wp-content\/uploads\/2024\/06\/Formule-1-Pierre-Gasly-prolonge-laventure-sur-le-long-terme-avec-Alpine.png","keywords":["Alpine","br\u00e8ve","Formule 1","Pierre Gasly"],"articleSection":["Formule 1"],"inLanguage":"fr-FR","potentialAction":[{"@type":"CommentAction","name":"Comment","target":["https:\/\/dicodusport.fr\/blog\/formule-1-pierre-gasly-prolonge-laventure-sur-le-long-terme-avec-alpine\/#respond"]}],"copyrightYear":"2024","copyrightHolder":{"@id":"https:\/\/dicodusport.fr\/blog\/#organization"}},{"@type":"WebPage","@id":"https:\/\/dicodusport.fr\/blog\/formule-1-pierre-gasly-prolonge-laventure-sur-le-long-terme-avec-alpine\/","url":"https:\/\/dicodusport.fr\/blog\/formule-1-pierre-gasly-prolonge-laventure-sur-le-long-terme-avec-alpine\/","name":"Formule 1 : Pierre Gasly prolonge l'aventure sur le long terme avec Alpine","isPartOf":{"@id":"https:\/\/dicodusport.fr\/blog\/#website"},"primaryImageOfPage":{"@id":"https:\/\/dicodusport.fr\/blog\/formule-1-pierre-gasly-prolonge-laventure-sur-le-long-terme-avec-alpine\/#primaryimage"},"image":{"@id":"https:\/\/dicodusport.fr\/blog\/formule-1-pierre-gasly-prolonge-laventure-sur-le-long-terme-avec-alpine\/#primaryimage"},"thumbnailUrl":"https:\/\/dicodusport.fr\/blog\/wp-content\/uploads\/2024\/06\/Formule-1-Pierre-Gasly-prolonge-laventure-sur-le-long-terme-avec-Alpine.png","datePublished":"2024-06-27T08:30:07+00:00","dateModified":"2024-06-27T08:46:28+00:00","description":"FORMULE 1 - Pierre Gasly a sign\u00e9 un nouveau contrat pluriannuel avec l'\u00e9curie fran\u00e7aise Alpine ce jeudi matin.","breadcrumb":{"@id":"https:\/\/dicodusport.fr\/blog\/formule-1-pierre-gasly-prolonge-laventure-sur-le-long-terme-avec-alpine\/#breadcrumb"},"inLanguage":"fr-FR","potentialAction":[{"@type":"ReadAction","target":["https:\/\/dicodusport.fr\/blog\/formule-1-pierre-gasly-prolonge-laventure-sur-le-long-terme-avec-alpine\/"]}]},{"@type":"ImageObject","inLanguage":"fr-FR","@id":"https:\/\/dicodusport.fr\/blog\/formule-1-pierre-gasly-prolonge-laventure-sur-le-long-terme-avec-alpine\/#primaryimage","url":"https:\/\/dicodusport.fr\/blog\/wp-content\/uploads\/2024\/06\/Formule-1-Pierre-Gasly-prolonge-laventure-sur-le-long-terme-avec-Alpine.png","contentUrl":"https:\/\/dicodusport.fr\/blog\/wp-content\/uploads\/2024\/06\/Formule-1-Pierre-Gasly-prolonge-laventure-sur-le-long-terme-avec-Alpine.png","width":1200,"height":674,"caption":"Formule 1 : Pierre Gasly prolonge l'aventure sur le long terme avec Alpine"},{"@type":"BreadcrumbList","@id":"https:\/\/dicodusport.fr\/blog\/formule-1-pierre-gasly-prolonge-laventure-sur-le-long-terme-avec-alpine\/#breadcrumb","itemListElement":[{"@type":"ListItem","position":1,"name":"Accueil","item":"https:\/\/dicodusport.fr\/blog\/"},{"@type":"ListItem","position":2,"name":"Formule 1 : Pierre Gasly prolonge l&rsquo;aventure sur le long terme avec Alpine"}]},{"@type":"WebSite","@id":"https:\/\/dicodusport.fr\/blog\/#website","url":"https:\/\/dicodusport.fr\/blog\/","name":"Dicodusport","description":"L&#039;encyclop\u00e9die de l&#039;actualit\u00e9 sportive","publisher":{"@id":"https:\/\/dicodusport.fr\/blog\/#organization"},"potentialAction":[{"@type":"SearchAction","target":{"@type":"EntryPoint","urlTemplate":"https:\/\/dicodusport.fr\/blog\/?s={search_term_string}"},"query-input":{"@type":"PropertyValueSpecification","valueRequired":true,"valueName":"search_term_string"}}],"inLanguage":"fr-FR"},{"@type":"NewsMediaOrganization","@id":"https:\/\/dicodusport.fr\/blog\/#organization","name":"Dicodusport","url":"https:\/\/dicodusport.fr\/blog\/","logo":{"@type":"ImageObject","inLanguage":"fr-FR","@id":"https:\/\/dicodusport.fr\/blog\/#\/schema\/logo\/image\/","url":"https:\/\/dicodusport.fr\/blog\/wp-content\/uploads\/2020\/06\/cropped-LOGO-DICODUSPORT-2020-SANS-FOND-SANS-TEXTE.png","contentUrl":"https:\/\/dicodusport.fr\/blog\/wp-content\/uploads\/2020\/06\/cropped-LOGO-DICODUSPORT-2020-SANS-FOND-SANS-TEXTE.png","width":512,"height":512,"caption":"Dicodusport"},"image":{"@id":"https:\/\/dicodusport.fr\/blog\/#\/schema\/logo\/image\/"},"sameAs":["https:\/\/www.facebook.com\/dicodusport","https:\/\/x.com\/dicodusport","https:\/\/www.instagram.com\/dicodusport\/","https:\/\/www.youtube.com\/channel\/UC7V2KZ5sd3htJivAbA4ZG3w"],"description":"Dicodusport est l'encyclop\u00e9die de l'actualit\u00e9 sportive.","email":"bonjour@dicodusport.fr","legalName":"DICODUSPORT","foundingDate":"2018-01-14","vatID":"FR71834470973","taxID":"83447097300043","numberOfEmployees":{"@type":"QuantitativeValue","minValue":"1","maxValue":"10"}},{"@type":"Person","@id":"https:\/\/dicodusport.fr\/blog\/#\/schema\/person\/37def232098a7a5cbab3974a3690abb0","name":"Maxime Cazenave","image":{"@type":"ImageObject","inLanguage":"fr-FR","@id":"https:\/\/dicodusport.fr\/blog\/#\/schema\/person\/image\/","url":"https:\/\/dicodusport.fr\/blog\/wp-content\/uploads\/2021\/05\/Maxime-Cazenave-150x150.jpg","contentUrl":"https:\/\/dicodusport.fr\/blog\/wp-content\/uploads\/2021\/05\/Maxime-Cazenave-150x150.jpg","caption":"Maxime Cazenave"},"description":"Journaliste\/R\u00e9dacteur depuis 2012 - Berc\u00e9 par l\u2019amour des Girondins de Bordeaux, les \u00e9checs de Christophe Moreau sur le Tour de France sous l'\u00e8re Lance Armstrong et le fade-away l\u00e9tal de Dirk Nowitzki, ma passion d\u00e9vorante pour le sport a toujours \u00e9t\u00e9 un pan incontournable de ma vie. Transmettre ma passion \u00e0 l\u2019\u00e9crit a \u00e9t\u00e9 une transition naturelle. Suiveur assidu de basket et de hockey sur glace, je garde toujours un peu de place pour suivre le cyclisme, le football et le maximum de performances fran\u00e7aises.","sameAs":["https:\/\/x.com\/https:\/\/twitter.com\/Maxime_Caze"],"url":"https:\/\/dicodusport.fr\/blog\/author\/maximec\/"}]}},"_links":{"self":[{"href":"https:\/\/dicodusport.fr\/blog\/wp-json\/wp\/v2\/posts\/495910","targetHints":{"allow":["GET"]}}],"collection":[{"href":"https:\/\/dicodusport.fr\/blog\/wp-json\/wp\/v2\/posts"}],"about":[{"href":"https:\/\/dicodusport.fr\/blog\/wp-json\/wp\/v2\/types\/post"}],"author":[{"embeddable":true,"href":"https:\/\/dicodusport.fr\/blog\/wp-json\/wp\/v2\/users\/55"}],"replies":[{"embeddable":true,"href":"https:\/\/dicodusport.fr\/blog\/wp-json\/wp\/v2\/comments?post=495910"}],"version-history":[{"count":3,"href":"https:\/\/dicodusport.fr\/blog\/wp-json\/wp\/v2\/posts\/495910\/revisions"}],"predecessor-version":[{"id":495918,"href":"https:\/\/dicodusport.fr\/blog\/wp-json\/wp\/v2\/posts\/495910\/revisions\/495918"}],"wp:featuredmedia":[{"embeddable":true,"href":"https:\/\/dicodusport.fr\/blog\/wp-json\/wp\/v2\/media\/495915"}],"wp:attachment":[{"href":"https:\/\/dicodusport.fr\/blog\/wp-json\/wp\/v2\/media?parent=495910"}],"wp:term":[{"taxonomy":"category","embeddable":true,"href":"https:\/\/dicodusport.fr\/blog\/wp-json\/wp\/v2\/categories?post=495910"},{"taxonomy":"post_tag","embeddable":true,"href":"https:\/\/dicodusport.fr\/blog\/wp-json\/wp\/v2\/tags?post=495910"}],"curies":[{"name":"wp","href":"https:\/\/api.w.org\/{rel}","templated":true}]}}