{"id":496128,"date":"2024-06-28T17:29:49","date_gmt":"2024-06-28T15:29:49","guid":{"rendered":"https:\/\/dicodusport.fr\/blog\/?p=496128&#038;preview=true&#038;preview_id=496128"},"modified":"2024-06-28T17:29:54","modified_gmt":"2024-06-28T15:29:54","slug":"f1-gp-dautriche-2024-grille-de-depart-course-sprint","status":"publish","type":"post","link":"https:\/\/dicodusport.fr\/blog\/f1-gp-dautriche-2024-grille-de-depart-course-sprint\/","title":{"rendered":"F1 GP d&rsquo;Autriche 2024 &#8211; Grille de d\u00e9part Course sprint"},"content":{"rendered":"<p style=\"text-align: justify;\"><em><b>F1 GRAND PRIX D&rsquo;AUTRICHE 2024 &#8211; Retrouvez la grille de d\u00e9part de la course sprint du Grand Prix d&rsquo;Autriche 2024, \u00e0 l&rsquo;issue des qualifications de ce vendredi 28 juin 2024.<\/b><\/em><\/p>\n<ul>\n<li style=\"text-align: justify;\"><strong>\u00c0 ce sujet &#8211; <a href=\"https:\/\/dicodusport.fr\/blog\/f1-gp-dautriche-2024-horaires-programme-tv-et-resultats\/\">F1 GP d&rsquo;Autriche 2024 : Horaires, programme TV et r\u00e9sultats<\/a><\/strong><\/li>\n<\/ul>\n<hr \/>\n<h2 style=\"text-align: center;\">Grille de d\u00e9part Grand Prix d&rsquo;Autriche &#8211; Course sprint<\/h2>\n<hr \/>\n<table style=\"width: 800px; border-collapse: collapse;\">\n<tbody>\n<tr>\n<td style=\"vertical-align: top; text-align: center; border-style: none; background-color: #ffffff; width: 400px; height: 120px;\"><span style=\"font-size: 1.0em;\"><strong><img decoding=\"async\" src=\"https:\/\/cdn-5.motorsport.com\/images\/vcl\/86AX5qYb\/s2\/red-bull-racing-honda-rbpt-rb2-4.png\" \/><br \/>\n1. \ud83c\uddf3\ud83c\uddf1 MAX VERSTAPPEN<br \/>\n<\/strong><span style=\"font-size: 0.8em;\">RED BULL<\/span><\/span><\/td>\n<td style=\"vertical-align: bottom; text-align: center; border-style: none; background-color: #ffffff; width: 400px; height: 120px;\"><span style=\"font-size: 1.0em;\"><strong><span style=\"font-size: 0.9em;\"><img decoding=\"async\" src=\"https:\/\/cdn-8.motorsport.com\/images\/vcl\/qYKlrX6Z\/s2\/mclaren-mercedes-mcl38-12.png\" \/><\/span><br \/>\n<\/strong><strong>2. \ud83c\uddec\ud83c\udde7 LANDO NORRIS<\/strong><\/span><br \/>\n<span style=\"font-size: 0.8em;\">MCLAREN<\/span><\/td>\n<\/tr>\n<tr>\n<td style=\"text-align: center; border-style: none; vertical-align: top; background-color: #ffffff; width: 400px; height: 120px;\"><span style=\"font-size: 1.0em;\"><strong><span style=\"font-size: 0.9em;\"><img decoding=\"async\" src=\"https:\/\/cdn-8.motorsport.com\/images\/vcl\/qYKlrX6Z\/s2\/mclaren-mercedes-mcl38-12.png\" \/><\/span><br \/>\n<\/strong><strong>3. \ud83c\udde6\ud83c\uddfa OSCAR PIASTRI<\/strong><\/span><br \/>\n<span style=\"font-size: 0.8em;\">MCLAREN<\/span><\/td>\n<td style=\"text-align: center; border-style: none; vertical-align: bottom; background-color: #ffffff; width: 400px; height: 120px;\"><span style=\"font-size: 1.0em;\"><strong><img decoding=\"async\" src=\"https:\/\/cdn-8.motorsport.com\/images\/vcl\/OYvDJv0V\/s2\/mercedes-f1-w15-4.png\" \/><br \/>\n4. \ud83c\uddec\ud83c\udde7 GEORGE RUSSELL<br \/>\n<\/strong><span style=\"font-size: 0.8em;\">MERCEDES<\/span><\/span><\/td>\n<\/tr>\n<tr>\n<td style=\"text-align: center; border-style: none; vertical-align: top; background-color: #ffffff; width: 400px; height: 120px;\"><span style=\"font-size: 1.0em;\"><strong><span style=\"font-size: 0.9em;\"><img decoding=\"async\" src=\"https:\/\/cdn-5.motorsport.com\/images\/vcl\/B2G3eV29\/s2\/ferrari-sf-24-4.png\" \/><br \/>\n<\/span><\/strong><strong>5. \ud83c\uddea\ud83c\uddf8 CARLOS SAINZ<br \/>\n<\/strong><span style=\"font-size: 0.8em;\">FERRARI<\/span><\/span><\/td>\n<td style=\"text-align: center; border-style: none; vertical-align: bottom; background-color: #ffffff; width: 400px; height: 120px;\"><span style=\"font-size: 1.0em;\"><strong><img decoding=\"async\" src=\"https:\/\/cdn-8.motorsport.com\/images\/vcl\/OYvDJv0V\/s2\/mercedes-f1-w15-4.png\" \/><br \/>\n6. \ud83c\uddec\ud83c\udde7 LEWIS HAMILTON<br \/>\n<\/strong><span style=\"font-size: 0.8em;\">MERCEDES<\/span><\/span><\/td>\n<\/tr>\n<tr>\n<td style=\"text-align: center; border-style: none; vertical-align: top; background-color: #ffffff; width: 400px; height: 120px;\"><span style=\"font-size: 1.0em;\"><strong><img decoding=\"async\" src=\"https:\/\/cdn-5.motorsport.com\/images\/vcl\/86AX5qYb\/s2\/red-bull-racing-honda-rbpt-rb2-4.png\" \/><br \/>\n7. \ud83c\uddf2\ud83c\uddfd SERGIO PEREZ<br \/>\n<\/strong><span style=\"font-size: 0.8em;\">RED BULL<\/span><\/span><\/td>\n<td style=\"text-align: center; border-style: none; vertical-align: bottom; background-color: #ffffff; width: 400px; height: 120px;\"><span style=\"font-size: 1.0em;\"><strong><img decoding=\"async\" src=\"https:\/\/cdn-2.motorsport.com\/images\/vcl\/p2wygp6Q\/s2\/alpine-renault-a524-4.png\" \/><br \/>\n8. \ud83c\uddeb\ud83c\uddf7 ESTEBAN OCON<br \/>\n<\/strong><span style=\"font-size: 0.8em;\">ALPINE<\/span><\/span><\/td>\n<\/tr>\n<tr>\n<td style=\"text-align: center; border-style: none; vertical-align: top; background-color: #ffffff; width: 400px; height: 120px;\"><span style=\"font-size: 1.0em;\"><strong><img decoding=\"async\" src=\"https:\/\/cdn-2.motorsport.com\/images\/vcl\/p2wygp6Q\/s2\/alpine-renault-a524-4.png\" \/><br \/>\n9. \ud83c\uddeb\ud83c\uddf7 PIERRE GASLY<br \/>\n<\/strong><span style=\"font-size: 0.8em;\">ALPINE<\/span><\/span><\/td>\n<td style=\"text-align: center; border-style: none; vertical-align: bottom; background-color: #ffffff; width: 400px; height: 120px;\"><span style=\"font-size: 1.0em;\"><strong><img decoding=\"async\" src=\"https:\/\/cdn-5.motorsport.com\/images\/vcl\/B2G3eV29\/s2\/ferrari-sf-24-4.png\" \/><br \/>\n10. \ud83c\uddf2\ud83c\udde8 CHARLES LECLERC<br \/>\n<\/strong><span style=\"font-size: 0.8em;\">FERRARI<\/span><\/span><\/td>\n<\/tr>\n<tr>\n<td style=\"text-align: center; border-style: none; vertical-align: top; background-color: #ffffff; width: 400px; height: 120px;\"><span style=\"font-size: 1.0em;\"><strong><span style=\"font-size: 0.9em;\"><img decoding=\"async\" src=\"https:\/\/cdn-8.motorsport.com\/images\/vcl\/G2ewVm6o\/s2\/haas-ferrari-vf-24-2.png\" \/><\/span><br \/>\n<\/strong><strong>11. \ud83c\udde9\ud83c\uddf0 KEVIN MAGNUSSEN<\/strong><\/span><br \/>\n<span style=\"font-size: 0.8em;\">HAAS<\/span><\/td>\n<td style=\"text-align: center; border-style: none; vertical-align: bottom; background-color: #ffffff; width: 400px; height: 120px;\"><img decoding=\"async\" src=\"https:\/\/cdn-1.motorsport.com\/images\/vcl\/z0qrww2N\/s2\/aston-martin-aramco-mercedes-a-4.png\" \/><br \/>\n<span style=\"font-size: 1.0em;\"><strong>12. \ud83c\udde8\ud83c\udde6 LANCE STROLL<br \/>\n<\/strong><span style=\"font-size: 0.8em;\">ASTON MARTIN<\/span><\/span><\/td>\n<\/tr>\n<tr>\n<td style=\"text-align: center; border-style: none; vertical-align: top; background-color: #ffffff; width: 400px; height: 120px;\"><span style=\"font-size: 1.0em;\"><strong><img decoding=\"async\" src=\"https:\/\/cdn-1.motorsport.com\/images\/vcl\/z0qrww2N\/s2\/aston-martin-aramco-mercedes-a-4.png\" \/><br \/>\n13. \ud83c\uddea\ud83c\uddf8 FERNANDO ALONSO<br \/>\n<\/strong><span style=\"font-size: 0.8em;\">ASTON MARTIN<\/span><\/span><\/td>\n<td style=\"text-align: center; border-style: none; vertical-align: bottom; background-color: #ffffff; width: 400px; height: 120px;\"><span style=\"font-size: 1.0em;\"><strong><span style=\"font-size: 0.9em;\"><img decoding=\"async\" src=\"https:\/\/cdn-3.motorsport.com\/images\/vcl\/G0owmo0k\/s2\/rb-honda-rbpt-2.png\" \/><\/span><br \/>\n<\/strong><strong>14. \ud83c\uddef\ud83c\uddf5 YUKI TSUNODA<\/strong><\/span><br \/>\n<span style=\"font-size: 0.8em;\">RB<\/span><\/td>\n<\/tr>\n<tr>\n<td style=\"text-align: center; border-style: none; vertical-align: top; background-color: #ffffff; width: 400px; height: 120px;\"><span style=\"font-size: 1.0em;\"><strong><span style=\"font-size: 0.9em;\"><img decoding=\"async\" src=\"https:\/\/cdn-2.motorsport.com\/images\/vcl\/56lw1NYN\/s2\/williams-mercedes-fw46-7.png\" \/><\/span><br \/>\n15. \ud83c\uddfa\ud83c\uddf8 LOGAN SARGEANT<br \/>\n<\/strong><span style=\"font-size: 0.8em;\">WILLIAMS<\/span><\/span><\/td>\n<td style=\"text-align: center; border-style: none; vertical-align: bottom; background-color: #ffffff; width: 400px; height: 120px;\"><span style=\"font-size: 1.0em;\"><strong><span style=\"font-size: 0.9em;\"><img decoding=\"async\" src=\"https:\/\/cdn-3.motorsport.com\/images\/vcl\/G0owmo0k\/s2\/rb-honda-rbpt-2.png\" \/><\/span><br \/>\n<\/strong><strong>16. \ud83c\udde6\ud83c\uddfa DANIEL RICCIARDO<\/strong><\/span><br \/>\n<span style=\"font-size: 0.8em;\">RB<\/span><\/td>\n<\/tr>\n<tr>\n<td style=\"text-align: center; border-style: none; vertical-align: top; background-color: #ffffff; width: 400px; height: 120px;\"><span style=\"font-size: 1.0em;\"><strong><img decoding=\"async\" src=\"https:\/\/cdn-8.motorsport.com\/images\/vcl\/G2ewVm6o\/s2\/haas-ferrari-vf-24-2.png\" \/><br \/>\n17. \ud83c\udde9\ud83c\uddea NICO H\u00dcLKENBERG<br \/>\n<\/strong><span style=\"font-size: 0.8em;\">HAAS<\/span><\/span><\/td>\n<td style=\"text-align: center; border-style: none; vertical-align: bottom; background-color: #ffffff; width: 400px; height: 120px;\"><span style=\"font-size: 1.0em;\"><strong><img decoding=\"async\" src=\"https:\/\/cdn-7.motorsport.com\/images\/vcl\/X0kv1l6d\/s2\/kick-sauber-ferrari-c44.png\" \/><br \/>\n18. \ud83c\uddeb\ud83c\uddee VALTTERI BOTTAS<br \/>\n<\/strong><span style=\"font-size: 0.8em;\">KICK SAUBER<\/span><\/span><\/td>\n<\/tr>\n<tr>\n<td style=\"text-align: center; border-style: none; vertical-align: top; background-color: #ffffff; width: 400px; height: 120px;\"><span style=\"font-size: 1.0em;\"><strong><span style=\"font-size: 0.9em;\"><img decoding=\"async\" src=\"https:\/\/cdn-2.motorsport.com\/images\/vcl\/56lw1NYN\/s2\/williams-mercedes-fw46-7.png\" \/><\/span><br \/>\n<\/strong><strong>19. \ud83c\uddf9\ud83c\udded ALEXANDER ALBON<\/strong><\/span><br \/>\n<span style=\"font-size: 0.8em;\">WILLIAMS<\/span><\/td>\n<td style=\"text-align: center; border-style: none; vertical-align: bottom; background-color: #ffffff; width: 400px; height: 120px;\"><span style=\"font-size: 1.0em;\"><strong><span style=\"font-size: 0.9em;\"><img decoding=\"async\" src=\"https:\/\/cdn-7.motorsport.com\/images\/vcl\/X0kv1l6d\/s2\/kick-sauber-ferrari-c44.png\" \/><\/span><br \/>\n<\/strong><strong>20. \ud83c\udde8\ud83c\uddf3 GUANYU ZHOU<\/strong><\/span><br \/>\n<span style=\"font-size: 0.8em;\">KICK SAUBER<\/span><\/td>\n<\/tr>\n<\/tbody>\n<\/table>\n<hr \/>\n<h2 style=\"text-align: justify;\">\u00c0 ce sujet<\/h2>\n<ul>\n<li style=\"text-align: justify;\"><strong><a href=\"https:\/\/dicodusport.fr\/blog\/calendrier-f1-2024-dates-et-horaires-des-grands-prix\/\">Calendrier F1 2024 : Dates et horaires des Grands Prix<\/a><\/strong><\/li>\n<li style=\"text-align: justify;\"><a href=\"https:\/\/dicodusport.fr\/blog\/f1-classement-championnat-du-monde-des-pilotes-2024\/\"><strong>F1 2024 \u2013 Classement Championnat du monde des pilotes<\/strong><\/a><\/li>\n<\/ul>\n<div class=\"vlp-link-container vlp-layout-article\"><a href=\"https:\/\/dicodusport.fr\/blog\/les-salaires-des-pilotes-de-f1-en-2024\/\" class=\"vlp-link\" title=\"Les salaires des pilotes de F1 en 2024\" rel=\"nofollow\" target=\"_blank\"><\/a><div class=\"vlp-layout-zone-side\"><div class=\"vlp-block-4 vlp-link-image\"><img decoding=\"async\" src=\"https:\/\/dicodusport.fr\/blog\/wp-content\/uploads\/2024\/02\/Les-salaires-des-pilotes-de-F1-en-2024-1000x600.png\" style=\"max-width: 800px; max-height: 800px\" \/><\/div><\/div><div class=\"vlp-layout-zone-main\"><div class=\"vlp-block-0 vlp-link-title\">Les salaires des pilotes de F1 en 2024<\/div><div class=\"vlp-block-1 vlp-link-summary\">F1 2024 - R\u00e9cemment, Forbes a d\u00e9voil\u00e9 les salaires des pilotes de F1 pour la saison 2024.<\/div><div class=\"vlp-block-2 vlp-link-button\">Lire l'article<\/div><div class=\"vlp-block-3 vlp-link-url\">dicodusport.fr<\/div><\/div><\/div>\n","protected":false},"excerpt":{"rendered":"<p>F1 GRAND PRIX D&rsquo;AUTRICHE 2024 &#8211; Retrouvez la grille de d\u00e9part de la course sprint du Grand Prix d&rsquo;Autriche 2024.<\/p>\n","protected":false},"author":4,"featured_media":496130,"comment_status":"open","ping_status":"closed","sticky":false,"template":"","format":"standard","meta":{"_acf_changed":false,"_daextam_enable_autolinks":"1","footnotes":""},"categories":[8653],"tags":[16878,3166,17686,2065,8198,17687],"class_list":["post-496128","post","type-post","status-publish","format-standard","has-post-thumbnail","hentry","category-formule-1","tag-breve","tag-f1","tag-f1-autriche","tag-formule-1","tag-grand-prix-dautriche","tag-grand-prix-dautriche-f1"],"acf":[],"yoast_head":"<!-- This site is optimized with the Yoast SEO Premium plugin v26.7 (Yoast SEO v26.7) - https:\/\/yoast.com\/wordpress\/plugins\/seo\/ -->\n<title>F1 GP d&#039;Autriche 2024 - Grille de d\u00e9part Course sprint<\/title>\n<meta name=\"description\" content=\"F1 GRAND PRIX D&#039;AUTRICHE 2024 - Retrouvez la grille de d\u00e9part de la course sprint du Grand Prix d&#039;Autriche 2024.\" \/>\n<meta name=\"robots\" content=\"index, follow, max-snippet:-1, max-image-preview:large, max-video-preview:-1\" \/>\n<link rel=\"canonical\" href=\"https:\/\/dicodusport.fr\/blog\/f1-gp-dautriche-2024-grille-de-depart-course-sprint\/\" \/>\n<meta property=\"og:locale\" content=\"fr_FR\" \/>\n<meta property=\"og:type\" content=\"article\" \/>\n<meta property=\"og:title\" content=\"F1 GP d&#039;Autriche 2024 - Grille de d\u00e9part Course sprint\" \/>\n<meta property=\"og:description\" content=\"F1 GRAND PRIX D&#039;AUTRICHE 2024 - Retrouvez la grille de d\u00e9part de la course sprint du Grand Prix d&#039;Autriche 2024.\" \/>\n<meta property=\"og:url\" content=\"https:\/\/dicodusport.fr\/blog\/f1-gp-dautriche-2024-grille-de-depart-course-sprint\/\" \/>\n<meta property=\"og:site_name\" content=\"Dicodusport\" \/>\n<meta property=\"article:publisher\" content=\"https:\/\/www.facebook.com\/dicodusport\" \/>\n<meta property=\"article:author\" content=\"https:\/\/www.facebook.com\/florent.ostermann\" \/>\n<meta property=\"article:published_time\" content=\"2024-06-28T15:29:49+00:00\" \/>\n<meta property=\"article:modified_time\" content=\"2024-06-28T15:29:54+00:00\" \/>\n<meta property=\"og:image\" content=\"https:\/\/dicodusport.fr\/blog\/wp-content\/uploads\/2024\/06\/F1-GP-dAutriche-2024-Grille-de-depart-Course-sprint.png\" \/>\n\t<meta property=\"og:image:width\" content=\"1200\" \/>\n\t<meta property=\"og:image:height\" content=\"674\" \/>\n\t<meta property=\"og:image:type\" content=\"image\/png\" \/>\n<meta name=\"author\" content=\"Flo Ostermann\" \/>\n<meta name=\"twitter:card\" content=\"summary_large_image\" \/>\n<meta name=\"twitter:title\" content=\"F1 GP d&#039;Autriche 2024 - Grille de d\u00e9part Course sprint\" \/>\n<meta name=\"twitter:creator\" content=\"@https:\/\/twitter.com\/FlOstermann\" \/>\n<meta name=\"twitter:site\" content=\"@dicodusport\" \/>\n<script type=\"application\/ld+json\" class=\"yoast-schema-graph\">{\"@context\":\"https:\/\/schema.org\",\"@graph\":[{\"@type\":\"NewsArticle\",\"@id\":\"https:\/\/dicodusport.fr\/blog\/f1-gp-dautriche-2024-grille-de-depart-course-sprint\/#article\",\"isPartOf\":{\"@id\":\"https:\/\/dicodusport.fr\/blog\/f1-gp-dautriche-2024-grille-de-depart-course-sprint\/\"},\"author\":{\"name\":\"Flo Ostermann\",\"@id\":\"https:\/\/dicodusport.fr\/blog\/#\/schema\/person\/cb02af4c173ce4a653b55e9baf388d4a\"},\"headline\":\"F1 GP d&rsquo;Autriche 2024 &#8211; Grille de d\u00e9part Course sprint\",\"datePublished\":\"2024-06-28T15:29:49+00:00\",\"dateModified\":\"2024-06-28T15:29:54+00:00\",\"mainEntityOfPage\":{\"@id\":\"https:\/\/dicodusport.fr\/blog\/f1-gp-dautriche-2024-grille-de-depart-course-sprint\/\"},\"wordCount\":217,\"commentCount\":0,\"publisher\":{\"@id\":\"https:\/\/dicodusport.fr\/blog\/#organization\"},\"image\":{\"@id\":\"https:\/\/dicodusport.fr\/blog\/f1-gp-dautriche-2024-grille-de-depart-course-sprint\/#primaryimage\"},\"thumbnailUrl\":\"https:\/\/dicodusport.fr\/blog\/wp-content\/uploads\/2024\/06\/F1-GP-dAutriche-2024-Grille-de-depart-Course-sprint.png\",\"keywords\":[\"br\u00e8ve\",\"F1\",\"F1 Autriche\",\"Formule 1\",\"Grand Prix d'Autriche\",\"Grand Prix d'Autriche F1\"],\"articleSection\":[\"Formule 1\"],\"inLanguage\":\"fr-FR\",\"potentialAction\":[{\"@type\":\"CommentAction\",\"name\":\"Comment\",\"target\":[\"https:\/\/dicodusport.fr\/blog\/f1-gp-dautriche-2024-grille-de-depart-course-sprint\/#respond\"]}],\"copyrightYear\":\"2024\",\"copyrightHolder\":{\"@id\":\"https:\/\/dicodusport.fr\/blog\/#organization\"}},{\"@type\":\"WebPage\",\"@id\":\"https:\/\/dicodusport.fr\/blog\/f1-gp-dautriche-2024-grille-de-depart-course-sprint\/\",\"url\":\"https:\/\/dicodusport.fr\/blog\/f1-gp-dautriche-2024-grille-de-depart-course-sprint\/\",\"name\":\"F1 GP d'Autriche 2024 - Grille de d\u00e9part Course sprint\",\"isPartOf\":{\"@id\":\"https:\/\/dicodusport.fr\/blog\/#website\"},\"primaryImageOfPage\":{\"@id\":\"https:\/\/dicodusport.fr\/blog\/f1-gp-dautriche-2024-grille-de-depart-course-sprint\/#primaryimage\"},\"image\":{\"@id\":\"https:\/\/dicodusport.fr\/blog\/f1-gp-dautriche-2024-grille-de-depart-course-sprint\/#primaryimage\"},\"thumbnailUrl\":\"https:\/\/dicodusport.fr\/blog\/wp-content\/uploads\/2024\/06\/F1-GP-dAutriche-2024-Grille-de-depart-Course-sprint.png\",\"datePublished\":\"2024-06-28T15:29:49+00:00\",\"dateModified\":\"2024-06-28T15:29:54+00:00\",\"description\":\"F1 GRAND PRIX D'AUTRICHE 2024 - Retrouvez la grille de d\u00e9part de la course sprint du Grand Prix d'Autriche 2024.\",\"breadcrumb\":{\"@id\":\"https:\/\/dicodusport.fr\/blog\/f1-gp-dautriche-2024-grille-de-depart-course-sprint\/#breadcrumb\"},\"inLanguage\":\"fr-FR\",\"potentialAction\":[{\"@type\":\"ReadAction\",\"target\":[\"https:\/\/dicodusport.fr\/blog\/f1-gp-dautriche-2024-grille-de-depart-course-sprint\/\"]}]},{\"@type\":\"ImageObject\",\"inLanguage\":\"fr-FR\",\"@id\":\"https:\/\/dicodusport.fr\/blog\/f1-gp-dautriche-2024-grille-de-depart-course-sprint\/#primaryimage\",\"url\":\"https:\/\/dicodusport.fr\/blog\/wp-content\/uploads\/2024\/06\/F1-GP-dAutriche-2024-Grille-de-depart-Course-sprint.png\",\"contentUrl\":\"https:\/\/dicodusport.fr\/blog\/wp-content\/uploads\/2024\/06\/F1-GP-dAutriche-2024-Grille-de-depart-Course-sprint.png\",\"width\":1200,\"height\":674,\"caption\":\"F1 GP d'Autriche 2024 - Grille de d\u00e9part Course sprint\"},{\"@type\":\"BreadcrumbList\",\"@id\":\"https:\/\/dicodusport.fr\/blog\/f1-gp-dautriche-2024-grille-de-depart-course-sprint\/#breadcrumb\",\"itemListElement\":[{\"@type\":\"ListItem\",\"position\":1,\"name\":\"Accueil\",\"item\":\"https:\/\/dicodusport.fr\/blog\/\"},{\"@type\":\"ListItem\",\"position\":2,\"name\":\"F1 GP d&rsquo;Autriche 2024 &#8211; Grille de d\u00e9part Course sprint\"}]},{\"@type\":\"WebSite\",\"@id\":\"https:\/\/dicodusport.fr\/blog\/#website\",\"url\":\"https:\/\/dicodusport.fr\/blog\/\",\"name\":\"Dicodusport\",\"description\":\"L&#039;encyclop\u00e9die de l&#039;actualit\u00e9 sportive\",\"publisher\":{\"@id\":\"https:\/\/dicodusport.fr\/blog\/#organization\"},\"potentialAction\":[{\"@type\":\"SearchAction\",\"target\":{\"@type\":\"EntryPoint\",\"urlTemplate\":\"https:\/\/dicodusport.fr\/blog\/?s={search_term_string}\"},\"query-input\":{\"@type\":\"PropertyValueSpecification\",\"valueRequired\":true,\"valueName\":\"search_term_string\"}}],\"inLanguage\":\"fr-FR\"},{\"@type\":\"NewsMediaOrganization\",\"@id\":\"https:\/\/dicodusport.fr\/blog\/#organization\",\"name\":\"Dicodusport\",\"url\":\"https:\/\/dicodusport.fr\/blog\/\",\"logo\":{\"@type\":\"ImageObject\",\"inLanguage\":\"fr-FR\",\"@id\":\"https:\/\/dicodusport.fr\/blog\/#\/schema\/logo\/image\/\",\"url\":\"https:\/\/dicodusport.fr\/blog\/wp-content\/uploads\/2020\/06\/cropped-LOGO-DICODUSPORT-2020-SANS-FOND-SANS-TEXTE.png\",\"contentUrl\":\"https:\/\/dicodusport.fr\/blog\/wp-content\/uploads\/2020\/06\/cropped-LOGO-DICODUSPORT-2020-SANS-FOND-SANS-TEXTE.png\",\"width\":512,\"height\":512,\"caption\":\"Dicodusport\"},\"image\":{\"@id\":\"https:\/\/dicodusport.fr\/blog\/#\/schema\/logo\/image\/\"},\"sameAs\":[\"https:\/\/www.facebook.com\/dicodusport\",\"https:\/\/x.com\/dicodusport\",\"https:\/\/www.instagram.com\/dicodusport\/\",\"https:\/\/www.youtube.com\/channel\/UC7V2KZ5sd3htJivAbA4ZG3w\"],\"description\":\"Dicodusport est l'encyclop\u00e9die de l'actualit\u00e9 sportive.\",\"email\":\"bonjour@dicodusport.fr\",\"legalName\":\"DICODUSPORT\",\"foundingDate\":\"2018-01-14\",\"vatID\":\"FR71834470973\",\"taxID\":\"83447097300043\",\"numberOfEmployees\":{\"@type\":\"QuantitativeValue\",\"minValue\":\"1\",\"maxValue\":\"10\"}},{\"@type\":\"Person\",\"@id\":\"https:\/\/dicodusport.fr\/blog\/#\/schema\/person\/cb02af4c173ce4a653b55e9baf388d4a\",\"name\":\"Flo Ostermann\",\"image\":{\"@type\":\"ImageObject\",\"inLanguage\":\"fr-FR\",\"@id\":\"https:\/\/dicodusport.fr\/blog\/#\/schema\/person\/image\/\",\"url\":\"https:\/\/dicodusport.fr\/blog\/wp-content\/uploads\/2021\/05\/Flo-Ostermann-150x150.jpg\",\"contentUrl\":\"https:\/\/dicodusport.fr\/blog\/wp-content\/uploads\/2021\/05\/Flo-Ostermann-150x150.jpg\",\"caption\":\"Flo Ostermann\"},\"description\":\"Journaliste\/R\u00e9dacteur depuis septembre 2015 - Mes premiers souvenirs dans le sport ? Les envol\u00e9es du Stade Toulousain et les duels Villeneuve-Schumacher et H\u00e4kkinen-Schumacher \u00e0 la fin des ann\u00e9es 90, la Coupe du monde de football en 1998, l\u2019exploit du XV de France face aux All Blacks en 1999, mais aussi Richard C\u0153ur de Lion qui vole sur les montagnes du Tour de France. Bien parti pour devenir professeur d\u2019EPS, les \u00e9v\u00e9nements de la vie (et la flemme d\u2019animer des s\u00e9ances de 3x500 m\u00e8tres toute ma vie) m\u2019ont conduit \u00e0 revoir mes plans. Me voil\u00e0 depuis fin 2017 sur Dicodusport, m\u00e9dia gr\u00e2ce (et pour) lequel je partage ma passion : le sport dans tous ses \u00e9tats. Le tout accompagn\u00e9 par les fous furieux et folles furieuses cit\u00e9s sur cette page !\",\"sameAs\":[\"https:\/\/www.facebook.com\/florent.ostermann\",\"https:\/\/x.com\/https:\/\/twitter.com\/FlOstermann\",\"admin\"],\"url\":\"https:\/\/dicodusport.fr\/blog\/author\/flo\/\"}]}<\/script>\n<!-- \/ Yoast SEO Premium plugin. -->","yoast_head_json":{"title":"F1 GP d'Autriche 2024 - Grille de d\u00e9part Course sprint","description":"F1 GRAND PRIX D'AUTRICHE 2024 - Retrouvez la grille de d\u00e9part de la course sprint du Grand Prix d'Autriche 2024.","robots":{"index":"index","follow":"follow","max-snippet":"max-snippet:-1","max-image-preview":"max-image-preview:large","max-video-preview":"max-video-preview:-1"},"canonical":"https:\/\/dicodusport.fr\/blog\/f1-gp-dautriche-2024-grille-de-depart-course-sprint\/","og_locale":"fr_FR","og_type":"article","og_title":"F1 GP d'Autriche 2024 - Grille de d\u00e9part Course sprint","og_description":"F1 GRAND PRIX D'AUTRICHE 2024 - Retrouvez la grille de d\u00e9part de la course sprint du Grand Prix d'Autriche 2024.","og_url":"https:\/\/dicodusport.fr\/blog\/f1-gp-dautriche-2024-grille-de-depart-course-sprint\/","og_site_name":"Dicodusport","article_publisher":"https:\/\/www.facebook.com\/dicodusport","article_author":"https:\/\/www.facebook.com\/florent.ostermann","article_published_time":"2024-06-28T15:29:49+00:00","article_modified_time":"2024-06-28T15:29:54+00:00","og_image":[{"width":1200,"height":674,"url":"https:\/\/dicodusport.fr\/blog\/wp-content\/uploads\/2024\/06\/F1-GP-dAutriche-2024-Grille-de-depart-Course-sprint.png","type":"image\/png"}],"author":"Flo Ostermann","twitter_card":"summary_large_image","twitter_title":"F1 GP d'Autriche 2024 - Grille de d\u00e9part Course sprint","twitter_creator":"@https:\/\/twitter.com\/FlOstermann","twitter_site":"@dicodusport","schema":{"@context":"https:\/\/schema.org","@graph":[{"@type":"NewsArticle","@id":"https:\/\/dicodusport.fr\/blog\/f1-gp-dautriche-2024-grille-de-depart-course-sprint\/#article","isPartOf":{"@id":"https:\/\/dicodusport.fr\/blog\/f1-gp-dautriche-2024-grille-de-depart-course-sprint\/"},"author":{"name":"Flo Ostermann","@id":"https:\/\/dicodusport.fr\/blog\/#\/schema\/person\/cb02af4c173ce4a653b55e9baf388d4a"},"headline":"F1 GP d&rsquo;Autriche 2024 &#8211; Grille de d\u00e9part Course sprint","datePublished":"2024-06-28T15:29:49+00:00","dateModified":"2024-06-28T15:29:54+00:00","mainEntityOfPage":{"@id":"https:\/\/dicodusport.fr\/blog\/f1-gp-dautriche-2024-grille-de-depart-course-sprint\/"},"wordCount":217,"commentCount":0,"publisher":{"@id":"https:\/\/dicodusport.fr\/blog\/#organization"},"image":{"@id":"https:\/\/dicodusport.fr\/blog\/f1-gp-dautriche-2024-grille-de-depart-course-sprint\/#primaryimage"},"thumbnailUrl":"https:\/\/dicodusport.fr\/blog\/wp-content\/uploads\/2024\/06\/F1-GP-dAutriche-2024-Grille-de-depart-Course-sprint.png","keywords":["br\u00e8ve","F1","F1 Autriche","Formule 1","Grand Prix d'Autriche","Grand Prix d'Autriche F1"],"articleSection":["Formule 1"],"inLanguage":"fr-FR","potentialAction":[{"@type":"CommentAction","name":"Comment","target":["https:\/\/dicodusport.fr\/blog\/f1-gp-dautriche-2024-grille-de-depart-course-sprint\/#respond"]}],"copyrightYear":"2024","copyrightHolder":{"@id":"https:\/\/dicodusport.fr\/blog\/#organization"}},{"@type":"WebPage","@id":"https:\/\/dicodusport.fr\/blog\/f1-gp-dautriche-2024-grille-de-depart-course-sprint\/","url":"https:\/\/dicodusport.fr\/blog\/f1-gp-dautriche-2024-grille-de-depart-course-sprint\/","name":"F1 GP d'Autriche 2024 - Grille de d\u00e9part Course sprint","isPartOf":{"@id":"https:\/\/dicodusport.fr\/blog\/#website"},"primaryImageOfPage":{"@id":"https:\/\/dicodusport.fr\/blog\/f1-gp-dautriche-2024-grille-de-depart-course-sprint\/#primaryimage"},"image":{"@id":"https:\/\/dicodusport.fr\/blog\/f1-gp-dautriche-2024-grille-de-depart-course-sprint\/#primaryimage"},"thumbnailUrl":"https:\/\/dicodusport.fr\/blog\/wp-content\/uploads\/2024\/06\/F1-GP-dAutriche-2024-Grille-de-depart-Course-sprint.png","datePublished":"2024-06-28T15:29:49+00:00","dateModified":"2024-06-28T15:29:54+00:00","description":"F1 GRAND PRIX D'AUTRICHE 2024 - Retrouvez la grille de d\u00e9part de la course sprint du Grand Prix d'Autriche 2024.","breadcrumb":{"@id":"https:\/\/dicodusport.fr\/blog\/f1-gp-dautriche-2024-grille-de-depart-course-sprint\/#breadcrumb"},"inLanguage":"fr-FR","potentialAction":[{"@type":"ReadAction","target":["https:\/\/dicodusport.fr\/blog\/f1-gp-dautriche-2024-grille-de-depart-course-sprint\/"]}]},{"@type":"ImageObject","inLanguage":"fr-FR","@id":"https:\/\/dicodusport.fr\/blog\/f1-gp-dautriche-2024-grille-de-depart-course-sprint\/#primaryimage","url":"https:\/\/dicodusport.fr\/blog\/wp-content\/uploads\/2024\/06\/F1-GP-dAutriche-2024-Grille-de-depart-Course-sprint.png","contentUrl":"https:\/\/dicodusport.fr\/blog\/wp-content\/uploads\/2024\/06\/F1-GP-dAutriche-2024-Grille-de-depart-Course-sprint.png","width":1200,"height":674,"caption":"F1 GP d'Autriche 2024 - Grille de d\u00e9part Course sprint"},{"@type":"BreadcrumbList","@id":"https:\/\/dicodusport.fr\/blog\/f1-gp-dautriche-2024-grille-de-depart-course-sprint\/#breadcrumb","itemListElement":[{"@type":"ListItem","position":1,"name":"Accueil","item":"https:\/\/dicodusport.fr\/blog\/"},{"@type":"ListItem","position":2,"name":"F1 GP d&rsquo;Autriche 2024 &#8211; Grille de d\u00e9part Course sprint"}]},{"@type":"WebSite","@id":"https:\/\/dicodusport.fr\/blog\/#website","url":"https:\/\/dicodusport.fr\/blog\/","name":"Dicodusport","description":"L&#039;encyclop\u00e9die de l&#039;actualit\u00e9 sportive","publisher":{"@id":"https:\/\/dicodusport.fr\/blog\/#organization"},"potentialAction":[{"@type":"SearchAction","target":{"@type":"EntryPoint","urlTemplate":"https:\/\/dicodusport.fr\/blog\/?s={search_term_string}"},"query-input":{"@type":"PropertyValueSpecification","valueRequired":true,"valueName":"search_term_string"}}],"inLanguage":"fr-FR"},{"@type":"NewsMediaOrganization","@id":"https:\/\/dicodusport.fr\/blog\/#organization","name":"Dicodusport","url":"https:\/\/dicodusport.fr\/blog\/","logo":{"@type":"ImageObject","inLanguage":"fr-FR","@id":"https:\/\/dicodusport.fr\/blog\/#\/schema\/logo\/image\/","url":"https:\/\/dicodusport.fr\/blog\/wp-content\/uploads\/2020\/06\/cropped-LOGO-DICODUSPORT-2020-SANS-FOND-SANS-TEXTE.png","contentUrl":"https:\/\/dicodusport.fr\/blog\/wp-content\/uploads\/2020\/06\/cropped-LOGO-DICODUSPORT-2020-SANS-FOND-SANS-TEXTE.png","width":512,"height":512,"caption":"Dicodusport"},"image":{"@id":"https:\/\/dicodusport.fr\/blog\/#\/schema\/logo\/image\/"},"sameAs":["https:\/\/www.facebook.com\/dicodusport","https:\/\/x.com\/dicodusport","https:\/\/www.instagram.com\/dicodusport\/","https:\/\/www.youtube.com\/channel\/UC7V2KZ5sd3htJivAbA4ZG3w"],"description":"Dicodusport est l'encyclop\u00e9die de l'actualit\u00e9 sportive.","email":"bonjour@dicodusport.fr","legalName":"DICODUSPORT","foundingDate":"2018-01-14","vatID":"FR71834470973","taxID":"83447097300043","numberOfEmployees":{"@type":"QuantitativeValue","minValue":"1","maxValue":"10"}},{"@type":"Person","@id":"https:\/\/dicodusport.fr\/blog\/#\/schema\/person\/cb02af4c173ce4a653b55e9baf388d4a","name":"Flo Ostermann","image":{"@type":"ImageObject","inLanguage":"fr-FR","@id":"https:\/\/dicodusport.fr\/blog\/#\/schema\/person\/image\/","url":"https:\/\/dicodusport.fr\/blog\/wp-content\/uploads\/2021\/05\/Flo-Ostermann-150x150.jpg","contentUrl":"https:\/\/dicodusport.fr\/blog\/wp-content\/uploads\/2021\/05\/Flo-Ostermann-150x150.jpg","caption":"Flo Ostermann"},"description":"Journaliste\/R\u00e9dacteur depuis septembre 2015 - Mes premiers souvenirs dans le sport ? Les envol\u00e9es du Stade Toulousain et les duels Villeneuve-Schumacher et H\u00e4kkinen-Schumacher \u00e0 la fin des ann\u00e9es 90, la Coupe du monde de football en 1998, l\u2019exploit du XV de France face aux All Blacks en 1999, mais aussi Richard C\u0153ur de Lion qui vole sur les montagnes du Tour de France. Bien parti pour devenir professeur d\u2019EPS, les \u00e9v\u00e9nements de la vie (et la flemme d\u2019animer des s\u00e9ances de 3x500 m\u00e8tres toute ma vie) m\u2019ont conduit \u00e0 revoir mes plans. Me voil\u00e0 depuis fin 2017 sur Dicodusport, m\u00e9dia gr\u00e2ce (et pour) lequel je partage ma passion : le sport dans tous ses \u00e9tats. Le tout accompagn\u00e9 par les fous furieux et folles furieuses cit\u00e9s sur cette page !","sameAs":["https:\/\/www.facebook.com\/florent.ostermann","https:\/\/x.com\/https:\/\/twitter.com\/FlOstermann","admin"],"url":"https:\/\/dicodusport.fr\/blog\/author\/flo\/"}]}},"_links":{"self":[{"href":"https:\/\/dicodusport.fr\/blog\/wp-json\/wp\/v2\/posts\/496128","targetHints":{"allow":["GET"]}}],"collection":[{"href":"https:\/\/dicodusport.fr\/blog\/wp-json\/wp\/v2\/posts"}],"about":[{"href":"https:\/\/dicodusport.fr\/blog\/wp-json\/wp\/v2\/types\/post"}],"author":[{"embeddable":true,"href":"https:\/\/dicodusport.fr\/blog\/wp-json\/wp\/v2\/users\/4"}],"replies":[{"embeddable":true,"href":"https:\/\/dicodusport.fr\/blog\/wp-json\/wp\/v2\/comments?post=496128"}],"version-history":[{"count":5,"href":"https:\/\/dicodusport.fr\/blog\/wp-json\/wp\/v2\/posts\/496128\/revisions"}],"predecessor-version":[{"id":496248,"href":"https:\/\/dicodusport.fr\/blog\/wp-json\/wp\/v2\/posts\/496128\/revisions\/496248"}],"wp:featuredmedia":[{"embeddable":true,"href":"https:\/\/dicodusport.fr\/blog\/wp-json\/wp\/v2\/media\/496130"}],"wp:attachment":[{"href":"https:\/\/dicodusport.fr\/blog\/wp-json\/wp\/v2\/media?parent=496128"}],"wp:term":[{"taxonomy":"category","embeddable":true,"href":"https:\/\/dicodusport.fr\/blog\/wp-json\/wp\/v2\/categories?post=496128"},{"taxonomy":"post_tag","embeddable":true,"href":"https:\/\/dicodusport.fr\/blog\/wp-json\/wp\/v2\/tags?post=496128"}],"curies":[{"name":"wp","href":"https:\/\/api.w.org\/{rel}","templated":true}]}}