{"id":496217,"date":"2024-06-28T22:03:58","date_gmt":"2024-06-28T20:03:58","guid":{"rendered":"https:\/\/dicodusport.fr\/blog\/?p=496217&#038;preview=true&#038;preview_id=496217"},"modified":"2024-06-28T23:06:15","modified_gmt":"2024-06-28T21:06:15","slug":"athletisme-championnats-de-france-2024-schrub-loga-mateo-le-resume-du-vendredi","status":"publish","type":"post","link":"https:\/\/dicodusport.fr\/blog\/athletisme-championnats-de-france-2024-schrub-loga-mateo-le-resume-du-vendredi\/","title":{"rendered":"Athl\u00e9tisme Championnats de France 2024 : Schrub, Loga, Mat\u00e9o, le r\u00e9sum\u00e9 du vendredi"},"content":{"rendered":"<p style=\"text-align: justify;\"><strong><em>CHAMPIONNATS DE FRANCE D&rsquo;ATHL\u00c9TISME 2024 &#8211; La premi\u00e8re journ\u00e9e de comp\u00e9tition a \u00e9t\u00e9 marqu\u00e9e par les titres de Yann Schrub, Rose Loga ou Pablo Mat\u00e9o. Mais aussi les cadors qui ont pris leurs marques sur diff\u00e9rentes s\u00e9ries.<\/em><\/strong><\/p>\n<ul>\n<li><strong>\u00c0 ce sujet &#8211; <a href=\"https:\/\/dicodusport.fr\/blog\/athletisme-les-minima-pour-les-jeux-olympiques-de-paris-2024\/\">Les minima pour les JO de Paris 2024<\/a><\/strong><\/li>\n<\/ul>\n<h2 style=\"text-align: justify;\">Les premiers titres d\u00e9cern\u00e9s<\/h2>\n<h3 style=\"text-align: justify;\">Mat\u00e9o en impose sur la ligne droite<\/h3>\n<p style=\"text-align: justify;\">On l&rsquo;avait quitt\u00e9 \u00e0 Rome d\u00e9\u00e7u de sa finale, dans une comp\u00e9tition o\u00f9 il a \u00e9t\u00e9 min\u00e9 par des probl\u00e8mes personnels. Le sourire \u00e9tait franc aujourd&rsquo;hui pour <strong>Pablo Mat\u00e9o<\/strong>. Qui s&rsquo;impose sur le 100 m. Avec un joli chrono \u00e0 la cl\u00e9, puisqu&rsquo;il s&rsquo;offre son record personnel en 10.08 : <em>\u00ab Je savais que j&rsquo;allais vite. J&rsquo;\u00e9tais venu pour mieux. Quand je suis en forme, tout est possible \u00bb<\/em>. Et il donne rendez-vous demain pour le 200 m : <em>\u00ab Je vise quelque chose de grand, un chrono sous les 20 secondes \u00bb<\/em>. Ce serait in\u00e9dit dans un championnat de France \u00e9lite. <strong>Jeff Erius<\/strong>, qui a \u00e9galement battu son record avec 10.11, prend la deuxi\u00e8me place et se place, lui qui est encore tout jeune. Belle surprise pour <strong>Dylan Vermont<\/strong>, qui prend la 3e place, avec \u00e9galement un record port\u00e9 \u00e0 10.15.<\/p>\n<blockquote class=\"twitter-tweet\">\n<p dir=\"ltr\" lang=\"fr\">\ud83d\udcaa Neuvi\u00e8me meilleur performeur fran\u00e7ais de l&rsquo;histoire !<\/p>\n<p>\ud83e\udd47 Pablo Mat\u00e9o (Lisses Ac) remporte la finale du 100 m en 10\u00a0\u00bb08 (+1.4) et d\u00e9croche son tout premier titre Elite \u00e0 Angers !<\/p>\n<p>\ud83e\udd48 Jeff Erius (Lille MA), 2e en 10\u00a0\u00bb11, et \ud83e\udd49 Dylan Vermont (Saint Denis Emotion), 3e en 10\u00a0\u00bb15,\u2026 <a href=\"https:\/\/t.co\/806hYujEEu\">pic.twitter.com\/806hYujEEu<\/a><\/p>\n<p>\u2014 FFAthl\u00e9tisme (@FFAthletisme) <a href=\"https:\/\/twitter.com\/FFAthletisme\/status\/1806756933723893866?ref_src=twsrc%5Etfw\">June 28, 2024<\/a><\/p><\/blockquote>\n<p><script async src=\"https:\/\/platform.twitter.com\/widgets.js\" charset=\"utf-8\"><\/script><\/p>\n<h3 style=\"text-align: justify;\">Madeleine et Schrub les plus forts sur 5000 m<\/h3>\n<p style=\"text-align: justify;\"><strong>Sarah Madeleine<\/strong>, sauf catastrophe, vient de valider sa qualification olympique sur le 5000 m. 27e au ranking, elle s&rsquo;ouvre les portes du Top 32 dont le titre de championne de France donne le droit. Un confort et un grand bonheur pour celle qui s&rsquo;est mise cette ann\u00e9e sur 5000 m. <em>\u00ab C&rsquo;\u00e9tait quand m\u00eame un petit pari de s&rsquo;y lancer en ann\u00e9e olympique, mais on savait qu&rsquo;il y avait un truc \u00e0 faire \u00bb<\/em>. Elle s&rsquo;impose en 15:44.88. <em>\u00ab J&rsquo;avais pas mal de pression, m\u00eame si j&rsquo;\u00e9tais au-dessus. Mais il fallait encore le faire. C&rsquo;est un soulagement, m\u00eame si je vais attendre que ce soit officiel. Je savais qu&rsquo;il fallait que je gagne \u00bb<\/em>.<\/p>\n<p style=\"text-align: justify;\">Chez les hommes, <strong>Yann Schrub<\/strong>, vainqueur chez les hommes, verra lui aussi Paris, mais il le savait d\u00e9j\u00e0. Mais il a pos\u00e9 une nouvelle fois sa patte sur la sc\u00e8ne nationale, apr\u00e8s avoir d\u00e9croch\u00e9 l&rsquo;argent \u00e0 Rome sur 10000 m. Le plus fort \u00e0 l&#8217;emballage, en 13:41.38, pour d\u00e9border <strong>Romain Legendre<\/strong>, tr\u00e8s beau 2e en 13:42.71 et<strong> Hugo Hay<\/strong>, 3e en 13:45.71. <em>\u00ab J&rsquo;ai eu du mal \u00e0 r\u00e9cup\u00e9rer, car j&rsquo;ai aussi profit\u00e9 et un peu coup\u00e9. \u00c7a m&rsquo;a fait extr\u00eamement du bien. J&rsquo;arrivais ici, je n&rsquo;avais jamais \u00e9t\u00e9 champion de France. Je venais avec de la confiance, mais pas tant que \u00e7a, donc je suis content de gagner au finish, c&rsquo;\u00e9tait une bonne derni\u00e8re course tactique avant les Jeux. Demain, je pars en stage \u00e0 Vichy pour le reste du mois, on va penser au Stade de France d\u00e8s que je vais poser les valises \u00bb<\/em>, confie Yann Schrub.<\/p>\n<blockquote class=\"twitter-tweet\">\n<p dir=\"ltr\" lang=\"fr\">\ud83d\udca5 Quelle attaque !<\/p>\n<p>\ud83e\udd47 Yann Schrub (AS Sarreguemines Arrondissements) n&rsquo;a plus l\u00e2ch\u00e9 les commandes du 5000 m apr\u00e8s la cloche ! Il d\u00e9croche l&rsquo;or en 13&rsquo;41\u00a0\u00bb38 !<\/p>\n<p>\ud83d\udcbb Suivez les <a href=\"https:\/\/twitter.com\/hashtag\/CFAthl%C3%A9?src=hash&amp;ref_src=twsrc%5Etfw\">#CFAthl\u00e9<\/a> en DIRECT sur <a href=\"https:\/\/t.co\/63xdTVLhtA\">https:\/\/t.co\/63xdTVLhtA<\/a>. <a href=\"https:\/\/t.co\/HE5jfZRqZX\">pic.twitter.com\/HE5jfZRqZX<\/a><\/p>\n<p>\u2014 FFAthl\u00e9tisme (@FFAthletisme) <a href=\"https:\/\/twitter.com\/FFAthletisme\/status\/1806777879310536828?ref_src=twsrc%5Etfw\">June 28, 2024<\/a><\/p><\/blockquote>\n<p><script async src=\"https:\/\/platform.twitter.com\/widgets.js\" charset=\"utf-8\"><\/script><\/p>\n<h3>Or partag\u00e9 \u00e0 la hauteur hommes<\/h3>\n<p style=\"text-align: justify;\">Le saut en hauteur hommes nous a offert une image d\u00e9j\u00e0 vue lors des JO 2020, quand<strong> Gianmarco Tamberi<\/strong> et<strong> Mutaz Barshim<\/strong> ne s&rsquo;\u00e9taient pas d\u00e9partag\u00e9s. <strong>Martin Lefevre<\/strong> et <strong>Maxime Dubiez<\/strong> ont fait un concours similaire, avec une barre effac\u00e9e \u00e0 2.13 m au premier essai, comme leurs essais pr\u00e9c\u00e9dents. Avant d&rsquo;\u00e9chouer \u00e0 2.17 m. Ils ont choisi de se partager l&rsquo;or. <em>\u00ab Pour finir sur une belle touche ce concours, on a fait tous les deux un beau concours, sur aucun \u00e9chec. C&rsquo;est dans l&rsquo;histoire du saut en hauteur ! \u00bb<\/em>, explique <strong>Maxime Dubiez<\/strong>. <em>\u00ab Si Tamberi et Barshim ne l&rsquo;avaient pas fait, je pense qu&rsquo;on n&rsquo;aurait jamais pens\u00e9 \u00e0 le faire \u00bb<\/em>, poursuit <strong>Martin Lefevre<\/strong>. Pour la der de sa carri\u00e8re, <strong>S\u00e9bastien Micheau<\/strong> prend le bronze, \u00e9galement \u00e0 2.13 m.<\/p>\n<p style=\"text-align: justify;\">Le premier champion de France de cette \u00e9dition 2024 sera <strong>Lenny Brisseault<\/strong>. Dans un concours du javelot compliqu\u00e9 avec un vent tourbillonnant, il s&rsquo;est impos\u00e9 avec un jet \u00e0 71.49 m. Le seul au-del\u00e0 des 70 m\u00e8tres. Les lanceurs auront souffert. En premier lieu <strong>Felise Vahai Sosaia<\/strong>, bloqu\u00e9 \u00e0 la 2e place, avec 69.69 m. <strong>Rose Loga<\/strong> a remport\u00e9 une premi\u00e8re m\u00e9daille d&rsquo;or aux France \u00e9lite, quelques jours apr\u00e8s sa m\u00e9daille europ\u00e9enne \u00e0 Rome. Elle s&rsquo;est offert le scalp d&rsquo;<strong>Alexandra Tavernier<\/strong>, avec une performance de 70.60 m contre 69.50 m pour son ain\u00e9e. Une vraie performance pour l&rsquo;athl\u00e8te n\u00e9e en 2002 et qui verra Paris, gr\u00e2ce \u00e0 ce titre. Comme son a\u00een\u00e9e. Elles sont 19e et 20e \u00e0 la <em>Road to Paris<\/em>.<\/p>\n<blockquote class=\"twitter-tweet\">\n<p dir=\"ltr\" lang=\"fr\">\ud83d\ude4c Premier titre Elite pour la m\u00e9daill\u00e9e europ\u00e9enne !<\/p>\n<p>\ud83e\udd47 Rose Loga (Athl\u00e9 Chartres Luce Asptt Mainvilliers) s&rsquo;impose gr\u00e2ce \u00e0 un 5e jet \u00e0 70,60 m au lancer du marteau !<\/p>\n<p>\ud83d\udcbb Suivez les <a href=\"https:\/\/twitter.com\/hashtag\/CFAthl%C3%A9?src=hash&amp;ref_src=twsrc%5Etfw\">#CFAthl\u00e9<\/a> en DIRECT sur <a href=\"https:\/\/t.co\/63xdTVLhtA\">https:\/\/t.co\/63xdTVLhtA<\/a>. <a href=\"https:\/\/t.co\/D1HLC3rtSK\">pic.twitter.com\/D1HLC3rtSK<\/a><\/p>\n<p>\u2014 FFAthl\u00e9tisme (@FFAthletisme) <a href=\"https:\/\/twitter.com\/FFAthletisme\/status\/1806773769085616554?ref_src=twsrc%5Etfw\">June 28, 2024<\/a><\/p><\/blockquote>\n<p><script async src=\"https:\/\/platform.twitter.com\/widgets.js\" charset=\"utf-8\"><\/script><\/p>\n<h3>Amanda Ngandu-Ntumba explose son record au poids<\/h3>\n<p style=\"text-align: justify;\"><strong>Amanda Ngandu-Ntumba<\/strong> a davantage impressionn\u00e9, dans un concours de poids qu&rsquo;elle a survol\u00e9. Avec un premier jet au-del\u00e0 des 17 m\u00e8tres avec ses 17.11 m : \u00ab\u00a0Cela repr\u00e9sente une barri\u00e8re bris\u00e9e, ce n&rsquo;est que du bonheur. Cela ne se gagne pas facilement les m\u00e8tres au poids\u00a0\u00bb, a d&rsquo;ailleurs pr\u00e9cis\u00e9 la lanceuse polyvalente, qui a d\u00e9j\u00e0 franchi une barri\u00e8re cette ann\u00e9e, celle des 60 m\u00e8tres au disque. \u00ab\u00a0Les progr\u00e8s que j&rsquo;ai fait au disque m&rsquo;ont apport\u00e9, m&rsquo;ont permis d&rsquo;\u00eatre mieux sur la technique\u00a0\u00bb. Pour, pourquoi pas, un beau duel avec <strong>M\u00e9lina Robert-Michon<\/strong>.<\/p>\n<p style=\"text-align: justify;\">Enfin, la derni\u00e8re course de la soir\u00e9e, le 10000 m marche femmes, en l&rsquo;absence des trois meilleures fran\u00e7aises qualifi\u00e9es aux JO, <strong>Cl\u00e9mence Beretta, Pauline Stey et Camille Moutard<\/strong>, a vu la jeunesse prendre le pouvoir en la personne d&rsquo;<strong>Ana Delahaie<\/strong>. La 3e des championnats d&rsquo;Europe juniors, en 2023, prend l\u00e0 son tout premier titre \u00e9lite de sa carri\u00e8re. Avec un chrono de 45:41.07, synonyme de record personnel explos\u00e9 de presque une minute et demie.<\/p>\n<ul>\n<li><strong>\u00c0 ce sujet &#8211; <a href=\"https:\/\/dicodusport.fr\/blog\/championnats-de-france-elite-dathletisme-2024-calendrier-et-resultats\/\">Programme et r\u00e9sultats Athl\u00e9tisme Championnats de France 2024<\/a><\/strong><\/li>\n<\/ul>\n<h2>Les premi\u00e8res s\u00e9ries ont livr\u00e9 leur verdict<\/h2>\n<h3>Les favorites ont r\u00e9pondu pr\u00e9sentes sur 800 m<\/h3>\n<p style=\"text-align: justify;\">Tr\u00e8s attendu ce week-end, les favorites du 800 m ne se sont pas fait pi\u00e9ger. <strong>R\u00e9nelle Lamote<\/strong>, en difficult\u00e9 pour sa reprise, a rassur\u00e9 en dominant la premi\u00e8re course en 2:03.24. <em>\u00ab \u00c7a va peut-\u00eatre me faire du bien de ne pas avoir le statut d&rsquo;ultra-favorite. Je suis une outsider \u00bb<\/em>, explique la double m\u00e9daill\u00e9e europ\u00e9enne. M\u00e9daill\u00e9e europ\u00e9enne \u00e0 Rome, <strong>Ana\u00efs Bourgoin<\/strong> n&rsquo;a pas trembl\u00e9, en s&rsquo;imposant en 2:03.26.<em> \u00ab Les filles ont la dalle, donc j&rsquo;ai la dalle \u00bb<\/em>, explique celle qui a r\u00e9alis\u00e9 les minima olympiques. Pas plus de difficult\u00e9s pour <strong>L\u00e9na Kandissounon<\/strong>, qui remporte la derni\u00e8re course, avec le meilleur temps (2:03.11). <em>\u00ab Je veux \u00eatre championne de France, c&rsquo;est indispensable pour me qualifier aux Jeux \u00bb<\/em>, explique l&rsquo;athl\u00e8te, dans le top 30 au ranking et qui veut s&rsquo;\u00e9largir ses possibilit\u00e9s, avec un titre qui ouvre la qualification aux 32 premi\u00e8res au ranking, contre un top 24 le cas \u00e9ch\u00e9ant.<\/p>\n<h3 style=\"text-align: justify;\">Comme sur 1500 m<\/h3>\n<p style=\"text-align: justify;\">Pas plus de soucis pour les patrons du 1500 m. <strong>Azeddine Habz<\/strong> et <strong>Romain Mornet<\/strong> ont survol\u00e9 la premi\u00e8re s\u00e9rie, ne se d\u00e9partageant que d&rsquo;un centi\u00e8me (3:40.36 contre 3:40.37). <strong>Ma\u00ebl Gouyette<\/strong> a \u00e9t\u00e9 tr\u00e8s autoritaire sur la seconde course, en l&#8217;emportant en 3:44.18. Devant <strong>Baptiste Mischler<\/strong> en 3:45.18. La finale promet d&rsquo;\u00eatre tr\u00e8s int\u00e9ressante le lendemain.<\/p>\n<p style=\"text-align: justify;\"><strong>Wilfried Happio<\/strong> n&rsquo;a connu aucun souci pour se hisser en finale du 400 m haies. Il ne retrouvera pas <strong>Ludvy Vaillant<\/strong> et <strong>Cl\u00e9ment Ducos<\/strong>, forfaits tous deux. Mais le Lillois a fait preuve de maitrise. Arriv\u00e9 sur place le jour m\u00eame, apr\u00e8s avoir fait des soins au genou, il a remport\u00e9 la derni\u00e8re s\u00e9rie du 400 m haies, avec un chrono de 50.61. Papa depuis peu, il jongle avec sa vie de sportif de haut niveau et les exigences de p\u00e8re. Dans les autres courses, <strong>Fantin Crisci<\/strong> a r\u00e9alis\u00e9 un record personnel, avec un chrono de5 0.12. Le jeun <strong>Anouar Bourahla<\/strong> a domin\u00e9 la 2e s\u00e9rie 50.45.<\/p>\n<h3 style=\"text-align: justify;\">Amandine Brossier r\u00e9pond bien pr\u00e9sente \u00e0 domicile<\/h3>\n<p style=\"text-align: justify;\">Pas de minima, mais une belle s\u00e9rie pour Amandine Brossier, qui a domin\u00e9 sa course en 51.33. <em>\u00ab L&rsquo;objectif sera de me redonner confiance et de retrouver du plaisir par rapport au week-end dernier compliqu\u00e9. D&rsquo;y aller \u00e0 fond \u00bb<\/em>, a comment\u00e9 celle qui \u00e9volue \u00e0 domicile avec des supporters venus nombreux. Et elle esp\u00e8re aller r\u00e9aliser les pr\u00e9cieux minima demain. <em>\u00ab Je suis super d\u00e9termin\u00e9e pour demain \u00bb<\/em>. Mais la m\u00e9t\u00e9o risque d&rsquo;\u00eatre plus capricieuse.<\/p>\n<p style=\"text-align: justify;\">Dans un autre sch\u00e9ma de course, <strong>Sounkamba Sylla<\/strong> a \u00e9galement domin\u00e9 sa s\u00e9rie : <em>\u00ab Je suis tomb\u00e9e sur des filles parties vite, cela m&rsquo;a un peu surpris. Mais je me suis fait confiance et je fais ce que j&rsquo;ai envie de faire en finale \u00bb<\/em>. Elle boucle sa course en 52.11, dans une course marqu\u00e9e par le record personnel d&rsquo;Alexe Deau, pr\u00e9sente aussi \u00e0 Rome et qui boucle sa course en 52.52. <strong>Diana Iscaye<\/strong> remporte la premi\u00e8re course, avec un nouveau record personnel en 52.21, pour devancer <strong>Marjorie Veyssi\u00e8re<\/strong> en 52.54. Une course avec quatre femmes sous les 53 secondes, car <strong>Emma Montoya<\/strong> bat son record personnel en 52.62, comme <strong>Marina Lasserre<\/strong> et ses 52.91.<\/p>\n<ul>\n<li style=\"text-align: justify;\"><strong>\u00c0 ce sujet &#8211;<a href=\"https:\/\/dicodusport.fr\/blog\/athletisme-jo-2024-les-francais-qui-ont-realise-les-minima\/\"> Les Fran\u00e7ais qui ont r\u00e9alis\u00e9 les minima pour les JO de Paris<\/a><\/strong><\/li>\n<\/ul>\n<p style=\"text-align: justify;\">\n","protected":false},"excerpt":{"rendered":"<p>Schrub, Loga, Mat\u00e9o, le r\u00e9sum\u00e9 du vendredi.<\/p>\n","protected":false},"author":83,"featured_media":496324,"comment_status":"open","ping_status":"closed","sticky":false,"template":"","format":"standard","meta":{"_acf_changed":false,"_daextam_enable_autolinks":"1","footnotes":""},"categories":[2308],"tags":[32415,143,16878],"class_list":["post-496217","post","type-post","status-publish","format-standard","has-post-thumbnail","hentry","category-athletisme","tag-actu","tag-athletisme","tag-breve"],"acf":[],"yoast_head":"<!-- This site is optimized with the Yoast SEO Premium plugin v26.7 (Yoast SEO v26.7) - https:\/\/yoast.com\/wordpress\/plugins\/seo\/ -->\n<title>Athl\u00e9tisme Championnats de France 2024 : Schrub, Loga, Mat\u00e9o, le r\u00e9sum\u00e9 du vendredi<\/title>\n<meta name=\"description\" content=\"FRANCE ATHL\u00c9TISME 2024 - La premi\u00e8re journ\u00e9e de comp\u00e9tition a \u00e9t\u00e9 marqu\u00e9 par les titres de Yann Schrub, Rose Loga ou Pablo Mat\u00e9\" \/>\n<meta name=\"robots\" content=\"index, follow, max-snippet:-1, max-image-preview:large, max-video-preview:-1\" \/>\n<link rel=\"canonical\" href=\"https:\/\/dicodusport.fr\/blog\/athletisme-championnats-de-france-2024-schrub-loga-mateo-le-resume-du-vendredi\/\" \/>\n<meta property=\"og:locale\" content=\"fr_FR\" \/>\n<meta property=\"og:type\" content=\"article\" \/>\n<meta property=\"og:title\" content=\"Athl\u00e9tisme Championnats de France 2024 : Schrub, Loga, Mat\u00e9o, le r\u00e9sum\u00e9 du vendredi\" \/>\n<meta property=\"og:description\" content=\"FRANCE ATHL\u00c9TISME 2024 - La premi\u00e8re journ\u00e9e de comp\u00e9tition a \u00e9t\u00e9 marqu\u00e9 par les titres de Yann Schrub, Rose Loga ou Pablo Mat\u00e9\" \/>\n<meta property=\"og:url\" content=\"https:\/\/dicodusport.fr\/blog\/athletisme-championnats-de-france-2024-schrub-loga-mateo-le-resume-du-vendredi\/\" \/>\n<meta property=\"og:site_name\" content=\"Dicodusport\" \/>\n<meta property=\"article:publisher\" content=\"https:\/\/www.facebook.com\/dicodusport\" \/>\n<meta property=\"article:published_time\" content=\"2024-06-28T20:03:58+00:00\" \/>\n<meta property=\"article:modified_time\" content=\"2024-06-28T21:06:15+00:00\" \/>\n<meta property=\"og:image\" content=\"https:\/\/dicodusport.fr\/blog\/wp-content\/uploads\/2024\/06\/Athletisme-Championnats-de-France-2024-Schrub-Loga-Mateo-le-resume-du-vendredi.png\" \/>\n\t<meta property=\"og:image:width\" content=\"1200\" \/>\n\t<meta property=\"og:image:height\" content=\"674\" \/>\n\t<meta property=\"og:image:type\" content=\"image\/png\" \/>\n<meta name=\"author\" content=\"Etienne Goursaud\" \/>\n<meta name=\"twitter:card\" content=\"summary_large_image\" \/>\n<meta name=\"twitter:title\" content=\"Athl\u00e9tisme Championnats de France 2024 : Schrub, Loga, Mat\u00e9o, le r\u00e9sum\u00e9 du vendredi\" \/>\n<meta name=\"twitter:creator\" content=\"@dicodusport\" \/>\n<meta name=\"twitter:site\" content=\"@dicodusport\" \/>\n<script type=\"application\/ld+json\" class=\"yoast-schema-graph\">{\"@context\":\"https:\/\/schema.org\",\"@graph\":[{\"@type\":\"NewsArticle\",\"@id\":\"https:\/\/dicodusport.fr\/blog\/athletisme-championnats-de-france-2024-schrub-loga-mateo-le-resume-du-vendredi\/#article\",\"isPartOf\":{\"@id\":\"https:\/\/dicodusport.fr\/blog\/athletisme-championnats-de-france-2024-schrub-loga-mateo-le-resume-du-vendredi\/\"},\"author\":{\"name\":\"Etienne Goursaud\",\"@id\":\"https:\/\/dicodusport.fr\/blog\/#\/schema\/person\/d603dd7da31fb2b46c82b9835a77ec13\"},\"headline\":\"Athl\u00e9tisme Championnats de France 2024 : Schrub, Loga, Mat\u00e9o, le r\u00e9sum\u00e9 du vendredi\",\"datePublished\":\"2024-06-28T20:03:58+00:00\",\"dateModified\":\"2024-06-28T21:06:15+00:00\",\"mainEntityOfPage\":{\"@id\":\"https:\/\/dicodusport.fr\/blog\/athletisme-championnats-de-france-2024-schrub-loga-mateo-le-resume-du-vendredi\/\"},\"wordCount\":1707,\"commentCount\":0,\"publisher\":{\"@id\":\"https:\/\/dicodusport.fr\/blog\/#organization\"},\"image\":{\"@id\":\"https:\/\/dicodusport.fr\/blog\/athletisme-championnats-de-france-2024-schrub-loga-mateo-le-resume-du-vendredi\/#primaryimage\"},\"thumbnailUrl\":\"https:\/\/dicodusport.fr\/blog\/wp-content\/uploads\/2024\/06\/Athletisme-Championnats-de-France-2024-Schrub-Loga-Mateo-le-resume-du-vendredi.png\",\"keywords\":[\"actu\",\"Athl\u00e9tisme\",\"br\u00e8ve\"],\"articleSection\":[\"Athl\u00e9tisme\"],\"inLanguage\":\"fr-FR\",\"potentialAction\":[{\"@type\":\"CommentAction\",\"name\":\"Comment\",\"target\":[\"https:\/\/dicodusport.fr\/blog\/athletisme-championnats-de-france-2024-schrub-loga-mateo-le-resume-du-vendredi\/#respond\"]}],\"copyrightYear\":\"2024\",\"copyrightHolder\":{\"@id\":\"https:\/\/dicodusport.fr\/blog\/#organization\"}},{\"@type\":\"WebPage\",\"@id\":\"https:\/\/dicodusport.fr\/blog\/athletisme-championnats-de-france-2024-schrub-loga-mateo-le-resume-du-vendredi\/\",\"url\":\"https:\/\/dicodusport.fr\/blog\/athletisme-championnats-de-france-2024-schrub-loga-mateo-le-resume-du-vendredi\/\",\"name\":\"Athl\u00e9tisme Championnats de France 2024 : Schrub, Loga, Mat\u00e9o, le r\u00e9sum\u00e9 du vendredi\",\"isPartOf\":{\"@id\":\"https:\/\/dicodusport.fr\/blog\/#website\"},\"primaryImageOfPage\":{\"@id\":\"https:\/\/dicodusport.fr\/blog\/athletisme-championnats-de-france-2024-schrub-loga-mateo-le-resume-du-vendredi\/#primaryimage\"},\"image\":{\"@id\":\"https:\/\/dicodusport.fr\/blog\/athletisme-championnats-de-france-2024-schrub-loga-mateo-le-resume-du-vendredi\/#primaryimage\"},\"thumbnailUrl\":\"https:\/\/dicodusport.fr\/blog\/wp-content\/uploads\/2024\/06\/Athletisme-Championnats-de-France-2024-Schrub-Loga-Mateo-le-resume-du-vendredi.png\",\"datePublished\":\"2024-06-28T20:03:58+00:00\",\"dateModified\":\"2024-06-28T21:06:15+00:00\",\"description\":\"FRANCE ATHL\u00c9TISME 2024 - La premi\u00e8re journ\u00e9e de comp\u00e9tition a \u00e9t\u00e9 marqu\u00e9 par les titres de Yann Schrub, Rose Loga ou Pablo Mat\u00e9\",\"breadcrumb\":{\"@id\":\"https:\/\/dicodusport.fr\/blog\/athletisme-championnats-de-france-2024-schrub-loga-mateo-le-resume-du-vendredi\/#breadcrumb\"},\"inLanguage\":\"fr-FR\",\"potentialAction\":[{\"@type\":\"ReadAction\",\"target\":[\"https:\/\/dicodusport.fr\/blog\/athletisme-championnats-de-france-2024-schrub-loga-mateo-le-resume-du-vendredi\/\"]}]},{\"@type\":\"ImageObject\",\"inLanguage\":\"fr-FR\",\"@id\":\"https:\/\/dicodusport.fr\/blog\/athletisme-championnats-de-france-2024-schrub-loga-mateo-le-resume-du-vendredi\/#primaryimage\",\"url\":\"https:\/\/dicodusport.fr\/blog\/wp-content\/uploads\/2024\/06\/Athletisme-Championnats-de-France-2024-Schrub-Loga-Mateo-le-resume-du-vendredi.png\",\"contentUrl\":\"https:\/\/dicodusport.fr\/blog\/wp-content\/uploads\/2024\/06\/Athletisme-Championnats-de-France-2024-Schrub-Loga-Mateo-le-resume-du-vendredi.png\",\"width\":1200,\"height\":674,\"caption\":\"Athl\u00e9tisme Championnats de France 2024 Schrub, Loga, Mat\u00e9o, le r\u00e9sum\u00e9 du vendredi\"},{\"@type\":\"BreadcrumbList\",\"@id\":\"https:\/\/dicodusport.fr\/blog\/athletisme-championnats-de-france-2024-schrub-loga-mateo-le-resume-du-vendredi\/#breadcrumb\",\"itemListElement\":[{\"@type\":\"ListItem\",\"position\":1,\"name\":\"Accueil\",\"item\":\"https:\/\/dicodusport.fr\/blog\/\"},{\"@type\":\"ListItem\",\"position\":2,\"name\":\"Athl\u00e9tisme Championnats de France 2024 : Schrub, Loga, Mat\u00e9o, le r\u00e9sum\u00e9 du vendredi\"}]},{\"@type\":\"WebSite\",\"@id\":\"https:\/\/dicodusport.fr\/blog\/#website\",\"url\":\"https:\/\/dicodusport.fr\/blog\/\",\"name\":\"Dicodusport\",\"description\":\"L&#039;encyclop\u00e9die de l&#039;actualit\u00e9 sportive\",\"publisher\":{\"@id\":\"https:\/\/dicodusport.fr\/blog\/#organization\"},\"potentialAction\":[{\"@type\":\"SearchAction\",\"target\":{\"@type\":\"EntryPoint\",\"urlTemplate\":\"https:\/\/dicodusport.fr\/blog\/?s={search_term_string}\"},\"query-input\":{\"@type\":\"PropertyValueSpecification\",\"valueRequired\":true,\"valueName\":\"search_term_string\"}}],\"inLanguage\":\"fr-FR\"},{\"@type\":\"NewsMediaOrganization\",\"@id\":\"https:\/\/dicodusport.fr\/blog\/#organization\",\"name\":\"Dicodusport\",\"url\":\"https:\/\/dicodusport.fr\/blog\/\",\"logo\":{\"@type\":\"ImageObject\",\"inLanguage\":\"fr-FR\",\"@id\":\"https:\/\/dicodusport.fr\/blog\/#\/schema\/logo\/image\/\",\"url\":\"https:\/\/dicodusport.fr\/blog\/wp-content\/uploads\/2020\/06\/cropped-LOGO-DICODUSPORT-2020-SANS-FOND-SANS-TEXTE.png\",\"contentUrl\":\"https:\/\/dicodusport.fr\/blog\/wp-content\/uploads\/2020\/06\/cropped-LOGO-DICODUSPORT-2020-SANS-FOND-SANS-TEXTE.png\",\"width\":512,\"height\":512,\"caption\":\"Dicodusport\"},\"image\":{\"@id\":\"https:\/\/dicodusport.fr\/blog\/#\/schema\/logo\/image\/\"},\"sameAs\":[\"https:\/\/www.facebook.com\/dicodusport\",\"https:\/\/x.com\/dicodusport\",\"https:\/\/www.instagram.com\/dicodusport\/\",\"https:\/\/www.youtube.com\/channel\/UC7V2KZ5sd3htJivAbA4ZG3w\"],\"description\":\"Dicodusport est l'encyclop\u00e9die de l'actualit\u00e9 sportive.\",\"email\":\"bonjour@dicodusport.fr\",\"legalName\":\"DICODUSPORT\",\"foundingDate\":\"2018-01-14\",\"vatID\":\"FR71834470973\",\"taxID\":\"83447097300043\",\"numberOfEmployees\":{\"@type\":\"QuantitativeValue\",\"minValue\":\"1\",\"maxValue\":\"10\"}},{\"@type\":\"Person\",\"@id\":\"https:\/\/dicodusport.fr\/blog\/#\/schema\/person\/d603dd7da31fb2b46c82b9835a77ec13\",\"name\":\"Etienne Goursaud\",\"image\":{\"@type\":\"ImageObject\",\"inLanguage\":\"fr-FR\",\"@id\":\"https:\/\/dicodusport.fr\/blog\/#\/schema\/person\/image\/\",\"url\":\"https:\/\/dicodusport.fr\/blog\/wp-content\/uploads\/2023\/12\/410122264_10231602061736049_5565839791558026645_n-150x150.jpg\",\"contentUrl\":\"https:\/\/dicodusport.fr\/blog\/wp-content\/uploads\/2023\/12\/410122264_10231602061736049_5565839791558026645_n-150x150.jpg\",\"caption\":\"Etienne Goursaud\"},\"description\":\"Journaliste et amoureux de sport. Ancien footballeur reconverti athl\u00e8te quand ses muscles le laissent tranquille. \u00c9lev\u00e9 \u00e0 la sauce des exploits de Thomas Voeckler en 2004, du dernier essai de l\u00e9gende de Eunice Barber \u00e0 la longueur lors des championnats du monde d'athl\u00e9tisme de 2003 mais aussi Zidane, Omeyer et Titou Lamaison.\",\"url\":\"https:\/\/dicodusport.fr\/blog\/author\/etienne-goursaud\/\"}]}<\/script>\n<!-- \/ Yoast SEO Premium plugin. -->","yoast_head_json":{"title":"Athl\u00e9tisme Championnats de France 2024 : Schrub, Loga, Mat\u00e9o, le r\u00e9sum\u00e9 du vendredi","description":"FRANCE ATHL\u00c9TISME 2024 - La premi\u00e8re journ\u00e9e de comp\u00e9tition a \u00e9t\u00e9 marqu\u00e9 par les titres de Yann Schrub, Rose Loga ou Pablo Mat\u00e9","robots":{"index":"index","follow":"follow","max-snippet":"max-snippet:-1","max-image-preview":"max-image-preview:large","max-video-preview":"max-video-preview:-1"},"canonical":"https:\/\/dicodusport.fr\/blog\/athletisme-championnats-de-france-2024-schrub-loga-mateo-le-resume-du-vendredi\/","og_locale":"fr_FR","og_type":"article","og_title":"Athl\u00e9tisme Championnats de France 2024 : Schrub, Loga, Mat\u00e9o, le r\u00e9sum\u00e9 du vendredi","og_description":"FRANCE ATHL\u00c9TISME 2024 - La premi\u00e8re journ\u00e9e de comp\u00e9tition a \u00e9t\u00e9 marqu\u00e9 par les titres de Yann Schrub, Rose Loga ou Pablo Mat\u00e9","og_url":"https:\/\/dicodusport.fr\/blog\/athletisme-championnats-de-france-2024-schrub-loga-mateo-le-resume-du-vendredi\/","og_site_name":"Dicodusport","article_publisher":"https:\/\/www.facebook.com\/dicodusport","article_published_time":"2024-06-28T20:03:58+00:00","article_modified_time":"2024-06-28T21:06:15+00:00","og_image":[{"width":1200,"height":674,"url":"https:\/\/dicodusport.fr\/blog\/wp-content\/uploads\/2024\/06\/Athletisme-Championnats-de-France-2024-Schrub-Loga-Mateo-le-resume-du-vendredi.png","type":"image\/png"}],"author":"Etienne Goursaud","twitter_card":"summary_large_image","twitter_title":"Athl\u00e9tisme Championnats de France 2024 : Schrub, Loga, Mat\u00e9o, le r\u00e9sum\u00e9 du vendredi","twitter_creator":"@dicodusport","twitter_site":"@dicodusport","schema":{"@context":"https:\/\/schema.org","@graph":[{"@type":"NewsArticle","@id":"https:\/\/dicodusport.fr\/blog\/athletisme-championnats-de-france-2024-schrub-loga-mateo-le-resume-du-vendredi\/#article","isPartOf":{"@id":"https:\/\/dicodusport.fr\/blog\/athletisme-championnats-de-france-2024-schrub-loga-mateo-le-resume-du-vendredi\/"},"author":{"name":"Etienne Goursaud","@id":"https:\/\/dicodusport.fr\/blog\/#\/schema\/person\/d603dd7da31fb2b46c82b9835a77ec13"},"headline":"Athl\u00e9tisme Championnats de France 2024 : Schrub, Loga, Mat\u00e9o, le r\u00e9sum\u00e9 du vendredi","datePublished":"2024-06-28T20:03:58+00:00","dateModified":"2024-06-28T21:06:15+00:00","mainEntityOfPage":{"@id":"https:\/\/dicodusport.fr\/blog\/athletisme-championnats-de-france-2024-schrub-loga-mateo-le-resume-du-vendredi\/"},"wordCount":1707,"commentCount":0,"publisher":{"@id":"https:\/\/dicodusport.fr\/blog\/#organization"},"image":{"@id":"https:\/\/dicodusport.fr\/blog\/athletisme-championnats-de-france-2024-schrub-loga-mateo-le-resume-du-vendredi\/#primaryimage"},"thumbnailUrl":"https:\/\/dicodusport.fr\/blog\/wp-content\/uploads\/2024\/06\/Athletisme-Championnats-de-France-2024-Schrub-Loga-Mateo-le-resume-du-vendredi.png","keywords":["actu","Athl\u00e9tisme","br\u00e8ve"],"articleSection":["Athl\u00e9tisme"],"inLanguage":"fr-FR","potentialAction":[{"@type":"CommentAction","name":"Comment","target":["https:\/\/dicodusport.fr\/blog\/athletisme-championnats-de-france-2024-schrub-loga-mateo-le-resume-du-vendredi\/#respond"]}],"copyrightYear":"2024","copyrightHolder":{"@id":"https:\/\/dicodusport.fr\/blog\/#organization"}},{"@type":"WebPage","@id":"https:\/\/dicodusport.fr\/blog\/athletisme-championnats-de-france-2024-schrub-loga-mateo-le-resume-du-vendredi\/","url":"https:\/\/dicodusport.fr\/blog\/athletisme-championnats-de-france-2024-schrub-loga-mateo-le-resume-du-vendredi\/","name":"Athl\u00e9tisme Championnats de France 2024 : Schrub, Loga, Mat\u00e9o, le r\u00e9sum\u00e9 du vendredi","isPartOf":{"@id":"https:\/\/dicodusport.fr\/blog\/#website"},"primaryImageOfPage":{"@id":"https:\/\/dicodusport.fr\/blog\/athletisme-championnats-de-france-2024-schrub-loga-mateo-le-resume-du-vendredi\/#primaryimage"},"image":{"@id":"https:\/\/dicodusport.fr\/blog\/athletisme-championnats-de-france-2024-schrub-loga-mateo-le-resume-du-vendredi\/#primaryimage"},"thumbnailUrl":"https:\/\/dicodusport.fr\/blog\/wp-content\/uploads\/2024\/06\/Athletisme-Championnats-de-France-2024-Schrub-Loga-Mateo-le-resume-du-vendredi.png","datePublished":"2024-06-28T20:03:58+00:00","dateModified":"2024-06-28T21:06:15+00:00","description":"FRANCE ATHL\u00c9TISME 2024 - La premi\u00e8re journ\u00e9e de comp\u00e9tition a \u00e9t\u00e9 marqu\u00e9 par les titres de Yann Schrub, Rose Loga ou Pablo Mat\u00e9","breadcrumb":{"@id":"https:\/\/dicodusport.fr\/blog\/athletisme-championnats-de-france-2024-schrub-loga-mateo-le-resume-du-vendredi\/#breadcrumb"},"inLanguage":"fr-FR","potentialAction":[{"@type":"ReadAction","target":["https:\/\/dicodusport.fr\/blog\/athletisme-championnats-de-france-2024-schrub-loga-mateo-le-resume-du-vendredi\/"]}]},{"@type":"ImageObject","inLanguage":"fr-FR","@id":"https:\/\/dicodusport.fr\/blog\/athletisme-championnats-de-france-2024-schrub-loga-mateo-le-resume-du-vendredi\/#primaryimage","url":"https:\/\/dicodusport.fr\/blog\/wp-content\/uploads\/2024\/06\/Athletisme-Championnats-de-France-2024-Schrub-Loga-Mateo-le-resume-du-vendredi.png","contentUrl":"https:\/\/dicodusport.fr\/blog\/wp-content\/uploads\/2024\/06\/Athletisme-Championnats-de-France-2024-Schrub-Loga-Mateo-le-resume-du-vendredi.png","width":1200,"height":674,"caption":"Athl\u00e9tisme Championnats de France 2024 Schrub, Loga, Mat\u00e9o, le r\u00e9sum\u00e9 du vendredi"},{"@type":"BreadcrumbList","@id":"https:\/\/dicodusport.fr\/blog\/athletisme-championnats-de-france-2024-schrub-loga-mateo-le-resume-du-vendredi\/#breadcrumb","itemListElement":[{"@type":"ListItem","position":1,"name":"Accueil","item":"https:\/\/dicodusport.fr\/blog\/"},{"@type":"ListItem","position":2,"name":"Athl\u00e9tisme Championnats de France 2024 : Schrub, Loga, Mat\u00e9o, le r\u00e9sum\u00e9 du vendredi"}]},{"@type":"WebSite","@id":"https:\/\/dicodusport.fr\/blog\/#website","url":"https:\/\/dicodusport.fr\/blog\/","name":"Dicodusport","description":"L&#039;encyclop\u00e9die de l&#039;actualit\u00e9 sportive","publisher":{"@id":"https:\/\/dicodusport.fr\/blog\/#organization"},"potentialAction":[{"@type":"SearchAction","target":{"@type":"EntryPoint","urlTemplate":"https:\/\/dicodusport.fr\/blog\/?s={search_term_string}"},"query-input":{"@type":"PropertyValueSpecification","valueRequired":true,"valueName":"search_term_string"}}],"inLanguage":"fr-FR"},{"@type":"NewsMediaOrganization","@id":"https:\/\/dicodusport.fr\/blog\/#organization","name":"Dicodusport","url":"https:\/\/dicodusport.fr\/blog\/","logo":{"@type":"ImageObject","inLanguage":"fr-FR","@id":"https:\/\/dicodusport.fr\/blog\/#\/schema\/logo\/image\/","url":"https:\/\/dicodusport.fr\/blog\/wp-content\/uploads\/2020\/06\/cropped-LOGO-DICODUSPORT-2020-SANS-FOND-SANS-TEXTE.png","contentUrl":"https:\/\/dicodusport.fr\/blog\/wp-content\/uploads\/2020\/06\/cropped-LOGO-DICODUSPORT-2020-SANS-FOND-SANS-TEXTE.png","width":512,"height":512,"caption":"Dicodusport"},"image":{"@id":"https:\/\/dicodusport.fr\/blog\/#\/schema\/logo\/image\/"},"sameAs":["https:\/\/www.facebook.com\/dicodusport","https:\/\/x.com\/dicodusport","https:\/\/www.instagram.com\/dicodusport\/","https:\/\/www.youtube.com\/channel\/UC7V2KZ5sd3htJivAbA4ZG3w"],"description":"Dicodusport est l'encyclop\u00e9die de l'actualit\u00e9 sportive.","email":"bonjour@dicodusport.fr","legalName":"DICODUSPORT","foundingDate":"2018-01-14","vatID":"FR71834470973","taxID":"83447097300043","numberOfEmployees":{"@type":"QuantitativeValue","minValue":"1","maxValue":"10"}},{"@type":"Person","@id":"https:\/\/dicodusport.fr\/blog\/#\/schema\/person\/d603dd7da31fb2b46c82b9835a77ec13","name":"Etienne Goursaud","image":{"@type":"ImageObject","inLanguage":"fr-FR","@id":"https:\/\/dicodusport.fr\/blog\/#\/schema\/person\/image\/","url":"https:\/\/dicodusport.fr\/blog\/wp-content\/uploads\/2023\/12\/410122264_10231602061736049_5565839791558026645_n-150x150.jpg","contentUrl":"https:\/\/dicodusport.fr\/blog\/wp-content\/uploads\/2023\/12\/410122264_10231602061736049_5565839791558026645_n-150x150.jpg","caption":"Etienne Goursaud"},"description":"Journaliste et amoureux de sport. Ancien footballeur reconverti athl\u00e8te quand ses muscles le laissent tranquille. \u00c9lev\u00e9 \u00e0 la sauce des exploits de Thomas Voeckler en 2004, du dernier essai de l\u00e9gende de Eunice Barber \u00e0 la longueur lors des championnats du monde d'athl\u00e9tisme de 2003 mais aussi Zidane, Omeyer et Titou Lamaison.","url":"https:\/\/dicodusport.fr\/blog\/author\/etienne-goursaud\/"}]}},"_links":{"self":[{"href":"https:\/\/dicodusport.fr\/blog\/wp-json\/wp\/v2\/posts\/496217","targetHints":{"allow":["GET"]}}],"collection":[{"href":"https:\/\/dicodusport.fr\/blog\/wp-json\/wp\/v2\/posts"}],"about":[{"href":"https:\/\/dicodusport.fr\/blog\/wp-json\/wp\/v2\/types\/post"}],"author":[{"embeddable":true,"href":"https:\/\/dicodusport.fr\/blog\/wp-json\/wp\/v2\/users\/83"}],"replies":[{"embeddable":true,"href":"https:\/\/dicodusport.fr\/blog\/wp-json\/wp\/v2\/comments?post=496217"}],"version-history":[{"count":5,"href":"https:\/\/dicodusport.fr\/blog\/wp-json\/wp\/v2\/posts\/496217\/revisions"}],"predecessor-version":[{"id":496342,"href":"https:\/\/dicodusport.fr\/blog\/wp-json\/wp\/v2\/posts\/496217\/revisions\/496342"}],"wp:featuredmedia":[{"embeddable":true,"href":"https:\/\/dicodusport.fr\/blog\/wp-json\/wp\/v2\/media\/496324"}],"wp:attachment":[{"href":"https:\/\/dicodusport.fr\/blog\/wp-json\/wp\/v2\/media?parent=496217"}],"wp:term":[{"taxonomy":"category","embeddable":true,"href":"https:\/\/dicodusport.fr\/blog\/wp-json\/wp\/v2\/categories?post=496217"},{"taxonomy":"post_tag","embeddable":true,"href":"https:\/\/dicodusport.fr\/blog\/wp-json\/wp\/v2\/tags?post=496217"}],"curies":[{"name":"wp","href":"https:\/\/api.w.org\/{rel}","templated":true}]}}