{"id":496400,"date":"2024-06-29T11:47:18","date_gmt":"2024-06-29T09:47:18","guid":{"rendered":"https:\/\/dicodusport.fr\/blog\/?p=496400&#038;preview=true&#038;preview_id=496400"},"modified":"2024-06-29T12:01:43","modified_gmt":"2024-06-29T10:01:43","slug":"motogp-pays-bas-2024-francesco-bagnaia-selancera-en-pole-position","status":"publish","type":"post","link":"https:\/\/dicodusport.fr\/blog\/motogp-pays-bas-2024-francesco-bagnaia-selancera-en-pole-position\/","title":{"rendered":"MotoGP Pays-Bas 2024 : Francesco Bagnaia s&rsquo;\u00e9lancera en pole position"},"content":{"rendered":"<p style=\"text-align: justify;\"><a href=\"https:\/\/dicodusport.fr\/blog\/motogp-pays-bas-2024-horaires-programme-tv-et-resultats\/\"><em><strong>MOTOGP &#8211; GRAND PRIX DES PAYS-BAS 2024<\/strong><\/em>\u00a0<\/a><em>&#8211; <strong>L&rsquo;Italien Francesco Bagnaia (Ducati) s&rsquo;est empar\u00e9 de la pole position sur le circuit d&rsquo;Assen<\/strong><\/em><em><b>. Intouchable et impressionnant depuis le d\u00e9but du week-end et signe sa 19\u00e8me pole position en MotoGP. Il devance son rival Jorge Martin (Pramac Ducati) pour 81 milli\u00e8mes et Maverick Vinales (Aprilia). Les Fran\u00e7ais Fabio Quartararo (Yamaha) et Johann Zarco (LCR Honda) et s&rsquo;\u00e9lanceront des 13\u00e8me et 19\u00e8me positions.\u00a0<\/b><\/em><\/p>\n<ul>\n<li style=\"text-align: justify;\"><strong>\u00c0 lire aussi &#8211; <\/strong><a href=\"https:\/\/dicodusport.fr\/blog\/motogp-assen-grille-de-depart-grand-prix-des-pays-bas-2024\/\"><strong>La grille de d\u00e9part du Grand Prix des Pays-Bas 2024<\/strong><\/a><\/li>\n<\/ul>\n<h2 style=\"text-align: justify;\">Acosta et Di Giannantonio s\u2019extirpent de la Q1<\/h2>\n<p style=\"text-align: justify;\">Sous un ciel ensoleill\u00e9 et sur une piste s\u00e8che \u00e0 Assen, les pilotes concern\u00e9s ont pris part \u00e0 la premi\u00e8re partie des qualifications de la neuvi\u00e8me manche de la saison. Parmi eux, nous retrouvions notamment les Fran\u00e7ais <strong>Johann Zarco<\/strong> (LCR Honda) et <strong>Fabio Quartararo<\/strong> (Yamaha), les deux Mooney VR46 de <strong>Fabio Di Giannantonio<\/strong> et <strong>Marco Bezzecchi <\/strong>ou encore le rookie <strong>Pedro Acosta <\/strong>(GasGas Tech3). Ce sont finalement ce dernier et <strong>Fabio Di Giannantonio <\/strong>qui se qualifient en Q2. Le Fran\u00e7ais <strong>Fabio Quartararo<\/strong> (Yamaha) s\u2019est class\u00e9 13<sup>\u00e8me<\/sup> alors que son compatriote <strong>Johann Zarco<\/strong> (LCR Honda) partira 19<sup>\u00e8me<\/sup> sur la grille de d\u00e9part.<\/p>\n<h2 style=\"text-align: justify;\">Francesco Bagnaia un poil devant Jorge Martin<\/h2>\n<p style=\"text-align: justify;\">Huit \u00e9quipes diff\u00e9rentes pr\u00e9sentaient au moins un pilote en Q2 aujourd\u2019hui. Alors que l\u2019on croyait que <strong>Francesco Bagnaia<\/strong> (Ducati) \u00e9tait imbattable, l\u2019Espagnol <strong>Jorge Martin <\/strong>(Pramac Ducati) a claqu\u00e9 le record de la piste lors de son premier run en 1:30.877. N\u00e9anmoins, c\u2019\u00e9tait sans compter sur l\u2019Italien qui a fini par se r\u00e9veiller dans sa deuxi\u00e8me tentative en 1:30.540. En for\u00e7ant pour rattraper les deux hommes, <strong>Marc Marquez<\/strong> (Gresini) a chut\u00e9.<\/p>\n<blockquote class=\"twitter-tweet\">\n<p dir=\"ltr\" lang=\"fr\">CHUTE DE MARC MARQUEZ \ud83d\ude31<\/p>\n<p>L&rsquo;Espagnol chute alors qu&rsquo;il tentait de d\u00e9passer Aleix Espargaro en Q2 \ud83d\ude2c<\/p>\n<p>Il s&rsquo;\u00e9lancera de la 7e position. <a href=\"https:\/\/twitter.com\/hashtag\/DutchGP?src=hash&amp;ref_src=twsrc%5Etfw\">#DutchGP<\/a> | <a href=\"https:\/\/twitter.com\/hashtag\/MotoGP?src=hash&amp;ref_src=twsrc%5Etfw\">#MotoGP<\/a> <a href=\"https:\/\/t.co\/GxrADw981e\">pic.twitter.com\/GxrADw981e<\/a><\/p>\n<p>\u2014 CANAL+ MotoGP\u2122 (@CanalplusMotoGP) <a href=\"https:\/\/twitter.com\/CanalplusMotoGP\/status\/1806986513906864228?ref_src=twsrc%5Etfw\">June 29, 2024<\/a><\/p><\/blockquote>\n<p><script async src=\"https:\/\/platform.twitter.com\/widgets.js\" charset=\"utf-8\"><\/script><\/p>\n<p style=\"text-align: justify;\">Finalement et malgr\u00e9 un effort consid\u00e9rable de <strong>Jorge Martin<\/strong>, <strong>Francesco Bagnaia <\/strong>a sign\u00e9 la 19<sup>\u00e8me<\/sup> pole position de sa carri\u00e8re en MotoGP. <b>Maverick Vi\u00f1ales<\/b>\u00a0(Aprilia) compl\u00e8te la premi\u00e8re ligne. Derri\u00e8re, <strong>Alex Marquez<\/strong> (Gresini) devance <b>Aleix Espargar\u00f3<\/b>\u00a0et <strong>Fabio Di Giannantonio<\/strong> (Mooney VR46) pour composer la deuxi\u00e8me ligne. Apr\u00e8s sa chute, <strong>Marc Marquez<\/strong> se classe 7<sup>\u00e8me<\/sup> devant <strong>Franco Morbidelli<\/strong> (Pramac Ducati) et <strong>Brad Binder<\/strong> (Red Bull KTM). Enfin, le rookie\u00a0<strong>Pedro Acosta <\/strong>(GasGas Tech3) compl\u00e8te le top 10. Rendez-vous cet apr\u00e8s-midi \u00e0 15h pour la course sprint sur <em>Canal+ Sport 360<\/em> ainsi que demain \u00e0 14h sur <em>Canal+<\/em> pour le <strong>Grand Prix des Pays-Bas 2024<\/strong>.<\/p>\n","protected":false},"excerpt":{"rendered":"<p>MOTOGP &#8211; GRAND PRIX DES PAYS-BAS 2024\u00a0&#8211; L&rsquo;Italien Francesco Bagnaia (Ducati) s&rsquo;est empar\u00e9 de la pole position sur le circuit d&rsquo;Assen.<\/p>\n","protected":false},"author":54,"featured_media":496414,"comment_status":"open","ping_status":"closed","sticky":false,"template":"","format":"standard","meta":{"_acf_changed":false,"_daextam_enable_autolinks":"1","footnotes":""},"categories":[47087],"tags":[16878,17577,10938,17576],"class_list":["post-496400","post","type-post","status-publish","format-standard","has-post-thumbnail","hentry","category-motogp","tag-breve","tag-grand-prix-des-pays-bas-motogp","tag-motogp","tag-motogp-pays-bas"],"acf":[],"yoast_head":"<!-- This site is optimized with the Yoast SEO Premium plugin v26.7 (Yoast SEO v26.7) - https:\/\/yoast.com\/wordpress\/plugins\/seo\/ -->\n<title>MotoGP Pays-Bas 2024 : Francesco Bagnaia s&#039;\u00e9lancera en pole position<\/title>\n<meta name=\"description\" content=\"MOTOGP - GRAND PRIX DES PAYS-BAS 2024\u00a0- L&#039;Italien Francesco Bagnaia (Ducati) a sign\u00e9 la pole position sur le circuit d&#039;Assen.\" \/>\n<meta name=\"robots\" content=\"index, follow, max-snippet:-1, max-image-preview:large, max-video-preview:-1\" \/>\n<link rel=\"canonical\" href=\"https:\/\/dicodusport.fr\/blog\/motogp-pays-bas-2024-francesco-bagnaia-selancera-en-pole-position\/\" \/>\n<meta property=\"og:locale\" content=\"fr_FR\" \/>\n<meta property=\"og:type\" content=\"article\" \/>\n<meta property=\"og:title\" content=\"MotoGP Pays-Bas 2024 : Francesco Bagnaia s&#039;\u00e9lancera en pole position\" \/>\n<meta property=\"og:description\" content=\"MOTOGP - GRAND PRIX DES PAYS-BAS 2024\u00a0- L&#039;Italien Francesco Bagnaia (Ducati) a sign\u00e9 la pole position sur le circuit d&#039;Assen.\" \/>\n<meta property=\"og:url\" content=\"https:\/\/dicodusport.fr\/blog\/motogp-pays-bas-2024-francesco-bagnaia-selancera-en-pole-position\/\" \/>\n<meta property=\"og:site_name\" content=\"Dicodusport\" \/>\n<meta property=\"article:publisher\" content=\"https:\/\/www.facebook.com\/dicodusport\" \/>\n<meta property=\"article:author\" content=\"https:\/\/www.facebook.com\/roxane.lecacher\" \/>\n<meta property=\"article:published_time\" content=\"2024-06-29T09:47:18+00:00\" \/>\n<meta property=\"article:modified_time\" content=\"2024-06-29T10:01:43+00:00\" \/>\n<meta property=\"og:image\" content=\"https:\/\/dicodusport.fr\/blog\/wp-content\/uploads\/2024\/06\/MotoGP-Pays-Bas-2024-Francesco-Bagnaia-selancera-en-pole-position.png\" \/>\n\t<meta property=\"og:image:width\" content=\"1200\" \/>\n\t<meta property=\"og:image:height\" content=\"674\" \/>\n\t<meta property=\"og:image:type\" content=\"image\/png\" \/>\n<meta name=\"author\" content=\"Roxane Lecacher\" \/>\n<meta name=\"twitter:card\" content=\"summary_large_image\" \/>\n<meta name=\"twitter:title\" content=\"MotoGP Pays-Bas 2024 : Francesco Bagnaia s&#039;\u00e9lancera en pole position\" \/>\n<meta name=\"twitter:creator\" content=\"@dicodusport\" \/>\n<meta name=\"twitter:site\" content=\"@dicodusport\" \/>\n<script type=\"application\/ld+json\" class=\"yoast-schema-graph\">{\"@context\":\"https:\/\/schema.org\",\"@graph\":[{\"@type\":\"NewsArticle\",\"@id\":\"https:\/\/dicodusport.fr\/blog\/motogp-pays-bas-2024-francesco-bagnaia-selancera-en-pole-position\/#article\",\"isPartOf\":{\"@id\":\"https:\/\/dicodusport.fr\/blog\/motogp-pays-bas-2024-francesco-bagnaia-selancera-en-pole-position\/\"},\"author\":{\"name\":\"Roxane Lecacher\",\"@id\":\"https:\/\/dicodusport.fr\/blog\/#\/schema\/person\/819fb2545dd2715bd7c0580d6d4b411a\"},\"headline\":\"MotoGP Pays-Bas 2024 : Francesco Bagnaia s&rsquo;\u00e9lancera en pole position\",\"datePublished\":\"2024-06-29T09:47:18+00:00\",\"dateModified\":\"2024-06-29T10:01:43+00:00\",\"mainEntityOfPage\":{\"@id\":\"https:\/\/dicodusport.fr\/blog\/motogp-pays-bas-2024-francesco-bagnaia-selancera-en-pole-position\/\"},\"wordCount\":444,\"commentCount\":0,\"publisher\":{\"@id\":\"https:\/\/dicodusport.fr\/blog\/#organization\"},\"image\":{\"@id\":\"https:\/\/dicodusport.fr\/blog\/motogp-pays-bas-2024-francesco-bagnaia-selancera-en-pole-position\/#primaryimage\"},\"thumbnailUrl\":\"https:\/\/dicodusport.fr\/blog\/wp-content\/uploads\/2024\/06\/MotoGP-Pays-Bas-2024-Francesco-Bagnaia-selancera-en-pole-position.png\",\"keywords\":[\"br\u00e8ve\",\"Grand Prix des Pays-Bas MotoGP\",\"MotoGP\",\"MotoGP Pays-Bas\"],\"articleSection\":[\"MotoGP\"],\"inLanguage\":\"fr-FR\",\"potentialAction\":[{\"@type\":\"CommentAction\",\"name\":\"Comment\",\"target\":[\"https:\/\/dicodusport.fr\/blog\/motogp-pays-bas-2024-francesco-bagnaia-selancera-en-pole-position\/#respond\"]}],\"copyrightYear\":\"2024\",\"copyrightHolder\":{\"@id\":\"https:\/\/dicodusport.fr\/blog\/#organization\"}},{\"@type\":\"WebPage\",\"@id\":\"https:\/\/dicodusport.fr\/blog\/motogp-pays-bas-2024-francesco-bagnaia-selancera-en-pole-position\/\",\"url\":\"https:\/\/dicodusport.fr\/blog\/motogp-pays-bas-2024-francesco-bagnaia-selancera-en-pole-position\/\",\"name\":\"MotoGP Pays-Bas 2024 : Francesco Bagnaia s'\u00e9lancera en pole position\",\"isPartOf\":{\"@id\":\"https:\/\/dicodusport.fr\/blog\/#website\"},\"primaryImageOfPage\":{\"@id\":\"https:\/\/dicodusport.fr\/blog\/motogp-pays-bas-2024-francesco-bagnaia-selancera-en-pole-position\/#primaryimage\"},\"image\":{\"@id\":\"https:\/\/dicodusport.fr\/blog\/motogp-pays-bas-2024-francesco-bagnaia-selancera-en-pole-position\/#primaryimage\"},\"thumbnailUrl\":\"https:\/\/dicodusport.fr\/blog\/wp-content\/uploads\/2024\/06\/MotoGP-Pays-Bas-2024-Francesco-Bagnaia-selancera-en-pole-position.png\",\"datePublished\":\"2024-06-29T09:47:18+00:00\",\"dateModified\":\"2024-06-29T10:01:43+00:00\",\"description\":\"MOTOGP - GRAND PRIX DES PAYS-BAS 2024\u00a0- L'Italien Francesco Bagnaia (Ducati) a sign\u00e9 la pole position sur le circuit d'Assen.\",\"breadcrumb\":{\"@id\":\"https:\/\/dicodusport.fr\/blog\/motogp-pays-bas-2024-francesco-bagnaia-selancera-en-pole-position\/#breadcrumb\"},\"inLanguage\":\"fr-FR\",\"potentialAction\":[{\"@type\":\"ReadAction\",\"target\":[\"https:\/\/dicodusport.fr\/blog\/motogp-pays-bas-2024-francesco-bagnaia-selancera-en-pole-position\/\"]}]},{\"@type\":\"ImageObject\",\"inLanguage\":\"fr-FR\",\"@id\":\"https:\/\/dicodusport.fr\/blog\/motogp-pays-bas-2024-francesco-bagnaia-selancera-en-pole-position\/#primaryimage\",\"url\":\"https:\/\/dicodusport.fr\/blog\/wp-content\/uploads\/2024\/06\/MotoGP-Pays-Bas-2024-Francesco-Bagnaia-selancera-en-pole-position.png\",\"contentUrl\":\"https:\/\/dicodusport.fr\/blog\/wp-content\/uploads\/2024\/06\/MotoGP-Pays-Bas-2024-Francesco-Bagnaia-selancera-en-pole-position.png\",\"width\":1200,\"height\":674,\"caption\":\"MotoGP Pays-Bas 2024 Francesco Bagnaia s'\u00e9lancera en pole position\"},{\"@type\":\"BreadcrumbList\",\"@id\":\"https:\/\/dicodusport.fr\/blog\/motogp-pays-bas-2024-francesco-bagnaia-selancera-en-pole-position\/#breadcrumb\",\"itemListElement\":[{\"@type\":\"ListItem\",\"position\":1,\"name\":\"Accueil\",\"item\":\"https:\/\/dicodusport.fr\/blog\/\"},{\"@type\":\"ListItem\",\"position\":2,\"name\":\"MotoGP Pays-Bas 2024 : Francesco Bagnaia s&rsquo;\u00e9lancera en pole position\"}]},{\"@type\":\"WebSite\",\"@id\":\"https:\/\/dicodusport.fr\/blog\/#website\",\"url\":\"https:\/\/dicodusport.fr\/blog\/\",\"name\":\"Dicodusport\",\"description\":\"L&#039;encyclop\u00e9die de l&#039;actualit\u00e9 sportive\",\"publisher\":{\"@id\":\"https:\/\/dicodusport.fr\/blog\/#organization\"},\"potentialAction\":[{\"@type\":\"SearchAction\",\"target\":{\"@type\":\"EntryPoint\",\"urlTemplate\":\"https:\/\/dicodusport.fr\/blog\/?s={search_term_string}\"},\"query-input\":{\"@type\":\"PropertyValueSpecification\",\"valueRequired\":true,\"valueName\":\"search_term_string\"}}],\"inLanguage\":\"fr-FR\"},{\"@type\":\"NewsMediaOrganization\",\"@id\":\"https:\/\/dicodusport.fr\/blog\/#organization\",\"name\":\"Dicodusport\",\"url\":\"https:\/\/dicodusport.fr\/blog\/\",\"logo\":{\"@type\":\"ImageObject\",\"inLanguage\":\"fr-FR\",\"@id\":\"https:\/\/dicodusport.fr\/blog\/#\/schema\/logo\/image\/\",\"url\":\"https:\/\/dicodusport.fr\/blog\/wp-content\/uploads\/2020\/06\/cropped-LOGO-DICODUSPORT-2020-SANS-FOND-SANS-TEXTE.png\",\"contentUrl\":\"https:\/\/dicodusport.fr\/blog\/wp-content\/uploads\/2020\/06\/cropped-LOGO-DICODUSPORT-2020-SANS-FOND-SANS-TEXTE.png\",\"width\":512,\"height\":512,\"caption\":\"Dicodusport\"},\"image\":{\"@id\":\"https:\/\/dicodusport.fr\/blog\/#\/schema\/logo\/image\/\"},\"sameAs\":[\"https:\/\/www.facebook.com\/dicodusport\",\"https:\/\/x.com\/dicodusport\",\"https:\/\/www.instagram.com\/dicodusport\/\",\"https:\/\/www.youtube.com\/channel\/UC7V2KZ5sd3htJivAbA4ZG3w\"],\"description\":\"Dicodusport est l'encyclop\u00e9die de l'actualit\u00e9 sportive.\",\"email\":\"bonjour@dicodusport.fr\",\"legalName\":\"DICODUSPORT\",\"foundingDate\":\"2018-01-14\",\"vatID\":\"FR71834470973\",\"taxID\":\"83447097300043\",\"numberOfEmployees\":{\"@type\":\"QuantitativeValue\",\"minValue\":\"1\",\"maxValue\":\"10\"}},{\"@type\":\"Person\",\"@id\":\"https:\/\/dicodusport.fr\/blog\/#\/schema\/person\/819fb2545dd2715bd7c0580d6d4b411a\",\"name\":\"Roxane Lecacher\",\"image\":{\"@type\":\"ImageObject\",\"inLanguage\":\"fr-FR\",\"@id\":\"https:\/\/dicodusport.fr\/blog\/#\/schema\/person\/image\/\",\"url\":\"https:\/\/dicodusport.fr\/blog\/wp-content\/uploads\/2021\/05\/Roxane-Lecacher-150x150.jpg\",\"contentUrl\":\"https:\/\/dicodusport.fr\/blog\/wp-content\/uploads\/2021\/05\/Roxane-Lecacher-150x150.jpg\",\"caption\":\"Roxane Lecacher\"},\"description\":\"Journaliste\/r\u00e9dactrice depuis janvier 2021 - N\u00e9e quelques jours avant la premi\u00e8re \u00e9toile des Bleus, je baigne dans une famille tr\u00e8s sportive. Je n\u2019ai eu d\u2019autres choix que de me passionner pour le sujet. Pratiquante de l\u2019athl\u00e9tisme depuis toute petite, j\u2019ai aussi un attrait tout particulier pour la Formule 1, le biathlon et le foot. Pendant les grands \u00e9v\u00e9nements, il est impossible de d\u00e9crocher de ma t\u00e9l\u00e9. C\u2019est \u00e0 travers Dicodusport que j\u2019aime d\u00e9sormais vous transmettre mes \u00e9motions et ma passion.\",\"sameAs\":[\"https:\/\/www.facebook.com\/roxane.lecacher\",\"https:\/\/fr.linkedin.com\/in\/roxane-lecacher-23368313b\"],\"url\":\"https:\/\/dicodusport.fr\/blog\/author\/roxanel\/\"}]}<\/script>\n<!-- \/ Yoast SEO Premium plugin. -->","yoast_head_json":{"title":"MotoGP Pays-Bas 2024 : Francesco Bagnaia s'\u00e9lancera en pole position","description":"MOTOGP - GRAND PRIX DES PAYS-BAS 2024\u00a0- L'Italien Francesco Bagnaia (Ducati) a sign\u00e9 la pole position sur le circuit d'Assen.","robots":{"index":"index","follow":"follow","max-snippet":"max-snippet:-1","max-image-preview":"max-image-preview:large","max-video-preview":"max-video-preview:-1"},"canonical":"https:\/\/dicodusport.fr\/blog\/motogp-pays-bas-2024-francesco-bagnaia-selancera-en-pole-position\/","og_locale":"fr_FR","og_type":"article","og_title":"MotoGP Pays-Bas 2024 : Francesco Bagnaia s'\u00e9lancera en pole position","og_description":"MOTOGP - GRAND PRIX DES PAYS-BAS 2024\u00a0- L'Italien Francesco Bagnaia (Ducati) a sign\u00e9 la pole position sur le circuit d'Assen.","og_url":"https:\/\/dicodusport.fr\/blog\/motogp-pays-bas-2024-francesco-bagnaia-selancera-en-pole-position\/","og_site_name":"Dicodusport","article_publisher":"https:\/\/www.facebook.com\/dicodusport","article_author":"https:\/\/www.facebook.com\/roxane.lecacher","article_published_time":"2024-06-29T09:47:18+00:00","article_modified_time":"2024-06-29T10:01:43+00:00","og_image":[{"width":1200,"height":674,"url":"https:\/\/dicodusport.fr\/blog\/wp-content\/uploads\/2024\/06\/MotoGP-Pays-Bas-2024-Francesco-Bagnaia-selancera-en-pole-position.png","type":"image\/png"}],"author":"Roxane Lecacher","twitter_card":"summary_large_image","twitter_title":"MotoGP Pays-Bas 2024 : Francesco Bagnaia s'\u00e9lancera en pole position","twitter_creator":"@dicodusport","twitter_site":"@dicodusport","schema":{"@context":"https:\/\/schema.org","@graph":[{"@type":"NewsArticle","@id":"https:\/\/dicodusport.fr\/blog\/motogp-pays-bas-2024-francesco-bagnaia-selancera-en-pole-position\/#article","isPartOf":{"@id":"https:\/\/dicodusport.fr\/blog\/motogp-pays-bas-2024-francesco-bagnaia-selancera-en-pole-position\/"},"author":{"name":"Roxane Lecacher","@id":"https:\/\/dicodusport.fr\/blog\/#\/schema\/person\/819fb2545dd2715bd7c0580d6d4b411a"},"headline":"MotoGP Pays-Bas 2024 : Francesco Bagnaia s&rsquo;\u00e9lancera en pole position","datePublished":"2024-06-29T09:47:18+00:00","dateModified":"2024-06-29T10:01:43+00:00","mainEntityOfPage":{"@id":"https:\/\/dicodusport.fr\/blog\/motogp-pays-bas-2024-francesco-bagnaia-selancera-en-pole-position\/"},"wordCount":444,"commentCount":0,"publisher":{"@id":"https:\/\/dicodusport.fr\/blog\/#organization"},"image":{"@id":"https:\/\/dicodusport.fr\/blog\/motogp-pays-bas-2024-francesco-bagnaia-selancera-en-pole-position\/#primaryimage"},"thumbnailUrl":"https:\/\/dicodusport.fr\/blog\/wp-content\/uploads\/2024\/06\/MotoGP-Pays-Bas-2024-Francesco-Bagnaia-selancera-en-pole-position.png","keywords":["br\u00e8ve","Grand Prix des Pays-Bas MotoGP","MotoGP","MotoGP Pays-Bas"],"articleSection":["MotoGP"],"inLanguage":"fr-FR","potentialAction":[{"@type":"CommentAction","name":"Comment","target":["https:\/\/dicodusport.fr\/blog\/motogp-pays-bas-2024-francesco-bagnaia-selancera-en-pole-position\/#respond"]}],"copyrightYear":"2024","copyrightHolder":{"@id":"https:\/\/dicodusport.fr\/blog\/#organization"}},{"@type":"WebPage","@id":"https:\/\/dicodusport.fr\/blog\/motogp-pays-bas-2024-francesco-bagnaia-selancera-en-pole-position\/","url":"https:\/\/dicodusport.fr\/blog\/motogp-pays-bas-2024-francesco-bagnaia-selancera-en-pole-position\/","name":"MotoGP Pays-Bas 2024 : Francesco Bagnaia s'\u00e9lancera en pole position","isPartOf":{"@id":"https:\/\/dicodusport.fr\/blog\/#website"},"primaryImageOfPage":{"@id":"https:\/\/dicodusport.fr\/blog\/motogp-pays-bas-2024-francesco-bagnaia-selancera-en-pole-position\/#primaryimage"},"image":{"@id":"https:\/\/dicodusport.fr\/blog\/motogp-pays-bas-2024-francesco-bagnaia-selancera-en-pole-position\/#primaryimage"},"thumbnailUrl":"https:\/\/dicodusport.fr\/blog\/wp-content\/uploads\/2024\/06\/MotoGP-Pays-Bas-2024-Francesco-Bagnaia-selancera-en-pole-position.png","datePublished":"2024-06-29T09:47:18+00:00","dateModified":"2024-06-29T10:01:43+00:00","description":"MOTOGP - GRAND PRIX DES PAYS-BAS 2024\u00a0- L'Italien Francesco Bagnaia (Ducati) a sign\u00e9 la pole position sur le circuit d'Assen.","breadcrumb":{"@id":"https:\/\/dicodusport.fr\/blog\/motogp-pays-bas-2024-francesco-bagnaia-selancera-en-pole-position\/#breadcrumb"},"inLanguage":"fr-FR","potentialAction":[{"@type":"ReadAction","target":["https:\/\/dicodusport.fr\/blog\/motogp-pays-bas-2024-francesco-bagnaia-selancera-en-pole-position\/"]}]},{"@type":"ImageObject","inLanguage":"fr-FR","@id":"https:\/\/dicodusport.fr\/blog\/motogp-pays-bas-2024-francesco-bagnaia-selancera-en-pole-position\/#primaryimage","url":"https:\/\/dicodusport.fr\/blog\/wp-content\/uploads\/2024\/06\/MotoGP-Pays-Bas-2024-Francesco-Bagnaia-selancera-en-pole-position.png","contentUrl":"https:\/\/dicodusport.fr\/blog\/wp-content\/uploads\/2024\/06\/MotoGP-Pays-Bas-2024-Francesco-Bagnaia-selancera-en-pole-position.png","width":1200,"height":674,"caption":"MotoGP Pays-Bas 2024 Francesco Bagnaia s'\u00e9lancera en pole position"},{"@type":"BreadcrumbList","@id":"https:\/\/dicodusport.fr\/blog\/motogp-pays-bas-2024-francesco-bagnaia-selancera-en-pole-position\/#breadcrumb","itemListElement":[{"@type":"ListItem","position":1,"name":"Accueil","item":"https:\/\/dicodusport.fr\/blog\/"},{"@type":"ListItem","position":2,"name":"MotoGP Pays-Bas 2024 : Francesco Bagnaia s&rsquo;\u00e9lancera en pole position"}]},{"@type":"WebSite","@id":"https:\/\/dicodusport.fr\/blog\/#website","url":"https:\/\/dicodusport.fr\/blog\/","name":"Dicodusport","description":"L&#039;encyclop\u00e9die de l&#039;actualit\u00e9 sportive","publisher":{"@id":"https:\/\/dicodusport.fr\/blog\/#organization"},"potentialAction":[{"@type":"SearchAction","target":{"@type":"EntryPoint","urlTemplate":"https:\/\/dicodusport.fr\/blog\/?s={search_term_string}"},"query-input":{"@type":"PropertyValueSpecification","valueRequired":true,"valueName":"search_term_string"}}],"inLanguage":"fr-FR"},{"@type":"NewsMediaOrganization","@id":"https:\/\/dicodusport.fr\/blog\/#organization","name":"Dicodusport","url":"https:\/\/dicodusport.fr\/blog\/","logo":{"@type":"ImageObject","inLanguage":"fr-FR","@id":"https:\/\/dicodusport.fr\/blog\/#\/schema\/logo\/image\/","url":"https:\/\/dicodusport.fr\/blog\/wp-content\/uploads\/2020\/06\/cropped-LOGO-DICODUSPORT-2020-SANS-FOND-SANS-TEXTE.png","contentUrl":"https:\/\/dicodusport.fr\/blog\/wp-content\/uploads\/2020\/06\/cropped-LOGO-DICODUSPORT-2020-SANS-FOND-SANS-TEXTE.png","width":512,"height":512,"caption":"Dicodusport"},"image":{"@id":"https:\/\/dicodusport.fr\/blog\/#\/schema\/logo\/image\/"},"sameAs":["https:\/\/www.facebook.com\/dicodusport","https:\/\/x.com\/dicodusport","https:\/\/www.instagram.com\/dicodusport\/","https:\/\/www.youtube.com\/channel\/UC7V2KZ5sd3htJivAbA4ZG3w"],"description":"Dicodusport est l'encyclop\u00e9die de l'actualit\u00e9 sportive.","email":"bonjour@dicodusport.fr","legalName":"DICODUSPORT","foundingDate":"2018-01-14","vatID":"FR71834470973","taxID":"83447097300043","numberOfEmployees":{"@type":"QuantitativeValue","minValue":"1","maxValue":"10"}},{"@type":"Person","@id":"https:\/\/dicodusport.fr\/blog\/#\/schema\/person\/819fb2545dd2715bd7c0580d6d4b411a","name":"Roxane Lecacher","image":{"@type":"ImageObject","inLanguage":"fr-FR","@id":"https:\/\/dicodusport.fr\/blog\/#\/schema\/person\/image\/","url":"https:\/\/dicodusport.fr\/blog\/wp-content\/uploads\/2021\/05\/Roxane-Lecacher-150x150.jpg","contentUrl":"https:\/\/dicodusport.fr\/blog\/wp-content\/uploads\/2021\/05\/Roxane-Lecacher-150x150.jpg","caption":"Roxane Lecacher"},"description":"Journaliste\/r\u00e9dactrice depuis janvier 2021 - N\u00e9e quelques jours avant la premi\u00e8re \u00e9toile des Bleus, je baigne dans une famille tr\u00e8s sportive. Je n\u2019ai eu d\u2019autres choix que de me passionner pour le sujet. Pratiquante de l\u2019athl\u00e9tisme depuis toute petite, j\u2019ai aussi un attrait tout particulier pour la Formule 1, le biathlon et le foot. Pendant les grands \u00e9v\u00e9nements, il est impossible de d\u00e9crocher de ma t\u00e9l\u00e9. C\u2019est \u00e0 travers Dicodusport que j\u2019aime d\u00e9sormais vous transmettre mes \u00e9motions et ma passion.","sameAs":["https:\/\/www.facebook.com\/roxane.lecacher","https:\/\/fr.linkedin.com\/in\/roxane-lecacher-23368313b"],"url":"https:\/\/dicodusport.fr\/blog\/author\/roxanel\/"}]}},"_links":{"self":[{"href":"https:\/\/dicodusport.fr\/blog\/wp-json\/wp\/v2\/posts\/496400","targetHints":{"allow":["GET"]}}],"collection":[{"href":"https:\/\/dicodusport.fr\/blog\/wp-json\/wp\/v2\/posts"}],"about":[{"href":"https:\/\/dicodusport.fr\/blog\/wp-json\/wp\/v2\/types\/post"}],"author":[{"embeddable":true,"href":"https:\/\/dicodusport.fr\/blog\/wp-json\/wp\/v2\/users\/54"}],"replies":[{"embeddable":true,"href":"https:\/\/dicodusport.fr\/blog\/wp-json\/wp\/v2\/comments?post=496400"}],"version-history":[{"count":4,"href":"https:\/\/dicodusport.fr\/blog\/wp-json\/wp\/v2\/posts\/496400\/revisions"}],"predecessor-version":[{"id":496426,"href":"https:\/\/dicodusport.fr\/blog\/wp-json\/wp\/v2\/posts\/496400\/revisions\/496426"}],"wp:featuredmedia":[{"embeddable":true,"href":"https:\/\/dicodusport.fr\/blog\/wp-json\/wp\/v2\/media\/496414"}],"wp:attachment":[{"href":"https:\/\/dicodusport.fr\/blog\/wp-json\/wp\/v2\/media?parent=496400"}],"wp:term":[{"taxonomy":"category","embeddable":true,"href":"https:\/\/dicodusport.fr\/blog\/wp-json\/wp\/v2\/categories?post=496400"},{"taxonomy":"post_tag","embeddable":true,"href":"https:\/\/dicodusport.fr\/blog\/wp-json\/wp\/v2\/tags?post=496400"}],"curies":[{"name":"wp","href":"https:\/\/api.w.org\/{rel}","templated":true}]}}