{"id":496461,"date":"2024-06-29T18:01:20","date_gmt":"2024-06-29T16:01:20","guid":{"rendered":"https:\/\/dicodusport.fr\/blog\/?p=496461&#038;preview=true&#038;preview_id=496461"},"modified":"2024-06-29T18:43:40","modified_gmt":"2024-06-29T16:43:40","slug":"tour-de-france-2024-1ere-etape-et-maillot-jaune-la-consecration-pour-romain-bardet","status":"publish","type":"post","link":"https:\/\/dicodusport.fr\/blog\/tour-de-france-2024-1ere-etape-et-maillot-jaune-la-consecration-pour-romain-bardet\/","title":{"rendered":"Tour de France 2024 : 1\u00e8re \u00e9tape et maillot jaune, la cons\u00e9cration pour Romain Bardet"},"content":{"rendered":"<p style=\"text-align: justify;\" align=\"justify\"><em><a style=\"font-weight: bold;\" href=\"https:\/\/dicodusport.fr\/blog\/actualites\/cyclisme\/tour-de-france-2024\/\">TOUR DE FRANCE 2024<\/a><b> &#8211; Romain Bardet (Team DSM-Firmenich Post NL) s&rsquo;est impos\u00e9 sur la premi\u00e8re \u00e9tape \u00e0<span class=\"red\">\u00a0<\/span><span class=\"red\">Rimini, samedi<\/span><span class=\"red fw400\">, devant son \u00e9quipier Frank van den Broek. Bardet va porter pour la premi\u00e8re fois de sa carri\u00e8re le maillot jaune.\u00a0<\/span><\/b><\/em><\/p>\n<ul style=\"text-align: justify;\">\n<li><strong>\u00c0 ce sujet \u2013\u00a0<a href=\"https:\/\/dicodusport.fr\/blog\/tour-de-france-2024-classement-1ere-etape\/\">Tour de France 2024 &#8211; Classement 1\u00e8re \u00e9tape<\/a><\/strong><\/li>\n<li><strong>\u00c0 ce sujet \u2013 <a href=\"https:\/\/dicodusport.fr\/blog\/tour-de-france-2024-classement-general-maillot-jaune\/\">Tour de France 2024 &#8211; Classement g\u00e9n\u00e9ral<\/a><\/strong><\/li>\n<\/ul>\n<p style=\"text-align: justify;\">Malheureusement, le 117\u00e8me Tour de France a mal d\u00e9but\u00e9 pour <strong>Jan Hirt<\/strong> (Soudal-QuickStep) puisque le grimpeur tch\u00e8que s&rsquo;est cass\u00e9 trois dents avant le d\u00e9part de la 1\u02b3\u1d49 \u00e9tape \u00e0 cause du sac d&rsquo;un spectateur. N\u00e9anmoins, le huiti\u00e8me du Tour d&rsquo;Italie a pu s&rsquo;\u00e9lancer de Florence.<\/p>\n<h2 style=\"text-align: justify;\">Une \u00e9chapp\u00e9e fleuve<\/h2>\n<p style=\"text-align: justify;\">Apr\u00e8s un d\u00e9but de course tr\u00e8s anim\u00e9, un groupe de 7 a r\u00e9ussi \u00e0 sortir \u00e0 l&rsquo;avant de la course avec <strong>Valentin Madouas<\/strong> (Groupama-FDJ), <strong>Matej Mohoric<\/strong> (Bahrain-Victorious), <strong>Cl\u00e9ment Champoussin<\/strong> (Ark\u00e9a-B&amp;B H\u00f4tels), <strong>Ion Izagirre<\/strong> (Cofidis), <strong>Sandy Dujardin, Matt\u00e9o Vercher<\/strong> (TotalEnergies) et <strong>Frank van den Broeck<\/strong> (Team DSM-Firmenich Post NL). <strong>Jonas Abrahamsen<\/strong> (Uno-X Mobility) a r\u00e9ussi \u00e0 revenir sur l&rsquo;\u00e9chapp\u00e9e, avec dans son sillage le champion d&rsquo;Afrique du Sud <strong>Ryan Gibbons<\/strong> (Lidl-Trek).<\/p>\n<p style=\"text-align: justify;\">Dans la premi\u00e8re difficult\u00e9 du jour, le Valico Tre Faggi, <strong>Matt\u00e9o Vercher<\/strong> (TotalEnergies) a \u00e9t\u00e9 distanc\u00e9 de l&rsquo;\u00e9chapp\u00e9e. <strong>Ion Izagirre<\/strong> (Cofidis) a pris les 5 points au classement de la montagne au sommet devant <strong>Valentin Madouas<\/strong> (Groupama FDJ) alors que le peloton a accus\u00e9 un retard de six minutes, sous l&rsquo;impulsion de l&rsquo;\u00e9quipe UAE Team Emirates. L\u00e2ch\u00e9 d\u00e8s la premi\u00e8re mont\u00e9e, <strong>Mark Cavendish<\/strong> (Astana Qazakstan), accompagn\u00e9 de quatre \u00e9quipiers, \u00e9tait point\u00e9 \u00e0 plus de 10 minutes de la t\u00eate de course. Le sprinteur n\u00e9erlandais <strong>Fabio Jakobsen<\/strong> (Team DSM-Firmenich Post NL) \u00e9tait dans la m\u00eame situation.<\/p>\n<p style=\"text-align: justify;\">Puis, <strong>Ion Izagirre<\/strong> (Cofidis) a ajout\u00e9 deux points pour le classement de la montagne en passant en premier au sommet de la c\u00f4te des Forche tandis que le peloton s&rsquo;est rapproch\u00e9 \u00e0 3 minutes 30 gr\u00e2ce au travail de la formation EF Education EasyPost. <strong>Sandy Dujardin<\/strong> (TotalEnergies) est pass\u00e9 en t\u00eate au sprint interm\u00e9diaire devant <strong>Jonas Abrahamsen<\/strong> (Uno-X Mobility). Dans le peloton, <strong>Jasper Philipsen<\/strong> (Alpecin-Deceuninck) est pass\u00e9 devant <strong>Mads Pedersen<\/strong> (Lidl Trek) et <strong>Sam Bennett<\/strong> (Decathlon AG2r La Mondiale). Le double maillot vert a r\u00e9cup\u00e9r\u00e9 ainsi 7 points.<\/p>\n<ul>\n<li style=\"text-align: justify;\"><strong>\u00c0 ce sujet \u2013\u00a0<a href=\"https:\/\/dicodusport.fr\/blog\/actualites\/cyclisme\/\">Toute l\u2019actualit\u00e9 du cyclisme<\/a><\/strong><\/li>\n<\/ul>\n<p style=\"text-align: justify;\">Dans la c\u00f4te de Carnaio, <strong>Sandy Dujardin<\/strong> (TotalEnergies) et <strong>Cl\u00e9ment Champoussin<\/strong> (Ark\u00e9a-B&amp;B H\u00f4tels) ont \u00e9t\u00e9 l\u00e2ch\u00e9s de l&rsquo;\u00e9chapp\u00e9e. <strong>Ion Izagirre<\/strong> (Cofidis) a pris deux nouveaux points au sommet. L&rsquo;\u00e9quipe EF Education EasyPost a rel\u00e2ch\u00e9 un peu l&rsquo;allure puisque le peloton avait plus de quatre minutes de retard. Souffrant de la chaleur, <strong>Michele Gazzoli<\/strong> (Astana Qazakstan) a abandonn\u00e9 pour sa premi\u00e8re participation au Tour de France.<\/p>\n<p style=\"text-align: justify;\">De nombreux coureurs ont perdu le contact avec le peloton \u00e0 la suite d&rsquo;une acc\u00e9l\u00e9ration de l&rsquo;\u00e9quipe UAE Team Emirates, \u00e0 80 kilom\u00e8tres de l&rsquo;arriv\u00e9e : <strong>David Gaudu, Lenny Martinez, Romain Gr\u00e9goire<\/strong> (Groupama-FDJ), <strong>Arnaud De Lie<\/strong> (Lotto Dsnty), <strong>Kevin Vauquelin<\/strong> (Arkea B&amp;B H\u00f4tels), <strong>Mathieu van der Poel<\/strong> (Alpecin Deceuninck), le champion de France <strong>Paul Lapeira<\/strong> (Decathlon AG2r La Mondiale), <strong>Santiago Buitrago<\/strong> (Bahrain-Victorious), <strong>Warren Barguil<\/strong> (Team DSM-Firmenich Post NL) et <strong>Oier Lazkano<\/strong> (Movistar). <strong>Jonas Abrahamsen<\/strong> (Uno X Mobility) a franchi en premi\u00e8re position le sommet. <strong>Ion Izagirre<\/strong> (Cofidis) a \u00e9t\u00e9 distanc\u00e9 du groupe de t\u00eate dans la mont\u00e9e.<\/p>\n<h2 style=\"text-align: justify;\">Le show Bardet<\/h2>\n<p style=\"text-align: justify;\">Puis, la Visma Lease a Bike a pris les commandes du peloton dans la c\u00f4te de San Leo. <strong>Romain Bardet<\/strong> (Team DSM-Firmenich Post NL) est sorti en contre, \u00e0 50 kilom\u00e8tres de l&rsquo;arriv\u00e9e. Son \u00e9quipier <strong>Frank van den Broeck<\/strong> (Team DSM-Firmenich Post NL) a attendu son leader. Au sommet, <strong>Valentin Madouas<\/strong> (Groupama-FDJ) a franchi la GP de la montagne en premi\u00e8re position.<\/p>\n<blockquote class=\"twitter-tweet\">\n<p dir=\"ltr\" lang=\"fr\"><a href=\"https:\/\/twitter.com\/hashtag\/TDF2024?src=hash&amp;ref_src=twsrc%5Etfw\">#TDF2024<\/a> | \ud83c\udfc1 50 km<\/p>\n<p>\ud83c\uddeb\ud83c\uddf7 L&rsquo;attaque de Romain Bardet en t\u00eate du peloton ! Le Fran\u00e7ais se fait plaisir sur les routes italiennes et tente un coup de force \u00e0 50 k m de l&rsquo;arriv\u00e9e \ud83d\udd25<\/p>\n<p>\ud83d\udcfa Suivez l&rsquo;\u00e9tape en direct : <a href=\"https:\/\/t.co\/V4hVzrqlJA\">https:\/\/t.co\/V4hVzrqlJA<\/a> <a href=\"https:\/\/t.co\/MUQSVRH4xR\">pic.twitter.com\/MUQSVRH4xR<\/a><\/p>\n<p>\u2014 francetvsport (@francetvsport) <a href=\"https:\/\/twitter.com\/francetvsport\/status\/1807062548165919144?ref_src=twsrc%5Etfw\">June 29, 2024<\/a><\/p><\/blockquote>\n<p><script async src=\"https:\/\/platform.twitter.com\/widgets.js\" charset=\"utf-8\"><\/script><\/p>\n<p style=\"text-align: justify;\"><strong>Romain Bardet<\/strong> et son co\u00e9quipier <strong>Frank van den Broek<\/strong> sont rapidement revenus sur <strong>Valentin Madouas<\/strong> (Groupama FDJ) et <strong>Jonas Abrahamsen<\/strong> (Uno-X Mobility) dans l&rsquo;avant-derni\u00e8re difficult\u00e9, la c\u00f4te de Montemaggio.<\/p>\n<p style=\"text-align: justify;\">Mais, ces deux derniers ont c\u00e9d\u00e9 \u00e0 cause du gros tempo des deux coureurs du Team DSM-Firmenich Post NL alors que <strong>Ben Healy<\/strong> (EF Education EasyPost) est sorti du peloton principal. Le duo de t\u00eate a gard\u00e9 plus d&rsquo;une minute et 35 secondes sur le peloton au sommet de la C\u00f4te de San Marino qui a repris l&rsquo;ancien champion d&rsquo;Irlande. <strong>Valentin Madouas<\/strong> (Groupama FDJ) et <strong>Jonas Abrahamsen<\/strong> (Uno-X Mobility) ont \u00e9t\u00e9 d\u00e9pass\u00e9s par le peloton principal o\u00f9 les \u00e9quipes Lidl Trek et EF Edication EasyPost ont pris en main la poursuite.<\/p>\n<h2 style=\"text-align: justify;\">Bardet, la cons\u00e9cration<\/h2>\n<p style=\"text-align: justify;\">Finalement, les deux hommes de t\u00eate ont r\u00e9sist\u00e9 jusqu&rsquo;au bout au peloton de chasse. <strong>Romain Bardet<\/strong> (Team DSM-Firmenich Post NL) a \u00e9t\u00e9 chercher un quatri\u00e8me bouquet en carri\u00e8re sur le Tour, 7 ans apr\u00e8s son dernier succ\u00e8s \u00e0 Peyragudes. Deuxi\u00e8me de l&rsquo;\u00e9tape, <strong>Frank van den Broek<\/strong> (Team DSM-Firmenich Post NL) s&rsquo;est empar\u00e9 du maillot blanc et a remport\u00e9 le prix de la combativit\u00e9. <strong>Wout Van Aert<\/strong> (Team Visma Lease a Bike) a compl\u00e9t\u00e9 le podium du jour devant <strong>Tadej Pogacar<\/strong> (UAE Team Emirates) et <strong>Maxim Van Gils<\/strong> (Lotto Dstny).<\/p>\n<blockquote class=\"twitter-tweet\">\n<p dir=\"ltr\" lang=\"fr\"><a href=\"https:\/\/twitter.com\/hashtag\/TDF2024?src=hash&amp;ref_src=twsrc%5Etfw\">#TDF2024<\/a> | OUI ROMAIN !<\/p>\n<p>\u00c9norme ! Romain Bardet remporte la premi\u00e8re \u00e9tape du Tour de France et endosse le maillot jaune pour la premi\u00e8re fois de sa carri\u00e8re alors qu&rsquo;il dispute son dernier Tour. L&rsquo;histoire est magnifique \ud83e\udd29 \ud83d\udd25<\/p>\n<p>\ud83d\udcfa <a href=\"https:\/\/t.co\/V4hVzrqlJA\">https:\/\/t.co\/V4hVzrqlJA<\/a> <a href=\"https:\/\/t.co\/efuUsl7Lz5\">pic.twitter.com\/efuUsl7Lz5<\/a><\/p>\n<p>\u2014 francetvsport (@francetvsport) <a href=\"https:\/\/twitter.com\/francetvsport\/status\/1807080377455976877?ref_src=twsrc%5Etfw\">June 29, 2024<\/a><\/p><\/blockquote>\n<p><script async src=\"https:\/\/platform.twitter.com\/widgets.js\" charset=\"utf-8\"><\/script><\/p>\n<p style=\"text-align: justify;\">Demain, place \u00e0 une nouvelle \u00e9tape accident\u00e9e en direction de Bologne avec notamment la double ascension de San Luca dans le circuit final.<\/p>\n","protected":false},"excerpt":{"rendered":"<p>La cons\u00e9cration pour Romain Bardet.<\/p>\n","protected":false},"author":48,"featured_media":496582,"comment_status":"open","ping_status":"closed","sticky":false,"template":"","format":"standard","meta":{"_acf_changed":false,"_daextam_enable_autolinks":"1","footnotes":""},"categories":[46995],"tags":[16878,24,1262],"class_list":["post-496461","post","type-post","status-publish","format-standard","has-post-thumbnail","hentry","category-tour-de-france","tag-breve","tag-sport","tag-tour-de-france"],"acf":[],"yoast_head":"<!-- This site is optimized with the Yoast SEO Premium plugin v26.7 (Yoast SEO v26.7) - https:\/\/yoast.com\/wordpress\/plugins\/seo\/ -->\n<title>Tour de France 2024 : 1\u00e8re \u00e9tape et maillot jaune, la cons\u00e9cration pour Romain Bardet<\/title>\n<meta name=\"description\" content=\"TOUR DE FRANCE 2024 - Romain Bardet (Team dsm-firmenich Post NL) s&#039;est impos\u00e9 sur la premi\u00e8re \u00e9tape \u00e0\u00a0Rimini, samedi.\" \/>\n<meta name=\"robots\" content=\"index, follow, max-snippet:-1, max-image-preview:large, max-video-preview:-1\" \/>\n<link rel=\"canonical\" href=\"https:\/\/dicodusport.fr\/blog\/tour-de-france-2024-1ere-etape-et-maillot-jaune-la-consecration-pour-romain-bardet\/\" \/>\n<meta property=\"og:locale\" content=\"fr_FR\" \/>\n<meta property=\"og:type\" content=\"article\" \/>\n<meta property=\"og:title\" content=\"Tour de France 2024 : 1\u00e8re \u00e9tape et maillot jaune, la cons\u00e9cration pour Romain Bardet\" \/>\n<meta property=\"og:description\" content=\"TOUR DE FRANCE 2024 - Romain Bardet (Team dsm-firmenich Post NL) s&#039;est impos\u00e9 sur la premi\u00e8re \u00e9tape \u00e0\u00a0Rimini, samedi.\" \/>\n<meta property=\"og:url\" content=\"https:\/\/dicodusport.fr\/blog\/tour-de-france-2024-1ere-etape-et-maillot-jaune-la-consecration-pour-romain-bardet\/\" \/>\n<meta property=\"og:site_name\" content=\"Dicodusport\" \/>\n<meta property=\"article:publisher\" content=\"https:\/\/www.facebook.com\/dicodusport\" \/>\n<meta property=\"article:author\" content=\"https:\/\/www.facebook.com\/groups\/LesRoisDuPeloton\" \/>\n<meta property=\"article:published_time\" content=\"2024-06-29T16:01:20+00:00\" \/>\n<meta property=\"article:modified_time\" content=\"2024-06-29T16:43:40+00:00\" \/>\n<meta property=\"og:image\" content=\"https:\/\/dicodusport.fr\/blog\/wp-content\/uploads\/2024\/06\/Tour-de-France-2024-1ere-etape-et-maillot-jaune-la-consecration-pour-Romain-Bardet-2.png\" \/>\n\t<meta property=\"og:image:width\" content=\"1200\" \/>\n\t<meta property=\"og:image:height\" content=\"674\" \/>\n\t<meta property=\"og:image:type\" content=\"image\/png\" \/>\n<meta name=\"author\" content=\"Emilien Descampiaux\" \/>\n<meta name=\"twitter:card\" content=\"summary_large_image\" \/>\n<meta name=\"twitter:title\" content=\"Tour de France 2024 : 1\u00e8re \u00e9tape et maillot jaune, la cons\u00e9cration pour Romain Bardet\" \/>\n<meta name=\"twitter:creator\" content=\"@https:\/\/twitter.com\/LRoisDuPeloton\" \/>\n<meta name=\"twitter:site\" content=\"@dicodusport\" \/>\n<script type=\"application\/ld+json\" class=\"yoast-schema-graph\">{\"@context\":\"https:\/\/schema.org\",\"@graph\":[{\"@type\":\"NewsArticle\",\"@id\":\"https:\/\/dicodusport.fr\/blog\/tour-de-france-2024-1ere-etape-et-maillot-jaune-la-consecration-pour-romain-bardet\/#article\",\"isPartOf\":{\"@id\":\"https:\/\/dicodusport.fr\/blog\/tour-de-france-2024-1ere-etape-et-maillot-jaune-la-consecration-pour-romain-bardet\/\"},\"author\":{\"name\":\"Emilien Descampiaux\",\"@id\":\"https:\/\/dicodusport.fr\/blog\/#\/schema\/person\/6db4bae06b171592211be385b32876a7\"},\"headline\":\"Tour de France 2024 : 1\u00e8re \u00e9tape et maillot jaune, la cons\u00e9cration pour Romain Bardet\",\"datePublished\":\"2024-06-29T16:01:20+00:00\",\"dateModified\":\"2024-06-29T16:43:40+00:00\",\"mainEntityOfPage\":{\"@id\":\"https:\/\/dicodusport.fr\/blog\/tour-de-france-2024-1ere-etape-et-maillot-jaune-la-consecration-pour-romain-bardet\/\"},\"wordCount\":1031,\"commentCount\":0,\"publisher\":{\"@id\":\"https:\/\/dicodusport.fr\/blog\/#organization\"},\"image\":{\"@id\":\"https:\/\/dicodusport.fr\/blog\/tour-de-france-2024-1ere-etape-et-maillot-jaune-la-consecration-pour-romain-bardet\/#primaryimage\"},\"thumbnailUrl\":\"https:\/\/dicodusport.fr\/blog\/wp-content\/uploads\/2024\/06\/Tour-de-France-2024-1ere-etape-et-maillot-jaune-la-consecration-pour-Romain-Bardet-2.png\",\"keywords\":[\"br\u00e8ve\",\"sport\",\"Tour de France\"],\"articleSection\":[\"Tour de France\"],\"inLanguage\":\"fr-FR\",\"potentialAction\":[{\"@type\":\"CommentAction\",\"name\":\"Comment\",\"target\":[\"https:\/\/dicodusport.fr\/blog\/tour-de-france-2024-1ere-etape-et-maillot-jaune-la-consecration-pour-romain-bardet\/#respond\"]}],\"copyrightYear\":\"2024\",\"copyrightHolder\":{\"@id\":\"https:\/\/dicodusport.fr\/blog\/#organization\"}},{\"@type\":\"WebPage\",\"@id\":\"https:\/\/dicodusport.fr\/blog\/tour-de-france-2024-1ere-etape-et-maillot-jaune-la-consecration-pour-romain-bardet\/\",\"url\":\"https:\/\/dicodusport.fr\/blog\/tour-de-france-2024-1ere-etape-et-maillot-jaune-la-consecration-pour-romain-bardet\/\",\"name\":\"Tour de France 2024 : 1\u00e8re \u00e9tape et maillot jaune, la cons\u00e9cration pour Romain Bardet\",\"isPartOf\":{\"@id\":\"https:\/\/dicodusport.fr\/blog\/#website\"},\"primaryImageOfPage\":{\"@id\":\"https:\/\/dicodusport.fr\/blog\/tour-de-france-2024-1ere-etape-et-maillot-jaune-la-consecration-pour-romain-bardet\/#primaryimage\"},\"image\":{\"@id\":\"https:\/\/dicodusport.fr\/blog\/tour-de-france-2024-1ere-etape-et-maillot-jaune-la-consecration-pour-romain-bardet\/#primaryimage\"},\"thumbnailUrl\":\"https:\/\/dicodusport.fr\/blog\/wp-content\/uploads\/2024\/06\/Tour-de-France-2024-1ere-etape-et-maillot-jaune-la-consecration-pour-Romain-Bardet-2.png\",\"datePublished\":\"2024-06-29T16:01:20+00:00\",\"dateModified\":\"2024-06-29T16:43:40+00:00\",\"description\":\"TOUR DE FRANCE 2024 - Romain Bardet (Team dsm-firmenich Post NL) s'est impos\u00e9 sur la premi\u00e8re \u00e9tape \u00e0\u00a0Rimini, samedi.\",\"breadcrumb\":{\"@id\":\"https:\/\/dicodusport.fr\/blog\/tour-de-france-2024-1ere-etape-et-maillot-jaune-la-consecration-pour-romain-bardet\/#breadcrumb\"},\"inLanguage\":\"fr-FR\",\"potentialAction\":[{\"@type\":\"ReadAction\",\"target\":[\"https:\/\/dicodusport.fr\/blog\/tour-de-france-2024-1ere-etape-et-maillot-jaune-la-consecration-pour-romain-bardet\/\"]}]},{\"@type\":\"ImageObject\",\"inLanguage\":\"fr-FR\",\"@id\":\"https:\/\/dicodusport.fr\/blog\/tour-de-france-2024-1ere-etape-et-maillot-jaune-la-consecration-pour-romain-bardet\/#primaryimage\",\"url\":\"https:\/\/dicodusport.fr\/blog\/wp-content\/uploads\/2024\/06\/Tour-de-France-2024-1ere-etape-et-maillot-jaune-la-consecration-pour-Romain-Bardet-2.png\",\"contentUrl\":\"https:\/\/dicodusport.fr\/blog\/wp-content\/uploads\/2024\/06\/Tour-de-France-2024-1ere-etape-et-maillot-jaune-la-consecration-pour-Romain-Bardet-2.png\",\"width\":1200,\"height\":674,\"caption\":\"Tour de France 2024 1\u00e8re \u00e9tape et maillot jaune, la cons\u00e9cration pour Romain Bardet (2)\"},{\"@type\":\"BreadcrumbList\",\"@id\":\"https:\/\/dicodusport.fr\/blog\/tour-de-france-2024-1ere-etape-et-maillot-jaune-la-consecration-pour-romain-bardet\/#breadcrumb\",\"itemListElement\":[{\"@type\":\"ListItem\",\"position\":1,\"name\":\"Accueil\",\"item\":\"https:\/\/dicodusport.fr\/blog\/\"},{\"@type\":\"ListItem\",\"position\":2,\"name\":\"Tour de France 2024 : 1\u00e8re \u00e9tape et maillot jaune, la cons\u00e9cration pour Romain Bardet\"}]},{\"@type\":\"WebSite\",\"@id\":\"https:\/\/dicodusport.fr\/blog\/#website\",\"url\":\"https:\/\/dicodusport.fr\/blog\/\",\"name\":\"Dicodusport\",\"description\":\"L&#039;encyclop\u00e9die de l&#039;actualit\u00e9 sportive\",\"publisher\":{\"@id\":\"https:\/\/dicodusport.fr\/blog\/#organization\"},\"potentialAction\":[{\"@type\":\"SearchAction\",\"target\":{\"@type\":\"EntryPoint\",\"urlTemplate\":\"https:\/\/dicodusport.fr\/blog\/?s={search_term_string}\"},\"query-input\":{\"@type\":\"PropertyValueSpecification\",\"valueRequired\":true,\"valueName\":\"search_term_string\"}}],\"inLanguage\":\"fr-FR\"},{\"@type\":\"NewsMediaOrganization\",\"@id\":\"https:\/\/dicodusport.fr\/blog\/#organization\",\"name\":\"Dicodusport\",\"url\":\"https:\/\/dicodusport.fr\/blog\/\",\"logo\":{\"@type\":\"ImageObject\",\"inLanguage\":\"fr-FR\",\"@id\":\"https:\/\/dicodusport.fr\/blog\/#\/schema\/logo\/image\/\",\"url\":\"https:\/\/dicodusport.fr\/blog\/wp-content\/uploads\/2020\/06\/cropped-LOGO-DICODUSPORT-2020-SANS-FOND-SANS-TEXTE.png\",\"contentUrl\":\"https:\/\/dicodusport.fr\/blog\/wp-content\/uploads\/2020\/06\/cropped-LOGO-DICODUSPORT-2020-SANS-FOND-SANS-TEXTE.png\",\"width\":512,\"height\":512,\"caption\":\"Dicodusport\"},\"image\":{\"@id\":\"https:\/\/dicodusport.fr\/blog\/#\/schema\/logo\/image\/\"},\"sameAs\":[\"https:\/\/www.facebook.com\/dicodusport\",\"https:\/\/x.com\/dicodusport\",\"https:\/\/www.instagram.com\/dicodusport\/\",\"https:\/\/www.youtube.com\/channel\/UC7V2KZ5sd3htJivAbA4ZG3w\"],\"description\":\"Dicodusport est l'encyclop\u00e9die de l'actualit\u00e9 sportive.\",\"email\":\"bonjour@dicodusport.fr\",\"legalName\":\"DICODUSPORT\",\"foundingDate\":\"2018-01-14\",\"vatID\":\"FR71834470973\",\"taxID\":\"83447097300043\",\"numberOfEmployees\":{\"@type\":\"QuantitativeValue\",\"minValue\":\"1\",\"maxValue\":\"10\"}},{\"@type\":\"Person\",\"@id\":\"https:\/\/dicodusport.fr\/blog\/#\/schema\/person\/6db4bae06b171592211be385b32876a7\",\"name\":\"Emilien Descampiaux\",\"image\":{\"@type\":\"ImageObject\",\"inLanguage\":\"fr-FR\",\"@id\":\"https:\/\/dicodusport.fr\/blog\/#\/schema\/person\/image\/\",\"url\":\"https:\/\/dicodusport.fr\/blog\/wp-content\/uploads\/2021\/05\/Emilien-Descampiaux-150x150.jpg\",\"contentUrl\":\"https:\/\/dicodusport.fr\/blog\/wp-content\/uploads\/2021\/05\/Emilien-Descampiaux-150x150.jpg\",\"caption\":\"Emilien Descampiaux\"},\"description\":\"Journaliste\/r\u00e9dacteur depuis 2014 - Fan de la classe de Frank Vandenbroucke, je vis cyclisme (et de ses paysages) depuis plus de 20 ans. Je suis tr\u00e8s impliqu\u00e9 sur mes diff\u00e9rents r\u00e9seaux sociaux pour partager ma passion sur le monde et l'Histoire de la bicyclette avec ma voix sur les images en noir et blanc du succ\u00e8s de Rik Van Steenbergen lors du Ronde sur le V\u00e9lodrome de Gand.\",\"sameAs\":[\"https:\/\/www.facebook.com\/groups\/LesRoisDuPeloton\",\"https:\/\/x.com\/https:\/\/twitter.com\/LRoisDuPeloton\"],\"url\":\"https:\/\/dicodusport.fr\/blog\/author\/emiliend\/\"}]}<\/script>\n<!-- \/ Yoast SEO Premium plugin. -->","yoast_head_json":{"title":"Tour de France 2024 : 1\u00e8re \u00e9tape et maillot jaune, la cons\u00e9cration pour Romain Bardet","description":"TOUR DE FRANCE 2024 - Romain Bardet (Team dsm-firmenich Post NL) s'est impos\u00e9 sur la premi\u00e8re \u00e9tape \u00e0\u00a0Rimini, samedi.","robots":{"index":"index","follow":"follow","max-snippet":"max-snippet:-1","max-image-preview":"max-image-preview:large","max-video-preview":"max-video-preview:-1"},"canonical":"https:\/\/dicodusport.fr\/blog\/tour-de-france-2024-1ere-etape-et-maillot-jaune-la-consecration-pour-romain-bardet\/","og_locale":"fr_FR","og_type":"article","og_title":"Tour de France 2024 : 1\u00e8re \u00e9tape et maillot jaune, la cons\u00e9cration pour Romain Bardet","og_description":"TOUR DE FRANCE 2024 - Romain Bardet (Team dsm-firmenich Post NL) s'est impos\u00e9 sur la premi\u00e8re \u00e9tape \u00e0\u00a0Rimini, samedi.","og_url":"https:\/\/dicodusport.fr\/blog\/tour-de-france-2024-1ere-etape-et-maillot-jaune-la-consecration-pour-romain-bardet\/","og_site_name":"Dicodusport","article_publisher":"https:\/\/www.facebook.com\/dicodusport","article_author":"https:\/\/www.facebook.com\/groups\/LesRoisDuPeloton","article_published_time":"2024-06-29T16:01:20+00:00","article_modified_time":"2024-06-29T16:43:40+00:00","og_image":[{"width":1200,"height":674,"url":"https:\/\/dicodusport.fr\/blog\/wp-content\/uploads\/2024\/06\/Tour-de-France-2024-1ere-etape-et-maillot-jaune-la-consecration-pour-Romain-Bardet-2.png","type":"image\/png"}],"author":"Emilien Descampiaux","twitter_card":"summary_large_image","twitter_title":"Tour de France 2024 : 1\u00e8re \u00e9tape et maillot jaune, la cons\u00e9cration pour Romain Bardet","twitter_creator":"@https:\/\/twitter.com\/LRoisDuPeloton","twitter_site":"@dicodusport","schema":{"@context":"https:\/\/schema.org","@graph":[{"@type":"NewsArticle","@id":"https:\/\/dicodusport.fr\/blog\/tour-de-france-2024-1ere-etape-et-maillot-jaune-la-consecration-pour-romain-bardet\/#article","isPartOf":{"@id":"https:\/\/dicodusport.fr\/blog\/tour-de-france-2024-1ere-etape-et-maillot-jaune-la-consecration-pour-romain-bardet\/"},"author":{"name":"Emilien Descampiaux","@id":"https:\/\/dicodusport.fr\/blog\/#\/schema\/person\/6db4bae06b171592211be385b32876a7"},"headline":"Tour de France 2024 : 1\u00e8re \u00e9tape et maillot jaune, la cons\u00e9cration pour Romain Bardet","datePublished":"2024-06-29T16:01:20+00:00","dateModified":"2024-06-29T16:43:40+00:00","mainEntityOfPage":{"@id":"https:\/\/dicodusport.fr\/blog\/tour-de-france-2024-1ere-etape-et-maillot-jaune-la-consecration-pour-romain-bardet\/"},"wordCount":1031,"commentCount":0,"publisher":{"@id":"https:\/\/dicodusport.fr\/blog\/#organization"},"image":{"@id":"https:\/\/dicodusport.fr\/blog\/tour-de-france-2024-1ere-etape-et-maillot-jaune-la-consecration-pour-romain-bardet\/#primaryimage"},"thumbnailUrl":"https:\/\/dicodusport.fr\/blog\/wp-content\/uploads\/2024\/06\/Tour-de-France-2024-1ere-etape-et-maillot-jaune-la-consecration-pour-Romain-Bardet-2.png","keywords":["br\u00e8ve","sport","Tour de France"],"articleSection":["Tour de France"],"inLanguage":"fr-FR","potentialAction":[{"@type":"CommentAction","name":"Comment","target":["https:\/\/dicodusport.fr\/blog\/tour-de-france-2024-1ere-etape-et-maillot-jaune-la-consecration-pour-romain-bardet\/#respond"]}],"copyrightYear":"2024","copyrightHolder":{"@id":"https:\/\/dicodusport.fr\/blog\/#organization"}},{"@type":"WebPage","@id":"https:\/\/dicodusport.fr\/blog\/tour-de-france-2024-1ere-etape-et-maillot-jaune-la-consecration-pour-romain-bardet\/","url":"https:\/\/dicodusport.fr\/blog\/tour-de-france-2024-1ere-etape-et-maillot-jaune-la-consecration-pour-romain-bardet\/","name":"Tour de France 2024 : 1\u00e8re \u00e9tape et maillot jaune, la cons\u00e9cration pour Romain Bardet","isPartOf":{"@id":"https:\/\/dicodusport.fr\/blog\/#website"},"primaryImageOfPage":{"@id":"https:\/\/dicodusport.fr\/blog\/tour-de-france-2024-1ere-etape-et-maillot-jaune-la-consecration-pour-romain-bardet\/#primaryimage"},"image":{"@id":"https:\/\/dicodusport.fr\/blog\/tour-de-france-2024-1ere-etape-et-maillot-jaune-la-consecration-pour-romain-bardet\/#primaryimage"},"thumbnailUrl":"https:\/\/dicodusport.fr\/blog\/wp-content\/uploads\/2024\/06\/Tour-de-France-2024-1ere-etape-et-maillot-jaune-la-consecration-pour-Romain-Bardet-2.png","datePublished":"2024-06-29T16:01:20+00:00","dateModified":"2024-06-29T16:43:40+00:00","description":"TOUR DE FRANCE 2024 - Romain Bardet (Team dsm-firmenich Post NL) s'est impos\u00e9 sur la premi\u00e8re \u00e9tape \u00e0\u00a0Rimini, samedi.","breadcrumb":{"@id":"https:\/\/dicodusport.fr\/blog\/tour-de-france-2024-1ere-etape-et-maillot-jaune-la-consecration-pour-romain-bardet\/#breadcrumb"},"inLanguage":"fr-FR","potentialAction":[{"@type":"ReadAction","target":["https:\/\/dicodusport.fr\/blog\/tour-de-france-2024-1ere-etape-et-maillot-jaune-la-consecration-pour-romain-bardet\/"]}]},{"@type":"ImageObject","inLanguage":"fr-FR","@id":"https:\/\/dicodusport.fr\/blog\/tour-de-france-2024-1ere-etape-et-maillot-jaune-la-consecration-pour-romain-bardet\/#primaryimage","url":"https:\/\/dicodusport.fr\/blog\/wp-content\/uploads\/2024\/06\/Tour-de-France-2024-1ere-etape-et-maillot-jaune-la-consecration-pour-Romain-Bardet-2.png","contentUrl":"https:\/\/dicodusport.fr\/blog\/wp-content\/uploads\/2024\/06\/Tour-de-France-2024-1ere-etape-et-maillot-jaune-la-consecration-pour-Romain-Bardet-2.png","width":1200,"height":674,"caption":"Tour de France 2024 1\u00e8re \u00e9tape et maillot jaune, la cons\u00e9cration pour Romain Bardet (2)"},{"@type":"BreadcrumbList","@id":"https:\/\/dicodusport.fr\/blog\/tour-de-france-2024-1ere-etape-et-maillot-jaune-la-consecration-pour-romain-bardet\/#breadcrumb","itemListElement":[{"@type":"ListItem","position":1,"name":"Accueil","item":"https:\/\/dicodusport.fr\/blog\/"},{"@type":"ListItem","position":2,"name":"Tour de France 2024 : 1\u00e8re \u00e9tape et maillot jaune, la cons\u00e9cration pour Romain Bardet"}]},{"@type":"WebSite","@id":"https:\/\/dicodusport.fr\/blog\/#website","url":"https:\/\/dicodusport.fr\/blog\/","name":"Dicodusport","description":"L&#039;encyclop\u00e9die de l&#039;actualit\u00e9 sportive","publisher":{"@id":"https:\/\/dicodusport.fr\/blog\/#organization"},"potentialAction":[{"@type":"SearchAction","target":{"@type":"EntryPoint","urlTemplate":"https:\/\/dicodusport.fr\/blog\/?s={search_term_string}"},"query-input":{"@type":"PropertyValueSpecification","valueRequired":true,"valueName":"search_term_string"}}],"inLanguage":"fr-FR"},{"@type":"NewsMediaOrganization","@id":"https:\/\/dicodusport.fr\/blog\/#organization","name":"Dicodusport","url":"https:\/\/dicodusport.fr\/blog\/","logo":{"@type":"ImageObject","inLanguage":"fr-FR","@id":"https:\/\/dicodusport.fr\/blog\/#\/schema\/logo\/image\/","url":"https:\/\/dicodusport.fr\/blog\/wp-content\/uploads\/2020\/06\/cropped-LOGO-DICODUSPORT-2020-SANS-FOND-SANS-TEXTE.png","contentUrl":"https:\/\/dicodusport.fr\/blog\/wp-content\/uploads\/2020\/06\/cropped-LOGO-DICODUSPORT-2020-SANS-FOND-SANS-TEXTE.png","width":512,"height":512,"caption":"Dicodusport"},"image":{"@id":"https:\/\/dicodusport.fr\/blog\/#\/schema\/logo\/image\/"},"sameAs":["https:\/\/www.facebook.com\/dicodusport","https:\/\/x.com\/dicodusport","https:\/\/www.instagram.com\/dicodusport\/","https:\/\/www.youtube.com\/channel\/UC7V2KZ5sd3htJivAbA4ZG3w"],"description":"Dicodusport est l'encyclop\u00e9die de l'actualit\u00e9 sportive.","email":"bonjour@dicodusport.fr","legalName":"DICODUSPORT","foundingDate":"2018-01-14","vatID":"FR71834470973","taxID":"83447097300043","numberOfEmployees":{"@type":"QuantitativeValue","minValue":"1","maxValue":"10"}},{"@type":"Person","@id":"https:\/\/dicodusport.fr\/blog\/#\/schema\/person\/6db4bae06b171592211be385b32876a7","name":"Emilien Descampiaux","image":{"@type":"ImageObject","inLanguage":"fr-FR","@id":"https:\/\/dicodusport.fr\/blog\/#\/schema\/person\/image\/","url":"https:\/\/dicodusport.fr\/blog\/wp-content\/uploads\/2021\/05\/Emilien-Descampiaux-150x150.jpg","contentUrl":"https:\/\/dicodusport.fr\/blog\/wp-content\/uploads\/2021\/05\/Emilien-Descampiaux-150x150.jpg","caption":"Emilien Descampiaux"},"description":"Journaliste\/r\u00e9dacteur depuis 2014 - Fan de la classe de Frank Vandenbroucke, je vis cyclisme (et de ses paysages) depuis plus de 20 ans. Je suis tr\u00e8s impliqu\u00e9 sur mes diff\u00e9rents r\u00e9seaux sociaux pour partager ma passion sur le monde et l'Histoire de la bicyclette avec ma voix sur les images en noir et blanc du succ\u00e8s de Rik Van Steenbergen lors du Ronde sur le V\u00e9lodrome de Gand.","sameAs":["https:\/\/www.facebook.com\/groups\/LesRoisDuPeloton","https:\/\/x.com\/https:\/\/twitter.com\/LRoisDuPeloton"],"url":"https:\/\/dicodusport.fr\/blog\/author\/emiliend\/"}]}},"_links":{"self":[{"href":"https:\/\/dicodusport.fr\/blog\/wp-json\/wp\/v2\/posts\/496461","targetHints":{"allow":["GET"]}}],"collection":[{"href":"https:\/\/dicodusport.fr\/blog\/wp-json\/wp\/v2\/posts"}],"about":[{"href":"https:\/\/dicodusport.fr\/blog\/wp-json\/wp\/v2\/types\/post"}],"author":[{"embeddable":true,"href":"https:\/\/dicodusport.fr\/blog\/wp-json\/wp\/v2\/users\/48"}],"replies":[{"embeddable":true,"href":"https:\/\/dicodusport.fr\/blog\/wp-json\/wp\/v2\/comments?post=496461"}],"version-history":[{"count":5,"href":"https:\/\/dicodusport.fr\/blog\/wp-json\/wp\/v2\/posts\/496461\/revisions"}],"predecessor-version":[{"id":496601,"href":"https:\/\/dicodusport.fr\/blog\/wp-json\/wp\/v2\/posts\/496461\/revisions\/496601"}],"wp:featuredmedia":[{"embeddable":true,"href":"https:\/\/dicodusport.fr\/blog\/wp-json\/wp\/v2\/media\/496582"}],"wp:attachment":[{"href":"https:\/\/dicodusport.fr\/blog\/wp-json\/wp\/v2\/media?parent=496461"}],"wp:term":[{"taxonomy":"category","embeddable":true,"href":"https:\/\/dicodusport.fr\/blog\/wp-json\/wp\/v2\/categories?post=496461"},{"taxonomy":"post_tag","embeddable":true,"href":"https:\/\/dicodusport.fr\/blog\/wp-json\/wp\/v2\/tags?post=496461"}],"curies":[{"name":"wp","href":"https:\/\/api.w.org\/{rel}","templated":true}]}}